{"id":109978,"date":"2024-05-11T15:40:39","date_gmt":"2024-05-11T14:40:39","guid":{"rendered":"https:\/\/yachtingnews.com\/piero-formenti-prasident-von-industria-nautica\/"},"modified":"2024-05-11T15:42:31","modified_gmt":"2024-05-11T14:42:31","slug":"piero-formenti-prasident-von-industria-nautica","status":"publish","type":"post","link":"https:\/\/www.yachtingnews.com\/de\/piero-formenti-prasident-von-industria-nautica\/","title":{"rendered":"Piero Formenti zum Pr\u00e4sidenten von Confindustria Nautica ernannt, ein Wechsel an der Spitze des Verbandes"},"content":{"rendered":"\t\t<div data-elementor-type=\"wp-post\" data-elementor-id=\"109978\" class=\"elementor elementor-109978 elementor-109961\" data-elementor-post-type=\"post\">\n\t\t\t\t\t\t<section class=\"elementor-section elementor-top-section elementor-element elementor-element-26d7b59 elementor-section-boxed elementor-section-height-default elementor-section-height-default\" data-id=\"26d7b59\" data-element_type=\"section\" data-e-type=\"section\">\n\t\t\t\t\t\t<div class=\"elementor-container elementor-column-gap-default\">\n\t\t\t\t\t<div class=\"elementor-column elementor-col-100 elementor-top-column elementor-element elementor-element-38524a80\" data-id=\"38524a80\" data-element_type=\"column\" data-e-type=\"column\">\n\t\t\t<div class=\"elementor-widget-wrap elementor-element-populated\">\n\t\t\t\t\t\t<div class=\"elementor-element elementor-element-60943ecf elementor-widget elementor-widget-text-editor\" data-id=\"60943ecf\" data-element_type=\"widget\" data-e-type=\"widget\" data-widget_type=\"text-editor.default\">\n\t\t\t\t<div class=\"elementor-widget-container\">\n\t\t\t\t\t\t\t\t\t<p>Piero Formenti ist der neue Pr\u00e4sident von Confindustria Nautica. Die Entscheidung folgt auf den Generalrat der Vereinigung, der erst gestern als Reaktion auf die Entscheidung von Saverio Cecchi, sein Amt vor\u00fcbergehend niederzulegen, zu einer au\u00dferordentlichen Sitzung zusammenkam.<\/p>\n<p>Piero Formenti bringt umfangreiche Erfahrung f\u00fcr diese Aufgaben mit. Seit 2015 ist er Vizepr\u00e4sident von Confindustria Nautica und hatte von 2015 bis 2019 zwei aufeinanderfolgende Amtszeiten lang das Amt des <b>Pr\u00e4sidenten der EBI (European Boating Industry) <\/b>inne. Derzeit ist er stellvertretender Vorsitzender und unterst\u00fctzt Robert Marx, den derzeitigen Pr\u00e4sidenten.<\/p>\n<p>Lombard, geboren 1958, ist seit vierzig Jahren mit Donatella verheiratet und hat einen Sohn, Luca, der mit ihm im Unternehmen arbeitet. Zar Formenti ist einer der \u00e4ltesten Hersteller von Schlauchbooten auf dem Markt, seit 1979 aktiv und verf\u00fcgt \u00fcber ein weltweites Vertriebsnetz.<\/p>\n<p>&#8222;<em>Mit dem gleichen Engagement, mit dem ich das Unternehmen, das ich zusammen mit meiner Frau und meinem Sohn f\u00fchre, ausgebaut habe, werde ich unseren Mitgliedsunternehmen nach besten Kr\u00e4ften dienen<\/em>&#8222;, erkl\u00e4rte Piero Formenti zum Abschluss der Sitzung des Generalrats.<\/p>\n<figure id=\"attachment_109968\" aria-describedby=\"caption-attachment-109968\" style=\"width: 1032px\" class=\"wp-caption aligncenter\"><img decoding=\"async\" class=\"wp-image-109967 size-full\" title=\"Piero-Formenti\" src=\"https:\/\/yachtingnews.com\/wp-content\/uploads\/2024\/05\/Piero-Formenti.webp\" alt=\"Piero-Formenti\" width=\"1032\" height=\"494\" srcset=\"https:\/\/www.yachtingnews.com\/wp-content\/uploads\/2024\/05\/Piero-Formenti.webp 1032w, https:\/\/www.yachtingnews.com\/wp-content\/uploads\/2024\/05\/Piero-Formenti-300x144.webp 300w, https:\/\/www.yachtingnews.com\/wp-content\/uploads\/2024\/05\/Piero-Formenti-768x368.webp 768w\" sizes=\"(max-width: 1032px) 100vw, 1032px\" \/><figcaption id=\"caption-attachment-109968\" class=\"wp-caption-text\">Piero Formenti im Gespr\u00e4ch mit Linos Voskarides, Mitglied der Europ\u00e4ischen Kommission<\/figcaption><\/figure>\n<p>&#8222;<em>Im wirtschaftlichen Kontext gibt es derzeit Anzeichen f\u00fcr eine Verlangsamung. Dem steht eine dreij\u00e4hrige Periode beispiellosen Wachstums gegen\u00fcber, die den italienischen Yachtsektor im Jahr 2023 auf ein Allzeithoch in Bezug auf Umsatz, Exporte und Besch\u00e4ftigung gebracht hat, das in den letzten f\u00fcnf Jahren von 160.000 auf 200.000 Arbeitspl\u00e4tze gestiegen ist.  <\/em><b>Herr Formenti<\/b><b> betonte<\/b> &#8211;  <em>Besonders betroffen ist der Markt f\u00fcr kleine <a href=\"https:\/\/yachtingnews.com\/de\/\">Boote <\/a>, dessen Schrumpfung sich voraussichtlich auf eine Reihe von Produktsegmenten auswirken wird, insbesondere in bestimmten geografischen Regionen. Die Gr\u00fcnde daf\u00fcr sind der Anstieg der Zinss\u00e4tze und der eingeschr\u00e4nkte Zugang zu Krediten.  <\/em><\/p>\n<p><em>Die aktuelle Marktlage verlangt nach schnellen Antworten. Antworten zur Verwaltungsvereinfachung, zur Wettbewerbsf\u00e4higkeit von Flaggen, zu Registrierungszeiten, zu Vorschriften f\u00fcr neue umweltfreundliche Kraftstoffe, zu beruflichen Weiterbildungsm\u00f6glichkeiten und zur Wettbewerbsf\u00e4higkeit von Yachth\u00e4fen, Slipanlagen und Lagerdienstleistungen. Ma\u00dfnahmen an all diesen Fronten werden dazu beitragen, ein insgesamt wettbewerbsf\u00e4higes italienisches System aufrechtzuerhalten und den Unternehmen ein m\u00f6glichst g\u00fcnstiges Umfeld zu bieten, in dem sie weiter investieren k\u00f6nnen&#8220;.<\/em><\/p>\n<p>&#8222;<em>Genau in diesem Szenario &#8211; <\/em>fuhr Formenti fort<em> &#8211; <\/em><em><br \/>\n  <i>t<\/i><br \/>\n<\/em><em>ie Konsolidierung und Erweiterung der <a href=\"https:\/\/salonenautico.com\/en\/\">Internationalen Bootsmesse in Genua<\/a> gewinnt immer mehr an Bedeutung. Mit Bedauern habe ich in der Presse eine Reihe von Kommentaren \u00fcber den Wert der \u00f6ffentlichen Mittel gelesen, die f\u00fcr das zweitgr\u00f6\u00dfte Branchenereignis in Italien (nach der Designmesse Salone del Mobile) und das drittgr\u00f6\u00dfte weltweit f\u00fcr den Yachtsektor bereitgestellt werden. Jedes Jahr pumpt die Messe allein 65 Millionen Euro in die lokale Wirtschaft (The European House &#8211; Ambrosetti, &#8222;Rapporto Liguria 2030&#8220;, Juli 2023), und dennoch bleibt sie im Vergleich zu konkurrierenden Veranstaltungen in \u00dcbersee die am wenigsten finanziell unterst\u00fctzte Veranstaltung der Branche. Genau aus diesem Grund &#8211;  <\/em><em>Formenti schloss  <\/em><em>&#8211; Der Veranstaltungsplan der italienischen Handelsagentur hat seine Unterst\u00fctzung f\u00fcr die Genua Boat Show weiter erh\u00f6ht und zeigt damit das wachsende Bewusstsein, dass Italien bei der Unterst\u00fctzung der internationalen Messen des Landes als System arbeiten muss. Diese Weltklasse-Ausstellungen sind ein branchen\u00fcbergreifender Bezugspunkt f\u00fcr die Marke Made in Italy. In dieser Hinsicht gibt es noch einiges zu tun&#8220;.<\/em><\/p>\n\t\t\t\t\t\t\t\t<\/div>\n\t\t\t\t<\/div>\n\t\t\t\t\t<\/div>\n\t\t<\/div>\n\t\t\t\t\t<\/div>\n\t\t<\/section>\n\t\t\t\t<\/div>\n\t\t","protected":false},"excerpt":{"rendered":"<p>Piero Formenti ist der neue Pr\u00e4sident von Confindustria Nautica. Die Entscheidung folgt auf den Generalrat der Vereinigung, der erst gestern als Reaktion auf die Entscheidung von Saverio Cecchi, sein Amt vor\u00fcbergehend niederzulegen, zu einer au\u00dferordentlichen Sitzung zusammenkam. Piero Formenti bringt umfangreiche Erfahrung f\u00fcr diese Aufgaben mit. Seit 2015 ist er Vizepr\u00e4sident von Confindustria Nautica und [&hellip;]<\/p>\n","protected":false},"author":10,"featured_media":109963,"comment_status":"open","ping_status":"open","sticky":false,"template":"","format":"standard","meta":{"_mo_disable_npp":"","footnotes":""},"categories":[654],"tags":[3277],"class_list":["post-109978","post","type-post","status-publish","format-standard","has-post-thumbnail","hentry","category-news-de","tag-piero-formenti-de"],"yoast_head":"<!-- This site is optimized with the Yoast SEO plugin v28.3 - https:\/\/yoast.com\/product\/yoast-seo-wordpress\/ -->\n<title>Piero Formenti wird Pr\u00e4sident von Confindustria Nautica - Yachting News<\/title>\n<meta name=\"description\" content=\"Piero Formenti ist der neue Pr\u00e4sident von Confindustria Nautica. Die Entscheidung kommt nach dem Generalrat der Vereinigung...\" \/>\n<meta name=\"robots\" content=\"index, follow, max-snippet:-1, max-image-preview:large, max-video-preview:-1\" \/>\n<link rel=\"canonical\" href=\"https:\/\/www.yachtingnews.com\/de\/piero-formenti-prasident-von-industria-nautica\/\" \/>\n<meta property=\"og:locale\" content=\"de_DE\" \/>\n<meta property=\"og:type\" content=\"article\" \/>\n<meta property=\"og:title\" content=\"Piero Formenti wird Pr\u00e4sident von Confindustria Nautica - Yachting News\" \/>\n<meta property=\"og:description\" content=\"Piero Formenti ist der neue Pr\u00e4sident von Confindustria Nautica. Die Entscheidung kommt nach dem Generalrat der Vereinigung...\" \/>\n<meta property=\"og:url\" content=\"https:\/\/www.yachtingnews.com\/de\/piero-formenti-prasident-von-industria-nautica\/\" \/>\n<meta property=\"og:site_name\" content=\"Yachting News\" \/>\n<meta property=\"article:publisher\" content=\"https:\/\/www.facebook.com\/TheInternationalYachtingMedia\" \/>\n<meta property=\"article:published_time\" content=\"2024-05-11T14:40:39+00:00\" \/>\n<meta property=\"article:modified_time\" content=\"2024-05-11T14:42:31+00:00\" \/>\n<meta property=\"og:image\" content=\"https:\/\/www.yachtingnews.com\/wp-content\/uploads\/2024\/05\/Piero-Formenti-Presidente-Confindustria-Nautica.webp\" \/>\n\t<meta property=\"og:image:width\" content=\"1600\" \/>\n\t<meta property=\"og:image:height\" content=\"900\" \/>\n\t<meta property=\"og:image:type\" content=\"image\/webp\" \/>\n<meta name=\"author\" content=\"Luca D&#039;Ambrosio\" \/>\n<meta name=\"twitter:card\" content=\"summary_large_image\" \/>\n<meta name=\"twitter:creator\" content=\"@YachtingMedia\" \/>\n<meta name=\"twitter:site\" content=\"@YachtingMedia\" \/>\n<meta name=\"twitter:label1\" content=\"Verfasst von\" \/>\n\t<meta name=\"twitter:data1\" content=\"Luca D&#039;Ambrosio\" \/>\n\t<meta name=\"twitter:label2\" content=\"Gesch\u00e4tzte Lesezeit\" \/>\n\t<meta name=\"twitter:data2\" content=\"3\u00a0Minuten\" \/>\n<script type=\"application\/ld+json\" class=\"yoast-schema-graph\">{\"@context\":\"https:\\\/\\\/schema.org\",\"@graph\":[{\"@type\":\"Article\",\"@id\":\"https:\\\/\\\/www.yachtingnews.com\\\/de\\\/piero-formenti-prasident-von-industria-nautica\\\/#article\",\"isPartOf\":{\"@id\":\"https:\\\/\\\/www.yachtingnews.com\\\/de\\\/piero-formenti-prasident-von-industria-nautica\\\/\"},\"author\":{\"name\":\"Luca D'Ambrosio\",\"@id\":\"https:\\\/\\\/www.yachtingnews.com\\\/de\\\/#\\\/schema\\\/person\\\/f82bb28662e582bd09ecf64c2723e34e\"},\"headline\":\"Piero Formenti zum Pr\u00e4sidenten von Confindustria Nautica ernannt, ein Wechsel an der Spitze des Verbandes\",\"datePublished\":\"2024-05-11T14:40:39+00:00\",\"dateModified\":\"2024-05-11T14:42:31+00:00\",\"mainEntityOfPage\":{\"@id\":\"https:\\\/\\\/www.yachtingnews.com\\\/de\\\/piero-formenti-prasident-von-industria-nautica\\\/\"},\"wordCount\":559,\"commentCount\":0,\"publisher\":{\"@id\":\"https:\\\/\\\/www.yachtingnews.com\\\/de\\\/#organization\"},\"image\":{\"@id\":\"https:\\\/\\\/www.yachtingnews.com\\\/de\\\/piero-formenti-prasident-von-industria-nautica\\\/#primaryimage\"},\"thumbnailUrl\":\"https:\\\/\\\/www.yachtingnews.com\\\/wp-content\\\/uploads\\\/2024\\\/05\\\/Piero-Formenti-Presidente-Confindustria-Nautica.webp\",\"keywords\":[\"Piero Formenti\"],\"articleSection\":[\"Nachrichten\"],\"inLanguage\":\"de\",\"potentialAction\":[{\"@type\":\"CommentAction\",\"name\":\"Comment\",\"target\":[\"https:\\\/\\\/www.yachtingnews.com\\\/de\\\/piero-formenti-prasident-von-industria-nautica\\\/#respond\"]}]},{\"@type\":\"WebPage\",\"@id\":\"https:\\\/\\\/www.yachtingnews.com\\\/de\\\/piero-formenti-prasident-von-industria-nautica\\\/\",\"url\":\"https:\\\/\\\/www.yachtingnews.com\\\/de\\\/piero-formenti-prasident-von-industria-nautica\\\/\",\"name\":\"Piero Formenti wird Pr\u00e4sident von Confindustria Nautica - Yachting News\",\"isPartOf\":{\"@id\":\"https:\\\/\\\/www.yachtingnews.com\\\/de\\\/#website\"},\"primaryImageOfPage\":{\"@id\":\"https:\\\/\\\/www.yachtingnews.com\\\/de\\\/piero-formenti-prasident-von-industria-nautica\\\/#primaryimage\"},\"image\":{\"@id\":\"https:\\\/\\\/www.yachtingnews.com\\\/de\\\/piero-formenti-prasident-von-industria-nautica\\\/#primaryimage\"},\"thumbnailUrl\":\"https:\\\/\\\/www.yachtingnews.com\\\/wp-content\\\/uploads\\\/2024\\\/05\\\/Piero-Formenti-Presidente-Confindustria-Nautica.webp\",\"datePublished\":\"2024-05-11T14:40:39+00:00\",\"dateModified\":\"2024-05-11T14:42:31+00:00\",\"description\":\"Piero Formenti ist der neue Pr\u00e4sident von Confindustria Nautica. Die Entscheidung kommt nach dem Generalrat der Vereinigung...\",\"breadcrumb\":{\"@id\":\"https:\\\/\\\/www.yachtingnews.com\\\/de\\\/piero-formenti-prasident-von-industria-nautica\\\/#breadcrumb\"},\"inLanguage\":\"de\",\"potentialAction\":[{\"@type\":\"ReadAction\",\"target\":[\"https:\\\/\\\/www.yachtingnews.com\\\/de\\\/piero-formenti-prasident-von-industria-nautica\\\/\"]}]},{\"@type\":\"ImageObject\",\"inLanguage\":\"de\",\"@id\":\"https:\\\/\\\/www.yachtingnews.com\\\/de\\\/piero-formenti-prasident-von-industria-nautica\\\/#primaryimage\",\"url\":\"https:\\\/\\\/www.yachtingnews.com\\\/wp-content\\\/uploads\\\/2024\\\/05\\\/Piero-Formenti-Presidente-Confindustria-Nautica.webp\",\"contentUrl\":\"https:\\\/\\\/www.yachtingnews.com\\\/wp-content\\\/uploads\\\/2024\\\/05\\\/Piero-Formenti-Presidente-Confindustria-Nautica.webp\",\"width\":1600,\"height\":900,\"caption\":\"Piero-Formenti-Vorsitzender-Confindustria-Nautica\"},{\"@type\":\"BreadcrumbList\",\"@id\":\"https:\\\/\\\/www.yachtingnews.com\\\/de\\\/piero-formenti-prasident-von-industria-nautica\\\/#breadcrumb\",\"itemListElement\":[{\"@type\":\"ListItem\",\"position\":1,\"name\":\"Home\",\"item\":\"https:\\\/\\\/www.yachtingnews.com\\\/de\\\/yachting-news-2\\\/\"},{\"@type\":\"ListItem\",\"position\":2,\"name\":\"Piero Formenti zum Pr\u00e4sidenten von Confindustria Nautica ernannt, ein Wechsel an der Spitze des Verbandes\"}]},{\"@type\":\"WebSite\",\"@id\":\"https:\\\/\\\/www.yachtingnews.com\\\/de\\\/#website\",\"url\":\"https:\\\/\\\/www.yachtingnews.com\\\/de\\\/\",\"name\":\"Yachting News\",\"description\":\"The International Yachting Media\",\"publisher\":{\"@id\":\"https:\\\/\\\/www.yachtingnews.com\\\/de\\\/#organization\"},\"potentialAction\":[{\"@type\":\"SearchAction\",\"target\":{\"@type\":\"EntryPoint\",\"urlTemplate\":\"https:\\\/\\\/www.yachtingnews.com\\\/de\\\/?s={search_term_string}\"},\"query-input\":{\"@type\":\"PropertyValueSpecification\",\"valueRequired\":true,\"valueName\":\"search_term_string\"}}],\"inLanguage\":\"de\"},{\"@type\":\"Organization\",\"@id\":\"https:\\\/\\\/www.yachtingnews.com\\\/de\\\/#organization\",\"name\":\"Yachting News\",\"url\":\"https:\\\/\\\/www.yachtingnews.com\\\/de\\\/\",\"logo\":{\"@type\":\"ImageObject\",\"inLanguage\":\"de\",\"@id\":\"https:\\\/\\\/www.yachtingnews.com\\\/de\\\/#\\\/schema\\\/logo\\\/image\\\/\",\"url\":\"https:\\\/\\\/www.yachtingnews.com\\\/wp-content\\\/uploads\\\/2023\\\/02\\\/LOGO-Yachting-NEWS-blu-800.png\",\"contentUrl\":\"https:\\\/\\\/www.yachtingnews.com\\\/wp-content\\\/uploads\\\/2023\\\/02\\\/LOGO-Yachting-NEWS-blu-800.png\",\"width\":790,\"height\":99,\"caption\":\"Yachting News\"},\"image\":{\"@id\":\"https:\\\/\\\/www.yachtingnews.com\\\/de\\\/#\\\/schema\\\/logo\\\/image\\\/\"},\"sameAs\":[\"https:\\\/\\\/www.facebook.com\\\/TheInternationalYachtingMedia\",\"https:\\\/\\\/x.com\\\/YachtingMedia\",\"https:\\\/\\\/www.instagram.com\\\/yachting.news\\\/\",\"https:\\\/\\\/www.linkedin.com\\\/company\\\/the-international-yachting-media\",\"https:\\\/\\\/www.youtube.com\\\/c\\\/TheInternationalYachtingMedia\"]},{\"@type\":\"Person\",\"@id\":\"https:\\\/\\\/www.yachtingnews.com\\\/de\\\/#\\\/schema\\\/person\\\/f82bb28662e582bd09ecf64c2723e34e\",\"name\":\"Luca D'Ambrosio\",\"image\":{\"@type\":\"ImageObject\",\"inLanguage\":\"de\",\"@id\":\"https:\\\/\\\/www.yachtingnews.com\\\/wp-content\\\/litespeed\\\/avatar\\\/bba22fc791b72395e4e185526136613b.jpg?ver=1787585046\",\"url\":\"https:\\\/\\\/www.yachtingnews.com\\\/wp-content\\\/litespeed\\\/avatar\\\/bba22fc791b72395e4e185526136613b.jpg?ver=1787585046\",\"contentUrl\":\"https:\\\/\\\/www.yachtingnews.com\\\/wp-content\\\/litespeed\\\/avatar\\\/bba22fc791b72395e4e185526136613b.jpg?ver=1787585046\",\"caption\":\"Luca D'Ambrosio\"},\"description\":\"Editor-in-chief, boat tester and journalist. Luca began sailing at an early age with his father then as an adult discovered sailing regattas and offshore racing. He has been working in publishing for more than 30 years and continues to sail incessantly, especially aboard the editorial staff's boat, an old lady of the seas that he has completely rebuilt and which serves excellently as a \\\"mobile laboratory\\\" for The International Yachting Media.\",\"url\":\"https:\\\/\\\/www.yachtingnews.com\\\/de\\\/author\\\/luca-dambrosio\\\/\"}]}<\/script>\n<!-- \/ Yoast SEO plugin. -->","yoast_head_json":{"title":"Piero Formenti wird Pr\u00e4sident von Confindustria Nautica - Yachting News","description":"Piero Formenti ist der neue Pr\u00e4sident von Confindustria Nautica. Die Entscheidung kommt nach dem Generalrat der Vereinigung...","robots":{"index":"index","follow":"follow","max-snippet":"max-snippet:-1","max-image-preview":"max-image-preview:large","max-video-preview":"max-video-preview:-1"},"canonical":"https:\/\/www.yachtingnews.com\/de\/piero-formenti-prasident-von-industria-nautica\/","og_locale":"de_DE","og_type":"article","og_title":"Piero Formenti wird Pr\u00e4sident von Confindustria Nautica - Yachting News","og_description":"Piero Formenti ist der neue Pr\u00e4sident von Confindustria Nautica. Die Entscheidung kommt nach dem Generalrat der Vereinigung...","og_url":"https:\/\/www.yachtingnews.com\/de\/piero-formenti-prasident-von-industria-nautica\/","og_site_name":"Yachting News","article_publisher":"https:\/\/www.facebook.com\/TheInternationalYachtingMedia","article_published_time":"2024-05-11T14:40:39+00:00","article_modified_time":"2024-05-11T14:42:31+00:00","og_image":[{"width":1600,"height":900,"url":"https:\/\/www.yachtingnews.com\/wp-content\/uploads\/2024\/05\/Piero-Formenti-Presidente-Confindustria-Nautica.webp","type":"image\/webp"}],"author":"Luca D'Ambrosio","twitter_card":"summary_large_image","twitter_creator":"@YachtingMedia","twitter_site":"@YachtingMedia","twitter_misc":{"Verfasst von":"Luca D'Ambrosio","Gesch\u00e4tzte Lesezeit":"3\u00a0Minuten"},"schema":{"@context":"https:\/\/schema.org","@graph":[{"@type":"Article","@id":"https:\/\/www.yachtingnews.com\/de\/piero-formenti-prasident-von-industria-nautica\/#article","isPartOf":{"@id":"https:\/\/www.yachtingnews.com\/de\/piero-formenti-prasident-von-industria-nautica\/"},"author":{"name":"Luca D'Ambrosio","@id":"https:\/\/www.yachtingnews.com\/de\/#\/schema\/person\/f82bb28662e582bd09ecf64c2723e34e"},"headline":"Piero Formenti zum Pr\u00e4sidenten von Confindustria Nautica ernannt, ein Wechsel an der Spitze des Verbandes","datePublished":"2024-05-11T14:40:39+00:00","dateModified":"2024-05-11T14:42:31+00:00","mainEntityOfPage":{"@id":"https:\/\/www.yachtingnews.com\/de\/piero-formenti-prasident-von-industria-nautica\/"},"wordCount":559,"commentCount":0,"publisher":{"@id":"https:\/\/www.yachtingnews.com\/de\/#organization"},"image":{"@id":"https:\/\/www.yachtingnews.com\/de\/piero-formenti-prasident-von-industria-nautica\/#primaryimage"},"thumbnailUrl":"https:\/\/www.yachtingnews.com\/wp-content\/uploads\/2024\/05\/Piero-Formenti-Presidente-Confindustria-Nautica.webp","keywords":["Piero Formenti"],"articleSection":["Nachrichten"],"inLanguage":"de","potentialAction":[{"@type":"CommentAction","name":"Comment","target":["https:\/\/www.yachtingnews.com\/de\/piero-formenti-prasident-von-industria-nautica\/#respond"]}]},{"@type":"WebPage","@id":"https:\/\/www.yachtingnews.com\/de\/piero-formenti-prasident-von-industria-nautica\/","url":"https:\/\/www.yachtingnews.com\/de\/piero-formenti-prasident-von-industria-nautica\/","name":"Piero Formenti wird Pr\u00e4sident von Confindustria Nautica - Yachting News","isPartOf":{"@id":"https:\/\/www.yachtingnews.com\/de\/#website"},"primaryImageOfPage":{"@id":"https:\/\/www.yachtingnews.com\/de\/piero-formenti-prasident-von-industria-nautica\/#primaryimage"},"image":{"@id":"https:\/\/www.yachtingnews.com\/de\/piero-formenti-prasident-von-industria-nautica\/#primaryimage"},"thumbnailUrl":"https:\/\/www.yachtingnews.com\/wp-content\/uploads\/2024\/05\/Piero-Formenti-Presidente-Confindustria-Nautica.webp","datePublished":"2024-05-11T14:40:39+00:00","dateModified":"2024-05-11T14:42:31+00:00","description":"Piero Formenti ist der neue Pr\u00e4sident von Confindustria Nautica. Die Entscheidung kommt nach dem Generalrat der Vereinigung...","breadcrumb":{"@id":"https:\/\/www.yachtingnews.com\/de\/piero-formenti-prasident-von-industria-nautica\/#breadcrumb"},"inLanguage":"de","potentialAction":[{"@type":"ReadAction","target":["https:\/\/www.yachtingnews.com\/de\/piero-formenti-prasident-von-industria-nautica\/"]}]},{"@type":"ImageObject","inLanguage":"de","@id":"https:\/\/www.yachtingnews.com\/de\/piero-formenti-prasident-von-industria-nautica\/#primaryimage","url":"https:\/\/www.yachtingnews.com\/wp-content\/uploads\/2024\/05\/Piero-Formenti-Presidente-Confindustria-Nautica.webp","contentUrl":"https:\/\/www.yachtingnews.com\/wp-content\/uploads\/2024\/05\/Piero-Formenti-Presidente-Confindustria-Nautica.webp","width":1600,"height":900,"caption":"Piero-Formenti-Vorsitzender-Confindustria-Nautica"},{"@type":"BreadcrumbList","@id":"https:\/\/www.yachtingnews.com\/de\/piero-formenti-prasident-von-industria-nautica\/#breadcrumb","itemListElement":[{"@type":"ListItem","position":1,"name":"Home","item":"https:\/\/www.yachtingnews.com\/de\/yachting-news-2\/"},{"@type":"ListItem","position":2,"name":"Piero Formenti zum Pr\u00e4sidenten von Confindustria Nautica ernannt, ein Wechsel an der Spitze des Verbandes"}]},{"@type":"WebSite","@id":"https:\/\/www.yachtingnews.com\/de\/#website","url":"https:\/\/www.yachtingnews.com\/de\/","name":"Yachting News","description":"The International Yachting Media","publisher":{"@id":"https:\/\/www.yachtingnews.com\/de\/#organization"},"potentialAction":[{"@type":"SearchAction","target":{"@type":"EntryPoint","urlTemplate":"https:\/\/www.yachtingnews.com\/de\/?s={search_term_string}"},"query-input":{"@type":"PropertyValueSpecification","valueRequired":true,"valueName":"search_term_string"}}],"inLanguage":"de"},{"@type":"Organization","@id":"https:\/\/www.yachtingnews.com\/de\/#organization","name":"Yachting News","url":"https:\/\/www.yachtingnews.com\/de\/","logo":{"@type":"ImageObject","inLanguage":"de","@id":"https:\/\/www.yachtingnews.com\/de\/#\/schema\/logo\/image\/","url":"https:\/\/www.yachtingnews.com\/wp-content\/uploads\/2023\/02\/LOGO-Yachting-NEWS-blu-800.png","contentUrl":"https:\/\/www.yachtingnews.com\/wp-content\/uploads\/2023\/02\/LOGO-Yachting-NEWS-blu-800.png","width":790,"height":99,"caption":"Yachting News"},"image":{"@id":"https:\/\/www.yachtingnews.com\/de\/#\/schema\/logo\/image\/"},"sameAs":["https:\/\/www.facebook.com\/TheInternationalYachtingMedia","https:\/\/x.com\/YachtingMedia","https:\/\/www.instagram.com\/yachting.news\/","https:\/\/www.linkedin.com\/company\/the-international-yachting-media","https:\/\/www.youtube.com\/c\/TheInternationalYachtingMedia"]},{"@type":"Person","@id":"https:\/\/www.yachtingnews.com\/de\/#\/schema\/person\/f82bb28662e582bd09ecf64c2723e34e","name":"Luca D'Ambrosio","image":{"@type":"ImageObject","inLanguage":"de","@id":"https:\/\/www.yachtingnews.com\/wp-content\/litespeed\/avatar\/bba22fc791b72395e4e185526136613b.jpg?ver=1787585046","url":"https:\/\/www.yachtingnews.com\/wp-content\/litespeed\/avatar\/bba22fc791b72395e4e185526136613b.jpg?ver=1787585046","contentUrl":"https:\/\/www.yachtingnews.com\/wp-content\/litespeed\/avatar\/bba22fc791b72395e4e185526136613b.jpg?ver=1787585046","caption":"Luca D'Ambrosio"},"description":"Editor-in-chief, boat tester and journalist. Luca began sailing at an early age with his father then as an adult discovered sailing regattas and offshore racing. He has been working in publishing for more than 30 years and continues to sail incessantly, especially aboard the editorial staff's boat, an old lady of the seas that he has completely rebuilt and which serves excellently as a \"mobile laboratory\" for The International Yachting Media.","url":"https:\/\/www.yachtingnews.com\/de\/author\/luca-dambrosio\/"}]}},"_links":{"self":[{"href":"https:\/\/www.yachtingnews.com\/de\/wp-json\/wp\/v2\/posts\/109978","targetHints":{"allow":["GET"]}}],"collection":[{"href":"https:\/\/www.yachtingnews.com\/de\/wp-json\/wp\/v2\/posts"}],"about":[{"href":"https:\/\/www.yachtingnews.com\/de\/wp-json\/wp\/v2\/types\/post"}],"author":[{"embeddable":true,"href":"https:\/\/www.yachtingnews.com\/de\/wp-json\/wp\/v2\/users\/10"}],"replies":[{"embeddable":true,"href":"https:\/\/www.yachtingnews.com\/de\/wp-json\/wp\/v2\/comments?post=109978"}],"version-history":[{"count":0,"href":"https:\/\/www.yachtingnews.com\/de\/wp-json\/wp\/v2\/posts\/109978\/revisions"}],"wp:featuredmedia":[{"embeddable":true,"href":"https:\/\/www.yachtingnews.com\/de\/wp-json\/wp\/v2\/media\/109963"}],"wp:attachment":[{"href":"https:\/\/www.yachtingnews.com\/de\/wp-json\/wp\/v2\/media?parent=109978"}],"wp:term":[{"taxonomy":"category","embeddable":true,"href":"https:\/\/www.yachtingnews.com\/de\/wp-json\/wp\/v2\/categories?post=109978"},{"taxonomy":"post_tag","embeddable":true,"href":"https:\/\/www.yachtingnews.com\/de\/wp-json\/wp\/v2\/tags?post=109978"}],"curies":[{"name":"wp","href":"https:\/\/api.w.org\/{rel}","templated":true}]}}