{"id":141619,"date":"2024-12-20T07:44:00","date_gmt":"2024-12-20T06:44:00","guid":{"rendered":"https:\/\/yachtingnews.com\/arianna-milesi\/"},"modified":"2024-12-28T07:32:12","modified_gmt":"2024-12-28T06:32:12","slug":"arianna-milesi","status":"publish","type":"post","link":"https:\/\/www.yachtingnews.com\/de\/arianna-milesi\/","title":{"rendered":"Arianna Milesi wird neue Kommunikationsmanagerin bei Rio Yachts"},"content":{"rendered":"\t\t<div data-elementor-type=\"wp-post\" data-elementor-id=\"141619\" class=\"elementor elementor-141619 elementor-141440\" data-elementor-post-type=\"post\">\n\t\t\t\t\t\t<section class=\"elementor-section elementor-top-section elementor-element elementor-element-398a92cc elementor-section-boxed elementor-section-height-default elementor-section-height-default\" data-id=\"398a92cc\" data-element_type=\"section\" data-e-type=\"section\">\n\t\t\t\t\t\t<div class=\"elementor-container elementor-column-gap-default\">\n\t\t\t\t\t<div class=\"elementor-column elementor-col-100 elementor-top-column elementor-element elementor-element-60bafb74\" data-id=\"60bafb74\" data-element_type=\"column\" data-e-type=\"column\">\n\t\t\t<div class=\"elementor-widget-wrap elementor-element-populated\">\n\t\t\t\t\t\t<div class=\"elementor-element elementor-element-71e9d9fa elementor-widget elementor-widget-text-editor\" data-id=\"71e9d9fa\" data-element_type=\"widget\" data-e-type=\"widget\" data-widget_type=\"text-editor.default\">\n\t\t\t\t<div class=\"elementor-widget-container\">\n\t\t\t\t\t\t\t\t\t<p>Die Marketingabteilung von Rio Yachts begr\u00fc\u00dft einen Neuzugang: <b>Arianna Milesi<\/b>, die das Ruder in der Kommunikation der renommierten Marke \u00fcbernehmen wird. Milesi, die \u00fcber eine beeindruckende Erfolgsbilanz in der Bootsbranche verf\u00fcgt, folgt auf Paola Barcella, die 16 Jahre lang erfolgreich bei Rio Yachts 16 Jahre lang gearbeitet hat. Die Werft mit Sitz in Bergamo bedankte sich bei Barcella und erkl\u00e4rte: <i>&#8222;Wir bedanken uns herzlich f\u00fcr 16 Jahre fruchtbare Zusammenarbeit und w\u00fcnschen ihr f\u00fcr ihre weitere berufliche Zukunft alles Gute.<\/i>  <\/p>\n<p><img decoding=\"async\" class=\"alignright wp-image-141446\" title=\"Arianna Milesi Foto\" src=\"https:\/\/yachtingnews.com\/wp-content\/uploads\/2024\/12\/Foto-Arianna-Milesi-225x300.jpg\" alt=\"Arianna Milesi Foto\" width=\"300\" height=\"400\" srcset=\"https:\/\/www.yachtingnews.com\/wp-content\/uploads\/2024\/12\/Foto-Arianna-Milesi-225x300.jpg 225w, https:\/\/www.yachtingnews.com\/wp-content\/uploads\/2024\/12\/Foto-Arianna-Milesi-900x1200.jpg 900w, https:\/\/www.yachtingnews.com\/wp-content\/uploads\/2024\/12\/Foto-Arianna-Milesi-768x1024.jpg 768w, https:\/\/www.yachtingnews.com\/wp-content\/uploads\/2024\/12\/Foto-Arianna-Milesi.jpg 1000w\" sizes=\"(max-width: 300px) 100vw, 300px\" \/>In einem Interview mit <em>YachtingNews<\/em> teilte Arianna Milesi ihre ersten Gedanken \u00fcber ihre Teilnahme an <b>Rio Yachts mit:<\/b> <i>&#8222;Ich bin begeistert, f\u00fcr ein historisches, familiengef\u00fchrtes italienisches<a href=\"https:\/\/yachtingnews.com\/de\/\"> Yachtunternehmen <\/a>zu arbeiten. Rio Yachts Das Unternehmen hat in den mehr als 60 Jahren seines Bestehens ein starkes Profil bewahrt. Der Eigent\u00fcmer hat nie gewechselt und sich immer an die sich entwickelnde Yachtlandschaft angepasst. Es ist eine prestigetr\u00e4chtige Marke, die in der Branche Geschichte geschrieben hat, und ich bin stolz darauf, dem Team beizutreten&#8220;.    <\/i><\/p>\n<p>Milesi fuhr fort: <i>&#8222;Rio Yachts war schon immer ein Pionier, vor allem was die Kommunikation und das Marketing im Bootssektor angeht. Ich hatte nicht die Ehre, mit meinem Vorg\u00e4nger zusammenzuarbeiten, aber die \u00dcbernahme dieser Rolle ist eine wichtige Motivation und Anerkennung f\u00fcr mich, die mich beruflich weiterbringen wird&#8220;.<\/i><\/p>\n<p>Bei <a href=\"https:\/\/yachtingnews.com\/de\/italienische-eleganz-rio-yachten\/\">Rio Yachts wird Arianna Milesi das<\/a> <b>Marketing, die Kommunikation, die Pressearbeit sowie das Management von Messen und Veranstaltungen<\/b> leiten <b>.<\/b> Au\u00dferdem wird sie die Verkaufsabteilung bei kommunikationsbezogenen Aspekten unterst\u00fctzen, sowohl vor als auch nach dem Verkauf.<\/p>\n<p><img decoding=\"async\" class=\"aligncenter wp-image-141441 size-full\" title=\"Rio-Jachten_LE-MANS-50\" src=\"https:\/\/yachtingnews.com\/wp-content\/uploads\/2024\/12\/Rio-Yachts_LE-MANS-50-2.webp\" alt=\"Rio-Jachten_LE-MANS-50\" width=\"1024\" height=\"767\" srcset=\"https:\/\/www.yachtingnews.com\/wp-content\/uploads\/2024\/12\/Rio-Yachts_LE-MANS-50-2.webp 1024w, https:\/\/www.yachtingnews.com\/wp-content\/uploads\/2024\/12\/Rio-Yachts_LE-MANS-50-2-300x225.webp 300w, https:\/\/www.yachtingnews.com\/wp-content\/uploads\/2024\/12\/Rio-Yachts_LE-MANS-50-2-768x575.webp 768w\" sizes=\"(max-width: 1024px) 100vw, 1024px\" \/><\/p>\n<p>Die 1991 geborene Arianna Milesi schloss ihr Studium der Kommunikation ab und stieg nach einer kurzen Berufserfahrung in einer Kommunikationsagentur sofort in die Bootsbranche bei <b>Sessa Marine<\/b> ein, wo sie sechs Jahre lang arbeitete. Danach wechselte sie zu <b>Solemar<\/b>, wo sie eine Schl\u00fcsselrolle bei der Wiedereinf\u00fchrung der Marke auf dem Markt spielte. Nach eineinhalb Jahren bei der Werft in Bergamo wechselte sie zu Rio Yachts.  <\/p>\n<p><i>Ich habe schon immer im Bereich Marketing und Kommunikation in der Welt der Yachten gearbeitet, und das ist es, wo ich bleiben m\u00f6chte <\/i>&#8222;, betont Milesi.  <i>Schlie\u00dflich sind<a href=\"https:\/\/www.superyachts.news\/\"> Boote<\/a> eine gro\u00dfe Leidenschaft von mir. Ich habe einen Bootsf\u00fchrerschein, liebe \u00dcberfahrten und nehme regelm\u00e4\u00dfig an Messen und Veranstaltungen teil &#8211; nicht nur aus beruflichen Gr\u00fcnden. <\/i><\/p>\n\t\t\t\t\t\t\t\t<\/div>\n\t\t\t\t<\/div>\n\t\t\t\t\t<\/div>\n\t\t<\/div>\n\t\t\t\t\t<\/div>\n\t\t<\/section>\n\t\t\t\t<\/div>\n\t\t","protected":false},"excerpt":{"rendered":"<p>Die Marketingabteilung von Rio Yachts begr\u00fc\u00dft einen Neuzugang: Arianna Milesi, die das Ruder in der Kommunikation der renommierten Marke \u00fcbernehmen wird. Milesi, die \u00fcber eine beeindruckende Erfolgsbilanz in der Bootsbranche verf\u00fcgt, folgt auf Paola Barcella, die 16 Jahre lang erfolgreich bei Rio Yachts 16 Jahre lang gearbeitet hat. Die Werft mit Sitz in Bergamo bedankte [&hellip;]<\/p>\n","protected":false},"author":45,"featured_media":141453,"comment_status":"open","ping_status":"open","sticky":false,"template":"","format":"standard","meta":{"_mo_disable_npp":"","footnotes":""},"categories":[654],"tags":[1590],"class_list":["post-141619","post","type-post","status-publish","format-standard","has-post-thumbnail","hentry","category-news-de","tag-rio-yachten"],"yoast_head":"<!-- This site is optimized with the Yoast SEO plugin v28.3 - https:\/\/yoast.com\/product\/yoast-seo-wordpress\/ -->\n<title>Arianna Milesi ist die neue Kommunikationsmanagerin bei Rio Yachts - Yachting News<\/title>\n<meta name=\"description\" content=\"Die Marketingabteilung von Rio Yachts begr\u00fc\u00dft einen Neuzugang: Arianna Milesi, die das Ruder der renommierten Marke \u00fcbernehmen wird,...\" \/>\n<meta name=\"robots\" content=\"index, follow, max-snippet:-1, max-image-preview:large, max-video-preview:-1\" \/>\n<link rel=\"canonical\" href=\"https:\/\/www.yachtingnews.com\/de\/arianna-milesi\/\" \/>\n<meta property=\"og:locale\" content=\"de_DE\" \/>\n<meta property=\"og:type\" content=\"article\" \/>\n<meta property=\"og:title\" content=\"Arianna Milesi ist die neue Kommunikationsmanagerin bei Rio Yachts - Yachting News\" \/>\n<meta property=\"og:description\" content=\"Die Marketingabteilung von Rio Yachts begr\u00fc\u00dft einen Neuzugang: Arianna Milesi, die das Ruder der renommierten Marke \u00fcbernehmen wird,...\" \/>\n<meta property=\"og:url\" content=\"https:\/\/www.yachtingnews.com\/de\/arianna-milesi\/\" \/>\n<meta property=\"og:site_name\" content=\"Yachting News\" \/>\n<meta property=\"article:publisher\" content=\"https:\/\/www.facebook.com\/TheInternationalYachtingMedia\" \/>\n<meta property=\"article:published_time\" content=\"2024-12-20T06:44:00+00:00\" \/>\n<meta property=\"article:modified_time\" content=\"2024-12-28T06:32:12+00:00\" \/>\n<meta property=\"og:image\" content=\"https:\/\/www.yachtingnews.com\/wp-content\/uploads\/2024\/12\/arianna-milesi-rio.jpg\" \/>\n\t<meta property=\"og:image:width\" content=\"1400\" \/>\n\t<meta property=\"og:image:height\" content=\"787\" \/>\n\t<meta property=\"og:image:type\" content=\"image\/jpeg\" \/>\n<meta name=\"author\" content=\"Alessandro Giuzio\" \/>\n<meta name=\"twitter:card\" content=\"summary_large_image\" \/>\n<meta name=\"twitter:creator\" content=\"@YachtingMedia\" \/>\n<meta name=\"twitter:site\" content=\"@YachtingMedia\" \/>\n<meta name=\"twitter:label1\" content=\"Verfasst von\" \/>\n\t<meta name=\"twitter:data1\" content=\"Alessandro Giuzio\" \/>\n\t<meta name=\"twitter:label2\" content=\"Gesch\u00e4tzte Lesezeit\" \/>\n\t<meta name=\"twitter:data2\" content=\"2\u00a0Minuten\" \/>\n<script type=\"application\/ld+json\" class=\"yoast-schema-graph\">{\"@context\":\"https:\\\/\\\/schema.org\",\"@graph\":[{\"@type\":\"Article\",\"@id\":\"https:\\\/\\\/www.yachtingnews.com\\\/de\\\/arianna-milesi\\\/#article\",\"isPartOf\":{\"@id\":\"https:\\\/\\\/www.yachtingnews.com\\\/de\\\/arianna-milesi\\\/\"},\"author\":{\"name\":\"Alessandro Giuzio\",\"@id\":\"https:\\\/\\\/www.yachtingnews.com\\\/de\\\/#\\\/schema\\\/person\\\/d2e99eb1c7ce9e28a78d15e3d5d68eb3\"},\"headline\":\"Arianna Milesi wird neue Kommunikationsmanagerin bei Rio Yachts\",\"datePublished\":\"2024-12-20T06:44:00+00:00\",\"dateModified\":\"2024-12-28T06:32:12+00:00\",\"mainEntityOfPage\":{\"@id\":\"https:\\\/\\\/www.yachtingnews.com\\\/de\\\/arianna-milesi\\\/\"},\"wordCount\":386,\"commentCount\":0,\"publisher\":{\"@id\":\"https:\\\/\\\/www.yachtingnews.com\\\/de\\\/#organization\"},\"image\":{\"@id\":\"https:\\\/\\\/www.yachtingnews.com\\\/de\\\/arianna-milesi\\\/#primaryimage\"},\"thumbnailUrl\":\"https:\\\/\\\/www.yachtingnews.com\\\/wp-content\\\/uploads\\\/2024\\\/12\\\/arianna-milesi-rio.jpg\",\"keywords\":[\"Rio Yachts\"],\"articleSection\":[\"Nachrichten\"],\"inLanguage\":\"de\",\"potentialAction\":[{\"@type\":\"CommentAction\",\"name\":\"Comment\",\"target\":[\"https:\\\/\\\/www.yachtingnews.com\\\/de\\\/arianna-milesi\\\/#respond\"]}]},{\"@type\":\"WebPage\",\"@id\":\"https:\\\/\\\/www.yachtingnews.com\\\/de\\\/arianna-milesi\\\/\",\"url\":\"https:\\\/\\\/www.yachtingnews.com\\\/de\\\/arianna-milesi\\\/\",\"name\":\"Arianna Milesi ist die neue Kommunikationsmanagerin bei Rio Yachts - Yachting News\",\"isPartOf\":{\"@id\":\"https:\\\/\\\/www.yachtingnews.com\\\/de\\\/#website\"},\"primaryImageOfPage\":{\"@id\":\"https:\\\/\\\/www.yachtingnews.com\\\/de\\\/arianna-milesi\\\/#primaryimage\"},\"image\":{\"@id\":\"https:\\\/\\\/www.yachtingnews.com\\\/de\\\/arianna-milesi\\\/#primaryimage\"},\"thumbnailUrl\":\"https:\\\/\\\/www.yachtingnews.com\\\/wp-content\\\/uploads\\\/2024\\\/12\\\/arianna-milesi-rio.jpg\",\"datePublished\":\"2024-12-20T06:44:00+00:00\",\"dateModified\":\"2024-12-28T06:32:12+00:00\",\"description\":\"Die Marketingabteilung von Rio Yachts begr\u00fc\u00dft einen Neuzugang: Arianna Milesi, die das Ruder der renommierten Marke \u00fcbernehmen wird,...\",\"breadcrumb\":{\"@id\":\"https:\\\/\\\/www.yachtingnews.com\\\/de\\\/arianna-milesi\\\/#breadcrumb\"},\"inLanguage\":\"de\",\"potentialAction\":[{\"@type\":\"ReadAction\",\"target\":[\"https:\\\/\\\/www.yachtingnews.com\\\/de\\\/arianna-milesi\\\/\"]}]},{\"@type\":\"ImageObject\",\"inLanguage\":\"de\",\"@id\":\"https:\\\/\\\/www.yachtingnews.com\\\/de\\\/arianna-milesi\\\/#primaryimage\",\"url\":\"https:\\\/\\\/www.yachtingnews.com\\\/wp-content\\\/uploads\\\/2024\\\/12\\\/arianna-milesi-rio.jpg\",\"contentUrl\":\"https:\\\/\\\/www.yachtingnews.com\\\/wp-content\\\/uploads\\\/2024\\\/12\\\/arianna-milesi-rio.jpg\",\"width\":1400,\"height\":787,\"caption\":\"arianna-milesi-rio\"},{\"@type\":\"BreadcrumbList\",\"@id\":\"https:\\\/\\\/www.yachtingnews.com\\\/de\\\/arianna-milesi\\\/#breadcrumb\",\"itemListElement\":[{\"@type\":\"ListItem\",\"position\":1,\"name\":\"Home\",\"item\":\"https:\\\/\\\/www.yachtingnews.com\\\/de\\\/yachting-news-2\\\/\"},{\"@type\":\"ListItem\",\"position\":2,\"name\":\"Arianna Milesi wird neue Kommunikationsmanagerin bei Rio Yachts\"}]},{\"@type\":\"WebSite\",\"@id\":\"https:\\\/\\\/www.yachtingnews.com\\\/de\\\/#website\",\"url\":\"https:\\\/\\\/www.yachtingnews.com\\\/de\\\/\",\"name\":\"Yachting News\",\"description\":\"The International Yachting Media\",\"publisher\":{\"@id\":\"https:\\\/\\\/www.yachtingnews.com\\\/de\\\/#organization\"},\"potentialAction\":[{\"@type\":\"SearchAction\",\"target\":{\"@type\":\"EntryPoint\",\"urlTemplate\":\"https:\\\/\\\/www.yachtingnews.com\\\/de\\\/?s={search_term_string}\"},\"query-input\":{\"@type\":\"PropertyValueSpecification\",\"valueRequired\":true,\"valueName\":\"search_term_string\"}}],\"inLanguage\":\"de\"},{\"@type\":\"Organization\",\"@id\":\"https:\\\/\\\/www.yachtingnews.com\\\/de\\\/#organization\",\"name\":\"Yachting News\",\"url\":\"https:\\\/\\\/www.yachtingnews.com\\\/de\\\/\",\"logo\":{\"@type\":\"ImageObject\",\"inLanguage\":\"de\",\"@id\":\"https:\\\/\\\/www.yachtingnews.com\\\/de\\\/#\\\/schema\\\/logo\\\/image\\\/\",\"url\":\"https:\\\/\\\/www.yachtingnews.com\\\/wp-content\\\/uploads\\\/2023\\\/02\\\/LOGO-Yachting-NEWS-blu-800.png\",\"contentUrl\":\"https:\\\/\\\/www.yachtingnews.com\\\/wp-content\\\/uploads\\\/2023\\\/02\\\/LOGO-Yachting-NEWS-blu-800.png\",\"width\":790,\"height\":99,\"caption\":\"Yachting News\"},\"image\":{\"@id\":\"https:\\\/\\\/www.yachtingnews.com\\\/de\\\/#\\\/schema\\\/logo\\\/image\\\/\"},\"sameAs\":[\"https:\\\/\\\/www.facebook.com\\\/TheInternationalYachtingMedia\",\"https:\\\/\\\/x.com\\\/YachtingMedia\",\"https:\\\/\\\/www.instagram.com\\\/yachting.news\\\/\",\"https:\\\/\\\/www.linkedin.com\\\/company\\\/the-international-yachting-media\",\"https:\\\/\\\/www.youtube.com\\\/c\\\/TheInternationalYachtingMedia\"]},{\"@type\":\"Person\",\"@id\":\"https:\\\/\\\/www.yachtingnews.com\\\/de\\\/#\\\/schema\\\/person\\\/d2e99eb1c7ce9e28a78d15e3d5d68eb3\",\"name\":\"Alessandro Giuzio\",\"image\":{\"@type\":\"ImageObject\",\"inLanguage\":\"de\",\"@id\":\"https:\\\/\\\/www.yachtingnews.com\\\/wp-content\\\/litespeed\\\/avatar\\\/a99e5f8da4fc551fb53eb9f1fec61fb4.jpg?ver=1788189881\",\"url\":\"https:\\\/\\\/www.yachtingnews.com\\\/wp-content\\\/litespeed\\\/avatar\\\/a99e5f8da4fc551fb53eb9f1fec61fb4.jpg?ver=1788189881\",\"contentUrl\":\"https:\\\/\\\/www.yachtingnews.com\\\/wp-content\\\/litespeed\\\/avatar\\\/a99e5f8da4fc551fb53eb9f1fec61fb4.jpg?ver=1788189881\",\"caption\":\"Alessandro Giuzio\"},\"description\":\"Alessandro is a professional journalist and contributes to The International Yachting Media since 2022. He is an expert on the sea and of course on boats.\",\"url\":\"https:\\\/\\\/www.yachtingnews.com\\\/de\\\/author\\\/alexgiuzio\\\/\"}]}<\/script>\n<!-- \/ Yoast SEO plugin. -->","yoast_head_json":{"title":"Arianna Milesi ist die neue Kommunikationsmanagerin bei Rio Yachts - Yachting News","description":"Die Marketingabteilung von Rio Yachts begr\u00fc\u00dft einen Neuzugang: Arianna Milesi, die das Ruder der renommierten Marke \u00fcbernehmen wird,...","robots":{"index":"index","follow":"follow","max-snippet":"max-snippet:-1","max-image-preview":"max-image-preview:large","max-video-preview":"max-video-preview:-1"},"canonical":"https:\/\/www.yachtingnews.com\/de\/arianna-milesi\/","og_locale":"de_DE","og_type":"article","og_title":"Arianna Milesi ist die neue Kommunikationsmanagerin bei Rio Yachts - Yachting News","og_description":"Die Marketingabteilung von Rio Yachts begr\u00fc\u00dft einen Neuzugang: Arianna Milesi, die das Ruder der renommierten Marke \u00fcbernehmen wird,...","og_url":"https:\/\/www.yachtingnews.com\/de\/arianna-milesi\/","og_site_name":"Yachting News","article_publisher":"https:\/\/www.facebook.com\/TheInternationalYachtingMedia","article_published_time":"2024-12-20T06:44:00+00:00","article_modified_time":"2024-12-28T06:32:12+00:00","og_image":[{"width":1400,"height":787,"url":"https:\/\/www.yachtingnews.com\/wp-content\/uploads\/2024\/12\/arianna-milesi-rio.jpg","type":"image\/jpeg"}],"author":"Alessandro Giuzio","twitter_card":"summary_large_image","twitter_creator":"@YachtingMedia","twitter_site":"@YachtingMedia","twitter_misc":{"Verfasst von":"Alessandro Giuzio","Gesch\u00e4tzte Lesezeit":"2\u00a0Minuten"},"schema":{"@context":"https:\/\/schema.org","@graph":[{"@type":"Article","@id":"https:\/\/www.yachtingnews.com\/de\/arianna-milesi\/#article","isPartOf":{"@id":"https:\/\/www.yachtingnews.com\/de\/arianna-milesi\/"},"author":{"name":"Alessandro Giuzio","@id":"https:\/\/www.yachtingnews.com\/de\/#\/schema\/person\/d2e99eb1c7ce9e28a78d15e3d5d68eb3"},"headline":"Arianna Milesi wird neue Kommunikationsmanagerin bei Rio Yachts","datePublished":"2024-12-20T06:44:00+00:00","dateModified":"2024-12-28T06:32:12+00:00","mainEntityOfPage":{"@id":"https:\/\/www.yachtingnews.com\/de\/arianna-milesi\/"},"wordCount":386,"commentCount":0,"publisher":{"@id":"https:\/\/www.yachtingnews.com\/de\/#organization"},"image":{"@id":"https:\/\/www.yachtingnews.com\/de\/arianna-milesi\/#primaryimage"},"thumbnailUrl":"https:\/\/www.yachtingnews.com\/wp-content\/uploads\/2024\/12\/arianna-milesi-rio.jpg","keywords":["Rio Yachts"],"articleSection":["Nachrichten"],"inLanguage":"de","potentialAction":[{"@type":"CommentAction","name":"Comment","target":["https:\/\/www.yachtingnews.com\/de\/arianna-milesi\/#respond"]}]},{"@type":"WebPage","@id":"https:\/\/www.yachtingnews.com\/de\/arianna-milesi\/","url":"https:\/\/www.yachtingnews.com\/de\/arianna-milesi\/","name":"Arianna Milesi ist die neue Kommunikationsmanagerin bei Rio Yachts - Yachting News","isPartOf":{"@id":"https:\/\/www.yachtingnews.com\/de\/#website"},"primaryImageOfPage":{"@id":"https:\/\/www.yachtingnews.com\/de\/arianna-milesi\/#primaryimage"},"image":{"@id":"https:\/\/www.yachtingnews.com\/de\/arianna-milesi\/#primaryimage"},"thumbnailUrl":"https:\/\/www.yachtingnews.com\/wp-content\/uploads\/2024\/12\/arianna-milesi-rio.jpg","datePublished":"2024-12-20T06:44:00+00:00","dateModified":"2024-12-28T06:32:12+00:00","description":"Die Marketingabteilung von Rio Yachts begr\u00fc\u00dft einen Neuzugang: Arianna Milesi, die das Ruder der renommierten Marke \u00fcbernehmen wird,...","breadcrumb":{"@id":"https:\/\/www.yachtingnews.com\/de\/arianna-milesi\/#breadcrumb"},"inLanguage":"de","potentialAction":[{"@type":"ReadAction","target":["https:\/\/www.yachtingnews.com\/de\/arianna-milesi\/"]}]},{"@type":"ImageObject","inLanguage":"de","@id":"https:\/\/www.yachtingnews.com\/de\/arianna-milesi\/#primaryimage","url":"https:\/\/www.yachtingnews.com\/wp-content\/uploads\/2024\/12\/arianna-milesi-rio.jpg","contentUrl":"https:\/\/www.yachtingnews.com\/wp-content\/uploads\/2024\/12\/arianna-milesi-rio.jpg","width":1400,"height":787,"caption":"arianna-milesi-rio"},{"@type":"BreadcrumbList","@id":"https:\/\/www.yachtingnews.com\/de\/arianna-milesi\/#breadcrumb","itemListElement":[{"@type":"ListItem","position":1,"name":"Home","item":"https:\/\/www.yachtingnews.com\/de\/yachting-news-2\/"},{"@type":"ListItem","position":2,"name":"Arianna Milesi wird neue Kommunikationsmanagerin bei Rio Yachts"}]},{"@type":"WebSite","@id":"https:\/\/www.yachtingnews.com\/de\/#website","url":"https:\/\/www.yachtingnews.com\/de\/","name":"Yachting News","description":"The International Yachting Media","publisher":{"@id":"https:\/\/www.yachtingnews.com\/de\/#organization"},"potentialAction":[{"@type":"SearchAction","target":{"@type":"EntryPoint","urlTemplate":"https:\/\/www.yachtingnews.com\/de\/?s={search_term_string}"},"query-input":{"@type":"PropertyValueSpecification","valueRequired":true,"valueName":"search_term_string"}}],"inLanguage":"de"},{"@type":"Organization","@id":"https:\/\/www.yachtingnews.com\/de\/#organization","name":"Yachting News","url":"https:\/\/www.yachtingnews.com\/de\/","logo":{"@type":"ImageObject","inLanguage":"de","@id":"https:\/\/www.yachtingnews.com\/de\/#\/schema\/logo\/image\/","url":"https:\/\/www.yachtingnews.com\/wp-content\/uploads\/2023\/02\/LOGO-Yachting-NEWS-blu-800.png","contentUrl":"https:\/\/www.yachtingnews.com\/wp-content\/uploads\/2023\/02\/LOGO-Yachting-NEWS-blu-800.png","width":790,"height":99,"caption":"Yachting News"},"image":{"@id":"https:\/\/www.yachtingnews.com\/de\/#\/schema\/logo\/image\/"},"sameAs":["https:\/\/www.facebook.com\/TheInternationalYachtingMedia","https:\/\/x.com\/YachtingMedia","https:\/\/www.instagram.com\/yachting.news\/","https:\/\/www.linkedin.com\/company\/the-international-yachting-media","https:\/\/www.youtube.com\/c\/TheInternationalYachtingMedia"]},{"@type":"Person","@id":"https:\/\/www.yachtingnews.com\/de\/#\/schema\/person\/d2e99eb1c7ce9e28a78d15e3d5d68eb3","name":"Alessandro Giuzio","image":{"@type":"ImageObject","inLanguage":"de","@id":"https:\/\/www.yachtingnews.com\/wp-content\/litespeed\/avatar\/a99e5f8da4fc551fb53eb9f1fec61fb4.jpg?ver=1788189881","url":"https:\/\/www.yachtingnews.com\/wp-content\/litespeed\/avatar\/a99e5f8da4fc551fb53eb9f1fec61fb4.jpg?ver=1788189881","contentUrl":"https:\/\/www.yachtingnews.com\/wp-content\/litespeed\/avatar\/a99e5f8da4fc551fb53eb9f1fec61fb4.jpg?ver=1788189881","caption":"Alessandro Giuzio"},"description":"Alessandro is a professional journalist and contributes to The International Yachting Media since 2022. He is an expert on the sea and of course on boats.","url":"https:\/\/www.yachtingnews.com\/de\/author\/alexgiuzio\/"}]}},"_links":{"self":[{"href":"https:\/\/www.yachtingnews.com\/de\/wp-json\/wp\/v2\/posts\/141619","targetHints":{"allow":["GET"]}}],"collection":[{"href":"https:\/\/www.yachtingnews.com\/de\/wp-json\/wp\/v2\/posts"}],"about":[{"href":"https:\/\/www.yachtingnews.com\/de\/wp-json\/wp\/v2\/types\/post"}],"author":[{"embeddable":true,"href":"https:\/\/www.yachtingnews.com\/de\/wp-json\/wp\/v2\/users\/45"}],"replies":[{"embeddable":true,"href":"https:\/\/www.yachtingnews.com\/de\/wp-json\/wp\/v2\/comments?post=141619"}],"version-history":[{"count":0,"href":"https:\/\/www.yachtingnews.com\/de\/wp-json\/wp\/v2\/posts\/141619\/revisions"}],"wp:featuredmedia":[{"embeddable":true,"href":"https:\/\/www.yachtingnews.com\/de\/wp-json\/wp\/v2\/media\/141453"}],"wp:attachment":[{"href":"https:\/\/www.yachtingnews.com\/de\/wp-json\/wp\/v2\/media?parent=141619"}],"wp:term":[{"taxonomy":"category","embeddable":true,"href":"https:\/\/www.yachtingnews.com\/de\/wp-json\/wp\/v2\/categories?post=141619"},{"taxonomy":"post_tag","embeddable":true,"href":"https:\/\/www.yachtingnews.com\/de\/wp-json\/wp\/v2\/tags?post=141619"}],"curies":[{"name":"wp","href":"https:\/\/api.w.org\/{rel}","templated":true}]}}