{"id":145866,"date":"2025-04-21T16:17:23","date_gmt":"2025-04-21T15:17:23","guid":{"rendered":"https:\/\/yachtingnews.com\/besenzoni-steht-beim-fuorisalone-mit-reflections-on-the-sea-im-mittelpunkt\/"},"modified":"2025-04-29T17:42:12","modified_gmt":"2025-04-29T16:42:12","slug":"besenzoni-steht-beim-fuorisalone-mit-reflections-on-the-sea-im-mittelpunkt","status":"publish","type":"post","link":"https:\/\/www.yachtingnews.com\/de\/besenzoni-steht-beim-fuorisalone-mit-reflections-on-the-sea-im-mittelpunkt\/","title":{"rendered":"Besenzoni steht beim FuoriSalone mit &#8218;Reflections on the Sea&#8216; im Mittelpunkt"},"content":{"rendered":"\t\t<div data-elementor-type=\"wp-post\" data-elementor-id=\"145866\" class=\"elementor elementor-145866 elementor-145585\" data-elementor-post-type=\"post\">\n\t\t\t\t\t\t<section class=\"elementor-section elementor-top-section elementor-element elementor-element-49604dc5 elementor-section-boxed elementor-section-height-default elementor-section-height-default\" data-id=\"49604dc5\" data-element_type=\"section\" data-e-type=\"section\">\n\t\t\t\t\t\t<div class=\"elementor-container elementor-column-gap-default\">\n\t\t\t\t\t<div class=\"elementor-column elementor-col-100 elementor-top-column elementor-element elementor-element-4d20fbb\" data-id=\"4d20fbb\" data-element_type=\"column\" data-e-type=\"column\">\n\t\t\t<div class=\"elementor-widget-wrap elementor-element-populated\">\n\t\t\t\t\t\t<div class=\"elementor-element elementor-element-463c8a02 elementor-widget elementor-widget-text-editor\" data-id=\"463c8a02\" data-element_type=\"widget\" data-e-type=\"widget\" data-widget_type=\"text-editor.default\">\n\t\t\t\t<div class=\"elementor-widget-container\">\n\t\t\t\t\t\t\t\t\t<p><strong>Besenzoni<\/strong> bekr\u00e4ftigt seine f\u00fchrende Rolle im nautischen Design. Zum zweiten Mal in Folge hat das auf Yachtkomponenten spezialisierte Unternehmen aus Sarnico an der<b> Mail\u00e4nder FuoriSalone teilgenommen und damit<\/b> seine Pr\u00e4senz auf einer der renommiertesten Veranstaltungen der internationalen Designszene weiter verst\u00e4rkt. F\u00fcr diese Ausgabe enth\u00fcllte Besenzoni die beeindruckende Kunstinstallation  <b> <\/b><em><b>Reflections on the Sea<\/b><\/em>die in Zusammenarbeit mit dem Architektur- und Yachtdesignstudio Christian Grande, einem langj\u00e4hrigen Partner des Unternehmens, entstanden ist. Das Werk, das vom 7. bis 13. April im Ehrenhof der Universit\u00e4t Mailand ausgestellt wurde, erforscht die Verbindung zwischen Mensch und Meer durch Lichtspiele, verspiegelte Oberfl\u00e4chen und ein innovatives Design, das \u00c4sthetik und Funktionalit\u00e4t miteinander verbindet. BesenzoniDie Anwesenheit des K\u00fcnstlers bei FuoriSalone war Teil des Interni Cre-Action Ausstellungs-Events.  <\/p><p><i><b>Reflexionen \u00fcber das Meer: Eine Reise in die Essenz von Besenzoni <\/b><\/i>ist ein Kunstwerk, das die Kernwerte des Unternehmens in k\u00fcnstlerische Form umsetzt: Exzellenz, Innovation und Harmonie mit der Meeresumwelt. Die Installation besteht aus einer Reihe von verspiegelten Plattformen, die aus einem symbolischen Meer auftauchen, die Idee einer Abfolge von Wellen heraufbeschw\u00f6ren und ein faszinierendes Zusammenspiel von Reflexionen und Perspektiven schaffen. Jedes Element stellt eine Ikone der Welt von Besenzoni dar: die Gangway, die die Verbindung zwischen Land und Meer symbolisiert, und der<a href=\"https:\/\/yachtingnews.com\/de\/besenzoni-boot-25\/\"> Lotsenstuhl, der <\/a>die Verbindung zwischen Navigation und Komfort verk\u00f6rpert. Die verspiegelten Oberfl\u00e4chen entmaterialisieren die Objekte und suggerieren die perfekte Integration zwischen den Produkten von Besenzoni und den Yachten, auf denen sie installiert sind. Die Bewegung der Wellen und der Meereshorizont werden durch das Licht und die Reflexionen zum Leben erweckt und bieten dem Besucher ein eindringliches visuelles und sensorisches Erlebnis. <b>Christian Grande<\/b> Studio hat &#8211; wie bei zahlreichen anderen Produkten und Projekten, die f\u00fcr Besenzoni entwickelt wurden &#8211; die Essenz der Marke erfolgreich durch eine k\u00fcnstlerische Sprache interpretiert, die Funktionalit\u00e4t und Sch\u00f6nheit miteinander verbindet.    <\/p><p><img decoding=\"async\" class=\"aligncenter wp-image-145586 size-full\" title=\"Fuorisalone\" src=\"https:\/\/yachtingnews.com\/wp-content\/uploads\/2025\/04\/UTF-8besenzoni-Fotoinserimento-specchio.jpg\" alt=\"Fuorisalone\" width=\"1400\" height=\"788\" srcset=\"https:\/\/www.yachtingnews.com\/wp-content\/uploads\/2025\/04\/UTF-8besenzoni-Fotoinserimento-specchio.jpg 1400w, https:\/\/www.yachtingnews.com\/wp-content\/uploads\/2025\/04\/UTF-8besenzoni-Fotoinserimento-specchio-300x169.jpg 300w, https:\/\/www.yachtingnews.com\/wp-content\/uploads\/2025\/04\/UTF-8besenzoni-Fotoinserimento-specchio-768x432.jpg 768w\" sizes=\"(max-width: 1400px) 100vw, 1400px\" \/><\/p><p>&#8222;Reflections on the Sea&#8220; ist nicht nur eine k\u00fcnstlerische Installation, sondern eine Erlebnisreise, die den Betrachter einbezieht und ihn zum Teil des Kunstwerks selbst macht. Die Verwendung von Spiegeln schafft einen Dialog zwischen der Umgebung, dem Licht und dem Besucher und l\u00e4dt ihn ein, \u00fcber die Beziehung zwischen Mensch und Meer nachzudenken. Die Installation stellt eine perfekte Synthese aus \u00c4sthetik und Technologie dar und verk\u00f6rpert die Philosophie von Besenzoni: Innovation bei gleichzeitigem Respekt f\u00fcr das marine Erbe.  <\/p><p>Genauer gesagt besteht die Installation aus <b>vier skulpturalen Metallelementen mit verspiegelter Verkleidung<\/b> und einer inneren Struktur aus Metallprofilen mit Kastenprofil. Jedes Element ist mit einem internen Gegengewicht ausgestattet, um Stabilit\u00e4t zu gew\u00e4hrleisten und ein Umkippen zu verhindern. Die Skulpturen erreichen eine maximale H\u00f6he von 280 cm und eine Tiefe von 150 cm, mit harmonischen und ausgewogenen Proportionen. Vervollst\u00e4ndigt wird das Kunstwerk durch Glasplatten mit unterschiedlichen Oberfl\u00e4chen und Farbt\u00f6nen, die an den Himmel und das Wasser erinnern. Dank der unterschiedlichen Transparenz und Lichtbrechung erzeugen diese Platten einen dynamischen und schillernden visuellen Effekt, der die Interaktion zwischen Licht, Materie und Raum betont.    <\/p><p><img decoding=\"async\" class=\"aligncenter wp-image-145591 size-full\" title=\"besenzoni-fuorisalone-2025\" src=\"https:\/\/yachtingnews.com\/wp-content\/uploads\/2025\/04\/UTF-8besenzoni-fuorisalone-foto.jpg\" alt=\"besenzoni-fuorisalone-2025\" width=\"1400\" height=\"787\" srcset=\"https:\/\/www.yachtingnews.com\/wp-content\/uploads\/2025\/04\/UTF-8besenzoni-fuorisalone-foto.jpg 1400w, https:\/\/www.yachtingnews.com\/wp-content\/uploads\/2025\/04\/UTF-8besenzoni-fuorisalone-foto-300x169.jpg 300w, https:\/\/www.yachtingnews.com\/wp-content\/uploads\/2025\/04\/UTF-8besenzoni-fuorisalone-foto-768x432.jpg 768w\" sizes=\"(max-width: 1400px) 100vw, 1400px\" \/><\/p><p><b>Giorgio Besenzoni<\/b>, CEO des Unternehmens, erkl\u00e4rt: <i>&#8222;Wir freuen uns sehr \u00fcber die M\u00f6glichkeit, erneut an der FuoriSalone teilzunehmen. Design ist ein Universum, das uns fasziniert und von Natur aus mit unserer Branche verbunden ist: Yachten sind ein Ausdruck von Design und stilistischer Exzellenz, und wir glauben, dass der Dialog zwischen der nautischen Welt und dem Design neue Perspektiven er\u00f6ffnen kann. Unsere Pr\u00e4senz hier ist nicht nur ein Schaufenster, sondern eine Gelegenheit, unseren Designansatz in einem breiteren Kontext zu teilen&#8220;.<\/i><\/p><p>Mit dieser Installation bekr\u00e4ftigt Besenzoni sein Engagement f\u00fcr die F\u00f6rderung der Design-Evolution f\u00fcr Yachten und <a href=\"https:\/\/www.superyachts.news\/\">Superyachten<\/a>, indem es nicht nur die Funktionalit\u00e4t seiner Produkte verbessert, sondern auch als Sprecher f\u00fcr eine \u00c4sthetik auftritt, die Emotionen und tiefe Verbindungen mit der maritimen Umwelt hervorruft. Das Unternehmen erforscht weiterhin neue Ausdrucksformen und setzt seine Vision in eindringliche Erlebnisse um, die dem Publikum die Sch\u00f6nheit und Harmonie des Meeres n\u00e4her bringen. <\/p>\t\t\t\t\t\t\t\t<\/div>\n\t\t\t\t<\/div>\n\t\t\t\t\t<\/div>\n\t\t<\/div>\n\t\t\t\t\t<\/div>\n\t\t<\/section>\n\t\t\t\t<\/div>\n\t\t","protected":false},"excerpt":{"rendered":"<p>Besenzoni bekr\u00e4ftigt seine f\u00fchrende Rolle im nautischen Design. Zum zweiten Mal in Folge hat das auf Yachtkomponenten spezialisierte Unternehmen aus Sarnico an der Mail\u00e4nder FuoriSalone teilgenommen und damit seine Pr\u00e4senz auf einer der renommiertesten Veranstaltungen der internationalen Designszene weiter verst\u00e4rkt. F\u00fcr diese Ausgabe enth\u00fcllte Besenzoni die beeindruckende Kunstinstallation Reflections on the Seadie in Zusammenarbeit mit [&hellip;]<\/p>\n","protected":false},"author":45,"featured_media":145593,"comment_status":"open","ping_status":"open","sticky":false,"template":"","format":"standard","meta":{"_mo_disable_npp":"","footnotes":""},"categories":[669,654],"tags":[1316],"class_list":["post-145866","post","type-post","status-publish","format-standard","has-post-thumbnail","hentry","category-nautisches-zubehor","category-news-de","tag-besenzoni-de"],"yoast_head":"<!-- This site is optimized with the Yoast SEO plugin v28.4 - https:\/\/yoast.com\/product\/yoast-seo-wordpress\/ -->\n<title>Besenzoni steht im Mittelpunkt der FuoriSalone- Yachting News<\/title>\n<meta name=\"description\" content=\"Besenzoni bekr\u00e4ftigt seine f\u00fchrende Rolle im nautischen Design. Das zweite Jahr in Folge hat das in Sarnico ans\u00e4ssige Unternehmen, das sich auf Yachtdesign spezialisiert ...\" \/>\n<meta name=\"robots\" content=\"index, follow, max-snippet:-1, max-image-preview:large, max-video-preview:-1\" \/>\n<link rel=\"canonical\" href=\"https:\/\/www.yachtingnews.com\/de\/besenzoni-steht-beim-fuorisalone-mit-reflections-on-the-sea-im-mittelpunkt\/\" \/>\n<meta property=\"og:locale\" content=\"de_DE\" \/>\n<meta property=\"og:type\" content=\"article\" \/>\n<meta property=\"og:title\" content=\"Besenzoni steht im Mittelpunkt der FuoriSalone- Yachting News\" \/>\n<meta property=\"og:description\" content=\"Besenzoni bekr\u00e4ftigt seine f\u00fchrende Rolle im nautischen Design. Das zweite Jahr in Folge hat das in Sarnico ans\u00e4ssige Unternehmen, das sich auf Yachtdesign spezialisiert ...\" \/>\n<meta property=\"og:url\" content=\"https:\/\/www.yachtingnews.com\/de\/besenzoni-steht-beim-fuorisalone-mit-reflections-on-the-sea-im-mittelpunkt\/\" \/>\n<meta property=\"og:site_name\" content=\"Yachting News\" \/>\n<meta property=\"article:publisher\" content=\"https:\/\/www.facebook.com\/TheInternationalYachtingMedia\" \/>\n<meta property=\"article:published_time\" content=\"2025-04-21T15:17:23+00:00\" \/>\n<meta property=\"article:modified_time\" content=\"2025-04-29T16:42:12+00:00\" \/>\n<meta property=\"og:image\" content=\"https:\/\/www.yachtingnews.com\/wp-content\/uploads\/2025\/04\/UTF-8besenzoni-fuorisalone-foto.jpg\" \/>\n\t<meta property=\"og:image:width\" content=\"1400\" \/>\n\t<meta property=\"og:image:height\" content=\"787\" \/>\n\t<meta property=\"og:image:type\" content=\"image\/jpeg\" \/>\n<meta name=\"author\" content=\"Alessandro Giuzio\" \/>\n<meta name=\"twitter:card\" content=\"summary_large_image\" \/>\n<meta name=\"twitter:creator\" content=\"@YachtingMedia\" \/>\n<meta name=\"twitter:site\" content=\"@YachtingMedia\" \/>\n<meta name=\"twitter:label1\" content=\"Verfasst von\" \/>\n\t<meta name=\"twitter:data1\" content=\"Alessandro Giuzio\" \/>\n\t<meta name=\"twitter:label2\" content=\"Gesch\u00e4tzte Lesezeit\" \/>\n\t<meta name=\"twitter:data2\" content=\"3\u00a0Minuten\" \/>\n<script type=\"application\/ld+json\" class=\"yoast-schema-graph\">{\"@context\":\"https:\\\/\\\/schema.org\",\"@graph\":[{\"@type\":\"Article\",\"@id\":\"https:\\\/\\\/www.yachtingnews.com\\\/de\\\/besenzoni-steht-beim-fuorisalone-mit-reflections-on-the-sea-im-mittelpunkt\\\/#article\",\"isPartOf\":{\"@id\":\"https:\\\/\\\/www.yachtingnews.com\\\/de\\\/besenzoni-steht-beim-fuorisalone-mit-reflections-on-the-sea-im-mittelpunkt\\\/\"},\"author\":{\"name\":\"Alessandro Giuzio\",\"@id\":\"https:\\\/\\\/www.yachtingnews.com\\\/de\\\/#\\\/schema\\\/person\\\/d2e99eb1c7ce9e28a78d15e3d5d68eb3\"},\"headline\":\"Besenzoni steht beim FuoriSalone mit &#8218;Reflections on the Sea&#8216; im Mittelpunkt\",\"datePublished\":\"2025-04-21T15:17:23+00:00\",\"dateModified\":\"2025-04-29T16:42:12+00:00\",\"mainEntityOfPage\":{\"@id\":\"https:\\\/\\\/www.yachtingnews.com\\\/de\\\/besenzoni-steht-beim-fuorisalone-mit-reflections-on-the-sea-im-mittelpunkt\\\/\"},\"wordCount\":667,\"commentCount\":0,\"publisher\":{\"@id\":\"https:\\\/\\\/www.yachtingnews.com\\\/de\\\/#organization\"},\"image\":{\"@id\":\"https:\\\/\\\/www.yachtingnews.com\\\/de\\\/besenzoni-steht-beim-fuorisalone-mit-reflections-on-the-sea-im-mittelpunkt\\\/#primaryimage\"},\"thumbnailUrl\":\"https:\\\/\\\/www.yachtingnews.com\\\/wp-content\\\/uploads\\\/2025\\\/04\\\/UTF-8besenzoni-fuorisalone-foto.jpg\",\"keywords\":[\"Besenzoni\"],\"articleSection\":[\"Boot Versorgung\",\"Nachrichten\"],\"inLanguage\":\"de\",\"potentialAction\":[{\"@type\":\"CommentAction\",\"name\":\"Comment\",\"target\":[\"https:\\\/\\\/www.yachtingnews.com\\\/de\\\/besenzoni-steht-beim-fuorisalone-mit-reflections-on-the-sea-im-mittelpunkt\\\/#respond\"]}]},{\"@type\":\"WebPage\",\"@id\":\"https:\\\/\\\/www.yachtingnews.com\\\/de\\\/besenzoni-steht-beim-fuorisalone-mit-reflections-on-the-sea-im-mittelpunkt\\\/\",\"url\":\"https:\\\/\\\/www.yachtingnews.com\\\/de\\\/besenzoni-steht-beim-fuorisalone-mit-reflections-on-the-sea-im-mittelpunkt\\\/\",\"name\":\"Besenzoni steht im Mittelpunkt der FuoriSalone- Yachting News\",\"isPartOf\":{\"@id\":\"https:\\\/\\\/www.yachtingnews.com\\\/de\\\/#website\"},\"primaryImageOfPage\":{\"@id\":\"https:\\\/\\\/www.yachtingnews.com\\\/de\\\/besenzoni-steht-beim-fuorisalone-mit-reflections-on-the-sea-im-mittelpunkt\\\/#primaryimage\"},\"image\":{\"@id\":\"https:\\\/\\\/www.yachtingnews.com\\\/de\\\/besenzoni-steht-beim-fuorisalone-mit-reflections-on-the-sea-im-mittelpunkt\\\/#primaryimage\"},\"thumbnailUrl\":\"https:\\\/\\\/www.yachtingnews.com\\\/wp-content\\\/uploads\\\/2025\\\/04\\\/UTF-8besenzoni-fuorisalone-foto.jpg\",\"datePublished\":\"2025-04-21T15:17:23+00:00\",\"dateModified\":\"2025-04-29T16:42:12+00:00\",\"description\":\"Besenzoni bekr\u00e4ftigt seine f\u00fchrende Rolle im nautischen Design. Das zweite Jahr in Folge hat das in Sarnico ans\u00e4ssige Unternehmen, das sich auf Yachtdesign spezialisiert ...\",\"breadcrumb\":{\"@id\":\"https:\\\/\\\/www.yachtingnews.com\\\/de\\\/besenzoni-steht-beim-fuorisalone-mit-reflections-on-the-sea-im-mittelpunkt\\\/#breadcrumb\"},\"inLanguage\":\"de\",\"potentialAction\":[{\"@type\":\"ReadAction\",\"target\":[\"https:\\\/\\\/www.yachtingnews.com\\\/de\\\/besenzoni-steht-beim-fuorisalone-mit-reflections-on-the-sea-im-mittelpunkt\\\/\"]}]},{\"@type\":\"ImageObject\",\"inLanguage\":\"de\",\"@id\":\"https:\\\/\\\/www.yachtingnews.com\\\/de\\\/besenzoni-steht-beim-fuorisalone-mit-reflections-on-the-sea-im-mittelpunkt\\\/#primaryimage\",\"url\":\"https:\\\/\\\/www.yachtingnews.com\\\/wp-content\\\/uploads\\\/2025\\\/04\\\/UTF-8besenzoni-fuorisalone-foto.jpg\",\"contentUrl\":\"https:\\\/\\\/www.yachtingnews.com\\\/wp-content\\\/uploads\\\/2025\\\/04\\\/UTF-8besenzoni-fuorisalone-foto.jpg\",\"width\":1400,\"height\":787,\"caption\":\"besenzoni-fuorisalone-2025\"},{\"@type\":\"BreadcrumbList\",\"@id\":\"https:\\\/\\\/www.yachtingnews.com\\\/de\\\/besenzoni-steht-beim-fuorisalone-mit-reflections-on-the-sea-im-mittelpunkt\\\/#breadcrumb\",\"itemListElement\":[{\"@type\":\"ListItem\",\"position\":1,\"name\":\"Home\",\"item\":\"https:\\\/\\\/www.yachtingnews.com\\\/de\\\/yachting-news-2\\\/\"},{\"@type\":\"ListItem\",\"position\":2,\"name\":\"Besenzoni steht beim FuoriSalone mit &#8216;Reflections on the Sea&#8217; im Mittelpunkt\"}]},{\"@type\":\"WebSite\",\"@id\":\"https:\\\/\\\/www.yachtingnews.com\\\/de\\\/#website\",\"url\":\"https:\\\/\\\/www.yachtingnews.com\\\/de\\\/\",\"name\":\"Yachting News\",\"description\":\"The International Yachting Media\",\"publisher\":{\"@id\":\"https:\\\/\\\/www.yachtingnews.com\\\/de\\\/#organization\"},\"potentialAction\":[{\"@type\":\"SearchAction\",\"target\":{\"@type\":\"EntryPoint\",\"urlTemplate\":\"https:\\\/\\\/www.yachtingnews.com\\\/de\\\/?s={search_term_string}\"},\"query-input\":{\"@type\":\"PropertyValueSpecification\",\"valueRequired\":true,\"valueName\":\"search_term_string\"}}],\"inLanguage\":\"de\"},{\"@type\":\"Organization\",\"@id\":\"https:\\\/\\\/www.yachtingnews.com\\\/de\\\/#organization\",\"name\":\"Yachting News\",\"url\":\"https:\\\/\\\/www.yachtingnews.com\\\/de\\\/\",\"logo\":{\"@type\":\"ImageObject\",\"inLanguage\":\"de\",\"@id\":\"https:\\\/\\\/www.yachtingnews.com\\\/de\\\/#\\\/schema\\\/logo\\\/image\\\/\",\"url\":\"https:\\\/\\\/www.yachtingnews.com\\\/wp-content\\\/uploads\\\/2023\\\/02\\\/LOGO-Yachting-NEWS-blu-800.png\",\"contentUrl\":\"https:\\\/\\\/www.yachtingnews.com\\\/wp-content\\\/uploads\\\/2023\\\/02\\\/LOGO-Yachting-NEWS-blu-800.png\",\"width\":790,\"height\":99,\"caption\":\"Yachting News\"},\"image\":{\"@id\":\"https:\\\/\\\/www.yachtingnews.com\\\/de\\\/#\\\/schema\\\/logo\\\/image\\\/\"},\"sameAs\":[\"https:\\\/\\\/www.facebook.com\\\/TheInternationalYachtingMedia\",\"https:\\\/\\\/x.com\\\/YachtingMedia\",\"https:\\\/\\\/www.instagram.com\\\/yachting.news\\\/\",\"https:\\\/\\\/www.linkedin.com\\\/company\\\/the-international-yachting-media\",\"https:\\\/\\\/www.youtube.com\\\/c\\\/TheInternationalYachtingMedia\"]},{\"@type\":\"Person\",\"@id\":\"https:\\\/\\\/www.yachtingnews.com\\\/de\\\/#\\\/schema\\\/person\\\/d2e99eb1c7ce9e28a78d15e3d5d68eb3\",\"name\":\"Alessandro Giuzio\",\"image\":{\"@type\":\"ImageObject\",\"inLanguage\":\"de\",\"@id\":\"https:\\\/\\\/www.yachtingnews.com\\\/wp-content\\\/litespeed\\\/avatar\\\/a99e5f8da4fc551fb53eb9f1fec61fb4.jpg?ver=1788189881\",\"url\":\"https:\\\/\\\/www.yachtingnews.com\\\/wp-content\\\/litespeed\\\/avatar\\\/a99e5f8da4fc551fb53eb9f1fec61fb4.jpg?ver=1788189881\",\"contentUrl\":\"https:\\\/\\\/www.yachtingnews.com\\\/wp-content\\\/litespeed\\\/avatar\\\/a99e5f8da4fc551fb53eb9f1fec61fb4.jpg?ver=1788189881\",\"caption\":\"Alessandro Giuzio\"},\"description\":\"Alessandro is a professional journalist and contributes to The International Yachting Media since 2022. He is an expert on the sea and of course on boats.\",\"url\":\"https:\\\/\\\/www.yachtingnews.com\\\/de\\\/author\\\/alexgiuzio\\\/\"}]}<\/script>\n<!-- \/ Yoast SEO plugin. -->","yoast_head_json":{"title":"Besenzoni steht im Mittelpunkt der FuoriSalone- Yachting News","description":"Besenzoni bekr\u00e4ftigt seine f\u00fchrende Rolle im nautischen Design. Das zweite Jahr in Folge hat das in Sarnico ans\u00e4ssige Unternehmen, das sich auf Yachtdesign spezialisiert ...","robots":{"index":"index","follow":"follow","max-snippet":"max-snippet:-1","max-image-preview":"max-image-preview:large","max-video-preview":"max-video-preview:-1"},"canonical":"https:\/\/www.yachtingnews.com\/de\/besenzoni-steht-beim-fuorisalone-mit-reflections-on-the-sea-im-mittelpunkt\/","og_locale":"de_DE","og_type":"article","og_title":"Besenzoni steht im Mittelpunkt der FuoriSalone- Yachting News","og_description":"Besenzoni bekr\u00e4ftigt seine f\u00fchrende Rolle im nautischen Design. Das zweite Jahr in Folge hat das in Sarnico ans\u00e4ssige Unternehmen, das sich auf Yachtdesign spezialisiert ...","og_url":"https:\/\/www.yachtingnews.com\/de\/besenzoni-steht-beim-fuorisalone-mit-reflections-on-the-sea-im-mittelpunkt\/","og_site_name":"Yachting News","article_publisher":"https:\/\/www.facebook.com\/TheInternationalYachtingMedia","article_published_time":"2025-04-21T15:17:23+00:00","article_modified_time":"2025-04-29T16:42:12+00:00","og_image":[{"width":1400,"height":787,"url":"https:\/\/www.yachtingnews.com\/wp-content\/uploads\/2025\/04\/UTF-8besenzoni-fuorisalone-foto.jpg","type":"image\/jpeg"}],"author":"Alessandro Giuzio","twitter_card":"summary_large_image","twitter_creator":"@YachtingMedia","twitter_site":"@YachtingMedia","twitter_misc":{"Verfasst von":"Alessandro Giuzio","Gesch\u00e4tzte Lesezeit":"3\u00a0Minuten"},"schema":{"@context":"https:\/\/schema.org","@graph":[{"@type":"Article","@id":"https:\/\/www.yachtingnews.com\/de\/besenzoni-steht-beim-fuorisalone-mit-reflections-on-the-sea-im-mittelpunkt\/#article","isPartOf":{"@id":"https:\/\/www.yachtingnews.com\/de\/besenzoni-steht-beim-fuorisalone-mit-reflections-on-the-sea-im-mittelpunkt\/"},"author":{"name":"Alessandro Giuzio","@id":"https:\/\/www.yachtingnews.com\/de\/#\/schema\/person\/d2e99eb1c7ce9e28a78d15e3d5d68eb3"},"headline":"Besenzoni steht beim FuoriSalone mit &#8218;Reflections on the Sea&#8216; im Mittelpunkt","datePublished":"2025-04-21T15:17:23+00:00","dateModified":"2025-04-29T16:42:12+00:00","mainEntityOfPage":{"@id":"https:\/\/www.yachtingnews.com\/de\/besenzoni-steht-beim-fuorisalone-mit-reflections-on-the-sea-im-mittelpunkt\/"},"wordCount":667,"commentCount":0,"publisher":{"@id":"https:\/\/www.yachtingnews.com\/de\/#organization"},"image":{"@id":"https:\/\/www.yachtingnews.com\/de\/besenzoni-steht-beim-fuorisalone-mit-reflections-on-the-sea-im-mittelpunkt\/#primaryimage"},"thumbnailUrl":"https:\/\/www.yachtingnews.com\/wp-content\/uploads\/2025\/04\/UTF-8besenzoni-fuorisalone-foto.jpg","keywords":["Besenzoni"],"articleSection":["Boot Versorgung","Nachrichten"],"inLanguage":"de","potentialAction":[{"@type":"CommentAction","name":"Comment","target":["https:\/\/www.yachtingnews.com\/de\/besenzoni-steht-beim-fuorisalone-mit-reflections-on-the-sea-im-mittelpunkt\/#respond"]}]},{"@type":"WebPage","@id":"https:\/\/www.yachtingnews.com\/de\/besenzoni-steht-beim-fuorisalone-mit-reflections-on-the-sea-im-mittelpunkt\/","url":"https:\/\/www.yachtingnews.com\/de\/besenzoni-steht-beim-fuorisalone-mit-reflections-on-the-sea-im-mittelpunkt\/","name":"Besenzoni steht im Mittelpunkt der FuoriSalone- Yachting News","isPartOf":{"@id":"https:\/\/www.yachtingnews.com\/de\/#website"},"primaryImageOfPage":{"@id":"https:\/\/www.yachtingnews.com\/de\/besenzoni-steht-beim-fuorisalone-mit-reflections-on-the-sea-im-mittelpunkt\/#primaryimage"},"image":{"@id":"https:\/\/www.yachtingnews.com\/de\/besenzoni-steht-beim-fuorisalone-mit-reflections-on-the-sea-im-mittelpunkt\/#primaryimage"},"thumbnailUrl":"https:\/\/www.yachtingnews.com\/wp-content\/uploads\/2025\/04\/UTF-8besenzoni-fuorisalone-foto.jpg","datePublished":"2025-04-21T15:17:23+00:00","dateModified":"2025-04-29T16:42:12+00:00","description":"Besenzoni bekr\u00e4ftigt seine f\u00fchrende Rolle im nautischen Design. Das zweite Jahr in Folge hat das in Sarnico ans\u00e4ssige Unternehmen, das sich auf Yachtdesign spezialisiert ...","breadcrumb":{"@id":"https:\/\/www.yachtingnews.com\/de\/besenzoni-steht-beim-fuorisalone-mit-reflections-on-the-sea-im-mittelpunkt\/#breadcrumb"},"inLanguage":"de","potentialAction":[{"@type":"ReadAction","target":["https:\/\/www.yachtingnews.com\/de\/besenzoni-steht-beim-fuorisalone-mit-reflections-on-the-sea-im-mittelpunkt\/"]}]},{"@type":"ImageObject","inLanguage":"de","@id":"https:\/\/www.yachtingnews.com\/de\/besenzoni-steht-beim-fuorisalone-mit-reflections-on-the-sea-im-mittelpunkt\/#primaryimage","url":"https:\/\/www.yachtingnews.com\/wp-content\/uploads\/2025\/04\/UTF-8besenzoni-fuorisalone-foto.jpg","contentUrl":"https:\/\/www.yachtingnews.com\/wp-content\/uploads\/2025\/04\/UTF-8besenzoni-fuorisalone-foto.jpg","width":1400,"height":787,"caption":"besenzoni-fuorisalone-2025"},{"@type":"BreadcrumbList","@id":"https:\/\/www.yachtingnews.com\/de\/besenzoni-steht-beim-fuorisalone-mit-reflections-on-the-sea-im-mittelpunkt\/#breadcrumb","itemListElement":[{"@type":"ListItem","position":1,"name":"Home","item":"https:\/\/www.yachtingnews.com\/de\/yachting-news-2\/"},{"@type":"ListItem","position":2,"name":"Besenzoni steht beim FuoriSalone mit &#8216;Reflections on the Sea&#8217; im Mittelpunkt"}]},{"@type":"WebSite","@id":"https:\/\/www.yachtingnews.com\/de\/#website","url":"https:\/\/www.yachtingnews.com\/de\/","name":"Yachting News","description":"The International Yachting Media","publisher":{"@id":"https:\/\/www.yachtingnews.com\/de\/#organization"},"potentialAction":[{"@type":"SearchAction","target":{"@type":"EntryPoint","urlTemplate":"https:\/\/www.yachtingnews.com\/de\/?s={search_term_string}"},"query-input":{"@type":"PropertyValueSpecification","valueRequired":true,"valueName":"search_term_string"}}],"inLanguage":"de"},{"@type":"Organization","@id":"https:\/\/www.yachtingnews.com\/de\/#organization","name":"Yachting News","url":"https:\/\/www.yachtingnews.com\/de\/","logo":{"@type":"ImageObject","inLanguage":"de","@id":"https:\/\/www.yachtingnews.com\/de\/#\/schema\/logo\/image\/","url":"https:\/\/www.yachtingnews.com\/wp-content\/uploads\/2023\/02\/LOGO-Yachting-NEWS-blu-800.png","contentUrl":"https:\/\/www.yachtingnews.com\/wp-content\/uploads\/2023\/02\/LOGO-Yachting-NEWS-blu-800.png","width":790,"height":99,"caption":"Yachting News"},"image":{"@id":"https:\/\/www.yachtingnews.com\/de\/#\/schema\/logo\/image\/"},"sameAs":["https:\/\/www.facebook.com\/TheInternationalYachtingMedia","https:\/\/x.com\/YachtingMedia","https:\/\/www.instagram.com\/yachting.news\/","https:\/\/www.linkedin.com\/company\/the-international-yachting-media","https:\/\/www.youtube.com\/c\/TheInternationalYachtingMedia"]},{"@type":"Person","@id":"https:\/\/www.yachtingnews.com\/de\/#\/schema\/person\/d2e99eb1c7ce9e28a78d15e3d5d68eb3","name":"Alessandro Giuzio","image":{"@type":"ImageObject","inLanguage":"de","@id":"https:\/\/www.yachtingnews.com\/wp-content\/litespeed\/avatar\/a99e5f8da4fc551fb53eb9f1fec61fb4.jpg?ver=1788189881","url":"https:\/\/www.yachtingnews.com\/wp-content\/litespeed\/avatar\/a99e5f8da4fc551fb53eb9f1fec61fb4.jpg?ver=1788189881","contentUrl":"https:\/\/www.yachtingnews.com\/wp-content\/litespeed\/avatar\/a99e5f8da4fc551fb53eb9f1fec61fb4.jpg?ver=1788189881","caption":"Alessandro Giuzio"},"description":"Alessandro is a professional journalist and contributes to The International Yachting Media since 2022. He is an expert on the sea and of course on boats.","url":"https:\/\/www.yachtingnews.com\/de\/author\/alexgiuzio\/"}]}},"_links":{"self":[{"href":"https:\/\/www.yachtingnews.com\/de\/wp-json\/wp\/v2\/posts\/145866","targetHints":{"allow":["GET"]}}],"collection":[{"href":"https:\/\/www.yachtingnews.com\/de\/wp-json\/wp\/v2\/posts"}],"about":[{"href":"https:\/\/www.yachtingnews.com\/de\/wp-json\/wp\/v2\/types\/post"}],"author":[{"embeddable":true,"href":"https:\/\/www.yachtingnews.com\/de\/wp-json\/wp\/v2\/users\/45"}],"replies":[{"embeddable":true,"href":"https:\/\/www.yachtingnews.com\/de\/wp-json\/wp\/v2\/comments?post=145866"}],"version-history":[{"count":0,"href":"https:\/\/www.yachtingnews.com\/de\/wp-json\/wp\/v2\/posts\/145866\/revisions"}],"wp:featuredmedia":[{"embeddable":true,"href":"https:\/\/www.yachtingnews.com\/de\/wp-json\/wp\/v2\/media\/145593"}],"wp:attachment":[{"href":"https:\/\/www.yachtingnews.com\/de\/wp-json\/wp\/v2\/media?parent=145866"}],"wp:term":[{"taxonomy":"category","embeddable":true,"href":"https:\/\/www.yachtingnews.com\/de\/wp-json\/wp\/v2\/categories?post=145866"},{"taxonomy":"post_tag","embeddable":true,"href":"https:\/\/www.yachtingnews.com\/de\/wp-json\/wp\/v2\/tags?post=145866"}],"curies":[{"name":"wp","href":"https:\/\/api.w.org\/{rel}","templated":true}]}}