{"id":153721,"date":"2022-10-31T12:05:15","date_gmt":"2022-10-31T11:05:15","guid":{"rendered":"https:\/\/yachtingnews.com\/weltpremiere-der-pearl-72-auf-der-flibs\/"},"modified":"2025-08-23T12:48:41","modified_gmt":"2025-08-23T11:48:41","slug":"weltpremiere-der-pearl-72-auf-der-flibs","status":"publish","type":"post","link":"https:\/\/www.yachtingnews.com\/de\/weltpremiere-der-pearl-72-auf-der-flibs\/","title":{"rendered":"Weltpremiere der Pearl 72 auf der FLIBS"},"content":{"rendered":"\t\t<div data-elementor-type=\"wp-post\" data-elementor-id=\"153721\" class=\"elementor elementor-153721 elementor-42999\" data-elementor-post-type=\"post\">\n\t\t\t\t\t\t<section class=\"elementor-section elementor-top-section elementor-element elementor-element-2266f5dd elementor-section-boxed elementor-section-height-default elementor-section-height-default\" data-id=\"2266f5dd\" data-element_type=\"section\" data-e-type=\"section\">\n\t\t\t\t\t\t<div class=\"elementor-container elementor-column-gap-default\">\n\t\t\t\t\t<div class=\"elementor-column elementor-col-100 elementor-top-column elementor-element elementor-element-1e970115\" data-id=\"1e970115\" data-element_type=\"column\" data-e-type=\"column\">\n\t\t\t<div class=\"elementor-widget-wrap elementor-element-populated\">\n\t\t\t\t\t\t<div class=\"elementor-element elementor-element-165dcf1f elementor-widget elementor-widget-text-editor\" data-id=\"165dcf1f\" data-element_type=\"widget\" data-e-type=\"widget\" data-widget_type=\"text-editor.default\">\n\t\t\t\t<div class=\"elementor-widget-container\">\n\t\t\t\t\t\t\t\t\t<p><span lang=\"en-US\">Es ist etwa ein Jahr her, dass das Design auf dem Cannes Yachting Festival 2021 enth\u00fcllt wurde, aber jetzt, auf der anderen Seite der Welt, auf der <a href=\"https:\/\/yachtingnews.com\/international-boat-show\/fort-lauderdale-boat-shows\/\">Fort Lauderdale International Boat Show 2022<\/a>, wird die <\/span><span lang=\"en-US\"><b>Pearl 72<\/b><\/span><span lang=\"en-US\"> mit einem gro\u00dfartigen Au\u00dfendesign von Dixon Yacht Design und einem Innendesign von Kelly Hoppen CBE in die Realit\u00e4t umgesetzt, <\/span><span lang=\"en-US\"><b>Pearl Yachts<\/b><\/span><span lang=\"en-US\"> den exquisiten britischen Stil seines neuesten Schmuckst\u00fccks zum ersten Mal der \u00d6ffentlichkeit vor.<\/span><\/p><p lang=\"en-US\"><img decoding=\"async\" class=\"alignleft wp-image-43002\" title=\"pearl 72 Seitenansicht\" src=\"https:\/\/yachtingnews.com\/wp-content\/uploads\/2022\/10\/pearl-72-side-view-300x169.jpg\" alt=\"pearl 72 Seitenansicht\" width=\"450\" height=\"253\" srcset=\"https:\/\/www.yachtingnews.com\/wp-content\/uploads\/2022\/10\/pearl-72-side-view-300x169.jpg 300w, https:\/\/www.yachtingnews.com\/wp-content\/uploads\/2022\/10\/pearl-72-side-view-480x270.jpg 480w, https:\/\/www.yachtingnews.com\/wp-content\/uploads\/2022\/10\/pearl-72-side-view.jpg 768w\" sizes=\"(max-width: 450px) 100vw, 450px\" \/>Die neue Pearl 72 ist mit ihren zwei &#8222;Master&#8220;-Kabinen extrem ger\u00e4umig, eine davon im Bug mit eigenem Eingang, wie es f\u00fcr viel gr\u00f6\u00dfere Yachten typisch ist, und die zweite mittschiffs. Dar\u00fcber hinaus verf\u00fcgt sie \u00fcber zwei weitere Doppelkabinen mit eigenem Bad und Unterk\u00fcnften f\u00fcr die Besatzung sowie eine Garage von au\u00dfergew\u00f6hnlicher Gr\u00f6\u00dfe mit gen\u00fcgend Platz f\u00fcr eine William 345 (oder ein \u00e4hnliches Beiboot) und einen Jetski. Die klappbaren Balkone auf Wasserebene bilden einen Beach Club f\u00fcr alle, die sich gerne am Wasser aufhalten, und erm\u00f6glichen es den Eignern, auch beim Anlegen im Hafen eine herrliche Aussicht zu genie\u00dfen. <\/p><p lang=\"en-US\">Hinter der Innovation und der hervorragenden Seet\u00fcchtigkeit, die Pearl Yachts auszeichnen, stehen der preisgekr\u00f6nte Schiffsarchitekt <b>Bill Dixon<\/b>, der an den aerodynamischen Linien gearbeitet hat, und der weltbekannte Designer <b>Kelly Hoppen CBE<\/b>, der die Inneneinrichtung entworfen hat: ein sich st\u00e4ndig weiterentwickelnder Stil, der sich durch eine subtile Verschmelzung von klaren Linien und neutralen T\u00f6nen auszeichnet und der ihm zahlreiche renommierte Auszeichnungen eingebracht hat. Pures britisches Design, innen wie au\u00dfen. <\/p><p lang=\"en-US\">Und schlie\u00dflich bringt die neue Pearl 72 <img decoding=\"async\" class=\"alignright wp-image-43003\" title=\"Masterkabine\" src=\"https:\/\/yachtingnews.com\/wp-content\/uploads\/2022\/10\/master-cabin-1-300x169.jpg\" alt=\"Masterkabine\" width=\"450\" height=\"253\" srcset=\"https:\/\/www.yachtingnews.com\/wp-content\/uploads\/2022\/10\/master-cabin-1-300x169.jpg 300w, https:\/\/www.yachtingnews.com\/wp-content\/uploads\/2022\/10\/master-cabin-1-480x270.jpg 480w, https:\/\/www.yachtingnews.com\/wp-content\/uploads\/2022\/10\/master-cabin-1.jpg 768w\" sizes=\"(max-width: 450px) 100vw, 450px\" \/>eine weitere Premiere an Bord: Kellys neues Designthema &#8222;Indulgence&#8220; f\u00fcr die Inneneinrichtung. Das Design dieser Yacht soll das urbane Leben in New York City einfangen und die unglaublichen mechanischen Eigenschaften mit einer Reihe von Materialien wie Holz, Stein und kontrastierenden Metalldetails kombinieren, die bezaubernde Reflexionen und luxuri\u00f6se Farbt\u00f6ne erzeugen, die das Innere der Yacht ideal mit dem Meer verschmelzen. <\/p><p>&#8222;<span lang=\"en-US\"><i>Ich wei\u00df, dass ich f\u00fcr jeden von uns spreche, der an dem Projekt Pearl 72 beteiligt war, wenn ich sage, dass es ein ungemein befriedigender Moment ist, unter der Sonne Floridas zu entspannen, umgeben von Freunden, w\u00e4hrend das fertige Produkt all unserer Bem\u00fchungen vor uns funkelt.  <\/i><\/span><span lang=\"en-US\">sagte Pearl CEO  <\/span><strong><span lang=\"en-US\">Iain Smallridge<\/span><\/strong> <span lang=\"en-US\"><i>Die <a href=\"https:\/\/www.superyachts.news\/?s=fort+lauderdale\" target=\"_blank\" rel=\"noopener\">Fort Lauderdale International Boat Show<\/a> war der perfekte Rahmen f\u00fcr die Premiere und unterstreicht die wachsende Bedeutung unseres amerikanischen Marktes, auf dem wir jetzt \u00fcber unsere Partner Atlantic Yacht &amp; Ship, den H\u00e4ndler an der Ostk\u00fcste, und Jeff Brown Yachts, den H\u00e4ndler an der Westk\u00fcste, ein gut etabliertes Vertriebsnetz haben.&#8220;  <\/i><\/span><\/p><h2 class=\"western\" lang=\"en-US\">Pearl 72 &#8211; technische Daten<\/h2><table border=\"1\" width=\"100%\" cellspacing=\"0\" cellpadding=\"4\"><tbody><tr valign=\"TOP\"><td width=\"50%\"><p lang=\"en-US\">LOA<\/p><\/td><td width=\"50%\"><p lang=\"en-US\">21.99 m<\/p><\/td><\/tr><tr valign=\"TOP\"><td width=\"50%\"><p lang=\"en-US\">LH<\/p><\/td><td width=\"50%\"><p lang=\"en-US\">21.13.00<\/p><\/td><\/tr><tr valign=\"TOP\"><td width=\"50%\"><p lang=\"en-US\">Max Beam<\/p><\/td><td width=\"50%\"><p lang=\"en-US\">5.75 m<\/p><\/td><\/tr><tr valign=\"TOP\"><td width=\"50%\"><p lang=\"en-US\">Entwurf<\/p><\/td><td width=\"50%\"><p lang=\"en-US\">1.70 m<\/p><\/td><\/tr><tr valign=\"TOP\"><td width=\"50%\"><p lang=\"en-US\">Motoren<\/p><\/td><td width=\"50%\"><p lang=\"en-US\">Standard: 2x MAN V12 1400Hp; Optional: 2x MTU 10V2000 M96L 1600HP<\/p><\/td><\/tr><tr valign=\"TOP\"><td width=\"50%\"><p lang=\"en-US\">Verdr\u00e4ngung<\/p><\/td><td width=\"50%\"><p lang=\"en-US\">48 Tonnen<\/p><\/td><\/tr><tr valign=\"TOP\"><td width=\"50%\"><p lang=\"en-US\">H\u00f6chstgeschwindigkeit<\/p><\/td><td width=\"50%\"><p lang=\"en-US\">32 kn<\/p><\/td><\/tr><tr valign=\"TOP\"><td width=\"50%\"><p lang=\"en-US\">Kraftstoff<\/p><\/td><td width=\"50%\"><p lang=\"en-US\">4250l<\/p><\/td><\/tr><tr valign=\"TOP\"><td width=\"50%\"><p lang=\"en-US\">Wasser<\/p><\/td><td width=\"50%\"><p lang=\"en-US\">590l<\/p><\/td><\/tr><tr valign=\"TOP\"><td width=\"50%\"><p lang=\"en-US\">G\u00e4stekabinen<\/p><\/td><td width=\"50%\"><p lang=\"en-US\">4<\/p><\/td><\/tr><tr valign=\"TOP\"><td width=\"50%\"><p lang=\"en-US\">Crew-Kabinen<\/p><\/td><td width=\"50%\"><p lang=\"en-US\">1<\/p><\/td><\/tr><tr valign=\"TOP\"><td width=\"50%\"><p lang=\"en-US\">Liegepl\u00e4tze<\/p><\/td><td width=\"50%\"><p lang=\"en-US\">8+2<\/p><\/td><\/tr><tr valign=\"TOP\"><td width=\"50%\"><p lang=\"en-US\">Hauptf\u00e4cher<\/p><\/td><td width=\"50%\"><p lang=\"en-US\">5<\/p><\/td><\/tr><tr valign=\"TOP\"><td width=\"50%\"><p lang=\"en-US\">Materialien<\/p><\/td><td width=\"50%\"><p lang=\"en-US\">GRP<\/p><\/td><\/tr><tr valign=\"TOP\"><td width=\"50%\"><p lang=\"en-US\">Bauherr<\/p><\/td><td width=\"50%\"><p lang=\"en-US\">Perle Yachten<\/p><\/td><\/tr><tr valign=\"TOP\"><td width=\"50%\"><p lang=\"en-US\">Au\u00dfendesigner &amp; Konzept<\/p><\/td><td width=\"50%\"><p lang=\"en-US\">Dixon Yacht Design<\/p><\/td><\/tr><tr valign=\"TOP\"><td width=\"50%\"><p lang=\"en-US\">Innenarchitekt<\/p><\/td><td width=\"50%\"><p lang=\"en-US\">Kelly Hoppen CBE<\/p><\/td><\/tr><tr valign=\"TOP\"><td width=\"50%\"><p lang=\"en-US\">Kategorie Design<\/p><\/td><td width=\"50%\"><p lang=\"en-US\">B<\/p><\/td><\/tr><\/tbody><\/table><p lang=\"en-US\"> <\/p>\t\t\t\t\t\t\t\t<\/div>\n\t\t\t\t<\/div>\n\t\t\t\t\t<\/div>\n\t\t<\/div>\n\t\t\t\t\t<\/div>\n\t\t<\/section>\n\t\t\t\t<\/div>\n\t\t","protected":false},"excerpt":{"rendered":"<p>Es ist etwa ein Jahr her, dass das Design auf dem Cannes Yachting Festival 2021 enth\u00fcllt wurde, aber jetzt, auf der anderen Seite der Welt, auf der Fort Lauderdale International Boat Show 2022, wird die Pearl 72 mit einem gro\u00dfartigen Au\u00dfendesign von Dixon Yacht Design und einem Innendesign von Kelly Hoppen CBE in die Realit\u00e4t [&hellip;]<\/p>\n","protected":false},"author":56,"featured_media":59107,"comment_status":"open","ping_status":"open","sticky":false,"template":"","format":"standard","meta":{"_mo_disable_npp":"","footnotes":""},"categories":[660,663,685,689,654],"tags":[1854,4459,4458],"class_list":["post-153721","post","type-post","status-publish","format-standard","has-post-thumbnail","hentry","category-bootsausstellungen","category-fort-lauderdale-international-boat-show","category-lifestyle-de","category-maxi-ribs-und-luxury-open-cruiser","category-news-de","tag-internationale-bootsausstellung-in-fort-lauderdale","tag-neue-perle-72","tag-perle-yachten"],"yoast_head":"<!-- This site is optimized with the Yoast SEO plugin v28.3 - https:\/\/yoast.com\/product\/yoast-seo-wordpress\/ -->\n<title>Weltpremiere der Pearl 72 auf der FLIBS - Yachting News<\/title>\n<meta name=\"description\" content=\"Es ist etwa ein Jahr her, dass das Design auf dem Cannes Yachting Festival 2021 enth\u00fcllt wurde, aber jetzt ist die Pearl 72 konkrete Realit\u00e4t\" \/>\n<meta name=\"robots\" content=\"index, follow, max-snippet:-1, max-image-preview:large, max-video-preview:-1\" \/>\n<link rel=\"canonical\" href=\"https:\/\/www.yachtingnews.com\/de\/weltpremiere-der-pearl-72-auf-der-flibs\/\" \/>\n<meta property=\"og:locale\" content=\"de_DE\" \/>\n<meta property=\"og:type\" content=\"article\" \/>\n<meta property=\"og:title\" content=\"Weltpremiere der Pearl 72 auf der FLIBS - Yachting News\" \/>\n<meta property=\"og:description\" content=\"Es ist etwa ein Jahr her, dass das Design auf dem Cannes Yachting Festival 2021 enth\u00fcllt wurde, aber jetzt ist die Pearl 72 konkrete Realit\u00e4t\" \/>\n<meta property=\"og:url\" content=\"https:\/\/www.yachtingnews.com\/de\/weltpremiere-der-pearl-72-auf-der-flibs\/\" \/>\n<meta property=\"og:site_name\" content=\"Yachting News\" \/>\n<meta property=\"article:publisher\" content=\"https:\/\/www.facebook.com\/TheInternationalYachtingMedia\" \/>\n<meta property=\"article:published_time\" content=\"2022-10-31T11:05:15+00:00\" \/>\n<meta property=\"article:modified_time\" content=\"2025-08-23T11:48:41+00:00\" \/>\n<meta property=\"og:image\" content=\"https:\/\/www.yachtingnews.com\/wp-content\/uploads\/2022\/10\/pearl-72.jpg\" \/>\n\t<meta property=\"og:image:width\" content=\"1503\" \/>\n\t<meta property=\"og:image:height\" content=\"846\" \/>\n\t<meta property=\"og:image:type\" content=\"image\/jpeg\" \/>\n<meta name=\"author\" content=\"Alessio Molla\" \/>\n<meta name=\"twitter:card\" content=\"summary_large_image\" \/>\n<meta name=\"twitter:creator\" content=\"@YachtingMedia\" \/>\n<meta name=\"twitter:site\" content=\"@YachtingMedia\" \/>\n<meta name=\"twitter:label1\" content=\"Verfasst von\" \/>\n\t<meta name=\"twitter:data1\" content=\"Alessio Molla\" \/>\n\t<meta name=\"twitter:label2\" content=\"Gesch\u00e4tzte Lesezeit\" \/>\n\t<meta name=\"twitter:data2\" content=\"2\u00a0Minuten\" \/>\n<script type=\"application\/ld+json\" class=\"yoast-schema-graph\">{\"@context\":\"https:\\\/\\\/schema.org\",\"@graph\":[{\"@type\":\"Article\",\"@id\":\"https:\\\/\\\/www.yachtingnews.com\\\/de\\\/weltpremiere-der-pearl-72-auf-der-flibs\\\/#article\",\"isPartOf\":{\"@id\":\"https:\\\/\\\/www.yachtingnews.com\\\/de\\\/weltpremiere-der-pearl-72-auf-der-flibs\\\/\"},\"author\":{\"name\":\"Alessio Molla\",\"@id\":\"https:\\\/\\\/www.yachtingnews.com\\\/de\\\/#\\\/schema\\\/person\\\/26cc8c9362c1c1f488e167e1517dbbf8\"},\"headline\":\"Weltpremiere der Pearl 72 auf der FLIBS\",\"datePublished\":\"2022-10-31T11:05:15+00:00\",\"dateModified\":\"2025-08-23T11:48:41+00:00\",\"mainEntityOfPage\":{\"@id\":\"https:\\\/\\\/www.yachtingnews.com\\\/de\\\/weltpremiere-der-pearl-72-auf-der-flibs\\\/\"},\"wordCount\":503,\"commentCount\":0,\"publisher\":{\"@id\":\"https:\\\/\\\/www.yachtingnews.com\\\/de\\\/#organization\"},\"image\":{\"@id\":\"https:\\\/\\\/www.yachtingnews.com\\\/de\\\/weltpremiere-der-pearl-72-auf-der-flibs\\\/#primaryimage\"},\"thumbnailUrl\":\"https:\\\/\\\/www.yachtingnews.com\\\/wp-content\\\/uploads\\\/2022\\\/10\\\/pearl-72.jpg\",\"keywords\":[\"Internationale Bootsausstellung in Fort Lauderdale\",\"neue Perle 72\",\"Perle Yachten\"],\"articleSection\":[\"Bootsausstellungen\",\"Internationale Bootsausstellung in Fort Lauderdale\",\"LIFESTYLE\",\"MAXI RIBS &amp; LUXURI\u00d6SE OFFENE KREUZFAHRTSCHIFFE\",\"Nachrichten\"],\"inLanguage\":\"de\",\"potentialAction\":[{\"@type\":\"CommentAction\",\"name\":\"Comment\",\"target\":[\"https:\\\/\\\/www.yachtingnews.com\\\/de\\\/weltpremiere-der-pearl-72-auf-der-flibs\\\/#respond\"]}]},{\"@type\":\"WebPage\",\"@id\":\"https:\\\/\\\/www.yachtingnews.com\\\/de\\\/weltpremiere-der-pearl-72-auf-der-flibs\\\/\",\"url\":\"https:\\\/\\\/www.yachtingnews.com\\\/de\\\/weltpremiere-der-pearl-72-auf-der-flibs\\\/\",\"name\":\"Weltpremiere der Pearl 72 auf der FLIBS - Yachting News\",\"isPartOf\":{\"@id\":\"https:\\\/\\\/www.yachtingnews.com\\\/de\\\/#website\"},\"primaryImageOfPage\":{\"@id\":\"https:\\\/\\\/www.yachtingnews.com\\\/de\\\/weltpremiere-der-pearl-72-auf-der-flibs\\\/#primaryimage\"},\"image\":{\"@id\":\"https:\\\/\\\/www.yachtingnews.com\\\/de\\\/weltpremiere-der-pearl-72-auf-der-flibs\\\/#primaryimage\"},\"thumbnailUrl\":\"https:\\\/\\\/www.yachtingnews.com\\\/wp-content\\\/uploads\\\/2022\\\/10\\\/pearl-72.jpg\",\"datePublished\":\"2022-10-31T11:05:15+00:00\",\"dateModified\":\"2025-08-23T11:48:41+00:00\",\"description\":\"Es ist etwa ein Jahr her, dass das Design auf dem Cannes Yachting Festival 2021 enth\u00fcllt wurde, aber jetzt ist die Pearl 72 konkrete Realit\u00e4t\",\"breadcrumb\":{\"@id\":\"https:\\\/\\\/www.yachtingnews.com\\\/de\\\/weltpremiere-der-pearl-72-auf-der-flibs\\\/#breadcrumb\"},\"inLanguage\":\"de\",\"potentialAction\":[{\"@type\":\"ReadAction\",\"target\":[\"https:\\\/\\\/www.yachtingnews.com\\\/de\\\/weltpremiere-der-pearl-72-auf-der-flibs\\\/\"]}]},{\"@type\":\"ImageObject\",\"inLanguage\":\"de\",\"@id\":\"https:\\\/\\\/www.yachtingnews.com\\\/de\\\/weltpremiere-der-pearl-72-auf-der-flibs\\\/#primaryimage\",\"url\":\"https:\\\/\\\/www.yachtingnews.com\\\/wp-content\\\/uploads\\\/2022\\\/10\\\/pearl-72.jpg\",\"contentUrl\":\"https:\\\/\\\/www.yachtingnews.com\\\/wp-content\\\/uploads\\\/2022\\\/10\\\/pearl-72.jpg\",\"width\":1503,\"height\":846,\"caption\":\"Perle 72\"},{\"@type\":\"BreadcrumbList\",\"@id\":\"https:\\\/\\\/www.yachtingnews.com\\\/de\\\/weltpremiere-der-pearl-72-auf-der-flibs\\\/#breadcrumb\",\"itemListElement\":[{\"@type\":\"ListItem\",\"position\":1,\"name\":\"Home\",\"item\":\"https:\\\/\\\/www.yachtingnews.com\\\/de\\\/yachting-news-2\\\/\"},{\"@type\":\"ListItem\",\"position\":2,\"name\":\"Weltpremiere der Pearl 72 auf der FLIBS\"}]},{\"@type\":\"WebSite\",\"@id\":\"https:\\\/\\\/www.yachtingnews.com\\\/de\\\/#website\",\"url\":\"https:\\\/\\\/www.yachtingnews.com\\\/de\\\/\",\"name\":\"Yachting News\",\"description\":\"The International Yachting Media\",\"publisher\":{\"@id\":\"https:\\\/\\\/www.yachtingnews.com\\\/de\\\/#organization\"},\"potentialAction\":[{\"@type\":\"SearchAction\",\"target\":{\"@type\":\"EntryPoint\",\"urlTemplate\":\"https:\\\/\\\/www.yachtingnews.com\\\/de\\\/?s={search_term_string}\"},\"query-input\":{\"@type\":\"PropertyValueSpecification\",\"valueRequired\":true,\"valueName\":\"search_term_string\"}}],\"inLanguage\":\"de\"},{\"@type\":\"Organization\",\"@id\":\"https:\\\/\\\/www.yachtingnews.com\\\/de\\\/#organization\",\"name\":\"Yachting News\",\"url\":\"https:\\\/\\\/www.yachtingnews.com\\\/de\\\/\",\"logo\":{\"@type\":\"ImageObject\",\"inLanguage\":\"de\",\"@id\":\"https:\\\/\\\/www.yachtingnews.com\\\/de\\\/#\\\/schema\\\/logo\\\/image\\\/\",\"url\":\"https:\\\/\\\/www.yachtingnews.com\\\/wp-content\\\/uploads\\\/2023\\\/02\\\/LOGO-Yachting-NEWS-blu-800.png\",\"contentUrl\":\"https:\\\/\\\/www.yachtingnews.com\\\/wp-content\\\/uploads\\\/2023\\\/02\\\/LOGO-Yachting-NEWS-blu-800.png\",\"width\":790,\"height\":99,\"caption\":\"Yachting News\"},\"image\":{\"@id\":\"https:\\\/\\\/www.yachtingnews.com\\\/de\\\/#\\\/schema\\\/logo\\\/image\\\/\"},\"sameAs\":[\"https:\\\/\\\/www.facebook.com\\\/TheInternationalYachtingMedia\",\"https:\\\/\\\/x.com\\\/YachtingMedia\",\"https:\\\/\\\/www.instagram.com\\\/yachting.news\\\/\",\"https:\\\/\\\/www.linkedin.com\\\/company\\\/the-international-yachting-media\",\"https:\\\/\\\/www.youtube.com\\\/c\\\/TheInternationalYachtingMedia\"]},{\"@type\":\"Person\",\"@id\":\"https:\\\/\\\/www.yachtingnews.com\\\/de\\\/#\\\/schema\\\/person\\\/26cc8c9362c1c1f488e167e1517dbbf8\",\"name\":\"Alessio Molla\",\"image\":{\"@type\":\"ImageObject\",\"inLanguage\":\"de\",\"@id\":\"https:\\\/\\\/www.yachtingnews.com\\\/wp-content\\\/litespeed\\\/avatar\\\/9205f06904bae2d7d56385b2516e3d4c.jpg?ver=1787595514\",\"url\":\"https:\\\/\\\/www.yachtingnews.com\\\/wp-content\\\/litespeed\\\/avatar\\\/9205f06904bae2d7d56385b2516e3d4c.jpg?ver=1787595514\",\"contentUrl\":\"https:\\\/\\\/www.yachtingnews.com\\\/wp-content\\\/litespeed\\\/avatar\\\/9205f06904bae2d7d56385b2516e3d4c.jpg?ver=1787595514\",\"caption\":\"Alessio Molla\"},\"url\":\"https:\\\/\\\/www.yachtingnews.com\\\/de\\\/author\\\/alessiom\\\/\"}]}<\/script>\n<!-- \/ Yoast SEO plugin. -->","yoast_head_json":{"title":"Weltpremiere der Pearl 72 auf der FLIBS - Yachting News","description":"Es ist etwa ein Jahr her, dass das Design auf dem Cannes Yachting Festival 2021 enth\u00fcllt wurde, aber jetzt ist die Pearl 72 konkrete Realit\u00e4t","robots":{"index":"index","follow":"follow","max-snippet":"max-snippet:-1","max-image-preview":"max-image-preview:large","max-video-preview":"max-video-preview:-1"},"canonical":"https:\/\/www.yachtingnews.com\/de\/weltpremiere-der-pearl-72-auf-der-flibs\/","og_locale":"de_DE","og_type":"article","og_title":"Weltpremiere der Pearl 72 auf der FLIBS - Yachting News","og_description":"Es ist etwa ein Jahr her, dass das Design auf dem Cannes Yachting Festival 2021 enth\u00fcllt wurde, aber jetzt ist die Pearl 72 konkrete Realit\u00e4t","og_url":"https:\/\/www.yachtingnews.com\/de\/weltpremiere-der-pearl-72-auf-der-flibs\/","og_site_name":"Yachting News","article_publisher":"https:\/\/www.facebook.com\/TheInternationalYachtingMedia","article_published_time":"2022-10-31T11:05:15+00:00","article_modified_time":"2025-08-23T11:48:41+00:00","og_image":[{"width":1503,"height":846,"url":"https:\/\/www.yachtingnews.com\/wp-content\/uploads\/2022\/10\/pearl-72.jpg","type":"image\/jpeg"}],"author":"Alessio Molla","twitter_card":"summary_large_image","twitter_creator":"@YachtingMedia","twitter_site":"@YachtingMedia","twitter_misc":{"Verfasst von":"Alessio Molla","Gesch\u00e4tzte Lesezeit":"2\u00a0Minuten"},"schema":{"@context":"https:\/\/schema.org","@graph":[{"@type":"Article","@id":"https:\/\/www.yachtingnews.com\/de\/weltpremiere-der-pearl-72-auf-der-flibs\/#article","isPartOf":{"@id":"https:\/\/www.yachtingnews.com\/de\/weltpremiere-der-pearl-72-auf-der-flibs\/"},"author":{"name":"Alessio Molla","@id":"https:\/\/www.yachtingnews.com\/de\/#\/schema\/person\/26cc8c9362c1c1f488e167e1517dbbf8"},"headline":"Weltpremiere der Pearl 72 auf der FLIBS","datePublished":"2022-10-31T11:05:15+00:00","dateModified":"2025-08-23T11:48:41+00:00","mainEntityOfPage":{"@id":"https:\/\/www.yachtingnews.com\/de\/weltpremiere-der-pearl-72-auf-der-flibs\/"},"wordCount":503,"commentCount":0,"publisher":{"@id":"https:\/\/www.yachtingnews.com\/de\/#organization"},"image":{"@id":"https:\/\/www.yachtingnews.com\/de\/weltpremiere-der-pearl-72-auf-der-flibs\/#primaryimage"},"thumbnailUrl":"https:\/\/www.yachtingnews.com\/wp-content\/uploads\/2022\/10\/pearl-72.jpg","keywords":["Internationale Bootsausstellung in Fort Lauderdale","neue Perle 72","Perle Yachten"],"articleSection":["Bootsausstellungen","Internationale Bootsausstellung in Fort Lauderdale","LIFESTYLE","MAXI RIBS &amp; LUXURI\u00d6SE OFFENE KREUZFAHRTSCHIFFE","Nachrichten"],"inLanguage":"de","potentialAction":[{"@type":"CommentAction","name":"Comment","target":["https:\/\/www.yachtingnews.com\/de\/weltpremiere-der-pearl-72-auf-der-flibs\/#respond"]}]},{"@type":"WebPage","@id":"https:\/\/www.yachtingnews.com\/de\/weltpremiere-der-pearl-72-auf-der-flibs\/","url":"https:\/\/www.yachtingnews.com\/de\/weltpremiere-der-pearl-72-auf-der-flibs\/","name":"Weltpremiere der Pearl 72 auf der FLIBS - Yachting News","isPartOf":{"@id":"https:\/\/www.yachtingnews.com\/de\/#website"},"primaryImageOfPage":{"@id":"https:\/\/www.yachtingnews.com\/de\/weltpremiere-der-pearl-72-auf-der-flibs\/#primaryimage"},"image":{"@id":"https:\/\/www.yachtingnews.com\/de\/weltpremiere-der-pearl-72-auf-der-flibs\/#primaryimage"},"thumbnailUrl":"https:\/\/www.yachtingnews.com\/wp-content\/uploads\/2022\/10\/pearl-72.jpg","datePublished":"2022-10-31T11:05:15+00:00","dateModified":"2025-08-23T11:48:41+00:00","description":"Es ist etwa ein Jahr her, dass das Design auf dem Cannes Yachting Festival 2021 enth\u00fcllt wurde, aber jetzt ist die Pearl 72 konkrete Realit\u00e4t","breadcrumb":{"@id":"https:\/\/www.yachtingnews.com\/de\/weltpremiere-der-pearl-72-auf-der-flibs\/#breadcrumb"},"inLanguage":"de","potentialAction":[{"@type":"ReadAction","target":["https:\/\/www.yachtingnews.com\/de\/weltpremiere-der-pearl-72-auf-der-flibs\/"]}]},{"@type":"ImageObject","inLanguage":"de","@id":"https:\/\/www.yachtingnews.com\/de\/weltpremiere-der-pearl-72-auf-der-flibs\/#primaryimage","url":"https:\/\/www.yachtingnews.com\/wp-content\/uploads\/2022\/10\/pearl-72.jpg","contentUrl":"https:\/\/www.yachtingnews.com\/wp-content\/uploads\/2022\/10\/pearl-72.jpg","width":1503,"height":846,"caption":"Perle 72"},{"@type":"BreadcrumbList","@id":"https:\/\/www.yachtingnews.com\/de\/weltpremiere-der-pearl-72-auf-der-flibs\/#breadcrumb","itemListElement":[{"@type":"ListItem","position":1,"name":"Home","item":"https:\/\/www.yachtingnews.com\/de\/yachting-news-2\/"},{"@type":"ListItem","position":2,"name":"Weltpremiere der Pearl 72 auf der FLIBS"}]},{"@type":"WebSite","@id":"https:\/\/www.yachtingnews.com\/de\/#website","url":"https:\/\/www.yachtingnews.com\/de\/","name":"Yachting News","description":"The International Yachting Media","publisher":{"@id":"https:\/\/www.yachtingnews.com\/de\/#organization"},"potentialAction":[{"@type":"SearchAction","target":{"@type":"EntryPoint","urlTemplate":"https:\/\/www.yachtingnews.com\/de\/?s={search_term_string}"},"query-input":{"@type":"PropertyValueSpecification","valueRequired":true,"valueName":"search_term_string"}}],"inLanguage":"de"},{"@type":"Organization","@id":"https:\/\/www.yachtingnews.com\/de\/#organization","name":"Yachting News","url":"https:\/\/www.yachtingnews.com\/de\/","logo":{"@type":"ImageObject","inLanguage":"de","@id":"https:\/\/www.yachtingnews.com\/de\/#\/schema\/logo\/image\/","url":"https:\/\/www.yachtingnews.com\/wp-content\/uploads\/2023\/02\/LOGO-Yachting-NEWS-blu-800.png","contentUrl":"https:\/\/www.yachtingnews.com\/wp-content\/uploads\/2023\/02\/LOGO-Yachting-NEWS-blu-800.png","width":790,"height":99,"caption":"Yachting News"},"image":{"@id":"https:\/\/www.yachtingnews.com\/de\/#\/schema\/logo\/image\/"},"sameAs":["https:\/\/www.facebook.com\/TheInternationalYachtingMedia","https:\/\/x.com\/YachtingMedia","https:\/\/www.instagram.com\/yachting.news\/","https:\/\/www.linkedin.com\/company\/the-international-yachting-media","https:\/\/www.youtube.com\/c\/TheInternationalYachtingMedia"]},{"@type":"Person","@id":"https:\/\/www.yachtingnews.com\/de\/#\/schema\/person\/26cc8c9362c1c1f488e167e1517dbbf8","name":"Alessio Molla","image":{"@type":"ImageObject","inLanguage":"de","@id":"https:\/\/www.yachtingnews.com\/wp-content\/litespeed\/avatar\/9205f06904bae2d7d56385b2516e3d4c.jpg?ver=1787595514","url":"https:\/\/www.yachtingnews.com\/wp-content\/litespeed\/avatar\/9205f06904bae2d7d56385b2516e3d4c.jpg?ver=1787595514","contentUrl":"https:\/\/www.yachtingnews.com\/wp-content\/litespeed\/avatar\/9205f06904bae2d7d56385b2516e3d4c.jpg?ver=1787595514","caption":"Alessio Molla"},"url":"https:\/\/www.yachtingnews.com\/de\/author\/alessiom\/"}]}},"_links":{"self":[{"href":"https:\/\/www.yachtingnews.com\/de\/wp-json\/wp\/v2\/posts\/153721","targetHints":{"allow":["GET"]}}],"collection":[{"href":"https:\/\/www.yachtingnews.com\/de\/wp-json\/wp\/v2\/posts"}],"about":[{"href":"https:\/\/www.yachtingnews.com\/de\/wp-json\/wp\/v2\/types\/post"}],"author":[{"embeddable":true,"href":"https:\/\/www.yachtingnews.com\/de\/wp-json\/wp\/v2\/users\/56"}],"replies":[{"embeddable":true,"href":"https:\/\/www.yachtingnews.com\/de\/wp-json\/wp\/v2\/comments?post=153721"}],"version-history":[{"count":0,"href":"https:\/\/www.yachtingnews.com\/de\/wp-json\/wp\/v2\/posts\/153721\/revisions"}],"wp:featuredmedia":[{"embeddable":true,"href":"https:\/\/www.yachtingnews.com\/de\/wp-json\/wp\/v2\/media\/59107"}],"wp:attachment":[{"href":"https:\/\/www.yachtingnews.com\/de\/wp-json\/wp\/v2\/media?parent=153721"}],"wp:term":[{"taxonomy":"category","embeddable":true,"href":"https:\/\/www.yachtingnews.com\/de\/wp-json\/wp\/v2\/categories?post=153721"},{"taxonomy":"post_tag","embeddable":true,"href":"https:\/\/www.yachtingnews.com\/de\/wp-json\/wp\/v2\/tags?post=153721"}],"curies":[{"name":"wp","href":"https:\/\/api.w.org\/{rel}","templated":true}]}}