{"id":155436,"date":"2025-08-29T01:00:00","date_gmt":"2025-08-29T00:00:00","guid":{"rendered":"https:\/\/yachtingnews.com\/e-cat-80-visionf-yachts-stellt-seinen-zweiten-solar-elektrischen-katamaran-vor\/"},"modified":"2025-08-29T01:01:23","modified_gmt":"2025-08-29T00:01:23","slug":"e-cat-80-visionf-yachts-stellt-seinen-zweiten-solar-elektrischen-katamaran-vor","status":"publish","type":"post","link":"https:\/\/www.yachtingnews.com\/de\/e-cat-80-visionf-yachts-stellt-seinen-zweiten-solar-elektrischen-katamaran-vor\/","title":{"rendered":"E-Cat 80: VISIONF Yachts stellt seinen zweiten solar-elektrischen Katamaran vor"},"content":{"rendered":"\t\t<div data-elementor-type=\"wp-post\" data-elementor-id=\"155436\" class=\"elementor elementor-155436 elementor-155401\" data-elementor-post-type=\"post\">\n\t\t\t\t\t\t<section class=\"elementor-section elementor-top-section elementor-element elementor-element-65f02f99 elementor-section-boxed elementor-section-height-default elementor-section-height-default\" data-id=\"65f02f99\" data-element_type=\"section\" data-e-type=\"section\">\n\t\t\t\t\t\t<div class=\"elementor-container elementor-column-gap-default\">\n\t\t\t\t\t<div class=\"elementor-column elementor-col-100 elementor-top-column elementor-element elementor-element-37b81e57\" data-id=\"37b81e57\" data-element_type=\"column\" data-e-type=\"column\">\n\t\t\t<div class=\"elementor-widget-wrap elementor-element-populated\">\n\t\t\t\t\t\t<div class=\"elementor-element elementor-element-3dac7dab elementor-widget elementor-widget-text-editor\" data-id=\"3dac7dab\" data-element_type=\"widget\" data-e-type=\"widget\" data-widget_type=\"text-editor.default\">\n\t\t\t\t<div class=\"elementor-widget-container\">\n\t\t\t\t\t\t\t\t\t<p>Die t\u00fcrkische Werft <b>VISIONF Yachts,<\/b> ein Pionier im Bau von Katamaranen der n\u00e4chsten Generation, hat ein neues Exemplar ihres <b>vollelektrischen Kohlefaser-Katamarans<\/b>, den<b> E-Cat 80, <\/b> vorgestellt<b>. <\/b> <\/p><h3 class=\"western\">Was ist neu an Bord des zweiten E-Cat 80?<\/h3><p>Diese zweite Einheit f\u00fchrt eine <b>Reihe von Upgrades<\/b> ein, die die Nachhaltigkeit und den Komfort an Bord weiter verbessern. Das verl\u00e4ngerte Dach beherbergt nun acht zus\u00e4tzliche Solarpaneele, wodurch sich die Gesamtzahl auf <b>62<\/b> erh\u00f6ht und die Leistung auf <b>24,8 kW pro Stunde<\/b> steigt (+3,2 kW im Vergleich zur vorherigen Version). Damit kann die <a href=\"https:\/\/yachtingnews.com\/de\/\">Yacht<\/a> v\u00f6llig <b>autark<\/b> segeln, ohne auf externe Energiequellen angewiesen zu sein. Die flybridge wurde um einen Jacuzzi erweitert, um ein noch exklusiveres Erlebnis zu bieten. Im Innenraum gibt es jetzt <b>f\u00fcnf<\/b> statt vier <b>Kabinen<\/b>, wobei die f\u00fcnfte Kabine als spezielles Kinderzimmer konzipiert wurde, aber je nach den Bed\u00fcrfnissen der verschiedenen Eigner leicht angepasst werden kann.    <\/p><p><img decoding=\"async\" class=\"aligncenter wp-image-155402 size-full\" title=\"e-cat 80 Katamaran\" src=\"https:\/\/yachtingnews.com\/wp-content\/uploads\/2025\/08\/DSC07446.jpg\" alt=\"e-cat 80 Katamaran\" width=\"1600\" height=\"900\" srcset=\"https:\/\/www.yachtingnews.com\/wp-content\/uploads\/2025\/08\/DSC07446.jpg 1600w, https:\/\/www.yachtingnews.com\/wp-content\/uploads\/2025\/08\/DSC07446-300x169.jpg 300w, https:\/\/www.yachtingnews.com\/wp-content\/uploads\/2025\/08\/DSC07446-768x432.jpg 768w, https:\/\/www.yachtingnews.com\/wp-content\/uploads\/2025\/08\/DSC07446-1536x864.jpg 1536w\" sizes=\"(max-width: 1600px) 100vw, 1600px\" \/><\/p><h3 class=\"western\">Gro\u00dfz\u00fcgige R\u00e4ume und totale Vielseitigkeit<\/h3><p>Mit einer maximalen Breite von <b>10,92 Metern<\/b> und einer L\u00e4nge von <b>23,97 Metern<\/b> bietet die neue VISIONF E-Cat 80 gro\u00dfz\u00fcgige Wohnbereiche und kann bequem bis zu <b>12 G\u00e4ste<\/b> beherbergen <b>.<\/b> Neben dem Whirlpool gibt es auf der flybridge vier verschiedene Loungebereiche, ein Freiluftkino, Massagesitze und gro\u00dfz\u00fcgige Liegezonen. Die F\u00fcnf-Kabinen-Konfiguration ist ideal f\u00fcr gro\u00dfe Familien, Gruppen von Freunden oder Charteraktivit\u00e4ten.<b> Auch die Crew profitiert von gut durchdachten Unterk\u00fcnften<\/b>: vier Kojen, ein eigener Wohnbereich und eine Kapit\u00e4nskabine mit eigener Toilette sorgen f\u00fcr professionellen Service, ohne die Privatsph\u00e4re der G\u00e4ste zu beeintr\u00e4chtigen. Das Gesamtlayout der E-Cat 80 ist in jedem Fall<b> vollst\u00e4ndig anpassbar. <\/b>   <\/p><h3 class=\"western\">Tendergarage der n\u00e4chsten Stufe<\/h3><p>Eines der Highlights der E-Cat 80 ist ihre <b>ger\u00e4umige 15 m\u00b2 gro\u00dfe Tendergarage,<\/b> die mit einer hydraulischen Heckt\u00fcr, einer elektrischen Winde und einem Befestigungssystem ausgestattet ist. Dank des Tenderlifts k\u00f6nnen hier <b>ein zweites Beiboot oder zwei Jetskis<\/b> untergebracht werden, was das Boot in einen echten schwimmenden Spielplatz verwandelt. <\/p><p><img decoding=\"async\" class=\"aligncenter wp-image-155405 size-full\" title=\"visionf Yachten\" src=\"https:\/\/yachtingnews.com\/wp-content\/uploads\/2025\/08\/DSC07491.jpg\" alt=\"visionf Yachten\" width=\"1600\" height=\"900\" srcset=\"https:\/\/www.yachtingnews.com\/wp-content\/uploads\/2025\/08\/DSC07491.jpg 1600w, https:\/\/www.yachtingnews.com\/wp-content\/uploads\/2025\/08\/DSC07491-300x169.jpg 300w, https:\/\/www.yachtingnews.com\/wp-content\/uploads\/2025\/08\/DSC07491-768x432.jpg 768w, https:\/\/www.yachtingnews.com\/wp-content\/uploads\/2025\/08\/DSC07491-1536x864.jpg 1536w\" sizes=\"(max-width: 1600px) 100vw, 1600px\" \/><\/p><h3 class=\"western\">Der neue E-Cat 80, Leistung und Nachhaltigkeit<\/h3><p>Dank seines schlanken und effizienten Doppelrumpfdesigns erweist sich das E-Cat 80 als <b>\u00e4u\u00dferst man\u00f6vrierf\u00e4hig und leistungsstark<\/b>. Die beiden <b>180-kW-Danfoss-Motoren<\/b> sorgen zusammen mit dem Bug- und Heckstrahlruder f\u00fcr eine hervorragende Wendigkeit, eine Reisegeschwindigkeit <b>zwischen 6 und 8 Knoten <\/b>und ein reibungsloses Handling unter allen Bedingungen. Das vollelektrische Antriebssystem erm\u00f6glicht unter optimalen Bedingungen eine<b> unbegrenzte Reichweite <\/b>. Bei Bedarf sorgen zwei 150-kW-Generatoren und ein 5-Tonnen-Treibstofftank f\u00fcr eine Reichweite von \u00fcber 1.000 Seemeilen und bieten Reservestrom und mehr Effizienz bei h\u00f6heren Geschwindigkeiten.   <\/p>\t\t\t\t\t\t\t\t<\/div>\n\t\t\t\t<\/div>\n\t\t\t\t\t<\/div>\n\t\t<\/div>\n\t\t\t\t\t<\/div>\n\t\t<\/section>\n\t\t\t\t<\/div>\n\t\t","protected":false},"excerpt":{"rendered":"<p>Die t\u00fcrkische Werft VISIONF Yachts, ein Pionier im Bau von Katamaranen der n\u00e4chsten Generation, hat ein neues Exemplar ihres vollelektrischen Kohlefaser-Katamarans, den E-Cat 80, vorgestellt. Was ist neu an Bord des zweiten E-Cat 80? Diese zweite Einheit f\u00fchrt eine Reihe von Upgrades ein, die die Nachhaltigkeit und den Komfort an Bord weiter verbessern. Das verl\u00e4ngerte [&hellip;]<\/p>\n","protected":false},"author":79,"featured_media":155439,"comment_status":"open","ping_status":"closed","sticky":false,"template":"","format":"standard","meta":{"_mo_disable_npp":"","footnotes":""},"categories":[654],"tags":[],"class_list":["post-155436","post","type-post","status-publish","format-standard","has-post-thumbnail","hentry","category-news-de"],"yoast_head":"<!-- This site is optimized with the Yoast SEO plugin v28.3 - https:\/\/yoast.com\/product\/yoast-seo-wordpress\/ -->\n<title>E-Cat 80: VISIONF Yachts stellt seinen solar-elektrischen Katamaran vor - Yachting News<\/title>\n<meta name=\"description\" content=\"Mit einer maximalen Breite von 10,92 Metern und einer L\u00e4nge von 23,97 Metern bietet die neue VISIONF E-Cat 80 einen gro\u00dfz\u00fcgigen Wohnbereich...\" \/>\n<meta name=\"robots\" content=\"index, follow, max-snippet:-1, max-image-preview:large, max-video-preview:-1\" \/>\n<link rel=\"canonical\" href=\"https:\/\/www.yachtingnews.com\/de\/e-cat-80-visionf-yachts-stellt-seinen-zweiten-solar-elektrischen-katamaran-vor\/\" \/>\n<meta property=\"og:locale\" content=\"de_DE\" \/>\n<meta property=\"og:type\" content=\"article\" \/>\n<meta property=\"og:title\" content=\"E-Cat 80: VISIONF Yachts stellt seinen solar-elektrischen Katamaran vor - Yachting News\" \/>\n<meta property=\"og:description\" content=\"Mit einer maximalen Breite von 10,92 Metern und einer L\u00e4nge von 23,97 Metern bietet die neue VISIONF E-Cat 80 einen gro\u00dfz\u00fcgigen Wohnbereich...\" \/>\n<meta property=\"og:url\" content=\"https:\/\/www.yachtingnews.com\/de\/e-cat-80-visionf-yachts-stellt-seinen-zweiten-solar-elektrischen-katamaran-vor\/\" \/>\n<meta property=\"og:site_name\" content=\"Yachting News\" \/>\n<meta property=\"article:publisher\" content=\"https:\/\/www.facebook.com\/TheInternationalYachtingMedia\" \/>\n<meta property=\"article:published_time\" content=\"2025-08-29T00:00:00+00:00\" \/>\n<meta property=\"article:modified_time\" content=\"2025-08-29T00:01:23+00:00\" \/>\n<meta property=\"og:image\" content=\"https:\/\/www.yachtingnews.com\/wp-content\/uploads\/2025\/08\/Copertina-EN3.jpg\" \/>\n\t<meta property=\"og:image:width\" content=\"1600\" \/>\n\t<meta property=\"og:image:height\" content=\"900\" \/>\n\t<meta property=\"og:image:type\" content=\"image\/jpeg\" \/>\n<meta name=\"author\" content=\"Mattia Camera\" \/>\n<meta name=\"twitter:card\" content=\"summary_large_image\" \/>\n<meta name=\"twitter:creator\" content=\"@YachtingMedia\" \/>\n<meta name=\"twitter:site\" content=\"@YachtingMedia\" \/>\n<meta name=\"twitter:label1\" content=\"Verfasst von\" \/>\n\t<meta name=\"twitter:data1\" content=\"Mattia Camera\" \/>\n\t<meta name=\"twitter:label2\" content=\"Gesch\u00e4tzte Lesezeit\" \/>\n\t<meta name=\"twitter:data2\" content=\"2\u00a0Minuten\" \/>\n<script type=\"application\/ld+json\" class=\"yoast-schema-graph\">{\"@context\":\"https:\\\/\\\/schema.org\",\"@graph\":[{\"@type\":\"Article\",\"@id\":\"https:\\\/\\\/www.yachtingnews.com\\\/de\\\/e-cat-80-visionf-yachts-stellt-seinen-zweiten-solar-elektrischen-katamaran-vor\\\/#article\",\"isPartOf\":{\"@id\":\"https:\\\/\\\/www.yachtingnews.com\\\/de\\\/e-cat-80-visionf-yachts-stellt-seinen-zweiten-solar-elektrischen-katamaran-vor\\\/\"},\"author\":{\"name\":\"Mattia Camera\",\"@id\":\"https:\\\/\\\/www.yachtingnews.com\\\/de\\\/#\\\/schema\\\/person\\\/1fa0428d1df3c202dda10fd27071fdac\"},\"headline\":\"E-Cat 80: VISIONF Yachts stellt seinen zweiten solar-elektrischen Katamaran vor\",\"datePublished\":\"2025-08-29T00:00:00+00:00\",\"dateModified\":\"2025-08-29T00:01:23+00:00\",\"mainEntityOfPage\":{\"@id\":\"https:\\\/\\\/www.yachtingnews.com\\\/de\\\/e-cat-80-visionf-yachts-stellt-seinen-zweiten-solar-elektrischen-katamaran-vor\\\/\"},\"wordCount\":417,\"commentCount\":0,\"publisher\":{\"@id\":\"https:\\\/\\\/www.yachtingnews.com\\\/de\\\/#organization\"},\"image\":{\"@id\":\"https:\\\/\\\/www.yachtingnews.com\\\/de\\\/e-cat-80-visionf-yachts-stellt-seinen-zweiten-solar-elektrischen-katamaran-vor\\\/#primaryimage\"},\"thumbnailUrl\":\"https:\\\/\\\/www.yachtingnews.com\\\/wp-content\\\/uploads\\\/2025\\\/08\\\/Copertina-EN3.jpg\",\"articleSection\":[\"Nachrichten\"],\"inLanguage\":\"de\",\"potentialAction\":[{\"@type\":\"CommentAction\",\"name\":\"Comment\",\"target\":[\"https:\\\/\\\/www.yachtingnews.com\\\/de\\\/e-cat-80-visionf-yachts-stellt-seinen-zweiten-solar-elektrischen-katamaran-vor\\\/#respond\"]}]},{\"@type\":\"WebPage\",\"@id\":\"https:\\\/\\\/www.yachtingnews.com\\\/de\\\/e-cat-80-visionf-yachts-stellt-seinen-zweiten-solar-elektrischen-katamaran-vor\\\/\",\"url\":\"https:\\\/\\\/www.yachtingnews.com\\\/de\\\/e-cat-80-visionf-yachts-stellt-seinen-zweiten-solar-elektrischen-katamaran-vor\\\/\",\"name\":\"E-Cat 80: VISIONF Yachts stellt seinen solar-elektrischen Katamaran vor - Yachting News\",\"isPartOf\":{\"@id\":\"https:\\\/\\\/www.yachtingnews.com\\\/de\\\/#website\"},\"primaryImageOfPage\":{\"@id\":\"https:\\\/\\\/www.yachtingnews.com\\\/de\\\/e-cat-80-visionf-yachts-stellt-seinen-zweiten-solar-elektrischen-katamaran-vor\\\/#primaryimage\"},\"image\":{\"@id\":\"https:\\\/\\\/www.yachtingnews.com\\\/de\\\/e-cat-80-visionf-yachts-stellt-seinen-zweiten-solar-elektrischen-katamaran-vor\\\/#primaryimage\"},\"thumbnailUrl\":\"https:\\\/\\\/www.yachtingnews.com\\\/wp-content\\\/uploads\\\/2025\\\/08\\\/Copertina-EN3.jpg\",\"datePublished\":\"2025-08-29T00:00:00+00:00\",\"dateModified\":\"2025-08-29T00:01:23+00:00\",\"description\":\"Mit einer maximalen Breite von 10,92 Metern und einer L\u00e4nge von 23,97 Metern bietet die neue VISIONF E-Cat 80 einen gro\u00dfz\u00fcgigen Wohnbereich...\",\"breadcrumb\":{\"@id\":\"https:\\\/\\\/www.yachtingnews.com\\\/de\\\/e-cat-80-visionf-yachts-stellt-seinen-zweiten-solar-elektrischen-katamaran-vor\\\/#breadcrumb\"},\"inLanguage\":\"de\",\"potentialAction\":[{\"@type\":\"ReadAction\",\"target\":[\"https:\\\/\\\/www.yachtingnews.com\\\/de\\\/e-cat-80-visionf-yachts-stellt-seinen-zweiten-solar-elektrischen-katamaran-vor\\\/\"]}]},{\"@type\":\"ImageObject\",\"inLanguage\":\"de\",\"@id\":\"https:\\\/\\\/www.yachtingnews.com\\\/de\\\/e-cat-80-visionf-yachts-stellt-seinen-zweiten-solar-elektrischen-katamaran-vor\\\/#primaryimage\",\"url\":\"https:\\\/\\\/www.yachtingnews.com\\\/wp-content\\\/uploads\\\/2025\\\/08\\\/Copertina-EN3.jpg\",\"contentUrl\":\"https:\\\/\\\/www.yachtingnews.com\\\/wp-content\\\/uploads\\\/2025\\\/08\\\/Copertina-EN3.jpg\",\"width\":1600,\"height\":900,\"caption\":\"visionf e-cat 80 katamaranvisionf e-cat 80 katamaran\"},{\"@type\":\"BreadcrumbList\",\"@id\":\"https:\\\/\\\/www.yachtingnews.com\\\/de\\\/e-cat-80-visionf-yachts-stellt-seinen-zweiten-solar-elektrischen-katamaran-vor\\\/#breadcrumb\",\"itemListElement\":[{\"@type\":\"ListItem\",\"position\":1,\"name\":\"Home\",\"item\":\"https:\\\/\\\/www.yachtingnews.com\\\/de\\\/yachting-news-2\\\/\"},{\"@type\":\"ListItem\",\"position\":2,\"name\":\"E-Cat 80: VISIONF Yachts stellt seinen zweiten solar-elektrischen Katamaran vor\"}]},{\"@type\":\"WebSite\",\"@id\":\"https:\\\/\\\/www.yachtingnews.com\\\/de\\\/#website\",\"url\":\"https:\\\/\\\/www.yachtingnews.com\\\/de\\\/\",\"name\":\"Yachting News\",\"description\":\"The International Yachting Media\",\"publisher\":{\"@id\":\"https:\\\/\\\/www.yachtingnews.com\\\/de\\\/#organization\"},\"potentialAction\":[{\"@type\":\"SearchAction\",\"target\":{\"@type\":\"EntryPoint\",\"urlTemplate\":\"https:\\\/\\\/www.yachtingnews.com\\\/de\\\/?s={search_term_string}\"},\"query-input\":{\"@type\":\"PropertyValueSpecification\",\"valueRequired\":true,\"valueName\":\"search_term_string\"}}],\"inLanguage\":\"de\"},{\"@type\":\"Organization\",\"@id\":\"https:\\\/\\\/www.yachtingnews.com\\\/de\\\/#organization\",\"name\":\"Yachting News\",\"url\":\"https:\\\/\\\/www.yachtingnews.com\\\/de\\\/\",\"logo\":{\"@type\":\"ImageObject\",\"inLanguage\":\"de\",\"@id\":\"https:\\\/\\\/www.yachtingnews.com\\\/de\\\/#\\\/schema\\\/logo\\\/image\\\/\",\"url\":\"https:\\\/\\\/www.yachtingnews.com\\\/wp-content\\\/uploads\\\/2023\\\/02\\\/LOGO-Yachting-NEWS-blu-800.png\",\"contentUrl\":\"https:\\\/\\\/www.yachtingnews.com\\\/wp-content\\\/uploads\\\/2023\\\/02\\\/LOGO-Yachting-NEWS-blu-800.png\",\"width\":790,\"height\":99,\"caption\":\"Yachting News\"},\"image\":{\"@id\":\"https:\\\/\\\/www.yachtingnews.com\\\/de\\\/#\\\/schema\\\/logo\\\/image\\\/\"},\"sameAs\":[\"https:\\\/\\\/www.facebook.com\\\/TheInternationalYachtingMedia\",\"https:\\\/\\\/x.com\\\/YachtingMedia\",\"https:\\\/\\\/www.instagram.com\\\/yachting.news\\\/\",\"https:\\\/\\\/www.linkedin.com\\\/company\\\/the-international-yachting-media\",\"https:\\\/\\\/www.youtube.com\\\/c\\\/TheInternationalYachtingMedia\"]},{\"@type\":\"Person\",\"@id\":\"https:\\\/\\\/www.yachtingnews.com\\\/de\\\/#\\\/schema\\\/person\\\/1fa0428d1df3c202dda10fd27071fdac\",\"name\":\"Mattia Camera\",\"image\":{\"@type\":\"ImageObject\",\"inLanguage\":\"de\",\"@id\":\"https:\\\/\\\/www.yachtingnews.com\\\/wp-content\\\/litespeed\\\/avatar\\\/05af165278430c99d0107d61d0465add.jpg?ver=1787595771\",\"url\":\"https:\\\/\\\/www.yachtingnews.com\\\/wp-content\\\/litespeed\\\/avatar\\\/05af165278430c99d0107d61d0465add.jpg?ver=1787595771\",\"contentUrl\":\"https:\\\/\\\/www.yachtingnews.com\\\/wp-content\\\/litespeed\\\/avatar\\\/05af165278430c99d0107d61d0465add.jpg?ver=1787595771\",\"caption\":\"Mattia Camera\"},\"description\":\"I was born in Liguria, a stone's throw from the sea, with which I have a special and unbreakable relationship. Since middle school I had clear ideas: I wanted to be a journalist. I like to inform myself, understand what is going on around me and build my own opinion. After a few years in Milan, between study and work, during which I gained work and life experiences, the call of the sea became too strong and I moved back to my home.\",\"url\":\"https:\\\/\\\/www.yachtingnews.com\\\/de\\\/author\\\/mattia-camera\\\/\"}]}<\/script>\n<!-- \/ Yoast SEO plugin. -->","yoast_head_json":{"title":"E-Cat 80: VISIONF Yachts stellt seinen solar-elektrischen Katamaran vor - Yachting News","description":"Mit einer maximalen Breite von 10,92 Metern und einer L\u00e4nge von 23,97 Metern bietet die neue VISIONF E-Cat 80 einen gro\u00dfz\u00fcgigen Wohnbereich...","robots":{"index":"index","follow":"follow","max-snippet":"max-snippet:-1","max-image-preview":"max-image-preview:large","max-video-preview":"max-video-preview:-1"},"canonical":"https:\/\/www.yachtingnews.com\/de\/e-cat-80-visionf-yachts-stellt-seinen-zweiten-solar-elektrischen-katamaran-vor\/","og_locale":"de_DE","og_type":"article","og_title":"E-Cat 80: VISIONF Yachts stellt seinen solar-elektrischen Katamaran vor - Yachting News","og_description":"Mit einer maximalen Breite von 10,92 Metern und einer L\u00e4nge von 23,97 Metern bietet die neue VISIONF E-Cat 80 einen gro\u00dfz\u00fcgigen Wohnbereich...","og_url":"https:\/\/www.yachtingnews.com\/de\/e-cat-80-visionf-yachts-stellt-seinen-zweiten-solar-elektrischen-katamaran-vor\/","og_site_name":"Yachting News","article_publisher":"https:\/\/www.facebook.com\/TheInternationalYachtingMedia","article_published_time":"2025-08-29T00:00:00+00:00","article_modified_time":"2025-08-29T00:01:23+00:00","og_image":[{"width":1600,"height":900,"url":"https:\/\/www.yachtingnews.com\/wp-content\/uploads\/2025\/08\/Copertina-EN3.jpg","type":"image\/jpeg"}],"author":"Mattia Camera","twitter_card":"summary_large_image","twitter_creator":"@YachtingMedia","twitter_site":"@YachtingMedia","twitter_misc":{"Verfasst von":"Mattia Camera","Gesch\u00e4tzte Lesezeit":"2\u00a0Minuten"},"schema":{"@context":"https:\/\/schema.org","@graph":[{"@type":"Article","@id":"https:\/\/www.yachtingnews.com\/de\/e-cat-80-visionf-yachts-stellt-seinen-zweiten-solar-elektrischen-katamaran-vor\/#article","isPartOf":{"@id":"https:\/\/www.yachtingnews.com\/de\/e-cat-80-visionf-yachts-stellt-seinen-zweiten-solar-elektrischen-katamaran-vor\/"},"author":{"name":"Mattia Camera","@id":"https:\/\/www.yachtingnews.com\/de\/#\/schema\/person\/1fa0428d1df3c202dda10fd27071fdac"},"headline":"E-Cat 80: VISIONF Yachts stellt seinen zweiten solar-elektrischen Katamaran vor","datePublished":"2025-08-29T00:00:00+00:00","dateModified":"2025-08-29T00:01:23+00:00","mainEntityOfPage":{"@id":"https:\/\/www.yachtingnews.com\/de\/e-cat-80-visionf-yachts-stellt-seinen-zweiten-solar-elektrischen-katamaran-vor\/"},"wordCount":417,"commentCount":0,"publisher":{"@id":"https:\/\/www.yachtingnews.com\/de\/#organization"},"image":{"@id":"https:\/\/www.yachtingnews.com\/de\/e-cat-80-visionf-yachts-stellt-seinen-zweiten-solar-elektrischen-katamaran-vor\/#primaryimage"},"thumbnailUrl":"https:\/\/www.yachtingnews.com\/wp-content\/uploads\/2025\/08\/Copertina-EN3.jpg","articleSection":["Nachrichten"],"inLanguage":"de","potentialAction":[{"@type":"CommentAction","name":"Comment","target":["https:\/\/www.yachtingnews.com\/de\/e-cat-80-visionf-yachts-stellt-seinen-zweiten-solar-elektrischen-katamaran-vor\/#respond"]}]},{"@type":"WebPage","@id":"https:\/\/www.yachtingnews.com\/de\/e-cat-80-visionf-yachts-stellt-seinen-zweiten-solar-elektrischen-katamaran-vor\/","url":"https:\/\/www.yachtingnews.com\/de\/e-cat-80-visionf-yachts-stellt-seinen-zweiten-solar-elektrischen-katamaran-vor\/","name":"E-Cat 80: VISIONF Yachts stellt seinen solar-elektrischen Katamaran vor - Yachting News","isPartOf":{"@id":"https:\/\/www.yachtingnews.com\/de\/#website"},"primaryImageOfPage":{"@id":"https:\/\/www.yachtingnews.com\/de\/e-cat-80-visionf-yachts-stellt-seinen-zweiten-solar-elektrischen-katamaran-vor\/#primaryimage"},"image":{"@id":"https:\/\/www.yachtingnews.com\/de\/e-cat-80-visionf-yachts-stellt-seinen-zweiten-solar-elektrischen-katamaran-vor\/#primaryimage"},"thumbnailUrl":"https:\/\/www.yachtingnews.com\/wp-content\/uploads\/2025\/08\/Copertina-EN3.jpg","datePublished":"2025-08-29T00:00:00+00:00","dateModified":"2025-08-29T00:01:23+00:00","description":"Mit einer maximalen Breite von 10,92 Metern und einer L\u00e4nge von 23,97 Metern bietet die neue VISIONF E-Cat 80 einen gro\u00dfz\u00fcgigen Wohnbereich...","breadcrumb":{"@id":"https:\/\/www.yachtingnews.com\/de\/e-cat-80-visionf-yachts-stellt-seinen-zweiten-solar-elektrischen-katamaran-vor\/#breadcrumb"},"inLanguage":"de","potentialAction":[{"@type":"ReadAction","target":["https:\/\/www.yachtingnews.com\/de\/e-cat-80-visionf-yachts-stellt-seinen-zweiten-solar-elektrischen-katamaran-vor\/"]}]},{"@type":"ImageObject","inLanguage":"de","@id":"https:\/\/www.yachtingnews.com\/de\/e-cat-80-visionf-yachts-stellt-seinen-zweiten-solar-elektrischen-katamaran-vor\/#primaryimage","url":"https:\/\/www.yachtingnews.com\/wp-content\/uploads\/2025\/08\/Copertina-EN3.jpg","contentUrl":"https:\/\/www.yachtingnews.com\/wp-content\/uploads\/2025\/08\/Copertina-EN3.jpg","width":1600,"height":900,"caption":"visionf e-cat 80 katamaranvisionf e-cat 80 katamaran"},{"@type":"BreadcrumbList","@id":"https:\/\/www.yachtingnews.com\/de\/e-cat-80-visionf-yachts-stellt-seinen-zweiten-solar-elektrischen-katamaran-vor\/#breadcrumb","itemListElement":[{"@type":"ListItem","position":1,"name":"Home","item":"https:\/\/www.yachtingnews.com\/de\/yachting-news-2\/"},{"@type":"ListItem","position":2,"name":"E-Cat 80: VISIONF Yachts stellt seinen zweiten solar-elektrischen Katamaran vor"}]},{"@type":"WebSite","@id":"https:\/\/www.yachtingnews.com\/de\/#website","url":"https:\/\/www.yachtingnews.com\/de\/","name":"Yachting News","description":"The International Yachting Media","publisher":{"@id":"https:\/\/www.yachtingnews.com\/de\/#organization"},"potentialAction":[{"@type":"SearchAction","target":{"@type":"EntryPoint","urlTemplate":"https:\/\/www.yachtingnews.com\/de\/?s={search_term_string}"},"query-input":{"@type":"PropertyValueSpecification","valueRequired":true,"valueName":"search_term_string"}}],"inLanguage":"de"},{"@type":"Organization","@id":"https:\/\/www.yachtingnews.com\/de\/#organization","name":"Yachting News","url":"https:\/\/www.yachtingnews.com\/de\/","logo":{"@type":"ImageObject","inLanguage":"de","@id":"https:\/\/www.yachtingnews.com\/de\/#\/schema\/logo\/image\/","url":"https:\/\/www.yachtingnews.com\/wp-content\/uploads\/2023\/02\/LOGO-Yachting-NEWS-blu-800.png","contentUrl":"https:\/\/www.yachtingnews.com\/wp-content\/uploads\/2023\/02\/LOGO-Yachting-NEWS-blu-800.png","width":790,"height":99,"caption":"Yachting News"},"image":{"@id":"https:\/\/www.yachtingnews.com\/de\/#\/schema\/logo\/image\/"},"sameAs":["https:\/\/www.facebook.com\/TheInternationalYachtingMedia","https:\/\/x.com\/YachtingMedia","https:\/\/www.instagram.com\/yachting.news\/","https:\/\/www.linkedin.com\/company\/the-international-yachting-media","https:\/\/www.youtube.com\/c\/TheInternationalYachtingMedia"]},{"@type":"Person","@id":"https:\/\/www.yachtingnews.com\/de\/#\/schema\/person\/1fa0428d1df3c202dda10fd27071fdac","name":"Mattia Camera","image":{"@type":"ImageObject","inLanguage":"de","@id":"https:\/\/www.yachtingnews.com\/wp-content\/litespeed\/avatar\/05af165278430c99d0107d61d0465add.jpg?ver=1787595771","url":"https:\/\/www.yachtingnews.com\/wp-content\/litespeed\/avatar\/05af165278430c99d0107d61d0465add.jpg?ver=1787595771","contentUrl":"https:\/\/www.yachtingnews.com\/wp-content\/litespeed\/avatar\/05af165278430c99d0107d61d0465add.jpg?ver=1787595771","caption":"Mattia Camera"},"description":"I was born in Liguria, a stone's throw from the sea, with which I have a special and unbreakable relationship. Since middle school I had clear ideas: I wanted to be a journalist. I like to inform myself, understand what is going on around me and build my own opinion. After a few years in Milan, between study and work, during which I gained work and life experiences, the call of the sea became too strong and I moved back to my home.","url":"https:\/\/www.yachtingnews.com\/de\/author\/mattia-camera\/"}]}},"_links":{"self":[{"href":"https:\/\/www.yachtingnews.com\/de\/wp-json\/wp\/v2\/posts\/155436","targetHints":{"allow":["GET"]}}],"collection":[{"href":"https:\/\/www.yachtingnews.com\/de\/wp-json\/wp\/v2\/posts"}],"about":[{"href":"https:\/\/www.yachtingnews.com\/de\/wp-json\/wp\/v2\/types\/post"}],"author":[{"embeddable":true,"href":"https:\/\/www.yachtingnews.com\/de\/wp-json\/wp\/v2\/users\/79"}],"replies":[{"embeddable":true,"href":"https:\/\/www.yachtingnews.com\/de\/wp-json\/wp\/v2\/comments?post=155436"}],"version-history":[{"count":0,"href":"https:\/\/www.yachtingnews.com\/de\/wp-json\/wp\/v2\/posts\/155436\/revisions"}],"wp:featuredmedia":[{"embeddable":true,"href":"https:\/\/www.yachtingnews.com\/de\/wp-json\/wp\/v2\/media\/155439"}],"wp:attachment":[{"href":"https:\/\/www.yachtingnews.com\/de\/wp-json\/wp\/v2\/media?parent=155436"}],"wp:term":[{"taxonomy":"category","embeddable":true,"href":"https:\/\/www.yachtingnews.com\/de\/wp-json\/wp\/v2\/categories?post=155436"},{"taxonomy":"post_tag","embeddable":true,"href":"https:\/\/www.yachtingnews.com\/de\/wp-json\/wp\/v2\/tags?post=155436"}],"curies":[{"name":"wp","href":"https:\/\/api.w.org\/{rel}","templated":true}]}}