{"id":155470,"date":"2025-08-31T01:00:00","date_gmt":"2025-08-31T00:00:00","guid":{"rendered":"https:\/\/yachtingnews.com\/halma-rib-beleuchtet-die-herbstsaison-in-cannes-und-genua\/"},"modified":"2025-08-31T01:01:14","modified_gmt":"2025-08-31T00:01:14","slug":"halma-rib-beleuchtet-die-herbstsaison-in-cannes-und-genua","status":"publish","type":"post","link":"https:\/\/www.yachtingnews.com\/de\/halma-rib-beleuchtet-die-herbstsaison-in-cannes-und-genua\/","title":{"rendered":"Halma Rib beleuchtet die Herbstsaison in Cannes und Genua"},"content":{"rendered":"\t\t<div data-elementor-type=\"wp-post\" data-elementor-id=\"155470\" class=\"elementor elementor-155470 elementor-155425\" data-elementor-post-type=\"post\">\n\t\t\t\t\t\t<section class=\"elementor-section elementor-top-section elementor-element elementor-element-68936baa elementor-section-boxed elementor-section-height-default elementor-section-height-default\" data-id=\"68936baa\" data-element_type=\"section\" data-e-type=\"section\">\n\t\t\t\t\t\t<div class=\"elementor-container elementor-column-gap-default\">\n\t\t\t\t\t<div class=\"elementor-column elementor-col-100 elementor-top-column elementor-element elementor-element-3c802b4c\" data-id=\"3c802b4c\" data-element_type=\"column\" data-e-type=\"column\">\n\t\t\t<div class=\"elementor-widget-wrap elementor-element-populated\">\n\t\t\t\t\t\t<div class=\"elementor-element elementor-element-5cbf961c elementor-widget elementor-widget-text-editor\" data-id=\"5cbf961c\" data-element_type=\"widget\" data-e-type=\"widget\" data-widget_type=\"text-editor.default\">\n\t\t\t\t<div class=\"elementor-widget-container\">\n\t\t\t\t\t\t\t\t\t<p><b>Halma Rib<\/b> ist bekannt und gesch\u00e4tzt f\u00fcr sein Engagement f\u00fcr Qualit\u00e4t und Eleganz und bereitet sich auf einen doppelten Auftritt auf zwei der renommiertesten Bootsmessen Europas vor: dem Cannes Yachting Festival 2025 (9.-14. September) und der Genua International Boat Show (18.-23. September). Die Werft wird an beiden Veranstaltungen mit einer sorgf\u00e4ltig ausgew\u00e4hlten Pr\u00e4senz teilnehmen und zwei ihrer Flaggschiffmodelle vorstellen: das <b>HR25<\/b> und das <b>HR30,<\/b> beide in der Au\u00dfenbordversion. <\/p><p>Halma Rib nimmt nicht einfach nur teil, sondern w\u00e4hlt sorgf\u00e4ltig das Aussehen und die Atmosph\u00e4re seiner B\u00fchne aus und w\u00e4hlt Orte, die seine Identit\u00e4t widerspiegeln, die auf Eleganz, Expertise und Visionen beruht. <i>Wir sind begeistert, sowohl in Cannes als auch in Genua Besitzer und Enthusiasten zu treffen&#8220;,<\/i> sagt Gesch\u00e4ftsf\u00fchrer <b>Filippo Amoroso<\/b>.<i>  &#8211; Diese beiden Bootsmessen sind eine einmalige Gelegenheit f\u00fcr uns, unsere Designphilosophie zu teilen und unser Angebot zu pr\u00e4sentieren. Wir laden alle Besucherinnen und Besucher herzlich ein, an unseren St\u00e4nden vorbeizuschauen, Halma Rib Boote aus n\u00e4chster N\u00e4he zu entdecken und unsere Leidenschaft f\u00fcr das Meer zu teilen&#8220;. <\/i><\/p><p>In Cannes wird Halma Rib in Port Canto im Bereich POWER 221 zu sehen sein, in Genua befindet sich der Stand der Werft auf der A411\/A409.<\/p><p><img decoding=\"async\" class=\"aligncenter wp-image-155428 size-full\" title=\"Halma-Rib-HR25\" src=\"https:\/\/yachtingnews.com\/wp-content\/uploads\/2025\/08\/Halma-Rib-HR25-fr.webp\" alt=\"Halma-Rib-HR25\" width=\"1600\" height=\"900\" srcset=\"https:\/\/www.yachtingnews.com\/wp-content\/uploads\/2025\/08\/Halma-Rib-HR25-fr.webp 1600w, https:\/\/www.yachtingnews.com\/wp-content\/uploads\/2025\/08\/Halma-Rib-HR25-fr-300x169.webp 300w, https:\/\/www.yachtingnews.com\/wp-content\/uploads\/2025\/08\/Halma-Rib-HR25-fr-768x432.webp 768w, https:\/\/www.yachtingnews.com\/wp-content\/uploads\/2025\/08\/Halma-Rib-HR25-fr-1536x864.webp 1536w\" sizes=\"(max-width: 1600px) 100vw, 1600px\" \/><\/p><h3 class=\"western\">Die Halma Rib Modelle werden in Cannes und Genua ausgestellt<\/h3><p>Es lohnt sich, einen genaueren Blick auf die sch\u00f6nen Boote zu werfen, die Halma Rib auf den Bootsmessen in Cannes und Genua ausstellen wird. Zweifellos bleibt das <b>HR30<\/b> nicht unbemerkt: Mit seiner eleganten Lackierung, den wei\u00dfen Polstern und den freiliegenden Teakholzdetails zieht es die Aufmerksamkeit auf den ersten Blick auf sich. Es ist das erste Modell der neuen HR-Reihe, an dem zwei Jahre lang get\u00fcftelt wurde und das sich im Maxi-RIB-Segment deutlich abhebt. In dieser neuen Au\u00dfenborder-Version wirkt es noch sportlicher und aggressiver.   <\/p><p>Das HR30 beeindruckt durch seine clevere Raumnutzung: Trotz seiner L\u00e4nge von rund 9 Metern profitiert es von einer maximalen Breite von 3,35 Metern, was das Deck sowohl optisch als auch praktisch vergr\u00f6\u00dfert. Der quadratische Bug, ein charakteristisches Merkmal, tr\u00e4gt zu diesem Raumgef\u00fchl bei und bietet eine gro\u00dfe XXL-Sonnenliege, die den Bereich dominiert, w\u00e4hrend das nach vorne gerichtete Sofa bequem drei Personen Platz bietet. Weitere Details findest du in unserem<a href=\"https:\/\/yachtingnews.com\/de\/halma-rib-hr30-bootstest\/\"> Test der HR30 <\/a>in der Version mit Z-Antrieb.  <\/p><p><img decoding=\"async\" class=\"aligncenter wp-image-155431 size-full\" title=\"halma-rib-hr30\" src=\"https:\/\/yachtingnews.com\/wp-content\/uploads\/2025\/08\/halma-rib-hr30-de.jpg\" alt=\"halma-rib-hr30\" width=\"1400\" height=\"787\" srcset=\"https:\/\/www.yachtingnews.com\/wp-content\/uploads\/2025\/08\/halma-rib-hr30-de.jpg 1400w, https:\/\/www.yachtingnews.com\/wp-content\/uploads\/2025\/08\/halma-rib-hr30-de-300x169.jpg 300w, https:\/\/www.yachtingnews.com\/wp-content\/uploads\/2025\/08\/halma-rib-hr30-de-768x432.jpg 768w\" sizes=\"(max-width: 1400px) 100vw, 1400px\" \/><\/p><p>Das <b>HR25<\/b>, das wir vor kurzem in einem <a href=\"https:\/\/yachtingnews.com\/de\/halma-rib-hr25-der-videotest-eines-luxurioesen-und-eleganten-rib\/\">Video-Segeltest<\/a> getestet haben, ist das neue Einsteigermodell der Reihe. Das Halma Rib HR25 ist ein vielseitiges Boot, das Komfort, Sicherheit und hohe Leistung miteinander verbindet und sich sowohl f\u00fcr Freizeitfahrten als auch f\u00fcr den professionellen Einsatz eignet. Mit einer L\u00e4nge von 8,10 Metern ist es das kompakteste Modell der HR-Reihe, verf\u00fcgt aber \u00fcber die gleichen Komfort- und Wohnl\u00f6sungen wie das HR30, w\u00e4hrend es dessen modernes und elegantes Design aufgreift.  <\/p><p>Seine Innovationen zeigen sich auch an Land: Mit einer maximalen Breite von 3 Metern l\u00e4sst sich das HR25 nach dem Ablassen der Luft aus den Schl\u00e4uchen leicht auf einem Anh\u00e4nger transportieren. Diese Funktion macht nicht nur die Lagerung zu Hause einfacher, sondern erm\u00f6glicht es den Besitzern auch, sich frei zu bewegen und neue Routen und Ziele mit Leichtigkeit zu erkunden. <\/p><p><img decoding=\"async\" class=\"aligncenter wp-image-155430 size-full\" title=\"HR30\" src=\"https:\/\/yachtingnews.com\/wp-content\/uploads\/2025\/08\/halma-rib-hr30-it-1.jpg\" alt=\"HR30\" width=\"1400\" height=\"787\" srcset=\"https:\/\/www.yachtingnews.com\/wp-content\/uploads\/2025\/08\/halma-rib-hr30-it-1.jpg 1400w, https:\/\/www.yachtingnews.com\/wp-content\/uploads\/2025\/08\/halma-rib-hr30-it-1-300x169.jpg 300w, https:\/\/www.yachtingnews.com\/wp-content\/uploads\/2025\/08\/halma-rib-hr30-it-1-768x432.jpg 768w\" sizes=\"(max-width: 1400px) 100vw, 1400px\" \/><\/p>\t\t\t\t\t\t\t\t<\/div>\n\t\t\t\t<\/div>\n\t\t\t\t\t<\/div>\n\t\t<\/div>\n\t\t\t\t\t<\/div>\n\t\t<\/section>\n\t\t\t\t<\/div>\n\t\t","protected":false},"excerpt":{"rendered":"<p>Halma Rib ist bekannt und gesch\u00e4tzt f\u00fcr sein Engagement f\u00fcr Qualit\u00e4t und Eleganz und bereitet sich auf einen doppelten Auftritt auf zwei der renommiertesten Bootsmessen Europas vor: dem Cannes Yachting Festival 2025 (9.-14. September) und der Genua International Boat Show (18.-23. September). Die Werft wird an beiden Veranstaltungen mit einer sorgf\u00e4ltig ausgew\u00e4hlten Pr\u00e4senz teilnehmen und [&hellip;]<\/p>\n","protected":false},"author":45,"featured_media":155476,"comment_status":"open","ping_status":"closed","sticky":false,"template":"","format":"standard","meta":{"_mo_disable_npp":"","footnotes":""},"categories":[654],"tags":[],"class_list":["post-155470","post","type-post","status-publish","format-standard","has-post-thumbnail","hentry","category-news-de"],"yoast_head":"<!-- This site is optimized with the Yoast SEO plugin v28.3 - https:\/\/yoast.com\/product\/yoast-seo-wordpress\/ -->\n<title>Halma Rib beleuchtet die Herbstsaison in Cannes und Genua - Yachting News<\/title>\n<meta name=\"description\" content=\"Halma Rib ist bekannt und gesch\u00e4tzt f\u00fcr sein Engagement f\u00fcr Qualit\u00e4t und Eleganz und bereitet sich auf eine doppelte Ausstellung...\" \/>\n<meta name=\"robots\" content=\"index, follow, max-snippet:-1, max-image-preview:large, max-video-preview:-1\" \/>\n<link rel=\"canonical\" href=\"https:\/\/www.yachtingnews.com\/de\/halma-rib-beleuchtet-die-herbstsaison-in-cannes-und-genua\/\" \/>\n<meta property=\"og:locale\" content=\"de_DE\" \/>\n<meta property=\"og:type\" content=\"article\" \/>\n<meta property=\"og:title\" content=\"Halma Rib beleuchtet die Herbstsaison in Cannes und Genua - Yachting News\" \/>\n<meta property=\"og:description\" content=\"Halma Rib ist bekannt und gesch\u00e4tzt f\u00fcr sein Engagement f\u00fcr Qualit\u00e4t und Eleganz und bereitet sich auf eine doppelte Ausstellung...\" \/>\n<meta property=\"og:url\" content=\"https:\/\/www.yachtingnews.com\/de\/halma-rib-beleuchtet-die-herbstsaison-in-cannes-und-genua\/\" \/>\n<meta property=\"og:site_name\" content=\"Yachting News\" \/>\n<meta property=\"article:publisher\" content=\"https:\/\/www.facebook.com\/TheInternationalYachtingMedia\" \/>\n<meta property=\"article:published_time\" content=\"2025-08-31T00:00:00+00:00\" \/>\n<meta property=\"article:modified_time\" content=\"2025-08-31T00:01:14+00:00\" \/>\n<meta property=\"og:image\" content=\"https:\/\/www.yachtingnews.com\/wp-content\/uploads\/2025\/08\/halma-rib-hr25-en-1.webp\" \/>\n\t<meta property=\"og:image:width\" content=\"1400\" \/>\n\t<meta property=\"og:image:height\" content=\"787\" \/>\n\t<meta property=\"og:image:type\" content=\"image\/webp\" \/>\n<meta name=\"author\" content=\"Alessandro Giuzio\" \/>\n<meta name=\"twitter:card\" content=\"summary_large_image\" \/>\n<meta name=\"twitter:creator\" content=\"@YachtingMedia\" \/>\n<meta name=\"twitter:site\" content=\"@YachtingMedia\" \/>\n<meta name=\"twitter:label1\" content=\"Verfasst von\" \/>\n\t<meta name=\"twitter:data1\" content=\"Alessandro Giuzio\" \/>\n\t<meta name=\"twitter:label2\" content=\"Gesch\u00e4tzte Lesezeit\" \/>\n\t<meta name=\"twitter:data2\" content=\"3\u00a0Minuten\" \/>\n<script type=\"application\/ld+json\" class=\"yoast-schema-graph\">{\"@context\":\"https:\\\/\\\/schema.org\",\"@graph\":[{\"@type\":\"Article\",\"@id\":\"https:\\\/\\\/www.yachtingnews.com\\\/de\\\/halma-rib-beleuchtet-die-herbstsaison-in-cannes-und-genua\\\/#article\",\"isPartOf\":{\"@id\":\"https:\\\/\\\/www.yachtingnews.com\\\/de\\\/halma-rib-beleuchtet-die-herbstsaison-in-cannes-und-genua\\\/\"},\"author\":{\"name\":\"Alessandro Giuzio\",\"@id\":\"https:\\\/\\\/www.yachtingnews.com\\\/de\\\/#\\\/schema\\\/person\\\/d2e99eb1c7ce9e28a78d15e3d5d68eb3\"},\"headline\":\"Halma Rib beleuchtet die Herbstsaison in Cannes und Genua\",\"datePublished\":\"2025-08-31T00:00:00+00:00\",\"dateModified\":\"2025-08-31T00:01:14+00:00\",\"mainEntityOfPage\":{\"@id\":\"https:\\\/\\\/www.yachtingnews.com\\\/de\\\/halma-rib-beleuchtet-die-herbstsaison-in-cannes-und-genua\\\/\"},\"wordCount\":545,\"commentCount\":0,\"publisher\":{\"@id\":\"https:\\\/\\\/www.yachtingnews.com\\\/de\\\/#organization\"},\"image\":{\"@id\":\"https:\\\/\\\/www.yachtingnews.com\\\/de\\\/halma-rib-beleuchtet-die-herbstsaison-in-cannes-und-genua\\\/#primaryimage\"},\"thumbnailUrl\":\"https:\\\/\\\/www.yachtingnews.com\\\/wp-content\\\/uploads\\\/2025\\\/08\\\/halma-rib-hr25-en-1.webp\",\"articleSection\":[\"Nachrichten\"],\"inLanguage\":\"de\",\"potentialAction\":[{\"@type\":\"CommentAction\",\"name\":\"Comment\",\"target\":[\"https:\\\/\\\/www.yachtingnews.com\\\/de\\\/halma-rib-beleuchtet-die-herbstsaison-in-cannes-und-genua\\\/#respond\"]}]},{\"@type\":\"WebPage\",\"@id\":\"https:\\\/\\\/www.yachtingnews.com\\\/de\\\/halma-rib-beleuchtet-die-herbstsaison-in-cannes-und-genua\\\/\",\"url\":\"https:\\\/\\\/www.yachtingnews.com\\\/de\\\/halma-rib-beleuchtet-die-herbstsaison-in-cannes-und-genua\\\/\",\"name\":\"Halma Rib beleuchtet die Herbstsaison in Cannes und Genua - Yachting News\",\"isPartOf\":{\"@id\":\"https:\\\/\\\/www.yachtingnews.com\\\/de\\\/#website\"},\"primaryImageOfPage\":{\"@id\":\"https:\\\/\\\/www.yachtingnews.com\\\/de\\\/halma-rib-beleuchtet-die-herbstsaison-in-cannes-und-genua\\\/#primaryimage\"},\"image\":{\"@id\":\"https:\\\/\\\/www.yachtingnews.com\\\/de\\\/halma-rib-beleuchtet-die-herbstsaison-in-cannes-und-genua\\\/#primaryimage\"},\"thumbnailUrl\":\"https:\\\/\\\/www.yachtingnews.com\\\/wp-content\\\/uploads\\\/2025\\\/08\\\/halma-rib-hr25-en-1.webp\",\"datePublished\":\"2025-08-31T00:00:00+00:00\",\"dateModified\":\"2025-08-31T00:01:14+00:00\",\"description\":\"Halma Rib ist bekannt und gesch\u00e4tzt f\u00fcr sein Engagement f\u00fcr Qualit\u00e4t und Eleganz und bereitet sich auf eine doppelte Ausstellung...\",\"breadcrumb\":{\"@id\":\"https:\\\/\\\/www.yachtingnews.com\\\/de\\\/halma-rib-beleuchtet-die-herbstsaison-in-cannes-und-genua\\\/#breadcrumb\"},\"inLanguage\":\"de\",\"potentialAction\":[{\"@type\":\"ReadAction\",\"target\":[\"https:\\\/\\\/www.yachtingnews.com\\\/de\\\/halma-rib-beleuchtet-die-herbstsaison-in-cannes-und-genua\\\/\"]}]},{\"@type\":\"ImageObject\",\"inLanguage\":\"de\",\"@id\":\"https:\\\/\\\/www.yachtingnews.com\\\/de\\\/halma-rib-beleuchtet-die-herbstsaison-in-cannes-und-genua\\\/#primaryimage\",\"url\":\"https:\\\/\\\/www.yachtingnews.com\\\/wp-content\\\/uploads\\\/2025\\\/08\\\/halma-rib-hr25-en-1.webp\",\"contentUrl\":\"https:\\\/\\\/www.yachtingnews.com\\\/wp-content\\\/uploads\\\/2025\\\/08\\\/halma-rib-hr25-en-1.webp\",\"width\":1400,\"height\":787,\"caption\":\"halma-rib-hr25-de\"},{\"@type\":\"BreadcrumbList\",\"@id\":\"https:\\\/\\\/www.yachtingnews.com\\\/de\\\/halma-rib-beleuchtet-die-herbstsaison-in-cannes-und-genua\\\/#breadcrumb\",\"itemListElement\":[{\"@type\":\"ListItem\",\"position\":1,\"name\":\"Home\",\"item\":\"https:\\\/\\\/www.yachtingnews.com\\\/de\\\/yachting-news-2\\\/\"},{\"@type\":\"ListItem\",\"position\":2,\"name\":\"Halma Rib beleuchtet die Herbstsaison in Cannes und Genua\"}]},{\"@type\":\"WebSite\",\"@id\":\"https:\\\/\\\/www.yachtingnews.com\\\/de\\\/#website\",\"url\":\"https:\\\/\\\/www.yachtingnews.com\\\/de\\\/\",\"name\":\"Yachting News\",\"description\":\"The International Yachting Media\",\"publisher\":{\"@id\":\"https:\\\/\\\/www.yachtingnews.com\\\/de\\\/#organization\"},\"potentialAction\":[{\"@type\":\"SearchAction\",\"target\":{\"@type\":\"EntryPoint\",\"urlTemplate\":\"https:\\\/\\\/www.yachtingnews.com\\\/de\\\/?s={search_term_string}\"},\"query-input\":{\"@type\":\"PropertyValueSpecification\",\"valueRequired\":true,\"valueName\":\"search_term_string\"}}],\"inLanguage\":\"de\"},{\"@type\":\"Organization\",\"@id\":\"https:\\\/\\\/www.yachtingnews.com\\\/de\\\/#organization\",\"name\":\"Yachting News\",\"url\":\"https:\\\/\\\/www.yachtingnews.com\\\/de\\\/\",\"logo\":{\"@type\":\"ImageObject\",\"inLanguage\":\"de\",\"@id\":\"https:\\\/\\\/www.yachtingnews.com\\\/de\\\/#\\\/schema\\\/logo\\\/image\\\/\",\"url\":\"https:\\\/\\\/www.yachtingnews.com\\\/wp-content\\\/uploads\\\/2023\\\/02\\\/LOGO-Yachting-NEWS-blu-800.png\",\"contentUrl\":\"https:\\\/\\\/www.yachtingnews.com\\\/wp-content\\\/uploads\\\/2023\\\/02\\\/LOGO-Yachting-NEWS-blu-800.png\",\"width\":790,\"height\":99,\"caption\":\"Yachting News\"},\"image\":{\"@id\":\"https:\\\/\\\/www.yachtingnews.com\\\/de\\\/#\\\/schema\\\/logo\\\/image\\\/\"},\"sameAs\":[\"https:\\\/\\\/www.facebook.com\\\/TheInternationalYachtingMedia\",\"https:\\\/\\\/x.com\\\/YachtingMedia\",\"https:\\\/\\\/www.instagram.com\\\/yachting.news\\\/\",\"https:\\\/\\\/www.linkedin.com\\\/company\\\/the-international-yachting-media\",\"https:\\\/\\\/www.youtube.com\\\/c\\\/TheInternationalYachtingMedia\"]},{\"@type\":\"Person\",\"@id\":\"https:\\\/\\\/www.yachtingnews.com\\\/de\\\/#\\\/schema\\\/person\\\/d2e99eb1c7ce9e28a78d15e3d5d68eb3\",\"name\":\"Alessandro Giuzio\",\"image\":{\"@type\":\"ImageObject\",\"inLanguage\":\"de\",\"@id\":\"https:\\\/\\\/www.yachtingnews.com\\\/wp-content\\\/litespeed\\\/avatar\\\/a99e5f8da4fc551fb53eb9f1fec61fb4.jpg?ver=1787585046\",\"url\":\"https:\\\/\\\/www.yachtingnews.com\\\/wp-content\\\/litespeed\\\/avatar\\\/a99e5f8da4fc551fb53eb9f1fec61fb4.jpg?ver=1787585046\",\"contentUrl\":\"https:\\\/\\\/www.yachtingnews.com\\\/wp-content\\\/litespeed\\\/avatar\\\/a99e5f8da4fc551fb53eb9f1fec61fb4.jpg?ver=1787585046\",\"caption\":\"Alessandro Giuzio\"},\"description\":\"Alessandro is a professional journalist and contributes to The International Yachting Media since 2022. He is an expert on the sea and of course on boats.\",\"url\":\"https:\\\/\\\/www.yachtingnews.com\\\/de\\\/author\\\/alexgiuzio\\\/\"}]}<\/script>\n<!-- \/ Yoast SEO plugin. -->","yoast_head_json":{"title":"Halma Rib beleuchtet die Herbstsaison in Cannes und Genua - Yachting News","description":"Halma Rib ist bekannt und gesch\u00e4tzt f\u00fcr sein Engagement f\u00fcr Qualit\u00e4t und Eleganz und bereitet sich auf eine doppelte Ausstellung...","robots":{"index":"index","follow":"follow","max-snippet":"max-snippet:-1","max-image-preview":"max-image-preview:large","max-video-preview":"max-video-preview:-1"},"canonical":"https:\/\/www.yachtingnews.com\/de\/halma-rib-beleuchtet-die-herbstsaison-in-cannes-und-genua\/","og_locale":"de_DE","og_type":"article","og_title":"Halma Rib beleuchtet die Herbstsaison in Cannes und Genua - Yachting News","og_description":"Halma Rib ist bekannt und gesch\u00e4tzt f\u00fcr sein Engagement f\u00fcr Qualit\u00e4t und Eleganz und bereitet sich auf eine doppelte Ausstellung...","og_url":"https:\/\/www.yachtingnews.com\/de\/halma-rib-beleuchtet-die-herbstsaison-in-cannes-und-genua\/","og_site_name":"Yachting News","article_publisher":"https:\/\/www.facebook.com\/TheInternationalYachtingMedia","article_published_time":"2025-08-31T00:00:00+00:00","article_modified_time":"2025-08-31T00:01:14+00:00","og_image":[{"width":1400,"height":787,"url":"https:\/\/www.yachtingnews.com\/wp-content\/uploads\/2025\/08\/halma-rib-hr25-en-1.webp","type":"image\/webp"}],"author":"Alessandro Giuzio","twitter_card":"summary_large_image","twitter_creator":"@YachtingMedia","twitter_site":"@YachtingMedia","twitter_misc":{"Verfasst von":"Alessandro Giuzio","Gesch\u00e4tzte Lesezeit":"3\u00a0Minuten"},"schema":{"@context":"https:\/\/schema.org","@graph":[{"@type":"Article","@id":"https:\/\/www.yachtingnews.com\/de\/halma-rib-beleuchtet-die-herbstsaison-in-cannes-und-genua\/#article","isPartOf":{"@id":"https:\/\/www.yachtingnews.com\/de\/halma-rib-beleuchtet-die-herbstsaison-in-cannes-und-genua\/"},"author":{"name":"Alessandro Giuzio","@id":"https:\/\/www.yachtingnews.com\/de\/#\/schema\/person\/d2e99eb1c7ce9e28a78d15e3d5d68eb3"},"headline":"Halma Rib beleuchtet die Herbstsaison in Cannes und Genua","datePublished":"2025-08-31T00:00:00+00:00","dateModified":"2025-08-31T00:01:14+00:00","mainEntityOfPage":{"@id":"https:\/\/www.yachtingnews.com\/de\/halma-rib-beleuchtet-die-herbstsaison-in-cannes-und-genua\/"},"wordCount":545,"commentCount":0,"publisher":{"@id":"https:\/\/www.yachtingnews.com\/de\/#organization"},"image":{"@id":"https:\/\/www.yachtingnews.com\/de\/halma-rib-beleuchtet-die-herbstsaison-in-cannes-und-genua\/#primaryimage"},"thumbnailUrl":"https:\/\/www.yachtingnews.com\/wp-content\/uploads\/2025\/08\/halma-rib-hr25-en-1.webp","articleSection":["Nachrichten"],"inLanguage":"de","potentialAction":[{"@type":"CommentAction","name":"Comment","target":["https:\/\/www.yachtingnews.com\/de\/halma-rib-beleuchtet-die-herbstsaison-in-cannes-und-genua\/#respond"]}]},{"@type":"WebPage","@id":"https:\/\/www.yachtingnews.com\/de\/halma-rib-beleuchtet-die-herbstsaison-in-cannes-und-genua\/","url":"https:\/\/www.yachtingnews.com\/de\/halma-rib-beleuchtet-die-herbstsaison-in-cannes-und-genua\/","name":"Halma Rib beleuchtet die Herbstsaison in Cannes und Genua - Yachting News","isPartOf":{"@id":"https:\/\/www.yachtingnews.com\/de\/#website"},"primaryImageOfPage":{"@id":"https:\/\/www.yachtingnews.com\/de\/halma-rib-beleuchtet-die-herbstsaison-in-cannes-und-genua\/#primaryimage"},"image":{"@id":"https:\/\/www.yachtingnews.com\/de\/halma-rib-beleuchtet-die-herbstsaison-in-cannes-und-genua\/#primaryimage"},"thumbnailUrl":"https:\/\/www.yachtingnews.com\/wp-content\/uploads\/2025\/08\/halma-rib-hr25-en-1.webp","datePublished":"2025-08-31T00:00:00+00:00","dateModified":"2025-08-31T00:01:14+00:00","description":"Halma Rib ist bekannt und gesch\u00e4tzt f\u00fcr sein Engagement f\u00fcr Qualit\u00e4t und Eleganz und bereitet sich auf eine doppelte Ausstellung...","breadcrumb":{"@id":"https:\/\/www.yachtingnews.com\/de\/halma-rib-beleuchtet-die-herbstsaison-in-cannes-und-genua\/#breadcrumb"},"inLanguage":"de","potentialAction":[{"@type":"ReadAction","target":["https:\/\/www.yachtingnews.com\/de\/halma-rib-beleuchtet-die-herbstsaison-in-cannes-und-genua\/"]}]},{"@type":"ImageObject","inLanguage":"de","@id":"https:\/\/www.yachtingnews.com\/de\/halma-rib-beleuchtet-die-herbstsaison-in-cannes-und-genua\/#primaryimage","url":"https:\/\/www.yachtingnews.com\/wp-content\/uploads\/2025\/08\/halma-rib-hr25-en-1.webp","contentUrl":"https:\/\/www.yachtingnews.com\/wp-content\/uploads\/2025\/08\/halma-rib-hr25-en-1.webp","width":1400,"height":787,"caption":"halma-rib-hr25-de"},{"@type":"BreadcrumbList","@id":"https:\/\/www.yachtingnews.com\/de\/halma-rib-beleuchtet-die-herbstsaison-in-cannes-und-genua\/#breadcrumb","itemListElement":[{"@type":"ListItem","position":1,"name":"Home","item":"https:\/\/www.yachtingnews.com\/de\/yachting-news-2\/"},{"@type":"ListItem","position":2,"name":"Halma Rib beleuchtet die Herbstsaison in Cannes und Genua"}]},{"@type":"WebSite","@id":"https:\/\/www.yachtingnews.com\/de\/#website","url":"https:\/\/www.yachtingnews.com\/de\/","name":"Yachting News","description":"The International Yachting Media","publisher":{"@id":"https:\/\/www.yachtingnews.com\/de\/#organization"},"potentialAction":[{"@type":"SearchAction","target":{"@type":"EntryPoint","urlTemplate":"https:\/\/www.yachtingnews.com\/de\/?s={search_term_string}"},"query-input":{"@type":"PropertyValueSpecification","valueRequired":true,"valueName":"search_term_string"}}],"inLanguage":"de"},{"@type":"Organization","@id":"https:\/\/www.yachtingnews.com\/de\/#organization","name":"Yachting News","url":"https:\/\/www.yachtingnews.com\/de\/","logo":{"@type":"ImageObject","inLanguage":"de","@id":"https:\/\/www.yachtingnews.com\/de\/#\/schema\/logo\/image\/","url":"https:\/\/www.yachtingnews.com\/wp-content\/uploads\/2023\/02\/LOGO-Yachting-NEWS-blu-800.png","contentUrl":"https:\/\/www.yachtingnews.com\/wp-content\/uploads\/2023\/02\/LOGO-Yachting-NEWS-blu-800.png","width":790,"height":99,"caption":"Yachting News"},"image":{"@id":"https:\/\/www.yachtingnews.com\/de\/#\/schema\/logo\/image\/"},"sameAs":["https:\/\/www.facebook.com\/TheInternationalYachtingMedia","https:\/\/x.com\/YachtingMedia","https:\/\/www.instagram.com\/yachting.news\/","https:\/\/www.linkedin.com\/company\/the-international-yachting-media","https:\/\/www.youtube.com\/c\/TheInternationalYachtingMedia"]},{"@type":"Person","@id":"https:\/\/www.yachtingnews.com\/de\/#\/schema\/person\/d2e99eb1c7ce9e28a78d15e3d5d68eb3","name":"Alessandro Giuzio","image":{"@type":"ImageObject","inLanguage":"de","@id":"https:\/\/www.yachtingnews.com\/wp-content\/litespeed\/avatar\/a99e5f8da4fc551fb53eb9f1fec61fb4.jpg?ver=1787585046","url":"https:\/\/www.yachtingnews.com\/wp-content\/litespeed\/avatar\/a99e5f8da4fc551fb53eb9f1fec61fb4.jpg?ver=1787585046","contentUrl":"https:\/\/www.yachtingnews.com\/wp-content\/litespeed\/avatar\/a99e5f8da4fc551fb53eb9f1fec61fb4.jpg?ver=1787585046","caption":"Alessandro Giuzio"},"description":"Alessandro is a professional journalist and contributes to The International Yachting Media since 2022. He is an expert on the sea and of course on boats.","url":"https:\/\/www.yachtingnews.com\/de\/author\/alexgiuzio\/"}]}},"_links":{"self":[{"href":"https:\/\/www.yachtingnews.com\/de\/wp-json\/wp\/v2\/posts\/155470","targetHints":{"allow":["GET"]}}],"collection":[{"href":"https:\/\/www.yachtingnews.com\/de\/wp-json\/wp\/v2\/posts"}],"about":[{"href":"https:\/\/www.yachtingnews.com\/de\/wp-json\/wp\/v2\/types\/post"}],"author":[{"embeddable":true,"href":"https:\/\/www.yachtingnews.com\/de\/wp-json\/wp\/v2\/users\/45"}],"replies":[{"embeddable":true,"href":"https:\/\/www.yachtingnews.com\/de\/wp-json\/wp\/v2\/comments?post=155470"}],"version-history":[{"count":0,"href":"https:\/\/www.yachtingnews.com\/de\/wp-json\/wp\/v2\/posts\/155470\/revisions"}],"wp:featuredmedia":[{"embeddable":true,"href":"https:\/\/www.yachtingnews.com\/de\/wp-json\/wp\/v2\/media\/155476"}],"wp:attachment":[{"href":"https:\/\/www.yachtingnews.com\/de\/wp-json\/wp\/v2\/media?parent=155470"}],"wp:term":[{"taxonomy":"category","embeddable":true,"href":"https:\/\/www.yachtingnews.com\/de\/wp-json\/wp\/v2\/categories?post=155470"},{"taxonomy":"post_tag","embeddable":true,"href":"https:\/\/www.yachtingnews.com\/de\/wp-json\/wp\/v2\/tags?post=155470"}],"curies":[{"name":"wp","href":"https:\/\/api.w.org\/{rel}","templated":true}]}}