{"id":155621,"date":"2025-09-03T01:00:00","date_gmt":"2025-09-03T00:00:00","guid":{"rendered":"https:\/\/yachtingnews.com\/wellcraft-expandiert-und-praesentiert-die-neue-wellcraft-28-in-cannes\/"},"modified":"2025-09-03T07:50:34","modified_gmt":"2025-09-03T06:50:34","slug":"wellcraft-expandiert-und-praesentiert-die-neue-wellcraft-28-in-cannes","status":"publish","type":"post","link":"https:\/\/www.yachtingnews.com\/de\/wellcraft-expandiert-und-praesentiert-die-neue-wellcraft-28-in-cannes\/","title":{"rendered":"Wellcraft expandiert und pr\u00e4sentiert die neue Wellcraft 28 in Cannes"},"content":{"rendered":"\t\t<div data-elementor-type=\"wp-post\" data-elementor-id=\"155621\" class=\"elementor elementor-155621 elementor-155567\" data-elementor-post-type=\"post\">\n\t\t\t\t\t\t<section class=\"elementor-section elementor-top-section elementor-element elementor-element-46c9ee2d elementor-section-boxed elementor-section-height-default elementor-section-height-default\" data-id=\"46c9ee2d\" data-element_type=\"section\" data-e-type=\"section\">\n\t\t\t\t\t\t<div class=\"elementor-container elementor-column-gap-default\">\n\t\t\t\t\t<div class=\"elementor-column elementor-col-100 elementor-top-column elementor-element elementor-element-f94f1c9\" data-id=\"f94f1c9\" data-element_type=\"column\" data-e-type=\"column\">\n\t\t\t<div class=\"elementor-widget-wrap elementor-element-populated\">\n\t\t\t\t\t\t<div class=\"elementor-element elementor-element-6abe175d elementor-widget elementor-widget-text-editor\" data-id=\"6abe175d\" data-element_type=\"widget\" data-e-type=\"widget\" data-widget_type=\"text-editor.default\">\n\t\t\t\t<div class=\"elementor-widget-container\">\n\t\t\t\t\t\t\t\t\t<p><a href=\"https:\/\/yachtingnews.com\/?s=wellcraft&amp;lang=en\"><b>Wellcraft <\/b><\/a>setzt seine strategische Expansion mit der neuen <b>Wellcraft 28<\/b> fort <b>und<\/b> st\u00f6\u00dft damit entscheidend in das Segment des aktiven Dayboatings vor. Ein Boot, das <b>herausragende Leistung, Vielseitigkeit und Zug\u00e4nglichkeit<\/b> vereint und sowohl f\u00fcr Gelegenheitsfahrer als auch f\u00fcr leidenschaftliche Entdecker geeignet ist. <\/p><p>Die offizielle Pr\u00e4sentation der neuen Wellcraft 28 ist f\u00fcr das <a href=\"https:\/\/www.superyachts.news\/?s=cannes+yachting+festival&amp;lang=en\"><b>Cannes Yachting Festival <\/b><\/a>im September 2025 geplant. Danach folgt die Weltpremiere auf der <b>Boot D\u00fcsseldorf 2026<\/b>, bevor sie auf der <b>Miami International Boat Show<\/b> im Februar 2026 ihr amerikanisches Deb\u00fct feiert. <\/p><h3 class=\"western\">Wellcraft 28, konzipiert zum Teilen<\/h3><p>Das neue Modell wurde entwickelt, um Tage auf dem Wasser in guter Gesellschaft zu verbringen. Mit einer L\u00e4nge von 8,56 Metern bietet es die <b>gr\u00f6\u00dfte Sitzkapazit\u00e4t in seiner Kategorie<\/b>. Das Achtercockpit ist vollst\u00e4ndig modular: Es l\u00e4sst sich leicht an Momente der Entspannung, des Angelns oder des Wassersports anpassen. Der Fokus auf Geselligkeit zeigt sich in intelligenten L\u00f6sungen, die <b>den Zugang zum Wasser erleichtern<\/b> und gleichzeitig die M\u00f6glichkeit bieten, an Bord zu <b>\u00fcbernachten <\/b>.   <\/p><p><img decoding=\"async\" class=\"aligncenter wp-image-155568 size-full\" title=\"Wellcraft\" src=\"https:\/\/yachtingnews.com\/wp-content\/uploads\/2025\/09\/Wellcraft1.jpg\" alt=\"Wellcraft\" width=\"1600\" height=\"900\" srcset=\"https:\/\/www.yachtingnews.com\/wp-content\/uploads\/2025\/09\/Wellcraft1.jpg 1600w, https:\/\/www.yachtingnews.com\/wp-content\/uploads\/2025\/09\/Wellcraft1-300x169.jpg 300w, https:\/\/www.yachtingnews.com\/wp-content\/uploads\/2025\/09\/Wellcraft1-768x432.jpg 768w, https:\/\/www.yachtingnews.com\/wp-content\/uploads\/2025\/09\/Wellcraft1-1536x864.jpg 1536w\" sizes=\"(max-width: 1600px) 100vw, 1600px\" \/><\/p><h3 class=\"western\">Leistung von Wellcraft<\/h3><p>Getreu seiner Identit\u00e4t bietet Wellcraft ein <b>aufregendes und reaktionsschnelles Fahrverhalten.<\/b> Das Herzst\u00fcck ist <b>W.I.S.E.<\/b> (Wellcraft Infujection Structure Engineering), ein innovatives Konstruktionsverfahren, das Injektion und Infusion kombiniert, um leichtere, steifere und schnellere R\u00fcmpfe zu schaffen. Das Ergebnis ist ein optimiertes Leistungsgewicht, das die Leistung steigert, die Ger\u00e4uschentwicklung an Bord reduziert und auch bei schwierigen Bedingungen eine hervorragende Stabilit\u00e4t gew\u00e4hrleistet. Dank des <b>doppelt gestuften Rumpfes<\/b> gleitet das Boot schneller, verbessert die Gesamteffizienz und verbraucht weniger Kraftstoff. Sein Handling ist reaktionsschnell, kraftvoll und geschmeidig: sofortige Beschleunigung und Agilit\u00e4t machen jeden Ausflug zu einem Erlebnis.   <\/p><h3 class=\"western\">Wellcraft 28, entwickelt zum Schutz<\/h3><p>Wie jede Wellcraft vermittelt auch diese 28-Fu\u00df-Yacht <b>Sicherheit und Vertrauen.<\/b> Die hohen Dollborde halten das Deck auch bei rauer See trocken, w\u00e4hrend die \u00fcbergro\u00dfen Handl\u00e4ufe in jeder Phase der Navigation einen sicheren Halt bieten. Dank der <b>verschiedenen Windschutzscheiben- und Hardtop-Konfigurationen <\/b>, die ma\u00dfgeschneiderten Schutz bieten, passt sich das Modell leicht an wechselnde Wetterbedingungen an. Der k\u00fchne Stil wird durch die markante Z-Linie vervollst\u00e4ndigt, das Markenzeichen von Wellcraft.  <\/p>\t\t\t\t\t\t\t\t<\/div>\n\t\t\t\t<\/div>\n\t\t\t\t\t<\/div>\n\t\t<\/div>\n\t\t\t\t\t<\/div>\n\t\t<\/section>\n\t\t\t\t<\/div>\n\t\t","protected":false},"excerpt":{"rendered":"<p>Wellcraft setzt seine strategische Expansion mit der neuen Wellcraft 28 fort und st\u00f6\u00dft damit entscheidend in das Segment des aktiven Dayboatings vor. Ein Boot, das herausragende Leistung, Vielseitigkeit und Zug\u00e4nglichkeit vereint und sowohl f\u00fcr Gelegenheitsfahrer als auch f\u00fcr leidenschaftliche Entdecker geeignet ist. Die offizielle Pr\u00e4sentation der neuen Wellcraft 28 ist f\u00fcr das Cannes Yachting Festival [&hellip;]<\/p>\n","protected":false},"author":79,"featured_media":155622,"comment_status":"open","ping_status":"closed","sticky":false,"template":"","format":"standard","meta":{"_mo_disable_npp":"","footnotes":""},"categories":[660,690,654],"tags":[4672,2057,4673],"class_list":["post-155621","post","type-post","status-publish","format-standard","has-post-thumbnail","hentry","category-bootsausstellungen","category-motorboote","category-news-de","tag-cannes-yachting-festival-2025","tag-wellcraft-de","tag-wellcraft-28"],"yoast_head":"<!-- This site is optimized with the Yoast SEO plugin v28.4 - https:\/\/yoast.com\/product\/yoast-seo-wordpress\/ -->\n<title>Wellcraft 28, das neue 28-Fu\u00df-Schiff wird in Cannes vorgestellt - Yachting News%<\/title>\n<meta name=\"description\" content=\"Wellcraft setzt seine strategische Expansion mit der neuen Wellcraft 28 fort und steigt damit entschlossen in das aktive Dayboat-Segment ein...\" \/>\n<meta name=\"robots\" content=\"index, follow, max-snippet:-1, max-image-preview:large, max-video-preview:-1\" \/>\n<link rel=\"canonical\" href=\"https:\/\/www.yachtingnews.com\/de\/wellcraft-expandiert-und-praesentiert-die-neue-wellcraft-28-in-cannes\/\" \/>\n<meta property=\"og:locale\" content=\"de_DE\" \/>\n<meta property=\"og:type\" content=\"article\" \/>\n<meta property=\"og:title\" content=\"Wellcraft 28, das neue 28-Fu\u00df-Schiff wird in Cannes vorgestellt - Yachting News%\" \/>\n<meta property=\"og:description\" content=\"Wellcraft setzt seine strategische Expansion mit der neuen Wellcraft 28 fort und steigt damit entschlossen in das aktive Dayboat-Segment ein...\" \/>\n<meta property=\"og:url\" content=\"https:\/\/www.yachtingnews.com\/de\/wellcraft-expandiert-und-praesentiert-die-neue-wellcraft-28-in-cannes\/\" \/>\n<meta property=\"og:site_name\" content=\"Yachting News\" \/>\n<meta property=\"article:publisher\" content=\"https:\/\/www.facebook.com\/TheInternationalYachtingMedia\" \/>\n<meta property=\"article:published_time\" content=\"2025-09-03T00:00:00+00:00\" \/>\n<meta property=\"article:modified_time\" content=\"2025-09-03T06:50:34+00:00\" \/>\n<meta property=\"og:image\" content=\"https:\/\/www.yachtingnews.com\/wp-content\/uploads\/2025\/09\/WELLCRAFT-28-copertina-EN-FR.jpg\" \/>\n\t<meta property=\"og:image:width\" content=\"1600\" \/>\n\t<meta property=\"og:image:height\" content=\"900\" \/>\n\t<meta property=\"og:image:type\" content=\"image\/jpeg\" \/>\n<meta name=\"author\" content=\"Mattia Camera\" \/>\n<meta name=\"twitter:card\" content=\"summary_large_image\" \/>\n<meta name=\"twitter:creator\" content=\"@YachtingMedia\" \/>\n<meta name=\"twitter:site\" content=\"@YachtingMedia\" \/>\n<meta name=\"twitter:label1\" content=\"Verfasst von\" \/>\n\t<meta name=\"twitter:data1\" content=\"Mattia Camera\" \/>\n\t<meta name=\"twitter:label2\" content=\"Gesch\u00e4tzte Lesezeit\" \/>\n\t<meta name=\"twitter:data2\" content=\"2\u00a0Minuten\" \/>\n<script type=\"application\/ld+json\" class=\"yoast-schema-graph\">{\"@context\":\"https:\\\/\\\/schema.org\",\"@graph\":[{\"@type\":\"Article\",\"@id\":\"https:\\\/\\\/www.yachtingnews.com\\\/de\\\/wellcraft-expandiert-und-praesentiert-die-neue-wellcraft-28-in-cannes\\\/#article\",\"isPartOf\":{\"@id\":\"https:\\\/\\\/www.yachtingnews.com\\\/de\\\/wellcraft-expandiert-und-praesentiert-die-neue-wellcraft-28-in-cannes\\\/\"},\"author\":{\"name\":\"Mattia Camera\",\"@id\":\"https:\\\/\\\/www.yachtingnews.com\\\/de\\\/#\\\/schema\\\/person\\\/1fa0428d1df3c202dda10fd27071fdac\"},\"headline\":\"Wellcraft expandiert und pr\u00e4sentiert die neue Wellcraft 28 in Cannes\",\"datePublished\":\"2025-09-03T00:00:00+00:00\",\"dateModified\":\"2025-09-03T06:50:34+00:00\",\"mainEntityOfPage\":{\"@id\":\"https:\\\/\\\/www.yachtingnews.com\\\/de\\\/wellcraft-expandiert-und-praesentiert-die-neue-wellcraft-28-in-cannes\\\/\"},\"wordCount\":359,\"commentCount\":0,\"publisher\":{\"@id\":\"https:\\\/\\\/www.yachtingnews.com\\\/de\\\/#organization\"},\"image\":{\"@id\":\"https:\\\/\\\/www.yachtingnews.com\\\/de\\\/wellcraft-expandiert-und-praesentiert-die-neue-wellcraft-28-in-cannes\\\/#primaryimage\"},\"thumbnailUrl\":\"https:\\\/\\\/www.yachtingnews.com\\\/wp-content\\\/uploads\\\/2025\\\/09\\\/WELLCRAFT-28-copertina-EN-FR.jpg\",\"keywords\":[\"Cannes Yachting Festival 2025\",\"Wellcraft\",\"wellcraft 28\"],\"articleSection\":[\"Bootsausstellungen\",\"MOTORBOOTE\",\"Nachrichten\"],\"inLanguage\":\"de\",\"potentialAction\":[{\"@type\":\"CommentAction\",\"name\":\"Comment\",\"target\":[\"https:\\\/\\\/www.yachtingnews.com\\\/de\\\/wellcraft-expandiert-und-praesentiert-die-neue-wellcraft-28-in-cannes\\\/#respond\"]}]},{\"@type\":\"WebPage\",\"@id\":\"https:\\\/\\\/www.yachtingnews.com\\\/de\\\/wellcraft-expandiert-und-praesentiert-die-neue-wellcraft-28-in-cannes\\\/\",\"url\":\"https:\\\/\\\/www.yachtingnews.com\\\/de\\\/wellcraft-expandiert-und-praesentiert-die-neue-wellcraft-28-in-cannes\\\/\",\"name\":\"Wellcraft 28, das neue 28-Fu\u00df-Schiff wird in Cannes vorgestellt - Yachting News%\",\"isPartOf\":{\"@id\":\"https:\\\/\\\/www.yachtingnews.com\\\/de\\\/#website\"},\"primaryImageOfPage\":{\"@id\":\"https:\\\/\\\/www.yachtingnews.com\\\/de\\\/wellcraft-expandiert-und-praesentiert-die-neue-wellcraft-28-in-cannes\\\/#primaryimage\"},\"image\":{\"@id\":\"https:\\\/\\\/www.yachtingnews.com\\\/de\\\/wellcraft-expandiert-und-praesentiert-die-neue-wellcraft-28-in-cannes\\\/#primaryimage\"},\"thumbnailUrl\":\"https:\\\/\\\/www.yachtingnews.com\\\/wp-content\\\/uploads\\\/2025\\\/09\\\/WELLCRAFT-28-copertina-EN-FR.jpg\",\"datePublished\":\"2025-09-03T00:00:00+00:00\",\"dateModified\":\"2025-09-03T06:50:34+00:00\",\"description\":\"Wellcraft setzt seine strategische Expansion mit der neuen Wellcraft 28 fort und steigt damit entschlossen in das aktive Dayboat-Segment ein...\",\"breadcrumb\":{\"@id\":\"https:\\\/\\\/www.yachtingnews.com\\\/de\\\/wellcraft-expandiert-und-praesentiert-die-neue-wellcraft-28-in-cannes\\\/#breadcrumb\"},\"inLanguage\":\"de\",\"potentialAction\":[{\"@type\":\"ReadAction\",\"target\":[\"https:\\\/\\\/www.yachtingnews.com\\\/de\\\/wellcraft-expandiert-und-praesentiert-die-neue-wellcraft-28-in-cannes\\\/\"]}]},{\"@type\":\"ImageObject\",\"inLanguage\":\"de\",\"@id\":\"https:\\\/\\\/www.yachtingnews.com\\\/de\\\/wellcraft-expandiert-und-praesentiert-die-neue-wellcraft-28-in-cannes\\\/#primaryimage\",\"url\":\"https:\\\/\\\/www.yachtingnews.com\\\/wp-content\\\/uploads\\\/2025\\\/09\\\/WELLCRAFT-28-copertina-EN-FR.jpg\",\"contentUrl\":\"https:\\\/\\\/www.yachtingnews.com\\\/wp-content\\\/uploads\\\/2025\\\/09\\\/WELLCRAFT-28-copertina-EN-FR.jpg\",\"width\":1600,\"height\":900,\"caption\":\"WELLCRAFT 28\"},{\"@type\":\"BreadcrumbList\",\"@id\":\"https:\\\/\\\/www.yachtingnews.com\\\/de\\\/wellcraft-expandiert-und-praesentiert-die-neue-wellcraft-28-in-cannes\\\/#breadcrumb\",\"itemListElement\":[{\"@type\":\"ListItem\",\"position\":1,\"name\":\"Home\",\"item\":\"https:\\\/\\\/www.yachtingnews.com\\\/de\\\/yachting-news-2\\\/\"},{\"@type\":\"ListItem\",\"position\":2,\"name\":\"Wellcraft expandiert und pr\u00e4sentiert die neue Wellcraft 28 in Cannes\"}]},{\"@type\":\"WebSite\",\"@id\":\"https:\\\/\\\/www.yachtingnews.com\\\/de\\\/#website\",\"url\":\"https:\\\/\\\/www.yachtingnews.com\\\/de\\\/\",\"name\":\"Yachting News\",\"description\":\"The International Yachting Media\",\"publisher\":{\"@id\":\"https:\\\/\\\/www.yachtingnews.com\\\/de\\\/#organization\"},\"potentialAction\":[{\"@type\":\"SearchAction\",\"target\":{\"@type\":\"EntryPoint\",\"urlTemplate\":\"https:\\\/\\\/www.yachtingnews.com\\\/de\\\/?s={search_term_string}\"},\"query-input\":{\"@type\":\"PropertyValueSpecification\",\"valueRequired\":true,\"valueName\":\"search_term_string\"}}],\"inLanguage\":\"de\"},{\"@type\":\"Organization\",\"@id\":\"https:\\\/\\\/www.yachtingnews.com\\\/de\\\/#organization\",\"name\":\"Yachting News\",\"url\":\"https:\\\/\\\/www.yachtingnews.com\\\/de\\\/\",\"logo\":{\"@type\":\"ImageObject\",\"inLanguage\":\"de\",\"@id\":\"https:\\\/\\\/www.yachtingnews.com\\\/de\\\/#\\\/schema\\\/logo\\\/image\\\/\",\"url\":\"https:\\\/\\\/www.yachtingnews.com\\\/wp-content\\\/uploads\\\/2023\\\/02\\\/LOGO-Yachting-NEWS-blu-800.png\",\"contentUrl\":\"https:\\\/\\\/www.yachtingnews.com\\\/wp-content\\\/uploads\\\/2023\\\/02\\\/LOGO-Yachting-NEWS-blu-800.png\",\"width\":790,\"height\":99,\"caption\":\"Yachting News\"},\"image\":{\"@id\":\"https:\\\/\\\/www.yachtingnews.com\\\/de\\\/#\\\/schema\\\/logo\\\/image\\\/\"},\"sameAs\":[\"https:\\\/\\\/www.facebook.com\\\/TheInternationalYachtingMedia\",\"https:\\\/\\\/x.com\\\/YachtingMedia\",\"https:\\\/\\\/www.instagram.com\\\/yachting.news\\\/\",\"https:\\\/\\\/www.linkedin.com\\\/company\\\/the-international-yachting-media\",\"https:\\\/\\\/www.youtube.com\\\/c\\\/TheInternationalYachtingMedia\"]},{\"@type\":\"Person\",\"@id\":\"https:\\\/\\\/www.yachtingnews.com\\\/de\\\/#\\\/schema\\\/person\\\/1fa0428d1df3c202dda10fd27071fdac\",\"name\":\"Mattia Camera\",\"image\":{\"@type\":\"ImageObject\",\"inLanguage\":\"de\",\"@id\":\"https:\\\/\\\/www.yachtingnews.com\\\/wp-content\\\/litespeed\\\/avatar\\\/05af165278430c99d0107d61d0465add.jpg?ver=1788200817\",\"url\":\"https:\\\/\\\/www.yachtingnews.com\\\/wp-content\\\/litespeed\\\/avatar\\\/05af165278430c99d0107d61d0465add.jpg?ver=1788200817\",\"contentUrl\":\"https:\\\/\\\/www.yachtingnews.com\\\/wp-content\\\/litespeed\\\/avatar\\\/05af165278430c99d0107d61d0465add.jpg?ver=1788200817\",\"caption\":\"Mattia Camera\"},\"description\":\"I was born in Liguria, a stone's throw from the sea, with which I have a special and unbreakable relationship. Since middle school I had clear ideas: I wanted to be a journalist. I like to inform myself, understand what is going on around me and build my own opinion. After a few years in Milan, between study and work, during which I gained work and life experiences, the call of the sea became too strong and I moved back to my home.\",\"url\":\"https:\\\/\\\/www.yachtingnews.com\\\/de\\\/author\\\/mattia-camera\\\/\"}]}<\/script>\n<!-- \/ Yoast SEO plugin. -->","yoast_head_json":{"title":"Wellcraft 28, das neue 28-Fu\u00df-Schiff wird in Cannes vorgestellt - Yachting News%","description":"Wellcraft setzt seine strategische Expansion mit der neuen Wellcraft 28 fort und steigt damit entschlossen in das aktive Dayboat-Segment ein...","robots":{"index":"index","follow":"follow","max-snippet":"max-snippet:-1","max-image-preview":"max-image-preview:large","max-video-preview":"max-video-preview:-1"},"canonical":"https:\/\/www.yachtingnews.com\/de\/wellcraft-expandiert-und-praesentiert-die-neue-wellcraft-28-in-cannes\/","og_locale":"de_DE","og_type":"article","og_title":"Wellcraft 28, das neue 28-Fu\u00df-Schiff wird in Cannes vorgestellt - Yachting News%","og_description":"Wellcraft setzt seine strategische Expansion mit der neuen Wellcraft 28 fort und steigt damit entschlossen in das aktive Dayboat-Segment ein...","og_url":"https:\/\/www.yachtingnews.com\/de\/wellcraft-expandiert-und-praesentiert-die-neue-wellcraft-28-in-cannes\/","og_site_name":"Yachting News","article_publisher":"https:\/\/www.facebook.com\/TheInternationalYachtingMedia","article_published_time":"2025-09-03T00:00:00+00:00","article_modified_time":"2025-09-03T06:50:34+00:00","og_image":[{"width":1600,"height":900,"url":"https:\/\/www.yachtingnews.com\/wp-content\/uploads\/2025\/09\/WELLCRAFT-28-copertina-EN-FR.jpg","type":"image\/jpeg"}],"author":"Mattia Camera","twitter_card":"summary_large_image","twitter_creator":"@YachtingMedia","twitter_site":"@YachtingMedia","twitter_misc":{"Verfasst von":"Mattia Camera","Gesch\u00e4tzte Lesezeit":"2\u00a0Minuten"},"schema":{"@context":"https:\/\/schema.org","@graph":[{"@type":"Article","@id":"https:\/\/www.yachtingnews.com\/de\/wellcraft-expandiert-und-praesentiert-die-neue-wellcraft-28-in-cannes\/#article","isPartOf":{"@id":"https:\/\/www.yachtingnews.com\/de\/wellcraft-expandiert-und-praesentiert-die-neue-wellcraft-28-in-cannes\/"},"author":{"name":"Mattia Camera","@id":"https:\/\/www.yachtingnews.com\/de\/#\/schema\/person\/1fa0428d1df3c202dda10fd27071fdac"},"headline":"Wellcraft expandiert und pr\u00e4sentiert die neue Wellcraft 28 in Cannes","datePublished":"2025-09-03T00:00:00+00:00","dateModified":"2025-09-03T06:50:34+00:00","mainEntityOfPage":{"@id":"https:\/\/www.yachtingnews.com\/de\/wellcraft-expandiert-und-praesentiert-die-neue-wellcraft-28-in-cannes\/"},"wordCount":359,"commentCount":0,"publisher":{"@id":"https:\/\/www.yachtingnews.com\/de\/#organization"},"image":{"@id":"https:\/\/www.yachtingnews.com\/de\/wellcraft-expandiert-und-praesentiert-die-neue-wellcraft-28-in-cannes\/#primaryimage"},"thumbnailUrl":"https:\/\/www.yachtingnews.com\/wp-content\/uploads\/2025\/09\/WELLCRAFT-28-copertina-EN-FR.jpg","keywords":["Cannes Yachting Festival 2025","Wellcraft","wellcraft 28"],"articleSection":["Bootsausstellungen","MOTORBOOTE","Nachrichten"],"inLanguage":"de","potentialAction":[{"@type":"CommentAction","name":"Comment","target":["https:\/\/www.yachtingnews.com\/de\/wellcraft-expandiert-und-praesentiert-die-neue-wellcraft-28-in-cannes\/#respond"]}]},{"@type":"WebPage","@id":"https:\/\/www.yachtingnews.com\/de\/wellcraft-expandiert-und-praesentiert-die-neue-wellcraft-28-in-cannes\/","url":"https:\/\/www.yachtingnews.com\/de\/wellcraft-expandiert-und-praesentiert-die-neue-wellcraft-28-in-cannes\/","name":"Wellcraft 28, das neue 28-Fu\u00df-Schiff wird in Cannes vorgestellt - Yachting News%","isPartOf":{"@id":"https:\/\/www.yachtingnews.com\/de\/#website"},"primaryImageOfPage":{"@id":"https:\/\/www.yachtingnews.com\/de\/wellcraft-expandiert-und-praesentiert-die-neue-wellcraft-28-in-cannes\/#primaryimage"},"image":{"@id":"https:\/\/www.yachtingnews.com\/de\/wellcraft-expandiert-und-praesentiert-die-neue-wellcraft-28-in-cannes\/#primaryimage"},"thumbnailUrl":"https:\/\/www.yachtingnews.com\/wp-content\/uploads\/2025\/09\/WELLCRAFT-28-copertina-EN-FR.jpg","datePublished":"2025-09-03T00:00:00+00:00","dateModified":"2025-09-03T06:50:34+00:00","description":"Wellcraft setzt seine strategische Expansion mit der neuen Wellcraft 28 fort und steigt damit entschlossen in das aktive Dayboat-Segment ein...","breadcrumb":{"@id":"https:\/\/www.yachtingnews.com\/de\/wellcraft-expandiert-und-praesentiert-die-neue-wellcraft-28-in-cannes\/#breadcrumb"},"inLanguage":"de","potentialAction":[{"@type":"ReadAction","target":["https:\/\/www.yachtingnews.com\/de\/wellcraft-expandiert-und-praesentiert-die-neue-wellcraft-28-in-cannes\/"]}]},{"@type":"ImageObject","inLanguage":"de","@id":"https:\/\/www.yachtingnews.com\/de\/wellcraft-expandiert-und-praesentiert-die-neue-wellcraft-28-in-cannes\/#primaryimage","url":"https:\/\/www.yachtingnews.com\/wp-content\/uploads\/2025\/09\/WELLCRAFT-28-copertina-EN-FR.jpg","contentUrl":"https:\/\/www.yachtingnews.com\/wp-content\/uploads\/2025\/09\/WELLCRAFT-28-copertina-EN-FR.jpg","width":1600,"height":900,"caption":"WELLCRAFT 28"},{"@type":"BreadcrumbList","@id":"https:\/\/www.yachtingnews.com\/de\/wellcraft-expandiert-und-praesentiert-die-neue-wellcraft-28-in-cannes\/#breadcrumb","itemListElement":[{"@type":"ListItem","position":1,"name":"Home","item":"https:\/\/www.yachtingnews.com\/de\/yachting-news-2\/"},{"@type":"ListItem","position":2,"name":"Wellcraft expandiert und pr\u00e4sentiert die neue Wellcraft 28 in Cannes"}]},{"@type":"WebSite","@id":"https:\/\/www.yachtingnews.com\/de\/#website","url":"https:\/\/www.yachtingnews.com\/de\/","name":"Yachting News","description":"The International Yachting Media","publisher":{"@id":"https:\/\/www.yachtingnews.com\/de\/#organization"},"potentialAction":[{"@type":"SearchAction","target":{"@type":"EntryPoint","urlTemplate":"https:\/\/www.yachtingnews.com\/de\/?s={search_term_string}"},"query-input":{"@type":"PropertyValueSpecification","valueRequired":true,"valueName":"search_term_string"}}],"inLanguage":"de"},{"@type":"Organization","@id":"https:\/\/www.yachtingnews.com\/de\/#organization","name":"Yachting News","url":"https:\/\/www.yachtingnews.com\/de\/","logo":{"@type":"ImageObject","inLanguage":"de","@id":"https:\/\/www.yachtingnews.com\/de\/#\/schema\/logo\/image\/","url":"https:\/\/www.yachtingnews.com\/wp-content\/uploads\/2023\/02\/LOGO-Yachting-NEWS-blu-800.png","contentUrl":"https:\/\/www.yachtingnews.com\/wp-content\/uploads\/2023\/02\/LOGO-Yachting-NEWS-blu-800.png","width":790,"height":99,"caption":"Yachting News"},"image":{"@id":"https:\/\/www.yachtingnews.com\/de\/#\/schema\/logo\/image\/"},"sameAs":["https:\/\/www.facebook.com\/TheInternationalYachtingMedia","https:\/\/x.com\/YachtingMedia","https:\/\/www.instagram.com\/yachting.news\/","https:\/\/www.linkedin.com\/company\/the-international-yachting-media","https:\/\/www.youtube.com\/c\/TheInternationalYachtingMedia"]},{"@type":"Person","@id":"https:\/\/www.yachtingnews.com\/de\/#\/schema\/person\/1fa0428d1df3c202dda10fd27071fdac","name":"Mattia Camera","image":{"@type":"ImageObject","inLanguage":"de","@id":"https:\/\/www.yachtingnews.com\/wp-content\/litespeed\/avatar\/05af165278430c99d0107d61d0465add.jpg?ver=1788200817","url":"https:\/\/www.yachtingnews.com\/wp-content\/litespeed\/avatar\/05af165278430c99d0107d61d0465add.jpg?ver=1788200817","contentUrl":"https:\/\/www.yachtingnews.com\/wp-content\/litespeed\/avatar\/05af165278430c99d0107d61d0465add.jpg?ver=1788200817","caption":"Mattia Camera"},"description":"I was born in Liguria, a stone's throw from the sea, with which I have a special and unbreakable relationship. Since middle school I had clear ideas: I wanted to be a journalist. I like to inform myself, understand what is going on around me and build my own opinion. After a few years in Milan, between study and work, during which I gained work and life experiences, the call of the sea became too strong and I moved back to my home.","url":"https:\/\/www.yachtingnews.com\/de\/author\/mattia-camera\/"}]}},"_links":{"self":[{"href":"https:\/\/www.yachtingnews.com\/de\/wp-json\/wp\/v2\/posts\/155621","targetHints":{"allow":["GET"]}}],"collection":[{"href":"https:\/\/www.yachtingnews.com\/de\/wp-json\/wp\/v2\/posts"}],"about":[{"href":"https:\/\/www.yachtingnews.com\/de\/wp-json\/wp\/v2\/types\/post"}],"author":[{"embeddable":true,"href":"https:\/\/www.yachtingnews.com\/de\/wp-json\/wp\/v2\/users\/79"}],"replies":[{"embeddable":true,"href":"https:\/\/www.yachtingnews.com\/de\/wp-json\/wp\/v2\/comments?post=155621"}],"version-history":[{"count":0,"href":"https:\/\/www.yachtingnews.com\/de\/wp-json\/wp\/v2\/posts\/155621\/revisions"}],"wp:featuredmedia":[{"embeddable":true,"href":"https:\/\/www.yachtingnews.com\/de\/wp-json\/wp\/v2\/media\/155622"}],"wp:attachment":[{"href":"https:\/\/www.yachtingnews.com\/de\/wp-json\/wp\/v2\/media?parent=155621"}],"wp:term":[{"taxonomy":"category","embeddable":true,"href":"https:\/\/www.yachtingnews.com\/de\/wp-json\/wp\/v2\/categories?post=155621"},{"taxonomy":"post_tag","embeddable":true,"href":"https:\/\/www.yachtingnews.com\/de\/wp-json\/wp\/v2\/tags?post=155621"}],"curies":[{"name":"wp","href":"https:\/\/api.w.org\/{rel}","templated":true}]}}