{"id":170669,"date":"2026-07-15T02:21:00","date_gmt":"2026-07-15T01:21:00","guid":{"rendered":"https:\/\/yachtingnews.com\/wellcraft-sea-trials-2026\/"},"modified":"2026-07-15T02:22:13","modified_gmt":"2026-07-15T01:22:13","slug":"wellcraft-sea-trials-2026","status":"publish","type":"post","link":"https:\/\/www.yachtingnews.com\/de\/wellcraft-sea-trials-2026\/","title":{"rendered":"Wellcraft-Probefahrten 2026: Drei Tage, um die neue Generation der Explorer- und T-Top-Modelle auf See zu testen"},"content":{"rendered":"\t\t<div data-elementor-type=\"wp-post\" data-elementor-id=\"170669\" class=\"elementor elementor-170669 elementor-170646\" data-elementor-post-type=\"post\">\n\t\t\t\t\t\t<section class=\"elementor-section elementor-top-section elementor-element elementor-element-59bc3c3 elementor-section-boxed elementor-section-height-default elementor-section-height-default\" data-id=\"59bc3c3\" data-element_type=\"section\" data-e-type=\"section\">\n\t\t\t\t\t\t<div class=\"elementor-container elementor-column-gap-default\">\n\t\t\t\t\t<div class=\"elementor-column elementor-col-100 elementor-top-column elementor-element elementor-element-e31f3ac\" data-id=\"e31f3ac\" data-element_type=\"column\" data-e-type=\"column\">\n\t\t\t<div class=\"elementor-widget-wrap elementor-element-populated\">\n\t\t\t\t\t\t<div class=\"elementor-element elementor-element-6263e01 elementor-widget elementor-widget-text-editor\" data-id=\"6263e01\" data-element_type=\"widget\" data-e-type=\"widget\" data-widget_type=\"text-editor.default\">\n\t\t\t\t<div class=\"elementor-widget-container\">\n\t\t\t\t\t\t\t\t\t<p><span style=\"font-weight: 400;\">Vom 27. bis 29. August 2026 werden die Gew\u00e4sser der franz\u00f6sischen Riviera zur perfekten Kulisse, um die Leistungsf\u00e4higkeit der Wellcraft-Boote unter Beweis zu stellen. Die Werft wird Gastgeber der   <\/span><b>Wellcraft-Probefahrten  <\/b><span style=\"font-weight: 400;\">In diesen Tagen findet in Bandol, Frankreich, eine exklusive Veranstaltung statt. W\u00e4hrend der gesamten Veranstaltung k\u00f6nnen Eigner, Liebhaber und potenzielle K\u00e4ufer an Bord der wichtigsten Modelle der Flotte gehen, um eine private Probefahrt zu unternehmen. <\/span><\/p><p><span style=\"font-weight: 400;\">Diese Initiative bietet eine konkrete Gelegenheit, die Leistungsf\u00e4higkeit der Wellcraft-Boote direkt in genau der Umgebung zu erleben, f\u00fcr die sie entwickelt wurden: auf offener See. Im Laufe der dreit\u00e4gigen Veranstaltung stehen drei Flaggschiff-Modelle zum Testen bereit: das <\/span> <b> Wellcraft 28 T-Top<\/b><span style=\"font-weight: 400;\">, das <\/span><b>Wellcraft 28 Explorer<\/b><span style=\"font-weight: 400;\">und das Flaggschiff <\/span><b>Wellcraft 38 T-Top<\/b><span style=\"font-weight: 400;\">. Getreu der langj\u00e4hrigen Philosophie der amerikanischen Marke, die auf sportliches, sicheres und ausdauerndes Fahren setzt, stehen diese drei Hochleistungs-Motorboote jedem zur Verf\u00fcgung, der eine Probefahrt bucht.<\/span><\/p><h2>Wellcraft-Probefahrten: Ein Erlebnis, das ganz auf das echte Bootfahren ausgerichtet ist<\/h2><p><span style=\"font-weight: 400;\">Im Gegensatz zu herk\u00f6mmlichen statischen Ausstellungen auf Bootsmessen erm\u00f6glichen die Wellcraft Sea Trials den Teilnehmern,<\/span><b> das Boot direkt aus erster Hand zu beurteilen<\/b><span style=\"font-weight: 400;\">  das Fahrverhalten des Bootes, die Ergonomie des Steuerstands, die Beschleunigung, die Stabilit\u00e4t und den Fahrkomfort. Dieser Ansatz hat im Premium-Segment in den letzten Jahren zunehmend an Bedeutung gewonnen, wo das Fahrerlebnis einer der entscheidenden Faktoren bei der Auswahl eines neuen Bootes ist. <\/span><\/p><p><span style=\"font-weight: 400;\">Die Wahl dieses Ortes ist kein Zufall: Bandol, mit Blick auf das franz\u00f6sische Mittelmeer, bietet ideale Bedingungen, um sowohl die Hochseetauglichkeit als auch den Komfort bei K\u00fcstenfahrten zu testen \u2013 so k\u00f6nnen die G\u00e4ste die Designmerkmale, die die Marke auszeichnen, voll und ganz genie\u00dfen.<\/span><\/p><p><span style=\"font-weight: 400;\">Wellcraft bietet nach Voranmeldung individuelle Probefahrten an, bei denen G\u00e4ste verschiedene Modelle vergleichen und dasjenige finden k\u00f6nnen, das ihren Bed\u00fcrfnissen beim Bootfahren am besten entspricht. Aber beachte:   <\/span><b>Die verf\u00fcgbaren Pl\u00e4tze sind begrenzt<\/b><span style=\"font-weight: 400;\">, und der Zugang ist nur nach Terminvereinbarung m\u00f6glich. Um einen Platz zu reservieren, f\u00fcll einfach das Formular auf der entsprechenden Seite der <a href=\"https:\/\/www.wellcraft.com\/events\/exclusive-sea-trials\">offiziellen Website der Werft aus .<\/a> <\/span><\/p><h2>Wellcraft 28 Explorer: F\u00fcr alle, die \u00fcber den Horizont hinausblicken<\/h2><p><span style=\"font-weight: 400;\">Unter den Highlights der Veranstaltung sticht die Wellcraft 28 Explorer als moderne Interpretation des <\/span><b>Explorer-Boot<\/b><span style=\"font-weight: 400;\">  Konzept. Das Schiff wurde f\u00fcr ganzj\u00e4hrige Hochseekreuzfahrten konzipiert \u2013 dank einer Raumaufteilung, bei der Schutz, Sicherheit und Reichweite im Vordergrund stehen. <\/span><\/p><p><img decoding=\"async\" class=\"alignnone wp-image-170649 size-full\" src=\"https:\/\/yachtingnews.com\/wp-content\/uploads\/2026\/07\/wellcraft-sea-trials-28-explorer.webp\" alt=\"Wellcraft-Probefahrten\" width=\"976\" height=\"651\" srcset=\"https:\/\/www.yachtingnews.com\/wp-content\/uploads\/2026\/07\/wellcraft-sea-trials-28-explorer.webp 976w, https:\/\/www.yachtingnews.com\/wp-content\/uploads\/2026\/07\/wellcraft-sea-trials-28-explorer-300x200.webp 300w, https:\/\/www.yachtingnews.com\/wp-content\/uploads\/2026\/07\/wellcraft-sea-trials-28-explorer-768x512.webp 768w\" sizes=\"(max-width: 976px) 100vw, 976px\" \/><\/p><p><span style=\"font-weight: 400;\">Das charakteristische Merkmal ist das<\/span><b> vollst\u00e4ndig geschlossene Steuerkabine<\/b><span style=\"font-weight: 400;\">, eine L\u00f6sung, die auch bei weniger g\u00fcnstigen Wetterbedingungen komfortables Segeln erm\u00f6glicht und die Segelsaison deutlich verl\u00e4ngert. Es ist nicht nur eine Abdeckung f\u00fcr den Steuerstand, sondern ein gesch\u00fctzter Raum, der das Boot f\u00fcr lange \u00dcberfahrten und Routen weit abseits der ausgetretenen Pfade an der K\u00fcste geeignet macht. <\/span><\/p><p><span style=\"font-weight: 400;\">Das Design legt au\u00dferdem Wert auf eine robuste Bauweise und einen Rumpf, der f\u00fcr raue See ausgelegt ist \u2013 Eigenschaften, die Wellcrafts langj\u00e4hrige Tradition im Bereich <\/span><b>Hochleistungsboote<\/b><span style=\"font-weight: 400;\">. Das Ergebnis ist ein Boot, das sich an Eigner richtet, die neue Reiseziele erkunden m\u00f6chten, ohne dabei auf Komfort oder Fahrspa\u00df verzichten zu m\u00fcssen.<\/span><\/p><h2>Wellcraft 28 T-Top: Der Crossover, der Sportlichkeit und Vielseitigkeit vereint<\/h2><p><span style=\"font-weight: 400;\">Neben der Explorer-Version k\u00f6nnen Besucher auch die Wellcraft 28 T-Top testen, ein Crossover-Modell, das zu den <\/span><b>vielseitigsten Designs <\/b> <span style=\"font-weight: 400;\">in dieser Klasse. Das Boot vereint die Freiheit einer klassischen Center-Console mit einem im Vergleich zu herk\u00f6mmlichen Konstruktionen \u00fcberragenden Schutz \u2013 dank eines T-Tops, das die Besatzung und den Kapit\u00e4n w\u00e4hrend der Fahrt sch\u00fctzt. <\/span><\/p><p><img decoding=\"async\" class=\"alignnone wp-image-170650 size-full\" src=\"https:\/\/yachtingnews.com\/wp-content\/uploads\/2026\/07\/wellcraft-sea-trials-28-tt.webp\" alt=\"\" width=\"976\" height=\"651\" srcset=\"https:\/\/www.yachtingnews.com\/wp-content\/uploads\/2026\/07\/wellcraft-sea-trials-28-tt.webp 976w, https:\/\/www.yachtingnews.com\/wp-content\/uploads\/2026\/07\/wellcraft-sea-trials-28-tt-300x200.webp 300w, https:\/\/www.yachtingnews.com\/wp-content\/uploads\/2026\/07\/wellcraft-sea-trials-28-tt-768x512.webp 768w\" sizes=\"(max-width: 976px) 100vw, 976px\" \/><\/p><p><span style=\"font-weight: 400;\">Die Designphilosophie zielt darauf ab, ein Boot zu schaffen, das sich an verschiedene Einsatzzwecke anpassen l\u00e4sst: Tagesausfl\u00fcge, K\u00fcstenfahrten, Wassersport und Entspannen vor Anker. Wellcraft beschreibt die 28 T-Top als eine Mischung aus dem Fahrspa\u00df unter freiem Himmel und ganzj\u00e4hriger Nutzbarkeit. Die Raumaufteilung legt den Schwerpunkt auf    <\/span><b>Freiz\u00fcgigkeit<\/b><span style=\"font-weight: 400;\">  an Bord, w\u00e4hrend die Anordnung der Mittelkonsole den dynamischen Charakter bewahrt, f\u00fcr den die amerikanische Marke bekannt ist. F\u00fcr alle, die ein vielseitiges Boot suchen, das nahtlos vom Hochgeschwindigkeitsfahren zu Freizeitaktivit\u00e4ten \u00fcbergeht, ist das 28 T-Top eine besonders \u00fcberzeugende Wahl in seinem Segment. <\/span><\/p><h2>Wellcraft 38 T-Top: Das Flaggschiff f\u00fcr Wassersportler<\/h2><p><span style=\"font-weight: 400;\">Das gr\u00f6\u00dfte Modell, das bei den Wellcraft Sea Trials vorgestellt wird, ist die Wellcraft 38 T-Top, ein 38-Fu\u00df-Boot, das das Konzept eines<\/span><b> sportiven Crossover<\/b><span style=\"font-weight: 400;\">  noch weiter. Das Deckslayout zeichnet sich durch eine komplett ebene, einstufige Oberfl\u00e4che aus, die ein nahtloses Bewegen an Bord erm\u00f6glicht und so die Ergonomie und Sicherheit w\u00e4hrend der Fahrt verbessert.   <\/span>Die R\u00e4ume an Bord wurden so gestaltet, dass sie das gesellige Beisammensein f\u00f6rdern, ohne dabei Abstriche bei der Funktionalit\u00e4t zu machen. Sie bieten erstklassige Sitzgelegenheiten und eine Raumaufteilung, die einen reibungslosen \u00dcbergang zwischen den verschiedenen Bereichen des Bootes erm\u00f6glicht.<\/p><p><img decoding=\"async\" class=\"alignnone wp-image-170651 size-full\" src=\"https:\/\/yachtingnews.com\/wp-content\/uploads\/2026\/07\/38-tt.webp\" alt=\"\" width=\"976\" height=\"651\" srcset=\"https:\/\/www.yachtingnews.com\/wp-content\/uploads\/2026\/07\/38-tt.webp 976w, https:\/\/www.yachtingnews.com\/wp-content\/uploads\/2026\/07\/38-tt-300x200.webp 300w, https:\/\/www.yachtingnews.com\/wp-content\/uploads\/2026\/07\/38-tt-768x512.webp 768w\" sizes=\"(max-width: 976px) 100vw, 976px\" \/><\/p><p><span style=\"font-weight: 400;\">Eines der innovativsten Merkmale ist die Gestaltung der Badeplattform, die f\u00fcr<\/span> einen m\u00fchelosen Zugang zum Wasser <span style=\"font-weight: 400;\">konzipiert wurde<\/span>. Diese L\u00f6sung macht die 38 T-Top zum idealen Boot f\u00fcr Fans von <b>Wassersport, Tauchen, Schnorcheln und zum Entspannen in der Bucht<\/b>. Die zus\u00e4tzliche <span style=\"font-weight: 400;\">L\u00e4nge sorgt zudem f\u00fcr ein ruhigeres Fahrverhalten bei rauer See und bietet h\u00f6chsten Komfort, ohne dabei die sportliche DNA zu vernachl\u00e4ssigen, die die gesamte Wellcraft-Modellreihe auszeichnet.<\/span>  <\/p><h2>Die Wellcraft-Philosophie bei den Probefahrten: Leistung trifft auf Freiheit<\/h2><p><span style=\"font-weight: 400;\">Die Botschaft hinter den Wellcraft Sea Trials fasst die Identit\u00e4t der Marke treffend zusammen: Boote f\u00fcr diejenigen zu bauen, die das Meer als ein Gebiet betrachten, das es zu erkunden gilt, und nicht nur als Ort der Freizeitgestaltung. Die gesamte w\u00e4hrend der Veranstaltung vorgestellte Produktpalette verfolgt ein gemeinsames Ziel:   <\/span><b>Leistung und Komfort in Einklang bringen<\/b><span style=\"font-weight: 400;\">. Diese Eigenschaften entsprechen der sich wandelnden Nachfrage auf dem Markt f\u00fcr Freizeitboote, wo das Interesse an Booten w\u00e4chst, die sich an immer vielf\u00e4ltigere T\u00f6rnrouten anpassen lassen.<\/span><\/p><h2>Ein strategisches Event im Vorfeld der Herbst-Bootsmessen<\/h2><p><span style=\"font-weight: 400;\">Der Zeitpunkt verschafft den Wellcraft Sea Trials eine strategisch g\u00fcnstige Position. Die Veranstaltung findet nur wenige Wochen vor Beginn der gro\u00dfen <a href=\"https:\/\/yachtingnews.com\/de\/bootsausstellungen\/\">internationalen Bootsmessensaison <\/a>statt und bietet so die exklusive Gelegenheit, die Modellpalette in Aktion statt nur ausgestellt zu erleben.   <\/span>F\u00fcr viele Bootsk\u00e4ufer ist die M\u00f6glichkeit, <b>vor<\/b> der Kaufentscheidung eine <b>Probefahrt auf See<\/b> zu machen, <b>ein riesiger Pluspunkt<\/b>. Die Leistung des Rumpfs, das Man\u00f6vrierverhalten, das Verhalten bei Wellengang und der gef\u00fchlte Komfort sind Eigenschaften, die sich nur bei einer echten Probefahrt auf See voll und ganz zeigen lassen. <\/p><p><span style=\"font-weight: 400;\">Mit den Bandol-Probefahrten unterstreicht Wellcraft seine Strategie, bei der das direkte Produkterlebnis im Mittelpunkt steht, und gibt den Teilnehmern die M\u00f6glichkeit, sich pers\u00f6nlich von der Qualit\u00e4t seiner Boote in ihrem nat\u00fcrlichen Element zu \u00fcberzeugen. Dieser Ansatz steht im Einklang mit der Tradition der Marke und einer Produktpalette, die f\u00fcr alle entwickelt wurde, die kompromisslose Leistung, Zuverl\u00e4ssigkeit und Freiheit auf dem Wasser suchen. <\/span><\/p><h2>Wellcraft-Probefahrten 2026 \u2013 FAQ<\/h2>\t\t\t\t\t\t\t\t<\/div>\n\t\t\t\t<\/div>\n\t\t\t\t<div class=\"elementor-element elementor-element-c6d5e1e elementor-grid-1 elementor-grid-tablet-2 elementor-grid-mobile-1 elementor-widget elementor-widget-uael-faq\" data-id=\"c6d5e1e\" data-element_type=\"widget\" data-e-type=\"widget\" data-widget_type=\"uael-faq.default\">\n\t\t\t\t<div class=\"elementor-widget-container\">\n\t\t\t\t\t\n\t\t\t<div id='uael-faq-wrapper-208' class=\"uael-faq-wrapper\">\n\t\t\t\t<div class=\"uael-faq-container uael-faq-layout-grid elementor-grid\" >\n\t\t\t\t\t\t\t\t\t\t\t\t<div id=\"uael-accordion-77cee9b\" class=\"uael-faq-accordion elementor-grid-item\" role=\"tablist\">\n\t\t\t\t\t\t\t\t<div class= \"uael-accordion-title\" aria-expanded=\"false\" role=\"tab\">\n\t\t\t\t\t\t\t\t\t<span class=\"uael-accordion-icon uael-accordion-icon-\">\n\t\t\t\t\t\t\t\t\t\t<span class=\"uael-accordion-icon-closed\"><\/span>\n\t\t\t\t\t\t\t\t\t\t<span class=\"uael-accordion-icon-opened\"><\/span>\n\t\t\t\t\t\t\t\t\t<\/span>\n\t\t\t\t\t\t\t\t\t<h3 class=\"uael-question-77cee9b uael-question-span\" tabindex=\"0\" id=\"uael-faq-1-6a9afbda125fb\">Wann finden die Wellcraft-Probefahrten 2026 statt?<\/h3>\n\t\t\t\t\t\t\t\t<\/div>\n\t\t\t\t\t\t\t\t<div class=\"uael-accordion-content\" role=\"tabpanel\">\n\t\t\t\t\t\t\t\t\t<span>\n\t\t\t\t\t\t\t\t\t<span><p>Die Veranstaltung findet vom 27. bis 29. August 2026 in Bandol an der franz\u00f6sischen Riviera statt.<\/p><\/span>\t\t\t\t\t\t\t\t\t<\/span>\n\t\t\t\t\t\t\t\t<\/div>\n\t\t\t\t\t\t\t<\/div>\n\t\t\t\t\t\t\t\t\t\t\t\t\t\t<div id=\"uael-accordion-9bb5430\" class=\"uael-faq-accordion elementor-grid-item\" role=\"tablist\">\n\t\t\t\t\t\t\t\t<div class= \"uael-accordion-title\" aria-expanded=\"false\" role=\"tab\">\n\t\t\t\t\t\t\t\t\t<span class=\"uael-accordion-icon uael-accordion-icon-\">\n\t\t\t\t\t\t\t\t\t\t<span class=\"uael-accordion-icon-closed\"><\/span>\n\t\t\t\t\t\t\t\t\t\t<span class=\"uael-accordion-icon-opened\"><\/span>\n\t\t\t\t\t\t\t\t\t<\/span>\n\t\t\t\t\t\t\t\t\t<h3 class=\"uael-question-9bb5430 uael-question-span\" tabindex=\"0\" id=\"uael-faq-2-6a9afbda12615\">Welche Modelle werden f\u00fcr die Probefahrt zur Verf\u00fcgung stehen?<\/h3>\n\t\t\t\t\t\t\t\t<\/div>\n\t\t\t\t\t\t\t\t<div class=\"uael-accordion-content\" role=\"tabpanel\">\n\t\t\t\t\t\t\t\t\t<span>\n\t\t\t\t\t\t\t\t\t<span><p>Die Modelle Wellcraft 28 T-Top, Wellcraft 28 Explorer und Wellcraft 38 T-Top werden erh\u00e4ltlich sein.<\/p><\/span>\t\t\t\t\t\t\t\t\t<\/span>\n\t\t\t\t\t\t\t\t<\/div>\n\t\t\t\t\t\t\t<\/div>\n\t\t\t\t\t\t\t\t\t\t\t\t\t\t<div id=\"uael-accordion-8464a4e\" class=\"uael-faq-accordion elementor-grid-item\" role=\"tablist\">\n\t\t\t\t\t\t\t\t<div class= \"uael-accordion-title\" aria-expanded=\"false\" role=\"tab\">\n\t\t\t\t\t\t\t\t\t<span class=\"uael-accordion-icon uael-accordion-icon-\">\n\t\t\t\t\t\t\t\t\t\t<span class=\"uael-accordion-icon-closed\"><\/span>\n\t\t\t\t\t\t\t\t\t\t<span class=\"uael-accordion-icon-opened\"><\/span>\n\t\t\t\t\t\t\t\t\t<\/span>\n\t\t\t\t\t\t\t\t\t<h3 class=\"uael-question-8464a4e uael-question-span\" tabindex=\"0\" id=\"uael-faq-3-6a9afbda12625\">Sind die Gerichtsverhandlungen \u00f6ffentlich?<\/h3>\n\t\t\t\t\t\t\t\t<\/div>\n\t\t\t\t\t\t\t\t<div class=\"uael-accordion-content\" role=\"tabpanel\">\n\t\t\t\t\t\t\t\t\t<span>\n\t\t\t\t\t\t\t\t\t<span><p>Ja, aber nur nach Voranmeldung. Wellcraft organisiert private Probefahrten auf See mit begrenzter Teilnehmerzahl. <\/p><\/span>\t\t\t\t\t\t\t\t\t<\/span>\n\t\t\t\t\t\t\t\t<\/div>\n\t\t\t\t\t\t\t<\/div>\n\t\t\t\t\t\t\t\t\t\t\t\t\t\t<div id=\"uael-accordion-4e2956f\" class=\"uael-faq-accordion elementor-grid-item\" role=\"tablist\">\n\t\t\t\t\t\t\t\t<div class= \"uael-accordion-title\" aria-expanded=\"false\" role=\"tab\">\n\t\t\t\t\t\t\t\t\t<span class=\"uael-accordion-icon uael-accordion-icon-\">\n\t\t\t\t\t\t\t\t\t\t<span class=\"uael-accordion-icon-closed\"><\/span>\n\t\t\t\t\t\t\t\t\t\t<span class=\"uael-accordion-icon-opened\"><\/span>\n\t\t\t\t\t\t\t\t\t<\/span>\n\t\t\t\t\t\t\t\t\t<h3 class=\"uael-question-4e2956f uael-question-span\" tabindex=\"0\" id=\"uael-faq-4-6a9afbda12633\">Warum an einer Probefahrt teilnehmen, statt eine Bootsmesse zu besuchen?<\/h3>\n\t\t\t\t\t\t\t\t<\/div>\n\t\t\t\t\t\t\t\t<div class=\"uael-accordion-content\" role=\"tabpanel\">\n\t\t\t\t\t\t\t\t\t<span>\n\t\t\t\t\t\t\t\t\t<span><p>Bei einer Probefahrt kannst du Leistung, Stabilit\u00e4t, Ergonomie am Steuerstand und Fahrkomfort direkt beurteilen \u2013 Aspekte, die man bei einem statischen Besuch am Kai einfach nicht erleben kann.<\/p><\/span>\t\t\t\t\t\t\t\t\t<\/span>\n\t\t\t\t\t\t\t\t<\/div>\n\t\t\t\t\t\t\t<\/div>\n\t\t\t\t\t\t\t\t\t\t\t<\/div>\n\t\t\t<\/div>\n\t\t\t\t\t\t\t<\/div>\n\t\t\t\t<\/div>\n\t\t\t\t\t<\/div>\n\t\t<\/div>\n\t\t\t\t\t<\/div>\n\t\t<\/section>\n\t\t\t\t<\/div>\n\t\t","protected":false},"excerpt":{"rendered":"<p>Vom 27. bis 29. August 2026 werden die Gew\u00e4sser der franz\u00f6sischen Riviera zur perfekten Kulisse, um die Leistungsf\u00e4higkeit der Wellcraft-Boote unter Beweis zu stellen. Die Werft wird Gastgeber der Wellcraft-Probefahrten In diesen Tagen findet in Bandol, Frankreich, eine exklusive Veranstaltung statt. W\u00e4hrend der gesamten Veranstaltung k\u00f6nnen Eigner, Liebhaber und potenzielle K\u00e4ufer an Bord der wichtigsten [&hellip;]<\/p>\n","protected":false},"author":45,"featured_media":170670,"comment_status":"open","ping_status":"closed","sticky":false,"template":"","format":"standard","meta":{"_mo_disable_npp":"","footnotes":""},"categories":[654],"tags":[2057],"class_list":["post-170669","post","type-post","status-publish","format-standard","has-post-thumbnail","hentry","category-news-de","tag-wellcraft-de"],"yoast_head":"<!-- This site is optimized with the Yoast SEO plugin v28.4 - https:\/\/yoast.com\/product\/yoast-seo-wordpress\/ -->\n<title>Wellcraft-Probefahrten 2026 an der franz\u00f6sischen Riviera - Yachting News<\/title>\n<meta name=\"description\" content=\"\u201eWellcraft Sea Trials\u201c ist eine Veranstaltung f\u00fcr Eigner, Liebhaber und potenzielle K\u00e4ufer, die dort eine private Probefahrt unternehmen k\u00f6nnen.\" \/>\n<meta name=\"robots\" content=\"index, follow, max-snippet:-1, max-image-preview:large, max-video-preview:-1\" \/>\n<link rel=\"canonical\" href=\"https:\/\/www.yachtingnews.com\/de\/wellcraft-sea-trials-2026\/\" \/>\n<meta property=\"og:locale\" content=\"de_DE\" \/>\n<meta property=\"og:type\" content=\"article\" \/>\n<meta property=\"og:title\" content=\"Wellcraft-Probefahrten 2026 an der franz\u00f6sischen Riviera - Yachting News\" \/>\n<meta property=\"og:description\" content=\"\u201eWellcraft Sea Trials\u201c ist eine Veranstaltung f\u00fcr Eigner, Liebhaber und potenzielle K\u00e4ufer, die dort eine private Probefahrt unternehmen k\u00f6nnen.\" \/>\n<meta property=\"og:url\" content=\"https:\/\/www.yachtingnews.com\/de\/wellcraft-sea-trials-2026\/\" \/>\n<meta property=\"og:site_name\" content=\"Yachting News\" \/>\n<meta property=\"article:publisher\" content=\"https:\/\/www.facebook.com\/TheInternationalYachtingMedia\" \/>\n<meta property=\"article:published_time\" content=\"2026-07-15T01:21:00+00:00\" \/>\n<meta property=\"article:modified_time\" content=\"2026-07-15T01:22:13+00:00\" \/>\n<meta property=\"og:image\" content=\"https:\/\/www.yachtingnews.com\/wp-content\/uploads\/2026\/07\/wellcraft-sea-trial-2026-foto.jpg\" \/>\n\t<meta property=\"og:image:width\" content=\"1400\" \/>\n\t<meta property=\"og:image:height\" content=\"787\" \/>\n\t<meta property=\"og:image:type\" content=\"image\/jpeg\" \/>\n<meta name=\"author\" content=\"Alessandro Giuzio\" \/>\n<meta name=\"twitter:card\" content=\"summary_large_image\" \/>\n<meta name=\"twitter:creator\" content=\"@YachtingMedia\" \/>\n<meta name=\"twitter:site\" content=\"@YachtingMedia\" \/>\n<meta name=\"twitter:label1\" content=\"Verfasst von\" \/>\n\t<meta name=\"twitter:data1\" content=\"Alessandro Giuzio\" \/>\n\t<meta name=\"twitter:label2\" content=\"Gesch\u00e4tzte Lesezeit\" \/>\n\t<meta name=\"twitter:data2\" content=\"6\u00a0Minuten\" \/>\n<script type=\"application\/ld+json\" class=\"yoast-schema-graph\">{\"@context\":\"https:\\\/\\\/schema.org\",\"@graph\":[{\"@type\":\"Article\",\"@id\":\"https:\\\/\\\/www.yachtingnews.com\\\/de\\\/wellcraft-sea-trials-2026\\\/#article\",\"isPartOf\":{\"@id\":\"https:\\\/\\\/www.yachtingnews.com\\\/de\\\/wellcraft-sea-trials-2026\\\/\"},\"author\":{\"name\":\"Alessandro Giuzio\",\"@id\":\"https:\\\/\\\/www.yachtingnews.com\\\/de\\\/#\\\/schema\\\/person\\\/d2e99eb1c7ce9e28a78d15e3d5d68eb3\"},\"headline\":\"Wellcraft-Probefahrten 2026: Drei Tage, um die neue Generation der Explorer- und T-Top-Modelle auf See zu testen\",\"datePublished\":\"2026-07-15T01:21:00+00:00\",\"dateModified\":\"2026-07-15T01:22:13+00:00\",\"mainEntityOfPage\":{\"@id\":\"https:\\\/\\\/www.yachtingnews.com\\\/de\\\/wellcraft-sea-trials-2026\\\/\"},\"wordCount\":1229,\"commentCount\":0,\"publisher\":{\"@id\":\"https:\\\/\\\/www.yachtingnews.com\\\/de\\\/#organization\"},\"image\":{\"@id\":\"https:\\\/\\\/www.yachtingnews.com\\\/de\\\/wellcraft-sea-trials-2026\\\/#primaryimage\"},\"thumbnailUrl\":\"https:\\\/\\\/www.yachtingnews.com\\\/wp-content\\\/uploads\\\/2026\\\/07\\\/wellcraft-sea-trial-2026-foto.jpg\",\"keywords\":[\"Wellcraft\"],\"articleSection\":[\"Nachrichten\"],\"inLanguage\":\"de\",\"potentialAction\":[{\"@type\":\"CommentAction\",\"name\":\"Comment\",\"target\":[\"https:\\\/\\\/www.yachtingnews.com\\\/de\\\/wellcraft-sea-trials-2026\\\/#respond\"]}]},{\"@type\":\"WebPage\",\"@id\":\"https:\\\/\\\/www.yachtingnews.com\\\/de\\\/wellcraft-sea-trials-2026\\\/\",\"url\":\"https:\\\/\\\/www.yachtingnews.com\\\/de\\\/wellcraft-sea-trials-2026\\\/\",\"name\":\"Wellcraft-Probefahrten 2026 an der franz\u00f6sischen Riviera - Yachting News\",\"isPartOf\":{\"@id\":\"https:\\\/\\\/www.yachtingnews.com\\\/de\\\/#website\"},\"primaryImageOfPage\":{\"@id\":\"https:\\\/\\\/www.yachtingnews.com\\\/de\\\/wellcraft-sea-trials-2026\\\/#primaryimage\"},\"image\":{\"@id\":\"https:\\\/\\\/www.yachtingnews.com\\\/de\\\/wellcraft-sea-trials-2026\\\/#primaryimage\"},\"thumbnailUrl\":\"https:\\\/\\\/www.yachtingnews.com\\\/wp-content\\\/uploads\\\/2026\\\/07\\\/wellcraft-sea-trial-2026-foto.jpg\",\"datePublished\":\"2026-07-15T01:21:00+00:00\",\"dateModified\":\"2026-07-15T01:22:13+00:00\",\"description\":\"\u201eWellcraft Sea Trials\u201c ist eine Veranstaltung f\u00fcr Eigner, Liebhaber und potenzielle K\u00e4ufer, die dort eine private Probefahrt unternehmen k\u00f6nnen.\",\"breadcrumb\":{\"@id\":\"https:\\\/\\\/www.yachtingnews.com\\\/de\\\/wellcraft-sea-trials-2026\\\/#breadcrumb\"},\"inLanguage\":\"de\",\"potentialAction\":[{\"@type\":\"ReadAction\",\"target\":[\"https:\\\/\\\/www.yachtingnews.com\\\/de\\\/wellcraft-sea-trials-2026\\\/\"]}]},{\"@type\":\"ImageObject\",\"inLanguage\":\"de\",\"@id\":\"https:\\\/\\\/www.yachtingnews.com\\\/de\\\/wellcraft-sea-trials-2026\\\/#primaryimage\",\"url\":\"https:\\\/\\\/www.yachtingnews.com\\\/wp-content\\\/uploads\\\/2026\\\/07\\\/wellcraft-sea-trial-2026-foto.jpg\",\"contentUrl\":\"https:\\\/\\\/www.yachtingnews.com\\\/wp-content\\\/uploads\\\/2026\\\/07\\\/wellcraft-sea-trial-2026-foto.jpg\",\"width\":1400,\"height\":787},{\"@type\":\"BreadcrumbList\",\"@id\":\"https:\\\/\\\/www.yachtingnews.com\\\/de\\\/wellcraft-sea-trials-2026\\\/#breadcrumb\",\"itemListElement\":[{\"@type\":\"ListItem\",\"position\":1,\"name\":\"Home\",\"item\":\"https:\\\/\\\/www.yachtingnews.com\\\/de\\\/yachting-news-2\\\/\"},{\"@type\":\"ListItem\",\"position\":2,\"name\":\"Wellcraft-Probefahrten 2026: Drei Tage, um die neue Generation der Explorer- und T-Top-Modelle auf See zu testen\"}]},{\"@type\":\"WebSite\",\"@id\":\"https:\\\/\\\/www.yachtingnews.com\\\/de\\\/#website\",\"url\":\"https:\\\/\\\/www.yachtingnews.com\\\/de\\\/\",\"name\":\"Yachting News\",\"description\":\"The International Yachting Media\",\"publisher\":{\"@id\":\"https:\\\/\\\/www.yachtingnews.com\\\/de\\\/#organization\"},\"potentialAction\":[{\"@type\":\"SearchAction\",\"target\":{\"@type\":\"EntryPoint\",\"urlTemplate\":\"https:\\\/\\\/www.yachtingnews.com\\\/de\\\/?s={search_term_string}\"},\"query-input\":{\"@type\":\"PropertyValueSpecification\",\"valueRequired\":true,\"valueName\":\"search_term_string\"}}],\"inLanguage\":\"de\"},{\"@type\":\"Organization\",\"@id\":\"https:\\\/\\\/www.yachtingnews.com\\\/de\\\/#organization\",\"name\":\"Yachting News\",\"url\":\"https:\\\/\\\/www.yachtingnews.com\\\/de\\\/\",\"logo\":{\"@type\":\"ImageObject\",\"inLanguage\":\"de\",\"@id\":\"https:\\\/\\\/www.yachtingnews.com\\\/de\\\/#\\\/schema\\\/logo\\\/image\\\/\",\"url\":\"https:\\\/\\\/www.yachtingnews.com\\\/wp-content\\\/uploads\\\/2023\\\/02\\\/LOGO-Yachting-NEWS-blu-800.png\",\"contentUrl\":\"https:\\\/\\\/www.yachtingnews.com\\\/wp-content\\\/uploads\\\/2023\\\/02\\\/LOGO-Yachting-NEWS-blu-800.png\",\"width\":790,\"height\":99,\"caption\":\"Yachting News\"},\"image\":{\"@id\":\"https:\\\/\\\/www.yachtingnews.com\\\/de\\\/#\\\/schema\\\/logo\\\/image\\\/\"},\"sameAs\":[\"https:\\\/\\\/www.facebook.com\\\/TheInternationalYachtingMedia\",\"https:\\\/\\\/x.com\\\/YachtingMedia\",\"https:\\\/\\\/www.instagram.com\\\/yachting.news\\\/\",\"https:\\\/\\\/www.linkedin.com\\\/company\\\/the-international-yachting-media\",\"https:\\\/\\\/www.youtube.com\\\/c\\\/TheInternationalYachtingMedia\"]},{\"@type\":\"Person\",\"@id\":\"https:\\\/\\\/www.yachtingnews.com\\\/de\\\/#\\\/schema\\\/person\\\/d2e99eb1c7ce9e28a78d15e3d5d68eb3\",\"name\":\"Alessandro Giuzio\",\"image\":{\"@type\":\"ImageObject\",\"inLanguage\":\"de\",\"@id\":\"https:\\\/\\\/www.yachtingnews.com\\\/wp-content\\\/litespeed\\\/avatar\\\/a99e5f8da4fc551fb53eb9f1fec61fb4.jpg?ver=1788189881\",\"url\":\"https:\\\/\\\/www.yachtingnews.com\\\/wp-content\\\/litespeed\\\/avatar\\\/a99e5f8da4fc551fb53eb9f1fec61fb4.jpg?ver=1788189881\",\"contentUrl\":\"https:\\\/\\\/www.yachtingnews.com\\\/wp-content\\\/litespeed\\\/avatar\\\/a99e5f8da4fc551fb53eb9f1fec61fb4.jpg?ver=1788189881\",\"caption\":\"Alessandro Giuzio\"},\"description\":\"Alessandro is a professional journalist and contributes to The International Yachting Media since 2022. He is an expert on the sea and of course on boats.\",\"url\":\"https:\\\/\\\/www.yachtingnews.com\\\/de\\\/author\\\/alexgiuzio\\\/\"}]}<\/script>\n<!-- \/ Yoast SEO plugin. -->","yoast_head_json":{"title":"Wellcraft-Probefahrten 2026 an der franz\u00f6sischen Riviera - Yachting News","description":"\u201eWellcraft Sea Trials\u201c ist eine Veranstaltung f\u00fcr Eigner, Liebhaber und potenzielle K\u00e4ufer, die dort eine private Probefahrt unternehmen k\u00f6nnen.","robots":{"index":"index","follow":"follow","max-snippet":"max-snippet:-1","max-image-preview":"max-image-preview:large","max-video-preview":"max-video-preview:-1"},"canonical":"https:\/\/www.yachtingnews.com\/de\/wellcraft-sea-trials-2026\/","og_locale":"de_DE","og_type":"article","og_title":"Wellcraft-Probefahrten 2026 an der franz\u00f6sischen Riviera - Yachting News","og_description":"\u201eWellcraft Sea Trials\u201c ist eine Veranstaltung f\u00fcr Eigner, Liebhaber und potenzielle K\u00e4ufer, die dort eine private Probefahrt unternehmen k\u00f6nnen.","og_url":"https:\/\/www.yachtingnews.com\/de\/wellcraft-sea-trials-2026\/","og_site_name":"Yachting News","article_publisher":"https:\/\/www.facebook.com\/TheInternationalYachtingMedia","article_published_time":"2026-07-15T01:21:00+00:00","article_modified_time":"2026-07-15T01:22:13+00:00","og_image":[{"width":1400,"height":787,"url":"https:\/\/www.yachtingnews.com\/wp-content\/uploads\/2026\/07\/wellcraft-sea-trial-2026-foto.jpg","type":"image\/jpeg"}],"author":"Alessandro Giuzio","twitter_card":"summary_large_image","twitter_creator":"@YachtingMedia","twitter_site":"@YachtingMedia","twitter_misc":{"Verfasst von":"Alessandro Giuzio","Gesch\u00e4tzte Lesezeit":"6\u00a0Minuten"},"schema":{"@context":"https:\/\/schema.org","@graph":[{"@type":"Article","@id":"https:\/\/www.yachtingnews.com\/de\/wellcraft-sea-trials-2026\/#article","isPartOf":{"@id":"https:\/\/www.yachtingnews.com\/de\/wellcraft-sea-trials-2026\/"},"author":{"name":"Alessandro Giuzio","@id":"https:\/\/www.yachtingnews.com\/de\/#\/schema\/person\/d2e99eb1c7ce9e28a78d15e3d5d68eb3"},"headline":"Wellcraft-Probefahrten 2026: Drei Tage, um die neue Generation der Explorer- und T-Top-Modelle auf See zu testen","datePublished":"2026-07-15T01:21:00+00:00","dateModified":"2026-07-15T01:22:13+00:00","mainEntityOfPage":{"@id":"https:\/\/www.yachtingnews.com\/de\/wellcraft-sea-trials-2026\/"},"wordCount":1229,"commentCount":0,"publisher":{"@id":"https:\/\/www.yachtingnews.com\/de\/#organization"},"image":{"@id":"https:\/\/www.yachtingnews.com\/de\/wellcraft-sea-trials-2026\/#primaryimage"},"thumbnailUrl":"https:\/\/www.yachtingnews.com\/wp-content\/uploads\/2026\/07\/wellcraft-sea-trial-2026-foto.jpg","keywords":["Wellcraft"],"articleSection":["Nachrichten"],"inLanguage":"de","potentialAction":[{"@type":"CommentAction","name":"Comment","target":["https:\/\/www.yachtingnews.com\/de\/wellcraft-sea-trials-2026\/#respond"]}]},{"@type":"WebPage","@id":"https:\/\/www.yachtingnews.com\/de\/wellcraft-sea-trials-2026\/","url":"https:\/\/www.yachtingnews.com\/de\/wellcraft-sea-trials-2026\/","name":"Wellcraft-Probefahrten 2026 an der franz\u00f6sischen Riviera - Yachting News","isPartOf":{"@id":"https:\/\/www.yachtingnews.com\/de\/#website"},"primaryImageOfPage":{"@id":"https:\/\/www.yachtingnews.com\/de\/wellcraft-sea-trials-2026\/#primaryimage"},"image":{"@id":"https:\/\/www.yachtingnews.com\/de\/wellcraft-sea-trials-2026\/#primaryimage"},"thumbnailUrl":"https:\/\/www.yachtingnews.com\/wp-content\/uploads\/2026\/07\/wellcraft-sea-trial-2026-foto.jpg","datePublished":"2026-07-15T01:21:00+00:00","dateModified":"2026-07-15T01:22:13+00:00","description":"\u201eWellcraft Sea Trials\u201c ist eine Veranstaltung f\u00fcr Eigner, Liebhaber und potenzielle K\u00e4ufer, die dort eine private Probefahrt unternehmen k\u00f6nnen.","breadcrumb":{"@id":"https:\/\/www.yachtingnews.com\/de\/wellcraft-sea-trials-2026\/#breadcrumb"},"inLanguage":"de","potentialAction":[{"@type":"ReadAction","target":["https:\/\/www.yachtingnews.com\/de\/wellcraft-sea-trials-2026\/"]}]},{"@type":"ImageObject","inLanguage":"de","@id":"https:\/\/www.yachtingnews.com\/de\/wellcraft-sea-trials-2026\/#primaryimage","url":"https:\/\/www.yachtingnews.com\/wp-content\/uploads\/2026\/07\/wellcraft-sea-trial-2026-foto.jpg","contentUrl":"https:\/\/www.yachtingnews.com\/wp-content\/uploads\/2026\/07\/wellcraft-sea-trial-2026-foto.jpg","width":1400,"height":787},{"@type":"BreadcrumbList","@id":"https:\/\/www.yachtingnews.com\/de\/wellcraft-sea-trials-2026\/#breadcrumb","itemListElement":[{"@type":"ListItem","position":1,"name":"Home","item":"https:\/\/www.yachtingnews.com\/de\/yachting-news-2\/"},{"@type":"ListItem","position":2,"name":"Wellcraft-Probefahrten 2026: Drei Tage, um die neue Generation der Explorer- und T-Top-Modelle auf See zu testen"}]},{"@type":"WebSite","@id":"https:\/\/www.yachtingnews.com\/de\/#website","url":"https:\/\/www.yachtingnews.com\/de\/","name":"Yachting News","description":"The International Yachting Media","publisher":{"@id":"https:\/\/www.yachtingnews.com\/de\/#organization"},"potentialAction":[{"@type":"SearchAction","target":{"@type":"EntryPoint","urlTemplate":"https:\/\/www.yachtingnews.com\/de\/?s={search_term_string}"},"query-input":{"@type":"PropertyValueSpecification","valueRequired":true,"valueName":"search_term_string"}}],"inLanguage":"de"},{"@type":"Organization","@id":"https:\/\/www.yachtingnews.com\/de\/#organization","name":"Yachting News","url":"https:\/\/www.yachtingnews.com\/de\/","logo":{"@type":"ImageObject","inLanguage":"de","@id":"https:\/\/www.yachtingnews.com\/de\/#\/schema\/logo\/image\/","url":"https:\/\/www.yachtingnews.com\/wp-content\/uploads\/2023\/02\/LOGO-Yachting-NEWS-blu-800.png","contentUrl":"https:\/\/www.yachtingnews.com\/wp-content\/uploads\/2023\/02\/LOGO-Yachting-NEWS-blu-800.png","width":790,"height":99,"caption":"Yachting News"},"image":{"@id":"https:\/\/www.yachtingnews.com\/de\/#\/schema\/logo\/image\/"},"sameAs":["https:\/\/www.facebook.com\/TheInternationalYachtingMedia","https:\/\/x.com\/YachtingMedia","https:\/\/www.instagram.com\/yachting.news\/","https:\/\/www.linkedin.com\/company\/the-international-yachting-media","https:\/\/www.youtube.com\/c\/TheInternationalYachtingMedia"]},{"@type":"Person","@id":"https:\/\/www.yachtingnews.com\/de\/#\/schema\/person\/d2e99eb1c7ce9e28a78d15e3d5d68eb3","name":"Alessandro Giuzio","image":{"@type":"ImageObject","inLanguage":"de","@id":"https:\/\/www.yachtingnews.com\/wp-content\/litespeed\/avatar\/a99e5f8da4fc551fb53eb9f1fec61fb4.jpg?ver=1788189881","url":"https:\/\/www.yachtingnews.com\/wp-content\/litespeed\/avatar\/a99e5f8da4fc551fb53eb9f1fec61fb4.jpg?ver=1788189881","contentUrl":"https:\/\/www.yachtingnews.com\/wp-content\/litespeed\/avatar\/a99e5f8da4fc551fb53eb9f1fec61fb4.jpg?ver=1788189881","caption":"Alessandro Giuzio"},"description":"Alessandro is a professional journalist and contributes to The International Yachting Media since 2022. He is an expert on the sea and of course on boats.","url":"https:\/\/www.yachtingnews.com\/de\/author\/alexgiuzio\/"}]}},"_links":{"self":[{"href":"https:\/\/www.yachtingnews.com\/de\/wp-json\/wp\/v2\/posts\/170669","targetHints":{"allow":["GET"]}}],"collection":[{"href":"https:\/\/www.yachtingnews.com\/de\/wp-json\/wp\/v2\/posts"}],"about":[{"href":"https:\/\/www.yachtingnews.com\/de\/wp-json\/wp\/v2\/types\/post"}],"author":[{"embeddable":true,"href":"https:\/\/www.yachtingnews.com\/de\/wp-json\/wp\/v2\/users\/45"}],"replies":[{"embeddable":true,"href":"https:\/\/www.yachtingnews.com\/de\/wp-json\/wp\/v2\/comments?post=170669"}],"version-history":[{"count":0,"href":"https:\/\/www.yachtingnews.com\/de\/wp-json\/wp\/v2\/posts\/170669\/revisions"}],"wp:featuredmedia":[{"embeddable":true,"href":"https:\/\/www.yachtingnews.com\/de\/wp-json\/wp\/v2\/media\/170670"}],"wp:attachment":[{"href":"https:\/\/www.yachtingnews.com\/de\/wp-json\/wp\/v2\/media?parent=170669"}],"wp:term":[{"taxonomy":"category","embeddable":true,"href":"https:\/\/www.yachtingnews.com\/de\/wp-json\/wp\/v2\/categories?post=170669"},{"taxonomy":"post_tag","embeddable":true,"href":"https:\/\/www.yachtingnews.com\/de\/wp-json\/wp\/v2\/tags?post=170669"}],"curies":[{"name":"wp","href":"https:\/\/api.w.org\/{rel}","templated":true}]}}