{"id":170843,"date":"2026-07-20T02:00:00","date_gmt":"2026-07-20T01:00:00","guid":{"rendered":"https:\/\/yachtingnews.com\/ranieri-international-60\/"},"modified":"2026-07-20T02:01:15","modified_gmt":"2026-07-20T01:01:15","slug":"ranieri-international-60","status":"publish","type":"post","link":"https:\/\/www.yachtingnews.com\/de\/ranieri-international-60\/","title":{"rendered":"Ranieri International feiert sein 60-j\u00e4hriges Jubil\u00e4um mit der Einf\u00fchrung von drei neuen Modellen und der Marke Vertex Yachts"},"content":{"rendered":"\t\t<div data-elementor-type=\"wp-post\" data-elementor-id=\"170843\" class=\"elementor elementor-170843 elementor-170783\" data-elementor-post-type=\"post\">\n\t\t\t\t\t\t<section class=\"elementor-section elementor-top-section elementor-element elementor-element-3d3293d elementor-section-boxed elementor-section-height-default elementor-section-height-default\" data-id=\"3d3293d\" data-element_type=\"section\" data-e-type=\"section\">\n\t\t\t\t\t\t<div class=\"elementor-container elementor-column-gap-default\">\n\t\t\t\t\t<div class=\"elementor-column elementor-col-100 elementor-top-column elementor-element elementor-element-dfc0d2a\" data-id=\"dfc0d2a\" data-element_type=\"column\" data-e-type=\"column\">\n\t\t\t<div class=\"elementor-widget-wrap elementor-element-populated\">\n\t\t\t\t\t\t<div class=\"elementor-element elementor-element-68eea12 elementor-widget elementor-widget-text-editor\" data-id=\"68eea12\" data-element_type=\"widget\" data-e-type=\"widget\" data-widget_type=\"text-editor.default\">\n\t\t\t\t<div class=\"elementor-widget-container\">\n\t\t\t\t\t\t\t\t\t<p>Sechzig Jahre sind f\u00fcr jedes Unternehmen ein wichtiger Meilenstein. Aber f\u00fcr einen innovativen Bootsbauer wie <b>Ranieri International<\/b> ist es vor allem der Startschuss f\u00fcr eine neue Entwicklungsphase. Das war die vorherrschende Stimmung bei der Veranstaltung, die die kalabrische Werft am 15. und 16. Juli in ihrem Hauptsitz in Soverato organisiert hatte. Dort versammelten sich die internationale Presse und das H\u00e4ndlernetzwerk zu einem Event, bei dem nicht nur die aktuellen Erfolge des Unternehmens im Mittelpunkt standen, sondern vor allem seine Vision f\u00fcr die kommenden Jahre, die jede Menge wichtige Neuerungen bereith\u00e4lt. Das Treffen bot die perfekte Gelegenheit, die neue Premiummarke <b>\u201eVertex Yachts\u201c<\/b> vorzustellen und drei brandneue Modelle von Ranieri International zu pr\u00e4sentieren:<b> die Cayman 37.0 Hard Top, die Cayman 41.0 Hard Top und die Next 370 SH.<\/b> All das fand vor dem Hintergrund der im letzten Jahr erweiterten Produktionsst\u00e4tte statt, die der Fachpresse zum ersten Mal gezeigt wurde \u2013 ein konkretes Symbol f\u00fcr einen industriellen Wachstumsplan, der darauf abzielt, die ohnehin schon beachtliche Produktionskapazit\u00e4t und Bauqualit\u00e4t weiter zu steigern.   <\/p><p><img decoding=\"async\" class=\"alignnone wp-image-170803 size-full\" src=\"https:\/\/yachtingnews.com\/wp-content\/uploads\/2026\/07\/ranieri-international-stabilimento-produttivo.jpg\" alt=\"Ranieri International\" width=\"1400\" height=\"973\" srcset=\"https:\/\/www.yachtingnews.com\/wp-content\/uploads\/2026\/07\/ranieri-international-stabilimento-produttivo.jpg 1400w, https:\/\/www.yachtingnews.com\/wp-content\/uploads\/2026\/07\/ranieri-international-stabilimento-produttivo-300x209.jpg 300w, https:\/\/www.yachtingnews.com\/wp-content\/uploads\/2026\/07\/ranieri-international-stabilimento-produttivo-768x534.jpg 768w\" sizes=\"(max-width: 1400px) 100vw, 1400px\" \/><\/p><p>Die Botschaft ist klar: Nach sechs Jahrzehnten im Gesch\u00e4ft will Ranieri International nicht nur seine Position auf dem Markt f\u00fcr Festrumpf-Schlauchboote (RIB) und Sportboote festigen. Stattdessen will das Unternehmen seine Reichweite ausbauen, indem es <b>mit <\/b>einer v\u00f6llig neuen Identit\u00e4t in das <b>Premium-Segment <\/b>vorst\u00f6\u00dft. Diese Strategie basiert auf einer soliden Familientradition und einem Produktionsmodell, das in der italienischen Schifffahrtsindustrie mittlerweile selten geworden ist.  <\/p><p><img decoding=\"async\" class=\"alignnone wp-image-170802 size-full\" src=\"https:\/\/yachtingnews.com\/wp-content\/uploads\/2026\/07\/ranieri-international-conferenza-stampa.jpg\" alt=\"Ranieri International\" width=\"1400\" height=\"852\" srcset=\"https:\/\/www.yachtingnews.com\/wp-content\/uploads\/2026\/07\/ranieri-international-conferenza-stampa.jpg 1400w, https:\/\/www.yachtingnews.com\/wp-content\/uploads\/2026\/07\/ranieri-international-conferenza-stampa-300x183.jpg 300w, https:\/\/www.yachtingnews.com\/wp-content\/uploads\/2026\/07\/ranieri-international-conferenza-stampa-768x467.jpg 768w\" sizes=\"(max-width: 1400px) 100vw, 1400px\" \/><\/p><h2>Sechzig Jahre Geschichte \u2013 komplett aus eigener Hand<\/h2><p>Gegr\u00fcndet 1966 von  <b>Pietro Ranieri<\/b>, das Unternehmen hat sich in den letzten sechzig Jahren weiterentwickelt und dabei eine Eigenschaft bewahrt, die es auch heute noch von den meisten Werften unterscheidet:  <b>Der gr\u00f6\u00dfte Teil des Produktionsprozesses wird komplett im eigenen Haus abgewickelt<\/b>. Vom Entwurf und der Rumpfentwicklung bis hin zur Glasfaserlaminierung, der Holzverarbeitung und der Polsterung \u2013 jeder einzelne Schritt wird direkt im Werk in Soverato abgewickelt. Das ist eine anspruchsvolle betriebliche Entscheidung, die es uns aber erm\u00f6glicht, die Endqualit\u00e4t des Bootes nahezu vollst\u00e4ndig zu kontrollieren. &#8222;<i>Das ist ein gro\u00dfer Vorteil<\/i>&#8222;, best\u00e4tigt Salvatore Ranieri, Chef von Ranieri International, &#8222;<i>denn so kann das Unternehmen die Qualit\u00e4t der Rohstoffe direkt kontrollieren und jede Phase der Verarbeitung pers\u00f6nlich \u00fcberwachen.<\/i>\u201eUnd nicht nur das:\u201c<i>Wir testen jedes Boot pers\u00f6nlich; wir sind \u00e4u\u00dferst selbstkritische Perfektionisten und haben immer ein offenes Ohr daf\u00fcr, was der Markt von uns erwartet<\/i>&#8222;, betont Salvatore Ranieri.<\/p>\t\t\t\t\t\t\t\t<\/div>\n\t\t\t\t<\/div>\n\t\t\t\t<div class=\"elementor-element elementor-element-86d656d uael-ins-normal elementor-widget elementor-widget-uael-image-gallery\" data-id=\"86d656d\" data-element_type=\"widget\" data-e-type=\"widget\" data-settings=\"{&quot;slides_to_show&quot;:1,&quot;slides_to_show_tablet&quot;:3,&quot;slides_to_show_mobile&quot;:2,&quot;slides_to_scroll&quot;:1,&quot;slides_to_scroll_tablet&quot;:1,&quot;slides_to_scroll_mobile&quot;:1,&quot;column_gap&quot;:{&quot;unit&quot;:&quot;px&quot;,&quot;size&quot;:20,&quot;sizes&quot;:[]},&quot;column_gap_tablet&quot;:{&quot;unit&quot;:&quot;px&quot;,&quot;size&quot;:&quot;&quot;,&quot;sizes&quot;:[]},&quot;column_gap_mobile&quot;:{&quot;unit&quot;:&quot;px&quot;,&quot;size&quot;:&quot;&quot;,&quot;sizes&quot;:[]}}\" data-widget_type=\"uael-image-gallery.default\">\n\t\t\t\t<div class=\"elementor-widget-container\">\n\t\t\t\t\t<div class=\"uael-gallery-parent uael-caption- uael-gallery-unjustified\"><div data-image_carousel=\"{&quot;slidesToShow&quot;:1,&quot;slidesToScroll&quot;:1,&quot;autoplaySpeed&quot;:4000,&quot;autoplay&quot;:true,&quot;infinite&quot;:true,&quot;pauseOnHover&quot;:true,&quot;speed&quot;:500,&quot;arrows&quot;:false,&quot;dots&quot;:true,&quot;rtl&quot;:false,&quot;responsive&quot;:[{&quot;breakpoint&quot;:1024,&quot;settings&quot;:{&quot;slidesToShow&quot;:3,&quot;slidesToScroll&quot;:1}},{&quot;breakpoint&quot;:767,&quot;settings&quot;:{&quot;slidesToShow&quot;:2,&quot;slidesToScroll&quot;:1}}]}\" class=\"uael-img-gallery-wrap uael-img-carousel-wrap uael-nav-dots\" data-filter-default=\"Alle\"><div class=\"uael-grid-item  uael-img-gallery-item-1\"><div class=\"uael-grid-item-content\"><figure class=\"uael-grid-img uael-grid-gallery-img uael-ins-hover elementor-clickable\"><div class=\"uael-grid-img-thumbnail uael-ins-target\"><img decoding=\"async\" width=\"1400\" height=\"1050\" src=\"https:\/\/www.yachtingnews.com\/wp-content\/uploads\/2026\/07\/ranieri-international-stabilimento-produttivo-20260716_122933.jpg\" class=\"attachment-full size-full wp-image-170809\" alt=\"\" srcset=\"https:\/\/www.yachtingnews.com\/wp-content\/uploads\/2026\/07\/ranieri-international-stabilimento-produttivo-20260716_122933.jpg 1400w, https:\/\/www.yachtingnews.com\/wp-content\/uploads\/2026\/07\/ranieri-international-stabilimento-produttivo-20260716_122933-300x225.jpg 300w, https:\/\/www.yachtingnews.com\/wp-content\/uploads\/2026\/07\/ranieri-international-stabilimento-produttivo-20260716_122933-768x576.jpg 768w\" sizes=\"(max-width: 1400px) 100vw, 1400px\" \/><\/div><div class=\"uael-grid-img-overlay\"><\/div><\/figure><\/div><\/div><div class=\"uael-grid-item  uael-img-gallery-item-2\"><div class=\"uael-grid-item-content\"><figure class=\"uael-grid-img uael-grid-gallery-img uael-ins-hover elementor-clickable\"><div class=\"uael-grid-img-thumbnail uael-ins-target\"><img decoding=\"async\" width=\"1400\" height=\"1050\" src=\"https:\/\/www.yachtingnews.com\/wp-content\/uploads\/2026\/07\/ranieri-international-stabilimento-produttivo-20260716_113751.jpg\" class=\"attachment-full size-full wp-image-170810\" alt=\"\" srcset=\"https:\/\/www.yachtingnews.com\/wp-content\/uploads\/2026\/07\/ranieri-international-stabilimento-produttivo-20260716_113751.jpg 1400w, https:\/\/www.yachtingnews.com\/wp-content\/uploads\/2026\/07\/ranieri-international-stabilimento-produttivo-20260716_113751-300x225.jpg 300w, https:\/\/www.yachtingnews.com\/wp-content\/uploads\/2026\/07\/ranieri-international-stabilimento-produttivo-20260716_113751-768x576.jpg 768w\" sizes=\"(max-width: 1400px) 100vw, 1400px\" \/><\/div><div class=\"uael-grid-img-overlay\"><\/div><\/figure><\/div><\/div><div class=\"uael-grid-item  uael-img-gallery-item-3\"><div class=\"uael-grid-item-content\"><figure class=\"uael-grid-img uael-grid-gallery-img uael-ins-hover elementor-clickable\"><div class=\"uael-grid-img-thumbnail uael-ins-target\"><img decoding=\"async\" width=\"1400\" height=\"1050\" src=\"https:\/\/www.yachtingnews.com\/wp-content\/uploads\/2026\/07\/ranieri-international-stabilimento-produttivo-20260716_114632.jpg\" class=\"attachment-full size-full wp-image-170804\" alt=\"\" srcset=\"https:\/\/www.yachtingnews.com\/wp-content\/uploads\/2026\/07\/ranieri-international-stabilimento-produttivo-20260716_114632.jpg 1400w, https:\/\/www.yachtingnews.com\/wp-content\/uploads\/2026\/07\/ranieri-international-stabilimento-produttivo-20260716_114632-300x225.jpg 300w, https:\/\/www.yachtingnews.com\/wp-content\/uploads\/2026\/07\/ranieri-international-stabilimento-produttivo-20260716_114632-768x576.jpg 768w\" sizes=\"(max-width: 1400px) 100vw, 1400px\" \/><\/div><div class=\"uael-grid-img-overlay\"><\/div><\/figure><\/div><\/div><div class=\"uael-grid-item  uael-img-gallery-item-4\"><div class=\"uael-grid-item-content\"><figure class=\"uael-grid-img uael-grid-gallery-img uael-ins-hover elementor-clickable\"><div class=\"uael-grid-img-thumbnail uael-ins-target\"><img decoding=\"async\" width=\"1400\" height=\"1050\" src=\"https:\/\/www.yachtingnews.com\/wp-content\/uploads\/2026\/07\/ranieri-international-stabilimento-produttivo-20260716_120056.jpg\" class=\"attachment-full size-full wp-image-170806\" alt=\"\" srcset=\"https:\/\/www.yachtingnews.com\/wp-content\/uploads\/2026\/07\/ranieri-international-stabilimento-produttivo-20260716_120056.jpg 1400w, https:\/\/www.yachtingnews.com\/wp-content\/uploads\/2026\/07\/ranieri-international-stabilimento-produttivo-20260716_120056-300x225.jpg 300w, https:\/\/www.yachtingnews.com\/wp-content\/uploads\/2026\/07\/ranieri-international-stabilimento-produttivo-20260716_120056-768x576.jpg 768w\" sizes=\"(max-width: 1400px) 100vw, 1400px\" \/><\/div><div class=\"uael-grid-img-overlay\"><\/div><\/figure><\/div><\/div><div class=\"uael-grid-item  uael-img-gallery-item-5\"><div class=\"uael-grid-item-content\"><figure class=\"uael-grid-img uael-grid-gallery-img uael-ins-hover elementor-clickable\"><div class=\"uael-grid-img-thumbnail uael-ins-target\"><img decoding=\"async\" width=\"1400\" height=\"1050\" src=\"https:\/\/www.yachtingnews.com\/wp-content\/uploads\/2026\/07\/ranieri-international-stabilimento-produttivo-20260716_120137.jpg\" class=\"attachment-full size-full wp-image-170807\" alt=\"\" srcset=\"https:\/\/www.yachtingnews.com\/wp-content\/uploads\/2026\/07\/ranieri-international-stabilimento-produttivo-20260716_120137.jpg 1400w, https:\/\/www.yachtingnews.com\/wp-content\/uploads\/2026\/07\/ranieri-international-stabilimento-produttivo-20260716_120137-300x225.jpg 300w, https:\/\/www.yachtingnews.com\/wp-content\/uploads\/2026\/07\/ranieri-international-stabilimento-produttivo-20260716_120137-768x576.jpg 768w\" sizes=\"(max-width: 1400px) 100vw, 1400px\" \/><\/div><div class=\"uael-grid-img-overlay\"><\/div><\/figure><\/div><\/div><div class=\"uael-grid-item  uael-img-gallery-item-6\"><div class=\"uael-grid-item-content\"><figure class=\"uael-grid-img uael-grid-gallery-img uael-ins-hover elementor-clickable\"><div class=\"uael-grid-img-thumbnail uael-ins-target\"><img decoding=\"async\" width=\"1400\" height=\"1050\" src=\"https:\/\/www.yachtingnews.com\/wp-content\/uploads\/2026\/07\/ranieri-international-stabilimento-produttivo-20260716_115523.jpg\" class=\"attachment-full size-full wp-image-170805\" alt=\"\" srcset=\"https:\/\/www.yachtingnews.com\/wp-content\/uploads\/2026\/07\/ranieri-international-stabilimento-produttivo-20260716_115523.jpg 1400w, https:\/\/www.yachtingnews.com\/wp-content\/uploads\/2026\/07\/ranieri-international-stabilimento-produttivo-20260716_115523-300x225.jpg 300w, https:\/\/www.yachtingnews.com\/wp-content\/uploads\/2026\/07\/ranieri-international-stabilimento-produttivo-20260716_115523-768x576.jpg 768w\" sizes=\"(max-width: 1400px) 100vw, 1400px\" \/><\/div><div class=\"uael-grid-img-overlay\"><\/div><\/figure><\/div><\/div><div class=\"uael-grid-item  uael-img-gallery-item-7\"><div class=\"uael-grid-item-content\"><figure class=\"uael-grid-img uael-grid-gallery-img uael-ins-hover elementor-clickable\"><div class=\"uael-grid-img-thumbnail uael-ins-target\"><img decoding=\"async\" width=\"1400\" height=\"1050\" src=\"https:\/\/www.yachtingnews.com\/wp-content\/uploads\/2026\/07\/ranieri-international-stabilimento-produttivo-20260716_120824.jpg\" class=\"attachment-full size-full wp-image-170808\" alt=\"\" srcset=\"https:\/\/www.yachtingnews.com\/wp-content\/uploads\/2026\/07\/ranieri-international-stabilimento-produttivo-20260716_120824.jpg 1400w, https:\/\/www.yachtingnews.com\/wp-content\/uploads\/2026\/07\/ranieri-international-stabilimento-produttivo-20260716_120824-300x225.jpg 300w, https:\/\/www.yachtingnews.com\/wp-content\/uploads\/2026\/07\/ranieri-international-stabilimento-produttivo-20260716_120824-768x576.jpg 768w\" sizes=\"(max-width: 1400px) 100vw, 1400px\" \/><\/div><div class=\"uael-grid-img-overlay\"><\/div><\/figure><\/div><\/div><\/div><\/div>\t\t\t\t<\/div>\n\t\t\t\t<\/div>\n\t\t\t\t<div class=\"elementor-element elementor-element-be59000 elementor-widget elementor-widget-text-editor\" data-id=\"be59000\" data-element_type=\"widget\" data-e-type=\"widget\" data-widget_type=\"text-editor.default\">\n\t\t\t\t<div class=\"elementor-widget-container\">\n\t\t\t\t\t\t\t\t\t<p>In den letzten Jahren hat die zweite Generation der Familie Ranieri das Unternehmen auf einen starken Wachstumskurs gef\u00fchrt und sowohl die Produktionskapazit\u00e4ten als auch die Produktpalette der Werft erweitert. Der entscheidende Wendepunkt kam 2014 mit dem Einstieg in den Bereich der Festrumpf-Schlauchboote. Was mit nur wenigen Modellen begann, ist heute die <strong>Cayman-Reihe<\/strong> \u2013 das Herzst\u00fcck der Produktion von Ranieri International und eine der angesehensten <a href=\"https:\/\/yachtingnews.com\/de\/maxi-ribs-und-luxury-open-cruiser\/\">Maxi-RIB-Reihen <\/a>auf dem europ\u00e4ischen Markt. Der Schl\u00fcssel zu ihrer Leistung ist eine firmeneigene Technologie: ein patentiertes Verbindungssystem zwischen Deck und Rumpf, das gleichzeitig als sto\u00dfd\u00e4mpfendes Element fungiert und die Wellenbelastung abfedert. Dadurch ist die Fahrt an Bord der Ranieri-Modelle bemerkenswert ruhig und leise.    <\/p><h2>Vertex Yachts: Das neue Premium-Aush\u00e4ngeschild der Gruppe<\/h2><p>Wie bereits erw\u00e4hnt, diente das 60-j\u00e4hrige Jubil\u00e4um nicht nur dazu, die Unternehmensgeschichte zu feiern, sondern auch die neue Marke <b>\u201eVertex Yachts\u201c<\/b> auf den Markt zu bringen. Dabei handelt es sich nicht einfach um eine neue Bootsreihe, sondern um eine eigenst\u00e4ndige Marke, die ein h\u00f6heres Marktsegment besetzen soll als das, das Ranieri International traditionell bedient. F\u00fcr dieses Projekt w\u00e4hlte die Werft einen der international renommiertesten italienischen Designer aus: <b>Giuseppe Martines<\/b>, Sch\u00f6pfer zahlreicher erfolgreicher Boote und seit langem eine Schl\u00fcsselfigur im zeitgen\u00f6ssischen Yachtdesign.  <\/p><p><img decoding=\"async\" class=\"alignnone wp-image-170813 size-full\" src=\"https:\/\/yachtingnews.com\/wp-content\/uploads\/2026\/07\/Vertex-Yachts-\u2014-Brochure-Quarantacinque-Z-\u2014-IT-scaled-1.jpg\" alt=\"Vertex Yachts\" width=\"2048\" height=\"1536\" srcset=\"https:\/\/www.yachtingnews.com\/wp-content\/uploads\/2026\/07\/Vertex-Yachts-\u2014-Brochure-Quarantacinque-Z-\u2014-IT-scaled-1.jpg 2048w, https:\/\/www.yachtingnews.com\/wp-content\/uploads\/2026\/07\/Vertex-Yachts-\u2014-Brochure-Quarantacinque-Z-\u2014-IT-scaled-1-300x225.jpg 300w, https:\/\/www.yachtingnews.com\/wp-content\/uploads\/2026\/07\/Vertex-Yachts-\u2014-Brochure-Quarantacinque-Z-\u2014-IT-scaled-1-1600x1200.jpg 1600w, https:\/\/www.yachtingnews.com\/wp-content\/uploads\/2026\/07\/Vertex-Yachts-\u2014-Brochure-Quarantacinque-Z-\u2014-IT-scaled-1-768x576.jpg 768w, https:\/\/www.yachtingnews.com\/wp-content\/uploads\/2026\/07\/Vertex-Yachts-\u2014-Brochure-Quarantacinque-Z-\u2014-IT-scaled-1-1536x1152.jpg 1536w\" sizes=\"(max-width: 2048px) 100vw, 2048px\" \/><\/p><p>Martines\u2019 Designphilosophie geht weit \u00fcber die \u00c4sthetik hinaus:<i>\u201eMein Designansatz basiert auf einer ganzheitlichen Vision, die Stil und Technologie miteinander verbindet<\/i>\u201c<i>,<\/i> erkl\u00e4rte der Designer w\u00e4hrend der Pressekonferenz. \u201e<i>Genau das sorgt daf\u00fcr, dass Boote besser altern und auch f\u00fcr erfahrene Eigner weiterhin attraktiv bleiben. Das ist die Mission von Vertex Yachts: Eigner anzusprechen, die nicht ihr erstes Boot kaufen, sondern bewusster sind, hohe Anspr\u00fcche stellen und ein besonders exklusives Kauferlebnis w\u00fcnschen. Wir wollen den Eigner \u201everw\u00f6hnen\u201c: Jedes Detail ist darauf ausgelegt, das Auge zu erfreuen und ein harmonisches Ganzes zu schaffen, in dem Design und Funktionalit\u00e4t perfekt miteinander verschmelzen.  <\/i>.&#8220;<\/p><p><img decoding=\"async\" class=\"alignnone wp-image-170811 size-full\" src=\"https:\/\/yachtingnews.com\/wp-content\/uploads\/2026\/07\/Vertex-Yachts-\u2014-Brochure-45-TT.jpg\" alt=\"Vertex Yachts\" width=\"1746\" height=\"982\" srcset=\"https:\/\/www.yachtingnews.com\/wp-content\/uploads\/2026\/07\/Vertex-Yachts-\u2014-Brochure-45-TT.jpg 1746w, https:\/\/www.yachtingnews.com\/wp-content\/uploads\/2026\/07\/Vertex-Yachts-\u2014-Brochure-45-TT-300x169.jpg 300w, https:\/\/www.yachtingnews.com\/wp-content\/uploads\/2026\/07\/Vertex-Yachts-\u2014-Brochure-45-TT-1600x900.jpg 1600w, https:\/\/www.yachtingnews.com\/wp-content\/uploads\/2026\/07\/Vertex-Yachts-\u2014-Brochure-45-TT-768x432.jpg 768w, https:\/\/www.yachtingnews.com\/wp-content\/uploads\/2026\/07\/Vertex-Yachts-\u2014-Brochure-45-TT-1536x864.jpg 1536w\" sizes=\"(max-width: 1746px) 100vw, 1746px\" \/><\/p><p>Schon die Identit\u00e4t der Marke erz\u00e4hlt von ihrer starken Verbundenheit mit ihrer Heimat. Das<b>\u201eV\u201c<\/b> im Vertex-Logo spiegelt den Winkel wider, der den geografischen Koordinaten von Soverato (38,41 N \u2013 16,33 O) entspricht, und macht so den Geburtsort der Werft zu einem charakteristischen Markenelement. Die Formensprache konzentriert sich auf modellierte Oberfl\u00e4chen zur Steuerung der Lichtreflexe, ergonomische Volumen, athletische Linien und ein essentielles Design, bei dem Form und Funktion miteinander verschmelzen. Das Versprechen der Marke l\u00e4sst sich in dem Konzept zusammenfassen, dass Sch\u00f6nheit aus Technik entsteht, nicht aus Dekoration.   <\/p><p><img decoding=\"async\" class=\"alignnone wp-image-170812 size-full\" src=\"https:\/\/yachtingnews.com\/wp-content\/uploads\/2026\/07\/Vertex-Yachts-\u2014-Brochure-45-TT-1.jpg\" alt=\"Vertex Yachts\" width=\"1746\" height=\"982\" srcset=\"https:\/\/www.yachtingnews.com\/wp-content\/uploads\/2026\/07\/Vertex-Yachts-\u2014-Brochure-45-TT-1.jpg 1746w, https:\/\/www.yachtingnews.com\/wp-content\/uploads\/2026\/07\/Vertex-Yachts-\u2014-Brochure-45-TT-1-300x169.jpg 300w, https:\/\/www.yachtingnews.com\/wp-content\/uploads\/2026\/07\/Vertex-Yachts-\u2014-Brochure-45-TT-1-1600x900.jpg 1600w, https:\/\/www.yachtingnews.com\/wp-content\/uploads\/2026\/07\/Vertex-Yachts-\u2014-Brochure-45-TT-1-768x432.jpg 768w, https:\/\/www.yachtingnews.com\/wp-content\/uploads\/2026\/07\/Vertex-Yachts-\u2014-Brochure-45-TT-1-1536x864.jpg 1536w\" sizes=\"(max-width: 1746px) 100vw, 1746px\" \/><\/p><p>Die ersten Modelle werden die <strong>Vertex 45 TT<\/strong> und die <strong>Vertex 45 Z<\/strong> sein, die beide auf derselben Plattform von etwa 14 Metern basieren, aber zwei unterschiedliche Konzepte f\u00fcr die Navigation bieten. Die 45 TT legt dank ihrer offenen T-Top-Konfiguration besonderen Wert auf den Kontakt zum Meer, w\u00e4hrend die 45 Z \u00fcber ein gro\u00dfes, elegantes Hardtop verf\u00fcgt, das f\u00fcr den ganzj\u00e4hrigen Einsatz ausgelegt ist. Beide Modelle haben ein ger\u00e4umiges Walkaround-Layout, besonders gro\u00dfz\u00fcgige Seitendecks, eine komplett auf den Fahrer ausgerichtete Konsole und Innenr\u00e4ume, die f\u00fcr h\u00f6chsten Wohnkomfort entwickelt wurden. Gro\u00dfer Wert wurde auf Privatsph\u00e4re gelegt, mit wirklich getrennten Kabinen, separaten Toiletten und Duschen, luxuri\u00f6ser Ausstattung und R\u00e4umlichkeiten, die normalerweise Yachten einer h\u00f6heren Klasse vorbehalten sind.   <\/p><p><img decoding=\"async\" class=\"alignnone wp-image-170814 size-full\" src=\"https:\/\/yachtingnews.com\/wp-content\/uploads\/2026\/07\/vertex-yachts-modellino-TT.jpg\" alt=\"Vertex Yachts Modell TT\" width=\"1400\" height=\"839\" srcset=\"https:\/\/www.yachtingnews.com\/wp-content\/uploads\/2026\/07\/vertex-yachts-modellino-TT.jpg 1400w, https:\/\/www.yachtingnews.com\/wp-content\/uploads\/2026\/07\/vertex-yachts-modellino-TT-300x180.jpg 300w, https:\/\/www.yachtingnews.com\/wp-content\/uploads\/2026\/07\/vertex-yachts-modellino-TT-768x460.jpg 768w\" sizes=\"(max-width: 1400px) 100vw, 1400px\" \/><\/p><p>F\u00fcr Ranieri International bedeutet die Markteinf\u00fchrung von Vertex Yachts einen v\u00f6llig neuen Horizont: \u201e<i>Der Schritt hin zur Produktion von 45-Fu\u00df-Booten ist f\u00fcr uns ein gro\u00dfer Sprung nach vorne, der uns die T\u00fcren zu neuen Marktsegmenten und neuen Kunden \u00f6ffnet<\/i>\u201c<i>,<\/i> erkl\u00e4rt Salvatore Ranieri. \u201e<i>Vertex ist nicht einfach nur ein teureres Ranieri-Boot. Uns wurde klar, dass wir bestimmte Anforderungen der internationalen M\u00e4rkte nicht erf\u00fcllen konnten. So entstand Vertex: ein Boot, das zwar in Italien gebaut wird, aber von Anfang an f\u00fcr ein weltweites Publikum konzipiert wurde.  <\/i>&#8222;<\/p><p>Die Weltpremiere der ersten beiden Modelle ist f\u00fcr das bevorstehende <b>Cannes Yachting Festival<\/b> geplant, wo Vertex Yachts sein offizielles Deb\u00fct auf dem internationalen Markt feiern wird.<\/p><p><img decoding=\"async\" class=\"alignnone wp-image-170815 size-full\" src=\"https:\/\/yachtingnews.com\/wp-content\/uploads\/2026\/07\/vertex-yachts-modellino-45-Z.jpg\" alt=\"Vertex Yachts Modell Z\" width=\"1400\" height=\"892\" srcset=\"https:\/\/www.yachtingnews.com\/wp-content\/uploads\/2026\/07\/vertex-yachts-modellino-45-Z.jpg 1400w, https:\/\/www.yachtingnews.com\/wp-content\/uploads\/2026\/07\/vertex-yachts-modellino-45-Z-300x191.jpg 300w, https:\/\/www.yachtingnews.com\/wp-content\/uploads\/2026\/07\/vertex-yachts-modellino-45-Z-768x489.jpg 768w\" sizes=\"(max-width: 1400px) 100vw, 1400px\" \/><\/p><h2>Drei neue Modelle zur Erweiterung des Ranieri International-Sortiments<\/h2><p>Zeitgleich mit der Einf\u00fchrung der neuen Marke hat Ranieri International drei neue Schiffe vorgestellt, die das Angebot in strategischen Segmenten erweitern sollen.<\/p><p>Der neue<strong> Cayman 37.0 Hard Top<\/strong> steht f\u00fcr die Weiterentwicklung der Designphilosophie der Cayman-Reihe. Er wurde f\u00fcr Eigner entwickelt, die Kreuzfahrten im mittleren Geschwindigkeitsbereich genie\u00dfen wollen, ohne dabei auf Komfort zu verzichten. Mit seinem Monocoque-Deck, das sichtbare Fugen eliminiert, erh\u00f6ht er die strukturelle Steifigkeit und reduziert Fahrger\u00e4usche. Ein besonderes Highlight ist das patentierte CSA-System (Cockpit Shock Absorber), das Wellenschl\u00e4ge abfedert und so den Komfort erh\u00f6ht, w\u00e4hrend der neue abgestufte Rumpf (Redan) f\u00fcr mehr Leistung, Stabilit\u00e4t und Kraftstoffeffizienz sorgt.  <\/p><p><img decoding=\"async\" class=\"alignnone wp-image-170784 size-full\" src=\"https:\/\/yachtingnews.com\/wp-content\/uploads\/2026\/07\/ranieri-Cayman-37.0-Hard-Top.jpg\" alt=\"Ranieri Cayman 37.0 Hardtop\" width=\"1400\" height=\"930\" srcset=\"https:\/\/www.yachtingnews.com\/wp-content\/uploads\/2026\/07\/ranieri-Cayman-37.0-Hard-Top.jpg 1400w, https:\/\/www.yachtingnews.com\/wp-content\/uploads\/2026\/07\/ranieri-Cayman-37.0-Hard-Top-300x199.jpg 300w, https:\/\/www.yachtingnews.com\/wp-content\/uploads\/2026\/07\/ranieri-Cayman-37.0-Hard-Top-768x510.jpg 768w\" sizes=\"(max-width: 1400px) 100vw, 1400px\" \/><\/p><p>Die Au\u00dfenausstattung legt den Schwerpunkt auf das Leben unter freiem Himmel \u2013 mit einer gro\u00dfen Sonnenliege am Bug, einem Harttop aus GFK mit einer Windschutzscheibe aus geh\u00e4rtetem Glas, einer voll ausgestatteten Komb\u00fcse mit Sp\u00fcle, Induktionskochfeld und K\u00fchlschrank sowie einer Sitzecke im Heck, die sich elektrisch in eine gro\u00dfe Sonnenliege verwandeln l\u00e4sst. Unter Deck gibt es Platz f\u00fcr vier Kojen, die auf zwei separate Bereiche verteilt sind, reichlich Stauraum und ein separates Bad mit Fenster \u2013 Ausstattungsmerkmale, die mehrt\u00e4gige T\u00f6rns ohne Kompromisse erm\u00f6glichen. <\/p><p><img decoding=\"async\" class=\"alignnone wp-image-170785 size-full\" src=\"https:\/\/yachtingnews.com\/wp-content\/uploads\/2026\/07\/DJI_20260715090626_0618_D_THESEATEAM.jpg\" alt=\"Ranieri Cayman 37.0 Hardtop\" width=\"1400\" height=\"933\" srcset=\"https:\/\/www.yachtingnews.com\/wp-content\/uploads\/2026\/07\/DJI_20260715090626_0618_D_THESEATEAM.jpg 1400w, https:\/\/www.yachtingnews.com\/wp-content\/uploads\/2026\/07\/DJI_20260715090626_0618_D_THESEATEAM-300x200.jpg 300w, https:\/\/www.yachtingnews.com\/wp-content\/uploads\/2026\/07\/DJI_20260715090626_0618_D_THESEATEAM-768x512.jpg 768w\" sizes=\"(max-width: 1400px) 100vw, 1400px\" \/><\/p><p>Mit der <strong>Cayman 41.0 Hard Top<\/strong> betritt Ranieri eine neue Dimension im Maxi-RIB-Segment. Das Boot \u00fcbertr\u00e4gt die sportliche DNA der Cayman-Reihe auf eine Plattform, die \u00fcber 40 Fu\u00df hinausreicht und f\u00fcr l\u00e4ngere Fahrten sowie ausgedehnte Aufenthalte an Bord entwickelt wurde. Auch hier finden wir das Monocoque-Bausystem, das CSA, sowie einen neuen, fortschrittlichen Stufenrumpf, der selbst unter den anspruchsvollsten Seebedingungen eine gleichbleibend ausgewogene Trimmung, hohe Stabilit\u00e4t und einen niedrigen Kraftstoffverbrauch garantiert.  <\/p><p><img decoding=\"async\" class=\"alignnone wp-image-170786 size-full\" src=\"https:\/\/yachtingnews.com\/wp-content\/uploads\/2026\/07\/ranieri-international-Cayman-41.0-Hard-Top.jpg\" alt=\"Ranieri International Cayman 41.0 Hardtop\" width=\"1400\" height=\"933\" srcset=\"https:\/\/www.yachtingnews.com\/wp-content\/uploads\/2026\/07\/ranieri-international-Cayman-41.0-Hard-Top.jpg 1400w, https:\/\/www.yachtingnews.com\/wp-content\/uploads\/2026\/07\/ranieri-international-Cayman-41.0-Hard-Top-300x200.jpg 300w, https:\/\/www.yachtingnews.com\/wp-content\/uploads\/2026\/07\/ranieri-international-Cayman-41.0-Hard-Top-768x512.jpg 768w\" sizes=\"(max-width: 1400px) 100vw, 1400px\" \/><\/p><p>Das Deck ist wie ein echtes Open-Space-Wohnzimmer gestaltet, mit einer gro\u00dfen Sonnenliegefl\u00e4che im Bug, einem integrierten Hardtop, einer voll ausgestatteten Au\u00dfenk\u00fcche, einer umbaubaren Essecke und einem au\u00dfergew\u00f6hnlich einfachen Zugang zum Wasser. Der Innenraum nutzt das Volumen des Rumpfes optimal aus und bietet zwei separate Kabinen, vier vollwertige Kojen, zahlreiche Stauf\u00e4cher und ein gro\u00dfz\u00fcgig geschnittenes Bad \u2013 damit erreicht er einen Wohnkomfort, der dem einer traditionellen Yacht sehr nahekommt. <\/p><p><img decoding=\"async\" class=\"alignnone wp-image-170787 size-full\" src=\"https:\/\/yachtingnews.com\/wp-content\/uploads\/2026\/07\/DSC07431.jpg\" alt=\"\" width=\"1400\" height=\"933\" srcset=\"https:\/\/www.yachtingnews.com\/wp-content\/uploads\/2026\/07\/DSC07431.jpg 1400w, https:\/\/www.yachtingnews.com\/wp-content\/uploads\/2026\/07\/DSC07431-300x200.jpg 300w, https:\/\/www.yachtingnews.com\/wp-content\/uploads\/2026\/07\/DSC07431-768x512.jpg 768w\" sizes=\"(max-width: 1400px) 100vw, 1400px\" \/><\/p><p>Neben den beiden Maxi-RIBs feiert auch die neue <strong>Next 370 SH<\/strong> ihr Deb\u00fct \u2013 ein 37-Fu\u00df-Walkaround, der die \u201eSport &#038; Habitat\u201c-Philosophie verk\u00f6rpert. Das Modell wurde entwickelt, um sportliche Leistung und Wohnkomfort zu vereinen \u2013 dank eines neuen Rumpfes, der auf Effizienz und Reichweite optimiert ist, gesch\u00fctzter Seiteng\u00e4nge, einer gro\u00dfen Sonnenliege im Bug und einer \u00e4u\u00dferst durchdachten Raumaufteilung. Der Decksbereich umfasst eine ergonomische Konsole, zwei bequeme Sitze, eine voll ausgestattete Au\u00dfenk\u00fcche und eine Sitzecke im Heck, die sich in eine elektrisch verstellbare Sonnenliege verwandeln l\u00e4sst.  <\/p><p>Unter Deck steigt das Qualit\u00e4tsniveau der Innenausstattung deutlich, dank der Verwendung von Naturholzfurnieren, die direkt in der Werft gefertigt wurden. Die Eignerkabine ist durch eine Fl\u00fcgelt\u00fcr abgetrennt, das Bad verf\u00fcgt \u00fcber zwei Zug\u00e4nge, und die Raumaufteilung bietet bequem Platz f\u00fcr vier Personen in zwei getrennten Bereichen \u2013 was die Eignung des Bootes f\u00fcr mehrt\u00e4gige T\u00f6rns unterstreicht. <\/p><p><img decoding=\"async\" class=\"aligncenter wp-image-170788 size-full\" src=\"https:\/\/yachtingnews.com\/wp-content\/uploads\/2026\/07\/DJI_20260714130143_0480_D_THESEATEAM.jpg\" alt=\"Next 370 SH\" width=\"1400\" height=\"933\" srcset=\"https:\/\/www.yachtingnews.com\/wp-content\/uploads\/2026\/07\/DJI_20260714130143_0480_D_THESEATEAM.jpg 1400w, https:\/\/www.yachtingnews.com\/wp-content\/uploads\/2026\/07\/DJI_20260714130143_0480_D_THESEATEAM-300x200.jpg 300w, https:\/\/www.yachtingnews.com\/wp-content\/uploads\/2026\/07\/DJI_20260714130143_0480_D_THESEATEAM-768x512.jpg 768w\" sizes=\"(max-width: 1400px) 100vw, 1400px\" \/><\/p><h2>Eine neue Phase f\u00fcr Ranieri International<\/h2><p>Das Treffen in Soverato erz\u00e4hlte eine Geschichte, die weit \u00fcber die Vorstellung einiger neuer Modelle hinausging. Der \u00fcberwiegende Eindruck ist der einer Werft, die einen Wendepunkt in ihrer Geschichte erreicht hat: Einerseits investiert sie weiterhin in die Weiterentwicklung der Ranieri-Reihe und baut damit eine Maxi-RIB-Linie aus, die mittlerweile als eine der interessantesten auf dem europ\u00e4ischen Markt gilt; andererseits schl\u00e4gt sie mit Vertex Yachts ein v\u00f6llig neues Kapitel auf \u2013 eine Marke, die darauf ausgerichtet ist, um eine internationale Kundschaft zu werben und bisher unerschlossene Marktsegmente zu erschlie\u00dfen. <\/p><p>Die j\u00fcngste Erweiterung der Anlage, die Beibehaltung einer fast vollst\u00e4ndig hauseigenen Produktionskette und der Einstieg in die Welt der 45-Fu\u00df-Yachten zeigen ein Unternehmen, das seine handwerklichen Wurzeln nicht verleugnet, sondern sie vielmehr als Grundlage f\u00fcr ein ehrgeizigeres industrielles Wachstum nutzt. Nach sechzig Jahren Unternehmensgeschichte scheint Ranieri International einen neuen Kurs eingeschlagen zu haben. Und wenn man sich die in Soverato vorgestellten Innovationen ansieht, hat man das Gef\u00fchl, dass die Reise gerade erst begonnen hat.  <\/p><h3>FAQ \u2013 H\u00e4ufig gestellte Fragen zu Ranieri International<\/h3>\t\t\t\t\t\t\t\t<\/div>\n\t\t\t\t<\/div>\n\t\t\t\t<div class=\"elementor-element elementor-element-09001b4 elementor-grid-1 elementor-grid-tablet-2 elementor-grid-mobile-1 elementor-widget elementor-widget-uael-faq\" data-id=\"09001b4\" data-element_type=\"widget\" data-e-type=\"widget\" data-widget_type=\"uael-faq.default\">\n\t\t\t\t<div class=\"elementor-widget-container\">\n\t\t\t\t\t\n\t\t\t<div id='uael-faq-wrapper-943' class=\"uael-faq-wrapper\">\n\t\t\t\t<div class=\"uael-faq-container uael-faq-layout-grid elementor-grid\" >\n\t\t\t\t\t\t\t\t\t\t\t\t<div id=\"uael-accordion-c197b07\" class=\"uael-faq-accordion elementor-grid-item\" role=\"tablist\">\n\t\t\t\t\t\t\t\t<div class= \"uael-accordion-title\" aria-expanded=\"false\" role=\"tab\">\n\t\t\t\t\t\t\t\t\t<span class=\"uael-accordion-icon uael-accordion-icon-\">\n\t\t\t\t\t\t\t\t\t\t<span class=\"uael-accordion-icon-closed\"><\/span>\n\t\t\t\t\t\t\t\t\t\t<span class=\"uael-accordion-icon-opened\"><\/span>\n\t\t\t\t\t\t\t\t\t<\/span>\n\t\t\t\t\t\t\t\t\t<h3 class=\"uael-question-c197b07 uael-question-span\" tabindex=\"0\" id=\"uael-faq-1-6a9b10ced014b\">Warum ist das 60-j\u00e4hrige Jubil\u00e4um von Ranieri International ein historischer Moment f\u00fcr die Werft?<\/h3>\n\t\t\t\t\t\t\t\t<\/div>\n\t\t\t\t\t\t\t\t<div class=\"uael-accordion-content\" role=\"tabpanel\">\n\t\t\t\t\t\t\t\t\t<span>\n\t\t\t\t\t\t\t\t\t<span><p>Weil dies mit einer neuen Entwicklungsphase des Unternehmens zusammenf\u00e4llt, die durch den Ausbau der Produktionsst\u00e4tte, die Einf\u00fchrung der neuen Premiummarke Vertex Yachts und die Vorstellung von drei neuen Modellen gepr\u00e4gt ist, die die Ranieri-Reihe erweitern sollen.<\/p><\/span>\t\t\t\t\t\t\t\t\t<\/span>\n\t\t\t\t\t\t\t\t<\/div>\n\t\t\t\t\t\t\t<\/div>\n\t\t\t\t\t\t\t\t\t\t\t\t\t\t<div id=\"uael-accordion-95379c0\" class=\"uael-faq-accordion elementor-grid-item\" role=\"tablist\">\n\t\t\t\t\t\t\t\t<div class= \"uael-accordion-title\" aria-expanded=\"false\" role=\"tab\">\n\t\t\t\t\t\t\t\t\t<span class=\"uael-accordion-icon uael-accordion-icon-\">\n\t\t\t\t\t\t\t\t\t\t<span class=\"uael-accordion-icon-closed\"><\/span>\n\t\t\t\t\t\t\t\t\t\t<span class=\"uael-accordion-icon-opened\"><\/span>\n\t\t\t\t\t\t\t\t\t<\/span>\n\t\t\t\t\t\t\t\t\t<h3 class=\"uael-question-95379c0 uael-question-span\" tabindex=\"0\" id=\"uael-faq-2-6a9b10ced0164\">Was ist Vertex Yachts?<\/h3>\n\t\t\t\t\t\t\t\t<\/div>\n\t\t\t\t\t\t\t\t<div class=\"uael-accordion-content\" role=\"tabpanel\">\n\t\t\t\t\t\t\t\t\t<span>\n\t\t\t\t\t\t\t\t\t<span><p>Vertex Yachts ist die neue Premiummarke, die von Ranieri International ins Leben gerufen wurde, um im Luxusyacht-Segment Fu\u00df zu fassen. Die Marke wird mit zwei 45-Fu\u00df-Modellen an den Start gehen, die von Giuseppe Martines entworfen und speziell auf eine internationale Kundschaft zugeschnitten sind. <\/p><\/span>\t\t\t\t\t\t\t\t\t<\/span>\n\t\t\t\t\t\t\t\t<\/div>\n\t\t\t\t\t\t\t<\/div>\n\t\t\t\t\t\t\t\t\t\t\t\t\t\t<div id=\"uael-accordion-af2e3b8\" class=\"uael-faq-accordion elementor-grid-item\" role=\"tablist\">\n\t\t\t\t\t\t\t\t<div class= \"uael-accordion-title\" aria-expanded=\"false\" role=\"tab\">\n\t\t\t\t\t\t\t\t\t<span class=\"uael-accordion-icon uael-accordion-icon-\">\n\t\t\t\t\t\t\t\t\t\t<span class=\"uael-accordion-icon-closed\"><\/span>\n\t\t\t\t\t\t\t\t\t\t<span class=\"uael-accordion-icon-opened\"><\/span>\n\t\t\t\t\t\t\t\t\t<\/span>\n\t\t\t\t\t\t\t\t\t<h3 class=\"uael-question-af2e3b8 uael-question-span\" tabindex=\"0\" id=\"uael-faq-3-6a9b10ced0173\">Welche Neuerungen f\u00fchrt Ranieri International in seinem Sortiment f\u00fcr 2026 ein?<\/h3>\n\t\t\t\t\t\t\t\t<\/div>\n\t\t\t\t\t\t\t\t<div class=\"uael-accordion-content\" role=\"tabpanel\">\n\t\t\t\t\t\t\t\t\t<span>\n\t\t\t\t\t\t\t\t\t<span><p>Die Werft hat drei neue Modelle vorgestellt: <strong>die Cayman 37.0 Hard Top, die Cayman 41.0 Hard Top und die Next 370 SH.<\/strong> Alle wurden entwickelt, um mehr Komfort, Wohnlichkeit und Leistung zu bieten und gleichzeitig die sportliche DNA beizubehalten, die die Marke auszeichnet.<\/p><\/span>\t\t\t\t\t\t\t\t\t<\/span>\n\t\t\t\t\t\t\t\t<\/div>\n\t\t\t\t\t\t\t<\/div>\n\t\t\t\t\t\t\t\t\t\t\t\t\t\t<div id=\"uael-accordion-a5c1025\" class=\"uael-faq-accordion elementor-grid-item\" role=\"tablist\">\n\t\t\t\t\t\t\t\t<div class= \"uael-accordion-title\" aria-expanded=\"false\" role=\"tab\">\n\t\t\t\t\t\t\t\t\t<span class=\"uael-accordion-icon uael-accordion-icon-\">\n\t\t\t\t\t\t\t\t\t\t<span class=\"uael-accordion-icon-closed\"><\/span>\n\t\t\t\t\t\t\t\t\t\t<span class=\"uael-accordion-icon-opened\"><\/span>\n\t\t\t\t\t\t\t\t\t<\/span>\n\t\t\t\t\t\t\t\t\t<h3 class=\"uael-question-a5c1025 uael-question-span\" tabindex=\"0\" id=\"uael-faq-4-6a9b10ced0181\">Was ist die gr\u00f6\u00dfte St\u00e4rke der Produktion bei Ranieri International?<\/h3>\n\t\t\t\t\t\t\t\t<\/div>\n\t\t\t\t\t\t\t\t<div class=\"uael-accordion-content\" role=\"tabpanel\">\n\t\t\t\t\t\t\t\t\t<span>\n\t\t\t\t\t\t\t\t\t<span><p>Das Unternehmen f\u00fchrt fast alle Produktionsschritte selbst durch, vom Entwurf \u00fcber die Laminierung bis hin zur Holzverarbeitung und Polsterung. Das erm\u00f6glicht eine direkte Qualit\u00e4tskontrolle und eine gr\u00f6\u00dfere Sorgfalt bei den konstruktiven Details. <\/p><\/span>\t\t\t\t\t\t\t\t\t<\/span>\n\t\t\t\t\t\t\t\t<\/div>\n\t\t\t\t\t\t\t<\/div>\n\t\t\t\t\t\t\t\t\t\t\t<\/div>\n\t\t\t<\/div>\n\t\t\t\t\t\t\t<\/div>\n\t\t\t\t<\/div>\n\t\t\t\t\t<\/div>\n\t\t<\/div>\n\t\t\t\t\t<\/div>\n\t\t<\/section>\n\t\t\t\t<\/div>\n\t\t","protected":false},"excerpt":{"rendered":"<p>Sechzig Jahre sind f\u00fcr jedes Unternehmen ein wichtiger Meilenstein. Aber f\u00fcr einen innovativen Bootsbauer wie Ranieri International ist es vor allem der Startschuss f\u00fcr eine neue Entwicklungsphase. Das war die vorherrschende Stimmung bei der Veranstaltung, die die kalabrische Werft am 15. und 16. Juli in ihrem Hauptsitz in Soverato organisiert hatte. Dort versammelten sich die [&hellip;]<\/p>\n","protected":false},"author":45,"featured_media":170844,"comment_status":"open","ping_status":"closed","sticky":false,"template":"","format":"standard","meta":{"_mo_disable_npp":"","footnotes":""},"categories":[690,654,682],"tags":[924],"class_list":["post-170843","post","type-post","status-publish","format-standard","has-post-thumbnail","hentry","category-motorboote","category-news-de","category-schlauchboote-und-rippen","tag-ranieri-international-de"],"yoast_head":"<!-- This site is optimized with the Yoast SEO plugin v28.4 - https:\/\/yoast.com\/product\/yoast-seo-wordpress\/ -->\n<title>Ranieri International feiert sein 60-j\u00e4hriges Jubil\u00e4um - Yachting News<\/title>\n<meta name=\"description\" content=\"Ranieri International schl\u00e4gt mit der Einf\u00fchrung einer neuen Marke, drei neuen Booten und dem Ausbau seiner Anlagen ein neues Kapitel auf.\" \/>\n<meta name=\"robots\" content=\"index, follow, max-snippet:-1, max-image-preview:large, max-video-preview:-1\" \/>\n<link rel=\"canonical\" href=\"https:\/\/www.yachtingnews.com\/de\/ranieri-international-60\/\" \/>\n<meta property=\"og:locale\" content=\"de_DE\" \/>\n<meta property=\"og:type\" content=\"article\" \/>\n<meta property=\"og:title\" content=\"Ranieri International feiert sein 60-j\u00e4hriges Jubil\u00e4um - Yachting News\" \/>\n<meta property=\"og:description\" content=\"Ranieri International schl\u00e4gt mit der Einf\u00fchrung einer neuen Marke, drei neuen Booten und dem Ausbau seiner Anlagen ein neues Kapitel auf.\" \/>\n<meta property=\"og:url\" content=\"https:\/\/www.yachtingnews.com\/de\/ranieri-international-60\/\" \/>\n<meta property=\"og:site_name\" content=\"Yachting News\" \/>\n<meta property=\"article:publisher\" content=\"https:\/\/www.facebook.com\/TheInternationalYachtingMedia\" \/>\n<meta property=\"article:published_time\" content=\"2026-07-20T01:00:00+00:00\" \/>\n<meta property=\"article:modified_time\" content=\"2026-07-20T01:01:15+00:00\" \/>\n<meta property=\"og:image\" content=\"https:\/\/www.yachtingnews.com\/wp-content\/uploads\/2026\/07\/ranieri-international-novita.jpg\" \/>\n\t<meta property=\"og:image:width\" content=\"1400\" \/>\n\t<meta property=\"og:image:height\" content=\"787\" \/>\n\t<meta property=\"og:image:type\" content=\"image\/jpeg\" \/>\n<meta name=\"author\" content=\"Alessandro Giuzio\" \/>\n<meta name=\"twitter:card\" content=\"summary_large_image\" \/>\n<meta name=\"twitter:creator\" content=\"@YachtingMedia\" \/>\n<meta name=\"twitter:site\" content=\"@YachtingMedia\" \/>\n<meta name=\"twitter:label1\" content=\"Verfasst von\" \/>\n\t<meta name=\"twitter:data1\" content=\"Alessandro Giuzio\" \/>\n\t<meta name=\"twitter:label2\" content=\"Gesch\u00e4tzte Lesezeit\" \/>\n\t<meta name=\"twitter:data2\" content=\"10\u00a0Minuten\" \/>\n<script type=\"application\/ld+json\" class=\"yoast-schema-graph\">{\"@context\":\"https:\\\/\\\/schema.org\",\"@graph\":[{\"@type\":\"Article\",\"@id\":\"https:\\\/\\\/www.yachtingnews.com\\\/de\\\/ranieri-international-60\\\/#article\",\"isPartOf\":{\"@id\":\"https:\\\/\\\/www.yachtingnews.com\\\/de\\\/ranieri-international-60\\\/\"},\"author\":{\"name\":\"Alessandro Giuzio\",\"@id\":\"https:\\\/\\\/www.yachtingnews.com\\\/de\\\/#\\\/schema\\\/person\\\/d2e99eb1c7ce9e28a78d15e3d5d68eb3\"},\"headline\":\"Ranieri International feiert sein 60-j\u00e4hriges Jubil\u00e4um mit der Einf\u00fchrung von drei neuen Modellen und der Marke Vertex Yachts\",\"datePublished\":\"2026-07-20T01:00:00+00:00\",\"dateModified\":\"2026-07-20T01:01:15+00:00\",\"mainEntityOfPage\":{\"@id\":\"https:\\\/\\\/www.yachtingnews.com\\\/de\\\/ranieri-international-60\\\/\"},\"wordCount\":1982,\"commentCount\":0,\"publisher\":{\"@id\":\"https:\\\/\\\/www.yachtingnews.com\\\/de\\\/#organization\"},\"image\":{\"@id\":\"https:\\\/\\\/www.yachtingnews.com\\\/de\\\/ranieri-international-60\\\/#primaryimage\"},\"thumbnailUrl\":\"https:\\\/\\\/www.yachtingnews.com\\\/wp-content\\\/uploads\\\/2026\\\/07\\\/ranieri-international-novita.jpg\",\"keywords\":[\"Ranieri International\"],\"articleSection\":[\"MOTORBOOTE\",\"Nachrichten\",\"Schlauchboote und Rippen\"],\"inLanguage\":\"de\",\"potentialAction\":[{\"@type\":\"CommentAction\",\"name\":\"Comment\",\"target\":[\"https:\\\/\\\/www.yachtingnews.com\\\/de\\\/ranieri-international-60\\\/#respond\"]}]},{\"@type\":\"WebPage\",\"@id\":\"https:\\\/\\\/www.yachtingnews.com\\\/de\\\/ranieri-international-60\\\/\",\"url\":\"https:\\\/\\\/www.yachtingnews.com\\\/de\\\/ranieri-international-60\\\/\",\"name\":\"Ranieri International feiert sein 60-j\u00e4hriges Jubil\u00e4um - Yachting News\",\"isPartOf\":{\"@id\":\"https:\\\/\\\/www.yachtingnews.com\\\/de\\\/#website\"},\"primaryImageOfPage\":{\"@id\":\"https:\\\/\\\/www.yachtingnews.com\\\/de\\\/ranieri-international-60\\\/#primaryimage\"},\"image\":{\"@id\":\"https:\\\/\\\/www.yachtingnews.com\\\/de\\\/ranieri-international-60\\\/#primaryimage\"},\"thumbnailUrl\":\"https:\\\/\\\/www.yachtingnews.com\\\/wp-content\\\/uploads\\\/2026\\\/07\\\/ranieri-international-novita.jpg\",\"datePublished\":\"2026-07-20T01:00:00+00:00\",\"dateModified\":\"2026-07-20T01:01:15+00:00\",\"description\":\"Ranieri International schl\u00e4gt mit der Einf\u00fchrung einer neuen Marke, drei neuen Booten und dem Ausbau seiner Anlagen ein neues Kapitel auf.\",\"breadcrumb\":{\"@id\":\"https:\\\/\\\/www.yachtingnews.com\\\/de\\\/ranieri-international-60\\\/#breadcrumb\"},\"inLanguage\":\"de\",\"potentialAction\":[{\"@type\":\"ReadAction\",\"target\":[\"https:\\\/\\\/www.yachtingnews.com\\\/de\\\/ranieri-international-60\\\/\"]}]},{\"@type\":\"ImageObject\",\"inLanguage\":\"de\",\"@id\":\"https:\\\/\\\/www.yachtingnews.com\\\/de\\\/ranieri-international-60\\\/#primaryimage\",\"url\":\"https:\\\/\\\/www.yachtingnews.com\\\/wp-content\\\/uploads\\\/2026\\\/07\\\/ranieri-international-novita.jpg\",\"contentUrl\":\"https:\\\/\\\/www.yachtingnews.com\\\/wp-content\\\/uploads\\\/2026\\\/07\\\/ranieri-international-novita.jpg\",\"width\":1400,\"height\":787,\"caption\":\"Ranieri International\"},{\"@type\":\"BreadcrumbList\",\"@id\":\"https:\\\/\\\/www.yachtingnews.com\\\/de\\\/ranieri-international-60\\\/#breadcrumb\",\"itemListElement\":[{\"@type\":\"ListItem\",\"position\":1,\"name\":\"Home\",\"item\":\"https:\\\/\\\/www.yachtingnews.com\\\/de\\\/yachting-news-2\\\/\"},{\"@type\":\"ListItem\",\"position\":2,\"name\":\"Ranieri International feiert sein 60-j\u00e4hriges Jubil\u00e4um mit der Einf\u00fchrung von drei neuen Modellen und der Marke Vertex Yachts\"}]},{\"@type\":\"WebSite\",\"@id\":\"https:\\\/\\\/www.yachtingnews.com\\\/de\\\/#website\",\"url\":\"https:\\\/\\\/www.yachtingnews.com\\\/de\\\/\",\"name\":\"Yachting News\",\"description\":\"The International Yachting Media\",\"publisher\":{\"@id\":\"https:\\\/\\\/www.yachtingnews.com\\\/de\\\/#organization\"},\"potentialAction\":[{\"@type\":\"SearchAction\",\"target\":{\"@type\":\"EntryPoint\",\"urlTemplate\":\"https:\\\/\\\/www.yachtingnews.com\\\/de\\\/?s={search_term_string}\"},\"query-input\":{\"@type\":\"PropertyValueSpecification\",\"valueRequired\":true,\"valueName\":\"search_term_string\"}}],\"inLanguage\":\"de\"},{\"@type\":\"Organization\",\"@id\":\"https:\\\/\\\/www.yachtingnews.com\\\/de\\\/#organization\",\"name\":\"Yachting News\",\"url\":\"https:\\\/\\\/www.yachtingnews.com\\\/de\\\/\",\"logo\":{\"@type\":\"ImageObject\",\"inLanguage\":\"de\",\"@id\":\"https:\\\/\\\/www.yachtingnews.com\\\/de\\\/#\\\/schema\\\/logo\\\/image\\\/\",\"url\":\"https:\\\/\\\/www.yachtingnews.com\\\/wp-content\\\/uploads\\\/2023\\\/02\\\/LOGO-Yachting-NEWS-blu-800.png\",\"contentUrl\":\"https:\\\/\\\/www.yachtingnews.com\\\/wp-content\\\/uploads\\\/2023\\\/02\\\/LOGO-Yachting-NEWS-blu-800.png\",\"width\":790,\"height\":99,\"caption\":\"Yachting News\"},\"image\":{\"@id\":\"https:\\\/\\\/www.yachtingnews.com\\\/de\\\/#\\\/schema\\\/logo\\\/image\\\/\"},\"sameAs\":[\"https:\\\/\\\/www.facebook.com\\\/TheInternationalYachtingMedia\",\"https:\\\/\\\/x.com\\\/YachtingMedia\",\"https:\\\/\\\/www.instagram.com\\\/yachting.news\\\/\",\"https:\\\/\\\/www.linkedin.com\\\/company\\\/the-international-yachting-media\",\"https:\\\/\\\/www.youtube.com\\\/c\\\/TheInternationalYachtingMedia\"]},{\"@type\":\"Person\",\"@id\":\"https:\\\/\\\/www.yachtingnews.com\\\/de\\\/#\\\/schema\\\/person\\\/d2e99eb1c7ce9e28a78d15e3d5d68eb3\",\"name\":\"Alessandro Giuzio\",\"image\":{\"@type\":\"ImageObject\",\"inLanguage\":\"de\",\"@id\":\"https:\\\/\\\/www.yachtingnews.com\\\/wp-content\\\/litespeed\\\/avatar\\\/a99e5f8da4fc551fb53eb9f1fec61fb4.jpg?ver=1788189881\",\"url\":\"https:\\\/\\\/www.yachtingnews.com\\\/wp-content\\\/litespeed\\\/avatar\\\/a99e5f8da4fc551fb53eb9f1fec61fb4.jpg?ver=1788189881\",\"contentUrl\":\"https:\\\/\\\/www.yachtingnews.com\\\/wp-content\\\/litespeed\\\/avatar\\\/a99e5f8da4fc551fb53eb9f1fec61fb4.jpg?ver=1788189881\",\"caption\":\"Alessandro Giuzio\"},\"description\":\"Alessandro is a professional journalist and contributes to The International Yachting Media since 2022. He is an expert on the sea and of course on boats.\",\"url\":\"https:\\\/\\\/www.yachtingnews.com\\\/de\\\/author\\\/alexgiuzio\\\/\"}]}<\/script>\n<!-- \/ Yoast SEO plugin. -->","yoast_head_json":{"title":"Ranieri International feiert sein 60-j\u00e4hriges Jubil\u00e4um - Yachting News","description":"Ranieri International schl\u00e4gt mit der Einf\u00fchrung einer neuen Marke, drei neuen Booten und dem Ausbau seiner Anlagen ein neues Kapitel auf.","robots":{"index":"index","follow":"follow","max-snippet":"max-snippet:-1","max-image-preview":"max-image-preview:large","max-video-preview":"max-video-preview:-1"},"canonical":"https:\/\/www.yachtingnews.com\/de\/ranieri-international-60\/","og_locale":"de_DE","og_type":"article","og_title":"Ranieri International feiert sein 60-j\u00e4hriges Jubil\u00e4um - Yachting News","og_description":"Ranieri International schl\u00e4gt mit der Einf\u00fchrung einer neuen Marke, drei neuen Booten und dem Ausbau seiner Anlagen ein neues Kapitel auf.","og_url":"https:\/\/www.yachtingnews.com\/de\/ranieri-international-60\/","og_site_name":"Yachting News","article_publisher":"https:\/\/www.facebook.com\/TheInternationalYachtingMedia","article_published_time":"2026-07-20T01:00:00+00:00","article_modified_time":"2026-07-20T01:01:15+00:00","og_image":[{"width":1400,"height":787,"url":"https:\/\/www.yachtingnews.com\/wp-content\/uploads\/2026\/07\/ranieri-international-novita.jpg","type":"image\/jpeg"}],"author":"Alessandro Giuzio","twitter_card":"summary_large_image","twitter_creator":"@YachtingMedia","twitter_site":"@YachtingMedia","twitter_misc":{"Verfasst von":"Alessandro Giuzio","Gesch\u00e4tzte Lesezeit":"10\u00a0Minuten"},"schema":{"@context":"https:\/\/schema.org","@graph":[{"@type":"Article","@id":"https:\/\/www.yachtingnews.com\/de\/ranieri-international-60\/#article","isPartOf":{"@id":"https:\/\/www.yachtingnews.com\/de\/ranieri-international-60\/"},"author":{"name":"Alessandro Giuzio","@id":"https:\/\/www.yachtingnews.com\/de\/#\/schema\/person\/d2e99eb1c7ce9e28a78d15e3d5d68eb3"},"headline":"Ranieri International feiert sein 60-j\u00e4hriges Jubil\u00e4um mit der Einf\u00fchrung von drei neuen Modellen und der Marke Vertex Yachts","datePublished":"2026-07-20T01:00:00+00:00","dateModified":"2026-07-20T01:01:15+00:00","mainEntityOfPage":{"@id":"https:\/\/www.yachtingnews.com\/de\/ranieri-international-60\/"},"wordCount":1982,"commentCount":0,"publisher":{"@id":"https:\/\/www.yachtingnews.com\/de\/#organization"},"image":{"@id":"https:\/\/www.yachtingnews.com\/de\/ranieri-international-60\/#primaryimage"},"thumbnailUrl":"https:\/\/www.yachtingnews.com\/wp-content\/uploads\/2026\/07\/ranieri-international-novita.jpg","keywords":["Ranieri International"],"articleSection":["MOTORBOOTE","Nachrichten","Schlauchboote und Rippen"],"inLanguage":"de","potentialAction":[{"@type":"CommentAction","name":"Comment","target":["https:\/\/www.yachtingnews.com\/de\/ranieri-international-60\/#respond"]}]},{"@type":"WebPage","@id":"https:\/\/www.yachtingnews.com\/de\/ranieri-international-60\/","url":"https:\/\/www.yachtingnews.com\/de\/ranieri-international-60\/","name":"Ranieri International feiert sein 60-j\u00e4hriges Jubil\u00e4um - Yachting News","isPartOf":{"@id":"https:\/\/www.yachtingnews.com\/de\/#website"},"primaryImageOfPage":{"@id":"https:\/\/www.yachtingnews.com\/de\/ranieri-international-60\/#primaryimage"},"image":{"@id":"https:\/\/www.yachtingnews.com\/de\/ranieri-international-60\/#primaryimage"},"thumbnailUrl":"https:\/\/www.yachtingnews.com\/wp-content\/uploads\/2026\/07\/ranieri-international-novita.jpg","datePublished":"2026-07-20T01:00:00+00:00","dateModified":"2026-07-20T01:01:15+00:00","description":"Ranieri International schl\u00e4gt mit der Einf\u00fchrung einer neuen Marke, drei neuen Booten und dem Ausbau seiner Anlagen ein neues Kapitel auf.","breadcrumb":{"@id":"https:\/\/www.yachtingnews.com\/de\/ranieri-international-60\/#breadcrumb"},"inLanguage":"de","potentialAction":[{"@type":"ReadAction","target":["https:\/\/www.yachtingnews.com\/de\/ranieri-international-60\/"]}]},{"@type":"ImageObject","inLanguage":"de","@id":"https:\/\/www.yachtingnews.com\/de\/ranieri-international-60\/#primaryimage","url":"https:\/\/www.yachtingnews.com\/wp-content\/uploads\/2026\/07\/ranieri-international-novita.jpg","contentUrl":"https:\/\/www.yachtingnews.com\/wp-content\/uploads\/2026\/07\/ranieri-international-novita.jpg","width":1400,"height":787,"caption":"Ranieri International"},{"@type":"BreadcrumbList","@id":"https:\/\/www.yachtingnews.com\/de\/ranieri-international-60\/#breadcrumb","itemListElement":[{"@type":"ListItem","position":1,"name":"Home","item":"https:\/\/www.yachtingnews.com\/de\/yachting-news-2\/"},{"@type":"ListItem","position":2,"name":"Ranieri International feiert sein 60-j\u00e4hriges Jubil\u00e4um mit der Einf\u00fchrung von drei neuen Modellen und der Marke Vertex Yachts"}]},{"@type":"WebSite","@id":"https:\/\/www.yachtingnews.com\/de\/#website","url":"https:\/\/www.yachtingnews.com\/de\/","name":"Yachting News","description":"The International Yachting Media","publisher":{"@id":"https:\/\/www.yachtingnews.com\/de\/#organization"},"potentialAction":[{"@type":"SearchAction","target":{"@type":"EntryPoint","urlTemplate":"https:\/\/www.yachtingnews.com\/de\/?s={search_term_string}"},"query-input":{"@type":"PropertyValueSpecification","valueRequired":true,"valueName":"search_term_string"}}],"inLanguage":"de"},{"@type":"Organization","@id":"https:\/\/www.yachtingnews.com\/de\/#organization","name":"Yachting News","url":"https:\/\/www.yachtingnews.com\/de\/","logo":{"@type":"ImageObject","inLanguage":"de","@id":"https:\/\/www.yachtingnews.com\/de\/#\/schema\/logo\/image\/","url":"https:\/\/www.yachtingnews.com\/wp-content\/uploads\/2023\/02\/LOGO-Yachting-NEWS-blu-800.png","contentUrl":"https:\/\/www.yachtingnews.com\/wp-content\/uploads\/2023\/02\/LOGO-Yachting-NEWS-blu-800.png","width":790,"height":99,"caption":"Yachting News"},"image":{"@id":"https:\/\/www.yachtingnews.com\/de\/#\/schema\/logo\/image\/"},"sameAs":["https:\/\/www.facebook.com\/TheInternationalYachtingMedia","https:\/\/x.com\/YachtingMedia","https:\/\/www.instagram.com\/yachting.news\/","https:\/\/www.linkedin.com\/company\/the-international-yachting-media","https:\/\/www.youtube.com\/c\/TheInternationalYachtingMedia"]},{"@type":"Person","@id":"https:\/\/www.yachtingnews.com\/de\/#\/schema\/person\/d2e99eb1c7ce9e28a78d15e3d5d68eb3","name":"Alessandro Giuzio","image":{"@type":"ImageObject","inLanguage":"de","@id":"https:\/\/www.yachtingnews.com\/wp-content\/litespeed\/avatar\/a99e5f8da4fc551fb53eb9f1fec61fb4.jpg?ver=1788189881","url":"https:\/\/www.yachtingnews.com\/wp-content\/litespeed\/avatar\/a99e5f8da4fc551fb53eb9f1fec61fb4.jpg?ver=1788189881","contentUrl":"https:\/\/www.yachtingnews.com\/wp-content\/litespeed\/avatar\/a99e5f8da4fc551fb53eb9f1fec61fb4.jpg?ver=1788189881","caption":"Alessandro Giuzio"},"description":"Alessandro is a professional journalist and contributes to The International Yachting Media since 2022. He is an expert on the sea and of course on boats.","url":"https:\/\/www.yachtingnews.com\/de\/author\/alexgiuzio\/"}]}},"_links":{"self":[{"href":"https:\/\/www.yachtingnews.com\/de\/wp-json\/wp\/v2\/posts\/170843","targetHints":{"allow":["GET"]}}],"collection":[{"href":"https:\/\/www.yachtingnews.com\/de\/wp-json\/wp\/v2\/posts"}],"about":[{"href":"https:\/\/www.yachtingnews.com\/de\/wp-json\/wp\/v2\/types\/post"}],"author":[{"embeddable":true,"href":"https:\/\/www.yachtingnews.com\/de\/wp-json\/wp\/v2\/users\/45"}],"replies":[{"embeddable":true,"href":"https:\/\/www.yachtingnews.com\/de\/wp-json\/wp\/v2\/comments?post=170843"}],"version-history":[{"count":0,"href":"https:\/\/www.yachtingnews.com\/de\/wp-json\/wp\/v2\/posts\/170843\/revisions"}],"wp:featuredmedia":[{"embeddable":true,"href":"https:\/\/www.yachtingnews.com\/de\/wp-json\/wp\/v2\/media\/170844"}],"wp:attachment":[{"href":"https:\/\/www.yachtingnews.com\/de\/wp-json\/wp\/v2\/media?parent=170843"}],"wp:term":[{"taxonomy":"category","embeddable":true,"href":"https:\/\/www.yachtingnews.com\/de\/wp-json\/wp\/v2\/categories?post=170843"},{"taxonomy":"post_tag","embeddable":true,"href":"https:\/\/www.yachtingnews.com\/de\/wp-json\/wp\/v2\/tags?post=170843"}],"curies":[{"name":"wp","href":"https:\/\/api.w.org\/{rel}","templated":true}]}}