{"id":172225,"date":"2026-08-30T18:30:05","date_gmt":"2026-08-30T17:30:05","guid":{"rendered":"https:\/\/www.yachtingnews.com\/prestige-cannes-2026\/"},"modified":"2026-08-31T18:32:04","modified_gmt":"2026-08-31T17:32:04","slug":"prestige-cannes-2026","status":"publish","type":"post","link":"https:\/\/www.yachtingnews.com\/de\/prestige-cannes-2026\/","title":{"rendered":"PRESTIGE in Cannes 2026: Drei Weltpremieren bei einer einzigen Veranstaltung"},"content":{"rendered":"\t\t<div data-elementor-type=\"wp-post\" data-elementor-id=\"172225\" class=\"elementor elementor-172225 elementor-172193\" data-elementor-post-type=\"post\">\n\t\t\t\t\t\t<section class=\"elementor-section elementor-top-section elementor-element elementor-element-ac37bb6 elementor-section-boxed elementor-section-height-default elementor-section-height-default\" data-id=\"ac37bb6\" data-element_type=\"section\" data-e-type=\"section\">\n\t\t\t\t\t\t<div class=\"elementor-container elementor-column-gap-default\">\n\t\t\t\t\t<div class=\"elementor-column elementor-col-100 elementor-top-column elementor-element elementor-element-190cb41\" data-id=\"190cb41\" data-element_type=\"column\" data-e-type=\"column\">\n\t\t\t<div class=\"elementor-widget-wrap elementor-element-populated\">\n\t\t\t\t\t\t<div class=\"elementor-element elementor-element-4ad5bb6 elementor-widget elementor-widget-text-editor\" data-id=\"4ad5bb6\" data-element_type=\"widget\" data-e-type=\"widget\" data-widget_type=\"text-editor.default\">\n\t\t\t\t<div class=\"elementor-widget-container\">\n\t\t\t\t\t\t\t\t\t<p><span style=\"font-weight: 400;\">Das Jahr <\/span><b>2026<\/b><span style=\"font-weight: 400;\"> ist ein besonders bedeutender Meilenstein in der Geschichte von <\/span><b>PRESTIGE<\/b><span style=\"font-weight: 400;\">. Beim <\/span><b>Cannes Yachting Festival<\/b><span style=\"font-weight: 400;\">, das vom <\/span><b>8. bis 13. September<\/b><span style=\"font-weight: 400;\">, pr\u00e4sentiert die franz\u00f6sische Werft nicht weniger als <\/span><b>drei<\/b><span style=\"font-weight: 400;\"> neue Modelle als Weltpremieren: <\/span><b>F6.7<\/b><span style=\"font-weight: 400;\">, <\/span><b>M6<\/b><span style=\"font-weight: 400;\">und <\/span> <b>M8 EVO<\/b><span style=\"font-weight: 400;\">. Eine gemeinsame Premiere im Rahmen einer einzigen Veranstaltung, die deutlich die Ausrichtung der Marke verdeutlicht: eine ausgewogene Mischung aus Designentwicklung, Fokus auf das Leben an Bord und neuen Interpretationen der Yacht als Zuhause auf dem Meer. Das sind <\/span><b>drei<\/b><span style=\"font-weight: 400;\"> Yachten, die sich in Architektur und Designphilosophie unterscheiden, aber durch ein gemeinsames Ziel vereint sind: Komfort, Helligkeit, flexible Raumnutzung und die Verbindung zum Meer stehen dabei im Mittelpunkt.<\/span><\/p><h2><b>PRESTIGE F6.7: Das neue Flaggschiff der F-Linie<\/b><\/h2><p><b>PRESTIGE F6.7<\/b><span style=\"font-weight: 400;\"> steht an der Spitze der neuen Generation der <\/span><b>F-Line<\/b><span style=\"font-weight: 400;\">. Nach der Erneuerung der Modellreihe mit dem <\/span><b>F4.3<\/b><span style=\"font-weight: 400;\">, <\/span><b>F4.9<\/b><span style=\"font-weight: 400;\">und <\/span><b>F5.7<\/b><span style=\"font-weight: 400;\">, <\/span><b>PRESTIGE YACHTS<\/b><span style=\"font-weight: 400;\"> treibt seine Designsprache in Richtung \u00fcberragender Dimensionen und eines noch h\u00f6heren Ma\u00dfes an Raffinesse voran und bietet eine Yacht f\u00fcr alle, die das Leben an Bord als Erweiterung ihres Lebensstils betrachten.<\/span><\/p><p><img decoding=\"async\" class=\"aligncenter size-full wp-image-172196\" src=\"https:\/\/www.yachtingnews.com\/wp-content\/uploads\/2026\/08\/prestige-f67.jpg\" alt=\"PRESTIGE f6.7\" width=\"928\" height=\"561\" srcset=\"https:\/\/www.yachtingnews.com\/wp-content\/uploads\/2026\/08\/prestige-f67.jpg 928w, https:\/\/www.yachtingnews.com\/wp-content\/uploads\/2026\/08\/prestige-f67-300x181.jpg 300w, https:\/\/www.yachtingnews.com\/wp-content\/uploads\/2026\/08\/prestige-f67-768x464.jpg 768w\" sizes=\"(max-width: 928px) 100vw, 928px\" \/><\/p><p><span style=\"font-weight: 400;\">\u201eIn den letzten Jahren, <\/span><b>PRESTIGE<\/b><span style=\"font-weight: 400;\"> den <\/span><b>F4.3<\/b><span style=\"font-weight: 400;\">, <\/span><b>F4.9<\/b><span style=\"font-weight: 400;\">und <\/span><b>F5.7<\/b><span style=\"font-weight: 400;\"> Modelle. Mit der Einf\u00fchrung des <\/span><b>F6.7<\/b><span style=\"font-weight: 400;\">vervollst\u00e4ndigt die Werft die neue Generation der <\/span><b>F-Line<\/b><span style=\"font-weight: 400;\">und bietet nun eine komplett \u00fcberarbeitete und einheitliche flybridge-Baureihe an\u201c, erkl\u00e4rt <\/span><b>Jean-Fran\u00e7ois Lair<\/b><span style=\"font-weight: 400;\">, Brand Director von <\/span> <b>PRESTIGE<\/b><span style=\"font-weight: 400;\">. \u201e<\/span><b>F6.7<\/b><span style=\"font-weight: 400;\"> erf\u00fcllt zudem die sich wandelnden Erwartungen moderner Eigner, die mehr als nur Leistung oder Platz suchen: Sie wollen eine Yacht, die ihren Lebensstil widerspiegelt und Komfort, Flexibilit\u00e4t sowie ein echtes Zuhause auf dem Meer bietet.\u201c<\/span><\/p><p><span style=\"font-weight: 400;\">Mit <\/span><b>170 m\u00b2<\/b><span style=\"font-weight: 400;\"> Wohnfl\u00e4che ist das <\/span><b>F6.7<\/b><span style=\"font-weight: 400;\"> das Raumkonzept durch eine nahezu l\u00fcckenlose Verbindung zwischen Innen- und Au\u00dfenbereich weiter. Die neuen, vergr\u00f6\u00dferten Rumpffenster betonen die Helligkeit und den Blick auf das Meer, w\u00e4hrend die von der Bewegung des Wassers inspirierten Au\u00dfenlinien der Yacht ein elegantes und modernes Profil verleihen.<\/span><\/p><p><img decoding=\"async\" class=\"aligncenter size-full wp-image-172197\" src=\"https:\/\/www.yachtingnews.com\/wp-content\/uploads\/2026\/08\/prestige-f67-1.jpg\" alt=\"Prestige\" width=\"973\" height=\"547\" srcset=\"https:\/\/www.yachtingnews.com\/wp-content\/uploads\/2026\/08\/prestige-f67-1.jpg 973w, https:\/\/www.yachtingnews.com\/wp-content\/uploads\/2026\/08\/prestige-f67-1-300x169.jpg 300w, https:\/\/www.yachtingnews.com\/wp-content\/uploads\/2026\/08\/prestige-f67-1-768x432.jpg 768w\" sizes=\"(max-width: 973px) 100vw, 973px\" \/><\/p><p><span style=\"font-weight: 400;\">\u00ab<\/span><b>F6.7<\/b><span style=\"font-weight: 400;\"> steht f\u00fcr die herausragende Leistung der Marke bei der Entwicklung intuitiver und raffinierter Yachten \u2013 das Ergebnis jahrelanger Erfahrung und Fachkompetenz von <\/span><b>PRESTIGE<\/b><span style=\"font-weight: 400;\">\u201c, betont <\/span><b>Cl\u00e9mence Cessou<\/b><span style=\"font-weight: 400;\">, Marketingleiterin der Werft. \u201eMit ihren <\/span><b>170 Quadratmeter<\/b><span style=\"font-weight: 400;\"> Wohnfl\u00e4che bieten modulare Grundrisse, flie\u00dfende Bewegungsabl\u00e4ufe und eine nahtlose Verbindung zum Meer, was ein wirklich intuitives Wohnerlebnis an Bord schafft. Die Au\u00dfenbereiche wurden so gestaltet, dass sie vielseitig nutzbar sind und es den G\u00e4sten erm\u00f6glichen, das Meer zu jeder Tageszeit zu genie\u00dfen. Im Inneren erwartet den Eigner eine raffinierte Atmosph\u00e4re und der au\u00dfergew\u00f6hnliche Komfort eines echten Zuhauses auf dem Wasser.\u201c<\/span><\/p><h3><b>Eine flybridge als Panoramaterrasse<\/b><\/h3><p><span style=\"font-weight: 400;\">Die <\/span><b>26 m\u00b2<\/b><span style=\"font-weight: 400;\"> Flybridge ist als echte Panoramaterrasse konzipiert. Der modulare Aufbau erm\u00f6glicht dank eines gro\u00dfen Loungebereichs, einer Essecke, einer Au\u00dfenk\u00fcche und verschiedener Gestaltungsm\u00f6glichkeiten im Heckbereich den Wechsel zwischen geselligen Momenten und Entspannung.<\/span><\/p><p><img decoding=\"async\" class=\"aligncenter size-full wp-image-172198\" src=\"https:\/\/www.yachtingnews.com\/wp-content\/uploads\/2026\/08\/prestige-f67-flybridge.jpg\" alt=\"Prestige F67 flybridge\" width=\"972\" height=\"648\" srcset=\"https:\/\/www.yachtingnews.com\/wp-content\/uploads\/2026\/08\/prestige-f67-flybridge.jpg 972w, https:\/\/www.yachtingnews.com\/wp-content\/uploads\/2026\/08\/prestige-f67-flybridge-300x200.jpg 300w, https:\/\/www.yachtingnews.com\/wp-content\/uploads\/2026\/08\/prestige-f67-flybridge-768x512.jpg 768w\" sizes=\"(max-width: 972px) 100vw, 972px\" \/><\/p><p><span style=\"font-weight: 400;\">Auch der Vordeckbereich spielt eine zentrale Rolle. Hier <\/span><b>PRESTIGE<\/b><span style=\"font-weight: 400;\"> eine Lounge geschaffen, die ganz der Entspannung gewidmet ist \u2013 mit einer gro\u00dfen Sonnenliege, einer Sonnenmarkise und gegen\u00fcberliegenden Sitzgelegenheiten. Eine Umgebung, die jeden Moment des Tages begleitet, vom Fr\u00fchst\u00fcck \u00fcber die Fahrt bis hin zum Sonnenuntergang.<\/span><\/p><p><span style=\"font-weight: 400;\">Im Heck erstreckt sich das Cockpit \u00fcber <\/span><b>zwei<\/b><span style=\"font-weight: 400;\"> Ebenen und wird zu einer echten Terrasse auf dem Meer. Die gro\u00dfe Sonnenliege auf Wasserh\u00f6he verbirgt ger\u00e4umige Stauf\u00e4cher f\u00fcr Wasserspielzeug, w\u00e4hrend die obere Terrasse einen gesch\u00fctzten Essbereich beherbergt. Alternativ l\u00e4sst sich der Bereich auch als echter Beach-Club gestalten.<\/span><\/p> <h3><b>Die Komb\u00fcse \u2013 das Herzst\u00fcck des Lebens an Bord<\/b><\/h3><p><span style=\"font-weight: 400;\">Auf dem Hauptdeck, das <\/span><b>83 m\u00b2<\/b><span style=\"font-weight: 400;\">bietet, \u00fcbernimmt die Komb\u00fcse eine ganz neue Rolle. Die zentrale Kochinsel, das Herzst\u00fcck der Geselligkeit, ist von gro\u00dfen Glas\u00f6ffnungen umgeben, die den Salon, den Essbereich und das Cockpit miteinander verbinden. Eine alternative Anordnung mit einer Bank an Backbord und einem Klapptisch ist ebenfalls m\u00f6glich, um die R\u00e4ume an die Bed\u00fcrfnisse des Eigners anzupassen.<\/span><\/p><p><img decoding=\"async\" class=\"aligncenter size-full wp-image-172199\" src=\"https:\/\/www.yachtingnews.com\/wp-content\/uploads\/2026\/08\/5aa91c29-5cfb-4dad-bff0-4c6ff39410f3.jpg\" alt=\"\" width=\"970\" height=\"560\" srcset=\"https:\/\/www.yachtingnews.com\/wp-content\/uploads\/2026\/08\/5aa91c29-5cfb-4dad-bff0-4c6ff39410f3.jpg 970w, https:\/\/www.yachtingnews.com\/wp-content\/uploads\/2026\/08\/5aa91c29-5cfb-4dad-bff0-4c6ff39410f3-300x173.jpg 300w, https:\/\/www.yachtingnews.com\/wp-content\/uploads\/2026\/08\/5aa91c29-5cfb-4dad-bff0-4c6ff39410f3-768x443.jpg 768w\" sizes=\"(max-width: 970px) 100vw, 970px\" \/><\/p><p><span style=\"font-weight: 400;\">Das Unterdeck ist ganz der Privatsph\u00e4re gewidmet. Die Standardausstattung bietet <\/span><b>drei<\/b><span style=\"font-weight: 400;\"> Kabinen, mit der Option auf eine <\/span><b>vierten<\/b><span style=\"font-weight: 400;\">, in denen bis zu <\/span><b>acht<\/b><span style=\"font-weight: 400;\"> G\u00e4ste. Die <\/span><b>20 m\u00b2<\/b><span style=\"font-weight: 400;\"> Eignersuite befindet sich im vorderen Bereich und verf\u00fcgt \u00fcber einen stufenlosen privaten Zugang, gro\u00dfe Panoramafenster und ein eigenes Bad. Die Crew-Kabine f\u00fcr <\/span><b>zwei<\/b><span style=\"font-weight: 400;\"> Personen verf\u00fcgt \u00fcber einen separaten Au\u00dfenzugang und eine direkte Verbindung zum Maschinenraum. Nat\u00fcrliche Materialien, sanfte Farbt\u00f6ne, Rattan, Samt und edle Oberfl\u00e4chen tragen dazu bei, eine Atmosph\u00e4re von dezentem, fast fl\u00fcsterndem Luxus zu schaffen.<\/span><\/p><p><img decoding=\"async\" class=\"aligncenter size-full wp-image-172200\" src=\"https:\/\/www.yachtingnews.com\/wp-content\/uploads\/2026\/08\/prestige-f67-2.jpg\" alt=\"\" width=\"972\" height=\"456\" srcset=\"https:\/\/www.yachtingnews.com\/wp-content\/uploads\/2026\/08\/prestige-f67-2.jpg 972w, https:\/\/www.yachtingnews.com\/wp-content\/uploads\/2026\/08\/prestige-f67-2-300x141.jpg 300w, https:\/\/www.yachtingnews.com\/wp-content\/uploads\/2026\/08\/prestige-f67-2-768x360.jpg 768w\" sizes=\"(max-width: 972px) 100vw, 972px\" \/><\/p><p><span style=\"font-weight: 400;\">Was die Technik angeht, kann die Yacht mit <\/span><b>Silent-Modus<\/b><span style=\"font-weight: 400;\">ausgestattet werden, w\u00e4hrend die <\/span><b>SEANAPPS-System<\/b><span style=\"font-weight: 400;\"> die Fern\u00fcberwachung und -steuerung der Bordsysteme. Das <\/span><b>Garmin<\/b><span style=\"font-weight: 400;\"> Suite vereint Navigation, \u00dcberwachung und Man\u00f6vrierung in einer intuitiven Benutzeroberfl\u00e4che.<\/span><\/p><h2><b>PRESTIGE M6: Das Zuhause auf dem Meer im Mehrrumpf-Format<\/b><\/h2><p><span style=\"font-weight: 400;\">Das <\/span><b>zweite<\/b><span style=\"font-weight: 400;\"> Weltpremiere von <\/span><b>PRESTIGE<\/b><span style=\"font-weight: 400;\"> in <\/span><b>Cannes<\/b><span style=\"font-weight: 400;\"> ist die <\/span><b>M6<\/b><span style=\"font-weight: 400;\"> Yacht, eine logische Weiterentwicklung der <\/span><b>M48<\/b><span style=\"font-weight: 400;\"> , die im <\/span><b>2022<\/b><span style=\"font-weight: 400;\"> den Einstieg der Werft in das Segment der Motor-Mehrrumpfboote markierte. Das neue Modell basiert direkt auf den Erfahrungen, die mit der <\/span><b>M48<\/b><span style=\"font-weight: 400;\"> Eigent\u00fcmern, wobei deren R\u00fcckmeldungen und Vorschl\u00e4ge nach langen Zeitr\u00e4umen an Bord ber\u00fccksichtigt wurden.<\/span><\/p><p><img decoding=\"async\" class=\"aligncenter size-full wp-image-172202\" src=\"https:\/\/www.yachtingnews.com\/wp-content\/uploads\/2026\/08\/prestige-m6.jpg\" alt=\"PRESTIGE Cannes M6\" width=\"782\" height=\"537\" srcset=\"https:\/\/www.yachtingnews.com\/wp-content\/uploads\/2026\/08\/prestige-m6.jpg 782w, https:\/\/www.yachtingnews.com\/wp-content\/uploads\/2026\/08\/prestige-m6-300x206.jpg 300w, https:\/\/www.yachtingnews.com\/wp-content\/uploads\/2026\/08\/prestige-m6-768x527.jpg 768w\" sizes=\"(max-width: 782px) 100vw, 782px\" \/><\/p><p><span style=\"font-weight: 400;\">Bei <\/span><b>48 Fu\u00df<\/b><span style=\"font-weight: 400;\">ist der <\/span><b>M6<\/b><span style=\"font-weight: 400;\"> bietet <\/span><b>110 m\u00b2<\/b><span style=\"font-weight: 400;\"> Wohnfl\u00e4che und vermittelt ein Raumgef\u00fchl, das mit dem einer Yacht von etwa <\/span><b>60 Fu\u00df<\/b><span style=\"font-weight: 400;\">. Doch die Abmessungen stehen nicht im Mittelpunkt des Projekts. <\/span><b>M6<\/b><span style=\"font-weight: 400;\"> wurde f\u00fcr l\u00e4ngere Aufenthalte an Bord konzipiert, wobei besonderes Augenmerk auf famili\u00e4res Beisammensein, Stauraum und Bewegungsfreiheit gelegt wurde.<\/span><\/p><p><span style=\"font-weight: 400;\">Die Komb\u00fcse, die auf der <\/span><b>M48<\/b><span style=\"font-weight: 400;\">, nimmt nach wie vor eine zentrale Rolle im Bordleben ein. Staur\u00e4ume wurden praktisch \u00fcberall integriert, auch unter den Sitzgelegenheiten, was die Funktionalit\u00e4t erh\u00f6ht, ohne die \u00c4sthetik der R\u00e4ume zu beeintr\u00e4chtigen.<\/span><\/p><p><img decoding=\"async\" class=\"aligncenter size-full wp-image-172203\" src=\"https:\/\/www.yachtingnews.com\/wp-content\/uploads\/2026\/08\/cf5ce538-55e2-4095-875c-75c0abe2323f.jpg\" alt=\"\" width=\"880\" height=\"540\" srcset=\"https:\/\/www.yachtingnews.com\/wp-content\/uploads\/2026\/08\/cf5ce538-55e2-4095-875c-75c0abe2323f.jpg 880w, https:\/\/www.yachtingnews.com\/wp-content\/uploads\/2026\/08\/cf5ce538-55e2-4095-875c-75c0abe2323f-300x184.jpg 300w, https:\/\/www.yachtingnews.com\/wp-content\/uploads\/2026\/08\/cf5ce538-55e2-4095-875c-75c0abe2323f-768x471.jpg 768w\" sizes=\"(max-width: 880px) 100vw, 880px\" \/><\/p><p><b>M6<\/b><span style=\"font-weight: 400;\"> beh\u00e4lt den bew\u00e4hrten Rumpf des <\/span><b>M48<\/b><span style=\"font-weight: 400;\">bei, verleiht ihm jedoch eine komplett \u00fcberarbeitete Silhouette. Neue Au\u00dfenlinien, eine integrierte Windschutzscheibe, neu gestaltete Kotfl\u00fcgel und eine neue Dachlinie sorgen f\u00fcr ein klareres, moderneres Profil. Das Stahl-Typenschild mit dem <\/span><b>M6<\/b><span style=\"font-weight: 400;\"> wird zu einem markanten Merkmal, w\u00e4hrend die flybridge, die Pulpits und die Gel\u00e4nder im Sinne von <\/span><b>PRESTIGE<\/b><span style=\"font-weight: 400;\">gestaltet.<\/span><\/p><p><span style=\"font-weight: 400;\">Die <\/span><b>18 m\u00b2<\/b><span style=\"font-weight: 400;\"> Flybridge ist eine Panoramaterrasse, die ganz der Entspannung gewidmet ist. Die Sonnenliegen verf\u00fcgen \u00fcber integrierte Stauf\u00e4cher, w\u00e4hrend freistehende, modulare M\u00f6bel den Raum optisch auflockern. Abgerundete Formen und sanfte Farbt\u00f6ne sorgen f\u00fcr eine gem\u00fctliche Atmosph\u00e4re \u2013 ideal f\u00fcr lange Ankeraufenthalte und gesellige Abende.<\/span><\/p><p><img decoding=\"async\" class=\"aligncenter size-full wp-image-172204\" src=\"https:\/\/www.yachtingnews.com\/wp-content\/uploads\/2026\/08\/prestige-cannes-m6-flybridge.jpg\" alt=\"PRESTIGE Cannes\" width=\"882\" height=\"535\" srcset=\"https:\/\/www.yachtingnews.com\/wp-content\/uploads\/2026\/08\/prestige-cannes-m6-flybridge.jpg 882w, https:\/\/www.yachtingnews.com\/wp-content\/uploads\/2026\/08\/prestige-cannes-m6-flybridge-300x182.jpg 300w, https:\/\/www.yachtingnews.com\/wp-content\/uploads\/2026\/08\/prestige-cannes-m6-flybridge-768x466.jpg 768w\" sizes=\"(max-width: 882px) 100vw, 882px\" \/><\/p><h3><b>Helle Innenr\u00e4ume, konzipiert f\u00fcr lange Kreuzfahrten<\/b><\/h3><p><span style=\"font-weight: 400;\">Auf dem Hauptdeck f\u00e4llt nat\u00fcrliches Licht durch gro\u00dfe Rumpffenster herein, die f\u00fcr Bel\u00fcftung sorgen und die Verbindung zum Meer verst\u00e4rken. Die voll ausgestattete Komb\u00fcse bleibt der Mittelpunkt des Alltags, w\u00e4hrend neue Sofas und eine sanftere Farbpalette die zur\u00fcckhaltende Eleganz des Interieurs unterstreichen.<\/span><\/p><p><span style=\"font-weight: 400;\">Die Eignerkabine wurde komplett neu gestaltet und verf\u00fcgt nun \u00fcber mehr Stauraum sowie integrierte Einrichtungsl\u00f6sungen. Ein Sofa und ein Schreibtisch runden den Raum ab, w\u00e4hrend das eigene Bad eine funktionalere Aufteilung und eine separate Dusche bietet.<\/span><\/p><p><img decoding=\"async\" class=\"aligncenter size-full wp-image-172205\" src=\"https:\/\/www.yachtingnews.com\/wp-content\/uploads\/2026\/08\/cf5ce538-55e2-4095-875c-75c0abe2323f-1.jpg\" alt=\"\" width=\"882\" height=\"535\" srcset=\"https:\/\/www.yachtingnews.com\/wp-content\/uploads\/2026\/08\/cf5ce538-55e2-4095-875c-75c0abe2323f-1.jpg 882w, https:\/\/www.yachtingnews.com\/wp-content\/uploads\/2026\/08\/cf5ce538-55e2-4095-875c-75c0abe2323f-1-300x182.jpg 300w, https:\/\/www.yachtingnews.com\/wp-content\/uploads\/2026\/08\/cf5ce538-55e2-4095-875c-75c0abe2323f-1-768x466.jpg 768w\" sizes=\"(max-width: 882px) 100vw, 882px\" \/><\/p><p><b>M6<\/b><span style=\"font-weight: 400;\"> ist erh\u00e4ltlich mit <\/span><b>drei<\/b><span style=\"font-weight: 400;\"> oder <\/span><b>vier<\/b><span style=\"font-weight: 400;\"> Kabinen und bietet Platz f\u00fcr bis zu <\/span><b>acht<\/b><span style=\"font-weight: 400;\"> G\u00e4ste. Das <\/span><b>Drei-Kabinen-Layout<\/b><span style=\"font-weight: 400;\"> Anordnung ist dank einer optimierten Raumaufteilung besonders f\u00fcr l\u00e4ngere T\u00f6rns zu empfehlen.<\/span><\/p><p><span style=\"font-weight: 400;\">Die Yacht wird angetrieben von <\/span><b>zwei Volvo D6 mit 380 HP<\/b><span style=\"font-weight: 400;\"> mit <\/span><b>V-Drive<\/b><span style=\"font-weight: 400;\"> Getriebe. Die neue Konfiguration sorgt f\u00fcr gute Leistung bei niedrigeren Drehzahlen, was Vorteile in Bezug auf Reichweite, Vibrationen und Ger\u00e4uschpegel mit sich bringt. Das Ergebnis ist eine Yacht, bei der Benutzerfreundlichkeit im Mittelpunkt steht: Jedes Element, von der Raumaufteilung bis hin zu den Staur\u00e4umen, wurde so gestaltet, dass das Leben auf See nat\u00fcrlicher wird.<\/span><\/p><h2><b>PRESTIGE M8 EVO: Das Flaggschiff unter den Mehrrumpfyachten entwickelt sich weiter<\/b><\/h2><p><span style=\"font-weight: 400;\">Und schlie\u00dflich mit dem neuen <\/span><b>M8 EVO<\/b><span style=\"font-weight: 400;\">, <\/span><b>aktualisiert PRESTIGE<\/b><span style=\"font-weight: 400;\"> sein Flaggschiff der <\/span><b>M-Line<\/b><span style=\"font-weight: 400;\"> und treibt die vom <\/span><b>M48<\/b><span style=\"font-weight: 400;\"> eingef\u00fchrte und anschlie\u00dfend mit dem <\/span><b>M7<\/b><span style=\"font-weight: 400;\"> und <\/span><b>M8<\/b><span style=\"font-weight: 400;\">weiterentwickelt. Die Doppelrumpfkonstruktion erm\u00f6glicht eine beachtliche Breite, Stabilit\u00e4t und ein gro\u00dfes Volumen, wie man es normalerweise von gr\u00f6\u00dferen Yachten kennt.<\/span><\/p><p><img decoding=\"async\" class=\"aligncenter size-full wp-image-172206\" src=\"https:\/\/www.yachtingnews.com\/wp-content\/uploads\/2026\/08\/prestige-m8-evo.jpg\" alt=\"PRESTIGE M8\" width=\"779\" height=\"401\" srcset=\"https:\/\/www.yachtingnews.com\/wp-content\/uploads\/2026\/08\/prestige-m8-evo.jpg 779w, https:\/\/www.yachtingnews.com\/wp-content\/uploads\/2026\/08\/prestige-m8-evo-300x154.jpg 300w, https:\/\/www.yachtingnews.com\/wp-content\/uploads\/2026\/08\/prestige-m8-evo-768x395.jpg 768w\" sizes=\"(max-width: 779px) 100vw, 779px\" \/><\/p><p><span style=\"font-weight: 400;\">Das Profil wurde aktualisiert bis <\/span><b>drei<\/b><span style=\"font-weight: 400;\"> Hauptelemente aktualisiert: neue Rumpffenster, eine \u00fcberarbeitete schwarze Verkleidung und ein komplett neu gestaltetes Hardtop. Das Ergebnis ist eine harmonischere und stromlinienf\u00f6rmigere Silhouette, die die Eleganz einer traditionellen Motoryacht mit den Vorteilen einer Mehrrumpf-Plattform verbindet.<\/span><\/p><p><span style=\"font-weight: 400;\">Die Doppelrumpfkonstruktion wurde speziell f\u00fcr eine Motoryacht entwickelt. Die erh\u00f6hte Stabilit\u00e4t, sowohl w\u00e4hrend der Fahrt als auch vor Anker, verringert das Rollen und sorgt f\u00fcr mehr Komfort bei unterschiedlichen Seegangsbedingungen. Die Rumpfoptimierung tr\u00e4gt zudem dazu bei, den Kraftstoffverbrauch und <\/span><b>CO\u2082-Emissionen<\/b><span style=\"font-weight: 400;\"> Emissionen im Vergleich zu einem Einrumpfboot mit gleichem Volumen. Hinzu kommen umweltfreundliche Materialien wie Holz aus verantwortungsvoller Herkunft, pflanzlich gegerbtes Leder und umweltvertr\u00e4gliche Oberfl\u00e4chenbehandlungen.<\/span><\/p><p><img decoding=\"async\" class=\"aligncenter size-full wp-image-172207\" src=\"https:\/\/www.yachtingnews.com\/wp-content\/uploads\/2026\/08\/4988c893-648f-429e-90de-c0cd9dc2931c.jpg\" alt=\"PRESTIGE Cannes\" width=\"882\" height=\"449\" srcset=\"https:\/\/www.yachtingnews.com\/wp-content\/uploads\/2026\/08\/4988c893-648f-429e-90de-c0cd9dc2931c.jpg 882w, https:\/\/www.yachtingnews.com\/wp-content\/uploads\/2026\/08\/4988c893-648f-429e-90de-c0cd9dc2931c-300x153.jpg 300w, https:\/\/www.yachtingnews.com\/wp-content\/uploads\/2026\/08\/4988c893-648f-429e-90de-c0cd9dc2931c-768x391.jpg 768w\" sizes=\"(max-width: 882px) 100vw, 882px\" \/><\/p><p><span style=\"font-weight: 400;\">Das optionale <\/span><b>\u201eSilent Mode\u201c-Paket<\/b><span style=\"font-weight: 400;\"> erm\u00f6glicht in Verbindung mit einem optimierten Energiemanagement und Solarmodulen l\u00e4ngere Aufenthalte vor Anker und reduziert gleichzeitig L\u00e4rm, Vibrationen und direkte Emissionen.<\/span><\/p><h3><b>Eine neue Art, die flybridge zu erleben<\/b><\/h3><p><span style=\"font-weight: 400;\">Die flybridge der<\/span><a href=\"https:\/\/www.yachtingnews.com\/de\/prestige-m8-evo-sea-trial\/\"> M8 EVO<\/a><span style=\"font-weight: 400;\"> wurde komplett neu gestaltet und erstreckt sich nun \u00fcber die gesamte Breite der Yacht. Der Wegfall der Innentreppe und die \u00dcberarbeitung der Hardtop-St\u00fctzen erweitern das Raumgef\u00fchl und sorgen f\u00fcr einen fl\u00fcssigeren \u00dcbergang zwischen den Bereichen. Das Ergebnis ist ein echter Open-Air-Wohnbereich, der in nat\u00fcrliches Licht getaucht ist und einen ungest\u00f6rten Panoramablick bietet. Der hintere Bereich ist offener gestaltet und l\u00e4sst sich ganz nach den Bed\u00fcrfnissen des Eigners gestalten. Das Cockpit bleibt einer der spektakul\u00e4rsten Bereiche der Yacht: eine gro\u00dfz\u00fcgige Terrasse direkt am Meer, die eine direkte Verbindung zum Wasser herstellt.<\/span><\/p><p><img decoding=\"async\" class=\"aligncenter size-full wp-image-172208\" src=\"https:\/\/www.yachtingnews.com\/wp-content\/uploads\/2026\/08\/prestige-m8-evo-flybridge.jpg\" alt=\"\" width=\"828\" height=\"489\" srcset=\"https:\/\/www.yachtingnews.com\/wp-content\/uploads\/2026\/08\/prestige-m8-evo-flybridge.jpg 828w, https:\/\/www.yachtingnews.com\/wp-content\/uploads\/2026\/08\/prestige-m8-evo-flybridge-300x177.jpg 300w, https:\/\/www.yachtingnews.com\/wp-content\/uploads\/2026\/08\/prestige-m8-evo-flybridge-768x454.jpg 768w\" sizes=\"(max-width: 828px) 100vw, 828px\" \/><\/p><h3><b>Das Hauptdeck und die Eignersuite<\/b><\/h3><p><span style=\"font-weight: 400;\">Auch der Innenbereich wurde neu gestaltet, um Geselligkeit und Privatsph\u00e4re zu vereinen. Die neue Komb\u00fcse, die sich neben dem Steuerstand befindet, umfasst einen Essbereich mit Bar, der vergr\u00f6\u00dfert und nach Steuerbord verlegt wurde. Alles geht nahtlos in den Wohnbereich \u00fcber, was das gesellige Beisammensein f\u00f6rdert und gleichzeitig einen diskreten Service erm\u00f6glicht. Gro\u00dfe Panoramafenster lassen den Innenraum den ganzen Tag \u00fcber in helles Licht tauchen, w\u00e4hrend ebene B\u00f6den und durchgehende Laufwege das Gef\u00fchl von Weite verst\u00e4rken.<\/span><\/p><p><span style=\"font-weight: 400;\">Die \u00fcber die gesamte Breite reichende Eignersuite ist eines der herausragendsten Highlights der <\/span><b>M8 EVO<\/b><span style=\"font-weight: 400;\">. Der neue begehbare Kleiderschrank ist in <\/span><b>zwei<\/b><span style=\"font-weight: 400;\"> pers\u00f6nliche Bereiche unterteilt, w\u00e4hrend ein Arbeits- und Entspannungsbereich einen nat\u00fcrlichen \u00dcbergang zwischen Schlafzimmer und Bad schafft. Eine Umgebung, die <\/span><b>PRESTIGE<\/b><span style=\"font-weight: 400;\"> als \u201ePenthouse am Meer\u201c interpretiert.<\/span><\/p><p><img decoding=\"async\" class=\"aligncenter size-full wp-image-172209\" src=\"https:\/\/www.yachtingnews.com\/wp-content\/uploads\/2026\/08\/4988c893-648f-429e-90de-c0cd9dc2931c-1.jpg\" alt=\"PRESTIGE M8 evo  \" width=\"882\" height=\"523\" srcset=\"https:\/\/www.yachtingnews.com\/wp-content\/uploads\/2026\/08\/4988c893-648f-429e-90de-c0cd9dc2931c-1.jpg 882w, https:\/\/www.yachtingnews.com\/wp-content\/uploads\/2026\/08\/4988c893-648f-429e-90de-c0cd9dc2931c-1-300x178.jpg 300w, https:\/\/www.yachtingnews.com\/wp-content\/uploads\/2026\/08\/4988c893-648f-429e-90de-c0cd9dc2931c-1-768x455.jpg 768w\" sizes=\"(max-width: 882px) 100vw, 882px\" \/><\/p><p><span style=\"font-weight: 400;\">Ein weiteres Alleinstellungsmerkmal ist die individuelle Gestaltung. Konfigurationen, Grundrisse und Ausstattungsvarianten lassen sich so kombinieren, dass eine Yacht entsteht, die perfekt zum Lebensstil jedes Eigners passt.<\/span><\/p><p><span style=\"font-weight: 400;\">Die Innenarchitektur greift Elemente der modernistischen Architektur auf und interpretiert sie mit zeitgen\u00f6ssischem Gesp\u00fcr neu. Nat\u00fcrliche Farbt\u00f6ne, tiefe Blaut\u00f6ne, klare Formen und ausgew\u00e4hlte Materialien schaffen ein elegantes und zugleich einladendes Ambiente. \u201eMit dem <\/span><b>M8 EVO<\/b><span style=\"font-weight: 400;\">wollten wir eine intimere und gem\u00fctlichere Atmosph\u00e4re schaffen, in der modernistische Inspiration auf eine zeitgem\u00e4\u00dfe Neuinterpretation des <\/span><b>Art D\u00e9co<\/b><span style=\"font-weight: 400;\"> Glamours trifft\u201c, erkl\u00e4rt die Innenarchitektin <\/span><b>Valentina Motta<\/b><span style=\"font-weight: 400;\">. \u201eDie Reinheit der Formen, kombiniert mit warmen Naturmaterialien und tiefen Farbt\u00f6nen, l\u00e4sst den Eignern den Freiraum, ihre Yacht ganz individuell zu gestalten.\u201c<\/span><\/p><h2><b>Fazit<\/b><\/h2><p><span style=\"font-weight: 400;\">Die Anwesenheit von <\/span><b>PRESTIGE<\/b><span style=\"font-weight: 400;\"> beim <\/span><b>Cannes Yachting Festival 2026<\/b><span style=\"font-weight: 400;\"> hat eine Bedeutung, die \u00fcber die blo\u00dfe Pr\u00e4sentation von <\/span><b>drei<\/b><span style=\"font-weight: 400;\"> neuer Modelle. <\/span><b>F6.7<\/b><span style=\"font-weight: 400;\">, <\/span><b>M6<\/b><span style=\"font-weight: 400;\">und <\/span><b>M8 EVO<\/b><span style=\"font-weight: 400;\"> stehen f\u00fcr <\/span><b>drei<\/b><span style=\"font-weight: 400;\"> sich erg\u00e4nzende Interpretationen desselben Yachtkonzepts: das Meer mit mehr Freiheit, Komfort und Nat\u00fcrlichkeit erleben.<\/span><\/p><ul><li><b>F6.7<\/b><span style=\"font-weight: 400;\"> hebt die <\/span><b>F-Line<\/b><span style=\"font-weight: 400;\"> auf ihren H\u00f6hepunkt und verwandelt die flybridge-Yacht in ein echtes, modernes Zuhause auf dem Meer.<\/span><\/li><li><b>M6<\/b><span style=\"font-weight: 400;\"> festigt die Multihull-Vision von <\/span><b>PRESTIGE<\/b><span style=\"font-weight: 400;\"> durch eine kompakte und doch \u00fcberraschend ger\u00e4umige Plattform, die f\u00fcr lange T\u00f6rns konzipiert ist.<\/span><\/li><li><b>M8 EVO<\/b><span style=\"font-weight: 400;\"> entwickelt das Flaggschiff der <\/span><b>M-Line<\/b><span style=\"font-weight: 400;\"> mit noch mehr Offenheit, Individualisierungsm\u00f6glichkeiten und Raffinesse weiter.<\/span><\/li><\/ul><p><b>Drei<\/b><span style=\"font-weight: 400;\"> Weltpremieren in einer einzigen Show sind ein wichtiger Meilenstein. Vor allem aber sind sie das Bekenntnis zu einer Strategie: <\/span><b>PRESTIGE<\/b><span style=\"font-weight: 400;\"> will das Konzept des Lebens an Bord immer wieder neu definieren und dabei nicht nur die Yacht selbst, sondern das Erlebnis, sie zu erleben, in den Mittelpunkt stellen.<\/span><\/p><h2><b>PRESTIGE in Cannes 2026 \u2013 FAQ<\/b><\/h2>\t\t\t\t\t\t\t\t<\/div>\n\t\t\t\t<\/div>\n\t\t\t\t<div class=\"elementor-element elementor-element-df909d8 elementor-grid-1 elementor-grid-tablet-2 elementor-grid-mobile-1 elementor-widget elementor-widget-uael-faq\" data-id=\"df909d8\" data-element_type=\"widget\" data-e-type=\"widget\" data-widget_type=\"uael-faq.default\">\n\t\t\t\t<div class=\"elementor-widget-container\">\n\t\t\t\t\t\n\t\t\t<div id='uael-faq-wrapper-234' class=\"uael-faq-wrapper\">\n\t\t\t\t<div class=\"uael-faq-container uael-faq-layout-grid elementor-grid\" >\n\t\t\t\t\t\t\t\t\t\t\t\t<div id=\"uael-accordion-f2f9106\" class=\"uael-faq-accordion elementor-grid-item\" role=\"tablist\">\n\t\t\t\t\t\t\t\t<div class= \"uael-accordion-title\" aria-expanded=\"false\" role=\"tab\">\n\t\t\t\t\t\t\t\t\t<span class=\"uael-accordion-icon uael-accordion-icon-\">\n\t\t\t\t\t\t\t\t\t\t<span class=\"uael-accordion-icon-closed\"><\/span>\n\t\t\t\t\t\t\t\t\t\t<span class=\"uael-accordion-icon-opened\"><\/span>\n\t\t\t\t\t\t\t\t\t<\/span>\n\t\t\t\t\t\t\t\t\t<h3 class=\"uael-question-f2f9106 uael-question-span\" tabindex=\"0\" id=\"uael-faq-1-6a95f5778921d\">Welche drei neuen PRESTIGE-Modelle wurden auf dem Cannes Yachting Festival 2026 vorgestellt?<\/h3>\n\t\t\t\t\t\t\t\t<\/div>\n\t\t\t\t\t\t\t\t<div class=\"uael-accordion-content\" role=\"tabpanel\">\n\t\t\t\t\t\t\t\t\t<span>\n\t\t\t\t\t\t\t\t\t<span><p>Prestige pr\u00e4sentiert die Weltpremiere der Modelle F6.7, M6 und M8 EVO \u2013 drei Modelle, die die Weiterentwicklung der F-Line- und M-Line-Baureihen verk\u00f6rpern.<\/p><\/span>\t\t\t\t\t\t\t\t\t<\/span>\n\t\t\t\t\t\t\t\t<\/div>\n\t\t\t\t\t\t\t<\/div>\n\t\t\t\t\t\t\t\t\t\t\t\t\t\t<div id=\"uael-accordion-5b10133\" class=\"uael-faq-accordion elementor-grid-item\" role=\"tablist\">\n\t\t\t\t\t\t\t\t<div class= \"uael-accordion-title\" aria-expanded=\"false\" role=\"tab\">\n\t\t\t\t\t\t\t\t\t<span class=\"uael-accordion-icon uael-accordion-icon-\">\n\t\t\t\t\t\t\t\t\t\t<span class=\"uael-accordion-icon-closed\"><\/span>\n\t\t\t\t\t\t\t\t\t\t<span class=\"uael-accordion-icon-opened\"><\/span>\n\t\t\t\t\t\t\t\t\t<\/span>\n\t\t\t\t\t\t\t\t\t<h3 class=\"uael-question-5b10133 uael-question-span\" tabindex=\"0\" id=\"uael-faq-2-6a95f57789237\">Was sind die wichtigsten Merkmale des PRESTIGE F6.7?<\/h3>\n\t\t\t\t\t\t\t\t<\/div>\n\t\t\t\t\t\t\t\t<div class=\"uael-accordion-content\" role=\"tabpanel\">\n\t\t\t\t\t\t\t\t\t<span>\n\t\t\t\t\t\t\t\t\t<span><p>Die F6.7 ist das neue Flaggschiff der F-Line und bietet 170 m\u00b2 Wohnfl\u00e4che, eine 26 m\u00b2 gro\u00dfe flybridge, gro\u00dfz\u00fcgige Au\u00dfenbereiche sowie eine Innenausstattung mit bis zu vier Kabinen und Platz f\u00fcr acht G\u00e4ste.<\/p><\/span>\t\t\t\t\t\t\t\t\t<\/span>\n\t\t\t\t\t\t\t\t<\/div>\n\t\t\t\t\t\t\t<\/div>\n\t\t\t\t\t\t\t\t\t\t\t\t\t\t<div id=\"uael-accordion-2dc1bf1\" class=\"uael-faq-accordion elementor-grid-item\" role=\"tablist\">\n\t\t\t\t\t\t\t\t<div class= \"uael-accordion-title\" aria-expanded=\"false\" role=\"tab\">\n\t\t\t\t\t\t\t\t\t<span class=\"uael-accordion-icon uael-accordion-icon-\">\n\t\t\t\t\t\t\t\t\t\t<span class=\"uael-accordion-icon-closed\"><\/span>\n\t\t\t\t\t\t\t\t\t\t<span class=\"uael-accordion-icon-opened\"><\/span>\n\t\t\t\t\t\t\t\t\t<\/span>\n\t\t\t\t\t\t\t\t\t<h3 class=\"uael-question-2dc1bf1 uael-question-span\" tabindex=\"0\" id=\"uael-faq-3-6a95f57789247\">Wie viele Personen finden im PRESTIGE M6 Platz?<\/h3>\n\t\t\t\t\t\t\t\t<\/div>\n\t\t\t\t\t\t\t\t<div class=\"uael-accordion-content\" role=\"tabpanel\">\n\t\t\t\t\t\t\t\t\t<span>\n\t\t\t\t\t\t\t\t\t<span><p>Die M6 bietet Platz f\u00fcr bis zu acht Personen und ist mit drei oder vier Kabinen erh\u00e4ltlich. Die Konfiguration mit drei Kabinen ist besonders f\u00fcr l\u00e4ngere T\u00f6rns zu empfehlen.<\/p><\/span>\t\t\t\t\t\t\t\t\t<\/span>\n\t\t\t\t\t\t\t\t<\/div>\n\t\t\t\t\t\t\t<\/div>\n\t\t\t\t\t\t\t\t\t\t\t\t\t\t<div id=\"uael-accordion-4c6ac3d\" class=\"uael-faq-accordion elementor-grid-item\" role=\"tablist\">\n\t\t\t\t\t\t\t\t<div class= \"uael-accordion-title\" aria-expanded=\"false\" role=\"tab\">\n\t\t\t\t\t\t\t\t\t<span class=\"uael-accordion-icon uael-accordion-icon-\">\n\t\t\t\t\t\t\t\t\t\t<span class=\"uael-accordion-icon-closed\"><\/span>\n\t\t\t\t\t\t\t\t\t\t<span class=\"uael-accordion-icon-opened\"><\/span>\n\t\t\t\t\t\t\t\t\t<\/span>\n\t\t\t\t\t\t\t\t\t<h3 class=\"uael-question-4c6ac3d uael-question-span\" tabindex=\"0\" id=\"uael-faq-4-6a95f57789254\">Was sind die wichtigsten Neuerungen beim PRESTIGE M8 EVO?<\/h3>\n\t\t\t\t\t\t\t\t<\/div>\n\t\t\t\t\t\t\t\t<div class=\"uael-accordion-content\" role=\"tabpanel\">\n\t\t\t\t\t\t\t\t\t<span>\n\t\t\t\t\t\t\t\t\t<span><p>Die M8 EVO bietet eine flybridge \u00fcber die gesamte Breite der Yacht, neue Rumpffenster, ein neu gestaltetes Hardtop und eine Eignersuite, die sich \u00fcber die gesamte Breite erstreckt. Das Design legt au\u00dferdem Wert auf Individualisierung, Helligkeit und r\u00e4umliche Kontinuit\u00e4t.<\/p><\/span>\t\t\t\t\t\t\t\t\t<\/span>\n\t\t\t\t\t\t\t\t<\/div>\n\t\t\t\t\t\t\t<\/div>\n\t\t\t\t\t\t\t\t\t\t\t<\/div>\n\t\t\t<\/div>\n\t\t\t\t\t\t\t<\/div>\n\t\t\t\t<\/div>\n\t\t\t\t<div class=\"elementor-element elementor-element-1d4d14c elementor-widget elementor-widget-text-editor\" data-id=\"1d4d14c\" data-element_type=\"widget\" data-e-type=\"widget\" data-widget_type=\"text-editor.default\">\n\t\t\t\t<div class=\"elementor-widget-container\">\n\t\t\t\t\t\t\t\t\t<h2><b>Quellen und Referenzen<\/b><\/h2><table><thead><tr><th>Quelle<\/th><th>Beschreibung und bereitgestellte Inhalte<\/th><\/tr><\/thead><tbody><tr><td><a href=\"https:\/\/www.prestige-yachts.com\/\" target=\"_blank\" rel=\"noopener\">PRESTIGE YACHTS<\/a><\/td><td>Offizielle Daten zu den Modellen F6.7, M6 und M8 EVO, Konstruktionsmerkmale, Konfigurationen, Fl\u00e4chenangaben, Motoroptionen und Technologien an Bord.<\/td><\/tr><tr><td><a href=\"https:\/\/www.cannesyachtingfestival.com\/\" target=\"_blank\" rel=\"noopener\">Cannes Yachting Festival<\/a><\/td><td>Infos zur Ausgabe 2026 der Messe und zur Weltpremiere der drei neuen PRESTIGE-Modelle.<\/td><\/tr><\/tbody><\/table>\t\t\t\t\t\t\t\t<\/div>\n\t\t\t\t<\/div>\n\t\t\t\t\t<\/div>\n\t\t<\/div>\n\t\t\t\t\t<\/div>\n\t\t<\/section>\n\t\t\t\t<\/div>\n\t\t","protected":false},"excerpt":{"rendered":"<p>Das Jahr 2026 ist ein besonders bedeutender Meilenstein in der Geschichte von PRESTIGE. Beim Cannes Yachting Festival, das vom 8. bis 13. September, pr\u00e4sentiert die franz\u00f6sische Werft nicht weniger als drei neue Modelle als Weltpremieren: F6.7, M6und M8 EVO. Eine gemeinsame Premiere im Rahmen einer einzigen Veranstaltung, die deutlich die Ausrichtung der Marke verdeutlicht: eine [&hellip;]<\/p>\n","protected":false},"author":45,"featured_media":172226,"comment_status":"open","ping_status":"closed","sticky":false,"template":"","format":"standard","meta":{"_mo_disable_npp":"","footnotes":""},"categories":[660,662,670,654],"tags":[1992],"class_list":["post-172225","post","type-post","status-publish","format-standard","has-post-thumbnail","hentry","category-bootsausstellungen","category-cannes-yachting-festival","category-katamaran-und-multihull","category-news-de","tag-prestige-yachten"],"yoast_head":"<!-- This site is optimized with the Yoast SEO plugin v28.3 - https:\/\/yoast.com\/product\/yoast-seo-wordpress\/ -->\n<title>PRESTIGE in Cannes 2026: Drei Weltpremieren bei einer einzigen Veranstaltung - Yachting News<\/title>\n<meta name=\"description\" content=\"PRESTIGE pr\u00e4sentiert die Weltpremiere des F6.7, des M6 und des M8 EVO \u2013 drei Modelle, die die Weiterentwicklung der F-Line- und M-Line-Baureihen verk\u00f6rpern.\" \/>\n<meta name=\"robots\" content=\"index, follow, max-snippet:-1, max-image-preview:large, max-video-preview:-1\" \/>\n<link rel=\"canonical\" href=\"https:\/\/www.yachtingnews.com\/de\/prestige-cannes-2026\/\" \/>\n<meta property=\"og:locale\" content=\"de_DE\" \/>\n<meta property=\"og:type\" content=\"article\" \/>\n<meta property=\"og:title\" content=\"PRESTIGE in Cannes 2026: Drei Weltpremieren bei einer einzigen Veranstaltung - Yachting News\" \/>\n<meta property=\"og:description\" content=\"PRESTIGE pr\u00e4sentiert die Weltpremiere des F6.7, des M6 und des M8 EVO \u2013 drei Modelle, die die Weiterentwicklung der F-Line- und M-Line-Baureihen verk\u00f6rpern.\" \/>\n<meta property=\"og:url\" content=\"https:\/\/www.yachtingnews.com\/de\/prestige-cannes-2026\/\" \/>\n<meta property=\"og:site_name\" content=\"Yachting News\" \/>\n<meta property=\"article:publisher\" content=\"https:\/\/www.facebook.com\/TheInternationalYachtingMedia\" \/>\n<meta property=\"article:published_time\" content=\"2026-08-30T17:30:05+00:00\" \/>\n<meta property=\"article:modified_time\" content=\"2026-08-31T17:32:04+00:00\" \/>\n<meta property=\"og:image\" content=\"https:\/\/www.yachtingnews.com\/wp-content\/uploads\/2026\/08\/prestige-cannes26.jpg\" \/>\n\t<meta property=\"og:image:width\" content=\"1400\" \/>\n\t<meta property=\"og:image:height\" content=\"787\" \/>\n\t<meta property=\"og:image:type\" content=\"image\/jpeg\" \/>\n<meta name=\"author\" content=\"Alessandro Giuzio\" \/>\n<meta name=\"twitter:card\" content=\"summary_large_image\" \/>\n<meta name=\"twitter:creator\" content=\"@YachtingMedia\" \/>\n<meta name=\"twitter:site\" content=\"@YachtingMedia\" \/>\n<meta name=\"twitter:label1\" content=\"Verfasst von\" \/>\n\t<meta name=\"twitter:data1\" content=\"Alessandro Giuzio\" \/>\n\t<meta name=\"twitter:label2\" content=\"Gesch\u00e4tzte Lesezeit\" \/>\n\t<meta name=\"twitter:data2\" content=\"11\u00a0Minuten\" \/>\n<script type=\"application\/ld+json\" class=\"yoast-schema-graph\">{\"@context\":\"https:\\\/\\\/schema.org\",\"@graph\":[{\"@type\":\"Article\",\"@id\":\"https:\\\/\\\/www.yachtingnews.com\\\/de\\\/prestige-cannes-2026\\\/#article\",\"isPartOf\":{\"@id\":\"https:\\\/\\\/www.yachtingnews.com\\\/de\\\/prestige-cannes-2026\\\/\"},\"author\":{\"name\":\"Alessandro Giuzio\",\"@id\":\"https:\\\/\\\/www.yachtingnews.com\\\/de\\\/#\\\/schema\\\/person\\\/d2e99eb1c7ce9e28a78d15e3d5d68eb3\"},\"headline\":\"PRESTIGE in Cannes 2026: Drei Weltpremieren bei einer einzigen Veranstaltung\",\"datePublished\":\"2026-08-30T17:30:05+00:00\",\"dateModified\":\"2026-08-31T17:32:04+00:00\",\"mainEntityOfPage\":{\"@id\":\"https:\\\/\\\/www.yachtingnews.com\\\/de\\\/prestige-cannes-2026\\\/\"},\"wordCount\":2205,\"commentCount\":0,\"publisher\":{\"@id\":\"https:\\\/\\\/www.yachtingnews.com\\\/de\\\/#organization\"},\"image\":{\"@id\":\"https:\\\/\\\/www.yachtingnews.com\\\/de\\\/prestige-cannes-2026\\\/#primaryimage\"},\"thumbnailUrl\":\"https:\\\/\\\/www.yachtingnews.com\\\/wp-content\\\/uploads\\\/2026\\\/08\\\/prestige-cannes26.jpg\",\"keywords\":[\"Prestige Yachten\"],\"articleSection\":[\"Bootsausstellungen\",\"Cannes Yachting Festival\",\"Katamarane und Mehrrumpfboote\",\"Nachrichten\"],\"inLanguage\":\"de\",\"potentialAction\":[{\"@type\":\"CommentAction\",\"name\":\"Comment\",\"target\":[\"https:\\\/\\\/www.yachtingnews.com\\\/de\\\/prestige-cannes-2026\\\/#respond\"]}]},{\"@type\":\"WebPage\",\"@id\":\"https:\\\/\\\/www.yachtingnews.com\\\/de\\\/prestige-cannes-2026\\\/\",\"url\":\"https:\\\/\\\/www.yachtingnews.com\\\/de\\\/prestige-cannes-2026\\\/\",\"name\":\"PRESTIGE in Cannes 2026: Drei Weltpremieren bei einer einzigen Veranstaltung - Yachting News\",\"isPartOf\":{\"@id\":\"https:\\\/\\\/www.yachtingnews.com\\\/de\\\/#website\"},\"primaryImageOfPage\":{\"@id\":\"https:\\\/\\\/www.yachtingnews.com\\\/de\\\/prestige-cannes-2026\\\/#primaryimage\"},\"image\":{\"@id\":\"https:\\\/\\\/www.yachtingnews.com\\\/de\\\/prestige-cannes-2026\\\/#primaryimage\"},\"thumbnailUrl\":\"https:\\\/\\\/www.yachtingnews.com\\\/wp-content\\\/uploads\\\/2026\\\/08\\\/prestige-cannes26.jpg\",\"datePublished\":\"2026-08-30T17:30:05+00:00\",\"dateModified\":\"2026-08-31T17:32:04+00:00\",\"description\":\"PRESTIGE pr\u00e4sentiert die Weltpremiere des F6.7, des M6 und des M8 EVO \u2013 drei Modelle, die die Weiterentwicklung der F-Line- und M-Line-Baureihen verk\u00f6rpern.\",\"breadcrumb\":{\"@id\":\"https:\\\/\\\/www.yachtingnews.com\\\/de\\\/prestige-cannes-2026\\\/#breadcrumb\"},\"inLanguage\":\"de\",\"potentialAction\":[{\"@type\":\"ReadAction\",\"target\":[\"https:\\\/\\\/www.yachtingnews.com\\\/de\\\/prestige-cannes-2026\\\/\"]}]},{\"@type\":\"ImageObject\",\"inLanguage\":\"de\",\"@id\":\"https:\\\/\\\/www.yachtingnews.com\\\/de\\\/prestige-cannes-2026\\\/#primaryimage\",\"url\":\"https:\\\/\\\/www.yachtingnews.com\\\/wp-content\\\/uploads\\\/2026\\\/08\\\/prestige-cannes26.jpg\",\"contentUrl\":\"https:\\\/\\\/www.yachtingnews.com\\\/wp-content\\\/uploads\\\/2026\\\/08\\\/prestige-cannes26.jpg\",\"width\":1400,\"height\":787,\"caption\":\"PRESTIGE Cannes 2026\"},{\"@type\":\"BreadcrumbList\",\"@id\":\"https:\\\/\\\/www.yachtingnews.com\\\/de\\\/prestige-cannes-2026\\\/#breadcrumb\",\"itemListElement\":[{\"@type\":\"ListItem\",\"position\":1,\"name\":\"Home\",\"item\":\"https:\\\/\\\/www.yachtingnews.com\\\/de\\\/yachting-news-2\\\/\"},{\"@type\":\"ListItem\",\"position\":2,\"name\":\"PRESTIGE in Cannes 2026: Drei Weltpremieren bei einer einzigen Veranstaltung\"}]},{\"@type\":\"WebSite\",\"@id\":\"https:\\\/\\\/www.yachtingnews.com\\\/de\\\/#website\",\"url\":\"https:\\\/\\\/www.yachtingnews.com\\\/de\\\/\",\"name\":\"Yachting News\",\"description\":\"The International Yachting Media\",\"publisher\":{\"@id\":\"https:\\\/\\\/www.yachtingnews.com\\\/de\\\/#organization\"},\"potentialAction\":[{\"@type\":\"SearchAction\",\"target\":{\"@type\":\"EntryPoint\",\"urlTemplate\":\"https:\\\/\\\/www.yachtingnews.com\\\/de\\\/?s={search_term_string}\"},\"query-input\":{\"@type\":\"PropertyValueSpecification\",\"valueRequired\":true,\"valueName\":\"search_term_string\"}}],\"inLanguage\":\"de\"},{\"@type\":\"Organization\",\"@id\":\"https:\\\/\\\/www.yachtingnews.com\\\/de\\\/#organization\",\"name\":\"Yachting News\",\"url\":\"https:\\\/\\\/www.yachtingnews.com\\\/de\\\/\",\"logo\":{\"@type\":\"ImageObject\",\"inLanguage\":\"de\",\"@id\":\"https:\\\/\\\/www.yachtingnews.com\\\/de\\\/#\\\/schema\\\/logo\\\/image\\\/\",\"url\":\"https:\\\/\\\/www.yachtingnews.com\\\/wp-content\\\/uploads\\\/2023\\\/02\\\/LOGO-Yachting-NEWS-blu-800.png\",\"contentUrl\":\"https:\\\/\\\/www.yachtingnews.com\\\/wp-content\\\/uploads\\\/2023\\\/02\\\/LOGO-Yachting-NEWS-blu-800.png\",\"width\":790,\"height\":99,\"caption\":\"Yachting News\"},\"image\":{\"@id\":\"https:\\\/\\\/www.yachtingnews.com\\\/de\\\/#\\\/schema\\\/logo\\\/image\\\/\"},\"sameAs\":[\"https:\\\/\\\/www.facebook.com\\\/TheInternationalYachtingMedia\",\"https:\\\/\\\/x.com\\\/YachtingMedia\",\"https:\\\/\\\/www.instagram.com\\\/yachting.news\\\/\",\"https:\\\/\\\/www.linkedin.com\\\/company\\\/the-international-yachting-media\",\"https:\\\/\\\/www.youtube.com\\\/c\\\/TheInternationalYachtingMedia\"]},{\"@type\":\"Person\",\"@id\":\"https:\\\/\\\/www.yachtingnews.com\\\/de\\\/#\\\/schema\\\/person\\\/d2e99eb1c7ce9e28a78d15e3d5d68eb3\",\"name\":\"Alessandro Giuzio\",\"image\":{\"@type\":\"ImageObject\",\"inLanguage\":\"de\",\"@id\":\"https:\\\/\\\/www.yachtingnews.com\\\/wp-content\\\/litespeed\\\/avatar\\\/a99e5f8da4fc551fb53eb9f1fec61fb4.jpg?ver=1788189881\",\"url\":\"https:\\\/\\\/www.yachtingnews.com\\\/wp-content\\\/litespeed\\\/avatar\\\/a99e5f8da4fc551fb53eb9f1fec61fb4.jpg?ver=1788189881\",\"contentUrl\":\"https:\\\/\\\/www.yachtingnews.com\\\/wp-content\\\/litespeed\\\/avatar\\\/a99e5f8da4fc551fb53eb9f1fec61fb4.jpg?ver=1788189881\",\"caption\":\"Alessandro Giuzio\"},\"description\":\"Alessandro is a professional journalist and contributes to The International Yachting Media since 2022. He is an expert on the sea and of course on boats.\",\"url\":\"https:\\\/\\\/www.yachtingnews.com\\\/de\\\/author\\\/alexgiuzio\\\/\"}]}<\/script>\n<!-- \/ Yoast SEO plugin. -->","yoast_head_json":{"title":"PRESTIGE in Cannes 2026: Drei Weltpremieren bei einer einzigen Veranstaltung - Yachting News","description":"PRESTIGE pr\u00e4sentiert die Weltpremiere des F6.7, des M6 und des M8 EVO \u2013 drei Modelle, die die Weiterentwicklung der F-Line- und M-Line-Baureihen verk\u00f6rpern.","robots":{"index":"index","follow":"follow","max-snippet":"max-snippet:-1","max-image-preview":"max-image-preview:large","max-video-preview":"max-video-preview:-1"},"canonical":"https:\/\/www.yachtingnews.com\/de\/prestige-cannes-2026\/","og_locale":"de_DE","og_type":"article","og_title":"PRESTIGE in Cannes 2026: Drei Weltpremieren bei einer einzigen Veranstaltung - Yachting News","og_description":"PRESTIGE pr\u00e4sentiert die Weltpremiere des F6.7, des M6 und des M8 EVO \u2013 drei Modelle, die die Weiterentwicklung der F-Line- und M-Line-Baureihen verk\u00f6rpern.","og_url":"https:\/\/www.yachtingnews.com\/de\/prestige-cannes-2026\/","og_site_name":"Yachting News","article_publisher":"https:\/\/www.facebook.com\/TheInternationalYachtingMedia","article_published_time":"2026-08-30T17:30:05+00:00","article_modified_time":"2026-08-31T17:32:04+00:00","og_image":[{"width":1400,"height":787,"url":"https:\/\/www.yachtingnews.com\/wp-content\/uploads\/2026\/08\/prestige-cannes26.jpg","type":"image\/jpeg"}],"author":"Alessandro Giuzio","twitter_card":"summary_large_image","twitter_creator":"@YachtingMedia","twitter_site":"@YachtingMedia","twitter_misc":{"Verfasst von":"Alessandro Giuzio","Gesch\u00e4tzte Lesezeit":"11\u00a0Minuten"},"schema":{"@context":"https:\/\/schema.org","@graph":[{"@type":"Article","@id":"https:\/\/www.yachtingnews.com\/de\/prestige-cannes-2026\/#article","isPartOf":{"@id":"https:\/\/www.yachtingnews.com\/de\/prestige-cannes-2026\/"},"author":{"name":"Alessandro Giuzio","@id":"https:\/\/www.yachtingnews.com\/de\/#\/schema\/person\/d2e99eb1c7ce9e28a78d15e3d5d68eb3"},"headline":"PRESTIGE in Cannes 2026: Drei Weltpremieren bei einer einzigen Veranstaltung","datePublished":"2026-08-30T17:30:05+00:00","dateModified":"2026-08-31T17:32:04+00:00","mainEntityOfPage":{"@id":"https:\/\/www.yachtingnews.com\/de\/prestige-cannes-2026\/"},"wordCount":2205,"commentCount":0,"publisher":{"@id":"https:\/\/www.yachtingnews.com\/de\/#organization"},"image":{"@id":"https:\/\/www.yachtingnews.com\/de\/prestige-cannes-2026\/#primaryimage"},"thumbnailUrl":"https:\/\/www.yachtingnews.com\/wp-content\/uploads\/2026\/08\/prestige-cannes26.jpg","keywords":["Prestige Yachten"],"articleSection":["Bootsausstellungen","Cannes Yachting Festival","Katamarane und Mehrrumpfboote","Nachrichten"],"inLanguage":"de","potentialAction":[{"@type":"CommentAction","name":"Comment","target":["https:\/\/www.yachtingnews.com\/de\/prestige-cannes-2026\/#respond"]}]},{"@type":"WebPage","@id":"https:\/\/www.yachtingnews.com\/de\/prestige-cannes-2026\/","url":"https:\/\/www.yachtingnews.com\/de\/prestige-cannes-2026\/","name":"PRESTIGE in Cannes 2026: Drei Weltpremieren bei einer einzigen Veranstaltung - Yachting News","isPartOf":{"@id":"https:\/\/www.yachtingnews.com\/de\/#website"},"primaryImageOfPage":{"@id":"https:\/\/www.yachtingnews.com\/de\/prestige-cannes-2026\/#primaryimage"},"image":{"@id":"https:\/\/www.yachtingnews.com\/de\/prestige-cannes-2026\/#primaryimage"},"thumbnailUrl":"https:\/\/www.yachtingnews.com\/wp-content\/uploads\/2026\/08\/prestige-cannes26.jpg","datePublished":"2026-08-30T17:30:05+00:00","dateModified":"2026-08-31T17:32:04+00:00","description":"PRESTIGE pr\u00e4sentiert die Weltpremiere des F6.7, des M6 und des M8 EVO \u2013 drei Modelle, die die Weiterentwicklung der F-Line- und M-Line-Baureihen verk\u00f6rpern.","breadcrumb":{"@id":"https:\/\/www.yachtingnews.com\/de\/prestige-cannes-2026\/#breadcrumb"},"inLanguage":"de","potentialAction":[{"@type":"ReadAction","target":["https:\/\/www.yachtingnews.com\/de\/prestige-cannes-2026\/"]}]},{"@type":"ImageObject","inLanguage":"de","@id":"https:\/\/www.yachtingnews.com\/de\/prestige-cannes-2026\/#primaryimage","url":"https:\/\/www.yachtingnews.com\/wp-content\/uploads\/2026\/08\/prestige-cannes26.jpg","contentUrl":"https:\/\/www.yachtingnews.com\/wp-content\/uploads\/2026\/08\/prestige-cannes26.jpg","width":1400,"height":787,"caption":"PRESTIGE Cannes 2026"},{"@type":"BreadcrumbList","@id":"https:\/\/www.yachtingnews.com\/de\/prestige-cannes-2026\/#breadcrumb","itemListElement":[{"@type":"ListItem","position":1,"name":"Home","item":"https:\/\/www.yachtingnews.com\/de\/yachting-news-2\/"},{"@type":"ListItem","position":2,"name":"PRESTIGE in Cannes 2026: Drei Weltpremieren bei einer einzigen Veranstaltung"}]},{"@type":"WebSite","@id":"https:\/\/www.yachtingnews.com\/de\/#website","url":"https:\/\/www.yachtingnews.com\/de\/","name":"Yachting News","description":"The International Yachting Media","publisher":{"@id":"https:\/\/www.yachtingnews.com\/de\/#organization"},"potentialAction":[{"@type":"SearchAction","target":{"@type":"EntryPoint","urlTemplate":"https:\/\/www.yachtingnews.com\/de\/?s={search_term_string}"},"query-input":{"@type":"PropertyValueSpecification","valueRequired":true,"valueName":"search_term_string"}}],"inLanguage":"de"},{"@type":"Organization","@id":"https:\/\/www.yachtingnews.com\/de\/#organization","name":"Yachting News","url":"https:\/\/www.yachtingnews.com\/de\/","logo":{"@type":"ImageObject","inLanguage":"de","@id":"https:\/\/www.yachtingnews.com\/de\/#\/schema\/logo\/image\/","url":"https:\/\/www.yachtingnews.com\/wp-content\/uploads\/2023\/02\/LOGO-Yachting-NEWS-blu-800.png","contentUrl":"https:\/\/www.yachtingnews.com\/wp-content\/uploads\/2023\/02\/LOGO-Yachting-NEWS-blu-800.png","width":790,"height":99,"caption":"Yachting News"},"image":{"@id":"https:\/\/www.yachtingnews.com\/de\/#\/schema\/logo\/image\/"},"sameAs":["https:\/\/www.facebook.com\/TheInternationalYachtingMedia","https:\/\/x.com\/YachtingMedia","https:\/\/www.instagram.com\/yachting.news\/","https:\/\/www.linkedin.com\/company\/the-international-yachting-media","https:\/\/www.youtube.com\/c\/TheInternationalYachtingMedia"]},{"@type":"Person","@id":"https:\/\/www.yachtingnews.com\/de\/#\/schema\/person\/d2e99eb1c7ce9e28a78d15e3d5d68eb3","name":"Alessandro Giuzio","image":{"@type":"ImageObject","inLanguage":"de","@id":"https:\/\/www.yachtingnews.com\/wp-content\/litespeed\/avatar\/a99e5f8da4fc551fb53eb9f1fec61fb4.jpg?ver=1788189881","url":"https:\/\/www.yachtingnews.com\/wp-content\/litespeed\/avatar\/a99e5f8da4fc551fb53eb9f1fec61fb4.jpg?ver=1788189881","contentUrl":"https:\/\/www.yachtingnews.com\/wp-content\/litespeed\/avatar\/a99e5f8da4fc551fb53eb9f1fec61fb4.jpg?ver=1788189881","caption":"Alessandro Giuzio"},"description":"Alessandro is a professional journalist and contributes to The International Yachting Media since 2022. He is an expert on the sea and of course on boats.","url":"https:\/\/www.yachtingnews.com\/de\/author\/alexgiuzio\/"}]}},"_links":{"self":[{"href":"https:\/\/www.yachtingnews.com\/de\/wp-json\/wp\/v2\/posts\/172225","targetHints":{"allow":["GET"]}}],"collection":[{"href":"https:\/\/www.yachtingnews.com\/de\/wp-json\/wp\/v2\/posts"}],"about":[{"href":"https:\/\/www.yachtingnews.com\/de\/wp-json\/wp\/v2\/types\/post"}],"author":[{"embeddable":true,"href":"https:\/\/www.yachtingnews.com\/de\/wp-json\/wp\/v2\/users\/45"}],"replies":[{"embeddable":true,"href":"https:\/\/www.yachtingnews.com\/de\/wp-json\/wp\/v2\/comments?post=172225"}],"version-history":[{"count":2,"href":"https:\/\/www.yachtingnews.com\/de\/wp-json\/wp\/v2\/posts\/172225\/revisions"}],"predecessor-version":[{"id":172232,"href":"https:\/\/www.yachtingnews.com\/de\/wp-json\/wp\/v2\/posts\/172225\/revisions\/172232"}],"wp:featuredmedia":[{"embeddable":true,"href":"https:\/\/www.yachtingnews.com\/de\/wp-json\/wp\/v2\/media\/172226"}],"wp:attachment":[{"href":"https:\/\/www.yachtingnews.com\/de\/wp-json\/wp\/v2\/media?parent=172225"}],"wp:term":[{"taxonomy":"category","embeddable":true,"href":"https:\/\/www.yachtingnews.com\/de\/wp-json\/wp\/v2\/categories?post=172225"},{"taxonomy":"post_tag","embeddable":true,"href":"https:\/\/www.yachtingnews.com\/de\/wp-json\/wp\/v2\/tags?post=172225"}],"curies":[{"name":"wp","href":"https:\/\/api.w.org\/{rel}","templated":true}]}}