{"id":108203,"date":"2024-04-12T02:19:00","date_gmt":"2024-04-12T01:19:00","guid":{"rendered":"https:\/\/yachtingnews.com\/solemar-dias-de-abierto-programadas-para-el-4-5-de-mayo-en-peschiera-del-garda\/"},"modified":"2024-05-01T21:34:11","modified_gmt":"2024-05-01T20:34:11","slug":"solemar-dias-abiertos-2","status":"publish","type":"post","link":"https:\/\/www.yachtingnews.com\/es\/solemar-dias-abiertos-2\/","title":{"rendered":"Solemar: jornadas de puertas abiertas programadas para los d\u00edas 4 y 5 de mayo en Peschiera del Garda"},"content":{"rendered":"\t\t<div data-elementor-type=\"wp-post\" data-elementor-id=\"108203\" class=\"elementor elementor-108203 elementor-108180\" data-elementor-post-type=\"post\">\n\t\t\t\t\t\t<section class=\"elementor-section elementor-top-section elementor-element elementor-element-245e771f elementor-section-boxed elementor-section-height-default elementor-section-height-default\" data-id=\"245e771f\" data-element_type=\"section\" data-e-type=\"section\">\n\t\t\t\t\t\t<div class=\"elementor-container elementor-column-gap-default\">\n\t\t\t\t\t<div class=\"elementor-column elementor-col-100 elementor-top-column elementor-element elementor-element-67363c36\" data-id=\"67363c36\" data-element_type=\"column\" data-e-type=\"column\">\n\t\t\t<div class=\"elementor-widget-wrap elementor-element-populated\">\n\t\t\t\t\t\t<div class=\"elementor-element elementor-element-7c461760 elementor-widget elementor-widget-text-editor\" data-id=\"7c461760\" data-element_type=\"widget\" data-e-type=\"widget\" data-widget_type=\"text-editor.default\">\n\t\t\t\t<div class=\"elementor-widget-container\">\n\t\t\t\t\t\t\t\t\t<h3 class=\"western\">Jornadas de puertas abiertas Solemar<\/h3>\n<p>Los d\u00edas 4 y 5 de mayo son las fechas a marcar en el calendario para todos los entusiastas de las Maxi-Ribs de Solemar. En efecto, ese fin de semana tendr\u00e1n lugar los esperados<b>\u00abOpen Days\u00bb<\/b> Solemar, organizados por el fabricante bergamasco para permitir a todos sus clientes, tanto antiguos como potenciales, probar en el agua las prestaciones de sus extraordinarios hinchables. La cita es en <b>Porto Bruno Manfredi, en Peschiera del Garda <\/b>(Verona), que ofrecer\u00e1 sus impresionantes aguas lacustres para las regatas a bordo de los Ribs disponibles para las pruebas. Las jornadas de puertas abiertas de Solemar se organizan en colaboraci\u00f3n con Mercury, Nautica Pezzotti y Raymarine. Para participar, es obligatorio reservar el an\u00e1lisis del agua <a href=\"https:\/\/solemaritalia.it\/landing-peschiera\/\">rellenando un formulario en el sitio web de Solemar. <\/a> <\/p>\n<p><img decoding=\"async\" class=\"alignright wp-image-108186\" title=\"Solemar-D\u00edas de puertas abiertas\" src=\"https:\/\/yachtingnews.com\/wp-content\/uploads\/2024\/04\/Solemar-Open-Days-300x300.webp\" alt=\"Solemar-D\u00edas de puertas abiertas\" width=\"350\" height=\"350\" srcset=\"https:\/\/www.yachtingnews.com\/wp-content\/uploads\/2024\/04\/Solemar-Open-Days-300x300.webp 300w, https:\/\/www.yachtingnews.com\/wp-content\/uploads\/2024\/04\/Solemar-Open-Days-150x150.webp 150w, https:\/\/www.yachtingnews.com\/wp-content\/uploads\/2024\/04\/Solemar-Open-Days.webp 768w\" sizes=\"(max-width: 350px) 100vw, 350px\" \/>El acto programado en Peschiera del Garda enmarca un a\u00f1o de excelentes resultados para Solemar, que ha lanzado <b>cuatro nuevos modelos en los \u00faltimos doce meses. <\/b> <\/p>\n<p>La \u00faltima y m\u00e1s interesante incorporaci\u00f3n es el flamante <a href=\"https:\/\/yachtingnews.com\/es\/solemar-se33-cabi-rib\/\">Solemar SE33<\/a>, del que <b>ya se ha vendido la primera unidad y la segunda est\u00e1 actualmente en construcci\u00f3n<\/b>. Se trata de una <b>semirr\u00edgida cabinada<\/b> que logra un equilibrio perfecto entre maniobrabilidad y espacio, con un casco que parte del ya excelente y probado dise\u00f1o del 32.1 Oceanic, pero con mejoras significativas en t\u00e9rminos de estabilidad y navegaci\u00f3n, incluso en las condiciones mar\u00edtimas m\u00e1s dif\u00edciles.<\/p>\n<p>Entre los expertos en n\u00e1utica, lo que m\u00e1s destaca del Solemar SE33 son sus l\u00edneas armoniosas y el uso de materiales de alta calidad, ofrecidos en combinaciones de colores c\u00e1lidos que crean un ambiente acogedor y refinado tanto en el interior como en el exterior.<\/p>\n<p>El dise\u00f1o del SE33 es realmente sofisticado y despierta la admiraci\u00f3n tanto de los entusiastas de la marca hist\u00f3rica como de los nuevos propietarios de embarcaciones. Gracias a la confianza inspirada por las primeras im\u00e1genes del SE33 y a la larga fiabilidad de la marca bergamasca, la primera unidad de este nuevo modelo se estrenar\u00e1 en el pr\u00f3ximo<b> Sal\u00f3n N\u00e1utico de Venecia<\/b> (previsto del 29 de mayo al 2 de junio). Sin embargo, la redacci\u00f3n de YachtingNews ha tenido la oportunidad exclusiva de ver en primicia el nuevo Solemar SE33, del que presentamos un detalle en im\u00e1genes.<\/p>\n<p><img decoding=\"async\" class=\"aligncenter wp-image-108190 size-full\" title=\"Solemar-SE33\" src=\"https:\/\/yachtingnews.com\/wp-content\/uploads\/2024\/04\/Solemar-SE33.webp\" alt=\"Solemar-SE33\" width=\"2000\" height=\"1333\" srcset=\"https:\/\/www.yachtingnews.com\/wp-content\/uploads\/2024\/04\/Solemar-SE33.webp 2000w, https:\/\/www.yachtingnews.com\/wp-content\/uploads\/2024\/04\/Solemar-SE33-300x200.webp 300w, https:\/\/www.yachtingnews.com\/wp-content\/uploads\/2024\/04\/Solemar-SE33-1600x1066.webp 1600w, https:\/\/www.yachtingnews.com\/wp-content\/uploads\/2024\/04\/Solemar-SE33-768x512.webp 768w, https:\/\/www.yachtingnews.com\/wp-content\/uploads\/2024\/04\/Solemar-SE33-1536x1024.webp 1536w\" sizes=\"(max-width: 2000px) 100vw, 2000px\" \/><\/p>\n<p>Podemos garantiz\u00e1rselo: se trata realmente de una embarcaci\u00f3n neum\u00e1tica excepcional que ofrece no s\u00f3lo belleza, sino tambi\u00e9n un inmenso confort a bordo para cruceros de corta y media distancia. Esto se debe principalmente a la  <b>cuatro literas,  <\/b>numerosos pasamanos que facilitan el paso de popa a proa, respaldos en la zona de popa dise\u00f1ados para garantizar la comodidad y la seguridad, y una ba\u00f1era que ofrece un amplio espacio para entretener a los invitados, con un sof\u00e1 en forma de U que rodea una mesa plegable que puede transformarse en una lujosa y espaciosa zona para tomar el sol.<\/p>\n<p>El equipamiento del Solemar SE33 se completa con una cocina exterior y una moderna consola de gobierno asim\u00e9trica, componiendo una elegante y completa maxicuna que aporta un soplo de aire fresco a la oferta global de neum\u00e1ticas cabinadas, combinando la funcionalidad y habitabilidad de un barco con las impresionantes capacidades de navegaci\u00f3n de una neum\u00e1tica.<\/p>\n<p><img decoding=\"async\" class=\"aligncenter wp-image-108194 size-full\" title=\"Solemar-SE33\" src=\"https:\/\/yachtingnews.com\/wp-content\/uploads\/2024\/04\/RIB.webp\" alt=\"RIB\" width=\"1600\" height=\"900\" srcset=\"https:\/\/www.yachtingnews.com\/wp-content\/uploads\/2024\/04\/RIB.webp 1600w, https:\/\/www.yachtingnews.com\/wp-content\/uploads\/2024\/04\/RIB-300x169.webp 300w, https:\/\/www.yachtingnews.com\/wp-content\/uploads\/2024\/04\/RIB-768x432.webp 768w, https:\/\/www.yachtingnews.com\/wp-content\/uploads\/2024\/04\/RIB-1536x864.webp 1536w\" sizes=\"(max-width: 1600px) 100vw, 1600px\" \/><\/p>\n<h3 class=\"western\">Solemar es imparable<\/h3>\n<p>La producci\u00f3n del astillero avanza a toda m\u00e1quina, lo que demuestra la fiabilidad y el \u00e9xito de la marca. As\u00ed lo demuestran las cinco embarcaciones neum\u00e1ticas que tuvimos ocasi\u00f3n de admirar de primera mano. Una ocasi\u00f3n que nos permiti\u00f3 conocer de cerca el nuevo Solemar SE33, que, no nos cabe duda, est\u00e1 destinado a convertirse en poco tiempo en el nuevo icono de este hist\u00f3rico astillero.<\/p>\n\t\t\t\t\t\t\t\t<\/div>\n\t\t\t\t<\/div>\n\t\t\t\t\t<\/div>\n\t\t<\/div>\n\t\t\t\t\t<\/div>\n\t\t<\/section>\n\t\t\t\t<\/div>\n\t\t","protected":false},"excerpt":{"rendered":"<p>Jornadas de puertas abiertas Solemar Los d\u00edas 4 y 5 de mayo son las fechas a marcar en el calendario para todos los entusiastas de las Maxi-Ribs de Solemar. En efecto, ese fin de semana tendr\u00e1n lugar los esperados\u00abOpen Days\u00bb Solemar, organizados por el fabricante bergamasco para permitir a todos sus clientes, tanto antiguos como [&hellip;]<\/p>\n","protected":false},"author":45,"featured_media":108184,"comment_status":"open","ping_status":"open","sticky":false,"template":"","format":"standard","meta":{"_mo_disable_npp":"","footnotes":""},"categories":[2152,2100],"tags":[2558],"class_list":["post-108203","post","type-post","status-publish","format-standard","has-post-thumbnail","hentry","category-botes-neumaticos","category-noticias-nauticas","tag-solemar-es"],"yoast_head":"<!-- This site is optimized with the Yoast SEO plugin v28.3 - https:\/\/yoast.com\/product\/yoast-seo-wordpress\/ -->\n<title>Jornadas de Puertas Abiertas de Solemar programadas para los d\u00edas 4 y 5 de mayo - Yachting News<\/title>\n<meta name=\"description\" content=\"Programados en Peschiera del Garda, los Open Days de Solemar enmarcan un a\u00f1o de excelentes resultados para el astillero, que ha botado cuatro...\" \/>\n<meta name=\"robots\" content=\"index, follow, max-snippet:-1, max-image-preview:large, max-video-preview:-1\" \/>\n<link rel=\"canonical\" href=\"https:\/\/www.yachtingnews.com\/es\/solemar-dias-abiertos-2\/\" \/>\n<meta property=\"og:locale\" content=\"es_ES\" \/>\n<meta property=\"og:type\" content=\"article\" \/>\n<meta property=\"og:title\" content=\"Jornadas de Puertas Abiertas de Solemar programadas para los d\u00edas 4 y 5 de mayo - Yachting News\" \/>\n<meta property=\"og:description\" content=\"Programados en Peschiera del Garda, los Open Days de Solemar enmarcan un a\u00f1o de excelentes resultados para el astillero, que ha botado cuatro...\" \/>\n<meta property=\"og:url\" content=\"https:\/\/www.yachtingnews.com\/es\/solemar-dias-abiertos-2\/\" \/>\n<meta property=\"og:site_name\" content=\"Yachting News\" \/>\n<meta property=\"article:publisher\" content=\"https:\/\/www.facebook.com\/TheInternationalYachtingMedia\" \/>\n<meta property=\"article:published_time\" content=\"2024-04-12T01:19:00+00:00\" \/>\n<meta property=\"article:modified_time\" content=\"2024-05-01T20:34:11+00:00\" \/>\n<meta property=\"og:image\" content=\"https:\/\/www.yachtingnews.com\/wp-content\/uploads\/2024\/04\/Open-Days-Solemar-SX34.webp\" \/>\n\t<meta property=\"og:image:width\" content=\"1400\" \/>\n\t<meta property=\"og:image:height\" content=\"788\" \/>\n\t<meta property=\"og:image:type\" content=\"image\/webp\" \/>\n<meta name=\"author\" content=\"Alessandro Giuzio\" \/>\n<meta name=\"twitter:card\" content=\"summary_large_image\" \/>\n<meta name=\"twitter:creator\" content=\"@YachtingMedia\" \/>\n<meta name=\"twitter:site\" content=\"@YachtingMedia\" \/>\n<meta name=\"twitter:label1\" content=\"Escrito por\" \/>\n\t<meta name=\"twitter:data1\" content=\"Alessandro Giuzio\" \/>\n\t<meta name=\"twitter:label2\" content=\"Tiempo de lectura\" \/>\n\t<meta name=\"twitter:data2\" content=\"3 minutos\" \/>\n<script type=\"application\/ld+json\" class=\"yoast-schema-graph\">{\"@context\":\"https:\\\/\\\/schema.org\",\"@graph\":[{\"@type\":\"Article\",\"@id\":\"https:\\\/\\\/www.yachtingnews.com\\\/es\\\/solemar-dias-abiertos-2\\\/#article\",\"isPartOf\":{\"@id\":\"https:\\\/\\\/www.yachtingnews.com\\\/es\\\/solemar-dias-abiertos-2\\\/\"},\"author\":{\"name\":\"Alessandro Giuzio\",\"@id\":\"https:\\\/\\\/www.yachtingnews.com\\\/es\\\/#\\\/schema\\\/person\\\/d2e99eb1c7ce9e28a78d15e3d5d68eb3\"},\"headline\":\"Solemar: jornadas de puertas abiertas programadas para los d\u00edas 4 y 5 de mayo en Peschiera del Garda\",\"datePublished\":\"2024-04-12T01:19:00+00:00\",\"dateModified\":\"2024-05-01T20:34:11+00:00\",\"mainEntityOfPage\":{\"@id\":\"https:\\\/\\\/www.yachtingnews.com\\\/es\\\/solemar-dias-abiertos-2\\\/\"},\"wordCount\":653,\"commentCount\":0,\"publisher\":{\"@id\":\"https:\\\/\\\/www.yachtingnews.com\\\/es\\\/#organization\"},\"image\":{\"@id\":\"https:\\\/\\\/www.yachtingnews.com\\\/es\\\/solemar-dias-abiertos-2\\\/#primaryimage\"},\"thumbnailUrl\":\"https:\\\/\\\/www.yachtingnews.com\\\/wp-content\\\/uploads\\\/2024\\\/04\\\/Open-Days-Solemar-SX34.webp\",\"keywords\":[\"Solemar\"],\"articleSection\":[\"EMBARCACIONES NEUM\u00c1TICAS\",\"Noticias\"],\"inLanguage\":\"es\",\"potentialAction\":[{\"@type\":\"CommentAction\",\"name\":\"Comment\",\"target\":[\"https:\\\/\\\/www.yachtingnews.com\\\/es\\\/solemar-dias-abiertos-2\\\/#respond\"]}]},{\"@type\":\"WebPage\",\"@id\":\"https:\\\/\\\/www.yachtingnews.com\\\/es\\\/solemar-dias-abiertos-2\\\/\",\"url\":\"https:\\\/\\\/www.yachtingnews.com\\\/es\\\/solemar-dias-abiertos-2\\\/\",\"name\":\"Jornadas de Puertas Abiertas de Solemar programadas para los d\u00edas 4 y 5 de mayo - Yachting News\",\"isPartOf\":{\"@id\":\"https:\\\/\\\/www.yachtingnews.com\\\/es\\\/#website\"},\"primaryImageOfPage\":{\"@id\":\"https:\\\/\\\/www.yachtingnews.com\\\/es\\\/solemar-dias-abiertos-2\\\/#primaryimage\"},\"image\":{\"@id\":\"https:\\\/\\\/www.yachtingnews.com\\\/es\\\/solemar-dias-abiertos-2\\\/#primaryimage\"},\"thumbnailUrl\":\"https:\\\/\\\/www.yachtingnews.com\\\/wp-content\\\/uploads\\\/2024\\\/04\\\/Open-Days-Solemar-SX34.webp\",\"datePublished\":\"2024-04-12T01:19:00+00:00\",\"dateModified\":\"2024-05-01T20:34:11+00:00\",\"description\":\"Programados en Peschiera del Garda, los Open Days de Solemar enmarcan un a\u00f1o de excelentes resultados para el astillero, que ha botado cuatro...\",\"breadcrumb\":{\"@id\":\"https:\\\/\\\/www.yachtingnews.com\\\/es\\\/solemar-dias-abiertos-2\\\/#breadcrumb\"},\"inLanguage\":\"es\",\"potentialAction\":[{\"@type\":\"ReadAction\",\"target\":[\"https:\\\/\\\/www.yachtingnews.com\\\/es\\\/solemar-dias-abiertos-2\\\/\"]}]},{\"@type\":\"ImageObject\",\"inLanguage\":\"es\",\"@id\":\"https:\\\/\\\/www.yachtingnews.com\\\/es\\\/solemar-dias-abiertos-2\\\/#primaryimage\",\"url\":\"https:\\\/\\\/www.yachtingnews.com\\\/wp-content\\\/uploads\\\/2024\\\/04\\\/Open-Days-Solemar-SX34.webp\",\"contentUrl\":\"https:\\\/\\\/www.yachtingnews.com\\\/wp-content\\\/uploads\\\/2024\\\/04\\\/Open-Days-Solemar-SX34.webp\",\"width\":1400,\"height\":788,\"caption\":\"Solemar-D\u00edas Abiertos-SX34\"},{\"@type\":\"BreadcrumbList\",\"@id\":\"https:\\\/\\\/www.yachtingnews.com\\\/es\\\/solemar-dias-abiertos-2\\\/#breadcrumb\",\"itemListElement\":[{\"@type\":\"ListItem\",\"position\":1,\"name\":\"Home\",\"item\":\"https:\\\/\\\/www.yachtingnews.com\\\/es\\\/yachting-news-2\\\/\"},{\"@type\":\"ListItem\",\"position\":2,\"name\":\"Solemar: jornadas de puertas abiertas programadas para los d\u00edas 4 y 5 de mayo en Peschiera del Garda\"}]},{\"@type\":\"WebSite\",\"@id\":\"https:\\\/\\\/www.yachtingnews.com\\\/es\\\/#website\",\"url\":\"https:\\\/\\\/www.yachtingnews.com\\\/es\\\/\",\"name\":\"Yachting News\",\"description\":\"The International Yachting Media\",\"publisher\":{\"@id\":\"https:\\\/\\\/www.yachtingnews.com\\\/es\\\/#organization\"},\"potentialAction\":[{\"@type\":\"SearchAction\",\"target\":{\"@type\":\"EntryPoint\",\"urlTemplate\":\"https:\\\/\\\/www.yachtingnews.com\\\/es\\\/?s={search_term_string}\"},\"query-input\":{\"@type\":\"PropertyValueSpecification\",\"valueRequired\":true,\"valueName\":\"search_term_string\"}}],\"inLanguage\":\"es\"},{\"@type\":\"Organization\",\"@id\":\"https:\\\/\\\/www.yachtingnews.com\\\/es\\\/#organization\",\"name\":\"Yachting News\",\"url\":\"https:\\\/\\\/www.yachtingnews.com\\\/es\\\/\",\"logo\":{\"@type\":\"ImageObject\",\"inLanguage\":\"es\",\"@id\":\"https:\\\/\\\/www.yachtingnews.com\\\/es\\\/#\\\/schema\\\/logo\\\/image\\\/\",\"url\":\"https:\\\/\\\/www.yachtingnews.com\\\/wp-content\\\/uploads\\\/2023\\\/02\\\/LOGO-Yachting-NEWS-blu-800.png\",\"contentUrl\":\"https:\\\/\\\/www.yachtingnews.com\\\/wp-content\\\/uploads\\\/2023\\\/02\\\/LOGO-Yachting-NEWS-blu-800.png\",\"width\":790,\"height\":99,\"caption\":\"Yachting News\"},\"image\":{\"@id\":\"https:\\\/\\\/www.yachtingnews.com\\\/es\\\/#\\\/schema\\\/logo\\\/image\\\/\"},\"sameAs\":[\"https:\\\/\\\/www.facebook.com\\\/TheInternationalYachtingMedia\",\"https:\\\/\\\/x.com\\\/YachtingMedia\",\"https:\\\/\\\/www.instagram.com\\\/yachting.news\\\/\",\"https:\\\/\\\/www.linkedin.com\\\/company\\\/the-international-yachting-media\",\"https:\\\/\\\/www.youtube.com\\\/c\\\/TheInternationalYachtingMedia\"]},{\"@type\":\"Person\",\"@id\":\"https:\\\/\\\/www.yachtingnews.com\\\/es\\\/#\\\/schema\\\/person\\\/d2e99eb1c7ce9e28a78d15e3d5d68eb3\",\"name\":\"Alessandro Giuzio\",\"image\":{\"@type\":\"ImageObject\",\"inLanguage\":\"es\",\"@id\":\"https:\\\/\\\/www.yachtingnews.com\\\/wp-content\\\/litespeed\\\/avatar\\\/a99e5f8da4fc551fb53eb9f1fec61fb4.jpg?ver=1788189881\",\"url\":\"https:\\\/\\\/www.yachtingnews.com\\\/wp-content\\\/litespeed\\\/avatar\\\/a99e5f8da4fc551fb53eb9f1fec61fb4.jpg?ver=1788189881\",\"contentUrl\":\"https:\\\/\\\/www.yachtingnews.com\\\/wp-content\\\/litespeed\\\/avatar\\\/a99e5f8da4fc551fb53eb9f1fec61fb4.jpg?ver=1788189881\",\"caption\":\"Alessandro Giuzio\"},\"description\":\"Alessandro is a professional journalist and contributes to The International Yachting Media since 2022. He is an expert on the sea and of course on boats.\",\"url\":\"https:\\\/\\\/www.yachtingnews.com\\\/es\\\/author\\\/alexgiuzio\\\/\"}]}<\/script>\n<!-- \/ Yoast SEO plugin. -->","yoast_head_json":{"title":"Jornadas de Puertas Abiertas de Solemar programadas para los d\u00edas 4 y 5 de mayo - Yachting News","description":"Programados en Peschiera del Garda, los Open Days de Solemar enmarcan un a\u00f1o de excelentes resultados para el astillero, que ha botado cuatro...","robots":{"index":"index","follow":"follow","max-snippet":"max-snippet:-1","max-image-preview":"max-image-preview:large","max-video-preview":"max-video-preview:-1"},"canonical":"https:\/\/www.yachtingnews.com\/es\/solemar-dias-abiertos-2\/","og_locale":"es_ES","og_type":"article","og_title":"Jornadas de Puertas Abiertas de Solemar programadas para los d\u00edas 4 y 5 de mayo - Yachting News","og_description":"Programados en Peschiera del Garda, los Open Days de Solemar enmarcan un a\u00f1o de excelentes resultados para el astillero, que ha botado cuatro...","og_url":"https:\/\/www.yachtingnews.com\/es\/solemar-dias-abiertos-2\/","og_site_name":"Yachting News","article_publisher":"https:\/\/www.facebook.com\/TheInternationalYachtingMedia","article_published_time":"2024-04-12T01:19:00+00:00","article_modified_time":"2024-05-01T20:34:11+00:00","og_image":[{"width":1400,"height":788,"url":"https:\/\/www.yachtingnews.com\/wp-content\/uploads\/2024\/04\/Open-Days-Solemar-SX34.webp","type":"image\/webp"}],"author":"Alessandro Giuzio","twitter_card":"summary_large_image","twitter_creator":"@YachtingMedia","twitter_site":"@YachtingMedia","twitter_misc":{"Escrito por":"Alessandro Giuzio","Tiempo de lectura":"3 minutos"},"schema":{"@context":"https:\/\/schema.org","@graph":[{"@type":"Article","@id":"https:\/\/www.yachtingnews.com\/es\/solemar-dias-abiertos-2\/#article","isPartOf":{"@id":"https:\/\/www.yachtingnews.com\/es\/solemar-dias-abiertos-2\/"},"author":{"name":"Alessandro Giuzio","@id":"https:\/\/www.yachtingnews.com\/es\/#\/schema\/person\/d2e99eb1c7ce9e28a78d15e3d5d68eb3"},"headline":"Solemar: jornadas de puertas abiertas programadas para los d\u00edas 4 y 5 de mayo en Peschiera del Garda","datePublished":"2024-04-12T01:19:00+00:00","dateModified":"2024-05-01T20:34:11+00:00","mainEntityOfPage":{"@id":"https:\/\/www.yachtingnews.com\/es\/solemar-dias-abiertos-2\/"},"wordCount":653,"commentCount":0,"publisher":{"@id":"https:\/\/www.yachtingnews.com\/es\/#organization"},"image":{"@id":"https:\/\/www.yachtingnews.com\/es\/solemar-dias-abiertos-2\/#primaryimage"},"thumbnailUrl":"https:\/\/www.yachtingnews.com\/wp-content\/uploads\/2024\/04\/Open-Days-Solemar-SX34.webp","keywords":["Solemar"],"articleSection":["EMBARCACIONES NEUM\u00c1TICAS","Noticias"],"inLanguage":"es","potentialAction":[{"@type":"CommentAction","name":"Comment","target":["https:\/\/www.yachtingnews.com\/es\/solemar-dias-abiertos-2\/#respond"]}]},{"@type":"WebPage","@id":"https:\/\/www.yachtingnews.com\/es\/solemar-dias-abiertos-2\/","url":"https:\/\/www.yachtingnews.com\/es\/solemar-dias-abiertos-2\/","name":"Jornadas de Puertas Abiertas de Solemar programadas para los d\u00edas 4 y 5 de mayo - Yachting News","isPartOf":{"@id":"https:\/\/www.yachtingnews.com\/es\/#website"},"primaryImageOfPage":{"@id":"https:\/\/www.yachtingnews.com\/es\/solemar-dias-abiertos-2\/#primaryimage"},"image":{"@id":"https:\/\/www.yachtingnews.com\/es\/solemar-dias-abiertos-2\/#primaryimage"},"thumbnailUrl":"https:\/\/www.yachtingnews.com\/wp-content\/uploads\/2024\/04\/Open-Days-Solemar-SX34.webp","datePublished":"2024-04-12T01:19:00+00:00","dateModified":"2024-05-01T20:34:11+00:00","description":"Programados en Peschiera del Garda, los Open Days de Solemar enmarcan un a\u00f1o de excelentes resultados para el astillero, que ha botado cuatro...","breadcrumb":{"@id":"https:\/\/www.yachtingnews.com\/es\/solemar-dias-abiertos-2\/#breadcrumb"},"inLanguage":"es","potentialAction":[{"@type":"ReadAction","target":["https:\/\/www.yachtingnews.com\/es\/solemar-dias-abiertos-2\/"]}]},{"@type":"ImageObject","inLanguage":"es","@id":"https:\/\/www.yachtingnews.com\/es\/solemar-dias-abiertos-2\/#primaryimage","url":"https:\/\/www.yachtingnews.com\/wp-content\/uploads\/2024\/04\/Open-Days-Solemar-SX34.webp","contentUrl":"https:\/\/www.yachtingnews.com\/wp-content\/uploads\/2024\/04\/Open-Days-Solemar-SX34.webp","width":1400,"height":788,"caption":"Solemar-D\u00edas Abiertos-SX34"},{"@type":"BreadcrumbList","@id":"https:\/\/www.yachtingnews.com\/es\/solemar-dias-abiertos-2\/#breadcrumb","itemListElement":[{"@type":"ListItem","position":1,"name":"Home","item":"https:\/\/www.yachtingnews.com\/es\/yachting-news-2\/"},{"@type":"ListItem","position":2,"name":"Solemar: jornadas de puertas abiertas programadas para los d\u00edas 4 y 5 de mayo en Peschiera del Garda"}]},{"@type":"WebSite","@id":"https:\/\/www.yachtingnews.com\/es\/#website","url":"https:\/\/www.yachtingnews.com\/es\/","name":"Yachting News","description":"The International Yachting Media","publisher":{"@id":"https:\/\/www.yachtingnews.com\/es\/#organization"},"potentialAction":[{"@type":"SearchAction","target":{"@type":"EntryPoint","urlTemplate":"https:\/\/www.yachtingnews.com\/es\/?s={search_term_string}"},"query-input":{"@type":"PropertyValueSpecification","valueRequired":true,"valueName":"search_term_string"}}],"inLanguage":"es"},{"@type":"Organization","@id":"https:\/\/www.yachtingnews.com\/es\/#organization","name":"Yachting News","url":"https:\/\/www.yachtingnews.com\/es\/","logo":{"@type":"ImageObject","inLanguage":"es","@id":"https:\/\/www.yachtingnews.com\/es\/#\/schema\/logo\/image\/","url":"https:\/\/www.yachtingnews.com\/wp-content\/uploads\/2023\/02\/LOGO-Yachting-NEWS-blu-800.png","contentUrl":"https:\/\/www.yachtingnews.com\/wp-content\/uploads\/2023\/02\/LOGO-Yachting-NEWS-blu-800.png","width":790,"height":99,"caption":"Yachting News"},"image":{"@id":"https:\/\/www.yachtingnews.com\/es\/#\/schema\/logo\/image\/"},"sameAs":["https:\/\/www.facebook.com\/TheInternationalYachtingMedia","https:\/\/x.com\/YachtingMedia","https:\/\/www.instagram.com\/yachting.news\/","https:\/\/www.linkedin.com\/company\/the-international-yachting-media","https:\/\/www.youtube.com\/c\/TheInternationalYachtingMedia"]},{"@type":"Person","@id":"https:\/\/www.yachtingnews.com\/es\/#\/schema\/person\/d2e99eb1c7ce9e28a78d15e3d5d68eb3","name":"Alessandro Giuzio","image":{"@type":"ImageObject","inLanguage":"es","@id":"https:\/\/www.yachtingnews.com\/wp-content\/litespeed\/avatar\/a99e5f8da4fc551fb53eb9f1fec61fb4.jpg?ver=1788189881","url":"https:\/\/www.yachtingnews.com\/wp-content\/litespeed\/avatar\/a99e5f8da4fc551fb53eb9f1fec61fb4.jpg?ver=1788189881","contentUrl":"https:\/\/www.yachtingnews.com\/wp-content\/litespeed\/avatar\/a99e5f8da4fc551fb53eb9f1fec61fb4.jpg?ver=1788189881","caption":"Alessandro Giuzio"},"description":"Alessandro is a professional journalist and contributes to The International Yachting Media since 2022. He is an expert on the sea and of course on boats.","url":"https:\/\/www.yachtingnews.com\/es\/author\/alexgiuzio\/"}]}},"_links":{"self":[{"href":"https:\/\/www.yachtingnews.com\/es\/wp-json\/wp\/v2\/posts\/108203","targetHints":{"allow":["GET"]}}],"collection":[{"href":"https:\/\/www.yachtingnews.com\/es\/wp-json\/wp\/v2\/posts"}],"about":[{"href":"https:\/\/www.yachtingnews.com\/es\/wp-json\/wp\/v2\/types\/post"}],"author":[{"embeddable":true,"href":"https:\/\/www.yachtingnews.com\/es\/wp-json\/wp\/v2\/users\/45"}],"replies":[{"embeddable":true,"href":"https:\/\/www.yachtingnews.com\/es\/wp-json\/wp\/v2\/comments?post=108203"}],"version-history":[{"count":0,"href":"https:\/\/www.yachtingnews.com\/es\/wp-json\/wp\/v2\/posts\/108203\/revisions"}],"wp:featuredmedia":[{"embeddable":true,"href":"https:\/\/www.yachtingnews.com\/es\/wp-json\/wp\/v2\/media\/108184"}],"wp:attachment":[{"href":"https:\/\/www.yachtingnews.com\/es\/wp-json\/wp\/v2\/media?parent=108203"}],"wp:term":[{"taxonomy":"category","embeddable":true,"href":"https:\/\/www.yachtingnews.com\/es\/wp-json\/wp\/v2\/categories?post=108203"},{"taxonomy":"post_tag","embeddable":true,"href":"https:\/\/www.yachtingnews.com\/es\/wp-json\/wp\/v2\/tags?post=108203"}],"curies":[{"name":"wp","href":"https:\/\/api.w.org\/{rel}","templated":true}]}}