{"id":109950,"date":"2024-05-11T02:19:00","date_gmt":"2024-05-11T01:19:00","guid":{"rendered":"https:\/\/yachtingnews.com\/jeanneau-yachts-reunion-de-propietarios-25-anos\/"},"modified":"2024-05-11T02:19:47","modified_gmt":"2024-05-11T01:19:47","slug":"jeanneau-yachts-reunion-de-propietarios-25-anos","status":"publish","type":"post","link":"https:\/\/www.yachtingnews.com\/es\/jeanneau-yachts-reunion-de-propietarios-25-anos\/","title":{"rendered":"REUNI\u00d3N DE PROPIETARIOS DE JEANNEAU YACHTS, 25 a\u00f1os de \u00e9xito"},"content":{"rendered":"\t\t<div data-elementor-type=\"wp-post\" data-elementor-id=\"109950\" class=\"elementor elementor-109950 elementor-109860\" data-elementor-post-type=\"post\">\n\t\t\t\t\t\t<section class=\"elementor-section elementor-top-section elementor-element elementor-element-6084aac2 elementor-section-boxed elementor-section-height-default elementor-section-height-default\" data-id=\"6084aac2\" data-element_type=\"section\" data-e-type=\"section\">\n\t\t\t\t\t\t<div class=\"elementor-container elementor-column-gap-default\">\n\t\t\t\t\t<div class=\"elementor-column elementor-col-100 elementor-top-column elementor-element elementor-element-67060fff\" data-id=\"67060fff\" data-element_type=\"column\" data-e-type=\"column\">\n\t\t\t<div class=\"elementor-widget-wrap elementor-element-populated\">\n\t\t\t\t\t\t<div class=\"elementor-element elementor-element-14cdaaf elementor-widget elementor-widget-text-editor\" data-id=\"14cdaaf\" data-element_type=\"widget\" data-e-type=\"widget\" data-widget_type=\"text-editor.default\">\n\t\t\t\t<div class=\"elementor-widget-container\">\n\t\t\t\t\t\t\t\t\t<p><strong>REUNI\u00d3N DE PROPIETARIOS DE JEANNEAU YACHTS 2024, S.TROPEZ en su 25o<\/strong><strong><br \/>\n  <sup>a<\/sup><br \/>\n<\/strong><strong> edici\u00f3n<\/strong><\/p>\n<p>Cada a\u00f1o, el <a href=\"https:\/\/www.jeanneau.com\/fr\" target=\"_blank\" rel=\"noopener\">astillero<\/a> franc\u00e9s Jeanneau re\u00fane a los propietarios de los modelos Jeanneau Yachts en este lugar dedicado a la gran navegaci\u00f3n. Tres d\u00edas llenos de pasi\u00f3n por el mar y camarader\u00eda. Los propietarios de estos magn\u00edficos yates se re\u00fanen en esta bah\u00eda para competir amistosamente y redescubrir el placer de navegar en estas aguas. Esta edici\u00f3n marca el 25 aniversario, y la sensaci\u00f3n es la de estar entre familia, una familia que ha crecido a lo largo de los a\u00f1os gracias a este evento que promueve el encuentro y el intercambio de ideas entre los propietarios y el astillero.<\/p>\n<p>El s\u00e1bado por la ma\u00f1ana, durante la sesi\u00f3n informativa, el tiempo no promete nada bueno; el mar ya est\u00e1 blanco, y las rachas alcanzan hasta 35 nudos con el viento de Siroco presionando en la bah\u00eda y provocando mar gruesa, y se espera un mayor empeoramiento por la tarde.<\/p>\n\t\t\t\t\t\t\t\t<\/div>\n\t\t\t\t<\/div>\n\t\t\t\t\t<\/div>\n\t\t<\/div>\n\t\t\t\t\t<\/div>\n\t\t<\/section>\n\t\t\t\t<section class=\"elementor-section elementor-top-section elementor-element elementor-element-afdb2e8 elementor-section-boxed elementor-section-height-default elementor-section-height-default\" data-id=\"afdb2e8\" data-element_type=\"section\" data-e-type=\"section\">\n\t\t\t\t\t\t<div class=\"elementor-container elementor-column-gap-default\">\n\t\t\t\t\t<div class=\"elementor-column elementor-col-100 elementor-top-column elementor-element elementor-element-96e90c6\" data-id=\"96e90c6\" data-element_type=\"column\" data-e-type=\"column\">\n\t\t\t<div class=\"elementor-widget-wrap elementor-element-populated\">\n\t\t\t\t\t\t<div class=\"elementor-element elementor-element-e445c1e uael-img-carousel-arrow-inside uael-ins-normal elementor-widget elementor-widget-uael-image-gallery\" data-id=\"e445c1e\" data-element_type=\"widget\" data-e-type=\"widget\" data-settings=\"{&quot;slides_to_show&quot;:1,&quot;slides_to_show_tablet&quot;:1,&quot;slides_to_show_mobile&quot;:1,&quot;slides_to_scroll&quot;:1,&quot;slides_to_scroll_tablet&quot;:1,&quot;slides_to_scroll_mobile&quot;:1,&quot;column_gap&quot;:{&quot;unit&quot;:&quot;px&quot;,&quot;size&quot;:20,&quot;sizes&quot;:[]},&quot;column_gap_tablet&quot;:{&quot;unit&quot;:&quot;px&quot;,&quot;size&quot;:&quot;&quot;,&quot;sizes&quot;:[]},&quot;column_gap_mobile&quot;:{&quot;unit&quot;:&quot;px&quot;,&quot;size&quot;:&quot;&quot;,&quot;sizes&quot;:[]}}\" data-widget_type=\"uael-image-gallery.default\">\n\t\t\t\t<div class=\"elementor-widget-container\">\n\t\t\t\t\t<div class=\"uael-gallery-parent uael-caption- uael-gallery-unjustified\"><div data-image_carousel=\"{&quot;slidesToShow&quot;:1,&quot;slidesToScroll&quot;:1,&quot;autoplaySpeed&quot;:5000,&quot;autoplay&quot;:true,&quot;infinite&quot;:true,&quot;pauseOnHover&quot;:true,&quot;speed&quot;:500,&quot;arrows&quot;:true,&quot;dots&quot;:false,&quot;rtl&quot;:false,&quot;responsive&quot;:[{&quot;breakpoint&quot;:1024,&quot;settings&quot;:{&quot;slidesToShow&quot;:1,&quot;slidesToScroll&quot;:1}},{&quot;breakpoint&quot;:767,&quot;settings&quot;:{&quot;slidesToShow&quot;:1,&quot;slidesToScroll&quot;:1}}]}\" class=\"uael-img-gallery-wrap uael-img-carousel-wrap uael-nav-arrows\" data-filter-default=\"Todos\"><div class=\"uael-grid-item  uael-img-gallery-item-1\"><div class=\"uael-grid-item-content\"><figure class=\"uael-grid-img uael-grid-gallery-img uael-ins-hover elementor-clickable\"><div class=\"uael-grid-img-thumbnail uael-ins-target\"><img decoding=\"async\" width=\"1600\" height=\"1024\" src=\"https:\/\/www.yachtingnews.com\/wp-content\/uploads\/2024\/05\/jeanneau-yachts-owners-meeting.webp\" class=\"attachment-full size-full wp-image-109871\" alt=\"jeanneau yachts owners&apos; meeting\" srcset=\"https:\/\/www.yachtingnews.com\/wp-content\/uploads\/2024\/05\/jeanneau-yachts-owners-meeting.webp 1600w, https:\/\/www.yachtingnews.com\/wp-content\/uploads\/2024\/05\/jeanneau-yachts-owners-meeting-300x192.webp 300w, https:\/\/www.yachtingnews.com\/wp-content\/uploads\/2024\/05\/jeanneau-yachts-owners-meeting-768x492.webp 768w, https:\/\/www.yachtingnews.com\/wp-content\/uploads\/2024\/05\/jeanneau-yachts-owners-meeting-1536x983.webp 1536w\" sizes=\"(max-width: 1600px) 100vw, 1600px\" \/><\/div><div class=\"uael-grid-img-overlay\"><\/div><\/figure><\/div><\/div><div class=\"uael-grid-item  uael-img-gallery-item-2\"><div class=\"uael-grid-item-content\"><figure class=\"uael-grid-img uael-grid-gallery-img uael-ins-hover elementor-clickable\"><div class=\"uael-grid-img-thumbnail uael-ins-target\"><img decoding=\"async\" width=\"1600\" height=\"1024\" src=\"https:\/\/www.yachtingnews.com\/wp-content\/uploads\/2024\/05\/st-tropez.webp\" class=\"attachment-full size-full wp-image-109867\" alt=\"st tropez\" srcset=\"https:\/\/www.yachtingnews.com\/wp-content\/uploads\/2024\/05\/st-tropez.webp 1600w, https:\/\/www.yachtingnews.com\/wp-content\/uploads\/2024\/05\/st-tropez-300x192.webp 300w, https:\/\/www.yachtingnews.com\/wp-content\/uploads\/2024\/05\/st-tropez-768x492.webp 768w, https:\/\/www.yachtingnews.com\/wp-content\/uploads\/2024\/05\/st-tropez-1536x983.webp 1536w\" sizes=\"(max-width: 1600px) 100vw, 1600px\" \/><\/div><div class=\"uael-grid-img-overlay\"><\/div><\/figure><\/div><\/div><div class=\"uael-grid-item  uael-img-gallery-item-3\"><div class=\"uael-grid-item-content\"><figure class=\"uael-grid-img uael-grid-gallery-img uael-ins-hover elementor-clickable\"><div class=\"uael-grid-img-thumbnail uael-ins-target\"><img decoding=\"async\" width=\"1600\" height=\"1024\" src=\"https:\/\/www.yachtingnews.com\/wp-content\/uploads\/2024\/05\/Jeanneau-yachts.webp\" class=\"attachment-full size-full wp-image-109875\" alt=\"Jeanneau yachts\" srcset=\"https:\/\/www.yachtingnews.com\/wp-content\/uploads\/2024\/05\/Jeanneau-yachts.webp 1600w, https:\/\/www.yachtingnews.com\/wp-content\/uploads\/2024\/05\/Jeanneau-yachts-300x192.webp 300w, https:\/\/www.yachtingnews.com\/wp-content\/uploads\/2024\/05\/Jeanneau-yachts-768x492.webp 768w, https:\/\/www.yachtingnews.com\/wp-content\/uploads\/2024\/05\/Jeanneau-yachts-1536x983.webp 1536w\" sizes=\"(max-width: 1600px) 100vw, 1600px\" \/><\/div><div class=\"uael-grid-img-overlay\"><\/div><\/figure><\/div><\/div><\/div><\/div>\t\t\t\t<\/div>\n\t\t\t\t<\/div>\n\t\t\t\t\t<\/div>\n\t\t<\/div>\n\t\t\t\t\t<\/div>\n\t\t<\/section>\n\t\t\t\t<section class=\"elementor-section elementor-top-section elementor-element elementor-element-12296f1 elementor-section-boxed elementor-section-height-default elementor-section-height-default\" data-id=\"12296f1\" data-element_type=\"section\" data-e-type=\"section\">\n\t\t\t\t\t\t<div class=\"elementor-container elementor-column-gap-default\">\n\t\t\t\t\t<div class=\"elementor-column elementor-col-100 elementor-top-column elementor-element elementor-element-4c54776\" data-id=\"4c54776\" data-element_type=\"column\" data-e-type=\"column\">\n\t\t\t<div class=\"elementor-widget-wrap elementor-element-populated\">\n\t\t\t\t\t\t<div class=\"elementor-element elementor-element-fb09feb elementor-widget elementor-widget-text-editor\" data-id=\"fb09feb\" data-element_type=\"widget\" data-e-type=\"widget\" data-widget_type=\"text-editor.default\">\n\t\t\t\t<div class=\"elementor-widget-container\">\n\t\t\t\t\t\t\t\t\t<p>Los propietarios discuten qu\u00e9 hacer, y cuatro de los diez barcos presentes salen para ver si la navegaci\u00f3n prevista es factible.<\/p>\n<p>El viento entra directamente en la bah\u00eda, y los barcos est\u00e1n expuestos al viento transversal. La maniobra para abandonar el amarre es m\u00e1s complicada de lo esperado. Los capitanes, utilizando la h\u00e9lice de proa, contrarrestan la ca\u00edda de la proa en cuanto se suelta el cabo de barlovento. Las tripulaciones tiran los cabos de popa a tierra y los barcos quedan libres.<\/p>\n<p>Los yates Jeanneau 55 <em>\u00abLes Quatr Vents\u00bb, <\/em> Jeanneau Yachts 65 <em>\u00abCatari<\/em> \u00bb y Jeanneau Yachts <em>\u00abA u sole III<\/em> \u00bb abandonan el muelle y, nada m\u00e1s salir del rompeolas, se enfrentan al mar de frente con el viento de proa. Algunos izan la mayor con dos manos de rizos y despliegan parcialmente el foque, dejando la otra mitad enrollada. Los <a href=\"https:\/\/yachtingnews.com\/?s=jeanneau\">barcos<\/a> encuentran el equilibrio y, a pesar de las dif\u00edciles condiciones, viran contra el viento para salir de la bah\u00eda. Las olas hacen acto de presencia y las tripulaciones se retiran para reducir la escora. Los barcos siguen su rumbo hacia el borde de la bah\u00eda antes de virar y volver a babor con un amplio alcance.<\/p>\n\t\t\t\t\t\t\t\t<\/div>\n\t\t\t\t<\/div>\n\t\t\t\t\t<\/div>\n\t\t<\/div>\n\t\t\t\t\t<\/div>\n\t\t<\/section>\n\t\t\t\t<section class=\"elementor-section elementor-top-section elementor-element elementor-element-7988bb8 elementor-section-boxed elementor-section-height-default elementor-section-height-default\" data-id=\"7988bb8\" data-element_type=\"section\" data-e-type=\"section\">\n\t\t\t\t\t\t<div class=\"elementor-container elementor-column-gap-default\">\n\t\t\t\t\t<div class=\"elementor-column elementor-col-100 elementor-top-column elementor-element elementor-element-207c283\" data-id=\"207c283\" data-element_type=\"column\" data-e-type=\"column\">\n\t\t\t<div class=\"elementor-widget-wrap elementor-element-populated\">\n\t\t\t\t\t\t<div class=\"elementor-element elementor-element-3d1c73d uael-img-carousel-arrow-inside uael-ins-normal elementor-widget elementor-widget-uael-image-gallery\" data-id=\"3d1c73d\" data-element_type=\"widget\" data-e-type=\"widget\" data-settings=\"{&quot;slides_to_show&quot;:1,&quot;slides_to_show_tablet&quot;:1,&quot;slides_to_show_mobile&quot;:1,&quot;slides_to_scroll&quot;:1,&quot;slides_to_scroll_tablet&quot;:1,&quot;slides_to_scroll_mobile&quot;:1,&quot;column_gap&quot;:{&quot;unit&quot;:&quot;px&quot;,&quot;size&quot;:20,&quot;sizes&quot;:[]},&quot;column_gap_tablet&quot;:{&quot;unit&quot;:&quot;px&quot;,&quot;size&quot;:&quot;&quot;,&quot;sizes&quot;:[]},&quot;column_gap_mobile&quot;:{&quot;unit&quot;:&quot;px&quot;,&quot;size&quot;:&quot;&quot;,&quot;sizes&quot;:[]}}\" data-widget_type=\"uael-image-gallery.default\">\n\t\t\t\t<div class=\"elementor-widget-container\">\n\t\t\t\t\t<div class=\"uael-gallery-parent uael-caption- uael-gallery-unjustified\"><div data-image_carousel=\"{&quot;slidesToShow&quot;:1,&quot;slidesToScroll&quot;:1,&quot;autoplaySpeed&quot;:5000,&quot;autoplay&quot;:true,&quot;infinite&quot;:true,&quot;pauseOnHover&quot;:true,&quot;speed&quot;:500,&quot;arrows&quot;:true,&quot;dots&quot;:false,&quot;rtl&quot;:false,&quot;responsive&quot;:[{&quot;breakpoint&quot;:1024,&quot;settings&quot;:{&quot;slidesToShow&quot;:1,&quot;slidesToScroll&quot;:1}},{&quot;breakpoint&quot;:767,&quot;settings&quot;:{&quot;slidesToShow&quot;:1,&quot;slidesToScroll&quot;:1}}]}\" class=\"uael-img-gallery-wrap uael-img-carousel-wrap uael-nav-arrows\" data-filter-default=\"Todos\"><div class=\"uael-grid-item  uael-img-gallery-item-1\"><div class=\"uael-grid-item-content\"><a class=\"uael-grid-img uael-grid-gallery-img uael-ins-hover elementor-clickable\" target=\"_blank\" rel=\"dofollow\" href=\"https:\/\/www.yachtingnews.com\/wp-content\/uploads\/2024\/05\/Jeanneau-Yachts-60.webp\" data-elementor-open-lightbox=\"no\"><div class=\"uael-grid-img-thumbnail uael-ins-target\"><img decoding=\"async\" width=\"1600\" height=\"1024\" src=\"https:\/\/www.yachtingnews.com\/wp-content\/uploads\/2024\/05\/Jeanneau-Yachts-60.webp\" class=\"attachment-full size-full wp-image-109887\" alt=\"Jeanneau Yachts 60\" srcset=\"https:\/\/www.yachtingnews.com\/wp-content\/uploads\/2024\/05\/Jeanneau-Yachts-60.webp 1600w, https:\/\/www.yachtingnews.com\/wp-content\/uploads\/2024\/05\/Jeanneau-Yachts-60-300x192.webp 300w, https:\/\/www.yachtingnews.com\/wp-content\/uploads\/2024\/05\/Jeanneau-Yachts-60-768x492.webp 768w, https:\/\/www.yachtingnews.com\/wp-content\/uploads\/2024\/05\/Jeanneau-Yachts-60-1536x983.webp 1536w\" sizes=\"(max-width: 1600px) 100vw, 1600px\" \/><\/div><div class=\"uael-grid-img-overlay\"><\/div><\/a><\/div><\/div><div class=\"uael-grid-item  uael-img-gallery-item-2\"><div class=\"uael-grid-item-content\"><a class=\"uael-grid-img uael-grid-gallery-img uael-ins-hover elementor-clickable\" target=\"_blank\" rel=\"dofollow\" href=\"https:\/\/www.yachtingnews.com\/wp-content\/uploads\/2024\/05\/sailing.webp\" data-elementor-open-lightbox=\"no\"><div class=\"uael-grid-img-thumbnail uael-ins-target\"><img decoding=\"async\" width=\"1600\" height=\"1024\" src=\"https:\/\/www.yachtingnews.com\/wp-content\/uploads\/2024\/05\/sailing.webp\" class=\"attachment-full size-full wp-image-109883\" alt=\"sailing\" srcset=\"https:\/\/www.yachtingnews.com\/wp-content\/uploads\/2024\/05\/sailing.webp 1600w, https:\/\/www.yachtingnews.com\/wp-content\/uploads\/2024\/05\/sailing-300x192.webp 300w, https:\/\/www.yachtingnews.com\/wp-content\/uploads\/2024\/05\/sailing-768x492.webp 768w, https:\/\/www.yachtingnews.com\/wp-content\/uploads\/2024\/05\/sailing-1536x983.webp 1536w\" sizes=\"(max-width: 1600px) 100vw, 1600px\" \/><\/div><div class=\"uael-grid-img-overlay\"><\/div><\/a><\/div><\/div><div class=\"uael-grid-item  uael-img-gallery-item-3\"><div class=\"uael-grid-item-content\"><a class=\"uael-grid-img uael-grid-gallery-img uael-ins-hover elementor-clickable\" target=\"_blank\" rel=\"dofollow\" href=\"https:\/\/www.yachtingnews.com\/wp-content\/uploads\/2024\/05\/Jeanneau-Yachts-Owners-meeting-2024.webp\" data-elementor-open-lightbox=\"no\"><div class=\"uael-grid-img-thumbnail uael-ins-target\"><img decoding=\"async\" width=\"1600\" height=\"1024\" src=\"https:\/\/www.yachtingnews.com\/wp-content\/uploads\/2024\/05\/Jeanneau-Yachts-Owners-meeting-2024.webp\" class=\"attachment-full size-full wp-image-109879\" alt=\"\" srcset=\"https:\/\/www.yachtingnews.com\/wp-content\/uploads\/2024\/05\/Jeanneau-Yachts-Owners-meeting-2024.webp 1600w, https:\/\/www.yachtingnews.com\/wp-content\/uploads\/2024\/05\/Jeanneau-Yachts-Owners-meeting-2024-300x192.webp 300w, https:\/\/www.yachtingnews.com\/wp-content\/uploads\/2024\/05\/Jeanneau-Yachts-Owners-meeting-2024-768x492.webp 768w, https:\/\/www.yachtingnews.com\/wp-content\/uploads\/2024\/05\/Jeanneau-Yachts-Owners-meeting-2024-1536x983.webp 1536w\" sizes=\"(max-width: 1600px) 100vw, 1600px\" \/><\/div><div class=\"uael-grid-img-overlay\"><\/div><\/a><\/div><\/div><\/div><\/div>\t\t\t\t<\/div>\n\t\t\t\t<\/div>\n\t\t\t\t\t<\/div>\n\t\t<\/div>\n\t\t\t\t\t<\/div>\n\t\t<\/section>\n\t\t\t\t<section class=\"elementor-section elementor-top-section elementor-element elementor-element-8472ad2 elementor-section-boxed elementor-section-height-default elementor-section-height-default\" data-id=\"8472ad2\" data-element_type=\"section\" data-e-type=\"section\">\n\t\t\t\t\t\t<div class=\"elementor-container elementor-column-gap-default\">\n\t\t\t\t\t<div class=\"elementor-column elementor-col-100 elementor-top-column elementor-element elementor-element-18299d0\" data-id=\"18299d0\" data-element_type=\"column\" data-e-type=\"column\">\n\t\t\t<div class=\"elementor-widget-wrap elementor-element-populated\">\n\t\t\t\t\t\t<div class=\"elementor-element elementor-element-ec6a61a elementor-widget elementor-widget-text-editor\" data-id=\"ec6a61a\" data-element_type=\"widget\" data-e-type=\"widget\" data-widget_type=\"text-editor.default\">\n\t\t\t\t<div class=\"elementor-widget-container\">\n\t\t\t\t\t\t\t\t\t<p>Yo tambi\u00e9n salgo en el Jeanneau Yachts 60 \u00abSublime\u00bb. Nos ponemos los chubasqueros y los chalecos porque las olas superan ya el metro y medio de altura. A pesar del viento cruzado, conseguimos salir ayudados por la h\u00e9lice de proa. Justo fuera del puerto, izamos un peque\u00f1o trozo de vela mayor y la vela de estay, ya fijada con un palo de bigotera en el segundo estay de proa.<\/p>\n<p>Tenemos 27 nudos de viento verdadero y mar muy agitado. Apretamos, y el barco acelera r\u00e1pidamente sin escorar demasiado. Ciertamente, un barco de 60 pies marca hoy la diferencia; habr\u00eda sido realmente dif\u00edcil salir con barcos m\u00e1s peque\u00f1os. Evidentemente, la regata se cancela, y salimos s\u00f3lo por el placer de probar los barcos de Jeanneau Yachts en estas condiciones. Gracias a la gran barra antivuelco y a la protecci\u00f3n del bimini, no sentimos el fr\u00edo, y la ba\u00f1era permanece completamente seca mientras las olas mojan la cubierta de proa.<\/p>\n\t\t\t\t\t\t\t\t<\/div>\n\t\t\t\t<\/div>\n\t\t\t\t\t<\/div>\n\t\t<\/div>\n\t\t\t\t\t<\/div>\n\t\t<\/section>\n\t\t\t\t<section class=\"elementor-section elementor-top-section elementor-element elementor-element-abf1a98 elementor-section-boxed elementor-section-height-default elementor-section-height-default\" data-id=\"abf1a98\" data-element_type=\"section\" data-e-type=\"section\">\n\t\t\t\t\t\t<div class=\"elementor-container elementor-column-gap-default\">\n\t\t\t\t\t<div class=\"elementor-column elementor-col-100 elementor-top-column elementor-element elementor-element-6c166c0\" data-id=\"6c166c0\" data-element_type=\"column\" data-e-type=\"column\">\n\t\t\t<div class=\"elementor-widget-wrap elementor-element-populated\">\n\t\t\t\t\t\t<div class=\"elementor-element elementor-element-2534e1b uael-img-carousel-arrow-inside uael-ins-normal elementor-widget elementor-widget-uael-image-gallery\" data-id=\"2534e1b\" data-element_type=\"widget\" data-e-type=\"widget\" data-settings=\"{&quot;slides_to_show&quot;:1,&quot;slides_to_show_tablet&quot;:1,&quot;slides_to_show_mobile&quot;:1,&quot;slides_to_scroll&quot;:1,&quot;slides_to_scroll_tablet&quot;:1,&quot;slides_to_scroll_mobile&quot;:1,&quot;column_gap&quot;:{&quot;unit&quot;:&quot;px&quot;,&quot;size&quot;:20,&quot;sizes&quot;:[]},&quot;column_gap_tablet&quot;:{&quot;unit&quot;:&quot;px&quot;,&quot;size&quot;:&quot;&quot;,&quot;sizes&quot;:[]},&quot;column_gap_mobile&quot;:{&quot;unit&quot;:&quot;px&quot;,&quot;size&quot;:&quot;&quot;,&quot;sizes&quot;:[]}}\" data-widget_type=\"uael-image-gallery.default\">\n\t\t\t\t<div class=\"elementor-widget-container\">\n\t\t\t\t\t<div class=\"uael-gallery-parent uael-caption- uael-gallery-unjustified\"><div data-image_carousel=\"{&quot;slidesToShow&quot;:1,&quot;slidesToScroll&quot;:1,&quot;autoplaySpeed&quot;:5000,&quot;autoplay&quot;:true,&quot;infinite&quot;:true,&quot;pauseOnHover&quot;:true,&quot;speed&quot;:500,&quot;arrows&quot;:true,&quot;dots&quot;:false,&quot;rtl&quot;:false,&quot;responsive&quot;:[{&quot;breakpoint&quot;:1024,&quot;settings&quot;:{&quot;slidesToShow&quot;:1,&quot;slidesToScroll&quot;:1}},{&quot;breakpoint&quot;:767,&quot;settings&quot;:{&quot;slidesToShow&quot;:1,&quot;slidesToScroll&quot;:1}}]}\" class=\"uael-img-gallery-wrap uael-img-carousel-wrap uael-nav-arrows\" data-filter-default=\"Todos\"><div class=\"uael-grid-item  uael-img-gallery-item-1\"><div class=\"uael-grid-item-content\"><figure class=\"uael-grid-img uael-grid-gallery-img uael-ins-hover elementor-clickable\"><div class=\"uael-grid-img-thumbnail uael-ins-target\"><img decoding=\"async\" width=\"1600\" height=\"1024\" src=\"https:\/\/www.yachtingnews.com\/wp-content\/uploads\/2024\/05\/steering.webp\" class=\"attachment-full size-full wp-image-109899\" alt=\"steering\" srcset=\"https:\/\/www.yachtingnews.com\/wp-content\/uploads\/2024\/05\/steering.webp 1600w, https:\/\/www.yachtingnews.com\/wp-content\/uploads\/2024\/05\/steering-300x192.webp 300w, https:\/\/www.yachtingnews.com\/wp-content\/uploads\/2024\/05\/steering-768x492.webp 768w, https:\/\/www.yachtingnews.com\/wp-content\/uploads\/2024\/05\/steering-1536x983.webp 1536w\" sizes=\"(max-width: 1600px) 100vw, 1600px\" \/><\/div><div class=\"uael-grid-img-overlay\"><\/div><\/figure><\/div><\/div><div class=\"uael-grid-item  uael-img-gallery-item-2\"><div class=\"uael-grid-item-content\"><figure class=\"uael-grid-img uael-grid-gallery-img uael-ins-hover elementor-clickable\"><div class=\"uael-grid-img-thumbnail uael-ins-target\"><img decoding=\"async\" width=\"1600\" height=\"1024\" src=\"https:\/\/www.yachtingnews.com\/wp-content\/uploads\/2024\/05\/Jeanneau-Yachts-navigation-tools.webp\" class=\"attachment-full size-full wp-image-109895\" alt=\"Jeanneau Yachts navigation tools\" srcset=\"https:\/\/www.yachtingnews.com\/wp-content\/uploads\/2024\/05\/Jeanneau-Yachts-navigation-tools.webp 1600w, https:\/\/www.yachtingnews.com\/wp-content\/uploads\/2024\/05\/Jeanneau-Yachts-navigation-tools-300x192.webp 300w, https:\/\/www.yachtingnews.com\/wp-content\/uploads\/2024\/05\/Jeanneau-Yachts-navigation-tools-768x492.webp 768w, https:\/\/www.yachtingnews.com\/wp-content\/uploads\/2024\/05\/Jeanneau-Yachts-navigation-tools-1536x983.webp 1536w\" sizes=\"(max-width: 1600px) 100vw, 1600px\" \/><\/div><div class=\"uael-grid-img-overlay\"><\/div><\/figure><\/div><\/div><div class=\"uael-grid-item  uael-img-gallery-item-3\"><div class=\"uael-grid-item-content\"><figure class=\"uael-grid-img uael-grid-gallery-img uael-ins-hover elementor-clickable\"><div class=\"uael-grid-img-thumbnail uael-ins-target\"><img decoding=\"async\" width=\"1600\" height=\"1024\" src=\"https:\/\/www.yachtingnews.com\/wp-content\/uploads\/2024\/05\/wheel.webp\" class=\"attachment-full size-full wp-image-109891\" alt=\"\" srcset=\"https:\/\/www.yachtingnews.com\/wp-content\/uploads\/2024\/05\/wheel.webp 1600w, https:\/\/www.yachtingnews.com\/wp-content\/uploads\/2024\/05\/wheel-300x192.webp 300w, https:\/\/www.yachtingnews.com\/wp-content\/uploads\/2024\/05\/wheel-768x492.webp 768w, https:\/\/www.yachtingnews.com\/wp-content\/uploads\/2024\/05\/wheel-1536x983.webp 1536w\" sizes=\"(max-width: 1600px) 100vw, 1600px\" \/><\/div><div class=\"uael-grid-img-overlay\"><\/div><\/figure><\/div><\/div><div class=\"uael-grid-item  uael-img-gallery-item-4\"><div class=\"uael-grid-item-content\"><figure class=\"uael-grid-img uael-grid-gallery-img uael-ins-hover elementor-clickable\"><div class=\"uael-grid-img-thumbnail uael-ins-target\"><img decoding=\"async\" width=\"1600\" height=\"1024\" src=\"https:\/\/www.yachtingnews.com\/wp-content\/uploads\/2024\/05\/sailing-team.webp\" class=\"attachment-full size-full wp-image-109907\" alt=\"sailing team\" srcset=\"https:\/\/www.yachtingnews.com\/wp-content\/uploads\/2024\/05\/sailing-team.webp 1600w, https:\/\/www.yachtingnews.com\/wp-content\/uploads\/2024\/05\/sailing-team-300x192.webp 300w, https:\/\/www.yachtingnews.com\/wp-content\/uploads\/2024\/05\/sailing-team-768x492.webp 768w, https:\/\/www.yachtingnews.com\/wp-content\/uploads\/2024\/05\/sailing-team-1536x983.webp 1536w\" sizes=\"(max-width: 1600px) 100vw, 1600px\" \/><\/div><div class=\"uael-grid-img-overlay\"><\/div><\/figure><\/div><\/div><div class=\"uael-grid-item  uael-img-gallery-item-5\"><div class=\"uael-grid-item-content\"><figure class=\"uael-grid-img uael-grid-gallery-img uael-ins-hover elementor-clickable\"><div class=\"uael-grid-img-thumbnail uael-ins-target\"><img decoding=\"async\" width=\"1600\" height=\"1024\" src=\"https:\/\/www.yachtingnews.com\/wp-content\/uploads\/2024\/05\/Jeanneau-Yachts-helm.webp\" class=\"attachment-full size-full wp-image-109903\" alt=\"Jeanneau Yachts helm\" srcset=\"https:\/\/www.yachtingnews.com\/wp-content\/uploads\/2024\/05\/Jeanneau-Yachts-helm.webp 1600w, https:\/\/www.yachtingnews.com\/wp-content\/uploads\/2024\/05\/Jeanneau-Yachts-helm-300x192.webp 300w, https:\/\/www.yachtingnews.com\/wp-content\/uploads\/2024\/05\/Jeanneau-Yachts-helm-768x492.webp 768w, https:\/\/www.yachtingnews.com\/wp-content\/uploads\/2024\/05\/Jeanneau-Yachts-helm-1536x983.webp 1536w\" sizes=\"(max-width: 1600px) 100vw, 1600px\" \/><\/div><div class=\"uael-grid-img-overlay\"><\/div><\/figure><\/div><\/div><\/div><\/div>\t\t\t\t<\/div>\n\t\t\t\t<\/div>\n\t\t\t\t\t<\/div>\n\t\t<\/div>\n\t\t\t\t\t<\/div>\n\t\t<\/section>\n\t\t\t\t<section class=\"elementor-section elementor-top-section elementor-element elementor-element-5ba5a50 elementor-section-boxed elementor-section-height-default elementor-section-height-default\" data-id=\"5ba5a50\" data-element_type=\"section\" data-e-type=\"section\">\n\t\t\t\t\t\t<div class=\"elementor-container elementor-column-gap-default\">\n\t\t\t\t\t<div class=\"elementor-column elementor-col-100 elementor-top-column elementor-element elementor-element-90d3a25\" data-id=\"90d3a25\" data-element_type=\"column\" data-e-type=\"column\">\n\t\t\t<div class=\"elementor-widget-wrap elementor-element-populated\">\n\t\t\t\t\t\t<div class=\"elementor-element elementor-element-ff890a0 elementor-widget elementor-widget-text-editor\" data-id=\"ff890a0\" data-element_type=\"widget\" data-e-type=\"widget\" data-widget_type=\"text-editor.default\">\n\t\t\t\t<div class=\"elementor-widget-container\">\n\t\t\t\t\t\t\t\t\t<p>L\u00edneas a tierra y doble cable, creo que nuestras salidas por hoy han terminado. Los propietarios est\u00e1n encantados con sus Jeanneau Yachts, que, a pesar de estas condiciones, han proporcionado una gran emoci\u00f3n sin ning\u00fan problema de seguridad. La gama Jeanneau Yachts incluye el Jeanneau Yacht 55, el Jeanneau Yacht 60 y el buque insignia Jeanneau Yachts 65, tres modelos de ergonom\u00eda sofisticada y moderna, dise\u00f1ados para adaptarse a las necesidades de cada uno y ofrecer una experiencia de navegaci\u00f3n de ensue\u00f1o.<\/p>\n<p>La jornada concluye con la cena de Gala en el \u00abDomain Bourrian\u00bb, a pocos minutos de St. Tropez, con la entrega de premios y el habitual lanzamiento de sombreros que simboliza la amistad y el compromiso del astillero de mantener el contacto con sus propietarios. Nos vemos el a\u00f1o que viene en esta REUNI\u00d3N DE PROPIETARIOS DE JEANNEAU YACHTS con el mismo esp\u00edritu que caracteriza a este evento pero esperando que haga mejor tiempo.<\/p>\n\t\t\t\t\t\t\t\t<\/div>\n\t\t\t\t<\/div>\n\t\t\t\t\t<\/div>\n\t\t<\/div>\n\t\t\t\t\t<\/div>\n\t\t<\/section>\n\t\t\t\t<section class=\"elementor-section elementor-top-section elementor-element elementor-element-2df8cbf elementor-section-boxed elementor-section-height-default elementor-section-height-default\" data-id=\"2df8cbf\" data-element_type=\"section\" data-e-type=\"section\">\n\t\t\t\t\t\t<div class=\"elementor-container elementor-column-gap-default\">\n\t\t\t\t\t<div class=\"elementor-column elementor-col-100 elementor-top-column elementor-element elementor-element-43bb39f\" data-id=\"43bb39f\" data-element_type=\"column\" data-e-type=\"column\">\n\t\t\t<div class=\"elementor-widget-wrap elementor-element-populated\">\n\t\t\t\t\t\t<div class=\"elementor-element elementor-element-72235ab uael-img-carousel-arrow-inside uael-ins-normal elementor-widget elementor-widget-uael-image-gallery\" data-id=\"72235ab\" data-element_type=\"widget\" data-e-type=\"widget\" data-settings=\"{&quot;slides_to_show&quot;:1,&quot;slides_to_show_tablet&quot;:1,&quot;slides_to_show_mobile&quot;:1,&quot;slides_to_scroll&quot;:1,&quot;slides_to_scroll_tablet&quot;:1,&quot;slides_to_scroll_mobile&quot;:1,&quot;column_gap&quot;:{&quot;unit&quot;:&quot;px&quot;,&quot;size&quot;:20,&quot;sizes&quot;:[]},&quot;column_gap_tablet&quot;:{&quot;unit&quot;:&quot;px&quot;,&quot;size&quot;:&quot;&quot;,&quot;sizes&quot;:[]},&quot;column_gap_mobile&quot;:{&quot;unit&quot;:&quot;px&quot;,&quot;size&quot;:&quot;&quot;,&quot;sizes&quot;:[]}}\" data-widget_type=\"uael-image-gallery.default\">\n\t\t\t\t<div class=\"elementor-widget-container\">\n\t\t\t\t\t<div class=\"uael-gallery-parent uael-caption- uael-gallery-unjustified\"><div data-image_carousel=\"{&quot;slidesToShow&quot;:1,&quot;slidesToScroll&quot;:1,&quot;autoplaySpeed&quot;:5000,&quot;autoplay&quot;:true,&quot;infinite&quot;:true,&quot;pauseOnHover&quot;:true,&quot;speed&quot;:500,&quot;arrows&quot;:true,&quot;dots&quot;:false,&quot;rtl&quot;:false,&quot;responsive&quot;:[{&quot;breakpoint&quot;:1024,&quot;settings&quot;:{&quot;slidesToShow&quot;:1,&quot;slidesToScroll&quot;:1}},{&quot;breakpoint&quot;:767,&quot;settings&quot;:{&quot;slidesToShow&quot;:1,&quot;slidesToScroll&quot;:1}}]}\" class=\"uael-img-gallery-wrap uael-img-carousel-wrap uael-nav-arrows\" data-filter-default=\"Todos\"><div class=\"uael-grid-item  uael-img-gallery-item-1\"><div class=\"uael-grid-item-content\"><figure class=\"uael-grid-img uael-grid-gallery-img uael-ins-hover elementor-clickable\"><div class=\"uael-grid-img-thumbnail uael-ins-target\"><img decoding=\"async\" width=\"1600\" height=\"1024\" src=\"https:\/\/www.yachtingnews.com\/wp-content\/uploads\/2024\/05\/award-ceremony.jpg\" class=\"attachment-full size-full wp-image-109923\" alt=\"award ceremony\" srcset=\"https:\/\/www.yachtingnews.com\/wp-content\/uploads\/2024\/05\/award-ceremony.jpg 1600w, https:\/\/www.yachtingnews.com\/wp-content\/uploads\/2024\/05\/award-ceremony-300x192.jpg 300w, https:\/\/www.yachtingnews.com\/wp-content\/uploads\/2024\/05\/award-ceremony-768x492.jpg 768w, https:\/\/www.yachtingnews.com\/wp-content\/uploads\/2024\/05\/award-ceremony-1536x983.jpg 1536w, https:\/\/www.yachtingnews.com\/wp-content\/uploads\/2024\/05\/award-ceremony-480x307.jpg 480w\" sizes=\"(max-width: 1600px) 100vw, 1600px\" \/><\/div><div class=\"uael-grid-img-overlay\"><\/div><\/figure><\/div><\/div><div class=\"uael-grid-item  uael-img-gallery-item-2\"><div class=\"uael-grid-item-content\"><figure class=\"uael-grid-img uael-grid-gallery-img uael-ins-hover elementor-clickable\"><div class=\"uael-grid-img-thumbnail uael-ins-target\"><img decoding=\"async\" width=\"1600\" height=\"1024\" src=\"https:\/\/www.yachtingnews.com\/wp-content\/uploads\/2024\/05\/jeanneau-yachts-owners-meeting-ceremony.webp\" class=\"attachment-full size-full wp-image-109919\" alt=\"jeanneau yachts owner&apos;s meeting ceremony\" srcset=\"https:\/\/www.yachtingnews.com\/wp-content\/uploads\/2024\/05\/jeanneau-yachts-owners-meeting-ceremony.webp 1600w, https:\/\/www.yachtingnews.com\/wp-content\/uploads\/2024\/05\/jeanneau-yachts-owners-meeting-ceremony-300x192.webp 300w, https:\/\/www.yachtingnews.com\/wp-content\/uploads\/2024\/05\/jeanneau-yachts-owners-meeting-ceremony-768x492.webp 768w, https:\/\/www.yachtingnews.com\/wp-content\/uploads\/2024\/05\/jeanneau-yachts-owners-meeting-ceremony-1536x983.webp 1536w\" sizes=\"(max-width: 1600px) 100vw, 1600px\" \/><\/div><div class=\"uael-grid-img-overlay\"><\/div><\/figure><\/div><\/div><div class=\"uael-grid-item  uael-img-gallery-item-3\"><div class=\"uael-grid-item-content\"><figure class=\"uael-grid-img uael-grid-gallery-img uael-ins-hover elementor-clickable\"><div class=\"uael-grid-img-thumbnail uael-ins-target\"><img decoding=\"async\" width=\"1600\" height=\"1024\" src=\"https:\/\/www.yachtingnews.com\/wp-content\/uploads\/2024\/05\/gala-dinner.webp\" class=\"attachment-full size-full wp-image-109915\" alt=\"gala dinner\" srcset=\"https:\/\/www.yachtingnews.com\/wp-content\/uploads\/2024\/05\/gala-dinner.webp 1600w, https:\/\/www.yachtingnews.com\/wp-content\/uploads\/2024\/05\/gala-dinner-300x192.webp 300w, https:\/\/www.yachtingnews.com\/wp-content\/uploads\/2024\/05\/gala-dinner-768x492.webp 768w, https:\/\/www.yachtingnews.com\/wp-content\/uploads\/2024\/05\/gala-dinner-1536x983.webp 1536w\" sizes=\"(max-width: 1600px) 100vw, 1600px\" \/><\/div><div class=\"uael-grid-img-overlay\"><\/div><\/figure><\/div><\/div><div class=\"uael-grid-item  uael-img-gallery-item-4\"><div class=\"uael-grid-item-content\"><figure class=\"uael-grid-img uael-grid-gallery-img uael-ins-hover elementor-clickable\"><div class=\"uael-grid-img-thumbnail uael-ins-target\"><img decoding=\"async\" width=\"1600\" height=\"1024\" src=\"https:\/\/www.yachtingnews.com\/wp-content\/uploads\/2024\/05\/jeanneau-yachts-owners.webp\" class=\"attachment-full size-full wp-image-109911\" alt=\"\" srcset=\"https:\/\/www.yachtingnews.com\/wp-content\/uploads\/2024\/05\/jeanneau-yachts-owners.webp 1600w, https:\/\/www.yachtingnews.com\/wp-content\/uploads\/2024\/05\/jeanneau-yachts-owners-300x192.webp 300w, https:\/\/www.yachtingnews.com\/wp-content\/uploads\/2024\/05\/jeanneau-yachts-owners-768x492.webp 768w, https:\/\/www.yachtingnews.com\/wp-content\/uploads\/2024\/05\/jeanneau-yachts-owners-1536x983.webp 1536w\" sizes=\"(max-width: 1600px) 100vw, 1600px\" \/><\/div><div class=\"uael-grid-img-overlay\"><\/div><\/figure><\/div><\/div><\/div><\/div>\t\t\t\t<\/div>\n\t\t\t\t<\/div>\n\t\t\t\t\t<\/div>\n\t\t<\/div>\n\t\t\t\t\t<\/div>\n\t\t<\/section>\n\t\t\t\t<\/div>\n\t\t","protected":false},"excerpt":{"rendered":"<p>REUNI\u00d3N DE PROPIETARIOS DE JEANNEAU YACHTS 2024, S.TROPEZ en su 25o a edici\u00f3n Cada a\u00f1o, el astillero franc\u00e9s Jeanneau re\u00fane a los propietarios de los modelos Jeanneau Yachts en este lugar dedicado a la gran navegaci\u00f3n. Tres d\u00edas llenos de pasi\u00f3n por el mar y camarader\u00eda. Los propietarios de estos magn\u00edficos yates se re\u00fanen en [&hellip;]<\/p>\n","protected":false},"author":49,"featured_media":109865,"comment_status":"open","ping_status":"open","sticky":false,"template":"","format":"standard","meta":{"_mo_disable_npp":"","footnotes":""},"categories":[2100],"tags":[2237],"class_list":["post-109950","post","type-post","status-publish","format-standard","has-post-thumbnail","hentry","category-noticias-nauticas","tag-jeanneau-es"],"yoast_head":"<!-- This site is optimized with the Yoast SEO plugin v28.3 - https:\/\/yoast.com\/product\/yoast-seo-wordpress\/ -->\n<title>REUNI\u00d3N DE PROPIETARIOS DE JEANNEAU YACHTS, 25 a\u00f1os de \u00e9xito - Yachting News<\/title>\n<meta name=\"description\" content=\"Cada a\u00f1o, el astillero franc\u00e9s Jeanneau re\u00fane a los propietarios de los modelos Jeanneau Yachts en este lugar dedicado a la gran navegaci\u00f3n...\" \/>\n<meta name=\"robots\" content=\"index, follow, max-snippet:-1, max-image-preview:large, max-video-preview:-1\" \/>\n<link rel=\"canonical\" href=\"https:\/\/www.yachtingnews.com\/es\/jeanneau-yachts-reunion-de-propietarios-25-anos\/\" \/>\n<meta property=\"og:locale\" content=\"es_ES\" \/>\n<meta property=\"og:type\" content=\"article\" \/>\n<meta property=\"og:title\" content=\"REUNI\u00d3N DE PROPIETARIOS DE JEANNEAU YACHTS, 25 a\u00f1os de \u00e9xito - Yachting News\" \/>\n<meta property=\"og:description\" content=\"Cada a\u00f1o, el astillero franc\u00e9s Jeanneau re\u00fane a los propietarios de los modelos Jeanneau Yachts en este lugar dedicado a la gran navegaci\u00f3n...\" \/>\n<meta property=\"og:url\" content=\"https:\/\/www.yachtingnews.com\/es\/jeanneau-yachts-reunion-de-propietarios-25-anos\/\" \/>\n<meta property=\"og:site_name\" content=\"Yachting News\" \/>\n<meta property=\"article:publisher\" content=\"https:\/\/www.facebook.com\/TheInternationalYachtingMedia\" \/>\n<meta property=\"article:published_time\" content=\"2024-05-11T01:19:00+00:00\" \/>\n<meta property=\"article:modified_time\" content=\"2024-05-11T01:19:47+00:00\" \/>\n<meta property=\"og:image\" content=\"https:\/\/www.yachtingnews.com\/wp-content\/uploads\/2024\/05\/Jeaneau-Owners-meeting.webp\" \/>\n\t<meta property=\"og:image:width\" content=\"1600\" \/>\n\t<meta property=\"og:image:height\" content=\"1024\" \/>\n\t<meta property=\"og:image:type\" content=\"image\/webp\" \/>\n<meta name=\"author\" content=\"G B\" \/>\n<meta name=\"twitter:card\" content=\"summary_large_image\" \/>\n<meta name=\"twitter:creator\" content=\"@YachtingMedia\" \/>\n<meta name=\"twitter:site\" content=\"@YachtingMedia\" \/>\n<meta name=\"twitter:label1\" content=\"Escrito por\" \/>\n\t<meta name=\"twitter:data1\" content=\"G B\" \/>\n\t<meta name=\"twitter:label2\" content=\"Tiempo de lectura\" \/>\n\t<meta name=\"twitter:data2\" content=\"4 minutos\" \/>\n<script type=\"application\/ld+json\" class=\"yoast-schema-graph\">{\"@context\":\"https:\\\/\\\/schema.org\",\"@graph\":[{\"@type\":\"Article\",\"@id\":\"https:\\\/\\\/www.yachtingnews.com\\\/es\\\/jeanneau-yachts-reunion-de-propietarios-25-anos\\\/#article\",\"isPartOf\":{\"@id\":\"https:\\\/\\\/www.yachtingnews.com\\\/es\\\/jeanneau-yachts-reunion-de-propietarios-25-anos\\\/\"},\"author\":{\"name\":\"G B\",\"@id\":\"https:\\\/\\\/www.yachtingnews.com\\\/es\\\/#\\\/schema\\\/person\\\/01266b358dce23e5625e854e3f4994ed\"},\"headline\":\"REUNI\u00d3N DE PROPIETARIOS DE JEANNEAU YACHTS, 25 a\u00f1os de \u00e9xito\",\"datePublished\":\"2024-05-11T01:19:00+00:00\",\"dateModified\":\"2024-05-11T01:19:47+00:00\",\"mainEntityOfPage\":{\"@id\":\"https:\\\/\\\/www.yachtingnews.com\\\/es\\\/jeanneau-yachts-reunion-de-propietarios-25-anos\\\/\"},\"wordCount\":728,\"commentCount\":0,\"publisher\":{\"@id\":\"https:\\\/\\\/www.yachtingnews.com\\\/es\\\/#organization\"},\"image\":{\"@id\":\"https:\\\/\\\/www.yachtingnews.com\\\/es\\\/jeanneau-yachts-reunion-de-propietarios-25-anos\\\/#primaryimage\"},\"thumbnailUrl\":\"https:\\\/\\\/www.yachtingnews.com\\\/wp-content\\\/uploads\\\/2024\\\/05\\\/Jeaneau-Owners-meeting.webp\",\"keywords\":[\"Jeanneau\"],\"articleSection\":[\"Noticias\"],\"inLanguage\":\"es\",\"potentialAction\":[{\"@type\":\"CommentAction\",\"name\":\"Comment\",\"target\":[\"https:\\\/\\\/www.yachtingnews.com\\\/es\\\/jeanneau-yachts-reunion-de-propietarios-25-anos\\\/#respond\"]}]},{\"@type\":\"WebPage\",\"@id\":\"https:\\\/\\\/www.yachtingnews.com\\\/es\\\/jeanneau-yachts-reunion-de-propietarios-25-anos\\\/\",\"url\":\"https:\\\/\\\/www.yachtingnews.com\\\/es\\\/jeanneau-yachts-reunion-de-propietarios-25-anos\\\/\",\"name\":\"REUNI\u00d3N DE PROPIETARIOS DE JEANNEAU YACHTS, 25 a\u00f1os de \u00e9xito - Yachting News\",\"isPartOf\":{\"@id\":\"https:\\\/\\\/www.yachtingnews.com\\\/es\\\/#website\"},\"primaryImageOfPage\":{\"@id\":\"https:\\\/\\\/www.yachtingnews.com\\\/es\\\/jeanneau-yachts-reunion-de-propietarios-25-anos\\\/#primaryimage\"},\"image\":{\"@id\":\"https:\\\/\\\/www.yachtingnews.com\\\/es\\\/jeanneau-yachts-reunion-de-propietarios-25-anos\\\/#primaryimage\"},\"thumbnailUrl\":\"https:\\\/\\\/www.yachtingnews.com\\\/wp-content\\\/uploads\\\/2024\\\/05\\\/Jeaneau-Owners-meeting.webp\",\"datePublished\":\"2024-05-11T01:19:00+00:00\",\"dateModified\":\"2024-05-11T01:19:47+00:00\",\"description\":\"Cada a\u00f1o, el astillero franc\u00e9s Jeanneau re\u00fane a los propietarios de los modelos Jeanneau Yachts en este lugar dedicado a la gran navegaci\u00f3n...\",\"breadcrumb\":{\"@id\":\"https:\\\/\\\/www.yachtingnews.com\\\/es\\\/jeanneau-yachts-reunion-de-propietarios-25-anos\\\/#breadcrumb\"},\"inLanguage\":\"es\",\"potentialAction\":[{\"@type\":\"ReadAction\",\"target\":[\"https:\\\/\\\/www.yachtingnews.com\\\/es\\\/jeanneau-yachts-reunion-de-propietarios-25-anos\\\/\"]}]},{\"@type\":\"ImageObject\",\"inLanguage\":\"es\",\"@id\":\"https:\\\/\\\/www.yachtingnews.com\\\/es\\\/jeanneau-yachts-reunion-de-propietarios-25-anos\\\/#primaryimage\",\"url\":\"https:\\\/\\\/www.yachtingnews.com\\\/wp-content\\\/uploads\\\/2024\\\/05\\\/Jeaneau-Owners-meeting.webp\",\"contentUrl\":\"https:\\\/\\\/www.yachtingnews.com\\\/wp-content\\\/uploads\\\/2024\\\/05\\\/Jeaneau-Owners-meeting.webp\",\"width\":1600,\"height\":1024,\"caption\":\"Jeanneau Owner's meeting\"},{\"@type\":\"BreadcrumbList\",\"@id\":\"https:\\\/\\\/www.yachtingnews.com\\\/es\\\/jeanneau-yachts-reunion-de-propietarios-25-anos\\\/#breadcrumb\",\"itemListElement\":[{\"@type\":\"ListItem\",\"position\":1,\"name\":\"Home\",\"item\":\"https:\\\/\\\/www.yachtingnews.com\\\/es\\\/yachting-news-2\\\/\"},{\"@type\":\"ListItem\",\"position\":2,\"name\":\"REUNI\u00d3N DE PROPIETARIOS DE JEANNEAU YACHTS, 25 a\u00f1os de \u00e9xito\"}]},{\"@type\":\"WebSite\",\"@id\":\"https:\\\/\\\/www.yachtingnews.com\\\/es\\\/#website\",\"url\":\"https:\\\/\\\/www.yachtingnews.com\\\/es\\\/\",\"name\":\"Yachting News\",\"description\":\"The International Yachting Media\",\"publisher\":{\"@id\":\"https:\\\/\\\/www.yachtingnews.com\\\/es\\\/#organization\"},\"potentialAction\":[{\"@type\":\"SearchAction\",\"target\":{\"@type\":\"EntryPoint\",\"urlTemplate\":\"https:\\\/\\\/www.yachtingnews.com\\\/es\\\/?s={search_term_string}\"},\"query-input\":{\"@type\":\"PropertyValueSpecification\",\"valueRequired\":true,\"valueName\":\"search_term_string\"}}],\"inLanguage\":\"es\"},{\"@type\":\"Organization\",\"@id\":\"https:\\\/\\\/www.yachtingnews.com\\\/es\\\/#organization\",\"name\":\"Yachting News\",\"url\":\"https:\\\/\\\/www.yachtingnews.com\\\/es\\\/\",\"logo\":{\"@type\":\"ImageObject\",\"inLanguage\":\"es\",\"@id\":\"https:\\\/\\\/www.yachtingnews.com\\\/es\\\/#\\\/schema\\\/logo\\\/image\\\/\",\"url\":\"https:\\\/\\\/www.yachtingnews.com\\\/wp-content\\\/uploads\\\/2023\\\/02\\\/LOGO-Yachting-NEWS-blu-800.png\",\"contentUrl\":\"https:\\\/\\\/www.yachtingnews.com\\\/wp-content\\\/uploads\\\/2023\\\/02\\\/LOGO-Yachting-NEWS-blu-800.png\",\"width\":790,\"height\":99,\"caption\":\"Yachting News\"},\"image\":{\"@id\":\"https:\\\/\\\/www.yachtingnews.com\\\/es\\\/#\\\/schema\\\/logo\\\/image\\\/\"},\"sameAs\":[\"https:\\\/\\\/www.facebook.com\\\/TheInternationalYachtingMedia\",\"https:\\\/\\\/x.com\\\/YachtingMedia\",\"https:\\\/\\\/www.instagram.com\\\/yachting.news\\\/\",\"https:\\\/\\\/www.linkedin.com\\\/company\\\/the-international-yachting-media\",\"https:\\\/\\\/www.youtube.com\\\/c\\\/TheInternationalYachtingMedia\"]},{\"@type\":\"Person\",\"@id\":\"https:\\\/\\\/www.yachtingnews.com\\\/es\\\/#\\\/schema\\\/person\\\/01266b358dce23e5625e854e3f4994ed\",\"name\":\"G B\",\"image\":{\"@type\":\"ImageObject\",\"inLanguage\":\"es\",\"@id\":\"https:\\\/\\\/www.yachtingnews.com\\\/wp-content\\\/litespeed\\\/avatar\\\/bfc70277f95af142dc3f7ee50cb55448.jpg?ver=1787595771\",\"url\":\"https:\\\/\\\/www.yachtingnews.com\\\/wp-content\\\/litespeed\\\/avatar\\\/bfc70277f95af142dc3f7ee50cb55448.jpg?ver=1787595771\",\"contentUrl\":\"https:\\\/\\\/www.yachtingnews.com\\\/wp-content\\\/litespeed\\\/avatar\\\/bfc70277f95af142dc3f7ee50cb55448.jpg?ver=1787595771\",\"caption\":\"G B\"},\"url\":\"https:\\\/\\\/www.yachtingnews.com\\\/es\\\/author\\\/giorgio\\\/\"}]}<\/script>\n<!-- \/ Yoast SEO plugin. -->","yoast_head_json":{"title":"REUNI\u00d3N DE PROPIETARIOS DE JEANNEAU YACHTS, 25 a\u00f1os de \u00e9xito - Yachting News","description":"Cada a\u00f1o, el astillero franc\u00e9s Jeanneau re\u00fane a los propietarios de los modelos Jeanneau Yachts en este lugar dedicado a la gran navegaci\u00f3n...","robots":{"index":"index","follow":"follow","max-snippet":"max-snippet:-1","max-image-preview":"max-image-preview:large","max-video-preview":"max-video-preview:-1"},"canonical":"https:\/\/www.yachtingnews.com\/es\/jeanneau-yachts-reunion-de-propietarios-25-anos\/","og_locale":"es_ES","og_type":"article","og_title":"REUNI\u00d3N DE PROPIETARIOS DE JEANNEAU YACHTS, 25 a\u00f1os de \u00e9xito - Yachting News","og_description":"Cada a\u00f1o, el astillero franc\u00e9s Jeanneau re\u00fane a los propietarios de los modelos Jeanneau Yachts en este lugar dedicado a la gran navegaci\u00f3n...","og_url":"https:\/\/www.yachtingnews.com\/es\/jeanneau-yachts-reunion-de-propietarios-25-anos\/","og_site_name":"Yachting News","article_publisher":"https:\/\/www.facebook.com\/TheInternationalYachtingMedia","article_published_time":"2024-05-11T01:19:00+00:00","article_modified_time":"2024-05-11T01:19:47+00:00","og_image":[{"width":1600,"height":1024,"url":"https:\/\/www.yachtingnews.com\/wp-content\/uploads\/2024\/05\/Jeaneau-Owners-meeting.webp","type":"image\/webp"}],"author":"G B","twitter_card":"summary_large_image","twitter_creator":"@YachtingMedia","twitter_site":"@YachtingMedia","twitter_misc":{"Escrito por":"G B","Tiempo de lectura":"4 minutos"},"schema":{"@context":"https:\/\/schema.org","@graph":[{"@type":"Article","@id":"https:\/\/www.yachtingnews.com\/es\/jeanneau-yachts-reunion-de-propietarios-25-anos\/#article","isPartOf":{"@id":"https:\/\/www.yachtingnews.com\/es\/jeanneau-yachts-reunion-de-propietarios-25-anos\/"},"author":{"name":"G B","@id":"https:\/\/www.yachtingnews.com\/es\/#\/schema\/person\/01266b358dce23e5625e854e3f4994ed"},"headline":"REUNI\u00d3N DE PROPIETARIOS DE JEANNEAU YACHTS, 25 a\u00f1os de \u00e9xito","datePublished":"2024-05-11T01:19:00+00:00","dateModified":"2024-05-11T01:19:47+00:00","mainEntityOfPage":{"@id":"https:\/\/www.yachtingnews.com\/es\/jeanneau-yachts-reunion-de-propietarios-25-anos\/"},"wordCount":728,"commentCount":0,"publisher":{"@id":"https:\/\/www.yachtingnews.com\/es\/#organization"},"image":{"@id":"https:\/\/www.yachtingnews.com\/es\/jeanneau-yachts-reunion-de-propietarios-25-anos\/#primaryimage"},"thumbnailUrl":"https:\/\/www.yachtingnews.com\/wp-content\/uploads\/2024\/05\/Jeaneau-Owners-meeting.webp","keywords":["Jeanneau"],"articleSection":["Noticias"],"inLanguage":"es","potentialAction":[{"@type":"CommentAction","name":"Comment","target":["https:\/\/www.yachtingnews.com\/es\/jeanneau-yachts-reunion-de-propietarios-25-anos\/#respond"]}]},{"@type":"WebPage","@id":"https:\/\/www.yachtingnews.com\/es\/jeanneau-yachts-reunion-de-propietarios-25-anos\/","url":"https:\/\/www.yachtingnews.com\/es\/jeanneau-yachts-reunion-de-propietarios-25-anos\/","name":"REUNI\u00d3N DE PROPIETARIOS DE JEANNEAU YACHTS, 25 a\u00f1os de \u00e9xito - Yachting News","isPartOf":{"@id":"https:\/\/www.yachtingnews.com\/es\/#website"},"primaryImageOfPage":{"@id":"https:\/\/www.yachtingnews.com\/es\/jeanneau-yachts-reunion-de-propietarios-25-anos\/#primaryimage"},"image":{"@id":"https:\/\/www.yachtingnews.com\/es\/jeanneau-yachts-reunion-de-propietarios-25-anos\/#primaryimage"},"thumbnailUrl":"https:\/\/www.yachtingnews.com\/wp-content\/uploads\/2024\/05\/Jeaneau-Owners-meeting.webp","datePublished":"2024-05-11T01:19:00+00:00","dateModified":"2024-05-11T01:19:47+00:00","description":"Cada a\u00f1o, el astillero franc\u00e9s Jeanneau re\u00fane a los propietarios de los modelos Jeanneau Yachts en este lugar dedicado a la gran navegaci\u00f3n...","breadcrumb":{"@id":"https:\/\/www.yachtingnews.com\/es\/jeanneau-yachts-reunion-de-propietarios-25-anos\/#breadcrumb"},"inLanguage":"es","potentialAction":[{"@type":"ReadAction","target":["https:\/\/www.yachtingnews.com\/es\/jeanneau-yachts-reunion-de-propietarios-25-anos\/"]}]},{"@type":"ImageObject","inLanguage":"es","@id":"https:\/\/www.yachtingnews.com\/es\/jeanneau-yachts-reunion-de-propietarios-25-anos\/#primaryimage","url":"https:\/\/www.yachtingnews.com\/wp-content\/uploads\/2024\/05\/Jeaneau-Owners-meeting.webp","contentUrl":"https:\/\/www.yachtingnews.com\/wp-content\/uploads\/2024\/05\/Jeaneau-Owners-meeting.webp","width":1600,"height":1024,"caption":"Jeanneau Owner's meeting"},{"@type":"BreadcrumbList","@id":"https:\/\/www.yachtingnews.com\/es\/jeanneau-yachts-reunion-de-propietarios-25-anos\/#breadcrumb","itemListElement":[{"@type":"ListItem","position":1,"name":"Home","item":"https:\/\/www.yachtingnews.com\/es\/yachting-news-2\/"},{"@type":"ListItem","position":2,"name":"REUNI\u00d3N DE PROPIETARIOS DE JEANNEAU YACHTS, 25 a\u00f1os de \u00e9xito"}]},{"@type":"WebSite","@id":"https:\/\/www.yachtingnews.com\/es\/#website","url":"https:\/\/www.yachtingnews.com\/es\/","name":"Yachting News","description":"The International Yachting Media","publisher":{"@id":"https:\/\/www.yachtingnews.com\/es\/#organization"},"potentialAction":[{"@type":"SearchAction","target":{"@type":"EntryPoint","urlTemplate":"https:\/\/www.yachtingnews.com\/es\/?s={search_term_string}"},"query-input":{"@type":"PropertyValueSpecification","valueRequired":true,"valueName":"search_term_string"}}],"inLanguage":"es"},{"@type":"Organization","@id":"https:\/\/www.yachtingnews.com\/es\/#organization","name":"Yachting News","url":"https:\/\/www.yachtingnews.com\/es\/","logo":{"@type":"ImageObject","inLanguage":"es","@id":"https:\/\/www.yachtingnews.com\/es\/#\/schema\/logo\/image\/","url":"https:\/\/www.yachtingnews.com\/wp-content\/uploads\/2023\/02\/LOGO-Yachting-NEWS-blu-800.png","contentUrl":"https:\/\/www.yachtingnews.com\/wp-content\/uploads\/2023\/02\/LOGO-Yachting-NEWS-blu-800.png","width":790,"height":99,"caption":"Yachting News"},"image":{"@id":"https:\/\/www.yachtingnews.com\/es\/#\/schema\/logo\/image\/"},"sameAs":["https:\/\/www.facebook.com\/TheInternationalYachtingMedia","https:\/\/x.com\/YachtingMedia","https:\/\/www.instagram.com\/yachting.news\/","https:\/\/www.linkedin.com\/company\/the-international-yachting-media","https:\/\/www.youtube.com\/c\/TheInternationalYachtingMedia"]},{"@type":"Person","@id":"https:\/\/www.yachtingnews.com\/es\/#\/schema\/person\/01266b358dce23e5625e854e3f4994ed","name":"G B","image":{"@type":"ImageObject","inLanguage":"es","@id":"https:\/\/www.yachtingnews.com\/wp-content\/litespeed\/avatar\/bfc70277f95af142dc3f7ee50cb55448.jpg?ver=1787595771","url":"https:\/\/www.yachtingnews.com\/wp-content\/litespeed\/avatar\/bfc70277f95af142dc3f7ee50cb55448.jpg?ver=1787595771","contentUrl":"https:\/\/www.yachtingnews.com\/wp-content\/litespeed\/avatar\/bfc70277f95af142dc3f7ee50cb55448.jpg?ver=1787595771","caption":"G B"},"url":"https:\/\/www.yachtingnews.com\/es\/author\/giorgio\/"}]}},"_links":{"self":[{"href":"https:\/\/www.yachtingnews.com\/es\/wp-json\/wp\/v2\/posts\/109950","targetHints":{"allow":["GET"]}}],"collection":[{"href":"https:\/\/www.yachtingnews.com\/es\/wp-json\/wp\/v2\/posts"}],"about":[{"href":"https:\/\/www.yachtingnews.com\/es\/wp-json\/wp\/v2\/types\/post"}],"author":[{"embeddable":true,"href":"https:\/\/www.yachtingnews.com\/es\/wp-json\/wp\/v2\/users\/49"}],"replies":[{"embeddable":true,"href":"https:\/\/www.yachtingnews.com\/es\/wp-json\/wp\/v2\/comments?post=109950"}],"version-history":[{"count":0,"href":"https:\/\/www.yachtingnews.com\/es\/wp-json\/wp\/v2\/posts\/109950\/revisions"}],"wp:featuredmedia":[{"embeddable":true,"href":"https:\/\/www.yachtingnews.com\/es\/wp-json\/wp\/v2\/media\/109865"}],"wp:attachment":[{"href":"https:\/\/www.yachtingnews.com\/es\/wp-json\/wp\/v2\/media?parent=109950"}],"wp:term":[{"taxonomy":"category","embeddable":true,"href":"https:\/\/www.yachtingnews.com\/es\/wp-json\/wp\/v2\/categories?post=109950"},{"taxonomy":"post_tag","embeddable":true,"href":"https:\/\/www.yachtingnews.com\/es\/wp-json\/wp\/v2\/tags?post=109950"}],"curies":[{"name":"wp","href":"https:\/\/api.w.org\/{rel}","templated":true}]}}