{"id":109984,"date":"2024-05-11T15:40:39","date_gmt":"2024-05-11T14:40:39","guid":{"rendered":"https:\/\/yachtingnews.com\/piero-formenti-presidente-de-confindustria-nautica\/"},"modified":"2024-05-11T15:43:21","modified_gmt":"2024-05-11T14:43:21","slug":"piero-formenti-presidente-de-confindustria-nautica","status":"publish","type":"post","link":"https:\/\/www.yachtingnews.com\/es\/piero-formenti-presidente-de-confindustria-nautica\/","title":{"rendered":"Piero Formenti nombrado Presidente de Confindustria Nautica, un cambio en la direcci\u00f3n de la asociaci\u00f3n"},"content":{"rendered":"\t\t<div data-elementor-type=\"wp-post\" data-elementor-id=\"109984\" class=\"elementor elementor-109984 elementor-109961\" data-elementor-post-type=\"post\">\n\t\t\t\t\t\t<section class=\"elementor-section elementor-top-section elementor-element elementor-element-26d7b59 elementor-section-boxed elementor-section-height-default elementor-section-height-default\" data-id=\"26d7b59\" data-element_type=\"section\" data-e-type=\"section\">\n\t\t\t\t\t\t<div class=\"elementor-container elementor-column-gap-default\">\n\t\t\t\t\t<div class=\"elementor-column elementor-col-100 elementor-top-column elementor-element elementor-element-38524a80\" data-id=\"38524a80\" data-element_type=\"column\" data-e-type=\"column\">\n\t\t\t<div class=\"elementor-widget-wrap elementor-element-populated\">\n\t\t\t\t\t\t<div class=\"elementor-element elementor-element-60943ecf elementor-widget elementor-widget-text-editor\" data-id=\"60943ecf\" data-element_type=\"widget\" data-e-type=\"widget\" data-widget_type=\"text-editor.default\">\n\t\t\t\t<div class=\"elementor-widget-container\">\n\t\t\t\t\t\t\t\t\t<p>Piero Formenti es el nuevo Presidente de Confindustria Nautica. La decisi\u00f3n llega tras el Consejo General de la Asociaci\u00f3n, que ayer mismo, en respuesta a la decisi\u00f3n de Saverio Cecchi de apartarse temporalmente del cargo, se reuni\u00f3 en sesi\u00f3n extraordinaria.<\/p>\n<p>Piero Formenti aporta una amplia experiencia a funciones de esta naturaleza. Es Vicepresidente de Confindustria N\u00e1utica desde 2015 y ha ocupado el cargo de <b>Presidente de la EBI (Industria N\u00e1utica Europea) <\/b>durante dos mandatos consecutivos, de 2015 a 2019. Actualmente ejerce de Vicepresidente apoyando a Robert Marx, el actual Presidente.<\/p>\n<p>Lombard, nacido en 1958, lleva cuarenta a\u00f1os casado con Donatella y tiene un hijo, Luca, que trabaja con \u00e9l en la empresa. Zar Formenti es uno de los fabricantes de embarcaciones neum\u00e1ticas m\u00e1s veteranos del mercado, en activo desde 1979, y cuenta con una red de distribuci\u00f3n mundial.<\/p>\n<p>\u00ab<em>Con la misma dedicaci\u00f3n que he demostrado en la expansi\u00f3n de la empresa que dirijo junto a mi mujer y mi hijo, servir\u00e9 a nuestras empresas miembros lo mejor<\/em>que pueda\u00bb, declar\u00f3 Piero Formenti al t\u00e9rmino de la reuni\u00f3n del Consejo General.<\/p>\n<figure id=\"attachment_109970\" aria-describedby=\"caption-attachment-109970\" style=\"width: 1032px\" class=\"wp-caption aligncenter\"><img decoding=\"async\" class=\"wp-image-109967 size-full\" title=\"Piero-Formenti\" src=\"https:\/\/yachtingnews.com\/wp-content\/uploads\/2024\/05\/Piero-Formenti.webp\" alt=\"Piero-Formenti\" width=\"1032\" height=\"494\" srcset=\"https:\/\/www.yachtingnews.com\/wp-content\/uploads\/2024\/05\/Piero-Formenti.webp 1032w, https:\/\/www.yachtingnews.com\/wp-content\/uploads\/2024\/05\/Piero-Formenti-300x144.webp 300w, https:\/\/www.yachtingnews.com\/wp-content\/uploads\/2024\/05\/Piero-Formenti-768x368.webp 768w\" sizes=\"(max-width: 1032px) 100vw, 1032px\" \/><figcaption id=\"caption-attachment-109970\" class=\"wp-caption-text\">Piero Formenti en asamblea con Linos Voskarides, miembro de la Comisi\u00f3n Europea<\/figcaption><\/figure>\n<p>\u201c<em>En el contexto econ\u00f3mico se observan actualmente signos de desaceleraci\u00f3n. Esto se compara con un periodo de tres a\u00f1os de crecimiento sin precedentes que en 2023 llev\u00f3 al sector n\u00e1utico italiano a un m\u00e1ximo hist\u00f3rico en t\u00e9rminos de facturaci\u00f3n, exportaciones y empleo, pasando de 160.000 a 200.000 puestos de trabajo en los \u00faltimos cinco a\u00f1os -.  <\/em><b>El Sr. Formenti<\/b><b> subray\u00f3<\/b> &#8211;  <em>Especialmente afectado se ve el mercado de las <a href=\"https:\/\/yachtingnews.com\/es\/\">embarcaciones <\/a>peque\u00f1as, cuya contracci\u00f3n se prev\u00e9 que afecte a varios segmentos de productos, sobre todo en determinadas regiones geogr\u00e1ficas. Entre las razones para ello est\u00e1n la subida de los tipos de inter\u00e9s y el acceso restringido al cr\u00e9dito.  <\/em><\/p>\n<p><em>El estado actual del mercado exige respuestas r\u00e1pidas. Respuestas relativas a la simplificaci\u00f3n administrativa, la competitividad de las banderas, los plazos de registro, la normativa sobre los nuevos combustibles ecol\u00f3gicos, las oportunidades de formaci\u00f3n profesional y la competitividad de los puertos deportivos, gradas y servicios de almacenamiento. La actuaci\u00f3n en todos estos frentes contribuir\u00e1 a mantener un sistema italiano competitivo en su conjunto y permitir\u00e1 a las empresas el entorno m\u00e1s favorable posible para seguir invirtiendo\u00bb.<\/em><\/p>\n<p>\u00ab<em>Es precisamente en este escenario -continu\u00f3 <\/em><em> Formenti- <\/em><em><br \/>\n  <i>t<\/i><br \/>\n<\/em><em>a consolidaci\u00f3n y expansi\u00f3n del <a href=\"https:\/\/salonenautico.com\/en\/\">Sal\u00f3n N\u00e1utico Internacional de G\u00e9nova<\/a> adquiere una importancia a\u00fan mayor. Lamento leer varios comentarios en la prensa sobre el valor de los fondos p\u00fablicos aportados a lo que es el segundo mayor acontecimiento del sector en Italia (despu\u00e9s de la feria de dise\u00f1o Salone del Mobile) y el tercero del mundo para el sector n\u00e1utico. Cada a\u00f1o, el Sal\u00f3n inyecta 65 millones de euros s\u00f3lo en la econom\u00eda local (La Casa de Europa &#8211; Ambrosetti, \u00abRapporto Liguria 2030\u00bb, julio de 2023), y sin embargo sigue siendo el acontecimiento del sector con menos respaldo financiero en comparaci\u00f3n con los eventos competidores en el extranjero. Por esta misma raz\u00f3n &#8211;  <\/em><em>Formenti concluy\u00f3  <\/em><em>&#8211; el Plan de Eventos de la Agencia Italiana de Comercio ha seguido aumentando su apoyo al Sal\u00f3n N\u00e1utico de G\u00e9nova, lo que demuestra la creciente conciencia de que Italia debe trabajar como un sistema a la hora de apoyar las ferias internacionales del pa\u00eds. Estos escaparates de categor\u00eda mundial son un punto de referencia intersectorial para la marca Made in Italy. En este sentido, a\u00fan queda trabajo por hacer\u00bb.<\/em><\/p>\n\t\t\t\t\t\t\t\t<\/div>\n\t\t\t\t<\/div>\n\t\t\t\t\t<\/div>\n\t\t<\/div>\n\t\t\t\t\t<\/div>\n\t\t<\/section>\n\t\t\t\t<\/div>\n\t\t","protected":false},"excerpt":{"rendered":"<p>Piero Formenti es el nuevo Presidente de Confindustria Nautica. La decisi\u00f3n llega tras el Consejo General de la Asociaci\u00f3n, que ayer mismo, en respuesta a la decisi\u00f3n de Saverio Cecchi de apartarse temporalmente del cargo, se reuni\u00f3 en sesi\u00f3n extraordinaria. Piero Formenti aporta una amplia experiencia a funciones de esta naturaleza. Es Vicepresidente de Confindustria [&hellip;]<\/p>\n","protected":false},"author":10,"featured_media":109965,"comment_status":"open","ping_status":"open","sticky":false,"template":"","format":"standard","meta":{"_mo_disable_npp":"","footnotes":""},"categories":[2100],"tags":[3279],"class_list":["post-109984","post","type-post","status-publish","format-standard","has-post-thumbnail","hentry","category-noticias-nauticas","tag-piero-formenti-es"],"yoast_head":"<!-- This site is optimized with the Yoast SEO plugin v28.3 - https:\/\/yoast.com\/product\/yoast-seo-wordpress\/ -->\n<title>Piero Formenti nombrado Presidente de Confindustria Nautica - Yachting News<\/title>\n<meta name=\"description\" content=\"Piero Formenti es el nuevo Presidente de Confindustria Nautica. La decisi\u00f3n se produce despu\u00e9s de que el Consejo General de la Asociaci\u00f3n...\" \/>\n<meta name=\"robots\" content=\"index, follow, max-snippet:-1, max-image-preview:large, max-video-preview:-1\" \/>\n<link rel=\"canonical\" href=\"https:\/\/www.yachtingnews.com\/es\/piero-formenti-presidente-de-confindustria-nautica\/\" \/>\n<meta property=\"og:locale\" content=\"es_ES\" \/>\n<meta property=\"og:type\" content=\"article\" \/>\n<meta property=\"og:title\" content=\"Piero Formenti nombrado Presidente de Confindustria Nautica - Yachting News\" \/>\n<meta property=\"og:description\" content=\"Piero Formenti es el nuevo Presidente de Confindustria Nautica. La decisi\u00f3n se produce despu\u00e9s de que el Consejo General de la Asociaci\u00f3n...\" \/>\n<meta property=\"og:url\" content=\"https:\/\/www.yachtingnews.com\/es\/piero-formenti-presidente-de-confindustria-nautica\/\" \/>\n<meta property=\"og:site_name\" content=\"Yachting News\" \/>\n<meta property=\"article:publisher\" content=\"https:\/\/www.facebook.com\/TheInternationalYachtingMedia\" \/>\n<meta property=\"article:published_time\" content=\"2024-05-11T14:40:39+00:00\" \/>\n<meta property=\"article:modified_time\" content=\"2024-05-11T14:43:21+00:00\" \/>\n<meta property=\"og:image\" content=\"https:\/\/www.yachtingnews.com\/wp-content\/uploads\/2024\/05\/Piero-Formenti-Presidente-Confindustria-Nautica.webp\" \/>\n\t<meta property=\"og:image:width\" content=\"1600\" \/>\n\t<meta property=\"og:image:height\" content=\"900\" \/>\n\t<meta property=\"og:image:type\" content=\"image\/webp\" \/>\n<meta name=\"author\" content=\"Luca D&#039;Ambrosio\" \/>\n<meta name=\"twitter:card\" content=\"summary_large_image\" \/>\n<meta name=\"twitter:creator\" content=\"@YachtingMedia\" \/>\n<meta name=\"twitter:site\" content=\"@YachtingMedia\" \/>\n<meta name=\"twitter:label1\" content=\"Escrito por\" \/>\n\t<meta name=\"twitter:data1\" content=\"Luca D&#039;Ambrosio\" \/>\n\t<meta name=\"twitter:label2\" content=\"Tiempo de lectura\" \/>\n\t<meta name=\"twitter:data2\" content=\"3 minutos\" \/>\n<script type=\"application\/ld+json\" class=\"yoast-schema-graph\">{\"@context\":\"https:\\\/\\\/schema.org\",\"@graph\":[{\"@type\":\"Article\",\"@id\":\"https:\\\/\\\/www.yachtingnews.com\\\/es\\\/piero-formenti-presidente-de-confindustria-nautica\\\/#article\",\"isPartOf\":{\"@id\":\"https:\\\/\\\/www.yachtingnews.com\\\/es\\\/piero-formenti-presidente-de-confindustria-nautica\\\/\"},\"author\":{\"name\":\"Luca D'Ambrosio\",\"@id\":\"https:\\\/\\\/www.yachtingnews.com\\\/es\\\/#\\\/schema\\\/person\\\/f82bb28662e582bd09ecf64c2723e34e\"},\"headline\":\"Piero Formenti nombrado Presidente de Confindustria Nautica, un cambio en la direcci\u00f3n de la asociaci\u00f3n\",\"datePublished\":\"2024-05-11T14:40:39+00:00\",\"dateModified\":\"2024-05-11T14:43:21+00:00\",\"mainEntityOfPage\":{\"@id\":\"https:\\\/\\\/www.yachtingnews.com\\\/es\\\/piero-formenti-presidente-de-confindustria-nautica\\\/\"},\"wordCount\":638,\"commentCount\":0,\"publisher\":{\"@id\":\"https:\\\/\\\/www.yachtingnews.com\\\/es\\\/#organization\"},\"image\":{\"@id\":\"https:\\\/\\\/www.yachtingnews.com\\\/es\\\/piero-formenti-presidente-de-confindustria-nautica\\\/#primaryimage\"},\"thumbnailUrl\":\"https:\\\/\\\/www.yachtingnews.com\\\/wp-content\\\/uploads\\\/2024\\\/05\\\/Piero-Formenti-Presidente-Confindustria-Nautica.webp\",\"keywords\":[\"Piero Formenti\"],\"articleSection\":[\"Noticias\"],\"inLanguage\":\"es\",\"potentialAction\":[{\"@type\":\"CommentAction\",\"name\":\"Comment\",\"target\":[\"https:\\\/\\\/www.yachtingnews.com\\\/es\\\/piero-formenti-presidente-de-confindustria-nautica\\\/#respond\"]}]},{\"@type\":\"WebPage\",\"@id\":\"https:\\\/\\\/www.yachtingnews.com\\\/es\\\/piero-formenti-presidente-de-confindustria-nautica\\\/\",\"url\":\"https:\\\/\\\/www.yachtingnews.com\\\/es\\\/piero-formenti-presidente-de-confindustria-nautica\\\/\",\"name\":\"Piero Formenti nombrado Presidente de Confindustria Nautica - Yachting News\",\"isPartOf\":{\"@id\":\"https:\\\/\\\/www.yachtingnews.com\\\/es\\\/#website\"},\"primaryImageOfPage\":{\"@id\":\"https:\\\/\\\/www.yachtingnews.com\\\/es\\\/piero-formenti-presidente-de-confindustria-nautica\\\/#primaryimage\"},\"image\":{\"@id\":\"https:\\\/\\\/www.yachtingnews.com\\\/es\\\/piero-formenti-presidente-de-confindustria-nautica\\\/#primaryimage\"},\"thumbnailUrl\":\"https:\\\/\\\/www.yachtingnews.com\\\/wp-content\\\/uploads\\\/2024\\\/05\\\/Piero-Formenti-Presidente-Confindustria-Nautica.webp\",\"datePublished\":\"2024-05-11T14:40:39+00:00\",\"dateModified\":\"2024-05-11T14:43:21+00:00\",\"description\":\"Piero Formenti es el nuevo Presidente de Confindustria Nautica. La decisi\u00f3n se produce despu\u00e9s de que el Consejo General de la Asociaci\u00f3n...\",\"breadcrumb\":{\"@id\":\"https:\\\/\\\/www.yachtingnews.com\\\/es\\\/piero-formenti-presidente-de-confindustria-nautica\\\/#breadcrumb\"},\"inLanguage\":\"es\",\"potentialAction\":[{\"@type\":\"ReadAction\",\"target\":[\"https:\\\/\\\/www.yachtingnews.com\\\/es\\\/piero-formenti-presidente-de-confindustria-nautica\\\/\"]}]},{\"@type\":\"ImageObject\",\"inLanguage\":\"es\",\"@id\":\"https:\\\/\\\/www.yachtingnews.com\\\/es\\\/piero-formenti-presidente-de-confindustria-nautica\\\/#primaryimage\",\"url\":\"https:\\\/\\\/www.yachtingnews.com\\\/wp-content\\\/uploads\\\/2024\\\/05\\\/Piero-Formenti-Presidente-Confindustria-Nautica.webp\",\"contentUrl\":\"https:\\\/\\\/www.yachtingnews.com\\\/wp-content\\\/uploads\\\/2024\\\/05\\\/Piero-Formenti-Presidente-Confindustria-Nautica.webp\",\"width\":1600,\"height\":900,\"caption\":\"Piero-Formenti-Presidente-Confindustria-N\u00e1utica\"},{\"@type\":\"BreadcrumbList\",\"@id\":\"https:\\\/\\\/www.yachtingnews.com\\\/es\\\/piero-formenti-presidente-de-confindustria-nautica\\\/#breadcrumb\",\"itemListElement\":[{\"@type\":\"ListItem\",\"position\":1,\"name\":\"Home\",\"item\":\"https:\\\/\\\/www.yachtingnews.com\\\/es\\\/yachting-news-2\\\/\"},{\"@type\":\"ListItem\",\"position\":2,\"name\":\"Piero Formenti nombrado Presidente de Confindustria Nautica, un cambio en la direcci\u00f3n de la asociaci\u00f3n\"}]},{\"@type\":\"WebSite\",\"@id\":\"https:\\\/\\\/www.yachtingnews.com\\\/es\\\/#website\",\"url\":\"https:\\\/\\\/www.yachtingnews.com\\\/es\\\/\",\"name\":\"Yachting News\",\"description\":\"The International Yachting Media\",\"publisher\":{\"@id\":\"https:\\\/\\\/www.yachtingnews.com\\\/es\\\/#organization\"},\"potentialAction\":[{\"@type\":\"SearchAction\",\"target\":{\"@type\":\"EntryPoint\",\"urlTemplate\":\"https:\\\/\\\/www.yachtingnews.com\\\/es\\\/?s={search_term_string}\"},\"query-input\":{\"@type\":\"PropertyValueSpecification\",\"valueRequired\":true,\"valueName\":\"search_term_string\"}}],\"inLanguage\":\"es\"},{\"@type\":\"Organization\",\"@id\":\"https:\\\/\\\/www.yachtingnews.com\\\/es\\\/#organization\",\"name\":\"Yachting News\",\"url\":\"https:\\\/\\\/www.yachtingnews.com\\\/es\\\/\",\"logo\":{\"@type\":\"ImageObject\",\"inLanguage\":\"es\",\"@id\":\"https:\\\/\\\/www.yachtingnews.com\\\/es\\\/#\\\/schema\\\/logo\\\/image\\\/\",\"url\":\"https:\\\/\\\/www.yachtingnews.com\\\/wp-content\\\/uploads\\\/2023\\\/02\\\/LOGO-Yachting-NEWS-blu-800.png\",\"contentUrl\":\"https:\\\/\\\/www.yachtingnews.com\\\/wp-content\\\/uploads\\\/2023\\\/02\\\/LOGO-Yachting-NEWS-blu-800.png\",\"width\":790,\"height\":99,\"caption\":\"Yachting News\"},\"image\":{\"@id\":\"https:\\\/\\\/www.yachtingnews.com\\\/es\\\/#\\\/schema\\\/logo\\\/image\\\/\"},\"sameAs\":[\"https:\\\/\\\/www.facebook.com\\\/TheInternationalYachtingMedia\",\"https:\\\/\\\/x.com\\\/YachtingMedia\",\"https:\\\/\\\/www.instagram.com\\\/yachting.news\\\/\",\"https:\\\/\\\/www.linkedin.com\\\/company\\\/the-international-yachting-media\",\"https:\\\/\\\/www.youtube.com\\\/c\\\/TheInternationalYachtingMedia\"]},{\"@type\":\"Person\",\"@id\":\"https:\\\/\\\/www.yachtingnews.com\\\/es\\\/#\\\/schema\\\/person\\\/f82bb28662e582bd09ecf64c2723e34e\",\"name\":\"Luca D'Ambrosio\",\"image\":{\"@type\":\"ImageObject\",\"inLanguage\":\"es\",\"@id\":\"https:\\\/\\\/www.yachtingnews.com\\\/wp-content\\\/litespeed\\\/avatar\\\/bba22fc791b72395e4e185526136613b.jpg?ver=1787585046\",\"url\":\"https:\\\/\\\/www.yachtingnews.com\\\/wp-content\\\/litespeed\\\/avatar\\\/bba22fc791b72395e4e185526136613b.jpg?ver=1787585046\",\"contentUrl\":\"https:\\\/\\\/www.yachtingnews.com\\\/wp-content\\\/litespeed\\\/avatar\\\/bba22fc791b72395e4e185526136613b.jpg?ver=1787585046\",\"caption\":\"Luca D'Ambrosio\"},\"description\":\"Editor-in-chief, boat tester and journalist. Luca began sailing at an early age with his father then as an adult discovered sailing regattas and offshore racing. He has been working in publishing for more than 30 years and continues to sail incessantly, especially aboard the editorial staff's boat, an old lady of the seas that he has completely rebuilt and which serves excellently as a \\\"mobile laboratory\\\" for The International Yachting Media.\",\"url\":\"https:\\\/\\\/www.yachtingnews.com\\\/es\\\/author\\\/luca-dambrosio\\\/\"}]}<\/script>\n<!-- \/ Yoast SEO plugin. -->","yoast_head_json":{"title":"Piero Formenti nombrado Presidente de Confindustria Nautica - Yachting News","description":"Piero Formenti es el nuevo Presidente de Confindustria Nautica. La decisi\u00f3n se produce despu\u00e9s de que el Consejo General de la Asociaci\u00f3n...","robots":{"index":"index","follow":"follow","max-snippet":"max-snippet:-1","max-image-preview":"max-image-preview:large","max-video-preview":"max-video-preview:-1"},"canonical":"https:\/\/www.yachtingnews.com\/es\/piero-formenti-presidente-de-confindustria-nautica\/","og_locale":"es_ES","og_type":"article","og_title":"Piero Formenti nombrado Presidente de Confindustria Nautica - Yachting News","og_description":"Piero Formenti es el nuevo Presidente de Confindustria Nautica. La decisi\u00f3n se produce despu\u00e9s de que el Consejo General de la Asociaci\u00f3n...","og_url":"https:\/\/www.yachtingnews.com\/es\/piero-formenti-presidente-de-confindustria-nautica\/","og_site_name":"Yachting News","article_publisher":"https:\/\/www.facebook.com\/TheInternationalYachtingMedia","article_published_time":"2024-05-11T14:40:39+00:00","article_modified_time":"2024-05-11T14:43:21+00:00","og_image":[{"width":1600,"height":900,"url":"https:\/\/www.yachtingnews.com\/wp-content\/uploads\/2024\/05\/Piero-Formenti-Presidente-Confindustria-Nautica.webp","type":"image\/webp"}],"author":"Luca D'Ambrosio","twitter_card":"summary_large_image","twitter_creator":"@YachtingMedia","twitter_site":"@YachtingMedia","twitter_misc":{"Escrito por":"Luca D'Ambrosio","Tiempo de lectura":"3 minutos"},"schema":{"@context":"https:\/\/schema.org","@graph":[{"@type":"Article","@id":"https:\/\/www.yachtingnews.com\/es\/piero-formenti-presidente-de-confindustria-nautica\/#article","isPartOf":{"@id":"https:\/\/www.yachtingnews.com\/es\/piero-formenti-presidente-de-confindustria-nautica\/"},"author":{"name":"Luca D'Ambrosio","@id":"https:\/\/www.yachtingnews.com\/es\/#\/schema\/person\/f82bb28662e582bd09ecf64c2723e34e"},"headline":"Piero Formenti nombrado Presidente de Confindustria Nautica, un cambio en la direcci\u00f3n de la asociaci\u00f3n","datePublished":"2024-05-11T14:40:39+00:00","dateModified":"2024-05-11T14:43:21+00:00","mainEntityOfPage":{"@id":"https:\/\/www.yachtingnews.com\/es\/piero-formenti-presidente-de-confindustria-nautica\/"},"wordCount":638,"commentCount":0,"publisher":{"@id":"https:\/\/www.yachtingnews.com\/es\/#organization"},"image":{"@id":"https:\/\/www.yachtingnews.com\/es\/piero-formenti-presidente-de-confindustria-nautica\/#primaryimage"},"thumbnailUrl":"https:\/\/www.yachtingnews.com\/wp-content\/uploads\/2024\/05\/Piero-Formenti-Presidente-Confindustria-Nautica.webp","keywords":["Piero Formenti"],"articleSection":["Noticias"],"inLanguage":"es","potentialAction":[{"@type":"CommentAction","name":"Comment","target":["https:\/\/www.yachtingnews.com\/es\/piero-formenti-presidente-de-confindustria-nautica\/#respond"]}]},{"@type":"WebPage","@id":"https:\/\/www.yachtingnews.com\/es\/piero-formenti-presidente-de-confindustria-nautica\/","url":"https:\/\/www.yachtingnews.com\/es\/piero-formenti-presidente-de-confindustria-nautica\/","name":"Piero Formenti nombrado Presidente de Confindustria Nautica - Yachting News","isPartOf":{"@id":"https:\/\/www.yachtingnews.com\/es\/#website"},"primaryImageOfPage":{"@id":"https:\/\/www.yachtingnews.com\/es\/piero-formenti-presidente-de-confindustria-nautica\/#primaryimage"},"image":{"@id":"https:\/\/www.yachtingnews.com\/es\/piero-formenti-presidente-de-confindustria-nautica\/#primaryimage"},"thumbnailUrl":"https:\/\/www.yachtingnews.com\/wp-content\/uploads\/2024\/05\/Piero-Formenti-Presidente-Confindustria-Nautica.webp","datePublished":"2024-05-11T14:40:39+00:00","dateModified":"2024-05-11T14:43:21+00:00","description":"Piero Formenti es el nuevo Presidente de Confindustria Nautica. La decisi\u00f3n se produce despu\u00e9s de que el Consejo General de la Asociaci\u00f3n...","breadcrumb":{"@id":"https:\/\/www.yachtingnews.com\/es\/piero-formenti-presidente-de-confindustria-nautica\/#breadcrumb"},"inLanguage":"es","potentialAction":[{"@type":"ReadAction","target":["https:\/\/www.yachtingnews.com\/es\/piero-formenti-presidente-de-confindustria-nautica\/"]}]},{"@type":"ImageObject","inLanguage":"es","@id":"https:\/\/www.yachtingnews.com\/es\/piero-formenti-presidente-de-confindustria-nautica\/#primaryimage","url":"https:\/\/www.yachtingnews.com\/wp-content\/uploads\/2024\/05\/Piero-Formenti-Presidente-Confindustria-Nautica.webp","contentUrl":"https:\/\/www.yachtingnews.com\/wp-content\/uploads\/2024\/05\/Piero-Formenti-Presidente-Confindustria-Nautica.webp","width":1600,"height":900,"caption":"Piero-Formenti-Presidente-Confindustria-N\u00e1utica"},{"@type":"BreadcrumbList","@id":"https:\/\/www.yachtingnews.com\/es\/piero-formenti-presidente-de-confindustria-nautica\/#breadcrumb","itemListElement":[{"@type":"ListItem","position":1,"name":"Home","item":"https:\/\/www.yachtingnews.com\/es\/yachting-news-2\/"},{"@type":"ListItem","position":2,"name":"Piero Formenti nombrado Presidente de Confindustria Nautica, un cambio en la direcci\u00f3n de la asociaci\u00f3n"}]},{"@type":"WebSite","@id":"https:\/\/www.yachtingnews.com\/es\/#website","url":"https:\/\/www.yachtingnews.com\/es\/","name":"Yachting News","description":"The International Yachting Media","publisher":{"@id":"https:\/\/www.yachtingnews.com\/es\/#organization"},"potentialAction":[{"@type":"SearchAction","target":{"@type":"EntryPoint","urlTemplate":"https:\/\/www.yachtingnews.com\/es\/?s={search_term_string}"},"query-input":{"@type":"PropertyValueSpecification","valueRequired":true,"valueName":"search_term_string"}}],"inLanguage":"es"},{"@type":"Organization","@id":"https:\/\/www.yachtingnews.com\/es\/#organization","name":"Yachting News","url":"https:\/\/www.yachtingnews.com\/es\/","logo":{"@type":"ImageObject","inLanguage":"es","@id":"https:\/\/www.yachtingnews.com\/es\/#\/schema\/logo\/image\/","url":"https:\/\/www.yachtingnews.com\/wp-content\/uploads\/2023\/02\/LOGO-Yachting-NEWS-blu-800.png","contentUrl":"https:\/\/www.yachtingnews.com\/wp-content\/uploads\/2023\/02\/LOGO-Yachting-NEWS-blu-800.png","width":790,"height":99,"caption":"Yachting News"},"image":{"@id":"https:\/\/www.yachtingnews.com\/es\/#\/schema\/logo\/image\/"},"sameAs":["https:\/\/www.facebook.com\/TheInternationalYachtingMedia","https:\/\/x.com\/YachtingMedia","https:\/\/www.instagram.com\/yachting.news\/","https:\/\/www.linkedin.com\/company\/the-international-yachting-media","https:\/\/www.youtube.com\/c\/TheInternationalYachtingMedia"]},{"@type":"Person","@id":"https:\/\/www.yachtingnews.com\/es\/#\/schema\/person\/f82bb28662e582bd09ecf64c2723e34e","name":"Luca D'Ambrosio","image":{"@type":"ImageObject","inLanguage":"es","@id":"https:\/\/www.yachtingnews.com\/wp-content\/litespeed\/avatar\/bba22fc791b72395e4e185526136613b.jpg?ver=1787585046","url":"https:\/\/www.yachtingnews.com\/wp-content\/litespeed\/avatar\/bba22fc791b72395e4e185526136613b.jpg?ver=1787585046","contentUrl":"https:\/\/www.yachtingnews.com\/wp-content\/litespeed\/avatar\/bba22fc791b72395e4e185526136613b.jpg?ver=1787585046","caption":"Luca D'Ambrosio"},"description":"Editor-in-chief, boat tester and journalist. Luca began sailing at an early age with his father then as an adult discovered sailing regattas and offshore racing. He has been working in publishing for more than 30 years and continues to sail incessantly, especially aboard the editorial staff's boat, an old lady of the seas that he has completely rebuilt and which serves excellently as a \"mobile laboratory\" for The International Yachting Media.","url":"https:\/\/www.yachtingnews.com\/es\/author\/luca-dambrosio\/"}]}},"_links":{"self":[{"href":"https:\/\/www.yachtingnews.com\/es\/wp-json\/wp\/v2\/posts\/109984","targetHints":{"allow":["GET"]}}],"collection":[{"href":"https:\/\/www.yachtingnews.com\/es\/wp-json\/wp\/v2\/posts"}],"about":[{"href":"https:\/\/www.yachtingnews.com\/es\/wp-json\/wp\/v2\/types\/post"}],"author":[{"embeddable":true,"href":"https:\/\/www.yachtingnews.com\/es\/wp-json\/wp\/v2\/users\/10"}],"replies":[{"embeddable":true,"href":"https:\/\/www.yachtingnews.com\/es\/wp-json\/wp\/v2\/comments?post=109984"}],"version-history":[{"count":0,"href":"https:\/\/www.yachtingnews.com\/es\/wp-json\/wp\/v2\/posts\/109984\/revisions"}],"wp:featuredmedia":[{"embeddable":true,"href":"https:\/\/www.yachtingnews.com\/es\/wp-json\/wp\/v2\/media\/109965"}],"wp:attachment":[{"href":"https:\/\/www.yachtingnews.com\/es\/wp-json\/wp\/v2\/media?parent=109984"}],"wp:term":[{"taxonomy":"category","embeddable":true,"href":"https:\/\/www.yachtingnews.com\/es\/wp-json\/wp\/v2\/categories?post=109984"},{"taxonomy":"post_tag","embeddable":true,"href":"https:\/\/www.yachtingnews.com\/es\/wp-json\/wp\/v2\/tags?post=109984"}],"curies":[{"name":"wp","href":"https:\/\/api.w.org\/{rel}","templated":true}]}}