{"id":131348,"date":"2024-05-22T02:39:00","date_gmt":"2024-05-22T01:39:00","guid":{"rendered":"https:\/\/yachtingnews.com\/sacs-tecnorib-venice\/"},"modified":"2024-05-23T06:45:39","modified_gmt":"2024-05-23T05:45:39","slug":"sacs-tecnorib-venice","status":"publish","type":"post","link":"https:\/\/www.yachtingnews.com\/es\/sacs-tecnorib-venice\/","title":{"rendered":"Sacs Tecnorib en el Sal\u00f3n N\u00e1utico de Venecia con la gama Strider"},"content":{"rendered":"\t\t<div data-elementor-type=\"wp-post\" data-elementor-id=\"131348\" class=\"elementor elementor-131348 elementor-131307\" data-elementor-post-type=\"post\">\n\t\t\t\t\t\t<section class=\"elementor-section elementor-top-section elementor-element elementor-element-23c0a0b3 elementor-section-boxed elementor-section-height-default elementor-section-height-default\" data-id=\"23c0a0b3\" data-element_type=\"section\" data-e-type=\"section\">\n\t\t\t\t\t\t<div class=\"elementor-container elementor-column-gap-default\">\n\t\t\t\t\t<div class=\"elementor-column elementor-col-100 elementor-top-column elementor-element elementor-element-359e283b\" data-id=\"359e283b\" data-element_type=\"column\" data-e-type=\"column\">\n\t\t\t<div class=\"elementor-widget-wrap elementor-element-populated\">\n\t\t\t\t\t\t<div class=\"elementor-element elementor-element-44c94ee elementor-widget elementor-widget-text-editor\" data-id=\"44c94ee\" data-element_type=\"widget\" data-e-type=\"widget\" data-widget_type=\"text-editor.default\">\n\t\t\t\t<div class=\"elementor-widget-container\">\n\t\t\t\t\t\t\t\t\t<p><strong>Sacs Tecnorib <\/strong>lleva su popular gama Strider al Sal\u00f3n N\u00e1utico de Venecia, la cita n\u00e1utica m\u00e1s glamurosa del Adri\u00e1tico que re\u00fane a las marcas m\u00e1s importantes del mundo de la n\u00e1utica en las aguas del Arsenale del 29 de mayo al 2 de junio. Se expondr\u00e1n las Strider 11 y 15.<\/p>\n<p>Sacs Tecnorib asistir\u00e1 al Sal\u00f3n N\u00e1utico de Venecia en el marco hist\u00f3rico del Arsenale, s\u00edmbolo del secular dominio militar en todos los mares del mundo de la Rep\u00fablica de Venecia. El sal\u00f3n n\u00e1utico ofrecer\u00e1 a los m\u00e1s de 30.000 visitantes previstos la posibilidad de admirar <b>m\u00e1s de 300 embarcaciones de 220 expositores.<\/b><\/p>\n<p>Gracias a la colaboraci\u00f3n con el concesionario  <b>Tienda N\u00e1utica Italiana,<\/b>  Sacs Tecnorib tendr\u00e1 la oportunidad de mostrar en el agua, en el stand P2 Sud, los deportivos y elegantes Strider 11 y Strider 15: dos de los modelos m\u00e1s vendidos de la marca gracias a las l\u00edneas exclusivas dise\u00f1adas por  <b>Christian Grande,<\/b>  la calidad de construcci\u00f3n y la confianza que transmiten en todas las condiciones marinas y meteorol\u00f3gicas.<\/p>\n<h2 class=\"western\">Sacos Tecnorib Strider 11<\/h2>\n<p>Strider 11 representa la evoluci\u00f3n de la serie, centr\u00e1ndose especialmente en el concepto de<b> auxiliar de gama alta<\/b> para<a href=\"https:\/\/www.superyachts.news\/\"> superyates<\/a>. Con un atractivo dise\u00f1o, esta embarcaci\u00f3n de Sacs Tecnorib est\u00e1 concebida como una mezcla perfecta para divertirse y relajarse en buena compa\u00f1\u00eda. Disponible en dos versiones (Sun Deck y Open Back), el Strider 11 es ideal como crucero de un d\u00eda o como embarcaci\u00f3n auxiliar de gama alta. Este elegante modelo, dependiendo de la configuraci\u00f3n de motor elegida, puede alcanzar una velocidad de 47 nudos y puede acomodar hasta 14 pasajeros.<\/p>\n<figure id=\"attachment_131316\" aria-describedby=\"caption-attachment-131316\" style=\"width: 1280px\" class=\"wp-caption aligncenter\"><img decoding=\"async\" class=\"wp-image-131313 size-full\" title=\"Strider 11-Espalda Abierta\" src=\"https:\/\/yachtingnews.com\/wp-content\/uploads\/2024\/05\/Strider-11-Open-Back.webp\" alt=\"Strider 11-Espalda Abierta\" width=\"1280\" height=\"853\" srcset=\"https:\/\/www.yachtingnews.com\/wp-content\/uploads\/2024\/05\/Strider-11-Open-Back.webp 1280w, https:\/\/www.yachtingnews.com\/wp-content\/uploads\/2024\/05\/Strider-11-Open-Back-300x200.webp 300w, https:\/\/www.yachtingnews.com\/wp-content\/uploads\/2024\/05\/Strider-11-Open-Back-768x512.webp 768w\" sizes=\"(max-width: 1280px) 100vw, 1280px\" \/><figcaption id=\"caption-attachment-131316\" class=\"wp-caption-text\">Strider 11<\/figcaption><\/figure>\n<p>La zona de popa de la versi\u00f3n <b>Sun Deck<\/b> cuenta con una zona para tomar el sol a todo trapo, mientras que la versi\u00f3n<b> Open<\/b> Back tiene un sof\u00e1 en forma de U con asientos c\u00f3modos y profundos, que permite que un grupo de seis personas se siente c\u00f3modamente alrededor de la mesa tanto durante la navegaci\u00f3n como al fondear. El elemento telesc\u00f3pico central puede bajarse, y toda la zona puede convertirse entonces en una zona para tomar el sol.<\/p>\n<p>Las caracter\u00edsticas t\u00e9cnicas son las mismas en ambas versiones: una eslora total de 11 metros y una anchura de 3,79 metros, con dos literas (m\u00e1s dos opcionales en la versi\u00f3n Sun Deck), materiales de alta calidad e interiores de roble cepillado.<\/p>\n<h2 class=\"western\">Trancos 15<\/h2>\n<p>Strider 15 es la embarcaci\u00f3n de Sacs Tecnorib que identific\u00f3 por primera vez todo un nicho de mercado: <b>las maxi-costillas<\/b> de alto rendimiento. Fue el pionero de una gama que desde entonces se ha ampliado para incluir tallas de 7 a 20 metros, manteniendo sistem\u00e1ticamente una identidad precisa y un estilo ic\u00f3nico en todos los \u00e1mbitos.<\/p>\n<figure id=\"attachment_131320\" aria-describedby=\"caption-attachment-131320\" style=\"width: 1280px\" class=\"wp-caption aligncenter\"><img decoding=\"async\" class=\"wp-image-131317 size-full\" title=\"Strider-15-Sacs-Tecnorib\" src=\"https:\/\/yachtingnews.com\/wp-content\/uploads\/2024\/05\/Strider-15-Sacs-Tecnorib.webp\" alt=\"Strider-15-Sacs-Tecnorib\" width=\"1280\" height=\"852\" srcset=\"https:\/\/www.yachtingnews.com\/wp-content\/uploads\/2024\/05\/Strider-15-Sacs-Tecnorib.webp 1280w, https:\/\/www.yachtingnews.com\/wp-content\/uploads\/2024\/05\/Strider-15-Sacs-Tecnorib-300x200.webp 300w, https:\/\/www.yachtingnews.com\/wp-content\/uploads\/2024\/05\/Strider-15-Sacs-Tecnorib-768x511.webp 768w\" sizes=\"(max-width: 1280px) 100vw, 1280px\" \/><figcaption id=\"caption-attachment-131320\" class=\"wp-caption-text\">Trancos 15<\/figcaption><\/figure>\n<p>El nuevo modelo de <a href=\"https:\/\/yachtingnews.com\/es\/sacs-strider-15-sea-trial\/\">Strider 15<\/a>, que mide 15 metros de longitud total y unos 5 metros de anchura, se ha actualizado con nuevas especificaciones t\u00e9cnicas y l\u00edneas, ofreciendo una visi\u00f3n claramente contempor\u00e1nea del car\u00e1cter decidido y din\u00e1mico del modelo original. En este caso, el estudio Christian Grande ha trabajado en clara oposici\u00f3n a las geometr\u00edas afiladas y lac\u00f3nicas que suelen encontrarse en el \u00e1mbito de las embarcaciones hinchables: en su lugar, son las nervaduras, las tomas de aire resaltadas por luces LED y la complejidad org\u00e1nica de las l\u00edneas las que transmiten la vibraci\u00f3n de energ\u00eda indomable que pretende transmitir esta embarcaci\u00f3n. La sensaci\u00f3n de equilibrio y cohesi\u00f3n del conjunto no se consigue mediante una simplificaci\u00f3n excesiva hasta la planitud, sino mediante un control meticuloso de los detalles, los acentos y los materiales.<\/p>\n<p>La roda recta de proa, m\u00e1s pronunciada que antes, caracteriza todos los nuevos cascos deportivos de Sacs Tecnorib, prolongando la l\u00ednea de flotaci\u00f3n y mejorando el rendimiento. El nuevo techo r\u00edgido flota sobre la ba\u00f1era, y los tubos hacia la proa realzan el aspecto din\u00e1mico desde la vista lateral.<\/p>\n\t\t\t\t\t\t\t\t<\/div>\n\t\t\t\t<\/div>\n\t\t\t\t\t<\/div>\n\t\t<\/div>\n\t\t\t\t\t<\/div>\n\t\t<\/section>\n\t\t\t\t<\/div>\n\t\t","protected":false},"excerpt":{"rendered":"<p>Sacs Tecnorib lleva su popular gama Strider al Sal\u00f3n N\u00e1utico de Venecia, la cita n\u00e1utica m\u00e1s glamurosa del Adri\u00e1tico que re\u00fane a las marcas m\u00e1s importantes del mundo de la n\u00e1utica en las aguas del Arsenale del 29 de mayo al 2 de junio. Se expondr\u00e1n las Strider 11 y 15. Sacs Tecnorib asistir\u00e1 al [&hellip;]<\/p>\n","protected":false},"author":3,"featured_media":131311,"comment_status":"open","ping_status":"open","sticky":false,"template":"","format":"standard","meta":{"_mo_disable_npp":"","footnotes":""},"categories":[2100],"tags":[2318],"class_list":["post-131348","post","type-post","status-publish","format-standard","has-post-thumbnail","hentry","category-noticias-nauticas","tag-sacos-tecnorib-es"],"yoast_head":"<!-- This site is optimized with the Yoast SEO plugin v28.3 - https:\/\/yoast.com\/product\/yoast-seo-wordpress\/ -->\n<title>Sacs Tecnorib en el Sal\u00f3n N\u00e1utico de Venecia con la gama Strider - Yachting News<\/title>\n<meta name=\"description\" content=\"Sacs Tecnorib lleva su popular gama Strider al Sal\u00f3n N\u00e1utico de Venecia, la cita n\u00e1utica m\u00e1s glamurosa ...\" \/>\n<meta name=\"robots\" content=\"index, follow, max-snippet:-1, max-image-preview:large, max-video-preview:-1\" \/>\n<link rel=\"canonical\" href=\"https:\/\/www.yachtingnews.com\/es\/sacs-tecnorib-venice\/\" \/>\n<meta property=\"og:locale\" content=\"es_ES\" \/>\n<meta property=\"og:type\" content=\"article\" \/>\n<meta property=\"og:title\" content=\"Sacs Tecnorib en el Sal\u00f3n N\u00e1utico de Venecia con la gama Strider - Yachting News\" \/>\n<meta property=\"og:description\" content=\"Sacs Tecnorib lleva su popular gama Strider al Sal\u00f3n N\u00e1utico de Venecia, la cita n\u00e1utica m\u00e1s glamurosa ...\" \/>\n<meta property=\"og:url\" content=\"https:\/\/www.yachtingnews.com\/es\/sacs-tecnorib-venice\/\" \/>\n<meta property=\"og:site_name\" content=\"Yachting News\" \/>\n<meta property=\"article:publisher\" content=\"https:\/\/www.facebook.com\/TheInternationalYachtingMedia\" \/>\n<meta property=\"article:published_time\" content=\"2024-05-22T01:39:00+00:00\" \/>\n<meta property=\"article:modified_time\" content=\"2024-05-23T05:45:39+00:00\" \/>\n<meta property=\"og:image\" content=\"https:\/\/www.yachtingnews.com\/wp-content\/uploads\/2024\/05\/sacs-tecnorib.webp\" \/>\n\t<meta property=\"og:image:width\" content=\"1600\" \/>\n\t<meta property=\"og:image:height\" content=\"900\" \/>\n\t<meta property=\"og:image:type\" content=\"image\/webp\" \/>\n<meta name=\"author\" content=\"Gioacchino Ferrari\" \/>\n<meta name=\"twitter:card\" content=\"summary_large_image\" \/>\n<meta name=\"twitter:creator\" content=\"@YachtingMedia\" \/>\n<meta name=\"twitter:site\" content=\"@YachtingMedia\" \/>\n<meta name=\"twitter:label1\" content=\"Escrito por\" \/>\n\t<meta name=\"twitter:data1\" content=\"Gioacchino Ferrari\" \/>\n\t<meta name=\"twitter:label2\" content=\"Tiempo de lectura\" \/>\n\t<meta name=\"twitter:data2\" content=\"3 minutos\" \/>\n<script type=\"application\/ld+json\" class=\"yoast-schema-graph\">{\"@context\":\"https:\\\/\\\/schema.org\",\"@graph\":[{\"@type\":\"Article\",\"@id\":\"https:\\\/\\\/www.yachtingnews.com\\\/es\\\/sacs-tecnorib-venice\\\/#article\",\"isPartOf\":{\"@id\":\"https:\\\/\\\/www.yachtingnews.com\\\/es\\\/sacs-tecnorib-venice\\\/\"},\"author\":{\"name\":\"Gioacchino Ferrari\",\"@id\":\"https:\\\/\\\/www.yachtingnews.com\\\/es\\\/#\\\/schema\\\/person\\\/3ababe376a8a4230d2904fc79554d4cc\"},\"headline\":\"Sacs Tecnorib en el Sal\u00f3n N\u00e1utico de Venecia con la gama Strider\",\"datePublished\":\"2024-05-22T01:39:00+00:00\",\"dateModified\":\"2024-05-23T05:45:39+00:00\",\"mainEntityOfPage\":{\"@id\":\"https:\\\/\\\/www.yachtingnews.com\\\/es\\\/sacs-tecnorib-venice\\\/\"},\"wordCount\":704,\"commentCount\":0,\"publisher\":{\"@id\":\"https:\\\/\\\/www.yachtingnews.com\\\/es\\\/#organization\"},\"image\":{\"@id\":\"https:\\\/\\\/www.yachtingnews.com\\\/es\\\/sacs-tecnorib-venice\\\/#primaryimage\"},\"thumbnailUrl\":\"https:\\\/\\\/www.yachtingnews.com\\\/wp-content\\\/uploads\\\/2024\\\/05\\\/sacs-tecnorib.webp\",\"keywords\":[\"Sacos Tecnorib\"],\"articleSection\":[\"Noticias\"],\"inLanguage\":\"es\",\"potentialAction\":[{\"@type\":\"CommentAction\",\"name\":\"Comment\",\"target\":[\"https:\\\/\\\/www.yachtingnews.com\\\/es\\\/sacs-tecnorib-venice\\\/#respond\"]}]},{\"@type\":\"WebPage\",\"@id\":\"https:\\\/\\\/www.yachtingnews.com\\\/es\\\/sacs-tecnorib-venice\\\/\",\"url\":\"https:\\\/\\\/www.yachtingnews.com\\\/es\\\/sacs-tecnorib-venice\\\/\",\"name\":\"Sacs Tecnorib en el Sal\u00f3n N\u00e1utico de Venecia con la gama Strider - Yachting News\",\"isPartOf\":{\"@id\":\"https:\\\/\\\/www.yachtingnews.com\\\/es\\\/#website\"},\"primaryImageOfPage\":{\"@id\":\"https:\\\/\\\/www.yachtingnews.com\\\/es\\\/sacs-tecnorib-venice\\\/#primaryimage\"},\"image\":{\"@id\":\"https:\\\/\\\/www.yachtingnews.com\\\/es\\\/sacs-tecnorib-venice\\\/#primaryimage\"},\"thumbnailUrl\":\"https:\\\/\\\/www.yachtingnews.com\\\/wp-content\\\/uploads\\\/2024\\\/05\\\/sacs-tecnorib.webp\",\"datePublished\":\"2024-05-22T01:39:00+00:00\",\"dateModified\":\"2024-05-23T05:45:39+00:00\",\"description\":\"Sacs Tecnorib lleva su popular gama Strider al Sal\u00f3n N\u00e1utico de Venecia, la cita n\u00e1utica m\u00e1s glamurosa ...\",\"breadcrumb\":{\"@id\":\"https:\\\/\\\/www.yachtingnews.com\\\/es\\\/sacs-tecnorib-venice\\\/#breadcrumb\"},\"inLanguage\":\"es\",\"potentialAction\":[{\"@type\":\"ReadAction\",\"target\":[\"https:\\\/\\\/www.yachtingnews.com\\\/es\\\/sacs-tecnorib-venice\\\/\"]}]},{\"@type\":\"ImageObject\",\"inLanguage\":\"es\",\"@id\":\"https:\\\/\\\/www.yachtingnews.com\\\/es\\\/sacs-tecnorib-venice\\\/#primaryimage\",\"url\":\"https:\\\/\\\/www.yachtingnews.com\\\/wp-content\\\/uploads\\\/2024\\\/05\\\/sacs-tecnorib.webp\",\"contentUrl\":\"https:\\\/\\\/www.yachtingnews.com\\\/wp-content\\\/uploads\\\/2024\\\/05\\\/sacs-tecnorib.webp\",\"width\":1600,\"height\":900,\"caption\":\"sacs-tecnorib\"},{\"@type\":\"BreadcrumbList\",\"@id\":\"https:\\\/\\\/www.yachtingnews.com\\\/es\\\/sacs-tecnorib-venice\\\/#breadcrumb\",\"itemListElement\":[{\"@type\":\"ListItem\",\"position\":1,\"name\":\"Home\",\"item\":\"https:\\\/\\\/www.yachtingnews.com\\\/es\\\/yachting-news-2\\\/\"},{\"@type\":\"ListItem\",\"position\":2,\"name\":\"Sacs Tecnorib en el Sal\u00f3n N\u00e1utico de Venecia con la gama Strider\"}]},{\"@type\":\"WebSite\",\"@id\":\"https:\\\/\\\/www.yachtingnews.com\\\/es\\\/#website\",\"url\":\"https:\\\/\\\/www.yachtingnews.com\\\/es\\\/\",\"name\":\"Yachting News\",\"description\":\"The International Yachting Media\",\"publisher\":{\"@id\":\"https:\\\/\\\/www.yachtingnews.com\\\/es\\\/#organization\"},\"potentialAction\":[{\"@type\":\"SearchAction\",\"target\":{\"@type\":\"EntryPoint\",\"urlTemplate\":\"https:\\\/\\\/www.yachtingnews.com\\\/es\\\/?s={search_term_string}\"},\"query-input\":{\"@type\":\"PropertyValueSpecification\",\"valueRequired\":true,\"valueName\":\"search_term_string\"}}],\"inLanguage\":\"es\"},{\"@type\":\"Organization\",\"@id\":\"https:\\\/\\\/www.yachtingnews.com\\\/es\\\/#organization\",\"name\":\"Yachting News\",\"url\":\"https:\\\/\\\/www.yachtingnews.com\\\/es\\\/\",\"logo\":{\"@type\":\"ImageObject\",\"inLanguage\":\"es\",\"@id\":\"https:\\\/\\\/www.yachtingnews.com\\\/es\\\/#\\\/schema\\\/logo\\\/image\\\/\",\"url\":\"https:\\\/\\\/www.yachtingnews.com\\\/wp-content\\\/uploads\\\/2023\\\/02\\\/LOGO-Yachting-NEWS-blu-800.png\",\"contentUrl\":\"https:\\\/\\\/www.yachtingnews.com\\\/wp-content\\\/uploads\\\/2023\\\/02\\\/LOGO-Yachting-NEWS-blu-800.png\",\"width\":790,\"height\":99,\"caption\":\"Yachting News\"},\"image\":{\"@id\":\"https:\\\/\\\/www.yachtingnews.com\\\/es\\\/#\\\/schema\\\/logo\\\/image\\\/\"},\"sameAs\":[\"https:\\\/\\\/www.facebook.com\\\/TheInternationalYachtingMedia\",\"https:\\\/\\\/x.com\\\/YachtingMedia\",\"https:\\\/\\\/www.instagram.com\\\/yachting.news\\\/\",\"https:\\\/\\\/www.linkedin.com\\\/company\\\/the-international-yachting-media\",\"https:\\\/\\\/www.youtube.com\\\/c\\\/TheInternationalYachtingMedia\"]},{\"@type\":\"Person\",\"@id\":\"https:\\\/\\\/www.yachtingnews.com\\\/es\\\/#\\\/schema\\\/person\\\/3ababe376a8a4230d2904fc79554d4cc\",\"name\":\"Gioacchino Ferrari\",\"image\":{\"@type\":\"ImageObject\",\"inLanguage\":\"es\",\"@id\":\"https:\\\/\\\/www.yachtingnews.com\\\/wp-content\\\/litespeed\\\/avatar\\\/dc077d85eccf2af2e2091f259ae16804.jpg?ver=1788200817\",\"url\":\"https:\\\/\\\/www.yachtingnews.com\\\/wp-content\\\/litespeed\\\/avatar\\\/dc077d85eccf2af2e2091f259ae16804.jpg?ver=1788200817\",\"contentUrl\":\"https:\\\/\\\/www.yachtingnews.com\\\/wp-content\\\/litespeed\\\/avatar\\\/dc077d85eccf2af2e2091f259ae16804.jpg?ver=1788200817\",\"caption\":\"Gioacchino Ferrari\"},\"url\":\"https:\\\/\\\/www.yachtingnews.com\\\/es\\\/author\\\/aliasnico\\\/\"}]}<\/script>\n<!-- \/ Yoast SEO plugin. -->","yoast_head_json":{"title":"Sacs Tecnorib en el Sal\u00f3n N\u00e1utico de Venecia con la gama Strider - Yachting News","description":"Sacs Tecnorib lleva su popular gama Strider al Sal\u00f3n N\u00e1utico de Venecia, la cita n\u00e1utica m\u00e1s glamurosa ...","robots":{"index":"index","follow":"follow","max-snippet":"max-snippet:-1","max-image-preview":"max-image-preview:large","max-video-preview":"max-video-preview:-1"},"canonical":"https:\/\/www.yachtingnews.com\/es\/sacs-tecnorib-venice\/","og_locale":"es_ES","og_type":"article","og_title":"Sacs Tecnorib en el Sal\u00f3n N\u00e1utico de Venecia con la gama Strider - Yachting News","og_description":"Sacs Tecnorib lleva su popular gama Strider al Sal\u00f3n N\u00e1utico de Venecia, la cita n\u00e1utica m\u00e1s glamurosa ...","og_url":"https:\/\/www.yachtingnews.com\/es\/sacs-tecnorib-venice\/","og_site_name":"Yachting News","article_publisher":"https:\/\/www.facebook.com\/TheInternationalYachtingMedia","article_published_time":"2024-05-22T01:39:00+00:00","article_modified_time":"2024-05-23T05:45:39+00:00","og_image":[{"width":1600,"height":900,"url":"https:\/\/www.yachtingnews.com\/wp-content\/uploads\/2024\/05\/sacs-tecnorib.webp","type":"image\/webp"}],"author":"Gioacchino Ferrari","twitter_card":"summary_large_image","twitter_creator":"@YachtingMedia","twitter_site":"@YachtingMedia","twitter_misc":{"Escrito por":"Gioacchino Ferrari","Tiempo de lectura":"3 minutos"},"schema":{"@context":"https:\/\/schema.org","@graph":[{"@type":"Article","@id":"https:\/\/www.yachtingnews.com\/es\/sacs-tecnorib-venice\/#article","isPartOf":{"@id":"https:\/\/www.yachtingnews.com\/es\/sacs-tecnorib-venice\/"},"author":{"name":"Gioacchino Ferrari","@id":"https:\/\/www.yachtingnews.com\/es\/#\/schema\/person\/3ababe376a8a4230d2904fc79554d4cc"},"headline":"Sacs Tecnorib en el Sal\u00f3n N\u00e1utico de Venecia con la gama Strider","datePublished":"2024-05-22T01:39:00+00:00","dateModified":"2024-05-23T05:45:39+00:00","mainEntityOfPage":{"@id":"https:\/\/www.yachtingnews.com\/es\/sacs-tecnorib-venice\/"},"wordCount":704,"commentCount":0,"publisher":{"@id":"https:\/\/www.yachtingnews.com\/es\/#organization"},"image":{"@id":"https:\/\/www.yachtingnews.com\/es\/sacs-tecnorib-venice\/#primaryimage"},"thumbnailUrl":"https:\/\/www.yachtingnews.com\/wp-content\/uploads\/2024\/05\/sacs-tecnorib.webp","keywords":["Sacos Tecnorib"],"articleSection":["Noticias"],"inLanguage":"es","potentialAction":[{"@type":"CommentAction","name":"Comment","target":["https:\/\/www.yachtingnews.com\/es\/sacs-tecnorib-venice\/#respond"]}]},{"@type":"WebPage","@id":"https:\/\/www.yachtingnews.com\/es\/sacs-tecnorib-venice\/","url":"https:\/\/www.yachtingnews.com\/es\/sacs-tecnorib-venice\/","name":"Sacs Tecnorib en el Sal\u00f3n N\u00e1utico de Venecia con la gama Strider - Yachting News","isPartOf":{"@id":"https:\/\/www.yachtingnews.com\/es\/#website"},"primaryImageOfPage":{"@id":"https:\/\/www.yachtingnews.com\/es\/sacs-tecnorib-venice\/#primaryimage"},"image":{"@id":"https:\/\/www.yachtingnews.com\/es\/sacs-tecnorib-venice\/#primaryimage"},"thumbnailUrl":"https:\/\/www.yachtingnews.com\/wp-content\/uploads\/2024\/05\/sacs-tecnorib.webp","datePublished":"2024-05-22T01:39:00+00:00","dateModified":"2024-05-23T05:45:39+00:00","description":"Sacs Tecnorib lleva su popular gama Strider al Sal\u00f3n N\u00e1utico de Venecia, la cita n\u00e1utica m\u00e1s glamurosa ...","breadcrumb":{"@id":"https:\/\/www.yachtingnews.com\/es\/sacs-tecnorib-venice\/#breadcrumb"},"inLanguage":"es","potentialAction":[{"@type":"ReadAction","target":["https:\/\/www.yachtingnews.com\/es\/sacs-tecnorib-venice\/"]}]},{"@type":"ImageObject","inLanguage":"es","@id":"https:\/\/www.yachtingnews.com\/es\/sacs-tecnorib-venice\/#primaryimage","url":"https:\/\/www.yachtingnews.com\/wp-content\/uploads\/2024\/05\/sacs-tecnorib.webp","contentUrl":"https:\/\/www.yachtingnews.com\/wp-content\/uploads\/2024\/05\/sacs-tecnorib.webp","width":1600,"height":900,"caption":"sacs-tecnorib"},{"@type":"BreadcrumbList","@id":"https:\/\/www.yachtingnews.com\/es\/sacs-tecnorib-venice\/#breadcrumb","itemListElement":[{"@type":"ListItem","position":1,"name":"Home","item":"https:\/\/www.yachtingnews.com\/es\/yachting-news-2\/"},{"@type":"ListItem","position":2,"name":"Sacs Tecnorib en el Sal\u00f3n N\u00e1utico de Venecia con la gama Strider"}]},{"@type":"WebSite","@id":"https:\/\/www.yachtingnews.com\/es\/#website","url":"https:\/\/www.yachtingnews.com\/es\/","name":"Yachting News","description":"The International Yachting Media","publisher":{"@id":"https:\/\/www.yachtingnews.com\/es\/#organization"},"potentialAction":[{"@type":"SearchAction","target":{"@type":"EntryPoint","urlTemplate":"https:\/\/www.yachtingnews.com\/es\/?s={search_term_string}"},"query-input":{"@type":"PropertyValueSpecification","valueRequired":true,"valueName":"search_term_string"}}],"inLanguage":"es"},{"@type":"Organization","@id":"https:\/\/www.yachtingnews.com\/es\/#organization","name":"Yachting News","url":"https:\/\/www.yachtingnews.com\/es\/","logo":{"@type":"ImageObject","inLanguage":"es","@id":"https:\/\/www.yachtingnews.com\/es\/#\/schema\/logo\/image\/","url":"https:\/\/www.yachtingnews.com\/wp-content\/uploads\/2023\/02\/LOGO-Yachting-NEWS-blu-800.png","contentUrl":"https:\/\/www.yachtingnews.com\/wp-content\/uploads\/2023\/02\/LOGO-Yachting-NEWS-blu-800.png","width":790,"height":99,"caption":"Yachting News"},"image":{"@id":"https:\/\/www.yachtingnews.com\/es\/#\/schema\/logo\/image\/"},"sameAs":["https:\/\/www.facebook.com\/TheInternationalYachtingMedia","https:\/\/x.com\/YachtingMedia","https:\/\/www.instagram.com\/yachting.news\/","https:\/\/www.linkedin.com\/company\/the-international-yachting-media","https:\/\/www.youtube.com\/c\/TheInternationalYachtingMedia"]},{"@type":"Person","@id":"https:\/\/www.yachtingnews.com\/es\/#\/schema\/person\/3ababe376a8a4230d2904fc79554d4cc","name":"Gioacchino Ferrari","image":{"@type":"ImageObject","inLanguage":"es","@id":"https:\/\/www.yachtingnews.com\/wp-content\/litespeed\/avatar\/dc077d85eccf2af2e2091f259ae16804.jpg?ver=1788200817","url":"https:\/\/www.yachtingnews.com\/wp-content\/litespeed\/avatar\/dc077d85eccf2af2e2091f259ae16804.jpg?ver=1788200817","contentUrl":"https:\/\/www.yachtingnews.com\/wp-content\/litespeed\/avatar\/dc077d85eccf2af2e2091f259ae16804.jpg?ver=1788200817","caption":"Gioacchino Ferrari"},"url":"https:\/\/www.yachtingnews.com\/es\/author\/aliasnico\/"}]}},"_links":{"self":[{"href":"https:\/\/www.yachtingnews.com\/es\/wp-json\/wp\/v2\/posts\/131348","targetHints":{"allow":["GET"]}}],"collection":[{"href":"https:\/\/www.yachtingnews.com\/es\/wp-json\/wp\/v2\/posts"}],"about":[{"href":"https:\/\/www.yachtingnews.com\/es\/wp-json\/wp\/v2\/types\/post"}],"author":[{"embeddable":true,"href":"https:\/\/www.yachtingnews.com\/es\/wp-json\/wp\/v2\/users\/3"}],"replies":[{"embeddable":true,"href":"https:\/\/www.yachtingnews.com\/es\/wp-json\/wp\/v2\/comments?post=131348"}],"version-history":[{"count":0,"href":"https:\/\/www.yachtingnews.com\/es\/wp-json\/wp\/v2\/posts\/131348\/revisions"}],"wp:featuredmedia":[{"embeddable":true,"href":"https:\/\/www.yachtingnews.com\/es\/wp-json\/wp\/v2\/media\/131311"}],"wp:attachment":[{"href":"https:\/\/www.yachtingnews.com\/es\/wp-json\/wp\/v2\/media?parent=131348"}],"wp:term":[{"taxonomy":"category","embeddable":true,"href":"https:\/\/www.yachtingnews.com\/es\/wp-json\/wp\/v2\/categories?post=131348"},{"taxonomy":"post_tag","embeddable":true,"href":"https:\/\/www.yachtingnews.com\/es\/wp-json\/wp\/v2\/tags?post=131348"}],"curies":[{"name":"wp","href":"https:\/\/api.w.org\/{rel}","templated":true}]}}