{"id":131491,"date":"2024-05-28T07:20:41","date_gmt":"2024-05-28T06:20:41","guid":{"rendered":"https:\/\/yachtingnews.com\/beelectric-besenzoni-salon-nautico-de-venecia\/"},"modified":"2024-05-29T07:34:37","modified_gmt":"2024-05-29T06:34:37","slug":"beelectric-besenzoni-salon-nautico-de-venecia","status":"publish","type":"post","link":"https:\/\/www.yachtingnews.com\/es\/beelectric-besenzoni-salon-nautico-de-venecia\/","title":{"rendered":"La gama BeElectric de Besenzoni en el Sal\u00f3n N\u00e1utico de Venecia"},"content":{"rendered":"\t\t<div data-elementor-type=\"wp-post\" data-elementor-id=\"131491\" class=\"elementor elementor-131491 elementor-131420\" data-elementor-post-type=\"post\">\n\t\t\t\t\t\t<section class=\"elementor-section elementor-top-section elementor-element elementor-element-18fbdadb elementor-section-boxed elementor-section-height-default elementor-section-height-default\" data-id=\"18fbdadb\" data-element_type=\"section\" data-e-type=\"section\">\n\t\t\t\t\t\t<div class=\"elementor-container elementor-column-gap-default\">\n\t\t\t\t\t<div class=\"elementor-column elementor-col-100 elementor-top-column elementor-element elementor-element-f444559\" data-id=\"f444559\" data-element_type=\"column\" data-e-type=\"column\">\n\t\t\t<div class=\"elementor-widget-wrap elementor-element-populated\">\n\t\t\t\t\t\t<div class=\"elementor-element elementor-element-1f0d1d07 elementor-widget elementor-widget-text-editor\" data-id=\"1f0d1d07\" data-element_type=\"widget\" data-e-type=\"widget\" data-widget_type=\"text-editor.default\">\n\t\t\t\t<div class=\"elementor-widget-container\">\n\t\t\t\t\t\t\t\t\t<p><span lang=\"en-US\">Este a\u00f1o, <\/span><span lang=\"en-US\"><br \/>\n  <b>Besenzoni<\/b><br \/>\n<\/span><span lang=\"en-US\">  volver\u00e1 a participar en el Sal\u00f3n N\u00e1utico de Venecia, que tendr\u00e1 lugar del 29 de mayo al 2 de junio. La sede de Sarnico  <\/span><a href=\"https:\/\/yachtingnews.com\/?s=besenzoni\">La empresa<\/a><span lang=\"en-US\"> estar\u00e1 presente en el Sal\u00f3n N\u00e1utico de Venecia, del 29 de mayo al 2 de junio, con su amplia gama de componentes n\u00e1uticos y equipos de manutenci\u00f3n dedicados a la n\u00e1utica y los <\/span><a href=\"https:\/\/www.superyachts.news\/\">superyates<\/a><span lang=\"en-US\">  mundo. En el punto de mira, todo el  <\/span><span lang=\"en-US\"><br \/>\n  <b>BeElectric<\/b><br \/>\n<\/span><span lang=\"en-US\"> con LaPasserella y la LaScala el\u00e9ctrica, el TenderLift, el Toldo solar y la Capota blanda ya en producci\u00f3n- caracterizada por un sistema el\u00e9ctrico muy sencillo, desarrollado y enriquecido con nuevos contenidos de estilo y tecnolog\u00eda respetuosa con el medio ambiente. <\/span> <\/p>\n<figure id=\"attachment_131429\" aria-describedby=\"caption-attachment-131429\" style=\"width: 1280px\" class=\"wp-caption aligncenter\"><img decoding=\"async\" class=\"wp-image-131426 size-full\" title=\"Besensoni LaPasserella PE 660 Jolly\" src=\"https:\/\/yachtingnews.com\/wp-content\/uploads\/2024\/05\/Besensoni-LaPasserella-PE-660-Jolly.webp\" alt=\"Besensoni LaPasserella PE 660 Jolly\" width=\"1280\" height=\"853\" srcset=\"https:\/\/www.yachtingnews.com\/wp-content\/uploads\/2024\/05\/Besensoni-LaPasserella-PE-660-Jolly.webp 1280w, https:\/\/www.yachtingnews.com\/wp-content\/uploads\/2024\/05\/Besensoni-LaPasserella-PE-660-Jolly-300x200.webp 300w, https:\/\/www.yachtingnews.com\/wp-content\/uploads\/2024\/05\/Besensoni-LaPasserella-PE-660-Jolly-768x512.webp 768w\" sizes=\"(max-width: 1280px) 100vw, 1280px\" \/><figcaption id=\"caption-attachment-131429\" class=\"wp-caption-text\">Besensoni LaPasserella PE 660 Jolly<\/figcaption><\/figure>\n<p lang=\"en-US\">En concreto, se expone en la <i>Serenissima <\/i>el <b>LaPasserella PE 660 Jolly<\/b>, dise\u00f1ado para embarcaciones con motor fueraborda, disponible tanto en versi\u00f3n con caja de alojamiento con cierre oculto como para instalaci\u00f3n en popa con fijaci\u00f3n externa. La estructura est\u00e1 disponible en acero inoxidable AISI 316 pulido o en acero pintado en polvo con una plataforma de aspecto de teca 100% ecol\u00f3gica.<\/p>\n<p lang=\"en-US\">La alimentaci\u00f3n totalmente el\u00e9ctrica que incorporan estos productos aporta numerosas ventajas no s\u00f3lo a las embarcaciones en las que se instalan, sino tambi\u00e9n al medio ambiente. De hecho, no se utiliza aceite hidr\u00e1ulico en el sistema ni en la sala de m\u00e1quinas y se ha reducido el uso de materiales contaminantes, como mangueras de pl\u00e1stico y goma. La ausencia de grupo hidr\u00e1ulico tambi\u00e9n hace que los sistemas sean m\u00e1s silenciosos y las embarcaciones m\u00e1s ligeras. El resultado es <b>un menor impacto en el medio marino<\/b>, ya que se utiliza menos combustible y se consume menos energ\u00eda a bordo.<\/p>\n<p lang=\"en-US\"><img decoding=\"async\" class=\"alignright wp-image-131430\" title=\"P 463 Silla de tim\u00f3n Shark\" src=\"https:\/\/yachtingnews.com\/wp-content\/uploads\/2024\/05\/P-463-Shark-200x300.webp\" alt=\"P 463 Silla de tim\u00f3n Shark\" width=\"350\" height=\"525\" srcset=\"https:\/\/www.yachtingnews.com\/wp-content\/uploads\/2024\/05\/P-463-Shark-200x300.webp 200w, https:\/\/www.yachtingnews.com\/wp-content\/uploads\/2024\/05\/P-463-Shark.webp 480w\" sizes=\"(max-width: 350px) 100vw, 350px\" \/>Adem\u00e1s, en el stand estar\u00e1 una de las \u00faltimas creaciones de Besenzoni: el  <b>P 463 Tibur\u00f3n<\/b>  Asiento de tim\u00f3n de interior o flybridge con respaldo fijo que puede instalarse f\u00e1cilmente sobre soportes con deslizamiento manual o el\u00e9ctrico o directamente sobre una superficie de apoyo para adaptarse mejor al espacio disponible en la embarcaci\u00f3n. Estas sillas tienen l\u00edneas esbeltas y ergon\u00f3micas que garantizan una comodidad extrema. Hay muchas combinaciones posibles de tapicer\u00eda de cuero o vinilo n\u00e1utico, y los acabados tambi\u00e9n se pueden personalizar. Tambi\u00e9n debemos mencionar el \u00abmodelo Prestige\u00bb, que ofrece costuras tono sobre tono en el respaldo y el asiento.<\/p>\n<p lang=\"en-US\">El stand de Besenzoni en el Sal\u00f3n N\u00e1utico de Venecia estar\u00e1 situado en el Piazzale della Campanella.<\/p>\n\t\t\t\t\t\t\t\t<\/div>\n\t\t\t\t<\/div>\n\t\t\t\t\t<\/div>\n\t\t<\/div>\n\t\t\t\t\t<\/div>\n\t\t<\/section>\n\t\t\t\t<\/div>\n\t\t","protected":false},"excerpt":{"rendered":"<p>Este a\u00f1o, Besenzoni volver\u00e1 a participar en el Sal\u00f3n N\u00e1utico de Venecia, que tendr\u00e1 lugar del 29 de mayo al 2 de junio. La sede de Sarnico La empresa estar\u00e1 presente en el Sal\u00f3n N\u00e1utico de Venecia, del 29 de mayo al 2 de junio, con su amplia gama de componentes n\u00e1uticos y equipos de [&hellip;]<\/p>\n","protected":false},"author":45,"featured_media":131424,"comment_status":"open","ping_status":"open","sticky":false,"template":"","format":"standard","meta":{"_mo_disable_npp":"","footnotes":""},"categories":[2100,2132],"tags":[2805],"class_list":["post-131491","post","type-post","status-publish","format-standard","has-post-thumbnail","hentry","category-noticias-nauticas","category-accesorios-nauticos","tag-besenzoni-es"],"yoast_head":"<!-- This site is optimized with the Yoast SEO plugin v28.4 - https:\/\/yoast.com\/product\/yoast-seo-wordpress\/ -->\n<title>Besenzoni : la gama BeElectric en el Sal\u00f3n N\u00e1utico de Venecia - Yachting News<\/title>\n<meta name=\"description\" content=\"Este a\u00f1o, Besenzoni volver\u00e1 a participar en el Sal\u00f3n N\u00e1utico de Venecia, que tendr\u00e1 lugar del 29 de mayo al 2 de junio....\" \/>\n<meta name=\"robots\" content=\"index, follow, max-snippet:-1, max-image-preview:large, max-video-preview:-1\" \/>\n<link rel=\"canonical\" href=\"https:\/\/www.yachtingnews.com\/es\/beelectric-besenzoni-salon-nautico-de-venecia\/\" \/>\n<meta property=\"og:locale\" content=\"es_ES\" \/>\n<meta property=\"og:type\" content=\"article\" \/>\n<meta property=\"og:title\" content=\"Besenzoni : la gama BeElectric en el Sal\u00f3n N\u00e1utico de Venecia - Yachting News\" \/>\n<meta property=\"og:description\" content=\"Este a\u00f1o, Besenzoni volver\u00e1 a participar en el Sal\u00f3n N\u00e1utico de Venecia, que tendr\u00e1 lugar del 29 de mayo al 2 de junio....\" \/>\n<meta property=\"og:url\" content=\"https:\/\/www.yachtingnews.com\/es\/beelectric-besenzoni-salon-nautico-de-venecia\/\" \/>\n<meta property=\"og:site_name\" content=\"Yachting News\" \/>\n<meta property=\"article:publisher\" content=\"https:\/\/www.facebook.com\/TheInternationalYachtingMedia\" \/>\n<meta property=\"article:published_time\" content=\"2024-05-28T06:20:41+00:00\" \/>\n<meta property=\"article:modified_time\" content=\"2024-05-29T06:34:37+00:00\" \/>\n<meta property=\"og:image\" content=\"https:\/\/www.yachtingnews.com\/wp-content\/uploads\/2024\/05\/besenzoni-gangway.webp\" \/>\n\t<meta property=\"og:image:width\" content=\"1600\" \/>\n\t<meta property=\"og:image:height\" content=\"900\" \/>\n\t<meta property=\"og:image:type\" content=\"image\/webp\" \/>\n<meta name=\"author\" content=\"Alessandro Giuzio\" \/>\n<meta name=\"twitter:card\" content=\"summary_large_image\" \/>\n<meta name=\"twitter:creator\" content=\"@YachtingMedia\" \/>\n<meta name=\"twitter:site\" content=\"@YachtingMedia\" \/>\n<meta name=\"twitter:label1\" content=\"Escrito por\" \/>\n\t<meta name=\"twitter:data1\" content=\"Alessandro Giuzio\" \/>\n\t<meta name=\"twitter:label2\" content=\"Tiempo de lectura\" \/>\n\t<meta name=\"twitter:data2\" content=\"2 minutos\" \/>\n<script type=\"application\/ld+json\" class=\"yoast-schema-graph\">{\"@context\":\"https:\\\/\\\/schema.org\",\"@graph\":[{\"@type\":\"Article\",\"@id\":\"https:\\\/\\\/www.yachtingnews.com\\\/es\\\/beelectric-besenzoni-salon-nautico-de-venecia\\\/#article\",\"isPartOf\":{\"@id\":\"https:\\\/\\\/www.yachtingnews.com\\\/es\\\/beelectric-besenzoni-salon-nautico-de-venecia\\\/\"},\"author\":{\"name\":\"Alessandro Giuzio\",\"@id\":\"https:\\\/\\\/www.yachtingnews.com\\\/es\\\/#\\\/schema\\\/person\\\/d2e99eb1c7ce9e28a78d15e3d5d68eb3\"},\"headline\":\"La gama BeElectric de Besenzoni en el Sal\u00f3n N\u00e1utico de Venecia\",\"datePublished\":\"2024-05-28T06:20:41+00:00\",\"dateModified\":\"2024-05-29T06:34:37+00:00\",\"mainEntityOfPage\":{\"@id\":\"https:\\\/\\\/www.yachtingnews.com\\\/es\\\/beelectric-besenzoni-salon-nautico-de-venecia\\\/\"},\"wordCount\":449,\"commentCount\":0,\"publisher\":{\"@id\":\"https:\\\/\\\/www.yachtingnews.com\\\/es\\\/#organization\"},\"image\":{\"@id\":\"https:\\\/\\\/www.yachtingnews.com\\\/es\\\/beelectric-besenzoni-salon-nautico-de-venecia\\\/#primaryimage\"},\"thumbnailUrl\":\"https:\\\/\\\/www.yachtingnews.com\\\/wp-content\\\/uploads\\\/2024\\\/05\\\/besenzoni-gangway.webp\",\"keywords\":[\"Besenzoni\"],\"articleSection\":[\"Noticias\",\"Suministro de barcos\"],\"inLanguage\":\"es\",\"potentialAction\":[{\"@type\":\"CommentAction\",\"name\":\"Comment\",\"target\":[\"https:\\\/\\\/www.yachtingnews.com\\\/es\\\/beelectric-besenzoni-salon-nautico-de-venecia\\\/#respond\"]}]},{\"@type\":\"WebPage\",\"@id\":\"https:\\\/\\\/www.yachtingnews.com\\\/es\\\/beelectric-besenzoni-salon-nautico-de-venecia\\\/\",\"url\":\"https:\\\/\\\/www.yachtingnews.com\\\/es\\\/beelectric-besenzoni-salon-nautico-de-venecia\\\/\",\"name\":\"Besenzoni : la gama BeElectric en el Sal\u00f3n N\u00e1utico de Venecia - Yachting News\",\"isPartOf\":{\"@id\":\"https:\\\/\\\/www.yachtingnews.com\\\/es\\\/#website\"},\"primaryImageOfPage\":{\"@id\":\"https:\\\/\\\/www.yachtingnews.com\\\/es\\\/beelectric-besenzoni-salon-nautico-de-venecia\\\/#primaryimage\"},\"image\":{\"@id\":\"https:\\\/\\\/www.yachtingnews.com\\\/es\\\/beelectric-besenzoni-salon-nautico-de-venecia\\\/#primaryimage\"},\"thumbnailUrl\":\"https:\\\/\\\/www.yachtingnews.com\\\/wp-content\\\/uploads\\\/2024\\\/05\\\/besenzoni-gangway.webp\",\"datePublished\":\"2024-05-28T06:20:41+00:00\",\"dateModified\":\"2024-05-29T06:34:37+00:00\",\"description\":\"Este a\u00f1o, Besenzoni volver\u00e1 a participar en el Sal\u00f3n N\u00e1utico de Venecia, que tendr\u00e1 lugar del 29 de mayo al 2 de junio....\",\"breadcrumb\":{\"@id\":\"https:\\\/\\\/www.yachtingnews.com\\\/es\\\/beelectric-besenzoni-salon-nautico-de-venecia\\\/#breadcrumb\"},\"inLanguage\":\"es\",\"potentialAction\":[{\"@type\":\"ReadAction\",\"target\":[\"https:\\\/\\\/www.yachtingnews.com\\\/es\\\/beelectric-besenzoni-salon-nautico-de-venecia\\\/\"]}]},{\"@type\":\"ImageObject\",\"inLanguage\":\"es\",\"@id\":\"https:\\\/\\\/www.yachtingnews.com\\\/es\\\/beelectric-besenzoni-salon-nautico-de-venecia\\\/#primaryimage\",\"url\":\"https:\\\/\\\/www.yachtingnews.com\\\/wp-content\\\/uploads\\\/2024\\\/05\\\/besenzoni-gangway.webp\",\"contentUrl\":\"https:\\\/\\\/www.yachtingnews.com\\\/wp-content\\\/uploads\\\/2024\\\/05\\\/besenzoni-gangway.webp\",\"width\":1600,\"height\":900,\"caption\":\"besenzoni gangway\"},{\"@type\":\"BreadcrumbList\",\"@id\":\"https:\\\/\\\/www.yachtingnews.com\\\/es\\\/beelectric-besenzoni-salon-nautico-de-venecia\\\/#breadcrumb\",\"itemListElement\":[{\"@type\":\"ListItem\",\"position\":1,\"name\":\"Home\",\"item\":\"https:\\\/\\\/www.yachtingnews.com\\\/es\\\/yachting-news-2\\\/\"},{\"@type\":\"ListItem\",\"position\":2,\"name\":\"La gama BeElectric de Besenzoni en el Sal\u00f3n N\u00e1utico de Venecia\"}]},{\"@type\":\"WebSite\",\"@id\":\"https:\\\/\\\/www.yachtingnews.com\\\/es\\\/#website\",\"url\":\"https:\\\/\\\/www.yachtingnews.com\\\/es\\\/\",\"name\":\"Yachting News\",\"description\":\"The International Yachting Media\",\"publisher\":{\"@id\":\"https:\\\/\\\/www.yachtingnews.com\\\/es\\\/#organization\"},\"potentialAction\":[{\"@type\":\"SearchAction\",\"target\":{\"@type\":\"EntryPoint\",\"urlTemplate\":\"https:\\\/\\\/www.yachtingnews.com\\\/es\\\/?s={search_term_string}\"},\"query-input\":{\"@type\":\"PropertyValueSpecification\",\"valueRequired\":true,\"valueName\":\"search_term_string\"}}],\"inLanguage\":\"es\"},{\"@type\":\"Organization\",\"@id\":\"https:\\\/\\\/www.yachtingnews.com\\\/es\\\/#organization\",\"name\":\"Yachting News\",\"url\":\"https:\\\/\\\/www.yachtingnews.com\\\/es\\\/\",\"logo\":{\"@type\":\"ImageObject\",\"inLanguage\":\"es\",\"@id\":\"https:\\\/\\\/www.yachtingnews.com\\\/es\\\/#\\\/schema\\\/logo\\\/image\\\/\",\"url\":\"https:\\\/\\\/www.yachtingnews.com\\\/wp-content\\\/uploads\\\/2023\\\/02\\\/LOGO-Yachting-NEWS-blu-800.png\",\"contentUrl\":\"https:\\\/\\\/www.yachtingnews.com\\\/wp-content\\\/uploads\\\/2023\\\/02\\\/LOGO-Yachting-NEWS-blu-800.png\",\"width\":790,\"height\":99,\"caption\":\"Yachting News\"},\"image\":{\"@id\":\"https:\\\/\\\/www.yachtingnews.com\\\/es\\\/#\\\/schema\\\/logo\\\/image\\\/\"},\"sameAs\":[\"https:\\\/\\\/www.facebook.com\\\/TheInternationalYachtingMedia\",\"https:\\\/\\\/x.com\\\/YachtingMedia\",\"https:\\\/\\\/www.instagram.com\\\/yachting.news\\\/\",\"https:\\\/\\\/www.linkedin.com\\\/company\\\/the-international-yachting-media\",\"https:\\\/\\\/www.youtube.com\\\/c\\\/TheInternationalYachtingMedia\"]},{\"@type\":\"Person\",\"@id\":\"https:\\\/\\\/www.yachtingnews.com\\\/es\\\/#\\\/schema\\\/person\\\/d2e99eb1c7ce9e28a78d15e3d5d68eb3\",\"name\":\"Alessandro Giuzio\",\"image\":{\"@type\":\"ImageObject\",\"inLanguage\":\"es\",\"@id\":\"https:\\\/\\\/www.yachtingnews.com\\\/wp-content\\\/litespeed\\\/avatar\\\/a99e5f8da4fc551fb53eb9f1fec61fb4.jpg?ver=1788189881\",\"url\":\"https:\\\/\\\/www.yachtingnews.com\\\/wp-content\\\/litespeed\\\/avatar\\\/a99e5f8da4fc551fb53eb9f1fec61fb4.jpg?ver=1788189881\",\"contentUrl\":\"https:\\\/\\\/www.yachtingnews.com\\\/wp-content\\\/litespeed\\\/avatar\\\/a99e5f8da4fc551fb53eb9f1fec61fb4.jpg?ver=1788189881\",\"caption\":\"Alessandro Giuzio\"},\"description\":\"Alessandro is a professional journalist and contributes to The International Yachting Media since 2022. He is an expert on the sea and of course on boats.\",\"url\":\"https:\\\/\\\/www.yachtingnews.com\\\/es\\\/author\\\/alexgiuzio\\\/\"}]}<\/script>\n<!-- \/ Yoast SEO plugin. -->","yoast_head_json":{"title":"Besenzoni : la gama BeElectric en el Sal\u00f3n N\u00e1utico de Venecia - Yachting News","description":"Este a\u00f1o, Besenzoni volver\u00e1 a participar en el Sal\u00f3n N\u00e1utico de Venecia, que tendr\u00e1 lugar del 29 de mayo al 2 de junio....","robots":{"index":"index","follow":"follow","max-snippet":"max-snippet:-1","max-image-preview":"max-image-preview:large","max-video-preview":"max-video-preview:-1"},"canonical":"https:\/\/www.yachtingnews.com\/es\/beelectric-besenzoni-salon-nautico-de-venecia\/","og_locale":"es_ES","og_type":"article","og_title":"Besenzoni : la gama BeElectric en el Sal\u00f3n N\u00e1utico de Venecia - Yachting News","og_description":"Este a\u00f1o, Besenzoni volver\u00e1 a participar en el Sal\u00f3n N\u00e1utico de Venecia, que tendr\u00e1 lugar del 29 de mayo al 2 de junio....","og_url":"https:\/\/www.yachtingnews.com\/es\/beelectric-besenzoni-salon-nautico-de-venecia\/","og_site_name":"Yachting News","article_publisher":"https:\/\/www.facebook.com\/TheInternationalYachtingMedia","article_published_time":"2024-05-28T06:20:41+00:00","article_modified_time":"2024-05-29T06:34:37+00:00","og_image":[{"width":1600,"height":900,"url":"https:\/\/www.yachtingnews.com\/wp-content\/uploads\/2024\/05\/besenzoni-gangway.webp","type":"image\/webp"}],"author":"Alessandro Giuzio","twitter_card":"summary_large_image","twitter_creator":"@YachtingMedia","twitter_site":"@YachtingMedia","twitter_misc":{"Escrito por":"Alessandro Giuzio","Tiempo de lectura":"2 minutos"},"schema":{"@context":"https:\/\/schema.org","@graph":[{"@type":"Article","@id":"https:\/\/www.yachtingnews.com\/es\/beelectric-besenzoni-salon-nautico-de-venecia\/#article","isPartOf":{"@id":"https:\/\/www.yachtingnews.com\/es\/beelectric-besenzoni-salon-nautico-de-venecia\/"},"author":{"name":"Alessandro Giuzio","@id":"https:\/\/www.yachtingnews.com\/es\/#\/schema\/person\/d2e99eb1c7ce9e28a78d15e3d5d68eb3"},"headline":"La gama BeElectric de Besenzoni en el Sal\u00f3n N\u00e1utico de Venecia","datePublished":"2024-05-28T06:20:41+00:00","dateModified":"2024-05-29T06:34:37+00:00","mainEntityOfPage":{"@id":"https:\/\/www.yachtingnews.com\/es\/beelectric-besenzoni-salon-nautico-de-venecia\/"},"wordCount":449,"commentCount":0,"publisher":{"@id":"https:\/\/www.yachtingnews.com\/es\/#organization"},"image":{"@id":"https:\/\/www.yachtingnews.com\/es\/beelectric-besenzoni-salon-nautico-de-venecia\/#primaryimage"},"thumbnailUrl":"https:\/\/www.yachtingnews.com\/wp-content\/uploads\/2024\/05\/besenzoni-gangway.webp","keywords":["Besenzoni"],"articleSection":["Noticias","Suministro de barcos"],"inLanguage":"es","potentialAction":[{"@type":"CommentAction","name":"Comment","target":["https:\/\/www.yachtingnews.com\/es\/beelectric-besenzoni-salon-nautico-de-venecia\/#respond"]}]},{"@type":"WebPage","@id":"https:\/\/www.yachtingnews.com\/es\/beelectric-besenzoni-salon-nautico-de-venecia\/","url":"https:\/\/www.yachtingnews.com\/es\/beelectric-besenzoni-salon-nautico-de-venecia\/","name":"Besenzoni : la gama BeElectric en el Sal\u00f3n N\u00e1utico de Venecia - Yachting News","isPartOf":{"@id":"https:\/\/www.yachtingnews.com\/es\/#website"},"primaryImageOfPage":{"@id":"https:\/\/www.yachtingnews.com\/es\/beelectric-besenzoni-salon-nautico-de-venecia\/#primaryimage"},"image":{"@id":"https:\/\/www.yachtingnews.com\/es\/beelectric-besenzoni-salon-nautico-de-venecia\/#primaryimage"},"thumbnailUrl":"https:\/\/www.yachtingnews.com\/wp-content\/uploads\/2024\/05\/besenzoni-gangway.webp","datePublished":"2024-05-28T06:20:41+00:00","dateModified":"2024-05-29T06:34:37+00:00","description":"Este a\u00f1o, Besenzoni volver\u00e1 a participar en el Sal\u00f3n N\u00e1utico de Venecia, que tendr\u00e1 lugar del 29 de mayo al 2 de junio....","breadcrumb":{"@id":"https:\/\/www.yachtingnews.com\/es\/beelectric-besenzoni-salon-nautico-de-venecia\/#breadcrumb"},"inLanguage":"es","potentialAction":[{"@type":"ReadAction","target":["https:\/\/www.yachtingnews.com\/es\/beelectric-besenzoni-salon-nautico-de-venecia\/"]}]},{"@type":"ImageObject","inLanguage":"es","@id":"https:\/\/www.yachtingnews.com\/es\/beelectric-besenzoni-salon-nautico-de-venecia\/#primaryimage","url":"https:\/\/www.yachtingnews.com\/wp-content\/uploads\/2024\/05\/besenzoni-gangway.webp","contentUrl":"https:\/\/www.yachtingnews.com\/wp-content\/uploads\/2024\/05\/besenzoni-gangway.webp","width":1600,"height":900,"caption":"besenzoni gangway"},{"@type":"BreadcrumbList","@id":"https:\/\/www.yachtingnews.com\/es\/beelectric-besenzoni-salon-nautico-de-venecia\/#breadcrumb","itemListElement":[{"@type":"ListItem","position":1,"name":"Home","item":"https:\/\/www.yachtingnews.com\/es\/yachting-news-2\/"},{"@type":"ListItem","position":2,"name":"La gama BeElectric de Besenzoni en el Sal\u00f3n N\u00e1utico de Venecia"}]},{"@type":"WebSite","@id":"https:\/\/www.yachtingnews.com\/es\/#website","url":"https:\/\/www.yachtingnews.com\/es\/","name":"Yachting News","description":"The International Yachting Media","publisher":{"@id":"https:\/\/www.yachtingnews.com\/es\/#organization"},"potentialAction":[{"@type":"SearchAction","target":{"@type":"EntryPoint","urlTemplate":"https:\/\/www.yachtingnews.com\/es\/?s={search_term_string}"},"query-input":{"@type":"PropertyValueSpecification","valueRequired":true,"valueName":"search_term_string"}}],"inLanguage":"es"},{"@type":"Organization","@id":"https:\/\/www.yachtingnews.com\/es\/#organization","name":"Yachting News","url":"https:\/\/www.yachtingnews.com\/es\/","logo":{"@type":"ImageObject","inLanguage":"es","@id":"https:\/\/www.yachtingnews.com\/es\/#\/schema\/logo\/image\/","url":"https:\/\/www.yachtingnews.com\/wp-content\/uploads\/2023\/02\/LOGO-Yachting-NEWS-blu-800.png","contentUrl":"https:\/\/www.yachtingnews.com\/wp-content\/uploads\/2023\/02\/LOGO-Yachting-NEWS-blu-800.png","width":790,"height":99,"caption":"Yachting News"},"image":{"@id":"https:\/\/www.yachtingnews.com\/es\/#\/schema\/logo\/image\/"},"sameAs":["https:\/\/www.facebook.com\/TheInternationalYachtingMedia","https:\/\/x.com\/YachtingMedia","https:\/\/www.instagram.com\/yachting.news\/","https:\/\/www.linkedin.com\/company\/the-international-yachting-media","https:\/\/www.youtube.com\/c\/TheInternationalYachtingMedia"]},{"@type":"Person","@id":"https:\/\/www.yachtingnews.com\/es\/#\/schema\/person\/d2e99eb1c7ce9e28a78d15e3d5d68eb3","name":"Alessandro Giuzio","image":{"@type":"ImageObject","inLanguage":"es","@id":"https:\/\/www.yachtingnews.com\/wp-content\/litespeed\/avatar\/a99e5f8da4fc551fb53eb9f1fec61fb4.jpg?ver=1788189881","url":"https:\/\/www.yachtingnews.com\/wp-content\/litespeed\/avatar\/a99e5f8da4fc551fb53eb9f1fec61fb4.jpg?ver=1788189881","contentUrl":"https:\/\/www.yachtingnews.com\/wp-content\/litespeed\/avatar\/a99e5f8da4fc551fb53eb9f1fec61fb4.jpg?ver=1788189881","caption":"Alessandro Giuzio"},"description":"Alessandro is a professional journalist and contributes to The International Yachting Media since 2022. He is an expert on the sea and of course on boats.","url":"https:\/\/www.yachtingnews.com\/es\/author\/alexgiuzio\/"}]}},"_links":{"self":[{"href":"https:\/\/www.yachtingnews.com\/es\/wp-json\/wp\/v2\/posts\/131491","targetHints":{"allow":["GET"]}}],"collection":[{"href":"https:\/\/www.yachtingnews.com\/es\/wp-json\/wp\/v2\/posts"}],"about":[{"href":"https:\/\/www.yachtingnews.com\/es\/wp-json\/wp\/v2\/types\/post"}],"author":[{"embeddable":true,"href":"https:\/\/www.yachtingnews.com\/es\/wp-json\/wp\/v2\/users\/45"}],"replies":[{"embeddable":true,"href":"https:\/\/www.yachtingnews.com\/es\/wp-json\/wp\/v2\/comments?post=131491"}],"version-history":[{"count":0,"href":"https:\/\/www.yachtingnews.com\/es\/wp-json\/wp\/v2\/posts\/131491\/revisions"}],"wp:featuredmedia":[{"embeddable":true,"href":"https:\/\/www.yachtingnews.com\/es\/wp-json\/wp\/v2\/media\/131424"}],"wp:attachment":[{"href":"https:\/\/www.yachtingnews.com\/es\/wp-json\/wp\/v2\/media?parent=131491"}],"wp:term":[{"taxonomy":"category","embeddable":true,"href":"https:\/\/www.yachtingnews.com\/es\/wp-json\/wp\/v2\/categories?post=131491"},{"taxonomy":"post_tag","embeddable":true,"href":"https:\/\/www.yachtingnews.com\/es\/wp-json\/wp\/v2\/tags?post=131491"}],"curies":[{"name":"wp","href":"https:\/\/api.w.org\/{rel}","templated":true}]}}