{"id":132111,"date":"2024-06-11T06:47:23","date_gmt":"2024-06-11T05:47:23","guid":{"rendered":"https:\/\/yachtingnews.com\/cannes-yachting-festival-2024\/"},"modified":"2024-06-13T13:02:53","modified_gmt":"2024-06-13T12:02:53","slug":"cannes-yachting-festival-2024","status":"publish","type":"post","link":"https:\/\/www.yachtingnews.com\/es\/cannes-yachting-festival-2024\/","title":{"rendered":"Cannes Yachting Festival, del 10 al 15 de septiembre en el coraz\u00f3n de la Riviera Francesa"},"content":{"rendered":"\t\t<div data-elementor-type=\"wp-post\" data-elementor-id=\"132111\" class=\"elementor elementor-132111 elementor-131810\" data-elementor-post-type=\"post\">\n\t\t\t\t\t\t<section class=\"elementor-section elementor-top-section elementor-element elementor-element-22429df4 elementor-section-boxed elementor-section-height-default elementor-section-height-default\" data-id=\"22429df4\" data-element_type=\"section\" data-e-type=\"section\">\n\t\t\t\t\t\t<div class=\"elementor-container elementor-column-gap-default\">\n\t\t\t\t\t<div class=\"elementor-column elementor-col-100 elementor-top-column elementor-element elementor-element-1181ac05\" data-id=\"1181ac05\" data-element_type=\"column\" data-e-type=\"column\">\n\t\t\t<div class=\"elementor-widget-wrap elementor-element-populated\">\n\t\t\t\t\t\t<div class=\"elementor-element elementor-element-7d75c28 elementor-widget elementor-widget-text-editor\" data-id=\"7d75c28\" data-element_type=\"widget\" data-e-type=\"widget\" data-widget_type=\"text-editor.default\">\n\t\t\t\t<div class=\"elementor-widget-container\">\n\t\t\t\t\t\t\t\t\t<p><strong><span lang=\"en-US\">El acontecimiento inaugural de la temporada n\u00e1utica, el Cannes Yachting Festival, tendr\u00e1 lugar del 10 al 15 de septiembre a lo largo de la Croisette, en el coraz\u00f3n de la Riviera francesa. The International Yachting Media y el Cannes Yachting Festival renuevan este a\u00f1o su colaboraci\u00f3n.  <\/span><\/strong><\/p>\n<p><span lang=\"en-US\">Con sus seis publicaciones digitales, The International Yachting Media difunde informaci\u00f3n n\u00e1utica en todo el mundo en <\/span><span lang=\"en-US\">siete idiomas<\/span><span lang=\"en-US\"> y cubrir\u00e1 el Cannes Yachting Festival 2024 para destacar las \u00faltimas noticias, estrenos mundiales, pruebas de mar y mucho m\u00e1s, garantizando la m\u00e1xima exposici\u00f3n medi\u00e1tica de los astilleros. <\/span> <\/p>\n<p><img decoding=\"async\" class=\"aligncenter wp-image-131833 size-full\" title=\"Boating-News-App\" src=\"https:\/\/yachtingnews.com\/wp-content\/uploads\/2024\/06\/Boating-News-App-1-768x417-1.jpg\" alt=\"Boating-News-App\" width=\"768\" height=\"417\" srcset=\"https:\/\/www.yachtingnews.com\/wp-content\/uploads\/2024\/06\/Boating-News-App-1-768x417-1.jpg 768w, https:\/\/www.yachtingnews.com\/wp-content\/uploads\/2024\/06\/Boating-News-App-1-768x417-1-300x163.jpg 300w\" sizes=\"(max-width: 768px) 100vw, 768px\" \/><\/p>\n<p><span lang=\"en-US\">Desde el Vieux Port hasta Port Canto, 600 expositores de todo el mundo mostrar\u00e1n unas 700 embarcaciones de 5 a 50 metros, entre veleros, lanchas motoras, monocascos, multicascos, embarcaciones r\u00edgidas y semirr\u00edgidas, tanto nuevas como usadas, junto con cientos de equipos de \u00faltima generaci\u00f3n.  <\/span><\/p>\n<p><span lang=\"en-US\">Para mitigar el impacto de las importantes obras de modernizaci\u00f3n y transformaci\u00f3n del<\/span><a href=\"https:\/\/yachtingnews.com\/es\/vieux-port-cannes-yachting-festival\/\"> Vieux Port<\/a><span lang=\"en-US\">que comenzaron este a\u00f1o y se prolongar\u00e1n hasta 2026, los organizadores del festival han previsto varias novedades, entre ellas la creaci\u00f3n de un nuevo puerto deportivo dedicado a las nuevas embarcaciones a motor a partir de 8 metros. <\/span> <\/p>\n<p><span lang=\"en-US\">El nuevo puerto deportivo es un proyecto ambicioso, con un espacio amplio y lleno de contenido: abarca m\u00e1s de 1.700 m\u00b2 y ofrece m\u00e1s de 300 metros de muelle lineal, lo que le permite albergar 170 embarcaciones, de las cuales 150 en el agua y una veintena en tierra, con cascos r\u00edgidos o semirr\u00edgidos. Adem\u00e1s de las embarcaciones, se expondr\u00e1 una selecci\u00f3n de motores fueraborda en tierra junto a la entrada de esta zona.  <\/span><\/p>\n<p><span lang=\"en-US\">Este a\u00f1o, por primera vez, los visitantes podr\u00e1n dar una vuelta completa a Port Canto (un bucle de unos 2,5 km) para descubrir cerca de 340 barcos (120 barcos nuevos de m\u00e1s de 10 metros, 170 barcos a motor de 8 metros y unos 50 grandes yates usados de 24 metros) y numerosos proveedores y empresas de servicios.  <\/span><\/p>\n\t\t\t\t\t\t\t\t<\/div>\n\t\t\t\t<\/div>\n\t\t\t\t\t<\/div>\n\t\t<\/div>\n\t\t\t\t\t<\/div>\n\t\t<\/section>\n\t\t\t\t<section class=\"elementor-section elementor-top-section elementor-element elementor-element-0766c43 elementor-section-boxed elementor-section-height-default elementor-section-height-default\" data-id=\"0766c43\" data-element_type=\"section\" data-e-type=\"section\">\n\t\t\t\t\t\t<div class=\"elementor-container elementor-column-gap-default\">\n\t\t\t\t\t<div class=\"elementor-column elementor-col-100 elementor-top-column elementor-element elementor-element-ea8c838\" data-id=\"ea8c838\" data-element_type=\"column\" data-e-type=\"column\">\n\t\t\t<div class=\"elementor-widget-wrap elementor-element-populated\">\n\t\t\t\t\t\t<div class=\"elementor-element elementor-element-0c0f6aa elementor-widget elementor-widget-video\" data-id=\"0c0f6aa\" data-element_type=\"widget\" data-e-type=\"widget\" data-settings=\"{&quot;youtube_url&quot;:&quot;https:\\\/\\\/youtu.be\\\/RhUkvX22rBE&quot;,&quot;video_type&quot;:&quot;youtube&quot;,&quot;controls&quot;:&quot;yes&quot;}\" data-widget_type=\"video.default\">\n\t\t\t\t<div class=\"elementor-widget-container\">\n\t\t\t\t\t\t\t<div class=\"elementor-wrapper elementor-open-inline\">\n\t\t\t<div class=\"elementor-video\"><\/div>\t\t<\/div>\n\t\t\t\t\t\t<\/div>\n\t\t\t\t<\/div>\n\t\t\t\t\t<\/div>\n\t\t<\/div>\n\t\t\t\t\t<\/div>\n\t\t<\/section>\n\t\t\t\t<section class=\"elementor-section elementor-top-section elementor-element elementor-element-d9f6933 elementor-section-boxed elementor-section-height-default elementor-section-height-default\" data-id=\"d9f6933\" data-element_type=\"section\" data-e-type=\"section\">\n\t\t\t\t\t\t<div class=\"elementor-container elementor-column-gap-default\">\n\t\t\t\t\t<div class=\"elementor-column elementor-col-100 elementor-top-column elementor-element elementor-element-563f197\" data-id=\"563f197\" data-element_type=\"column\" data-e-type=\"column\">\n\t\t\t<div class=\"elementor-widget-wrap elementor-element-populated\">\n\t\t\t\t\t\t<div class=\"elementor-element elementor-element-70932d5 elementor-widget elementor-widget-text-editor\" data-id=\"70932d5\" data-element_type=\"widget\" data-e-type=\"widget\" data-widget_type=\"text-editor.default\">\n\t\t\t\t<div class=\"elementor-widget-container\">\n\t\t\t\t\t\t\t\t\t<p><span lang=\"en-US\">El Cannes Yachting Festival se celebra cada septiembre desde 1977 en la resplandeciente bah\u00eda de Cannes, en un marco lujoso y elegante. Como primera  <\/span><a href=\"https:\/\/www.cannesyachtingfestival.com\/en-gb.html\">sal\u00f3n n\u00e1utico <\/a><span lang=\"en-US\">de la temporada n\u00e1utica, el Cannes Yachting Festival es el acontecimiento n\u00e1utico m\u00e1s importante de Europa. Re\u00fane a los principales actores de la industria n\u00e1utica, que presentan en primicia sus numerosas novedades.  <\/span><\/p>\n\t\t\t\t\t\t\t\t<\/div>\n\t\t\t\t<\/div>\n\t\t\t\t\t<\/div>\n\t\t<\/div>\n\t\t\t\t\t<\/div>\n\t\t<\/section>\n\t\t\t\t<section class=\"elementor-section elementor-top-section elementor-element elementor-element-7f49381 elementor-section-boxed elementor-section-height-default elementor-section-height-default\" data-id=\"7f49381\" data-element_type=\"section\" data-e-type=\"section\">\n\t\t\t\t\t\t<div class=\"elementor-container elementor-column-gap-default\">\n\t\t\t\t\t<div class=\"elementor-column elementor-col-100 elementor-top-column elementor-element elementor-element-d5ea815\" data-id=\"d5ea815\" data-element_type=\"column\" data-e-type=\"column\">\n\t\t\t<div class=\"elementor-widget-wrap elementor-element-populated\">\n\t\t\t\t\t\t<div class=\"elementor-element elementor-element-8b0b7d2 uael-img-carousel-arrow-inside uael-ins-normal elementor-widget elementor-widget-uael-image-gallery\" data-id=\"8b0b7d2\" data-element_type=\"widget\" data-e-type=\"widget\" data-settings=\"{&quot;slides_to_show&quot;:1,&quot;slides_to_show_tablet&quot;:1,&quot;slides_to_scroll&quot;:1,&quot;slides_to_scroll_tablet&quot;:1,&quot;slides_to_scroll_mobile&quot;:1,&quot;column_gap&quot;:{&quot;unit&quot;:&quot;px&quot;,&quot;size&quot;:20,&quot;sizes&quot;:[]},&quot;column_gap_tablet&quot;:{&quot;unit&quot;:&quot;px&quot;,&quot;size&quot;:&quot;&quot;,&quot;sizes&quot;:[]},&quot;column_gap_mobile&quot;:{&quot;unit&quot;:&quot;px&quot;,&quot;size&quot;:&quot;&quot;,&quot;sizes&quot;:[]}}\" data-widget_type=\"uael-image-gallery.default\">\n\t\t\t\t<div class=\"elementor-widget-container\">\n\t\t\t\t\t<div class=\"uael-gallery-parent uael-caption- uael-gallery-unjustified\"><div data-image_carousel=\"{&quot;slidesToShow&quot;:1,&quot;slidesToScroll&quot;:1,&quot;autoplaySpeed&quot;:5000,&quot;autoplay&quot;:false,&quot;infinite&quot;:true,&quot;pauseOnHover&quot;:true,&quot;speed&quot;:500,&quot;arrows&quot;:true,&quot;dots&quot;:false,&quot;rtl&quot;:false,&quot;responsive&quot;:[{&quot;breakpoint&quot;:1024,&quot;settings&quot;:{&quot;slidesToShow&quot;:1,&quot;slidesToScroll&quot;:1}}]}\" class=\"uael-img-gallery-wrap uael-img-carousel-wrap uael-nav-arrows\" data-filter-default=\"Todos\"><div class=\"uael-grid-item  uael-img-gallery-item-1\"><div class=\"uael-grid-item-content\"><figure class=\"uael-grid-img uael-grid-gallery-img uael-ins-hover elementor-clickable\"><div class=\"uael-grid-img-thumbnail uael-ins-target\"><img decoding=\"async\" width=\"1600\" height=\"900\" src=\"https:\/\/www.yachtingnews.com\/wp-content\/uploads\/2024\/06\/CANNES-ARTICOLO-IMMAGINE-1.jpg\" class=\"attachment-full size-full wp-image-131828\" alt=\"Cannes Yachting Festival yachts on display\" srcset=\"https:\/\/www.yachtingnews.com\/wp-content\/uploads\/2024\/06\/CANNES-ARTICOLO-IMMAGINE-1.jpg 1600w, https:\/\/www.yachtingnews.com\/wp-content\/uploads\/2024\/06\/CANNES-ARTICOLO-IMMAGINE-1-300x169.jpg 300w, https:\/\/www.yachtingnews.com\/wp-content\/uploads\/2024\/06\/CANNES-ARTICOLO-IMMAGINE-1-768x432.jpg 768w, https:\/\/www.yachtingnews.com\/wp-content\/uploads\/2024\/06\/CANNES-ARTICOLO-IMMAGINE-1-1536x864.jpg 1536w\" sizes=\"(max-width: 1600px) 100vw, 1600px\" \/><\/div><div class=\"uael-grid-img-overlay\"><\/div><\/figure><\/div><\/div><div class=\"uael-grid-item  uael-img-gallery-item-2\"><div class=\"uael-grid-item-content\"><figure class=\"uael-grid-img uael-grid-gallery-img uael-ins-hover elementor-clickable\"><div class=\"uael-grid-img-thumbnail uael-ins-target\"><img decoding=\"async\" width=\"1600\" height=\"900\" src=\"https:\/\/www.yachtingnews.com\/wp-content\/uploads\/2024\/06\/CANNES-ARTICOLO-IMMAGINE-2.jpg\" class=\"attachment-full size-full wp-image-131824\" alt=\"Croisette\" srcset=\"https:\/\/www.yachtingnews.com\/wp-content\/uploads\/2024\/06\/CANNES-ARTICOLO-IMMAGINE-2.jpg 1600w, https:\/\/www.yachtingnews.com\/wp-content\/uploads\/2024\/06\/CANNES-ARTICOLO-IMMAGINE-2-300x169.jpg 300w, https:\/\/www.yachtingnews.com\/wp-content\/uploads\/2024\/06\/CANNES-ARTICOLO-IMMAGINE-2-768x432.jpg 768w, https:\/\/www.yachtingnews.com\/wp-content\/uploads\/2024\/06\/CANNES-ARTICOLO-IMMAGINE-2-1536x864.jpg 1536w\" sizes=\"(max-width: 1600px) 100vw, 1600px\" \/><\/div><div class=\"uael-grid-img-overlay\"><\/div><\/figure><\/div><\/div><div class=\"uael-grid-item  uael-img-gallery-item-3\"><div class=\"uael-grid-item-content\"><figure class=\"uael-grid-img uael-grid-gallery-img uael-ins-hover elementor-clickable\"><div class=\"uael-grid-img-thumbnail uael-ins-target\"><img decoding=\"async\" width=\"1600\" height=\"900\" src=\"https:\/\/www.yachtingnews.com\/wp-content\/uploads\/2024\/06\/CANNES-ARTICOLO-IMMAGINE-4.1.jpg\" class=\"attachment-full size-full wp-image-131820\" alt=\"Cannes Yachting Festival yachts\" srcset=\"https:\/\/www.yachtingnews.com\/wp-content\/uploads\/2024\/06\/CANNES-ARTICOLO-IMMAGINE-4.1.jpg 1600w, https:\/\/www.yachtingnews.com\/wp-content\/uploads\/2024\/06\/CANNES-ARTICOLO-IMMAGINE-4.1-300x169.jpg 300w, https:\/\/www.yachtingnews.com\/wp-content\/uploads\/2024\/06\/CANNES-ARTICOLO-IMMAGINE-4.1-768x432.jpg 768w, https:\/\/www.yachtingnews.com\/wp-content\/uploads\/2024\/06\/CANNES-ARTICOLO-IMMAGINE-4.1-1536x864.jpg 1536w\" sizes=\"(max-width: 1600px) 100vw, 1600px\" \/><\/div><div class=\"uael-grid-img-overlay\"><\/div><\/figure><\/div><\/div><\/div><\/div>\t\t\t\t<\/div>\n\t\t\t\t<\/div>\n\t\t\t\t\t<\/div>\n\t\t<\/div>\n\t\t\t\t\t<\/div>\n\t\t<\/section>\n\t\t\t\t<\/div>\n\t\t","protected":false},"excerpt":{"rendered":"<p>El acontecimiento inaugural de la temporada n\u00e1utica, el Cannes Yachting Festival, tendr\u00e1 lugar del 10 al 15 de septiembre a lo largo de la Croisette, en el coraz\u00f3n de la Riviera francesa. The International Yachting Media y el Cannes Yachting Festival renuevan este a\u00f1o su colaboraci\u00f3n. Con sus seis publicaciones digitales, The International Yachting Media [&hellip;]<\/p>\n","protected":false},"author":49,"featured_media":131818,"comment_status":"open","ping_status":"open","sticky":false,"template":"","format":"standard","meta":{"_mo_disable_npp":"","footnotes":""},"categories":[2100],"tags":[],"class_list":["post-132111","post","type-post","status-publish","format-standard","has-post-thumbnail","hentry","category-noticias-nauticas"],"yoast_head":"<!-- This site is optimized with the Yoast SEO plugin v28.3 - https:\/\/yoast.com\/product\/yoast-seo-wordpress\/ -->\n<title>Cannes Yachting Festival se celebrar\u00e1 del 10 al 15 de septiembre - Yachting News<\/title>\n<meta name=\"description\" content=\"La inauguraci\u00f3n de la temporada n\u00e1utica, el Cannes Yachting Festival, tendr\u00e1 lugar del 10 al 15 de septiembre a lo largo de la Croisette....\" \/>\n<meta name=\"robots\" content=\"index, follow, max-snippet:-1, max-image-preview:large, max-video-preview:-1\" \/>\n<link rel=\"canonical\" href=\"https:\/\/www.yachtingnews.com\/es\/cannes-yachting-festival-2024\/\" \/>\n<meta property=\"og:locale\" content=\"es_ES\" \/>\n<meta property=\"og:type\" content=\"article\" \/>\n<meta property=\"og:title\" content=\"Cannes Yachting Festival se celebrar\u00e1 del 10 al 15 de septiembre - Yachting News\" \/>\n<meta property=\"og:description\" content=\"La inauguraci\u00f3n de la temporada n\u00e1utica, el Cannes Yachting Festival, tendr\u00e1 lugar del 10 al 15 de septiembre a lo largo de la Croisette....\" \/>\n<meta property=\"og:url\" content=\"https:\/\/www.yachtingnews.com\/es\/cannes-yachting-festival-2024\/\" \/>\n<meta property=\"og:site_name\" content=\"Yachting News\" \/>\n<meta property=\"article:publisher\" content=\"https:\/\/www.facebook.com\/TheInternationalYachtingMedia\" \/>\n<meta property=\"article:published_time\" content=\"2024-06-11T05:47:23+00:00\" \/>\n<meta property=\"article:modified_time\" content=\"2024-06-13T12:02:53+00:00\" \/>\n<meta property=\"og:image\" content=\"https:\/\/www.yachtingnews.com\/wp-content\/uploads\/2024\/06\/CANNES-ARTICOLO-IMMAGINE-3.jpg\" \/>\n\t<meta property=\"og:image:width\" content=\"1600\" \/>\n\t<meta property=\"og:image:height\" content=\"900\" \/>\n\t<meta property=\"og:image:type\" content=\"image\/jpeg\" \/>\n<meta name=\"author\" content=\"G B\" \/>\n<meta name=\"twitter:card\" content=\"summary_large_image\" \/>\n<meta name=\"twitter:creator\" content=\"@YachtingMedia\" \/>\n<meta name=\"twitter:site\" content=\"@YachtingMedia\" \/>\n<meta name=\"twitter:label1\" content=\"Escrito por\" \/>\n\t<meta name=\"twitter:data1\" content=\"G B\" \/>\n\t<meta name=\"twitter:label2\" content=\"Tiempo de lectura\" \/>\n\t<meta name=\"twitter:data2\" content=\"2 minutos\" \/>\n<script type=\"application\/ld+json\" class=\"yoast-schema-graph\">{\"@context\":\"https:\\\/\\\/schema.org\",\"@graph\":[{\"@type\":\"Article\",\"@id\":\"https:\\\/\\\/www.yachtingnews.com\\\/es\\\/cannes-yachting-festival-2024\\\/#article\",\"isPartOf\":{\"@id\":\"https:\\\/\\\/www.yachtingnews.com\\\/es\\\/cannes-yachting-festival-2024\\\/\"},\"author\":{\"name\":\"G B\",\"@id\":\"https:\\\/\\\/www.yachtingnews.com\\\/es\\\/#\\\/schema\\\/person\\\/01266b358dce23e5625e854e3f4994ed\"},\"headline\":\"Cannes Yachting Festival, del 10 al 15 de septiembre en el coraz\u00f3n de la Riviera Francesa\",\"datePublished\":\"2024-06-11T05:47:23+00:00\",\"dateModified\":\"2024-06-13T12:02:53+00:00\",\"mainEntityOfPage\":{\"@id\":\"https:\\\/\\\/www.yachtingnews.com\\\/es\\\/cannes-yachting-festival-2024\\\/\"},\"wordCount\":412,\"commentCount\":0,\"publisher\":{\"@id\":\"https:\\\/\\\/www.yachtingnews.com\\\/es\\\/#organization\"},\"image\":{\"@id\":\"https:\\\/\\\/www.yachtingnews.com\\\/es\\\/cannes-yachting-festival-2024\\\/#primaryimage\"},\"thumbnailUrl\":\"https:\\\/\\\/www.yachtingnews.com\\\/wp-content\\\/uploads\\\/2024\\\/06\\\/CANNES-ARTICOLO-IMMAGINE-3.jpg\",\"articleSection\":[\"Noticias\"],\"inLanguage\":\"es\",\"potentialAction\":[{\"@type\":\"CommentAction\",\"name\":\"Comment\",\"target\":[\"https:\\\/\\\/www.yachtingnews.com\\\/es\\\/cannes-yachting-festival-2024\\\/#respond\"]}]},{\"@type\":\"WebPage\",\"@id\":\"https:\\\/\\\/www.yachtingnews.com\\\/es\\\/cannes-yachting-festival-2024\\\/\",\"url\":\"https:\\\/\\\/www.yachtingnews.com\\\/es\\\/cannes-yachting-festival-2024\\\/\",\"name\":\"Cannes Yachting Festival se celebrar\u00e1 del 10 al 15 de septiembre - Yachting News\",\"isPartOf\":{\"@id\":\"https:\\\/\\\/www.yachtingnews.com\\\/es\\\/#website\"},\"primaryImageOfPage\":{\"@id\":\"https:\\\/\\\/www.yachtingnews.com\\\/es\\\/cannes-yachting-festival-2024\\\/#primaryimage\"},\"image\":{\"@id\":\"https:\\\/\\\/www.yachtingnews.com\\\/es\\\/cannes-yachting-festival-2024\\\/#primaryimage\"},\"thumbnailUrl\":\"https:\\\/\\\/www.yachtingnews.com\\\/wp-content\\\/uploads\\\/2024\\\/06\\\/CANNES-ARTICOLO-IMMAGINE-3.jpg\",\"datePublished\":\"2024-06-11T05:47:23+00:00\",\"dateModified\":\"2024-06-13T12:02:53+00:00\",\"description\":\"La inauguraci\u00f3n de la temporada n\u00e1utica, el Cannes Yachting Festival, tendr\u00e1 lugar del 10 al 15 de septiembre a lo largo de la Croisette....\",\"breadcrumb\":{\"@id\":\"https:\\\/\\\/www.yachtingnews.com\\\/es\\\/cannes-yachting-festival-2024\\\/#breadcrumb\"},\"inLanguage\":\"es\",\"potentialAction\":[{\"@type\":\"ReadAction\",\"target\":[\"https:\\\/\\\/www.yachtingnews.com\\\/es\\\/cannes-yachting-festival-2024\\\/\"]}]},{\"@type\":\"ImageObject\",\"inLanguage\":\"es\",\"@id\":\"https:\\\/\\\/www.yachtingnews.com\\\/es\\\/cannes-yachting-festival-2024\\\/#primaryimage\",\"url\":\"https:\\\/\\\/www.yachtingnews.com\\\/wp-content\\\/uploads\\\/2024\\\/06\\\/CANNES-ARTICOLO-IMMAGINE-3.jpg\",\"contentUrl\":\"https:\\\/\\\/www.yachtingnews.com\\\/wp-content\\\/uploads\\\/2024\\\/06\\\/CANNES-ARTICOLO-IMMAGINE-3.jpg\",\"width\":1600,\"height\":900,\"caption\":\"CANNES YACHTING FESTIVAL 2024\"},{\"@type\":\"BreadcrumbList\",\"@id\":\"https:\\\/\\\/www.yachtingnews.com\\\/es\\\/cannes-yachting-festival-2024\\\/#breadcrumb\",\"itemListElement\":[{\"@type\":\"ListItem\",\"position\":1,\"name\":\"Home\",\"item\":\"https:\\\/\\\/www.yachtingnews.com\\\/es\\\/yachting-news-2\\\/\"},{\"@type\":\"ListItem\",\"position\":2,\"name\":\"Cannes Yachting Festival, del 10 al 15 de septiembre en el coraz\u00f3n de la Riviera Francesa\"}]},{\"@type\":\"WebSite\",\"@id\":\"https:\\\/\\\/www.yachtingnews.com\\\/es\\\/#website\",\"url\":\"https:\\\/\\\/www.yachtingnews.com\\\/es\\\/\",\"name\":\"Yachting News\",\"description\":\"The International Yachting Media\",\"publisher\":{\"@id\":\"https:\\\/\\\/www.yachtingnews.com\\\/es\\\/#organization\"},\"potentialAction\":[{\"@type\":\"SearchAction\",\"target\":{\"@type\":\"EntryPoint\",\"urlTemplate\":\"https:\\\/\\\/www.yachtingnews.com\\\/es\\\/?s={search_term_string}\"},\"query-input\":{\"@type\":\"PropertyValueSpecification\",\"valueRequired\":true,\"valueName\":\"search_term_string\"}}],\"inLanguage\":\"es\"},{\"@type\":\"Organization\",\"@id\":\"https:\\\/\\\/www.yachtingnews.com\\\/es\\\/#organization\",\"name\":\"Yachting News\",\"url\":\"https:\\\/\\\/www.yachtingnews.com\\\/es\\\/\",\"logo\":{\"@type\":\"ImageObject\",\"inLanguage\":\"es\",\"@id\":\"https:\\\/\\\/www.yachtingnews.com\\\/es\\\/#\\\/schema\\\/logo\\\/image\\\/\",\"url\":\"https:\\\/\\\/www.yachtingnews.com\\\/wp-content\\\/uploads\\\/2023\\\/02\\\/LOGO-Yachting-NEWS-blu-800.png\",\"contentUrl\":\"https:\\\/\\\/www.yachtingnews.com\\\/wp-content\\\/uploads\\\/2023\\\/02\\\/LOGO-Yachting-NEWS-blu-800.png\",\"width\":790,\"height\":99,\"caption\":\"Yachting News\"},\"image\":{\"@id\":\"https:\\\/\\\/www.yachtingnews.com\\\/es\\\/#\\\/schema\\\/logo\\\/image\\\/\"},\"sameAs\":[\"https:\\\/\\\/www.facebook.com\\\/TheInternationalYachtingMedia\",\"https:\\\/\\\/x.com\\\/YachtingMedia\",\"https:\\\/\\\/www.instagram.com\\\/yachting.news\\\/\",\"https:\\\/\\\/www.linkedin.com\\\/company\\\/the-international-yachting-media\",\"https:\\\/\\\/www.youtube.com\\\/c\\\/TheInternationalYachtingMedia\"]},{\"@type\":\"Person\",\"@id\":\"https:\\\/\\\/www.yachtingnews.com\\\/es\\\/#\\\/schema\\\/person\\\/01266b358dce23e5625e854e3f4994ed\",\"name\":\"G B\",\"image\":{\"@type\":\"ImageObject\",\"inLanguage\":\"es\",\"@id\":\"https:\\\/\\\/www.yachtingnews.com\\\/wp-content\\\/litespeed\\\/avatar\\\/bfc70277f95af142dc3f7ee50cb55448.jpg?ver=1787595771\",\"url\":\"https:\\\/\\\/www.yachtingnews.com\\\/wp-content\\\/litespeed\\\/avatar\\\/bfc70277f95af142dc3f7ee50cb55448.jpg?ver=1787595771\",\"contentUrl\":\"https:\\\/\\\/www.yachtingnews.com\\\/wp-content\\\/litespeed\\\/avatar\\\/bfc70277f95af142dc3f7ee50cb55448.jpg?ver=1787595771\",\"caption\":\"G B\"},\"url\":\"https:\\\/\\\/www.yachtingnews.com\\\/es\\\/author\\\/giorgio\\\/\"}]}<\/script>\n<!-- \/ Yoast SEO plugin. -->","yoast_head_json":{"title":"Cannes Yachting Festival se celebrar\u00e1 del 10 al 15 de septiembre - Yachting News","description":"La inauguraci\u00f3n de la temporada n\u00e1utica, el Cannes Yachting Festival, tendr\u00e1 lugar del 10 al 15 de septiembre a lo largo de la Croisette....","robots":{"index":"index","follow":"follow","max-snippet":"max-snippet:-1","max-image-preview":"max-image-preview:large","max-video-preview":"max-video-preview:-1"},"canonical":"https:\/\/www.yachtingnews.com\/es\/cannes-yachting-festival-2024\/","og_locale":"es_ES","og_type":"article","og_title":"Cannes Yachting Festival se celebrar\u00e1 del 10 al 15 de septiembre - Yachting News","og_description":"La inauguraci\u00f3n de la temporada n\u00e1utica, el Cannes Yachting Festival, tendr\u00e1 lugar del 10 al 15 de septiembre a lo largo de la Croisette....","og_url":"https:\/\/www.yachtingnews.com\/es\/cannes-yachting-festival-2024\/","og_site_name":"Yachting News","article_publisher":"https:\/\/www.facebook.com\/TheInternationalYachtingMedia","article_published_time":"2024-06-11T05:47:23+00:00","article_modified_time":"2024-06-13T12:02:53+00:00","og_image":[{"width":1600,"height":900,"url":"https:\/\/www.yachtingnews.com\/wp-content\/uploads\/2024\/06\/CANNES-ARTICOLO-IMMAGINE-3.jpg","type":"image\/jpeg"}],"author":"G B","twitter_card":"summary_large_image","twitter_creator":"@YachtingMedia","twitter_site":"@YachtingMedia","twitter_misc":{"Escrito por":"G B","Tiempo de lectura":"2 minutos"},"schema":{"@context":"https:\/\/schema.org","@graph":[{"@type":"Article","@id":"https:\/\/www.yachtingnews.com\/es\/cannes-yachting-festival-2024\/#article","isPartOf":{"@id":"https:\/\/www.yachtingnews.com\/es\/cannes-yachting-festival-2024\/"},"author":{"name":"G B","@id":"https:\/\/www.yachtingnews.com\/es\/#\/schema\/person\/01266b358dce23e5625e854e3f4994ed"},"headline":"Cannes Yachting Festival, del 10 al 15 de septiembre en el coraz\u00f3n de la Riviera Francesa","datePublished":"2024-06-11T05:47:23+00:00","dateModified":"2024-06-13T12:02:53+00:00","mainEntityOfPage":{"@id":"https:\/\/www.yachtingnews.com\/es\/cannes-yachting-festival-2024\/"},"wordCount":412,"commentCount":0,"publisher":{"@id":"https:\/\/www.yachtingnews.com\/es\/#organization"},"image":{"@id":"https:\/\/www.yachtingnews.com\/es\/cannes-yachting-festival-2024\/#primaryimage"},"thumbnailUrl":"https:\/\/www.yachtingnews.com\/wp-content\/uploads\/2024\/06\/CANNES-ARTICOLO-IMMAGINE-3.jpg","articleSection":["Noticias"],"inLanguage":"es","potentialAction":[{"@type":"CommentAction","name":"Comment","target":["https:\/\/www.yachtingnews.com\/es\/cannes-yachting-festival-2024\/#respond"]}]},{"@type":"WebPage","@id":"https:\/\/www.yachtingnews.com\/es\/cannes-yachting-festival-2024\/","url":"https:\/\/www.yachtingnews.com\/es\/cannes-yachting-festival-2024\/","name":"Cannes Yachting Festival se celebrar\u00e1 del 10 al 15 de septiembre - Yachting News","isPartOf":{"@id":"https:\/\/www.yachtingnews.com\/es\/#website"},"primaryImageOfPage":{"@id":"https:\/\/www.yachtingnews.com\/es\/cannes-yachting-festival-2024\/#primaryimage"},"image":{"@id":"https:\/\/www.yachtingnews.com\/es\/cannes-yachting-festival-2024\/#primaryimage"},"thumbnailUrl":"https:\/\/www.yachtingnews.com\/wp-content\/uploads\/2024\/06\/CANNES-ARTICOLO-IMMAGINE-3.jpg","datePublished":"2024-06-11T05:47:23+00:00","dateModified":"2024-06-13T12:02:53+00:00","description":"La inauguraci\u00f3n de la temporada n\u00e1utica, el Cannes Yachting Festival, tendr\u00e1 lugar del 10 al 15 de septiembre a lo largo de la Croisette....","breadcrumb":{"@id":"https:\/\/www.yachtingnews.com\/es\/cannes-yachting-festival-2024\/#breadcrumb"},"inLanguage":"es","potentialAction":[{"@type":"ReadAction","target":["https:\/\/www.yachtingnews.com\/es\/cannes-yachting-festival-2024\/"]}]},{"@type":"ImageObject","inLanguage":"es","@id":"https:\/\/www.yachtingnews.com\/es\/cannes-yachting-festival-2024\/#primaryimage","url":"https:\/\/www.yachtingnews.com\/wp-content\/uploads\/2024\/06\/CANNES-ARTICOLO-IMMAGINE-3.jpg","contentUrl":"https:\/\/www.yachtingnews.com\/wp-content\/uploads\/2024\/06\/CANNES-ARTICOLO-IMMAGINE-3.jpg","width":1600,"height":900,"caption":"CANNES YACHTING FESTIVAL 2024"},{"@type":"BreadcrumbList","@id":"https:\/\/www.yachtingnews.com\/es\/cannes-yachting-festival-2024\/#breadcrumb","itemListElement":[{"@type":"ListItem","position":1,"name":"Home","item":"https:\/\/www.yachtingnews.com\/es\/yachting-news-2\/"},{"@type":"ListItem","position":2,"name":"Cannes Yachting Festival, del 10 al 15 de septiembre en el coraz\u00f3n de la Riviera Francesa"}]},{"@type":"WebSite","@id":"https:\/\/www.yachtingnews.com\/es\/#website","url":"https:\/\/www.yachtingnews.com\/es\/","name":"Yachting News","description":"The International Yachting Media","publisher":{"@id":"https:\/\/www.yachtingnews.com\/es\/#organization"},"potentialAction":[{"@type":"SearchAction","target":{"@type":"EntryPoint","urlTemplate":"https:\/\/www.yachtingnews.com\/es\/?s={search_term_string}"},"query-input":{"@type":"PropertyValueSpecification","valueRequired":true,"valueName":"search_term_string"}}],"inLanguage":"es"},{"@type":"Organization","@id":"https:\/\/www.yachtingnews.com\/es\/#organization","name":"Yachting News","url":"https:\/\/www.yachtingnews.com\/es\/","logo":{"@type":"ImageObject","inLanguage":"es","@id":"https:\/\/www.yachtingnews.com\/es\/#\/schema\/logo\/image\/","url":"https:\/\/www.yachtingnews.com\/wp-content\/uploads\/2023\/02\/LOGO-Yachting-NEWS-blu-800.png","contentUrl":"https:\/\/www.yachtingnews.com\/wp-content\/uploads\/2023\/02\/LOGO-Yachting-NEWS-blu-800.png","width":790,"height":99,"caption":"Yachting News"},"image":{"@id":"https:\/\/www.yachtingnews.com\/es\/#\/schema\/logo\/image\/"},"sameAs":["https:\/\/www.facebook.com\/TheInternationalYachtingMedia","https:\/\/x.com\/YachtingMedia","https:\/\/www.instagram.com\/yachting.news\/","https:\/\/www.linkedin.com\/company\/the-international-yachting-media","https:\/\/www.youtube.com\/c\/TheInternationalYachtingMedia"]},{"@type":"Person","@id":"https:\/\/www.yachtingnews.com\/es\/#\/schema\/person\/01266b358dce23e5625e854e3f4994ed","name":"G B","image":{"@type":"ImageObject","inLanguage":"es","@id":"https:\/\/www.yachtingnews.com\/wp-content\/litespeed\/avatar\/bfc70277f95af142dc3f7ee50cb55448.jpg?ver=1787595771","url":"https:\/\/www.yachtingnews.com\/wp-content\/litespeed\/avatar\/bfc70277f95af142dc3f7ee50cb55448.jpg?ver=1787595771","contentUrl":"https:\/\/www.yachtingnews.com\/wp-content\/litespeed\/avatar\/bfc70277f95af142dc3f7ee50cb55448.jpg?ver=1787595771","caption":"G B"},"url":"https:\/\/www.yachtingnews.com\/es\/author\/giorgio\/"}]}},"_links":{"self":[{"href":"https:\/\/www.yachtingnews.com\/es\/wp-json\/wp\/v2\/posts\/132111","targetHints":{"allow":["GET"]}}],"collection":[{"href":"https:\/\/www.yachtingnews.com\/es\/wp-json\/wp\/v2\/posts"}],"about":[{"href":"https:\/\/www.yachtingnews.com\/es\/wp-json\/wp\/v2\/types\/post"}],"author":[{"embeddable":true,"href":"https:\/\/www.yachtingnews.com\/es\/wp-json\/wp\/v2\/users\/49"}],"replies":[{"embeddable":true,"href":"https:\/\/www.yachtingnews.com\/es\/wp-json\/wp\/v2\/comments?post=132111"}],"version-history":[{"count":0,"href":"https:\/\/www.yachtingnews.com\/es\/wp-json\/wp\/v2\/posts\/132111\/revisions"}],"wp:featuredmedia":[{"embeddable":true,"href":"https:\/\/www.yachtingnews.com\/es\/wp-json\/wp\/v2\/media\/131818"}],"wp:attachment":[{"href":"https:\/\/www.yachtingnews.com\/es\/wp-json\/wp\/v2\/media?parent=132111"}],"wp:term":[{"taxonomy":"category","embeddable":true,"href":"https:\/\/www.yachtingnews.com\/es\/wp-json\/wp\/v2\/categories?post=132111"},{"taxonomy":"post_tag","embeddable":true,"href":"https:\/\/www.yachtingnews.com\/es\/wp-json\/wp\/v2\/tags?post=132111"}],"curies":[{"name":"wp","href":"https:\/\/api.w.org\/{rel}","templated":true}]}}