{"id":135647,"date":"2024-09-04T06:53:00","date_gmt":"2024-09-04T05:53:00","guid":{"rendered":"https:\/\/yachtingnews.com\/solemar-se-line\/"},"modified":"2024-09-04T12:05:32","modified_gmt":"2024-09-04T11:05:32","slug":"solemar-se-line","status":"publish","type":"post","link":"https:\/\/www.yachtingnews.com\/es\/solemar-se-line\/","title":{"rendered":"Estreno oficial de la l\u00ednea SE de Solemar: SE33 es la semirr\u00edgida con la que todos so\u00f1\u00e1bamos"},"content":{"rendered":"\t\t<div data-elementor-type=\"wp-post\" data-elementor-id=\"135647\" class=\"elementor elementor-135647 elementor-135062\" data-elementor-post-type=\"post\">\n\t\t\t\t\t\t<section class=\"elementor-section elementor-top-section elementor-element elementor-element-7748c08a elementor-section-boxed elementor-section-height-default elementor-section-height-default\" data-id=\"7748c08a\" data-element_type=\"section\" data-e-type=\"section\">\n\t\t\t\t\t\t<div class=\"elementor-container elementor-column-gap-default\">\n\t\t\t\t\t<div class=\"elementor-column elementor-col-100 elementor-top-column elementor-element elementor-element-bae5347\" data-id=\"bae5347\" data-element_type=\"column\" data-e-type=\"column\">\n\t\t\t<div class=\"elementor-widget-wrap elementor-element-populated\">\n\t\t\t\t\t\t<div class=\"elementor-element elementor-element-31221d9a elementor-widget elementor-widget-text-editor\" data-id=\"31221d9a\" data-element_type=\"widget\" data-e-type=\"widget\" data-widget_type=\"text-editor.default\">\n\t\t\t\t<div class=\"elementor-widget-container\">\n\t\t\t\t\t\t\t\t\t<p><strong>Solemar<\/strong> sigue introduciendo interesantes innovaciones en el mercado de<strong> las semirr\u00edgidas cabinadas<\/strong>, un sector en el que el astillero italiano es un claro l\u00edder.<br \/>\nTras el esperado debut el pasado septiembre en el Sal\u00f3n N\u00e1utico Internacional de G\u00e9nova 2023 de los tres primeros modelos de la l\u00ednea abierta SX, existe una gran expectaci\u00f3n y una fuerte curiosidad por el lanzamiento de la <strong>l\u00ednea SE<\/strong>, la l\u00ednea Elegance de Solemar, que una vez m\u00e1s elegir\u00e1 la capital de Liguria para su presentaci\u00f3n.<br \/>\nEl evento tendr\u00e1 lugar del 19 al 24 de septiembre en el stand de Solemar, donde se exhibir\u00e1 la SE33 junto a los modelos SX34 y SX30 de la l\u00ednea abierta, que se presentaron el a\u00f1o pasado en G\u00e9nova.  <\/p>\n<p><img decoding=\"async\" class=\"aligncenter wp-image-135070 size-full\" title=\"SE 33 exterior\" src=\"https:\/\/yachtingnews.com\/wp-content\/uploads\/2024\/09\/linea-SE.33_esterni-07-scaled.jpg\" alt=\"SE 33 exterior\" width=\"2048\" height=\"1152\" srcset=\"https:\/\/www.yachtingnews.com\/wp-content\/uploads\/2024\/09\/linea-SE.33_esterni-07-scaled.jpg 2048w, https:\/\/www.yachtingnews.com\/wp-content\/uploads\/2024\/09\/linea-SE.33_esterni-07-300x169.jpg 300w, https:\/\/www.yachtingnews.com\/wp-content\/uploads\/2024\/09\/linea-SE.33_esterni-07-1600x900.jpg 1600w, https:\/\/www.yachtingnews.com\/wp-content\/uploads\/2024\/09\/linea-SE.33_esterni-07-768x432.jpg 768w, https:\/\/www.yachtingnews.com\/wp-content\/uploads\/2024\/09\/linea-SE.33_esterni-07-1536x864.jpg 1536w\" sizes=\"(max-width: 2048px) 100vw, 2048px\" \/><\/p>\n<p>La nueva l\u00ednea SE destaca en el mercado de las embarcaciones semirr\u00edgidas: consta de modelos cabinados <strong>ideales para cruceros cortos y medios<\/strong> y representa una mezcla perfecta de elegancia y confort, rendimiento y seguridad, tradici\u00f3n e innovaci\u00f3n.<br \/>\nEl propietario que elige la l\u00ednea SE presta atenci\u00f3n a los detalles, la calidad y el estudio y cuidado de todos los sistemas de a bordo.<br \/>\nAl igual que la l\u00ednea SX, cada embarcaci\u00f3n neum\u00e1tica individual se supervisa meticulosamente a lo largo de todas las etapas de producci\u00f3n y, en \u00faltima instancia, el astillero la certifica con una <strong>placa personalizada <\/strong>en la que se detallan las especificaciones instaladas.<br \/>\nSon detalles cruciales que marcan la diferencia y hacen que el producto sea \u00fanico.   <\/p>\n<p><img decoding=\"async\" class=\"aligncenter wp-image-135075 size-full\" title=\"SE 33 exterior\" src=\"https:\/\/yachtingnews.com\/wp-content\/uploads\/2024\/09\/SE33_esterni-09-scaled.jpg\" alt=\"SE 33 exterior\" width=\"2048\" height=\"1152\" srcset=\"https:\/\/www.yachtingnews.com\/wp-content\/uploads\/2024\/09\/SE33_esterni-09-scaled.jpg 2048w, https:\/\/www.yachtingnews.com\/wp-content\/uploads\/2024\/09\/SE33_esterni-09-300x169.jpg 300w, https:\/\/www.yachtingnews.com\/wp-content\/uploads\/2024\/09\/SE33_esterni-09-1600x900.jpg 1600w, https:\/\/www.yachtingnews.com\/wp-content\/uploads\/2024\/09\/SE33_esterni-09-768x432.jpg 768w, https:\/\/www.yachtingnews.com\/wp-content\/uploads\/2024\/09\/SE33_esterni-09-1536x864.jpg 1536w\" sizes=\"(max-width: 2048px) 100vw, 2048px\" \/><\/p>\n<p>El primer modelo de la l\u00ednea SE, anunciado la primavera pasada, es la <strong>SE33,<\/strong> una lancha con cuatro literas y una esencia que espera ser descubierta.<br \/>\nPropulsada por dos motores fueraborda de 300 CV, la SE33 presenta unas l\u00edneas exteriores audaces y armoniosas que aumentan la practicidad a bordo.<br \/>\nSe ha prestado especial atenci\u00f3n a la <strong>sensaci\u00f3n de seguridad a bordo<\/strong>, transmitida en la proa por pasamanos que facilitan el movimiento y en la popa por respaldos envolventes.  <\/p>\n<p><img decoding=\"async\" class=\"aligncenter wp-image-135080 size-full\" title=\"L\u00ednea SE SE33\" src=\"https:\/\/yachtingnews.com\/wp-content\/uploads\/2024\/09\/linea-se-SE33_esterni-04-scaled.jpg\" alt=\"L\u00ednea SE SE33\" width=\"2048\" height=\"1152\" srcset=\"https:\/\/www.yachtingnews.com\/wp-content\/uploads\/2024\/09\/linea-se-SE33_esterni-04-scaled.jpg 2048w, https:\/\/www.yachtingnews.com\/wp-content\/uploads\/2024\/09\/linea-se-SE33_esterni-04-300x169.jpg 300w, https:\/\/www.yachtingnews.com\/wp-content\/uploads\/2024\/09\/linea-se-SE33_esterni-04-1600x900.jpg 1600w, https:\/\/www.yachtingnews.com\/wp-content\/uploads\/2024\/09\/linea-se-SE33_esterni-04-768x432.jpg 768w, https:\/\/www.yachtingnews.com\/wp-content\/uploads\/2024\/09\/linea-se-SE33_esterni-04-1536x864.jpg 1536w\" sizes=\"(max-width: 2048px) 100vw, 2048px\" \/><\/p>\n<p>La ba\u00f1era alberga un sof\u00e1 en forma de U con un banco delantero, una mesa plegable que se transforma en una amplia zona para tomar el sol, una cocina exterior y una consola de tim\u00f3n asim\u00e9trica, bien organizada y moderna, junto a la cual est\u00e1 el acceso a la zona bajo cubierta.<\/p>\n<p><img decoding=\"async\" class=\"aligncenter wp-image-135085 size-full\" title=\"SE33_interior\" src=\"https:\/\/yachtingnews.com\/wp-content\/uploads\/2024\/09\/SE33_interni-05-scaled.jpg\" alt=\"SE33_interior\" width=\"2048\" height=\"1152\" srcset=\"https:\/\/www.yachtingnews.com\/wp-content\/uploads\/2024\/09\/SE33_interni-05-scaled.jpg 2048w, https:\/\/www.yachtingnews.com\/wp-content\/uploads\/2024\/09\/SE33_interni-05-300x169.jpg 300w, https:\/\/www.yachtingnews.com\/wp-content\/uploads\/2024\/09\/SE33_interni-05-1600x900.jpg 1600w, https:\/\/www.yachtingnews.com\/wp-content\/uploads\/2024\/09\/SE33_interni-05-768x432.jpg 768w, https:\/\/www.yachtingnews.com\/wp-content\/uploads\/2024\/09\/SE33_interni-05-1536x864.jpg 1536w\" sizes=\"(max-width: 2048px) 100vw, 2048px\" \/><\/p>\n<p>La distribuci\u00f3n interior est\u00e1 pensada para aprovechar al m\u00e1ximo cada espacio, gracias a la investigaci\u00f3n est\u00e9tica realizada por <a href=\"https:\/\/yachtingnews.com\/?s=solemar&amp;lang=en\">el<\/a>equipo de dise\u00f1o de <a href=\"https:\/\/yachtingnews.com\/?s=solemar&amp;lang=en\">Solemar<\/a>: la l\u00ednea SE presenta perfiles armoniosos combinados con materiales de alta calidad, con colores c\u00e1lidos y elegantes que reflejan la naturaleza y la identidad de la propia marca.<\/p>\n<p><img decoding=\"async\" class=\"aligncenter wp-image-135090 size-full\" title=\"l\u00ednea solemar se\" src=\"https:\/\/yachtingnews.com\/wp-content\/uploads\/2024\/09\/linea-SE-33_interni-01_r-scaled.jpg\" alt=\"l\u00ednea solemar se\" width=\"2048\" height=\"1152\" srcset=\"https:\/\/www.yachtingnews.com\/wp-content\/uploads\/2024\/09\/linea-SE-33_interni-01_r-scaled.jpg 2048w, https:\/\/www.yachtingnews.com\/wp-content\/uploads\/2024\/09\/linea-SE-33_interni-01_r-300x169.jpg 300w, https:\/\/www.yachtingnews.com\/wp-content\/uploads\/2024\/09\/linea-SE-33_interni-01_r-1600x900.jpg 1600w, https:\/\/www.yachtingnews.com\/wp-content\/uploads\/2024\/09\/linea-SE-33_interni-01_r-768x432.jpg 768w, https:\/\/www.yachtingnews.com\/wp-content\/uploads\/2024\/09\/linea-SE-33_interni-01_r-1536x864.jpg 1536w\" sizes=\"(max-width: 2048px) 100vw, 2048px\" \/><\/p>\n<p>El concepto y la planificaci\u00f3n del espacio son similares a los de un yate; al mismo tiempo, el casco de gran rendimiento y los tubos garantizan excelentes cualidades de navegaci\u00f3n, incluso con mar gruesa.<br \/>\nEn resumen, es la embarcaci\u00f3n perfecta para los que aman navegar y divertirse con seguridad, incluso con la familia y los ni\u00f1os a bordo, para los que buscan la libertad en todas sus formas y para los que no pueden prescindir de la elegancia. <\/p>\n\t\t\t\t\t\t\t\t<\/div>\n\t\t\t\t<\/div>\n\t\t\t\t\t<\/div>\n\t\t<\/div>\n\t\t\t\t\t<\/div>\n\t\t<\/section>\n\t\t\t\t<\/div>\n\t\t","protected":false},"excerpt":{"rendered":"<p>Solemar sigue introduciendo interesantes innovaciones en el mercado de las semirr\u00edgidas cabinadas, un sector en el que el astillero italiano es un claro l\u00edder. Tras el esperado debut el pasado septiembre en el Sal\u00f3n N\u00e1utico Internacional de G\u00e9nova 2023 de los tres primeros modelos de la l\u00ednea abierta SX, existe una gran expectaci\u00f3n y una [&hellip;]<\/p>\n","protected":false},"author":45,"featured_media":135067,"comment_status":"open","ping_status":"open","sticky":false,"template":"","format":"standard","meta":{"_mo_disable_npp":"","footnotes":""},"categories":[2152,2100],"tags":[2558],"class_list":["post-135647","post","type-post","status-publish","format-standard","has-post-thumbnail","hentry","category-botes-neumaticos","category-noticias-nauticas","tag-solemar-es"],"yoast_head":"<!-- This site is optimized with the Yoast SEO plugin v28.4 - https:\/\/yoast.com\/product\/yoast-seo-wordpress\/ -->\n<title>L\u00ednea SE: debut oficial de la \u00faltima - de Solemarsep Yachting News<\/title>\n<meta name=\"description\" content=\"Hay una gran expectaci\u00f3n y una fuerte curiosidad por el lanzamiento de la l\u00ednea SE, la l\u00ednea de Elegancia de Solemar, que\" \/>\n<meta name=\"robots\" content=\"index, follow, max-snippet:-1, max-image-preview:large, max-video-preview:-1\" \/>\n<link rel=\"canonical\" href=\"https:\/\/www.yachtingnews.com\/es\/solemar-se-line\/\" \/>\n<meta property=\"og:locale\" content=\"es_ES\" \/>\n<meta property=\"og:type\" content=\"article\" \/>\n<meta property=\"og:title\" content=\"L\u00ednea SE: debut oficial de la \u00faltima - de Solemarsep Yachting News\" \/>\n<meta property=\"og:description\" content=\"Hay una gran expectaci\u00f3n y una fuerte curiosidad por el lanzamiento de la l\u00ednea SE, la l\u00ednea de Elegancia de Solemar, que\" \/>\n<meta property=\"og:url\" content=\"https:\/\/www.yachtingnews.com\/es\/solemar-se-line\/\" \/>\n<meta property=\"og:site_name\" content=\"Yachting News\" \/>\n<meta property=\"article:publisher\" content=\"https:\/\/www.facebook.com\/TheInternationalYachtingMedia\" \/>\n<meta property=\"article:published_time\" content=\"2024-09-04T05:53:00+00:00\" \/>\n<meta property=\"article:modified_time\" content=\"2024-09-04T11:05:32+00:00\" \/>\n<meta property=\"og:image\" content=\"https:\/\/www.yachtingnews.com\/wp-content\/uploads\/2024\/09\/linea-se.jpg\" \/>\n\t<meta property=\"og:image:width\" content=\"1600\" \/>\n\t<meta property=\"og:image:height\" content=\"900\" \/>\n\t<meta property=\"og:image:type\" content=\"image\/jpeg\" \/>\n<meta name=\"author\" content=\"Alessandro Giuzio\" \/>\n<meta name=\"twitter:card\" content=\"summary_large_image\" \/>\n<meta name=\"twitter:creator\" content=\"@YachtingMedia\" \/>\n<meta name=\"twitter:site\" content=\"@YachtingMedia\" \/>\n<meta name=\"twitter:label1\" content=\"Escrito por\" \/>\n\t<meta name=\"twitter:data1\" content=\"Alessandro Giuzio\" \/>\n\t<meta name=\"twitter:label2\" content=\"Tiempo de lectura\" \/>\n\t<meta name=\"twitter:data2\" content=\"3 minutos\" \/>\n<script type=\"application\/ld+json\" class=\"yoast-schema-graph\">{\"@context\":\"https:\\\/\\\/schema.org\",\"@graph\":[{\"@type\":\"Article\",\"@id\":\"https:\\\/\\\/www.yachtingnews.com\\\/es\\\/solemar-se-line\\\/#article\",\"isPartOf\":{\"@id\":\"https:\\\/\\\/www.yachtingnews.com\\\/es\\\/solemar-se-line\\\/\"},\"author\":{\"name\":\"Alessandro Giuzio\",\"@id\":\"https:\\\/\\\/www.yachtingnews.com\\\/es\\\/#\\\/schema\\\/person\\\/d2e99eb1c7ce9e28a78d15e3d5d68eb3\"},\"headline\":\"Estreno oficial de la l\u00ednea SE de Solemar: SE33 es la semirr\u00edgida con la que todos so\u00f1\u00e1bamos\",\"datePublished\":\"2024-09-04T05:53:00+00:00\",\"dateModified\":\"2024-09-04T11:05:32+00:00\",\"mainEntityOfPage\":{\"@id\":\"https:\\\/\\\/www.yachtingnews.com\\\/es\\\/solemar-se-line\\\/\"},\"wordCount\":556,\"commentCount\":0,\"publisher\":{\"@id\":\"https:\\\/\\\/www.yachtingnews.com\\\/es\\\/#organization\"},\"image\":{\"@id\":\"https:\\\/\\\/www.yachtingnews.com\\\/es\\\/solemar-se-line\\\/#primaryimage\"},\"thumbnailUrl\":\"https:\\\/\\\/www.yachtingnews.com\\\/wp-content\\\/uploads\\\/2024\\\/09\\\/linea-se.jpg\",\"keywords\":[\"Solemar\"],\"articleSection\":[\"EMBARCACIONES NEUM\u00c1TICAS\",\"Noticias\"],\"inLanguage\":\"es\",\"potentialAction\":[{\"@type\":\"CommentAction\",\"name\":\"Comment\",\"target\":[\"https:\\\/\\\/www.yachtingnews.com\\\/es\\\/solemar-se-line\\\/#respond\"]}]},{\"@type\":\"WebPage\",\"@id\":\"https:\\\/\\\/www.yachtingnews.com\\\/es\\\/solemar-se-line\\\/\",\"url\":\"https:\\\/\\\/www.yachtingnews.com\\\/es\\\/solemar-se-line\\\/\",\"name\":\"L\u00ednea SE: debut oficial de la \u00faltima - de Solemarsep Yachting News\",\"isPartOf\":{\"@id\":\"https:\\\/\\\/www.yachtingnews.com\\\/es\\\/#website\"},\"primaryImageOfPage\":{\"@id\":\"https:\\\/\\\/www.yachtingnews.com\\\/es\\\/solemar-se-line\\\/#primaryimage\"},\"image\":{\"@id\":\"https:\\\/\\\/www.yachtingnews.com\\\/es\\\/solemar-se-line\\\/#primaryimage\"},\"thumbnailUrl\":\"https:\\\/\\\/www.yachtingnews.com\\\/wp-content\\\/uploads\\\/2024\\\/09\\\/linea-se.jpg\",\"datePublished\":\"2024-09-04T05:53:00+00:00\",\"dateModified\":\"2024-09-04T11:05:32+00:00\",\"description\":\"Hay una gran expectaci\u00f3n y una fuerte curiosidad por el lanzamiento de la l\u00ednea SE, la l\u00ednea de Elegancia de Solemar, que\",\"breadcrumb\":{\"@id\":\"https:\\\/\\\/www.yachtingnews.com\\\/es\\\/solemar-se-line\\\/#breadcrumb\"},\"inLanguage\":\"es\",\"potentialAction\":[{\"@type\":\"ReadAction\",\"target\":[\"https:\\\/\\\/www.yachtingnews.com\\\/es\\\/solemar-se-line\\\/\"]}]},{\"@type\":\"ImageObject\",\"inLanguage\":\"es\",\"@id\":\"https:\\\/\\\/www.yachtingnews.com\\\/es\\\/solemar-se-line\\\/#primaryimage\",\"url\":\"https:\\\/\\\/www.yachtingnews.com\\\/wp-content\\\/uploads\\\/2024\\\/09\\\/linea-se.jpg\",\"contentUrl\":\"https:\\\/\\\/www.yachtingnews.com\\\/wp-content\\\/uploads\\\/2024\\\/09\\\/linea-se.jpg\",\"width\":1600,\"height\":900,\"caption\":\"L\u00ednea SE\"},{\"@type\":\"BreadcrumbList\",\"@id\":\"https:\\\/\\\/www.yachtingnews.com\\\/es\\\/solemar-se-line\\\/#breadcrumb\",\"itemListElement\":[{\"@type\":\"ListItem\",\"position\":1,\"name\":\"Home\",\"item\":\"https:\\\/\\\/www.yachtingnews.com\\\/es\\\/yachting-news-2\\\/\"},{\"@type\":\"ListItem\",\"position\":2,\"name\":\"Estreno oficial de la l\u00ednea SE de Solemar: SE33 es la semirr\u00edgida con la que todos so\u00f1\u00e1bamos\"}]},{\"@type\":\"WebSite\",\"@id\":\"https:\\\/\\\/www.yachtingnews.com\\\/es\\\/#website\",\"url\":\"https:\\\/\\\/www.yachtingnews.com\\\/es\\\/\",\"name\":\"Yachting News\",\"description\":\"The International Yachting Media\",\"publisher\":{\"@id\":\"https:\\\/\\\/www.yachtingnews.com\\\/es\\\/#organization\"},\"potentialAction\":[{\"@type\":\"SearchAction\",\"target\":{\"@type\":\"EntryPoint\",\"urlTemplate\":\"https:\\\/\\\/www.yachtingnews.com\\\/es\\\/?s={search_term_string}\"},\"query-input\":{\"@type\":\"PropertyValueSpecification\",\"valueRequired\":true,\"valueName\":\"search_term_string\"}}],\"inLanguage\":\"es\"},{\"@type\":\"Organization\",\"@id\":\"https:\\\/\\\/www.yachtingnews.com\\\/es\\\/#organization\",\"name\":\"Yachting News\",\"url\":\"https:\\\/\\\/www.yachtingnews.com\\\/es\\\/\",\"logo\":{\"@type\":\"ImageObject\",\"inLanguage\":\"es\",\"@id\":\"https:\\\/\\\/www.yachtingnews.com\\\/es\\\/#\\\/schema\\\/logo\\\/image\\\/\",\"url\":\"https:\\\/\\\/www.yachtingnews.com\\\/wp-content\\\/uploads\\\/2023\\\/02\\\/LOGO-Yachting-NEWS-blu-800.png\",\"contentUrl\":\"https:\\\/\\\/www.yachtingnews.com\\\/wp-content\\\/uploads\\\/2023\\\/02\\\/LOGO-Yachting-NEWS-blu-800.png\",\"width\":790,\"height\":99,\"caption\":\"Yachting News\"},\"image\":{\"@id\":\"https:\\\/\\\/www.yachtingnews.com\\\/es\\\/#\\\/schema\\\/logo\\\/image\\\/\"},\"sameAs\":[\"https:\\\/\\\/www.facebook.com\\\/TheInternationalYachtingMedia\",\"https:\\\/\\\/x.com\\\/YachtingMedia\",\"https:\\\/\\\/www.instagram.com\\\/yachting.news\\\/\",\"https:\\\/\\\/www.linkedin.com\\\/company\\\/the-international-yachting-media\",\"https:\\\/\\\/www.youtube.com\\\/c\\\/TheInternationalYachtingMedia\"]},{\"@type\":\"Person\",\"@id\":\"https:\\\/\\\/www.yachtingnews.com\\\/es\\\/#\\\/schema\\\/person\\\/d2e99eb1c7ce9e28a78d15e3d5d68eb3\",\"name\":\"Alessandro Giuzio\",\"image\":{\"@type\":\"ImageObject\",\"inLanguage\":\"es\",\"@id\":\"https:\\\/\\\/www.yachtingnews.com\\\/wp-content\\\/litespeed\\\/avatar\\\/a99e5f8da4fc551fb53eb9f1fec61fb4.jpg?ver=1788189881\",\"url\":\"https:\\\/\\\/www.yachtingnews.com\\\/wp-content\\\/litespeed\\\/avatar\\\/a99e5f8da4fc551fb53eb9f1fec61fb4.jpg?ver=1788189881\",\"contentUrl\":\"https:\\\/\\\/www.yachtingnews.com\\\/wp-content\\\/litespeed\\\/avatar\\\/a99e5f8da4fc551fb53eb9f1fec61fb4.jpg?ver=1788189881\",\"caption\":\"Alessandro Giuzio\"},\"description\":\"Alessandro is a professional journalist and contributes to The International Yachting Media since 2022. He is an expert on the sea and of course on boats.\",\"url\":\"https:\\\/\\\/www.yachtingnews.com\\\/es\\\/author\\\/alexgiuzio\\\/\"}]}<\/script>\n<!-- \/ Yoast SEO plugin. -->","yoast_head_json":{"title":"L\u00ednea SE: debut oficial de la \u00faltima - de Solemarsep Yachting News","description":"Hay una gran expectaci\u00f3n y una fuerte curiosidad por el lanzamiento de la l\u00ednea SE, la l\u00ednea de Elegancia de Solemar, que","robots":{"index":"index","follow":"follow","max-snippet":"max-snippet:-1","max-image-preview":"max-image-preview:large","max-video-preview":"max-video-preview:-1"},"canonical":"https:\/\/www.yachtingnews.com\/es\/solemar-se-line\/","og_locale":"es_ES","og_type":"article","og_title":"L\u00ednea SE: debut oficial de la \u00faltima - de Solemarsep Yachting News","og_description":"Hay una gran expectaci\u00f3n y una fuerte curiosidad por el lanzamiento de la l\u00ednea SE, la l\u00ednea de Elegancia de Solemar, que","og_url":"https:\/\/www.yachtingnews.com\/es\/solemar-se-line\/","og_site_name":"Yachting News","article_publisher":"https:\/\/www.facebook.com\/TheInternationalYachtingMedia","article_published_time":"2024-09-04T05:53:00+00:00","article_modified_time":"2024-09-04T11:05:32+00:00","og_image":[{"width":1600,"height":900,"url":"https:\/\/www.yachtingnews.com\/wp-content\/uploads\/2024\/09\/linea-se.jpg","type":"image\/jpeg"}],"author":"Alessandro Giuzio","twitter_card":"summary_large_image","twitter_creator":"@YachtingMedia","twitter_site":"@YachtingMedia","twitter_misc":{"Escrito por":"Alessandro Giuzio","Tiempo de lectura":"3 minutos"},"schema":{"@context":"https:\/\/schema.org","@graph":[{"@type":"Article","@id":"https:\/\/www.yachtingnews.com\/es\/solemar-se-line\/#article","isPartOf":{"@id":"https:\/\/www.yachtingnews.com\/es\/solemar-se-line\/"},"author":{"name":"Alessandro Giuzio","@id":"https:\/\/www.yachtingnews.com\/es\/#\/schema\/person\/d2e99eb1c7ce9e28a78d15e3d5d68eb3"},"headline":"Estreno oficial de la l\u00ednea SE de Solemar: SE33 es la semirr\u00edgida con la que todos so\u00f1\u00e1bamos","datePublished":"2024-09-04T05:53:00+00:00","dateModified":"2024-09-04T11:05:32+00:00","mainEntityOfPage":{"@id":"https:\/\/www.yachtingnews.com\/es\/solemar-se-line\/"},"wordCount":556,"commentCount":0,"publisher":{"@id":"https:\/\/www.yachtingnews.com\/es\/#organization"},"image":{"@id":"https:\/\/www.yachtingnews.com\/es\/solemar-se-line\/#primaryimage"},"thumbnailUrl":"https:\/\/www.yachtingnews.com\/wp-content\/uploads\/2024\/09\/linea-se.jpg","keywords":["Solemar"],"articleSection":["EMBARCACIONES NEUM\u00c1TICAS","Noticias"],"inLanguage":"es","potentialAction":[{"@type":"CommentAction","name":"Comment","target":["https:\/\/www.yachtingnews.com\/es\/solemar-se-line\/#respond"]}]},{"@type":"WebPage","@id":"https:\/\/www.yachtingnews.com\/es\/solemar-se-line\/","url":"https:\/\/www.yachtingnews.com\/es\/solemar-se-line\/","name":"L\u00ednea SE: debut oficial de la \u00faltima - de Solemarsep Yachting News","isPartOf":{"@id":"https:\/\/www.yachtingnews.com\/es\/#website"},"primaryImageOfPage":{"@id":"https:\/\/www.yachtingnews.com\/es\/solemar-se-line\/#primaryimage"},"image":{"@id":"https:\/\/www.yachtingnews.com\/es\/solemar-se-line\/#primaryimage"},"thumbnailUrl":"https:\/\/www.yachtingnews.com\/wp-content\/uploads\/2024\/09\/linea-se.jpg","datePublished":"2024-09-04T05:53:00+00:00","dateModified":"2024-09-04T11:05:32+00:00","description":"Hay una gran expectaci\u00f3n y una fuerte curiosidad por el lanzamiento de la l\u00ednea SE, la l\u00ednea de Elegancia de Solemar, que","breadcrumb":{"@id":"https:\/\/www.yachtingnews.com\/es\/solemar-se-line\/#breadcrumb"},"inLanguage":"es","potentialAction":[{"@type":"ReadAction","target":["https:\/\/www.yachtingnews.com\/es\/solemar-se-line\/"]}]},{"@type":"ImageObject","inLanguage":"es","@id":"https:\/\/www.yachtingnews.com\/es\/solemar-se-line\/#primaryimage","url":"https:\/\/www.yachtingnews.com\/wp-content\/uploads\/2024\/09\/linea-se.jpg","contentUrl":"https:\/\/www.yachtingnews.com\/wp-content\/uploads\/2024\/09\/linea-se.jpg","width":1600,"height":900,"caption":"L\u00ednea SE"},{"@type":"BreadcrumbList","@id":"https:\/\/www.yachtingnews.com\/es\/solemar-se-line\/#breadcrumb","itemListElement":[{"@type":"ListItem","position":1,"name":"Home","item":"https:\/\/www.yachtingnews.com\/es\/yachting-news-2\/"},{"@type":"ListItem","position":2,"name":"Estreno oficial de la l\u00ednea SE de Solemar: SE33 es la semirr\u00edgida con la que todos so\u00f1\u00e1bamos"}]},{"@type":"WebSite","@id":"https:\/\/www.yachtingnews.com\/es\/#website","url":"https:\/\/www.yachtingnews.com\/es\/","name":"Yachting News","description":"The International Yachting Media","publisher":{"@id":"https:\/\/www.yachtingnews.com\/es\/#organization"},"potentialAction":[{"@type":"SearchAction","target":{"@type":"EntryPoint","urlTemplate":"https:\/\/www.yachtingnews.com\/es\/?s={search_term_string}"},"query-input":{"@type":"PropertyValueSpecification","valueRequired":true,"valueName":"search_term_string"}}],"inLanguage":"es"},{"@type":"Organization","@id":"https:\/\/www.yachtingnews.com\/es\/#organization","name":"Yachting News","url":"https:\/\/www.yachtingnews.com\/es\/","logo":{"@type":"ImageObject","inLanguage":"es","@id":"https:\/\/www.yachtingnews.com\/es\/#\/schema\/logo\/image\/","url":"https:\/\/www.yachtingnews.com\/wp-content\/uploads\/2023\/02\/LOGO-Yachting-NEWS-blu-800.png","contentUrl":"https:\/\/www.yachtingnews.com\/wp-content\/uploads\/2023\/02\/LOGO-Yachting-NEWS-blu-800.png","width":790,"height":99,"caption":"Yachting News"},"image":{"@id":"https:\/\/www.yachtingnews.com\/es\/#\/schema\/logo\/image\/"},"sameAs":["https:\/\/www.facebook.com\/TheInternationalYachtingMedia","https:\/\/x.com\/YachtingMedia","https:\/\/www.instagram.com\/yachting.news\/","https:\/\/www.linkedin.com\/company\/the-international-yachting-media","https:\/\/www.youtube.com\/c\/TheInternationalYachtingMedia"]},{"@type":"Person","@id":"https:\/\/www.yachtingnews.com\/es\/#\/schema\/person\/d2e99eb1c7ce9e28a78d15e3d5d68eb3","name":"Alessandro Giuzio","image":{"@type":"ImageObject","inLanguage":"es","@id":"https:\/\/www.yachtingnews.com\/wp-content\/litespeed\/avatar\/a99e5f8da4fc551fb53eb9f1fec61fb4.jpg?ver=1788189881","url":"https:\/\/www.yachtingnews.com\/wp-content\/litespeed\/avatar\/a99e5f8da4fc551fb53eb9f1fec61fb4.jpg?ver=1788189881","contentUrl":"https:\/\/www.yachtingnews.com\/wp-content\/litespeed\/avatar\/a99e5f8da4fc551fb53eb9f1fec61fb4.jpg?ver=1788189881","caption":"Alessandro Giuzio"},"description":"Alessandro is a professional journalist and contributes to The International Yachting Media since 2022. He is an expert on the sea and of course on boats.","url":"https:\/\/www.yachtingnews.com\/es\/author\/alexgiuzio\/"}]}},"_links":{"self":[{"href":"https:\/\/www.yachtingnews.com\/es\/wp-json\/wp\/v2\/posts\/135647","targetHints":{"allow":["GET"]}}],"collection":[{"href":"https:\/\/www.yachtingnews.com\/es\/wp-json\/wp\/v2\/posts"}],"about":[{"href":"https:\/\/www.yachtingnews.com\/es\/wp-json\/wp\/v2\/types\/post"}],"author":[{"embeddable":true,"href":"https:\/\/www.yachtingnews.com\/es\/wp-json\/wp\/v2\/users\/45"}],"replies":[{"embeddable":true,"href":"https:\/\/www.yachtingnews.com\/es\/wp-json\/wp\/v2\/comments?post=135647"}],"version-history":[{"count":0,"href":"https:\/\/www.yachtingnews.com\/es\/wp-json\/wp\/v2\/posts\/135647\/revisions"}],"wp:featuredmedia":[{"embeddable":true,"href":"https:\/\/www.yachtingnews.com\/es\/wp-json\/wp\/v2\/media\/135067"}],"wp:attachment":[{"href":"https:\/\/www.yachtingnews.com\/es\/wp-json\/wp\/v2\/media?parent=135647"}],"wp:term":[{"taxonomy":"category","embeddable":true,"href":"https:\/\/www.yachtingnews.com\/es\/wp-json\/wp\/v2\/categories?post=135647"},{"taxonomy":"post_tag","embeddable":true,"href":"https:\/\/www.yachtingnews.com\/es\/wp-json\/wp\/v2\/tags?post=135647"}],"curies":[{"name":"wp","href":"https:\/\/api.w.org\/{rel}","templated":true}]}}