{"id":136990,"date":"2024-09-06T17:17:00","date_gmt":"2024-09-06T16:17:00","guid":{"rendered":"https:\/\/yachtingnews.com\/nox-oceani\/"},"modified":"2024-09-12T08:51:43","modified_gmt":"2024-09-12T07:51:43","slug":"nox-oceani","status":"publish","type":"post","link":"https:\/\/www.yachtingnews.com\/es\/nox-oceani\/","title":{"rendered":"Nox Oceani triunfa en el circuito nacional RS21 sub 23"},"content":{"rendered":"\t\t<div data-elementor-type=\"wp-post\" data-elementor-id=\"136990\" class=\"elementor elementor-136990 elementor-136790\" data-elementor-post-type=\"post\">\n\t\t\t\t\t\t<section class=\"elementor-section elementor-top-section elementor-element elementor-element-56553fcf elementor-section-boxed elementor-section-height-default elementor-section-height-default\" data-id=\"56553fcf\" data-element_type=\"section\" data-e-type=\"section\">\n\t\t\t\t\t\t<div class=\"elementor-container elementor-column-gap-default\">\n\t\t\t\t\t<div class=\"elementor-column elementor-col-100 elementor-top-column elementor-element elementor-element-28c1b3ed\" data-id=\"28c1b3ed\" data-element_type=\"column\" data-e-type=\"column\">\n\t\t\t<div class=\"elementor-widget-wrap elementor-element-populated\">\n\t\t\t\t\t\t<div class=\"elementor-element elementor-element-19107cf9 elementor-widget elementor-widget-text-editor\" data-id=\"19107cf9\" data-element_type=\"widget\" data-e-type=\"widget\" data-widget_type=\"text-editor.default\">\n\t\t\t\t<div class=\"elementor-widget-container\">\n\t\t\t\t\t\t\t\t\t\n<p>Gran triunfo del<strong>equipo <\/strong> <strong>Nox Oceani <\/strong> en el circuito nacional RS21 sub 23.\nEl equipo de vela, con sede en el Club N\u00e1utico de Porto Rotondo, en Cerde\u00f1a, se proclam\u00f3 vencedor del circuito tras la regata de Riva del Garda, y ahora est\u00e1 listo y decidido para afrontar el mayor reto hasta la fecha: el <strong>Campeonato del Mundo de Vela Innovadora<\/strong>, que comenz\u00f3 el 4 de septiembre y se prolongar\u00e1 hasta el 7 de septiembre en el Golfo de Cugnana, en Olbia. <\/p>\n\n<p>La participaci\u00f3n en todas las etapas del circuito RS21 Clase Italiana, junto con su presencia constante en el podio, recompens\u00f3 a los j\u00f3venes atletas del Nox Oceani, entrenados por <strong>Camillo Zucconi<\/strong>.\nEn la etapa de Garda, valedera tambi\u00e9n para el t\u00edtulo de campe\u00f3n de Italia, el equipo Nox Oceani gan\u00f3 la medalla de plata en la categor\u00eda Sub 23, a pocos puntos del primer puesto.\nDurante la serie de regatas en el lago de Garda, una colisi\u00f3n con una embarcaci\u00f3n que no cedi\u00f3 el paso comprometi\u00f3 el resultado final.\nA pesar de este peque\u00f1o contratiempo, el equipo regres\u00f3 a Cerde\u00f1a con una serie de resultados positivos.\nDe hecho, adem\u00e1s de ganar el circuito y asegurarse el segundo puesto en el campeonato, tambi\u00e9n consiguieron el tercer puesto en la clasificaci\u00f3n general del circuito y el cuarto puesto en el campeonato entre los Corinthians.    <\/p>\n<figure id=\"attachment_136801\" aria-describedby=\"caption-attachment-136801\" style=\"width: 1280px\" class=\"wp-caption aligncenter\"><img decoding=\"async\" class=\"wp-image-136797 size-full\" title=\"El equipo sub 23 Nox Oceani\" src=\"https:\/\/yachtingnews.com\/wp-content\/uploads\/2024\/09\/The-under-23-Nox-Oceani-team.webp\" alt=\"El equipo sub 23 Nox Oceani\" width=\"1280\" height=\"854\" srcset=\"https:\/\/www.yachtingnews.com\/wp-content\/uploads\/2024\/09\/The-under-23-Nox-Oceani-team.webp 1280w, https:\/\/www.yachtingnews.com\/wp-content\/uploads\/2024\/09\/The-under-23-Nox-Oceani-team-300x200.webp 300w, https:\/\/www.yachtingnews.com\/wp-content\/uploads\/2024\/09\/The-under-23-Nox-Oceani-team-768x512.webp 768w\" sizes=\"(max-width: 1280px) 100vw, 1280px\" \/><figcaption id=\"caption-attachment-136801\" class=\"wp-caption-text\">El equipo sub 23 Nox Oceani<\/figcaption><\/figure>\n\n<p><em>\u00abLa victoria en la categor\u00eda Sub 23 &#8211; <\/em>explica el entrenador Zucconi  <em>&#8211; es el resultado de un trabajo continuo que a\u00fan hay que mejorar.\nAhora la tripulaci\u00f3n est\u00e1 preparada para competir en el pr\u00f3ximo Campeonato de Vela Innovadora de Porto Rotondo con el formato de regatas por equipos, un acontecimiento que esper\u00e1bamos desde hace mucho tiempo\u00bb. <\/em><\/p>\n\n<p>El Campeonato del Mundo de Vela Innovadora, promovido por el Departamento de Turismo, Artesan\u00eda y Comercio de la Regi\u00f3n Aut\u00f3noma de Cerde\u00f1a, ver\u00e1 competir a equipos de todo el mundo en el formato de regata por equipos.\nEs un reto muy ambicioso para el equipo Nox Oceani, pero llegan a la regata con el impulso de su victoria en Riva del Garda. <\/p>\n\n<p>En cuanto al Campeonato del Mundo de Vela Innovadora, se trata de una iniciativa muy especial, esperada con impaciencia por todos los aficionados a la navegaci\u00f3n. <strong>Camillo Zucconi,<\/strong> que tambi\u00e9n es director deportivo del Club N\u00e1utico de Porto Rotondo, adem\u00e1s de entrenador del equipo Nox Oceani, lo confirma y explica la estructura de la competici\u00f3n:  <em>\u00abEl Campeonato del Mundo de Vela Innovadora es un proyecto ambicioso que hemos desarrollado con pasi\u00f3n en los \u00faltimos meses.\nEs una regata que ser\u00e1 muy similar al match race <a href=\"https:\/\/yachtingnews.com\/?s=america's+cup&amp;lang=en\">de la Copa Am\u00e9rica<\/a>, pero en lugar de uno contra uno, ser\u00e1 de dos contra dos.\nPor lo tanto, ser\u00e1 importante no s\u00f3lo conocer las t\u00e1cticas de regata, sino tambi\u00e9n pensar como un equipo, ayudando a los compa\u00f1eros con coberturas continuas mediante viradas y trasluchadas.\nEstamos seguros de que ser\u00e1 un gran espect\u00e1culo, sobre todo para el p\u00fablico que querr\u00e1 disfrutar de las regatas desde tierra o mar.\nNuestro equipo est\u00e1 preparado, y los importantes resultados conseguidos este pasado fin de semana en Riva del Garda son muy prometedores.\u00bb    <\/em><\/p>\n\n<p>El evento mundial podr\u00e1 seguirse en directo, con la posibilidad de participar en charlas sobre innovaci\u00f3n y sostenibilidad, o a trav\u00e9s de los canales digitales del Club N\u00e1utico y en Radiolina.\nEl evento f\u00edsico tendr\u00e1 lugar en el <strong>Pueblo Azul<\/strong>, en la plaza frente al Club N\u00e1utico de Porto Rotondo. <\/p>\n\t\t\t\t\t\t\t\t<\/div>\n\t\t\t\t<\/div>\n\t\t\t\t\t<\/div>\n\t\t<\/div>\n\t\t\t\t\t<\/div>\n\t\t<\/section>\n\t\t\t\t<\/div>\n\t\t","protected":false},"excerpt":{"rendered":"<p>Gran triunfo delequipo Nox Oceani en el circuito nacional RS21 sub 23. El equipo de vela, con sede en el Club N\u00e1utico de Porto Rotondo, en Cerde\u00f1a, se proclam\u00f3 vencedor del circuito tras la regata de Riva del Garda, y ahora est\u00e1 listo y decidido para afrontar el mayor reto hasta la fecha: el Campeonato [&hellip;]<\/p>\n","protected":false},"author":45,"featured_media":136795,"comment_status":"open","ping_status":"open","sticky":false,"template":"","format":"standard","meta":{"_mo_disable_npp":"","footnotes":""},"categories":[2100,2172],"tags":[],"class_list":["post-136990","post","type-post","status-publish","format-standard","has-post-thumbnail","hentry","category-noticias-nauticas","category-regatas"],"yoast_head":"<!-- This site is optimized with the Yoast SEO plugin v28.3 - https:\/\/yoast.com\/product\/yoast-seo-wordpress\/ -->\n<title>Nox Oceani triunfa en el circuito nacional RS21 sub 23 - Yachting News<\/title>\n<meta name=\"description\" content=\"Gran triunfo del equipo Nox Oceani en el circuito nacional RS21 sub 23. El equipo de vela, con sede en el Club N\u00e1utico de Porto Rotondo..\" \/>\n<meta name=\"robots\" content=\"index, follow, max-snippet:-1, max-image-preview:large, max-video-preview:-1\" \/>\n<link rel=\"canonical\" href=\"https:\/\/www.yachtingnews.com\/es\/nox-oceani\/\" \/>\n<meta property=\"og:locale\" content=\"es_ES\" \/>\n<meta property=\"og:type\" content=\"article\" \/>\n<meta property=\"og:title\" content=\"Nox Oceani triunfa en el circuito nacional RS21 sub 23 - Yachting News\" \/>\n<meta property=\"og:description\" content=\"Gran triunfo del equipo Nox Oceani en el circuito nacional RS21 sub 23. El equipo de vela, con sede en el Club N\u00e1utico de Porto Rotondo..\" \/>\n<meta property=\"og:url\" content=\"https:\/\/www.yachtingnews.com\/es\/nox-oceani\/\" \/>\n<meta property=\"og:site_name\" content=\"Yachting News\" \/>\n<meta property=\"article:publisher\" content=\"https:\/\/www.facebook.com\/TheInternationalYachtingMedia\" \/>\n<meta property=\"article:published_time\" content=\"2024-09-06T16:17:00+00:00\" \/>\n<meta property=\"article:modified_time\" content=\"2024-09-12T07:51:43+00:00\" \/>\n<meta property=\"og:image\" content=\"https:\/\/www.yachtingnews.com\/wp-content\/uploads\/2024\/09\/nox-oceani.webp\" \/>\n\t<meta property=\"og:image:width\" content=\"1600\" \/>\n\t<meta property=\"og:image:height\" content=\"900\" \/>\n\t<meta property=\"og:image:type\" content=\"image\/webp\" \/>\n<meta name=\"author\" content=\"Alessandro Giuzio\" \/>\n<meta name=\"twitter:card\" content=\"summary_large_image\" \/>\n<meta name=\"twitter:creator\" content=\"@YachtingMedia\" \/>\n<meta name=\"twitter:site\" content=\"@YachtingMedia\" \/>\n<meta name=\"twitter:label1\" content=\"Escrito por\" \/>\n\t<meta name=\"twitter:data1\" content=\"Alessandro Giuzio\" \/>\n\t<meta name=\"twitter:label2\" content=\"Tiempo de lectura\" \/>\n\t<meta name=\"twitter:data2\" content=\"3 minutos\" \/>\n<script type=\"application\/ld+json\" class=\"yoast-schema-graph\">{\"@context\":\"https:\\\/\\\/schema.org\",\"@graph\":[{\"@type\":\"Article\",\"@id\":\"https:\\\/\\\/www.yachtingnews.com\\\/es\\\/nox-oceani\\\/#article\",\"isPartOf\":{\"@id\":\"https:\\\/\\\/www.yachtingnews.com\\\/es\\\/nox-oceani\\\/\"},\"author\":{\"name\":\"Alessandro Giuzio\",\"@id\":\"https:\\\/\\\/www.yachtingnews.com\\\/es\\\/#\\\/schema\\\/person\\\/d2e99eb1c7ce9e28a78d15e3d5d68eb3\"},\"headline\":\"Nox Oceani triunfa en el circuito nacional RS21 sub 23\",\"datePublished\":\"2024-09-06T16:17:00+00:00\",\"dateModified\":\"2024-09-12T07:51:43+00:00\",\"mainEntityOfPage\":{\"@id\":\"https:\\\/\\\/www.yachtingnews.com\\\/es\\\/nox-oceani\\\/\"},\"wordCount\":624,\"commentCount\":0,\"publisher\":{\"@id\":\"https:\\\/\\\/www.yachtingnews.com\\\/es\\\/#organization\"},\"image\":{\"@id\":\"https:\\\/\\\/www.yachtingnews.com\\\/es\\\/nox-oceani\\\/#primaryimage\"},\"thumbnailUrl\":\"https:\\\/\\\/www.yachtingnews.com\\\/wp-content\\\/uploads\\\/2024\\\/09\\\/nox-oceani.webp\",\"articleSection\":[\"Noticias\",\"Regatas\"],\"inLanguage\":\"es\",\"potentialAction\":[{\"@type\":\"CommentAction\",\"name\":\"Comment\",\"target\":[\"https:\\\/\\\/www.yachtingnews.com\\\/es\\\/nox-oceani\\\/#respond\"]}]},{\"@type\":\"WebPage\",\"@id\":\"https:\\\/\\\/www.yachtingnews.com\\\/es\\\/nox-oceani\\\/\",\"url\":\"https:\\\/\\\/www.yachtingnews.com\\\/es\\\/nox-oceani\\\/\",\"name\":\"Nox Oceani triunfa en el circuito nacional RS21 sub 23 - Yachting News\",\"isPartOf\":{\"@id\":\"https:\\\/\\\/www.yachtingnews.com\\\/es\\\/#website\"},\"primaryImageOfPage\":{\"@id\":\"https:\\\/\\\/www.yachtingnews.com\\\/es\\\/nox-oceani\\\/#primaryimage\"},\"image\":{\"@id\":\"https:\\\/\\\/www.yachtingnews.com\\\/es\\\/nox-oceani\\\/#primaryimage\"},\"thumbnailUrl\":\"https:\\\/\\\/www.yachtingnews.com\\\/wp-content\\\/uploads\\\/2024\\\/09\\\/nox-oceani.webp\",\"datePublished\":\"2024-09-06T16:17:00+00:00\",\"dateModified\":\"2024-09-12T07:51:43+00:00\",\"description\":\"Gran triunfo del equipo Nox Oceani en el circuito nacional RS21 sub 23. El equipo de vela, con sede en el Club N\u00e1utico de Porto Rotondo..\",\"breadcrumb\":{\"@id\":\"https:\\\/\\\/www.yachtingnews.com\\\/es\\\/nox-oceani\\\/#breadcrumb\"},\"inLanguage\":\"es\",\"potentialAction\":[{\"@type\":\"ReadAction\",\"target\":[\"https:\\\/\\\/www.yachtingnews.com\\\/es\\\/nox-oceani\\\/\"]}]},{\"@type\":\"ImageObject\",\"inLanguage\":\"es\",\"@id\":\"https:\\\/\\\/www.yachtingnews.com\\\/es\\\/nox-oceani\\\/#primaryimage\",\"url\":\"https:\\\/\\\/www.yachtingnews.com\\\/wp-content\\\/uploads\\\/2024\\\/09\\\/nox-oceani.webp\",\"contentUrl\":\"https:\\\/\\\/www.yachtingnews.com\\\/wp-content\\\/uploads\\\/2024\\\/09\\\/nox-oceani.webp\",\"width\":1600,\"height\":900,\"caption\":\"nox-oceani\"},{\"@type\":\"BreadcrumbList\",\"@id\":\"https:\\\/\\\/www.yachtingnews.com\\\/es\\\/nox-oceani\\\/#breadcrumb\",\"itemListElement\":[{\"@type\":\"ListItem\",\"position\":1,\"name\":\"Home\",\"item\":\"https:\\\/\\\/www.yachtingnews.com\\\/es\\\/yachting-news-2\\\/\"},{\"@type\":\"ListItem\",\"position\":2,\"name\":\"Nox Oceani triunfa en el circuito nacional RS21 sub 23\"}]},{\"@type\":\"WebSite\",\"@id\":\"https:\\\/\\\/www.yachtingnews.com\\\/es\\\/#website\",\"url\":\"https:\\\/\\\/www.yachtingnews.com\\\/es\\\/\",\"name\":\"Yachting News\",\"description\":\"The International Yachting Media\",\"publisher\":{\"@id\":\"https:\\\/\\\/www.yachtingnews.com\\\/es\\\/#organization\"},\"potentialAction\":[{\"@type\":\"SearchAction\",\"target\":{\"@type\":\"EntryPoint\",\"urlTemplate\":\"https:\\\/\\\/www.yachtingnews.com\\\/es\\\/?s={search_term_string}\"},\"query-input\":{\"@type\":\"PropertyValueSpecification\",\"valueRequired\":true,\"valueName\":\"search_term_string\"}}],\"inLanguage\":\"es\"},{\"@type\":\"Organization\",\"@id\":\"https:\\\/\\\/www.yachtingnews.com\\\/es\\\/#organization\",\"name\":\"Yachting News\",\"url\":\"https:\\\/\\\/www.yachtingnews.com\\\/es\\\/\",\"logo\":{\"@type\":\"ImageObject\",\"inLanguage\":\"es\",\"@id\":\"https:\\\/\\\/www.yachtingnews.com\\\/es\\\/#\\\/schema\\\/logo\\\/image\\\/\",\"url\":\"https:\\\/\\\/www.yachtingnews.com\\\/wp-content\\\/uploads\\\/2023\\\/02\\\/LOGO-Yachting-NEWS-blu-800.png\",\"contentUrl\":\"https:\\\/\\\/www.yachtingnews.com\\\/wp-content\\\/uploads\\\/2023\\\/02\\\/LOGO-Yachting-NEWS-blu-800.png\",\"width\":790,\"height\":99,\"caption\":\"Yachting News\"},\"image\":{\"@id\":\"https:\\\/\\\/www.yachtingnews.com\\\/es\\\/#\\\/schema\\\/logo\\\/image\\\/\"},\"sameAs\":[\"https:\\\/\\\/www.facebook.com\\\/TheInternationalYachtingMedia\",\"https:\\\/\\\/x.com\\\/YachtingMedia\",\"https:\\\/\\\/www.instagram.com\\\/yachting.news\\\/\",\"https:\\\/\\\/www.linkedin.com\\\/company\\\/the-international-yachting-media\",\"https:\\\/\\\/www.youtube.com\\\/c\\\/TheInternationalYachtingMedia\"]},{\"@type\":\"Person\",\"@id\":\"https:\\\/\\\/www.yachtingnews.com\\\/es\\\/#\\\/schema\\\/person\\\/d2e99eb1c7ce9e28a78d15e3d5d68eb3\",\"name\":\"Alessandro Giuzio\",\"image\":{\"@type\":\"ImageObject\",\"inLanguage\":\"es\",\"@id\":\"https:\\\/\\\/www.yachtingnews.com\\\/wp-content\\\/litespeed\\\/avatar\\\/a99e5f8da4fc551fb53eb9f1fec61fb4.jpg?ver=1788189881\",\"url\":\"https:\\\/\\\/www.yachtingnews.com\\\/wp-content\\\/litespeed\\\/avatar\\\/a99e5f8da4fc551fb53eb9f1fec61fb4.jpg?ver=1788189881\",\"contentUrl\":\"https:\\\/\\\/www.yachtingnews.com\\\/wp-content\\\/litespeed\\\/avatar\\\/a99e5f8da4fc551fb53eb9f1fec61fb4.jpg?ver=1788189881\",\"caption\":\"Alessandro Giuzio\"},\"description\":\"Alessandro is a professional journalist and contributes to The International Yachting Media since 2022. He is an expert on the sea and of course on boats.\",\"url\":\"https:\\\/\\\/www.yachtingnews.com\\\/es\\\/author\\\/alexgiuzio\\\/\"}]}<\/script>\n<!-- \/ Yoast SEO plugin. -->","yoast_head_json":{"title":"Nox Oceani triunfa en el circuito nacional RS21 sub 23 - Yachting News","description":"Gran triunfo del equipo Nox Oceani en el circuito nacional RS21 sub 23. El equipo de vela, con sede en el Club N\u00e1utico de Porto Rotondo..","robots":{"index":"index","follow":"follow","max-snippet":"max-snippet:-1","max-image-preview":"max-image-preview:large","max-video-preview":"max-video-preview:-1"},"canonical":"https:\/\/www.yachtingnews.com\/es\/nox-oceani\/","og_locale":"es_ES","og_type":"article","og_title":"Nox Oceani triunfa en el circuito nacional RS21 sub 23 - Yachting News","og_description":"Gran triunfo del equipo Nox Oceani en el circuito nacional RS21 sub 23. El equipo de vela, con sede en el Club N\u00e1utico de Porto Rotondo..","og_url":"https:\/\/www.yachtingnews.com\/es\/nox-oceani\/","og_site_name":"Yachting News","article_publisher":"https:\/\/www.facebook.com\/TheInternationalYachtingMedia","article_published_time":"2024-09-06T16:17:00+00:00","article_modified_time":"2024-09-12T07:51:43+00:00","og_image":[{"width":1600,"height":900,"url":"https:\/\/www.yachtingnews.com\/wp-content\/uploads\/2024\/09\/nox-oceani.webp","type":"image\/webp"}],"author":"Alessandro Giuzio","twitter_card":"summary_large_image","twitter_creator":"@YachtingMedia","twitter_site":"@YachtingMedia","twitter_misc":{"Escrito por":"Alessandro Giuzio","Tiempo de lectura":"3 minutos"},"schema":{"@context":"https:\/\/schema.org","@graph":[{"@type":"Article","@id":"https:\/\/www.yachtingnews.com\/es\/nox-oceani\/#article","isPartOf":{"@id":"https:\/\/www.yachtingnews.com\/es\/nox-oceani\/"},"author":{"name":"Alessandro Giuzio","@id":"https:\/\/www.yachtingnews.com\/es\/#\/schema\/person\/d2e99eb1c7ce9e28a78d15e3d5d68eb3"},"headline":"Nox Oceani triunfa en el circuito nacional RS21 sub 23","datePublished":"2024-09-06T16:17:00+00:00","dateModified":"2024-09-12T07:51:43+00:00","mainEntityOfPage":{"@id":"https:\/\/www.yachtingnews.com\/es\/nox-oceani\/"},"wordCount":624,"commentCount":0,"publisher":{"@id":"https:\/\/www.yachtingnews.com\/es\/#organization"},"image":{"@id":"https:\/\/www.yachtingnews.com\/es\/nox-oceani\/#primaryimage"},"thumbnailUrl":"https:\/\/www.yachtingnews.com\/wp-content\/uploads\/2024\/09\/nox-oceani.webp","articleSection":["Noticias","Regatas"],"inLanguage":"es","potentialAction":[{"@type":"CommentAction","name":"Comment","target":["https:\/\/www.yachtingnews.com\/es\/nox-oceani\/#respond"]}]},{"@type":"WebPage","@id":"https:\/\/www.yachtingnews.com\/es\/nox-oceani\/","url":"https:\/\/www.yachtingnews.com\/es\/nox-oceani\/","name":"Nox Oceani triunfa en el circuito nacional RS21 sub 23 - Yachting News","isPartOf":{"@id":"https:\/\/www.yachtingnews.com\/es\/#website"},"primaryImageOfPage":{"@id":"https:\/\/www.yachtingnews.com\/es\/nox-oceani\/#primaryimage"},"image":{"@id":"https:\/\/www.yachtingnews.com\/es\/nox-oceani\/#primaryimage"},"thumbnailUrl":"https:\/\/www.yachtingnews.com\/wp-content\/uploads\/2024\/09\/nox-oceani.webp","datePublished":"2024-09-06T16:17:00+00:00","dateModified":"2024-09-12T07:51:43+00:00","description":"Gran triunfo del equipo Nox Oceani en el circuito nacional RS21 sub 23. El equipo de vela, con sede en el Club N\u00e1utico de Porto Rotondo..","breadcrumb":{"@id":"https:\/\/www.yachtingnews.com\/es\/nox-oceani\/#breadcrumb"},"inLanguage":"es","potentialAction":[{"@type":"ReadAction","target":["https:\/\/www.yachtingnews.com\/es\/nox-oceani\/"]}]},{"@type":"ImageObject","inLanguage":"es","@id":"https:\/\/www.yachtingnews.com\/es\/nox-oceani\/#primaryimage","url":"https:\/\/www.yachtingnews.com\/wp-content\/uploads\/2024\/09\/nox-oceani.webp","contentUrl":"https:\/\/www.yachtingnews.com\/wp-content\/uploads\/2024\/09\/nox-oceani.webp","width":1600,"height":900,"caption":"nox-oceani"},{"@type":"BreadcrumbList","@id":"https:\/\/www.yachtingnews.com\/es\/nox-oceani\/#breadcrumb","itemListElement":[{"@type":"ListItem","position":1,"name":"Home","item":"https:\/\/www.yachtingnews.com\/es\/yachting-news-2\/"},{"@type":"ListItem","position":2,"name":"Nox Oceani triunfa en el circuito nacional RS21 sub 23"}]},{"@type":"WebSite","@id":"https:\/\/www.yachtingnews.com\/es\/#website","url":"https:\/\/www.yachtingnews.com\/es\/","name":"Yachting News","description":"The International Yachting Media","publisher":{"@id":"https:\/\/www.yachtingnews.com\/es\/#organization"},"potentialAction":[{"@type":"SearchAction","target":{"@type":"EntryPoint","urlTemplate":"https:\/\/www.yachtingnews.com\/es\/?s={search_term_string}"},"query-input":{"@type":"PropertyValueSpecification","valueRequired":true,"valueName":"search_term_string"}}],"inLanguage":"es"},{"@type":"Organization","@id":"https:\/\/www.yachtingnews.com\/es\/#organization","name":"Yachting News","url":"https:\/\/www.yachtingnews.com\/es\/","logo":{"@type":"ImageObject","inLanguage":"es","@id":"https:\/\/www.yachtingnews.com\/es\/#\/schema\/logo\/image\/","url":"https:\/\/www.yachtingnews.com\/wp-content\/uploads\/2023\/02\/LOGO-Yachting-NEWS-blu-800.png","contentUrl":"https:\/\/www.yachtingnews.com\/wp-content\/uploads\/2023\/02\/LOGO-Yachting-NEWS-blu-800.png","width":790,"height":99,"caption":"Yachting News"},"image":{"@id":"https:\/\/www.yachtingnews.com\/es\/#\/schema\/logo\/image\/"},"sameAs":["https:\/\/www.facebook.com\/TheInternationalYachtingMedia","https:\/\/x.com\/YachtingMedia","https:\/\/www.instagram.com\/yachting.news\/","https:\/\/www.linkedin.com\/company\/the-international-yachting-media","https:\/\/www.youtube.com\/c\/TheInternationalYachtingMedia"]},{"@type":"Person","@id":"https:\/\/www.yachtingnews.com\/es\/#\/schema\/person\/d2e99eb1c7ce9e28a78d15e3d5d68eb3","name":"Alessandro Giuzio","image":{"@type":"ImageObject","inLanguage":"es","@id":"https:\/\/www.yachtingnews.com\/wp-content\/litespeed\/avatar\/a99e5f8da4fc551fb53eb9f1fec61fb4.jpg?ver=1788189881","url":"https:\/\/www.yachtingnews.com\/wp-content\/litespeed\/avatar\/a99e5f8da4fc551fb53eb9f1fec61fb4.jpg?ver=1788189881","contentUrl":"https:\/\/www.yachtingnews.com\/wp-content\/litespeed\/avatar\/a99e5f8da4fc551fb53eb9f1fec61fb4.jpg?ver=1788189881","caption":"Alessandro Giuzio"},"description":"Alessandro is a professional journalist and contributes to The International Yachting Media since 2022. He is an expert on the sea and of course on boats.","url":"https:\/\/www.yachtingnews.com\/es\/author\/alexgiuzio\/"}]}},"_links":{"self":[{"href":"https:\/\/www.yachtingnews.com\/es\/wp-json\/wp\/v2\/posts\/136990","targetHints":{"allow":["GET"]}}],"collection":[{"href":"https:\/\/www.yachtingnews.com\/es\/wp-json\/wp\/v2\/posts"}],"about":[{"href":"https:\/\/www.yachtingnews.com\/es\/wp-json\/wp\/v2\/types\/post"}],"author":[{"embeddable":true,"href":"https:\/\/www.yachtingnews.com\/es\/wp-json\/wp\/v2\/users\/45"}],"replies":[{"embeddable":true,"href":"https:\/\/www.yachtingnews.com\/es\/wp-json\/wp\/v2\/comments?post=136990"}],"version-history":[{"count":0,"href":"https:\/\/www.yachtingnews.com\/es\/wp-json\/wp\/v2\/posts\/136990\/revisions"}],"wp:featuredmedia":[{"embeddable":true,"href":"https:\/\/www.yachtingnews.com\/es\/wp-json\/wp\/v2\/media\/136795"}],"wp:attachment":[{"href":"https:\/\/www.yachtingnews.com\/es\/wp-json\/wp\/v2\/media?parent=136990"}],"wp:term":[{"taxonomy":"category","embeddable":true,"href":"https:\/\/www.yachtingnews.com\/es\/wp-json\/wp\/v2\/categories?post=136990"},{"taxonomy":"post_tag","embeddable":true,"href":"https:\/\/www.yachtingnews.com\/es\/wp-json\/wp\/v2\/tags?post=136990"}],"curies":[{"name":"wp","href":"https:\/\/api.w.org\/{rel}","templated":true}]}}