{"id":141623,"date":"2024-12-20T07:44:00","date_gmt":"2024-12-20T06:44:00","guid":{"rendered":"https:\/\/yachtingnews.com\/arianna-milesi\/"},"modified":"2024-12-28T07:38:53","modified_gmt":"2024-12-28T06:38:53","slug":"arianna-milesi","status":"publish","type":"post","link":"https:\/\/www.yachtingnews.com\/es\/arianna-milesi\/","title":{"rendered":"Arianna Milesi nombrada nueva responsable de comunicaci\u00f3n de Rio Yachts"},"content":{"rendered":"\t\t<div data-elementor-type=\"wp-post\" data-elementor-id=\"141623\" class=\"elementor elementor-141623 elementor-141440\" data-elementor-post-type=\"post\">\n\t\t\t\t\t\t<section class=\"elementor-section elementor-top-section elementor-element elementor-element-398a92cc elementor-section-boxed elementor-section-height-default elementor-section-height-default\" data-id=\"398a92cc\" data-element_type=\"section\" data-e-type=\"section\">\n\t\t\t\t\t\t<div class=\"elementor-container elementor-column-gap-default\">\n\t\t\t\t\t<div class=\"elementor-column elementor-col-100 elementor-top-column elementor-element elementor-element-60bafb74\" data-id=\"60bafb74\" data-element_type=\"column\" data-e-type=\"column\">\n\t\t\t<div class=\"elementor-widget-wrap elementor-element-populated\">\n\t\t\t\t\t\t<div class=\"elementor-element elementor-element-71e9d9fa elementor-widget elementor-widget-text-editor\" data-id=\"71e9d9fa\" data-element_type=\"widget\" data-e-type=\"widget\" data-widget_type=\"text-editor.default\">\n\t\t\t\t<div class=\"elementor-widget-container\">\n\t\t\t\t\t\t\t\t\t<p>El departamento de marketing de Rio Yachts da la bienvenida a una nueva incorporaci\u00f3n: <b>Arianna Milesi<\/b>, que tomar\u00e1 el tim\u00f3n de la comunicaci\u00f3n de la renombrada marca. Milesi, con una impresionante trayectoria en el sector n\u00e1utico, sucede a Paola Barcella, que trabaj\u00f3 con \u00e9xito en Rio Yachts durante 16 a\u00f1os. El astillero bergamasco expres\u00f3 su gratitud a Barcella, declarando: <i>\u00abLe damos las gracias de todo coraz\u00f3n por 16 a\u00f1os de fruct\u00edfera colaboraci\u00f3n y le deseamos lo mejor en su futuro profesional\u00bb.<\/i>  <\/p>\n<p><img decoding=\"async\" class=\"alignright wp-image-141446\" title=\"Foto de Arianna Milesi\" src=\"https:\/\/yachtingnews.com\/wp-content\/uploads\/2024\/12\/Foto-Arianna-Milesi-225x300.jpg\" alt=\"Foto de Arianna Milesi\" width=\"300\" height=\"400\" srcset=\"https:\/\/www.yachtingnews.com\/wp-content\/uploads\/2024\/12\/Foto-Arianna-Milesi-225x300.jpg 225w, https:\/\/www.yachtingnews.com\/wp-content\/uploads\/2024\/12\/Foto-Arianna-Milesi-900x1200.jpg 900w, https:\/\/www.yachtingnews.com\/wp-content\/uploads\/2024\/12\/Foto-Arianna-Milesi-768x1024.jpg 768w, https:\/\/www.yachtingnews.com\/wp-content\/uploads\/2024\/12\/Foto-Arianna-Milesi.jpg 1000w\" sizes=\"(max-width: 300px) 100vw, 300px\" \/>En una entrevista concedida a <em>YachtingNews<\/em>, Arianna Milesi comparti\u00f3 sus primeras impresiones sobre su incorporaci\u00f3n a <b>Rio Yachts:<\/b> <i>\u00abEstoy encantada de empezar a trabajar para una empresa de<a href=\"https:\/\/yachtingnews.com\/es\/\"> yates <\/a>italiana hist\u00f3rica y familiar. Rio Yachts ha mantenido un perfil s\u00f3lido a lo largo de sus m\u00e1s de 60 a\u00f1os de existencia; su propiedad nunca ha cambiado y siempre se ha adaptado a la evoluci\u00f3n del panorama n\u00e1utico. Es una marca prestigiosa que ha hecho historia en el sector, y estoy orgulloso de unirme al equipo\u00bb.    <\/i><\/p>\n<p>Milesi continu\u00f3: <i>\u00abRio Yachts siempre ha sido pionera, sobre todo en su enfoque de la comunicaci\u00f3n y el marketing dentro del sector n\u00e1utico. No tuve el honor de trabajar con mi predecesor, pero asumir este cargo supone para m\u00ed una importante motivaci\u00f3n y un reconocimiento que impulsar\u00e1 mi crecimiento profesional\u00bb.<\/i><\/p>\n<p>En <a href=\"https:\/\/yachtingnews.com\/es\/italian-elegance-rio-yachts\/\">Rio Yachts, Arianna Milesi supervisar\u00e1<\/a> <b>el marketing, las comunicaciones, las relaciones con la prensa y la gesti\u00f3n de ferias y eventos.<\/b> Tambi\u00e9n apoyar\u00e1 al departamento de ventas en los aspectos relacionados con la comunicaci\u00f3n, tanto previa como posterior a la venta.<\/p>\n<p><img decoding=\"async\" class=\"aligncenter wp-image-141441 size-full\" title=\"Rio-Yates_LE-MANS-50\" src=\"https:\/\/yachtingnews.com\/wp-content\/uploads\/2024\/12\/Rio-Yachts_LE-MANS-50-2.webp\" alt=\"Rio-Yates_LE-MANS-50\" width=\"1024\" height=\"767\" srcset=\"https:\/\/www.yachtingnews.com\/wp-content\/uploads\/2024\/12\/Rio-Yachts_LE-MANS-50-2.webp 1024w, https:\/\/www.yachtingnews.com\/wp-content\/uploads\/2024\/12\/Rio-Yachts_LE-MANS-50-2-300x225.webp 300w, https:\/\/www.yachtingnews.com\/wp-content\/uploads\/2024\/12\/Rio-Yachts_LE-MANS-50-2-768x575.webp 768w\" sizes=\"(max-width: 1024px) 100vw, 1024px\" \/><\/p>\n<p>Nacida en 1991, Arianna Milesi se licenci\u00f3 en Comunicaci\u00f3n y, tras una breve experiencia profesional en una agencia de comunicaci\u00f3n, entr\u00f3 inmediatamente en el sector n\u00e1utico con <b>Sessa Marine<\/b>, donde trabaj\u00f3 durante seis a\u00f1os. A continuaci\u00f3n se traslad\u00f3 a <b>Solemar<\/b>, donde desempe\u00f1\u00f3 un papel clave en el relanzamiento de la marca en el mercado. Tras un a\u00f1o y medio en el astillero bergamasco, se incorpor\u00f3 a &#8230; Rio Yachts.  <\/p>\n<p>\u00ab<i>Siempre he trabajado en marketing y comunicaci\u00f3n dentro del mundo de la n\u00e1utica, y es aqu\u00ed donde quiero quedarme <\/i>-subraya Milesi-.  <i>Al fin y al cabo,<a href=\"https:\/\/www.superyachts.news\/\"> los barcos<\/a> son una gran pasi\u00f3n para m\u00ed. Tengo licencia de navegaci\u00f3n, me encanta hacer traves\u00edas y asisto regularmente a exposiciones, ferias y eventos del sector, no s\u00f3lo por trabajo\u00bb. <\/i><\/p>\n\t\t\t\t\t\t\t\t<\/div>\n\t\t\t\t<\/div>\n\t\t\t\t\t<\/div>\n\t\t<\/div>\n\t\t\t\t\t<\/div>\n\t\t<\/section>\n\t\t\t\t<\/div>\n\t\t","protected":false},"excerpt":{"rendered":"<p>El departamento de marketing de Rio Yachts da la bienvenida a una nueva incorporaci\u00f3n: Arianna Milesi, que tomar\u00e1 el tim\u00f3n de la comunicaci\u00f3n de la renombrada marca. Milesi, con una impresionante trayectoria en el sector n\u00e1utico, sucede a Paola Barcella, que trabaj\u00f3 con \u00e9xito en Rio Yachts durante 16 a\u00f1os. El astillero bergamasco expres\u00f3 su [&hellip;]<\/p>\n","protected":false},"author":45,"featured_media":141455,"comment_status":"open","ping_status":"open","sticky":false,"template":"","format":"standard","meta":{"_mo_disable_npp":"","footnotes":""},"categories":[2100],"tags":[2257],"class_list":["post-141623","post","type-post","status-publish","format-standard","has-post-thumbnail","hentry","category-noticias-nauticas","tag-rio-yachts-es"],"yoast_head":"<!-- This site is optimized with the Yoast SEO plugin v28.3 - https:\/\/yoast.com\/product\/yoast-seo-wordpress\/ -->\n<title>Arianna Milesi es la nueva responsable de comunicaci\u00f3n de Rio Yachts - Yachting News<\/title>\n<meta name=\"description\" content=\"El departamento de marketing de Rio Yachts da la bienvenida a una nueva incorporaci\u00f3n: Arianna Milesi, que tomar\u00e1 el tim\u00f3n de la renombrada marca...\" \/>\n<meta name=\"robots\" content=\"index, follow, max-snippet:-1, max-image-preview:large, max-video-preview:-1\" \/>\n<link rel=\"canonical\" href=\"https:\/\/www.yachtingnews.com\/es\/arianna-milesi\/\" \/>\n<meta property=\"og:locale\" content=\"es_ES\" \/>\n<meta property=\"og:type\" content=\"article\" \/>\n<meta property=\"og:title\" content=\"Arianna Milesi es la nueva responsable de comunicaci\u00f3n de Rio Yachts - Yachting News\" \/>\n<meta property=\"og:description\" content=\"El departamento de marketing de Rio Yachts da la bienvenida a una nueva incorporaci\u00f3n: Arianna Milesi, que tomar\u00e1 el tim\u00f3n de la renombrada marca...\" \/>\n<meta property=\"og:url\" content=\"https:\/\/www.yachtingnews.com\/es\/arianna-milesi\/\" \/>\n<meta property=\"og:site_name\" content=\"Yachting News\" \/>\n<meta property=\"article:publisher\" content=\"https:\/\/www.facebook.com\/TheInternationalYachtingMedia\" \/>\n<meta property=\"article:published_time\" content=\"2024-12-20T06:44:00+00:00\" \/>\n<meta property=\"article:modified_time\" content=\"2024-12-28T06:38:53+00:00\" \/>\n<meta property=\"og:image\" content=\"https:\/\/www.yachtingnews.com\/wp-content\/uploads\/2024\/12\/arianna-milesi-rio.jpg\" \/>\n\t<meta property=\"og:image:width\" content=\"1400\" \/>\n\t<meta property=\"og:image:height\" content=\"787\" \/>\n\t<meta property=\"og:image:type\" content=\"image\/jpeg\" \/>\n<meta name=\"author\" content=\"Alessandro Giuzio\" \/>\n<meta name=\"twitter:card\" content=\"summary_large_image\" \/>\n<meta name=\"twitter:creator\" content=\"@YachtingMedia\" \/>\n<meta name=\"twitter:site\" content=\"@YachtingMedia\" \/>\n<meta name=\"twitter:label1\" content=\"Escrito por\" \/>\n\t<meta name=\"twitter:data1\" content=\"Alessandro Giuzio\" \/>\n\t<meta name=\"twitter:label2\" content=\"Tiempo de lectura\" \/>\n\t<meta name=\"twitter:data2\" content=\"2 minutos\" \/>\n<script type=\"application\/ld+json\" class=\"yoast-schema-graph\">{\"@context\":\"https:\\\/\\\/schema.org\",\"@graph\":[{\"@type\":\"Article\",\"@id\":\"https:\\\/\\\/www.yachtingnews.com\\\/es\\\/arianna-milesi\\\/#article\",\"isPartOf\":{\"@id\":\"https:\\\/\\\/www.yachtingnews.com\\\/es\\\/arianna-milesi\\\/\"},\"author\":{\"name\":\"Alessandro Giuzio\",\"@id\":\"https:\\\/\\\/www.yachtingnews.com\\\/es\\\/#\\\/schema\\\/person\\\/d2e99eb1c7ce9e28a78d15e3d5d68eb3\"},\"headline\":\"Arianna Milesi nombrada nueva responsable de comunicaci\u00f3n de Rio Yachts\",\"datePublished\":\"2024-12-20T06:44:00+00:00\",\"dateModified\":\"2024-12-28T06:38:53+00:00\",\"mainEntityOfPage\":{\"@id\":\"https:\\\/\\\/www.yachtingnews.com\\\/es\\\/arianna-milesi\\\/\"},\"wordCount\":423,\"commentCount\":0,\"publisher\":{\"@id\":\"https:\\\/\\\/www.yachtingnews.com\\\/es\\\/#organization\"},\"image\":{\"@id\":\"https:\\\/\\\/www.yachtingnews.com\\\/es\\\/arianna-milesi\\\/#primaryimage\"},\"thumbnailUrl\":\"https:\\\/\\\/www.yachtingnews.com\\\/wp-content\\\/uploads\\\/2024\\\/12\\\/arianna-milesi-rio.jpg\",\"keywords\":[\"Rio Yachts\"],\"articleSection\":[\"Noticias\"],\"inLanguage\":\"es\",\"potentialAction\":[{\"@type\":\"CommentAction\",\"name\":\"Comment\",\"target\":[\"https:\\\/\\\/www.yachtingnews.com\\\/es\\\/arianna-milesi\\\/#respond\"]}]},{\"@type\":\"WebPage\",\"@id\":\"https:\\\/\\\/www.yachtingnews.com\\\/es\\\/arianna-milesi\\\/\",\"url\":\"https:\\\/\\\/www.yachtingnews.com\\\/es\\\/arianna-milesi\\\/\",\"name\":\"Arianna Milesi es la nueva responsable de comunicaci\u00f3n de Rio Yachts - Yachting News\",\"isPartOf\":{\"@id\":\"https:\\\/\\\/www.yachtingnews.com\\\/es\\\/#website\"},\"primaryImageOfPage\":{\"@id\":\"https:\\\/\\\/www.yachtingnews.com\\\/es\\\/arianna-milesi\\\/#primaryimage\"},\"image\":{\"@id\":\"https:\\\/\\\/www.yachtingnews.com\\\/es\\\/arianna-milesi\\\/#primaryimage\"},\"thumbnailUrl\":\"https:\\\/\\\/www.yachtingnews.com\\\/wp-content\\\/uploads\\\/2024\\\/12\\\/arianna-milesi-rio.jpg\",\"datePublished\":\"2024-12-20T06:44:00+00:00\",\"dateModified\":\"2024-12-28T06:38:53+00:00\",\"description\":\"El departamento de marketing de Rio Yachts da la bienvenida a una nueva incorporaci\u00f3n: Arianna Milesi, que tomar\u00e1 el tim\u00f3n de la renombrada marca...\",\"breadcrumb\":{\"@id\":\"https:\\\/\\\/www.yachtingnews.com\\\/es\\\/arianna-milesi\\\/#breadcrumb\"},\"inLanguage\":\"es\",\"potentialAction\":[{\"@type\":\"ReadAction\",\"target\":[\"https:\\\/\\\/www.yachtingnews.com\\\/es\\\/arianna-milesi\\\/\"]}]},{\"@type\":\"ImageObject\",\"inLanguage\":\"es\",\"@id\":\"https:\\\/\\\/www.yachtingnews.com\\\/es\\\/arianna-milesi\\\/#primaryimage\",\"url\":\"https:\\\/\\\/www.yachtingnews.com\\\/wp-content\\\/uploads\\\/2024\\\/12\\\/arianna-milesi-rio.jpg\",\"contentUrl\":\"https:\\\/\\\/www.yachtingnews.com\\\/wp-content\\\/uploads\\\/2024\\\/12\\\/arianna-milesi-rio.jpg\",\"width\":1400,\"height\":787,\"caption\":\"arianna-milesi-rio\"},{\"@type\":\"BreadcrumbList\",\"@id\":\"https:\\\/\\\/www.yachtingnews.com\\\/es\\\/arianna-milesi\\\/#breadcrumb\",\"itemListElement\":[{\"@type\":\"ListItem\",\"position\":1,\"name\":\"Home\",\"item\":\"https:\\\/\\\/www.yachtingnews.com\\\/es\\\/yachting-news-2\\\/\"},{\"@type\":\"ListItem\",\"position\":2,\"name\":\"Arianna Milesi nombrada nueva responsable de comunicaci\u00f3n de Rio Yachts\"}]},{\"@type\":\"WebSite\",\"@id\":\"https:\\\/\\\/www.yachtingnews.com\\\/es\\\/#website\",\"url\":\"https:\\\/\\\/www.yachtingnews.com\\\/es\\\/\",\"name\":\"Yachting News\",\"description\":\"The International Yachting Media\",\"publisher\":{\"@id\":\"https:\\\/\\\/www.yachtingnews.com\\\/es\\\/#organization\"},\"potentialAction\":[{\"@type\":\"SearchAction\",\"target\":{\"@type\":\"EntryPoint\",\"urlTemplate\":\"https:\\\/\\\/www.yachtingnews.com\\\/es\\\/?s={search_term_string}\"},\"query-input\":{\"@type\":\"PropertyValueSpecification\",\"valueRequired\":true,\"valueName\":\"search_term_string\"}}],\"inLanguage\":\"es\"},{\"@type\":\"Organization\",\"@id\":\"https:\\\/\\\/www.yachtingnews.com\\\/es\\\/#organization\",\"name\":\"Yachting News\",\"url\":\"https:\\\/\\\/www.yachtingnews.com\\\/es\\\/\",\"logo\":{\"@type\":\"ImageObject\",\"inLanguage\":\"es\",\"@id\":\"https:\\\/\\\/www.yachtingnews.com\\\/es\\\/#\\\/schema\\\/logo\\\/image\\\/\",\"url\":\"https:\\\/\\\/www.yachtingnews.com\\\/wp-content\\\/uploads\\\/2023\\\/02\\\/LOGO-Yachting-NEWS-blu-800.png\",\"contentUrl\":\"https:\\\/\\\/www.yachtingnews.com\\\/wp-content\\\/uploads\\\/2023\\\/02\\\/LOGO-Yachting-NEWS-blu-800.png\",\"width\":790,\"height\":99,\"caption\":\"Yachting News\"},\"image\":{\"@id\":\"https:\\\/\\\/www.yachtingnews.com\\\/es\\\/#\\\/schema\\\/logo\\\/image\\\/\"},\"sameAs\":[\"https:\\\/\\\/www.facebook.com\\\/TheInternationalYachtingMedia\",\"https:\\\/\\\/x.com\\\/YachtingMedia\",\"https:\\\/\\\/www.instagram.com\\\/yachting.news\\\/\",\"https:\\\/\\\/www.linkedin.com\\\/company\\\/the-international-yachting-media\",\"https:\\\/\\\/www.youtube.com\\\/c\\\/TheInternationalYachtingMedia\"]},{\"@type\":\"Person\",\"@id\":\"https:\\\/\\\/www.yachtingnews.com\\\/es\\\/#\\\/schema\\\/person\\\/d2e99eb1c7ce9e28a78d15e3d5d68eb3\",\"name\":\"Alessandro Giuzio\",\"image\":{\"@type\":\"ImageObject\",\"inLanguage\":\"es\",\"@id\":\"https:\\\/\\\/www.yachtingnews.com\\\/wp-content\\\/litespeed\\\/avatar\\\/a99e5f8da4fc551fb53eb9f1fec61fb4.jpg?ver=1787585046\",\"url\":\"https:\\\/\\\/www.yachtingnews.com\\\/wp-content\\\/litespeed\\\/avatar\\\/a99e5f8da4fc551fb53eb9f1fec61fb4.jpg?ver=1787585046\",\"contentUrl\":\"https:\\\/\\\/www.yachtingnews.com\\\/wp-content\\\/litespeed\\\/avatar\\\/a99e5f8da4fc551fb53eb9f1fec61fb4.jpg?ver=1787585046\",\"caption\":\"Alessandro Giuzio\"},\"description\":\"Alessandro is a professional journalist and contributes to The International Yachting Media since 2022. He is an expert on the sea and of course on boats.\",\"url\":\"https:\\\/\\\/www.yachtingnews.com\\\/es\\\/author\\\/alexgiuzio\\\/\"}]}<\/script>\n<!-- \/ Yoast SEO plugin. -->","yoast_head_json":{"title":"Arianna Milesi es la nueva responsable de comunicaci\u00f3n de Rio Yachts - Yachting News","description":"El departamento de marketing de Rio Yachts da la bienvenida a una nueva incorporaci\u00f3n: Arianna Milesi, que tomar\u00e1 el tim\u00f3n de la renombrada marca...","robots":{"index":"index","follow":"follow","max-snippet":"max-snippet:-1","max-image-preview":"max-image-preview:large","max-video-preview":"max-video-preview:-1"},"canonical":"https:\/\/www.yachtingnews.com\/es\/arianna-milesi\/","og_locale":"es_ES","og_type":"article","og_title":"Arianna Milesi es la nueva responsable de comunicaci\u00f3n de Rio Yachts - Yachting News","og_description":"El departamento de marketing de Rio Yachts da la bienvenida a una nueva incorporaci\u00f3n: Arianna Milesi, que tomar\u00e1 el tim\u00f3n de la renombrada marca...","og_url":"https:\/\/www.yachtingnews.com\/es\/arianna-milesi\/","og_site_name":"Yachting News","article_publisher":"https:\/\/www.facebook.com\/TheInternationalYachtingMedia","article_published_time":"2024-12-20T06:44:00+00:00","article_modified_time":"2024-12-28T06:38:53+00:00","og_image":[{"width":1400,"height":787,"url":"https:\/\/www.yachtingnews.com\/wp-content\/uploads\/2024\/12\/arianna-milesi-rio.jpg","type":"image\/jpeg"}],"author":"Alessandro Giuzio","twitter_card":"summary_large_image","twitter_creator":"@YachtingMedia","twitter_site":"@YachtingMedia","twitter_misc":{"Escrito por":"Alessandro Giuzio","Tiempo de lectura":"2 minutos"},"schema":{"@context":"https:\/\/schema.org","@graph":[{"@type":"Article","@id":"https:\/\/www.yachtingnews.com\/es\/arianna-milesi\/#article","isPartOf":{"@id":"https:\/\/www.yachtingnews.com\/es\/arianna-milesi\/"},"author":{"name":"Alessandro Giuzio","@id":"https:\/\/www.yachtingnews.com\/es\/#\/schema\/person\/d2e99eb1c7ce9e28a78d15e3d5d68eb3"},"headline":"Arianna Milesi nombrada nueva responsable de comunicaci\u00f3n de Rio Yachts","datePublished":"2024-12-20T06:44:00+00:00","dateModified":"2024-12-28T06:38:53+00:00","mainEntityOfPage":{"@id":"https:\/\/www.yachtingnews.com\/es\/arianna-milesi\/"},"wordCount":423,"commentCount":0,"publisher":{"@id":"https:\/\/www.yachtingnews.com\/es\/#organization"},"image":{"@id":"https:\/\/www.yachtingnews.com\/es\/arianna-milesi\/#primaryimage"},"thumbnailUrl":"https:\/\/www.yachtingnews.com\/wp-content\/uploads\/2024\/12\/arianna-milesi-rio.jpg","keywords":["Rio Yachts"],"articleSection":["Noticias"],"inLanguage":"es","potentialAction":[{"@type":"CommentAction","name":"Comment","target":["https:\/\/www.yachtingnews.com\/es\/arianna-milesi\/#respond"]}]},{"@type":"WebPage","@id":"https:\/\/www.yachtingnews.com\/es\/arianna-milesi\/","url":"https:\/\/www.yachtingnews.com\/es\/arianna-milesi\/","name":"Arianna Milesi es la nueva responsable de comunicaci\u00f3n de Rio Yachts - Yachting News","isPartOf":{"@id":"https:\/\/www.yachtingnews.com\/es\/#website"},"primaryImageOfPage":{"@id":"https:\/\/www.yachtingnews.com\/es\/arianna-milesi\/#primaryimage"},"image":{"@id":"https:\/\/www.yachtingnews.com\/es\/arianna-milesi\/#primaryimage"},"thumbnailUrl":"https:\/\/www.yachtingnews.com\/wp-content\/uploads\/2024\/12\/arianna-milesi-rio.jpg","datePublished":"2024-12-20T06:44:00+00:00","dateModified":"2024-12-28T06:38:53+00:00","description":"El departamento de marketing de Rio Yachts da la bienvenida a una nueva incorporaci\u00f3n: Arianna Milesi, que tomar\u00e1 el tim\u00f3n de la renombrada marca...","breadcrumb":{"@id":"https:\/\/www.yachtingnews.com\/es\/arianna-milesi\/#breadcrumb"},"inLanguage":"es","potentialAction":[{"@type":"ReadAction","target":["https:\/\/www.yachtingnews.com\/es\/arianna-milesi\/"]}]},{"@type":"ImageObject","inLanguage":"es","@id":"https:\/\/www.yachtingnews.com\/es\/arianna-milesi\/#primaryimage","url":"https:\/\/www.yachtingnews.com\/wp-content\/uploads\/2024\/12\/arianna-milesi-rio.jpg","contentUrl":"https:\/\/www.yachtingnews.com\/wp-content\/uploads\/2024\/12\/arianna-milesi-rio.jpg","width":1400,"height":787,"caption":"arianna-milesi-rio"},{"@type":"BreadcrumbList","@id":"https:\/\/www.yachtingnews.com\/es\/arianna-milesi\/#breadcrumb","itemListElement":[{"@type":"ListItem","position":1,"name":"Home","item":"https:\/\/www.yachtingnews.com\/es\/yachting-news-2\/"},{"@type":"ListItem","position":2,"name":"Arianna Milesi nombrada nueva responsable de comunicaci\u00f3n de Rio Yachts"}]},{"@type":"WebSite","@id":"https:\/\/www.yachtingnews.com\/es\/#website","url":"https:\/\/www.yachtingnews.com\/es\/","name":"Yachting News","description":"The International Yachting Media","publisher":{"@id":"https:\/\/www.yachtingnews.com\/es\/#organization"},"potentialAction":[{"@type":"SearchAction","target":{"@type":"EntryPoint","urlTemplate":"https:\/\/www.yachtingnews.com\/es\/?s={search_term_string}"},"query-input":{"@type":"PropertyValueSpecification","valueRequired":true,"valueName":"search_term_string"}}],"inLanguage":"es"},{"@type":"Organization","@id":"https:\/\/www.yachtingnews.com\/es\/#organization","name":"Yachting News","url":"https:\/\/www.yachtingnews.com\/es\/","logo":{"@type":"ImageObject","inLanguage":"es","@id":"https:\/\/www.yachtingnews.com\/es\/#\/schema\/logo\/image\/","url":"https:\/\/www.yachtingnews.com\/wp-content\/uploads\/2023\/02\/LOGO-Yachting-NEWS-blu-800.png","contentUrl":"https:\/\/www.yachtingnews.com\/wp-content\/uploads\/2023\/02\/LOGO-Yachting-NEWS-blu-800.png","width":790,"height":99,"caption":"Yachting News"},"image":{"@id":"https:\/\/www.yachtingnews.com\/es\/#\/schema\/logo\/image\/"},"sameAs":["https:\/\/www.facebook.com\/TheInternationalYachtingMedia","https:\/\/x.com\/YachtingMedia","https:\/\/www.instagram.com\/yachting.news\/","https:\/\/www.linkedin.com\/company\/the-international-yachting-media","https:\/\/www.youtube.com\/c\/TheInternationalYachtingMedia"]},{"@type":"Person","@id":"https:\/\/www.yachtingnews.com\/es\/#\/schema\/person\/d2e99eb1c7ce9e28a78d15e3d5d68eb3","name":"Alessandro Giuzio","image":{"@type":"ImageObject","inLanguage":"es","@id":"https:\/\/www.yachtingnews.com\/wp-content\/litespeed\/avatar\/a99e5f8da4fc551fb53eb9f1fec61fb4.jpg?ver=1787585046","url":"https:\/\/www.yachtingnews.com\/wp-content\/litespeed\/avatar\/a99e5f8da4fc551fb53eb9f1fec61fb4.jpg?ver=1787585046","contentUrl":"https:\/\/www.yachtingnews.com\/wp-content\/litespeed\/avatar\/a99e5f8da4fc551fb53eb9f1fec61fb4.jpg?ver=1787585046","caption":"Alessandro Giuzio"},"description":"Alessandro is a professional journalist and contributes to The International Yachting Media since 2022. He is an expert on the sea and of course on boats.","url":"https:\/\/www.yachtingnews.com\/es\/author\/alexgiuzio\/"}]}},"_links":{"self":[{"href":"https:\/\/www.yachtingnews.com\/es\/wp-json\/wp\/v2\/posts\/141623","targetHints":{"allow":["GET"]}}],"collection":[{"href":"https:\/\/www.yachtingnews.com\/es\/wp-json\/wp\/v2\/posts"}],"about":[{"href":"https:\/\/www.yachtingnews.com\/es\/wp-json\/wp\/v2\/types\/post"}],"author":[{"embeddable":true,"href":"https:\/\/www.yachtingnews.com\/es\/wp-json\/wp\/v2\/users\/45"}],"replies":[{"embeddable":true,"href":"https:\/\/www.yachtingnews.com\/es\/wp-json\/wp\/v2\/comments?post=141623"}],"version-history":[{"count":0,"href":"https:\/\/www.yachtingnews.com\/es\/wp-json\/wp\/v2\/posts\/141623\/revisions"}],"wp:featuredmedia":[{"embeddable":true,"href":"https:\/\/www.yachtingnews.com\/es\/wp-json\/wp\/v2\/media\/141455"}],"wp:attachment":[{"href":"https:\/\/www.yachtingnews.com\/es\/wp-json\/wp\/v2\/media?parent=141623"}],"wp:term":[{"taxonomy":"category","embeddable":true,"href":"https:\/\/www.yachtingnews.com\/es\/wp-json\/wp\/v2\/categories?post=141623"},{"taxonomy":"post_tag","embeddable":true,"href":"https:\/\/www.yachtingnews.com\/es\/wp-json\/wp\/v2\/tags?post=141623"}],"curies":[{"name":"wp","href":"https:\/\/api.w.org\/{rel}","templated":true}]}}