{"id":145861,"date":"2025-04-21T16:17:23","date_gmt":"2025-04-21T15:17:23","guid":{"rendered":"https:\/\/yachtingnews.com\/besenzoni-protagoniza-el-fuorisalone-con-reflexiones-sobre-el-mar\/"},"modified":"2025-04-29T17:42:10","modified_gmt":"2025-04-29T16:42:10","slug":"besenzoni-protagoniza-el-fuorisalone-con-reflexiones-sobre-el-mar","status":"publish","type":"post","link":"https:\/\/www.yachtingnews.com\/es\/besenzoni-protagoniza-el-fuorisalone-con-reflexiones-sobre-el-mar\/","title":{"rendered":"Besenzoni protagoniza el FuoriSalone con \u00abReflexiones sobre el mar"},"content":{"rendered":"\t\t<div data-elementor-type=\"wp-post\" data-elementor-id=\"145861\" class=\"elementor elementor-145861 elementor-145585\" data-elementor-post-type=\"post\">\n\t\t\t\t\t\t<section class=\"elementor-section elementor-top-section elementor-element elementor-element-49604dc5 elementor-section-boxed elementor-section-height-default elementor-section-height-default\" data-id=\"49604dc5\" data-element_type=\"section\" data-e-type=\"section\">\n\t\t\t\t\t\t<div class=\"elementor-container elementor-column-gap-default\">\n\t\t\t\t\t<div class=\"elementor-column elementor-col-100 elementor-top-column elementor-element elementor-element-4d20fbb\" data-id=\"4d20fbb\" data-element_type=\"column\" data-e-type=\"column\">\n\t\t\t<div class=\"elementor-widget-wrap elementor-element-populated\">\n\t\t\t\t\t\t<div class=\"elementor-element elementor-element-463c8a02 elementor-widget elementor-widget-text-editor\" data-id=\"463c8a02\" data-element_type=\"widget\" data-e-type=\"widget\" data-widget_type=\"text-editor.default\">\n\t\t\t\t<div class=\"elementor-widget-container\">\n\t\t\t\t\t\t\t\t\t<p><strong>Besenzoni<\/strong> reafirma su liderazgo en el dise\u00f1o n\u00e1utico. Por segundo a\u00f1o consecutivo, la empresa de Sarnico especializada en componentes para yates particip\u00f3 en<b> el FuoriSalone de Mil\u00e1n,<\/b> reforzando a\u00fan m\u00e1s su presencia en uno de los eventos m\u00e1s prestigiosos del panorama internacional del dise\u00f1o. Para esta edici\u00f3n, Besenzoni present\u00f3 la impactante instalaci\u00f3n art\u00edstica  <b> <\/b><em><b>Reflexiones sobre el mar<\/b><\/em>creada en colaboraci\u00f3n con el estudio de arquitectura y dise\u00f1o de yates Christian Grande, antiguos socios de la empresa. La pieza, expuesta en el Patio de Honor de la Universidad de Mil\u00e1n del 7 al 13 de abril, explora el v\u00ednculo entre el ser humano y el mar a trav\u00e9s de juegos de luz, superficies espejadas y un dise\u00f1o innovador que combina est\u00e9tica y funcionalidad. BesenzoniLa presencia de &#8216;s en FuoriSalone formaba parte de la exposici\u00f3n-evento Interni Cre-Action.  <\/p><p><i><b>Reflexiones sobre el mar: Un viaje a la esencia de Besenzoni <\/b><\/i>es una obra de arte que transforma en forma art\u00edstica los valores fundamentales de la empresa: excelencia, innovaci\u00f3n y armon\u00eda con el entorno marino. La instalaci\u00f3n consiste en una serie de plataformas espejadas que emergen de un mar simb\u00f3lico, evocando la idea de una secuencia de olas y creando un fascinante juego de reflejos y perspectivas. Cada elemento representa un icono del mundo Besenzoni: la pasarela, que simboliza la conexi\u00f3n entre tierra y mar, y la<a href=\"https:\/\/yachtingnews.com\/es\/besenzoni-boot-25\/\"> silla del piloto, que <\/a>encarna el v\u00ednculo entre navegaci\u00f3n y comodidad. Las superficies espejadas desmaterializan los objetos, sugiriendo la perfecta integraci\u00f3n entre los productos Besenzoni y los yates en los que se instalan. El movimiento de las olas y el horizonte marino cobran vida a trav\u00e9s de la luz y los reflejos, ofreciendo a los visitantes una experiencia visual y sensorial envolvente. El estudio <b>Christian Grande<\/b> -al igual que con otros muchos productos y proyectos desarrollados para Besenzoni &#8211; ha sabido interpretar la esencia de la marca a trav\u00e9s de un lenguaje art\u00edstico que fusiona funcionalidad y belleza.    <\/p><p><img decoding=\"async\" class=\"aligncenter wp-image-145586 size-full\" title=\"Fuorisalone\" src=\"https:\/\/yachtingnews.com\/wp-content\/uploads\/2025\/04\/UTF-8besenzoni-Fotoinserimento-specchio.jpg\" alt=\"Fuorisalone\" width=\"1400\" height=\"788\" srcset=\"https:\/\/www.yachtingnews.com\/wp-content\/uploads\/2025\/04\/UTF-8besenzoni-Fotoinserimento-specchio.jpg 1400w, https:\/\/www.yachtingnews.com\/wp-content\/uploads\/2025\/04\/UTF-8besenzoni-Fotoinserimento-specchio-300x169.jpg 300w, https:\/\/www.yachtingnews.com\/wp-content\/uploads\/2025\/04\/UTF-8besenzoni-Fotoinserimento-specchio-768x432.jpg 768w\" sizes=\"(max-width: 1400px) 100vw, 1400px\" \/><\/p><p>\u00abReflejos en el mar\u00bb no es s\u00f3lo una instalaci\u00f3n art\u00edstica, sino un viaje experiencial que involucra al espectador, haci\u00e9ndole part\u00edcipe de la propia obra de arte. El uso de espejos crea un di\u00e1logo entre el entorno, la luz y el visitante, invit\u00e1ndole a reflexionar sobre la relaci\u00f3n entre el ser humano y el mar. La instalaci\u00f3n representa una s\u00edntesis perfecta de est\u00e9tica y tecnolog\u00eda, encarnando la filosof\u00eda de Besenzoni: innovar respetando el patrimonio marino.  <\/p><p>M\u00e1s concretamente, la instalaci\u00f3n consta de <b>cuatro elementos escult\u00f3ricos met\u00e1licos con revestimiento de espejo<\/b> y una estructura interna de perfiles met\u00e1licos de secci\u00f3n en caja. Cada elemento est\u00e1 equipado con un contrapeso interno para garantizar la estabilidad y evitar el vuelco. Las esculturas alcanzan una altura m\u00e1xima de 280 cm y una profundidad de 150 cm, con proporciones armoniosas y equilibradas. Completan la obra de arte paneles de vidrio con distintos acabados y tonos superficiales, evocadores del cielo y el agua. Gracias a los distintos niveles de transparencia y refracci\u00f3n de la luz, estos paneles crean un efecto visual din\u00e1mico e iridiscente, que subraya la interacci\u00f3n entre la luz, la materia y el espacio.    <\/p><p><img decoding=\"async\" class=\"aligncenter wp-image-145591 size-full\" title=\"besenzoni-fuorisalone-2025\" src=\"https:\/\/yachtingnews.com\/wp-content\/uploads\/2025\/04\/UTF-8besenzoni-fuorisalone-foto.jpg\" alt=\"besenzoni-fuorisalone-2025\" width=\"1400\" height=\"787\" srcset=\"https:\/\/www.yachtingnews.com\/wp-content\/uploads\/2025\/04\/UTF-8besenzoni-fuorisalone-foto.jpg 1400w, https:\/\/www.yachtingnews.com\/wp-content\/uploads\/2025\/04\/UTF-8besenzoni-fuorisalone-foto-300x169.jpg 300w, https:\/\/www.yachtingnews.com\/wp-content\/uploads\/2025\/04\/UTF-8besenzoni-fuorisalone-foto-768x432.jpg 768w\" sizes=\"(max-width: 1400px) 100vw, 1400px\" \/><\/p><p><b>Giorgio Besenzoni<\/b>, Director General de la empresa, afirma: <i>\u00abEstamos encantados de tener la oportunidad de participar en FuoriSalone una vez m\u00e1s. El dise\u00f1o es un universo que nos fascina y est\u00e1 intr\u00ednsecamente relacionado con nuestra industria: los yates son una expresi\u00f3n de dise\u00f1o y excelencia estil\u00edstica, y creemos que el di\u00e1logo entre el mundo n\u00e1utico y el dise\u00f1o puede abrir nuevas perspectivas. Nuestra presencia aqu\u00ed no es s\u00f3lo un escaparate, sino una oportunidad para compartir nuestro enfoque del dise\u00f1o en un contexto m\u00e1s amplio\u00bb.<\/i><\/p><p>Con esta instalaci\u00f3n, Besenzoni reafirma su compromiso de promover la evoluci\u00f3n del dise\u00f1o de yates y <a href=\"https:\/\/www.superyachts.news\/\">superyates<\/a>, no s\u00f3lo mejorando la funcionalidad de sus productos, sino tambi\u00e9n actuando como portavoz de una est\u00e9tica capaz de evocar emociones y conexiones profundas con el entorno marino. La empresa sigue explorando nuevas formas expresivas, traduciendo su visi\u00f3n en experiencias inmersivas que acercan al p\u00fablico a la belleza y la armon\u00eda del mar. <\/p>\t\t\t\t\t\t\t\t<\/div>\n\t\t\t\t<\/div>\n\t\t\t\t\t<\/div>\n\t\t<\/div>\n\t\t\t\t\t<\/div>\n\t\t<\/section>\n\t\t\t\t<\/div>\n\t\t","protected":false},"excerpt":{"rendered":"<p>Besenzoni reafirma su liderazgo en el dise\u00f1o n\u00e1utico. Por segundo a\u00f1o consecutivo, la empresa de Sarnico especializada en componentes para yates particip\u00f3 en el FuoriSalone de Mil\u00e1n, reforzando a\u00fan m\u00e1s su presencia en uno de los eventos m\u00e1s prestigiosos del panorama internacional del dise\u00f1o. Para esta edici\u00f3n, Besenzoni present\u00f3 la impactante instalaci\u00f3n art\u00edstica Reflexiones sobre [&hellip;]<\/p>\n","protected":false},"author":45,"featured_media":145595,"comment_status":"open","ping_status":"open","sticky":false,"template":"","format":"standard","meta":{"_mo_disable_npp":"","footnotes":""},"categories":[2100,2132],"tags":[2805],"class_list":["post-145861","post","type-post","status-publish","format-standard","has-post-thumbnail","hentry","category-noticias-nauticas","category-accesorios-nauticos","tag-besenzoni-es"],"yoast_head":"<!-- This site is optimized with the Yoast SEO plugin v28.3 - https:\/\/yoast.com\/product\/yoast-seo-wordpress\/ -->\n<title>Besenzoni es el centro de atenci\u00f3n en FuoriSalone- Yachting News<\/title>\n<meta name=\"description\" content=\"Besenzoni reafirma su liderazgo en el dise\u00f1o n\u00e1utico. Por segundo a\u00f1o consecutivo, la empresa de Sarnico especializada en yates ...\" \/>\n<meta name=\"robots\" content=\"index, follow, max-snippet:-1, max-image-preview:large, max-video-preview:-1\" \/>\n<link rel=\"canonical\" href=\"https:\/\/www.yachtingnews.com\/es\/besenzoni-protagoniza-el-fuorisalone-con-reflexiones-sobre-el-mar\/\" \/>\n<meta property=\"og:locale\" content=\"es_ES\" \/>\n<meta property=\"og:type\" content=\"article\" \/>\n<meta property=\"og:title\" content=\"Besenzoni es el centro de atenci\u00f3n en FuoriSalone- Yachting News\" \/>\n<meta property=\"og:description\" content=\"Besenzoni reafirma su liderazgo en el dise\u00f1o n\u00e1utico. Por segundo a\u00f1o consecutivo, la empresa de Sarnico especializada en yates ...\" \/>\n<meta property=\"og:url\" content=\"https:\/\/www.yachtingnews.com\/es\/besenzoni-protagoniza-el-fuorisalone-con-reflexiones-sobre-el-mar\/\" \/>\n<meta property=\"og:site_name\" content=\"Yachting News\" \/>\n<meta property=\"article:publisher\" content=\"https:\/\/www.facebook.com\/TheInternationalYachtingMedia\" \/>\n<meta property=\"article:published_time\" content=\"2025-04-21T15:17:23+00:00\" \/>\n<meta property=\"article:modified_time\" content=\"2025-04-29T16:42:10+00:00\" \/>\n<meta property=\"og:image\" content=\"https:\/\/www.yachtingnews.com\/wp-content\/uploads\/2025\/04\/UTF-8besenzoni-fuorisalone-foto.jpg\" \/>\n\t<meta property=\"og:image:width\" content=\"1400\" \/>\n\t<meta property=\"og:image:height\" content=\"787\" \/>\n\t<meta property=\"og:image:type\" content=\"image\/jpeg\" \/>\n<meta name=\"author\" content=\"Alessandro Giuzio\" \/>\n<meta name=\"twitter:card\" content=\"summary_large_image\" \/>\n<meta name=\"twitter:creator\" content=\"@YachtingMedia\" \/>\n<meta name=\"twitter:site\" content=\"@YachtingMedia\" \/>\n<meta name=\"twitter:label1\" content=\"Escrito por\" \/>\n\t<meta name=\"twitter:data1\" content=\"Alessandro Giuzio\" \/>\n\t<meta name=\"twitter:label2\" content=\"Tiempo de lectura\" \/>\n\t<meta name=\"twitter:data2\" content=\"4 minutos\" \/>\n<script type=\"application\/ld+json\" class=\"yoast-schema-graph\">{\"@context\":\"https:\\\/\\\/schema.org\",\"@graph\":[{\"@type\":\"Article\",\"@id\":\"https:\\\/\\\/www.yachtingnews.com\\\/es\\\/besenzoni-protagoniza-el-fuorisalone-con-reflexiones-sobre-el-mar\\\/#article\",\"isPartOf\":{\"@id\":\"https:\\\/\\\/www.yachtingnews.com\\\/es\\\/besenzoni-protagoniza-el-fuorisalone-con-reflexiones-sobre-el-mar\\\/\"},\"author\":{\"name\":\"Alessandro Giuzio\",\"@id\":\"https:\\\/\\\/www.yachtingnews.com\\\/es\\\/#\\\/schema\\\/person\\\/d2e99eb1c7ce9e28a78d15e3d5d68eb3\"},\"headline\":\"Besenzoni protagoniza el FuoriSalone con \u00abReflexiones sobre el mar\",\"datePublished\":\"2025-04-21T15:17:23+00:00\",\"dateModified\":\"2025-04-29T16:42:10+00:00\",\"mainEntityOfPage\":{\"@id\":\"https:\\\/\\\/www.yachtingnews.com\\\/es\\\/besenzoni-protagoniza-el-fuorisalone-con-reflexiones-sobre-el-mar\\\/\"},\"wordCount\":741,\"commentCount\":0,\"publisher\":{\"@id\":\"https:\\\/\\\/www.yachtingnews.com\\\/es\\\/#organization\"},\"image\":{\"@id\":\"https:\\\/\\\/www.yachtingnews.com\\\/es\\\/besenzoni-protagoniza-el-fuorisalone-con-reflexiones-sobre-el-mar\\\/#primaryimage\"},\"thumbnailUrl\":\"https:\\\/\\\/www.yachtingnews.com\\\/wp-content\\\/uploads\\\/2025\\\/04\\\/UTF-8besenzoni-fuorisalone-foto.jpg\",\"keywords\":[\"Besenzoni\"],\"articleSection\":[\"Noticias\",\"Suministro de barcos\"],\"inLanguage\":\"es\",\"potentialAction\":[{\"@type\":\"CommentAction\",\"name\":\"Comment\",\"target\":[\"https:\\\/\\\/www.yachtingnews.com\\\/es\\\/besenzoni-protagoniza-el-fuorisalone-con-reflexiones-sobre-el-mar\\\/#respond\"]}]},{\"@type\":\"WebPage\",\"@id\":\"https:\\\/\\\/www.yachtingnews.com\\\/es\\\/besenzoni-protagoniza-el-fuorisalone-con-reflexiones-sobre-el-mar\\\/\",\"url\":\"https:\\\/\\\/www.yachtingnews.com\\\/es\\\/besenzoni-protagoniza-el-fuorisalone-con-reflexiones-sobre-el-mar\\\/\",\"name\":\"Besenzoni es el centro de atenci\u00f3n en FuoriSalone- Yachting News\",\"isPartOf\":{\"@id\":\"https:\\\/\\\/www.yachtingnews.com\\\/es\\\/#website\"},\"primaryImageOfPage\":{\"@id\":\"https:\\\/\\\/www.yachtingnews.com\\\/es\\\/besenzoni-protagoniza-el-fuorisalone-con-reflexiones-sobre-el-mar\\\/#primaryimage\"},\"image\":{\"@id\":\"https:\\\/\\\/www.yachtingnews.com\\\/es\\\/besenzoni-protagoniza-el-fuorisalone-con-reflexiones-sobre-el-mar\\\/#primaryimage\"},\"thumbnailUrl\":\"https:\\\/\\\/www.yachtingnews.com\\\/wp-content\\\/uploads\\\/2025\\\/04\\\/UTF-8besenzoni-fuorisalone-foto.jpg\",\"datePublished\":\"2025-04-21T15:17:23+00:00\",\"dateModified\":\"2025-04-29T16:42:10+00:00\",\"description\":\"Besenzoni reafirma su liderazgo en el dise\u00f1o n\u00e1utico. Por segundo a\u00f1o consecutivo, la empresa de Sarnico especializada en yates ...\",\"breadcrumb\":{\"@id\":\"https:\\\/\\\/www.yachtingnews.com\\\/es\\\/besenzoni-protagoniza-el-fuorisalone-con-reflexiones-sobre-el-mar\\\/#breadcrumb\"},\"inLanguage\":\"es\",\"potentialAction\":[{\"@type\":\"ReadAction\",\"target\":[\"https:\\\/\\\/www.yachtingnews.com\\\/es\\\/besenzoni-protagoniza-el-fuorisalone-con-reflexiones-sobre-el-mar\\\/\"]}]},{\"@type\":\"ImageObject\",\"inLanguage\":\"es\",\"@id\":\"https:\\\/\\\/www.yachtingnews.com\\\/es\\\/besenzoni-protagoniza-el-fuorisalone-con-reflexiones-sobre-el-mar\\\/#primaryimage\",\"url\":\"https:\\\/\\\/www.yachtingnews.com\\\/wp-content\\\/uploads\\\/2025\\\/04\\\/UTF-8besenzoni-fuorisalone-foto.jpg\",\"contentUrl\":\"https:\\\/\\\/www.yachtingnews.com\\\/wp-content\\\/uploads\\\/2025\\\/04\\\/UTF-8besenzoni-fuorisalone-foto.jpg\",\"width\":1400,\"height\":787,\"caption\":\"besenzoni-fuorisalone-2025\"},{\"@type\":\"BreadcrumbList\",\"@id\":\"https:\\\/\\\/www.yachtingnews.com\\\/es\\\/besenzoni-protagoniza-el-fuorisalone-con-reflexiones-sobre-el-mar\\\/#breadcrumb\",\"itemListElement\":[{\"@type\":\"ListItem\",\"position\":1,\"name\":\"Home\",\"item\":\"https:\\\/\\\/www.yachtingnews.com\\\/es\\\/yachting-news-2\\\/\"},{\"@type\":\"ListItem\",\"position\":2,\"name\":\"Besenzoni protagoniza el FuoriSalone con &#8220;Reflexiones sobre el mar\"}]},{\"@type\":\"WebSite\",\"@id\":\"https:\\\/\\\/www.yachtingnews.com\\\/es\\\/#website\",\"url\":\"https:\\\/\\\/www.yachtingnews.com\\\/es\\\/\",\"name\":\"Yachting News\",\"description\":\"The International Yachting Media\",\"publisher\":{\"@id\":\"https:\\\/\\\/www.yachtingnews.com\\\/es\\\/#organization\"},\"potentialAction\":[{\"@type\":\"SearchAction\",\"target\":{\"@type\":\"EntryPoint\",\"urlTemplate\":\"https:\\\/\\\/www.yachtingnews.com\\\/es\\\/?s={search_term_string}\"},\"query-input\":{\"@type\":\"PropertyValueSpecification\",\"valueRequired\":true,\"valueName\":\"search_term_string\"}}],\"inLanguage\":\"es\"},{\"@type\":\"Organization\",\"@id\":\"https:\\\/\\\/www.yachtingnews.com\\\/es\\\/#organization\",\"name\":\"Yachting News\",\"url\":\"https:\\\/\\\/www.yachtingnews.com\\\/es\\\/\",\"logo\":{\"@type\":\"ImageObject\",\"inLanguage\":\"es\",\"@id\":\"https:\\\/\\\/www.yachtingnews.com\\\/es\\\/#\\\/schema\\\/logo\\\/image\\\/\",\"url\":\"https:\\\/\\\/www.yachtingnews.com\\\/wp-content\\\/uploads\\\/2023\\\/02\\\/LOGO-Yachting-NEWS-blu-800.png\",\"contentUrl\":\"https:\\\/\\\/www.yachtingnews.com\\\/wp-content\\\/uploads\\\/2023\\\/02\\\/LOGO-Yachting-NEWS-blu-800.png\",\"width\":790,\"height\":99,\"caption\":\"Yachting News\"},\"image\":{\"@id\":\"https:\\\/\\\/www.yachtingnews.com\\\/es\\\/#\\\/schema\\\/logo\\\/image\\\/\"},\"sameAs\":[\"https:\\\/\\\/www.facebook.com\\\/TheInternationalYachtingMedia\",\"https:\\\/\\\/x.com\\\/YachtingMedia\",\"https:\\\/\\\/www.instagram.com\\\/yachting.news\\\/\",\"https:\\\/\\\/www.linkedin.com\\\/company\\\/the-international-yachting-media\",\"https:\\\/\\\/www.youtube.com\\\/c\\\/TheInternationalYachtingMedia\"]},{\"@type\":\"Person\",\"@id\":\"https:\\\/\\\/www.yachtingnews.com\\\/es\\\/#\\\/schema\\\/person\\\/d2e99eb1c7ce9e28a78d15e3d5d68eb3\",\"name\":\"Alessandro Giuzio\",\"image\":{\"@type\":\"ImageObject\",\"inLanguage\":\"es\",\"@id\":\"https:\\\/\\\/www.yachtingnews.com\\\/wp-content\\\/litespeed\\\/avatar\\\/a99e5f8da4fc551fb53eb9f1fec61fb4.jpg?ver=1787585046\",\"url\":\"https:\\\/\\\/www.yachtingnews.com\\\/wp-content\\\/litespeed\\\/avatar\\\/a99e5f8da4fc551fb53eb9f1fec61fb4.jpg?ver=1787585046\",\"contentUrl\":\"https:\\\/\\\/www.yachtingnews.com\\\/wp-content\\\/litespeed\\\/avatar\\\/a99e5f8da4fc551fb53eb9f1fec61fb4.jpg?ver=1787585046\",\"caption\":\"Alessandro Giuzio\"},\"description\":\"Alessandro is a professional journalist and contributes to The International Yachting Media since 2022. He is an expert on the sea and of course on boats.\",\"url\":\"https:\\\/\\\/www.yachtingnews.com\\\/es\\\/author\\\/alexgiuzio\\\/\"}]}<\/script>\n<!-- \/ Yoast SEO plugin. -->","yoast_head_json":{"title":"Besenzoni es el centro de atenci\u00f3n en FuoriSalone- Yachting News","description":"Besenzoni reafirma su liderazgo en el dise\u00f1o n\u00e1utico. Por segundo a\u00f1o consecutivo, la empresa de Sarnico especializada en yates ...","robots":{"index":"index","follow":"follow","max-snippet":"max-snippet:-1","max-image-preview":"max-image-preview:large","max-video-preview":"max-video-preview:-1"},"canonical":"https:\/\/www.yachtingnews.com\/es\/besenzoni-protagoniza-el-fuorisalone-con-reflexiones-sobre-el-mar\/","og_locale":"es_ES","og_type":"article","og_title":"Besenzoni es el centro de atenci\u00f3n en FuoriSalone- Yachting News","og_description":"Besenzoni reafirma su liderazgo en el dise\u00f1o n\u00e1utico. Por segundo a\u00f1o consecutivo, la empresa de Sarnico especializada en yates ...","og_url":"https:\/\/www.yachtingnews.com\/es\/besenzoni-protagoniza-el-fuorisalone-con-reflexiones-sobre-el-mar\/","og_site_name":"Yachting News","article_publisher":"https:\/\/www.facebook.com\/TheInternationalYachtingMedia","article_published_time":"2025-04-21T15:17:23+00:00","article_modified_time":"2025-04-29T16:42:10+00:00","og_image":[{"width":1400,"height":787,"url":"https:\/\/www.yachtingnews.com\/wp-content\/uploads\/2025\/04\/UTF-8besenzoni-fuorisalone-foto.jpg","type":"image\/jpeg"}],"author":"Alessandro Giuzio","twitter_card":"summary_large_image","twitter_creator":"@YachtingMedia","twitter_site":"@YachtingMedia","twitter_misc":{"Escrito por":"Alessandro Giuzio","Tiempo de lectura":"4 minutos"},"schema":{"@context":"https:\/\/schema.org","@graph":[{"@type":"Article","@id":"https:\/\/www.yachtingnews.com\/es\/besenzoni-protagoniza-el-fuorisalone-con-reflexiones-sobre-el-mar\/#article","isPartOf":{"@id":"https:\/\/www.yachtingnews.com\/es\/besenzoni-protagoniza-el-fuorisalone-con-reflexiones-sobre-el-mar\/"},"author":{"name":"Alessandro Giuzio","@id":"https:\/\/www.yachtingnews.com\/es\/#\/schema\/person\/d2e99eb1c7ce9e28a78d15e3d5d68eb3"},"headline":"Besenzoni protagoniza el FuoriSalone con \u00abReflexiones sobre el mar","datePublished":"2025-04-21T15:17:23+00:00","dateModified":"2025-04-29T16:42:10+00:00","mainEntityOfPage":{"@id":"https:\/\/www.yachtingnews.com\/es\/besenzoni-protagoniza-el-fuorisalone-con-reflexiones-sobre-el-mar\/"},"wordCount":741,"commentCount":0,"publisher":{"@id":"https:\/\/www.yachtingnews.com\/es\/#organization"},"image":{"@id":"https:\/\/www.yachtingnews.com\/es\/besenzoni-protagoniza-el-fuorisalone-con-reflexiones-sobre-el-mar\/#primaryimage"},"thumbnailUrl":"https:\/\/www.yachtingnews.com\/wp-content\/uploads\/2025\/04\/UTF-8besenzoni-fuorisalone-foto.jpg","keywords":["Besenzoni"],"articleSection":["Noticias","Suministro de barcos"],"inLanguage":"es","potentialAction":[{"@type":"CommentAction","name":"Comment","target":["https:\/\/www.yachtingnews.com\/es\/besenzoni-protagoniza-el-fuorisalone-con-reflexiones-sobre-el-mar\/#respond"]}]},{"@type":"WebPage","@id":"https:\/\/www.yachtingnews.com\/es\/besenzoni-protagoniza-el-fuorisalone-con-reflexiones-sobre-el-mar\/","url":"https:\/\/www.yachtingnews.com\/es\/besenzoni-protagoniza-el-fuorisalone-con-reflexiones-sobre-el-mar\/","name":"Besenzoni es el centro de atenci\u00f3n en FuoriSalone- Yachting News","isPartOf":{"@id":"https:\/\/www.yachtingnews.com\/es\/#website"},"primaryImageOfPage":{"@id":"https:\/\/www.yachtingnews.com\/es\/besenzoni-protagoniza-el-fuorisalone-con-reflexiones-sobre-el-mar\/#primaryimage"},"image":{"@id":"https:\/\/www.yachtingnews.com\/es\/besenzoni-protagoniza-el-fuorisalone-con-reflexiones-sobre-el-mar\/#primaryimage"},"thumbnailUrl":"https:\/\/www.yachtingnews.com\/wp-content\/uploads\/2025\/04\/UTF-8besenzoni-fuorisalone-foto.jpg","datePublished":"2025-04-21T15:17:23+00:00","dateModified":"2025-04-29T16:42:10+00:00","description":"Besenzoni reafirma su liderazgo en el dise\u00f1o n\u00e1utico. Por segundo a\u00f1o consecutivo, la empresa de Sarnico especializada en yates ...","breadcrumb":{"@id":"https:\/\/www.yachtingnews.com\/es\/besenzoni-protagoniza-el-fuorisalone-con-reflexiones-sobre-el-mar\/#breadcrumb"},"inLanguage":"es","potentialAction":[{"@type":"ReadAction","target":["https:\/\/www.yachtingnews.com\/es\/besenzoni-protagoniza-el-fuorisalone-con-reflexiones-sobre-el-mar\/"]}]},{"@type":"ImageObject","inLanguage":"es","@id":"https:\/\/www.yachtingnews.com\/es\/besenzoni-protagoniza-el-fuorisalone-con-reflexiones-sobre-el-mar\/#primaryimage","url":"https:\/\/www.yachtingnews.com\/wp-content\/uploads\/2025\/04\/UTF-8besenzoni-fuorisalone-foto.jpg","contentUrl":"https:\/\/www.yachtingnews.com\/wp-content\/uploads\/2025\/04\/UTF-8besenzoni-fuorisalone-foto.jpg","width":1400,"height":787,"caption":"besenzoni-fuorisalone-2025"},{"@type":"BreadcrumbList","@id":"https:\/\/www.yachtingnews.com\/es\/besenzoni-protagoniza-el-fuorisalone-con-reflexiones-sobre-el-mar\/#breadcrumb","itemListElement":[{"@type":"ListItem","position":1,"name":"Home","item":"https:\/\/www.yachtingnews.com\/es\/yachting-news-2\/"},{"@type":"ListItem","position":2,"name":"Besenzoni protagoniza el FuoriSalone con &#8220;Reflexiones sobre el mar"}]},{"@type":"WebSite","@id":"https:\/\/www.yachtingnews.com\/es\/#website","url":"https:\/\/www.yachtingnews.com\/es\/","name":"Yachting News","description":"The International Yachting Media","publisher":{"@id":"https:\/\/www.yachtingnews.com\/es\/#organization"},"potentialAction":[{"@type":"SearchAction","target":{"@type":"EntryPoint","urlTemplate":"https:\/\/www.yachtingnews.com\/es\/?s={search_term_string}"},"query-input":{"@type":"PropertyValueSpecification","valueRequired":true,"valueName":"search_term_string"}}],"inLanguage":"es"},{"@type":"Organization","@id":"https:\/\/www.yachtingnews.com\/es\/#organization","name":"Yachting News","url":"https:\/\/www.yachtingnews.com\/es\/","logo":{"@type":"ImageObject","inLanguage":"es","@id":"https:\/\/www.yachtingnews.com\/es\/#\/schema\/logo\/image\/","url":"https:\/\/www.yachtingnews.com\/wp-content\/uploads\/2023\/02\/LOGO-Yachting-NEWS-blu-800.png","contentUrl":"https:\/\/www.yachtingnews.com\/wp-content\/uploads\/2023\/02\/LOGO-Yachting-NEWS-blu-800.png","width":790,"height":99,"caption":"Yachting News"},"image":{"@id":"https:\/\/www.yachtingnews.com\/es\/#\/schema\/logo\/image\/"},"sameAs":["https:\/\/www.facebook.com\/TheInternationalYachtingMedia","https:\/\/x.com\/YachtingMedia","https:\/\/www.instagram.com\/yachting.news\/","https:\/\/www.linkedin.com\/company\/the-international-yachting-media","https:\/\/www.youtube.com\/c\/TheInternationalYachtingMedia"]},{"@type":"Person","@id":"https:\/\/www.yachtingnews.com\/es\/#\/schema\/person\/d2e99eb1c7ce9e28a78d15e3d5d68eb3","name":"Alessandro Giuzio","image":{"@type":"ImageObject","inLanguage":"es","@id":"https:\/\/www.yachtingnews.com\/wp-content\/litespeed\/avatar\/a99e5f8da4fc551fb53eb9f1fec61fb4.jpg?ver=1787585046","url":"https:\/\/www.yachtingnews.com\/wp-content\/litespeed\/avatar\/a99e5f8da4fc551fb53eb9f1fec61fb4.jpg?ver=1787585046","contentUrl":"https:\/\/www.yachtingnews.com\/wp-content\/litespeed\/avatar\/a99e5f8da4fc551fb53eb9f1fec61fb4.jpg?ver=1787585046","caption":"Alessandro Giuzio"},"description":"Alessandro is a professional journalist and contributes to The International Yachting Media since 2022. He is an expert on the sea and of course on boats.","url":"https:\/\/www.yachtingnews.com\/es\/author\/alexgiuzio\/"}]}},"_links":{"self":[{"href":"https:\/\/www.yachtingnews.com\/es\/wp-json\/wp\/v2\/posts\/145861","targetHints":{"allow":["GET"]}}],"collection":[{"href":"https:\/\/www.yachtingnews.com\/es\/wp-json\/wp\/v2\/posts"}],"about":[{"href":"https:\/\/www.yachtingnews.com\/es\/wp-json\/wp\/v2\/types\/post"}],"author":[{"embeddable":true,"href":"https:\/\/www.yachtingnews.com\/es\/wp-json\/wp\/v2\/users\/45"}],"replies":[{"embeddable":true,"href":"https:\/\/www.yachtingnews.com\/es\/wp-json\/wp\/v2\/comments?post=145861"}],"version-history":[{"count":0,"href":"https:\/\/www.yachtingnews.com\/es\/wp-json\/wp\/v2\/posts\/145861\/revisions"}],"wp:featuredmedia":[{"embeddable":true,"href":"https:\/\/www.yachtingnews.com\/es\/wp-json\/wp\/v2\/media\/145595"}],"wp:attachment":[{"href":"https:\/\/www.yachtingnews.com\/es\/wp-json\/wp\/v2\/media?parent=145861"}],"wp:term":[{"taxonomy":"category","embeddable":true,"href":"https:\/\/www.yachtingnews.com\/es\/wp-json\/wp\/v2\/categories?post=145861"},{"taxonomy":"post_tag","embeddable":true,"href":"https:\/\/www.yachtingnews.com\/es\/wp-json\/wp\/v2\/tags?post=145861"}],"curies":[{"name":"wp","href":"https:\/\/api.w.org\/{rel}","templated":true}]}}