{"id":145865,"date":"2025-04-21T20:45:30","date_gmt":"2025-04-21T19:45:30","guid":{"rendered":"https:\/\/yachtingnews.com\/vuelve-el-salon-nautico-de-cerdena-con-mas-de-200-embarcaciones-expuestas\/"},"modified":"2025-04-29T17:42:12","modified_gmt":"2025-04-29T16:42:12","slug":"vuelve-el-salon-nautico-de-cerdena-con-mas-de-200-embarcaciones-expuestas","status":"publish","type":"post","link":"https:\/\/www.yachtingnews.com\/es\/vuelve-el-salon-nautico-de-cerdena-con-mas-de-200-embarcaciones-expuestas\/","title":{"rendered":"Vuelve el Sal\u00f3n N\u00e1utico de Cerde\u00f1a con m\u00e1s de 200 embarcaciones expuestas"},"content":{"rendered":"\t\t<div data-elementor-type=\"wp-post\" data-elementor-id=\"145865\" class=\"elementor elementor-145865 elementor-145601\" data-elementor-post-type=\"post\">\n\t\t\t\t\t\t<section class=\"elementor-section elementor-top-section elementor-element elementor-element-742dd87d elementor-section-boxed elementor-section-height-default elementor-section-height-default\" data-id=\"742dd87d\" data-element_type=\"section\" data-e-type=\"section\">\n\t\t\t\t\t\t<div class=\"elementor-container elementor-column-gap-default\">\n\t\t\t\t\t<div class=\"elementor-column elementor-col-100 elementor-top-column elementor-element elementor-element-5206a6d6\" data-id=\"5206a6d6\" data-element_type=\"column\" data-e-type=\"column\">\n\t\t\t<div class=\"elementor-widget-wrap elementor-element-populated\">\n\t\t\t\t\t\t<div class=\"elementor-element elementor-element-cd69c6a elementor-widget elementor-widget-text-editor\" data-id=\"cd69c6a\" data-element_type=\"widget\" data-e-type=\"widget\" data-widget_type=\"text-editor.default\">\n\t\t\t\t<div class=\"elementor-widget-container\">\n\t\t\t\t\t\t\t\t\t<p align=\"CENTER\"><strong>El Sal\u00f3n N\u00e1utico de Cerde\u00f1a 2025 bate todos los r\u00e9cords<\/strong><\/p><p>Cerde\u00f1a es uno de los principales destinos n\u00e1uticos de Italia y Europa, por lo que es natural que la regi\u00f3n acoja un sal\u00f3n n\u00e1utico digno de su reputaci\u00f3n y sus cifras. El <b>Sal\u00f3n N\u00e1utico <\/b>de Cerde\u00f1a ha demostrado estar m\u00e1s que a la altura. Inaugurado en 2022 en Marina di Olbia, el evento caus\u00f3 sensaci\u00f3n de inmediato, con 85 stands y m\u00e1s de 100 embarcaciones expuestas. Al a\u00f1o siguiente, el sal\u00f3n se traslad\u00f3 a Marina di Porto Rotondo, donde volver\u00e1 en su cuarta edici\u00f3n <b>, del 30 de abril al 4 de mayo de 2025<\/b>.   <\/p><p><img decoding=\"async\" class=\"aligncenter wp-image-145622 size-full\" title=\"sal\u00f3n n\u00e1utico de cerde\u00f1a barcos expuestos\" src=\"https:\/\/yachtingnews.com\/wp-content\/uploads\/2025\/04\/UTF-8fiera-nautica-di-sardegna-SAT_9285.jpg\" alt=\"sal\u00f3n n\u00e1utico de cerde\u00f1a barcos expuestos\" width=\"1400\" height=\"816\" srcset=\"https:\/\/www.yachtingnews.com\/wp-content\/uploads\/2025\/04\/UTF-8fiera-nautica-di-sardegna-SAT_9285.jpg 1400w, https:\/\/www.yachtingnews.com\/wp-content\/uploads\/2025\/04\/UTF-8fiera-nautica-di-sardegna-SAT_9285-300x175.jpg 300w, https:\/\/www.yachtingnews.com\/wp-content\/uploads\/2025\/04\/UTF-8fiera-nautica-di-sardegna-SAT_9285-768x448.jpg 768w\" sizes=\"(max-width: 1400px) 100vw, 1400px\" \/><\/p><h2 class=\"western\">Qu\u00e9 esperar del Sal\u00f3n N\u00e1utico de Cerde\u00f1a 2025<\/h2><p>El formato del Sal\u00f3n N\u00e1utico de Cerde\u00f1a ya est\u00e1 bien establecido y se articula en torno a tres pilares fundamentales: la promoci\u00f3n del sector n\u00e1utico de la regi\u00f3n, ofreciendo a las empresas locales una valiosa exposici\u00f3n en un entorno que atrae a visitantes nacionales e internacionales; la exhibici\u00f3n del atractivo tur\u00edstico de Cerde\u00f1a; y la celebraci\u00f3n de una serie de charlas tem\u00e1ticas en las que participan profesionales, empresas y representantes institucionales sobre temas generales y espec\u00edficos del sector de la n\u00e1utica de recreo y el turismo.<\/p><p><img decoding=\"async\" class=\"aligncenter wp-image-145607 size-full\" title=\"exposici\u00f3n\" src=\"https:\/\/yachtingnews.com\/wp-content\/uploads\/2025\/04\/UTF-8fiera-nautica-di-sardegna-P1017546.jpg\" alt=\"exposici\u00f3n\" width=\"2000\" height=\"1501\" srcset=\"https:\/\/www.yachtingnews.com\/wp-content\/uploads\/2025\/04\/UTF-8fiera-nautica-di-sardegna-P1017546.jpg 2000w, https:\/\/www.yachtingnews.com\/wp-content\/uploads\/2025\/04\/UTF-8fiera-nautica-di-sardegna-P1017546-300x225.jpg 300w, https:\/\/www.yachtingnews.com\/wp-content\/uploads\/2025\/04\/UTF-8fiera-nautica-di-sardegna-P1017546-1600x1200.jpg 1600w, https:\/\/www.yachtingnews.com\/wp-content\/uploads\/2025\/04\/UTF-8fiera-nautica-di-sardegna-P1017546-768x576.jpg 768w, https:\/\/www.yachtingnews.com\/wp-content\/uploads\/2025\/04\/UTF-8fiera-nautica-di-sardegna-P1017546-1536x1153.jpg 1536w\" sizes=\"(max-width: 2000px) 100vw, 2000px\" \/><\/p><p>La cuarta edici\u00f3n contar\u00e1 con la impresionante cifra <b>de 160 expositores y m\u00e1s de 200 embarcaciones expuestas.<\/b> Los organizadores esperan superar el r\u00e9cord de 18.000 asistentes alcanzado en a\u00f1os anteriores. Pero m\u00e1s all\u00e1 de las cifras, el sal\u00f3n es una verdadera oportunidad de negocio: el a\u00f1o pasado se registraron m\u00faltiples ventas de embarcaciones y semanas de alquiler a clientes y propietarios tanto de pa\u00edses de la UE como de fuera de ella. <\/p><p>En cuanto al programa, la edici\u00f3n 2025 del Sal\u00f3n N\u00e1utico de Cerde\u00f1a acoger\u00e1 no menos de nueve charlas tem\u00e1ticas, que abarcar\u00e1n una amplia gama de temas, desde las tendencias econ\u00f3micas y financieras del sector hasta la formaci\u00f3n, el an\u00e1lisis de los datos del turismo n\u00e1utico y las tecnolog\u00edas verdes, lo que confirma que se trata de una cita ineludible para cualquier persona del sector.<\/p><p><a href=\"https:\/\/www.fieranauticadisardegna.it\/en\/\">ENLACE A LA P\u00c1GINA WEB DEL EVENTO<\/a><\/p><h3 class=\"western\">Aquila en el Sal\u00f3n N\u00e1utico de Cerde\u00f1a con FC-Yacht<\/h3><p>Entre los expositores que participan en el Sal\u00f3n N\u00e1utico de Cerde\u00f1a se encuentra<b> FC-Yacht<\/b>, distribuidor exclusivo de <a href=\"https:\/\/yachtingnews.com\/?s=aquila&amp;lang=en\">Aquila Power Catamarans <\/a>en Italia. Punto de referencia de confianza para los propietarios de embarcaciones de toda la regi\u00f3n, el concesionario exhibir\u00e1 dos modelos exclusivos de catamar\u00e1n a motor: el <b>Aquila 42 Yacht,<\/b> propulsado por un par de motores turbodi\u00e9sel Volvo Penta D4 de 320 CV, y el <b>Aquila 36 Sport,<\/b> equipado con dos fuerabordas Mercury de 300 CV. Ambos catamaranes tambi\u00e9n est\u00e1n disponibles para alquiler en Cerde\u00f1a y Grecia a trav\u00e9s de FC-Yacht, con atractivas opciones de compra para quienes deseen convertirse en propietarios.  <\/p><p><img decoding=\"async\" class=\"aligncenter wp-image-145602 size-full\" title=\"catamaranes aquila power\" src=\"https:\/\/yachtingnews.com\/wp-content\/uploads\/2025\/04\/UTF-8DJI_0246.jpg\" alt=\"catamaranes aquila power\" width=\"1200\" height=\"899\" srcset=\"https:\/\/www.yachtingnews.com\/wp-content\/uploads\/2025\/04\/UTF-8DJI_0246.jpg 1200w, https:\/\/www.yachtingnews.com\/wp-content\/uploads\/2025\/04\/UTF-8DJI_0246-300x225.jpg 300w, https:\/\/www.yachtingnews.com\/wp-content\/uploads\/2025\/04\/UTF-8DJI_0246-768x575.jpg 768w\" sizes=\"(max-width: 1200px) 100vw, 1200px\" \/><\/p><p>Con una eslora total de 12,64 metros y una manga de 6,40 metros, el Aquila 42 ofrece una habitabilidad excepcional gracias a sus cuatro espaciosos camarotes. Alcanza una velocidad m\u00e1xima de 22 nudos y navega c\u00f3modamente a 18 nudos. El Aquila 36 Sport, con 10,96 metros de eslora y 4,45 metros de manga, ofrece seis literas: cuatro en los dos camarotes y dos en la dinette.  <\/p><p><img decoding=\"async\" class=\"aligncenter wp-image-145617 size-full\" title=\"aquila power catamarans sal\u00f3n n\u00e1utico de cerde\u00f1a 2025\" src=\"https:\/\/yachtingnews.com\/wp-content\/uploads\/2025\/04\/UTF-857203086-Credits-Onne-Van-der-Wal.jpg\" alt=\"aquila power catamarans sal\u00f3n n\u00e1utico de cerde\u00f1a 2025\" width=\"1200\" height=\"698\" srcset=\"https:\/\/www.yachtingnews.com\/wp-content\/uploads\/2025\/04\/UTF-857203086-Credits-Onne-Van-der-Wal.jpg 1200w, https:\/\/www.yachtingnews.com\/wp-content\/uploads\/2025\/04\/UTF-857203086-Credits-Onne-Van-der-Wal-300x175.jpg 300w, https:\/\/www.yachtingnews.com\/wp-content\/uploads\/2025\/04\/UTF-857203086-Credits-Onne-Van-der-Wal-768x447.jpg 768w\" sizes=\"(max-width: 1200px) 100vw, 1200px\" \/><\/p>\t\t\t\t\t\t\t\t<\/div>\n\t\t\t\t<\/div>\n\t\t\t\t\t<\/div>\n\t\t<\/div>\n\t\t\t\t\t<\/div>\n\t\t<\/section>\n\t\t\t\t<\/div>\n\t\t","protected":false},"excerpt":{"rendered":"<p>El Sal\u00f3n N\u00e1utico de Cerde\u00f1a 2025 bate todos los r\u00e9cords Cerde\u00f1a es uno de los principales destinos n\u00e1uticos de Italia y Europa, por lo que es natural que la regi\u00f3n acoja un sal\u00f3n n\u00e1utico digno de su reputaci\u00f3n y sus cifras. El Sal\u00f3n N\u00e1utico de Cerde\u00f1a ha demostrado estar m\u00e1s que a la altura. Inaugurado [&hellip;]<\/p>\n","protected":false},"author":45,"featured_media":145616,"comment_status":"open","ping_status":"open","sticky":false,"template":"","format":"standard","meta":{"_mo_disable_npp":"","footnotes":""},"categories":[2117,2100],"tags":[3501,4021],"class_list":["post-145865","post","type-post","status-publish","format-standard","has-post-thumbnail","hentry","category-boat-shows","category-noticias-nauticas","tag-catamaranes-aquila-power","tag-salon-nautico-de-cerdena"],"yoast_head":"<!-- This site is optimized with the Yoast SEO plugin v28.3 - https:\/\/yoast.com\/product\/yoast-seo-wordpress\/ -->\n<title>Vuelve el Sal\u00f3n N\u00e1utico de Cerde\u00f1a con m\u00e1s de 200 embarcaciones expuestas - Yachting News<\/title>\n<meta name=\"description\" content=\"El formato del Sal\u00f3n N\u00e1utico de Cerde\u00f1a ya est\u00e1 bien establecido y se articula en torno a tres pilares fundamentales: la promoci\u00f3n de la industria n\u00e1utica de la regi\u00f3n...\" \/>\n<meta name=\"robots\" content=\"index, follow, max-snippet:-1, max-image-preview:large, max-video-preview:-1\" \/>\n<link rel=\"canonical\" href=\"https:\/\/www.yachtingnews.com\/es\/vuelve-el-salon-nautico-de-cerdena-con-mas-de-200-embarcaciones-expuestas\/\" \/>\n<meta property=\"og:locale\" content=\"es_ES\" \/>\n<meta property=\"og:type\" content=\"article\" \/>\n<meta property=\"og:title\" content=\"Vuelve el Sal\u00f3n N\u00e1utico de Cerde\u00f1a con m\u00e1s de 200 embarcaciones expuestas - Yachting News\" \/>\n<meta property=\"og:description\" content=\"El formato del Sal\u00f3n N\u00e1utico de Cerde\u00f1a ya est\u00e1 bien establecido y se articula en torno a tres pilares fundamentales: la promoci\u00f3n de la industria n\u00e1utica de la regi\u00f3n...\" \/>\n<meta property=\"og:url\" content=\"https:\/\/www.yachtingnews.com\/es\/vuelve-el-salon-nautico-de-cerdena-con-mas-de-200-embarcaciones-expuestas\/\" \/>\n<meta property=\"og:site_name\" content=\"Yachting News\" \/>\n<meta property=\"article:publisher\" content=\"https:\/\/www.facebook.com\/TheInternationalYachtingMedia\" \/>\n<meta property=\"article:published_time\" content=\"2025-04-21T19:45:30+00:00\" \/>\n<meta property=\"article:modified_time\" content=\"2025-04-29T16:42:12+00:00\" \/>\n<meta property=\"og:image\" content=\"https:\/\/www.yachtingnews.com\/wp-content\/uploads\/2025\/04\/UTF-8fiera-nautica-di-sardegna-foto.jpg\" \/>\n\t<meta property=\"og:image:width\" content=\"1400\" \/>\n\t<meta property=\"og:image:height\" content=\"787\" \/>\n\t<meta property=\"og:image:type\" content=\"image\/jpeg\" \/>\n<meta name=\"author\" content=\"Alessandro Giuzio\" \/>\n<meta name=\"twitter:card\" content=\"summary_large_image\" \/>\n<meta name=\"twitter:creator\" content=\"@YachtingMedia\" \/>\n<meta name=\"twitter:site\" content=\"@YachtingMedia\" \/>\n<meta name=\"twitter:label1\" content=\"Escrito por\" \/>\n\t<meta name=\"twitter:data1\" content=\"Alessandro Giuzio\" \/>\n\t<meta name=\"twitter:label2\" content=\"Tiempo de lectura\" \/>\n\t<meta name=\"twitter:data2\" content=\"3 minutos\" \/>\n<script type=\"application\/ld+json\" class=\"yoast-schema-graph\">{\"@context\":\"https:\\\/\\\/schema.org\",\"@graph\":[{\"@type\":\"Article\",\"@id\":\"https:\\\/\\\/www.yachtingnews.com\\\/es\\\/vuelve-el-salon-nautico-de-cerdena-con-mas-de-200-embarcaciones-expuestas\\\/#article\",\"isPartOf\":{\"@id\":\"https:\\\/\\\/www.yachtingnews.com\\\/es\\\/vuelve-el-salon-nautico-de-cerdena-con-mas-de-200-embarcaciones-expuestas\\\/\"},\"author\":{\"name\":\"Alessandro Giuzio\",\"@id\":\"https:\\\/\\\/www.yachtingnews.com\\\/es\\\/#\\\/schema\\\/person\\\/d2e99eb1c7ce9e28a78d15e3d5d68eb3\"},\"headline\":\"Vuelve el Sal\u00f3n N\u00e1utico de Cerde\u00f1a con m\u00e1s de 200 embarcaciones expuestas\",\"datePublished\":\"2025-04-21T19:45:30+00:00\",\"dateModified\":\"2025-04-29T16:42:12+00:00\",\"mainEntityOfPage\":{\"@id\":\"https:\\\/\\\/www.yachtingnews.com\\\/es\\\/vuelve-el-salon-nautico-de-cerdena-con-mas-de-200-embarcaciones-expuestas\\\/\"},\"wordCount\":581,\"commentCount\":0,\"publisher\":{\"@id\":\"https:\\\/\\\/www.yachtingnews.com\\\/es\\\/#organization\"},\"image\":{\"@id\":\"https:\\\/\\\/www.yachtingnews.com\\\/es\\\/vuelve-el-salon-nautico-de-cerdena-con-mas-de-200-embarcaciones-expuestas\\\/#primaryimage\"},\"thumbnailUrl\":\"https:\\\/\\\/www.yachtingnews.com\\\/wp-content\\\/uploads\\\/2025\\\/04\\\/UTF-8fiera-nautica-di-sardegna-foto.jpg\",\"keywords\":[\"Aquila Power Catamarans\",\"Sal\u00f3n N\u00e1utico de Cerde\u00f1a\"],\"articleSection\":[\"BOAT SHOWS\",\"Noticias\"],\"inLanguage\":\"es\",\"potentialAction\":[{\"@type\":\"CommentAction\",\"name\":\"Comment\",\"target\":[\"https:\\\/\\\/www.yachtingnews.com\\\/es\\\/vuelve-el-salon-nautico-de-cerdena-con-mas-de-200-embarcaciones-expuestas\\\/#respond\"]}]},{\"@type\":\"WebPage\",\"@id\":\"https:\\\/\\\/www.yachtingnews.com\\\/es\\\/vuelve-el-salon-nautico-de-cerdena-con-mas-de-200-embarcaciones-expuestas\\\/\",\"url\":\"https:\\\/\\\/www.yachtingnews.com\\\/es\\\/vuelve-el-salon-nautico-de-cerdena-con-mas-de-200-embarcaciones-expuestas\\\/\",\"name\":\"Vuelve el Sal\u00f3n N\u00e1utico de Cerde\u00f1a con m\u00e1s de 200 embarcaciones expuestas - Yachting News\",\"isPartOf\":{\"@id\":\"https:\\\/\\\/www.yachtingnews.com\\\/es\\\/#website\"},\"primaryImageOfPage\":{\"@id\":\"https:\\\/\\\/www.yachtingnews.com\\\/es\\\/vuelve-el-salon-nautico-de-cerdena-con-mas-de-200-embarcaciones-expuestas\\\/#primaryimage\"},\"image\":{\"@id\":\"https:\\\/\\\/www.yachtingnews.com\\\/es\\\/vuelve-el-salon-nautico-de-cerdena-con-mas-de-200-embarcaciones-expuestas\\\/#primaryimage\"},\"thumbnailUrl\":\"https:\\\/\\\/www.yachtingnews.com\\\/wp-content\\\/uploads\\\/2025\\\/04\\\/UTF-8fiera-nautica-di-sardegna-foto.jpg\",\"datePublished\":\"2025-04-21T19:45:30+00:00\",\"dateModified\":\"2025-04-29T16:42:12+00:00\",\"description\":\"El formato del Sal\u00f3n N\u00e1utico de Cerde\u00f1a ya est\u00e1 bien establecido y se articula en torno a tres pilares fundamentales: la promoci\u00f3n de la industria n\u00e1utica de la regi\u00f3n...\",\"breadcrumb\":{\"@id\":\"https:\\\/\\\/www.yachtingnews.com\\\/es\\\/vuelve-el-salon-nautico-de-cerdena-con-mas-de-200-embarcaciones-expuestas\\\/#breadcrumb\"},\"inLanguage\":\"es\",\"potentialAction\":[{\"@type\":\"ReadAction\",\"target\":[\"https:\\\/\\\/www.yachtingnews.com\\\/es\\\/vuelve-el-salon-nautico-de-cerdena-con-mas-de-200-embarcaciones-expuestas\\\/\"]}]},{\"@type\":\"ImageObject\",\"inLanguage\":\"es\",\"@id\":\"https:\\\/\\\/www.yachtingnews.com\\\/es\\\/vuelve-el-salon-nautico-de-cerdena-con-mas-de-200-embarcaciones-expuestas\\\/#primaryimage\",\"url\":\"https:\\\/\\\/www.yachtingnews.com\\\/wp-content\\\/uploads\\\/2025\\\/04\\\/UTF-8fiera-nautica-di-sardegna-foto.jpg\",\"contentUrl\":\"https:\\\/\\\/www.yachtingnews.com\\\/wp-content\\\/uploads\\\/2025\\\/04\\\/UTF-8fiera-nautica-di-sardegna-foto.jpg\",\"width\":1400,\"height\":787,\"caption\":\"foto del sal\u00f3n n\u00e1utico de cerde\u00f1a\"},{\"@type\":\"BreadcrumbList\",\"@id\":\"https:\\\/\\\/www.yachtingnews.com\\\/es\\\/vuelve-el-salon-nautico-de-cerdena-con-mas-de-200-embarcaciones-expuestas\\\/#breadcrumb\",\"itemListElement\":[{\"@type\":\"ListItem\",\"position\":1,\"name\":\"Home\",\"item\":\"https:\\\/\\\/www.yachtingnews.com\\\/es\\\/yachting-news-2\\\/\"},{\"@type\":\"ListItem\",\"position\":2,\"name\":\"Vuelve el Sal\u00f3n N\u00e1utico de Cerde\u00f1a con m\u00e1s de 200 embarcaciones expuestas\"}]},{\"@type\":\"WebSite\",\"@id\":\"https:\\\/\\\/www.yachtingnews.com\\\/es\\\/#website\",\"url\":\"https:\\\/\\\/www.yachtingnews.com\\\/es\\\/\",\"name\":\"Yachting News\",\"description\":\"The International Yachting Media\",\"publisher\":{\"@id\":\"https:\\\/\\\/www.yachtingnews.com\\\/es\\\/#organization\"},\"potentialAction\":[{\"@type\":\"SearchAction\",\"target\":{\"@type\":\"EntryPoint\",\"urlTemplate\":\"https:\\\/\\\/www.yachtingnews.com\\\/es\\\/?s={search_term_string}\"},\"query-input\":{\"@type\":\"PropertyValueSpecification\",\"valueRequired\":true,\"valueName\":\"search_term_string\"}}],\"inLanguage\":\"es\"},{\"@type\":\"Organization\",\"@id\":\"https:\\\/\\\/www.yachtingnews.com\\\/es\\\/#organization\",\"name\":\"Yachting News\",\"url\":\"https:\\\/\\\/www.yachtingnews.com\\\/es\\\/\",\"logo\":{\"@type\":\"ImageObject\",\"inLanguage\":\"es\",\"@id\":\"https:\\\/\\\/www.yachtingnews.com\\\/es\\\/#\\\/schema\\\/logo\\\/image\\\/\",\"url\":\"https:\\\/\\\/www.yachtingnews.com\\\/wp-content\\\/uploads\\\/2023\\\/02\\\/LOGO-Yachting-NEWS-blu-800.png\",\"contentUrl\":\"https:\\\/\\\/www.yachtingnews.com\\\/wp-content\\\/uploads\\\/2023\\\/02\\\/LOGO-Yachting-NEWS-blu-800.png\",\"width\":790,\"height\":99,\"caption\":\"Yachting News\"},\"image\":{\"@id\":\"https:\\\/\\\/www.yachtingnews.com\\\/es\\\/#\\\/schema\\\/logo\\\/image\\\/\"},\"sameAs\":[\"https:\\\/\\\/www.facebook.com\\\/TheInternationalYachtingMedia\",\"https:\\\/\\\/x.com\\\/YachtingMedia\",\"https:\\\/\\\/www.instagram.com\\\/yachting.news\\\/\",\"https:\\\/\\\/www.linkedin.com\\\/company\\\/the-international-yachting-media\",\"https:\\\/\\\/www.youtube.com\\\/c\\\/TheInternationalYachtingMedia\"]},{\"@type\":\"Person\",\"@id\":\"https:\\\/\\\/www.yachtingnews.com\\\/es\\\/#\\\/schema\\\/person\\\/d2e99eb1c7ce9e28a78d15e3d5d68eb3\",\"name\":\"Alessandro Giuzio\",\"image\":{\"@type\":\"ImageObject\",\"inLanguage\":\"es\",\"@id\":\"https:\\\/\\\/www.yachtingnews.com\\\/wp-content\\\/litespeed\\\/avatar\\\/a99e5f8da4fc551fb53eb9f1fec61fb4.jpg?ver=1788189881\",\"url\":\"https:\\\/\\\/www.yachtingnews.com\\\/wp-content\\\/litespeed\\\/avatar\\\/a99e5f8da4fc551fb53eb9f1fec61fb4.jpg?ver=1788189881\",\"contentUrl\":\"https:\\\/\\\/www.yachtingnews.com\\\/wp-content\\\/litespeed\\\/avatar\\\/a99e5f8da4fc551fb53eb9f1fec61fb4.jpg?ver=1788189881\",\"caption\":\"Alessandro Giuzio\"},\"description\":\"Alessandro is a professional journalist and contributes to The International Yachting Media since 2022. He is an expert on the sea and of course on boats.\",\"url\":\"https:\\\/\\\/www.yachtingnews.com\\\/es\\\/author\\\/alexgiuzio\\\/\"}]}<\/script>\n<!-- \/ Yoast SEO plugin. -->","yoast_head_json":{"title":"Vuelve el Sal\u00f3n N\u00e1utico de Cerde\u00f1a con m\u00e1s de 200 embarcaciones expuestas - Yachting News","description":"El formato del Sal\u00f3n N\u00e1utico de Cerde\u00f1a ya est\u00e1 bien establecido y se articula en torno a tres pilares fundamentales: la promoci\u00f3n de la industria n\u00e1utica de la regi\u00f3n...","robots":{"index":"index","follow":"follow","max-snippet":"max-snippet:-1","max-image-preview":"max-image-preview:large","max-video-preview":"max-video-preview:-1"},"canonical":"https:\/\/www.yachtingnews.com\/es\/vuelve-el-salon-nautico-de-cerdena-con-mas-de-200-embarcaciones-expuestas\/","og_locale":"es_ES","og_type":"article","og_title":"Vuelve el Sal\u00f3n N\u00e1utico de Cerde\u00f1a con m\u00e1s de 200 embarcaciones expuestas - Yachting News","og_description":"El formato del Sal\u00f3n N\u00e1utico de Cerde\u00f1a ya est\u00e1 bien establecido y se articula en torno a tres pilares fundamentales: la promoci\u00f3n de la industria n\u00e1utica de la regi\u00f3n...","og_url":"https:\/\/www.yachtingnews.com\/es\/vuelve-el-salon-nautico-de-cerdena-con-mas-de-200-embarcaciones-expuestas\/","og_site_name":"Yachting News","article_publisher":"https:\/\/www.facebook.com\/TheInternationalYachtingMedia","article_published_time":"2025-04-21T19:45:30+00:00","article_modified_time":"2025-04-29T16:42:12+00:00","og_image":[{"width":1400,"height":787,"url":"https:\/\/www.yachtingnews.com\/wp-content\/uploads\/2025\/04\/UTF-8fiera-nautica-di-sardegna-foto.jpg","type":"image\/jpeg"}],"author":"Alessandro Giuzio","twitter_card":"summary_large_image","twitter_creator":"@YachtingMedia","twitter_site":"@YachtingMedia","twitter_misc":{"Escrito por":"Alessandro Giuzio","Tiempo de lectura":"3 minutos"},"schema":{"@context":"https:\/\/schema.org","@graph":[{"@type":"Article","@id":"https:\/\/www.yachtingnews.com\/es\/vuelve-el-salon-nautico-de-cerdena-con-mas-de-200-embarcaciones-expuestas\/#article","isPartOf":{"@id":"https:\/\/www.yachtingnews.com\/es\/vuelve-el-salon-nautico-de-cerdena-con-mas-de-200-embarcaciones-expuestas\/"},"author":{"name":"Alessandro Giuzio","@id":"https:\/\/www.yachtingnews.com\/es\/#\/schema\/person\/d2e99eb1c7ce9e28a78d15e3d5d68eb3"},"headline":"Vuelve el Sal\u00f3n N\u00e1utico de Cerde\u00f1a con m\u00e1s de 200 embarcaciones expuestas","datePublished":"2025-04-21T19:45:30+00:00","dateModified":"2025-04-29T16:42:12+00:00","mainEntityOfPage":{"@id":"https:\/\/www.yachtingnews.com\/es\/vuelve-el-salon-nautico-de-cerdena-con-mas-de-200-embarcaciones-expuestas\/"},"wordCount":581,"commentCount":0,"publisher":{"@id":"https:\/\/www.yachtingnews.com\/es\/#organization"},"image":{"@id":"https:\/\/www.yachtingnews.com\/es\/vuelve-el-salon-nautico-de-cerdena-con-mas-de-200-embarcaciones-expuestas\/#primaryimage"},"thumbnailUrl":"https:\/\/www.yachtingnews.com\/wp-content\/uploads\/2025\/04\/UTF-8fiera-nautica-di-sardegna-foto.jpg","keywords":["Aquila Power Catamarans","Sal\u00f3n N\u00e1utico de Cerde\u00f1a"],"articleSection":["BOAT SHOWS","Noticias"],"inLanguage":"es","potentialAction":[{"@type":"CommentAction","name":"Comment","target":["https:\/\/www.yachtingnews.com\/es\/vuelve-el-salon-nautico-de-cerdena-con-mas-de-200-embarcaciones-expuestas\/#respond"]}]},{"@type":"WebPage","@id":"https:\/\/www.yachtingnews.com\/es\/vuelve-el-salon-nautico-de-cerdena-con-mas-de-200-embarcaciones-expuestas\/","url":"https:\/\/www.yachtingnews.com\/es\/vuelve-el-salon-nautico-de-cerdena-con-mas-de-200-embarcaciones-expuestas\/","name":"Vuelve el Sal\u00f3n N\u00e1utico de Cerde\u00f1a con m\u00e1s de 200 embarcaciones expuestas - Yachting News","isPartOf":{"@id":"https:\/\/www.yachtingnews.com\/es\/#website"},"primaryImageOfPage":{"@id":"https:\/\/www.yachtingnews.com\/es\/vuelve-el-salon-nautico-de-cerdena-con-mas-de-200-embarcaciones-expuestas\/#primaryimage"},"image":{"@id":"https:\/\/www.yachtingnews.com\/es\/vuelve-el-salon-nautico-de-cerdena-con-mas-de-200-embarcaciones-expuestas\/#primaryimage"},"thumbnailUrl":"https:\/\/www.yachtingnews.com\/wp-content\/uploads\/2025\/04\/UTF-8fiera-nautica-di-sardegna-foto.jpg","datePublished":"2025-04-21T19:45:30+00:00","dateModified":"2025-04-29T16:42:12+00:00","description":"El formato del Sal\u00f3n N\u00e1utico de Cerde\u00f1a ya est\u00e1 bien establecido y se articula en torno a tres pilares fundamentales: la promoci\u00f3n de la industria n\u00e1utica de la regi\u00f3n...","breadcrumb":{"@id":"https:\/\/www.yachtingnews.com\/es\/vuelve-el-salon-nautico-de-cerdena-con-mas-de-200-embarcaciones-expuestas\/#breadcrumb"},"inLanguage":"es","potentialAction":[{"@type":"ReadAction","target":["https:\/\/www.yachtingnews.com\/es\/vuelve-el-salon-nautico-de-cerdena-con-mas-de-200-embarcaciones-expuestas\/"]}]},{"@type":"ImageObject","inLanguage":"es","@id":"https:\/\/www.yachtingnews.com\/es\/vuelve-el-salon-nautico-de-cerdena-con-mas-de-200-embarcaciones-expuestas\/#primaryimage","url":"https:\/\/www.yachtingnews.com\/wp-content\/uploads\/2025\/04\/UTF-8fiera-nautica-di-sardegna-foto.jpg","contentUrl":"https:\/\/www.yachtingnews.com\/wp-content\/uploads\/2025\/04\/UTF-8fiera-nautica-di-sardegna-foto.jpg","width":1400,"height":787,"caption":"foto del sal\u00f3n n\u00e1utico de cerde\u00f1a"},{"@type":"BreadcrumbList","@id":"https:\/\/www.yachtingnews.com\/es\/vuelve-el-salon-nautico-de-cerdena-con-mas-de-200-embarcaciones-expuestas\/#breadcrumb","itemListElement":[{"@type":"ListItem","position":1,"name":"Home","item":"https:\/\/www.yachtingnews.com\/es\/yachting-news-2\/"},{"@type":"ListItem","position":2,"name":"Vuelve el Sal\u00f3n N\u00e1utico de Cerde\u00f1a con m\u00e1s de 200 embarcaciones expuestas"}]},{"@type":"WebSite","@id":"https:\/\/www.yachtingnews.com\/es\/#website","url":"https:\/\/www.yachtingnews.com\/es\/","name":"Yachting News","description":"The International Yachting Media","publisher":{"@id":"https:\/\/www.yachtingnews.com\/es\/#organization"},"potentialAction":[{"@type":"SearchAction","target":{"@type":"EntryPoint","urlTemplate":"https:\/\/www.yachtingnews.com\/es\/?s={search_term_string}"},"query-input":{"@type":"PropertyValueSpecification","valueRequired":true,"valueName":"search_term_string"}}],"inLanguage":"es"},{"@type":"Organization","@id":"https:\/\/www.yachtingnews.com\/es\/#organization","name":"Yachting News","url":"https:\/\/www.yachtingnews.com\/es\/","logo":{"@type":"ImageObject","inLanguage":"es","@id":"https:\/\/www.yachtingnews.com\/es\/#\/schema\/logo\/image\/","url":"https:\/\/www.yachtingnews.com\/wp-content\/uploads\/2023\/02\/LOGO-Yachting-NEWS-blu-800.png","contentUrl":"https:\/\/www.yachtingnews.com\/wp-content\/uploads\/2023\/02\/LOGO-Yachting-NEWS-blu-800.png","width":790,"height":99,"caption":"Yachting News"},"image":{"@id":"https:\/\/www.yachtingnews.com\/es\/#\/schema\/logo\/image\/"},"sameAs":["https:\/\/www.facebook.com\/TheInternationalYachtingMedia","https:\/\/x.com\/YachtingMedia","https:\/\/www.instagram.com\/yachting.news\/","https:\/\/www.linkedin.com\/company\/the-international-yachting-media","https:\/\/www.youtube.com\/c\/TheInternationalYachtingMedia"]},{"@type":"Person","@id":"https:\/\/www.yachtingnews.com\/es\/#\/schema\/person\/d2e99eb1c7ce9e28a78d15e3d5d68eb3","name":"Alessandro Giuzio","image":{"@type":"ImageObject","inLanguage":"es","@id":"https:\/\/www.yachtingnews.com\/wp-content\/litespeed\/avatar\/a99e5f8da4fc551fb53eb9f1fec61fb4.jpg?ver=1788189881","url":"https:\/\/www.yachtingnews.com\/wp-content\/litespeed\/avatar\/a99e5f8da4fc551fb53eb9f1fec61fb4.jpg?ver=1788189881","contentUrl":"https:\/\/www.yachtingnews.com\/wp-content\/litespeed\/avatar\/a99e5f8da4fc551fb53eb9f1fec61fb4.jpg?ver=1788189881","caption":"Alessandro Giuzio"},"description":"Alessandro is a professional journalist and contributes to The International Yachting Media since 2022. He is an expert on the sea and of course on boats.","url":"https:\/\/www.yachtingnews.com\/es\/author\/alexgiuzio\/"}]}},"_links":{"self":[{"href":"https:\/\/www.yachtingnews.com\/es\/wp-json\/wp\/v2\/posts\/145865","targetHints":{"allow":["GET"]}}],"collection":[{"href":"https:\/\/www.yachtingnews.com\/es\/wp-json\/wp\/v2\/posts"}],"about":[{"href":"https:\/\/www.yachtingnews.com\/es\/wp-json\/wp\/v2\/types\/post"}],"author":[{"embeddable":true,"href":"https:\/\/www.yachtingnews.com\/es\/wp-json\/wp\/v2\/users\/45"}],"replies":[{"embeddable":true,"href":"https:\/\/www.yachtingnews.com\/es\/wp-json\/wp\/v2\/comments?post=145865"}],"version-history":[{"count":0,"href":"https:\/\/www.yachtingnews.com\/es\/wp-json\/wp\/v2\/posts\/145865\/revisions"}],"wp:featuredmedia":[{"embeddable":true,"href":"https:\/\/www.yachtingnews.com\/es\/wp-json\/wp\/v2\/media\/145616"}],"wp:attachment":[{"href":"https:\/\/www.yachtingnews.com\/es\/wp-json\/wp\/v2\/media?parent=145865"}],"wp:term":[{"taxonomy":"category","embeddable":true,"href":"https:\/\/www.yachtingnews.com\/es\/wp-json\/wp\/v2\/categories?post=145865"},{"taxonomy":"post_tag","embeddable":true,"href":"https:\/\/www.yachtingnews.com\/es\/wp-json\/wp\/v2\/tags?post=145865"}],"curies":[{"name":"wp","href":"https:\/\/api.w.org\/{rel}","templated":true}]}}