{"id":149178,"date":"2025-05-29T02:58:00","date_gmt":"2025-05-29T01:58:00","guid":{"rendered":"https:\/\/yachtingnews.com\/capoforte-cx240-edicion-verano-un-homenaje-al-verano-mediterraneo-todo-en-blanco\/"},"modified":"2025-05-29T08:07:38","modified_gmt":"2025-05-29T07:07:38","slug":"capoforte-cx240-edicion-verano-un-homenaje-al-verano-mediterraneo-todo-en-blanco","status":"publish","type":"post","link":"https:\/\/www.yachtingnews.com\/es\/capoforte-cx240-edicion-verano-un-homenaje-al-verano-mediterraneo-todo-en-blanco\/","title":{"rendered":"Capoforte CX240 Edici\u00f3n Verano: un homenaje al verano mediterr\u00e1neo, todo en blanco"},"content":{"rendered":"\t\t<div data-elementor-type=\"wp-post\" data-elementor-id=\"149178\" class=\"elementor elementor-149178 elementor-149148\" data-elementor-post-type=\"post\">\n\t\t\t\t\t\t<section class=\"elementor-section elementor-top-section elementor-element elementor-element-41e77702 elementor-section-boxed elementor-section-height-default elementor-section-height-default\" data-id=\"41e77702\" data-element_type=\"section\" data-e-type=\"section\">\n\t\t\t\t\t\t<div class=\"elementor-container elementor-column-gap-default\">\n\t\t\t\t\t<div class=\"elementor-column elementor-col-100 elementor-top-column elementor-element elementor-element-31c82570\" data-id=\"31c82570\" data-element_type=\"column\" data-e-type=\"column\">\n\t\t\t<div class=\"elementor-widget-wrap elementor-element-populated\">\n\t\t\t\t\t\t<div class=\"elementor-element elementor-element-68f0a45f elementor-widget elementor-widget-text-editor\" data-id=\"68f0a45f\" data-element_type=\"widget\" data-e-type=\"widget\" data-widget_type=\"text-editor.default\">\n\t\t\t\t<div class=\"elementor-widget-container\">\n\t\t\t\t\t\t\t\t\t<p>Basta un r\u00e1pido vistazo para darse cuenta de que se trata de un aut\u00e9ntico homenaje al verano mediterr\u00e1neo encarnado en forma de <a href=\"https:\/\/yachtingnews.com\/es\/\">barco.<\/a> Hablamos de la <b>Capoforte CX240 Summer Edition \u201cfull white\u201d, <\/b>la nueva day cruiser de Capoforte producida en edici\u00f3n limitada. Aut\u00e9ntica mezcla de prestaciones de alto nivel y confort, destaca por su llamativo dise\u00f1o, con un acabado en blanco puro acentuado por inserciones en co\u00f1ac, que confieren a la embarcaci\u00f3n un aspecto brillante y cautivador. Es una obra maestra que llama la atenci\u00f3n, pero que s\u00f3lo unos pocos podr\u00e1n poseer: la CX240 Edici\u00f3n Verano se producir\u00e1 en n\u00famero limitado y s\u00f3lo hasta agosto.  <\/p>\n<p><img decoding=\"async\" class=\"aligncenter wp-image-149155 size-full\" title=\"Capoforte-CX240-Edici\u00f3n de verano-vista superior\" src=\"https:\/\/yachtingnews.com\/wp-content\/uploads\/2025\/05\/CX240-Summer-Edition-fr.jpg\" alt=\"Capoforte-CX240-Edici\u00f3n de verano-vista superior\" width=\"1400\" height=\"787\" srcset=\"https:\/\/www.yachtingnews.com\/wp-content\/uploads\/2025\/05\/CX240-Summer-Edition-fr.jpg 1400w, https:\/\/www.yachtingnews.com\/wp-content\/uploads\/2025\/05\/CX240-Summer-Edition-fr-300x169.jpg 300w, https:\/\/www.yachtingnews.com\/wp-content\/uploads\/2025\/05\/CX240-Summer-Edition-fr-768x432.jpg 768w\" sizes=\"(max-width: 1400px) 100vw, 1400px\" \/><\/p>\n<p>Elegir el CX240 como base para esta Edici\u00f3n de Verano -entre la amplia gama Capoforte- fue cualquier cosa menos aleatorio. Dise\u00f1ado para ofrecer una experiencia de lujo de alta gama en espacios compactos, el CX240 es sin duda uno de los modelos m\u00e1s vers\u00e1tiles de la marca. Era el candidato perfecto para un cambio de imagen fresco y vibrante, que captara la energ\u00eda y el entusiasmo de la temporada estival. La Capoforte CX240 Edici\u00f3n Verano cuenta con caracter\u00edsticas que raramente se encuentran en una day cruiser <b>de 7,50 metros de eslora y 2,50 metros de manga <\/b>.   <\/p>\n<p>Con esta edici\u00f3n especial, Capoforte demuestra una vez m\u00e1s su capacidad para evolucionar y reinterpretar sus modelos. No se trata de un modelo \u00fanico: es una edici\u00f3n limitada que <b>s\u00f3lo<\/b> estar\u00e1 disponible <b>para el verano de 2025<\/b>, ofreciendo una oportunidad \u00fanica de disfrutar de la temporada a bordo de una embarcaci\u00f3n \u00fanica. Vestido de blanco deslumbrante, el Capoforte CX240 Edici\u00f3n Verano se inspira en el inconfundible encanto del Mediterr\u00e1neo, igual que todos los tonos de color caracter\u00edsticos de la marca: del azul Ulises al blanco Tropea, del negro sepia al gris faro, pasando por el azul ar\u00e1ndano.  <\/p>\n<p><img decoding=\"async\" class=\"aligncenter wp-image-149170 size-full\" title=\"Capoforte CX240-Edici\u00f3n Verano-Vista de dron\" src=\"https:\/\/yachtingnews.com\/wp-content\/uploads\/2025\/05\/CX240-Summer-Edition-it.jpg\" alt=\"Capoforte CX240-Edici\u00f3n Verano-Vista de dron\" width=\"1400\" height=\"787\" srcset=\"https:\/\/www.yachtingnews.com\/wp-content\/uploads\/2025\/05\/CX240-Summer-Edition-it.jpg 1400w, https:\/\/www.yachtingnews.com\/wp-content\/uploads\/2025\/05\/CX240-Summer-Edition-it-300x169.jpg 300w, https:\/\/www.yachtingnews.com\/wp-content\/uploads\/2025\/05\/CX240-Summer-Edition-it-768x432.jpg 768w\" sizes=\"(max-width: 1400px) 100vw, 1400px\" \/><\/p>\n<p>\u00ab<i>El Capoforte CX240 Edici\u00f3n Verano evoca la arquitectura encalada con vistas al Mediterr\u00e1neo, donde el uso del blanco en la construcci\u00f3n tradicional reflejaba un h\u00e1bil uso de los materiales locales -desde la cal hasta las piedras blancas naturales de los paisajes costeros, que reflejan la luz del sol y encienden las emociones del<\/i> verano- -dice <b>Valentina Procopio,<\/b> Jefa de Marketing de Capoforte-.  <i>Es un color que se inspira en un estilo arquitect\u00f3nico concreto, al tiempo que aborda la comodidad y la habitabilidad. Tambi\u00e9n es pr\u00e1ctico: el blanco ayuda a reducir el calor al reflejar la luz solar y hace que los espacios parezcan m\u00e1s abiertos y ventilados. De este modo, la Capoforte CX240 Edici\u00f3n Verano se convierte en la encarnaci\u00f3n del color que viste: un s\u00edmbolo de ligereza, libertad y relajaci\u00f3n. Es un homenaje a los tonos mediterr\u00e1neos, una carta de amor a un estilo de vida que renueva el esp\u00edritu a trav\u00e9s de dos elementos esenciales: el sol y el mar\u00bb.   <\/i><\/p>\n<h2 class=\"western\">El Capoforte CX240 Edici\u00f3n Verano en detalle<\/h2>\n<p>La Capoforte CX240 Edici\u00f3n Verano es una embarcaci\u00f3n dise\u00f1ada para ofrecer la m\u00e1xima habitabilidad en un tama\u00f1o compacto. Bajo cubierta, dispone<b> de un espacioso camarote con cama doble<\/b> que aprovecha al m\u00e1ximo la generosa manga del casco. Se puede a\u00f1adir una zona de aseo opcional, con el WC discretamente oculto en un compartimento espec\u00edfico. Para garantizar un amplio espacio de almacenamiento, a la izquierda de la escalera hay un gran armario. El espacio es especialmente luminoso, gracias a las largas ventanas laterales que mejoran la percepci\u00f3n del espacio y conectan visualmente el interior con el mundo exterior.    <\/p>\n<p><img decoding=\"async\" class=\"aligncenter wp-image-149160 size-full\" title=\"vista de popa\" src=\"https:\/\/yachtingnews.com\/wp-content\/uploads\/2025\/05\/CX240-Summer-Edition-de.jpg\" alt=\"vista de popa\" width=\"1400\" height=\"787\" srcset=\"https:\/\/www.yachtingnews.com\/wp-content\/uploads\/2025\/05\/CX240-Summer-Edition-de.jpg 1400w, https:\/\/www.yachtingnews.com\/wp-content\/uploads\/2025\/05\/CX240-Summer-Edition-de-300x169.jpg 300w, https:\/\/www.yachtingnews.com\/wp-content\/uploads\/2025\/05\/CX240-Summer-Edition-de-768x432.jpg 768w\" sizes=\"(max-width: 1400px) 100vw, 1400px\" \/><\/p>\n<p>El puesto de gobierno est\u00e1 dispuesto verticalmente para una conducci\u00f3n ergon\u00f3mica y precisa, mientras que el coraz\u00f3n de la zona de estar a bordo est\u00e1 en medio del barco. Aqu\u00ed, el asiento del tim\u00f3n de pie puede reconfigurarse f\u00e1cilmente para completar la zona de comedor de popa, una soluci\u00f3n est\u00e1ndar dise\u00f1ada para quienes disfrutan compartiendo su barco con otras personas en un entorno social. La protecci\u00f3n solar est\u00e1 garantizada por un <b>toldo retr\u00e1ctil <\/b>que se extiende por todo el espacio habitable. Todo ello se combina con las extraordinarias cualidades marineras del casco, que permiten una navegaci\u00f3n suave y segura incluso en aguas agitadas. La propulsi\u00f3n corre a cargo de Yamaha, con el motor fueraborda F200XCA2, naturalmente en la versi\u00f3n est\u00e1ndar blanca.    <\/p>\n<p><img decoding=\"async\" class=\"aligncenter wp-image-149165 size-full\" title=\"tapicer\u00eda\" src=\"https:\/\/yachtingnews.com\/wp-content\/uploads\/2025\/05\/73A4789.jpg\" alt=\"tapicer\u00eda\" width=\"1200\" height=\"800\" srcset=\"https:\/\/www.yachtingnews.com\/wp-content\/uploads\/2025\/05\/73A4789.jpg 1200w, https:\/\/www.yachtingnews.com\/wp-content\/uploads\/2025\/05\/73A4789-300x200.jpg 300w, https:\/\/www.yachtingnews.com\/wp-content\/uploads\/2025\/05\/73A4789-768x512.jpg 768w\" sizes=\"(max-width: 1200px) 100vw, 1200px\" \/><\/p>\n<h3 class=\"western\">Un crucero diurno con estilo para todos<\/h3>\n<p>La Capoforte CX240 Edici\u00f3n Verano se mantiene fiel a los valores fundamentales de Capoforte y, de hecho, mediante una elecci\u00f3n de colores sencilla pero refinada, los reafirma con fuerza. La marca calabresa siempre ha destacado por sus <b>innovadoras combinaciones de colores y su estilo distintivo<\/b>. En la cabina, los tradicionales tonos marfil\/cognac se han reimaginado en blanco puro para esta edici\u00f3n, haci\u00e9ndose eco del acabado totalmente blanco del casco, que se complementa con inserciones de tapicer\u00eda en cognac. La consola est\u00e1 pintada en oro atardecer, con detalles en co\u00f1ac, otro ejemplo del enfoque de dise\u00f1o funcional de Capoforte. Con un dise\u00f1o bien pensado, colores atrevidos y un estilo mediterr\u00e1neo atemporal, Capoforte sigue fabricando barcos destinados a no pasar nunca de moda. Son embarcaciones limpias y s\u00f3lidamente construidas, realzadas por detalles que transmiten una fuerte sensaci\u00f3n de calidad y artesan\u00eda.     <\/p>\n<p>En conclusi\u00f3n, la Capoforte CX240 Edici\u00f3n Verano es la embarcaci\u00f3n ideal para los j\u00f3venes que quieren iniciarse en la navegaci\u00f3n, para las familias que quieren pasar el d\u00eda explorando calas escondidas, o para los que simplemente quieren disfrutar del mar, ya sea para una escapada relajante o para un rato de pesca diurna o nocturna. Gracias a su notable versatilidad, este modelo satisface las necesidades de un p\u00fablico amplio y variado. <\/p>\n\n<p> <\/p>\n\t\t\t\t\t\t\t\t<\/div>\n\t\t\t\t<\/div>\n\t\t\t\t\t<\/div>\n\t\t<\/div>\n\t\t\t\t\t<\/div>\n\t\t<\/section>\n\t\t\t\t<\/div>\n\t\t","protected":false},"excerpt":{"rendered":"<p>Basta un r\u00e1pido vistazo para darse cuenta de que se trata de un aut\u00e9ntico homenaje al verano mediterr\u00e1neo encarnado en forma de barco. Hablamos de la Capoforte CX240 Summer Edition \u201cfull white\u201d, la nueva day cruiser de Capoforte producida en edici\u00f3n limitada. Aut\u00e9ntica mezcla de prestaciones de alto nivel y confort, destaca por su llamativo [&hellip;]<\/p>\n","protected":false},"author":45,"featured_media":149153,"comment_status":"open","ping_status":"closed","sticky":false,"template":"","format":"standard","meta":{"_mo_disable_npp":"","footnotes":""},"categories":[2163,2100],"tags":[4156],"class_list":["post-149178","post","type-post","status-publish","format-standard","has-post-thumbnail","hentry","category-embarcaciones-a-motor","category-noticias-nauticas","tag-capoforte-es"],"yoast_head":"<!-- This site is optimized with the Yoast SEO plugin v28.3 - https:\/\/yoast.com\/product\/yoast-seo-wordpress\/ -->\n<title>Capoforte CX240 Edici\u00f3n Verano: un homenaje al Mediterr\u00e1neo- Yachting News<\/title>\n<meta name=\"description\" content=\"La Capoforte CX240 Summer Edition \u201cfull white\u201d es la nueva day cruiser de Capoforte producida en edici\u00f3n limitada. Una mezcla de...\" \/>\n<meta name=\"robots\" content=\"index, follow, max-snippet:-1, max-image-preview:large, max-video-preview:-1\" \/>\n<link rel=\"canonical\" href=\"https:\/\/www.yachtingnews.com\/es\/capoforte-cx240-edicion-verano-un-homenaje-al-verano-mediterraneo-todo-en-blanco\/\" \/>\n<meta property=\"og:locale\" content=\"es_ES\" \/>\n<meta property=\"og:type\" content=\"article\" \/>\n<meta property=\"og:title\" content=\"Capoforte CX240 Edici\u00f3n Verano: un homenaje al Mediterr\u00e1neo- Yachting News\" \/>\n<meta property=\"og:description\" content=\"La Capoforte CX240 Summer Edition \u201cfull white\u201d es la nueva day cruiser de Capoforte producida en edici\u00f3n limitada. Una mezcla de...\" \/>\n<meta property=\"og:url\" content=\"https:\/\/www.yachtingnews.com\/es\/capoforte-cx240-edicion-verano-un-homenaje-al-verano-mediterraneo-todo-en-blanco\/\" \/>\n<meta property=\"og:site_name\" content=\"Yachting News\" \/>\n<meta property=\"article:publisher\" content=\"https:\/\/www.facebook.com\/TheInternationalYachtingMedia\" \/>\n<meta property=\"article:published_time\" content=\"2025-05-29T01:58:00+00:00\" \/>\n<meta property=\"article:modified_time\" content=\"2025-05-29T07:07:38+00:00\" \/>\n<meta property=\"og:image\" content=\"https:\/\/www.yachtingnews.com\/wp-content\/uploads\/2025\/05\/CX240-Summer-Edition-en.jpg\" \/>\n\t<meta property=\"og:image:width\" content=\"1400\" \/>\n\t<meta property=\"og:image:height\" content=\"787\" \/>\n\t<meta property=\"og:image:type\" content=\"image\/jpeg\" \/>\n<meta name=\"author\" content=\"Alessandro Giuzio\" \/>\n<meta name=\"twitter:card\" content=\"summary_large_image\" \/>\n<meta name=\"twitter:creator\" content=\"@YachtingMedia\" \/>\n<meta name=\"twitter:site\" content=\"@YachtingMedia\" \/>\n<meta name=\"twitter:label1\" content=\"Escrito por\" \/>\n\t<meta name=\"twitter:data1\" content=\"Alessandro Giuzio\" \/>\n\t<meta name=\"twitter:label2\" content=\"Tiempo de lectura\" \/>\n\t<meta name=\"twitter:data2\" content=\"5 minutos\" \/>\n<script type=\"application\/ld+json\" class=\"yoast-schema-graph\">{\"@context\":\"https:\\\/\\\/schema.org\",\"@graph\":[{\"@type\":\"Article\",\"@id\":\"https:\\\/\\\/www.yachtingnews.com\\\/es\\\/capoforte-cx240-edicion-verano-un-homenaje-al-verano-mediterraneo-todo-en-blanco\\\/#article\",\"isPartOf\":{\"@id\":\"https:\\\/\\\/www.yachtingnews.com\\\/es\\\/capoforte-cx240-edicion-verano-un-homenaje-al-verano-mediterraneo-todo-en-blanco\\\/\"},\"author\":{\"name\":\"Alessandro Giuzio\",\"@id\":\"https:\\\/\\\/www.yachtingnews.com\\\/es\\\/#\\\/schema\\\/person\\\/d2e99eb1c7ce9e28a78d15e3d5d68eb3\"},\"headline\":\"Capoforte CX240 Edici\u00f3n Verano: un homenaje al verano mediterr\u00e1neo, todo en blanco\",\"datePublished\":\"2025-05-29T01:58:00+00:00\",\"dateModified\":\"2025-05-29T07:07:38+00:00\",\"mainEntityOfPage\":{\"@id\":\"https:\\\/\\\/www.yachtingnews.com\\\/es\\\/capoforte-cx240-edicion-verano-un-homenaje-al-verano-mediterraneo-todo-en-blanco\\\/\"},\"wordCount\":1003,\"commentCount\":0,\"publisher\":{\"@id\":\"https:\\\/\\\/www.yachtingnews.com\\\/es\\\/#organization\"},\"image\":{\"@id\":\"https:\\\/\\\/www.yachtingnews.com\\\/es\\\/capoforte-cx240-edicion-verano-un-homenaje-al-verano-mediterraneo-todo-en-blanco\\\/#primaryimage\"},\"thumbnailUrl\":\"https:\\\/\\\/www.yachtingnews.com\\\/wp-content\\\/uploads\\\/2025\\\/05\\\/CX240-Summer-Edition-en.jpg\",\"keywords\":[\"Capoforte\"],\"articleSection\":[\"EMBARCACIONES A MOTOR\",\"Noticias\"],\"inLanguage\":\"es\",\"potentialAction\":[{\"@type\":\"CommentAction\",\"name\":\"Comment\",\"target\":[\"https:\\\/\\\/www.yachtingnews.com\\\/es\\\/capoforte-cx240-edicion-verano-un-homenaje-al-verano-mediterraneo-todo-en-blanco\\\/#respond\"]}]},{\"@type\":\"WebPage\",\"@id\":\"https:\\\/\\\/www.yachtingnews.com\\\/es\\\/capoforte-cx240-edicion-verano-un-homenaje-al-verano-mediterraneo-todo-en-blanco\\\/\",\"url\":\"https:\\\/\\\/www.yachtingnews.com\\\/es\\\/capoforte-cx240-edicion-verano-un-homenaje-al-verano-mediterraneo-todo-en-blanco\\\/\",\"name\":\"Capoforte CX240 Edici\u00f3n Verano: un homenaje al Mediterr\u00e1neo- Yachting News\",\"isPartOf\":{\"@id\":\"https:\\\/\\\/www.yachtingnews.com\\\/es\\\/#website\"},\"primaryImageOfPage\":{\"@id\":\"https:\\\/\\\/www.yachtingnews.com\\\/es\\\/capoforte-cx240-edicion-verano-un-homenaje-al-verano-mediterraneo-todo-en-blanco\\\/#primaryimage\"},\"image\":{\"@id\":\"https:\\\/\\\/www.yachtingnews.com\\\/es\\\/capoforte-cx240-edicion-verano-un-homenaje-al-verano-mediterraneo-todo-en-blanco\\\/#primaryimage\"},\"thumbnailUrl\":\"https:\\\/\\\/www.yachtingnews.com\\\/wp-content\\\/uploads\\\/2025\\\/05\\\/CX240-Summer-Edition-en.jpg\",\"datePublished\":\"2025-05-29T01:58:00+00:00\",\"dateModified\":\"2025-05-29T07:07:38+00:00\",\"description\":\"La Capoforte CX240 Summer Edition \u201cfull white\u201d es la nueva day cruiser de Capoforte producida en edici\u00f3n limitada. Una mezcla de...\",\"breadcrumb\":{\"@id\":\"https:\\\/\\\/www.yachtingnews.com\\\/es\\\/capoforte-cx240-edicion-verano-un-homenaje-al-verano-mediterraneo-todo-en-blanco\\\/#breadcrumb\"},\"inLanguage\":\"es\",\"potentialAction\":[{\"@type\":\"ReadAction\",\"target\":[\"https:\\\/\\\/www.yachtingnews.com\\\/es\\\/capoforte-cx240-edicion-verano-un-homenaje-al-verano-mediterraneo-todo-en-blanco\\\/\"]}]},{\"@type\":\"ImageObject\",\"inLanguage\":\"es\",\"@id\":\"https:\\\/\\\/www.yachtingnews.com\\\/es\\\/capoforte-cx240-edicion-verano-un-homenaje-al-verano-mediterraneo-todo-en-blanco\\\/#primaryimage\",\"url\":\"https:\\\/\\\/www.yachtingnews.com\\\/wp-content\\\/uploads\\\/2025\\\/05\\\/CX240-Summer-Edition-en.jpg\",\"contentUrl\":\"https:\\\/\\\/www.yachtingnews.com\\\/wp-content\\\/uploads\\\/2025\\\/05\\\/CX240-Summer-Edition-en.jpg\",\"width\":1400,\"height\":787,\"caption\":\"CX240-Edici\u00f3n-Verano-foto\"},{\"@type\":\"BreadcrumbList\",\"@id\":\"https:\\\/\\\/www.yachtingnews.com\\\/es\\\/capoforte-cx240-edicion-verano-un-homenaje-al-verano-mediterraneo-todo-en-blanco\\\/#breadcrumb\",\"itemListElement\":[{\"@type\":\"ListItem\",\"position\":1,\"name\":\"Home\",\"item\":\"https:\\\/\\\/www.yachtingnews.com\\\/es\\\/yachting-news-2\\\/\"},{\"@type\":\"ListItem\",\"position\":2,\"name\":\"Capoforte CX240 Edici\u00f3n Verano: un homenaje al verano mediterr\u00e1neo, todo en blanco\"}]},{\"@type\":\"WebSite\",\"@id\":\"https:\\\/\\\/www.yachtingnews.com\\\/es\\\/#website\",\"url\":\"https:\\\/\\\/www.yachtingnews.com\\\/es\\\/\",\"name\":\"Yachting News\",\"description\":\"The International Yachting Media\",\"publisher\":{\"@id\":\"https:\\\/\\\/www.yachtingnews.com\\\/es\\\/#organization\"},\"potentialAction\":[{\"@type\":\"SearchAction\",\"target\":{\"@type\":\"EntryPoint\",\"urlTemplate\":\"https:\\\/\\\/www.yachtingnews.com\\\/es\\\/?s={search_term_string}\"},\"query-input\":{\"@type\":\"PropertyValueSpecification\",\"valueRequired\":true,\"valueName\":\"search_term_string\"}}],\"inLanguage\":\"es\"},{\"@type\":\"Organization\",\"@id\":\"https:\\\/\\\/www.yachtingnews.com\\\/es\\\/#organization\",\"name\":\"Yachting News\",\"url\":\"https:\\\/\\\/www.yachtingnews.com\\\/es\\\/\",\"logo\":{\"@type\":\"ImageObject\",\"inLanguage\":\"es\",\"@id\":\"https:\\\/\\\/www.yachtingnews.com\\\/es\\\/#\\\/schema\\\/logo\\\/image\\\/\",\"url\":\"https:\\\/\\\/www.yachtingnews.com\\\/wp-content\\\/uploads\\\/2023\\\/02\\\/LOGO-Yachting-NEWS-blu-800.png\",\"contentUrl\":\"https:\\\/\\\/www.yachtingnews.com\\\/wp-content\\\/uploads\\\/2023\\\/02\\\/LOGO-Yachting-NEWS-blu-800.png\",\"width\":790,\"height\":99,\"caption\":\"Yachting News\"},\"image\":{\"@id\":\"https:\\\/\\\/www.yachtingnews.com\\\/es\\\/#\\\/schema\\\/logo\\\/image\\\/\"},\"sameAs\":[\"https:\\\/\\\/www.facebook.com\\\/TheInternationalYachtingMedia\",\"https:\\\/\\\/x.com\\\/YachtingMedia\",\"https:\\\/\\\/www.instagram.com\\\/yachting.news\\\/\",\"https:\\\/\\\/www.linkedin.com\\\/company\\\/the-international-yachting-media\",\"https:\\\/\\\/www.youtube.com\\\/c\\\/TheInternationalYachtingMedia\"]},{\"@type\":\"Person\",\"@id\":\"https:\\\/\\\/www.yachtingnews.com\\\/es\\\/#\\\/schema\\\/person\\\/d2e99eb1c7ce9e28a78d15e3d5d68eb3\",\"name\":\"Alessandro Giuzio\",\"image\":{\"@type\":\"ImageObject\",\"inLanguage\":\"es\",\"@id\":\"https:\\\/\\\/www.yachtingnews.com\\\/wp-content\\\/litespeed\\\/avatar\\\/a99e5f8da4fc551fb53eb9f1fec61fb4.jpg?ver=1788189881\",\"url\":\"https:\\\/\\\/www.yachtingnews.com\\\/wp-content\\\/litespeed\\\/avatar\\\/a99e5f8da4fc551fb53eb9f1fec61fb4.jpg?ver=1788189881\",\"contentUrl\":\"https:\\\/\\\/www.yachtingnews.com\\\/wp-content\\\/litespeed\\\/avatar\\\/a99e5f8da4fc551fb53eb9f1fec61fb4.jpg?ver=1788189881\",\"caption\":\"Alessandro Giuzio\"},\"description\":\"Alessandro is a professional journalist and contributes to The International Yachting Media since 2022. He is an expert on the sea and of course on boats.\",\"url\":\"https:\\\/\\\/www.yachtingnews.com\\\/es\\\/author\\\/alexgiuzio\\\/\"}]}<\/script>\n<!-- \/ Yoast SEO plugin. -->","yoast_head_json":{"title":"Capoforte CX240 Edici\u00f3n Verano: un homenaje al Mediterr\u00e1neo- Yachting News","description":"La Capoforte CX240 Summer Edition \u201cfull white\u201d es la nueva day cruiser de Capoforte producida en edici\u00f3n limitada. Una mezcla de...","robots":{"index":"index","follow":"follow","max-snippet":"max-snippet:-1","max-image-preview":"max-image-preview:large","max-video-preview":"max-video-preview:-1"},"canonical":"https:\/\/www.yachtingnews.com\/es\/capoforte-cx240-edicion-verano-un-homenaje-al-verano-mediterraneo-todo-en-blanco\/","og_locale":"es_ES","og_type":"article","og_title":"Capoforte CX240 Edici\u00f3n Verano: un homenaje al Mediterr\u00e1neo- Yachting News","og_description":"La Capoforte CX240 Summer Edition \u201cfull white\u201d es la nueva day cruiser de Capoforte producida en edici\u00f3n limitada. Una mezcla de...","og_url":"https:\/\/www.yachtingnews.com\/es\/capoforte-cx240-edicion-verano-un-homenaje-al-verano-mediterraneo-todo-en-blanco\/","og_site_name":"Yachting News","article_publisher":"https:\/\/www.facebook.com\/TheInternationalYachtingMedia","article_published_time":"2025-05-29T01:58:00+00:00","article_modified_time":"2025-05-29T07:07:38+00:00","og_image":[{"width":1400,"height":787,"url":"https:\/\/www.yachtingnews.com\/wp-content\/uploads\/2025\/05\/CX240-Summer-Edition-en.jpg","type":"image\/jpeg"}],"author":"Alessandro Giuzio","twitter_card":"summary_large_image","twitter_creator":"@YachtingMedia","twitter_site":"@YachtingMedia","twitter_misc":{"Escrito por":"Alessandro Giuzio","Tiempo de lectura":"5 minutos"},"schema":{"@context":"https:\/\/schema.org","@graph":[{"@type":"Article","@id":"https:\/\/www.yachtingnews.com\/es\/capoforte-cx240-edicion-verano-un-homenaje-al-verano-mediterraneo-todo-en-blanco\/#article","isPartOf":{"@id":"https:\/\/www.yachtingnews.com\/es\/capoforte-cx240-edicion-verano-un-homenaje-al-verano-mediterraneo-todo-en-blanco\/"},"author":{"name":"Alessandro Giuzio","@id":"https:\/\/www.yachtingnews.com\/es\/#\/schema\/person\/d2e99eb1c7ce9e28a78d15e3d5d68eb3"},"headline":"Capoforte CX240 Edici\u00f3n Verano: un homenaje al verano mediterr\u00e1neo, todo en blanco","datePublished":"2025-05-29T01:58:00+00:00","dateModified":"2025-05-29T07:07:38+00:00","mainEntityOfPage":{"@id":"https:\/\/www.yachtingnews.com\/es\/capoforte-cx240-edicion-verano-un-homenaje-al-verano-mediterraneo-todo-en-blanco\/"},"wordCount":1003,"commentCount":0,"publisher":{"@id":"https:\/\/www.yachtingnews.com\/es\/#organization"},"image":{"@id":"https:\/\/www.yachtingnews.com\/es\/capoforte-cx240-edicion-verano-un-homenaje-al-verano-mediterraneo-todo-en-blanco\/#primaryimage"},"thumbnailUrl":"https:\/\/www.yachtingnews.com\/wp-content\/uploads\/2025\/05\/CX240-Summer-Edition-en.jpg","keywords":["Capoforte"],"articleSection":["EMBARCACIONES A MOTOR","Noticias"],"inLanguage":"es","potentialAction":[{"@type":"CommentAction","name":"Comment","target":["https:\/\/www.yachtingnews.com\/es\/capoforte-cx240-edicion-verano-un-homenaje-al-verano-mediterraneo-todo-en-blanco\/#respond"]}]},{"@type":"WebPage","@id":"https:\/\/www.yachtingnews.com\/es\/capoforte-cx240-edicion-verano-un-homenaje-al-verano-mediterraneo-todo-en-blanco\/","url":"https:\/\/www.yachtingnews.com\/es\/capoforte-cx240-edicion-verano-un-homenaje-al-verano-mediterraneo-todo-en-blanco\/","name":"Capoforte CX240 Edici\u00f3n Verano: un homenaje al Mediterr\u00e1neo- Yachting News","isPartOf":{"@id":"https:\/\/www.yachtingnews.com\/es\/#website"},"primaryImageOfPage":{"@id":"https:\/\/www.yachtingnews.com\/es\/capoforte-cx240-edicion-verano-un-homenaje-al-verano-mediterraneo-todo-en-blanco\/#primaryimage"},"image":{"@id":"https:\/\/www.yachtingnews.com\/es\/capoforte-cx240-edicion-verano-un-homenaje-al-verano-mediterraneo-todo-en-blanco\/#primaryimage"},"thumbnailUrl":"https:\/\/www.yachtingnews.com\/wp-content\/uploads\/2025\/05\/CX240-Summer-Edition-en.jpg","datePublished":"2025-05-29T01:58:00+00:00","dateModified":"2025-05-29T07:07:38+00:00","description":"La Capoforte CX240 Summer Edition \u201cfull white\u201d es la nueva day cruiser de Capoforte producida en edici\u00f3n limitada. Una mezcla de...","breadcrumb":{"@id":"https:\/\/www.yachtingnews.com\/es\/capoforte-cx240-edicion-verano-un-homenaje-al-verano-mediterraneo-todo-en-blanco\/#breadcrumb"},"inLanguage":"es","potentialAction":[{"@type":"ReadAction","target":["https:\/\/www.yachtingnews.com\/es\/capoforte-cx240-edicion-verano-un-homenaje-al-verano-mediterraneo-todo-en-blanco\/"]}]},{"@type":"ImageObject","inLanguage":"es","@id":"https:\/\/www.yachtingnews.com\/es\/capoforte-cx240-edicion-verano-un-homenaje-al-verano-mediterraneo-todo-en-blanco\/#primaryimage","url":"https:\/\/www.yachtingnews.com\/wp-content\/uploads\/2025\/05\/CX240-Summer-Edition-en.jpg","contentUrl":"https:\/\/www.yachtingnews.com\/wp-content\/uploads\/2025\/05\/CX240-Summer-Edition-en.jpg","width":1400,"height":787,"caption":"CX240-Edici\u00f3n-Verano-foto"},{"@type":"BreadcrumbList","@id":"https:\/\/www.yachtingnews.com\/es\/capoforte-cx240-edicion-verano-un-homenaje-al-verano-mediterraneo-todo-en-blanco\/#breadcrumb","itemListElement":[{"@type":"ListItem","position":1,"name":"Home","item":"https:\/\/www.yachtingnews.com\/es\/yachting-news-2\/"},{"@type":"ListItem","position":2,"name":"Capoforte CX240 Edici\u00f3n Verano: un homenaje al verano mediterr\u00e1neo, todo en blanco"}]},{"@type":"WebSite","@id":"https:\/\/www.yachtingnews.com\/es\/#website","url":"https:\/\/www.yachtingnews.com\/es\/","name":"Yachting News","description":"The International Yachting Media","publisher":{"@id":"https:\/\/www.yachtingnews.com\/es\/#organization"},"potentialAction":[{"@type":"SearchAction","target":{"@type":"EntryPoint","urlTemplate":"https:\/\/www.yachtingnews.com\/es\/?s={search_term_string}"},"query-input":{"@type":"PropertyValueSpecification","valueRequired":true,"valueName":"search_term_string"}}],"inLanguage":"es"},{"@type":"Organization","@id":"https:\/\/www.yachtingnews.com\/es\/#organization","name":"Yachting News","url":"https:\/\/www.yachtingnews.com\/es\/","logo":{"@type":"ImageObject","inLanguage":"es","@id":"https:\/\/www.yachtingnews.com\/es\/#\/schema\/logo\/image\/","url":"https:\/\/www.yachtingnews.com\/wp-content\/uploads\/2023\/02\/LOGO-Yachting-NEWS-blu-800.png","contentUrl":"https:\/\/www.yachtingnews.com\/wp-content\/uploads\/2023\/02\/LOGO-Yachting-NEWS-blu-800.png","width":790,"height":99,"caption":"Yachting News"},"image":{"@id":"https:\/\/www.yachtingnews.com\/es\/#\/schema\/logo\/image\/"},"sameAs":["https:\/\/www.facebook.com\/TheInternationalYachtingMedia","https:\/\/x.com\/YachtingMedia","https:\/\/www.instagram.com\/yachting.news\/","https:\/\/www.linkedin.com\/company\/the-international-yachting-media","https:\/\/www.youtube.com\/c\/TheInternationalYachtingMedia"]},{"@type":"Person","@id":"https:\/\/www.yachtingnews.com\/es\/#\/schema\/person\/d2e99eb1c7ce9e28a78d15e3d5d68eb3","name":"Alessandro Giuzio","image":{"@type":"ImageObject","inLanguage":"es","@id":"https:\/\/www.yachtingnews.com\/wp-content\/litespeed\/avatar\/a99e5f8da4fc551fb53eb9f1fec61fb4.jpg?ver=1788189881","url":"https:\/\/www.yachtingnews.com\/wp-content\/litespeed\/avatar\/a99e5f8da4fc551fb53eb9f1fec61fb4.jpg?ver=1788189881","contentUrl":"https:\/\/www.yachtingnews.com\/wp-content\/litespeed\/avatar\/a99e5f8da4fc551fb53eb9f1fec61fb4.jpg?ver=1788189881","caption":"Alessandro Giuzio"},"description":"Alessandro is a professional journalist and contributes to The International Yachting Media since 2022. He is an expert on the sea and of course on boats.","url":"https:\/\/www.yachtingnews.com\/es\/author\/alexgiuzio\/"}]}},"_links":{"self":[{"href":"https:\/\/www.yachtingnews.com\/es\/wp-json\/wp\/v2\/posts\/149178","targetHints":{"allow":["GET"]}}],"collection":[{"href":"https:\/\/www.yachtingnews.com\/es\/wp-json\/wp\/v2\/posts"}],"about":[{"href":"https:\/\/www.yachtingnews.com\/es\/wp-json\/wp\/v2\/types\/post"}],"author":[{"embeddable":true,"href":"https:\/\/www.yachtingnews.com\/es\/wp-json\/wp\/v2\/users\/45"}],"replies":[{"embeddable":true,"href":"https:\/\/www.yachtingnews.com\/es\/wp-json\/wp\/v2\/comments?post=149178"}],"version-history":[{"count":0,"href":"https:\/\/www.yachtingnews.com\/es\/wp-json\/wp\/v2\/posts\/149178\/revisions"}],"wp:featuredmedia":[{"embeddable":true,"href":"https:\/\/www.yachtingnews.com\/es\/wp-json\/wp\/v2\/media\/149153"}],"wp:attachment":[{"href":"https:\/\/www.yachtingnews.com\/es\/wp-json\/wp\/v2\/media?parent=149178"}],"wp:term":[{"taxonomy":"category","embeddable":true,"href":"https:\/\/www.yachtingnews.com\/es\/wp-json\/wp\/v2\/categories?post=149178"},{"taxonomy":"post_tag","embeddable":true,"href":"https:\/\/www.yachtingnews.com\/es\/wp-json\/wp\/v2\/tags?post=149178"}],"curies":[{"name":"wp","href":"https:\/\/api.w.org\/{rel}","templated":true}]}}