{"id":150692,"date":"2025-07-23T02:58:00","date_gmt":"2025-07-23T01:58:00","guid":{"rendered":"https:\/\/yachtingnews.com\/vandutch-75-el-nuevo-icono-que-debutara-en-el-cannes-yachting-festival\/"},"modified":"2025-08-23T17:39:14","modified_gmt":"2025-08-23T16:39:14","slug":"vandutch-75-el-nuevo-icono-que-debutara-en-el-cannes-yachting-festival","status":"publish","type":"post","link":"https:\/\/www.yachtingnews.com\/es\/vandutch-75-el-nuevo-icono-que-debutara-en-el-cannes-yachting-festival\/","title":{"rendered":"VanDutch 75: el nuevo icono que debutar\u00e1 en el Cannes Yachting Festival"},"content":{"rendered":"\t\t<div data-elementor-type=\"wp-post\" data-elementor-id=\"150692\" class=\"elementor elementor-150692 elementor-150606\" data-elementor-post-type=\"post\">\n\t\t\t\t\t\t<section class=\"elementor-section elementor-top-section elementor-element elementor-element-4bbe196d elementor-section-boxed elementor-section-height-default elementor-section-height-default\" data-id=\"4bbe196d\" data-element_type=\"section\" data-e-type=\"section\">\n\t\t\t\t\t\t<div class=\"elementor-container elementor-column-gap-default\">\n\t\t\t\t\t<div class=\"elementor-column elementor-col-100 elementor-top-column elementor-element elementor-element-52ffeb09\" data-id=\"52ffeb09\" data-element_type=\"column\" data-e-type=\"column\">\n\t\t\t<div class=\"elementor-widget-wrap elementor-element-populated\">\n\t\t\t\t\t\t<div class=\"elementor-element elementor-element-cd6c2be elementor-widget elementor-widget-text-editor\" data-id=\"cd6c2be\" data-element_type=\"widget\" data-e-type=\"widget\" data-widget_type=\"text-editor.default\">\n\t\t\t\t<div class=\"elementor-widget-container\">\n\t\t\t\t\t\t\t\t\t<p>Se abre un nuevo cap\u00edtulo en la historia de Cantiere del Pardo. La legendaria marca presentar\u00e1 el nuevo <b>VanDutch <\/b>75 en la pr\u00f3xima edici\u00f3n 2025 del Cannes Yachting Festival: una audaz evoluci\u00f3n que reinterpreta el lenguaje de dise\u00f1o VanDutch en clave contempor\u00e1nea, con el claro objetivo de refinar su inconfundible identidad hacia una nueva y sofisticada visi\u00f3n mediterr\u00e1nea. Sin traicionar nunca su esp\u00edritu original, este nuevo icono est\u00e1 llamado a redefinir la futura direcci\u00f3n de la gama.  <\/p><p>VanDutch 75 conserva el ic\u00f3nico estilo exterior que hizo de VanDutch Yachts una referencia mundial en el segmento de los yates <b>abiertos de lujo<\/b>: perfil bajo, geometr\u00eda limpia y proporciones elegantemente equilibradas, ahora enriquecidas con refinados detalles t\u00e9cnicos que se duplican como caracter\u00edsticas de dise\u00f1o integradas. Una est\u00e9tica atemporal, revisitada con mejoras intencionadas que realzan tanto la funci\u00f3n como la forma. <\/p><p><img decoding=\"async\" class=\"aligncenter wp-image-150648 size-full\" title=\"dise\u00f1o exterior\" src=\"https:\/\/yachtingnews.com\/wp-content\/uploads\/2025\/07\/vandutch-75-fr.jpg\" alt=\"dise\u00f1o exterior\" width=\"1400\" height=\"787\" srcset=\"https:\/\/www.yachtingnews.com\/wp-content\/uploads\/2025\/07\/vandutch-75-fr.jpg 1400w, https:\/\/www.yachtingnews.com\/wp-content\/uploads\/2025\/07\/vandutch-75-fr-300x169.jpg 300w, https:\/\/www.yachtingnews.com\/wp-content\/uploads\/2025\/07\/vandutch-75-fr-768x432.jpg 768w\" sizes=\"(max-width: 1400px) 100vw, 1400px\" \/><\/p><h3 class=\"western\">VanDutch 75 &#8211; Dise\u00f1o exterior: equilibrio entre herencia e innovaci\u00f3n<\/h3><p>El nuevo VanDutch 75 es el resultado de una evoluci\u00f3n meticulosa, que implica cada detalle, empezando por las zonas exteriores, que se han redise\u00f1ado por completo para ofrecer nuevos niveles de confort y practicidad. La ba\u00f1era, de <b>45 metros cuadrados,<\/b> ofrece un espacio excepcional para socializar y vivir al aire libre. Cuenta con dos grandes sof\u00e1s opuestos y un par de mesas convertibles dispuestas sim\u00e9tricamente, que en conjunto dan cabida hasta a diez invitados. Los nuevos asientos dise\u00f1ados a medida, con tapicer\u00eda acanalada inspirada en los coches deportivos de \u00e9poca, hacen eco del estilo interior y refuerzan la conexi\u00f3n entre los espacios interiores y exteriores, subrayando una visi\u00f3n del dise\u00f1o unificada y coherente. Completa el equipamiento exterior una cocina superior F\u00e9nix, totalmente integrada y equipada con barbacoa, dos quemadores, frigor\u00edfico y m\u00e1quina de hielo, dise\u00f1ada para garantizar la m\u00e1xima facilidad de uso durante estancias prolongadas a bordo.    <\/p><p>Entre las novedades dignas de menci\u00f3n est\u00e1 el <b>Hard-Top de fibra de carbono<\/b>, dise\u00f1ado para proteger la zona del sal\u00f3n al tiempo que preserva la armon\u00eda de las l\u00edneas del yate. Su perfecta integraci\u00f3n en el perfil del barco evita un volumen vertical excesivo y ayuda a mantener la est\u00e9tica minimalista y din\u00e1mica que define la identidad VanDutch. <\/p><p><img decoding=\"async\" class=\"aligncenter wp-image-150643 size-full\" title=\"vandutch-75-l\u00edneas exteriores\" src=\"https:\/\/yachtingnews.com\/wp-content\/uploads\/2025\/07\/vandutch-75-it.jpg\" alt=\"vandutch-75-l\u00edneas exteriores\" width=\"1400\" height=\"787\" srcset=\"https:\/\/www.yachtingnews.com\/wp-content\/uploads\/2025\/07\/vandutch-75-it.jpg 1400w, https:\/\/www.yachtingnews.com\/wp-content\/uploads\/2025\/07\/vandutch-75-it-300x169.jpg 300w, https:\/\/www.yachtingnews.com\/wp-content\/uploads\/2025\/07\/vandutch-75-it-768x432.jpg 768w\" sizes=\"(max-width: 1400px) 100vw, 1400px\" \/><\/p><p>Desde un punto de vista t\u00e9cnico y funcional, el VanDutch 75 introduce varias soluciones innovadoras: desde la puerta integrada en el parabrisas, que permite un acceso directo y f\u00e1cil desde la ba\u00f1era hasta la proa, hasta el <b> ancla \u00abinvisible\u00bb<\/b>, que emerge elegantemente del casco, eliminando el desorden y preservando el dise\u00f1o limpio. Todos los componentes son completamente nuevos y est\u00e1n fabricados en acero inoxidable de alta calidad, una elecci\u00f3n que refleja la filosof\u00eda de dise\u00f1o del astillero, sin concesiones, ni siquiera en los detalles m\u00e1s peque\u00f1os.Otro elemento distintivo es la <b>cubierta de teca natural, <\/b>ofrecida por primera vez con calafateado blanco, para una est\u00e9tica refinada y contempor\u00e1nea que se alinea perfectamente con el esp\u00edritu de la marca. <\/p><p>Aunque est\u00e1 clasificado como yate abierto, el VanDutch 75 incorpora caracter\u00edsticas t\u00edpicas de los <b>yates de crucero,<\/b> realzando su singularidad y versatilidad: desde la plataforma de ba\u00f1o basculante hasta el garaje<a href=\"https:\/\/www.superyachts.news\/chase-boat-tender\/\"> para embarcaciones auxiliares <\/a>con un sistema integrado de botadura y recuperaci\u00f3n, todo ello apoyado por una capacidad de combustible de 4.000 litros ideal para la navegaci\u00f3n de largo alcance. Todo se complementa con una optimizaci\u00f3n inteligente del espacio y una amplia gama de opciones de personalizaci\u00f3n, que garantizan el confort y la habitabilidad al m\u00e1s alto nivel. <\/p><h2 class=\"western\"><img decoding=\"async\" class=\"aligncenter wp-image-150653 size-full\" title=\"vista de popa\" src=\"https:\/\/yachtingnews.com\/wp-content\/uploads\/2025\/07\/vandutch-75-de.jpg\" alt=\"vista de popa\" width=\"1400\" height=\"787\" srcset=\"https:\/\/www.yachtingnews.com\/wp-content\/uploads\/2025\/07\/vandutch-75-de.jpg 1400w, https:\/\/www.yachtingnews.com\/wp-content\/uploads\/2025\/07\/vandutch-75-de-300x169.jpg 300w, https:\/\/www.yachtingnews.com\/wp-content\/uploads\/2025\/07\/vandutch-75-de-768x432.jpg 768w\" sizes=\"(max-width: 1400px) 100vw, 1400px\" \/><\/h2><h3 class=\"western\">Dise\u00f1o interior de BurdissoCapponi Yachts&amp;Design<\/h3><p>Los interiores recientemente actualizados del VanDutch75 son obra de <b>BurdissoCapponi Yachts&amp;Design,<\/b> que aporta un enfoque fresco marcado por materiales refinados, contrastes atrevidos y texturas sofisticadas. Su dise\u00f1o introduce un lenguaje visual m\u00e1s suave, al tiempo que preserva las l\u00edneas limpias que definen la est\u00e9tica VanDutch. <\/p><p>En Cannes, el VanDutch 75 har\u00e1 su debut mundial en la configuraci\u00f3n <b>\u00abCool\u00bb <\/b>: una versi\u00f3n luminosa y contempor\u00e1nea con chapas de n\u00e1car, detalles de madera mate \u00abSlate Black\u00bb, tapicer\u00eda de ante beige y suelo Econyl en tonos lunares. Tambi\u00e9n estar\u00e1 disponible una segunda variante, llamada <b>\u00abLiso<\/b>\u00ab, que se distingue por unos tonos m\u00e1s c\u00e1lidos y envolventes y se centra en la caoba \u00abFulvo\u00bb, a\u00f1adiendo riqueza y un ambiente acogedor. <\/p><p>El VanDutch 75 expuesto en el sal\u00f3n n\u00e1utico franc\u00e9s presentar\u00e1 la distribuci\u00f3n est\u00e1ndar, que logra un equilibrio perfecto entre elegancia y funcionalidad con una<b> configuraci\u00f3n de tres camarotes<\/b> dise\u00f1ada para ofrecer el m\u00e1ximo confort en un entorno de lujo discreto. La zona de noche est\u00e1 situada principalmente en popa, con la suite del propietario a estribor y un camarote doble de invitados a babor, ambos con ba\u00f1os privados con acabados de primera calidad y vol\u00famenes generosos para mejorar la intimidad y el confort. A proa, completamente separado de los camarotes de invitados, est\u00e1 el camarote VIP, luminoso y espacioso, con un ba\u00f1o de doble acceso que tambi\u00e9n sirve de cabezal de d\u00eda para la zona de estar principal.  <\/p><p>En el coraz\u00f3n de la vida a bordo hay una <b>generosa dinette de espacio abierto<\/b> con cocina americana, amplia zona de estar y mesa convertible, perfecta tanto para el entretenimiento como para la relajaci\u00f3n. Completa la configuraci\u00f3n un camarote de tripulaci\u00f3n totalmente independiente en popa, con acceso independiente, instalaciones privadas y una zona t\u00e9cnica bien equipada que garantiza una gesti\u00f3n fluida sin interferir en los espacios de los invitados. <\/p>\t\t\t\t\t\t\t\t<\/div>\n\t\t\t\t<\/div>\n\t\t\t\t\t<\/div>\n\t\t<\/div>\n\t\t\t\t\t<\/div>\n\t\t<\/section>\n\t\t\t\t<section class=\"elementor-section elementor-top-section elementor-element elementor-element-ae49fc2 elementor-section-boxed elementor-section-height-default elementor-section-height-default\" data-id=\"ae49fc2\" data-element_type=\"section\" data-e-type=\"section\">\n\t\t\t\t\t\t<div class=\"elementor-container elementor-column-gap-default\">\n\t\t\t\t\t<div class=\"elementor-column elementor-col-100 elementor-top-column elementor-element elementor-element-3e2d9fb\" data-id=\"3e2d9fb\" data-element_type=\"column\" data-e-type=\"column\">\n\t\t\t<div class=\"elementor-widget-wrap elementor-element-populated\">\n\t\t\t\t\t\t<div class=\"elementor-element elementor-element-a8d333e uael-img-carousel-arrow-inside uael-ins-normal elementor-widget elementor-widget-uael-image-gallery\" data-id=\"a8d333e\" data-element_type=\"widget\" data-e-type=\"widget\" data-settings=\"{&quot;slides_to_show&quot;:1,&quot;slides_to_show_tablet&quot;:1,&quot;slides_to_show_mobile&quot;:1,&quot;slides_to_scroll&quot;:1,&quot;slides_to_scroll_tablet&quot;:1,&quot;slides_to_scroll_mobile&quot;:1,&quot;column_gap&quot;:{&quot;unit&quot;:&quot;px&quot;,&quot;size&quot;:20,&quot;sizes&quot;:[]},&quot;column_gap_tablet&quot;:{&quot;unit&quot;:&quot;px&quot;,&quot;size&quot;:&quot;&quot;,&quot;sizes&quot;:[]},&quot;column_gap_mobile&quot;:{&quot;unit&quot;:&quot;px&quot;,&quot;size&quot;:&quot;&quot;,&quot;sizes&quot;:[]}}\" data-widget_type=\"uael-image-gallery.default\">\n\t\t\t\t<div class=\"elementor-widget-container\">\n\t\t\t\t\t<div class=\"uael-gallery-parent uael-caption- uael-gallery-unjustified\"><div data-image_carousel=\"{&quot;slidesToShow&quot;:1,&quot;slidesToScroll&quot;:1,&quot;autoplaySpeed&quot;:3000,&quot;autoplay&quot;:true,&quot;infinite&quot;:true,&quot;pauseOnHover&quot;:true,&quot;speed&quot;:500,&quot;arrows&quot;:true,&quot;dots&quot;:false,&quot;rtl&quot;:false,&quot;responsive&quot;:[{&quot;breakpoint&quot;:1024,&quot;settings&quot;:{&quot;slidesToShow&quot;:1,&quot;slidesToScroll&quot;:1}},{&quot;breakpoint&quot;:767,&quot;settings&quot;:{&quot;slidesToShow&quot;:1,&quot;slidesToScroll&quot;:1}}]}\" class=\"uael-img-gallery-wrap uael-img-carousel-wrap uael-nav-arrows uael-image-lightbox-wrap\" data-filter-default=\"Todos\" data-lightbox_actions=\"[&quot;close&quot;]\" data-lightbox-gallery-loop=\"\"><div class=\"uael-grid-item  uael-img-gallery-item-1\"><div class=\"uael-grid-item-content\"><a class=\"uael-grid-img uael-grid-gallery-img uael-ins-hover elementor-clickable\" data-fancybox=\"uael-gallery\" href=\"https:\/\/www.yachtingnews.com\/wp-content\/uploads\/2025\/07\/VanDutch-75-STD-Armatoriale-002-CV1.jpg\" data-elementor-open-lightbox=\"no\"><div class=\"uael-grid-img-thumbnail uael-ins-target\"><img decoding=\"async\" width=\"1200\" height=\"600\" src=\"https:\/\/www.yachtingnews.com\/wp-content\/uploads\/2025\/07\/VanDutch-75-STD-Armatoriale-002-CV1.jpg\" class=\"attachment-full size-full wp-image-150633\" alt=\"master cabin\" srcset=\"https:\/\/www.yachtingnews.com\/wp-content\/uploads\/2025\/07\/VanDutch-75-STD-Armatoriale-002-CV1.jpg 1200w, https:\/\/www.yachtingnews.com\/wp-content\/uploads\/2025\/07\/VanDutch-75-STD-Armatoriale-002-CV1-300x150.jpg 300w, https:\/\/www.yachtingnews.com\/wp-content\/uploads\/2025\/07\/VanDutch-75-STD-Armatoriale-002-CV1-768x384.jpg 768w\" sizes=\"(max-width: 1200px) 100vw, 1200px\" \/><\/div><div class=\"uael-grid-img-overlay\"><\/div><\/a><\/div><\/div><div class=\"uael-grid-item  uael-img-gallery-item-2\"><div class=\"uael-grid-item-content\"><a class=\"uael-grid-img uael-grid-gallery-img uael-ins-hover elementor-clickable\" data-fancybox=\"uael-gallery\" href=\"https:\/\/www.yachtingnews.com\/wp-content\/uploads\/2025\/07\/VanDutch-75-STD-Armatoriale-003-CV.jpg\" data-elementor-open-lightbox=\"no\"><div class=\"uael-grid-img-thumbnail uael-ins-target\"><img decoding=\"async\" width=\"1200\" height=\"600\" src=\"https:\/\/www.yachtingnews.com\/wp-content\/uploads\/2025\/07\/VanDutch-75-STD-Armatoriale-003-CV.jpg\" class=\"attachment-full size-full wp-image-150628\" alt=\"VanDutch 75 master cabin\" srcset=\"https:\/\/www.yachtingnews.com\/wp-content\/uploads\/2025\/07\/VanDutch-75-STD-Armatoriale-003-CV.jpg 1200w, https:\/\/www.yachtingnews.com\/wp-content\/uploads\/2025\/07\/VanDutch-75-STD-Armatoriale-003-CV-300x150.jpg 300w, https:\/\/www.yachtingnews.com\/wp-content\/uploads\/2025\/07\/VanDutch-75-STD-Armatoriale-003-CV-768x384.jpg 768w\" sizes=\"(max-width: 1200px) 100vw, 1200px\" \/><\/div><div class=\"uael-grid-img-overlay\"><\/div><\/a><\/div><\/div><div class=\"uael-grid-item  uael-img-gallery-item-3\"><div class=\"uael-grid-item-content\"><a class=\"uael-grid-img uael-grid-gallery-img uael-ins-hover elementor-clickable\" data-fancybox=\"uael-gallery\" href=\"https:\/\/www.yachtingnews.com\/wp-content\/uploads\/2025\/07\/VanDutch-75-STD-Armatoriale-004-CV.jpg\" data-elementor-open-lightbox=\"no\"><div class=\"uael-grid-img-thumbnail uael-ins-target\"><img decoding=\"async\" width=\"1200\" height=\"600\" src=\"https:\/\/www.yachtingnews.com\/wp-content\/uploads\/2025\/07\/VanDutch-75-STD-Armatoriale-004-CV.jpg\" class=\"attachment-full size-full wp-image-150638\" alt=\"cabin\" srcset=\"https:\/\/www.yachtingnews.com\/wp-content\/uploads\/2025\/07\/VanDutch-75-STD-Armatoriale-004-CV.jpg 1200w, https:\/\/www.yachtingnews.com\/wp-content\/uploads\/2025\/07\/VanDutch-75-STD-Armatoriale-004-CV-300x150.jpg 300w, https:\/\/www.yachtingnews.com\/wp-content\/uploads\/2025\/07\/VanDutch-75-STD-Armatoriale-004-CV-768x384.jpg 768w\" sizes=\"(max-width: 1200px) 100vw, 1200px\" \/><\/div><div class=\"uael-grid-img-overlay\"><\/div><\/a><\/div><\/div><div class=\"uael-grid-item  uael-img-gallery-item-4\"><div class=\"uael-grid-item-content\"><a class=\"uael-grid-img uael-grid-gallery-img uael-ins-hover elementor-clickable\" data-fancybox=\"uael-gallery\" href=\"https:\/\/www.yachtingnews.com\/wp-content\/uploads\/2025\/07\/VanDutch-75-STD-Salone-002-CV1.jpg\" data-elementor-open-lightbox=\"no\"><div class=\"uael-grid-img-thumbnail uael-ins-target\"><img decoding=\"async\" width=\"1200\" height=\"600\" src=\"https:\/\/www.yachtingnews.com\/wp-content\/uploads\/2025\/07\/VanDutch-75-STD-Salone-002-CV1.jpg\" class=\"attachment-full size-full wp-image-150623\" alt=\"VanDutch 75 main salon\" srcset=\"https:\/\/www.yachtingnews.com\/wp-content\/uploads\/2025\/07\/VanDutch-75-STD-Salone-002-CV1.jpg 1200w, https:\/\/www.yachtingnews.com\/wp-content\/uploads\/2025\/07\/VanDutch-75-STD-Salone-002-CV1-300x150.jpg 300w, https:\/\/www.yachtingnews.com\/wp-content\/uploads\/2025\/07\/VanDutch-75-STD-Salone-002-CV1-768x384.jpg 768w\" sizes=\"(max-width: 1200px) 100vw, 1200px\" \/><\/div><div class=\"uael-grid-img-overlay\"><\/div><\/a><\/div><\/div><div class=\"uael-grid-item  uael-img-gallery-item-5\"><div class=\"uael-grid-item-content\"><a class=\"uael-grid-img uael-grid-gallery-img uael-ins-hover elementor-clickable\" data-fancybox=\"uael-gallery\" href=\"https:\/\/www.yachtingnews.com\/wp-content\/uploads\/2025\/07\/VanDutch-75-STD-Salone-004-CV1.jpg\" data-elementor-open-lightbox=\"no\"><div class=\"uael-grid-img-thumbnail uael-ins-target\"><img decoding=\"async\" width=\"1200\" height=\"600\" src=\"https:\/\/www.yachtingnews.com\/wp-content\/uploads\/2025\/07\/VanDutch-75-STD-Salone-004-CV1.jpg\" class=\"attachment-full size-full wp-image-150618\" alt=\"salon\" srcset=\"https:\/\/www.yachtingnews.com\/wp-content\/uploads\/2025\/07\/VanDutch-75-STD-Salone-004-CV1.jpg 1200w, https:\/\/www.yachtingnews.com\/wp-content\/uploads\/2025\/07\/VanDutch-75-STD-Salone-004-CV1-300x150.jpg 300w, https:\/\/www.yachtingnews.com\/wp-content\/uploads\/2025\/07\/VanDutch-75-STD-Salone-004-CV1-768x384.jpg 768w\" sizes=\"(max-width: 1200px) 100vw, 1200px\" \/><\/div><div class=\"uael-grid-img-overlay\"><\/div><\/a><\/div><\/div><div class=\"uael-grid-item  uael-img-gallery-item-6\"><div class=\"uael-grid-item-content\"><a class=\"uael-grid-img uael-grid-gallery-img uael-ins-hover elementor-clickable\" data-fancybox=\"uael-gallery\" href=\"https:\/\/www.yachtingnews.com\/wp-content\/uploads\/2025\/07\/VanDutch-75-STD-Salone-005-CV.jpg\" data-elementor-open-lightbox=\"no\"><div class=\"uael-grid-img-thumbnail uael-ins-target\"><img decoding=\"async\" width=\"1200\" height=\"600\" src=\"https:\/\/www.yachtingnews.com\/wp-content\/uploads\/2025\/07\/VanDutch-75-STD-Salone-005-CV.jpg\" class=\"attachment-full size-full wp-image-150613\" alt=\"\" srcset=\"https:\/\/www.yachtingnews.com\/wp-content\/uploads\/2025\/07\/VanDutch-75-STD-Salone-005-CV.jpg 1200w, https:\/\/www.yachtingnews.com\/wp-content\/uploads\/2025\/07\/VanDutch-75-STD-Salone-005-CV-300x150.jpg 300w, https:\/\/www.yachtingnews.com\/wp-content\/uploads\/2025\/07\/VanDutch-75-STD-Salone-005-CV-768x384.jpg 768w\" sizes=\"(max-width: 1200px) 100vw, 1200px\" \/><\/div><div class=\"uael-grid-img-overlay\"><\/div><\/a><\/div><\/div><\/div><\/div>\t\t\t\t<\/div>\n\t\t\t\t<\/div>\n\t\t\t\t\t<\/div>\n\t\t<\/div>\n\t\t\t\t\t<\/div>\n\t\t<\/section>\n\t\t\t\t<section class=\"elementor-section elementor-top-section elementor-element elementor-element-6bcedf9 elementor-section-boxed elementor-section-height-default elementor-section-height-default\" data-id=\"6bcedf9\" data-element_type=\"section\" data-e-type=\"section\">\n\t\t\t\t\t\t<div class=\"elementor-container elementor-column-gap-default\">\n\t\t\t\t\t<div class=\"elementor-column elementor-col-100 elementor-top-column elementor-element elementor-element-2146520\" data-id=\"2146520\" data-element_type=\"column\" data-e-type=\"column\">\n\t\t\t<div class=\"elementor-widget-wrap elementor-element-populated\">\n\t\t\t\t\t\t<div class=\"elementor-element elementor-element-5a73e5b elementor-widget elementor-widget-text-editor\" data-id=\"5a73e5b\" data-element_type=\"widget\" data-e-type=\"widget\" data-widget_type=\"text-editor.default\">\n\t\t\t\t<div class=\"elementor-widget-container\">\n\t\t\t\t\t\t\t\t\t<p>En conclusi\u00f3n, la VanDutch 75 marca el tono de una nueva era estil\u00edstica para la marca <a href=\"https:\/\/yachtingnews.com\/?s=cantiere+del+pardo&amp;lang=en\">Cantiere del Pardo<\/a>. Varios elementos introducidos en este modelo dar\u00e1n forma a la futura \u00abidentidad familiar\u00bb VanDutch. Entre ellos: la caracter\u00edstica ventana lateral del casco, que realza el perfil con un refinado toque decorativo; los paneles horizontales lacados del techo, que ocultan con elegancia el sistema de aire acondicionado; y la iluminaci\u00f3n de riel dise\u00f1ada a medida, espec\u00edficamente desarrollada para uso marino.  <\/p><p>Los materiales de alta gama se tratan con una est\u00e9tica moderna y cohesiva que define un nuevo vocabulario estil\u00edstico que se transmitir\u00e1 a toda la gama VanDutch. Reforzando la naturaleza personalizable del proyecto, habr\u00e1 disponibles m\u00faltiples opciones de acabados y paletas para crear una atm\u00f3sfera a bordo \u00fanica y personal, adaptada al estilo de vida y las preferencias del propietario. <\/p><p>En cuanto a la propulsi\u00f3n, el VanDutch 75 estar\u00e1 propulsado por <b>tres <\/b> motores <strong><b> <\/b><\/strong>motores <strong>Volvo Penta IPS<\/strong> capaces de impulsar el yate hasta 40 nudos.<\/p><p><br><br><\/p><h3 class=\"western\">Especificaciones t\u00e9cnicas de VanDutch 75<\/h3><table border=\"0\" width=\"582\" cellspacing=\"0\" cellpadding=\"2\"><tbody><tr><td width=\"356\"><p>LOA<\/p><\/td><td width=\"218\"><p>22,18 m \/ 72,79 pies<\/p><\/td><\/tr><tr><td width=\"356\"><p>LH<\/p><\/td><td width=\"218\"><p>21,06 m \/ 69,09 pies<\/p><\/td><\/tr><tr><td width=\"356\"><p>LWL (carga completa)<\/p><\/td><td width=\"218\"><p>20,21 m \/ 66,29 pies<\/p><\/td><\/tr><tr><td width=\"356\"><p>Haz m\u00e1ximo<\/p><\/td><td width=\"218\"><p>5,80 m \/ 19,03 pies<\/p><\/td><\/tr><tr><td width=\"356\"><p>Calado m\u00e1ximo<\/p><\/td><td width=\"218\"><p>1,77 m \/ 5,81 pies<\/p><\/td><\/tr><tr><td width=\"356\"><p>Desplazamiento de la luz<\/p><\/td><td width=\"218\"><p>45,2 t \/ 99.616 lbs<\/p><\/td><\/tr><tr><td width=\"356\"><p>Desplazamiento de cargas<\/p><\/td><td width=\"218\"><p>52,3 t \/ 115.312 lbs<\/p><\/td><\/tr><tr><td width=\"356\"><p>Capacidad m\u00e1xima de pasajeros<\/p><\/td><td width=\"218\"><p>16<\/p><\/td><\/tr><tr><td width=\"356\"><p>Capacidad de combustible<\/p><\/td><td width=\"218\"><p>3.820 l \/ 1.008 gal EE.UU.<\/p><\/td><\/tr><tr><td width=\"356\"><p>Capacidad de agua dulce<\/p><\/td><td width=\"218\"><p>1.000 l \/ 264 US gal<\/p><\/td><\/tr><tr><td width=\"356\"><p>Categor\u00eda (CE 2003\/44)<\/p><\/td><td width=\"218\"><p>B, C<\/p><\/td><\/tr><tr><td width=\"356\"><p>Certificaci\u00f3n<\/p><\/td><td width=\"218\"><p>B<\/p><\/td><\/tr><tr><td width=\"356\"><p>Motores est\u00e1ndar<\/p><\/td><td width=\"218\"><p>3 x Volvo D13 IPS1050<\/p><\/td><\/tr><tr><td width=\"356\"><p>Motores opcionales<\/p><\/td><td width=\"218\"><p>3 x Volvo D13 IPS1350<\/p><\/td><\/tr><tr><td width=\"356\"><p>Constructor<\/p><\/td><td width=\"218\"><p>Cantiere del Pardo<\/p><\/td><\/tr><tr><td width=\"356\"><p>Arquitectura naval<\/p><\/td><td width=\"218\"><p>Dise\u00f1o Mulder<\/p><\/td><\/tr><tr><td width=\"356\"><p>Dise\u00f1o Interior y Exterior<\/p><\/td><td width=\"218\"><p>BurdissoCapponi Yates&amp;Dise\u00f1o<\/p><\/td><\/tr><\/tbody><\/table>\t\t\t\t\t\t\t\t<\/div>\n\t\t\t\t<\/div>\n\t\t\t\t\t<\/div>\n\t\t<\/div>\n\t\t\t\t\t<\/div>\n\t\t<\/section>\n\t\t\t\t<\/div>\n\t\t","protected":false},"excerpt":{"rendered":"<p>Se abre un nuevo cap\u00edtulo en la historia de Cantiere del Pardo. La legendaria marca presentar\u00e1 el nuevo VanDutch 75 en la pr\u00f3xima edici\u00f3n 2025 del Cannes Yachting Festival: una audaz evoluci\u00f3n que reinterpreta el lenguaje de dise\u00f1o VanDutch en clave contempor\u00e1nea, con el claro objetivo de refinar su inconfundible identidad hacia una nueva y [&hellip;]<\/p>\n","protected":false},"author":45,"featured_media":150611,"comment_status":"open","ping_status":"closed","sticky":false,"template":"","format":"standard","meta":{"_mo_disable_npp":"","footnotes":""},"categories":[2117,2163,2100],"tags":[2202,2281],"class_list":["post-150692","post","type-post","status-publish","format-standard","has-post-thumbnail","hentry","category-boat-shows","category-embarcaciones-a-motor","category-noticias-nauticas","tag-cantiere-del-pardo-es","tag-vandutch-es"],"yoast_head":"<!-- This site is optimized with the Yoast SEO plugin v28.3 - https:\/\/yoast.com\/product\/yoast-seo-wordpress\/ -->\n<title>VanDutch 75: el nuevo icono que debutar\u00e1 en el Cannes Yachting Festival - Yachting News<\/title>\n<meta name=\"description\" content=\"VanDutch 75 conserva el ic\u00f3nico estilo exterior que hizo de VanDutch Yachts una referencia mundial en el segmento de los open de lujo: perfil bajo...\" \/>\n<meta name=\"robots\" content=\"index, follow, max-snippet:-1, max-image-preview:large, max-video-preview:-1\" \/>\n<link rel=\"canonical\" href=\"https:\/\/www.yachtingnews.com\/es\/vandutch-75-el-nuevo-icono-que-debutara-en-el-cannes-yachting-festival\/\" \/>\n<meta property=\"og:locale\" content=\"es_ES\" \/>\n<meta property=\"og:type\" content=\"article\" \/>\n<meta property=\"og:title\" content=\"VanDutch 75: el nuevo icono que debutar\u00e1 en el Cannes Yachting Festival - Yachting News\" \/>\n<meta property=\"og:description\" content=\"VanDutch 75 conserva el ic\u00f3nico estilo exterior que hizo de VanDutch Yachts una referencia mundial en el segmento de los open de lujo: perfil bajo...\" \/>\n<meta property=\"og:url\" content=\"https:\/\/www.yachtingnews.com\/es\/vandutch-75-el-nuevo-icono-que-debutara-en-el-cannes-yachting-festival\/\" \/>\n<meta property=\"og:site_name\" content=\"Yachting News\" \/>\n<meta property=\"article:publisher\" content=\"https:\/\/www.facebook.com\/TheInternationalYachtingMedia\" \/>\n<meta property=\"article:published_time\" content=\"2025-07-23T01:58:00+00:00\" \/>\n<meta property=\"article:modified_time\" content=\"2025-08-23T16:39:14+00:00\" \/>\n<meta property=\"og:image\" content=\"https:\/\/www.yachtingnews.com\/wp-content\/uploads\/2025\/07\/vandutch-75-en.jpg\" \/>\n\t<meta property=\"og:image:width\" content=\"1400\" \/>\n\t<meta property=\"og:image:height\" content=\"787\" \/>\n\t<meta property=\"og:image:type\" content=\"image\/jpeg\" \/>\n<meta name=\"author\" content=\"Alessandro Giuzio\" \/>\n<meta name=\"twitter:card\" content=\"summary_large_image\" \/>\n<meta name=\"twitter:creator\" content=\"@YachtingMedia\" \/>\n<meta name=\"twitter:site\" content=\"@YachtingMedia\" \/>\n<meta name=\"twitter:label1\" content=\"Escrito por\" \/>\n\t<meta name=\"twitter:data1\" content=\"Alessandro Giuzio\" \/>\n\t<meta name=\"twitter:label2\" content=\"Tiempo de lectura\" \/>\n\t<meta name=\"twitter:data2\" content=\"6 minutos\" \/>\n<script type=\"application\/ld+json\" class=\"yoast-schema-graph\">{\"@context\":\"https:\\\/\\\/schema.org\",\"@graph\":[{\"@type\":\"Article\",\"@id\":\"https:\\\/\\\/www.yachtingnews.com\\\/es\\\/vandutch-75-el-nuevo-icono-que-debutara-en-el-cannes-yachting-festival\\\/#article\",\"isPartOf\":{\"@id\":\"https:\\\/\\\/www.yachtingnews.com\\\/es\\\/vandutch-75-el-nuevo-icono-que-debutara-en-el-cannes-yachting-festival\\\/\"},\"author\":{\"name\":\"Alessandro Giuzio\",\"@id\":\"https:\\\/\\\/www.yachtingnews.com\\\/es\\\/#\\\/schema\\\/person\\\/d2e99eb1c7ce9e28a78d15e3d5d68eb3\"},\"headline\":\"VanDutch 75: el nuevo icono que debutar\u00e1 en el Cannes Yachting Festival\",\"datePublished\":\"2025-07-23T01:58:00+00:00\",\"dateModified\":\"2025-08-23T16:39:14+00:00\",\"mainEntityOfPage\":{\"@id\":\"https:\\\/\\\/www.yachtingnews.com\\\/es\\\/vandutch-75-el-nuevo-icono-que-debutara-en-el-cannes-yachting-festival\\\/\"},\"wordCount\":1233,\"commentCount\":0,\"publisher\":{\"@id\":\"https:\\\/\\\/www.yachtingnews.com\\\/es\\\/#organization\"},\"image\":{\"@id\":\"https:\\\/\\\/www.yachtingnews.com\\\/es\\\/vandutch-75-el-nuevo-icono-que-debutara-en-el-cannes-yachting-festival\\\/#primaryimage\"},\"thumbnailUrl\":\"https:\\\/\\\/www.yachtingnews.com\\\/wp-content\\\/uploads\\\/2025\\\/07\\\/vandutch-75-en.jpg\",\"keywords\":[\"Cantiere del Pardo\",\"Vandutch\"],\"articleSection\":[\"BOAT SHOWS\",\"EMBARCACIONES A MOTOR\",\"Noticias\"],\"inLanguage\":\"es\",\"potentialAction\":[{\"@type\":\"CommentAction\",\"name\":\"Comment\",\"target\":[\"https:\\\/\\\/www.yachtingnews.com\\\/es\\\/vandutch-75-el-nuevo-icono-que-debutara-en-el-cannes-yachting-festival\\\/#respond\"]}]},{\"@type\":\"WebPage\",\"@id\":\"https:\\\/\\\/www.yachtingnews.com\\\/es\\\/vandutch-75-el-nuevo-icono-que-debutara-en-el-cannes-yachting-festival\\\/\",\"url\":\"https:\\\/\\\/www.yachtingnews.com\\\/es\\\/vandutch-75-el-nuevo-icono-que-debutara-en-el-cannes-yachting-festival\\\/\",\"name\":\"VanDutch 75: el nuevo icono que debutar\u00e1 en el Cannes Yachting Festival - Yachting News\",\"isPartOf\":{\"@id\":\"https:\\\/\\\/www.yachtingnews.com\\\/es\\\/#website\"},\"primaryImageOfPage\":{\"@id\":\"https:\\\/\\\/www.yachtingnews.com\\\/es\\\/vandutch-75-el-nuevo-icono-que-debutara-en-el-cannes-yachting-festival\\\/#primaryimage\"},\"image\":{\"@id\":\"https:\\\/\\\/www.yachtingnews.com\\\/es\\\/vandutch-75-el-nuevo-icono-que-debutara-en-el-cannes-yachting-festival\\\/#primaryimage\"},\"thumbnailUrl\":\"https:\\\/\\\/www.yachtingnews.com\\\/wp-content\\\/uploads\\\/2025\\\/07\\\/vandutch-75-en.jpg\",\"datePublished\":\"2025-07-23T01:58:00+00:00\",\"dateModified\":\"2025-08-23T16:39:14+00:00\",\"description\":\"VanDutch 75 conserva el ic\u00f3nico estilo exterior que hizo de VanDutch Yachts una referencia mundial en el segmento de los open de lujo: perfil bajo...\",\"breadcrumb\":{\"@id\":\"https:\\\/\\\/www.yachtingnews.com\\\/es\\\/vandutch-75-el-nuevo-icono-que-debutara-en-el-cannes-yachting-festival\\\/#breadcrumb\"},\"inLanguage\":\"es\",\"potentialAction\":[{\"@type\":\"ReadAction\",\"target\":[\"https:\\\/\\\/www.yachtingnews.com\\\/es\\\/vandutch-75-el-nuevo-icono-que-debutara-en-el-cannes-yachting-festival\\\/\"]}]},{\"@type\":\"ImageObject\",\"inLanguage\":\"es\",\"@id\":\"https:\\\/\\\/www.yachtingnews.com\\\/es\\\/vandutch-75-el-nuevo-icono-que-debutara-en-el-cannes-yachting-festival\\\/#primaryimage\",\"url\":\"https:\\\/\\\/www.yachtingnews.com\\\/wp-content\\\/uploads\\\/2025\\\/07\\\/vandutch-75-en.jpg\",\"contentUrl\":\"https:\\\/\\\/www.yachtingnews.com\\\/wp-content\\\/uploads\\\/2025\\\/07\\\/vandutch-75-en.jpg\",\"width\":1400,\"height\":787,\"caption\":\"vandutch-75-foto\"},{\"@type\":\"BreadcrumbList\",\"@id\":\"https:\\\/\\\/www.yachtingnews.com\\\/es\\\/vandutch-75-el-nuevo-icono-que-debutara-en-el-cannes-yachting-festival\\\/#breadcrumb\",\"itemListElement\":[{\"@type\":\"ListItem\",\"position\":1,\"name\":\"Home\",\"item\":\"https:\\\/\\\/www.yachtingnews.com\\\/es\\\/yachting-news-2\\\/\"},{\"@type\":\"ListItem\",\"position\":2,\"name\":\"VanDutch 75: el nuevo icono que debutar\u00e1 en el Cannes Yachting Festival\"}]},{\"@type\":\"WebSite\",\"@id\":\"https:\\\/\\\/www.yachtingnews.com\\\/es\\\/#website\",\"url\":\"https:\\\/\\\/www.yachtingnews.com\\\/es\\\/\",\"name\":\"Yachting News\",\"description\":\"The International Yachting Media\",\"publisher\":{\"@id\":\"https:\\\/\\\/www.yachtingnews.com\\\/es\\\/#organization\"},\"potentialAction\":[{\"@type\":\"SearchAction\",\"target\":{\"@type\":\"EntryPoint\",\"urlTemplate\":\"https:\\\/\\\/www.yachtingnews.com\\\/es\\\/?s={search_term_string}\"},\"query-input\":{\"@type\":\"PropertyValueSpecification\",\"valueRequired\":true,\"valueName\":\"search_term_string\"}}],\"inLanguage\":\"es\"},{\"@type\":\"Organization\",\"@id\":\"https:\\\/\\\/www.yachtingnews.com\\\/es\\\/#organization\",\"name\":\"Yachting News\",\"url\":\"https:\\\/\\\/www.yachtingnews.com\\\/es\\\/\",\"logo\":{\"@type\":\"ImageObject\",\"inLanguage\":\"es\",\"@id\":\"https:\\\/\\\/www.yachtingnews.com\\\/es\\\/#\\\/schema\\\/logo\\\/image\\\/\",\"url\":\"https:\\\/\\\/www.yachtingnews.com\\\/wp-content\\\/uploads\\\/2023\\\/02\\\/LOGO-Yachting-NEWS-blu-800.png\",\"contentUrl\":\"https:\\\/\\\/www.yachtingnews.com\\\/wp-content\\\/uploads\\\/2023\\\/02\\\/LOGO-Yachting-NEWS-blu-800.png\",\"width\":790,\"height\":99,\"caption\":\"Yachting News\"},\"image\":{\"@id\":\"https:\\\/\\\/www.yachtingnews.com\\\/es\\\/#\\\/schema\\\/logo\\\/image\\\/\"},\"sameAs\":[\"https:\\\/\\\/www.facebook.com\\\/TheInternationalYachtingMedia\",\"https:\\\/\\\/x.com\\\/YachtingMedia\",\"https:\\\/\\\/www.instagram.com\\\/yachting.news\\\/\",\"https:\\\/\\\/www.linkedin.com\\\/company\\\/the-international-yachting-media\",\"https:\\\/\\\/www.youtube.com\\\/c\\\/TheInternationalYachtingMedia\"]},{\"@type\":\"Person\",\"@id\":\"https:\\\/\\\/www.yachtingnews.com\\\/es\\\/#\\\/schema\\\/person\\\/d2e99eb1c7ce9e28a78d15e3d5d68eb3\",\"name\":\"Alessandro Giuzio\",\"image\":{\"@type\":\"ImageObject\",\"inLanguage\":\"es\",\"@id\":\"https:\\\/\\\/www.yachtingnews.com\\\/wp-content\\\/litespeed\\\/avatar\\\/a99e5f8da4fc551fb53eb9f1fec61fb4.jpg?ver=1787585046\",\"url\":\"https:\\\/\\\/www.yachtingnews.com\\\/wp-content\\\/litespeed\\\/avatar\\\/a99e5f8da4fc551fb53eb9f1fec61fb4.jpg?ver=1787585046\",\"contentUrl\":\"https:\\\/\\\/www.yachtingnews.com\\\/wp-content\\\/litespeed\\\/avatar\\\/a99e5f8da4fc551fb53eb9f1fec61fb4.jpg?ver=1787585046\",\"caption\":\"Alessandro Giuzio\"},\"description\":\"Alessandro is a professional journalist and contributes to The International Yachting Media since 2022. He is an expert on the sea and of course on boats.\",\"url\":\"https:\\\/\\\/www.yachtingnews.com\\\/es\\\/author\\\/alexgiuzio\\\/\"}]}<\/script>\n<!-- \/ Yoast SEO plugin. -->","yoast_head_json":{"title":"VanDutch 75: el nuevo icono que debutar\u00e1 en el Cannes Yachting Festival - Yachting News","description":"VanDutch 75 conserva el ic\u00f3nico estilo exterior que hizo de VanDutch Yachts una referencia mundial en el segmento de los open de lujo: perfil bajo...","robots":{"index":"index","follow":"follow","max-snippet":"max-snippet:-1","max-image-preview":"max-image-preview:large","max-video-preview":"max-video-preview:-1"},"canonical":"https:\/\/www.yachtingnews.com\/es\/vandutch-75-el-nuevo-icono-que-debutara-en-el-cannes-yachting-festival\/","og_locale":"es_ES","og_type":"article","og_title":"VanDutch 75: el nuevo icono que debutar\u00e1 en el Cannes Yachting Festival - Yachting News","og_description":"VanDutch 75 conserva el ic\u00f3nico estilo exterior que hizo de VanDutch Yachts una referencia mundial en el segmento de los open de lujo: perfil bajo...","og_url":"https:\/\/www.yachtingnews.com\/es\/vandutch-75-el-nuevo-icono-que-debutara-en-el-cannes-yachting-festival\/","og_site_name":"Yachting News","article_publisher":"https:\/\/www.facebook.com\/TheInternationalYachtingMedia","article_published_time":"2025-07-23T01:58:00+00:00","article_modified_time":"2025-08-23T16:39:14+00:00","og_image":[{"width":1400,"height":787,"url":"https:\/\/www.yachtingnews.com\/wp-content\/uploads\/2025\/07\/vandutch-75-en.jpg","type":"image\/jpeg"}],"author":"Alessandro Giuzio","twitter_card":"summary_large_image","twitter_creator":"@YachtingMedia","twitter_site":"@YachtingMedia","twitter_misc":{"Escrito por":"Alessandro Giuzio","Tiempo de lectura":"6 minutos"},"schema":{"@context":"https:\/\/schema.org","@graph":[{"@type":"Article","@id":"https:\/\/www.yachtingnews.com\/es\/vandutch-75-el-nuevo-icono-que-debutara-en-el-cannes-yachting-festival\/#article","isPartOf":{"@id":"https:\/\/www.yachtingnews.com\/es\/vandutch-75-el-nuevo-icono-que-debutara-en-el-cannes-yachting-festival\/"},"author":{"name":"Alessandro Giuzio","@id":"https:\/\/www.yachtingnews.com\/es\/#\/schema\/person\/d2e99eb1c7ce9e28a78d15e3d5d68eb3"},"headline":"VanDutch 75: el nuevo icono que debutar\u00e1 en el Cannes Yachting Festival","datePublished":"2025-07-23T01:58:00+00:00","dateModified":"2025-08-23T16:39:14+00:00","mainEntityOfPage":{"@id":"https:\/\/www.yachtingnews.com\/es\/vandutch-75-el-nuevo-icono-que-debutara-en-el-cannes-yachting-festival\/"},"wordCount":1233,"commentCount":0,"publisher":{"@id":"https:\/\/www.yachtingnews.com\/es\/#organization"},"image":{"@id":"https:\/\/www.yachtingnews.com\/es\/vandutch-75-el-nuevo-icono-que-debutara-en-el-cannes-yachting-festival\/#primaryimage"},"thumbnailUrl":"https:\/\/www.yachtingnews.com\/wp-content\/uploads\/2025\/07\/vandutch-75-en.jpg","keywords":["Cantiere del Pardo","Vandutch"],"articleSection":["BOAT SHOWS","EMBARCACIONES A MOTOR","Noticias"],"inLanguage":"es","potentialAction":[{"@type":"CommentAction","name":"Comment","target":["https:\/\/www.yachtingnews.com\/es\/vandutch-75-el-nuevo-icono-que-debutara-en-el-cannes-yachting-festival\/#respond"]}]},{"@type":"WebPage","@id":"https:\/\/www.yachtingnews.com\/es\/vandutch-75-el-nuevo-icono-que-debutara-en-el-cannes-yachting-festival\/","url":"https:\/\/www.yachtingnews.com\/es\/vandutch-75-el-nuevo-icono-que-debutara-en-el-cannes-yachting-festival\/","name":"VanDutch 75: el nuevo icono que debutar\u00e1 en el Cannes Yachting Festival - Yachting News","isPartOf":{"@id":"https:\/\/www.yachtingnews.com\/es\/#website"},"primaryImageOfPage":{"@id":"https:\/\/www.yachtingnews.com\/es\/vandutch-75-el-nuevo-icono-que-debutara-en-el-cannes-yachting-festival\/#primaryimage"},"image":{"@id":"https:\/\/www.yachtingnews.com\/es\/vandutch-75-el-nuevo-icono-que-debutara-en-el-cannes-yachting-festival\/#primaryimage"},"thumbnailUrl":"https:\/\/www.yachtingnews.com\/wp-content\/uploads\/2025\/07\/vandutch-75-en.jpg","datePublished":"2025-07-23T01:58:00+00:00","dateModified":"2025-08-23T16:39:14+00:00","description":"VanDutch 75 conserva el ic\u00f3nico estilo exterior que hizo de VanDutch Yachts una referencia mundial en el segmento de los open de lujo: perfil bajo...","breadcrumb":{"@id":"https:\/\/www.yachtingnews.com\/es\/vandutch-75-el-nuevo-icono-que-debutara-en-el-cannes-yachting-festival\/#breadcrumb"},"inLanguage":"es","potentialAction":[{"@type":"ReadAction","target":["https:\/\/www.yachtingnews.com\/es\/vandutch-75-el-nuevo-icono-que-debutara-en-el-cannes-yachting-festival\/"]}]},{"@type":"ImageObject","inLanguage":"es","@id":"https:\/\/www.yachtingnews.com\/es\/vandutch-75-el-nuevo-icono-que-debutara-en-el-cannes-yachting-festival\/#primaryimage","url":"https:\/\/www.yachtingnews.com\/wp-content\/uploads\/2025\/07\/vandutch-75-en.jpg","contentUrl":"https:\/\/www.yachtingnews.com\/wp-content\/uploads\/2025\/07\/vandutch-75-en.jpg","width":1400,"height":787,"caption":"vandutch-75-foto"},{"@type":"BreadcrumbList","@id":"https:\/\/www.yachtingnews.com\/es\/vandutch-75-el-nuevo-icono-que-debutara-en-el-cannes-yachting-festival\/#breadcrumb","itemListElement":[{"@type":"ListItem","position":1,"name":"Home","item":"https:\/\/www.yachtingnews.com\/es\/yachting-news-2\/"},{"@type":"ListItem","position":2,"name":"VanDutch 75: el nuevo icono que debutar\u00e1 en el Cannes Yachting Festival"}]},{"@type":"WebSite","@id":"https:\/\/www.yachtingnews.com\/es\/#website","url":"https:\/\/www.yachtingnews.com\/es\/","name":"Yachting News","description":"The International Yachting Media","publisher":{"@id":"https:\/\/www.yachtingnews.com\/es\/#organization"},"potentialAction":[{"@type":"SearchAction","target":{"@type":"EntryPoint","urlTemplate":"https:\/\/www.yachtingnews.com\/es\/?s={search_term_string}"},"query-input":{"@type":"PropertyValueSpecification","valueRequired":true,"valueName":"search_term_string"}}],"inLanguage":"es"},{"@type":"Organization","@id":"https:\/\/www.yachtingnews.com\/es\/#organization","name":"Yachting News","url":"https:\/\/www.yachtingnews.com\/es\/","logo":{"@type":"ImageObject","inLanguage":"es","@id":"https:\/\/www.yachtingnews.com\/es\/#\/schema\/logo\/image\/","url":"https:\/\/www.yachtingnews.com\/wp-content\/uploads\/2023\/02\/LOGO-Yachting-NEWS-blu-800.png","contentUrl":"https:\/\/www.yachtingnews.com\/wp-content\/uploads\/2023\/02\/LOGO-Yachting-NEWS-blu-800.png","width":790,"height":99,"caption":"Yachting News"},"image":{"@id":"https:\/\/www.yachtingnews.com\/es\/#\/schema\/logo\/image\/"},"sameAs":["https:\/\/www.facebook.com\/TheInternationalYachtingMedia","https:\/\/x.com\/YachtingMedia","https:\/\/www.instagram.com\/yachting.news\/","https:\/\/www.linkedin.com\/company\/the-international-yachting-media","https:\/\/www.youtube.com\/c\/TheInternationalYachtingMedia"]},{"@type":"Person","@id":"https:\/\/www.yachtingnews.com\/es\/#\/schema\/person\/d2e99eb1c7ce9e28a78d15e3d5d68eb3","name":"Alessandro Giuzio","image":{"@type":"ImageObject","inLanguage":"es","@id":"https:\/\/www.yachtingnews.com\/wp-content\/litespeed\/avatar\/a99e5f8da4fc551fb53eb9f1fec61fb4.jpg?ver=1787585046","url":"https:\/\/www.yachtingnews.com\/wp-content\/litespeed\/avatar\/a99e5f8da4fc551fb53eb9f1fec61fb4.jpg?ver=1787585046","contentUrl":"https:\/\/www.yachtingnews.com\/wp-content\/litespeed\/avatar\/a99e5f8da4fc551fb53eb9f1fec61fb4.jpg?ver=1787585046","caption":"Alessandro Giuzio"},"description":"Alessandro is a professional journalist and contributes to The International Yachting Media since 2022. He is an expert on the sea and of course on boats.","url":"https:\/\/www.yachtingnews.com\/es\/author\/alexgiuzio\/"}]}},"_links":{"self":[{"href":"https:\/\/www.yachtingnews.com\/es\/wp-json\/wp\/v2\/posts\/150692","targetHints":{"allow":["GET"]}}],"collection":[{"href":"https:\/\/www.yachtingnews.com\/es\/wp-json\/wp\/v2\/posts"}],"about":[{"href":"https:\/\/www.yachtingnews.com\/es\/wp-json\/wp\/v2\/types\/post"}],"author":[{"embeddable":true,"href":"https:\/\/www.yachtingnews.com\/es\/wp-json\/wp\/v2\/users\/45"}],"replies":[{"embeddable":true,"href":"https:\/\/www.yachtingnews.com\/es\/wp-json\/wp\/v2\/comments?post=150692"}],"version-history":[{"count":0,"href":"https:\/\/www.yachtingnews.com\/es\/wp-json\/wp\/v2\/posts\/150692\/revisions"}],"wp:featuredmedia":[{"embeddable":true,"href":"https:\/\/www.yachtingnews.com\/es\/wp-json\/wp\/v2\/media\/150611"}],"wp:attachment":[{"href":"https:\/\/www.yachtingnews.com\/es\/wp-json\/wp\/v2\/media?parent=150692"}],"wp:term":[{"taxonomy":"category","embeddable":true,"href":"https:\/\/www.yachtingnews.com\/es\/wp-json\/wp\/v2\/categories?post=150692"},{"taxonomy":"post_tag","embeddable":true,"href":"https:\/\/www.yachtingnews.com\/es\/wp-json\/wp\/v2\/tags?post=150692"}],"curies":[{"name":"wp","href":"https:\/\/api.w.org\/{rel}","templated":true}]}}