{"id":155261,"date":"2025-08-25T01:05:00","date_gmt":"2025-08-25T00:05:00","guid":{"rendered":"https:\/\/yachtingnews.com\/selva-black-bass-8-y-vib-270-prueba-en-el-mar-de-un-duo-ganador\/"},"modified":"2026-01-23T13:57:03","modified_gmt":"2026-01-23T12:57:03","slug":"selva-black-bass-8-y-vib-270-prueba-en-el-mar-de-un-duo-ganador","status":"publish","type":"post","link":"https:\/\/www.yachtingnews.com\/es\/selva-black-bass-8-y-vib-270-prueba-en-el-mar-de-un-duo-ganador\/","title":{"rendered":"Selva Black Bass 8 y VIB 270: prueba en el mar de un d\u00fao ganador"},"content":{"rendered":"\t\t<div data-elementor-type=\"wp-post\" data-elementor-id=\"155261\" class=\"elementor elementor-155261 elementor-155229\" data-elementor-post-type=\"post\">\n\t\t\t\t\t\t<section class=\"elementor-section elementor-top-section elementor-element elementor-element-1635f7c7 elementor-section-boxed elementor-section-height-default elementor-section-height-default\" data-id=\"1635f7c7\" data-element_type=\"section\" data-e-type=\"section\">\n\t\t\t\t\t\t<div class=\"elementor-container elementor-column-gap-default\">\n\t\t\t\t\t<div class=\"elementor-column elementor-col-100 elementor-top-column elementor-element elementor-element-7f26bfc7\" data-id=\"7f26bfc7\" data-element_type=\"column\" data-e-type=\"column\">\n\t\t\t<div class=\"elementor-widget-wrap elementor-element-populated\">\n\t\t\t\t\t\t<div class=\"elementor-element elementor-element-5505d25a elementor-widget elementor-widget-text-editor\" data-id=\"5505d25a\" data-element_type=\"widget\" data-e-type=\"widget\" data-widget_type=\"text-editor.default\">\n\t\t\t\t<div class=\"elementor-widget-container\">\n\t\t\t\t\t\t\t\t\t\n<p> <\/p>\n\n<p align=\"CENTER\"><strong>Selva Black Bass 8 y Tender VIB 270  <\/strong><\/p>\n<p>Un auxiliar y un fueraborda son dos accesorios esenciales a bordo de cualquier embarcaci\u00f3n. En esta prueba de mar, realizada en aguas de Cerde\u00f1a, probamos un d\u00fao que nos impresion\u00f3 desde el primer momento: el motor <b>fueraborda<a href=\"https:\/\/yachtingnews.com\/es\/selva-black-bass-8-test\/\">Selva Black Bass 8<\/a><\/b> y el auxiliar <b>Selva VIB 270<\/b>, ambos productos de la empresa <a href=\"https:\/\/yachtingnews.com\/?s=selva+marine&amp;lang=en\"><b>familia Selva Marine<\/b><\/a> Selva Marine. Un binomio que va m\u00e1s all\u00e1 de las funciones cl\u00e1sicas de un auxiliar, permitiendo explorar bah\u00edas m\u00e1s lejanas, llegar a nuevos destinos sin mover la embarcaci\u00f3n nodriza, y vivir el mar con mayor libertad.  <\/p>\n\n<p> <\/p>\n\t\t\t\t\t\t\t\t<\/div>\n\t\t\t\t<\/div>\n\t\t\t\t\t<\/div>\n\t\t<\/div>\n\t\t\t\t\t<\/div>\n\t\t<\/section>\n\t\t\t\t<section class=\"elementor-section elementor-top-section elementor-element elementor-element-3b1fc81 elementor-section-boxed elementor-section-height-default elementor-section-height-default\" data-id=\"3b1fc81\" data-element_type=\"section\" data-e-type=\"section\">\n\t\t\t\t\t\t<div class=\"elementor-container elementor-column-gap-default\">\n\t\t\t\t\t<div class=\"elementor-column elementor-col-100 elementor-top-column elementor-element elementor-element-af1cd19\" data-id=\"af1cd19\" data-element_type=\"column\" data-e-type=\"column\">\n\t\t\t<div class=\"elementor-widget-wrap elementor-element-populated\">\n\t\t\t\t\t\t<div class=\"elementor-element elementor-element-9f60e63 elementor-widget elementor-widget-video\" data-id=\"9f60e63\" data-element_type=\"widget\" data-e-type=\"widget\" data-settings=\"{&quot;youtube_url&quot;:&quot;https:\\\/\\\/youtu.be\\\/0RSvCZKtm20?si=5PbjPgjE1Ci8-a9D&quot;,&quot;video_type&quot;:&quot;youtube&quot;,&quot;controls&quot;:&quot;yes&quot;}\" data-widget_type=\"video.default\">\n\t\t\t\t<div class=\"elementor-widget-container\">\n\t\t\t\t\t\t\t<div class=\"elementor-wrapper elementor-open-inline\">\n\t\t\t<div class=\"elementor-video\"><\/div>\t\t<\/div>\n\t\t\t\t\t\t<\/div>\n\t\t\t\t<\/div>\n\t\t\t\t\t<\/div>\n\t\t<\/div>\n\t\t\t\t\t<\/div>\n\t\t<\/section>\n\t\t\t\t<section class=\"elementor-section elementor-top-section elementor-element elementor-element-36831ce elementor-section-boxed elementor-section-height-default elementor-section-height-default\" data-id=\"36831ce\" data-element_type=\"section\" data-e-type=\"section\">\n\t\t\t\t\t\t<div class=\"elementor-container elementor-column-gap-default\">\n\t\t\t\t\t<div class=\"elementor-column elementor-col-100 elementor-top-column elementor-element elementor-element-4533d28\" data-id=\"4533d28\" data-element_type=\"column\" data-e-type=\"column\">\n\t\t\t<div class=\"elementor-widget-wrap elementor-element-populated\">\n\t\t\t\t\t\t<div class=\"elementor-element elementor-element-7c6e4f2 elementor-widget elementor-widget-text-editor\" data-id=\"7c6e4f2\" data-element_type=\"widget\" data-e-type=\"widget\" data-widget_type=\"text-editor.default\">\n\t\t\t\t<div class=\"elementor-widget-container\">\n\t\t\t\t\t\t\t\t\t<h3 class=\"western\">Selva VIB 270: un t\u00e9nder compacto y sorprendente<\/h3>\n<p>La Selva VIB 270 <b>mide 2,70 m de eslora<\/b>, con <b>tubos de 43 cm<\/b>, y pesa s\u00f3lo <b>26 kg<\/b>. Es una embarcaci\u00f3n auxiliar extremadamente pr\u00e1ctica, que se distingue por su quilla hinchable de alta presi\u00f3n en forma de V: una <b>soluci\u00f3n innovadora<\/b> que ofrece las ventajas de un casco en forma de V sin el peso y el volumen de una quilla r\u00edgida. La calidad de construcci\u00f3n es excelente: <b>cinco compartimentos independientes<\/b> (tres en los tubos y dos en la quilla), tejidos resistentes y detalles bien acabados. La embarcaci\u00f3n auxiliar VIB 270 permaneci\u00f3 siempre en el agua, remolcada durante semanas, sin mostrar ninguna debilidad. Un comportamiento que confirma la <b>calidad de su dise\u00f1o y materiales. <\/b>     <\/p>\n<p><img decoding=\"async\" class=\"aligncenter wp-image-155246 size-full\" title=\"prueba de selva marine\" src=\"https:\/\/yachtingnews.com\/wp-content\/uploads\/2025\/08\/Prova-Selva-Black-Bass-8-e-VIB-270-2.png\" alt=\"prueba de selva marine\" width=\"1600\" height=\"900\" srcset=\"https:\/\/www.yachtingnews.com\/wp-content\/uploads\/2025\/08\/Prova-Selva-Black-Bass-8-e-VIB-270-2.png 1600w, https:\/\/www.yachtingnews.com\/wp-content\/uploads\/2025\/08\/Prova-Selva-Black-Bass-8-e-VIB-270-2-300x169.png 300w, https:\/\/www.yachtingnews.com\/wp-content\/uploads\/2025\/08\/Prova-Selva-Black-Bass-8-e-VIB-270-2-768x432.png 768w, https:\/\/www.yachtingnews.com\/wp-content\/uploads\/2025\/08\/Prova-Selva-Black-Bass-8-e-VIB-270-2-1536x864.png 1536w\" sizes=\"(max-width: 1600px) 100vw, 1600px\" \/><\/p>\n<h3 class=\"western\"><span style=\"font-family: apple-system, BlinkMacSystemFont, Segoe UI, Roboto, Helvetica Neue, Arial, Noto Sans, sans-serif, Apple Color Emoji, Segoe UI Emoji, Segoe UI Symbol, Noto Color Emoji;\">Especificaciones t\u00e9cnicas Selva VIB 270<\/span><\/h3>\n<table border=\"0\" width=\"189\" cellspacing=\"0\" cellpadding=\"2\">\n<tbody>\n<tr>\n<td width=\"125\">\n<p>LOA<\/p>\n<\/td>\n<td width=\"57\">\n<p>267 cm<\/p>\n<\/td>\n<\/tr>\n<tr>\n<td width=\"125\">\n<p>Haz m\u00e1ximo<\/p>\n<\/td>\n<td width=\"57\">\n<p>153 cm<\/p>\n<\/td>\n<\/tr>\n<tr>\n<td width=\"125\">\n<p>Tubos<\/p>\n<\/td>\n<td width=\"57\">\n<p>42,5 cm<\/p>\n<\/td>\n<\/tr>\n<tr>\n<td width=\"125\">\n<p>Compartimentos<\/p>\n<\/td>\n<td width=\"57\">\n<p>5<\/p>\n<\/td>\n<\/tr>\n<tr>\n<td width=\"125\">\n<p>Peso<\/p>\n<\/td>\n<td width=\"57\">\n<p>26 kg<\/p>\n<\/td>\n<\/tr>\n<\/tbody>\n<\/table>\n<h3 class=\"western\">Selva Black Bass 8: el fueraborda m\u00e1s ligero de su clase<\/h3>\n<p>El Black Bass 8 es un motor monocil\u00edndrico de <b>165 cc<\/b> refrigerado por agua, y con s\u00f3lo <b>27 kg<\/b> es <b>el fueraborda m\u00e1s ligero de su categor\u00eda.<\/b> Esto marca una verdadera diferencia a la hora de manejarlo a bordo o de montarlo y desmontarlo de la embarcaci\u00f3n auxiliar. La versi\u00f3n que probamos viene con<b> arranque el\u00e9ctrico<\/b>, una caracter\u00edstica que elimina el esfuerzo de la tradicional cuerda de tracci\u00f3n: basta con girar la llave, engranar la marcha y ya est\u00e1s listo para partir. El Black Bass 8 tambi\u00e9n est\u00e1 disponible con un <b>eje largo<\/b>, ideal para peque\u00f1os veleros o embarcaciones ligeras, y en una robusta versi\u00f3n de trabajo, el <i><b>Pie Grande<\/b><\/i>con una unidad inferior reforzada para un uso intensivo.  <\/p>\n<h3 class=\"western\">Selva Black Bass 8 y VIB 270 en marcha: estabilidad, silencio y emociones<\/h3>\n<p>Incluso al ralent\u00ed, el Black Bass 8 destaca por su <b>silencio:<\/b> la refrigeraci\u00f3n por agua reduce las emisiones de ruido y hace que la navegaci\u00f3n sea extremadamente discreta. <b>La maniobrabilidad es excelente<\/b>: la quilla hinchable en forma de V permite giros r\u00e1pidos y precisos, y el auxiliar responde sin vacilar. Para subir al avi\u00f3n, s\u00f3lo hace falta un truco: desplazar el peso hacia delante antes de acelerar. El resultado es inmediato: en cuesti\u00f3n de segundos, la proa se asienta en el agua y la embarcaci\u00f3n se mueve con rapidez y estabilidad, incluso con dos personas a bordo.  <\/p>\n<p>Alcanzamos una velocidad m\u00e1xima cercana a <b>los 15 nudos<\/b>, un resultado impresionante para un auxiliar de este tama\u00f1o. La reserva de potencia del fueraborda es evidente, al igual que la capacidad del VIB 270 para mantener el ritmo: incluso en los giros, incluso al cruzar estelas, el auxiliar se mantiene seco, s\u00f3lido y f\u00e1cil de manejar. La transici\u00f3n del planeo al desplazamiento s\u00f3lo requiere una deceleraci\u00f3n suave, evitando que la ola de popa vuelva a subir a bordo. Una maniobra sencilla que confirma la <b>fiabilidad y estabilidad <\/b>de esta peque\u00f1a pero capaz embarcaci\u00f3n.   <\/p>\n<p><img decoding=\"async\" class=\"aligncenter wp-image-155236 size-full\" title=\"black bass 8 fueraborda\" src=\"https:\/\/yachtingnews.com\/wp-content\/uploads\/2025\/08\/selva-ourboard.webp\" alt=\"black bass 8 fueraborda\" width=\"1600\" height=\"900\" srcset=\"https:\/\/www.yachtingnews.com\/wp-content\/uploads\/2025\/08\/selva-ourboard.webp 1600w, https:\/\/www.yachtingnews.com\/wp-content\/uploads\/2025\/08\/selva-ourboard-300x169.webp 300w, https:\/\/www.yachtingnews.com\/wp-content\/uploads\/2025\/08\/selva-ourboard-768x432.webp 768w, https:\/\/www.yachtingnews.com\/wp-content\/uploads\/2025\/08\/selva-ourboard-1536x864.webp 1536w\" sizes=\"(max-width: 1600px) 100vw, 1600px\" \/><\/p>\n<h3 class=\"western\">Alcance y libertad<\/h3>\n<p>El Black Bass 8 funciona con un <b>dep\u00f3sito de combustible independiente, lo que<\/b> garantiza una mayor autonom\u00eda en comparaci\u00f3n con los fuerabordas tradicionales de dep\u00f3sito integrado. Esto se traduce en m\u00e1s tiempo en el agua, m\u00e1s autonom\u00eda y m\u00e1s libertad para explorar sin depender de la embarcaci\u00f3n principal. En tres meses de uso intensivo, registramos<b> m\u00e1s de 40 horas de navegaci\u00f3n <\/b>con el Black Bass 8.  <\/p>\n<h3 class=\"western\">Especificaciones t\u00e9cnicas Selva Black Bass 8<\/h3>\n<table border=\"0\" width=\"221\" cellspacing=\"0\" cellpadding=\"2\">\n<tbody>\n<tr>\n<td width=\"112\">\n<p>Potencia (CV)<\/p>\n<\/td>\n<td width=\"100\">\n<p>8<\/p>\n<\/td>\n<\/tr>\n<tr>\n<td width=\"112\">\n<p>Potencia (kW)<\/p>\n<\/td>\n<td width=\"100\">\n<p>5,9<\/p>\n<\/td>\n<\/tr>\n<tr>\n<td width=\"112\">\n<p>RPM m\u00e1x.<\/p>\n<\/td>\n<td width=\"100\">\n<p>5500 \/ 6000<\/p>\n<\/td>\n<\/tr>\n<tr>\n<td width=\"112\">\n<p>Motor<\/p>\n<\/td>\n<td width=\"100\">\n<p>SOHC de 4 tiempos<\/p>\n<\/td>\n<\/tr>\n<tr>\n<td width=\"112\">\n<p>Peso<\/p>\n<\/td>\n<td width=\"100\">\n<p>27 Kg<\/p>\n<\/td>\n<\/tr>\n<\/tbody>\n<\/table>\t\t\t\t\t\t\t\t<\/div>\n\t\t\t\t<\/div>\n\t\t\t\t\t<\/div>\n\t\t<\/div>\n\t\t\t\t\t<\/div>\n\t\t<\/section>\n\t\t\t\t<\/div>\n\t\t","protected":false},"excerpt":{"rendered":"<p>Selva Black Bass 8 y Tender VIB 270 Un auxiliar y un fueraborda son dos accesorios esenciales a bordo de cualquier embarcaci\u00f3n. En esta prueba de mar, realizada en aguas de Cerde\u00f1a, probamos un d\u00fao que nos impresion\u00f3 desde el primer momento: el motor fuerabordaSelva Black Bass 8 y el auxiliar Selva VIB 270, ambos [&hellip;]<\/p>\n","protected":false},"author":10,"featured_media":155245,"comment_status":"open","ping_status":"closed","sticky":false,"template":"","format":"standard","meta":{"_mo_disable_npp":"","footnotes":""},"categories":[2180,2139,2100,2114],"tags":[4644,2185,4645],"class_list":["post-155261","post","type-post","status-publish","format-standard","has-post-thumbnail","hentry","category-canal-video","category-motores","category-noticias-nauticas","category-pruebas","tag-selva-black-bass-8-es","tag-selva-marine-es","tag-vib-270-es"],"yoast_head":"<!-- This site is optimized with the Yoast SEO plugin v28.3 - https:\/\/yoast.com\/product\/yoast-seo-wordpress\/ -->\n<title>Black Bass 8 y VIB 270: prueba en el mar de un d\u00fao ganador - Yachting News<\/title>\n<meta name=\"description\" content=\"El Black Bass 8 es un motor monocil\u00edndrico de 165 cc refrigerado por agua que, con s\u00f3lo 27 kg, es el fueraborda m\u00e1s ligero de su categor\u00eda...\" \/>\n<meta name=\"robots\" content=\"index, follow, max-snippet:-1, max-image-preview:large, max-video-preview:-1\" \/>\n<link rel=\"canonical\" href=\"https:\/\/www.yachtingnews.com\/es\/selva-black-bass-8-y-vib-270-prueba-en-el-mar-de-un-duo-ganador\/\" \/>\n<meta property=\"og:locale\" content=\"es_ES\" \/>\n<meta property=\"og:type\" content=\"article\" \/>\n<meta property=\"og:title\" content=\"Black Bass 8 y VIB 270: prueba en el mar de un d\u00fao ganador - Yachting News\" \/>\n<meta property=\"og:description\" content=\"El Black Bass 8 es un motor monocil\u00edndrico de 165 cc refrigerado por agua que, con s\u00f3lo 27 kg, es el fueraborda m\u00e1s ligero de su categor\u00eda...\" \/>\n<meta property=\"og:url\" content=\"https:\/\/www.yachtingnews.com\/es\/selva-black-bass-8-y-vib-270-prueba-en-el-mar-de-un-duo-ganador\/\" \/>\n<meta property=\"og:site_name\" content=\"Yachting News\" \/>\n<meta property=\"article:publisher\" content=\"https:\/\/www.facebook.com\/TheInternationalYachtingMedia\" \/>\n<meta property=\"article:published_time\" content=\"2025-08-25T00:05:00+00:00\" \/>\n<meta property=\"article:modified_time\" content=\"2026-01-23T12:57:03+00:00\" \/>\n<meta property=\"og:image\" content=\"https:\/\/www.yachtingnews.com\/wp-content\/uploads\/2025\/08\/Prova-Selva-Black-Bass-8-e-VIB-270.png\" \/>\n\t<meta property=\"og:image:width\" content=\"1600\" \/>\n\t<meta property=\"og:image:height\" content=\"900\" \/>\n\t<meta property=\"og:image:type\" content=\"image\/png\" \/>\n<meta name=\"author\" content=\"Luca D&#039;Ambrosio\" \/>\n<meta name=\"twitter:card\" content=\"summary_large_image\" \/>\n<meta name=\"twitter:creator\" content=\"@YachtingMedia\" \/>\n<meta name=\"twitter:site\" content=\"@YachtingMedia\" \/>\n<meta name=\"twitter:label1\" content=\"Escrito por\" \/>\n\t<meta name=\"twitter:data1\" content=\"Luca D&#039;Ambrosio\" \/>\n\t<meta name=\"twitter:label2\" content=\"Tiempo de lectura\" \/>\n\t<meta name=\"twitter:data2\" content=\"4 minutos\" \/>\n<script type=\"application\/ld+json\" class=\"yoast-schema-graph\">{\"@context\":\"https:\\\/\\\/schema.org\",\"@graph\":[{\"@type\":\"Article\",\"@id\":\"https:\\\/\\\/www.yachtingnews.com\\\/es\\\/selva-black-bass-8-y-vib-270-prueba-en-el-mar-de-un-duo-ganador\\\/#article\",\"isPartOf\":{\"@id\":\"https:\\\/\\\/www.yachtingnews.com\\\/es\\\/selva-black-bass-8-y-vib-270-prueba-en-el-mar-de-un-duo-ganador\\\/\"},\"author\":{\"name\":\"Luca D'Ambrosio\",\"@id\":\"https:\\\/\\\/www.yachtingnews.com\\\/es\\\/#\\\/schema\\\/person\\\/f82bb28662e582bd09ecf64c2723e34e\"},\"headline\":\"Selva Black Bass 8 y VIB 270: prueba en el mar de un d\u00fao ganador\",\"datePublished\":\"2025-08-25T00:05:00+00:00\",\"dateModified\":\"2026-01-23T12:57:03+00:00\",\"mainEntityOfPage\":{\"@id\":\"https:\\\/\\\/www.yachtingnews.com\\\/es\\\/selva-black-bass-8-y-vib-270-prueba-en-el-mar-de-un-duo-ganador\\\/\"},\"wordCount\":716,\"commentCount\":0,\"publisher\":{\"@id\":\"https:\\\/\\\/www.yachtingnews.com\\\/es\\\/#organization\"},\"image\":{\"@id\":\"https:\\\/\\\/www.yachtingnews.com\\\/es\\\/selva-black-bass-8-y-vib-270-prueba-en-el-mar-de-un-duo-ganador\\\/#primaryimage\"},\"thumbnailUrl\":\"https:\\\/\\\/www.yachtingnews.com\\\/wp-content\\\/uploads\\\/2025\\\/08\\\/Prova-Selva-Black-Bass-8-e-VIB-270.png\",\"keywords\":[\"selva black bass 8\",\"Selva Marine\",\"vib 270\"],\"articleSection\":[\"Canal de v\u00eddeo\",\"Motores\",\"Noticias\",\"Pruebas en barco\"],\"inLanguage\":\"es\",\"potentialAction\":[{\"@type\":\"CommentAction\",\"name\":\"Comment\",\"target\":[\"https:\\\/\\\/www.yachtingnews.com\\\/es\\\/selva-black-bass-8-y-vib-270-prueba-en-el-mar-de-un-duo-ganador\\\/#respond\"]}]},{\"@type\":\"WebPage\",\"@id\":\"https:\\\/\\\/www.yachtingnews.com\\\/es\\\/selva-black-bass-8-y-vib-270-prueba-en-el-mar-de-un-duo-ganador\\\/\",\"url\":\"https:\\\/\\\/www.yachtingnews.com\\\/es\\\/selva-black-bass-8-y-vib-270-prueba-en-el-mar-de-un-duo-ganador\\\/\",\"name\":\"Black Bass 8 y VIB 270: prueba en el mar de un d\u00fao ganador - Yachting News\",\"isPartOf\":{\"@id\":\"https:\\\/\\\/www.yachtingnews.com\\\/es\\\/#website\"},\"primaryImageOfPage\":{\"@id\":\"https:\\\/\\\/www.yachtingnews.com\\\/es\\\/selva-black-bass-8-y-vib-270-prueba-en-el-mar-de-un-duo-ganador\\\/#primaryimage\"},\"image\":{\"@id\":\"https:\\\/\\\/www.yachtingnews.com\\\/es\\\/selva-black-bass-8-y-vib-270-prueba-en-el-mar-de-un-duo-ganador\\\/#primaryimage\"},\"thumbnailUrl\":\"https:\\\/\\\/www.yachtingnews.com\\\/wp-content\\\/uploads\\\/2025\\\/08\\\/Prova-Selva-Black-Bass-8-e-VIB-270.png\",\"datePublished\":\"2025-08-25T00:05:00+00:00\",\"dateModified\":\"2026-01-23T12:57:03+00:00\",\"description\":\"El Black Bass 8 es un motor monocil\u00edndrico de 165 cc refrigerado por agua que, con s\u00f3lo 27 kg, es el fueraborda m\u00e1s ligero de su categor\u00eda...\",\"breadcrumb\":{\"@id\":\"https:\\\/\\\/www.yachtingnews.com\\\/es\\\/selva-black-bass-8-y-vib-270-prueba-en-el-mar-de-un-duo-ganador\\\/#breadcrumb\"},\"inLanguage\":\"es\",\"potentialAction\":[{\"@type\":\"ReadAction\",\"target\":[\"https:\\\/\\\/www.yachtingnews.com\\\/es\\\/selva-black-bass-8-y-vib-270-prueba-en-el-mar-de-un-duo-ganador\\\/\"]}]},{\"@type\":\"ImageObject\",\"inLanguage\":\"es\",\"@id\":\"https:\\\/\\\/www.yachtingnews.com\\\/es\\\/selva-black-bass-8-y-vib-270-prueba-en-el-mar-de-un-duo-ganador\\\/#primaryimage\",\"url\":\"https:\\\/\\\/www.yachtingnews.com\\\/wp-content\\\/uploads\\\/2025\\\/08\\\/Prova-Selva-Black-Bass-8-e-VIB-270.png\",\"contentUrl\":\"https:\\\/\\\/www.yachtingnews.com\\\/wp-content\\\/uploads\\\/2025\\\/08\\\/Prova-Selva-Black-Bass-8-e-VIB-270.png\",\"width\":1600,\"height\":900,\"caption\":\"Selva-Black-Bass-8-y-VIB-270-prueba\"},{\"@type\":\"BreadcrumbList\",\"@id\":\"https:\\\/\\\/www.yachtingnews.com\\\/es\\\/selva-black-bass-8-y-vib-270-prueba-en-el-mar-de-un-duo-ganador\\\/#breadcrumb\",\"itemListElement\":[{\"@type\":\"ListItem\",\"position\":1,\"name\":\"Home\",\"item\":\"https:\\\/\\\/www.yachtingnews.com\\\/es\\\/yachting-news-2\\\/\"},{\"@type\":\"ListItem\",\"position\":2,\"name\":\"Selva Black Bass 8 y VIB 270: prueba en el mar de un d\u00fao ganador\"}]},{\"@type\":\"WebSite\",\"@id\":\"https:\\\/\\\/www.yachtingnews.com\\\/es\\\/#website\",\"url\":\"https:\\\/\\\/www.yachtingnews.com\\\/es\\\/\",\"name\":\"Yachting News\",\"description\":\"The International Yachting Media\",\"publisher\":{\"@id\":\"https:\\\/\\\/www.yachtingnews.com\\\/es\\\/#organization\"},\"potentialAction\":[{\"@type\":\"SearchAction\",\"target\":{\"@type\":\"EntryPoint\",\"urlTemplate\":\"https:\\\/\\\/www.yachtingnews.com\\\/es\\\/?s={search_term_string}\"},\"query-input\":{\"@type\":\"PropertyValueSpecification\",\"valueRequired\":true,\"valueName\":\"search_term_string\"}}],\"inLanguage\":\"es\"},{\"@type\":\"Organization\",\"@id\":\"https:\\\/\\\/www.yachtingnews.com\\\/es\\\/#organization\",\"name\":\"Yachting News\",\"url\":\"https:\\\/\\\/www.yachtingnews.com\\\/es\\\/\",\"logo\":{\"@type\":\"ImageObject\",\"inLanguage\":\"es\",\"@id\":\"https:\\\/\\\/www.yachtingnews.com\\\/es\\\/#\\\/schema\\\/logo\\\/image\\\/\",\"url\":\"https:\\\/\\\/www.yachtingnews.com\\\/wp-content\\\/uploads\\\/2023\\\/02\\\/LOGO-Yachting-NEWS-blu-800.png\",\"contentUrl\":\"https:\\\/\\\/www.yachtingnews.com\\\/wp-content\\\/uploads\\\/2023\\\/02\\\/LOGO-Yachting-NEWS-blu-800.png\",\"width\":790,\"height\":99,\"caption\":\"Yachting News\"},\"image\":{\"@id\":\"https:\\\/\\\/www.yachtingnews.com\\\/es\\\/#\\\/schema\\\/logo\\\/image\\\/\"},\"sameAs\":[\"https:\\\/\\\/www.facebook.com\\\/TheInternationalYachtingMedia\",\"https:\\\/\\\/x.com\\\/YachtingMedia\",\"https:\\\/\\\/www.instagram.com\\\/yachting.news\\\/\",\"https:\\\/\\\/www.linkedin.com\\\/company\\\/the-international-yachting-media\",\"https:\\\/\\\/www.youtube.com\\\/c\\\/TheInternationalYachtingMedia\"]},{\"@type\":\"Person\",\"@id\":\"https:\\\/\\\/www.yachtingnews.com\\\/es\\\/#\\\/schema\\\/person\\\/f82bb28662e582bd09ecf64c2723e34e\",\"name\":\"Luca D'Ambrosio\",\"image\":{\"@type\":\"ImageObject\",\"inLanguage\":\"es\",\"@id\":\"https:\\\/\\\/www.yachtingnews.com\\\/wp-content\\\/litespeed\\\/avatar\\\/bba22fc791b72395e4e185526136613b.jpg?ver=1788189994\",\"url\":\"https:\\\/\\\/www.yachtingnews.com\\\/wp-content\\\/litespeed\\\/avatar\\\/bba22fc791b72395e4e185526136613b.jpg?ver=1788189994\",\"contentUrl\":\"https:\\\/\\\/www.yachtingnews.com\\\/wp-content\\\/litespeed\\\/avatar\\\/bba22fc791b72395e4e185526136613b.jpg?ver=1788189994\",\"caption\":\"Luca D'Ambrosio\"},\"description\":\"Editor-in-chief, boat tester and journalist. Luca began sailing at an early age with his father then as an adult discovered sailing regattas and offshore racing. He has been working in publishing for more than 30 years and continues to sail incessantly, especially aboard the editorial staff's boat, an old lady of the seas that he has completely rebuilt and which serves excellently as a \\\"mobile laboratory\\\" for The International Yachting Media.\",\"url\":\"https:\\\/\\\/www.yachtingnews.com\\\/es\\\/author\\\/luca-dambrosio\\\/\"}]}<\/script>\n<!-- \/ Yoast SEO plugin. -->","yoast_head_json":{"title":"Black Bass 8 y VIB 270: prueba en el mar de un d\u00fao ganador - Yachting News","description":"El Black Bass 8 es un motor monocil\u00edndrico de 165 cc refrigerado por agua que, con s\u00f3lo 27 kg, es el fueraborda m\u00e1s ligero de su categor\u00eda...","robots":{"index":"index","follow":"follow","max-snippet":"max-snippet:-1","max-image-preview":"max-image-preview:large","max-video-preview":"max-video-preview:-1"},"canonical":"https:\/\/www.yachtingnews.com\/es\/selva-black-bass-8-y-vib-270-prueba-en-el-mar-de-un-duo-ganador\/","og_locale":"es_ES","og_type":"article","og_title":"Black Bass 8 y VIB 270: prueba en el mar de un d\u00fao ganador - Yachting News","og_description":"El Black Bass 8 es un motor monocil\u00edndrico de 165 cc refrigerado por agua que, con s\u00f3lo 27 kg, es el fueraborda m\u00e1s ligero de su categor\u00eda...","og_url":"https:\/\/www.yachtingnews.com\/es\/selva-black-bass-8-y-vib-270-prueba-en-el-mar-de-un-duo-ganador\/","og_site_name":"Yachting News","article_publisher":"https:\/\/www.facebook.com\/TheInternationalYachtingMedia","article_published_time":"2025-08-25T00:05:00+00:00","article_modified_time":"2026-01-23T12:57:03+00:00","og_image":[{"width":1600,"height":900,"url":"https:\/\/www.yachtingnews.com\/wp-content\/uploads\/2025\/08\/Prova-Selva-Black-Bass-8-e-VIB-270.png","type":"image\/png"}],"author":"Luca D'Ambrosio","twitter_card":"summary_large_image","twitter_creator":"@YachtingMedia","twitter_site":"@YachtingMedia","twitter_misc":{"Escrito por":"Luca D'Ambrosio","Tiempo de lectura":"4 minutos"},"schema":{"@context":"https:\/\/schema.org","@graph":[{"@type":"Article","@id":"https:\/\/www.yachtingnews.com\/es\/selva-black-bass-8-y-vib-270-prueba-en-el-mar-de-un-duo-ganador\/#article","isPartOf":{"@id":"https:\/\/www.yachtingnews.com\/es\/selva-black-bass-8-y-vib-270-prueba-en-el-mar-de-un-duo-ganador\/"},"author":{"name":"Luca D'Ambrosio","@id":"https:\/\/www.yachtingnews.com\/es\/#\/schema\/person\/f82bb28662e582bd09ecf64c2723e34e"},"headline":"Selva Black Bass 8 y VIB 270: prueba en el mar de un d\u00fao ganador","datePublished":"2025-08-25T00:05:00+00:00","dateModified":"2026-01-23T12:57:03+00:00","mainEntityOfPage":{"@id":"https:\/\/www.yachtingnews.com\/es\/selva-black-bass-8-y-vib-270-prueba-en-el-mar-de-un-duo-ganador\/"},"wordCount":716,"commentCount":0,"publisher":{"@id":"https:\/\/www.yachtingnews.com\/es\/#organization"},"image":{"@id":"https:\/\/www.yachtingnews.com\/es\/selva-black-bass-8-y-vib-270-prueba-en-el-mar-de-un-duo-ganador\/#primaryimage"},"thumbnailUrl":"https:\/\/www.yachtingnews.com\/wp-content\/uploads\/2025\/08\/Prova-Selva-Black-Bass-8-e-VIB-270.png","keywords":["selva black bass 8","Selva Marine","vib 270"],"articleSection":["Canal de v\u00eddeo","Motores","Noticias","Pruebas en barco"],"inLanguage":"es","potentialAction":[{"@type":"CommentAction","name":"Comment","target":["https:\/\/www.yachtingnews.com\/es\/selva-black-bass-8-y-vib-270-prueba-en-el-mar-de-un-duo-ganador\/#respond"]}]},{"@type":"WebPage","@id":"https:\/\/www.yachtingnews.com\/es\/selva-black-bass-8-y-vib-270-prueba-en-el-mar-de-un-duo-ganador\/","url":"https:\/\/www.yachtingnews.com\/es\/selva-black-bass-8-y-vib-270-prueba-en-el-mar-de-un-duo-ganador\/","name":"Black Bass 8 y VIB 270: prueba en el mar de un d\u00fao ganador - Yachting News","isPartOf":{"@id":"https:\/\/www.yachtingnews.com\/es\/#website"},"primaryImageOfPage":{"@id":"https:\/\/www.yachtingnews.com\/es\/selva-black-bass-8-y-vib-270-prueba-en-el-mar-de-un-duo-ganador\/#primaryimage"},"image":{"@id":"https:\/\/www.yachtingnews.com\/es\/selva-black-bass-8-y-vib-270-prueba-en-el-mar-de-un-duo-ganador\/#primaryimage"},"thumbnailUrl":"https:\/\/www.yachtingnews.com\/wp-content\/uploads\/2025\/08\/Prova-Selva-Black-Bass-8-e-VIB-270.png","datePublished":"2025-08-25T00:05:00+00:00","dateModified":"2026-01-23T12:57:03+00:00","description":"El Black Bass 8 es un motor monocil\u00edndrico de 165 cc refrigerado por agua que, con s\u00f3lo 27 kg, es el fueraborda m\u00e1s ligero de su categor\u00eda...","breadcrumb":{"@id":"https:\/\/www.yachtingnews.com\/es\/selva-black-bass-8-y-vib-270-prueba-en-el-mar-de-un-duo-ganador\/#breadcrumb"},"inLanguage":"es","potentialAction":[{"@type":"ReadAction","target":["https:\/\/www.yachtingnews.com\/es\/selva-black-bass-8-y-vib-270-prueba-en-el-mar-de-un-duo-ganador\/"]}]},{"@type":"ImageObject","inLanguage":"es","@id":"https:\/\/www.yachtingnews.com\/es\/selva-black-bass-8-y-vib-270-prueba-en-el-mar-de-un-duo-ganador\/#primaryimage","url":"https:\/\/www.yachtingnews.com\/wp-content\/uploads\/2025\/08\/Prova-Selva-Black-Bass-8-e-VIB-270.png","contentUrl":"https:\/\/www.yachtingnews.com\/wp-content\/uploads\/2025\/08\/Prova-Selva-Black-Bass-8-e-VIB-270.png","width":1600,"height":900,"caption":"Selva-Black-Bass-8-y-VIB-270-prueba"},{"@type":"BreadcrumbList","@id":"https:\/\/www.yachtingnews.com\/es\/selva-black-bass-8-y-vib-270-prueba-en-el-mar-de-un-duo-ganador\/#breadcrumb","itemListElement":[{"@type":"ListItem","position":1,"name":"Home","item":"https:\/\/www.yachtingnews.com\/es\/yachting-news-2\/"},{"@type":"ListItem","position":2,"name":"Selva Black Bass 8 y VIB 270: prueba en el mar de un d\u00fao ganador"}]},{"@type":"WebSite","@id":"https:\/\/www.yachtingnews.com\/es\/#website","url":"https:\/\/www.yachtingnews.com\/es\/","name":"Yachting News","description":"The International Yachting Media","publisher":{"@id":"https:\/\/www.yachtingnews.com\/es\/#organization"},"potentialAction":[{"@type":"SearchAction","target":{"@type":"EntryPoint","urlTemplate":"https:\/\/www.yachtingnews.com\/es\/?s={search_term_string}"},"query-input":{"@type":"PropertyValueSpecification","valueRequired":true,"valueName":"search_term_string"}}],"inLanguage":"es"},{"@type":"Organization","@id":"https:\/\/www.yachtingnews.com\/es\/#organization","name":"Yachting News","url":"https:\/\/www.yachtingnews.com\/es\/","logo":{"@type":"ImageObject","inLanguage":"es","@id":"https:\/\/www.yachtingnews.com\/es\/#\/schema\/logo\/image\/","url":"https:\/\/www.yachtingnews.com\/wp-content\/uploads\/2023\/02\/LOGO-Yachting-NEWS-blu-800.png","contentUrl":"https:\/\/www.yachtingnews.com\/wp-content\/uploads\/2023\/02\/LOGO-Yachting-NEWS-blu-800.png","width":790,"height":99,"caption":"Yachting News"},"image":{"@id":"https:\/\/www.yachtingnews.com\/es\/#\/schema\/logo\/image\/"},"sameAs":["https:\/\/www.facebook.com\/TheInternationalYachtingMedia","https:\/\/x.com\/YachtingMedia","https:\/\/www.instagram.com\/yachting.news\/","https:\/\/www.linkedin.com\/company\/the-international-yachting-media","https:\/\/www.youtube.com\/c\/TheInternationalYachtingMedia"]},{"@type":"Person","@id":"https:\/\/www.yachtingnews.com\/es\/#\/schema\/person\/f82bb28662e582bd09ecf64c2723e34e","name":"Luca D'Ambrosio","image":{"@type":"ImageObject","inLanguage":"es","@id":"https:\/\/www.yachtingnews.com\/wp-content\/litespeed\/avatar\/bba22fc791b72395e4e185526136613b.jpg?ver=1788189994","url":"https:\/\/www.yachtingnews.com\/wp-content\/litespeed\/avatar\/bba22fc791b72395e4e185526136613b.jpg?ver=1788189994","contentUrl":"https:\/\/www.yachtingnews.com\/wp-content\/litespeed\/avatar\/bba22fc791b72395e4e185526136613b.jpg?ver=1788189994","caption":"Luca D'Ambrosio"},"description":"Editor-in-chief, boat tester and journalist. Luca began sailing at an early age with his father then as an adult discovered sailing regattas and offshore racing. He has been working in publishing for more than 30 years and continues to sail incessantly, especially aboard the editorial staff's boat, an old lady of the seas that he has completely rebuilt and which serves excellently as a \"mobile laboratory\" for The International Yachting Media.","url":"https:\/\/www.yachtingnews.com\/es\/author\/luca-dambrosio\/"}]}},"_links":{"self":[{"href":"https:\/\/www.yachtingnews.com\/es\/wp-json\/wp\/v2\/posts\/155261","targetHints":{"allow":["GET"]}}],"collection":[{"href":"https:\/\/www.yachtingnews.com\/es\/wp-json\/wp\/v2\/posts"}],"about":[{"href":"https:\/\/www.yachtingnews.com\/es\/wp-json\/wp\/v2\/types\/post"}],"author":[{"embeddable":true,"href":"https:\/\/www.yachtingnews.com\/es\/wp-json\/wp\/v2\/users\/10"}],"replies":[{"embeddable":true,"href":"https:\/\/www.yachtingnews.com\/es\/wp-json\/wp\/v2\/comments?post=155261"}],"version-history":[{"count":0,"href":"https:\/\/www.yachtingnews.com\/es\/wp-json\/wp\/v2\/posts\/155261\/revisions"}],"wp:featuredmedia":[{"embeddable":true,"href":"https:\/\/www.yachtingnews.com\/es\/wp-json\/wp\/v2\/media\/155245"}],"wp:attachment":[{"href":"https:\/\/www.yachtingnews.com\/es\/wp-json\/wp\/v2\/media?parent=155261"}],"wp:term":[{"taxonomy":"category","embeddable":true,"href":"https:\/\/www.yachtingnews.com\/es\/wp-json\/wp\/v2\/categories?post=155261"},{"taxonomy":"post_tag","embeddable":true,"href":"https:\/\/www.yachtingnews.com\/es\/wp-json\/wp\/v2\/tags?post=155261"}],"curies":[{"name":"wp","href":"https:\/\/api.w.org\/{rel}","templated":true}]}}