{"id":155372,"date":"2025-08-28T01:00:00","date_gmt":"2025-08-28T00:00:00","guid":{"rendered":"https:\/\/yachtingnews.com\/la-gama-manta-de-besenzoni-protagoniza-el-cannes-yachting-festival\/"},"modified":"2025-08-28T07:34:37","modified_gmt":"2025-08-28T06:34:37","slug":"la-gama-manta-de-besenzoni-protagoniza-el-cannes-yachting-festival","status":"publish","type":"post","link":"https:\/\/www.yachtingnews.com\/es\/la-gama-manta-de-besenzoni-protagoniza-el-cannes-yachting-festival\/","title":{"rendered":"La gama Manta de Besenzoni protagoniza el Cannes Yachting Festival"},"content":{"rendered":"\t\t<div data-elementor-type=\"wp-post\" data-elementor-id=\"155372\" class=\"elementor elementor-155372 elementor-155349\" data-elementor-post-type=\"post\">\n\t\t\t\t\t\t<section class=\"elementor-section elementor-top-section elementor-element elementor-element-9d1c044 elementor-section-boxed elementor-section-height-default elementor-section-height-default\" data-id=\"9d1c044\" data-element_type=\"section\" data-e-type=\"section\">\n\t\t\t\t\t\t<div class=\"elementor-container elementor-column-gap-default\">\n\t\t\t\t\t<div class=\"elementor-column elementor-col-100 elementor-top-column elementor-element elementor-element-2c751d64\" data-id=\"2c751d64\" data-element_type=\"column\" data-e-type=\"column\">\n\t\t\t<div class=\"elementor-widget-wrap elementor-element-populated\">\n\t\t\t\t\t\t<div class=\"elementor-element elementor-element-49109cd elementor-widget elementor-widget-text-editor\" data-id=\"49109cd\" data-element_type=\"widget\" data-e-type=\"widget\" data-widget_type=\"text-editor.default\">\n\t\t\t\t<div class=\"elementor-widget-container\">\n\t\t\t\t\t\t\t\t\t<p>El confort, la tecnolog\u00eda y el dise\u00f1o de <b>Besenzoni<\/b> ser\u00e1n los protagonistas del Cannes Yachting Festival 2025, donde la empresa de Sarnico presentar\u00e1 la nueva generaci\u00f3n de asientos de tim\u00f3n Manta. Besenzoni participar\u00e1 en el sal\u00f3n n\u00e1utico franc\u00e9s, programado del 9 al 14 de septiembre, confirmando su destacado papel entre los principales actores del panorama n\u00e1utico internacional. En este prestigioso escaparate, la empresa presentar\u00e1 su amplia gama de soluciones, que incluye pasarelas, gr\u00faas, escotillas, hard tops, sistemas de manipulaci\u00f3n, puertas autom\u00e1ticas y, por supuesto, <a href=\"https:\/\/www.superyachts.news\/helm-seats-for-yachts\/\">asientos de tim\u00f3n. <\/a>   <\/p><p><img decoding=\"async\" class=\"aligncenter wp-image-155350 size-full\" title=\"Asiento del tim\u00f3n Manta\" src=\"https:\/\/yachtingnews.com\/wp-content\/uploads\/2025\/08\/Besenzoni-Poltrona_P_471_MANTA_Class-7-1024x1024-1.webp\" alt=\"Asiento del tim\u00f3n Manta\" width=\"1024\" height=\"1024\" srcset=\"https:\/\/www.yachtingnews.com\/wp-content\/uploads\/2025\/08\/Besenzoni-Poltrona_P_471_MANTA_Class-7-1024x1024-1.webp 1024w, https:\/\/www.yachtingnews.com\/wp-content\/uploads\/2025\/08\/Besenzoni-Poltrona_P_471_MANTA_Class-7-1024x1024-1-300x300.webp 300w, https:\/\/www.yachtingnews.com\/wp-content\/uploads\/2025\/08\/Besenzoni-Poltrona_P_471_MANTA_Class-7-1024x1024-1-150x150.webp 150w, https:\/\/www.yachtingnews.com\/wp-content\/uploads\/2025\/08\/Besenzoni-Poltrona_P_471_MANTA_Class-7-1024x1024-1-768x768.webp 768w\" sizes=\"(max-width: 1024px) 100vw, 1024px\" \/><\/p><p>Cada producto Besenzoni est\u00e1 dise\u00f1ado para garantizar la m\u00e1xima funcionalidad, una integraci\u00f3n armoniosa y amplias opciones de personalizaci\u00f3n, en l\u00ednea con las necesidades de los propietarios de yates y astilleros de todo el mundo. Entre las principales novedades que se presentar\u00e1n en Cannes destaca la l\u00ednea de <b>asientos de tim\u00f3n Manta<\/b>, la \u00faltima innovaci\u00f3n desarrollada en el sector. Las nuevas versiones -P 470 A <a href=\"https:\/\/yachtingnews.com\/es\/manta-comfort-besenzoni\/\">Manta Comfort<\/a> y P 471 A Manta Class- se distinguen por su dise\u00f1o contempor\u00e1neo y sus avanzadas soluciones tecnol\u00f3gicas, como los ajustes motorizados y los mandos t\u00e1ctiles integrados en los reposabrazos. La base esculpida, las formas elegantes y la atenci\u00f3n a la ergonom\u00eda los hacen ideales para ofrecer una experiencia de conducci\u00f3n c\u00f3moda y altamente personalizable. Dise\u00f1ados para adaptarse a diferentes distribuciones del puesto de mando, representan la combinaci\u00f3n perfecta de eficacia t\u00e9cnica y refinamiento est\u00e9tico.    <\/p><p>Gracias a sus caracter\u00edsticas, los asientos de piloto de Besenzoni satisfacen plenamente las necesidades de quienes afrontan largas navegaciones. El asiento ergon\u00f3mico, el respaldo reclinable y el reposapi\u00e9s ajustable garantizan una comodidad absoluta. <\/p><p><img decoding=\"async\" class=\"aligncenter wp-image-155352 size-full\" title=\"Atelier Besenzoni\" src=\"https:\/\/yachtingnews.com\/wp-content\/uploads\/2025\/08\/Besenzoni_Atelier_01_logo.jpg\" alt=\"Atelier Besenzoni\" width=\"800\" height=\"535\" srcset=\"https:\/\/www.yachtingnews.com\/wp-content\/uploads\/2025\/08\/Besenzoni_Atelier_01_logo.jpg 800w, https:\/\/www.yachtingnews.com\/wp-content\/uploads\/2025\/08\/Besenzoni_Atelier_01_logo-300x201.jpg 300w, https:\/\/www.yachtingnews.com\/wp-content\/uploads\/2025\/08\/Besenzoni_Atelier_01_logo-768x514.jpg 768w\" sizes=\"(max-width: 800px) 100vw, 800px\" \/><\/p><p>Por \u00faltimo, pero no por ello menos importante, los sillones de piloto Besenzoni Manta se benefician de la experiencia de la <b>divisi\u00f3n Atelier <\/b>de Besenzoni, que fabrica pieles y tapicer\u00edas a medida seg\u00fan los requisitos espec\u00edficos de los propietarios. Este departamento especializado ofrece una amplia selecci\u00f3n de materiales y acabados, realzada por un trabajo artesanal que transforma cada producto en un elemento integral de la decoraci\u00f3n interior del yate. La fusi\u00f3n de ingenier\u00eda, dise\u00f1o y atenci\u00f3n al detalle a medida es el sello distintivo del enfoque de Besenzoni, que ofrece continuamente soluciones innovadoras para una experiencia de navegaci\u00f3n de alta gama, funcional y altamente personalizada.  <\/p>\t\t\t\t\t\t\t\t<\/div>\n\t\t\t\t<\/div>\n\t\t\t\t\t<\/div>\n\t\t<\/div>\n\t\t\t\t\t<\/div>\n\t\t<\/section>\n\t\t\t\t<\/div>\n\t\t","protected":false},"excerpt":{"rendered":"<p>El confort, la tecnolog\u00eda y el dise\u00f1o de Besenzoni ser\u00e1n los protagonistas del Cannes Yachting Festival 2025, donde la empresa de Sarnico presentar\u00e1 la nueva generaci\u00f3n de asientos de tim\u00f3n Manta. Besenzoni participar\u00e1 en el sal\u00f3n n\u00e1utico franc\u00e9s, programado del 9 al 14 de septiembre, confirmando su destacado papel entre los principales actores del panorama [&hellip;]<\/p>\n","protected":false},"author":45,"featured_media":155373,"comment_status":"open","ping_status":"closed","sticky":false,"template":"","format":"standard","meta":{"_mo_disable_npp":"","footnotes":""},"categories":[2117,2119,2100,2132],"tags":[2805],"class_list":["post-155372","post","type-post","status-publish","format-standard","has-post-thumbnail","hentry","category-boat-shows","category-cannes-yachting-festival-boat-shows","category-noticias-nauticas","category-accesorios-nauticos","tag-besenzoni-es"],"yoast_head":"<!-- This site is optimized with the Yoast SEO plugin v28.3 - https:\/\/yoast.com\/product\/yoast-seo-wordpress\/ -->\n<title>Besenzoni protagoniza el Cannes Yachting Festival - Yachting News%<\/title>\n<meta name=\"description\" content=\"El confort, la tecnolog\u00eda y el dise\u00f1o de Besenzoni ser\u00e1n los protagonistas del Cannes Yachting Festival 2025,...\" \/>\n<meta name=\"robots\" content=\"index, follow, max-snippet:-1, max-image-preview:large, max-video-preview:-1\" \/>\n<link rel=\"canonical\" href=\"https:\/\/www.yachtingnews.com\/es\/la-gama-manta-de-besenzoni-protagoniza-el-cannes-yachting-festival\/\" \/>\n<meta property=\"og:locale\" content=\"es_ES\" \/>\n<meta property=\"og:type\" content=\"article\" \/>\n<meta property=\"og:title\" content=\"Besenzoni protagoniza el Cannes Yachting Festival - Yachting News%\" \/>\n<meta property=\"og:description\" content=\"El confort, la tecnolog\u00eda y el dise\u00f1o de Besenzoni ser\u00e1n los protagonistas del Cannes Yachting Festival 2025,...\" \/>\n<meta property=\"og:url\" content=\"https:\/\/www.yachtingnews.com\/es\/la-gama-manta-de-besenzoni-protagoniza-el-cannes-yachting-festival\/\" \/>\n<meta property=\"og:site_name\" content=\"Yachting News\" \/>\n<meta property=\"article:publisher\" content=\"https:\/\/www.facebook.com\/TheInternationalYachtingMedia\" \/>\n<meta property=\"article:published_time\" content=\"2025-08-28T00:00:00+00:00\" \/>\n<meta property=\"article:modified_time\" content=\"2025-08-28T06:34:37+00:00\" \/>\n<meta property=\"og:image\" content=\"https:\/\/www.yachtingnews.com\/wp-content\/uploads\/2025\/08\/besenzoni-cannes-2025-copertina.jpg\" \/>\n\t<meta property=\"og:image:width\" content=\"1400\" \/>\n\t<meta property=\"og:image:height\" content=\"787\" \/>\n\t<meta property=\"og:image:type\" content=\"image\/jpeg\" \/>\n<meta name=\"author\" content=\"Alessandro Giuzio\" \/>\n<meta name=\"twitter:card\" content=\"summary_large_image\" \/>\n<meta name=\"twitter:creator\" content=\"@YachtingMedia\" \/>\n<meta name=\"twitter:site\" content=\"@YachtingMedia\" \/>\n<meta name=\"twitter:label1\" content=\"Escrito por\" \/>\n\t<meta name=\"twitter:data1\" content=\"Alessandro Giuzio\" \/>\n\t<meta name=\"twitter:label2\" content=\"Tiempo de lectura\" \/>\n\t<meta name=\"twitter:data2\" content=\"2 minutos\" \/>\n<script type=\"application\/ld+json\" class=\"yoast-schema-graph\">{\"@context\":\"https:\\\/\\\/schema.org\",\"@graph\":[{\"@type\":\"Article\",\"@id\":\"https:\\\/\\\/www.yachtingnews.com\\\/es\\\/la-gama-manta-de-besenzoni-protagoniza-el-cannes-yachting-festival\\\/#article\",\"isPartOf\":{\"@id\":\"https:\\\/\\\/www.yachtingnews.com\\\/es\\\/la-gama-manta-de-besenzoni-protagoniza-el-cannes-yachting-festival\\\/\"},\"author\":{\"name\":\"Alessandro Giuzio\",\"@id\":\"https:\\\/\\\/www.yachtingnews.com\\\/es\\\/#\\\/schema\\\/person\\\/d2e99eb1c7ce9e28a78d15e3d5d68eb3\"},\"headline\":\"La gama Manta de Besenzoni protagoniza el Cannes Yachting Festival\",\"datePublished\":\"2025-08-28T00:00:00+00:00\",\"dateModified\":\"2025-08-28T06:34:37+00:00\",\"mainEntityOfPage\":{\"@id\":\"https:\\\/\\\/www.yachtingnews.com\\\/es\\\/la-gama-manta-de-besenzoni-protagoniza-el-cannes-yachting-festival\\\/\"},\"wordCount\":418,\"commentCount\":0,\"publisher\":{\"@id\":\"https:\\\/\\\/www.yachtingnews.com\\\/es\\\/#organization\"},\"image\":{\"@id\":\"https:\\\/\\\/www.yachtingnews.com\\\/es\\\/la-gama-manta-de-besenzoni-protagoniza-el-cannes-yachting-festival\\\/#primaryimage\"},\"thumbnailUrl\":\"https:\\\/\\\/www.yachtingnews.com\\\/wp-content\\\/uploads\\\/2025\\\/08\\\/besenzoni-cannes-2025-copertina.jpg\",\"keywords\":[\"Besenzoni\"],\"articleSection\":[\"BOAT SHOWS\",\"Cannes Yachting Festival\",\"Noticias\",\"Suministro de barcos\"],\"inLanguage\":\"es\",\"potentialAction\":[{\"@type\":\"CommentAction\",\"name\":\"Comment\",\"target\":[\"https:\\\/\\\/www.yachtingnews.com\\\/es\\\/la-gama-manta-de-besenzoni-protagoniza-el-cannes-yachting-festival\\\/#respond\"]}]},{\"@type\":\"WebPage\",\"@id\":\"https:\\\/\\\/www.yachtingnews.com\\\/es\\\/la-gama-manta-de-besenzoni-protagoniza-el-cannes-yachting-festival\\\/\",\"url\":\"https:\\\/\\\/www.yachtingnews.com\\\/es\\\/la-gama-manta-de-besenzoni-protagoniza-el-cannes-yachting-festival\\\/\",\"name\":\"Besenzoni protagoniza el Cannes Yachting Festival - Yachting News%\",\"isPartOf\":{\"@id\":\"https:\\\/\\\/www.yachtingnews.com\\\/es\\\/#website\"},\"primaryImageOfPage\":{\"@id\":\"https:\\\/\\\/www.yachtingnews.com\\\/es\\\/la-gama-manta-de-besenzoni-protagoniza-el-cannes-yachting-festival\\\/#primaryimage\"},\"image\":{\"@id\":\"https:\\\/\\\/www.yachtingnews.com\\\/es\\\/la-gama-manta-de-besenzoni-protagoniza-el-cannes-yachting-festival\\\/#primaryimage\"},\"thumbnailUrl\":\"https:\\\/\\\/www.yachtingnews.com\\\/wp-content\\\/uploads\\\/2025\\\/08\\\/besenzoni-cannes-2025-copertina.jpg\",\"datePublished\":\"2025-08-28T00:00:00+00:00\",\"dateModified\":\"2025-08-28T06:34:37+00:00\",\"description\":\"El confort, la tecnolog\u00eda y el dise\u00f1o de Besenzoni ser\u00e1n los protagonistas del Cannes Yachting Festival 2025,...\",\"breadcrumb\":{\"@id\":\"https:\\\/\\\/www.yachtingnews.com\\\/es\\\/la-gama-manta-de-besenzoni-protagoniza-el-cannes-yachting-festival\\\/#breadcrumb\"},\"inLanguage\":\"es\",\"potentialAction\":[{\"@type\":\"ReadAction\",\"target\":[\"https:\\\/\\\/www.yachtingnews.com\\\/es\\\/la-gama-manta-de-besenzoni-protagoniza-el-cannes-yachting-festival\\\/\"]}]},{\"@type\":\"ImageObject\",\"inLanguage\":\"es\",\"@id\":\"https:\\\/\\\/www.yachtingnews.com\\\/es\\\/la-gama-manta-de-besenzoni-protagoniza-el-cannes-yachting-festival\\\/#primaryimage\",\"url\":\"https:\\\/\\\/www.yachtingnews.com\\\/wp-content\\\/uploads\\\/2025\\\/08\\\/besenzoni-cannes-2025-copertina.jpg\",\"contentUrl\":\"https:\\\/\\\/www.yachtingnews.com\\\/wp-content\\\/uploads\\\/2025\\\/08\\\/besenzoni-cannes-2025-copertina.jpg\",\"width\":1400,\"height\":787,\"caption\":\"besenzoni-cannes-2025-manta\"},{\"@type\":\"BreadcrumbList\",\"@id\":\"https:\\\/\\\/www.yachtingnews.com\\\/es\\\/la-gama-manta-de-besenzoni-protagoniza-el-cannes-yachting-festival\\\/#breadcrumb\",\"itemListElement\":[{\"@type\":\"ListItem\",\"position\":1,\"name\":\"Home\",\"item\":\"https:\\\/\\\/www.yachtingnews.com\\\/es\\\/yachting-news-2\\\/\"},{\"@type\":\"ListItem\",\"position\":2,\"name\":\"La gama Manta de Besenzoni protagoniza el Cannes Yachting Festival\"}]},{\"@type\":\"WebSite\",\"@id\":\"https:\\\/\\\/www.yachtingnews.com\\\/es\\\/#website\",\"url\":\"https:\\\/\\\/www.yachtingnews.com\\\/es\\\/\",\"name\":\"Yachting News\",\"description\":\"The International Yachting Media\",\"publisher\":{\"@id\":\"https:\\\/\\\/www.yachtingnews.com\\\/es\\\/#organization\"},\"potentialAction\":[{\"@type\":\"SearchAction\",\"target\":{\"@type\":\"EntryPoint\",\"urlTemplate\":\"https:\\\/\\\/www.yachtingnews.com\\\/es\\\/?s={search_term_string}\"},\"query-input\":{\"@type\":\"PropertyValueSpecification\",\"valueRequired\":true,\"valueName\":\"search_term_string\"}}],\"inLanguage\":\"es\"},{\"@type\":\"Organization\",\"@id\":\"https:\\\/\\\/www.yachtingnews.com\\\/es\\\/#organization\",\"name\":\"Yachting News\",\"url\":\"https:\\\/\\\/www.yachtingnews.com\\\/es\\\/\",\"logo\":{\"@type\":\"ImageObject\",\"inLanguage\":\"es\",\"@id\":\"https:\\\/\\\/www.yachtingnews.com\\\/es\\\/#\\\/schema\\\/logo\\\/image\\\/\",\"url\":\"https:\\\/\\\/www.yachtingnews.com\\\/wp-content\\\/uploads\\\/2023\\\/02\\\/LOGO-Yachting-NEWS-blu-800.png\",\"contentUrl\":\"https:\\\/\\\/www.yachtingnews.com\\\/wp-content\\\/uploads\\\/2023\\\/02\\\/LOGO-Yachting-NEWS-blu-800.png\",\"width\":790,\"height\":99,\"caption\":\"Yachting News\"},\"image\":{\"@id\":\"https:\\\/\\\/www.yachtingnews.com\\\/es\\\/#\\\/schema\\\/logo\\\/image\\\/\"},\"sameAs\":[\"https:\\\/\\\/www.facebook.com\\\/TheInternationalYachtingMedia\",\"https:\\\/\\\/x.com\\\/YachtingMedia\",\"https:\\\/\\\/www.instagram.com\\\/yachting.news\\\/\",\"https:\\\/\\\/www.linkedin.com\\\/company\\\/the-international-yachting-media\",\"https:\\\/\\\/www.youtube.com\\\/c\\\/TheInternationalYachtingMedia\"]},{\"@type\":\"Person\",\"@id\":\"https:\\\/\\\/www.yachtingnews.com\\\/es\\\/#\\\/schema\\\/person\\\/d2e99eb1c7ce9e28a78d15e3d5d68eb3\",\"name\":\"Alessandro Giuzio\",\"image\":{\"@type\":\"ImageObject\",\"inLanguage\":\"es\",\"@id\":\"https:\\\/\\\/www.yachtingnews.com\\\/wp-content\\\/litespeed\\\/avatar\\\/a99e5f8da4fc551fb53eb9f1fec61fb4.jpg?ver=1788189881\",\"url\":\"https:\\\/\\\/www.yachtingnews.com\\\/wp-content\\\/litespeed\\\/avatar\\\/a99e5f8da4fc551fb53eb9f1fec61fb4.jpg?ver=1788189881\",\"contentUrl\":\"https:\\\/\\\/www.yachtingnews.com\\\/wp-content\\\/litespeed\\\/avatar\\\/a99e5f8da4fc551fb53eb9f1fec61fb4.jpg?ver=1788189881\",\"caption\":\"Alessandro Giuzio\"},\"description\":\"Alessandro is a professional journalist and contributes to The International Yachting Media since 2022. He is an expert on the sea and of course on boats.\",\"url\":\"https:\\\/\\\/www.yachtingnews.com\\\/es\\\/author\\\/alexgiuzio\\\/\"}]}<\/script>\n<!-- \/ Yoast SEO plugin. -->","yoast_head_json":{"title":"Besenzoni protagoniza el Cannes Yachting Festival - Yachting News%","description":"El confort, la tecnolog\u00eda y el dise\u00f1o de Besenzoni ser\u00e1n los protagonistas del Cannes Yachting Festival 2025,...","robots":{"index":"index","follow":"follow","max-snippet":"max-snippet:-1","max-image-preview":"max-image-preview:large","max-video-preview":"max-video-preview:-1"},"canonical":"https:\/\/www.yachtingnews.com\/es\/la-gama-manta-de-besenzoni-protagoniza-el-cannes-yachting-festival\/","og_locale":"es_ES","og_type":"article","og_title":"Besenzoni protagoniza el Cannes Yachting Festival - Yachting News%","og_description":"El confort, la tecnolog\u00eda y el dise\u00f1o de Besenzoni ser\u00e1n los protagonistas del Cannes Yachting Festival 2025,...","og_url":"https:\/\/www.yachtingnews.com\/es\/la-gama-manta-de-besenzoni-protagoniza-el-cannes-yachting-festival\/","og_site_name":"Yachting News","article_publisher":"https:\/\/www.facebook.com\/TheInternationalYachtingMedia","article_published_time":"2025-08-28T00:00:00+00:00","article_modified_time":"2025-08-28T06:34:37+00:00","og_image":[{"width":1400,"height":787,"url":"https:\/\/www.yachtingnews.com\/wp-content\/uploads\/2025\/08\/besenzoni-cannes-2025-copertina.jpg","type":"image\/jpeg"}],"author":"Alessandro Giuzio","twitter_card":"summary_large_image","twitter_creator":"@YachtingMedia","twitter_site":"@YachtingMedia","twitter_misc":{"Escrito por":"Alessandro Giuzio","Tiempo de lectura":"2 minutos"},"schema":{"@context":"https:\/\/schema.org","@graph":[{"@type":"Article","@id":"https:\/\/www.yachtingnews.com\/es\/la-gama-manta-de-besenzoni-protagoniza-el-cannes-yachting-festival\/#article","isPartOf":{"@id":"https:\/\/www.yachtingnews.com\/es\/la-gama-manta-de-besenzoni-protagoniza-el-cannes-yachting-festival\/"},"author":{"name":"Alessandro Giuzio","@id":"https:\/\/www.yachtingnews.com\/es\/#\/schema\/person\/d2e99eb1c7ce9e28a78d15e3d5d68eb3"},"headline":"La gama Manta de Besenzoni protagoniza el Cannes Yachting Festival","datePublished":"2025-08-28T00:00:00+00:00","dateModified":"2025-08-28T06:34:37+00:00","mainEntityOfPage":{"@id":"https:\/\/www.yachtingnews.com\/es\/la-gama-manta-de-besenzoni-protagoniza-el-cannes-yachting-festival\/"},"wordCount":418,"commentCount":0,"publisher":{"@id":"https:\/\/www.yachtingnews.com\/es\/#organization"},"image":{"@id":"https:\/\/www.yachtingnews.com\/es\/la-gama-manta-de-besenzoni-protagoniza-el-cannes-yachting-festival\/#primaryimage"},"thumbnailUrl":"https:\/\/www.yachtingnews.com\/wp-content\/uploads\/2025\/08\/besenzoni-cannes-2025-copertina.jpg","keywords":["Besenzoni"],"articleSection":["BOAT SHOWS","Cannes Yachting Festival","Noticias","Suministro de barcos"],"inLanguage":"es","potentialAction":[{"@type":"CommentAction","name":"Comment","target":["https:\/\/www.yachtingnews.com\/es\/la-gama-manta-de-besenzoni-protagoniza-el-cannes-yachting-festival\/#respond"]}]},{"@type":"WebPage","@id":"https:\/\/www.yachtingnews.com\/es\/la-gama-manta-de-besenzoni-protagoniza-el-cannes-yachting-festival\/","url":"https:\/\/www.yachtingnews.com\/es\/la-gama-manta-de-besenzoni-protagoniza-el-cannes-yachting-festival\/","name":"Besenzoni protagoniza el Cannes Yachting Festival - Yachting News%","isPartOf":{"@id":"https:\/\/www.yachtingnews.com\/es\/#website"},"primaryImageOfPage":{"@id":"https:\/\/www.yachtingnews.com\/es\/la-gama-manta-de-besenzoni-protagoniza-el-cannes-yachting-festival\/#primaryimage"},"image":{"@id":"https:\/\/www.yachtingnews.com\/es\/la-gama-manta-de-besenzoni-protagoniza-el-cannes-yachting-festival\/#primaryimage"},"thumbnailUrl":"https:\/\/www.yachtingnews.com\/wp-content\/uploads\/2025\/08\/besenzoni-cannes-2025-copertina.jpg","datePublished":"2025-08-28T00:00:00+00:00","dateModified":"2025-08-28T06:34:37+00:00","description":"El confort, la tecnolog\u00eda y el dise\u00f1o de Besenzoni ser\u00e1n los protagonistas del Cannes Yachting Festival 2025,...","breadcrumb":{"@id":"https:\/\/www.yachtingnews.com\/es\/la-gama-manta-de-besenzoni-protagoniza-el-cannes-yachting-festival\/#breadcrumb"},"inLanguage":"es","potentialAction":[{"@type":"ReadAction","target":["https:\/\/www.yachtingnews.com\/es\/la-gama-manta-de-besenzoni-protagoniza-el-cannes-yachting-festival\/"]}]},{"@type":"ImageObject","inLanguage":"es","@id":"https:\/\/www.yachtingnews.com\/es\/la-gama-manta-de-besenzoni-protagoniza-el-cannes-yachting-festival\/#primaryimage","url":"https:\/\/www.yachtingnews.com\/wp-content\/uploads\/2025\/08\/besenzoni-cannes-2025-copertina.jpg","contentUrl":"https:\/\/www.yachtingnews.com\/wp-content\/uploads\/2025\/08\/besenzoni-cannes-2025-copertina.jpg","width":1400,"height":787,"caption":"besenzoni-cannes-2025-manta"},{"@type":"BreadcrumbList","@id":"https:\/\/www.yachtingnews.com\/es\/la-gama-manta-de-besenzoni-protagoniza-el-cannes-yachting-festival\/#breadcrumb","itemListElement":[{"@type":"ListItem","position":1,"name":"Home","item":"https:\/\/www.yachtingnews.com\/es\/yachting-news-2\/"},{"@type":"ListItem","position":2,"name":"La gama Manta de Besenzoni protagoniza el Cannes Yachting Festival"}]},{"@type":"WebSite","@id":"https:\/\/www.yachtingnews.com\/es\/#website","url":"https:\/\/www.yachtingnews.com\/es\/","name":"Yachting News","description":"The International Yachting Media","publisher":{"@id":"https:\/\/www.yachtingnews.com\/es\/#organization"},"potentialAction":[{"@type":"SearchAction","target":{"@type":"EntryPoint","urlTemplate":"https:\/\/www.yachtingnews.com\/es\/?s={search_term_string}"},"query-input":{"@type":"PropertyValueSpecification","valueRequired":true,"valueName":"search_term_string"}}],"inLanguage":"es"},{"@type":"Organization","@id":"https:\/\/www.yachtingnews.com\/es\/#organization","name":"Yachting News","url":"https:\/\/www.yachtingnews.com\/es\/","logo":{"@type":"ImageObject","inLanguage":"es","@id":"https:\/\/www.yachtingnews.com\/es\/#\/schema\/logo\/image\/","url":"https:\/\/www.yachtingnews.com\/wp-content\/uploads\/2023\/02\/LOGO-Yachting-NEWS-blu-800.png","contentUrl":"https:\/\/www.yachtingnews.com\/wp-content\/uploads\/2023\/02\/LOGO-Yachting-NEWS-blu-800.png","width":790,"height":99,"caption":"Yachting News"},"image":{"@id":"https:\/\/www.yachtingnews.com\/es\/#\/schema\/logo\/image\/"},"sameAs":["https:\/\/www.facebook.com\/TheInternationalYachtingMedia","https:\/\/x.com\/YachtingMedia","https:\/\/www.instagram.com\/yachting.news\/","https:\/\/www.linkedin.com\/company\/the-international-yachting-media","https:\/\/www.youtube.com\/c\/TheInternationalYachtingMedia"]},{"@type":"Person","@id":"https:\/\/www.yachtingnews.com\/es\/#\/schema\/person\/d2e99eb1c7ce9e28a78d15e3d5d68eb3","name":"Alessandro Giuzio","image":{"@type":"ImageObject","inLanguage":"es","@id":"https:\/\/www.yachtingnews.com\/wp-content\/litespeed\/avatar\/a99e5f8da4fc551fb53eb9f1fec61fb4.jpg?ver=1788189881","url":"https:\/\/www.yachtingnews.com\/wp-content\/litespeed\/avatar\/a99e5f8da4fc551fb53eb9f1fec61fb4.jpg?ver=1788189881","contentUrl":"https:\/\/www.yachtingnews.com\/wp-content\/litespeed\/avatar\/a99e5f8da4fc551fb53eb9f1fec61fb4.jpg?ver=1788189881","caption":"Alessandro Giuzio"},"description":"Alessandro is a professional journalist and contributes to The International Yachting Media since 2022. He is an expert on the sea and of course on boats.","url":"https:\/\/www.yachtingnews.com\/es\/author\/alexgiuzio\/"}]}},"_links":{"self":[{"href":"https:\/\/www.yachtingnews.com\/es\/wp-json\/wp\/v2\/posts\/155372","targetHints":{"allow":["GET"]}}],"collection":[{"href":"https:\/\/www.yachtingnews.com\/es\/wp-json\/wp\/v2\/posts"}],"about":[{"href":"https:\/\/www.yachtingnews.com\/es\/wp-json\/wp\/v2\/types\/post"}],"author":[{"embeddable":true,"href":"https:\/\/www.yachtingnews.com\/es\/wp-json\/wp\/v2\/users\/45"}],"replies":[{"embeddable":true,"href":"https:\/\/www.yachtingnews.com\/es\/wp-json\/wp\/v2\/comments?post=155372"}],"version-history":[{"count":0,"href":"https:\/\/www.yachtingnews.com\/es\/wp-json\/wp\/v2\/posts\/155372\/revisions"}],"wp:featuredmedia":[{"embeddable":true,"href":"https:\/\/www.yachtingnews.com\/es\/wp-json\/wp\/v2\/media\/155373"}],"wp:attachment":[{"href":"https:\/\/www.yachtingnews.com\/es\/wp-json\/wp\/v2\/media?parent=155372"}],"wp:term":[{"taxonomy":"category","embeddable":true,"href":"https:\/\/www.yachtingnews.com\/es\/wp-json\/wp\/v2\/categories?post=155372"},{"taxonomy":"post_tag","embeddable":true,"href":"https:\/\/www.yachtingnews.com\/es\/wp-json\/wp\/v2\/tags?post=155372"}],"curies":[{"name":"wp","href":"https:\/\/api.w.org\/{rel}","templated":true}]}}