{"id":155437,"date":"2025-08-29T01:00:00","date_gmt":"2025-08-29T00:00:00","guid":{"rendered":"https:\/\/yachtingnews.com\/e-cat-80-visionf-yachts-lanza-su-segundo-catamaran-solar-electrico\/"},"modified":"2025-08-29T01:01:23","modified_gmt":"2025-08-29T00:01:23","slug":"e-cat-80-visionf-yachts-lanza-su-segundo-catamaran-solar-electrico","status":"publish","type":"post","link":"https:\/\/www.yachtingnews.com\/es\/e-cat-80-visionf-yachts-lanza-su-segundo-catamaran-solar-electrico\/","title":{"rendered":"E-Cat 80: VISIONF Yachts lanza su segundo catamar\u00e1n solar el\u00e9ctrico"},"content":{"rendered":"\t\t<div data-elementor-type=\"wp-post\" data-elementor-id=\"155437\" class=\"elementor elementor-155437 elementor-155401\" data-elementor-post-type=\"post\">\n\t\t\t\t\t\t<section class=\"elementor-section elementor-top-section elementor-element elementor-element-65f02f99 elementor-section-boxed elementor-section-height-default elementor-section-height-default\" data-id=\"65f02f99\" data-element_type=\"section\" data-e-type=\"section\">\n\t\t\t\t\t\t<div class=\"elementor-container elementor-column-gap-default\">\n\t\t\t\t\t<div class=\"elementor-column elementor-col-100 elementor-top-column elementor-element elementor-element-37b81e57\" data-id=\"37b81e57\" data-element_type=\"column\" data-e-type=\"column\">\n\t\t\t<div class=\"elementor-widget-wrap elementor-element-populated\">\n\t\t\t\t\t\t<div class=\"elementor-element elementor-element-3dac7dab elementor-widget elementor-widget-text-editor\" data-id=\"3dac7dab\" data-element_type=\"widget\" data-e-type=\"widget\" data-widget_type=\"text-editor.default\">\n\t\t\t\t<div class=\"elementor-widget-container\">\n\t\t\t\t\t\t\t\t\t<p>El astillero turco <b>VISIONF Yachts,<\/b> pionero en la construcci\u00f3n de catamaranes de \u00faltima generaci\u00f3n, ha botado una nueva unidad de su catamar\u00e1n <b>de fibra de carbono totalmente el\u00e9ctrico<\/b>, el<b> E-Cat 80. <\/b> <\/p><h3 class=\"western\">Novedades a bordo del segundo E-Cat 80<\/h3><p>Esta segunda unidad introduce una <b>serie de actualizaciones<\/b> que mejoran a\u00fan m\u00e1s la sostenibilidad y el confort a bordo. El techo ampliado aloja ahora ocho paneles solares adicionales, lo que eleva el total a <b>62<\/b> y aumenta la potencia a <b>24,8 kW por hora<\/b> (+3,2 kW respecto a la versi\u00f3n anterior). Esto permite al <a href=\"https:\/\/yachtingnews.com\/es\/\">yate<\/a> navegar con total <b>autosuficiencia<\/b> sin depender de fuentes de energ\u00eda externas. El flybridge se ha mejorado con un jacuzzi para ofrecer una experiencia a\u00fan m\u00e1s exclusiva. La distribuci\u00f3n interior presenta ahora <b>cinco camarotes<\/b> en lugar de cuatro, con el quinto dise\u00f1ado como habitaci\u00f3n dedicada a los ni\u00f1os, pero f\u00e1cilmente personalizable seg\u00fan las distintas necesidades del propietario.    <\/p><p><img decoding=\"async\" class=\"aligncenter wp-image-155402 size-full\" title=\"catamar\u00e1n e-cat 80\" src=\"https:\/\/yachtingnews.com\/wp-content\/uploads\/2025\/08\/DSC07446.jpg\" alt=\"catamar\u00e1n e-cat 80\" width=\"1600\" height=\"900\" srcset=\"https:\/\/www.yachtingnews.com\/wp-content\/uploads\/2025\/08\/DSC07446.jpg 1600w, https:\/\/www.yachtingnews.com\/wp-content\/uploads\/2025\/08\/DSC07446-300x169.jpg 300w, https:\/\/www.yachtingnews.com\/wp-content\/uploads\/2025\/08\/DSC07446-768x432.jpg 768w, https:\/\/www.yachtingnews.com\/wp-content\/uploads\/2025\/08\/DSC07446-1536x864.jpg 1536w\" sizes=\"(max-width: 1600px) 100vw, 1600px\" \/><\/p><h3 class=\"western\">Espacios generosos y versatilidad total<\/h3><p>Con una manga m\u00e1xima de <b>10,92 metros<\/b> y una eslora de <b>23,97 metros,<\/b> el nuevo VISIONF E-Cat 80 ofrece amplias zonas de estar y puede alojar c\u00f3modamente hasta <b>12 invitados.<\/b> Adem\u00e1s del jacuzzi, el flybridge cuenta con cuatro zonas de estar distintas, un cine al aire libre, asientos para masajes y amplias zonas para tomar el sol. La configuraci\u00f3n de cinco camarotes es ideal para familias numerosas, grupos de amigos o actividades de ch\u00e1rter.<b> La tripulaci\u00f3n tambi\u00e9n se beneficia de unos camarotes bien dise\u00f1ados<\/b>: cuatro literas, una zona de estar dedicada y un camarote del capit\u00e1n con ba\u00f1o privado, que garantizan un servicio profesional sin comprometer la intimidad de los invitados. En cualquier caso, la distribuci\u00f3n general del E-Cat 80 es<b> totalmente personalizable. <\/b>   <\/p><h3 class=\"western\">Garaje para licitaciones de nivel superior<\/h3><p>Uno de los aspectos m\u00e1s destacados del E-Cat 80 es su <b>espacioso garaje para embarcaciones auxiliares de 15 m\u00b2,<\/b> equipado con una puerta de popa hidr\u00e1ulica, cabrestante el\u00e9ctrico y sistema de sujeci\u00f3n. Puede alojar <b>una segunda embarcaci\u00f3n auxiliar o dos motos acu\u00e1ticas<\/b> gracias al elevador de embarcaciones auxiliares, convirtiendo el barco en un aut\u00e9ntico parque infantil flotante. <\/p><p><img decoding=\"async\" class=\"aligncenter wp-image-155405 size-full\" title=\"visionf yachts\" src=\"https:\/\/yachtingnews.com\/wp-content\/uploads\/2025\/08\/DSC07491.jpg\" alt=\"visionf yachts\" width=\"1600\" height=\"900\" srcset=\"https:\/\/www.yachtingnews.com\/wp-content\/uploads\/2025\/08\/DSC07491.jpg 1600w, https:\/\/www.yachtingnews.com\/wp-content\/uploads\/2025\/08\/DSC07491-300x169.jpg 300w, https:\/\/www.yachtingnews.com\/wp-content\/uploads\/2025\/08\/DSC07491-768x432.jpg 768w, https:\/\/www.yachtingnews.com\/wp-content\/uploads\/2025\/08\/DSC07491-1536x864.jpg 1536w\" sizes=\"(max-width: 1600px) 100vw, 1600px\" \/><\/p><h3 class=\"western\">Nuevo E-Cat 80, rendimiento y sostenibilidad<\/h3><p>Gracias a su elegante y eficiente dise\u00f1o de doble casco, el E-Cat 80 demuestra <b>una gran maniobrabilidad y rendimiento<\/b> en el agua. Los dos motores <b>Danfoss de 180 kW<\/b>, junto con la h\u00e9lice de proa y la h\u00e9lice de popa, garantizan una agilidad extraordinaria, una velocidad de crucero de <b>entre 6 y 8 nudos <\/b>y un manejo suave en todas las condiciones. El sistema de propulsi\u00f3n totalmente el\u00e9ctrico permite<b> una autonom\u00eda ilimitada <\/b>en condiciones \u00f3ptimas. Cuando es necesario, dos generadores de 150 kW y un dep\u00f3sito de combustible de 5 toneladas proporcionan una autonom\u00eda de m\u00e1s de 1.000 millas n\u00e1uticas, ofreciendo potencia de reserva y mayor eficiencia a velocidades m\u00e1s altas.   <\/p>\t\t\t\t\t\t\t\t<\/div>\n\t\t\t\t<\/div>\n\t\t\t\t\t<\/div>\n\t\t<\/div>\n\t\t\t\t\t<\/div>\n\t\t<\/section>\n\t\t\t\t<\/div>\n\t\t","protected":false},"excerpt":{"rendered":"<p>El astillero turco VISIONF Yachts, pionero en la construcci\u00f3n de catamaranes de \u00faltima generaci\u00f3n, ha botado una nueva unidad de su catamar\u00e1n de fibra de carbono totalmente el\u00e9ctrico, el E-Cat 80. Novedades a bordo del segundo E-Cat 80 Esta segunda unidad introduce una serie de actualizaciones que mejoran a\u00fan m\u00e1s la sostenibilidad y el confort [&hellip;]<\/p>\n","protected":false},"author":79,"featured_media":155440,"comment_status":"open","ping_status":"closed","sticky":false,"template":"","format":"standard","meta":{"_mo_disable_npp":"","footnotes":""},"categories":[2100],"tags":[],"class_list":["post-155437","post","type-post","status-publish","format-standard","has-post-thumbnail","hentry","category-noticias-nauticas"],"yoast_head":"<!-- This site is optimized with the Yoast SEO plugin v28.3 - https:\/\/yoast.com\/product\/yoast-seo-wordpress\/ -->\n<title>E-Cat 80: VISIONF Yachts lanza su catamar\u00e1n solar-el\u00e9ctrico - Yachting News<\/title>\n<meta name=\"description\" content=\"Con una manga m\u00e1xima de 10,92 metros y una eslora de 23,97 metros, el nuevo VISIONF E-Cat 80 ofrece amplias zonas de estar...\" \/>\n<meta name=\"robots\" content=\"index, follow, max-snippet:-1, max-image-preview:large, max-video-preview:-1\" \/>\n<link rel=\"canonical\" href=\"https:\/\/www.yachtingnews.com\/es\/e-cat-80-visionf-yachts-lanza-su-segundo-catamaran-solar-electrico\/\" \/>\n<meta property=\"og:locale\" content=\"es_ES\" \/>\n<meta property=\"og:type\" content=\"article\" \/>\n<meta property=\"og:title\" content=\"E-Cat 80: VISIONF Yachts lanza su catamar\u00e1n solar-el\u00e9ctrico - Yachting News\" \/>\n<meta property=\"og:description\" content=\"Con una manga m\u00e1xima de 10,92 metros y una eslora de 23,97 metros, el nuevo VISIONF E-Cat 80 ofrece amplias zonas de estar...\" \/>\n<meta property=\"og:url\" content=\"https:\/\/www.yachtingnews.com\/es\/e-cat-80-visionf-yachts-lanza-su-segundo-catamaran-solar-electrico\/\" \/>\n<meta property=\"og:site_name\" content=\"Yachting News\" \/>\n<meta property=\"article:publisher\" content=\"https:\/\/www.facebook.com\/TheInternationalYachtingMedia\" \/>\n<meta property=\"article:published_time\" content=\"2025-08-29T00:00:00+00:00\" \/>\n<meta property=\"article:modified_time\" content=\"2025-08-29T00:01:23+00:00\" \/>\n<meta property=\"og:image\" content=\"https:\/\/www.yachtingnews.com\/wp-content\/uploads\/2025\/08\/Copertina-EN3.jpg\" \/>\n\t<meta property=\"og:image:width\" content=\"1600\" \/>\n\t<meta property=\"og:image:height\" content=\"900\" \/>\n\t<meta property=\"og:image:type\" content=\"image\/jpeg\" \/>\n<meta name=\"author\" content=\"Mattia Camera\" \/>\n<meta name=\"twitter:card\" content=\"summary_large_image\" \/>\n<meta name=\"twitter:creator\" content=\"@YachtingMedia\" \/>\n<meta name=\"twitter:site\" content=\"@YachtingMedia\" \/>\n<meta name=\"twitter:label1\" content=\"Escrito por\" \/>\n\t<meta name=\"twitter:data1\" content=\"Mattia Camera\" \/>\n\t<meta name=\"twitter:label2\" content=\"Tiempo de lectura\" \/>\n\t<meta name=\"twitter:data2\" content=\"2 minutos\" \/>\n<script type=\"application\/ld+json\" class=\"yoast-schema-graph\">{\"@context\":\"https:\\\/\\\/schema.org\",\"@graph\":[{\"@type\":\"Article\",\"@id\":\"https:\\\/\\\/www.yachtingnews.com\\\/es\\\/e-cat-80-visionf-yachts-lanza-su-segundo-catamaran-solar-electrico\\\/#article\",\"isPartOf\":{\"@id\":\"https:\\\/\\\/www.yachtingnews.com\\\/es\\\/e-cat-80-visionf-yachts-lanza-su-segundo-catamaran-solar-electrico\\\/\"},\"author\":{\"name\":\"Mattia Camera\",\"@id\":\"https:\\\/\\\/www.yachtingnews.com\\\/es\\\/#\\\/schema\\\/person\\\/1fa0428d1df3c202dda10fd27071fdac\"},\"headline\":\"E-Cat 80: VISIONF Yachts lanza su segundo catamar\u00e1n solar el\u00e9ctrico\",\"datePublished\":\"2025-08-29T00:00:00+00:00\",\"dateModified\":\"2025-08-29T00:01:23+00:00\",\"mainEntityOfPage\":{\"@id\":\"https:\\\/\\\/www.yachtingnews.com\\\/es\\\/e-cat-80-visionf-yachts-lanza-su-segundo-catamaran-solar-electrico\\\/\"},\"wordCount\":493,\"commentCount\":0,\"publisher\":{\"@id\":\"https:\\\/\\\/www.yachtingnews.com\\\/es\\\/#organization\"},\"image\":{\"@id\":\"https:\\\/\\\/www.yachtingnews.com\\\/es\\\/e-cat-80-visionf-yachts-lanza-su-segundo-catamaran-solar-electrico\\\/#primaryimage\"},\"thumbnailUrl\":\"https:\\\/\\\/www.yachtingnews.com\\\/wp-content\\\/uploads\\\/2025\\\/08\\\/Copertina-EN3.jpg\",\"articleSection\":[\"Noticias\"],\"inLanguage\":\"es\",\"potentialAction\":[{\"@type\":\"CommentAction\",\"name\":\"Comment\",\"target\":[\"https:\\\/\\\/www.yachtingnews.com\\\/es\\\/e-cat-80-visionf-yachts-lanza-su-segundo-catamaran-solar-electrico\\\/#respond\"]}]},{\"@type\":\"WebPage\",\"@id\":\"https:\\\/\\\/www.yachtingnews.com\\\/es\\\/e-cat-80-visionf-yachts-lanza-su-segundo-catamaran-solar-electrico\\\/\",\"url\":\"https:\\\/\\\/www.yachtingnews.com\\\/es\\\/e-cat-80-visionf-yachts-lanza-su-segundo-catamaran-solar-electrico\\\/\",\"name\":\"E-Cat 80: VISIONF Yachts lanza su catamar\u00e1n solar-el\u00e9ctrico - Yachting News\",\"isPartOf\":{\"@id\":\"https:\\\/\\\/www.yachtingnews.com\\\/es\\\/#website\"},\"primaryImageOfPage\":{\"@id\":\"https:\\\/\\\/www.yachtingnews.com\\\/es\\\/e-cat-80-visionf-yachts-lanza-su-segundo-catamaran-solar-electrico\\\/#primaryimage\"},\"image\":{\"@id\":\"https:\\\/\\\/www.yachtingnews.com\\\/es\\\/e-cat-80-visionf-yachts-lanza-su-segundo-catamaran-solar-electrico\\\/#primaryimage\"},\"thumbnailUrl\":\"https:\\\/\\\/www.yachtingnews.com\\\/wp-content\\\/uploads\\\/2025\\\/08\\\/Copertina-EN3.jpg\",\"datePublished\":\"2025-08-29T00:00:00+00:00\",\"dateModified\":\"2025-08-29T00:01:23+00:00\",\"description\":\"Con una manga m\u00e1xima de 10,92 metros y una eslora de 23,97 metros, el nuevo VISIONF E-Cat 80 ofrece amplias zonas de estar...\",\"breadcrumb\":{\"@id\":\"https:\\\/\\\/www.yachtingnews.com\\\/es\\\/e-cat-80-visionf-yachts-lanza-su-segundo-catamaran-solar-electrico\\\/#breadcrumb\"},\"inLanguage\":\"es\",\"potentialAction\":[{\"@type\":\"ReadAction\",\"target\":[\"https:\\\/\\\/www.yachtingnews.com\\\/es\\\/e-cat-80-visionf-yachts-lanza-su-segundo-catamaran-solar-electrico\\\/\"]}]},{\"@type\":\"ImageObject\",\"inLanguage\":\"es\",\"@id\":\"https:\\\/\\\/www.yachtingnews.com\\\/es\\\/e-cat-80-visionf-yachts-lanza-su-segundo-catamaran-solar-electrico\\\/#primaryimage\",\"url\":\"https:\\\/\\\/www.yachtingnews.com\\\/wp-content\\\/uploads\\\/2025\\\/08\\\/Copertina-EN3.jpg\",\"contentUrl\":\"https:\\\/\\\/www.yachtingnews.com\\\/wp-content\\\/uploads\\\/2025\\\/08\\\/Copertina-EN3.jpg\",\"width\":1600,\"height\":900,\"caption\":\"visionf e-cat 80 catamar\u00e1nvisionf e-cat 80 catamar\u00e1n\"},{\"@type\":\"BreadcrumbList\",\"@id\":\"https:\\\/\\\/www.yachtingnews.com\\\/es\\\/e-cat-80-visionf-yachts-lanza-su-segundo-catamaran-solar-electrico\\\/#breadcrumb\",\"itemListElement\":[{\"@type\":\"ListItem\",\"position\":1,\"name\":\"Home\",\"item\":\"https:\\\/\\\/www.yachtingnews.com\\\/es\\\/yachting-news-2\\\/\"},{\"@type\":\"ListItem\",\"position\":2,\"name\":\"E-Cat 80: VISIONF Yachts lanza su segundo catamar\u00e1n solar el\u00e9ctrico\"}]},{\"@type\":\"WebSite\",\"@id\":\"https:\\\/\\\/www.yachtingnews.com\\\/es\\\/#website\",\"url\":\"https:\\\/\\\/www.yachtingnews.com\\\/es\\\/\",\"name\":\"Yachting News\",\"description\":\"The International Yachting Media\",\"publisher\":{\"@id\":\"https:\\\/\\\/www.yachtingnews.com\\\/es\\\/#organization\"},\"potentialAction\":[{\"@type\":\"SearchAction\",\"target\":{\"@type\":\"EntryPoint\",\"urlTemplate\":\"https:\\\/\\\/www.yachtingnews.com\\\/es\\\/?s={search_term_string}\"},\"query-input\":{\"@type\":\"PropertyValueSpecification\",\"valueRequired\":true,\"valueName\":\"search_term_string\"}}],\"inLanguage\":\"es\"},{\"@type\":\"Organization\",\"@id\":\"https:\\\/\\\/www.yachtingnews.com\\\/es\\\/#organization\",\"name\":\"Yachting News\",\"url\":\"https:\\\/\\\/www.yachtingnews.com\\\/es\\\/\",\"logo\":{\"@type\":\"ImageObject\",\"inLanguage\":\"es\",\"@id\":\"https:\\\/\\\/www.yachtingnews.com\\\/es\\\/#\\\/schema\\\/logo\\\/image\\\/\",\"url\":\"https:\\\/\\\/www.yachtingnews.com\\\/wp-content\\\/uploads\\\/2023\\\/02\\\/LOGO-Yachting-NEWS-blu-800.png\",\"contentUrl\":\"https:\\\/\\\/www.yachtingnews.com\\\/wp-content\\\/uploads\\\/2023\\\/02\\\/LOGO-Yachting-NEWS-blu-800.png\",\"width\":790,\"height\":99,\"caption\":\"Yachting News\"},\"image\":{\"@id\":\"https:\\\/\\\/www.yachtingnews.com\\\/es\\\/#\\\/schema\\\/logo\\\/image\\\/\"},\"sameAs\":[\"https:\\\/\\\/www.facebook.com\\\/TheInternationalYachtingMedia\",\"https:\\\/\\\/x.com\\\/YachtingMedia\",\"https:\\\/\\\/www.instagram.com\\\/yachting.news\\\/\",\"https:\\\/\\\/www.linkedin.com\\\/company\\\/the-international-yachting-media\",\"https:\\\/\\\/www.youtube.com\\\/c\\\/TheInternationalYachtingMedia\"]},{\"@type\":\"Person\",\"@id\":\"https:\\\/\\\/www.yachtingnews.com\\\/es\\\/#\\\/schema\\\/person\\\/1fa0428d1df3c202dda10fd27071fdac\",\"name\":\"Mattia Camera\",\"image\":{\"@type\":\"ImageObject\",\"inLanguage\":\"es\",\"@id\":\"https:\\\/\\\/www.yachtingnews.com\\\/wp-content\\\/litespeed\\\/avatar\\\/05af165278430c99d0107d61d0465add.jpg?ver=1788200817\",\"url\":\"https:\\\/\\\/www.yachtingnews.com\\\/wp-content\\\/litespeed\\\/avatar\\\/05af165278430c99d0107d61d0465add.jpg?ver=1788200817\",\"contentUrl\":\"https:\\\/\\\/www.yachtingnews.com\\\/wp-content\\\/litespeed\\\/avatar\\\/05af165278430c99d0107d61d0465add.jpg?ver=1788200817\",\"caption\":\"Mattia Camera\"},\"description\":\"I was born in Liguria, a stone's throw from the sea, with which I have a special and unbreakable relationship. Since middle school I had clear ideas: I wanted to be a journalist. I like to inform myself, understand what is going on around me and build my own opinion. After a few years in Milan, between study and work, during which I gained work and life experiences, the call of the sea became too strong and I moved back to my home.\",\"url\":\"https:\\\/\\\/www.yachtingnews.com\\\/es\\\/author\\\/mattia-camera\\\/\"}]}<\/script>\n<!-- \/ Yoast SEO plugin. -->","yoast_head_json":{"title":"E-Cat 80: VISIONF Yachts lanza su catamar\u00e1n solar-el\u00e9ctrico - Yachting News","description":"Con una manga m\u00e1xima de 10,92 metros y una eslora de 23,97 metros, el nuevo VISIONF E-Cat 80 ofrece amplias zonas de estar...","robots":{"index":"index","follow":"follow","max-snippet":"max-snippet:-1","max-image-preview":"max-image-preview:large","max-video-preview":"max-video-preview:-1"},"canonical":"https:\/\/www.yachtingnews.com\/es\/e-cat-80-visionf-yachts-lanza-su-segundo-catamaran-solar-electrico\/","og_locale":"es_ES","og_type":"article","og_title":"E-Cat 80: VISIONF Yachts lanza su catamar\u00e1n solar-el\u00e9ctrico - Yachting News","og_description":"Con una manga m\u00e1xima de 10,92 metros y una eslora de 23,97 metros, el nuevo VISIONF E-Cat 80 ofrece amplias zonas de estar...","og_url":"https:\/\/www.yachtingnews.com\/es\/e-cat-80-visionf-yachts-lanza-su-segundo-catamaran-solar-electrico\/","og_site_name":"Yachting News","article_publisher":"https:\/\/www.facebook.com\/TheInternationalYachtingMedia","article_published_time":"2025-08-29T00:00:00+00:00","article_modified_time":"2025-08-29T00:01:23+00:00","og_image":[{"width":1600,"height":900,"url":"https:\/\/www.yachtingnews.com\/wp-content\/uploads\/2025\/08\/Copertina-EN3.jpg","type":"image\/jpeg"}],"author":"Mattia Camera","twitter_card":"summary_large_image","twitter_creator":"@YachtingMedia","twitter_site":"@YachtingMedia","twitter_misc":{"Escrito por":"Mattia Camera","Tiempo de lectura":"2 minutos"},"schema":{"@context":"https:\/\/schema.org","@graph":[{"@type":"Article","@id":"https:\/\/www.yachtingnews.com\/es\/e-cat-80-visionf-yachts-lanza-su-segundo-catamaran-solar-electrico\/#article","isPartOf":{"@id":"https:\/\/www.yachtingnews.com\/es\/e-cat-80-visionf-yachts-lanza-su-segundo-catamaran-solar-electrico\/"},"author":{"name":"Mattia Camera","@id":"https:\/\/www.yachtingnews.com\/es\/#\/schema\/person\/1fa0428d1df3c202dda10fd27071fdac"},"headline":"E-Cat 80: VISIONF Yachts lanza su segundo catamar\u00e1n solar el\u00e9ctrico","datePublished":"2025-08-29T00:00:00+00:00","dateModified":"2025-08-29T00:01:23+00:00","mainEntityOfPage":{"@id":"https:\/\/www.yachtingnews.com\/es\/e-cat-80-visionf-yachts-lanza-su-segundo-catamaran-solar-electrico\/"},"wordCount":493,"commentCount":0,"publisher":{"@id":"https:\/\/www.yachtingnews.com\/es\/#organization"},"image":{"@id":"https:\/\/www.yachtingnews.com\/es\/e-cat-80-visionf-yachts-lanza-su-segundo-catamaran-solar-electrico\/#primaryimage"},"thumbnailUrl":"https:\/\/www.yachtingnews.com\/wp-content\/uploads\/2025\/08\/Copertina-EN3.jpg","articleSection":["Noticias"],"inLanguage":"es","potentialAction":[{"@type":"CommentAction","name":"Comment","target":["https:\/\/www.yachtingnews.com\/es\/e-cat-80-visionf-yachts-lanza-su-segundo-catamaran-solar-electrico\/#respond"]}]},{"@type":"WebPage","@id":"https:\/\/www.yachtingnews.com\/es\/e-cat-80-visionf-yachts-lanza-su-segundo-catamaran-solar-electrico\/","url":"https:\/\/www.yachtingnews.com\/es\/e-cat-80-visionf-yachts-lanza-su-segundo-catamaran-solar-electrico\/","name":"E-Cat 80: VISIONF Yachts lanza su catamar\u00e1n solar-el\u00e9ctrico - Yachting News","isPartOf":{"@id":"https:\/\/www.yachtingnews.com\/es\/#website"},"primaryImageOfPage":{"@id":"https:\/\/www.yachtingnews.com\/es\/e-cat-80-visionf-yachts-lanza-su-segundo-catamaran-solar-electrico\/#primaryimage"},"image":{"@id":"https:\/\/www.yachtingnews.com\/es\/e-cat-80-visionf-yachts-lanza-su-segundo-catamaran-solar-electrico\/#primaryimage"},"thumbnailUrl":"https:\/\/www.yachtingnews.com\/wp-content\/uploads\/2025\/08\/Copertina-EN3.jpg","datePublished":"2025-08-29T00:00:00+00:00","dateModified":"2025-08-29T00:01:23+00:00","description":"Con una manga m\u00e1xima de 10,92 metros y una eslora de 23,97 metros, el nuevo VISIONF E-Cat 80 ofrece amplias zonas de estar...","breadcrumb":{"@id":"https:\/\/www.yachtingnews.com\/es\/e-cat-80-visionf-yachts-lanza-su-segundo-catamaran-solar-electrico\/#breadcrumb"},"inLanguage":"es","potentialAction":[{"@type":"ReadAction","target":["https:\/\/www.yachtingnews.com\/es\/e-cat-80-visionf-yachts-lanza-su-segundo-catamaran-solar-electrico\/"]}]},{"@type":"ImageObject","inLanguage":"es","@id":"https:\/\/www.yachtingnews.com\/es\/e-cat-80-visionf-yachts-lanza-su-segundo-catamaran-solar-electrico\/#primaryimage","url":"https:\/\/www.yachtingnews.com\/wp-content\/uploads\/2025\/08\/Copertina-EN3.jpg","contentUrl":"https:\/\/www.yachtingnews.com\/wp-content\/uploads\/2025\/08\/Copertina-EN3.jpg","width":1600,"height":900,"caption":"visionf e-cat 80 catamar\u00e1nvisionf e-cat 80 catamar\u00e1n"},{"@type":"BreadcrumbList","@id":"https:\/\/www.yachtingnews.com\/es\/e-cat-80-visionf-yachts-lanza-su-segundo-catamaran-solar-electrico\/#breadcrumb","itemListElement":[{"@type":"ListItem","position":1,"name":"Home","item":"https:\/\/www.yachtingnews.com\/es\/yachting-news-2\/"},{"@type":"ListItem","position":2,"name":"E-Cat 80: VISIONF Yachts lanza su segundo catamar\u00e1n solar el\u00e9ctrico"}]},{"@type":"WebSite","@id":"https:\/\/www.yachtingnews.com\/es\/#website","url":"https:\/\/www.yachtingnews.com\/es\/","name":"Yachting News","description":"The International Yachting Media","publisher":{"@id":"https:\/\/www.yachtingnews.com\/es\/#organization"},"potentialAction":[{"@type":"SearchAction","target":{"@type":"EntryPoint","urlTemplate":"https:\/\/www.yachtingnews.com\/es\/?s={search_term_string}"},"query-input":{"@type":"PropertyValueSpecification","valueRequired":true,"valueName":"search_term_string"}}],"inLanguage":"es"},{"@type":"Organization","@id":"https:\/\/www.yachtingnews.com\/es\/#organization","name":"Yachting News","url":"https:\/\/www.yachtingnews.com\/es\/","logo":{"@type":"ImageObject","inLanguage":"es","@id":"https:\/\/www.yachtingnews.com\/es\/#\/schema\/logo\/image\/","url":"https:\/\/www.yachtingnews.com\/wp-content\/uploads\/2023\/02\/LOGO-Yachting-NEWS-blu-800.png","contentUrl":"https:\/\/www.yachtingnews.com\/wp-content\/uploads\/2023\/02\/LOGO-Yachting-NEWS-blu-800.png","width":790,"height":99,"caption":"Yachting News"},"image":{"@id":"https:\/\/www.yachtingnews.com\/es\/#\/schema\/logo\/image\/"},"sameAs":["https:\/\/www.facebook.com\/TheInternationalYachtingMedia","https:\/\/x.com\/YachtingMedia","https:\/\/www.instagram.com\/yachting.news\/","https:\/\/www.linkedin.com\/company\/the-international-yachting-media","https:\/\/www.youtube.com\/c\/TheInternationalYachtingMedia"]},{"@type":"Person","@id":"https:\/\/www.yachtingnews.com\/es\/#\/schema\/person\/1fa0428d1df3c202dda10fd27071fdac","name":"Mattia Camera","image":{"@type":"ImageObject","inLanguage":"es","@id":"https:\/\/www.yachtingnews.com\/wp-content\/litespeed\/avatar\/05af165278430c99d0107d61d0465add.jpg?ver=1788200817","url":"https:\/\/www.yachtingnews.com\/wp-content\/litespeed\/avatar\/05af165278430c99d0107d61d0465add.jpg?ver=1788200817","contentUrl":"https:\/\/www.yachtingnews.com\/wp-content\/litespeed\/avatar\/05af165278430c99d0107d61d0465add.jpg?ver=1788200817","caption":"Mattia Camera"},"description":"I was born in Liguria, a stone's throw from the sea, with which I have a special and unbreakable relationship. Since middle school I had clear ideas: I wanted to be a journalist. I like to inform myself, understand what is going on around me and build my own opinion. After a few years in Milan, between study and work, during which I gained work and life experiences, the call of the sea became too strong and I moved back to my home.","url":"https:\/\/www.yachtingnews.com\/es\/author\/mattia-camera\/"}]}},"_links":{"self":[{"href":"https:\/\/www.yachtingnews.com\/es\/wp-json\/wp\/v2\/posts\/155437","targetHints":{"allow":["GET"]}}],"collection":[{"href":"https:\/\/www.yachtingnews.com\/es\/wp-json\/wp\/v2\/posts"}],"about":[{"href":"https:\/\/www.yachtingnews.com\/es\/wp-json\/wp\/v2\/types\/post"}],"author":[{"embeddable":true,"href":"https:\/\/www.yachtingnews.com\/es\/wp-json\/wp\/v2\/users\/79"}],"replies":[{"embeddable":true,"href":"https:\/\/www.yachtingnews.com\/es\/wp-json\/wp\/v2\/comments?post=155437"}],"version-history":[{"count":0,"href":"https:\/\/www.yachtingnews.com\/es\/wp-json\/wp\/v2\/posts\/155437\/revisions"}],"wp:featuredmedia":[{"embeddable":true,"href":"https:\/\/www.yachtingnews.com\/es\/wp-json\/wp\/v2\/media\/155440"}],"wp:attachment":[{"href":"https:\/\/www.yachtingnews.com\/es\/wp-json\/wp\/v2\/media?parent=155437"}],"wp:term":[{"taxonomy":"category","embeddable":true,"href":"https:\/\/www.yachtingnews.com\/es\/wp-json\/wp\/v2\/categories?post=155437"},{"taxonomy":"post_tag","embeddable":true,"href":"https:\/\/www.yachtingnews.com\/es\/wp-json\/wp\/v2\/tags?post=155437"}],"curies":[{"name":"wp","href":"https:\/\/api.w.org\/{rel}","templated":true}]}}