{"id":155484,"date":"2025-08-31T01:00:00","date_gmt":"2025-08-31T00:00:00","guid":{"rendered":"https:\/\/yachtingnews.com\/halma-rib-ilumina-la-temporada-de-otono-en-cannes-y-genova\/"},"modified":"2025-08-31T01:01:33","modified_gmt":"2025-08-31T00:01:33","slug":"halma-rib-ilumina-la-temporada-de-otono-en-cannes-y-genova","status":"publish","type":"post","link":"https:\/\/www.yachtingnews.com\/es\/halma-rib-ilumina-la-temporada-de-otono-en-cannes-y-genova\/","title":{"rendered":"Halma Rib ilumina la temporada de oto\u00f1o en Cannes y G\u00e9nova"},"content":{"rendered":"\t\t<div data-elementor-type=\"wp-post\" data-elementor-id=\"155484\" class=\"elementor elementor-155484 elementor-155425\" data-elementor-post-type=\"post\">\n\t\t\t\t\t\t<section class=\"elementor-section elementor-top-section elementor-element elementor-element-68936baa elementor-section-boxed elementor-section-height-default elementor-section-height-default\" data-id=\"68936baa\" data-element_type=\"section\" data-e-type=\"section\">\n\t\t\t\t\t\t<div class=\"elementor-container elementor-column-gap-default\">\n\t\t\t\t\t<div class=\"elementor-column elementor-col-100 elementor-top-column elementor-element elementor-element-3c802b4c\" data-id=\"3c802b4c\" data-element_type=\"column\" data-e-type=\"column\">\n\t\t\t<div class=\"elementor-widget-wrap elementor-element-populated\">\n\t\t\t\t\t\t<div class=\"elementor-element elementor-element-5cbf961c elementor-widget elementor-widget-text-editor\" data-id=\"5cbf961c\" data-element_type=\"widget\" data-e-type=\"widget\" data-widget_type=\"text-editor.default\">\n\t\t\t\t<div class=\"elementor-widget-container\">\n\t\t\t\t\t\t\t\t\t<p>Conocido y apreciado por su dedicaci\u00f3n a la calidad y la elegancia, <b>Halma Rib<\/b> se prepara para un doble escaparate en dos de los salones n\u00e1uticos m\u00e1s prestigiosos de Europa, el Cannes Yachting Festival 2025 (9-14 de septiembre) y el Sal\u00f3n N\u00e1utico Internacional de G\u00e9nova (18-23 de septiembre). El astillero participar\u00e1 en ambos eventos con una cuidada presencia, en la que presentar\u00e1 dos de sus modelos insignia: el <b>HR25<\/b> y el <b>HR30,<\/b> ambos en versi\u00f3n fueraborda. <\/p><p>Halma Rib no se limita a participar, sino que elige cuidadosamente el aspecto y el ambiente de su escenario, seleccionando lugares que reflejen su identidad basada en la elegancia, la experiencia y la visi\u00f3n. <i>\u00abEstamos encantados de encontrarnos con propietarios y entusiastas tanto en Cannes como en G\u00e9nova &#8211;<\/i> afirma el gerente <b>Filippo Amoroso<\/b><i>  &#8211; Estos dos salones n\u00e1uticos son una oportunidad \u00fanica para compartir nuestra filosof\u00eda de dise\u00f1o y mostrar nuestra gama. Invitamos cordialmente a todos los visitantes a pasar por nuestros stands, descubrir de cerca las embarcaciones Halma Rib y compartir nuestra pasi\u00f3n por el mar\u00bb. <\/i><\/p><p>En Cannes, Halma Rib se expondr\u00e1 en Port Canto, en la zona POWER 221; en G\u00e9nova, el stand del astillero estar\u00e1 situado en A411\/A409.<\/p><p><img decoding=\"async\" class=\"aligncenter wp-image-155428 size-full\" title=\"Halma Rib-HR25\" src=\"https:\/\/yachtingnews.com\/wp-content\/uploads\/2025\/08\/Halma-Rib-HR25-fr.webp\" alt=\"Halma Rib-HR25\" width=\"1600\" height=\"900\" srcset=\"https:\/\/www.yachtingnews.com\/wp-content\/uploads\/2025\/08\/Halma-Rib-HR25-fr.webp 1600w, https:\/\/www.yachtingnews.com\/wp-content\/uploads\/2025\/08\/Halma-Rib-HR25-fr-300x169.webp 300w, https:\/\/www.yachtingnews.com\/wp-content\/uploads\/2025\/08\/Halma-Rib-HR25-fr-768x432.webp 768w, https:\/\/www.yachtingnews.com\/wp-content\/uploads\/2025\/08\/Halma-Rib-HR25-fr-1536x864.webp 1536w\" sizes=\"(max-width: 1600px) 100vw, 1600px\" \/><\/p><h3 class=\"western\">Los modelos Halma Rib expuestos en Cannes y G\u00e9nova<\/h3><p>Merece la pena echar un vistazo m\u00e1s de cerca a las hermosas embarcaciones que Halma Rib expondr\u00e1 en los salones n\u00e1uticos de Cannes y G\u00e9nova. Sin duda, la <b>HR30<\/b> no pasa desapercibida: con su elegante librea, su tapicer\u00eda blanca y sus detalles de teca vista, capta la atenci\u00f3n a primera vista. Fruto de dos a\u00f1os de dise\u00f1o, es el primer modelo de la nueva gama HR, con un aspecto que destaca claramente en el segmento de las maxi-RIB. En esta nueva versi\u00f3n fueraborda, parece a\u00fan m\u00e1s deportivo y agresivo.   <\/p><p>La HR30 impresiona por su inteligente aprovechamiento del espacio: a pesar de su eslora de unos 9 metros, se beneficia de una manga m\u00e1xima de 3,35 metros, que ampl\u00eda la cubierta tanto visual como pr\u00e1cticamente. La proa cuadrada, un rasgo distintivo, se suma a esta sensaci\u00f3n de espacio, con una gran tumbona XXL que domina la zona, mientras que el sof\u00e1 orientado hacia delante tiene tres c\u00f3modos asientos. Para m\u00e1s detalles, te sugerimos que consultes nuestra<a href=\"https:\/\/yachtingnews.com\/es\/halma-rib-hr30-prueba\/\"> prueba de mar de la HR30 <\/a>en la versi\u00f3n con propulsi\u00f3n en popa.  <\/p><p><img decoding=\"async\" class=\"aligncenter wp-image-155431 size-full\" title=\"halma-rib-hr30\" src=\"https:\/\/yachtingnews.com\/wp-content\/uploads\/2025\/08\/halma-rib-hr30-de.jpg\" alt=\"halma-rib-hr30\" width=\"1400\" height=\"787\" srcset=\"https:\/\/www.yachtingnews.com\/wp-content\/uploads\/2025\/08\/halma-rib-hr30-de.jpg 1400w, https:\/\/www.yachtingnews.com\/wp-content\/uploads\/2025\/08\/halma-rib-hr30-de-300x169.jpg 300w, https:\/\/www.yachtingnews.com\/wp-content\/uploads\/2025\/08\/halma-rib-hr30-de-768x432.jpg 768w\" sizes=\"(max-width: 1400px) 100vw, 1400px\" \/><\/p><p>En cuanto a la <b>HR25<\/b>, que probamos recientemente en una <a href=\"https:\/\/yachtingnews.com\/es\/halma-rib-hr25-la-prueba-en-video-de-una-lujosa-y-elegante-semirrigida\/\">prueba de mar en v\u00eddeo,<\/a> es el nuevo modelo de entrada de la gama. Dise\u00f1ada para combinar comodidad, seguridad y alto rendimiento, la Halma Rib HR25 es una embarcaci\u00f3n vers\u00e1til, igualmente adecuada para el crucero de recreo y el uso profesional. Es el modelo m\u00e1s compacto de la gama HR, ya que mide 8,10 metros, pero incorpora las mismas soluciones de confort y habitabilidad que la HR30, al tiempo que se hace eco de su dise\u00f1o contempor\u00e1neo y elegante.  <\/p><p>Sus innovaciones son evidentes incluso en tierra: con una manga m\u00e1xima de 3 metros, la HR25 puede remolcarse f\u00e1cilmente una vez desinflados los tubos. Esta caracter\u00edstica no s\u00f3lo simplifica el almacenamiento en casa, sino que tambi\u00e9n permite a los propietarios desplazarse libremente y explorar nuevas rutas y destinos con facilidad. <\/p><p><img decoding=\"async\" class=\"aligncenter wp-image-155430 size-full\" title=\"HR30\" src=\"https:\/\/yachtingnews.com\/wp-content\/uploads\/2025\/08\/halma-rib-hr30-it-1.jpg\" alt=\"HR30\" width=\"1400\" height=\"787\" srcset=\"https:\/\/www.yachtingnews.com\/wp-content\/uploads\/2025\/08\/halma-rib-hr30-it-1.jpg 1400w, https:\/\/www.yachtingnews.com\/wp-content\/uploads\/2025\/08\/halma-rib-hr30-it-1-300x169.jpg 300w, https:\/\/www.yachtingnews.com\/wp-content\/uploads\/2025\/08\/halma-rib-hr30-it-1-768x432.jpg 768w\" sizes=\"(max-width: 1400px) 100vw, 1400px\" \/><\/p>\t\t\t\t\t\t\t\t<\/div>\n\t\t\t\t<\/div>\n\t\t\t\t\t<\/div>\n\t\t<\/div>\n\t\t\t\t\t<\/div>\n\t\t<\/section>\n\t\t\t\t<\/div>\n\t\t","protected":false},"excerpt":{"rendered":"<p>Conocido y apreciado por su dedicaci\u00f3n a la calidad y la elegancia, Halma Rib se prepara para un doble escaparate en dos de los salones n\u00e1uticos m\u00e1s prestigiosos de Europa, el Cannes Yachting Festival 2025 (9-14 de septiembre) y el Sal\u00f3n N\u00e1utico Internacional de G\u00e9nova (18-23 de septiembre). El astillero participar\u00e1 en ambos eventos con [&hellip;]<\/p>\n","protected":false},"author":45,"featured_media":155487,"comment_status":"open","ping_status":"closed","sticky":false,"template":"","format":"standard","meta":{"_mo_disable_npp":"","footnotes":""},"categories":[2100],"tags":[],"class_list":["post-155484","post","type-post","status-publish","format-standard","has-post-thumbnail","hentry","category-noticias-nauticas"],"yoast_head":"<!-- This site is optimized with the Yoast SEO plugin v28.3 - https:\/\/yoast.com\/product\/yoast-seo-wordpress\/ -->\n<title>Halma Rib ilumina la temporada de oto\u00f1o en Cannes y G\u00e9nova - Yachting News<\/title>\n<meta name=\"description\" content=\"Conocida y apreciada por su dedicaci\u00f3n a la calidad y la elegancia, Halma Rib se prepara para un doble escaparate en dos...\" \/>\n<meta name=\"robots\" content=\"index, follow, max-snippet:-1, max-image-preview:large, max-video-preview:-1\" \/>\n<link rel=\"canonical\" href=\"https:\/\/www.yachtingnews.com\/es\/halma-rib-ilumina-la-temporada-de-otono-en-cannes-y-genova\/\" \/>\n<meta property=\"og:locale\" content=\"es_ES\" \/>\n<meta property=\"og:type\" content=\"article\" \/>\n<meta property=\"og:title\" content=\"Halma Rib ilumina la temporada de oto\u00f1o en Cannes y G\u00e9nova - Yachting News\" \/>\n<meta property=\"og:description\" content=\"Conocida y apreciada por su dedicaci\u00f3n a la calidad y la elegancia, Halma Rib se prepara para un doble escaparate en dos...\" \/>\n<meta property=\"og:url\" content=\"https:\/\/www.yachtingnews.com\/es\/halma-rib-ilumina-la-temporada-de-otono-en-cannes-y-genova\/\" \/>\n<meta property=\"og:site_name\" content=\"Yachting News\" \/>\n<meta property=\"article:publisher\" content=\"https:\/\/www.facebook.com\/TheInternationalYachtingMedia\" \/>\n<meta property=\"article:published_time\" content=\"2025-08-31T00:00:00+00:00\" \/>\n<meta property=\"article:modified_time\" content=\"2025-08-31T00:01:33+00:00\" \/>\n<meta property=\"og:image\" content=\"https:\/\/www.yachtingnews.com\/wp-content\/uploads\/2025\/08\/halma-rib-hr25-en-1.webp\" \/>\n\t<meta property=\"og:image:width\" content=\"1400\" \/>\n\t<meta property=\"og:image:height\" content=\"787\" \/>\n\t<meta property=\"og:image:type\" content=\"image\/webp\" \/>\n<meta name=\"author\" content=\"Alessandro Giuzio\" \/>\n<meta name=\"twitter:card\" content=\"summary_large_image\" \/>\n<meta name=\"twitter:creator\" content=\"@YachtingMedia\" \/>\n<meta name=\"twitter:site\" content=\"@YachtingMedia\" \/>\n<meta name=\"twitter:label1\" content=\"Escrito por\" \/>\n\t<meta name=\"twitter:data1\" content=\"Alessandro Giuzio\" \/>\n\t<meta name=\"twitter:label2\" content=\"Tiempo de lectura\" \/>\n\t<meta name=\"twitter:data2\" content=\"3 minutos\" \/>\n<script type=\"application\/ld+json\" class=\"yoast-schema-graph\">{\"@context\":\"https:\\\/\\\/schema.org\",\"@graph\":[{\"@type\":\"Article\",\"@id\":\"https:\\\/\\\/www.yachtingnews.com\\\/es\\\/halma-rib-ilumina-la-temporada-de-otono-en-cannes-y-genova\\\/#article\",\"isPartOf\":{\"@id\":\"https:\\\/\\\/www.yachtingnews.com\\\/es\\\/halma-rib-ilumina-la-temporada-de-otono-en-cannes-y-genova\\\/\"},\"author\":{\"name\":\"Alessandro Giuzio\",\"@id\":\"https:\\\/\\\/www.yachtingnews.com\\\/es\\\/#\\\/schema\\\/person\\\/d2e99eb1c7ce9e28a78d15e3d5d68eb3\"},\"headline\":\"Halma Rib ilumina la temporada de oto\u00f1o en Cannes y G\u00e9nova\",\"datePublished\":\"2025-08-31T00:00:00+00:00\",\"dateModified\":\"2025-08-31T00:01:33+00:00\",\"mainEntityOfPage\":{\"@id\":\"https:\\\/\\\/www.yachtingnews.com\\\/es\\\/halma-rib-ilumina-la-temporada-de-otono-en-cannes-y-genova\\\/\"},\"wordCount\":577,\"commentCount\":0,\"publisher\":{\"@id\":\"https:\\\/\\\/www.yachtingnews.com\\\/es\\\/#organization\"},\"image\":{\"@id\":\"https:\\\/\\\/www.yachtingnews.com\\\/es\\\/halma-rib-ilumina-la-temporada-de-otono-en-cannes-y-genova\\\/#primaryimage\"},\"thumbnailUrl\":\"https:\\\/\\\/www.yachtingnews.com\\\/wp-content\\\/uploads\\\/2025\\\/08\\\/halma-rib-hr25-en-1.webp\",\"articleSection\":[\"Noticias\"],\"inLanguage\":\"es\",\"potentialAction\":[{\"@type\":\"CommentAction\",\"name\":\"Comment\",\"target\":[\"https:\\\/\\\/www.yachtingnews.com\\\/es\\\/halma-rib-ilumina-la-temporada-de-otono-en-cannes-y-genova\\\/#respond\"]}]},{\"@type\":\"WebPage\",\"@id\":\"https:\\\/\\\/www.yachtingnews.com\\\/es\\\/halma-rib-ilumina-la-temporada-de-otono-en-cannes-y-genova\\\/\",\"url\":\"https:\\\/\\\/www.yachtingnews.com\\\/es\\\/halma-rib-ilumina-la-temporada-de-otono-en-cannes-y-genova\\\/\",\"name\":\"Halma Rib ilumina la temporada de oto\u00f1o en Cannes y G\u00e9nova - Yachting News\",\"isPartOf\":{\"@id\":\"https:\\\/\\\/www.yachtingnews.com\\\/es\\\/#website\"},\"primaryImageOfPage\":{\"@id\":\"https:\\\/\\\/www.yachtingnews.com\\\/es\\\/halma-rib-ilumina-la-temporada-de-otono-en-cannes-y-genova\\\/#primaryimage\"},\"image\":{\"@id\":\"https:\\\/\\\/www.yachtingnews.com\\\/es\\\/halma-rib-ilumina-la-temporada-de-otono-en-cannes-y-genova\\\/#primaryimage\"},\"thumbnailUrl\":\"https:\\\/\\\/www.yachtingnews.com\\\/wp-content\\\/uploads\\\/2025\\\/08\\\/halma-rib-hr25-en-1.webp\",\"datePublished\":\"2025-08-31T00:00:00+00:00\",\"dateModified\":\"2025-08-31T00:01:33+00:00\",\"description\":\"Conocida y apreciada por su dedicaci\u00f3n a la calidad y la elegancia, Halma Rib se prepara para un doble escaparate en dos...\",\"breadcrumb\":{\"@id\":\"https:\\\/\\\/www.yachtingnews.com\\\/es\\\/halma-rib-ilumina-la-temporada-de-otono-en-cannes-y-genova\\\/#breadcrumb\"},\"inLanguage\":\"es\",\"potentialAction\":[{\"@type\":\"ReadAction\",\"target\":[\"https:\\\/\\\/www.yachtingnews.com\\\/es\\\/halma-rib-ilumina-la-temporada-de-otono-en-cannes-y-genova\\\/\"]}]},{\"@type\":\"ImageObject\",\"inLanguage\":\"es\",\"@id\":\"https:\\\/\\\/www.yachtingnews.com\\\/es\\\/halma-rib-ilumina-la-temporada-de-otono-en-cannes-y-genova\\\/#primaryimage\",\"url\":\"https:\\\/\\\/www.yachtingnews.com\\\/wp-content\\\/uploads\\\/2025\\\/08\\\/halma-rib-hr25-en-1.webp\",\"contentUrl\":\"https:\\\/\\\/www.yachtingnews.com\\\/wp-content\\\/uploads\\\/2025\\\/08\\\/halma-rib-hr25-en-1.webp\",\"width\":1400,\"height\":787,\"caption\":\"halma-rib-hr25-es\"},{\"@type\":\"BreadcrumbList\",\"@id\":\"https:\\\/\\\/www.yachtingnews.com\\\/es\\\/halma-rib-ilumina-la-temporada-de-otono-en-cannes-y-genova\\\/#breadcrumb\",\"itemListElement\":[{\"@type\":\"ListItem\",\"position\":1,\"name\":\"Home\",\"item\":\"https:\\\/\\\/www.yachtingnews.com\\\/es\\\/yachting-news-2\\\/\"},{\"@type\":\"ListItem\",\"position\":2,\"name\":\"Halma Rib ilumina la temporada de oto\u00f1o en Cannes y G\u00e9nova\"}]},{\"@type\":\"WebSite\",\"@id\":\"https:\\\/\\\/www.yachtingnews.com\\\/es\\\/#website\",\"url\":\"https:\\\/\\\/www.yachtingnews.com\\\/es\\\/\",\"name\":\"Yachting News\",\"description\":\"The International Yachting Media\",\"publisher\":{\"@id\":\"https:\\\/\\\/www.yachtingnews.com\\\/es\\\/#organization\"},\"potentialAction\":[{\"@type\":\"SearchAction\",\"target\":{\"@type\":\"EntryPoint\",\"urlTemplate\":\"https:\\\/\\\/www.yachtingnews.com\\\/es\\\/?s={search_term_string}\"},\"query-input\":{\"@type\":\"PropertyValueSpecification\",\"valueRequired\":true,\"valueName\":\"search_term_string\"}}],\"inLanguage\":\"es\"},{\"@type\":\"Organization\",\"@id\":\"https:\\\/\\\/www.yachtingnews.com\\\/es\\\/#organization\",\"name\":\"Yachting News\",\"url\":\"https:\\\/\\\/www.yachtingnews.com\\\/es\\\/\",\"logo\":{\"@type\":\"ImageObject\",\"inLanguage\":\"es\",\"@id\":\"https:\\\/\\\/www.yachtingnews.com\\\/es\\\/#\\\/schema\\\/logo\\\/image\\\/\",\"url\":\"https:\\\/\\\/www.yachtingnews.com\\\/wp-content\\\/uploads\\\/2023\\\/02\\\/LOGO-Yachting-NEWS-blu-800.png\",\"contentUrl\":\"https:\\\/\\\/www.yachtingnews.com\\\/wp-content\\\/uploads\\\/2023\\\/02\\\/LOGO-Yachting-NEWS-blu-800.png\",\"width\":790,\"height\":99,\"caption\":\"Yachting News\"},\"image\":{\"@id\":\"https:\\\/\\\/www.yachtingnews.com\\\/es\\\/#\\\/schema\\\/logo\\\/image\\\/\"},\"sameAs\":[\"https:\\\/\\\/www.facebook.com\\\/TheInternationalYachtingMedia\",\"https:\\\/\\\/x.com\\\/YachtingMedia\",\"https:\\\/\\\/www.instagram.com\\\/yachting.news\\\/\",\"https:\\\/\\\/www.linkedin.com\\\/company\\\/the-international-yachting-media\",\"https:\\\/\\\/www.youtube.com\\\/c\\\/TheInternationalYachtingMedia\"]},{\"@type\":\"Person\",\"@id\":\"https:\\\/\\\/www.yachtingnews.com\\\/es\\\/#\\\/schema\\\/person\\\/d2e99eb1c7ce9e28a78d15e3d5d68eb3\",\"name\":\"Alessandro Giuzio\",\"image\":{\"@type\":\"ImageObject\",\"inLanguage\":\"es\",\"@id\":\"https:\\\/\\\/www.yachtingnews.com\\\/wp-content\\\/litespeed\\\/avatar\\\/a99e5f8da4fc551fb53eb9f1fec61fb4.jpg?ver=1787585046\",\"url\":\"https:\\\/\\\/www.yachtingnews.com\\\/wp-content\\\/litespeed\\\/avatar\\\/a99e5f8da4fc551fb53eb9f1fec61fb4.jpg?ver=1787585046\",\"contentUrl\":\"https:\\\/\\\/www.yachtingnews.com\\\/wp-content\\\/litespeed\\\/avatar\\\/a99e5f8da4fc551fb53eb9f1fec61fb4.jpg?ver=1787585046\",\"caption\":\"Alessandro Giuzio\"},\"description\":\"Alessandro is a professional journalist and contributes to The International Yachting Media since 2022. He is an expert on the sea and of course on boats.\",\"url\":\"https:\\\/\\\/www.yachtingnews.com\\\/es\\\/author\\\/alexgiuzio\\\/\"}]}<\/script>\n<!-- \/ Yoast SEO plugin. -->","yoast_head_json":{"title":"Halma Rib ilumina la temporada de oto\u00f1o en Cannes y G\u00e9nova - Yachting News","description":"Conocida y apreciada por su dedicaci\u00f3n a la calidad y la elegancia, Halma Rib se prepara para un doble escaparate en dos...","robots":{"index":"index","follow":"follow","max-snippet":"max-snippet:-1","max-image-preview":"max-image-preview:large","max-video-preview":"max-video-preview:-1"},"canonical":"https:\/\/www.yachtingnews.com\/es\/halma-rib-ilumina-la-temporada-de-otono-en-cannes-y-genova\/","og_locale":"es_ES","og_type":"article","og_title":"Halma Rib ilumina la temporada de oto\u00f1o en Cannes y G\u00e9nova - Yachting News","og_description":"Conocida y apreciada por su dedicaci\u00f3n a la calidad y la elegancia, Halma Rib se prepara para un doble escaparate en dos...","og_url":"https:\/\/www.yachtingnews.com\/es\/halma-rib-ilumina-la-temporada-de-otono-en-cannes-y-genova\/","og_site_name":"Yachting News","article_publisher":"https:\/\/www.facebook.com\/TheInternationalYachtingMedia","article_published_time":"2025-08-31T00:00:00+00:00","article_modified_time":"2025-08-31T00:01:33+00:00","og_image":[{"width":1400,"height":787,"url":"https:\/\/www.yachtingnews.com\/wp-content\/uploads\/2025\/08\/halma-rib-hr25-en-1.webp","type":"image\/webp"}],"author":"Alessandro Giuzio","twitter_card":"summary_large_image","twitter_creator":"@YachtingMedia","twitter_site":"@YachtingMedia","twitter_misc":{"Escrito por":"Alessandro Giuzio","Tiempo de lectura":"3 minutos"},"schema":{"@context":"https:\/\/schema.org","@graph":[{"@type":"Article","@id":"https:\/\/www.yachtingnews.com\/es\/halma-rib-ilumina-la-temporada-de-otono-en-cannes-y-genova\/#article","isPartOf":{"@id":"https:\/\/www.yachtingnews.com\/es\/halma-rib-ilumina-la-temporada-de-otono-en-cannes-y-genova\/"},"author":{"name":"Alessandro Giuzio","@id":"https:\/\/www.yachtingnews.com\/es\/#\/schema\/person\/d2e99eb1c7ce9e28a78d15e3d5d68eb3"},"headline":"Halma Rib ilumina la temporada de oto\u00f1o en Cannes y G\u00e9nova","datePublished":"2025-08-31T00:00:00+00:00","dateModified":"2025-08-31T00:01:33+00:00","mainEntityOfPage":{"@id":"https:\/\/www.yachtingnews.com\/es\/halma-rib-ilumina-la-temporada-de-otono-en-cannes-y-genova\/"},"wordCount":577,"commentCount":0,"publisher":{"@id":"https:\/\/www.yachtingnews.com\/es\/#organization"},"image":{"@id":"https:\/\/www.yachtingnews.com\/es\/halma-rib-ilumina-la-temporada-de-otono-en-cannes-y-genova\/#primaryimage"},"thumbnailUrl":"https:\/\/www.yachtingnews.com\/wp-content\/uploads\/2025\/08\/halma-rib-hr25-en-1.webp","articleSection":["Noticias"],"inLanguage":"es","potentialAction":[{"@type":"CommentAction","name":"Comment","target":["https:\/\/www.yachtingnews.com\/es\/halma-rib-ilumina-la-temporada-de-otono-en-cannes-y-genova\/#respond"]}]},{"@type":"WebPage","@id":"https:\/\/www.yachtingnews.com\/es\/halma-rib-ilumina-la-temporada-de-otono-en-cannes-y-genova\/","url":"https:\/\/www.yachtingnews.com\/es\/halma-rib-ilumina-la-temporada-de-otono-en-cannes-y-genova\/","name":"Halma Rib ilumina la temporada de oto\u00f1o en Cannes y G\u00e9nova - Yachting News","isPartOf":{"@id":"https:\/\/www.yachtingnews.com\/es\/#website"},"primaryImageOfPage":{"@id":"https:\/\/www.yachtingnews.com\/es\/halma-rib-ilumina-la-temporada-de-otono-en-cannes-y-genova\/#primaryimage"},"image":{"@id":"https:\/\/www.yachtingnews.com\/es\/halma-rib-ilumina-la-temporada-de-otono-en-cannes-y-genova\/#primaryimage"},"thumbnailUrl":"https:\/\/www.yachtingnews.com\/wp-content\/uploads\/2025\/08\/halma-rib-hr25-en-1.webp","datePublished":"2025-08-31T00:00:00+00:00","dateModified":"2025-08-31T00:01:33+00:00","description":"Conocida y apreciada por su dedicaci\u00f3n a la calidad y la elegancia, Halma Rib se prepara para un doble escaparate en dos...","breadcrumb":{"@id":"https:\/\/www.yachtingnews.com\/es\/halma-rib-ilumina-la-temporada-de-otono-en-cannes-y-genova\/#breadcrumb"},"inLanguage":"es","potentialAction":[{"@type":"ReadAction","target":["https:\/\/www.yachtingnews.com\/es\/halma-rib-ilumina-la-temporada-de-otono-en-cannes-y-genova\/"]}]},{"@type":"ImageObject","inLanguage":"es","@id":"https:\/\/www.yachtingnews.com\/es\/halma-rib-ilumina-la-temporada-de-otono-en-cannes-y-genova\/#primaryimage","url":"https:\/\/www.yachtingnews.com\/wp-content\/uploads\/2025\/08\/halma-rib-hr25-en-1.webp","contentUrl":"https:\/\/www.yachtingnews.com\/wp-content\/uploads\/2025\/08\/halma-rib-hr25-en-1.webp","width":1400,"height":787,"caption":"halma-rib-hr25-es"},{"@type":"BreadcrumbList","@id":"https:\/\/www.yachtingnews.com\/es\/halma-rib-ilumina-la-temporada-de-otono-en-cannes-y-genova\/#breadcrumb","itemListElement":[{"@type":"ListItem","position":1,"name":"Home","item":"https:\/\/www.yachtingnews.com\/es\/yachting-news-2\/"},{"@type":"ListItem","position":2,"name":"Halma Rib ilumina la temporada de oto\u00f1o en Cannes y G\u00e9nova"}]},{"@type":"WebSite","@id":"https:\/\/www.yachtingnews.com\/es\/#website","url":"https:\/\/www.yachtingnews.com\/es\/","name":"Yachting News","description":"The International Yachting Media","publisher":{"@id":"https:\/\/www.yachtingnews.com\/es\/#organization"},"potentialAction":[{"@type":"SearchAction","target":{"@type":"EntryPoint","urlTemplate":"https:\/\/www.yachtingnews.com\/es\/?s={search_term_string}"},"query-input":{"@type":"PropertyValueSpecification","valueRequired":true,"valueName":"search_term_string"}}],"inLanguage":"es"},{"@type":"Organization","@id":"https:\/\/www.yachtingnews.com\/es\/#organization","name":"Yachting News","url":"https:\/\/www.yachtingnews.com\/es\/","logo":{"@type":"ImageObject","inLanguage":"es","@id":"https:\/\/www.yachtingnews.com\/es\/#\/schema\/logo\/image\/","url":"https:\/\/www.yachtingnews.com\/wp-content\/uploads\/2023\/02\/LOGO-Yachting-NEWS-blu-800.png","contentUrl":"https:\/\/www.yachtingnews.com\/wp-content\/uploads\/2023\/02\/LOGO-Yachting-NEWS-blu-800.png","width":790,"height":99,"caption":"Yachting News"},"image":{"@id":"https:\/\/www.yachtingnews.com\/es\/#\/schema\/logo\/image\/"},"sameAs":["https:\/\/www.facebook.com\/TheInternationalYachtingMedia","https:\/\/x.com\/YachtingMedia","https:\/\/www.instagram.com\/yachting.news\/","https:\/\/www.linkedin.com\/company\/the-international-yachting-media","https:\/\/www.youtube.com\/c\/TheInternationalYachtingMedia"]},{"@type":"Person","@id":"https:\/\/www.yachtingnews.com\/es\/#\/schema\/person\/d2e99eb1c7ce9e28a78d15e3d5d68eb3","name":"Alessandro Giuzio","image":{"@type":"ImageObject","inLanguage":"es","@id":"https:\/\/www.yachtingnews.com\/wp-content\/litespeed\/avatar\/a99e5f8da4fc551fb53eb9f1fec61fb4.jpg?ver=1787585046","url":"https:\/\/www.yachtingnews.com\/wp-content\/litespeed\/avatar\/a99e5f8da4fc551fb53eb9f1fec61fb4.jpg?ver=1787585046","contentUrl":"https:\/\/www.yachtingnews.com\/wp-content\/litespeed\/avatar\/a99e5f8da4fc551fb53eb9f1fec61fb4.jpg?ver=1787585046","caption":"Alessandro Giuzio"},"description":"Alessandro is a professional journalist and contributes to The International Yachting Media since 2022. He is an expert on the sea and of course on boats.","url":"https:\/\/www.yachtingnews.com\/es\/author\/alexgiuzio\/"}]}},"_links":{"self":[{"href":"https:\/\/www.yachtingnews.com\/es\/wp-json\/wp\/v2\/posts\/155484","targetHints":{"allow":["GET"]}}],"collection":[{"href":"https:\/\/www.yachtingnews.com\/es\/wp-json\/wp\/v2\/posts"}],"about":[{"href":"https:\/\/www.yachtingnews.com\/es\/wp-json\/wp\/v2\/types\/post"}],"author":[{"embeddable":true,"href":"https:\/\/www.yachtingnews.com\/es\/wp-json\/wp\/v2\/users\/45"}],"replies":[{"embeddable":true,"href":"https:\/\/www.yachtingnews.com\/es\/wp-json\/wp\/v2\/comments?post=155484"}],"version-history":[{"count":0,"href":"https:\/\/www.yachtingnews.com\/es\/wp-json\/wp\/v2\/posts\/155484\/revisions"}],"wp:featuredmedia":[{"embeddable":true,"href":"https:\/\/www.yachtingnews.com\/es\/wp-json\/wp\/v2\/media\/155487"}],"wp:attachment":[{"href":"https:\/\/www.yachtingnews.com\/es\/wp-json\/wp\/v2\/media?parent=155484"}],"wp:term":[{"taxonomy":"category","embeddable":true,"href":"https:\/\/www.yachtingnews.com\/es\/wp-json\/wp\/v2\/categories?post=155484"},{"taxonomy":"post_tag","embeddable":true,"href":"https:\/\/www.yachtingnews.com\/es\/wp-json\/wp\/v2\/tags?post=155484"}],"curies":[{"name":"wp","href":"https:\/\/api.w.org\/{rel}","templated":true}]}}