{"id":170837,"date":"2026-07-20T02:00:00","date_gmt":"2026-07-20T01:00:00","guid":{"rendered":"https:\/\/yachtingnews.com\/ranieri-international-60o\/"},"modified":"2026-07-20T02:01:06","modified_gmt":"2026-07-20T01:01:06","slug":"ranieri-international-60o","status":"publish","type":"post","link":"https:\/\/www.yachtingnews.com\/es\/ranieri-international-60o\/","title":{"rendered":"Ranieri International celebra su 60.\u00ba aniversario con el lanzamiento de tres nuevos modelos y la marca Vertex Yachts"},"content":{"rendered":"\t\t<div data-elementor-type=\"wp-post\" data-elementor-id=\"170837\" class=\"elementor elementor-170837 elementor-170783\" data-elementor-post-type=\"post\">\n\t\t\t\t\t\t<section class=\"elementor-section elementor-top-section elementor-element elementor-element-3d3293d elementor-section-boxed elementor-section-height-default elementor-section-height-default\" data-id=\"3d3293d\" data-element_type=\"section\" data-e-type=\"section\">\n\t\t\t\t\t\t<div class=\"elementor-container elementor-column-gap-default\">\n\t\t\t\t\t<div class=\"elementor-column elementor-col-100 elementor-top-column elementor-element elementor-element-dfc0d2a\" data-id=\"dfc0d2a\" data-element_type=\"column\" data-e-type=\"column\">\n\t\t\t<div class=\"elementor-widget-wrap elementor-element-populated\">\n\t\t\t\t\t\t<div class=\"elementor-element elementor-element-68eea12 elementor-widget elementor-widget-text-editor\" data-id=\"68eea12\" data-element_type=\"widget\" data-e-type=\"widget\" data-widget_type=\"text-editor.default\">\n\t\t\t\t<div class=\"elementor-widget-container\">\n\t\t\t\t\t\t\t\t\t<p>Sesenta a\u00f1os suponen un hito importante para cualquier empresa. Pero para un constructor innovador como <b>Ranieri International<\/b>, es sobre todo el punto de partida de una nueva etapa de desarrollo. Este fue el sentimiento predominante durante la reuni\u00f3n que organiz\u00f3 el astillero calabr\u00e9s los d\u00edas 15 y 16 de julio en su sede de Soverato, donde se reunieron la prensa internacional y su red de distribuidores para un evento que puso de relieve no solo los logros actuales de la empresa, sino, sobre todo, su visi\u00f3n para los pr\u00f3ximos a\u00f1os, que viene cargada de novedades importantes. El encuentro supuso la ocasi\u00f3n perfecta para lanzar la nueva marca premium, <b>Vertex Yachts<\/b>, y para presentar tres modelos totalmente nuevos de Ranieri International:<b> el Cayman 37.0 Hard Top, el Cayman 41.0 Hard Top y el Next 370 SH.<\/b> Todo esto tuvo lugar con las instalaciones de producci\u00f3n ampliadas el a\u00f1o pasado como tel\u00f3n de fondo, que se mostraron a la prensa especializada por primera vez: un s\u00edmbolo concreto de un plan de crecimiento industrial destinado a potenciar a\u00fan m\u00e1s una capacidad de producci\u00f3n y una calidad de construcci\u00f3n que ya son importantes.   <\/p><p><img decoding=\"async\" class=\"alignnone wp-image-170803 size-full\" src=\"https:\/\/yachtingnews.com\/wp-content\/uploads\/2026\/07\/ranieri-international-stabilimento-produttivo.jpg\" alt=\"ranieri internacional\" width=\"1400\" height=\"973\" srcset=\"https:\/\/www.yachtingnews.com\/wp-content\/uploads\/2026\/07\/ranieri-international-stabilimento-produttivo.jpg 1400w, https:\/\/www.yachtingnews.com\/wp-content\/uploads\/2026\/07\/ranieri-international-stabilimento-produttivo-300x209.jpg 300w, https:\/\/www.yachtingnews.com\/wp-content\/uploads\/2026\/07\/ranieri-international-stabilimento-produttivo-768x534.jpg 768w\" sizes=\"(max-width: 1400px) 100vw, 1400px\" \/><\/p><p>El mensaje est\u00e1 claro: tras seis d\u00e9cadas en el sector, Ranieri International no se conforma con consolidar su posici\u00f3n en el mercado de los barcos neumaticos r\u00edgidos (RIB) y las embarcaciones deportivas. Al contrario, su objetivo es ampliar su alcance entrando en el <b>segmento premium con <\/b>una identidad totalmente nueva. Esta estrategia surge de una s\u00f3lida tradici\u00f3n familiar y de un modelo de producci\u00f3n que se ha vuelto poco com\u00fan en la industria n\u00e1utica italiana.  <\/p><p><img decoding=\"async\" class=\"alignnone wp-image-170802 size-full\" src=\"https:\/\/yachtingnews.com\/wp-content\/uploads\/2026\/07\/ranieri-international-conferenza-stampa.jpg\" alt=\"ranieri internacional\" width=\"1400\" height=\"852\" srcset=\"https:\/\/www.yachtingnews.com\/wp-content\/uploads\/2026\/07\/ranieri-international-conferenza-stampa.jpg 1400w, https:\/\/www.yachtingnews.com\/wp-content\/uploads\/2026\/07\/ranieri-international-conferenza-stampa-300x183.jpg 300w, https:\/\/www.yachtingnews.com\/wp-content\/uploads\/2026\/07\/ranieri-international-conferenza-stampa-768x467.jpg 768w\" sizes=\"(max-width: 1400px) 100vw, 1400px\" \/><\/p><h2>Sesenta a\u00f1os de historia creados \u00edntegramente por nosotros mismos<\/h2><p>Fundada en 1966 por  <b>Pietro Ranieri<\/b>, la empresa ha pasado por sesenta a\u00f1os de evoluci\u00f3n sin dejar de mantener una caracter\u00edstica que a\u00fan hoy la distingue de la mayor\u00eda de los astilleros:  <b>la gran mayor\u00eda del proceso de producci\u00f3n se lleva a cabo \u00edntegramente en nuestras propias instalaciones<\/b>. Desde el dise\u00f1o y el desarrollo del casco hasta el laminado de fibra de vidrio, la carpinter\u00eda y la tapicer\u00eda, cada una de las fases se gestiona directamente en las instalaciones de Soverato. Es una decisi\u00f3n operativa exigente, pero que permite un control casi total sobre la calidad final de la embarcaci\u00f3n. \u00ab<i>Esto supone una gran ventaja<\/i>\u00bb, confirma Salvatore Ranieri, director de Ranieri International, \u00ab<i>porque as\u00ed la empresa puede controlar directamente la calidad de las materias primas y supervisar personalmente cada fase del proceso de fabricaci\u00f3n.<\/i>\u00abY no solo eso:\u00bb<i>Probamos cada barco personalmente; somos perfeccionistas muy exigentes con nosotros mismos y siempre escuchamos lo que el mercado nos pide<\/i>\u00bb, destaca Salvatore Ranieri.<\/p>\t\t\t\t\t\t\t\t<\/div>\n\t\t\t\t<\/div>\n\t\t\t\t<div class=\"elementor-element elementor-element-86d656d uael-ins-normal elementor-widget elementor-widget-uael-image-gallery\" data-id=\"86d656d\" data-element_type=\"widget\" data-e-type=\"widget\" data-settings=\"{&quot;slides_to_show&quot;:1,&quot;slides_to_show_tablet&quot;:3,&quot;slides_to_show_mobile&quot;:2,&quot;slides_to_scroll&quot;:1,&quot;slides_to_scroll_tablet&quot;:1,&quot;slides_to_scroll_mobile&quot;:1,&quot;column_gap&quot;:{&quot;unit&quot;:&quot;px&quot;,&quot;size&quot;:20,&quot;sizes&quot;:[]},&quot;column_gap_tablet&quot;:{&quot;unit&quot;:&quot;px&quot;,&quot;size&quot;:&quot;&quot;,&quot;sizes&quot;:[]},&quot;column_gap_mobile&quot;:{&quot;unit&quot;:&quot;px&quot;,&quot;size&quot;:&quot;&quot;,&quot;sizes&quot;:[]}}\" data-widget_type=\"uael-image-gallery.default\">\n\t\t\t\t<div class=\"elementor-widget-container\">\n\t\t\t\t\t<div class=\"uael-gallery-parent uael-caption- uael-gallery-unjustified\"><div data-image_carousel=\"{&quot;slidesToShow&quot;:1,&quot;slidesToScroll&quot;:1,&quot;autoplaySpeed&quot;:4000,&quot;autoplay&quot;:true,&quot;infinite&quot;:true,&quot;pauseOnHover&quot;:true,&quot;speed&quot;:500,&quot;arrows&quot;:false,&quot;dots&quot;:true,&quot;rtl&quot;:false,&quot;responsive&quot;:[{&quot;breakpoint&quot;:1024,&quot;settings&quot;:{&quot;slidesToShow&quot;:3,&quot;slidesToScroll&quot;:1}},{&quot;breakpoint&quot;:767,&quot;settings&quot;:{&quot;slidesToShow&quot;:2,&quot;slidesToScroll&quot;:1}}]}\" class=\"uael-img-gallery-wrap uael-img-carousel-wrap uael-nav-dots\" data-filter-default=\"Todos\"><div class=\"uael-grid-item  uael-img-gallery-item-1\"><div class=\"uael-grid-item-content\"><figure class=\"uael-grid-img uael-grid-gallery-img uael-ins-hover elementor-clickable\"><div class=\"uael-grid-img-thumbnail uael-ins-target\"><img decoding=\"async\" width=\"1400\" height=\"1050\" src=\"https:\/\/www.yachtingnews.com\/wp-content\/uploads\/2026\/07\/ranieri-international-stabilimento-produttivo-20260716_122933.jpg\" class=\"attachment-full size-full wp-image-170809\" alt=\"\" srcset=\"https:\/\/www.yachtingnews.com\/wp-content\/uploads\/2026\/07\/ranieri-international-stabilimento-produttivo-20260716_122933.jpg 1400w, https:\/\/www.yachtingnews.com\/wp-content\/uploads\/2026\/07\/ranieri-international-stabilimento-produttivo-20260716_122933-300x225.jpg 300w, https:\/\/www.yachtingnews.com\/wp-content\/uploads\/2026\/07\/ranieri-international-stabilimento-produttivo-20260716_122933-768x576.jpg 768w\" sizes=\"(max-width: 1400px) 100vw, 1400px\" \/><\/div><div class=\"uael-grid-img-overlay\"><\/div><\/figure><\/div><\/div><div class=\"uael-grid-item  uael-img-gallery-item-2\"><div class=\"uael-grid-item-content\"><figure class=\"uael-grid-img uael-grid-gallery-img uael-ins-hover elementor-clickable\"><div class=\"uael-grid-img-thumbnail uael-ins-target\"><img decoding=\"async\" width=\"1400\" height=\"1050\" src=\"https:\/\/www.yachtingnews.com\/wp-content\/uploads\/2026\/07\/ranieri-international-stabilimento-produttivo-20260716_113751.jpg\" class=\"attachment-full size-full wp-image-170810\" alt=\"\" srcset=\"https:\/\/www.yachtingnews.com\/wp-content\/uploads\/2026\/07\/ranieri-international-stabilimento-produttivo-20260716_113751.jpg 1400w, https:\/\/www.yachtingnews.com\/wp-content\/uploads\/2026\/07\/ranieri-international-stabilimento-produttivo-20260716_113751-300x225.jpg 300w, https:\/\/www.yachtingnews.com\/wp-content\/uploads\/2026\/07\/ranieri-international-stabilimento-produttivo-20260716_113751-768x576.jpg 768w\" sizes=\"(max-width: 1400px) 100vw, 1400px\" \/><\/div><div class=\"uael-grid-img-overlay\"><\/div><\/figure><\/div><\/div><div class=\"uael-grid-item  uael-img-gallery-item-3\"><div class=\"uael-grid-item-content\"><figure class=\"uael-grid-img uael-grid-gallery-img uael-ins-hover elementor-clickable\"><div class=\"uael-grid-img-thumbnail uael-ins-target\"><img decoding=\"async\" width=\"1400\" height=\"1050\" src=\"https:\/\/www.yachtingnews.com\/wp-content\/uploads\/2026\/07\/ranieri-international-stabilimento-produttivo-20260716_114632.jpg\" class=\"attachment-full size-full wp-image-170804\" alt=\"\" srcset=\"https:\/\/www.yachtingnews.com\/wp-content\/uploads\/2026\/07\/ranieri-international-stabilimento-produttivo-20260716_114632.jpg 1400w, https:\/\/www.yachtingnews.com\/wp-content\/uploads\/2026\/07\/ranieri-international-stabilimento-produttivo-20260716_114632-300x225.jpg 300w, https:\/\/www.yachtingnews.com\/wp-content\/uploads\/2026\/07\/ranieri-international-stabilimento-produttivo-20260716_114632-768x576.jpg 768w\" sizes=\"(max-width: 1400px) 100vw, 1400px\" \/><\/div><div class=\"uael-grid-img-overlay\"><\/div><\/figure><\/div><\/div><div class=\"uael-grid-item  uael-img-gallery-item-4\"><div class=\"uael-grid-item-content\"><figure class=\"uael-grid-img uael-grid-gallery-img uael-ins-hover elementor-clickable\"><div class=\"uael-grid-img-thumbnail uael-ins-target\"><img decoding=\"async\" width=\"1400\" height=\"1050\" src=\"https:\/\/www.yachtingnews.com\/wp-content\/uploads\/2026\/07\/ranieri-international-stabilimento-produttivo-20260716_120056.jpg\" class=\"attachment-full size-full wp-image-170806\" alt=\"\" srcset=\"https:\/\/www.yachtingnews.com\/wp-content\/uploads\/2026\/07\/ranieri-international-stabilimento-produttivo-20260716_120056.jpg 1400w, https:\/\/www.yachtingnews.com\/wp-content\/uploads\/2026\/07\/ranieri-international-stabilimento-produttivo-20260716_120056-300x225.jpg 300w, https:\/\/www.yachtingnews.com\/wp-content\/uploads\/2026\/07\/ranieri-international-stabilimento-produttivo-20260716_120056-768x576.jpg 768w\" sizes=\"(max-width: 1400px) 100vw, 1400px\" \/><\/div><div class=\"uael-grid-img-overlay\"><\/div><\/figure><\/div><\/div><div class=\"uael-grid-item  uael-img-gallery-item-5\"><div class=\"uael-grid-item-content\"><figure class=\"uael-grid-img uael-grid-gallery-img uael-ins-hover elementor-clickable\"><div class=\"uael-grid-img-thumbnail uael-ins-target\"><img decoding=\"async\" width=\"1400\" height=\"1050\" src=\"https:\/\/www.yachtingnews.com\/wp-content\/uploads\/2026\/07\/ranieri-international-stabilimento-produttivo-20260716_120137.jpg\" class=\"attachment-full size-full wp-image-170807\" alt=\"\" srcset=\"https:\/\/www.yachtingnews.com\/wp-content\/uploads\/2026\/07\/ranieri-international-stabilimento-produttivo-20260716_120137.jpg 1400w, https:\/\/www.yachtingnews.com\/wp-content\/uploads\/2026\/07\/ranieri-international-stabilimento-produttivo-20260716_120137-300x225.jpg 300w, https:\/\/www.yachtingnews.com\/wp-content\/uploads\/2026\/07\/ranieri-international-stabilimento-produttivo-20260716_120137-768x576.jpg 768w\" sizes=\"(max-width: 1400px) 100vw, 1400px\" \/><\/div><div class=\"uael-grid-img-overlay\"><\/div><\/figure><\/div><\/div><div class=\"uael-grid-item  uael-img-gallery-item-6\"><div class=\"uael-grid-item-content\"><figure class=\"uael-grid-img uael-grid-gallery-img uael-ins-hover elementor-clickable\"><div class=\"uael-grid-img-thumbnail uael-ins-target\"><img decoding=\"async\" width=\"1400\" height=\"1050\" src=\"https:\/\/www.yachtingnews.com\/wp-content\/uploads\/2026\/07\/ranieri-international-stabilimento-produttivo-20260716_115523.jpg\" class=\"attachment-full size-full wp-image-170805\" alt=\"\" srcset=\"https:\/\/www.yachtingnews.com\/wp-content\/uploads\/2026\/07\/ranieri-international-stabilimento-produttivo-20260716_115523.jpg 1400w, https:\/\/www.yachtingnews.com\/wp-content\/uploads\/2026\/07\/ranieri-international-stabilimento-produttivo-20260716_115523-300x225.jpg 300w, https:\/\/www.yachtingnews.com\/wp-content\/uploads\/2026\/07\/ranieri-international-stabilimento-produttivo-20260716_115523-768x576.jpg 768w\" sizes=\"(max-width: 1400px) 100vw, 1400px\" \/><\/div><div class=\"uael-grid-img-overlay\"><\/div><\/figure><\/div><\/div><div class=\"uael-grid-item  uael-img-gallery-item-7\"><div class=\"uael-grid-item-content\"><figure class=\"uael-grid-img uael-grid-gallery-img uael-ins-hover elementor-clickable\"><div class=\"uael-grid-img-thumbnail uael-ins-target\"><img decoding=\"async\" width=\"1400\" height=\"1050\" src=\"https:\/\/www.yachtingnews.com\/wp-content\/uploads\/2026\/07\/ranieri-international-stabilimento-produttivo-20260716_120824.jpg\" class=\"attachment-full size-full wp-image-170808\" alt=\"\" srcset=\"https:\/\/www.yachtingnews.com\/wp-content\/uploads\/2026\/07\/ranieri-international-stabilimento-produttivo-20260716_120824.jpg 1400w, https:\/\/www.yachtingnews.com\/wp-content\/uploads\/2026\/07\/ranieri-international-stabilimento-produttivo-20260716_120824-300x225.jpg 300w, https:\/\/www.yachtingnews.com\/wp-content\/uploads\/2026\/07\/ranieri-international-stabilimento-produttivo-20260716_120824-768x576.jpg 768w\" sizes=\"(max-width: 1400px) 100vw, 1400px\" \/><\/div><div class=\"uael-grid-img-overlay\"><\/div><\/figure><\/div><\/div><\/div><\/div>\t\t\t\t<\/div>\n\t\t\t\t<\/div>\n\t\t\t\t<div class=\"elementor-element elementor-element-be59000 elementor-widget elementor-widget-text-editor\" data-id=\"be59000\" data-element_type=\"widget\" data-e-type=\"widget\" data-widget_type=\"text-editor.default\">\n\t\t\t\t<div class=\"elementor-widget-container\">\n\t\t\t\t\t\t\t\t\t<p>En los \u00faltimos a\u00f1os, la segunda generaci\u00f3n de la familia Ranieri ha liderado una importante trayectoria de crecimiento, ampliando tanto la capacidad de producci\u00f3n como la gama de productos del astillero. El punto de inflexi\u00f3n decisivo lleg\u00f3 en 2014 con su entrada en el sector de los barcos neumaticos r\u00edgidos (RIB). Empezando con solo unos pocos modelos, hoy en d\u00eda la l\u00ednea <strong>Cayman<\/strong> es el coraz\u00f3n de la producci\u00f3n de Ranieri International y se erige como una de las <a href=\"https:\/\/yachtingnews.com\/es\/maxi-rib\/\">l\u00edneas de maxi-RIB <\/a>m\u00e1s prestigiosas del mercado europeo. La clave de su rendimiento es una tecnolog\u00eda propia: un sistema de ensamblaje patentado entre la cubierta y el casco que tambi\u00e9n act\u00faa como elemento amortiguador, capaz de atenuar el impacto de las olas. Gracias a ello, navegar a bordo de los modelos Ranieri es una experiencia extraordinariamente suave y silenciosa.    <\/p><h2>Vertex Yachts: la nueva marca premium del grupo<\/h2><p>Como ya se ha mencionado, el 60.\u00ba aniversario no solo sirvi\u00f3 para celebrar la historia de la empresa, sino tambi\u00e9n para lanzar la nueva marca, <b>Vertex Yachts<\/b>. No se trata simplemente de una nueva gama de barcos, sino de una marca independiente dise\u00f1ada para ocupar un segmento de mercado m\u00e1s alto que el que tradicionalmente ha ocupado Ranieri International. Para este proyecto, el astillero eligi\u00f3 a uno de los dise\u00f1adores italianos m\u00e1s reconocidos a nivel internacional, <b>Giuseppe Martines<\/b>, creador de numerosas embarcaciones de \u00e9xito y una figura clave desde hace mucho tiempo en el dise\u00f1o contempor\u00e1neo de yates.  <\/p><p><img decoding=\"async\" class=\"alignnone wp-image-170813 size-full\" src=\"https:\/\/yachtingnews.com\/wp-content\/uploads\/2026\/07\/Vertex-Yachts-\u2014-Brochure-Quarantacinque-Z-\u2014-IT-scaled-1.jpg\" alt=\"Vertex Yachts\" width=\"2048\" height=\"1536\" srcset=\"https:\/\/www.yachtingnews.com\/wp-content\/uploads\/2026\/07\/Vertex-Yachts-\u2014-Brochure-Quarantacinque-Z-\u2014-IT-scaled-1.jpg 2048w, https:\/\/www.yachtingnews.com\/wp-content\/uploads\/2026\/07\/Vertex-Yachts-\u2014-Brochure-Quarantacinque-Z-\u2014-IT-scaled-1-300x225.jpg 300w, https:\/\/www.yachtingnews.com\/wp-content\/uploads\/2026\/07\/Vertex-Yachts-\u2014-Brochure-Quarantacinque-Z-\u2014-IT-scaled-1-1600x1200.jpg 1600w, https:\/\/www.yachtingnews.com\/wp-content\/uploads\/2026\/07\/Vertex-Yachts-\u2014-Brochure-Quarantacinque-Z-\u2014-IT-scaled-1-768x576.jpg 768w, https:\/\/www.yachtingnews.com\/wp-content\/uploads\/2026\/07\/Vertex-Yachts-\u2014-Brochure-Quarantacinque-Z-\u2014-IT-scaled-1-1536x1152.jpg 1536w\" sizes=\"(max-width: 2048px) 100vw, 2048px\" \/><\/p><p>La filosof\u00eda de dise\u00f1o de Martines va mucho m\u00e1s all\u00e1 de la est\u00e9tica: \u00ab<i>Mi enfoque de dise\u00f1o se basa en una visi\u00f3n integral que combina estilo y tecnolog\u00eda<\/i>\u00bb<i>,<\/i> afirm\u00f3 el dise\u00f1ador durante la rueda de prensa. \u00ab<i>Esto es lo que hace que los barcos envejezcan mejor y sigan resultando atractivos incluso para los propietarios con m\u00e1s experiencia. Esa es la misi\u00f3n de Vertex Yachts: dirigirse a propietarios que no est\u00e1n comprando su primer barco, sino que son m\u00e1s exigentes, buscan est\u00e1ndares altos y quieren una experiencia de compra m\u00e1s prestigiosa. Queremos \u00abmimar\u00bb al propietario: cada detalle est\u00e1 pensado para deleitar la vista y crear un conjunto armonioso, donde el dise\u00f1o y la funcionalidad convivan a la perfecci\u00f3n.  <\/i>.\u00bb<\/p><p><img decoding=\"async\" class=\"alignnone wp-image-170811 size-full\" src=\"https:\/\/yachtingnews.com\/wp-content\/uploads\/2026\/07\/Vertex-Yachts-\u2014-Brochure-45-TT.jpg\" alt=\"Vertex Yachts\" width=\"1746\" height=\"982\" srcset=\"https:\/\/www.yachtingnews.com\/wp-content\/uploads\/2026\/07\/Vertex-Yachts-\u2014-Brochure-45-TT.jpg 1746w, https:\/\/www.yachtingnews.com\/wp-content\/uploads\/2026\/07\/Vertex-Yachts-\u2014-Brochure-45-TT-300x169.jpg 300w, https:\/\/www.yachtingnews.com\/wp-content\/uploads\/2026\/07\/Vertex-Yachts-\u2014-Brochure-45-TT-1600x900.jpg 1600w, https:\/\/www.yachtingnews.com\/wp-content\/uploads\/2026\/07\/Vertex-Yachts-\u2014-Brochure-45-TT-768x432.jpg 768w, https:\/\/www.yachtingnews.com\/wp-content\/uploads\/2026\/07\/Vertex-Yachts-\u2014-Brochure-45-TT-1536x864.jpg 1536w\" sizes=\"(max-width: 1746px) 100vw, 1746px\" \/><\/p><p>La propia identidad de la marca cuenta la historia de su fuerte v\u00ednculo con su tierra natal. La<b>\u00abV\u00bb<\/b> del logotipo de Vertex refleja el \u00e1ngulo que corresponde a las coordenadas geogr\u00e1ficas de Soverato (38,41 N \u2013 16,33 E), convirtiendo el lugar de origen del astillero en un elemento caracter\u00edstico de la marca. Su lenguaje estil\u00edstico se centra en superficies esculpidas para controlar los reflejos de la luz, vol\u00famenes ergon\u00f3micos, l\u00edneas atl\u00e9ticas y un dise\u00f1o esencial en el que la forma y la funci\u00f3n van de la mano. La promesa de la marca se resume en la idea de que la belleza surge de la ingenier\u00eda, no de la decoraci\u00f3n.   <\/p><p><img decoding=\"async\" class=\"alignnone wp-image-170812 size-full\" src=\"https:\/\/yachtingnews.com\/wp-content\/uploads\/2026\/07\/Vertex-Yachts-\u2014-Brochure-45-TT-1.jpg\" alt=\"Vertex Yachts\" width=\"1746\" height=\"982\" srcset=\"https:\/\/www.yachtingnews.com\/wp-content\/uploads\/2026\/07\/Vertex-Yachts-\u2014-Brochure-45-TT-1.jpg 1746w, https:\/\/www.yachtingnews.com\/wp-content\/uploads\/2026\/07\/Vertex-Yachts-\u2014-Brochure-45-TT-1-300x169.jpg 300w, https:\/\/www.yachtingnews.com\/wp-content\/uploads\/2026\/07\/Vertex-Yachts-\u2014-Brochure-45-TT-1-1600x900.jpg 1600w, https:\/\/www.yachtingnews.com\/wp-content\/uploads\/2026\/07\/Vertex-Yachts-\u2014-Brochure-45-TT-1-768x432.jpg 768w, https:\/\/www.yachtingnews.com\/wp-content\/uploads\/2026\/07\/Vertex-Yachts-\u2014-Brochure-45-TT-1-1536x864.jpg 1536w\" sizes=\"(max-width: 1746px) 100vw, 1746px\" \/><\/p><p>Los primeros modelos ser\u00e1n el <strong>Vertex 45 TT<\/strong> y el <strong>Vertex 45 Z<\/strong>, ambos construidos sobre la misma plataforma de unos 14 metros, pero que ofrecen dos formas diferentes de navegar. El 45 TT prioriza el contacto con el mar gracias a su configuraci\u00f3n abierta con T-Top, mientras que el 45 Z cuenta con un techo r\u00edgido amplio y elegante, dise\u00f1ado para usarlo en cualquier \u00e9poca del a\u00f1o. Ambos comparten una distribuci\u00f3n espaciosa con acceso por todos los lados, cubiertas laterales especialmente amplias, una consola totalmente orientada al patr\u00f3n e interiores dise\u00f1ados para ofrecer unos niveles superiores de comodidad. Se ha prestado especial atenci\u00f3n a la privacidad, con camarotes totalmente separados, ba\u00f1os y duchas independientes, acabados de lujo y espacios que normalmente se reservan para yates de una clase superior.   <\/p><p><img decoding=\"async\" class=\"alignnone wp-image-170814 size-full\" src=\"https:\/\/yachtingnews.com\/wp-content\/uploads\/2026\/07\/vertex-yachts-modellino-TT.jpg\" alt=\"Vertex Yachts, maqueta TT\" width=\"1400\" height=\"839\" srcset=\"https:\/\/www.yachtingnews.com\/wp-content\/uploads\/2026\/07\/vertex-yachts-modellino-TT.jpg 1400w, https:\/\/www.yachtingnews.com\/wp-content\/uploads\/2026\/07\/vertex-yachts-modellino-TT-300x180.jpg 300w, https:\/\/www.yachtingnews.com\/wp-content\/uploads\/2026\/07\/vertex-yachts-modellino-TT-768x460.jpg 768w\" sizes=\"(max-width: 1400px) 100vw, 1400px\" \/><\/p><p>Para Ranieri International, el lanzamiento de Vertex Yachts supone un horizonte completamente nuevo:<i>\u00abDar el paso para fabricar barcos de 45 pies supone un gran salto para nosotros, ya que nos abre las puertas a nuevos segmentos de mercado y a nuevos clientes<\/i>\u00bb<i>,<\/i> afirma Salvatore Ranieri. \u00ab<i>Vertex no es simplemente un barco de Ranieri m\u00e1s caro. Nos dimos cuenta de que no pod\u00edamos satisfacer ciertas demandas de los mercados internacionales. As\u00ed es como naci\u00f3 Vertex: un barco construido en Italia, pero dise\u00f1ado desde el principio para un p\u00fablico global.  <\/i>\u00ab<\/p><p>El estreno mundial de los dos primeros modelos est\u00e1 previsto para el pr\u00f3ximo <b>Cannes Yachting Festival<\/b>, donde Vertex Yachts har\u00e1 su debut oficial ante el mercado internacional.<\/p><p><img decoding=\"async\" class=\"alignnone wp-image-170815 size-full\" src=\"https:\/\/yachtingnews.com\/wp-content\/uploads\/2026\/07\/vertex-yachts-modellino-45-Z.jpg\" alt=\"Vertex Yachts, modelo Z\" width=\"1400\" height=\"892\" srcset=\"https:\/\/www.yachtingnews.com\/wp-content\/uploads\/2026\/07\/vertex-yachts-modellino-45-Z.jpg 1400w, https:\/\/www.yachtingnews.com\/wp-content\/uploads\/2026\/07\/vertex-yachts-modellino-45-Z-300x191.jpg 300w, https:\/\/www.yachtingnews.com\/wp-content\/uploads\/2026\/07\/vertex-yachts-modellino-45-Z-768x489.jpg 768w\" sizes=\"(max-width: 1400px) 100vw, 1400px\" \/><\/p><h2>Tres nuevos modelos para reforzar la gama de Ranieri International<\/h2><p>Junto con el lanzamiento de la nueva marca, Ranieri International present\u00f3 tres nuevas embarcaciones destinadas a ampliar su oferta en segmentos estrat\u00e9gicos.<\/p><p>El nuevo<strong> Cayman 37.0 Hard Top<\/strong> representa la evoluci\u00f3n de la filosof\u00eda de dise\u00f1o de la gama Cayman. Dise\u00f1ado para aquellos que quieren disfrutar de la navegaci\u00f3n a velocidad media sin renunciar a la comodidad, incorpora una cubierta monocasco que elimina las juntas visibles, lo que aumenta la rigidez estructural y reduce el ruido durante la navegaci\u00f3n. Una de sus caracter\u00edsticas m\u00e1s destacadas es el sistema patentado CSA (Cockpit Shock Absorber), que absorbe el impacto de las olas para mejorar la comodidad, mientras que el nuevo casco escalonado (redan) ayuda a aumentar el rendimiento, la estabilidad y la eficiencia en el consumo de combustible.  <\/p><p><img decoding=\"async\" class=\"alignnone wp-image-170784 size-full\" src=\"https:\/\/yachtingnews.com\/wp-content\/uploads\/2026\/07\/ranieri-Cayman-37.0-Hard-Top.jpg\" alt=\"Ranieri Cayman 37.0 Hard Top\" width=\"1400\" height=\"930\" srcset=\"https:\/\/www.yachtingnews.com\/wp-content\/uploads\/2026\/07\/ranieri-Cayman-37.0-Hard-Top.jpg 1400w, https:\/\/www.yachtingnews.com\/wp-content\/uploads\/2026\/07\/ranieri-Cayman-37.0-Hard-Top-300x199.jpg 300w, https:\/\/www.yachtingnews.com\/wp-content\/uploads\/2026\/07\/ranieri-Cayman-37.0-Hard-Top-768x510.jpg 768w\" sizes=\"(max-width: 1400px) 100vw, 1400px\" \/><\/p><p>La distribuci\u00f3n exterior da prioridad a la vida al aire libre con una amplia zona para tomar el sol en la proa, un techo r\u00edgido de fibra de vidrio con parabrisas de cristal templado, una cocina completa equipada con fregadero, placa de inducci\u00f3n y nevera, as\u00ed como un comedor en popa que se puede transformar el\u00e9ctricamente en una gran tumbona. Bajo cubierta, hay espacio para cuatro literas repartidas en dos zonas diferenciadas, un amplio espacio de almacenamiento y un ba\u00f1o independiente con ventana, caracter\u00edsticas que te permiten hacer traves\u00edas de varios d\u00edas sin renunciar a nada. <\/p><p><img decoding=\"async\" class=\"alignnone wp-image-170785 size-full\" src=\"https:\/\/yachtingnews.com\/wp-content\/uploads\/2026\/07\/DJI_20260715090626_0618_D_THESEATEAM.jpg\" alt=\"Ranieri Cayman 37.0 Hard Top\" width=\"1400\" height=\"933\" srcset=\"https:\/\/www.yachtingnews.com\/wp-content\/uploads\/2026\/07\/DJI_20260715090626_0618_D_THESEATEAM.jpg 1400w, https:\/\/www.yachtingnews.com\/wp-content\/uploads\/2026\/07\/DJI_20260715090626_0618_D_THESEATEAM-300x200.jpg 300w, https:\/\/www.yachtingnews.com\/wp-content\/uploads\/2026\/07\/DJI_20260715090626_0618_D_THESEATEAM-768x512.jpg 768w\" sizes=\"(max-width: 1400px) 100vw, 1400px\" \/><\/p><p>Con el <strong>Cayman 41.0 Hard Top<\/strong>, Ranieri da un salto a una nueva dimensi\u00f3n dentro del segmento de las maxi-RIB. La embarcaci\u00f3n traslada el ADN deportivo de la gama Cayman a una plataforma que supera los 40 pies, dise\u00f1ada para traves\u00edas m\u00e1s largas y estancias prolongadas a bordo. Aqu\u00ed tambi\u00e9n encontramos el sistema de construcci\u00f3n monocasco, el CSA, y un nuevo y avanzado casco escalonado dise\u00f1ado para garantizar un equilibrio constante, una gran estabilidad y un bajo consumo de combustible incluso en las condiciones mar\u00edtimas m\u00e1s dif\u00edciles.  <\/p><p><img decoding=\"async\" class=\"alignnone wp-image-170786 size-full\" src=\"https:\/\/yachtingnews.com\/wp-content\/uploads\/2026\/07\/ranieri-international-Cayman-41.0-Hard-Top.jpg\" alt=\"Ranieri International Cayman 41.0 Hard Top\" width=\"1400\" height=\"933\" srcset=\"https:\/\/www.yachtingnews.com\/wp-content\/uploads\/2026\/07\/ranieri-international-Cayman-41.0-Hard-Top.jpg 1400w, https:\/\/www.yachtingnews.com\/wp-content\/uploads\/2026\/07\/ranieri-international-Cayman-41.0-Hard-Top-300x200.jpg 300w, https:\/\/www.yachtingnews.com\/wp-content\/uploads\/2026\/07\/ranieri-international-Cayman-41.0-Hard-Top-768x512.jpg 768w\" sizes=\"(max-width: 1400px) 100vw, 1400px\" \/><\/p><p>La cubierta est\u00e1 organizada como un aut\u00e9ntico sal\u00f3n di\u00e1fano, con una amplia zona para tomar el sol en la proa, un techo r\u00edgido integrado, una cocina exterior completa, un comedor convertible y un acceso al agua excepcionalmente f\u00e1cil. El interior aprovecha al m\u00e1ximo el volumen del casco, con dos camarotes independientes, cuatro literas, numerosos compartimentos de almacenamiento y un cuarto de ba\u00f1o de generosas dimensiones, lo que te ofrece un nivel de comodidad muy similar al de un yate tradicional. <\/p><p><img decoding=\"async\" class=\"alignnone wp-image-170787 size-full\" src=\"https:\/\/yachtingnews.com\/wp-content\/uploads\/2026\/07\/DSC07431.jpg\" alt=\"\" width=\"1400\" height=\"933\" srcset=\"https:\/\/www.yachtingnews.com\/wp-content\/uploads\/2026\/07\/DSC07431.jpg 1400w, https:\/\/www.yachtingnews.com\/wp-content\/uploads\/2026\/07\/DSC07431-300x200.jpg 300w, https:\/\/www.yachtingnews.com\/wp-content\/uploads\/2026\/07\/DSC07431-768x512.jpg 768w\" sizes=\"(max-width: 1400px) 100vw, 1400px\" \/><\/p><p>Junto a las dos maxi-RIB se estrena el nuevo <strong>Next 370 SH<\/strong>, un walkaround de 37 pies que da vida a la filosof\u00eda \u00abSport &#038; Habitat\u00bb. Este modelo se ha dise\u00f1ado para combinar rendimiento deportivo y comodidad a bordo gracias a un nuevo casco optimizado para mejorar la eficiencia y la autonom\u00eda, pasarelas laterales protegidas, una amplia zona para tomar el sol en la proa y una distribuci\u00f3n del espacio muy bien pensada. La cubierta cuenta con una consola ergon\u00f3mica, dos c\u00f3modos asientos, una cocina exterior completa y un comedor en popa que se transforma en una zona para tomar el sol con control el\u00e9ctrico.  <\/p><p>Bajo cubierta, la calidad de los interiores mejora notablemente gracias al uso de chapas de madera natural elaboradas directamente en el astillero. El camarote principal est\u00e1 separado por una puerta batiente, el ba\u00f1o tiene doble acceso y la distribuci\u00f3n permite alojar c\u00f3modamente a cuatro personas en dos espacios independientes, lo que confirma que este barco est\u00e1 pensado para traves\u00edas de varios d\u00edas. <\/p><p><img decoding=\"async\" class=\"aligncenter wp-image-170788 size-full\" src=\"https:\/\/yachtingnews.com\/wp-content\/uploads\/2026\/07\/DJI_20260714130143_0480_D_THESEATEAM.jpg\" alt=\"Next 370 SH\" width=\"1400\" height=\"933\" srcset=\"https:\/\/www.yachtingnews.com\/wp-content\/uploads\/2026\/07\/DJI_20260714130143_0480_D_THESEATEAM.jpg 1400w, https:\/\/www.yachtingnews.com\/wp-content\/uploads\/2026\/07\/DJI_20260714130143_0480_D_THESEATEAM-300x200.jpg 300w, https:\/\/www.yachtingnews.com\/wp-content\/uploads\/2026\/07\/DJI_20260714130143_0480_D_THESEATEAM-768x512.jpg 768w\" sizes=\"(max-width: 1400px) 100vw, 1400px\" \/><\/p><h2>Una nueva etapa para Ranieri International<\/h2><p>La cita de Soverato nos ha dejado una impresi\u00f3n que va mucho m\u00e1s all\u00e1 de la presentaci\u00f3n de unos cuantos modelos nuevos. La impresi\u00f3n general es la de un astillero que ha llegado a un punto de inflexi\u00f3n en su historia: por un lado, sigue invirtiendo en el desarrollo de la gama Ranieri, reforzando una l\u00ednea de maxi-RIB que ya se reconoce como una de las m\u00e1s interesantes del mercado europeo; por otro, abre un cap\u00edtulo totalmente nuevo con Vertex Yachts, una marca destinada a competir por una clientela internacional y en segmentos de mercado que hasta ahora no se hab\u00edan explorado. <\/p><p>La reciente ampliaci\u00f3n de las instalaciones, el hecho de mantener una cadena de producci\u00f3n casi totalmente interna y la incursi\u00f3n en el mundo de los yates de 45 pies ponen de manifiesto que esta empresa no reniega de sus ra\u00edces artesanales, sino que las utiliza como base para un crecimiento industrial m\u00e1s ambicioso. Tras sesenta a\u00f1os de historia, Ranieri International parece haber trazado un nuevo rumbo. Y, al ver las innovaciones presentadas en Soverato, da la sensaci\u00f3n de que el viaje acaba de empezar.  <\/p><h3>Preguntas frecuentes sobre Ranieri International<\/h3>\t\t\t\t\t\t\t\t<\/div>\n\t\t\t\t<\/div>\n\t\t\t\t<div class=\"elementor-element elementor-element-09001b4 elementor-grid-1 elementor-grid-tablet-2 elementor-grid-mobile-1 elementor-widget elementor-widget-uael-faq\" data-id=\"09001b4\" data-element_type=\"widget\" data-e-type=\"widget\" data-widget_type=\"uael-faq.default\">\n\t\t\t\t<div class=\"elementor-widget-container\">\n\t\t\t\t\t\n\t\t\t<div id='uael-faq-wrapper-943' class=\"uael-faq-wrapper\">\n\t\t\t\t<div class=\"uael-faq-container uael-faq-layout-grid elementor-grid\" >\n\t\t\t\t\t\t\t\t\t\t\t\t<div id=\"uael-accordion-c197b07\" class=\"uael-faq-accordion elementor-grid-item\" role=\"tablist\">\n\t\t\t\t\t\t\t\t<div class= \"uael-accordion-title\" aria-expanded=\"false\" role=\"tab\">\n\t\t\t\t\t\t\t\t\t<span class=\"uael-accordion-icon uael-accordion-icon-\">\n\t\t\t\t\t\t\t\t\t\t<span class=\"uael-accordion-icon-closed\"><\/span>\n\t\t\t\t\t\t\t\t\t\t<span class=\"uael-accordion-icon-opened\"><\/span>\n\t\t\t\t\t\t\t\t\t<\/span>\n\t\t\t\t\t\t\t\t\t<h3 class=\"uael-question-c197b07 uael-question-span\" tabindex=\"0\" id=\"uael-faq-1-6a9b0ffb97e8b\">\u00bfPor qu\u00e9 el 60.\u00ba aniversario de Ranieri International supone un momento hist\u00f3rico para el astillero?<\/h3>\n\t\t\t\t\t\t\t\t<\/div>\n\t\t\t\t\t\t\t\t<div class=\"uael-accordion-content\" role=\"tabpanel\">\n\t\t\t\t\t\t\t\t\t<span>\n\t\t\t\t\t\t\t\t\t<span><p>Porque coincide con una nueva etapa de desarrollo para la empresa, marcada por la ampliaci\u00f3n de su planta de producci\u00f3n, el lanzamiento de la nueva marca premium Vertex Yachts y la presentaci\u00f3n de tres nuevos modelos destinados a ampliar la gama Ranieri.<\/p><\/span>\t\t\t\t\t\t\t\t\t<\/span>\n\t\t\t\t\t\t\t\t<\/div>\n\t\t\t\t\t\t\t<\/div>\n\t\t\t\t\t\t\t\t\t\t\t\t\t\t<div id=\"uael-accordion-95379c0\" class=\"uael-faq-accordion elementor-grid-item\" role=\"tablist\">\n\t\t\t\t\t\t\t\t<div class= \"uael-accordion-title\" aria-expanded=\"false\" role=\"tab\">\n\t\t\t\t\t\t\t\t\t<span class=\"uael-accordion-icon uael-accordion-icon-\">\n\t\t\t\t\t\t\t\t\t\t<span class=\"uael-accordion-icon-closed\"><\/span>\n\t\t\t\t\t\t\t\t\t\t<span class=\"uael-accordion-icon-opened\"><\/span>\n\t\t\t\t\t\t\t\t\t<\/span>\n\t\t\t\t\t\t\t\t\t<h3 class=\"uael-question-95379c0 uael-question-span\" tabindex=\"0\" id=\"uael-faq-2-6a9b0ffb97ea4\">\u00bfQu\u00e9 es Vertex Yachts?<\/h3>\n\t\t\t\t\t\t\t\t<\/div>\n\t\t\t\t\t\t\t\t<div class=\"uael-accordion-content\" role=\"tabpanel\">\n\t\t\t\t\t\t\t\t\t<span>\n\t\t\t\t\t\t\t\t\t<span><p>Vertex Yachts es la nueva marca premium creada por Ranieri International para entrar en el segmento de los yates de lujo. La marca se estrenar\u00e1 con dos modelos de 45 pies dise\u00f1ados por Giuseppe Martines y pensados para una clientela internacional. <\/p><\/span>\t\t\t\t\t\t\t\t\t<\/span>\n\t\t\t\t\t\t\t\t<\/div>\n\t\t\t\t\t\t\t<\/div>\n\t\t\t\t\t\t\t\t\t\t\t\t\t\t<div id=\"uael-accordion-af2e3b8\" class=\"uael-faq-accordion elementor-grid-item\" role=\"tablist\">\n\t\t\t\t\t\t\t\t<div class= \"uael-accordion-title\" aria-expanded=\"false\" role=\"tab\">\n\t\t\t\t\t\t\t\t\t<span class=\"uael-accordion-icon uael-accordion-icon-\">\n\t\t\t\t\t\t\t\t\t\t<span class=\"uael-accordion-icon-closed\"><\/span>\n\t\t\t\t\t\t\t\t\t\t<span class=\"uael-accordion-icon-opened\"><\/span>\n\t\t\t\t\t\t\t\t\t<\/span>\n\t\t\t\t\t\t\t\t\t<h3 class=\"uael-question-af2e3b8 uael-question-span\" tabindex=\"0\" id=\"uael-faq-3-6a9b0ffb97eb3\">\u00bfQu\u00e9 novedades va a introducir Ranieri International en su colecci\u00f3n de 2026?<\/h3>\n\t\t\t\t\t\t\t\t<\/div>\n\t\t\t\t\t\t\t\t<div class=\"uael-accordion-content\" role=\"tabpanel\">\n\t\t\t\t\t\t\t\t\t<span>\n\t\t\t\t\t\t\t\t\t<span><p>El astillero ha presentado tres nuevos modelos: <strong>el Cayman 37.0 Hard Top, el Cayman 41.0 Hard Top y el Next 370 SH,<\/strong> todos ellos dise\u00f1ados para ofrecer mayor comodidad, habitabilidad y rendimiento, sin renunciar al ADN deportivo que caracteriza a la marca.<\/p><\/span>\t\t\t\t\t\t\t\t\t<\/span>\n\t\t\t\t\t\t\t\t<\/div>\n\t\t\t\t\t\t\t<\/div>\n\t\t\t\t\t\t\t\t\t\t\t\t\t\t<div id=\"uael-accordion-a5c1025\" class=\"uael-faq-accordion elementor-grid-item\" role=\"tablist\">\n\t\t\t\t\t\t\t\t<div class= \"uael-accordion-title\" aria-expanded=\"false\" role=\"tab\">\n\t\t\t\t\t\t\t\t\t<span class=\"uael-accordion-icon uael-accordion-icon-\">\n\t\t\t\t\t\t\t\t\t\t<span class=\"uael-accordion-icon-closed\"><\/span>\n\t\t\t\t\t\t\t\t\t\t<span class=\"uael-accordion-icon-opened\"><\/span>\n\t\t\t\t\t\t\t\t\t<\/span>\n\t\t\t\t\t\t\t\t\t<h3 class=\"uael-question-a5c1025 uael-question-span\" tabindex=\"0\" id=\"uael-faq-4-6a9b0ffb97ec0\">\u00bfCu\u00e1l es el punto fuerte de la producci\u00f3n de Ranieri International?<\/h3>\n\t\t\t\t\t\t\t\t<\/div>\n\t\t\t\t\t\t\t\t<div class=\"uael-accordion-content\" role=\"tabpanel\">\n\t\t\t\t\t\t\t\t\t<span>\n\t\t\t\t\t\t\t\t\t<span><p>La empresa lleva a cabo casi todas las fases de producci\u00f3n en sus propias instalaciones, desde el dise\u00f1o y el laminado hasta el trabajo en madera y la tapicer\u00eda. Esto permite un control de calidad directo y prestar m\u00e1s atenci\u00f3n a los detalles estructurales. <\/p><\/span>\t\t\t\t\t\t\t\t\t<\/span>\n\t\t\t\t\t\t\t\t<\/div>\n\t\t\t\t\t\t\t<\/div>\n\t\t\t\t\t\t\t\t\t\t\t<\/div>\n\t\t\t<\/div>\n\t\t\t\t\t\t\t<\/div>\n\t\t\t\t<\/div>\n\t\t\t\t\t<\/div>\n\t\t<\/div>\n\t\t\t\t\t<\/div>\n\t\t<\/section>\n\t\t\t\t<\/div>\n\t\t","protected":false},"excerpt":{"rendered":"<p>Sesenta a\u00f1os suponen un hito importante para cualquier empresa. Pero para un constructor innovador como Ranieri International, es sobre todo el punto de partida de una nueva etapa de desarrollo. Este fue el sentimiento predominante durante la reuni\u00f3n que organiz\u00f3 el astillero calabr\u00e9s los d\u00edas 15 y 16 de julio en su sede de Soverato, [&hellip;]<\/p>\n","protected":false},"author":45,"featured_media":170838,"comment_status":"open","ping_status":"closed","sticky":false,"template":"","format":"standard","meta":{"_mo_disable_npp":"","footnotes":""},"categories":[2163,2152,2100],"tags":[2184],"class_list":["post-170837","post","type-post","status-publish","format-standard","has-post-thumbnail","hentry","category-embarcaciones-a-motor","category-botes-neumaticos","category-noticias-nauticas","tag-ranieri-internacional-es"],"yoast_head":"<!-- This site is optimized with the Yoast SEO plugin v28.4 - https:\/\/yoast.com\/product\/yoast-seo-wordpress\/ -->\n<title>Ranieri International celebra su 60.\u00ba aniversario - Yachting News<\/title>\n<meta name=\"description\" content=\"Ranieri International abre una nueva etapa con el lanzamiento de una nueva marca, tres nuevas embarcaciones y la ampliaci\u00f3n de sus instalaciones.\" \/>\n<meta name=\"robots\" content=\"index, follow, max-snippet:-1, max-image-preview:large, max-video-preview:-1\" \/>\n<link rel=\"canonical\" href=\"https:\/\/www.yachtingnews.com\/es\/ranieri-international-60o\/\" \/>\n<meta property=\"og:locale\" content=\"es_ES\" \/>\n<meta property=\"og:type\" content=\"article\" \/>\n<meta property=\"og:title\" content=\"Ranieri International celebra su 60.\u00ba aniversario - Yachting News\" \/>\n<meta property=\"og:description\" content=\"Ranieri International abre una nueva etapa con el lanzamiento de una nueva marca, tres nuevas embarcaciones y la ampliaci\u00f3n de sus instalaciones.\" \/>\n<meta property=\"og:url\" content=\"https:\/\/www.yachtingnews.com\/es\/ranieri-international-60o\/\" \/>\n<meta property=\"og:site_name\" content=\"Yachting News\" \/>\n<meta property=\"article:publisher\" content=\"https:\/\/www.facebook.com\/TheInternationalYachtingMedia\" \/>\n<meta property=\"article:published_time\" content=\"2026-07-20T01:00:00+00:00\" \/>\n<meta property=\"article:modified_time\" content=\"2026-07-20T01:01:06+00:00\" \/>\n<meta property=\"og:image\" content=\"https:\/\/www.yachtingnews.com\/wp-content\/uploads\/2026\/07\/ranieri-international-novita.jpg\" \/>\n\t<meta property=\"og:image:width\" content=\"1400\" \/>\n\t<meta property=\"og:image:height\" content=\"787\" \/>\n\t<meta property=\"og:image:type\" content=\"image\/jpeg\" \/>\n<meta name=\"author\" content=\"Alessandro Giuzio\" \/>\n<meta name=\"twitter:card\" content=\"summary_large_image\" \/>\n<meta name=\"twitter:creator\" content=\"@YachtingMedia\" \/>\n<meta name=\"twitter:site\" content=\"@YachtingMedia\" \/>\n<meta name=\"twitter:label1\" content=\"Escrito por\" \/>\n\t<meta name=\"twitter:data1\" content=\"Alessandro Giuzio\" \/>\n\t<meta name=\"twitter:label2\" content=\"Tiempo de lectura\" \/>\n\t<meta name=\"twitter:data2\" content=\"11 minutos\" \/>\n<script type=\"application\/ld+json\" class=\"yoast-schema-graph\">{\"@context\":\"https:\\\/\\\/schema.org\",\"@graph\":[{\"@type\":\"Article\",\"@id\":\"https:\\\/\\\/www.yachtingnews.com\\\/es\\\/ranieri-international-60o\\\/#article\",\"isPartOf\":{\"@id\":\"https:\\\/\\\/www.yachtingnews.com\\\/es\\\/ranieri-international-60o\\\/\"},\"author\":{\"name\":\"Alessandro Giuzio\",\"@id\":\"https:\\\/\\\/www.yachtingnews.com\\\/es\\\/#\\\/schema\\\/person\\\/d2e99eb1c7ce9e28a78d15e3d5d68eb3\"},\"headline\":\"Ranieri International celebra su 60.\u00ba aniversario con el lanzamiento de tres nuevos modelos y la marca Vertex Yachts\",\"datePublished\":\"2026-07-20T01:00:00+00:00\",\"dateModified\":\"2026-07-20T01:01:06+00:00\",\"mainEntityOfPage\":{\"@id\":\"https:\\\/\\\/www.yachtingnews.com\\\/es\\\/ranieri-international-60o\\\/\"},\"wordCount\":2291,\"commentCount\":0,\"publisher\":{\"@id\":\"https:\\\/\\\/www.yachtingnews.com\\\/es\\\/#organization\"},\"image\":{\"@id\":\"https:\\\/\\\/www.yachtingnews.com\\\/es\\\/ranieri-international-60o\\\/#primaryimage\"},\"thumbnailUrl\":\"https:\\\/\\\/www.yachtingnews.com\\\/wp-content\\\/uploads\\\/2026\\\/07\\\/ranieri-international-novita.jpg\",\"keywords\":[\"Ranieri Internacional\"],\"articleSection\":[\"EMBARCACIONES A MOTOR\",\"EMBARCACIONES NEUM\u00c1TICAS\",\"Noticias\"],\"inLanguage\":\"es\",\"potentialAction\":[{\"@type\":\"CommentAction\",\"name\":\"Comment\",\"target\":[\"https:\\\/\\\/www.yachtingnews.com\\\/es\\\/ranieri-international-60o\\\/#respond\"]}]},{\"@type\":\"WebPage\",\"@id\":\"https:\\\/\\\/www.yachtingnews.com\\\/es\\\/ranieri-international-60o\\\/\",\"url\":\"https:\\\/\\\/www.yachtingnews.com\\\/es\\\/ranieri-international-60o\\\/\",\"name\":\"Ranieri International celebra su 60.\u00ba aniversario - Yachting News\",\"isPartOf\":{\"@id\":\"https:\\\/\\\/www.yachtingnews.com\\\/es\\\/#website\"},\"primaryImageOfPage\":{\"@id\":\"https:\\\/\\\/www.yachtingnews.com\\\/es\\\/ranieri-international-60o\\\/#primaryimage\"},\"image\":{\"@id\":\"https:\\\/\\\/www.yachtingnews.com\\\/es\\\/ranieri-international-60o\\\/#primaryimage\"},\"thumbnailUrl\":\"https:\\\/\\\/www.yachtingnews.com\\\/wp-content\\\/uploads\\\/2026\\\/07\\\/ranieri-international-novita.jpg\",\"datePublished\":\"2026-07-20T01:00:00+00:00\",\"dateModified\":\"2026-07-20T01:01:06+00:00\",\"description\":\"Ranieri International abre una nueva etapa con el lanzamiento de una nueva marca, tres nuevas embarcaciones y la ampliaci\u00f3n de sus instalaciones.\",\"breadcrumb\":{\"@id\":\"https:\\\/\\\/www.yachtingnews.com\\\/es\\\/ranieri-international-60o\\\/#breadcrumb\"},\"inLanguage\":\"es\",\"potentialAction\":[{\"@type\":\"ReadAction\",\"target\":[\"https:\\\/\\\/www.yachtingnews.com\\\/es\\\/ranieri-international-60o\\\/\"]}]},{\"@type\":\"ImageObject\",\"inLanguage\":\"es\",\"@id\":\"https:\\\/\\\/www.yachtingnews.com\\\/es\\\/ranieri-international-60o\\\/#primaryimage\",\"url\":\"https:\\\/\\\/www.yachtingnews.com\\\/wp-content\\\/uploads\\\/2026\\\/07\\\/ranieri-international-novita.jpg\",\"contentUrl\":\"https:\\\/\\\/www.yachtingnews.com\\\/wp-content\\\/uploads\\\/2026\\\/07\\\/ranieri-international-novita.jpg\",\"width\":1400,\"height\":787,\"caption\":\"ranieri internacional\"},{\"@type\":\"BreadcrumbList\",\"@id\":\"https:\\\/\\\/www.yachtingnews.com\\\/es\\\/ranieri-international-60o\\\/#breadcrumb\",\"itemListElement\":[{\"@type\":\"ListItem\",\"position\":1,\"name\":\"Home\",\"item\":\"https:\\\/\\\/www.yachtingnews.com\\\/es\\\/yachting-news-2\\\/\"},{\"@type\":\"ListItem\",\"position\":2,\"name\":\"Ranieri International celebra su 60.\u00ba aniversario con el lanzamiento de tres nuevos modelos y la marca Vertex Yachts\"}]},{\"@type\":\"WebSite\",\"@id\":\"https:\\\/\\\/www.yachtingnews.com\\\/es\\\/#website\",\"url\":\"https:\\\/\\\/www.yachtingnews.com\\\/es\\\/\",\"name\":\"Yachting News\",\"description\":\"The International Yachting Media\",\"publisher\":{\"@id\":\"https:\\\/\\\/www.yachtingnews.com\\\/es\\\/#organization\"},\"potentialAction\":[{\"@type\":\"SearchAction\",\"target\":{\"@type\":\"EntryPoint\",\"urlTemplate\":\"https:\\\/\\\/www.yachtingnews.com\\\/es\\\/?s={search_term_string}\"},\"query-input\":{\"@type\":\"PropertyValueSpecification\",\"valueRequired\":true,\"valueName\":\"search_term_string\"}}],\"inLanguage\":\"es\"},{\"@type\":\"Organization\",\"@id\":\"https:\\\/\\\/www.yachtingnews.com\\\/es\\\/#organization\",\"name\":\"Yachting News\",\"url\":\"https:\\\/\\\/www.yachtingnews.com\\\/es\\\/\",\"logo\":{\"@type\":\"ImageObject\",\"inLanguage\":\"es\",\"@id\":\"https:\\\/\\\/www.yachtingnews.com\\\/es\\\/#\\\/schema\\\/logo\\\/image\\\/\",\"url\":\"https:\\\/\\\/www.yachtingnews.com\\\/wp-content\\\/uploads\\\/2023\\\/02\\\/LOGO-Yachting-NEWS-blu-800.png\",\"contentUrl\":\"https:\\\/\\\/www.yachtingnews.com\\\/wp-content\\\/uploads\\\/2023\\\/02\\\/LOGO-Yachting-NEWS-blu-800.png\",\"width\":790,\"height\":99,\"caption\":\"Yachting News\"},\"image\":{\"@id\":\"https:\\\/\\\/www.yachtingnews.com\\\/es\\\/#\\\/schema\\\/logo\\\/image\\\/\"},\"sameAs\":[\"https:\\\/\\\/www.facebook.com\\\/TheInternationalYachtingMedia\",\"https:\\\/\\\/x.com\\\/YachtingMedia\",\"https:\\\/\\\/www.instagram.com\\\/yachting.news\\\/\",\"https:\\\/\\\/www.linkedin.com\\\/company\\\/the-international-yachting-media\",\"https:\\\/\\\/www.youtube.com\\\/c\\\/TheInternationalYachtingMedia\"]},{\"@type\":\"Person\",\"@id\":\"https:\\\/\\\/www.yachtingnews.com\\\/es\\\/#\\\/schema\\\/person\\\/d2e99eb1c7ce9e28a78d15e3d5d68eb3\",\"name\":\"Alessandro Giuzio\",\"image\":{\"@type\":\"ImageObject\",\"inLanguage\":\"es\",\"@id\":\"https:\\\/\\\/www.yachtingnews.com\\\/wp-content\\\/litespeed\\\/avatar\\\/a99e5f8da4fc551fb53eb9f1fec61fb4.jpg?ver=1788189881\",\"url\":\"https:\\\/\\\/www.yachtingnews.com\\\/wp-content\\\/litespeed\\\/avatar\\\/a99e5f8da4fc551fb53eb9f1fec61fb4.jpg?ver=1788189881\",\"contentUrl\":\"https:\\\/\\\/www.yachtingnews.com\\\/wp-content\\\/litespeed\\\/avatar\\\/a99e5f8da4fc551fb53eb9f1fec61fb4.jpg?ver=1788189881\",\"caption\":\"Alessandro Giuzio\"},\"description\":\"Alessandro is a professional journalist and contributes to The International Yachting Media since 2022. He is an expert on the sea and of course on boats.\",\"url\":\"https:\\\/\\\/www.yachtingnews.com\\\/es\\\/author\\\/alexgiuzio\\\/\"}]}<\/script>\n<!-- \/ Yoast SEO plugin. -->","yoast_head_json":{"title":"Ranieri International celebra su 60.\u00ba aniversario - Yachting News","description":"Ranieri International abre una nueva etapa con el lanzamiento de una nueva marca, tres nuevas embarcaciones y la ampliaci\u00f3n de sus instalaciones.","robots":{"index":"index","follow":"follow","max-snippet":"max-snippet:-1","max-image-preview":"max-image-preview:large","max-video-preview":"max-video-preview:-1"},"canonical":"https:\/\/www.yachtingnews.com\/es\/ranieri-international-60o\/","og_locale":"es_ES","og_type":"article","og_title":"Ranieri International celebra su 60.\u00ba aniversario - Yachting News","og_description":"Ranieri International abre una nueva etapa con el lanzamiento de una nueva marca, tres nuevas embarcaciones y la ampliaci\u00f3n de sus instalaciones.","og_url":"https:\/\/www.yachtingnews.com\/es\/ranieri-international-60o\/","og_site_name":"Yachting News","article_publisher":"https:\/\/www.facebook.com\/TheInternationalYachtingMedia","article_published_time":"2026-07-20T01:00:00+00:00","article_modified_time":"2026-07-20T01:01:06+00:00","og_image":[{"width":1400,"height":787,"url":"https:\/\/www.yachtingnews.com\/wp-content\/uploads\/2026\/07\/ranieri-international-novita.jpg","type":"image\/jpeg"}],"author":"Alessandro Giuzio","twitter_card":"summary_large_image","twitter_creator":"@YachtingMedia","twitter_site":"@YachtingMedia","twitter_misc":{"Escrito por":"Alessandro Giuzio","Tiempo de lectura":"11 minutos"},"schema":{"@context":"https:\/\/schema.org","@graph":[{"@type":"Article","@id":"https:\/\/www.yachtingnews.com\/es\/ranieri-international-60o\/#article","isPartOf":{"@id":"https:\/\/www.yachtingnews.com\/es\/ranieri-international-60o\/"},"author":{"name":"Alessandro Giuzio","@id":"https:\/\/www.yachtingnews.com\/es\/#\/schema\/person\/d2e99eb1c7ce9e28a78d15e3d5d68eb3"},"headline":"Ranieri International celebra su 60.\u00ba aniversario con el lanzamiento de tres nuevos modelos y la marca Vertex Yachts","datePublished":"2026-07-20T01:00:00+00:00","dateModified":"2026-07-20T01:01:06+00:00","mainEntityOfPage":{"@id":"https:\/\/www.yachtingnews.com\/es\/ranieri-international-60o\/"},"wordCount":2291,"commentCount":0,"publisher":{"@id":"https:\/\/www.yachtingnews.com\/es\/#organization"},"image":{"@id":"https:\/\/www.yachtingnews.com\/es\/ranieri-international-60o\/#primaryimage"},"thumbnailUrl":"https:\/\/www.yachtingnews.com\/wp-content\/uploads\/2026\/07\/ranieri-international-novita.jpg","keywords":["Ranieri Internacional"],"articleSection":["EMBARCACIONES A MOTOR","EMBARCACIONES NEUM\u00c1TICAS","Noticias"],"inLanguage":"es","potentialAction":[{"@type":"CommentAction","name":"Comment","target":["https:\/\/www.yachtingnews.com\/es\/ranieri-international-60o\/#respond"]}]},{"@type":"WebPage","@id":"https:\/\/www.yachtingnews.com\/es\/ranieri-international-60o\/","url":"https:\/\/www.yachtingnews.com\/es\/ranieri-international-60o\/","name":"Ranieri International celebra su 60.\u00ba aniversario - Yachting News","isPartOf":{"@id":"https:\/\/www.yachtingnews.com\/es\/#website"},"primaryImageOfPage":{"@id":"https:\/\/www.yachtingnews.com\/es\/ranieri-international-60o\/#primaryimage"},"image":{"@id":"https:\/\/www.yachtingnews.com\/es\/ranieri-international-60o\/#primaryimage"},"thumbnailUrl":"https:\/\/www.yachtingnews.com\/wp-content\/uploads\/2026\/07\/ranieri-international-novita.jpg","datePublished":"2026-07-20T01:00:00+00:00","dateModified":"2026-07-20T01:01:06+00:00","description":"Ranieri International abre una nueva etapa con el lanzamiento de una nueva marca, tres nuevas embarcaciones y la ampliaci\u00f3n de sus instalaciones.","breadcrumb":{"@id":"https:\/\/www.yachtingnews.com\/es\/ranieri-international-60o\/#breadcrumb"},"inLanguage":"es","potentialAction":[{"@type":"ReadAction","target":["https:\/\/www.yachtingnews.com\/es\/ranieri-international-60o\/"]}]},{"@type":"ImageObject","inLanguage":"es","@id":"https:\/\/www.yachtingnews.com\/es\/ranieri-international-60o\/#primaryimage","url":"https:\/\/www.yachtingnews.com\/wp-content\/uploads\/2026\/07\/ranieri-international-novita.jpg","contentUrl":"https:\/\/www.yachtingnews.com\/wp-content\/uploads\/2026\/07\/ranieri-international-novita.jpg","width":1400,"height":787,"caption":"ranieri internacional"},{"@type":"BreadcrumbList","@id":"https:\/\/www.yachtingnews.com\/es\/ranieri-international-60o\/#breadcrumb","itemListElement":[{"@type":"ListItem","position":1,"name":"Home","item":"https:\/\/www.yachtingnews.com\/es\/yachting-news-2\/"},{"@type":"ListItem","position":2,"name":"Ranieri International celebra su 60.\u00ba aniversario con el lanzamiento de tres nuevos modelos y la marca Vertex Yachts"}]},{"@type":"WebSite","@id":"https:\/\/www.yachtingnews.com\/es\/#website","url":"https:\/\/www.yachtingnews.com\/es\/","name":"Yachting News","description":"The International Yachting Media","publisher":{"@id":"https:\/\/www.yachtingnews.com\/es\/#organization"},"potentialAction":[{"@type":"SearchAction","target":{"@type":"EntryPoint","urlTemplate":"https:\/\/www.yachtingnews.com\/es\/?s={search_term_string}"},"query-input":{"@type":"PropertyValueSpecification","valueRequired":true,"valueName":"search_term_string"}}],"inLanguage":"es"},{"@type":"Organization","@id":"https:\/\/www.yachtingnews.com\/es\/#organization","name":"Yachting News","url":"https:\/\/www.yachtingnews.com\/es\/","logo":{"@type":"ImageObject","inLanguage":"es","@id":"https:\/\/www.yachtingnews.com\/es\/#\/schema\/logo\/image\/","url":"https:\/\/www.yachtingnews.com\/wp-content\/uploads\/2023\/02\/LOGO-Yachting-NEWS-blu-800.png","contentUrl":"https:\/\/www.yachtingnews.com\/wp-content\/uploads\/2023\/02\/LOGO-Yachting-NEWS-blu-800.png","width":790,"height":99,"caption":"Yachting News"},"image":{"@id":"https:\/\/www.yachtingnews.com\/es\/#\/schema\/logo\/image\/"},"sameAs":["https:\/\/www.facebook.com\/TheInternationalYachtingMedia","https:\/\/x.com\/YachtingMedia","https:\/\/www.instagram.com\/yachting.news\/","https:\/\/www.linkedin.com\/company\/the-international-yachting-media","https:\/\/www.youtube.com\/c\/TheInternationalYachtingMedia"]},{"@type":"Person","@id":"https:\/\/www.yachtingnews.com\/es\/#\/schema\/person\/d2e99eb1c7ce9e28a78d15e3d5d68eb3","name":"Alessandro Giuzio","image":{"@type":"ImageObject","inLanguage":"es","@id":"https:\/\/www.yachtingnews.com\/wp-content\/litespeed\/avatar\/a99e5f8da4fc551fb53eb9f1fec61fb4.jpg?ver=1788189881","url":"https:\/\/www.yachtingnews.com\/wp-content\/litespeed\/avatar\/a99e5f8da4fc551fb53eb9f1fec61fb4.jpg?ver=1788189881","contentUrl":"https:\/\/www.yachtingnews.com\/wp-content\/litespeed\/avatar\/a99e5f8da4fc551fb53eb9f1fec61fb4.jpg?ver=1788189881","caption":"Alessandro Giuzio"},"description":"Alessandro is a professional journalist and contributes to The International Yachting Media since 2022. He is an expert on the sea and of course on boats.","url":"https:\/\/www.yachtingnews.com\/es\/author\/alexgiuzio\/"}]}},"_links":{"self":[{"href":"https:\/\/www.yachtingnews.com\/es\/wp-json\/wp\/v2\/posts\/170837","targetHints":{"allow":["GET"]}}],"collection":[{"href":"https:\/\/www.yachtingnews.com\/es\/wp-json\/wp\/v2\/posts"}],"about":[{"href":"https:\/\/www.yachtingnews.com\/es\/wp-json\/wp\/v2\/types\/post"}],"author":[{"embeddable":true,"href":"https:\/\/www.yachtingnews.com\/es\/wp-json\/wp\/v2\/users\/45"}],"replies":[{"embeddable":true,"href":"https:\/\/www.yachtingnews.com\/es\/wp-json\/wp\/v2\/comments?post=170837"}],"version-history":[{"count":0,"href":"https:\/\/www.yachtingnews.com\/es\/wp-json\/wp\/v2\/posts\/170837\/revisions"}],"wp:featuredmedia":[{"embeddable":true,"href":"https:\/\/www.yachtingnews.com\/es\/wp-json\/wp\/v2\/media\/170838"}],"wp:attachment":[{"href":"https:\/\/www.yachtingnews.com\/es\/wp-json\/wp\/v2\/media?parent=170837"}],"wp:term":[{"taxonomy":"category","embeddable":true,"href":"https:\/\/www.yachtingnews.com\/es\/wp-json\/wp\/v2\/categories?post=170837"},{"taxonomy":"post_tag","embeddable":true,"href":"https:\/\/www.yachtingnews.com\/es\/wp-json\/wp\/v2\/tags?post=170837"}],"curies":[{"name":"wp","href":"https:\/\/api.w.org\/{rel}","templated":true}]}}