{"id":172229,"date":"2026-08-30T18:30:05","date_gmt":"2026-08-30T17:30:05","guid":{"rendered":"https:\/\/www.yachtingnews.com\/prestige-cannes-2026-informacion\/"},"modified":"2026-08-31T18:32:04","modified_gmt":"2026-08-31T17:32:04","slug":"prestige-cannes-2026-informacion","status":"publish","type":"post","link":"https:\/\/www.yachtingnews.com\/es\/prestige-cannes-2026-informacion\/","title":{"rendered":"PRESTIGE en Cannes 2026: tres estrenos mundiales en un mismo evento"},"content":{"rendered":"\t\t<div data-elementor-type=\"wp-post\" data-elementor-id=\"172229\" class=\"elementor elementor-172229 elementor-172193\" data-elementor-post-type=\"post\">\n\t\t\t\t\t\t<section class=\"elementor-section elementor-top-section elementor-element elementor-element-ac37bb6 elementor-section-boxed elementor-section-height-default elementor-section-height-default\" data-id=\"ac37bb6\" data-element_type=\"section\" data-e-type=\"section\">\n\t\t\t\t\t\t<div class=\"elementor-container elementor-column-gap-default\">\n\t\t\t\t\t<div class=\"elementor-column elementor-col-100 elementor-top-column elementor-element elementor-element-190cb41\" data-id=\"190cb41\" data-element_type=\"column\" data-e-type=\"column\">\n\t\t\t<div class=\"elementor-widget-wrap elementor-element-populated\">\n\t\t\t\t\t\t<div class=\"elementor-element elementor-element-4ad5bb6 elementor-widget elementor-widget-text-editor\" data-id=\"4ad5bb6\" data-element_type=\"widget\" data-e-type=\"widget\" data-widget_type=\"text-editor.default\">\n\t\t\t\t<div class=\"elementor-widget-container\">\n\t\t\t\t\t\t\t\t\t<p><span style=\"font-weight: 400;\">El a\u00f1o <\/span><b>2026<\/b><span style=\"font-weight: 400;\"> marca un hito especialmente importante en la historia de <\/span><b>PRESTIGE<\/b><span style=\"font-weight: 400;\">. En el <\/span><b>Cannes Yachting Festival<\/b><span style=\"font-weight: 400;\">, que tendr\u00e1 lugar del <\/span><b>del 8 al 13 de septiembre<\/b><span style=\"font-weight: 400;\">, el astillero franc\u00e9s presenta nada menos que <\/span><b>tres<\/b><span style=\"font-weight: 400;\"> nuevos modelos en primicia mundial: <\/span><b>F6.7<\/b><span style=\"font-weight: 400;\">, <\/span><b>M6<\/b><span style=\"font-weight: 400;\">y <\/span> <b>M8 EVO<\/b><span style=\"font-weight: 400;\">. Un estreno colectivo en un \u00fanico evento que deja claro el rumbo de la marca, equilibrando la evoluci\u00f3n del dise\u00f1o, la atenci\u00f3n a la vida a bordo y nuevas interpretaciones del yate como un hogar en el mar. Estos son <\/span><b>tres<\/b><span style=\"font-weight: 400;\"> yates que difieren en arquitectura y filosof\u00eda de dise\u00f1o, pero que est\u00e1n unidos por una b\u00fasqueda que sit\u00faa el confort, la luminosidad, la flexibilidad del espacio y la relaci\u00f3n con el mar en el centro de todo.<\/span><\/p><h2><b>PRESTIGE F6.7: el nuevo buque insignia de la gama F<\/b><\/h2><p><b>PRESTIGE F6.7<\/b><span style=\"font-weight: 400;\"> representa lo mejor de la nueva generaci\u00f3n de la <\/span><b>F-Line<\/b><span style=\"font-weight: 400;\">. Tras la renovaci\u00f3n de la gama con el <\/span><b>F4.3<\/b><span style=\"font-weight: 400;\">, <\/span><b>F4.9<\/b><span style=\"font-weight: 400;\">y <\/span><b>F5.7<\/b><span style=\"font-weight: 400;\">, <\/span><b>PRESTIGE YACHTS<\/b><span style=\"font-weight: 400;\"> lleva su estilo de dise\u00f1o a nuevas dimensiones y niveles de refinamiento, ofreciendo un yate pensado para aquellos que ven la vida a bordo como una extensi\u00f3n de su estilo de vida.<\/span><\/p><p><img decoding=\"async\" class=\"aligncenter size-full wp-image-172196\" src=\"https:\/\/www.yachtingnews.com\/wp-content\/uploads\/2026\/08\/prestige-f67.jpg\" alt=\"PRESTIGE f6.7\" width=\"928\" height=\"561\" srcset=\"https:\/\/www.yachtingnews.com\/wp-content\/uploads\/2026\/08\/prestige-f67.jpg 928w, https:\/\/www.yachtingnews.com\/wp-content\/uploads\/2026\/08\/prestige-f67-300x181.jpg 300w, https:\/\/www.yachtingnews.com\/wp-content\/uploads\/2026\/08\/prestige-f67-768x464.jpg 768w\" sizes=\"(max-width: 928px) 100vw, 928px\" \/><\/p><p><span style=\"font-weight: 400;\">\u00abEn los \u00faltimos a\u00f1os, <\/span><b>PRESTIGE<\/b><span style=\"font-weight: 400;\"> ha lanzado el <\/span><b>F4.3<\/b><span style=\"font-weight: 400;\">, <\/span><b>el F4.9<\/b><span style=\"font-weight: 400;\">y <\/span><b>F5.7<\/b><span style=\"font-weight: 400;\"> . Con el lanzamiento de la <\/span><b>F6.7<\/b><span style=\"font-weight: 400;\">, el astillero completa la nueva generaci\u00f3n de la <\/span><b>F-Line<\/b><span style=\"font-weight: 400;\">, y ahora ofrece una gama de flybridge totalmente renovada y coherente\u00bb, explica <\/span><b>Jean-Fran\u00e7ois Lair<\/b><span style=\"font-weight: 400;\">, director de marca de <\/span> <b>PRESTIGE<\/b><span style=\"font-weight: 400;\">. \u00ab<\/span><b>El F6.7<\/b><span style=\"font-weight: 400;\"> tambi\u00e9n responde a las expectativas cambiantes de los propietarios de hoy en d\u00eda, que buscan algo m\u00e1s que prestaciones o espacio: quieren un yate que refleje su estilo de vida, que les ofrezca comodidad, flexibilidad y un verdadero hogar en el mar.\u00bb<\/span><\/p><p><span style=\"font-weight: 400;\">Con <\/span><b>170 m\u00b2<\/b><span style=\"font-weight: 400;\"> de superficie habitable, el <\/span><b>F6.7<\/b><span style=\"font-weight: 400;\"> desarrolla el concepto de espacio a trav\u00e9s de una continuidad casi total entre el interior y el exterior. Las nuevas ventanas ampliadas del casco acent\u00faan la luminosidad y la relaci\u00f3n visual con el mar, mientras que las l\u00edneas exteriores, inspiradas en el movimiento del agua, le dan al yate un perfil elegante y contempor\u00e1neo.<\/span><\/p><p><img decoding=\"async\" class=\"aligncenter size-full wp-image-172197\" src=\"https:\/\/www.yachtingnews.com\/wp-content\/uploads\/2026\/08\/prestige-f67-1.jpg\" alt=\"PRESTIGE\" width=\"973\" height=\"547\" srcset=\"https:\/\/www.yachtingnews.com\/wp-content\/uploads\/2026\/08\/prestige-f67-1.jpg 973w, https:\/\/www.yachtingnews.com\/wp-content\/uploads\/2026\/08\/prestige-f67-1-300x169.jpg 300w, https:\/\/www.yachtingnews.com\/wp-content\/uploads\/2026\/08\/prestige-f67-1-768x432.jpg 768w\" sizes=\"(max-width: 973px) 100vw, 973px\" \/><\/p><p><span style=\"font-weight: 400;\">\u00ab<\/span><b>F6.7<\/b><span style=\"font-weight: 400;\"> refleja la excelencia de la marca en la creaci\u00f3n de yates intuitivos y refinados, fruto de a\u00f1os de experiencia y saber hacer de <\/span><b>PRESTIGE<\/b><span style=\"font-weight: 400;\">\u00bb, destaca <\/span><b>Cl\u00e9mence Cessou<\/b><span style=\"font-weight: 400;\">, directora de marketing del astillero. \u00abSus <\/span><b>170 metros cuadrados<\/b><span style=\"font-weight: 400;\"> de superficie habitable ofrecen distribuciones modulares, una circulaci\u00f3n fluida y una conexi\u00f3n continua con el mar, lo que crea una experiencia de vida a bordo realmente intuitiva. Las zonas exteriores se han dise\u00f1ado para ofrecer versatilidad y permitir a los invitados disfrutar del mar a cualquier hora del d\u00eda. En el interior, el propietario encuentra un ambiente refinado y la comodidad excepcional de un aut\u00e9ntico hogar sobre el agua.\u00bb<\/span><\/p><h3><b>Un flybridge a modo de terraza panor\u00e1mica<\/b><\/h3><p><span style=\"font-weight: 400;\">El <\/span><b>flybridge de 26 m\u00b2<\/b><span style=\"font-weight: 400;\"> flybridge de 26 m\u00b2 est\u00e1 pensado como una aut\u00e9ntica terraza panor\u00e1mica. Su dise\u00f1o modular te permite alternar entre momentos de convivencia y de relax, gracias a una amplia zona de sal\u00f3n, un comedor, una cocina al aire libre y diversas posibilidades de configuraci\u00f3n en la parte de popa.<\/span><\/p><p><img decoding=\"async\" class=\"aligncenter size-full wp-image-172198\" src=\"https:\/\/www.yachtingnews.com\/wp-content\/uploads\/2026\/08\/prestige-f67-flybridge.jpg\" alt=\"PRESTIGE-F67 Flybridge\" width=\"972\" height=\"648\" srcset=\"https:\/\/www.yachtingnews.com\/wp-content\/uploads\/2026\/08\/prestige-f67-flybridge.jpg 972w, https:\/\/www.yachtingnews.com\/wp-content\/uploads\/2026\/08\/prestige-f67-flybridge-300x200.jpg 300w, https:\/\/www.yachtingnews.com\/wp-content\/uploads\/2026\/08\/prestige-f67-flybridge-768x512.jpg 768w\" sizes=\"(max-width: 972px) 100vw, 972px\" \/><\/p><p><span style=\"font-weight: 400;\">La zona de la cubierta de proa tambi\u00e9n cobra un papel protagonista. Aqu\u00ed, <\/span><b>PRESTIGE<\/b><span style=\"font-weight: 400;\"> ha creado un rinc\u00f3n dedicado a la relajaci\u00f3n, con una gran tumbona, un toldo y asientos enfrentados. Un espacio dise\u00f1ado para acompa\u00f1arte en cada momento del d\u00eda, desde el desayuno hasta la navegaci\u00f3n, y hasta la puesta de sol.<\/span><\/p><p><span style=\"font-weight: 400;\">En popa, la cabina se extiende a lo largo de <\/span><b>dos<\/b><span style=\"font-weight: 400;\"> niveles y se convierte en una aut\u00e9ntica terraza sobre el mar. La amplia tumbona a nivel del agua esconde amplios compartimentos de almacenamiento para los juguetes acu\u00e1ticos, mientras que la terraza superior alberga una zona de comedor protegida. Como alternativa, la zona se puede configurar como un aut\u00e9ntico club de playa.<\/span><\/p> <h3><b>La cocina, el coraz\u00f3n de la vida a bordo<\/b><\/h3><p><span style=\"font-weight: 400;\">En la cubierta principal, que cuenta con <\/span><b>83 m\u00b2<\/b><span style=\"font-weight: 400;\">, la cocina adquiere un papel novedoso. La isla central, el coraz\u00f3n de la convivencia, est\u00e1 rodeada de grandes ventanales que conectan el sal\u00f3n, el comedor y la ba\u00f1era. Tambi\u00e9n hay disponible una configuraci\u00f3n alternativa con un banco a babor y una mesa plegable para adaptar los espacios a las necesidades del propietario.<\/span><\/p><p><img decoding=\"async\" class=\"aligncenter size-full wp-image-172199\" src=\"https:\/\/www.yachtingnews.com\/wp-content\/uploads\/2026\/08\/5aa91c29-5cfb-4dad-bff0-4c6ff39410f3.jpg\" alt=\"\" width=\"970\" height=\"560\" srcset=\"https:\/\/www.yachtingnews.com\/wp-content\/uploads\/2026\/08\/5aa91c29-5cfb-4dad-bff0-4c6ff39410f3.jpg 970w, https:\/\/www.yachtingnews.com\/wp-content\/uploads\/2026\/08\/5aa91c29-5cfb-4dad-bff0-4c6ff39410f3-300x173.jpg 300w, https:\/\/www.yachtingnews.com\/wp-content\/uploads\/2026\/08\/5aa91c29-5cfb-4dad-bff0-4c6ff39410f3-768x443.jpg 768w\" sizes=\"(max-width: 970px) 100vw, 970px\" \/><\/p><p><span style=\"font-weight: 400;\">La cubierta inferior est\u00e1 pensada para que disfrutes de tu intimidad. La distribuci\u00f3n est\u00e1ndar incluye <\/span><b>tres<\/b><span style=\"font-weight: 400;\"> camarotes, con la opci\u00f3n de a\u00f1adir un <\/span><b>cuarta<\/b><span style=\"font-weight: 400;\">, con capacidad para hasta <\/span><b>ocho<\/b><span style=\"font-weight: 400;\"> hu\u00e9spedes. La <\/span><b>suite del propietario, de 20 m\u00b2<\/b><span style=\"font-weight: 400;\"> suite del propietario ocupa la zona de proa y cuenta con acceso privado sin escalones, grandes ventanas panor\u00e1micas y un ba\u00f1o en suite. El camarote de la tripulaci\u00f3n para <\/span><b>dos<\/b><span style=\"font-weight: 400;\"> personas tiene acceso exterior independiente y conexi\u00f3n directa con la sala de m\u00e1quinas. Los materiales naturales, los tonos suaves, el rat\u00e1n, el terciopelo y las superficies refinadas contribuyen a crear un ambiente de lujo discreto, casi susurrado.<\/span><\/p><p><img decoding=\"async\" class=\"aligncenter size-full wp-image-172200\" src=\"https:\/\/www.yachtingnews.com\/wp-content\/uploads\/2026\/08\/prestige-f67-2.jpg\" alt=\"\" width=\"972\" height=\"456\" srcset=\"https:\/\/www.yachtingnews.com\/wp-content\/uploads\/2026\/08\/prestige-f67-2.jpg 972w, https:\/\/www.yachtingnews.com\/wp-content\/uploads\/2026\/08\/prestige-f67-2-300x141.jpg 300w, https:\/\/www.yachtingnews.com\/wp-content\/uploads\/2026\/08\/prestige-f67-2-768x360.jpg 768w\" sizes=\"(max-width: 972px) 100vw, 972px\" \/><\/p><p><span style=\"font-weight: 400;\">En cuanto a la tecnolog\u00eda, el yate se puede equipar con <\/span><b>modo silencioso<\/b><span style=\"font-weight: 400;\">, mientras que el <\/span><b>sistema SEANAPPS<\/b><span style=\"font-weight: 400;\"> permite supervisar y gestionar a distancia los sistemas de a bordo. El <\/span><b>suite de Garmin<\/b><span style=\"font-weight: 400;\"> integra la navegaci\u00f3n, la supervisi\u00f3n y las maniobras en una interfaz intuitiva.<\/span><\/p><h2><b>PRESTIGE M6: tu hogar en el mar en formato multicasco<\/b><\/h2><p><span style=\"font-weight: 400;\">El <\/span><b>segundo<\/b><span style=\"font-weight: 400;\"> estreno mundial de <\/span><b>PRESTIGE<\/b><span style=\"font-weight: 400;\"> en <\/span><b>Cannes<\/b><span style=\"font-weight: 400;\"> es la <\/span><b>M6<\/b><span style=\"font-weight: 400;\"> , una evoluci\u00f3n natural del <\/span><b>M48<\/b><span style=\"font-weight: 400;\"> que, en <\/span><b>2022<\/b><span style=\"font-weight: 400;\"> marc\u00f3 la entrada del astillero en el segmento de los multicascos a motor. El nuevo modelo surge directamente de la experiencia adquirida con el <\/span><b>los propietarios del M48<\/b><span style=\"font-weight: 400;\"> , recabando sus comentarios y sugerencias tras largos periodos a bordo.<\/span><\/p><p><img decoding=\"async\" class=\"aligncenter size-full wp-image-172202\" src=\"https:\/\/www.yachtingnews.com\/wp-content\/uploads\/2026\/08\/prestige-m6.jpg\" alt=\"PRESTIGE Cannes M6\" width=\"782\" height=\"537\" srcset=\"https:\/\/www.yachtingnews.com\/wp-content\/uploads\/2026\/08\/prestige-m6.jpg 782w, https:\/\/www.yachtingnews.com\/wp-content\/uploads\/2026\/08\/prestige-m6-300x206.jpg 300w, https:\/\/www.yachtingnews.com\/wp-content\/uploads\/2026\/08\/prestige-m6-768x527.jpg 768w\" sizes=\"(max-width: 782px) 100vw, 782px\" \/><\/p><p><span style=\"font-weight: 400;\">A <\/span><b>48 pies<\/b><span style=\"font-weight: 400;\">, el <\/span><b>M6<\/b><span style=\"font-weight: 400;\"> ofrece <\/span><b>110 m\u00b2<\/b><span style=\"font-weight: 400;\"> de superficie habitable, con una sensaci\u00f3n de amplitud comparable a la de un yate de unos <\/span><b>60 pies<\/b><span style=\"font-weight: 400;\">. Pero las dimensiones no son lo m\u00e1s importante del proyecto. <\/span><b>El M6<\/b><span style=\"font-weight: 400;\"> se dise\u00f1\u00f3 para estancias prolongadas a bordo, prestando especial atenci\u00f3n a la convivencia familiar, el espacio de almacenamiento y la facilidad de movimiento.<\/span><\/p><p><span style=\"font-weight: 400;\">La cocina, muy valorada en el <\/span><b>M48<\/b><span style=\"font-weight: 400;\">, sigue siendo el centro de la vida a bordo. Se han integrado espacios de almacenamiento pr\u00e1cticamente por todas partes, incluso debajo de los asientos, lo que aumenta la funcionalidad sin alterar la est\u00e9tica de los espacios.<\/span><\/p><p><img decoding=\"async\" class=\"aligncenter size-full wp-image-172203\" src=\"https:\/\/www.yachtingnews.com\/wp-content\/uploads\/2026\/08\/cf5ce538-55e2-4095-875c-75c0abe2323f.jpg\" alt=\"\" width=\"880\" height=\"540\" srcset=\"https:\/\/www.yachtingnews.com\/wp-content\/uploads\/2026\/08\/cf5ce538-55e2-4095-875c-75c0abe2323f.jpg 880w, https:\/\/www.yachtingnews.com\/wp-content\/uploads\/2026\/08\/cf5ce538-55e2-4095-875c-75c0abe2323f-300x184.jpg 300w, https:\/\/www.yachtingnews.com\/wp-content\/uploads\/2026\/08\/cf5ce538-55e2-4095-875c-75c0abe2323f-768x471.jpg 768w\" sizes=\"(max-width: 880px) 100vw, 880px\" \/><\/p><p><b>M6<\/b><span style=\"font-weight: 400;\"> mantiene el casco de probada eficacia del <\/span><b>M48<\/b><span style=\"font-weight: 400;\">, pero le da un aspecto totalmente renovado. Las nuevas l\u00edneas exteriores, el parabrisas integrado, los guardabarros redise\u00f1ados y la nueva l\u00ednea del techo crean un perfil m\u00e1s limpio y contempor\u00e1neo. La placa de acero con el <\/span><b>M6<\/b><span style=\"font-weight: 400;\"> se convierte en un elemento distintivo, mientras que el flybridge, los p\u00falpitos y las barandillas se han redise\u00f1ado seg\u00fan <\/span><b>PRESTIGE<\/b><span style=\"font-weight: 400;\">.<\/span><\/p><p><span style=\"font-weight: 400;\">Los <\/span><b>flybridge de 18 m\u00b2<\/b><span style=\"font-weight: 400;\"> es una terraza panor\u00e1mica dedicada al descanso. Las tumbonas incorporan compartimentos de almacenamiento, mientras que el mobiliario modular independiente aporta ligereza visual al espacio. Las formas redondeadas y los tonos suaves contribuyen a crear un ambiente acogedor, ideal para largas estancias fondeados y veladas en buena compa\u00f1\u00eda.<\/span><\/p><p><img decoding=\"async\" class=\"aligncenter size-full wp-image-172204\" src=\"https:\/\/www.yachtingnews.com\/wp-content\/uploads\/2026\/08\/prestige-cannes-m6-flybridge.jpg\" alt=\"PRESTIGE cannes\" width=\"882\" height=\"535\" srcset=\"https:\/\/www.yachtingnews.com\/wp-content\/uploads\/2026\/08\/prestige-cannes-m6-flybridge.jpg 882w, https:\/\/www.yachtingnews.com\/wp-content\/uploads\/2026\/08\/prestige-cannes-m6-flybridge-300x182.jpg 300w, https:\/\/www.yachtingnews.com\/wp-content\/uploads\/2026\/08\/prestige-cannes-m6-flybridge-768x466.jpg 768w\" sizes=\"(max-width: 882px) 100vw, 882px\" \/><\/p><h3><b>Interiores luminosos dise\u00f1ados para cruceros largos<\/b><\/h3><p><span style=\"font-weight: 400;\">En la cubierta principal, la luz natural entra por grandes ventanas en el casco que facilitan la ventilaci\u00f3n y refuerzan la conexi\u00f3n con el mar. La cocina, totalmente equipada, sigue siendo el centro de la vida cotidiana, mientras que los nuevos sof\u00e1s y una paleta de colores m\u00e1s suaves resaltan la elegancia discreta del interior.<\/span><\/p><p><span style=\"font-weight: 400;\">El camarote del propietario se ha redise\u00f1ado por completo y cuenta ahora con m\u00e1s armarios y soluciones de mobiliario integradas. Un sof\u00e1 y un escritorio completan el espacio, mientras que el ba\u00f1o en suite ofrece una distribuci\u00f3n m\u00e1s funcional y una ducha independiente.<\/span><\/p><p><img decoding=\"async\" class=\"aligncenter size-full wp-image-172205\" src=\"https:\/\/www.yachtingnews.com\/wp-content\/uploads\/2026\/08\/cf5ce538-55e2-4095-875c-75c0abe2323f-1.jpg\" alt=\"\" width=\"882\" height=\"535\" srcset=\"https:\/\/www.yachtingnews.com\/wp-content\/uploads\/2026\/08\/cf5ce538-55e2-4095-875c-75c0abe2323f-1.jpg 882w, https:\/\/www.yachtingnews.com\/wp-content\/uploads\/2026\/08\/cf5ce538-55e2-4095-875c-75c0abe2323f-1-300x182.jpg 300w, https:\/\/www.yachtingnews.com\/wp-content\/uploads\/2026\/08\/cf5ce538-55e2-4095-875c-75c0abe2323f-1-768x466.jpg 768w\" sizes=\"(max-width: 882px) 100vw, 882px\" \/><\/p><p><b>M6<\/b><span style=\"font-weight: 400;\"> est\u00e1 disponible con <\/span><b>tres<\/b><span style=\"font-weight: 400;\"> o <\/span><b>cuatro<\/b><span style=\"font-weight: 400;\"> camarotes y tiene capacidad para hasta <\/span><b>ocho<\/b><span style=\"font-weight: 400;\"> hu\u00e9spedes. El <\/span><b>distribuci\u00f3n de tres camarotes<\/b><span style=\"font-weight: 400;\"> es especialmente recomendable para traves\u00edas largas, gracias a una distribuci\u00f3n optimizada del espacio.<\/span><\/p><p><span style=\"font-weight: 400;\">El yate cuenta con <\/span><b>dos motores Volvo D6 de 380 HP<\/b><span style=\"font-weight: 400;\"> con <\/span><b>transmisi\u00f3n V-Drive<\/b><span style=\"font-weight: 400;\"> . La nueva configuraci\u00f3n ofrece un buen rendimiento a reg\u00edmenes m\u00e1s bajos, lo que aporta ventajas en cuanto a autonom\u00eda, vibraciones y niveles de ruido. El resultado es un yate pensado para que sea f\u00e1cil de usar: cada elemento, desde la distribuci\u00f3n del espacio hasta las zonas de almacenamiento, se ha dise\u00f1ado para que la vida en el mar sea m\u00e1s natural.<\/span><\/p><h2><b>PRESTIGE M8 EVO: el buque insignia de los multicascos evoluciona<\/b><\/h2><p><span style=\"font-weight: 400;\">Por fin, con el nuevo <\/span><b>M8 EVO<\/b><span style=\"font-weight: 400;\">, <\/span><b>PRESTIGE<\/b><span style=\"font-weight: 400;\"> actualiza su modelo estrella de la <\/span><b>M-Line<\/b><span style=\"font-weight: 400;\"> y da un paso m\u00e1s en la visi\u00f3n que inaugur\u00f3 el <\/span><b>M48<\/b><span style=\"font-weight: 400;\"> y que luego se desarroll\u00f3 con el <\/span><b>M7<\/b><span style=\"font-weight: 400;\"> y <\/span><b>M8<\/b><span style=\"font-weight: 400;\">. El dise\u00f1o de doble casco permite una manga, una estabilidad y unos vol\u00famenes considerables, caracter\u00edsticos de yates m\u00e1s grandes.<\/span><\/p><p><img decoding=\"async\" class=\"aligncenter size-full wp-image-172206\" src=\"https:\/\/www.yachtingnews.com\/wp-content\/uploads\/2026\/08\/prestige-m8-evo.jpg\" alt=\"PRESTIGE M8\" width=\"779\" height=\"401\" srcset=\"https:\/\/www.yachtingnews.com\/wp-content\/uploads\/2026\/08\/prestige-m8-evo.jpg 779w, https:\/\/www.yachtingnews.com\/wp-content\/uploads\/2026\/08\/prestige-m8-evo-300x154.jpg 300w, https:\/\/www.yachtingnews.com\/wp-content\/uploads\/2026\/08\/prestige-m8-evo-768x395.jpg 768w\" sizes=\"(max-width: 779px) 100vw, 779px\" \/><\/p><p><span style=\"font-weight: 400;\">El perfil se ha actualizado hasta <\/span><b>tres<\/b><span style=\"font-weight: 400;\"> elementos principales: nuevas ventanas en el casco, una elegante placa negra redise\u00f1ada y un techo r\u00edgido totalmente renovado. El resultado es una silueta m\u00e1s armoniosa y aerodin\u00e1mica, que combina la elegancia de un yate a motor tradicional con las ventajas de una plataforma multicasco.<\/span><\/p><p><span style=\"font-weight: 400;\">La arquitectura de doble casco se dise\u00f1\u00f3 espec\u00edficamente para un yate a motor. La mayor estabilidad, tanto en navegaci\u00f3n como fondeado, reduce el balanceo y mejora la comodidad en distintas condiciones del mar. La optimizaci\u00f3n del casco tambi\u00e9n ayuda a contener el consumo de combustible y <\/span><b>las emisiones de CO\u2082<\/b><span style=\"font-weight: 400;\"> en comparaci\u00f3n con un monocascos de volumen equivalente. A esto se suman materiales de menor impacto medioambiental, como maderas de origen responsable, cuero curtido vegetal y acabados ecol\u00f3gicos.<\/span><\/p><p><img decoding=\"async\" class=\"aligncenter size-full wp-image-172207\" src=\"https:\/\/www.yachtingnews.com\/wp-content\/uploads\/2026\/08\/4988c893-648f-429e-90de-c0cd9dc2931c.jpg\" alt=\"PRESTIGE cannes\" width=\"882\" height=\"449\" srcset=\"https:\/\/www.yachtingnews.com\/wp-content\/uploads\/2026\/08\/4988c893-648f-429e-90de-c0cd9dc2931c.jpg 882w, https:\/\/www.yachtingnews.com\/wp-content\/uploads\/2026\/08\/4988c893-648f-429e-90de-c0cd9dc2931c-300x153.jpg 300w, https:\/\/www.yachtingnews.com\/wp-content\/uploads\/2026\/08\/4988c893-648f-429e-90de-c0cd9dc2931c-768x391.jpg 768w\" sizes=\"(max-width: 882px) 100vw, 882px\" \/><\/p><p><span style=\"font-weight: 400;\">El paquete opcional <\/span><b>paquete \u00abSilent Mode\u00bb<\/b><span style=\"font-weight: 400;\"> , junto con una gesti\u00f3n energ\u00e9tica optimizada y paneles solares, permite estancias prolongadas fondeados, al tiempo que reduce el ruido, las vibraciones y las emisiones directas.<\/span><\/p><h3><b>Una nueva forma de disfrutar del flybridge<\/b><\/h3><p><span style=\"font-weight: 400;\">El flybridge del<\/span><a href=\"https:\/\/www.yachtingnews.com\/es\/prestige-m8-evo-prueba-en-el-mar\/\"> M8 EVO<\/a><span style=\"font-weight: 400;\"> se ha redise\u00f1ado por completo y ahora ocupa toda la manga del yate. Al eliminar la escalera interior y modificar los soportes del techo r\u00edgido, se ampl\u00eda la sensaci\u00f3n de espacio y se hace m\u00e1s fluido el paso de un espacio a otro. El resultado es un aut\u00e9ntico espacio de estar al aire libre, ba\u00f1ado por la luz natural y con unas vistas panor\u00e1micas sin obst\u00e1culos. La zona de popa, m\u00e1s di\u00e1fana, se puede configurar seg\u00fan las necesidades del propietario. La ba\u00f1era sigue siendo una de las zonas m\u00e1s espectaculares del yate: una gran terraza sobre el mar que establece una relaci\u00f3n directa con el agua.<\/span><\/p><p><img decoding=\"async\" class=\"aligncenter size-full wp-image-172208\" src=\"https:\/\/www.yachtingnews.com\/wp-content\/uploads\/2026\/08\/prestige-m8-evo-flybridge.jpg\" alt=\"\" width=\"828\" height=\"489\" srcset=\"https:\/\/www.yachtingnews.com\/wp-content\/uploads\/2026\/08\/prestige-m8-evo-flybridge.jpg 828w, https:\/\/www.yachtingnews.com\/wp-content\/uploads\/2026\/08\/prestige-m8-evo-flybridge-300x177.jpg 300w, https:\/\/www.yachtingnews.com\/wp-content\/uploads\/2026\/08\/prestige-m8-evo-flybridge-768x454.jpg 768w\" sizes=\"(max-width: 828px) 100vw, 828px\" \/><\/p><h3><b>La cubierta principal y la suite del armador<\/b><\/h3><p><span style=\"font-weight: 400;\">El interior tambi\u00e9n se ha redise\u00f1ado para combinar la convivencia y la privacidad. La nueva cocina, situada junto al puesto de mando, incorpora un comedor con barra, que se ha ampliado y desplazado a estribor. Todo fluye con naturalidad hacia el sal\u00f3n, lo que fomenta la convivencia al tiempo que permite un servicio discreto. Las grandes ventanas panor\u00e1micas iluminan el interior durante todo el d\u00eda, mientras que los suelos a ras y los pasillos continuos acent\u00faan la sensaci\u00f3n de amplitud.<\/span><\/p><p><span style=\"font-weight: 400;\">La suite del propietario, que ocupa toda la manga, es uno de los aspectos m\u00e1s destacados del <\/span><b>M8 EVO<\/b><span style=\"font-weight: 400;\">. El nuevo vestidor est\u00e1 organizado en <\/span><b>dos<\/b><span style=\"font-weight: 400;\"> zonas personales, mientras que un espacio de trabajo y una zona de descanso crean una transici\u00f3n natural entre el dormitorio y el ba\u00f1o. Un ambiente que <\/span><b>PRESTIGE<\/b><span style=\"font-weight: 400;\"> interpreta como un \u00ab\u00e1tico frente al mar\u00bb.<\/span><\/p><p><img decoding=\"async\" class=\"aligncenter size-full wp-image-172209\" src=\"https:\/\/www.yachtingnews.com\/wp-content\/uploads\/2026\/08\/4988c893-648f-429e-90de-c0cd9dc2931c-1.jpg\" alt=\"Prestige M8 Evo  \" width=\"882\" height=\"523\" srcset=\"https:\/\/www.yachtingnews.com\/wp-content\/uploads\/2026\/08\/4988c893-648f-429e-90de-c0cd9dc2931c-1.jpg 882w, https:\/\/www.yachtingnews.com\/wp-content\/uploads\/2026\/08\/4988c893-648f-429e-90de-c0cd9dc2931c-1-300x178.jpg 300w, https:\/\/www.yachtingnews.com\/wp-content\/uploads\/2026\/08\/4988c893-648f-429e-90de-c0cd9dc2931c-1-768x455.jpg 768w\" sizes=\"(max-width: 882px) 100vw, 882px\" \/><\/p><p><span style=\"font-weight: 400;\">La personalizaci\u00f3n es otra de sus caracter\u00edsticas distintivas. Se pueden combinar configuraciones, distribuciones y acabados para crear un yate que se adapte al estilo de vida de cada propietario.<\/span><\/p><p><span style=\"font-weight: 400;\">El dise\u00f1o interior se inspira en la arquitectura modernista, reinterpret\u00e1ndola con un toque contempor\u00e1neo. Los tonos naturales, los azules intensos, las formas puras y los materiales cuidadosamente seleccionados crean un ambiente elegante y acogedor. \u00abCon el <\/span><b>M8 EVO<\/b><span style=\"font-weight: 400;\">, quer\u00edamos crear un ambiente m\u00e1s \u00edntimo y acogedor, donde la inspiraci\u00f3n modernista se fusionara con una reinterpretaci\u00f3n contempor\u00e1nea del <\/span><b>glamour del Art D\u00e9co<\/b><span style=\"font-weight: 400;\"> \u00bb, explica la dise\u00f1adora de interiores <\/span><b>Valentina Motta<\/b><span style=\"font-weight: 400;\">. \u00abLa pureza de las formas, combinada con materiales naturales c\u00e1lidos y tonos intensos, deja a los propietarios margen para dar un toque verdaderamente personal a su yate.\u00bb<\/span><\/p><h2><b>Conclusiones<\/b><\/h2><p><span style=\"font-weight: 400;\">La presencia de <\/span><b>PRESTIGE<\/b><span style=\"font-weight: 400;\"> en el <\/span><b>Cannes Yachting Festival 2026<\/b><span style=\"font-weight: 400;\"> tiene un significado que va m\u00e1s all\u00e1 de la simple presentaci\u00f3n de <\/span><b>tres<\/b><span style=\"font-weight: 400;\"> nuevos modelos. <\/span><b>F6.7<\/b><span style=\"font-weight: 400;\">, <\/span><b>M6<\/b><span style=\"font-weight: 400;\">y <\/span><b>M8 EVO<\/b><span style=\"font-weight: 400;\"> representan <\/span><b>tres<\/b><span style=\"font-weight: 400;\"> interpretaciones complementarias del mismo concepto de navegaci\u00f3n: disfrutar del mar con mayor libertad, comodidad y naturalidad.<\/span><\/p><ul><li><b>F6.7<\/b><span style=\"font-weight: 400;\"> mejora la <\/span><b>F-Line<\/b><span style=\"font-weight: 400;\"> a su m\u00e1ximo esplendor, convirtiendo el yate con flybridge en un aut\u00e9ntico hogar contempor\u00e1neo en el mar.<\/span><\/li><li><b>El M6<\/b><span style=\"font-weight: 400;\"> consolida la visi\u00f3n de los multicascos de <\/span><b>PRESTIGE<\/b><span style=\"font-weight: 400;\"> a trav\u00e9s de una plataforma compacta, pero sorprendentemente espaciosa, dise\u00f1ada para largas traves\u00edas.<\/span><\/li><li><b>El M8 EVO<\/b><span style=\"font-weight: 400;\"> evoluciona el buque insignia de la <\/span><b>M-Line<\/b><span style=\"font-weight: 400;\"> con mayor amplitud, personalizaci\u00f3n y refinamiento.<\/span><\/li><\/ul><p><b>Tres<\/b><span style=\"font-weight: 400;\"> estrenos mundiales en el mismo evento son un hito importante. Y, sobre todo, son la confirmaci\u00f3n de una estrategia: <\/span><b>PRESTIGE<\/b><span style=\"font-weight: 400;\"> pretende seguir redefiniendo el concepto de vida a bordo, poniendo en el centro no solo el yate, sino la experiencia de vivirlo.<\/span><\/p><h2><b>PRESTIGE en Cannes 2026 \u2013 Preguntas frecuentes<\/b><\/h2>\t\t\t\t\t\t\t\t<\/div>\n\t\t\t\t<\/div>\n\t\t\t\t<div class=\"elementor-element elementor-element-df909d8 elementor-grid-1 elementor-grid-tablet-2 elementor-grid-mobile-1 elementor-widget elementor-widget-uael-faq\" data-id=\"df909d8\" data-element_type=\"widget\" data-e-type=\"widget\" data-widget_type=\"uael-faq.default\">\n\t\t\t\t<div class=\"elementor-widget-container\">\n\t\t\t\t\t\n\t\t\t<div id='uael-faq-wrapper-234' class=\"uael-faq-wrapper\">\n\t\t\t\t<div class=\"uael-faq-container uael-faq-layout-grid elementor-grid\" >\n\t\t\t\t\t\t\t\t\t\t\t\t<div id=\"uael-accordion-f2f9106\" class=\"uael-faq-accordion elementor-grid-item\" role=\"tablist\">\n\t\t\t\t\t\t\t\t<div class= \"uael-accordion-title\" aria-expanded=\"false\" role=\"tab\">\n\t\t\t\t\t\t\t\t\t<span class=\"uael-accordion-icon uael-accordion-icon-\">\n\t\t\t\t\t\t\t\t\t\t<span class=\"uael-accordion-icon-closed\"><\/span>\n\t\t\t\t\t\t\t\t\t\t<span class=\"uael-accordion-icon-opened\"><\/span>\n\t\t\t\t\t\t\t\t\t<\/span>\n\t\t\t\t\t\t\t\t\t<h3 class=\"uael-question-f2f9106 uael-question-span\" tabindex=\"0\" id=\"uael-faq-1-6a95d6a7069d0\">\u00bfCu\u00e1les son los tres nuevos modelos de Prestige que se presentaron en el Cannes Yachting Festival de 2026?<\/h3>\n\t\t\t\t\t\t\t\t<\/div>\n\t\t\t\t\t\t\t\t<div class=\"uael-accordion-content\" role=\"tabpanel\">\n\t\t\t\t\t\t\t\t\t<span>\n\t\t\t\t\t\t\t\t\t<span><p>PRESTIGE presenta el estreno mundial de los modelos F6.7, M6 y M8 EVO, tres modelos que representan la evoluci\u00f3n de las gamas F-Line y M-Line.<\/p><\/span>\t\t\t\t\t\t\t\t\t<\/span>\n\t\t\t\t\t\t\t\t<\/div>\n\t\t\t\t\t\t\t<\/div>\n\t\t\t\t\t\t\t\t\t\t\t\t\t\t<div id=\"uael-accordion-5b10133\" class=\"uael-faq-accordion elementor-grid-item\" role=\"tablist\">\n\t\t\t\t\t\t\t\t<div class= \"uael-accordion-title\" aria-expanded=\"false\" role=\"tab\">\n\t\t\t\t\t\t\t\t\t<span class=\"uael-accordion-icon uael-accordion-icon-\">\n\t\t\t\t\t\t\t\t\t\t<span class=\"uael-accordion-icon-closed\"><\/span>\n\t\t\t\t\t\t\t\t\t\t<span class=\"uael-accordion-icon-opened\"><\/span>\n\t\t\t\t\t\t\t\t\t<\/span>\n\t\t\t\t\t\t\t\t\t<h3 class=\"uael-question-5b10133 uael-question-span\" tabindex=\"0\" id=\"uael-faq-2-6a95d6a7069e9\">\u00bfCu\u00e1les son las principales caracter\u00edsticas del PRESTIGE F6.7?<\/h3>\n\t\t\t\t\t\t\t\t<\/div>\n\t\t\t\t\t\t\t\t<div class=\"uael-accordion-content\" role=\"tabpanel\">\n\t\t\t\t\t\t\t\t\t<span>\n\t\t\t\t\t\t\t\t\t<span><p>El F6.7 es el nuevo buque insignia de la gama F-Line y ofrece 170 m\u00b2 de superficie habitable, un flybridge de 26 m\u00b2, amplios espacios al aire libre y una distribuci\u00f3n interior con hasta cuatro camarotes y capacidad para ocho invitados.<\/p><\/span>\t\t\t\t\t\t\t\t\t<\/span>\n\t\t\t\t\t\t\t\t<\/div>\n\t\t\t\t\t\t\t<\/div>\n\t\t\t\t\t\t\t\t\t\t\t\t\t\t<div id=\"uael-accordion-2dc1bf1\" class=\"uael-faq-accordion elementor-grid-item\" role=\"tablist\">\n\t\t\t\t\t\t\t\t<div class= \"uael-accordion-title\" aria-expanded=\"false\" role=\"tab\">\n\t\t\t\t\t\t\t\t\t<span class=\"uael-accordion-icon uael-accordion-icon-\">\n\t\t\t\t\t\t\t\t\t\t<span class=\"uael-accordion-icon-closed\"><\/span>\n\t\t\t\t\t\t\t\t\t\t<span class=\"uael-accordion-icon-opened\"><\/span>\n\t\t\t\t\t\t\t\t\t<\/span>\n\t\t\t\t\t\t\t\t\t<h3 class=\"uael-question-2dc1bf1 uael-question-span\" tabindex=\"0\" id=\"uael-faq-3-6a95d6a7069f9\">\u00bfA cu\u00e1ntas personas puede acoger el PRESTIGE M6?<\/h3>\n\t\t\t\t\t\t\t\t<\/div>\n\t\t\t\t\t\t\t\t<div class=\"uael-accordion-content\" role=\"tabpanel\">\n\t\t\t\t\t\t\t\t\t<span>\n\t\t\t\t\t\t\t\t\t<span><p>El M6 tiene capacidad para hasta ocho personas y est\u00e1 disponible con tres o cuatro camarotes. La configuraci\u00f3n de tres camarotes es especialmente recomendable para traves\u00edas largas.<\/p><\/span>\t\t\t\t\t\t\t\t\t<\/span>\n\t\t\t\t\t\t\t\t<\/div>\n\t\t\t\t\t\t\t<\/div>\n\t\t\t\t\t\t\t\t\t\t\t\t\t\t<div id=\"uael-accordion-4c6ac3d\" class=\"uael-faq-accordion elementor-grid-item\" role=\"tablist\">\n\t\t\t\t\t\t\t\t<div class= \"uael-accordion-title\" aria-expanded=\"false\" role=\"tab\">\n\t\t\t\t\t\t\t\t\t<span class=\"uael-accordion-icon uael-accordion-icon-\">\n\t\t\t\t\t\t\t\t\t\t<span class=\"uael-accordion-icon-closed\"><\/span>\n\t\t\t\t\t\t\t\t\t\t<span class=\"uael-accordion-icon-opened\"><\/span>\n\t\t\t\t\t\t\t\t\t<\/span>\n\t\t\t\t\t\t\t\t\t<h3 class=\"uael-question-4c6ac3d uael-question-span\" tabindex=\"0\" id=\"uael-faq-4-6a95d6a706a06\">\u00bfCu\u00e1les son las principales novedades del PRESTIGE M8 EVO?<\/h3>\n\t\t\t\t\t\t\t\t<\/div>\n\t\t\t\t\t\t\t\t<div class=\"uael-accordion-content\" role=\"tabpanel\">\n\t\t\t\t\t\t\t\t\t<span>\n\t\t\t\t\t\t\t\t\t<span><p>El M8 EVO presenta un flybridge que ocupa toda la anchura del yate, nuevas ventanas en el casco, un techo r\u00edgido redise\u00f1ado y un camarote principal que ocupa toda la anchura. El dise\u00f1o tambi\u00e9n destaca por su personalizaci\u00f3n, luminosidad y continuidad espacial.<\/p><\/span>\t\t\t\t\t\t\t\t\t<\/span>\n\t\t\t\t\t\t\t\t<\/div>\n\t\t\t\t\t\t\t<\/div>\n\t\t\t\t\t\t\t\t\t\t\t<\/div>\n\t\t\t<\/div>\n\t\t\t\t\t\t\t<\/div>\n\t\t\t\t<\/div>\n\t\t\t\t<div class=\"elementor-element elementor-element-1d4d14c elementor-widget elementor-widget-text-editor\" data-id=\"1d4d14c\" data-element_type=\"widget\" data-e-type=\"widget\" data-widget_type=\"text-editor.default\">\n\t\t\t\t<div class=\"elementor-widget-container\">\n\t\t\t\t\t\t\t\t\t<h2><b>Fuentes y referencias<\/b><\/h2><table><thead><tr><th>Fuente<\/th><th>Descripci\u00f3n y contenido proporcionado<\/th><\/tr><\/thead><tbody><tr><td><a href=\"https:\/\/www.prestige-yachts.com\/\" target=\"_blank\" rel=\"noopener\">PRESTIGE YACHTS<\/a><\/td><td>Datos oficiales sobre los modelos F6.7, M6 y M8 EVO, caracter\u00edsticas de dise\u00f1o, configuraciones, superficies, opciones de motor y tecnolog\u00edas a bordo.<\/td><\/tr><tr><td><a href=\"https:\/\/www.cannesyachtingfestival.com\/\" target=\"_blank\" rel=\"noopener\">Cannes Yachting Festival<\/a><\/td><td>Informaci\u00f3n sobre la edici\u00f3n de 2026 del sal\u00f3n y la presentaci\u00f3n en primicia mundial de los tres nuevos modelos de PRESTIGE.<\/td><\/tr><\/tbody><\/table>\t\t\t\t\t\t\t\t<\/div>\n\t\t\t\t<\/div>\n\t\t\t\t\t<\/div>\n\t\t<\/div>\n\t\t\t\t\t<\/div>\n\t\t<\/section>\n\t\t\t\t<\/div>\n\t\t","protected":false},"excerpt":{"rendered":"<p>El a\u00f1o 2026 marca un hito especialmente importante en la historia de PRESTIGE. En el Cannes Yachting Festival, que tendr\u00e1 lugar del del 8 al 13 de septiembre, el astillero franc\u00e9s presenta nada menos que tres nuevos modelos en primicia mundial: F6.7, M6y M8 EVO. Un estreno colectivo en un \u00fanico evento que deja claro [&hellip;]<\/p>\n","protected":false},"author":45,"featured_media":172230,"comment_status":"open","ping_status":"closed","sticky":false,"template":"","format":"standard","meta":{"_mo_disable_npp":"","footnotes":""},"categories":[2117,2119,2133,2100],"tags":[2221],"class_list":["post-172229","post","type-post","status-publish","format-standard","has-post-thumbnail","hentry","category-boat-shows","category-cannes-yachting-festival-boat-shows","category-catamaranes-y-multicascos","category-noticias-nauticas","tag-prestige-yachts-es"],"yoast_head":"<!-- This site is optimized with the Yoast SEO plugin v28.3 - https:\/\/yoast.com\/product\/yoast-seo-wordpress\/ -->\n<title>PRESTIGE en Cannes 2026: tres estrenos mundiales en un mismo evento - Yachting News<\/title>\n<meta name=\"description\" content=\"PRESTIGE presenta el estreno mundial de los modelos F6.7, M6 y M8 EVO, tres modelos que representan la evoluci\u00f3n de las gamas F-Line y M-Line.\" \/>\n<meta name=\"robots\" content=\"index, follow, max-snippet:-1, max-image-preview:large, max-video-preview:-1\" \/>\n<link rel=\"canonical\" href=\"https:\/\/www.yachtingnews.com\/es\/prestige-cannes-2026-informacion\/\" \/>\n<meta property=\"og:locale\" content=\"es_ES\" \/>\n<meta property=\"og:type\" content=\"article\" \/>\n<meta property=\"og:title\" content=\"PRESTIGE en Cannes 2026: tres estrenos mundiales en un mismo evento - Yachting News\" \/>\n<meta property=\"og:description\" content=\"PRESTIGE presenta el estreno mundial de los modelos F6.7, M6 y M8 EVO, tres modelos que representan la evoluci\u00f3n de las gamas F-Line y M-Line.\" \/>\n<meta property=\"og:url\" content=\"https:\/\/www.yachtingnews.com\/es\/prestige-cannes-2026-informacion\/\" \/>\n<meta property=\"og:site_name\" content=\"Yachting News\" \/>\n<meta property=\"article:publisher\" content=\"https:\/\/www.facebook.com\/TheInternationalYachtingMedia\" \/>\n<meta property=\"article:published_time\" content=\"2026-08-30T17:30:05+00:00\" \/>\n<meta property=\"article:modified_time\" content=\"2026-08-31T17:32:04+00:00\" \/>\n<meta property=\"og:image\" content=\"https:\/\/www.yachtingnews.com\/wp-content\/uploads\/2026\/08\/prestige-cannes26.jpg\" \/>\n\t<meta property=\"og:image:width\" content=\"1400\" \/>\n\t<meta property=\"og:image:height\" content=\"787\" \/>\n\t<meta property=\"og:image:type\" content=\"image\/jpeg\" \/>\n<meta name=\"author\" content=\"Alessandro Giuzio\" \/>\n<meta name=\"twitter:card\" content=\"summary_large_image\" \/>\n<meta name=\"twitter:creator\" content=\"@YachtingMedia\" \/>\n<meta name=\"twitter:site\" content=\"@YachtingMedia\" \/>\n<meta name=\"twitter:label1\" content=\"Escrito por\" \/>\n\t<meta name=\"twitter:data1\" content=\"Alessandro Giuzio\" \/>\n\t<meta name=\"twitter:label2\" content=\"Tiempo de lectura\" \/>\n\t<meta name=\"twitter:data2\" content=\"13 minutos\" \/>\n<script type=\"application\/ld+json\" class=\"yoast-schema-graph\">{\"@context\":\"https:\\\/\\\/schema.org\",\"@graph\":[{\"@type\":\"Article\",\"@id\":\"https:\\\/\\\/www.yachtingnews.com\\\/es\\\/prestige-cannes-2026-informacion\\\/#article\",\"isPartOf\":{\"@id\":\"https:\\\/\\\/www.yachtingnews.com\\\/es\\\/prestige-cannes-2026-informacion\\\/\"},\"author\":{\"name\":\"Alessandro Giuzio\",\"@id\":\"https:\\\/\\\/www.yachtingnews.com\\\/es\\\/#\\\/schema\\\/person\\\/d2e99eb1c7ce9e28a78d15e3d5d68eb3\"},\"headline\":\"PRESTIGE en Cannes 2026: tres estrenos mundiales en un mismo evento\",\"datePublished\":\"2026-08-30T17:30:05+00:00\",\"dateModified\":\"2026-08-31T17:32:04+00:00\",\"mainEntityOfPage\":{\"@id\":\"https:\\\/\\\/www.yachtingnews.com\\\/es\\\/prestige-cannes-2026-informacion\\\/\"},\"wordCount\":2542,\"commentCount\":0,\"publisher\":{\"@id\":\"https:\\\/\\\/www.yachtingnews.com\\\/es\\\/#organization\"},\"image\":{\"@id\":\"https:\\\/\\\/www.yachtingnews.com\\\/es\\\/prestige-cannes-2026-informacion\\\/#primaryimage\"},\"thumbnailUrl\":\"https:\\\/\\\/www.yachtingnews.com\\\/wp-content\\\/uploads\\\/2026\\\/08\\\/prestige-cannes26.jpg\",\"keywords\":[\"Prestige Yachts\"],\"articleSection\":[\"BOAT SHOWS\",\"Cannes Yachting Festival\",\"Catamaranes y multicascos\",\"Noticias\"],\"inLanguage\":\"es\",\"potentialAction\":[{\"@type\":\"CommentAction\",\"name\":\"Comment\",\"target\":[\"https:\\\/\\\/www.yachtingnews.com\\\/es\\\/prestige-cannes-2026-informacion\\\/#respond\"]}]},{\"@type\":\"WebPage\",\"@id\":\"https:\\\/\\\/www.yachtingnews.com\\\/es\\\/prestige-cannes-2026-informacion\\\/\",\"url\":\"https:\\\/\\\/www.yachtingnews.com\\\/es\\\/prestige-cannes-2026-informacion\\\/\",\"name\":\"PRESTIGE en Cannes 2026: tres estrenos mundiales en un mismo evento - Yachting News\",\"isPartOf\":{\"@id\":\"https:\\\/\\\/www.yachtingnews.com\\\/es\\\/#website\"},\"primaryImageOfPage\":{\"@id\":\"https:\\\/\\\/www.yachtingnews.com\\\/es\\\/prestige-cannes-2026-informacion\\\/#primaryimage\"},\"image\":{\"@id\":\"https:\\\/\\\/www.yachtingnews.com\\\/es\\\/prestige-cannes-2026-informacion\\\/#primaryimage\"},\"thumbnailUrl\":\"https:\\\/\\\/www.yachtingnews.com\\\/wp-content\\\/uploads\\\/2026\\\/08\\\/prestige-cannes26.jpg\",\"datePublished\":\"2026-08-30T17:30:05+00:00\",\"dateModified\":\"2026-08-31T17:32:04+00:00\",\"description\":\"PRESTIGE presenta el estreno mundial de los modelos F6.7, M6 y M8 EVO, tres modelos que representan la evoluci\u00f3n de las gamas F-Line y M-Line.\",\"breadcrumb\":{\"@id\":\"https:\\\/\\\/www.yachtingnews.com\\\/es\\\/prestige-cannes-2026-informacion\\\/#breadcrumb\"},\"inLanguage\":\"es\",\"potentialAction\":[{\"@type\":\"ReadAction\",\"target\":[\"https:\\\/\\\/www.yachtingnews.com\\\/es\\\/prestige-cannes-2026-informacion\\\/\"]}]},{\"@type\":\"ImageObject\",\"inLanguage\":\"es\",\"@id\":\"https:\\\/\\\/www.yachtingnews.com\\\/es\\\/prestige-cannes-2026-informacion\\\/#primaryimage\",\"url\":\"https:\\\/\\\/www.yachtingnews.com\\\/wp-content\\\/uploads\\\/2026\\\/08\\\/prestige-cannes26.jpg\",\"contentUrl\":\"https:\\\/\\\/www.yachtingnews.com\\\/wp-content\\\/uploads\\\/2026\\\/08\\\/prestige-cannes26.jpg\",\"width\":1400,\"height\":787,\"caption\":\"PRESTIGE Cannes 2026\"},{\"@type\":\"BreadcrumbList\",\"@id\":\"https:\\\/\\\/www.yachtingnews.com\\\/es\\\/prestige-cannes-2026-informacion\\\/#breadcrumb\",\"itemListElement\":[{\"@type\":\"ListItem\",\"position\":1,\"name\":\"Home\",\"item\":\"https:\\\/\\\/www.yachtingnews.com\\\/es\\\/yachting-news-2\\\/\"},{\"@type\":\"ListItem\",\"position\":2,\"name\":\"PRESTIGE en Cannes 2026: tres estrenos mundiales en un mismo evento\"}]},{\"@type\":\"WebSite\",\"@id\":\"https:\\\/\\\/www.yachtingnews.com\\\/es\\\/#website\",\"url\":\"https:\\\/\\\/www.yachtingnews.com\\\/es\\\/\",\"name\":\"Yachting News\",\"description\":\"The International Yachting Media\",\"publisher\":{\"@id\":\"https:\\\/\\\/www.yachtingnews.com\\\/es\\\/#organization\"},\"potentialAction\":[{\"@type\":\"SearchAction\",\"target\":{\"@type\":\"EntryPoint\",\"urlTemplate\":\"https:\\\/\\\/www.yachtingnews.com\\\/es\\\/?s={search_term_string}\"},\"query-input\":{\"@type\":\"PropertyValueSpecification\",\"valueRequired\":true,\"valueName\":\"search_term_string\"}}],\"inLanguage\":\"es\"},{\"@type\":\"Organization\",\"@id\":\"https:\\\/\\\/www.yachtingnews.com\\\/es\\\/#organization\",\"name\":\"Yachting News\",\"url\":\"https:\\\/\\\/www.yachtingnews.com\\\/es\\\/\",\"logo\":{\"@type\":\"ImageObject\",\"inLanguage\":\"es\",\"@id\":\"https:\\\/\\\/www.yachtingnews.com\\\/es\\\/#\\\/schema\\\/logo\\\/image\\\/\",\"url\":\"https:\\\/\\\/www.yachtingnews.com\\\/wp-content\\\/uploads\\\/2023\\\/02\\\/LOGO-Yachting-NEWS-blu-800.png\",\"contentUrl\":\"https:\\\/\\\/www.yachtingnews.com\\\/wp-content\\\/uploads\\\/2023\\\/02\\\/LOGO-Yachting-NEWS-blu-800.png\",\"width\":790,\"height\":99,\"caption\":\"Yachting News\"},\"image\":{\"@id\":\"https:\\\/\\\/www.yachtingnews.com\\\/es\\\/#\\\/schema\\\/logo\\\/image\\\/\"},\"sameAs\":[\"https:\\\/\\\/www.facebook.com\\\/TheInternationalYachtingMedia\",\"https:\\\/\\\/x.com\\\/YachtingMedia\",\"https:\\\/\\\/www.instagram.com\\\/yachting.news\\\/\",\"https:\\\/\\\/www.linkedin.com\\\/company\\\/the-international-yachting-media\",\"https:\\\/\\\/www.youtube.com\\\/c\\\/TheInternationalYachtingMedia\"]},{\"@type\":\"Person\",\"@id\":\"https:\\\/\\\/www.yachtingnews.com\\\/es\\\/#\\\/schema\\\/person\\\/d2e99eb1c7ce9e28a78d15e3d5d68eb3\",\"name\":\"Alessandro Giuzio\",\"image\":{\"@type\":\"ImageObject\",\"inLanguage\":\"es\",\"@id\":\"https:\\\/\\\/www.yachtingnews.com\\\/wp-content\\\/litespeed\\\/avatar\\\/a99e5f8da4fc551fb53eb9f1fec61fb4.jpg?ver=1788189881\",\"url\":\"https:\\\/\\\/www.yachtingnews.com\\\/wp-content\\\/litespeed\\\/avatar\\\/a99e5f8da4fc551fb53eb9f1fec61fb4.jpg?ver=1788189881\",\"contentUrl\":\"https:\\\/\\\/www.yachtingnews.com\\\/wp-content\\\/litespeed\\\/avatar\\\/a99e5f8da4fc551fb53eb9f1fec61fb4.jpg?ver=1788189881\",\"caption\":\"Alessandro Giuzio\"},\"description\":\"Alessandro is a professional journalist and contributes to The International Yachting Media since 2022. He is an expert on the sea and of course on boats.\",\"url\":\"https:\\\/\\\/www.yachtingnews.com\\\/es\\\/author\\\/alexgiuzio\\\/\"}]}<\/script>\n<!-- \/ Yoast SEO plugin. -->","yoast_head_json":{"title":"PRESTIGE en Cannes 2026: tres estrenos mundiales en un mismo evento - Yachting News","description":"PRESTIGE presenta el estreno mundial de los modelos F6.7, M6 y M8 EVO, tres modelos que representan la evoluci\u00f3n de las gamas F-Line y M-Line.","robots":{"index":"index","follow":"follow","max-snippet":"max-snippet:-1","max-image-preview":"max-image-preview:large","max-video-preview":"max-video-preview:-1"},"canonical":"https:\/\/www.yachtingnews.com\/es\/prestige-cannes-2026-informacion\/","og_locale":"es_ES","og_type":"article","og_title":"PRESTIGE en Cannes 2026: tres estrenos mundiales en un mismo evento - Yachting News","og_description":"PRESTIGE presenta el estreno mundial de los modelos F6.7, M6 y M8 EVO, tres modelos que representan la evoluci\u00f3n de las gamas F-Line y M-Line.","og_url":"https:\/\/www.yachtingnews.com\/es\/prestige-cannes-2026-informacion\/","og_site_name":"Yachting News","article_publisher":"https:\/\/www.facebook.com\/TheInternationalYachtingMedia","article_published_time":"2026-08-30T17:30:05+00:00","article_modified_time":"2026-08-31T17:32:04+00:00","og_image":[{"width":1400,"height":787,"url":"https:\/\/www.yachtingnews.com\/wp-content\/uploads\/2026\/08\/prestige-cannes26.jpg","type":"image\/jpeg"}],"author":"Alessandro Giuzio","twitter_card":"summary_large_image","twitter_creator":"@YachtingMedia","twitter_site":"@YachtingMedia","twitter_misc":{"Escrito por":"Alessandro Giuzio","Tiempo de lectura":"13 minutos"},"schema":{"@context":"https:\/\/schema.org","@graph":[{"@type":"Article","@id":"https:\/\/www.yachtingnews.com\/es\/prestige-cannes-2026-informacion\/#article","isPartOf":{"@id":"https:\/\/www.yachtingnews.com\/es\/prestige-cannes-2026-informacion\/"},"author":{"name":"Alessandro Giuzio","@id":"https:\/\/www.yachtingnews.com\/es\/#\/schema\/person\/d2e99eb1c7ce9e28a78d15e3d5d68eb3"},"headline":"PRESTIGE en Cannes 2026: tres estrenos mundiales en un mismo evento","datePublished":"2026-08-30T17:30:05+00:00","dateModified":"2026-08-31T17:32:04+00:00","mainEntityOfPage":{"@id":"https:\/\/www.yachtingnews.com\/es\/prestige-cannes-2026-informacion\/"},"wordCount":2542,"commentCount":0,"publisher":{"@id":"https:\/\/www.yachtingnews.com\/es\/#organization"},"image":{"@id":"https:\/\/www.yachtingnews.com\/es\/prestige-cannes-2026-informacion\/#primaryimage"},"thumbnailUrl":"https:\/\/www.yachtingnews.com\/wp-content\/uploads\/2026\/08\/prestige-cannes26.jpg","keywords":["Prestige Yachts"],"articleSection":["BOAT SHOWS","Cannes Yachting Festival","Catamaranes y multicascos","Noticias"],"inLanguage":"es","potentialAction":[{"@type":"CommentAction","name":"Comment","target":["https:\/\/www.yachtingnews.com\/es\/prestige-cannes-2026-informacion\/#respond"]}]},{"@type":"WebPage","@id":"https:\/\/www.yachtingnews.com\/es\/prestige-cannes-2026-informacion\/","url":"https:\/\/www.yachtingnews.com\/es\/prestige-cannes-2026-informacion\/","name":"PRESTIGE en Cannes 2026: tres estrenos mundiales en un mismo evento - Yachting News","isPartOf":{"@id":"https:\/\/www.yachtingnews.com\/es\/#website"},"primaryImageOfPage":{"@id":"https:\/\/www.yachtingnews.com\/es\/prestige-cannes-2026-informacion\/#primaryimage"},"image":{"@id":"https:\/\/www.yachtingnews.com\/es\/prestige-cannes-2026-informacion\/#primaryimage"},"thumbnailUrl":"https:\/\/www.yachtingnews.com\/wp-content\/uploads\/2026\/08\/prestige-cannes26.jpg","datePublished":"2026-08-30T17:30:05+00:00","dateModified":"2026-08-31T17:32:04+00:00","description":"PRESTIGE presenta el estreno mundial de los modelos F6.7, M6 y M8 EVO, tres modelos que representan la evoluci\u00f3n de las gamas F-Line y M-Line.","breadcrumb":{"@id":"https:\/\/www.yachtingnews.com\/es\/prestige-cannes-2026-informacion\/#breadcrumb"},"inLanguage":"es","potentialAction":[{"@type":"ReadAction","target":["https:\/\/www.yachtingnews.com\/es\/prestige-cannes-2026-informacion\/"]}]},{"@type":"ImageObject","inLanguage":"es","@id":"https:\/\/www.yachtingnews.com\/es\/prestige-cannes-2026-informacion\/#primaryimage","url":"https:\/\/www.yachtingnews.com\/wp-content\/uploads\/2026\/08\/prestige-cannes26.jpg","contentUrl":"https:\/\/www.yachtingnews.com\/wp-content\/uploads\/2026\/08\/prestige-cannes26.jpg","width":1400,"height":787,"caption":"PRESTIGE Cannes 2026"},{"@type":"BreadcrumbList","@id":"https:\/\/www.yachtingnews.com\/es\/prestige-cannes-2026-informacion\/#breadcrumb","itemListElement":[{"@type":"ListItem","position":1,"name":"Home","item":"https:\/\/www.yachtingnews.com\/es\/yachting-news-2\/"},{"@type":"ListItem","position":2,"name":"PRESTIGE en Cannes 2026: tres estrenos mundiales en un mismo evento"}]},{"@type":"WebSite","@id":"https:\/\/www.yachtingnews.com\/es\/#website","url":"https:\/\/www.yachtingnews.com\/es\/","name":"Yachting News","description":"The International Yachting Media","publisher":{"@id":"https:\/\/www.yachtingnews.com\/es\/#organization"},"potentialAction":[{"@type":"SearchAction","target":{"@type":"EntryPoint","urlTemplate":"https:\/\/www.yachtingnews.com\/es\/?s={search_term_string}"},"query-input":{"@type":"PropertyValueSpecification","valueRequired":true,"valueName":"search_term_string"}}],"inLanguage":"es"},{"@type":"Organization","@id":"https:\/\/www.yachtingnews.com\/es\/#organization","name":"Yachting News","url":"https:\/\/www.yachtingnews.com\/es\/","logo":{"@type":"ImageObject","inLanguage":"es","@id":"https:\/\/www.yachtingnews.com\/es\/#\/schema\/logo\/image\/","url":"https:\/\/www.yachtingnews.com\/wp-content\/uploads\/2023\/02\/LOGO-Yachting-NEWS-blu-800.png","contentUrl":"https:\/\/www.yachtingnews.com\/wp-content\/uploads\/2023\/02\/LOGO-Yachting-NEWS-blu-800.png","width":790,"height":99,"caption":"Yachting News"},"image":{"@id":"https:\/\/www.yachtingnews.com\/es\/#\/schema\/logo\/image\/"},"sameAs":["https:\/\/www.facebook.com\/TheInternationalYachtingMedia","https:\/\/x.com\/YachtingMedia","https:\/\/www.instagram.com\/yachting.news\/","https:\/\/www.linkedin.com\/company\/the-international-yachting-media","https:\/\/www.youtube.com\/c\/TheInternationalYachtingMedia"]},{"@type":"Person","@id":"https:\/\/www.yachtingnews.com\/es\/#\/schema\/person\/d2e99eb1c7ce9e28a78d15e3d5d68eb3","name":"Alessandro Giuzio","image":{"@type":"ImageObject","inLanguage":"es","@id":"https:\/\/www.yachtingnews.com\/wp-content\/litespeed\/avatar\/a99e5f8da4fc551fb53eb9f1fec61fb4.jpg?ver=1788189881","url":"https:\/\/www.yachtingnews.com\/wp-content\/litespeed\/avatar\/a99e5f8da4fc551fb53eb9f1fec61fb4.jpg?ver=1788189881","contentUrl":"https:\/\/www.yachtingnews.com\/wp-content\/litespeed\/avatar\/a99e5f8da4fc551fb53eb9f1fec61fb4.jpg?ver=1788189881","caption":"Alessandro Giuzio"},"description":"Alessandro is a professional journalist and contributes to The International Yachting Media since 2022. He is an expert on the sea and of course on boats.","url":"https:\/\/www.yachtingnews.com\/es\/author\/alexgiuzio\/"}]}},"_links":{"self":[{"href":"https:\/\/www.yachtingnews.com\/es\/wp-json\/wp\/v2\/posts\/172229","targetHints":{"allow":["GET"]}}],"collection":[{"href":"https:\/\/www.yachtingnews.com\/es\/wp-json\/wp\/v2\/posts"}],"about":[{"href":"https:\/\/www.yachtingnews.com\/es\/wp-json\/wp\/v2\/types\/post"}],"author":[{"embeddable":true,"href":"https:\/\/www.yachtingnews.com\/es\/wp-json\/wp\/v2\/users\/45"}],"replies":[{"embeddable":true,"href":"https:\/\/www.yachtingnews.com\/es\/wp-json\/wp\/v2\/comments?post=172229"}],"version-history":[{"count":1,"href":"https:\/\/www.yachtingnews.com\/es\/wp-json\/wp\/v2\/posts\/172229\/revisions"}],"predecessor-version":[{"id":172233,"href":"https:\/\/www.yachtingnews.com\/es\/wp-json\/wp\/v2\/posts\/172229\/revisions\/172233"}],"wp:featuredmedia":[{"embeddable":true,"href":"https:\/\/www.yachtingnews.com\/es\/wp-json\/wp\/v2\/media\/172230"}],"wp:attachment":[{"href":"https:\/\/www.yachtingnews.com\/es\/wp-json\/wp\/v2\/media?parent=172229"}],"wp:term":[{"taxonomy":"category","embeddable":true,"href":"https:\/\/www.yachtingnews.com\/es\/wp-json\/wp\/v2\/categories?post=172229"},{"taxonomy":"post_tag","embeddable":true,"href":"https:\/\/www.yachtingnews.com\/es\/wp-json\/wp\/v2\/tags?post=172229"}],"curies":[{"name":"wp","href":"https:\/\/api.w.org\/{rel}","templated":true}]}}