{"id":94708,"date":"2023-08-29T05:21:24","date_gmt":"2023-08-29T04:21:24","guid":{"rendered":"https:\/\/yachtingnews.com\/cannes-yachting-festival-nueva-zona-de-exposiciones\/"},"modified":"2025-08-23T17:43:50","modified_gmt":"2025-08-23T16:43:50","slug":"cannes-yachting-festival-nueva-zona-de-exposiciones","status":"publish","type":"post","link":"https:\/\/www.yachtingnews.com\/es\/cannes-yachting-festival-nueva-zona-de-exposiciones\/","title":{"rendered":"CANNES YACHTING FESTIVAL presenta una nueva zona de exposici\u00f3n"},"content":{"rendered":"\t\t<div data-elementor-type=\"wp-post\" data-elementor-id=\"94708\" class=\"elementor elementor-94708 elementor-91671\" data-elementor-post-type=\"post\">\n\t\t\t\t\t\t<section class=\"elementor-section elementor-top-section elementor-element elementor-element-2d409490 elementor-section-boxed elementor-section-height-default elementor-section-height-default\" data-id=\"2d409490\" data-element_type=\"section\" data-e-type=\"section\">\n\t\t\t\t\t\t<div class=\"elementor-container elementor-column-gap-default\">\n\t\t\t\t\t<div class=\"elementor-column elementor-col-100 elementor-top-column elementor-element elementor-element-60396af1\" data-id=\"60396af1\" data-element_type=\"column\" data-e-type=\"column\">\n\t\t\t<div class=\"elementor-widget-wrap elementor-element-populated\">\n\t\t\t\t\t\t<div class=\"elementor-element elementor-element-de7cd8a elementor-widget elementor-widget-text-editor\" data-id=\"de7cd8a\" data-element_type=\"widget\" data-e-type=\"widget\" data-widget_type=\"text-editor.default\">\n\t\t\t\t<div class=\"elementor-widget-container\">\n\t\t\t\t\t\t\t\t\t<p lang=\"en-US\">El Cannes Yachting Festival, primer gran sal\u00f3n n\u00e1utico internacional de la temporada, ver\u00e1 inaugurada una nueva zona de exposici\u00f3n en el coraz\u00f3n del Vieux Port: una marina para m\u00e1s de 50 embarcaciones a motor de 8 a 12 metros.<\/p>\n<p lang=\"en-US\"><img decoding=\"async\" class=\"aligncenter wp-image-91676 size-full\" title=\"CANNES-YACHTING-FESTIVAL\" src=\"https:\/\/yachtingnews.com\/wp-content\/uploads\/2023\/08\/CANNES-YACHTING-FESTIVAL.webp\" alt=\"CANNES-YACHTING-FESTIVAL\" width=\"2047\" height=\"1365\" srcset=\"https:\/\/www.yachtingnews.com\/wp-content\/uploads\/2023\/08\/CANNES-YACHTING-FESTIVAL.webp 2047w, https:\/\/www.yachtingnews.com\/wp-content\/uploads\/2023\/08\/CANNES-YACHTING-FESTIVAL-300x200.webp 300w, https:\/\/www.yachtingnews.com\/wp-content\/uploads\/2023\/08\/CANNES-YACHTING-FESTIVAL-1600x1067.webp 1600w, https:\/\/www.yachtingnews.com\/wp-content\/uploads\/2023\/08\/CANNES-YACHTING-FESTIVAL-768x512.webp 768w, https:\/\/www.yachtingnews.com\/wp-content\/uploads\/2023\/08\/CANNES-YACHTING-FESTIVAL-1536x1024.webp 1536w, https:\/\/www.yachtingnews.com\/wp-content\/uploads\/2023\/08\/CANNES-YACHTING-FESTIVAL-720x480.webp 720w, https:\/\/www.yachtingnews.com\/wp-content\/uploads\/2023\/08\/CANNES-YACHTING-FESTIVAL-480x320.webp 480w\" sizes=\"(max-width: 2047px) 100vw, 2047px\" \/><\/p>\n<p lang=\"en-US\">El segmento de peque\u00f1as embarcaciones a motor de <b>8<\/b> a <b>12<\/b> metros est\u00e1 experimentando un importante crecimiento. En Francia se registraron <b>10 748<\/b> nuevas solicitudes de registro en el Ministerio del Mar en <b>2021-2022<\/b>, lo que representa <b>el 12%<\/b> del n\u00famero total de solicitudes <i>(fuente: Federaci\u00f3n de Industrias N\u00e1uticas)<\/i>.<\/p>\n<h3 class=\"western\" lang=\"en-US\">Embarcaciones a motor de 8 a 12 metros: un segmento de mercado en crecimiento<\/h3>\n<p lang=\"en-US\">Ya sean tradicionales o equipadas con tubulares hinchables, estas embarcaciones suelen estar equipadas con un camarote, pero no disponen de una verdadera litera para dormir. Estas embarcaciones son muy vers\u00e1tiles tanto para excursiones de un d\u00eda como para cruceros cortos por la costa. Disponen de motores intraborda o fueraborda, a menudo elegidos por el propietario de la embarcaci\u00f3n de recreo.<\/p>\n<p><span lang=\"en-US\">Desde 2021, con un sector n\u00e1utico en pleno auge, los propietarios de embarcaciones de recreo y los nuevos compradores han mostrado un claro inter\u00e9s por este tipo de peque\u00f1as embarcaciones a motor conocidas habitualmente como &#8216;<\/span><a href=\"https:\/\/yachtingnews.com\/victory-design\/\">barcos de d\u00eda<\/a><span lang=\"en-US\">&#8216;, que, como su nombre indica, permite pasar el d\u00eda en el mar en las mejores condiciones.<\/span><\/p>\n<p><img decoding=\"async\" class=\"aligncenter wp-image-91679 size-full\" title=\"CANNES-YACHTING-FESTIVAL-yates\" src=\"https:\/\/yachtingnews.com\/wp-content\/uploads\/2023\/08\/CANNES-YACHTING-FESTIVAL-yachts.jpg\" alt=\"CANNES-YACHTING-FESTIVAL-yates\" width=\"1536\" height=\"1024\" srcset=\"https:\/\/www.yachtingnews.com\/wp-content\/uploads\/2023\/08\/CANNES-YACHTING-FESTIVAL-yachts.jpg 1536w, https:\/\/www.yachtingnews.com\/wp-content\/uploads\/2023\/08\/CANNES-YACHTING-FESTIVAL-yachts-300x200.jpg 300w, https:\/\/www.yachtingnews.com\/wp-content\/uploads\/2023\/08\/CANNES-YACHTING-FESTIVAL-yachts-768x512.jpg 768w, https:\/\/www.yachtingnews.com\/wp-content\/uploads\/2023\/08\/CANNES-YACHTING-FESTIVAL-yachts-720x480.jpg 720w, https:\/\/www.yachtingnews.com\/wp-content\/uploads\/2023\/08\/CANNES-YACHTING-FESTIVAL-yachts-480x320.jpg 480w\" sizes=\"(max-width: 1536px) 100vw, 1536px\" \/><\/p>\n<h2 class=\"western\" lang=\"en-US\">CANNES YACHTING FESTIVAL 2023<\/h2>\n<p>\u201c<span lang=\"en-US\"><i>Este a\u00f1o nos complace poner a disposici\u00f3n de nuestros expositores y visitantes este nuevo puerto deportivo, que abre por primera vez la exposici\u00f3n en el agua del festival a embarcaciones de menos de 10 m (32 pies). El Cannes Yachting Festival acoger\u00e1 a unos 50 barcos peque\u00f1os en el coraz\u00f3n del Vieux Port  <\/i><\/span><span lang=\"en-US\">&#8211; explica  <\/span><a href=\"https:\/\/www.touslesbateaux.fr\/magazine\/sylvie-ernoult\">Sylvie Ernoult<\/a><span lang=\"en-US\">, director del Cannes Yachting Festival &#8211;  <\/span><span lang=\"en-US\"><i>Desde el modelo que destila estilo escandinavo hasta el dayboat ideal para bucear pasando por las joyas repletas de tecnolog\u00eda, nuestros visitantes, profesionales y p\u00fablico en general disfrutar\u00e1n encontrando en el agua lo mejor en t\u00e9rminos de dise\u00f1o, innovaci\u00f3n y prestaciones en este segmento del mercado\u00bb.<\/i><\/span><\/p>\n\t\t\t\t\t\t\t\t<\/div>\n\t\t\t\t<\/div>\n\t\t\t\t\t<\/div>\n\t\t<\/div>\n\t\t\t\t\t<\/div>\n\t\t<\/section>\n\t\t\t\t<section class=\"elementor-section elementor-top-section elementor-element elementor-element-eb656cc elementor-section-boxed elementor-section-height-default elementor-section-height-default\" data-id=\"eb656cc\" data-element_type=\"section\" data-e-type=\"section\">\n\t\t\t\t\t\t<div class=\"elementor-container elementor-column-gap-default\">\n\t\t\t\t\t<div class=\"elementor-column elementor-col-100 elementor-top-column elementor-element elementor-element-c211a87\" data-id=\"c211a87\" data-element_type=\"column\" data-e-type=\"column\">\n\t\t\t<div class=\"elementor-widget-wrap elementor-element-populated\">\n\t\t\t\t\t\t<div class=\"elementor-element elementor-element-4c4f69b elementor-arrows-position-inside elementor-pagination-position-outside elementor-widget elementor-widget-image-carousel\" data-id=\"4c4f69b\" data-element_type=\"widget\" data-e-type=\"widget\" data-settings=\"{&quot;slides_to_show&quot;:&quot;1&quot;,&quot;navigation&quot;:&quot;both&quot;,&quot;autoplay&quot;:&quot;yes&quot;,&quot;pause_on_hover&quot;:&quot;yes&quot;,&quot;pause_on_interaction&quot;:&quot;yes&quot;,&quot;autoplay_speed&quot;:5000,&quot;infinite&quot;:&quot;yes&quot;,&quot;effect&quot;:&quot;slide&quot;,&quot;speed&quot;:500}\" data-widget_type=\"image-carousel.default\">\n\t\t\t\t<div class=\"elementor-widget-container\">\n\t\t\t\t\t\t\t<div class=\"elementor-image-carousel-wrapper swiper\" role=\"region\" aria-roledescription=\"carousel\" aria-label=\"Carrusel de im\u00e1genes\" dir=\"ltr\">\n\t\t\t<div class=\"elementor-image-carousel swiper-wrapper\" aria-live=\"off\">\n\t\t\t\t\t\t\t\t<div class=\"swiper-slide\" role=\"group\" aria-roledescription=\"slide\" aria-label=\"1 de 5\"><figure class=\"swiper-slide-inner\"><img decoding=\"async\" class=\"swiper-slide-image\" src=\"https:\/\/www.yachtingnews.com\/wp-content\/uploads\/2023\/08\/four-winns.webp\" alt=\"cuatro victorias\" \/><\/figure><\/div><div class=\"swiper-slide\" role=\"group\" aria-roledescription=\"slide\" aria-label=\"2 de 5\"><figure class=\"swiper-slide-inner\"><img decoding=\"async\" class=\"swiper-slide-image\" src=\"https:\/\/www.yachtingnews.com\/wp-content\/uploads\/2023\/08\/CANNES-YACHTING-FESTIVAL-exhibition-area.webp\" alt=\"CANNES-YACHTING-FESTIVAL-\u00e1rea de exposici\u00f3n\" \/><\/figure><\/div><div class=\"swiper-slide\" role=\"group\" aria-roledescription=\"slide\" aria-label=\"3 de 5\"><figure class=\"swiper-slide-inner\"><img decoding=\"async\" class=\"swiper-slide-image\" src=\"https:\/\/www.yachtingnews.com\/wp-content\/uploads\/2023\/08\/ry10.webp\" alt=\"ry10\" \/><\/figure><\/div><div class=\"swiper-slide\" role=\"group\" aria-roledescription=\"slide\" aria-label=\"4 de 5\"><figure class=\"swiper-slide-inner\"><img decoding=\"async\" class=\"swiper-slide-image\" src=\"https:\/\/www.yachtingnews.com\/wp-content\/uploads\/2023\/08\/yachting-festival.webp\" alt=\"festival n\u00e1utico\" \/><\/figure><\/div><div class=\"swiper-slide\" role=\"group\" aria-roledescription=\"slide\" aria-label=\"5 de 5\"><figure class=\"swiper-slide-inner\"><img decoding=\"async\" class=\"swiper-slide-image\" src=\"https:\/\/www.yachtingnews.com\/wp-content\/uploads\/2023\/08\/visitors.webp\" alt=\"visitantes\" \/><\/figure><\/div>\t\t\t<\/div>\n\t\t\t\t\t\t\t\t\t\t\t\t<div class=\"elementor-swiper-button elementor-swiper-button-prev\" role=\"button\" tabindex=\"0\">\n\t\t\t\t\t\t<i aria-hidden=\"true\" class=\"eicon-chevron-left\"><\/i>\t\t\t\t\t<\/div>\n\t\t\t\t\t<div class=\"elementor-swiper-button elementor-swiper-button-next\" role=\"button\" tabindex=\"0\">\n\t\t\t\t\t\t<i aria-hidden=\"true\" class=\"eicon-chevron-right\"><\/i>\t\t\t\t\t<\/div>\n\t\t\t\t\n\t\t\t\t\t\t\t\t\t<div class=\"swiper-pagination\"><\/div>\n\t\t\t\t\t\t\t\t\t<\/div>\n\t\t\t\t\t\t<\/div>\n\t\t\t\t<\/div>\n\t\t\t\t\t<\/div>\n\t\t<\/div>\n\t\t\t\t\t<\/div>\n\t\t<\/section>\n\t\t\t\t<\/div>\n\t\t","protected":false},"excerpt":{"rendered":"<p>El Cannes Yachting Festival, primer gran sal\u00f3n n\u00e1utico internacional de la temporada, ver\u00e1 inaugurada una nueva zona de exposici\u00f3n en el coraz\u00f3n del Vieux Port: una marina para m\u00e1s de 50 embarcaciones a motor de 8 a 12 metros. El segmento de peque\u00f1as embarcaciones a motor de 8 a 12 metros est\u00e1 experimentando un importante [&hellip;]<\/p>\n","protected":false},"author":49,"featured_media":94709,"comment_status":"open","ping_status":"open","sticky":false,"template":"","format":"standard","meta":{"_mo_disable_npp":"","footnotes":""},"categories":[2117,2154,2100],"tags":[2277],"class_list":["post-94708","post","type-post","status-publish","format-standard","has-post-thumbnail","hentry","category-boat-shows","category-lifestyle","category-noticias-nauticas","tag-cannes-yachting-festival-2022-es"],"yoast_head":"<!-- This site is optimized with the Yoast SEO plugin v28.3 - https:\/\/yoast.com\/product\/yoast-seo-wordpress\/ -->\n<title>CANNES YACHTING FESTIVAL presenta una nueva zona de exposici\u00f3n - Yachting News<\/title>\n<meta name=\"description\" content=\"El Cannes Yachting Festival, primer gran sal\u00f3n n\u00e1utico internacional de la temporada, contar\u00e1 con una nueva zona de exposici\u00f3n en...\" \/>\n<meta name=\"robots\" content=\"index, follow, max-snippet:-1, max-image-preview:large, max-video-preview:-1\" \/>\n<link rel=\"canonical\" href=\"https:\/\/www.yachtingnews.com\/es\/cannes-yachting-festival-nueva-zona-de-exposiciones\/\" \/>\n<meta property=\"og:locale\" content=\"es_ES\" \/>\n<meta property=\"og:type\" content=\"article\" \/>\n<meta property=\"og:title\" content=\"CANNES YACHTING FESTIVAL presenta una nueva zona de exposici\u00f3n - Yachting News\" \/>\n<meta property=\"og:description\" content=\"El Cannes Yachting Festival, primer gran sal\u00f3n n\u00e1utico internacional de la temporada, contar\u00e1 con una nueva zona de exposici\u00f3n en...\" \/>\n<meta property=\"og:url\" content=\"https:\/\/www.yachtingnews.com\/es\/cannes-yachting-festival-nueva-zona-de-exposiciones\/\" \/>\n<meta property=\"og:site_name\" content=\"Yachting News\" \/>\n<meta property=\"article:publisher\" content=\"https:\/\/www.facebook.com\/TheInternationalYachtingMedia\" \/>\n<meta property=\"article:published_time\" content=\"2023-08-29T04:21:24+00:00\" \/>\n<meta property=\"article:modified_time\" content=\"2025-08-23T16:43:50+00:00\" \/>\n<meta property=\"og:image\" content=\"https:\/\/www.yachtingnews.com\/wp-content\/uploads\/2023\/08\/Sylvie-Ernoult-Cannes-yachting-festival.jpg\" \/>\n\t<meta property=\"og:image:width\" content=\"2048\" \/>\n\t<meta property=\"og:image:height\" content=\"1365\" \/>\n\t<meta property=\"og:image:type\" content=\"image\/jpeg\" \/>\n<meta name=\"author\" content=\"G B\" \/>\n<meta name=\"twitter:card\" content=\"summary_large_image\" \/>\n<meta name=\"twitter:creator\" content=\"@YachtingMedia\" \/>\n<meta name=\"twitter:site\" content=\"@YachtingMedia\" \/>\n<meta name=\"twitter:label1\" content=\"Escrito por\" \/>\n\t<meta name=\"twitter:data1\" content=\"G B\" \/>\n\t<meta name=\"twitter:label2\" content=\"Tiempo de lectura\" \/>\n\t<meta name=\"twitter:data2\" content=\"2 minutos\" \/>\n<script type=\"application\/ld+json\" class=\"yoast-schema-graph\">{\"@context\":\"https:\\\/\\\/schema.org\",\"@graph\":[{\"@type\":\"Article\",\"@id\":\"https:\\\/\\\/www.yachtingnews.com\\\/es\\\/cannes-yachting-festival-nueva-zona-de-exposiciones\\\/#article\",\"isPartOf\":{\"@id\":\"https:\\\/\\\/www.yachtingnews.com\\\/es\\\/cannes-yachting-festival-nueva-zona-de-exposiciones\\\/\"},\"author\":{\"name\":\"G B\",\"@id\":\"https:\\\/\\\/www.yachtingnews.com\\\/es\\\/#\\\/schema\\\/person\\\/01266b358dce23e5625e854e3f4994ed\"},\"headline\":\"CANNES YACHTING FESTIVAL presenta una nueva zona de exposici\u00f3n\",\"datePublished\":\"2023-08-29T04:21:24+00:00\",\"dateModified\":\"2025-08-23T16:43:50+00:00\",\"mainEntityOfPage\":{\"@id\":\"https:\\\/\\\/www.yachtingnews.com\\\/es\\\/cannes-yachting-festival-nueva-zona-de-exposiciones\\\/\"},\"wordCount\":352,\"commentCount\":0,\"publisher\":{\"@id\":\"https:\\\/\\\/www.yachtingnews.com\\\/es\\\/#organization\"},\"image\":{\"@id\":\"https:\\\/\\\/www.yachtingnews.com\\\/es\\\/cannes-yachting-festival-nueva-zona-de-exposiciones\\\/#primaryimage\"},\"thumbnailUrl\":\"https:\\\/\\\/www.yachtingnews.com\\\/wp-content\\\/uploads\\\/2023\\\/08\\\/Sylvie-Ernoult-Cannes-yachting-festival.jpg\",\"keywords\":[\"Cannes Yachting Festival 2022\"],\"articleSection\":[\"BOAT SHOWS\",\"LIFESTYLE\",\"Noticias\"],\"inLanguage\":\"es\",\"potentialAction\":[{\"@type\":\"CommentAction\",\"name\":\"Comment\",\"target\":[\"https:\\\/\\\/www.yachtingnews.com\\\/es\\\/cannes-yachting-festival-nueva-zona-de-exposiciones\\\/#respond\"]}]},{\"@type\":\"WebPage\",\"@id\":\"https:\\\/\\\/www.yachtingnews.com\\\/es\\\/cannes-yachting-festival-nueva-zona-de-exposiciones\\\/\",\"url\":\"https:\\\/\\\/www.yachtingnews.com\\\/es\\\/cannes-yachting-festival-nueva-zona-de-exposiciones\\\/\",\"name\":\"CANNES YACHTING FESTIVAL presenta una nueva zona de exposici\u00f3n - Yachting News\",\"isPartOf\":{\"@id\":\"https:\\\/\\\/www.yachtingnews.com\\\/es\\\/#website\"},\"primaryImageOfPage\":{\"@id\":\"https:\\\/\\\/www.yachtingnews.com\\\/es\\\/cannes-yachting-festival-nueva-zona-de-exposiciones\\\/#primaryimage\"},\"image\":{\"@id\":\"https:\\\/\\\/www.yachtingnews.com\\\/es\\\/cannes-yachting-festival-nueva-zona-de-exposiciones\\\/#primaryimage\"},\"thumbnailUrl\":\"https:\\\/\\\/www.yachtingnews.com\\\/wp-content\\\/uploads\\\/2023\\\/08\\\/Sylvie-Ernoult-Cannes-yachting-festival.jpg\",\"datePublished\":\"2023-08-29T04:21:24+00:00\",\"dateModified\":\"2025-08-23T16:43:50+00:00\",\"description\":\"El Cannes Yachting Festival, primer gran sal\u00f3n n\u00e1utico internacional de la temporada, contar\u00e1 con una nueva zona de exposici\u00f3n en...\",\"breadcrumb\":{\"@id\":\"https:\\\/\\\/www.yachtingnews.com\\\/es\\\/cannes-yachting-festival-nueva-zona-de-exposiciones\\\/#breadcrumb\"},\"inLanguage\":\"es\",\"potentialAction\":[{\"@type\":\"ReadAction\",\"target\":[\"https:\\\/\\\/www.yachtingnews.com\\\/es\\\/cannes-yachting-festival-nueva-zona-de-exposiciones\\\/\"]}]},{\"@type\":\"ImageObject\",\"inLanguage\":\"es\",\"@id\":\"https:\\\/\\\/www.yachtingnews.com\\\/es\\\/cannes-yachting-festival-nueva-zona-de-exposiciones\\\/#primaryimage\",\"url\":\"https:\\\/\\\/www.yachtingnews.com\\\/wp-content\\\/uploads\\\/2023\\\/08\\\/Sylvie-Ernoult-Cannes-yachting-festival.jpg\",\"contentUrl\":\"https:\\\/\\\/www.yachtingnews.com\\\/wp-content\\\/uploads\\\/2023\\\/08\\\/Sylvie-Ernoult-Cannes-yachting-festival.jpg\",\"width\":2048,\"height\":1365,\"caption\":\"Sylvie-Ernoult-Cannes Yachting Festival\"},{\"@type\":\"BreadcrumbList\",\"@id\":\"https:\\\/\\\/www.yachtingnews.com\\\/es\\\/cannes-yachting-festival-nueva-zona-de-exposiciones\\\/#breadcrumb\",\"itemListElement\":[{\"@type\":\"ListItem\",\"position\":1,\"name\":\"Home\",\"item\":\"https:\\\/\\\/www.yachtingnews.com\\\/es\\\/yachting-news-2\\\/\"},{\"@type\":\"ListItem\",\"position\":2,\"name\":\"CANNES YACHTING FESTIVAL presenta una nueva zona de exposici\u00f3n\"}]},{\"@type\":\"WebSite\",\"@id\":\"https:\\\/\\\/www.yachtingnews.com\\\/es\\\/#website\",\"url\":\"https:\\\/\\\/www.yachtingnews.com\\\/es\\\/\",\"name\":\"Yachting News\",\"description\":\"The International Yachting Media\",\"publisher\":{\"@id\":\"https:\\\/\\\/www.yachtingnews.com\\\/es\\\/#organization\"},\"potentialAction\":[{\"@type\":\"SearchAction\",\"target\":{\"@type\":\"EntryPoint\",\"urlTemplate\":\"https:\\\/\\\/www.yachtingnews.com\\\/es\\\/?s={search_term_string}\"},\"query-input\":{\"@type\":\"PropertyValueSpecification\",\"valueRequired\":true,\"valueName\":\"search_term_string\"}}],\"inLanguage\":\"es\"},{\"@type\":\"Organization\",\"@id\":\"https:\\\/\\\/www.yachtingnews.com\\\/es\\\/#organization\",\"name\":\"Yachting News\",\"url\":\"https:\\\/\\\/www.yachtingnews.com\\\/es\\\/\",\"logo\":{\"@type\":\"ImageObject\",\"inLanguage\":\"es\",\"@id\":\"https:\\\/\\\/www.yachtingnews.com\\\/es\\\/#\\\/schema\\\/logo\\\/image\\\/\",\"url\":\"https:\\\/\\\/www.yachtingnews.com\\\/wp-content\\\/uploads\\\/2023\\\/02\\\/LOGO-Yachting-NEWS-blu-800.png\",\"contentUrl\":\"https:\\\/\\\/www.yachtingnews.com\\\/wp-content\\\/uploads\\\/2023\\\/02\\\/LOGO-Yachting-NEWS-blu-800.png\",\"width\":790,\"height\":99,\"caption\":\"Yachting News\"},\"image\":{\"@id\":\"https:\\\/\\\/www.yachtingnews.com\\\/es\\\/#\\\/schema\\\/logo\\\/image\\\/\"},\"sameAs\":[\"https:\\\/\\\/www.facebook.com\\\/TheInternationalYachtingMedia\",\"https:\\\/\\\/x.com\\\/YachtingMedia\",\"https:\\\/\\\/www.instagram.com\\\/yachting.news\\\/\",\"https:\\\/\\\/www.linkedin.com\\\/company\\\/the-international-yachting-media\",\"https:\\\/\\\/www.youtube.com\\\/c\\\/TheInternationalYachtingMedia\"]},{\"@type\":\"Person\",\"@id\":\"https:\\\/\\\/www.yachtingnews.com\\\/es\\\/#\\\/schema\\\/person\\\/01266b358dce23e5625e854e3f4994ed\",\"name\":\"G B\",\"image\":{\"@type\":\"ImageObject\",\"inLanguage\":\"es\",\"@id\":\"https:\\\/\\\/www.yachtingnews.com\\\/wp-content\\\/litespeed\\\/avatar\\\/bfc70277f95af142dc3f7ee50cb55448.jpg?ver=1788200639\",\"url\":\"https:\\\/\\\/www.yachtingnews.com\\\/wp-content\\\/litespeed\\\/avatar\\\/bfc70277f95af142dc3f7ee50cb55448.jpg?ver=1788200639\",\"contentUrl\":\"https:\\\/\\\/www.yachtingnews.com\\\/wp-content\\\/litespeed\\\/avatar\\\/bfc70277f95af142dc3f7ee50cb55448.jpg?ver=1788200639\",\"caption\":\"G B\"},\"url\":\"https:\\\/\\\/www.yachtingnews.com\\\/es\\\/author\\\/giorgio\\\/\"}]}<\/script>\n<!-- \/ Yoast SEO plugin. -->","yoast_head_json":{"title":"CANNES YACHTING FESTIVAL presenta una nueva zona de exposici\u00f3n - Yachting News","description":"El Cannes Yachting Festival, primer gran sal\u00f3n n\u00e1utico internacional de la temporada, contar\u00e1 con una nueva zona de exposici\u00f3n en...","robots":{"index":"index","follow":"follow","max-snippet":"max-snippet:-1","max-image-preview":"max-image-preview:large","max-video-preview":"max-video-preview:-1"},"canonical":"https:\/\/www.yachtingnews.com\/es\/cannes-yachting-festival-nueva-zona-de-exposiciones\/","og_locale":"es_ES","og_type":"article","og_title":"CANNES YACHTING FESTIVAL presenta una nueva zona de exposici\u00f3n - Yachting News","og_description":"El Cannes Yachting Festival, primer gran sal\u00f3n n\u00e1utico internacional de la temporada, contar\u00e1 con una nueva zona de exposici\u00f3n en...","og_url":"https:\/\/www.yachtingnews.com\/es\/cannes-yachting-festival-nueva-zona-de-exposiciones\/","og_site_name":"Yachting News","article_publisher":"https:\/\/www.facebook.com\/TheInternationalYachtingMedia","article_published_time":"2023-08-29T04:21:24+00:00","article_modified_time":"2025-08-23T16:43:50+00:00","og_image":[{"width":2048,"height":1365,"url":"https:\/\/www.yachtingnews.com\/wp-content\/uploads\/2023\/08\/Sylvie-Ernoult-Cannes-yachting-festival.jpg","type":"image\/jpeg"}],"author":"G B","twitter_card":"summary_large_image","twitter_creator":"@YachtingMedia","twitter_site":"@YachtingMedia","twitter_misc":{"Escrito por":"G B","Tiempo de lectura":"2 minutos"},"schema":{"@context":"https:\/\/schema.org","@graph":[{"@type":"Article","@id":"https:\/\/www.yachtingnews.com\/es\/cannes-yachting-festival-nueva-zona-de-exposiciones\/#article","isPartOf":{"@id":"https:\/\/www.yachtingnews.com\/es\/cannes-yachting-festival-nueva-zona-de-exposiciones\/"},"author":{"name":"G B","@id":"https:\/\/www.yachtingnews.com\/es\/#\/schema\/person\/01266b358dce23e5625e854e3f4994ed"},"headline":"CANNES YACHTING FESTIVAL presenta una nueva zona de exposici\u00f3n","datePublished":"2023-08-29T04:21:24+00:00","dateModified":"2025-08-23T16:43:50+00:00","mainEntityOfPage":{"@id":"https:\/\/www.yachtingnews.com\/es\/cannes-yachting-festival-nueva-zona-de-exposiciones\/"},"wordCount":352,"commentCount":0,"publisher":{"@id":"https:\/\/www.yachtingnews.com\/es\/#organization"},"image":{"@id":"https:\/\/www.yachtingnews.com\/es\/cannes-yachting-festival-nueva-zona-de-exposiciones\/#primaryimage"},"thumbnailUrl":"https:\/\/www.yachtingnews.com\/wp-content\/uploads\/2023\/08\/Sylvie-Ernoult-Cannes-yachting-festival.jpg","keywords":["Cannes Yachting Festival 2022"],"articleSection":["BOAT SHOWS","LIFESTYLE","Noticias"],"inLanguage":"es","potentialAction":[{"@type":"CommentAction","name":"Comment","target":["https:\/\/www.yachtingnews.com\/es\/cannes-yachting-festival-nueva-zona-de-exposiciones\/#respond"]}]},{"@type":"WebPage","@id":"https:\/\/www.yachtingnews.com\/es\/cannes-yachting-festival-nueva-zona-de-exposiciones\/","url":"https:\/\/www.yachtingnews.com\/es\/cannes-yachting-festival-nueva-zona-de-exposiciones\/","name":"CANNES YACHTING FESTIVAL presenta una nueva zona de exposici\u00f3n - Yachting News","isPartOf":{"@id":"https:\/\/www.yachtingnews.com\/es\/#website"},"primaryImageOfPage":{"@id":"https:\/\/www.yachtingnews.com\/es\/cannes-yachting-festival-nueva-zona-de-exposiciones\/#primaryimage"},"image":{"@id":"https:\/\/www.yachtingnews.com\/es\/cannes-yachting-festival-nueva-zona-de-exposiciones\/#primaryimage"},"thumbnailUrl":"https:\/\/www.yachtingnews.com\/wp-content\/uploads\/2023\/08\/Sylvie-Ernoult-Cannes-yachting-festival.jpg","datePublished":"2023-08-29T04:21:24+00:00","dateModified":"2025-08-23T16:43:50+00:00","description":"El Cannes Yachting Festival, primer gran sal\u00f3n n\u00e1utico internacional de la temporada, contar\u00e1 con una nueva zona de exposici\u00f3n en...","breadcrumb":{"@id":"https:\/\/www.yachtingnews.com\/es\/cannes-yachting-festival-nueva-zona-de-exposiciones\/#breadcrumb"},"inLanguage":"es","potentialAction":[{"@type":"ReadAction","target":["https:\/\/www.yachtingnews.com\/es\/cannes-yachting-festival-nueva-zona-de-exposiciones\/"]}]},{"@type":"ImageObject","inLanguage":"es","@id":"https:\/\/www.yachtingnews.com\/es\/cannes-yachting-festival-nueva-zona-de-exposiciones\/#primaryimage","url":"https:\/\/www.yachtingnews.com\/wp-content\/uploads\/2023\/08\/Sylvie-Ernoult-Cannes-yachting-festival.jpg","contentUrl":"https:\/\/www.yachtingnews.com\/wp-content\/uploads\/2023\/08\/Sylvie-Ernoult-Cannes-yachting-festival.jpg","width":2048,"height":1365,"caption":"Sylvie-Ernoult-Cannes Yachting Festival"},{"@type":"BreadcrumbList","@id":"https:\/\/www.yachtingnews.com\/es\/cannes-yachting-festival-nueva-zona-de-exposiciones\/#breadcrumb","itemListElement":[{"@type":"ListItem","position":1,"name":"Home","item":"https:\/\/www.yachtingnews.com\/es\/yachting-news-2\/"},{"@type":"ListItem","position":2,"name":"CANNES YACHTING FESTIVAL presenta una nueva zona de exposici\u00f3n"}]},{"@type":"WebSite","@id":"https:\/\/www.yachtingnews.com\/es\/#website","url":"https:\/\/www.yachtingnews.com\/es\/","name":"Yachting News","description":"The International Yachting Media","publisher":{"@id":"https:\/\/www.yachtingnews.com\/es\/#organization"},"potentialAction":[{"@type":"SearchAction","target":{"@type":"EntryPoint","urlTemplate":"https:\/\/www.yachtingnews.com\/es\/?s={search_term_string}"},"query-input":{"@type":"PropertyValueSpecification","valueRequired":true,"valueName":"search_term_string"}}],"inLanguage":"es"},{"@type":"Organization","@id":"https:\/\/www.yachtingnews.com\/es\/#organization","name":"Yachting News","url":"https:\/\/www.yachtingnews.com\/es\/","logo":{"@type":"ImageObject","inLanguage":"es","@id":"https:\/\/www.yachtingnews.com\/es\/#\/schema\/logo\/image\/","url":"https:\/\/www.yachtingnews.com\/wp-content\/uploads\/2023\/02\/LOGO-Yachting-NEWS-blu-800.png","contentUrl":"https:\/\/www.yachtingnews.com\/wp-content\/uploads\/2023\/02\/LOGO-Yachting-NEWS-blu-800.png","width":790,"height":99,"caption":"Yachting News"},"image":{"@id":"https:\/\/www.yachtingnews.com\/es\/#\/schema\/logo\/image\/"},"sameAs":["https:\/\/www.facebook.com\/TheInternationalYachtingMedia","https:\/\/x.com\/YachtingMedia","https:\/\/www.instagram.com\/yachting.news\/","https:\/\/www.linkedin.com\/company\/the-international-yachting-media","https:\/\/www.youtube.com\/c\/TheInternationalYachtingMedia"]},{"@type":"Person","@id":"https:\/\/www.yachtingnews.com\/es\/#\/schema\/person\/01266b358dce23e5625e854e3f4994ed","name":"G B","image":{"@type":"ImageObject","inLanguage":"es","@id":"https:\/\/www.yachtingnews.com\/wp-content\/litespeed\/avatar\/bfc70277f95af142dc3f7ee50cb55448.jpg?ver=1788200639","url":"https:\/\/www.yachtingnews.com\/wp-content\/litespeed\/avatar\/bfc70277f95af142dc3f7ee50cb55448.jpg?ver=1788200639","contentUrl":"https:\/\/www.yachtingnews.com\/wp-content\/litespeed\/avatar\/bfc70277f95af142dc3f7ee50cb55448.jpg?ver=1788200639","caption":"G B"},"url":"https:\/\/www.yachtingnews.com\/es\/author\/giorgio\/"}]}},"_links":{"self":[{"href":"https:\/\/www.yachtingnews.com\/es\/wp-json\/wp\/v2\/posts\/94708","targetHints":{"allow":["GET"]}}],"collection":[{"href":"https:\/\/www.yachtingnews.com\/es\/wp-json\/wp\/v2\/posts"}],"about":[{"href":"https:\/\/www.yachtingnews.com\/es\/wp-json\/wp\/v2\/types\/post"}],"author":[{"embeddable":true,"href":"https:\/\/www.yachtingnews.com\/es\/wp-json\/wp\/v2\/users\/49"}],"replies":[{"embeddable":true,"href":"https:\/\/www.yachtingnews.com\/es\/wp-json\/wp\/v2\/comments?post=94708"}],"version-history":[{"count":0,"href":"https:\/\/www.yachtingnews.com\/es\/wp-json\/wp\/v2\/posts\/94708\/revisions"}],"wp:featuredmedia":[{"embeddable":true,"href":"https:\/\/www.yachtingnews.com\/es\/wp-json\/wp\/v2\/media\/94709"}],"wp:attachment":[{"href":"https:\/\/www.yachtingnews.com\/es\/wp-json\/wp\/v2\/media?parent=94708"}],"wp:term":[{"taxonomy":"category","embeddable":true,"href":"https:\/\/www.yachtingnews.com\/es\/wp-json\/wp\/v2\/categories?post=94708"},{"taxonomy":"post_tag","embeddable":true,"href":"https:\/\/www.yachtingnews.com\/es\/wp-json\/wp\/v2\/tags?post=94708"}],"curies":[{"name":"wp","href":"https:\/\/api.w.org\/{rel}","templated":true}]}}