{"id":172222,"date":"2026-08-30T18:30:05","date_gmt":"2026-08-30T17:30:05","guid":{"rendered":"https:\/\/www.yachtingnews.com\/prestige-cannes-2026\/"},"modified":"2026-08-31T18:32:04","modified_gmt":"2026-08-31T17:32:04","slug":"prestige-cannes-2026","status":"publish","type":"post","link":"https:\/\/www.yachtingnews.com\/fr\/prestige-cannes-2026\/","title":{"rendered":"PRESTIGE \u00e0 Cannes 2026 : trois premi\u00e8res mondiales en un seul \u00e9v\u00e9nement"},"content":{"rendered":"\t\t<div data-elementor-type=\"wp-post\" data-elementor-id=\"172222\" class=\"elementor elementor-172222 elementor-172193\" data-elementor-post-type=\"post\">\n\t\t\t\t\t\t<section class=\"elementor-section elementor-top-section elementor-element elementor-element-ac37bb6 elementor-section-boxed elementor-section-height-default elementor-section-height-default\" data-id=\"ac37bb6\" data-element_type=\"section\" data-e-type=\"section\">\n\t\t\t\t\t\t<div class=\"elementor-container elementor-column-gap-default\">\n\t\t\t\t\t<div class=\"elementor-column elementor-col-100 elementor-top-column elementor-element elementor-element-190cb41\" data-id=\"190cb41\" data-element_type=\"column\" data-e-type=\"column\">\n\t\t\t<div class=\"elementor-widget-wrap elementor-element-populated\">\n\t\t\t\t\t\t<div class=\"elementor-element elementor-element-4ad5bb6 elementor-widget elementor-widget-text-editor\" data-id=\"4ad5bb6\" data-element_type=\"widget\" data-e-type=\"widget\" data-widget_type=\"text-editor.default\">\n\t\t\t\t<div class=\"elementor-widget-container\">\n\t\t\t\t\t\t\t\t\t<p><span style=\"font-weight: 400;\">L&rsquo;ann\u00e9e <\/span><b>2026<\/b><span style=\"font-weight: 400;\"> marque une \u00e9tape particuli\u00e8rement importante dans l\u2019histoire de <\/span><b>PRESTIGE<\/b><span style=\"font-weight: 400;\">. Lors du <\/span><b>Cannes Yachting Festival<\/b><span style=\"font-weight: 400;\">, pr\u00e9vu du <\/span><b>du 8 au 13 septembre<\/b><span style=\"font-weight: 400;\">, le chantier naval fran\u00e7ais pr\u00e9sente pas moins de <\/span><b>trois<\/b><span style=\"font-weight: 400;\"> nouveaux mod\u00e8les en avant-premi\u00e8re mondiale : <\/span><b>F6.7<\/b><span style=\"font-weight: 400;\">, <\/span><b>M6<\/b><span style=\"font-weight: 400;\">et <\/span> <b>M8 EVO<\/b><span style=\"font-weight: 400;\">. Une premi\u00e8re collective lors d\u2019un m\u00eame \u00e9v\u00e9nement qui illustre clairement la direction prise par la marque, alliant l\u2019\u00e9volution du design, le souci du confort \u00e0 bord et de nouvelles interpr\u00e9tations du yacht en tant que v\u00e9ritable maison en mer. Voici <\/span><b>trois<\/b><span style=\"font-weight: 400;\"> yachts dont l\u2019architecture et la philosophie de conception diff\u00e8rent, mais qui sont unis par une qu\u00eate pla\u00e7ant le confort, la luminosit\u00e9, la modularit\u00e9 des espaces et le rapport \u00e0 la mer au c\u0153ur de leur conception.<\/span><\/p><h2><b>PRESTIGE F6.7 : le nouveau fleuron de la gamme F<\/b><\/h2><p><b>PRESTIGE F6.7<\/b><span style=\"font-weight: 400;\"> incarne le summum de la nouvelle g\u00e9n\u00e9ration de la <\/span><b>gamme F-Line<\/b><span style=\"font-weight: 400;\">. Apr\u00e8s le renouvellement de la gamme avec le <\/span><b>F4.3<\/b><span style=\"font-weight: 400;\">et <\/span><b>F4.9<\/b><span style=\"font-weight: 400;\">et <\/span><b>F5.7<\/b><span style=\"font-weight: 400;\">, <\/span><b>PRESTIGE YACHTS<\/b><span style=\"font-weight: 400;\"> pousse son langage de conception vers des dimensions et des niveaux de raffinement sup\u00e9rieurs, en proposant un yacht con\u00e7u pour ceux qui consid\u00e8rent la vie \u00e0 bord comme le prolongement de leur mode de vie.<\/span><\/p><p><img decoding=\"async\" class=\"aligncenter size-full wp-image-172196\" src=\"https:\/\/www.yachtingnews.com\/wp-content\/uploads\/2026\/08\/prestige-f67.jpg\" alt=\"PRESTIGE f6,7\" width=\"928\" height=\"561\" srcset=\"https:\/\/www.yachtingnews.com\/wp-content\/uploads\/2026\/08\/prestige-f67.jpg 928w, https:\/\/www.yachtingnews.com\/wp-content\/uploads\/2026\/08\/prestige-f67-300x181.jpg 300w, https:\/\/www.yachtingnews.com\/wp-content\/uploads\/2026\/08\/prestige-f67-768x464.jpg 768w\" sizes=\"(max-width: 928px) 100vw, 928px\" \/><\/p><p><span style=\"font-weight: 400;\">\u00ab Ces derni\u00e8res ann\u00e9es, <\/span><b>PRESTIGE<\/b><span style=\"font-weight: 400;\"> a lanc\u00e9 le <\/span><b>F4.3<\/b><span style=\"font-weight: 400;\">, <\/span><b>le F4.9<\/b><span style=\"font-weight: 400;\">et <\/span><b>F5.7<\/b><span style=\"font-weight: 400;\"> . Avec le lancement du <\/span><b>F6.7<\/b><span style=\"font-weight: 400;\">, le chantier naval ach\u00e8ve la nouvelle g\u00e9n\u00e9ration de la <\/span><b>F-Line<\/b><span style=\"font-weight: 400;\">, proposant aujourd\u2019hui une gamme de flybridges enti\u00e8rement renouvel\u00e9e et coh\u00e9rente \u00bb, explique <\/span><b>Jean-Fran\u00e7ois Lair<\/b><span style=\"font-weight: 400;\">, directeur de marque de <\/span> <b>PRESTIGE<\/b><span style=\"font-weight: 400;\">. \u00ab<\/span><b>Le F6.7<\/b><span style=\"font-weight: 400;\"> r\u00e9pond \u00e9galement aux attentes en constante \u00e9volution des propri\u00e9taires d&rsquo;aujourd&rsquo;hui, qui ne se contentent plus de la performance ou du volume : ils souhaitent un yacht \u00e0 l&rsquo;image de leur mode de vie, alliant confort, flexibilit\u00e9 et offrant un v\u00e9ritable chez-soi en mer.\u00bb<\/span><\/p><p><span style=\"font-weight: 400;\">D&rsquo;une superficie de <\/span><b>170 m\u00b2<\/b><span style=\"font-weight: 400;\"> de surface habitable, le <\/span><b>F6.7<\/b><span style=\"font-weight: 400;\"> d\u00e9veloppe le concept d\u2019espace gr\u00e2ce \u00e0 une continuit\u00e9 quasi totale entre l\u2019int\u00e9rieur et l\u2019ext\u00e9rieur. Les nouvelles fen\u00eatres de coque agrandies accentuent la luminosit\u00e9 et le lien visuel avec la mer, tandis que les lignes ext\u00e9rieures, inspir\u00e9es par le mouvement de l\u2019eau, conf\u00e8rent au yacht un profil \u00e9l\u00e9gant et contemporain.<\/span><\/p><p><img decoding=\"async\" class=\"aligncenter size-full wp-image-172197\" src=\"https:\/\/www.yachtingnews.com\/wp-content\/uploads\/2026\/08\/prestige-f67-1.jpg\" alt=\"PRESTIGE\" width=\"973\" height=\"547\" srcset=\"https:\/\/www.yachtingnews.com\/wp-content\/uploads\/2026\/08\/prestige-f67-1.jpg 973w, https:\/\/www.yachtingnews.com\/wp-content\/uploads\/2026\/08\/prestige-f67-1-300x169.jpg 300w, https:\/\/www.yachtingnews.com\/wp-content\/uploads\/2026\/08\/prestige-f67-1-768x432.jpg 768w\" sizes=\"(max-width: 973px) 100vw, 973px\" \/><\/p><p><span style=\"font-weight: 400;\">\u00ab<\/span><b>F6.7<\/b><span style=\"font-weight: 400;\"> illustre l\u2019excellence de la marque dans la cr\u00e9ation de yachts intuitifs et raffin\u00e9s, fruit de nombreuses ann\u00e9es d\u2019exp\u00e9rience et de savoir-faire de la part de <\/span><b>PRESTIGE<\/b><span style=\"font-weight: 400;\"> \u00bb, souligne <\/span><b>Cl\u00e9mence Cessou<\/b><span style=\"font-weight: 400;\">, responsable marketing du chantier naval. \u00ab Ses <\/span><b>170 m\u00e8tres carr\u00e9s<\/b><span style=\"font-weight: 400;\"> d\u2019espace de vie offrent des agencements modulables, une circulation fluide et un lien permanent avec la mer, cr\u00e9ant ainsi une exp\u00e9rience de vie \u00e0 bord v\u00e9ritablement intuitive. Les espaces ext\u00e9rieurs ont \u00e9t\u00e9 con\u00e7us pour offrir une grande polyvalence et permettre aux invit\u00e9s de profiter de la mer \u00e0 tout moment de la journ\u00e9e. \u00c0 l\u2019int\u00e9rieur, le propri\u00e9taire d\u00e9couvre une atmosph\u00e8re raffin\u00e9e et le confort exceptionnel d\u2019une v\u00e9ritable maison sur l\u2019eau. \u00bb<\/span><\/p><h3><b>Un flybridge servant de terrasse panoramique<\/b><\/h3><p><span style=\"font-weight: 400;\">Le <\/span><b>flybridge de 26 m\u00b2<\/b><span style=\"font-weight: 400;\"> est con\u00e7u comme une v\u00e9ritable terrasse panoramique. Sa configuration modulaire permet d\u2019alterner moments de convivialit\u00e9 et de d\u00e9tente, gr\u00e2ce \u00e0 un vaste espace salon, un coin repas, une cuisine ext\u00e9rieure et diverses possibilit\u00e9s d\u2019am\u00e9nagement dans la partie arri\u00e8re.<\/span><\/p><p><img decoding=\"async\" class=\"aligncenter size-full wp-image-172198\" src=\"https:\/\/www.yachtingnews.com\/wp-content\/uploads\/2026\/08\/prestige-f67-flybridge.jpg\" alt=\"PRESTIGE F67 Flybridge\" width=\"972\" height=\"648\" srcset=\"https:\/\/www.yachtingnews.com\/wp-content\/uploads\/2026\/08\/prestige-f67-flybridge.jpg 972w, https:\/\/www.yachtingnews.com\/wp-content\/uploads\/2026\/08\/prestige-f67-flybridge-300x200.jpg 300w, https:\/\/www.yachtingnews.com\/wp-content\/uploads\/2026\/08\/prestige-f67-flybridge-768x512.jpg 768w\" sizes=\"(max-width: 972px) 100vw, 972px\" \/><\/p><p><span style=\"font-weight: 400;\">La zone du pont avant joue \u00e9galement un r\u00f4le central. Ici, <\/span><b>PRESTIGE<\/b><span style=\"font-weight: 400;\"> a am\u00e9nag\u00e9 un espace de d\u00e9tente propice \u00e0 la contemplation, dot\u00e9 d\u2019un grand transat, d\u2019un auvent et de si\u00e8ges dispos\u00e9s face \u00e0 face. Un cadre con\u00e7u pour vous accompagner \u00e0 chaque instant de la journ\u00e9e, du petit-d\u00e9jeuner \u00e0 la navigation, jusqu\u2019au coucher du soleil.<\/span><\/p><p><span style=\"font-weight: 400;\">\u00c0 l&rsquo;arri\u00e8re, le cockpit s&rsquo;\u00e9tend sur <\/span><b>deux<\/b><span style=\"font-weight: 400;\"> niveaux et se transforme en v\u00e9ritable terrasse sur la mer. Le grand transat au niveau de l\u2019eau dissimule de spacieux coffres de rangement pour les jeux aquatiques, tandis que la terrasse sup\u00e9rieure abrite un coin repas \u00e0 l\u2019abri. Cet espace peut \u00e9galement \u00eatre am\u00e9nag\u00e9 en v\u00e9ritable beach club.<\/span><\/p> <h3><b>La cuisine, au c\u0153ur de la vie \u00e0 bord<\/b><\/h3><p><span style=\"font-weight: 400;\">Sur le pont principal, qui offre une superficie de <\/span><b>83 m\u00b2<\/b><span style=\"font-weight: 400;\">, la cuisine endosse un r\u00f4le in\u00e9dit. L\u2019\u00eelot central, v\u00e9ritable c\u0153ur de la convivialit\u00e9, est entour\u00e9 de grandes baies vitr\u00e9es reliant le salon, le coin repas et le cockpit. Une configuration alternative, avec une banquette b\u00e2bord et une table pliante, est \u00e9galement disponible afin d\u2019adapter les espaces aux besoins du propri\u00e9taire.<\/span><\/p><p><img decoding=\"async\" class=\"aligncenter size-full wp-image-172199\" src=\"https:\/\/www.yachtingnews.com\/wp-content\/uploads\/2026\/08\/5aa91c29-5cfb-4dad-bff0-4c6ff39410f3.jpg\" alt=\"\" width=\"970\" height=\"560\" srcset=\"https:\/\/www.yachtingnews.com\/wp-content\/uploads\/2026\/08\/5aa91c29-5cfb-4dad-bff0-4c6ff39410f3.jpg 970w, https:\/\/www.yachtingnews.com\/wp-content\/uploads\/2026\/08\/5aa91c29-5cfb-4dad-bff0-4c6ff39410f3-300x173.jpg 300w, https:\/\/www.yachtingnews.com\/wp-content\/uploads\/2026\/08\/5aa91c29-5cfb-4dad-bff0-4c6ff39410f3-768x443.jpg 768w\" sizes=\"(max-width: 970px) 100vw, 970px\" \/><\/p><p><span style=\"font-weight: 400;\">Le pont inf\u00e9rieur est d\u00e9di\u00e9 \u00e0 l&rsquo;intimit\u00e9. L&rsquo;am\u00e9nagement standard comprend <\/span><b>trois<\/b><span style=\"font-weight: 400;\"> cabines, avec la possibilit\u00e9 d\u2019en ajouter une <\/span><b>quatri\u00e8me<\/b><span style=\"font-weight: 400;\">, pouvant accueillir jusqu\u2019\u00e0 <\/span><b>huit<\/b><span style=\"font-weight: 400;\"> personnes. La <\/span><b>suite propri\u00e9taire de 20 m\u00b2<\/b><span style=\"font-weight: 400;\"> suite du propri\u00e9taire, d\u2019une superficie de 20 m\u00b2, occupe la partie avant et dispose d\u2019un acc\u00e8s priv\u00e9 sans marche, de grandes baies vitr\u00e9es panoramiques et d\u2019une salle de bains attenante. La cabine de l\u2019\u00e9quipage, pr\u00e9vue pour <\/span><b>deux<\/b><span style=\"font-weight: 400;\"> personnes dispose d\u2019un acc\u00e8s ext\u00e9rieur ind\u00e9pendant et d\u2019une liaison directe avec la salle des machines. Les mat\u00e9riaux naturels, les tons doux, le rotin, le velours et les finitions raffin\u00e9es contribuent \u00e0 cr\u00e9er une atmosph\u00e8re de luxe discret, presque feutr\u00e9.<\/span><\/p><p><img decoding=\"async\" class=\"aligncenter size-full wp-image-172200\" src=\"https:\/\/www.yachtingnews.com\/wp-content\/uploads\/2026\/08\/prestige-f67-2.jpg\" alt=\"\" width=\"972\" height=\"456\" srcset=\"https:\/\/www.yachtingnews.com\/wp-content\/uploads\/2026\/08\/prestige-f67-2.jpg 972w, https:\/\/www.yachtingnews.com\/wp-content\/uploads\/2026\/08\/prestige-f67-2-300x141.jpg 300w, https:\/\/www.yachtingnews.com\/wp-content\/uploads\/2026\/08\/prestige-f67-2-768x360.jpg 768w\" sizes=\"(max-width: 972px) 100vw, 972px\" \/><\/p><p><span style=\"font-weight: 400;\">Sur le plan technologique, le yacht peut \u00eatre \u00e9quip\u00e9 d\u2019un <\/span><b>mode silencieux<\/b><span style=\"font-weight: 400;\">, tandis que le <\/span><b>syst\u00e8me SEANAPPS<\/b><span style=\"font-weight: 400;\"> permet la surveillance et la gestion \u00e0 distance des syst\u00e8mes embarqu\u00e9s. Le <\/span><b>suite<\/b><span style=\"font-weight: 400;\"> int\u00e8gre la navigation, la surveillance et les man\u0153uvres au sein d\u2019une interface intuitive.<\/span><\/p><h2><b>PRESTIGE M6 : une v\u00e9ritable maison sur la mer sous la forme d\u2019un multicoque<\/b><\/h2><p><span style=\"font-weight: 400;\">Le <\/span><b>deuxi\u00e8me<\/b><span style=\"font-weight: 400;\"> premi\u00e8re mondiale de <\/span><b>PRESTIGE<\/b><span style=\"font-weight: 400;\"> \u00e0 <\/span><b>Cannes<\/b><span style=\"font-weight: 400;\"> est la <\/span><b>M6<\/b><span style=\"font-weight: 400;\"> , une \u00e9volution naturelle du <\/span><b>M48<\/b><span style=\"font-weight: 400;\"> qui, en <\/span><b>2022<\/b><span style=\"font-weight: 400;\"> a marqu\u00e9 l\u2019entr\u00e9e du chantier naval sur le segment des multicoques \u00e0 moteur. Ce nouveau mod\u00e8le s\u2019appuie directement sur l\u2019exp\u00e9rience acquise avec le <\/span><b>propri\u00e9taires du M48<\/b><span style=\"font-weight: 400;\"> , en recueillant leurs retours d&rsquo;exp\u00e9rience et leurs suggestions \u00e0 l&rsquo;issue de longs s\u00e9jours \u00e0 bord.<\/span><\/p><p><img decoding=\"async\" class=\"aligncenter size-full wp-image-172202\" src=\"https:\/\/www.yachtingnews.com\/wp-content\/uploads\/2026\/08\/prestige-m6.jpg\" alt=\"PRESTIGE Cannes M6\" width=\"782\" height=\"537\" srcset=\"https:\/\/www.yachtingnews.com\/wp-content\/uploads\/2026\/08\/prestige-m6.jpg 782w, https:\/\/www.yachtingnews.com\/wp-content\/uploads\/2026\/08\/prestige-m6-300x206.jpg 300w, https:\/\/www.yachtingnews.com\/wp-content\/uploads\/2026\/08\/prestige-m6-768x527.jpg 768w\" sizes=\"(max-width: 782px) 100vw, 782px\" \/><\/p><p><span style=\"font-weight: 400;\">\u00c0 <\/span><b>48 pieds<\/b><span style=\"font-weight: 400;\">, la <\/span><b>M6<\/b><span style=\"font-weight: 400;\"> offre une <\/span><b>110 m\u00b2<\/b><span style=\"font-weight: 400;\"> de surface habitable, avec une sensation d\u2019espace comparable \u00e0 celle d\u2019un yacht d\u2019environ <\/span><b>60 pieds<\/b><span style=\"font-weight: 400;\">. Mais la dimension n\u2019est pas au c\u0153ur du projet. <\/span><b>Le M6<\/b><span style=\"font-weight: 400;\"> a \u00e9t\u00e9 con\u00e7u pour des s\u00e9jours prolong\u00e9s \u00e0 bord, en accordant une attention particuli\u00e8re \u00e0 la convivialit\u00e9 familiale, aux espaces de rangement et \u00e0 la facilit\u00e9 de d\u00e9placement.<\/span><\/p><p><span style=\"font-weight: 400;\">La cuisine, tr\u00e8s appr\u00e9ci\u00e9e \u00e0 bord du <\/span><b>M48<\/b><span style=\"font-weight: 400;\">, occupe toujours une place centrale dans la vie \u00e0 bord. Des espaces de rangement ont \u00e9t\u00e9 int\u00e9gr\u00e9s pratiquement partout, y compris sous les si\u00e8ges, ce qui renforce la fonctionnalit\u00e9 sans alt\u00e9rer l&rsquo;esth\u00e9tique des espaces.<\/span><\/p><p><img decoding=\"async\" class=\"aligncenter size-full wp-image-172203\" src=\"https:\/\/www.yachtingnews.com\/wp-content\/uploads\/2026\/08\/cf5ce538-55e2-4095-875c-75c0abe2323f.jpg\" alt=\"\" width=\"880\" height=\"540\" srcset=\"https:\/\/www.yachtingnews.com\/wp-content\/uploads\/2026\/08\/cf5ce538-55e2-4095-875c-75c0abe2323f.jpg 880w, https:\/\/www.yachtingnews.com\/wp-content\/uploads\/2026\/08\/cf5ce538-55e2-4095-875c-75c0abe2323f-300x184.jpg 300w, https:\/\/www.yachtingnews.com\/wp-content\/uploads\/2026\/08\/cf5ce538-55e2-4095-875c-75c0abe2323f-768x471.jpg 768w\" sizes=\"(max-width: 880px) 100vw, 880px\" \/><\/p><p><b>M6<\/b><span style=\"font-weight: 400;\"> conserve la coque \u00e9prouv\u00e9e du <\/span><b>M48<\/b><span style=\"font-weight: 400;\">, tout en lui conf\u00e9rant une silhouette enti\u00e8rement revisit\u00e9e. De nouvelles lignes ext\u00e9rieures, un pare-brise int\u00e9gr\u00e9, des ailes redessin\u00e9es et une nouvelle ligne de toit lui conf\u00e8rent un profil plus \u00e9pur\u00e9 et plus contemporain. La plaque signal\u00e9tique en acier portant la mention <\/span><b>M6<\/b><span style=\"font-weight: 400;\"> devient un \u00e9l\u00e9ment distinctif, tandis que le flybridge, les balcons et les garde-corps ont \u00e9t\u00e9 redessin\u00e9s selon les codes de <\/span><b>PRESTIGE<\/b><span style=\"font-weight: 400;\">.<\/span><\/p><p><span style=\"font-weight: 400;\">Les <\/span><b>flybridge de 18 m\u00b2<\/b><span style=\"font-weight: 400;\"> le flybridge est une terrasse panoramique d\u00e9di\u00e9e \u00e0 la d\u00e9tente. Les bains de soleil int\u00e8grent des coffres de rangement, tandis que le mobilier modulaire ind\u00e9pendant all\u00e8ge visuellement l\u2019espace. Les formes arrondies et les tons doux contribuent \u00e0 cr\u00e9er une atmosph\u00e8re chaleureuse, id\u00e9ale pour les longs mouillages et les soir\u00e9es conviviales.<\/span><\/p><p><img decoding=\"async\" class=\"aligncenter size-full wp-image-172204\" src=\"https:\/\/www.yachtingnews.com\/wp-content\/uploads\/2026\/08\/prestige-cannes-m6-flybridge.jpg\" alt=\"PRESTIGE Cannes\" width=\"882\" height=\"535\" srcset=\"https:\/\/www.yachtingnews.com\/wp-content\/uploads\/2026\/08\/prestige-cannes-m6-flybridge.jpg 882w, https:\/\/www.yachtingnews.com\/wp-content\/uploads\/2026\/08\/prestige-cannes-m6-flybridge-300x182.jpg 300w, https:\/\/www.yachtingnews.com\/wp-content\/uploads\/2026\/08\/prestige-cannes-m6-flybridge-768x466.jpg 768w\" sizes=\"(max-width: 882px) 100vw, 882px\" \/><\/p><h3><b>Des int\u00e9rieurs lumineux con\u00e7us pour les longues croisi\u00e8res<\/b><\/h3><p><span style=\"font-weight: 400;\">Sur le pont principal, la lumi\u00e8re naturelle p\u00e9n\u00e8tre par de grandes fen\u00eatres dans la coque qui facilitent la ventilation et renforcent le lien avec la mer. La cuisine enti\u00e8rement \u00e9quip\u00e9e reste le c\u0153ur de la vie quotidienne, tandis que de nouveaux canap\u00e9s et une palette de couleurs plus douces soulignent l\u2019\u00e9l\u00e9gance discr\u00e8te de l\u2019int\u00e9rieur.<\/span><\/p><p><span style=\"font-weight: 400;\">La cabine du propri\u00e9taire a \u00e9t\u00e9 enti\u00e8rement repens\u00e9e et dispose d\u00e9sormais de plus de placards et de solutions de mobilier int\u00e9gr\u00e9es. Un canap\u00e9 et un bureau compl\u00e8tent l&rsquo;espace, tandis que la salle de bains attenante offre un agencement plus fonctionnel et une douche s\u00e9par\u00e9e.<\/span><\/p><p><img decoding=\"async\" class=\"aligncenter size-full wp-image-172205\" src=\"https:\/\/www.yachtingnews.com\/wp-content\/uploads\/2026\/08\/cf5ce538-55e2-4095-875c-75c0abe2323f-1.jpg\" alt=\"\" width=\"882\" height=\"535\" srcset=\"https:\/\/www.yachtingnews.com\/wp-content\/uploads\/2026\/08\/cf5ce538-55e2-4095-875c-75c0abe2323f-1.jpg 882w, https:\/\/www.yachtingnews.com\/wp-content\/uploads\/2026\/08\/cf5ce538-55e2-4095-875c-75c0abe2323f-1-300x182.jpg 300w, https:\/\/www.yachtingnews.com\/wp-content\/uploads\/2026\/08\/cf5ce538-55e2-4095-875c-75c0abe2323f-1-768x466.jpg 768w\" sizes=\"(max-width: 882px) 100vw, 882px\" \/><\/p><p><b>Le M6<\/b><span style=\"font-weight: 400;\"> est disponible avec <\/span><b>trois<\/b><span style=\"font-weight: 400;\"> ou <\/span><b>quatre<\/b><span style=\"font-weight: 400;\"> cabines et peut accueillir jusqu\u2019\u00e0 <\/span><b>huit<\/b><span style=\"font-weight: 400;\"> personnes. Le <\/span><b>configuration \u00e0 trois cabines<\/b><span style=\"font-weight: 400;\"> est particuli\u00e8rement recommand\u00e9e pour les croisi\u00e8res de longue dur\u00e9e, gr\u00e2ce \u00e0 une r\u00e9partition optimis\u00e9e de l\u2019espace.<\/span><\/p><p><span style=\"font-weight: 400;\">Le yacht est propuls\u00e9 par <\/span><b>deux moteurs Volvo D6 de 380 HP<\/b><span style=\"font-weight: 400;\"> \u00e9quip\u00e9s d\u2019un <\/span><b>transmission V-Drive<\/b><span style=\"font-weight: 400;\"> . Cette nouvelle configuration offre de bonnes performances \u00e0 bas r\u00e9gime, ce qui pr\u00e9sente des avantages en termes d\u2019autonomie, de vibrations et de niveau sonore. Le r\u00e9sultat est un yacht ax\u00e9 sur la facilit\u00e9 d\u2019utilisation : chaque \u00e9l\u00e9ment, de l\u2019agencement des espaces aux rangements, a \u00e9t\u00e9 con\u00e7u pour rendre la vie en mer plus naturelle.<\/span><\/p><h2><b>PRESTIGE M8 EVO : le fleuron des multicoques \u00e9volue<\/b><\/h2><p><span style=\"font-weight: 400;\">Enfin, avec le nouveau <\/span><b>M8 EVO<\/b><span style=\"font-weight: 400;\">, <\/span><b>PRESTIGE<\/b><span style=\"font-weight: 400;\"> actualise son mod\u00e8le phare de la <\/span><b>gamme M-Line<\/b><span style=\"font-weight: 400;\"> et fait \u00e9voluer la vision inaugur\u00e9e par le <\/span><b>M48<\/b><span style=\"font-weight: 400;\"> , puis d\u00e9velopp\u00e9e avec le <\/span><b>M7<\/b><span style=\"font-weight: 400;\"> et <\/span><b>M8<\/b><span style=\"font-weight: 400;\">. L&rsquo;architecture \u00e0 double coque offre une largeur, une stabilit\u00e9 et des volumes importants, g\u00e9n\u00e9ralement associ\u00e9s \u00e0 des yachts de plus grande taille.<\/span><\/p><p><img decoding=\"async\" class=\"aligncenter size-full wp-image-172206\" src=\"https:\/\/www.yachtingnews.com\/wp-content\/uploads\/2026\/08\/prestige-m8-evo.jpg\" alt=\"PRESTIGE M8\" width=\"779\" height=\"401\" srcset=\"https:\/\/www.yachtingnews.com\/wp-content\/uploads\/2026\/08\/prestige-m8-evo.jpg 779w, https:\/\/www.yachtingnews.com\/wp-content\/uploads\/2026\/08\/prestige-m8-evo-300x154.jpg 300w, https:\/\/www.yachtingnews.com\/wp-content\/uploads\/2026\/08\/prestige-m8-evo-768x395.jpg 768w\" sizes=\"(max-width: 779px) 100vw, 779px\" \/><\/p><p><span style=\"font-weight: 400;\">Le profil a \u00e9t\u00e9 mis \u00e0 jour le <\/span><b>trois<\/b><span style=\"font-weight: 400;\"> \u00e9l\u00e9ments principaux : de nouvelles fen\u00eatres de coque, une ligne de flottaison noire affin\u00e9e et un toit rigide enti\u00e8rement repens\u00e9. Le r\u00e9sultat est une silhouette plus harmonieuse et plus \u00e9pur\u00e9e, alliant l&rsquo;\u00e9l\u00e9gance d&rsquo;un yacht \u00e0 moteur traditionnel aux avantages d&rsquo;une plate-forme multicoque.<\/span><\/p><p><span style=\"font-weight: 400;\">L&rsquo;architecture \u00e0 double coque a \u00e9t\u00e9 sp\u00e9cialement con\u00e7ue pour un yacht \u00e0 moteur. La stabilit\u00e9 accrue, tant en navigation qu&rsquo;au mouillage, r\u00e9duit le roulis et am\u00e9liore le confort dans diverses conditions de mer. L&rsquo;optimisation des coques contribue \u00e9galement \u00e0 limiter la consommation de carburant et <\/span><b>les \u00e9missions de CO\u2082<\/b><span style=\"font-weight: 400;\"> par rapport \u00e0 un monocoque de volume \u00e9quivalent. \u00c0 cela s\u2019ajoutent des mat\u00e9riaux \u00e0 faible impact environnemental, notamment des bois issus de sources responsables, du cuir tann\u00e9 v\u00e9g\u00e9tal et des finitions respectueuses de l\u2019environnement.<\/span><\/p><p><img decoding=\"async\" class=\"aligncenter size-full wp-image-172207\" src=\"https:\/\/www.yachtingnews.com\/wp-content\/uploads\/2026\/08\/4988c893-648f-429e-90de-c0cd9dc2931c.jpg\" alt=\"PRESTIGE Cannes\" width=\"882\" height=\"449\" srcset=\"https:\/\/www.yachtingnews.com\/wp-content\/uploads\/2026\/08\/4988c893-648f-429e-90de-c0cd9dc2931c.jpg 882w, https:\/\/www.yachtingnews.com\/wp-content\/uploads\/2026\/08\/4988c893-648f-429e-90de-c0cd9dc2931c-300x153.jpg 300w, https:\/\/www.yachtingnews.com\/wp-content\/uploads\/2026\/08\/4988c893-648f-429e-90de-c0cd9dc2931c-768x391.jpg 768w\" sizes=\"(max-width: 882px) 100vw, 882px\" \/><\/p><p><span style=\"font-weight: 400;\">Le pack optionnel <\/span><b>\u00ab Silent Mode Pack \u00bb<\/b><span style=\"font-weight: 400;\"> , associ\u00e9 \u00e0 une gestion optimis\u00e9e de l\u2019\u00e9nergie et \u00e0 des panneaux solaires, permet de prolonger les s\u00e9jours au mouillage tout en r\u00e9duisant le bruit, les vibrations et les \u00e9missions directes.<\/span><\/p><h3><b>Une nouvelle fa\u00e7on de profiter du flybridge<\/b><\/h3><p><span style=\"font-weight: 400;\">Le flybridge du<\/span><a href=\"https:\/\/www.yachtingnews.com\/fr\/prestige-m8-evo-essai-en-mer\/\"> M8 EVO<\/a><span style=\"font-weight: 400;\"> a \u00e9t\u00e9 enti\u00e8rement repens\u00e9 et s&rsquo;\u00e9tend d\u00e9sormais sur toute la largeur du yacht. La suppression de l&rsquo;escalier int\u00e9rieur et la refonte des supports du toit rigide amplifient la sensation d&rsquo;espace et fluidifient les d\u00e9placements entre les diff\u00e9rents espaces. Il en r\u00e9sulte un v\u00e9ritable espace de vie en plein air, baign\u00e9 de lumi\u00e8re naturelle et offrant une vue panoramique imprenable. La partie arri\u00e8re, plus ouverte, peut \u00eatre am\u00e9nag\u00e9e selon les besoins du propri\u00e9taire. Le cockpit reste l\u2019un des espaces les plus spectaculaires du yacht : une immense terrasse sur la mer qui \u00e9tablit un lien direct avec l\u2019eau.<\/span><\/p><p><img decoding=\"async\" class=\"aligncenter size-full wp-image-172208\" src=\"https:\/\/www.yachtingnews.com\/wp-content\/uploads\/2026\/08\/prestige-m8-evo-flybridge.jpg\" alt=\"\" width=\"828\" height=\"489\" srcset=\"https:\/\/www.yachtingnews.com\/wp-content\/uploads\/2026\/08\/prestige-m8-evo-flybridge.jpg 828w, https:\/\/www.yachtingnews.com\/wp-content\/uploads\/2026\/08\/prestige-m8-evo-flybridge-300x177.jpg 300w, https:\/\/www.yachtingnews.com\/wp-content\/uploads\/2026\/08\/prestige-m8-evo-flybridge-768x454.jpg 768w\" sizes=\"(max-width: 828px) 100vw, 828px\" \/><\/p><h3><b>Le pont principal et la suite du propri\u00e9taire<\/b><\/h3><p><span style=\"font-weight: 400;\">L\u2019int\u00e9rieur a \u00e9galement \u00e9t\u00e9 repens\u00e9 pour allier convivialit\u00e9 et intimit\u00e9. La nouvelle cuisine, situ\u00e9e \u00e0 c\u00f4t\u00e9 du poste de pilotage, int\u00e8gre un coin repas avec un bar, agrandi et d\u00e9cal\u00e9 vers tribord. L&rsquo;ensemble s&rsquo;ouvre naturellement sur le salon, favorisant les moments de convivialit\u00e9 tout en permettant un service discret. De grandes baies vitr\u00e9es inondent l\u2019int\u00e9rieur de lumi\u00e8re tout au long de la journ\u00e9e, tandis que les sols de plain-pied et les passages continus renforcent la sensation d\u2019espace.<\/span><\/p><p><span style=\"font-weight: 400;\">La suite du propri\u00e9taire, qui occupe toute la largeur du navire, constitue l&rsquo;un des atouts les plus marquants du <\/span><b>M8 EVO<\/b><span style=\"font-weight: 400;\">. Le nouveau dressing est agenc\u00e9 en <\/span><b>deux<\/b><span style=\"font-weight: 400;\"> espaces individuels, tandis qu\u2019un bureau et un espace d\u00e9tente assurent une transition naturelle entre la chambre et la salle de bains. Un cadre qui <\/span><b>PRESTIGE<\/b><span style=\"font-weight: 400;\"> interpr\u00e8te comme un \u00abpenthouse au bord de la mer\u00bb.<\/span><\/p><p><img decoding=\"async\" class=\"aligncenter size-full wp-image-172209\" src=\"https:\/\/www.yachtingnews.com\/wp-content\/uploads\/2026\/08\/4988c893-648f-429e-90de-c0cd9dc2931c-1.jpg\" alt=\"Prestige M8 Evo  \" width=\"882\" height=\"523\" srcset=\"https:\/\/www.yachtingnews.com\/wp-content\/uploads\/2026\/08\/4988c893-648f-429e-90de-c0cd9dc2931c-1.jpg 882w, https:\/\/www.yachtingnews.com\/wp-content\/uploads\/2026\/08\/4988c893-648f-429e-90de-c0cd9dc2931c-1-300x178.jpg 300w, https:\/\/www.yachtingnews.com\/wp-content\/uploads\/2026\/08\/4988c893-648f-429e-90de-c0cd9dc2931c-1-768x455.jpg 768w\" sizes=\"(max-width: 882px) 100vw, 882px\" \/><\/p><p><span style=\"font-weight: 400;\">La personnalisation constitue une autre caract\u00e9ristique distinctive. Les configurations, les agencements et les finitions peuvent \u00eatre combin\u00e9s pour cr\u00e9er un yacht parfaitement adapt\u00e9 au mode de vie de chaque propri\u00e9taire.<\/span><\/p><p><span style=\"font-weight: 400;\">Le design int\u00e9rieur s&rsquo;inspire de l&rsquo;architecture moderniste, qu&rsquo;il r\u00e9interpr\u00e8te \u00e0 travers une sensibilit\u00e9 contemporaine. Des tons naturels, des bleus profonds, des formes \u00e9pur\u00e9es et des mat\u00e9riaux soigneusement s\u00e9lectionn\u00e9s cr\u00e9ent un environnement \u00e0 la fois \u00e9l\u00e9gant et accueillant. \u00ab Avec le <\/span><b>M8 EVO<\/b><span style=\"font-weight: 400;\">, nous avons souhait\u00e9 cr\u00e9er une atmosph\u00e8re plus intime et chaleureuse, o\u00f9 l\u2019inspiration moderniste se marie \u00e0 une r\u00e9interpr\u00e9tation contemporaine de l\u2019 <\/span><b>glamour Art d\u00e9co<\/b><span style=\"font-weight: 400;\"> \u00bb, explique l\u2019architecte d\u2019int\u00e9rieur <\/span><b>Valentina Motta<\/b><span style=\"font-weight: 400;\">. \u00ab La puret\u00e9 des formes, associ\u00e9e \u00e0 des mat\u00e9riaux naturels chaleureux et \u00e0 des teintes profondes, laisse aux propri\u00e9taires toute latitude pour personnaliser pleinement leur yacht. \u00bb<\/span><\/p><h2><b>Conclusions<\/b><\/h2><p><span style=\"font-weight: 400;\">La pr\u00e9sence de <\/span><b>PRESTIGE<\/b><span style=\"font-weight: 400;\"> au <\/span><b>Cannes Yachting Festival 2026<\/b><span style=\"font-weight: 400;\"> rev\u00eat une importance qui va bien au-del\u00e0 de la simple pr\u00e9sentation de <\/span><b>trois<\/b><span style=\"font-weight: 400;\"> nouveaux mod\u00e8les. <\/span><b>F6.7<\/b><span style=\"font-weight: 400;\">, <\/span><b>M6<\/b><span style=\"font-weight: 400;\">et <\/span><b>M8 EVO<\/b><span style=\"font-weight: 400;\"> repr\u00e9sentent <\/span><b>trois<\/b><span style=\"font-weight: 400;\"> interpr\u00e9tations compl\u00e9mentaires d\u2019un m\u00eame concept de plaisance : profiter de la mer avec davantage de libert\u00e9, de confort et de naturel.<\/span><\/p><ul><li><b>F6,7<\/b><span style=\"font-weight: 400;\"> met en avant la <\/span><b>gamme F-Line<\/b><span style=\"font-weight: 400;\"> \u00e0 son apog\u00e9e, transformant ce yacht \u00e0 flybridge en une v\u00e9ritable demeure contemporaine en mer.<\/span><\/li><li><b>Le M6<\/b><span style=\"font-weight: 400;\"> consolide la vision des multicoques de <\/span><b>PRESTIGE<\/b><span style=\"font-weight: 400;\"> gr\u00e2ce \u00e0 une plate-forme compacte mais \u00e9tonnamment spacieuse, con\u00e7ue pour les longues croisi\u00e8res.<\/span><\/li><li><b>Le M8 EVO<\/b><span style=\"font-weight: 400;\"> fait \u00e9voluer le fleuron de la gamme <\/span><b>gamme M-Line<\/b><span style=\"font-weight: 400;\"> en offrant davantage d\u2019ouverture, de personnalisation et de raffinement.<\/span><\/li><\/ul><p><b>Trois<\/b><span style=\"font-weight: 400;\"> premi\u00e8res mondiales au sein d\u2019un m\u00eame salon constituent une \u00e9tape importante. Mais avant tout, elles t\u00e9moignent d\u2019une strat\u00e9gie : <\/span><b>PRESTIGE<\/b><span style=\"font-weight: 400;\"> entend continuer \u00e0 red\u00e9finir le concept de la vie \u00e0 bord, en pla\u00e7ant au centre non seulement le yacht, mais aussi l\u2019exp\u00e9rience de vie qu\u2019il procure.<\/span><\/p><h2><b>PRESTIGE \u00e0 Cannes 2026 \u2013 FAQ<\/b><\/h2>\t\t\t\t\t\t\t\t<\/div>\n\t\t\t\t<\/div>\n\t\t\t\t<div class=\"elementor-element elementor-element-df909d8 elementor-grid-1 elementor-grid-tablet-2 elementor-grid-mobile-1 elementor-widget elementor-widget-uael-faq\" data-id=\"df909d8\" data-element_type=\"widget\" data-e-type=\"widget\" data-widget_type=\"uael-faq.default\">\n\t\t\t\t<div class=\"elementor-widget-container\">\n\t\t\t\t\t\n\t\t\t<div id='uael-faq-wrapper-234' class=\"uael-faq-wrapper\">\n\t\t\t\t<div class=\"uael-faq-container uael-faq-layout-grid elementor-grid\" >\n\t\t\t\t\t\t\t\t\t\t\t\t<div id=\"uael-accordion-f2f9106\" class=\"uael-faq-accordion elementor-grid-item\" role=\"tablist\">\n\t\t\t\t\t\t\t\t<div class= \"uael-accordion-title\" aria-expanded=\"false\" role=\"tab\">\n\t\t\t\t\t\t\t\t\t<span class=\"uael-accordion-icon uael-accordion-icon-\">\n\t\t\t\t\t\t\t\t\t\t<span class=\"uael-accordion-icon-closed\"><\/span>\n\t\t\t\t\t\t\t\t\t\t<span class=\"uael-accordion-icon-opened\"><\/span>\n\t\t\t\t\t\t\t\t\t<\/span>\n\t\t\t\t\t\t\t\t\t<h3 class=\"uael-question-f2f9106 uael-question-span\" tabindex=\"0\" id=\"uael-faq-1-6a9758f4096dc\">Quels sont les trois nouveaux mod\u00e8les Prestige pr\u00e9sent\u00e9s au Cannes Yachting Festival 2026 ?<\/h3>\n\t\t\t\t\t\t\t\t<\/div>\n\t\t\t\t\t\t\t\t<div class=\"uael-accordion-content\" role=\"tabpanel\">\n\t\t\t\t\t\t\t\t\t<span>\n\t\t\t\t\t\t\t\t\t<span><p>PRESTIGE pr\u00e9sente en premi\u00e8re mondiale les mod\u00e8les F6.7, M6 et M8 EVO, trois mod\u00e8les qui incarnent l'\u00e9volution des gammes F-Line et M-Line.<\/p><\/span>\t\t\t\t\t\t\t\t\t<\/span>\n\t\t\t\t\t\t\t\t<\/div>\n\t\t\t\t\t\t\t<\/div>\n\t\t\t\t\t\t\t\t\t\t\t\t\t\t<div id=\"uael-accordion-5b10133\" class=\"uael-faq-accordion elementor-grid-item\" role=\"tablist\">\n\t\t\t\t\t\t\t\t<div class= \"uael-accordion-title\" aria-expanded=\"false\" role=\"tab\">\n\t\t\t\t\t\t\t\t\t<span class=\"uael-accordion-icon uael-accordion-icon-\">\n\t\t\t\t\t\t\t\t\t\t<span class=\"uael-accordion-icon-closed\"><\/span>\n\t\t\t\t\t\t\t\t\t\t<span class=\"uael-accordion-icon-opened\"><\/span>\n\t\t\t\t\t\t\t\t\t<\/span>\n\t\t\t\t\t\t\t\t\t<h3 class=\"uael-question-5b10133 uael-question-span\" tabindex=\"0\" id=\"uael-faq-2-6a9758f4096f5\">Quelles sont les principales caract\u00e9ristiques du PRESTIGE F6.7 ?<\/h3>\n\t\t\t\t\t\t\t\t<\/div>\n\t\t\t\t\t\t\t\t<div class=\"uael-accordion-content\" role=\"tabpanel\">\n\t\t\t\t\t\t\t\t\t<span>\n\t\t\t\t\t\t\t\t\t<span><p>Le F6.7 est le nouveau fleuron de la gamme F-Line. Il offre une surface habitable de 170 m\u00b2, un flybridge de 26 m\u00b2, de vastes espaces ext\u00e9rieurs et une configuration int\u00e9rieure pouvant accueillir jusqu\u2019\u00e0 quatre cabines et huit passagers.<\/p><\/span>\t\t\t\t\t\t\t\t\t<\/span>\n\t\t\t\t\t\t\t\t<\/div>\n\t\t\t\t\t\t\t<\/div>\n\t\t\t\t\t\t\t\t\t\t\t\t\t\t<div id=\"uael-accordion-2dc1bf1\" class=\"uael-faq-accordion elementor-grid-item\" role=\"tablist\">\n\t\t\t\t\t\t\t\t<div class= \"uael-accordion-title\" aria-expanded=\"false\" role=\"tab\">\n\t\t\t\t\t\t\t\t\t<span class=\"uael-accordion-icon uael-accordion-icon-\">\n\t\t\t\t\t\t\t\t\t\t<span class=\"uael-accordion-icon-closed\"><\/span>\n\t\t\t\t\t\t\t\t\t\t<span class=\"uael-accordion-icon-opened\"><\/span>\n\t\t\t\t\t\t\t\t\t<\/span>\n\t\t\t\t\t\t\t\t\t<h3 class=\"uael-question-2dc1bf1 uael-question-span\" tabindex=\"0\" id=\"uael-faq-3-6a9758f409704\">Combien de personnes le PRESTIGE M6 peut-il accueillir ?<\/h3>\n\t\t\t\t\t\t\t\t<\/div>\n\t\t\t\t\t\t\t\t<div class=\"uael-accordion-content\" role=\"tabpanel\">\n\t\t\t\t\t\t\t\t\t<span>\n\t\t\t\t\t\t\t\t\t<span><p>Le M6 peut accueillir jusqu'\u00e0 huit personnes et est disponible en version \u00e0 trois ou quatre cabines. La configuration \u00e0 trois cabines est particuli\u00e8rement recommand\u00e9e pour les croisi\u00e8res de longue dur\u00e9e.<\/p><\/span>\t\t\t\t\t\t\t\t\t<\/span>\n\t\t\t\t\t\t\t\t<\/div>\n\t\t\t\t\t\t\t<\/div>\n\t\t\t\t\t\t\t\t\t\t\t\t\t\t<div id=\"uael-accordion-4c6ac3d\" class=\"uael-faq-accordion elementor-grid-item\" role=\"tablist\">\n\t\t\t\t\t\t\t\t<div class= \"uael-accordion-title\" aria-expanded=\"false\" role=\"tab\">\n\t\t\t\t\t\t\t\t\t<span class=\"uael-accordion-icon uael-accordion-icon-\">\n\t\t\t\t\t\t\t\t\t\t<span class=\"uael-accordion-icon-closed\"><\/span>\n\t\t\t\t\t\t\t\t\t\t<span class=\"uael-accordion-icon-opened\"><\/span>\n\t\t\t\t\t\t\t\t\t<\/span>\n\t\t\t\t\t\t\t\t\t<h3 class=\"uael-question-4c6ac3d uael-question-span\" tabindex=\"0\" id=\"uael-faq-4-6a9758f409712\">Quelles sont les principales nouveaut\u00e9s du PRESTIGE M8 EVO ?<\/h3>\n\t\t\t\t\t\t\t\t<\/div>\n\t\t\t\t\t\t\t\t<div class=\"uael-accordion-content\" role=\"tabpanel\">\n\t\t\t\t\t\t\t\t\t<span>\n\t\t\t\t\t\t\t\t\t<span><p>Le M8 EVO se distingue par un flybridge occupant toute la largeur du yacht, de nouvelles baies vitr\u00e9es sur la coque, un toit rigide redessin\u00e9 et une suite propri\u00e9taire occupant toute la largeur du bateau. Sa conception met \u00e9galement l'accent sur la personnalisation, la luminosit\u00e9 et la continuit\u00e9 spatiale.<\/p><\/span>\t\t\t\t\t\t\t\t\t<\/span>\n\t\t\t\t\t\t\t\t<\/div>\n\t\t\t\t\t\t\t<\/div>\n\t\t\t\t\t\t\t\t\t\t\t<\/div>\n\t\t\t<\/div>\n\t\t\t\t\t\t\t<\/div>\n\t\t\t\t<\/div>\n\t\t\t\t<div class=\"elementor-element elementor-element-1d4d14c elementor-widget elementor-widget-text-editor\" data-id=\"1d4d14c\" data-element_type=\"widget\" data-e-type=\"widget\" data-widget_type=\"text-editor.default\">\n\t\t\t\t<div class=\"elementor-widget-container\">\n\t\t\t\t\t\t\t\t\t<h2><b>Sources et r\u00e9f\u00e9rences<\/b><\/h2><table><thead><tr><th>Source<\/th><th>Description et contenu fourni<\/th><\/tr><\/thead><tbody><tr><td><a href=\"https:\/\/www.prestige-yachts.com\/\" target=\"_blank\" rel=\"noopener\">PRESTIGE YACHTS<\/a><\/td><td>Donn\u00e9es officielles concernant les mod\u00e8les F6.7, M6 et M8 EVO, leurs caract\u00e9ristiques techniques, leurs configurations, leurs surfaces, leurs options de motorisation et leurs technologies embarqu\u00e9es.<\/td><\/tr><tr><td><a href=\"https:\/\/www.cannesyachtingfestival.com\/\" target=\"_blank\" rel=\"noopener\">Cannes Yachting Festival<\/a><\/td><td>Informations sur l&rsquo;\u00e9dition 2026 du salon et la pr\u00e9sentation en premi\u00e8re mondiale des trois nouveaux mod\u00e8les PRESTIGE.<\/td><\/tr><\/tbody><\/table>\t\t\t\t\t\t\t\t<\/div>\n\t\t\t\t<\/div>\n\t\t\t\t\t<\/div>\n\t\t<\/div>\n\t\t\t\t\t<\/div>\n\t\t<\/section>\n\t\t\t\t<\/div>\n\t\t","protected":false},"excerpt":{"rendered":"<p>L&rsquo;ann\u00e9e 2026 marque une \u00e9tape particuli\u00e8rement importante dans l\u2019histoire de PRESTIGE. Lors du Cannes Yachting Festival, pr\u00e9vu du du 8 au 13 septembre, le chantier naval fran\u00e7ais pr\u00e9sente pas moins de trois nouveaux mod\u00e8les en avant-premi\u00e8re mondiale : F6.7, M6et M8 EVO. Une premi\u00e8re collective lors d\u2019un m\u00eame \u00e9v\u00e9nement qui illustre clairement la direction prise [&hellip;]<\/p>\n","protected":false},"author":45,"featured_media":172223,"comment_status":"open","ping_status":"closed","sticky":false,"template":"","format":"standard","meta":{"_mo_disable_npp":"","footnotes":""},"categories":[5574,5045,5013,5044],"tags":[5106],"class_list":["post-172222","post","type-post","status-publish","format-standard","has-post-thumbnail","hentry","category-cannes-yachting-festival","category-catamarans","category-nouvelles","category-salons-nautiques","tag-prestige-yachts"],"yoast_head":"<!-- This site is optimized with the Yoast SEO plugin v28.3 - https:\/\/yoast.com\/product\/yoast-seo-wordpress\/ -->\n<title>PRESTIGE \u00e0 Cannes 2026 : trois premi\u00e8res mondiales en un seul \u00e9v\u00e9nement - Yachting News<\/title>\n<meta name=\"description\" content=\"Prestige pr\u00e9sente en premi\u00e8re mondiale les mod\u00e8les F6.7, M6 et M8 EVO, trois mod\u00e8les qui incarnent l&#039;\u00e9volution des gammes F-Line et M-Line.\" \/>\n<meta name=\"robots\" content=\"index, follow, max-snippet:-1, max-image-preview:large, max-video-preview:-1\" \/>\n<link rel=\"canonical\" href=\"https:\/\/www.yachtingnews.com\/fr\/prestige-cannes-2026\/\" \/>\n<meta property=\"og:locale\" content=\"fr_FR\" \/>\n<meta property=\"og:type\" content=\"article\" \/>\n<meta property=\"og:title\" content=\"PRESTIGE \u00e0 Cannes 2026 : trois premi\u00e8res mondiales en un seul \u00e9v\u00e9nement - Yachting News\" \/>\n<meta property=\"og:description\" content=\"Prestige pr\u00e9sente en premi\u00e8re mondiale les mod\u00e8les F6.7, M6 et M8 EVO, trois mod\u00e8les qui incarnent l&#039;\u00e9volution des gammes F-Line et M-Line.\" \/>\n<meta property=\"og:url\" content=\"https:\/\/www.yachtingnews.com\/fr\/prestige-cannes-2026\/\" \/>\n<meta property=\"og:site_name\" content=\"Yachting News\" \/>\n<meta property=\"article:publisher\" content=\"https:\/\/www.facebook.com\/TheInternationalYachtingMedia\" \/>\n<meta property=\"article:published_time\" content=\"2026-08-30T17:30:05+00:00\" \/>\n<meta property=\"article:modified_time\" content=\"2026-08-31T17:32:04+00:00\" \/>\n<meta property=\"og:image\" content=\"https:\/\/www.yachtingnews.com\/wp-content\/uploads\/2026\/08\/prestige-cannes26.jpg\" \/>\n\t<meta property=\"og:image:width\" content=\"1400\" \/>\n\t<meta property=\"og:image:height\" content=\"787\" \/>\n\t<meta property=\"og:image:type\" content=\"image\/jpeg\" \/>\n<meta name=\"author\" content=\"Alessandro Giuzio\" \/>\n<meta name=\"twitter:card\" content=\"summary_large_image\" \/>\n<meta name=\"twitter:creator\" content=\"@YachtingMedia\" \/>\n<meta name=\"twitter:site\" content=\"@YachtingMedia\" \/>\n<meta name=\"twitter:label1\" content=\"\u00c9crit par\" \/>\n\t<meta name=\"twitter:data1\" content=\"Alessandro Giuzio\" \/>\n\t<meta name=\"twitter:label2\" content=\"Dur\u00e9e de lecture estim\u00e9e\" \/>\n\t<meta name=\"twitter:data2\" content=\"13 minutes\" \/>\n<script type=\"application\/ld+json\" class=\"yoast-schema-graph\">{\"@context\":\"https:\\\/\\\/schema.org\",\"@graph\":[{\"@type\":\"Article\",\"@id\":\"https:\\\/\\\/www.yachtingnews.com\\\/fr\\\/prestige-cannes-2026\\\/#article\",\"isPartOf\":{\"@id\":\"https:\\\/\\\/www.yachtingnews.com\\\/fr\\\/prestige-cannes-2026\\\/\"},\"author\":{\"name\":\"Alessandro Giuzio\",\"@id\":\"https:\\\/\\\/www.yachtingnews.com\\\/fr\\\/#\\\/schema\\\/person\\\/d2e99eb1c7ce9e28a78d15e3d5d68eb3\"},\"headline\":\"PRESTIGE \u00e0 Cannes 2026 : trois premi\u00e8res mondiales en un seul \u00e9v\u00e9nement\",\"datePublished\":\"2026-08-30T17:30:05+00:00\",\"dateModified\":\"2026-08-31T17:32:04+00:00\",\"mainEntityOfPage\":{\"@id\":\"https:\\\/\\\/www.yachtingnews.com\\\/fr\\\/prestige-cannes-2026\\\/\"},\"wordCount\":2692,\"commentCount\":0,\"publisher\":{\"@id\":\"https:\\\/\\\/www.yachtingnews.com\\\/fr\\\/#organization\"},\"image\":{\"@id\":\"https:\\\/\\\/www.yachtingnews.com\\\/fr\\\/prestige-cannes-2026\\\/#primaryimage\"},\"thumbnailUrl\":\"https:\\\/\\\/www.yachtingnews.com\\\/wp-content\\\/uploads\\\/2026\\\/08\\\/prestige-cannes26.jpg\",\"keywords\":[\"Prestige Yachts\"],\"articleSection\":[\"Cannes Yachting Festival\",\"Catamarans et multicoques\",\"Nouvelles\",\"SALONS NAUTIQUES\"],\"inLanguage\":\"fr-FR\",\"potentialAction\":[{\"@type\":\"CommentAction\",\"name\":\"Comment\",\"target\":[\"https:\\\/\\\/www.yachtingnews.com\\\/fr\\\/prestige-cannes-2026\\\/#respond\"]}]},{\"@type\":\"WebPage\",\"@id\":\"https:\\\/\\\/www.yachtingnews.com\\\/fr\\\/prestige-cannes-2026\\\/\",\"url\":\"https:\\\/\\\/www.yachtingnews.com\\\/fr\\\/prestige-cannes-2026\\\/\",\"name\":\"PRESTIGE \u00e0 Cannes 2026 : trois premi\u00e8res mondiales en un seul \u00e9v\u00e9nement - Yachting News\",\"isPartOf\":{\"@id\":\"https:\\\/\\\/www.yachtingnews.com\\\/fr\\\/#website\"},\"primaryImageOfPage\":{\"@id\":\"https:\\\/\\\/www.yachtingnews.com\\\/fr\\\/prestige-cannes-2026\\\/#primaryimage\"},\"image\":{\"@id\":\"https:\\\/\\\/www.yachtingnews.com\\\/fr\\\/prestige-cannes-2026\\\/#primaryimage\"},\"thumbnailUrl\":\"https:\\\/\\\/www.yachtingnews.com\\\/wp-content\\\/uploads\\\/2026\\\/08\\\/prestige-cannes26.jpg\",\"datePublished\":\"2026-08-30T17:30:05+00:00\",\"dateModified\":\"2026-08-31T17:32:04+00:00\",\"description\":\"Prestige pr\u00e9sente en premi\u00e8re mondiale les mod\u00e8les F6.7, M6 et M8 EVO, trois mod\u00e8les qui incarnent l'\u00e9volution des gammes F-Line et M-Line.\",\"breadcrumb\":{\"@id\":\"https:\\\/\\\/www.yachtingnews.com\\\/fr\\\/prestige-cannes-2026\\\/#breadcrumb\"},\"inLanguage\":\"fr-FR\",\"potentialAction\":[{\"@type\":\"ReadAction\",\"target\":[\"https:\\\/\\\/www.yachtingnews.com\\\/fr\\\/prestige-cannes-2026\\\/\"]}]},{\"@type\":\"ImageObject\",\"inLanguage\":\"fr-FR\",\"@id\":\"https:\\\/\\\/www.yachtingnews.com\\\/fr\\\/prestige-cannes-2026\\\/#primaryimage\",\"url\":\"https:\\\/\\\/www.yachtingnews.com\\\/wp-content\\\/uploads\\\/2026\\\/08\\\/prestige-cannes26.jpg\",\"contentUrl\":\"https:\\\/\\\/www.yachtingnews.com\\\/wp-content\\\/uploads\\\/2026\\\/08\\\/prestige-cannes26.jpg\",\"width\":1400,\"height\":787,\"caption\":\"PRESTIGE Cannes 2026\"},{\"@type\":\"BreadcrumbList\",\"@id\":\"https:\\\/\\\/www.yachtingnews.com\\\/fr\\\/prestige-cannes-2026\\\/#breadcrumb\",\"itemListElement\":[{\"@type\":\"ListItem\",\"position\":1,\"name\":\"Home\",\"item\":\"https:\\\/\\\/www.yachtingnews.com\\\/fr\\\/actualites-nautiques-2\\\/\"},{\"@type\":\"ListItem\",\"position\":2,\"name\":\"PRESTIGE \u00e0 Cannes 2026 : trois premi\u00e8res mondiales en un seul \u00e9v\u00e9nement\"}]},{\"@type\":\"WebSite\",\"@id\":\"https:\\\/\\\/www.yachtingnews.com\\\/fr\\\/#website\",\"url\":\"https:\\\/\\\/www.yachtingnews.com\\\/fr\\\/\",\"name\":\"Yachting News\",\"description\":\"The International Yachting Media\",\"publisher\":{\"@id\":\"https:\\\/\\\/www.yachtingnews.com\\\/fr\\\/#organization\"},\"potentialAction\":[{\"@type\":\"SearchAction\",\"target\":{\"@type\":\"EntryPoint\",\"urlTemplate\":\"https:\\\/\\\/www.yachtingnews.com\\\/fr\\\/?s={search_term_string}\"},\"query-input\":{\"@type\":\"PropertyValueSpecification\",\"valueRequired\":true,\"valueName\":\"search_term_string\"}}],\"inLanguage\":\"fr-FR\"},{\"@type\":\"Organization\",\"@id\":\"https:\\\/\\\/www.yachtingnews.com\\\/fr\\\/#organization\",\"name\":\"Yachting News\",\"url\":\"https:\\\/\\\/www.yachtingnews.com\\\/fr\\\/\",\"logo\":{\"@type\":\"ImageObject\",\"inLanguage\":\"fr-FR\",\"@id\":\"https:\\\/\\\/www.yachtingnews.com\\\/fr\\\/#\\\/schema\\\/logo\\\/image\\\/\",\"url\":\"https:\\\/\\\/www.yachtingnews.com\\\/wp-content\\\/uploads\\\/2023\\\/02\\\/LOGO-Yachting-NEWS-blu-800.png\",\"contentUrl\":\"https:\\\/\\\/www.yachtingnews.com\\\/wp-content\\\/uploads\\\/2023\\\/02\\\/LOGO-Yachting-NEWS-blu-800.png\",\"width\":790,\"height\":99,\"caption\":\"Yachting News\"},\"image\":{\"@id\":\"https:\\\/\\\/www.yachtingnews.com\\\/fr\\\/#\\\/schema\\\/logo\\\/image\\\/\"},\"sameAs\":[\"https:\\\/\\\/www.facebook.com\\\/TheInternationalYachtingMedia\",\"https:\\\/\\\/x.com\\\/YachtingMedia\",\"https:\\\/\\\/www.instagram.com\\\/yachting.news\\\/\",\"https:\\\/\\\/www.linkedin.com\\\/company\\\/the-international-yachting-media\",\"https:\\\/\\\/www.youtube.com\\\/c\\\/TheInternationalYachtingMedia\"]},{\"@type\":\"Person\",\"@id\":\"https:\\\/\\\/www.yachtingnews.com\\\/fr\\\/#\\\/schema\\\/person\\\/d2e99eb1c7ce9e28a78d15e3d5d68eb3\",\"name\":\"Alessandro Giuzio\",\"image\":{\"@type\":\"ImageObject\",\"inLanguage\":\"fr-FR\",\"@id\":\"https:\\\/\\\/www.yachtingnews.com\\\/wp-content\\\/litespeed\\\/avatar\\\/a99e5f8da4fc551fb53eb9f1fec61fb4.jpg?ver=1788189881\",\"url\":\"https:\\\/\\\/www.yachtingnews.com\\\/wp-content\\\/litespeed\\\/avatar\\\/a99e5f8da4fc551fb53eb9f1fec61fb4.jpg?ver=1788189881\",\"contentUrl\":\"https:\\\/\\\/www.yachtingnews.com\\\/wp-content\\\/litespeed\\\/avatar\\\/a99e5f8da4fc551fb53eb9f1fec61fb4.jpg?ver=1788189881\",\"caption\":\"Alessandro Giuzio\"},\"description\":\"Alessandro is a professional journalist and contributes to The International Yachting Media since 2022. He is an expert on the sea and of course on boats.\",\"url\":\"https:\\\/\\\/www.yachtingnews.com\\\/fr\\\/author\\\/alexgiuzio\\\/\"}]}<\/script>\n<!-- \/ Yoast SEO plugin. -->","yoast_head_json":{"title":"PRESTIGE \u00e0 Cannes 2026 : trois premi\u00e8res mondiales en un seul \u00e9v\u00e9nement - Yachting News","description":"Prestige pr\u00e9sente en premi\u00e8re mondiale les mod\u00e8les F6.7, M6 et M8 EVO, trois mod\u00e8les qui incarnent l'\u00e9volution des gammes F-Line et M-Line.","robots":{"index":"index","follow":"follow","max-snippet":"max-snippet:-1","max-image-preview":"max-image-preview:large","max-video-preview":"max-video-preview:-1"},"canonical":"https:\/\/www.yachtingnews.com\/fr\/prestige-cannes-2026\/","og_locale":"fr_FR","og_type":"article","og_title":"PRESTIGE \u00e0 Cannes 2026 : trois premi\u00e8res mondiales en un seul \u00e9v\u00e9nement - Yachting News","og_description":"Prestige pr\u00e9sente en premi\u00e8re mondiale les mod\u00e8les F6.7, M6 et M8 EVO, trois mod\u00e8les qui incarnent l'\u00e9volution des gammes F-Line et M-Line.","og_url":"https:\/\/www.yachtingnews.com\/fr\/prestige-cannes-2026\/","og_site_name":"Yachting News","article_publisher":"https:\/\/www.facebook.com\/TheInternationalYachtingMedia","article_published_time":"2026-08-30T17:30:05+00:00","article_modified_time":"2026-08-31T17:32:04+00:00","og_image":[{"width":1400,"height":787,"url":"https:\/\/www.yachtingnews.com\/wp-content\/uploads\/2026\/08\/prestige-cannes26.jpg","type":"image\/jpeg"}],"author":"Alessandro Giuzio","twitter_card":"summary_large_image","twitter_creator":"@YachtingMedia","twitter_site":"@YachtingMedia","twitter_misc":{"\u00c9crit par":"Alessandro Giuzio","Dur\u00e9e de lecture estim\u00e9e":"13 minutes"},"schema":{"@context":"https:\/\/schema.org","@graph":[{"@type":"Article","@id":"https:\/\/www.yachtingnews.com\/fr\/prestige-cannes-2026\/#article","isPartOf":{"@id":"https:\/\/www.yachtingnews.com\/fr\/prestige-cannes-2026\/"},"author":{"name":"Alessandro Giuzio","@id":"https:\/\/www.yachtingnews.com\/fr\/#\/schema\/person\/d2e99eb1c7ce9e28a78d15e3d5d68eb3"},"headline":"PRESTIGE \u00e0 Cannes 2026 : trois premi\u00e8res mondiales en un seul \u00e9v\u00e9nement","datePublished":"2026-08-30T17:30:05+00:00","dateModified":"2026-08-31T17:32:04+00:00","mainEntityOfPage":{"@id":"https:\/\/www.yachtingnews.com\/fr\/prestige-cannes-2026\/"},"wordCount":2692,"commentCount":0,"publisher":{"@id":"https:\/\/www.yachtingnews.com\/fr\/#organization"},"image":{"@id":"https:\/\/www.yachtingnews.com\/fr\/prestige-cannes-2026\/#primaryimage"},"thumbnailUrl":"https:\/\/www.yachtingnews.com\/wp-content\/uploads\/2026\/08\/prestige-cannes26.jpg","keywords":["Prestige Yachts"],"articleSection":["Cannes Yachting Festival","Catamarans et multicoques","Nouvelles","SALONS NAUTIQUES"],"inLanguage":"fr-FR","potentialAction":[{"@type":"CommentAction","name":"Comment","target":["https:\/\/www.yachtingnews.com\/fr\/prestige-cannes-2026\/#respond"]}]},{"@type":"WebPage","@id":"https:\/\/www.yachtingnews.com\/fr\/prestige-cannes-2026\/","url":"https:\/\/www.yachtingnews.com\/fr\/prestige-cannes-2026\/","name":"PRESTIGE \u00e0 Cannes 2026 : trois premi\u00e8res mondiales en un seul \u00e9v\u00e9nement - Yachting News","isPartOf":{"@id":"https:\/\/www.yachtingnews.com\/fr\/#website"},"primaryImageOfPage":{"@id":"https:\/\/www.yachtingnews.com\/fr\/prestige-cannes-2026\/#primaryimage"},"image":{"@id":"https:\/\/www.yachtingnews.com\/fr\/prestige-cannes-2026\/#primaryimage"},"thumbnailUrl":"https:\/\/www.yachtingnews.com\/wp-content\/uploads\/2026\/08\/prestige-cannes26.jpg","datePublished":"2026-08-30T17:30:05+00:00","dateModified":"2026-08-31T17:32:04+00:00","description":"Prestige pr\u00e9sente en premi\u00e8re mondiale les mod\u00e8les F6.7, M6 et M8 EVO, trois mod\u00e8les qui incarnent l'\u00e9volution des gammes F-Line et M-Line.","breadcrumb":{"@id":"https:\/\/www.yachtingnews.com\/fr\/prestige-cannes-2026\/#breadcrumb"},"inLanguage":"fr-FR","potentialAction":[{"@type":"ReadAction","target":["https:\/\/www.yachtingnews.com\/fr\/prestige-cannes-2026\/"]}]},{"@type":"ImageObject","inLanguage":"fr-FR","@id":"https:\/\/www.yachtingnews.com\/fr\/prestige-cannes-2026\/#primaryimage","url":"https:\/\/www.yachtingnews.com\/wp-content\/uploads\/2026\/08\/prestige-cannes26.jpg","contentUrl":"https:\/\/www.yachtingnews.com\/wp-content\/uploads\/2026\/08\/prestige-cannes26.jpg","width":1400,"height":787,"caption":"PRESTIGE Cannes 2026"},{"@type":"BreadcrumbList","@id":"https:\/\/www.yachtingnews.com\/fr\/prestige-cannes-2026\/#breadcrumb","itemListElement":[{"@type":"ListItem","position":1,"name":"Home","item":"https:\/\/www.yachtingnews.com\/fr\/actualites-nautiques-2\/"},{"@type":"ListItem","position":2,"name":"PRESTIGE \u00e0 Cannes 2026 : trois premi\u00e8res mondiales en un seul \u00e9v\u00e9nement"}]},{"@type":"WebSite","@id":"https:\/\/www.yachtingnews.com\/fr\/#website","url":"https:\/\/www.yachtingnews.com\/fr\/","name":"Yachting News","description":"The International Yachting Media","publisher":{"@id":"https:\/\/www.yachtingnews.com\/fr\/#organization"},"potentialAction":[{"@type":"SearchAction","target":{"@type":"EntryPoint","urlTemplate":"https:\/\/www.yachtingnews.com\/fr\/?s={search_term_string}"},"query-input":{"@type":"PropertyValueSpecification","valueRequired":true,"valueName":"search_term_string"}}],"inLanguage":"fr-FR"},{"@type":"Organization","@id":"https:\/\/www.yachtingnews.com\/fr\/#organization","name":"Yachting News","url":"https:\/\/www.yachtingnews.com\/fr\/","logo":{"@type":"ImageObject","inLanguage":"fr-FR","@id":"https:\/\/www.yachtingnews.com\/fr\/#\/schema\/logo\/image\/","url":"https:\/\/www.yachtingnews.com\/wp-content\/uploads\/2023\/02\/LOGO-Yachting-NEWS-blu-800.png","contentUrl":"https:\/\/www.yachtingnews.com\/wp-content\/uploads\/2023\/02\/LOGO-Yachting-NEWS-blu-800.png","width":790,"height":99,"caption":"Yachting News"},"image":{"@id":"https:\/\/www.yachtingnews.com\/fr\/#\/schema\/logo\/image\/"},"sameAs":["https:\/\/www.facebook.com\/TheInternationalYachtingMedia","https:\/\/x.com\/YachtingMedia","https:\/\/www.instagram.com\/yachting.news\/","https:\/\/www.linkedin.com\/company\/the-international-yachting-media","https:\/\/www.youtube.com\/c\/TheInternationalYachtingMedia"]},{"@type":"Person","@id":"https:\/\/www.yachtingnews.com\/fr\/#\/schema\/person\/d2e99eb1c7ce9e28a78d15e3d5d68eb3","name":"Alessandro Giuzio","image":{"@type":"ImageObject","inLanguage":"fr-FR","@id":"https:\/\/www.yachtingnews.com\/wp-content\/litespeed\/avatar\/a99e5f8da4fc551fb53eb9f1fec61fb4.jpg?ver=1788189881","url":"https:\/\/www.yachtingnews.com\/wp-content\/litespeed\/avatar\/a99e5f8da4fc551fb53eb9f1fec61fb4.jpg?ver=1788189881","contentUrl":"https:\/\/www.yachtingnews.com\/wp-content\/litespeed\/avatar\/a99e5f8da4fc551fb53eb9f1fec61fb4.jpg?ver=1788189881","caption":"Alessandro Giuzio"},"description":"Alessandro is a professional journalist and contributes to The International Yachting Media since 2022. He is an expert on the sea and of course on boats.","url":"https:\/\/www.yachtingnews.com\/fr\/author\/alexgiuzio\/"}]}},"_links":{"self":[{"href":"https:\/\/www.yachtingnews.com\/fr\/wp-json\/wp\/v2\/posts\/172222","targetHints":{"allow":["GET"]}}],"collection":[{"href":"https:\/\/www.yachtingnews.com\/fr\/wp-json\/wp\/v2\/posts"}],"about":[{"href":"https:\/\/www.yachtingnews.com\/fr\/wp-json\/wp\/v2\/types\/post"}],"author":[{"embeddable":true,"href":"https:\/\/www.yachtingnews.com\/fr\/wp-json\/wp\/v2\/users\/45"}],"replies":[{"embeddable":true,"href":"https:\/\/www.yachtingnews.com\/fr\/wp-json\/wp\/v2\/comments?post=172222"}],"version-history":[{"count":3,"href":"https:\/\/www.yachtingnews.com\/fr\/wp-json\/wp\/v2\/posts\/172222\/revisions"}],"predecessor-version":[{"id":172231,"href":"https:\/\/www.yachtingnews.com\/fr\/wp-json\/wp\/v2\/posts\/172222\/revisions\/172231"}],"wp:featuredmedia":[{"embeddable":true,"href":"https:\/\/www.yachtingnews.com\/fr\/wp-json\/wp\/v2\/media\/172223"}],"wp:attachment":[{"href":"https:\/\/www.yachtingnews.com\/fr\/wp-json\/wp\/v2\/media?parent=172222"}],"wp:term":[{"taxonomy":"category","embeddable":true,"href":"https:\/\/www.yachtingnews.com\/fr\/wp-json\/wp\/v2\/categories?post=172222"},{"taxonomy":"post_tag","embeddable":true,"href":"https:\/\/www.yachtingnews.com\/fr\/wp-json\/wp\/v2\/tags?post=172222"}],"curies":[{"name":"wp","href":"https:\/\/api.w.org\/{rel}","templated":true}]}}