{"id":172369,"date":"2026-09-04T02:00:00","date_gmt":"2026-09-04T01:00:00","guid":{"rendered":"https:\/\/www.yachtingnews.com\/absolute-cannes-26\/"},"modified":"2026-09-04T10:39:48","modified_gmt":"2026-09-04T09:39:48","slug":"absolute-cannes-26","status":"publish","type":"post","link":"https:\/\/www.yachtingnews.com\/fr\/absolute-cannes-26\/","title":{"rendered":"Absolute au Cannes Yachting Festival 2026 avec trois premi\u00e8res mondiales"},"content":{"rendered":"\t\t<div data-elementor-type=\"wp-post\" data-elementor-id=\"172369\" class=\"elementor elementor-172369 elementor-172327\" data-elementor-post-type=\"post\">\n\t\t\t\t\t\t<section class=\"elementor-section elementor-top-section elementor-element elementor-element-ba187e4 elementor-section-boxed elementor-section-height-default elementor-section-height-default\" data-id=\"ba187e4\" data-element_type=\"section\" data-e-type=\"section\">\n\t\t\t\t\t\t<div class=\"elementor-container elementor-column-gap-default\">\n\t\t\t\t\t<div class=\"elementor-column elementor-col-100 elementor-top-column elementor-element elementor-element-0023328\" data-id=\"0023328\" data-element_type=\"column\" data-e-type=\"column\">\n\t\t\t<div class=\"elementor-widget-wrap elementor-element-populated\">\n\t\t\t\t\t\t<div class=\"elementor-element elementor-element-a58e7eb elementor-widget elementor-widget-text-editor\" data-id=\"a58e7eb\" data-element_type=\"widget\" data-e-type=\"widget\" data-widget_type=\"text-editor.default\">\n\t\t\t\t<div class=\"elementor-widget-container\">\n\t\t\t\t\t\t\t\t\t<p>Absolute Yachts sera de retour au <a href=\"https:\/\/www.yachtingnews.com\/fr\/cannes-yachting-festival-2026-date\/\">Cannes Yachting Festival 2026<\/a>, pr\u00e9vu du 8 au 13 septembre, avec une flotte de onze yachts et trois premi\u00e8res mondiales. Sa pr\u00e9sence \u00e0 ce salon fran\u00e7ais offre au chantier naval l\u2019occasion de pr\u00e9senter \u00e0 un public international l\u2019\u00e9volution de sa gamme ainsi qu\u2019une philosophie de conception ax\u00e9e sur la relation entre l\u2019espace, la lumi\u00e8re naturelle, la technologie et le confort.<\/p><p><span style=\"font-weight: 400;\">La flotte Absolute sera expos\u00e9e dans le quartier de Pantiero, o\u00f9 les visiteurs pourront d\u00e9couvrir de pr\u00e8s trois nouveaux mod\u00e8les 2026 : <\/span><b>Navetta 50<\/b><span style=\"font-weight: 400;\">, <\/span><b>Navetta 58\u2033<\/b><span style=\"font-weight: 400;\">et <\/span><b>Navetta 66<\/b><span style=\"font-weight: 400;\">. Ces trois yachts diff\u00e8rent par leur taille et leur agencement, mais sont unis par une s\u00e9rie de solutions qui caract\u00e9risent la derni\u00e8re production d\u2019Absolute Yachts : continuit\u00e9 entre les espaces int\u00e9rieurs et ext\u00e9rieurs, grandes surfaces vitr\u00e9es, mat\u00e9riaux raffin\u00e9s et attention particuli\u00e8re port\u00e9e \u00e0 la fonctionnalit\u00e9 des espaces.<\/span><\/p><h2>Navetta 66 : L\u2019Absolute Aurora<\/h2><p><b>La Navetta 66<\/b><span style=\"font-weight: 400;\"> est l\u2019un des temps forts du salon fran\u00e7ais. Surnomm\u00e9 <\/span><b>\u00ab The Absolute Aurora \u00bb<\/b><span style=\"font-weight: 400;\">, ce yacht a \u00e9t\u00e9 con\u00e7u pour privil\u00e9gier avant tout la luminosit\u00e9 et les espaces ouverts. De grandes baies vitr\u00e9es contribuent \u00e0 cr\u00e9er un lien direct entre les espaces int\u00e9rieurs et le paysage environnant, tandis que les espaces de vie sont agenc\u00e9s de mani\u00e8re \u00e0 offrir une sensation de continuit\u00e9 et de l\u00e9g\u00e8ret\u00e9.<\/span><\/p><p><img decoding=\"async\" class=\"aligncenter size-full wp-image-172328\" src=\"https:\/\/www.yachtingnews.com\/wp-content\/uploads\/2026\/09\/Absolute_Navetta_66-31-1.jpg\" alt=\"absolu\" width=\"1200\" height=\"800\" srcset=\"https:\/\/www.yachtingnews.com\/wp-content\/uploads\/2026\/09\/Absolute_Navetta_66-31-1.jpg 1200w, https:\/\/www.yachtingnews.com\/wp-content\/uploads\/2026\/09\/Absolute_Navetta_66-31-1-300x200.jpg 300w, https:\/\/www.yachtingnews.com\/wp-content\/uploads\/2026\/09\/Absolute_Navetta_66-31-1-768x512.jpg 768w\" sizes=\"(max-width: 1200px) 100vw, 1200px\" \/><\/p><p><span style=\"font-weight: 400;\">Pour l&rsquo;int\u00e9rieur, deux options de finition sont disponibles : <\/span><b>\u00ab Sunrise \u00bb<\/b><span style=\"font-weight: 400;\"> et <\/span><b>Sunset<\/b><span style=\"font-weight: 400;\">, con\u00e7ues en fonction des go\u00fbts personnels et de la mani\u00e8re dont chacun souhaite profiter de son yacht. Cette extraordinaire possibilit\u00e9 de personnalisation s&rsquo;inscrit dans un design o\u00f9 la qualit\u00e9 des espaces et leur rapport \u00e0 la lumi\u00e8re naturelle jouent un r\u00f4le central.<\/span><\/p><h2>Navetta 58\u201d : L\u2019Absolute Andromeda<\/h2><p><span style=\"font-weight: 400;\">La deuxi\u00e8me premi\u00e8re mondiale est celle de la <\/span><b>\u00ab Navetta 58 \u00bb<\/b><span style=\"font-weight: 400;\">, <\/span><b>\u00ab The Absolute Andromeda \u00bb<\/b><span style=\"font-weight: 400;\">. Sur ce mod\u00e8le, l\u2019identit\u00e9 stylistique du chantier naval s\u2019accompagne d\u2019une s\u00e9rie de solutions ax\u00e9es sur la fonctionnalit\u00e9 et le confort. Parmi les \u00e9l\u00e9ments les plus caract\u00e9ristiques, on peut citer la terrasse du cockpit et le profil ext\u00e9rieur marqu\u00e9 par une main courante continue. Une attention particuli\u00e8re a \u00e9galement \u00e9t\u00e9 port\u00e9e aux hublots de proue, reconnaissables \u00e0 leur forme \u00ab squircle \u00bb, qui allie des g\u00e9om\u00e9tries carr\u00e9es et arrondies.<\/span><\/p><p><img decoding=\"async\" class=\"aligncenter size-full wp-image-172329\" src=\"https:\/\/www.yachtingnews.com\/wp-content\/uploads\/2026\/09\/Absolute-Navetta58-Andromeda-06-1200x800-1.jpg\" alt=\"Absolute Navetta 58\" width=\"1200\" height=\"800\" srcset=\"https:\/\/www.yachtingnews.com\/wp-content\/uploads\/2026\/09\/Absolute-Navetta58-Andromeda-06-1200x800-1.jpg 1200w, https:\/\/www.yachtingnews.com\/wp-content\/uploads\/2026\/09\/Absolute-Navetta58-Andromeda-06-1200x800-1-300x200.jpg 300w, https:\/\/www.yachtingnews.com\/wp-content\/uploads\/2026\/09\/Absolute-Navetta58-Andromeda-06-1200x800-1-768x512.jpg 768w\" sizes=\"(max-width: 1200px) 100vw, 1200px\" \/><\/p><p><span style=\"font-weight: 400;\">Le design allie ces caract\u00e9ristiques esth\u00e9tiques \u00e0 des solutions intelligentes visant \u00e0 am\u00e9liorer l&rsquo;intimit\u00e9 et l&rsquo;ergonomie de l&rsquo;espace. L&rsquo;objectif est de rendre la vie \u00e0 bord plus agr\u00e9able, quelles que soient les conditions de mer.<\/span><\/p><h2>Navetta 50 : L&rsquo;Absolute Calypso<\/h2><p><span style=\"font-weight: 400;\">Le trio de premi\u00e8res est compl\u00e9t\u00e9 par la <\/span><b>Navetta 50<\/b><span style=\"font-weight: 400;\"> \u2013 <\/span><b>l\u2019Absolute Calypso<\/b><span style=\"font-weight: 400;\">, qui transpose les principes de la nouvelle g\u00e9n\u00e9ration Absolute dans des dimensions plus compactes. Ce mod\u00e8le constitue le nouveau yacht d\u2019entr\u00e9e de gamme d\u2019Absolute Yachts, destin\u00e9 aux propri\u00e9taires recherchant une plus grande facilit\u00e9 de man\u0153uvre sans pour autant renoncer \u00e0 l\u2019espace et au confort caract\u00e9ristiques du chantier naval. Les espaces ext\u00e9rieurs sont spacieux, et les baies vitr\u00e9es panoramiques permettent de conserver un lien visuel fort avec la mer.<\/span><\/p><p><img decoding=\"async\" class=\"size-full wp-image-172330\" src=\"https:\/\/www.yachtingnews.com\/wp-content\/uploads\/2026\/09\/Absolute_Navetta_50-6.jpg\" alt=\"\" width=\"1200\" height=\"676\" srcset=\"https:\/\/www.yachtingnews.com\/wp-content\/uploads\/2026\/09\/Absolute_Navetta_50-6.jpg 1200w, https:\/\/www.yachtingnews.com\/wp-content\/uploads\/2026\/09\/Absolute_Navetta_50-6-300x169.jpg 300w, https:\/\/www.yachtingnews.com\/wp-content\/uploads\/2026\/09\/Absolute_Navetta_50-6-768x433.jpg 768w\" sizes=\"(max-width: 1200px) 100vw, 1200px\" \/><\/p><p><span style=\"font-weight: 400;\">Parmi les solutions fonctionnelles, la porte lat\u00e9rale situ\u00e9e \u00e0 tribord se distingue particuli\u00e8rement, car elle a \u00e9t\u00e9 con\u00e7ue pour faciliter les man\u0153uvres d&rsquo;amarrage : un \u00e9l\u00e9ment qui met en \u00e9vidence l&rsquo;attention port\u00e9e par le chantier naval aux aspects pratiques de la gestion quotidienne d&rsquo;un yacht.<\/span><\/p><h2>Onze yachts expos\u00e9s \u00e0 Cannes<\/h2><p><span style=\"font-weight: 400;\">Outre ces trois premi\u00e8res mondiales, Absolute Yachts pr\u00e9sentera au Cannes Yachting Festival certains des mod\u00e8les les plus embl\u00e9matiques de sa gamme. La flotte pr\u00e9sente \u00e0 Pantiero comprendra ces huit autres yachts : <\/span><b>Navetta 75<\/b><span style=\"font-weight: 400;\">, <\/span><b>Navetta 62<\/b><span style=\"font-weight: 400;\">, <\/span><b>Navetta 70<\/b><span style=\"font-weight: 400;\">, <\/span><b>Navetta 53<\/b><span style=\"font-weight: 400;\">, <\/span><b>52 Fly<\/b><span style=\"font-weight: 400;\">, <\/span><b>56 Fly<\/b><span style=\"font-weight: 400;\">, <\/span><b>60 Fly<\/b><span style=\"font-weight: 400;\">, <\/span> <b>70 Fly<\/b><span style=\"font-weight: 400;\">. Cette s\u00e9lection permettra au public cannois d\u2019observer l\u2019\u00e9volution de la gamme \u00e0 travers des mod\u00e8les de tailles et de caract\u00e9ristiques vari\u00e9es, mais unis par une approche stylistique coh\u00e9rente.<\/span><\/p><p><span style=\"font-weight: 400;\">L&rsquo;un des \u00e9l\u00e9ments r\u00e9currents dans la production d&rsquo;Absolute est la recherche d&rsquo;une meilleure int\u00e9gration entre les espaces int\u00e9rieurs et ext\u00e9rieurs. Les architectures embarqu\u00e9es sont con\u00e7ues pour mettre en valeur la lumi\u00e8re naturelle gr\u00e2ce \u00e0 de grandes surfaces vitr\u00e9es et \u00e0 un agencement favorisant la continuit\u00e9 visuelle. C&rsquo;est cette capacit\u00e9 qui a fait toute la diff\u00e9rence dans l&rsquo;implantation d&rsquo;Absolute sur le march\u00e9 mondial.<\/span><\/p><p><span style=\"font-weight: 400;\">Le m\u00eame souci du d\u00e9tail se retrouve dans le choix des mat\u00e9riaux. Le teck, les bois pr\u00e9cieux, l\u2019acier inoxydable, la c\u00e9ramique et le cuir sont utilis\u00e9s pour d\u00e9finir des espaces o\u00f9 la qualit\u00e9 de l\u2019artisanat s\u2019allie \u00e0 la fonctionnalit\u00e9. Ces \u00e9l\u00e9ments sont compl\u00e9t\u00e9s par des solutions techniques mises au point pour accro\u00eetre le confort et faciliter la vie quotidienne \u00e0 bord.<\/span><\/p><h2>Technologie et engagement en faveur du d\u00e9veloppement durable<\/h2> <p><span style=\"font-weight: 400;\">La philosophie de conception d\u2019Absolute int\u00e8gre \u00e9galement des \u00e9l\u00e9ments li\u00e9s \u00e0 l\u2019efficacit\u00e9 et au d\u00e9veloppement durable. Des syst\u00e8mes de ventilation naturelle et des panneaux solaires int\u00e9gr\u00e9s sont disponibles sur certains mod\u00e8les de la gamme : ces solutions s\u2019inscrivent dans une d\u00e9marche visant \u00e0 r\u00e9duire la consommation et \u00e0 am\u00e9liorer l\u2019efficacit\u00e9 des syst\u00e8mes embarqu\u00e9s. La technologie est int\u00e9gr\u00e9e au design sans perdre de vue l\u2019objectif principal : offrir une exp\u00e9rience de croisi\u00e8re confortable et une utilisation simple et fonctionnelle des espaces.<\/span><\/p><h2>Conclusions<\/h2> <p><span style=\"font-weight: 400;\">Le Cannes Yachting Festival 2026 marque une nouvelle \u00e9tape importante pour Absolute Yachts dans le d\u00e9veloppement de sa gamme. Les trois premi\u00e8res mondiales de la g\u00e9n\u00e9ration 2026 t\u00e9moignent d\u2019une \u00e9volution qui touche \u00e0 la fois le design, l\u2019organisation de l\u2019espace et les solutions techniques. <\/span><b>Navetta 50<\/b><span style=\"font-weight: 400;\">, <\/span><b>Navetta 58 \u00bb<\/b><span style=\"font-weight: 400;\">et <\/span><b>Navetta 66<\/b><span style=\"font-weight: 400;\"> interpr\u00e8tent ce parcours \u00e0 travers trois projets distincts, tout en conservant une approche commune ax\u00e9e sur la luminosit\u00e9, la continuit\u00e9 des espaces et le confort. Les onze yachts expos\u00e9s chez Pantiero offriront ainsi un aper\u00e7u complet de la direction prise par le chantier naval, alliant innovation en mati\u00e8re de design, savoir-faire artisanal et nouvelles fa\u00e7ons de vivre la mer.<\/span><\/p><h2>Sources et r\u00e9f\u00e9rences<\/h2><table dir=\"ltr\" border=\"1\" cellspacing=\"0\" cellpadding=\"0\" data-sheets-root=\"1\" data-sheets-baot=\"1\"><colgroup> <col width=\"100\"> <col width=\"100\"><\/colgroup><tbody><tr><td><strong>Source<\/strong><\/td><td><strong>Contenu<\/strong><\/td><\/tr><tr><td><a href=\"https:\/\/www.absolute-yachts.com\/\">Absolute Yachts<\/a><\/td><td><div><div>Informations sur le chantier naval, la gamme et les mod\u00e8les Absolute<\/div><\/div><\/td><\/tr><tr><td><a href=\"https:\/\/www.cannesyachtingfestival.com\/\">Cannes Yachting Festival<\/a><\/td><td><div><div>Informations officielles concernant le salon nautique et l&rsquo;\u00e9dition 2026<\/div><\/div><\/td><\/tr><\/tbody><\/table><h2>Absolute \u00e0 Cannes 2026 \u2013 Foire aux questions<\/h2>\t\t\t\t\t\t\t\t<\/div>\n\t\t\t\t<\/div>\n\t\t\t\t<div class=\"elementor-element elementor-element-b0298df elementor-grid-1 elementor-grid-tablet-2 elementor-grid-mobile-1 elementor-widget elementor-widget-uael-faq\" data-id=\"b0298df\" data-element_type=\"widget\" data-e-type=\"widget\" data-widget_type=\"uael-faq.default\">\n\t\t\t\t<div class=\"elementor-widget-container\">\n\t\t\t\t\t\n\t\t\t<div id='uael-faq-wrapper-184' class=\"uael-faq-wrapper\">\n\t\t\t\t<div class=\"uael-faq-container uael-faq-layout-grid elementor-grid\" >\n\t\t\t\t\t\t\t\t\t\t\t\t<div id=\"uael-accordion-455070e\" class=\"uael-faq-accordion elementor-grid-item\" role=\"tablist\">\n\t\t\t\t\t\t\t\t<div class= \"uael-accordion-title\" aria-expanded=\"false\" role=\"tab\">\n\t\t\t\t\t\t\t\t\t<span class=\"uael-accordion-icon uael-accordion-icon-\">\n\t\t\t\t\t\t\t\t\t\t<span class=\"uael-accordion-icon-closed\"><\/span>\n\t\t\t\t\t\t\t\t\t\t<span class=\"uael-accordion-icon-opened\"><\/span>\n\t\t\t\t\t\t\t\t\t<\/span>\n\t\t\t\t\t\t\t\t\t<h3 class=\"uael-question-455070e uael-question-span\" tabindex=\"0\" id=\"uael-faq-1-6a9ae55a03773\">Combien de yachts Absolute pr\u00e9sentera-t-elle au Cannes Yachting Festival 2026 ?<\/h3>\n\t\t\t\t\t\t\t\t<\/div>\n\t\t\t\t\t\t\t\t<div class=\"uael-accordion-content\" role=\"tabpanel\">\n\t\t\t\t\t\t\t\t\t<span>\n\t\t\t\t\t\t\t\t\t<span><p>Absolute Yachts pr\u00e9sentera \u00e0 Cannes une flotte totale de onze yachts, expos\u00e9s dans l'espace Pantiero. La s\u00e9lection comprend des mod\u00e8les des gammes Navetta et Fly.<\/p><\/span>\t\t\t\t\t\t\t\t\t<\/span>\n\t\t\t\t\t\t\t\t<\/div>\n\t\t\t\t\t\t\t<\/div>\n\t\t\t\t\t\t\t\t\t\t\t\t\t\t<div id=\"uael-accordion-57539ec\" class=\"uael-faq-accordion elementor-grid-item\" role=\"tablist\">\n\t\t\t\t\t\t\t\t<div class= \"uael-accordion-title\" aria-expanded=\"false\" role=\"tab\">\n\t\t\t\t\t\t\t\t\t<span class=\"uael-accordion-icon uael-accordion-icon-\">\n\t\t\t\t\t\t\t\t\t\t<span class=\"uael-accordion-icon-closed\"><\/span>\n\t\t\t\t\t\t\t\t\t\t<span class=\"uael-accordion-icon-opened\"><\/span>\n\t\t\t\t\t\t\t\t\t<\/span>\n\t\t\t\t\t\t\t\t\t<h3 class=\"uael-question-57539ec uael-question-span\" tabindex=\"0\" id=\"uael-faq-2-6a9ae55a0378c\">Quelles sont les trois premi\u00e8res mondiales d'\u00ab Absolute \u00bb ?<\/h3>\n\t\t\t\t\t\t\t\t<\/div>\n\t\t\t\t\t\t\t\t<div class=\"uael-accordion-content\" role=\"tabpanel\">\n\t\t\t\t\t\t\t\t\t<span>\n\t\t\t\t\t\t\t\t\t<span><p>Les trois nouveaux mod\u00e8les de la gamme \u00ab G\u00e9n\u00e9ration 2026 \u00bb sont le Navetta 50 \u2013 The Absolute Calypso, le Navetta 58\u201d \u2013 The Absolute Andromeda et le Navetta 66 \u2013 The Absolute Aurora.<\/p><\/span>\t\t\t\t\t\t\t\t\t<\/span>\n\t\t\t\t\t\t\t\t<\/div>\n\t\t\t\t\t\t\t<\/div>\n\t\t\t\t\t\t\t\t\t\t\t\t\t\t<div id=\"uael-accordion-9fdaa14\" class=\"uael-faq-accordion elementor-grid-item\" role=\"tablist\">\n\t\t\t\t\t\t\t\t<div class= \"uael-accordion-title\" aria-expanded=\"false\" role=\"tab\">\n\t\t\t\t\t\t\t\t\t<span class=\"uael-accordion-icon uael-accordion-icon-\">\n\t\t\t\t\t\t\t\t\t\t<span class=\"uael-accordion-icon-closed\"><\/span>\n\t\t\t\t\t\t\t\t\t\t<span class=\"uael-accordion-icon-opened\"><\/span>\n\t\t\t\t\t\t\t\t\t<\/span>\n\t\t\t\t\t\t\t\t\t<h3 class=\"uael-question-9fdaa14 uael-question-span\" tabindex=\"0\" id=\"uael-faq-3-6a9ae55a0379b\">O\u00f9 les yachts Absolute Yachts seront-ils expos\u00e9s \u00e0 Cannes ?<\/h3>\n\t\t\t\t\t\t\t\t<\/div>\n\t\t\t\t\t\t\t\t<div class=\"uael-accordion-content\" role=\"tabpanel\">\n\t\t\t\t\t\t\t\t\t<span>\n\t\t\t\t\t\t\t\t\t<span><p>Les onze yachts seront expos\u00e9s au stand PAN214-008, dans la zone Pantiero du Cannes Yachting Festival 2026, qui se tiendra du 8 au 13 septembre.<\/p><\/span>\t\t\t\t\t\t\t\t\t<\/span>\n\t\t\t\t\t\t\t\t<\/div>\n\t\t\t\t\t\t\t<\/div>\n\t\t\t\t\t\t\t\t\t\t\t<\/div>\n\t\t\t<\/div>\n\t\t\t\t\t\t\t<\/div>\n\t\t\t\t<\/div>\n\t\t\t\t\t<\/div>\n\t\t<\/div>\n\t\t\t\t\t<\/div>\n\t\t<\/section>\n\t\t\t\t<\/div>\n\t\t","protected":false},"excerpt":{"rendered":"<p>Absolute Yachts sera de retour au Cannes Yachting Festival 2026, pr\u00e9vu du 8 au 13 septembre, avec une flotte de onze yachts et trois premi\u00e8res mondiales. Sa pr\u00e9sence \u00e0 ce salon fran\u00e7ais offre au chantier naval l\u2019occasion de pr\u00e9senter \u00e0 un public international l\u2019\u00e9volution de sa gamme ainsi qu\u2019une philosophie de conception ax\u00e9e sur la [&hellip;]<\/p>\n","protected":false},"author":45,"featured_media":172370,"comment_status":"open","ping_status":"closed","sticky":false,"template":"","format":"standard","meta":{"_mo_disable_npp":"","footnotes":""},"categories":[5013],"tags":[],"class_list":["post-172369","post","type-post","status-publish","format-standard","has-post-thumbnail","hentry","category-nouvelles"],"yoast_head":"<!-- This site is optimized with the Yoast SEO plugin v28.4 - https:\/\/yoast.com\/product\/yoast-seo-wordpress\/ -->\n<title>Absolute au Festival de Cannes 2026 avec 3 avant-premi\u00e8res - Yachting News<\/title>\n<meta name=\"description\" content=\"Les 11 yachts Absolute Yachts expos\u00e9s pr\u00e9sentent la nouvelle g\u00e9n\u00e9ration du chantier naval italien, avec notamment les mod\u00e8les Navetta 50, Navetta 58 et Navetta 66.\" \/>\n<meta name=\"robots\" content=\"index, follow, max-snippet:-1, max-image-preview:large, max-video-preview:-1\" \/>\n<link rel=\"canonical\" href=\"https:\/\/www.yachtingnews.com\/fr\/absolute-cannes-26\/\" \/>\n<meta property=\"og:locale\" content=\"fr_FR\" \/>\n<meta property=\"og:type\" content=\"article\" \/>\n<meta property=\"og:title\" content=\"Absolute au Festival de Cannes 2026 avec 3 avant-premi\u00e8res - Yachting News\" \/>\n<meta property=\"og:description\" content=\"Les 11 yachts Absolute Yachts expos\u00e9s pr\u00e9sentent la nouvelle g\u00e9n\u00e9ration du chantier naval italien, avec notamment les mod\u00e8les Navetta 50, Navetta 58 et Navetta 66.\" \/>\n<meta property=\"og:url\" content=\"https:\/\/www.yachtingnews.com\/fr\/absolute-cannes-26\/\" \/>\n<meta property=\"og:site_name\" content=\"Yachting News\" \/>\n<meta property=\"article:publisher\" content=\"https:\/\/www.facebook.com\/TheInternationalYachtingMedia\" \/>\n<meta property=\"article:published_time\" content=\"2026-09-04T01:00:00+00:00\" \/>\n<meta property=\"article:modified_time\" content=\"2026-09-04T09:39:48+00:00\" \/>\n<meta property=\"og:image\" content=\"https:\/\/www.yachtingnews.com\/wp-content\/uploads\/2026\/09\/absolute-cannes-2026.jpg\" \/>\n\t<meta property=\"og:image:width\" content=\"1400\" \/>\n\t<meta property=\"og:image:height\" content=\"787\" \/>\n\t<meta property=\"og:image:type\" content=\"image\/jpeg\" \/>\n<meta name=\"author\" content=\"Alessandro Giuzio\" \/>\n<meta name=\"twitter:card\" content=\"summary_large_image\" \/>\n<meta name=\"twitter:creator\" content=\"@YachtingMedia\" \/>\n<meta name=\"twitter:site\" content=\"@YachtingMedia\" \/>\n<meta name=\"twitter:label1\" content=\"\u00c9crit par\" \/>\n\t<meta name=\"twitter:data1\" content=\"Alessandro Giuzio\" \/>\n\t<meta name=\"twitter:label2\" content=\"Dur\u00e9e de lecture estim\u00e9e\" \/>\n\t<meta name=\"twitter:data2\" content=\"6 minutes\" \/>\n<script type=\"application\/ld+json\" class=\"yoast-schema-graph\">{\"@context\":\"https:\\\/\\\/schema.org\",\"@graph\":[{\"@type\":\"Article\",\"@id\":\"https:\\\/\\\/www.yachtingnews.com\\\/fr\\\/absolute-cannes-26\\\/#article\",\"isPartOf\":{\"@id\":\"https:\\\/\\\/www.yachtingnews.com\\\/fr\\\/absolute-cannes-26\\\/\"},\"author\":{\"name\":\"Alessandro Giuzio\",\"@id\":\"https:\\\/\\\/www.yachtingnews.com\\\/fr\\\/#\\\/schema\\\/person\\\/d2e99eb1c7ce9e28a78d15e3d5d68eb3\"},\"headline\":\"Absolute au Cannes Yachting Festival 2026 avec trois premi\u00e8res mondiales\",\"datePublished\":\"2026-09-04T01:00:00+00:00\",\"dateModified\":\"2026-09-04T09:39:48+00:00\",\"mainEntityOfPage\":{\"@id\":\"https:\\\/\\\/www.yachtingnews.com\\\/fr\\\/absolute-cannes-26\\\/\"},\"wordCount\":1196,\"commentCount\":0,\"publisher\":{\"@id\":\"https:\\\/\\\/www.yachtingnews.com\\\/fr\\\/#organization\"},\"image\":{\"@id\":\"https:\\\/\\\/www.yachtingnews.com\\\/fr\\\/absolute-cannes-26\\\/#primaryimage\"},\"thumbnailUrl\":\"https:\\\/\\\/www.yachtingnews.com\\\/wp-content\\\/uploads\\\/2026\\\/09\\\/absolute-cannes-2026.jpg\",\"articleSection\":[\"Nouvelles\"],\"inLanguage\":\"fr-FR\",\"potentialAction\":[{\"@type\":\"CommentAction\",\"name\":\"Comment\",\"target\":[\"https:\\\/\\\/www.yachtingnews.com\\\/fr\\\/absolute-cannes-26\\\/#respond\"]}]},{\"@type\":\"WebPage\",\"@id\":\"https:\\\/\\\/www.yachtingnews.com\\\/fr\\\/absolute-cannes-26\\\/\",\"url\":\"https:\\\/\\\/www.yachtingnews.com\\\/fr\\\/absolute-cannes-26\\\/\",\"name\":\"Absolute au Festival de Cannes 2026 avec 3 avant-premi\u00e8res - Yachting News\",\"isPartOf\":{\"@id\":\"https:\\\/\\\/www.yachtingnews.com\\\/fr\\\/#website\"},\"primaryImageOfPage\":{\"@id\":\"https:\\\/\\\/www.yachtingnews.com\\\/fr\\\/absolute-cannes-26\\\/#primaryimage\"},\"image\":{\"@id\":\"https:\\\/\\\/www.yachtingnews.com\\\/fr\\\/absolute-cannes-26\\\/#primaryimage\"},\"thumbnailUrl\":\"https:\\\/\\\/www.yachtingnews.com\\\/wp-content\\\/uploads\\\/2026\\\/09\\\/absolute-cannes-2026.jpg\",\"datePublished\":\"2026-09-04T01:00:00+00:00\",\"dateModified\":\"2026-09-04T09:39:48+00:00\",\"description\":\"Les 11 yachts Absolute Yachts expos\u00e9s pr\u00e9sentent la nouvelle g\u00e9n\u00e9ration du chantier naval italien, avec notamment les mod\u00e8les Navetta 50, Navetta 58 et Navetta 66.\",\"breadcrumb\":{\"@id\":\"https:\\\/\\\/www.yachtingnews.com\\\/fr\\\/absolute-cannes-26\\\/#breadcrumb\"},\"inLanguage\":\"fr-FR\",\"potentialAction\":[{\"@type\":\"ReadAction\",\"target\":[\"https:\\\/\\\/www.yachtingnews.com\\\/fr\\\/absolute-cannes-26\\\/\"]}]},{\"@type\":\"ImageObject\",\"inLanguage\":\"fr-FR\",\"@id\":\"https:\\\/\\\/www.yachtingnews.com\\\/fr\\\/absolute-cannes-26\\\/#primaryimage\",\"url\":\"https:\\\/\\\/www.yachtingnews.com\\\/wp-content\\\/uploads\\\/2026\\\/09\\\/absolute-cannes-2026.jpg\",\"contentUrl\":\"https:\\\/\\\/www.yachtingnews.com\\\/wp-content\\\/uploads\\\/2026\\\/09\\\/absolute-cannes-2026.jpg\",\"width\":1400,\"height\":787},{\"@type\":\"BreadcrumbList\",\"@id\":\"https:\\\/\\\/www.yachtingnews.com\\\/fr\\\/absolute-cannes-26\\\/#breadcrumb\",\"itemListElement\":[{\"@type\":\"ListItem\",\"position\":1,\"name\":\"Home\",\"item\":\"https:\\\/\\\/www.yachtingnews.com\\\/fr\\\/actualites-nautiques-2\\\/\"},{\"@type\":\"ListItem\",\"position\":2,\"name\":\"Absolute au Cannes Yachting Festival 2026 avec trois premi\u00e8res mondiales\"}]},{\"@type\":\"WebSite\",\"@id\":\"https:\\\/\\\/www.yachtingnews.com\\\/fr\\\/#website\",\"url\":\"https:\\\/\\\/www.yachtingnews.com\\\/fr\\\/\",\"name\":\"Yachting News\",\"description\":\"The International Yachting Media\",\"publisher\":{\"@id\":\"https:\\\/\\\/www.yachtingnews.com\\\/fr\\\/#organization\"},\"potentialAction\":[{\"@type\":\"SearchAction\",\"target\":{\"@type\":\"EntryPoint\",\"urlTemplate\":\"https:\\\/\\\/www.yachtingnews.com\\\/fr\\\/?s={search_term_string}\"},\"query-input\":{\"@type\":\"PropertyValueSpecification\",\"valueRequired\":true,\"valueName\":\"search_term_string\"}}],\"inLanguage\":\"fr-FR\"},{\"@type\":\"Organization\",\"@id\":\"https:\\\/\\\/www.yachtingnews.com\\\/fr\\\/#organization\",\"name\":\"Yachting News\",\"url\":\"https:\\\/\\\/www.yachtingnews.com\\\/fr\\\/\",\"logo\":{\"@type\":\"ImageObject\",\"inLanguage\":\"fr-FR\",\"@id\":\"https:\\\/\\\/www.yachtingnews.com\\\/fr\\\/#\\\/schema\\\/logo\\\/image\\\/\",\"url\":\"https:\\\/\\\/www.yachtingnews.com\\\/wp-content\\\/uploads\\\/2023\\\/02\\\/LOGO-Yachting-NEWS-blu-800.png\",\"contentUrl\":\"https:\\\/\\\/www.yachtingnews.com\\\/wp-content\\\/uploads\\\/2023\\\/02\\\/LOGO-Yachting-NEWS-blu-800.png\",\"width\":790,\"height\":99,\"caption\":\"Yachting News\"},\"image\":{\"@id\":\"https:\\\/\\\/www.yachtingnews.com\\\/fr\\\/#\\\/schema\\\/logo\\\/image\\\/\"},\"sameAs\":[\"https:\\\/\\\/www.facebook.com\\\/TheInternationalYachtingMedia\",\"https:\\\/\\\/x.com\\\/YachtingMedia\",\"https:\\\/\\\/www.instagram.com\\\/yachting.news\\\/\",\"https:\\\/\\\/www.linkedin.com\\\/company\\\/the-international-yachting-media\",\"https:\\\/\\\/www.youtube.com\\\/c\\\/TheInternationalYachtingMedia\"]},{\"@type\":\"Person\",\"@id\":\"https:\\\/\\\/www.yachtingnews.com\\\/fr\\\/#\\\/schema\\\/person\\\/d2e99eb1c7ce9e28a78d15e3d5d68eb3\",\"name\":\"Alessandro Giuzio\",\"image\":{\"@type\":\"ImageObject\",\"inLanguage\":\"fr-FR\",\"@id\":\"https:\\\/\\\/www.yachtingnews.com\\\/wp-content\\\/litespeed\\\/avatar\\\/a99e5f8da4fc551fb53eb9f1fec61fb4.jpg?ver=1788189881\",\"url\":\"https:\\\/\\\/www.yachtingnews.com\\\/wp-content\\\/litespeed\\\/avatar\\\/a99e5f8da4fc551fb53eb9f1fec61fb4.jpg?ver=1788189881\",\"contentUrl\":\"https:\\\/\\\/www.yachtingnews.com\\\/wp-content\\\/litespeed\\\/avatar\\\/a99e5f8da4fc551fb53eb9f1fec61fb4.jpg?ver=1788189881\",\"caption\":\"Alessandro Giuzio\"},\"description\":\"Alessandro is a professional journalist and contributes to The International Yachting Media since 2022. He is an expert on the sea and of course on boats.\",\"url\":\"https:\\\/\\\/www.yachtingnews.com\\\/fr\\\/author\\\/alexgiuzio\\\/\"}]}<\/script>\n<!-- \/ Yoast SEO plugin. -->","yoast_head_json":{"title":"Absolute au Festival de Cannes 2026 avec 3 avant-premi\u00e8res - Yachting News","description":"Les 11 yachts Absolute Yachts expos\u00e9s pr\u00e9sentent la nouvelle g\u00e9n\u00e9ration du chantier naval italien, avec notamment les mod\u00e8les Navetta 50, Navetta 58 et Navetta 66.","robots":{"index":"index","follow":"follow","max-snippet":"max-snippet:-1","max-image-preview":"max-image-preview:large","max-video-preview":"max-video-preview:-1"},"canonical":"https:\/\/www.yachtingnews.com\/fr\/absolute-cannes-26\/","og_locale":"fr_FR","og_type":"article","og_title":"Absolute au Festival de Cannes 2026 avec 3 avant-premi\u00e8res - Yachting News","og_description":"Les 11 yachts Absolute Yachts expos\u00e9s pr\u00e9sentent la nouvelle g\u00e9n\u00e9ration du chantier naval italien, avec notamment les mod\u00e8les Navetta 50, Navetta 58 et Navetta 66.","og_url":"https:\/\/www.yachtingnews.com\/fr\/absolute-cannes-26\/","og_site_name":"Yachting News","article_publisher":"https:\/\/www.facebook.com\/TheInternationalYachtingMedia","article_published_time":"2026-09-04T01:00:00+00:00","article_modified_time":"2026-09-04T09:39:48+00:00","og_image":[{"width":1400,"height":787,"url":"https:\/\/www.yachtingnews.com\/wp-content\/uploads\/2026\/09\/absolute-cannes-2026.jpg","type":"image\/jpeg"}],"author":"Alessandro Giuzio","twitter_card":"summary_large_image","twitter_creator":"@YachtingMedia","twitter_site":"@YachtingMedia","twitter_misc":{"\u00c9crit par":"Alessandro Giuzio","Dur\u00e9e de lecture estim\u00e9e":"6 minutes"},"schema":{"@context":"https:\/\/schema.org","@graph":[{"@type":"Article","@id":"https:\/\/www.yachtingnews.com\/fr\/absolute-cannes-26\/#article","isPartOf":{"@id":"https:\/\/www.yachtingnews.com\/fr\/absolute-cannes-26\/"},"author":{"name":"Alessandro Giuzio","@id":"https:\/\/www.yachtingnews.com\/fr\/#\/schema\/person\/d2e99eb1c7ce9e28a78d15e3d5d68eb3"},"headline":"Absolute au Cannes Yachting Festival 2026 avec trois premi\u00e8res mondiales","datePublished":"2026-09-04T01:00:00+00:00","dateModified":"2026-09-04T09:39:48+00:00","mainEntityOfPage":{"@id":"https:\/\/www.yachtingnews.com\/fr\/absolute-cannes-26\/"},"wordCount":1196,"commentCount":0,"publisher":{"@id":"https:\/\/www.yachtingnews.com\/fr\/#organization"},"image":{"@id":"https:\/\/www.yachtingnews.com\/fr\/absolute-cannes-26\/#primaryimage"},"thumbnailUrl":"https:\/\/www.yachtingnews.com\/wp-content\/uploads\/2026\/09\/absolute-cannes-2026.jpg","articleSection":["Nouvelles"],"inLanguage":"fr-FR","potentialAction":[{"@type":"CommentAction","name":"Comment","target":["https:\/\/www.yachtingnews.com\/fr\/absolute-cannes-26\/#respond"]}]},{"@type":"WebPage","@id":"https:\/\/www.yachtingnews.com\/fr\/absolute-cannes-26\/","url":"https:\/\/www.yachtingnews.com\/fr\/absolute-cannes-26\/","name":"Absolute au Festival de Cannes 2026 avec 3 avant-premi\u00e8res - Yachting News","isPartOf":{"@id":"https:\/\/www.yachtingnews.com\/fr\/#website"},"primaryImageOfPage":{"@id":"https:\/\/www.yachtingnews.com\/fr\/absolute-cannes-26\/#primaryimage"},"image":{"@id":"https:\/\/www.yachtingnews.com\/fr\/absolute-cannes-26\/#primaryimage"},"thumbnailUrl":"https:\/\/www.yachtingnews.com\/wp-content\/uploads\/2026\/09\/absolute-cannes-2026.jpg","datePublished":"2026-09-04T01:00:00+00:00","dateModified":"2026-09-04T09:39:48+00:00","description":"Les 11 yachts Absolute Yachts expos\u00e9s pr\u00e9sentent la nouvelle g\u00e9n\u00e9ration du chantier naval italien, avec notamment les mod\u00e8les Navetta 50, Navetta 58 et Navetta 66.","breadcrumb":{"@id":"https:\/\/www.yachtingnews.com\/fr\/absolute-cannes-26\/#breadcrumb"},"inLanguage":"fr-FR","potentialAction":[{"@type":"ReadAction","target":["https:\/\/www.yachtingnews.com\/fr\/absolute-cannes-26\/"]}]},{"@type":"ImageObject","inLanguage":"fr-FR","@id":"https:\/\/www.yachtingnews.com\/fr\/absolute-cannes-26\/#primaryimage","url":"https:\/\/www.yachtingnews.com\/wp-content\/uploads\/2026\/09\/absolute-cannes-2026.jpg","contentUrl":"https:\/\/www.yachtingnews.com\/wp-content\/uploads\/2026\/09\/absolute-cannes-2026.jpg","width":1400,"height":787},{"@type":"BreadcrumbList","@id":"https:\/\/www.yachtingnews.com\/fr\/absolute-cannes-26\/#breadcrumb","itemListElement":[{"@type":"ListItem","position":1,"name":"Home","item":"https:\/\/www.yachtingnews.com\/fr\/actualites-nautiques-2\/"},{"@type":"ListItem","position":2,"name":"Absolute au Cannes Yachting Festival 2026 avec trois premi\u00e8res mondiales"}]},{"@type":"WebSite","@id":"https:\/\/www.yachtingnews.com\/fr\/#website","url":"https:\/\/www.yachtingnews.com\/fr\/","name":"Yachting News","description":"The International Yachting Media","publisher":{"@id":"https:\/\/www.yachtingnews.com\/fr\/#organization"},"potentialAction":[{"@type":"SearchAction","target":{"@type":"EntryPoint","urlTemplate":"https:\/\/www.yachtingnews.com\/fr\/?s={search_term_string}"},"query-input":{"@type":"PropertyValueSpecification","valueRequired":true,"valueName":"search_term_string"}}],"inLanguage":"fr-FR"},{"@type":"Organization","@id":"https:\/\/www.yachtingnews.com\/fr\/#organization","name":"Yachting News","url":"https:\/\/www.yachtingnews.com\/fr\/","logo":{"@type":"ImageObject","inLanguage":"fr-FR","@id":"https:\/\/www.yachtingnews.com\/fr\/#\/schema\/logo\/image\/","url":"https:\/\/www.yachtingnews.com\/wp-content\/uploads\/2023\/02\/LOGO-Yachting-NEWS-blu-800.png","contentUrl":"https:\/\/www.yachtingnews.com\/wp-content\/uploads\/2023\/02\/LOGO-Yachting-NEWS-blu-800.png","width":790,"height":99,"caption":"Yachting News"},"image":{"@id":"https:\/\/www.yachtingnews.com\/fr\/#\/schema\/logo\/image\/"},"sameAs":["https:\/\/www.facebook.com\/TheInternationalYachtingMedia","https:\/\/x.com\/YachtingMedia","https:\/\/www.instagram.com\/yachting.news\/","https:\/\/www.linkedin.com\/company\/the-international-yachting-media","https:\/\/www.youtube.com\/c\/TheInternationalYachtingMedia"]},{"@type":"Person","@id":"https:\/\/www.yachtingnews.com\/fr\/#\/schema\/person\/d2e99eb1c7ce9e28a78d15e3d5d68eb3","name":"Alessandro Giuzio","image":{"@type":"ImageObject","inLanguage":"fr-FR","@id":"https:\/\/www.yachtingnews.com\/wp-content\/litespeed\/avatar\/a99e5f8da4fc551fb53eb9f1fec61fb4.jpg?ver=1788189881","url":"https:\/\/www.yachtingnews.com\/wp-content\/litespeed\/avatar\/a99e5f8da4fc551fb53eb9f1fec61fb4.jpg?ver=1788189881","contentUrl":"https:\/\/www.yachtingnews.com\/wp-content\/litespeed\/avatar\/a99e5f8da4fc551fb53eb9f1fec61fb4.jpg?ver=1788189881","caption":"Alessandro Giuzio"},"description":"Alessandro is a professional journalist and contributes to The International Yachting Media since 2022. He is an expert on the sea and of course on boats.","url":"https:\/\/www.yachtingnews.com\/fr\/author\/alexgiuzio\/"}]}},"_links":{"self":[{"href":"https:\/\/www.yachtingnews.com\/fr\/wp-json\/wp\/v2\/posts\/172369","targetHints":{"allow":["GET"]}}],"collection":[{"href":"https:\/\/www.yachtingnews.com\/fr\/wp-json\/wp\/v2\/posts"}],"about":[{"href":"https:\/\/www.yachtingnews.com\/fr\/wp-json\/wp\/v2\/types\/post"}],"author":[{"embeddable":true,"href":"https:\/\/www.yachtingnews.com\/fr\/wp-json\/wp\/v2\/users\/45"}],"replies":[{"embeddable":true,"href":"https:\/\/www.yachtingnews.com\/fr\/wp-json\/wp\/v2\/comments?post=172369"}],"version-history":[{"count":1,"href":"https:\/\/www.yachtingnews.com\/fr\/wp-json\/wp\/v2\/posts\/172369\/revisions"}],"predecessor-version":[{"id":172375,"href":"https:\/\/www.yachtingnews.com\/fr\/wp-json\/wp\/v2\/posts\/172369\/revisions\/172375"}],"wp:featuredmedia":[{"embeddable":true,"href":"https:\/\/www.yachtingnews.com\/fr\/wp-json\/wp\/v2\/media\/172370"}],"wp:attachment":[{"href":"https:\/\/www.yachtingnews.com\/fr\/wp-json\/wp\/v2\/media?parent=172369"}],"wp:term":[{"taxonomy":"category","embeddable":true,"href":"https:\/\/www.yachtingnews.com\/fr\/wp-json\/wp\/v2\/categories?post=172369"},{"taxonomy":"post_tag","embeddable":true,"href":"https:\/\/www.yachtingnews.com\/fr\/wp-json\/wp\/v2\/tags?post=172369"}],"curies":[{"name":"wp","href":"https:\/\/api.w.org\/{rel}","templated":true}]}}