{"id":172455,"date":"2026-09-06T13:51:05","date_gmt":"2026-09-06T12:51:05","guid":{"rendered":"https:\/\/www.yachtingnews.com\/zone-de-voile-cannes26\/"},"modified":"2026-09-06T13:52:09","modified_gmt":"2026-09-06T12:52:09","slug":"zone-de-voile-cannes26","status":"publish","type":"post","link":"https:\/\/www.yachtingnews.com\/fr\/zone-de-voile-cannes26\/","title":{"rendered":"Cannes Yachting Festival 2026 : l&rsquo;espace voile met l&rsquo;accent sur les premi\u00e8res mondiales"},"content":{"rendered":"\t\t<div data-elementor-type=\"wp-post\" data-elementor-id=\"172455\" class=\"elementor elementor-172455 elementor-172440\" data-elementor-post-type=\"post\">\n\t\t\t\t\t\t<section class=\"elementor-section elementor-top-section elementor-element elementor-element-6c9bfdb elementor-section-boxed elementor-section-height-default elementor-section-height-default\" data-id=\"6c9bfdb\" data-element_type=\"section\" data-e-type=\"section\">\n\t\t\t\t\t\t<div class=\"elementor-container elementor-column-gap-default\">\n\t\t\t\t\t<div class=\"elementor-column elementor-col-100 elementor-top-column elementor-element elementor-element-fffa611\" data-id=\"fffa611\" data-element_type=\"column\" data-e-type=\"column\">\n\t\t\t<div class=\"elementor-widget-wrap elementor-element-populated\">\n\t\t\t\t\t\t<div class=\"elementor-element elementor-element-7c0973b elementor-widget elementor-widget-text-editor\" data-id=\"7c0973b\" data-element_type=\"widget\" data-e-type=\"widget\" data-widget_type=\"text-editor.default\">\n\t\t\t\t<div class=\"elementor-widget-container\">\n\t\t\t\t\t\t\t\t\t<p><span style=\"font-weight: 400;\">Du 8 au 13 septembre 2026, le Cannes Yachting Festival revient \u00e0 Port Canto pour accueillir l\u2019une des plus importantes flottes de voiliers neufs pr\u00e9sent\u00e9s \u00e0 l\u2019eau. L\u2019espace \u00ab Sailing Area \u00bb, op\u00e9rationnel depuis 2019 et d\u00e9di\u00e9 aux voiliers neufs de plus de 10 m\u00e8tres, accueillera <\/span><b>120 monocoques et multicoques<\/b> <span style=\"font-weight: 400;\"> cette ann\u00e9e, avec plus de 400 m\u00e8tres de quais r\u00e9serv\u00e9s aux premiers et plus de 450 m\u00e8tres aux seconds. Le salon nautique fran\u00e7ais confirme ainsi le r\u00f4le central de la voile au sein de l\u2019\u00e9v\u00e9nement, en associant l\u2019exposition \u00e0 l\u2019eau aux stands des chantiers navals, des \u00e9quipementiers et des prestataires de services sp\u00e9cialis\u00e9s. Ce qui caract\u00e9risera l\u2019\u00e9dition 2026, c\u2019est avant tout le nombre important de premi\u00e8res internationales, <\/span><b>onze<\/b><span style=\"font-weight: 400;\"> au total, dont <\/span><b>six monocoques et cinq catamarans<\/b><span style=\"font-weight: 400;\">.<\/span> <\/p><h2>Une flotte internationale dans la zone de navigation<\/h2><p><span style=\"font-weight: 400;\">La s\u00e9lection pr\u00e9sent\u00e9e \u00e0 l\u2019espace nautique de Cannes 2026 couvre une part importante de la production mondiale actuelle. De la France \u00e0 l\u2019Allemagne, de la Finlande \u00e0 l\u2019Italie, jusqu\u2019en Chine et en Afrique du Sud, ces nouveaux mod\u00e8les illustrent diff\u00e9rentes approches de la croisi\u00e8re, de la performance et de la vie \u00e0 bord.<\/span><\/p><p><span style=\"font-weight: 400;\">Constance Br\u00e9ment, directrice du Cannes Yachting Festival, r\u00e9sume ainsi l\u2019importance de cet \u00e9v\u00e9nement : \u00ab La voile occupe une place pr\u00e9pond\u00e9rante au Cannes Yachting Festival. Avec 120 monocoques et multicoques rassembl\u00e9s \u00e0 Port Canto, l\u2019espace voile, v\u00e9ritable merveille pour nos visiteurs, offre un panorama exceptionnel de la diversit\u00e9 et du dynamisme du secteur. Cette ann\u00e9e, pr\u00e8s d\u2019un bateau sur cinq sera pr\u00e9sent\u00e9 en avant-premi\u00e8re mondiale, ce qui t\u00e9moigne de la cr\u00e9ativit\u00e9 et du savoir-faire des chantiers navals qui allient avec passion performance, confort, innovation et le plaisir de vivre en mer. \u00bb<\/span><\/p><h2>ICE 80 Blue Water Sport, le nouveau fleuron d\u2019ICE Yachts<\/h2><p><span style=\"font-weight: 400;\">Parmi les nouveaut\u00e9s les plus attendues figure l\u2019 <\/span><b>ICE 80 Blue Water Sport<\/b><span style=\"font-weight: 400;\">, le nouveau fleuron d\u2019ICE Yachts, fruit d\u2019une collaboration avec Felci Yacht Design. Ce voilier de 24 m\u00e8tres marque l\u2019entr\u00e9e du chantier naval italien sur le segment des grands voiliers de luxe, \u00e9levant ainsi la philosophie de la marque en mati\u00e8re de voiliers de croisi\u00e8re performants \u00e0 une dimension sup\u00e9rieure.<\/span><\/p><p><img decoding=\"async\" class=\"aligncenter size-full wp-image-172441\" src=\"https:\/\/www.yachtingnews.com\/wp-content\/uploads\/2026\/09\/spazio-vela-ICE80-Titanio-1-wb-1.jpg\" alt=\"zone de navigation \u00ab ICE 80 \u00bb\" width=\"2000\" height=\"1125\" srcset=\"https:\/\/www.yachtingnews.com\/wp-content\/uploads\/2026\/09\/spazio-vela-ICE80-Titanio-1-wb-1.jpg 2000w, https:\/\/www.yachtingnews.com\/wp-content\/uploads\/2026\/09\/spazio-vela-ICE80-Titanio-1-wb-1-300x169.jpg 300w, https:\/\/www.yachtingnews.com\/wp-content\/uploads\/2026\/09\/spazio-vela-ICE80-Titanio-1-wb-1-1600x900.jpg 1600w, https:\/\/www.yachtingnews.com\/wp-content\/uploads\/2026\/09\/spazio-vela-ICE80-Titanio-1-wb-1-768x432.jpg 768w, https:\/\/www.yachtingnews.com\/wp-content\/uploads\/2026\/09\/spazio-vela-ICE80-Titanio-1-wb-1-1536x864.jpg 1536w\" sizes=\"(max-width: 2000px) 100vw, 2000px\" \/><\/p><p><span style=\"font-weight: 400;\">La coque, le pont et les structures de <a href=\"https:\/\/www.yachtingnews.com\/fr\/ice-80-apercu\/\">l&rsquo;ICE 80 sont <\/a>fabriqu\u00e9s en carbone par infusion sous vide \u00ab en une seule \u00e9tape \u00bb, dans le but de r\u00e9duire le poids tout en conservant un haut niveau de rigidit\u00e9 structurelle. Le bateau mesure <\/span><b>24 m\u00e8tres de longueur hors tout et 6,52 m\u00e8tres de largeur maximale<\/b><span style=\"font-weight: 400;\">, tandis que la quille t\u00e9lescopique permet de faire varier le tirant d\u2019eau de <\/span><b>3,20 \u00e0 4,60 m\u00e8tres<\/b><span style=\"font-weight: 400;\">.<\/span><\/p><p><span style=\"font-weight: 400;\">L&rsquo;am\u00e9nagement du pont comprend deux cockpits distincts, la zone de man\u0153uvre \u00e9tant s\u00e9par\u00e9e de l&rsquo;espace r\u00e9serv\u00e9 aux passagers. Le pont se caract\u00e9rise par de larges passerelles lat\u00e9rales et un toit de cabine bas et profil\u00e9 ; \u00e0 l&rsquo;arri\u00e8re, on trouve une grande plateforme de baignade et un garage pouvant accueillir une <\/span><b>annexe de 3,50 m\u00e8tres<\/b><span style=\"font-weight: 400;\">. L\u2019int\u00e9rieur comprend une cabine propri\u00e9taire et deux cabines VIP, ainsi qu\u2019un espace s\u00e9par\u00e9 r\u00e9serv\u00e9 \u00e0 l\u2019\u00e9quipage.<\/span><\/p><h2>AMEL 50.2 : L&rsquo;\u00e9volution de la croisi\u00e8re<\/h2><p><span style=\"font-weight: 400;\">Parmi les avant-premi\u00e8res officielles figure l&rsquo; <\/span><b>AMEL 50.2<\/b><span style=\"font-weight: 400;\">, un monocoque <\/span><b>de 16,70 m\u00e8tres de long et 4,99 m\u00e8tres de large<\/b><span style=\"font-weight: 400;\">. Con\u00e7u par le cabinet Berret-Racoupeau, il pr\u00e9sente une proue invers\u00e9e et une forme de coque modernis\u00e9e, tout en conservant certaines des caract\u00e9ristiques de production embl\u00e9matiques d\u2019AMEL.<\/span><\/p><p><img decoding=\"async\" class=\"aligncenter size-full wp-image-172442\" src=\"https:\/\/www.yachtingnews.com\/wp-content\/uploads\/2026\/09\/AMEL-50.2.-Visuel-3D-Berret-Racoupeau-Yacht-Design-scaled-1-scaled-1.jpeg\" alt=\"\" width=\"2048\" height=\"1152\" srcset=\"https:\/\/www.yachtingnews.com\/wp-content\/uploads\/2026\/09\/AMEL-50.2.-Visuel-3D-Berret-Racoupeau-Yacht-Design-scaled-1-scaled-1.jpeg 2048w, https:\/\/www.yachtingnews.com\/wp-content\/uploads\/2026\/09\/AMEL-50.2.-Visuel-3D-Berret-Racoupeau-Yacht-Design-scaled-1-scaled-1-300x169.jpeg 300w, https:\/\/www.yachtingnews.com\/wp-content\/uploads\/2026\/09\/AMEL-50.2.-Visuel-3D-Berret-Racoupeau-Yacht-Design-scaled-1-scaled-1-1600x900.jpeg 1600w, https:\/\/www.yachtingnews.com\/wp-content\/uploads\/2026\/09\/AMEL-50.2.-Visuel-3D-Berret-Racoupeau-Yacht-Design-scaled-1-scaled-1-768x432.jpeg 768w, https:\/\/www.yachtingnews.com\/wp-content\/uploads\/2026\/09\/AMEL-50.2.-Visuel-3D-Berret-Racoupeau-Yacht-Design-scaled-1-scaled-1-1536x864.jpeg 1536w\" sizes=\"(max-width: 2048px) 100vw, 2048px\" \/><\/p><p><span style=\"font-weight: 400;\">Le cockpit central, profond et tr\u00e8s prot\u00e9g\u00e9, est con\u00e7u pour offrir une plus grande s\u00e9curit\u00e9 pendant la navigation, tandis que les espaces de vie ont \u00e9t\u00e9 agrandis. La surface accrue consacr\u00e9e aux panneaux solaires renforce \u00e9galement son profil de voilier de croisi\u00e8re con\u00e7u pour la navigation au long cours.<\/span><\/p><h2>CNB 62 : Croisi\u00e8re au large avec un \u00e9quipage r\u00e9duit<\/h2><p><span style=\"font-weight: 400;\">Le <\/span><b>CNB 62<\/b><span style=\"font-weight: 400;\"> apporte une nouvelle approche de la croisi\u00e8re au large \u00e0 Cannes. Avec ses <\/span><b>19,48 m\u00e8tres de longueur et 5,33 m\u00e8tres de largeur<\/b><span style=\"font-weight: 400;\">, ce mod\u00e8le sign\u00e9 Philippe Briand est con\u00e7u pour \u00eatre man\u0153uvr\u00e9 m\u00eame avec un \u00e9quipage r\u00e9duit.<\/span><\/p><p><img decoding=\"async\" class=\"aligncenter size-full wp-image-172443\" src=\"https:\/\/www.yachtingnews.com\/wp-content\/uploads\/2026\/09\/spazio-vela-CNB62_00268-1.jpg\" alt=\"zone de navigation\" width=\"1200\" height=\"799\" srcset=\"https:\/\/www.yachtingnews.com\/wp-content\/uploads\/2026\/09\/spazio-vela-CNB62_00268-1.jpg 1200w, https:\/\/www.yachtingnews.com\/wp-content\/uploads\/2026\/09\/spazio-vela-CNB62_00268-1-300x200.jpg 300w, https:\/\/www.yachtingnews.com\/wp-content\/uploads\/2026\/09\/spazio-vela-CNB62_00268-1-768x511.jpg 768w\" sizes=\"(max-width: 1200px) 100vw, 1200px\" \/><\/p><p><span style=\"font-weight: 400;\">Parmi ses principales caract\u00e9ristiques, citons le grand salon baign\u00e9 de lumi\u00e8re naturelle, l\u2019arche en carbone qui lib\u00e8re de l\u2019espace dans le cockpit, ainsi que le garage \u00e0 annexe longitudinal. Le r\u00e9sultat vise \u00e0 allier confort et fonctionnalit\u00e9, avec un agencement spatial con\u00e7u pour simplifier la gestion du bateau.<\/span><\/p><h2>Grand Soleil 80 Plus Long Cruise : performances et travers\u00e9es oc\u00e9aniques<\/h2><p><span style=\"font-weight: 400;\">Le <\/span><b>Grand Soleil 80 Plus Long Cruise<\/b><span style=\"font-weight: 400;\"> repr\u00e9sente le nouveau fleuron de la gamme Plus du Cantiere del Pardo. Ce <\/span><b>yacht de 26,2 m\u00e8tres<\/b><span style=\"font-weight: 400;\"> a \u00e9t\u00e9 con\u00e7u pour les propri\u00e9taires d\u00e9sireux d\u2019effectuer de longues travers\u00e9es oc\u00e9aniques sans pour autant renoncer aux performances de navigation.<\/span><\/p><p><img decoding=\"async\" class=\"aligncenter size-full wp-image-172451\" src=\"https:\/\/www.yachtingnews.com\/wp-content\/uploads\/2026\/09\/grand-soleil-60-long-cruise-0-HERO.jpg\" alt=\"Grand Soleil 60 Long Cruise\" width=\"1400\" height=\"933\" srcset=\"https:\/\/www.yachtingnews.com\/wp-content\/uploads\/2026\/09\/grand-soleil-60-long-cruise-0-HERO.jpg 1400w, https:\/\/www.yachtingnews.com\/wp-content\/uploads\/2026\/09\/grand-soleil-60-long-cruise-0-HERO-300x200.jpg 300w, https:\/\/www.yachtingnews.com\/wp-content\/uploads\/2026\/09\/grand-soleil-60-long-cruise-0-HERO-768x512.jpg 768w\" sizes=\"(max-width: 1400px) 100vw, 1400px\" \/><\/p><p><span style=\"font-weight: 400;\">Le gr\u00e9ement en carbone, les deux safrans et la quille t\u00e9lescopique renforcent la polyvalence du bateau, tandis que la plateforme hybride Torqeedo apporte une fonctionnalit\u00e9 technologique destin\u00e9e \u00e0 la croisi\u00e8re au long cours. Ce projet porte la signature de Cantiere del Pardo, Matteo Polli et Nauta Design, et se caract\u00e9rise par des int\u00e9rieurs lumineux ainsi qu\u2019une s\u00e9paration claire entre les espaces r\u00e9serv\u00e9s aux passagers et ceux destin\u00e9s \u00e0 l\u2019\u00e9quipage.<\/span><\/p><h2>Le nouveau Y7 : un nouveau chapitre pour YYachts<\/h2> <p><span style=\"font-weight: 400;\">Le nouveau <\/span><b>Y7<\/b><span style=\"font-weight: 400;\"> de YYachts, <\/span><b>d&rsquo;une longueur de 21,99 m\u00e8tres<\/b><span style=\"font-weight: 400;\">, a \u00e9t\u00e9 repens\u00e9 par Judel\/Vrolijk &#038; Co. et s\u2019inscrit dans la continuit\u00e9 de la philosophie du chantier naval allemand, fond\u00e9e sur la performance, la simplicit\u00e9 et un luxe discret. La nouvelle disposition asym\u00e9trique de la descente facilite l\u2019acc\u00e8s au cockpit, tandis que ce dernier, mieux prot\u00e9g\u00e9, et le canap\u00e9 en U am\u00e9liorent le confort de vie en plein air.<\/span><\/p><p><span style=\"font-weight: 400;\">L\u2019un des changements les plus significatifs concerne la salle des machines, d\u00e9plac\u00e9e vers un espace d\u00e9di\u00e9 accessible depuis deux points. Cette solution simplifie les op\u00e9rations d\u2019entretien et s\u00e9pare les zones techniques des espaces de vie.<\/span><\/p><h2>Swan 80-301 : le grand voilier de course-croisi\u00e8re de Nautor Swan<\/h2><p><span style=\"font-weight: 400;\">Le <\/span><b>Swan 80-301<\/b><span style=\"font-weight: 400;\"> apporte \u00e0 Cannes la tradition de Nautor Swan dans le segment des grands voiliers. Le <\/span><b>monocoque de 25,55 m\u00e8tres<\/b><span style=\"font-weight: 400;\"> a \u00e9t\u00e9 con\u00e7u par Germ\u00e1n Frers, avec un design ext\u00e9rieur sign\u00e9 Lucio Micheletti et un am\u00e9nagement int\u00e9rieur r\u00e9alis\u00e9 par Misa Poggi.<\/span><\/p><p><img decoding=\"async\" class=\"aligncenter size-full wp-image-172444\" src=\"https:\/\/www.yachtingnews.com\/wp-content\/uploads\/2026\/09\/Swan-80-301-spazio-vela.jpg\" alt=\"zone de navigation\" width=\"1280\" height=\"959\" srcset=\"https:\/\/www.yachtingnews.com\/wp-content\/uploads\/2026\/09\/Swan-80-301-spazio-vela.jpg 1280w, https:\/\/www.yachtingnews.com\/wp-content\/uploads\/2026\/09\/Swan-80-301-spazio-vela-300x225.jpg 300w, https:\/\/www.yachtingnews.com\/wp-content\/uploads\/2026\/09\/Swan-80-301-spazio-vela-768x575.jpg 768w\" sizes=\"(max-width: 1280px) 100vw, 1280px\" \/><\/p><p><span style=\"font-weight: 400;\">Ce projet allie une configuration de voilier de course-croisi\u00e8re \u00e0 une plus grande agilit\u00e9 dans la man\u0153uvrabilit\u00e9 du bateau. Le cockpit modulaire et les deux postes de barre permettent d\u2019adapter rapidement le pont \u00e0 diff\u00e9rentes situations, de la navigation \u00e0 la d\u00e9tente.<\/span><\/p><h2>Aquila 45 Sail : le multicoque \u00e0 voile selon Aquila<\/h2><p><span style=\"font-weight: 400;\">Avec l\u2019 <\/span><b>Aquila 45 Sail<\/b><span style=\"font-weight: 400;\">, le chantier naval chinois Aquila \u00e9largit sa gamme de voiliers en mettant l\u2019accent avant tout sur l\u2019espace et le confort. Ce catamaran, <\/span><b>13,42 m\u00e8tres de long et 7,65 m\u00e8tres de large<\/b><span style=\"font-weight: 400;\">, dispose d\u2019une plate-forme avant fixe, d\u2019un flybridge ouvert et d\u2019un cockpit arri\u00e8re directement reli\u00e9 au salon.<\/span><\/p><p><img decoding=\"async\" class=\"aligncenter size-full wp-image-172054\" src=\"https:\/\/www.yachtingnews.com\/wp-content\/uploads\/2026\/08\/Aquila-Catamarans-45-Sail.png\" alt=\"Aquila Catamarans 45 Sail\" width=\"1382\" height=\"777\" srcset=\"https:\/\/www.yachtingnews.com\/wp-content\/uploads\/2026\/08\/Aquila-Catamarans-45-Sail.png 1382w, https:\/\/www.yachtingnews.com\/wp-content\/uploads\/2026\/08\/Aquila-Catamarans-45-Sail-300x169.png 300w, https:\/\/www.yachtingnews.com\/wp-content\/uploads\/2026\/08\/Aquila-Catamarans-45-Sail-768x432.png 768w\" sizes=\"(max-width: 1382px) 100vw, 1382px\" \/><\/p><p><span style=\"font-weight: 400;\">Les vastes surfaces vitr\u00e9es renforcent la luminosit\u00e9 et le lien visuel avec la mer, tandis que la possibilit\u00e9 de choisir entre des configurations \u00e0 trois ou quatre cabines permet \u00e0 ce mod\u00e8le de r\u00e9pondre aussi bien aux besoins des propri\u00e9taires priv\u00e9s qu&rsquo;\u00e0 ceux du march\u00e9 de la location.<\/span><\/p><h2>Fountaine Pajot FP48 : une nouvelle g\u00e9n\u00e9ration de catamarans<\/h2><p><span style=\"font-weight: 400;\">Le <\/span><b>FP48<\/b><span style=\"font-weight: 400;\"> s&rsquo;inscrit dans la lign\u00e9e du Tanna 47 et inaugure une nouvelle g\u00e9n\u00e9ration de catamarans \u00e0 voile Fountaine Pajot. Ce mod\u00e8le mesure <\/span><b>14,92 m\u00e8tres de longueur pour 7,90 m\u00e8tres de largeur<\/b><span style=\"font-weight: 400;\">.<\/span><\/p><p><img decoding=\"async\" class=\"aligncenter size-full wp-image-172445\" src=\"https:\/\/www.yachtingnews.com\/wp-content\/uploads\/2026\/09\/Fountaine-Pajot-FP48-spazio-vela.jpg\" alt=\"zone de navigation\" width=\"1280\" height=\"720\" srcset=\"https:\/\/www.yachtingnews.com\/wp-content\/uploads\/2026\/09\/Fountaine-Pajot-FP48-spazio-vela.jpg 1280w, https:\/\/www.yachtingnews.com\/wp-content\/uploads\/2026\/09\/Fountaine-Pajot-FP48-spazio-vela-300x169.jpg 300w, https:\/\/www.yachtingnews.com\/wp-content\/uploads\/2026\/09\/Fountaine-Pajot-FP48-spazio-vela-768x432.jpg 768w\" sizes=\"(max-width: 1280px) 100vw, 1280px\" \/><\/p><p><span style=\"font-weight: 400;\">L\u2019une de ses caract\u00e9ristiques distinctives r\u00e9side dans ses larges baies vitr\u00e9es qui cr\u00e9ent une continuit\u00e9 entre le cockpit arri\u00e8re et le salon. La cuisine centrale, le cockpit avant et le \u00ab Lounge Deck \u00bb \u00e9largissent encore davantage les espaces d\u00e9di\u00e9s \u00e0 la vie sociale. Ce mod\u00e8le sera disponible dans les configurations \u00ab Maestro \u00bb et \u00ab Quatuor \u00bb et int\u00e8gre des panneaux solaires ainsi que la technologie ODSea+ afin d\u2019accro\u00eetre son autonomie \u00e9nerg\u00e9tique.<\/span><\/p><h2>Leopard 43 : davantage de sportivit\u00e9 pour la croisi\u00e8re<\/h2><p><span style=\"font-weight: 400;\">Le <\/span><b>Leopard 43<\/b><span style=\"font-weight: 400;\"> marque un nouveau tournant pour le constructeur sud-africain, avec une configuration plus sportive et plus r\u00e9active sans pour autant renoncer \u00e0 son engagement en faveur du confort. Ce catamaran mesure <\/span><b>12,97 m\u00e8tres de long sur 7,04 m\u00e8tres de largeur<\/b><span style=\"font-weight: 400;\">.<\/span><\/p><p><span style=\"font-weight: 400;\">Les coques \u00e0 \u00e9trave invers\u00e9e et au plan de voilure optimis\u00e9 sont ax\u00e9es sur la performance, tandis que les grandes baies vitr\u00e9es garantissent une vue panoramique et un \u00e9clairage abondant \u00e0 l&rsquo;int\u00e9rieur. L&rsquo;am\u00e9nagement relie harmonieusement le cockpit, le salon et l&rsquo;espace de d\u00e9tente sur le toit, favorisant ainsi la circulation entre les diff\u00e9rentes zones du bateau.<\/span><\/p><h2>Lagoon 47 : modulabilit\u00e9 et continuit\u00e9 des espaces<\/h2><p><span style=\"font-weight: 400;\">Le <\/span><b>Lagoon 47<\/b><span style=\"font-weight: 400;\"> r\u00e9invente la croisi\u00e8re en catamaran en mettant l\u2019accent sur la libert\u00e9 de configuration et la fluidit\u00e9 des d\u00e9placements. D\u2019une longueur de <\/span><b>14,95 m\u00e8tres et d\u2019une largeur de 7,96 m\u00e8tres<\/b><span style=\"font-weight: 400;\">, ce nouveau mod\u00e8le int\u00e8gre diverses solutions visant \u00e0 agrandir la surface r\u00e9ellement utilisable \u00e0 bord.<\/span><\/p><p><span style=\"font-weight: 400;\">La porte reliant directement le cockpit avant au salon transforme cet espace en un v\u00e9ritable espace de vie suppl\u00e9mentaire, tandis que le flybridge offre un espace ouvert suppl\u00e9mentaire face \u00e0 la mer. La \u00ab Smart Room \u00bb modulaire et les multiples configurations de cabines permettent de personnaliser l\u2019am\u00e9nagement int\u00e9rieur en fonction du programme de croisi\u00e8re.<\/span><\/p><h2>Windelo 55 Sport : le catamaran ax\u00e9 sur la performance<\/h2> <p><span style=\"font-weight: 400;\">Pour conclure cette s\u00e9lection, voici le <\/span><b>Windelo 55 Sport<\/b><span style=\"font-weight: 400;\">, un <\/span><b>catamaran de 16,24 m\u00e8tres sur 7,98 m\u00e8tres<\/b><span style=\"font-weight: 400;\"> qui confirme l\u2019approche sportive de la marque fran\u00e7aise. Ce projet est con\u00e7u pour la croisi\u00e8re au large et associe un plan de voilure g\u00e9n\u00e9reux \u00e0 des d\u00e9rives en carbone allong\u00e9es. L\u2019objectif est d\u2019atteindre un \u00e9quilibre entre vitesse et confort tout en conservant la stabilit\u00e9 et les espaces de vie caract\u00e9ristiques d\u2019un multicoque.<\/span><\/p><h2>Sailing Area propose un aper\u00e7u complet de la voile contemporaine<\/h2><p><span style=\"font-weight: 400;\">La s\u00e9lection des nouveaut\u00e9s pr\u00e9sent\u00e9es au \u00ab Sailing Area \u00bb refl\u00e8te certaines des principales orientations actuellement suivies par les constructeurs de voiliers : une efficacit\u00e9 accrue, une attention particuli\u00e8re port\u00e9e au confort, une r\u00e9duction du poids, une optimisation des performances et une capacit\u00e9 croissante \u00e0 personnaliser les espaces.<\/span><\/p><p><span style=\"font-weight: 400;\">Les monocoques et les catamarans proposent diff\u00e9rentes interpr\u00e9tations d\u2019un m\u00eame objectif : am\u00e9liorer la qualit\u00e9 de l\u2019exp\u00e9rience en mer sans pour autant compromettre les qualit\u00e9s nautiques de leurs conceptions respectives. Dans le cadre du <a href=\"https:\/\/www.yachtingnews.com\/fr\/cannes-yachting-festival-2026-date\/\">Cannes Yachting Festival 2026<\/a>, ces onze nouveaut\u00e9s feront partie d\u2019une flotte totale de <\/span><b>120 monocoques et multicoques<\/b><span style=\"font-weight: 400;\">, contribuant ainsi \u00e0 faire de Port Canto l\u2019un des principaux points d\u2019observation des tendances internationales en mati\u00e8re de voile.<\/span><\/p><h2>Conclusions<\/h2><p><span style=\"font-weight: 400;\">L&rsquo;espace \u00ab Sailing Area \u00bb du Cannes Yachting Festival 2026 s&rsquo;impose comme l&rsquo;un des volets les plus int\u00e9ressants de cette \u00e9dition, gr\u00e2ce \u00e0 une flotte qui met en contraste diff\u00e9rentes philosophies de conception et \u00e0 une concentration particuli\u00e8rement \u00e9lev\u00e9e de premi\u00e8res. De l\u2019ICE 80 Blue Water Sport aux nouveaux catamarans d\u2019Aquila, Fountaine Pajot, Leopard, Lagoon et Windelo, en passant par les grands monocoques d\u2019AMEL, CNB, Grand Soleil, YYachts et Nautor Swan, l\u2019\u00e9v\u00e9nement offre un aper\u00e7u complet de l\u2019\u00e9volution des voiliers de croisi\u00e8re contemporains.<\/span><\/p><p><span style=\"font-weight: 400;\">Avec <\/span><b>onze premi\u00e8res mondiales<\/b><span style=\"font-weight: 400;\"> figurant dans cette s\u00e9lection et <\/span><b>120 unit\u00e9s au total<\/b><span style=\"font-weight: 400;\"> pr\u00e9sents \u00e0 Port Canto, Cannes confirme son statut de lieu privil\u00e9gi\u00e9 pour comprendre les orientations actuelles du yachting \u00e0 voile.<\/span><\/p><h2>Sources et r\u00e9f\u00e9rences<\/h2><table dir=\"ltr\" border=\"1\" cellspacing=\"0\" cellpadding=\"0\" data-sheets-root=\"1\" data-sheets-baot=\"1\"><colgroup> <col width=\"100\"> <col width=\"100\"><\/colgroup><tbody><tr><td><strong>Source<\/strong><\/td><td><strong>Contenu<\/strong><\/td><\/tr><tr><td><a href=\"https:\/\/www.cannesyachtingfestival.com\/\">Cannes Yachting Festival<\/a><\/td><td><div><div>Informations officielles concernant l&rsquo;\u00e9v\u00e9nement, le programme et la zone de navigation<\/div><\/div><\/td><\/tr><tr><td>Communiqu\u00e9 de presse du Cannes Yachting Festival \u2013 ao\u00fbt 2026<\/td><td><div><div>Premi\u00e8res mondiales, pr\u00e9sentations de mod\u00e8les et informations sur la zone de navigation<\/div><\/div><\/td><\/tr><\/tbody><\/table><h2>Zone de voile \u00e0 Cannes 2026 \u2013 Foire aux questions<\/h2>\t\t\t\t\t\t\t\t<\/div>\n\t\t\t\t<\/div>\n\t\t\t\t<div class=\"elementor-element elementor-element-15da84a elementor-grid-1 elementor-grid-tablet-2 elementor-grid-mobile-1 elementor-widget elementor-widget-uael-faq\" data-id=\"15da84a\" data-element_type=\"widget\" data-e-type=\"widget\" data-widget_type=\"uael-faq.default\">\n\t\t\t\t<div class=\"elementor-widget-container\">\n\t\t\t\t\t\n\t\t\t<div id='uael-faq-wrapper-229' class=\"uael-faq-wrapper\">\n\t\t\t\t<div class=\"uael-faq-container uael-faq-layout-grid elementor-grid\" >\n\t\t\t\t\t\t\t\t\t\t\t\t<div id=\"uael-accordion-c697c95\" class=\"uael-faq-accordion elementor-grid-item\" role=\"tablist\">\n\t\t\t\t\t\t\t\t<div class= \"uael-accordion-title\" aria-expanded=\"false\" role=\"tab\">\n\t\t\t\t\t\t\t\t\t<span class=\"uael-accordion-icon uael-accordion-icon-\">\n\t\t\t\t\t\t\t\t\t\t<span class=\"uael-accordion-icon-closed\"><\/span>\n\t\t\t\t\t\t\t\t\t\t<span class=\"uael-accordion-icon-opened\"><\/span>\n\t\t\t\t\t\t\t\t\t<\/span>\n\t\t\t\t\t\t\t\t\t<h3 class=\"uael-question-c697c95 uael-question-span\" tabindex=\"0\" id=\"uael-faq-1-6a9d737556252\">Quelles sont les principales premi\u00e8res nautiques pr\u00e9vues au Cannes Yachting Festival 2026 ?<\/h3>\n\t\t\t\t\t\t\t\t<\/div>\n\t\t\t\t\t\t\t\t<div class=\"uael-accordion-content\" role=\"tabpanel\">\n\t\t\t\t\t\t\t\t\t<span>\n\t\t\t\t\t\t\t\t\t<span><p>La s\u00e9lection comprend onze mod\u00e8les : ICE 80 Blue Water Sport, AMEL 50.2, CNB 62, Grand Soleil 80 Plus Long Cruise, New Y7, Swan 80-301, Aquila 45 Sail, FP48, Leopard 43, Lagoon 47 et Windelo 55 Sport.<\/p><\/span>\t\t\t\t\t\t\t\t\t<\/span>\n\t\t\t\t\t\t\t\t<\/div>\n\t\t\t\t\t\t\t<\/div>\n\t\t\t\t\t\t\t\t\t\t\t\t\t\t<div id=\"uael-accordion-9acb572\" class=\"uael-faq-accordion elementor-grid-item\" role=\"tablist\">\n\t\t\t\t\t\t\t\t<div class= \"uael-accordion-title\" aria-expanded=\"false\" role=\"tab\">\n\t\t\t\t\t\t\t\t\t<span class=\"uael-accordion-icon uael-accordion-icon-\">\n\t\t\t\t\t\t\t\t\t\t<span class=\"uael-accordion-icon-closed\"><\/span>\n\t\t\t\t\t\t\t\t\t\t<span class=\"uael-accordion-icon-opened\"><\/span>\n\t\t\t\t\t\t\t\t\t<\/span>\n\t\t\t\t\t\t\t\t\t<h3 class=\"uael-question-9acb572 uael-question-span\" tabindex=\"0\" id=\"uael-faq-2-6a9d73755626c\">Combien de voiliers seront expos\u00e9s dans l'espace d\u00e9di\u00e9 \u00e0 la voile ?<\/h3>\n\t\t\t\t\t\t\t\t<\/div>\n\t\t\t\t\t\t\t\t<div class=\"uael-accordion-content\" role=\"tabpanel\">\n\t\t\t\t\t\t\t\t\t<span>\n\t\t\t\t\t\t\t\t\t<span><p>La zone de voile accueillera au total 120 nouveaux monocoques et multicoques de plus de 10 m\u00e8tres, r\u00e9partis sur plus de 400 m\u00e8tres de quais pour les monocoques et plus de 450 m\u00e8tres pour les multicoques.<\/p><\/span>\t\t\t\t\t\t\t\t\t<\/span>\n\t\t\t\t\t\t\t\t<\/div>\n\t\t\t\t\t\t\t<\/div>\n\t\t\t\t\t\t\t\t\t\t\t\t\t\t<div id=\"uael-accordion-9dc3986\" class=\"uael-faq-accordion elementor-grid-item\" role=\"tablist\">\n\t\t\t\t\t\t\t\t<div class= \"uael-accordion-title\" aria-expanded=\"false\" role=\"tab\">\n\t\t\t\t\t\t\t\t\t<span class=\"uael-accordion-icon uael-accordion-icon-\">\n\t\t\t\t\t\t\t\t\t\t<span class=\"uael-accordion-icon-closed\"><\/span>\n\t\t\t\t\t\t\t\t\t\t<span class=\"uael-accordion-icon-opened\"><\/span>\n\t\t\t\t\t\t\t\t\t<\/span>\n\t\t\t\t\t\t\t\t\t<h3 class=\"uael-question-9dc3986 uael-question-span\" tabindex=\"0\" id=\"uael-faq-3-6a9d73755627b\">Quand aura lieu le Cannes Yachting Festival 2026 ?<\/h3>\n\t\t\t\t\t\t\t\t<\/div>\n\t\t\t\t\t\t\t\t<div class=\"uael-accordion-content\" role=\"tabpanel\">\n\t\t\t\t\t\t\t\t\t<span>\n\t\t\t\t\t\t\t\t\t<span><p>L'\u00e9v\u00e9nement se d\u00e9roulera du 8 au 13 septembre 2026, entre le Vieux-Port et Port Canto. Vendredi, le salon restera ouvert jusqu'\u00e0 22 h \u00e0 l'occasion de la soir\u00e9e nocturne.<\/p><\/span>\t\t\t\t\t\t\t\t\t<\/span>\n\t\t\t\t\t\t\t\t<\/div>\n\t\t\t\t\t\t\t<\/div>\n\t\t\t\t\t\t\t\t\t\t\t<\/div>\n\t\t\t<\/div>\n\t\t\t\t\t\t\t<\/div>\n\t\t\t\t<\/div>\n\t\t\t\t\t<\/div>\n\t\t<\/div>\n\t\t\t\t\t<\/div>\n\t\t<\/section>\n\t\t\t\t<\/div>\n\t\t","protected":false},"excerpt":{"rendered":"<p>Du 8 au 13 septembre 2026, le Cannes Yachting Festival revient \u00e0 Port Canto pour accueillir l\u2019une des plus importantes flottes de voiliers neufs pr\u00e9sent\u00e9s \u00e0 l\u2019eau. L\u2019espace \u00ab Sailing Area \u00bb, op\u00e9rationnel depuis 2019 et d\u00e9di\u00e9 aux voiliers neufs de plus de 10 m\u00e8tres, accueillera 120 monocoques et multicoques cette ann\u00e9e, avec plus de [&hellip;]<\/p>\n","protected":false},"author":45,"featured_media":172456,"comment_status":"open","ping_status":"closed","sticky":false,"template":"","format":"standard","meta":{"_mo_disable_npp":"","footnotes":""},"categories":[5574,5013,5044,5021],"tags":[5575],"class_list":["post-172455","post","type-post","status-publish","format-standard","has-post-thumbnail","hentry","category-cannes-yachting-festival","category-nouvelles","category-salons-nautiques","category-voiliers","tag-cannes-yachting-festival"],"yoast_head":"<!-- This site is optimized with the Yoast SEO plugin v28.4 - https:\/\/yoast.com\/product\/yoast-seo-wordpress\/ -->\n<title>Section \u00ab Sailing Area \u00bb de Cannes 2026 : 11 premi\u00e8res mondiales - Yachting News<\/title>\n<meta name=\"description\" content=\"L&#039;espace \u00ab Sailing Area \u00bb accueille 11 premi\u00e8res mondiales exclusives de voiliers lors du Cannes Yachting Festival 2026. D\u00e9couvrez les tout derniers voiliers et les nouveaut\u00e9s\" \/>\n<meta name=\"robots\" content=\"index, follow, max-snippet:-1, max-image-preview:large, max-video-preview:-1\" \/>\n<link rel=\"canonical\" href=\"https:\/\/www.yachtingnews.com\/fr\/zone-de-voile-cannes26\/\" \/>\n<meta property=\"og:locale\" content=\"fr_FR\" \/>\n<meta property=\"og:type\" content=\"article\" \/>\n<meta property=\"og:title\" content=\"Section \u00ab Sailing Area \u00bb de Cannes 2026 : 11 premi\u00e8res mondiales - Yachting News\" \/>\n<meta property=\"og:description\" content=\"L&#039;espace \u00ab Sailing Area \u00bb accueille 11 premi\u00e8res mondiales exclusives de voiliers lors du Cannes Yachting Festival 2026. D\u00e9couvrez les tout derniers voiliers et les nouveaut\u00e9s\" \/>\n<meta property=\"og:url\" content=\"https:\/\/www.yachtingnews.com\/fr\/zone-de-voile-cannes26\/\" \/>\n<meta property=\"og:site_name\" content=\"Yachting News\" \/>\n<meta property=\"article:publisher\" content=\"https:\/\/www.facebook.com\/TheInternationalYachtingMedia\" \/>\n<meta property=\"article:published_time\" content=\"2026-09-06T12:51:05+00:00\" \/>\n<meta property=\"article:modified_time\" content=\"2026-09-06T12:52:09+00:00\" \/>\n<meta property=\"og:image\" content=\"https:\/\/www.yachtingnews.com\/wp-content\/uploads\/2026\/09\/spazio-vela.jpg\" \/>\n\t<meta property=\"og:image:width\" content=\"1400\" \/>\n\t<meta property=\"og:image:height\" content=\"787\" \/>\n\t<meta property=\"og:image:type\" content=\"image\/jpeg\" \/>\n<meta name=\"author\" content=\"Alessandro Giuzio\" \/>\n<meta name=\"twitter:card\" content=\"summary_large_image\" \/>\n<meta name=\"twitter:creator\" content=\"@YachtingMedia\" \/>\n<meta name=\"twitter:site\" content=\"@YachtingMedia\" \/>\n<meta name=\"twitter:label1\" content=\"\u00c9crit par\" \/>\n\t<meta name=\"twitter:data1\" content=\"Alessandro Giuzio\" \/>\n\t<meta name=\"twitter:label2\" content=\"Dur\u00e9e de lecture estim\u00e9e\" \/>\n\t<meta name=\"twitter:data2\" content=\"11 minutes\" \/>\n<script type=\"application\/ld+json\" class=\"yoast-schema-graph\">{\"@context\":\"https:\\\/\\\/schema.org\",\"@graph\":[{\"@type\":\"Article\",\"@id\":\"https:\\\/\\\/www.yachtingnews.com\\\/fr\\\/zone-de-voile-cannes26\\\/#article\",\"isPartOf\":{\"@id\":\"https:\\\/\\\/www.yachtingnews.com\\\/fr\\\/zone-de-voile-cannes26\\\/\"},\"author\":{\"name\":\"Alessandro Giuzio\",\"@id\":\"https:\\\/\\\/www.yachtingnews.com\\\/fr\\\/#\\\/schema\\\/person\\\/d2e99eb1c7ce9e28a78d15e3d5d68eb3\"},\"headline\":\"Cannes Yachting Festival 2026 : l&rsquo;espace voile met l&rsquo;accent sur les premi\u00e8res mondiales\",\"datePublished\":\"2026-09-06T12:51:05+00:00\",\"dateModified\":\"2026-09-06T12:52:09+00:00\",\"mainEntityOfPage\":{\"@id\":\"https:\\\/\\\/www.yachtingnews.com\\\/fr\\\/zone-de-voile-cannes26\\\/\"},\"wordCount\":2161,\"commentCount\":0,\"publisher\":{\"@id\":\"https:\\\/\\\/www.yachtingnews.com\\\/fr\\\/#organization\"},\"image\":{\"@id\":\"https:\\\/\\\/www.yachtingnews.com\\\/fr\\\/zone-de-voile-cannes26\\\/#primaryimage\"},\"thumbnailUrl\":\"https:\\\/\\\/www.yachtingnews.com\\\/wp-content\\\/uploads\\\/2026\\\/09\\\/spazio-vela.jpg\",\"keywords\":[\"Cannes Yachting Festival\"],\"articleSection\":[\"Cannes Yachting Festival\",\"Nouvelles\",\"SALONS NAUTIQUES\",\"VOILIERS\"],\"inLanguage\":\"fr-FR\",\"potentialAction\":[{\"@type\":\"CommentAction\",\"name\":\"Comment\",\"target\":[\"https:\\\/\\\/www.yachtingnews.com\\\/fr\\\/zone-de-voile-cannes26\\\/#respond\"]}]},{\"@type\":\"WebPage\",\"@id\":\"https:\\\/\\\/www.yachtingnews.com\\\/fr\\\/zone-de-voile-cannes26\\\/\",\"url\":\"https:\\\/\\\/www.yachtingnews.com\\\/fr\\\/zone-de-voile-cannes26\\\/\",\"name\":\"Section \u00ab Sailing Area \u00bb de Cannes 2026 : 11 premi\u00e8res mondiales - Yachting News\",\"isPartOf\":{\"@id\":\"https:\\\/\\\/www.yachtingnews.com\\\/fr\\\/#website\"},\"primaryImageOfPage\":{\"@id\":\"https:\\\/\\\/www.yachtingnews.com\\\/fr\\\/zone-de-voile-cannes26\\\/#primaryimage\"},\"image\":{\"@id\":\"https:\\\/\\\/www.yachtingnews.com\\\/fr\\\/zone-de-voile-cannes26\\\/#primaryimage\"},\"thumbnailUrl\":\"https:\\\/\\\/www.yachtingnews.com\\\/wp-content\\\/uploads\\\/2026\\\/09\\\/spazio-vela.jpg\",\"datePublished\":\"2026-09-06T12:51:05+00:00\",\"dateModified\":\"2026-09-06T12:52:09+00:00\",\"description\":\"L'espace \u00ab Sailing Area \u00bb accueille 11 premi\u00e8res mondiales exclusives de voiliers lors du Cannes Yachting Festival 2026. D\u00e9couvrez les tout derniers voiliers et les nouveaut\u00e9s\",\"breadcrumb\":{\"@id\":\"https:\\\/\\\/www.yachtingnews.com\\\/fr\\\/zone-de-voile-cannes26\\\/#breadcrumb\"},\"inLanguage\":\"fr-FR\",\"potentialAction\":[{\"@type\":\"ReadAction\",\"target\":[\"https:\\\/\\\/www.yachtingnews.com\\\/fr\\\/zone-de-voile-cannes26\\\/\"]}]},{\"@type\":\"ImageObject\",\"inLanguage\":\"fr-FR\",\"@id\":\"https:\\\/\\\/www.yachtingnews.com\\\/fr\\\/zone-de-voile-cannes26\\\/#primaryimage\",\"url\":\"https:\\\/\\\/www.yachtingnews.com\\\/wp-content\\\/uploads\\\/2026\\\/09\\\/spazio-vela.jpg\",\"contentUrl\":\"https:\\\/\\\/www.yachtingnews.com\\\/wp-content\\\/uploads\\\/2026\\\/09\\\/spazio-vela.jpg\",\"width\":1400,\"height\":787},{\"@type\":\"BreadcrumbList\",\"@id\":\"https:\\\/\\\/www.yachtingnews.com\\\/fr\\\/zone-de-voile-cannes26\\\/#breadcrumb\",\"itemListElement\":[{\"@type\":\"ListItem\",\"position\":1,\"name\":\"Home\",\"item\":\"https:\\\/\\\/www.yachtingnews.com\\\/fr\\\/actualites-nautiques-2\\\/\"},{\"@type\":\"ListItem\",\"position\":2,\"name\":\"Cannes Yachting Festival 2026 : l&rsquo;espace voile met l&rsquo;accent sur les premi\u00e8res mondiales\"}]},{\"@type\":\"WebSite\",\"@id\":\"https:\\\/\\\/www.yachtingnews.com\\\/fr\\\/#website\",\"url\":\"https:\\\/\\\/www.yachtingnews.com\\\/fr\\\/\",\"name\":\"Yachting News\",\"description\":\"The International Yachting Media\",\"publisher\":{\"@id\":\"https:\\\/\\\/www.yachtingnews.com\\\/fr\\\/#organization\"},\"potentialAction\":[{\"@type\":\"SearchAction\",\"target\":{\"@type\":\"EntryPoint\",\"urlTemplate\":\"https:\\\/\\\/www.yachtingnews.com\\\/fr\\\/?s={search_term_string}\"},\"query-input\":{\"@type\":\"PropertyValueSpecification\",\"valueRequired\":true,\"valueName\":\"search_term_string\"}}],\"inLanguage\":\"fr-FR\"},{\"@type\":\"Organization\",\"@id\":\"https:\\\/\\\/www.yachtingnews.com\\\/fr\\\/#organization\",\"name\":\"Yachting News\",\"url\":\"https:\\\/\\\/www.yachtingnews.com\\\/fr\\\/\",\"logo\":{\"@type\":\"ImageObject\",\"inLanguage\":\"fr-FR\",\"@id\":\"https:\\\/\\\/www.yachtingnews.com\\\/fr\\\/#\\\/schema\\\/logo\\\/image\\\/\",\"url\":\"https:\\\/\\\/www.yachtingnews.com\\\/wp-content\\\/uploads\\\/2023\\\/02\\\/LOGO-Yachting-NEWS-blu-800.png\",\"contentUrl\":\"https:\\\/\\\/www.yachtingnews.com\\\/wp-content\\\/uploads\\\/2023\\\/02\\\/LOGO-Yachting-NEWS-blu-800.png\",\"width\":790,\"height\":99,\"caption\":\"Yachting News\"},\"image\":{\"@id\":\"https:\\\/\\\/www.yachtingnews.com\\\/fr\\\/#\\\/schema\\\/logo\\\/image\\\/\"},\"sameAs\":[\"https:\\\/\\\/www.facebook.com\\\/TheInternationalYachtingMedia\",\"https:\\\/\\\/x.com\\\/YachtingMedia\",\"https:\\\/\\\/www.instagram.com\\\/yachting.news\\\/\",\"https:\\\/\\\/www.linkedin.com\\\/company\\\/the-international-yachting-media\",\"https:\\\/\\\/www.youtube.com\\\/c\\\/TheInternationalYachtingMedia\"]},{\"@type\":\"Person\",\"@id\":\"https:\\\/\\\/www.yachtingnews.com\\\/fr\\\/#\\\/schema\\\/person\\\/d2e99eb1c7ce9e28a78d15e3d5d68eb3\",\"name\":\"Alessandro Giuzio\",\"image\":{\"@type\":\"ImageObject\",\"inLanguage\":\"fr-FR\",\"@id\":\"https:\\\/\\\/www.yachtingnews.com\\\/wp-content\\\/litespeed\\\/avatar\\\/a99e5f8da4fc551fb53eb9f1fec61fb4.jpg?ver=1788189881\",\"url\":\"https:\\\/\\\/www.yachtingnews.com\\\/wp-content\\\/litespeed\\\/avatar\\\/a99e5f8da4fc551fb53eb9f1fec61fb4.jpg?ver=1788189881\",\"contentUrl\":\"https:\\\/\\\/www.yachtingnews.com\\\/wp-content\\\/litespeed\\\/avatar\\\/a99e5f8da4fc551fb53eb9f1fec61fb4.jpg?ver=1788189881\",\"caption\":\"Alessandro Giuzio\"},\"description\":\"Alessandro is a professional journalist and contributes to The International Yachting Media since 2022. He is an expert on the sea and of course on boats.\",\"url\":\"https:\\\/\\\/www.yachtingnews.com\\\/fr\\\/author\\\/alexgiuzio\\\/\"}]}<\/script>\n<!-- \/ Yoast SEO plugin. -->","yoast_head_json":{"title":"Section \u00ab Sailing Area \u00bb de Cannes 2026 : 11 premi\u00e8res mondiales - Yachting News","description":"L'espace \u00ab Sailing Area \u00bb accueille 11 premi\u00e8res mondiales exclusives de voiliers lors du Cannes Yachting Festival 2026. D\u00e9couvrez les tout derniers voiliers et les nouveaut\u00e9s","robots":{"index":"index","follow":"follow","max-snippet":"max-snippet:-1","max-image-preview":"max-image-preview:large","max-video-preview":"max-video-preview:-1"},"canonical":"https:\/\/www.yachtingnews.com\/fr\/zone-de-voile-cannes26\/","og_locale":"fr_FR","og_type":"article","og_title":"Section \u00ab Sailing Area \u00bb de Cannes 2026 : 11 premi\u00e8res mondiales - Yachting News","og_description":"L'espace \u00ab Sailing Area \u00bb accueille 11 premi\u00e8res mondiales exclusives de voiliers lors du Cannes Yachting Festival 2026. D\u00e9couvrez les tout derniers voiliers et les nouveaut\u00e9s","og_url":"https:\/\/www.yachtingnews.com\/fr\/zone-de-voile-cannes26\/","og_site_name":"Yachting News","article_publisher":"https:\/\/www.facebook.com\/TheInternationalYachtingMedia","article_published_time":"2026-09-06T12:51:05+00:00","article_modified_time":"2026-09-06T12:52:09+00:00","og_image":[{"width":1400,"height":787,"url":"https:\/\/www.yachtingnews.com\/wp-content\/uploads\/2026\/09\/spazio-vela.jpg","type":"image\/jpeg"}],"author":"Alessandro Giuzio","twitter_card":"summary_large_image","twitter_creator":"@YachtingMedia","twitter_site":"@YachtingMedia","twitter_misc":{"\u00c9crit par":"Alessandro Giuzio","Dur\u00e9e de lecture estim\u00e9e":"11 minutes"},"schema":{"@context":"https:\/\/schema.org","@graph":[{"@type":"Article","@id":"https:\/\/www.yachtingnews.com\/fr\/zone-de-voile-cannes26\/#article","isPartOf":{"@id":"https:\/\/www.yachtingnews.com\/fr\/zone-de-voile-cannes26\/"},"author":{"name":"Alessandro Giuzio","@id":"https:\/\/www.yachtingnews.com\/fr\/#\/schema\/person\/d2e99eb1c7ce9e28a78d15e3d5d68eb3"},"headline":"Cannes Yachting Festival 2026 : l&rsquo;espace voile met l&rsquo;accent sur les premi\u00e8res mondiales","datePublished":"2026-09-06T12:51:05+00:00","dateModified":"2026-09-06T12:52:09+00:00","mainEntityOfPage":{"@id":"https:\/\/www.yachtingnews.com\/fr\/zone-de-voile-cannes26\/"},"wordCount":2161,"commentCount":0,"publisher":{"@id":"https:\/\/www.yachtingnews.com\/fr\/#organization"},"image":{"@id":"https:\/\/www.yachtingnews.com\/fr\/zone-de-voile-cannes26\/#primaryimage"},"thumbnailUrl":"https:\/\/www.yachtingnews.com\/wp-content\/uploads\/2026\/09\/spazio-vela.jpg","keywords":["Cannes Yachting Festival"],"articleSection":["Cannes Yachting Festival","Nouvelles","SALONS NAUTIQUES","VOILIERS"],"inLanguage":"fr-FR","potentialAction":[{"@type":"CommentAction","name":"Comment","target":["https:\/\/www.yachtingnews.com\/fr\/zone-de-voile-cannes26\/#respond"]}]},{"@type":"WebPage","@id":"https:\/\/www.yachtingnews.com\/fr\/zone-de-voile-cannes26\/","url":"https:\/\/www.yachtingnews.com\/fr\/zone-de-voile-cannes26\/","name":"Section \u00ab Sailing Area \u00bb de Cannes 2026 : 11 premi\u00e8res mondiales - Yachting News","isPartOf":{"@id":"https:\/\/www.yachtingnews.com\/fr\/#website"},"primaryImageOfPage":{"@id":"https:\/\/www.yachtingnews.com\/fr\/zone-de-voile-cannes26\/#primaryimage"},"image":{"@id":"https:\/\/www.yachtingnews.com\/fr\/zone-de-voile-cannes26\/#primaryimage"},"thumbnailUrl":"https:\/\/www.yachtingnews.com\/wp-content\/uploads\/2026\/09\/spazio-vela.jpg","datePublished":"2026-09-06T12:51:05+00:00","dateModified":"2026-09-06T12:52:09+00:00","description":"L'espace \u00ab Sailing Area \u00bb accueille 11 premi\u00e8res mondiales exclusives de voiliers lors du Cannes Yachting Festival 2026. D\u00e9couvrez les tout derniers voiliers et les nouveaut\u00e9s","breadcrumb":{"@id":"https:\/\/www.yachtingnews.com\/fr\/zone-de-voile-cannes26\/#breadcrumb"},"inLanguage":"fr-FR","potentialAction":[{"@type":"ReadAction","target":["https:\/\/www.yachtingnews.com\/fr\/zone-de-voile-cannes26\/"]}]},{"@type":"ImageObject","inLanguage":"fr-FR","@id":"https:\/\/www.yachtingnews.com\/fr\/zone-de-voile-cannes26\/#primaryimage","url":"https:\/\/www.yachtingnews.com\/wp-content\/uploads\/2026\/09\/spazio-vela.jpg","contentUrl":"https:\/\/www.yachtingnews.com\/wp-content\/uploads\/2026\/09\/spazio-vela.jpg","width":1400,"height":787},{"@type":"BreadcrumbList","@id":"https:\/\/www.yachtingnews.com\/fr\/zone-de-voile-cannes26\/#breadcrumb","itemListElement":[{"@type":"ListItem","position":1,"name":"Home","item":"https:\/\/www.yachtingnews.com\/fr\/actualites-nautiques-2\/"},{"@type":"ListItem","position":2,"name":"Cannes Yachting Festival 2026 : l&rsquo;espace voile met l&rsquo;accent sur les premi\u00e8res mondiales"}]},{"@type":"WebSite","@id":"https:\/\/www.yachtingnews.com\/fr\/#website","url":"https:\/\/www.yachtingnews.com\/fr\/","name":"Yachting News","description":"The International Yachting Media","publisher":{"@id":"https:\/\/www.yachtingnews.com\/fr\/#organization"},"potentialAction":[{"@type":"SearchAction","target":{"@type":"EntryPoint","urlTemplate":"https:\/\/www.yachtingnews.com\/fr\/?s={search_term_string}"},"query-input":{"@type":"PropertyValueSpecification","valueRequired":true,"valueName":"search_term_string"}}],"inLanguage":"fr-FR"},{"@type":"Organization","@id":"https:\/\/www.yachtingnews.com\/fr\/#organization","name":"Yachting News","url":"https:\/\/www.yachtingnews.com\/fr\/","logo":{"@type":"ImageObject","inLanguage":"fr-FR","@id":"https:\/\/www.yachtingnews.com\/fr\/#\/schema\/logo\/image\/","url":"https:\/\/www.yachtingnews.com\/wp-content\/uploads\/2023\/02\/LOGO-Yachting-NEWS-blu-800.png","contentUrl":"https:\/\/www.yachtingnews.com\/wp-content\/uploads\/2023\/02\/LOGO-Yachting-NEWS-blu-800.png","width":790,"height":99,"caption":"Yachting News"},"image":{"@id":"https:\/\/www.yachtingnews.com\/fr\/#\/schema\/logo\/image\/"},"sameAs":["https:\/\/www.facebook.com\/TheInternationalYachtingMedia","https:\/\/x.com\/YachtingMedia","https:\/\/www.instagram.com\/yachting.news\/","https:\/\/www.linkedin.com\/company\/the-international-yachting-media","https:\/\/www.youtube.com\/c\/TheInternationalYachtingMedia"]},{"@type":"Person","@id":"https:\/\/www.yachtingnews.com\/fr\/#\/schema\/person\/d2e99eb1c7ce9e28a78d15e3d5d68eb3","name":"Alessandro Giuzio","image":{"@type":"ImageObject","inLanguage":"fr-FR","@id":"https:\/\/www.yachtingnews.com\/wp-content\/litespeed\/avatar\/a99e5f8da4fc551fb53eb9f1fec61fb4.jpg?ver=1788189881","url":"https:\/\/www.yachtingnews.com\/wp-content\/litespeed\/avatar\/a99e5f8da4fc551fb53eb9f1fec61fb4.jpg?ver=1788189881","contentUrl":"https:\/\/www.yachtingnews.com\/wp-content\/litespeed\/avatar\/a99e5f8da4fc551fb53eb9f1fec61fb4.jpg?ver=1788189881","caption":"Alessandro Giuzio"},"description":"Alessandro is a professional journalist and contributes to The International Yachting Media since 2022. He is an expert on the sea and of course on boats.","url":"https:\/\/www.yachtingnews.com\/fr\/author\/alexgiuzio\/"}]}},"_links":{"self":[{"href":"https:\/\/www.yachtingnews.com\/fr\/wp-json\/wp\/v2\/posts\/172455","targetHints":{"allow":["GET"]}}],"collection":[{"href":"https:\/\/www.yachtingnews.com\/fr\/wp-json\/wp\/v2\/posts"}],"about":[{"href":"https:\/\/www.yachtingnews.com\/fr\/wp-json\/wp\/v2\/types\/post"}],"author":[{"embeddable":true,"href":"https:\/\/www.yachtingnews.com\/fr\/wp-json\/wp\/v2\/users\/45"}],"replies":[{"embeddable":true,"href":"https:\/\/www.yachtingnews.com\/fr\/wp-json\/wp\/v2\/comments?post=172455"}],"version-history":[{"count":4,"href":"https:\/\/www.yachtingnews.com\/fr\/wp-json\/wp\/v2\/posts\/172455\/revisions"}],"predecessor-version":[{"id":172469,"href":"https:\/\/www.yachtingnews.com\/fr\/wp-json\/wp\/v2\/posts\/172455\/revisions\/172469"}],"wp:featuredmedia":[{"embeddable":true,"href":"https:\/\/www.yachtingnews.com\/fr\/wp-json\/wp\/v2\/media\/172456"}],"wp:attachment":[{"href":"https:\/\/www.yachtingnews.com\/fr\/wp-json\/wp\/v2\/media?parent=172455"}],"wp:term":[{"taxonomy":"category","embeddable":true,"href":"https:\/\/www.yachtingnews.com\/fr\/wp-json\/wp\/v2\/categories?post=172455"},{"taxonomy":"post_tag","embeddable":true,"href":"https:\/\/www.yachtingnews.com\/fr\/wp-json\/wp\/v2\/tags?post=172455"}],"curies":[{"name":"wp","href":"https:\/\/api.w.org\/{rel}","templated":true}]}}