{"id":109577,"date":"2024-05-03T11:25:12","date_gmt":"2024-05-03T10:25:12","guid":{"rendered":"https:\/\/yachtingnews.com\/destruir-o-fim\/"},"modified":"2024-05-03T11:26:10","modified_gmt":"2024-05-03T10:26:10","slug":"destruir-o-fim","status":"publish","type":"post","link":"https:\/\/www.yachtingnews.com\/pt-br\/destruir-o-fim\/","title":{"rendered":"A Destriero ser\u00e1 desmontada: o triste fim do s\u00edmbolo de excel\u00eancia no setor n\u00e1utico italiano."},"content":{"rendered":"\t\t<div data-elementor-type=\"wp-post\" data-elementor-id=\"109577\" class=\"elementor elementor-109577 elementor-109551\" data-elementor-post-type=\"post\">\n\t\t\t\t\t\t<section class=\"elementor-section elementor-top-section elementor-element elementor-element-306763c elementor-section-boxed elementor-section-height-default elementor-section-height-default\" data-id=\"306763c\" data-element_type=\"section\" data-e-type=\"section\">\n\t\t\t\t\t\t<div class=\"elementor-container elementor-column-gap-default\">\n\t\t\t\t\t<div class=\"elementor-column elementor-col-100 elementor-top-column elementor-element elementor-element-e5c73f0\" data-id=\"e5c73f0\" data-element_type=\"column\" data-e-type=\"column\">\n\t\t\t<div class=\"elementor-widget-wrap elementor-element-populated\">\n\t\t\t\t\t\t<div class=\"elementor-element elementor-element-3fac162 elementor-widget elementor-widget-text-editor\" data-id=\"3fac162\" data-element_type=\"widget\" data-e-type=\"widget\" data-widget_type=\"text-editor.default\">\n\t\t\t\t<div class=\"elementor-widget-container\">\n\t\t\t\t\t\t\t\t\t<p>O iate Destriero, s\u00edmbolo de excel\u00eancia no setor n\u00e1utico italiano, ser\u00e1 demolido, conforme confirmado por fontes pr\u00f3ximas ao estaleiro. Essa not\u00edcia \u00e9 realmente inacredit\u00e1vel, considerando que a cerim\u00f4nia de comemora\u00e7\u00e3o de seu trig\u00e9simo anivers\u00e1rio ocorreu h\u00e1 apenas dois anos. Uma importante cerim\u00f4nia realizada em La Spezia, exatamente onde o Destriero foi originalmente constru\u00eddo, no estaleiro Muggiano.<\/p>\n<p><i>&#8220;Foi uma cerim\u00f4nia comovente<\/i> &#8211; lembra Ivan <b>Drogo Inglese, presidente do Stati Generali del Patrimonio Italiano<\/b> e organizador do evento junto com a <b>Fondazione Fincantieri &#8211; <\/b><i>O evento contou com a participa\u00e7\u00e3o do presidente da Fincantieri <\/i>, <i><br \/>\n  <b>General Claudio Graziano<\/b><br \/>\n<\/i><i>e do piloto <\/i><i><br \/>\n  <b>Cesare Fiorio<\/b><br \/>\n<\/i><i>, da subsecret\u00e1ria <\/i><i><br \/>\n  <b>Stefania Pucciarelli,<\/b><br \/>\n<\/i><i> <\/i><i><br \/>\n  <b>Secret\u00e1rio do Yacht Club Costa Smeralda, Edoardo Recchi<\/b><br \/>\n<\/i><i>e, \u00e9 claro, os membros da tripula\u00e7\u00e3o e suas fam\u00edlias<\/i> &#8220;.<\/p>\n<p><img decoding=\"async\" class=\"aligncenter wp-image-109564 size-full\" title=\"nastro-azzurro\" src=\"https:\/\/yachtingnews.com\/wp-content\/uploads\/2024\/05\/Destriero-nastro-azzurro.webp\" alt=\"nastro-azzurro\" width=\"1500\" height=\"487\" srcset=\"https:\/\/www.yachtingnews.com\/wp-content\/uploads\/2024\/05\/Destriero-nastro-azzurro.webp 1500w, https:\/\/www.yachtingnews.com\/wp-content\/uploads\/2024\/05\/Destriero-nastro-azzurro-300x97.webp 300w, https:\/\/www.yachtingnews.com\/wp-content\/uploads\/2024\/05\/Destriero-nastro-azzurro-768x249.webp 768w\" sizes=\"(max-width: 1500px) 100vw, 1500px\" \/><\/p>\n<p>Depois dos holofotes internacionais e de uma ideia inicial, imediatamente abandonada, de transformar a <a href=\"https:\/\/yachtingnews.com\/pt-br\/\">embarca\u00e7\u00e3o<\/a> recordista em um iate, o Destriero foi parar em Bremen, nos estaleiros da L\u00fcrssen, onde foi colocado em doca seca, despojado de suas turbinas e deixado exposto aos efeitos implac\u00e1veis do tempo. A constru\u00e7\u00e3o de alum\u00ednio, cara e leve, deteriorou-se gradualmente, resultando em rupturas significativas no casco, apesar de a administra\u00e7\u00e3o Aga Khan cobrir consistentemente os caros custos de amarra\u00e7\u00e3o da embarca\u00e7\u00e3o.<\/p>\n<p>O feito de Destriero tamb\u00e9m lan\u00e7ou as bases para o desenvolvimento do segmento de navios de cruzeiro r\u00e1pidos, um setor muito importante do qual a pr\u00f3pria Fincantieri tem se beneficiado muito at\u00e9 hoje. Foi justamente por causa dessa &#8220;d\u00edvida de honra&#8221; que a Drogo Inglese tentou envolver o grupo italiano em uma poss\u00edvel restaura\u00e7\u00e3o, com o objetivo de melhorar essa importante embarca\u00e7\u00e3o. Uma das hip\u00f3teses plaus\u00edveis teria sido colocar Destriero na orla do porto de La Spezia, perto do centro educacional de design naval da Universidade de G\u00eanova.<\/p>\n<p><img decoding=\"async\" class=\"alignleft wp-image-109568\" title=\"destriero-agnelli-fiorio\" src=\"https:\/\/yachtingnews.com\/wp-content\/uploads\/2024\/05\/destriero-agnelli-fiorio-300x200.webp\" alt=\"destriero-agnelli-fiorio\" width=\"450\" height=\"300\" srcset=\"https:\/\/www.yachtingnews.com\/wp-content\/uploads\/2024\/05\/destriero-agnelli-fiorio-300x200.webp 300w, https:\/\/www.yachtingnews.com\/wp-content\/uploads\/2024\/05\/destriero-agnelli-fiorio.webp 600w\" sizes=\"(max-width: 450px) 100vw, 450px\" \/><i>&#8220;Eu me comprometi moralmente com v\u00e1rias pessoas para a poss\u00edvel recupera\u00e7\u00e3o do Destriero &#8211; <\/i>conta Drogo Inglese com tristeza -.  <i>Com Donald Blount, pouco antes de falecer, o engenheiro americano que projetou o casco, com meu amigo Paolo Pininfarina, pois foi Pininfarina quem desenhou suas linhas aerodin\u00e2micas, mas tamb\u00e9m com Cesare Fiorio, que com o tempo se tornou um grande amigo meu. Com a demoli\u00e7\u00e3o do Destriero, um dos s\u00edmbolos mais gloriosos do iatismo italiano desaparece. Portanto, sua hist\u00f3ria continuar\u00e1 sendo a de um desafio vencido, uma d\u00edvida de honra n\u00e3o cumprida e uma promessa n\u00e3o cumprida&#8221;.<\/i><\/p>\n<h3 class=\"western\">Destriero: a fa\u00e7anha e a vit\u00f3ria do &#8220;Blue Ribbon&#8221;<\/h3>\n<p>O Destriero foi projetado pelo est\u00fadio de arquitetura naval Donald L. Blount and Associates e foi equipado com tr\u00eas turbinas a g\u00e1s General Electric LM1600 capazes de gerar uma impressionante pot\u00eancia total de 51.675 hp (38.534 kW). Essas turbinas, conectadas a tr\u00eas jatos de \u00e1gua, poderiam impulsionar esse super iate super r\u00e1pido a velocidades pr\u00f3ximas a 70 n\u00f3s, ou quase 130 km\/h.<\/p>\n<p>Medindo impressionantes 67,7 metros de comprimento e 13 metros de largura, o Destriero ostentava um alcance de mais de 3.000 milhas n\u00e1uticas. O que ainda surpreende at\u00e9 hoje \u00e9 sua capacidade de navegar em velocidades estelares, mesmo em condi\u00e7\u00f5es de mar agitado. A renomada institui\u00e7\u00e3o Det Norske Veritas certificou a estrutura da embarca\u00e7\u00e3o para velocidades de at\u00e9 65 n\u00f3s em condi\u00e7\u00f5es de estado do mar 4, com ondas de at\u00e9 2,5 metros de altura, e para velocidades de at\u00e9 30 n\u00f3s em ondas de at\u00e9 5 metros de altura!<\/p>\n<p>Constru\u00eddo pela Fincantieri em apenas 270 dias, um recorde dentro do recorde, o Destriero se beneficiou da aerodin\u00e2mica estudada, inclusive com testes em t\u00fanel de vento, pela Pininfarina. A proa acomodava os impressionantes tanques de combust\u00edvel, totalizando 800 toneladas, enquanto a tripula\u00e7\u00e3o de 16 membros tinha apenas 6 beliches, que, obviamente, eram ocupados em turnos.<\/p>\n<p>Em 6 de agosto de 1982, \u00e0s 18h59, hor\u00e1rio de Greenwich, o Destriero partiu do Farol Ambrose em Nova York e, ap\u00f3s uma incr\u00edvel jornada de 3.106 milhas, \u00e0s 06h14min50s, precisamente 2 dias, 10 horas, 34 minutos e 50 segundos depois, cruzou a linha de chegada imagin\u00e1ria, estabelecida no Farol Bishop Rock, na Inglaterra, ganhando o Blue Ribbon e batendo o recorde anterior em 21,5 horas.<\/p>\n<p>A velocidade m\u00e9dia da travessia continua impressionante at\u00e9 hoje, de 53,09 n\u00f3s (98,3 km\/h), com uma dist\u00e2ncia m\u00e9dia recorde percorrida em 24 horas de 1.402 milhas n\u00e1uticas, percorridas a uma velocidade incr\u00edvel de 58,4 n\u00f3s.<\/p>\n<p>A tripula\u00e7\u00e3o do Destriero era composta por Cesare Fiorio (respons\u00e1vel e organizador), Odoardo Mancini (capit\u00e3o), Aldo Benedetti (segundo em comando), Sergio Simeone (primeiro oficial), Franco De Mei (telecomunica\u00e7\u00f5es), Giuseppe Carbonaro (engenheiro-chefe), Mario Gando e Nello Andreoli (mec\u00e2nicos-chefes), Massimo Robino (eletricista), Silvano Federici, Cesare Quondamatteo e Carlo Chiara (engenheiros) e os t\u00e9cnicos Davide Maccario, Giacomo Petriccione, Giuseppe Valenti e Michael Hurrle.<\/p><\/p>\n\t\t\t\t\t\t\t\t<\/div>\n\t\t\t\t<\/div>\n\t\t\t\t\t<\/div>\n\t\t<\/div>\n\t\t\t\t\t<\/div>\n\t\t<\/section>\n\t\t\t\t<section class=\"elementor-section elementor-top-section elementor-element elementor-element-231bd5d elementor-section-boxed elementor-section-height-default elementor-section-height-default\" data-id=\"231bd5d\" data-element_type=\"section\" data-e-type=\"section\">\n\t\t\t\t\t\t<div class=\"elementor-container elementor-column-gap-default\">\n\t\t\t\t\t<div class=\"elementor-column elementor-col-100 elementor-top-column elementor-element elementor-element-703139c\" data-id=\"703139c\" data-element_type=\"column\" data-e-type=\"column\">\n\t\t\t<div class=\"elementor-widget-wrap elementor-element-populated\">\n\t\t\t\t\t\t<div class=\"elementor-element elementor-element-76a4f0b elementor-widget elementor-widget-video\" data-id=\"76a4f0b\" data-element_type=\"widget\" data-e-type=\"widget\" data-settings=\"{&quot;youtube_url&quot;:&quot;https:\\\/\\\/youtu.be\\\/sK4Ft2ydixw?si=U8c_pZSaHzVIPn8x&quot;,&quot;video_type&quot;:&quot;youtube&quot;,&quot;controls&quot;:&quot;yes&quot;}\" data-widget_type=\"video.default\">\n\t\t\t\t<div class=\"elementor-widget-container\">\n\t\t\t\t\t\t\t<div class=\"elementor-wrapper elementor-open-inline\">\n\t\t\t<div class=\"elementor-video\"><\/div>\t\t<\/div>\n\t\t\t\t\t\t<\/div>\n\t\t\t\t<\/div>\n\t\t\t\t\t<\/div>\n\t\t<\/div>\n\t\t\t\t\t<\/div>\n\t\t<\/section>\n\t\t\t\t<\/div>\n\t\t","protected":false},"excerpt":{"rendered":"<p>O iate Destriero, s\u00edmbolo de excel\u00eancia no setor n\u00e1utico italiano, ser\u00e1 demolido, conforme confirmado por fontes pr\u00f3ximas ao estaleiro. Essa not\u00edcia \u00e9 realmente inacredit\u00e1vel, considerando que a cerim\u00f4nia de comemora\u00e7\u00e3o de seu trig\u00e9simo anivers\u00e1rio ocorreu h\u00e1 apenas dois anos. Uma importante cerim\u00f4nia realizada em La Spezia, exatamente onde o Destriero foi originalmente constru\u00eddo, no estaleiro [&hellip;]<\/p>\n","protected":false},"author":10,"featured_media":109554,"comment_status":"open","ping_status":"open","sticky":false,"template":"","format":"standard","meta":{"_mo_disable_npp":"","footnotes":""},"categories":[1687,1653],"tags":[3270],"class_list":["post-109577","post","type-post","status-publish","format-standard","has-post-thumbnail","hentry","category-barcos-a-motor","category-news-pt-br","tag-destriero-pt-br"],"yoast_head":"<!-- This site is optimized with the Yoast SEO plugin v28.3 - https:\/\/yoast.com\/product\/yoast-seo-wordpress\/ -->\n<title>Destriero ser\u00e1 desmontado: o triste fim do s\u00edmbolo do iatismo - Yachting News<\/title>\n<meta name=\"description\" content=\"O iate Destriero, s\u00edmbolo de excel\u00eancia no setor n\u00e1utico italiano, ser\u00e1 demolido, conforme confirmado por fontes pr\u00f3ximas ao estaleiro.\" \/>\n<meta name=\"robots\" content=\"index, follow, max-snippet:-1, max-image-preview:large, max-video-preview:-1\" \/>\n<link rel=\"canonical\" href=\"https:\/\/www.yachtingnews.com\/pt-br\/destruir-o-fim\/\" \/>\n<meta property=\"og:locale\" content=\"pt_BR\" \/>\n<meta property=\"og:type\" content=\"article\" \/>\n<meta property=\"og:title\" content=\"Destriero ser\u00e1 desmontado: o triste fim do s\u00edmbolo do iatismo - Yachting News\" \/>\n<meta property=\"og:description\" content=\"O iate Destriero, s\u00edmbolo de excel\u00eancia no setor n\u00e1utico italiano, ser\u00e1 demolido, conforme confirmado por fontes pr\u00f3ximas ao estaleiro.\" \/>\n<meta property=\"og:url\" content=\"https:\/\/www.yachtingnews.com\/pt-br\/destruir-o-fim\/\" \/>\n<meta property=\"og:site_name\" content=\"Yachting News\" \/>\n<meta property=\"article:publisher\" content=\"https:\/\/www.facebook.com\/TheInternationalYachtingMedia\" \/>\n<meta property=\"article:published_time\" content=\"2024-05-03T10:25:12+00:00\" \/>\n<meta property=\"article:modified_time\" content=\"2024-05-03T10:26:10+00:00\" \/>\n<meta property=\"og:image\" content=\"https:\/\/www.yachtingnews.com\/wp-content\/uploads\/2024\/05\/Destriero.webp\" \/>\n\t<meta property=\"og:image:width\" content=\"1600\" \/>\n\t<meta property=\"og:image:height\" content=\"900\" \/>\n\t<meta property=\"og:image:type\" content=\"image\/webp\" \/>\n<meta name=\"author\" content=\"Luca D&#039;Ambrosio\" \/>\n<meta name=\"twitter:card\" content=\"summary_large_image\" \/>\n<meta name=\"twitter:creator\" content=\"@YachtingMedia\" \/>\n<meta name=\"twitter:site\" content=\"@YachtingMedia\" \/>\n<meta name=\"twitter:label1\" content=\"Escrito por\" \/>\n\t<meta name=\"twitter:data1\" content=\"Luca D&#039;Ambrosio\" \/>\n\t<meta name=\"twitter:label2\" content=\"Est. tempo de leitura\" \/>\n\t<meta name=\"twitter:data2\" content=\"4 minutos\" \/>\n<script type=\"application\/ld+json\" class=\"yoast-schema-graph\">{\"@context\":\"https:\\\/\\\/schema.org\",\"@graph\":[{\"@type\":\"Article\",\"@id\":\"https:\\\/\\\/www.yachtingnews.com\\\/pt-br\\\/destruir-o-fim\\\/#article\",\"isPartOf\":{\"@id\":\"https:\\\/\\\/www.yachtingnews.com\\\/pt-br\\\/destruir-o-fim\\\/\"},\"author\":{\"name\":\"Luca D'Ambrosio\",\"@id\":\"https:\\\/\\\/www.yachtingnews.com\\\/pt-br\\\/#\\\/schema\\\/person\\\/f82bb28662e582bd09ecf64c2723e34e\"},\"headline\":\"A Destriero ser\u00e1 desmontada: o triste fim do s\u00edmbolo de excel\u00eancia no setor n\u00e1utico italiano.\",\"datePublished\":\"2024-05-03T10:25:12+00:00\",\"dateModified\":\"2024-05-03T10:26:10+00:00\",\"mainEntityOfPage\":{\"@id\":\"https:\\\/\\\/www.yachtingnews.com\\\/pt-br\\\/destruir-o-fim\\\/\"},\"wordCount\":848,\"commentCount\":0,\"publisher\":{\"@id\":\"https:\\\/\\\/www.yachtingnews.com\\\/pt-br\\\/#organization\"},\"image\":{\"@id\":\"https:\\\/\\\/www.yachtingnews.com\\\/pt-br\\\/destruir-o-fim\\\/#primaryimage\"},\"thumbnailUrl\":\"https:\\\/\\\/www.yachtingnews.com\\\/wp-content\\\/uploads\\\/2024\\\/05\\\/Destriero.webp\",\"keywords\":[\"Destriero\"],\"articleSection\":[\"BARCOS A MOTOR\",\"Not\u00edcias\"],\"inLanguage\":\"pt-BR\",\"potentialAction\":[{\"@type\":\"CommentAction\",\"name\":\"Comment\",\"target\":[\"https:\\\/\\\/www.yachtingnews.com\\\/pt-br\\\/destruir-o-fim\\\/#respond\"]}]},{\"@type\":\"WebPage\",\"@id\":\"https:\\\/\\\/www.yachtingnews.com\\\/pt-br\\\/destruir-o-fim\\\/\",\"url\":\"https:\\\/\\\/www.yachtingnews.com\\\/pt-br\\\/destruir-o-fim\\\/\",\"name\":\"Destriero ser\u00e1 desmontado: o triste fim do s\u00edmbolo do iatismo - Yachting News\",\"isPartOf\":{\"@id\":\"https:\\\/\\\/www.yachtingnews.com\\\/pt-br\\\/#website\"},\"primaryImageOfPage\":{\"@id\":\"https:\\\/\\\/www.yachtingnews.com\\\/pt-br\\\/destruir-o-fim\\\/#primaryimage\"},\"image\":{\"@id\":\"https:\\\/\\\/www.yachtingnews.com\\\/pt-br\\\/destruir-o-fim\\\/#primaryimage\"},\"thumbnailUrl\":\"https:\\\/\\\/www.yachtingnews.com\\\/wp-content\\\/uploads\\\/2024\\\/05\\\/Destriero.webp\",\"datePublished\":\"2024-05-03T10:25:12+00:00\",\"dateModified\":\"2024-05-03T10:26:10+00:00\",\"description\":\"O iate Destriero, s\u00edmbolo de excel\u00eancia no setor n\u00e1utico italiano, ser\u00e1 demolido, conforme confirmado por fontes pr\u00f3ximas ao estaleiro.\",\"breadcrumb\":{\"@id\":\"https:\\\/\\\/www.yachtingnews.com\\\/pt-br\\\/destruir-o-fim\\\/#breadcrumb\"},\"inLanguage\":\"pt-BR\",\"potentialAction\":[{\"@type\":\"ReadAction\",\"target\":[\"https:\\\/\\\/www.yachtingnews.com\\\/pt-br\\\/destruir-o-fim\\\/\"]}]},{\"@type\":\"ImageObject\",\"inLanguage\":\"pt-BR\",\"@id\":\"https:\\\/\\\/www.yachtingnews.com\\\/pt-br\\\/destruir-o-fim\\\/#primaryimage\",\"url\":\"https:\\\/\\\/www.yachtingnews.com\\\/wp-content\\\/uploads\\\/2024\\\/05\\\/Destriero.webp\",\"contentUrl\":\"https:\\\/\\\/www.yachtingnews.com\\\/wp-content\\\/uploads\\\/2024\\\/05\\\/Destriero.webp\",\"width\":1600,\"height\":900,\"caption\":\"Destriero\"},{\"@type\":\"BreadcrumbList\",\"@id\":\"https:\\\/\\\/www.yachtingnews.com\\\/pt-br\\\/destruir-o-fim\\\/#breadcrumb\",\"itemListElement\":[{\"@type\":\"ListItem\",\"position\":1,\"name\":\"Home\",\"item\":\"https:\\\/\\\/www.yachtingnews.com\\\/pt-br\\\/yachting-news-2\\\/\"},{\"@type\":\"ListItem\",\"position\":2,\"name\":\"A Destriero ser\u00e1 desmontada: o triste fim do s\u00edmbolo de excel\u00eancia no setor n\u00e1utico italiano.\"}]},{\"@type\":\"WebSite\",\"@id\":\"https:\\\/\\\/www.yachtingnews.com\\\/pt-br\\\/#website\",\"url\":\"https:\\\/\\\/www.yachtingnews.com\\\/pt-br\\\/\",\"name\":\"Yachting News\",\"description\":\"The International Yachting Media\",\"publisher\":{\"@id\":\"https:\\\/\\\/www.yachtingnews.com\\\/pt-br\\\/#organization\"},\"potentialAction\":[{\"@type\":\"SearchAction\",\"target\":{\"@type\":\"EntryPoint\",\"urlTemplate\":\"https:\\\/\\\/www.yachtingnews.com\\\/pt-br\\\/?s={search_term_string}\"},\"query-input\":{\"@type\":\"PropertyValueSpecification\",\"valueRequired\":true,\"valueName\":\"search_term_string\"}}],\"inLanguage\":\"pt-BR\"},{\"@type\":\"Organization\",\"@id\":\"https:\\\/\\\/www.yachtingnews.com\\\/pt-br\\\/#organization\",\"name\":\"Yachting News\",\"url\":\"https:\\\/\\\/www.yachtingnews.com\\\/pt-br\\\/\",\"logo\":{\"@type\":\"ImageObject\",\"inLanguage\":\"pt-BR\",\"@id\":\"https:\\\/\\\/www.yachtingnews.com\\\/pt-br\\\/#\\\/schema\\\/logo\\\/image\\\/\",\"url\":\"https:\\\/\\\/www.yachtingnews.com\\\/wp-content\\\/uploads\\\/2023\\\/02\\\/LOGO-Yachting-NEWS-blu-800.png\",\"contentUrl\":\"https:\\\/\\\/www.yachtingnews.com\\\/wp-content\\\/uploads\\\/2023\\\/02\\\/LOGO-Yachting-NEWS-blu-800.png\",\"width\":790,\"height\":99,\"caption\":\"Yachting News\"},\"image\":{\"@id\":\"https:\\\/\\\/www.yachtingnews.com\\\/pt-br\\\/#\\\/schema\\\/logo\\\/image\\\/\"},\"sameAs\":[\"https:\\\/\\\/www.facebook.com\\\/TheInternationalYachtingMedia\",\"https:\\\/\\\/x.com\\\/YachtingMedia\",\"https:\\\/\\\/www.instagram.com\\\/yachting.news\\\/\",\"https:\\\/\\\/www.linkedin.com\\\/company\\\/the-international-yachting-media\",\"https:\\\/\\\/www.youtube.com\\\/c\\\/TheInternationalYachtingMedia\"]},{\"@type\":\"Person\",\"@id\":\"https:\\\/\\\/www.yachtingnews.com\\\/pt-br\\\/#\\\/schema\\\/person\\\/f82bb28662e582bd09ecf64c2723e34e\",\"name\":\"Luca D'Ambrosio\",\"image\":{\"@type\":\"ImageObject\",\"inLanguage\":\"pt-BR\",\"@id\":\"https:\\\/\\\/www.yachtingnews.com\\\/wp-content\\\/litespeed\\\/avatar\\\/bba22fc791b72395e4e185526136613b.jpg?ver=1788189994\",\"url\":\"https:\\\/\\\/www.yachtingnews.com\\\/wp-content\\\/litespeed\\\/avatar\\\/bba22fc791b72395e4e185526136613b.jpg?ver=1788189994\",\"contentUrl\":\"https:\\\/\\\/www.yachtingnews.com\\\/wp-content\\\/litespeed\\\/avatar\\\/bba22fc791b72395e4e185526136613b.jpg?ver=1788189994\",\"caption\":\"Luca D'Ambrosio\"},\"description\":\"Editor-in-chief, boat tester and journalist. Luca began sailing at an early age with his father then as an adult discovered sailing regattas and offshore racing. He has been working in publishing for more than 30 years and continues to sail incessantly, especially aboard the editorial staff's boat, an old lady of the seas that he has completely rebuilt and which serves excellently as a \\\"mobile laboratory\\\" for The International Yachting Media.\",\"url\":\"https:\\\/\\\/www.yachtingnews.com\\\/pt-br\\\/author\\\/luca-dambrosio\\\/\"}]}<\/script>\n<!-- \/ Yoast SEO plugin. -->","yoast_head_json":{"title":"Destriero ser\u00e1 desmontado: o triste fim do s\u00edmbolo do iatismo - Yachting News","description":"O iate Destriero, s\u00edmbolo de excel\u00eancia no setor n\u00e1utico italiano, ser\u00e1 demolido, conforme confirmado por fontes pr\u00f3ximas ao estaleiro.","robots":{"index":"index","follow":"follow","max-snippet":"max-snippet:-1","max-image-preview":"max-image-preview:large","max-video-preview":"max-video-preview:-1"},"canonical":"https:\/\/www.yachtingnews.com\/pt-br\/destruir-o-fim\/","og_locale":"pt_BR","og_type":"article","og_title":"Destriero ser\u00e1 desmontado: o triste fim do s\u00edmbolo do iatismo - Yachting News","og_description":"O iate Destriero, s\u00edmbolo de excel\u00eancia no setor n\u00e1utico italiano, ser\u00e1 demolido, conforme confirmado por fontes pr\u00f3ximas ao estaleiro.","og_url":"https:\/\/www.yachtingnews.com\/pt-br\/destruir-o-fim\/","og_site_name":"Yachting News","article_publisher":"https:\/\/www.facebook.com\/TheInternationalYachtingMedia","article_published_time":"2024-05-03T10:25:12+00:00","article_modified_time":"2024-05-03T10:26:10+00:00","og_image":[{"width":1600,"height":900,"url":"https:\/\/www.yachtingnews.com\/wp-content\/uploads\/2024\/05\/Destriero.webp","type":"image\/webp"}],"author":"Luca D'Ambrosio","twitter_card":"summary_large_image","twitter_creator":"@YachtingMedia","twitter_site":"@YachtingMedia","twitter_misc":{"Escrito por":"Luca D'Ambrosio","Est. tempo de leitura":"4 minutos"},"schema":{"@context":"https:\/\/schema.org","@graph":[{"@type":"Article","@id":"https:\/\/www.yachtingnews.com\/pt-br\/destruir-o-fim\/#article","isPartOf":{"@id":"https:\/\/www.yachtingnews.com\/pt-br\/destruir-o-fim\/"},"author":{"name":"Luca D'Ambrosio","@id":"https:\/\/www.yachtingnews.com\/pt-br\/#\/schema\/person\/f82bb28662e582bd09ecf64c2723e34e"},"headline":"A Destriero ser\u00e1 desmontada: o triste fim do s\u00edmbolo de excel\u00eancia no setor n\u00e1utico italiano.","datePublished":"2024-05-03T10:25:12+00:00","dateModified":"2024-05-03T10:26:10+00:00","mainEntityOfPage":{"@id":"https:\/\/www.yachtingnews.com\/pt-br\/destruir-o-fim\/"},"wordCount":848,"commentCount":0,"publisher":{"@id":"https:\/\/www.yachtingnews.com\/pt-br\/#organization"},"image":{"@id":"https:\/\/www.yachtingnews.com\/pt-br\/destruir-o-fim\/#primaryimage"},"thumbnailUrl":"https:\/\/www.yachtingnews.com\/wp-content\/uploads\/2024\/05\/Destriero.webp","keywords":["Destriero"],"articleSection":["BARCOS A MOTOR","Not\u00edcias"],"inLanguage":"pt-BR","potentialAction":[{"@type":"CommentAction","name":"Comment","target":["https:\/\/www.yachtingnews.com\/pt-br\/destruir-o-fim\/#respond"]}]},{"@type":"WebPage","@id":"https:\/\/www.yachtingnews.com\/pt-br\/destruir-o-fim\/","url":"https:\/\/www.yachtingnews.com\/pt-br\/destruir-o-fim\/","name":"Destriero ser\u00e1 desmontado: o triste fim do s\u00edmbolo do iatismo - Yachting News","isPartOf":{"@id":"https:\/\/www.yachtingnews.com\/pt-br\/#website"},"primaryImageOfPage":{"@id":"https:\/\/www.yachtingnews.com\/pt-br\/destruir-o-fim\/#primaryimage"},"image":{"@id":"https:\/\/www.yachtingnews.com\/pt-br\/destruir-o-fim\/#primaryimage"},"thumbnailUrl":"https:\/\/www.yachtingnews.com\/wp-content\/uploads\/2024\/05\/Destriero.webp","datePublished":"2024-05-03T10:25:12+00:00","dateModified":"2024-05-03T10:26:10+00:00","description":"O iate Destriero, s\u00edmbolo de excel\u00eancia no setor n\u00e1utico italiano, ser\u00e1 demolido, conforme confirmado por fontes pr\u00f3ximas ao estaleiro.","breadcrumb":{"@id":"https:\/\/www.yachtingnews.com\/pt-br\/destruir-o-fim\/#breadcrumb"},"inLanguage":"pt-BR","potentialAction":[{"@type":"ReadAction","target":["https:\/\/www.yachtingnews.com\/pt-br\/destruir-o-fim\/"]}]},{"@type":"ImageObject","inLanguage":"pt-BR","@id":"https:\/\/www.yachtingnews.com\/pt-br\/destruir-o-fim\/#primaryimage","url":"https:\/\/www.yachtingnews.com\/wp-content\/uploads\/2024\/05\/Destriero.webp","contentUrl":"https:\/\/www.yachtingnews.com\/wp-content\/uploads\/2024\/05\/Destriero.webp","width":1600,"height":900,"caption":"Destriero"},{"@type":"BreadcrumbList","@id":"https:\/\/www.yachtingnews.com\/pt-br\/destruir-o-fim\/#breadcrumb","itemListElement":[{"@type":"ListItem","position":1,"name":"Home","item":"https:\/\/www.yachtingnews.com\/pt-br\/yachting-news-2\/"},{"@type":"ListItem","position":2,"name":"A Destriero ser\u00e1 desmontada: o triste fim do s\u00edmbolo de excel\u00eancia no setor n\u00e1utico italiano."}]},{"@type":"WebSite","@id":"https:\/\/www.yachtingnews.com\/pt-br\/#website","url":"https:\/\/www.yachtingnews.com\/pt-br\/","name":"Yachting News","description":"The International Yachting Media","publisher":{"@id":"https:\/\/www.yachtingnews.com\/pt-br\/#organization"},"potentialAction":[{"@type":"SearchAction","target":{"@type":"EntryPoint","urlTemplate":"https:\/\/www.yachtingnews.com\/pt-br\/?s={search_term_string}"},"query-input":{"@type":"PropertyValueSpecification","valueRequired":true,"valueName":"search_term_string"}}],"inLanguage":"pt-BR"},{"@type":"Organization","@id":"https:\/\/www.yachtingnews.com\/pt-br\/#organization","name":"Yachting News","url":"https:\/\/www.yachtingnews.com\/pt-br\/","logo":{"@type":"ImageObject","inLanguage":"pt-BR","@id":"https:\/\/www.yachtingnews.com\/pt-br\/#\/schema\/logo\/image\/","url":"https:\/\/www.yachtingnews.com\/wp-content\/uploads\/2023\/02\/LOGO-Yachting-NEWS-blu-800.png","contentUrl":"https:\/\/www.yachtingnews.com\/wp-content\/uploads\/2023\/02\/LOGO-Yachting-NEWS-blu-800.png","width":790,"height":99,"caption":"Yachting News"},"image":{"@id":"https:\/\/www.yachtingnews.com\/pt-br\/#\/schema\/logo\/image\/"},"sameAs":["https:\/\/www.facebook.com\/TheInternationalYachtingMedia","https:\/\/x.com\/YachtingMedia","https:\/\/www.instagram.com\/yachting.news\/","https:\/\/www.linkedin.com\/company\/the-international-yachting-media","https:\/\/www.youtube.com\/c\/TheInternationalYachtingMedia"]},{"@type":"Person","@id":"https:\/\/www.yachtingnews.com\/pt-br\/#\/schema\/person\/f82bb28662e582bd09ecf64c2723e34e","name":"Luca D'Ambrosio","image":{"@type":"ImageObject","inLanguage":"pt-BR","@id":"https:\/\/www.yachtingnews.com\/wp-content\/litespeed\/avatar\/bba22fc791b72395e4e185526136613b.jpg?ver=1788189994","url":"https:\/\/www.yachtingnews.com\/wp-content\/litespeed\/avatar\/bba22fc791b72395e4e185526136613b.jpg?ver=1788189994","contentUrl":"https:\/\/www.yachtingnews.com\/wp-content\/litespeed\/avatar\/bba22fc791b72395e4e185526136613b.jpg?ver=1788189994","caption":"Luca D'Ambrosio"},"description":"Editor-in-chief, boat tester and journalist. Luca began sailing at an early age with his father then as an adult discovered sailing regattas and offshore racing. He has been working in publishing for more than 30 years and continues to sail incessantly, especially aboard the editorial staff's boat, an old lady of the seas that he has completely rebuilt and which serves excellently as a \"mobile laboratory\" for The International Yachting Media.","url":"https:\/\/www.yachtingnews.com\/pt-br\/author\/luca-dambrosio\/"}]}},"_links":{"self":[{"href":"https:\/\/www.yachtingnews.com\/pt-br\/wp-json\/wp\/v2\/posts\/109577","targetHints":{"allow":["GET"]}}],"collection":[{"href":"https:\/\/www.yachtingnews.com\/pt-br\/wp-json\/wp\/v2\/posts"}],"about":[{"href":"https:\/\/www.yachtingnews.com\/pt-br\/wp-json\/wp\/v2\/types\/post"}],"author":[{"embeddable":true,"href":"https:\/\/www.yachtingnews.com\/pt-br\/wp-json\/wp\/v2\/users\/10"}],"replies":[{"embeddable":true,"href":"https:\/\/www.yachtingnews.com\/pt-br\/wp-json\/wp\/v2\/comments?post=109577"}],"version-history":[{"count":0,"href":"https:\/\/www.yachtingnews.com\/pt-br\/wp-json\/wp\/v2\/posts\/109577\/revisions"}],"wp:featuredmedia":[{"embeddable":true,"href":"https:\/\/www.yachtingnews.com\/pt-br\/wp-json\/wp\/v2\/media\/109554"}],"wp:attachment":[{"href":"https:\/\/www.yachtingnews.com\/pt-br\/wp-json\/wp\/v2\/media?parent=109577"}],"wp:term":[{"taxonomy":"category","embeddable":true,"href":"https:\/\/www.yachtingnews.com\/pt-br\/wp-json\/wp\/v2\/categories?post=109577"},{"taxonomy":"post_tag","embeddable":true,"href":"https:\/\/www.yachtingnews.com\/pt-br\/wp-json\/wp\/v2\/tags?post=109577"}],"curies":[{"name":"wp","href":"https:\/\/api.w.org\/{rel}","templated":true}]}}