{"id":109979,"date":"2024-05-11T15:40:39","date_gmt":"2024-05-11T14:40:39","guid":{"rendered":"https:\/\/yachtingnews.com\/piero-formenti-presidente-da-confindustria-nautica\/"},"modified":"2024-05-11T15:42:47","modified_gmt":"2024-05-11T14:42:47","slug":"piero-formenti-presidente-da-confindustria-nautica","status":"publish","type":"post","link":"https:\/\/www.yachtingnews.com\/pt-br\/piero-formenti-presidente-da-confindustria-nautica\/","title":{"rendered":"Piero Formenti \u00e9 nomeado presidente da Confindustria Nautica, uma mudan\u00e7a na lideran\u00e7a da associa\u00e7\u00e3o"},"content":{"rendered":"\t\t<div data-elementor-type=\"wp-post\" data-elementor-id=\"109979\" class=\"elementor elementor-109979 elementor-109961\" data-elementor-post-type=\"post\">\n\t\t\t\t\t\t<section class=\"elementor-section elementor-top-section elementor-element elementor-element-26d7b59 elementor-section-boxed elementor-section-height-default elementor-section-height-default\" data-id=\"26d7b59\" data-element_type=\"section\" data-e-type=\"section\">\n\t\t\t\t\t\t<div class=\"elementor-container elementor-column-gap-default\">\n\t\t\t\t\t<div class=\"elementor-column elementor-col-100 elementor-top-column elementor-element elementor-element-38524a80\" data-id=\"38524a80\" data-element_type=\"column\" data-e-type=\"column\">\n\t\t\t<div class=\"elementor-widget-wrap elementor-element-populated\">\n\t\t\t\t\t\t<div class=\"elementor-element elementor-element-60943ecf elementor-widget elementor-widget-text-editor\" data-id=\"60943ecf\" data-element_type=\"widget\" data-e-type=\"widget\" data-widget_type=\"text-editor.default\">\n\t\t\t\t<div class=\"elementor-widget-container\">\n\t\t\t\t\t\t\t\t\t<p>Piero Formenti \u00e9 o novo presidente da Confindustria Nautica. A decis\u00e3o vem ap\u00f3s o Conselho Geral da Associa\u00e7\u00e3o, que ontem, em resposta \u00e0 decis\u00e3o de Saverio Cecchi de se afastar temporariamente do cargo, foi realizado em uma sess\u00e3o extraordin\u00e1ria.<\/p>\n<p>Piero Formenti traz uma vasta experi\u00eancia para fun\u00e7\u00f5es dessa natureza. Ele atua como vice-presidente da Confindustria Nautica desde 2015 e ocupou o cargo de <b>presidente da EBI (European Boating Industry) <\/b>por dois mandatos consecutivos, de 2015 a 2019. Atualmente, ele atua como vice-presidente apoiando Robert Marx, o atual presidente.<\/p>\n<p>Lombard, nascido em 1958, \u00e9 casado com Donatella h\u00e1 quarenta anos e tem um filho, Luca, que trabalha com ele na empresa. A Zar Formenti \u00e9 um dos fabricantes de barcos infl\u00e1veis mais antigos do mercado, em atividade desde 1979, e conta com uma rede de distribui\u00e7\u00e3o global.<\/p>\n<p>&#8220;<em>Com a mesma dedica\u00e7\u00e3o que demonstrei ao expandir a empresa que dirijo ao lado de minha esposa e meu filho, servirei \u00e0s nossas empresas associadas da melhor<\/em>forma poss\u00edvel&#8221;, declarou Piero Formenti no encerramento da reuni\u00e3o do Conselho Geral.<\/p>\n<figure id=\"attachment_109969\" aria-describedby=\"caption-attachment-109969\" style=\"width: 1032px\" class=\"wp-caption aligncenter\"><img decoding=\"async\" class=\"wp-image-109967 size-full\" title=\"Piero-Formenti\" src=\"https:\/\/yachtingnews.com\/wp-content\/uploads\/2024\/05\/Piero-Formenti.webp\" alt=\"Piero-Formenti\" width=\"1032\" height=\"494\" srcset=\"https:\/\/www.yachtingnews.com\/wp-content\/uploads\/2024\/05\/Piero-Formenti.webp 1032w, https:\/\/www.yachtingnews.com\/wp-content\/uploads\/2024\/05\/Piero-Formenti-300x144.webp 300w, https:\/\/www.yachtingnews.com\/wp-content\/uploads\/2024\/05\/Piero-Formenti-768x368.webp 768w\" sizes=\"(max-width: 1032px) 100vw, 1032px\" \/><figcaption id=\"caption-attachment-109969\" class=\"wp-caption-text\">Piero Formenti em assembleia com Linos Voskarides, membro da Comiss\u00e3o Europeia<\/figcaption><\/figure>\n<p>&#8220;<em>Atualmente, o contexto econ\u00f4mico est\u00e1 testemunhando sinais de desacelera\u00e7\u00e3o. Isso \u00e9 comparado a um per\u00edodo de tr\u00eas anos de crescimento sem precedentes que, em 2023, levou o setor de iates italiano a um recorde hist\u00f3rico em termos de faturamento, exporta\u00e7\u00f5es e emprego, aumentando de 160.000 para 200.000 empregos nos \u00faltimos cinco anos.  <\/em><b>O Sr. Formenti<\/b><b> enfatizou<\/b> &#8211;  <em>Particularmente afetado \u00e9 o mercado de pequenas <a href=\"https:\/\/yachtingnews.com\/pt-br\/\">embarca\u00e7\u00f5es <\/a>, cuja contra\u00e7\u00e3o dever\u00e1 afetar v\u00e1rios segmentos de produtos, especialmente em determinadas regi\u00f5es geogr\u00e1ficas. Os motivos para isso incluem o aumento das taxas de juros e o acesso restrito ao cr\u00e9dito.  <\/em><\/p>\n<p><em>A situa\u00e7\u00e3o atual do mercado exige respostas r\u00e1pidas. Respostas sobre simplifica\u00e7\u00e3o administrativa, competitividade de bandeiras, tempos de registro, regulamenta\u00e7\u00f5es sobre novos combust\u00edveis verdes, oportunidades de treinamento profissional e a competitividade de marinas, rampas de lan\u00e7amento e servi\u00e7os de armazenamento. As a\u00e7\u00f5es em todas essas frentes contribuir\u00e3o para manter um sistema italiano competitivo em geral e permitir\u00e3o que as empresas tenham o ambiente mais favor\u00e1vel poss\u00edvel para continuar investindo&#8221;.<\/em><\/p>\n<p><em>&#8220;\u00c9 exatamente nesse cen\u00e1rio &#8211; <\/em>continuou Formenti<em> &#8211; <\/em> que voc\u00ea pode ver o que est\u00e1 acontecendo. <em><br \/>\n  <i>t<\/i><br \/>\n<\/em><em>que a consolida\u00e7\u00e3o e a expans\u00e3o do <a href=\"https:\/\/salonenautico.com\/en\/\">Genoa International Boat Show<\/a> assumem uma import\u00e2ncia ainda maior. Lamento ter lido v\u00e1rios coment\u00e1rios na imprensa sobre o valor dos fundos p\u00fablicos fornecidos para esse que \u00e9 o segundo maior evento do setor na It\u00e1lia (depois da feira de design Salone del Mobile) e o terceiro maior do mundo para o setor de iates. Todos os anos, o Show injeta 65 milh\u00f5es de euros somente na economia local (The European House &#8211; Ambrosetti, &#8220;Rapporto Liguria 2030&#8221;, julho de 2023) e, ainda assim, continua sendo o evento do setor com menor apoio financeiro em compara\u00e7\u00e3o com os eventos concorrentes no exterior. Por esse mesmo motivo &#8211; voc\u00ea n\u00e3o pode se preocupar com isso.  <\/em><em>Formenti concluiu  <\/em><em>&#8211; O Plano de Eventos da Ag\u00eancia de Com\u00e9rcio Italiana continuou a aumentar seu apoio ao Genoa Boat Show, demonstrando a crescente conscientiza\u00e7\u00e3o de que a It\u00e1lia deve trabalhar como um sistema ao apoiar as feiras comerciais internacionais do pa\u00eds. Essas vitrines de classe mundial s\u00e3o um ponto de refer\u00eancia entre os setores para a marca Made in Italy. Nesse sentido, ainda h\u00e1 trabalho a ser feito&#8221;.<\/em><\/p>\n\t\t\t\t\t\t\t\t<\/div>\n\t\t\t\t<\/div>\n\t\t\t\t\t<\/div>\n\t\t<\/div>\n\t\t\t\t\t<\/div>\n\t\t<\/section>\n\t\t\t\t<\/div>\n\t\t","protected":false},"excerpt":{"rendered":"<p>Piero Formenti \u00e9 o novo presidente da Confindustria Nautica. A decis\u00e3o vem ap\u00f3s o Conselho Geral da Associa\u00e7\u00e3o, que ontem, em resposta \u00e0 decis\u00e3o de Saverio Cecchi de se afastar temporariamente do cargo, foi realizado em uma sess\u00e3o extraordin\u00e1ria. Piero Formenti traz uma vasta experi\u00eancia para fun\u00e7\u00f5es dessa natureza. Ele atua como vice-presidente da Confindustria [&hellip;]<\/p>\n","protected":false},"author":10,"featured_media":109964,"comment_status":"open","ping_status":"open","sticky":false,"template":"","format":"standard","meta":{"_mo_disable_npp":"","footnotes":""},"categories":[1653],"tags":[3278],"class_list":["post-109979","post","type-post","status-publish","format-standard","has-post-thumbnail","hentry","category-news-pt-br","tag-piero-formenti-pt-br"],"yoast_head":"<!-- This site is optimized with the Yoast SEO plugin v28.3 - https:\/\/yoast.com\/product\/yoast-seo-wordpress\/ -->\n<title>Piero Formenti \u00e9 nomeado presidente da Confindustria Nautica - Yachting News<\/title>\n<meta name=\"description\" content=\"Piero Formenti \u00e9 o novo presidente da Confindustria Nautica. A decis\u00e3o foi tomada ap\u00f3s o Conselho Geral da Associa\u00e7\u00e3o...\" \/>\n<meta name=\"robots\" content=\"index, follow, max-snippet:-1, max-image-preview:large, max-video-preview:-1\" \/>\n<link rel=\"canonical\" href=\"https:\/\/www.yachtingnews.com\/pt-br\/piero-formenti-presidente-da-confindustria-nautica\/\" \/>\n<meta property=\"og:locale\" content=\"pt_BR\" \/>\n<meta property=\"og:type\" content=\"article\" \/>\n<meta property=\"og:title\" content=\"Piero Formenti \u00e9 nomeado presidente da Confindustria Nautica - Yachting News\" \/>\n<meta property=\"og:description\" content=\"Piero Formenti \u00e9 o novo presidente da Confindustria Nautica. A decis\u00e3o foi tomada ap\u00f3s o Conselho Geral da Associa\u00e7\u00e3o...\" \/>\n<meta property=\"og:url\" content=\"https:\/\/www.yachtingnews.com\/pt-br\/piero-formenti-presidente-da-confindustria-nautica\/\" \/>\n<meta property=\"og:site_name\" content=\"Yachting News\" \/>\n<meta property=\"article:publisher\" content=\"https:\/\/www.facebook.com\/TheInternationalYachtingMedia\" \/>\n<meta property=\"article:published_time\" content=\"2024-05-11T14:40:39+00:00\" \/>\n<meta property=\"article:modified_time\" content=\"2024-05-11T14:42:47+00:00\" \/>\n<meta property=\"og:image\" content=\"https:\/\/www.yachtingnews.com\/wp-content\/uploads\/2024\/05\/Piero-Formenti-Presidente-Confindustria-Nautica.webp\" \/>\n\t<meta property=\"og:image:width\" content=\"1600\" \/>\n\t<meta property=\"og:image:height\" content=\"900\" \/>\n\t<meta property=\"og:image:type\" content=\"image\/webp\" \/>\n<meta name=\"author\" content=\"Luca D&#039;Ambrosio\" \/>\n<meta name=\"twitter:card\" content=\"summary_large_image\" \/>\n<meta name=\"twitter:creator\" content=\"@YachtingMedia\" \/>\n<meta name=\"twitter:site\" content=\"@YachtingMedia\" \/>\n<meta name=\"twitter:label1\" content=\"Escrito por\" \/>\n\t<meta name=\"twitter:data1\" content=\"Luca D&#039;Ambrosio\" \/>\n\t<meta name=\"twitter:label2\" content=\"Est. tempo de leitura\" \/>\n\t<meta name=\"twitter:data2\" content=\"3 minutos\" \/>\n<script type=\"application\/ld+json\" class=\"yoast-schema-graph\">{\"@context\":\"https:\\\/\\\/schema.org\",\"@graph\":[{\"@type\":\"Article\",\"@id\":\"https:\\\/\\\/www.yachtingnews.com\\\/pt-br\\\/piero-formenti-presidente-da-confindustria-nautica\\\/#article\",\"isPartOf\":{\"@id\":\"https:\\\/\\\/www.yachtingnews.com\\\/pt-br\\\/piero-formenti-presidente-da-confindustria-nautica\\\/\"},\"author\":{\"name\":\"Luca D'Ambrosio\",\"@id\":\"https:\\\/\\\/www.yachtingnews.com\\\/pt-br\\\/#\\\/schema\\\/person\\\/f82bb28662e582bd09ecf64c2723e34e\"},\"headline\":\"Piero Formenti \u00e9 nomeado presidente da Confindustria Nautica, uma mudan\u00e7a na lideran\u00e7a da associa\u00e7\u00e3o\",\"datePublished\":\"2024-05-11T14:40:39+00:00\",\"dateModified\":\"2024-05-11T14:42:47+00:00\",\"mainEntityOfPage\":{\"@id\":\"https:\\\/\\\/www.yachtingnews.com\\\/pt-br\\\/piero-formenti-presidente-da-confindustria-nautica\\\/\"},\"wordCount\":613,\"commentCount\":0,\"publisher\":{\"@id\":\"https:\\\/\\\/www.yachtingnews.com\\\/pt-br\\\/#organization\"},\"image\":{\"@id\":\"https:\\\/\\\/www.yachtingnews.com\\\/pt-br\\\/piero-formenti-presidente-da-confindustria-nautica\\\/#primaryimage\"},\"thumbnailUrl\":\"https:\\\/\\\/www.yachtingnews.com\\\/wp-content\\\/uploads\\\/2024\\\/05\\\/Piero-Formenti-Presidente-Confindustria-Nautica.webp\",\"keywords\":[\"Piero Formenti\"],\"articleSection\":[\"Not\u00edcias\"],\"inLanguage\":\"pt-BR\",\"potentialAction\":[{\"@type\":\"CommentAction\",\"name\":\"Comment\",\"target\":[\"https:\\\/\\\/www.yachtingnews.com\\\/pt-br\\\/piero-formenti-presidente-da-confindustria-nautica\\\/#respond\"]}]},{\"@type\":\"WebPage\",\"@id\":\"https:\\\/\\\/www.yachtingnews.com\\\/pt-br\\\/piero-formenti-presidente-da-confindustria-nautica\\\/\",\"url\":\"https:\\\/\\\/www.yachtingnews.com\\\/pt-br\\\/piero-formenti-presidente-da-confindustria-nautica\\\/\",\"name\":\"Piero Formenti \u00e9 nomeado presidente da Confindustria Nautica - Yachting News\",\"isPartOf\":{\"@id\":\"https:\\\/\\\/www.yachtingnews.com\\\/pt-br\\\/#website\"},\"primaryImageOfPage\":{\"@id\":\"https:\\\/\\\/www.yachtingnews.com\\\/pt-br\\\/piero-formenti-presidente-da-confindustria-nautica\\\/#primaryimage\"},\"image\":{\"@id\":\"https:\\\/\\\/www.yachtingnews.com\\\/pt-br\\\/piero-formenti-presidente-da-confindustria-nautica\\\/#primaryimage\"},\"thumbnailUrl\":\"https:\\\/\\\/www.yachtingnews.com\\\/wp-content\\\/uploads\\\/2024\\\/05\\\/Piero-Formenti-Presidente-Confindustria-Nautica.webp\",\"datePublished\":\"2024-05-11T14:40:39+00:00\",\"dateModified\":\"2024-05-11T14:42:47+00:00\",\"description\":\"Piero Formenti \u00e9 o novo presidente da Confindustria Nautica. A decis\u00e3o foi tomada ap\u00f3s o Conselho Geral da Associa\u00e7\u00e3o...\",\"breadcrumb\":{\"@id\":\"https:\\\/\\\/www.yachtingnews.com\\\/pt-br\\\/piero-formenti-presidente-da-confindustria-nautica\\\/#breadcrumb\"},\"inLanguage\":\"pt-BR\",\"potentialAction\":[{\"@type\":\"ReadAction\",\"target\":[\"https:\\\/\\\/www.yachtingnews.com\\\/pt-br\\\/piero-formenti-presidente-da-confindustria-nautica\\\/\"]}]},{\"@type\":\"ImageObject\",\"inLanguage\":\"pt-BR\",\"@id\":\"https:\\\/\\\/www.yachtingnews.com\\\/pt-br\\\/piero-formenti-presidente-da-confindustria-nautica\\\/#primaryimage\",\"url\":\"https:\\\/\\\/www.yachtingnews.com\\\/wp-content\\\/uploads\\\/2024\\\/05\\\/Piero-Formenti-Presidente-Confindustria-Nautica.webp\",\"contentUrl\":\"https:\\\/\\\/www.yachtingnews.com\\\/wp-content\\\/uploads\\\/2024\\\/05\\\/Piero-Formenti-Presidente-Confindustria-Nautica.webp\",\"width\":1600,\"height\":900,\"caption\":\"Piero-Formenti-Presidente-Confindustria-Nautica\"},{\"@type\":\"BreadcrumbList\",\"@id\":\"https:\\\/\\\/www.yachtingnews.com\\\/pt-br\\\/piero-formenti-presidente-da-confindustria-nautica\\\/#breadcrumb\",\"itemListElement\":[{\"@type\":\"ListItem\",\"position\":1,\"name\":\"Home\",\"item\":\"https:\\\/\\\/www.yachtingnews.com\\\/pt-br\\\/yachting-news-2\\\/\"},{\"@type\":\"ListItem\",\"position\":2,\"name\":\"Piero Formenti \u00e9 nomeado presidente da Confindustria Nautica, uma mudan\u00e7a na lideran\u00e7a da associa\u00e7\u00e3o\"}]},{\"@type\":\"WebSite\",\"@id\":\"https:\\\/\\\/www.yachtingnews.com\\\/pt-br\\\/#website\",\"url\":\"https:\\\/\\\/www.yachtingnews.com\\\/pt-br\\\/\",\"name\":\"Yachting News\",\"description\":\"The International Yachting Media\",\"publisher\":{\"@id\":\"https:\\\/\\\/www.yachtingnews.com\\\/pt-br\\\/#organization\"},\"potentialAction\":[{\"@type\":\"SearchAction\",\"target\":{\"@type\":\"EntryPoint\",\"urlTemplate\":\"https:\\\/\\\/www.yachtingnews.com\\\/pt-br\\\/?s={search_term_string}\"},\"query-input\":{\"@type\":\"PropertyValueSpecification\",\"valueRequired\":true,\"valueName\":\"search_term_string\"}}],\"inLanguage\":\"pt-BR\"},{\"@type\":\"Organization\",\"@id\":\"https:\\\/\\\/www.yachtingnews.com\\\/pt-br\\\/#organization\",\"name\":\"Yachting News\",\"url\":\"https:\\\/\\\/www.yachtingnews.com\\\/pt-br\\\/\",\"logo\":{\"@type\":\"ImageObject\",\"inLanguage\":\"pt-BR\",\"@id\":\"https:\\\/\\\/www.yachtingnews.com\\\/pt-br\\\/#\\\/schema\\\/logo\\\/image\\\/\",\"url\":\"https:\\\/\\\/www.yachtingnews.com\\\/wp-content\\\/uploads\\\/2023\\\/02\\\/LOGO-Yachting-NEWS-blu-800.png\",\"contentUrl\":\"https:\\\/\\\/www.yachtingnews.com\\\/wp-content\\\/uploads\\\/2023\\\/02\\\/LOGO-Yachting-NEWS-blu-800.png\",\"width\":790,\"height\":99,\"caption\":\"Yachting News\"},\"image\":{\"@id\":\"https:\\\/\\\/www.yachtingnews.com\\\/pt-br\\\/#\\\/schema\\\/logo\\\/image\\\/\"},\"sameAs\":[\"https:\\\/\\\/www.facebook.com\\\/TheInternationalYachtingMedia\",\"https:\\\/\\\/x.com\\\/YachtingMedia\",\"https:\\\/\\\/www.instagram.com\\\/yachting.news\\\/\",\"https:\\\/\\\/www.linkedin.com\\\/company\\\/the-international-yachting-media\",\"https:\\\/\\\/www.youtube.com\\\/c\\\/TheInternationalYachtingMedia\"]},{\"@type\":\"Person\",\"@id\":\"https:\\\/\\\/www.yachtingnews.com\\\/pt-br\\\/#\\\/schema\\\/person\\\/f82bb28662e582bd09ecf64c2723e34e\",\"name\":\"Luca D'Ambrosio\",\"image\":{\"@type\":\"ImageObject\",\"inLanguage\":\"pt-BR\",\"@id\":\"https:\\\/\\\/www.yachtingnews.com\\\/wp-content\\\/litespeed\\\/avatar\\\/bba22fc791b72395e4e185526136613b.jpg?ver=1787585046\",\"url\":\"https:\\\/\\\/www.yachtingnews.com\\\/wp-content\\\/litespeed\\\/avatar\\\/bba22fc791b72395e4e185526136613b.jpg?ver=1787585046\",\"contentUrl\":\"https:\\\/\\\/www.yachtingnews.com\\\/wp-content\\\/litespeed\\\/avatar\\\/bba22fc791b72395e4e185526136613b.jpg?ver=1787585046\",\"caption\":\"Luca D'Ambrosio\"},\"description\":\"Editor-in-chief, boat tester and journalist. Luca began sailing at an early age with his father then as an adult discovered sailing regattas and offshore racing. He has been working in publishing for more than 30 years and continues to sail incessantly, especially aboard the editorial staff's boat, an old lady of the seas that he has completely rebuilt and which serves excellently as a \\\"mobile laboratory\\\" for The International Yachting Media.\",\"url\":\"https:\\\/\\\/www.yachtingnews.com\\\/pt-br\\\/author\\\/luca-dambrosio\\\/\"}]}<\/script>\n<!-- \/ Yoast SEO plugin. -->","yoast_head_json":{"title":"Piero Formenti \u00e9 nomeado presidente da Confindustria Nautica - Yachting News","description":"Piero Formenti \u00e9 o novo presidente da Confindustria Nautica. A decis\u00e3o foi tomada ap\u00f3s o Conselho Geral da Associa\u00e7\u00e3o...","robots":{"index":"index","follow":"follow","max-snippet":"max-snippet:-1","max-image-preview":"max-image-preview:large","max-video-preview":"max-video-preview:-1"},"canonical":"https:\/\/www.yachtingnews.com\/pt-br\/piero-formenti-presidente-da-confindustria-nautica\/","og_locale":"pt_BR","og_type":"article","og_title":"Piero Formenti \u00e9 nomeado presidente da Confindustria Nautica - Yachting News","og_description":"Piero Formenti \u00e9 o novo presidente da Confindustria Nautica. A decis\u00e3o foi tomada ap\u00f3s o Conselho Geral da Associa\u00e7\u00e3o...","og_url":"https:\/\/www.yachtingnews.com\/pt-br\/piero-formenti-presidente-da-confindustria-nautica\/","og_site_name":"Yachting News","article_publisher":"https:\/\/www.facebook.com\/TheInternationalYachtingMedia","article_published_time":"2024-05-11T14:40:39+00:00","article_modified_time":"2024-05-11T14:42:47+00:00","og_image":[{"width":1600,"height":900,"url":"https:\/\/www.yachtingnews.com\/wp-content\/uploads\/2024\/05\/Piero-Formenti-Presidente-Confindustria-Nautica.webp","type":"image\/webp"}],"author":"Luca D'Ambrosio","twitter_card":"summary_large_image","twitter_creator":"@YachtingMedia","twitter_site":"@YachtingMedia","twitter_misc":{"Escrito por":"Luca D'Ambrosio","Est. tempo de leitura":"3 minutos"},"schema":{"@context":"https:\/\/schema.org","@graph":[{"@type":"Article","@id":"https:\/\/www.yachtingnews.com\/pt-br\/piero-formenti-presidente-da-confindustria-nautica\/#article","isPartOf":{"@id":"https:\/\/www.yachtingnews.com\/pt-br\/piero-formenti-presidente-da-confindustria-nautica\/"},"author":{"name":"Luca D'Ambrosio","@id":"https:\/\/www.yachtingnews.com\/pt-br\/#\/schema\/person\/f82bb28662e582bd09ecf64c2723e34e"},"headline":"Piero Formenti \u00e9 nomeado presidente da Confindustria Nautica, uma mudan\u00e7a na lideran\u00e7a da associa\u00e7\u00e3o","datePublished":"2024-05-11T14:40:39+00:00","dateModified":"2024-05-11T14:42:47+00:00","mainEntityOfPage":{"@id":"https:\/\/www.yachtingnews.com\/pt-br\/piero-formenti-presidente-da-confindustria-nautica\/"},"wordCount":613,"commentCount":0,"publisher":{"@id":"https:\/\/www.yachtingnews.com\/pt-br\/#organization"},"image":{"@id":"https:\/\/www.yachtingnews.com\/pt-br\/piero-formenti-presidente-da-confindustria-nautica\/#primaryimage"},"thumbnailUrl":"https:\/\/www.yachtingnews.com\/wp-content\/uploads\/2024\/05\/Piero-Formenti-Presidente-Confindustria-Nautica.webp","keywords":["Piero Formenti"],"articleSection":["Not\u00edcias"],"inLanguage":"pt-BR","potentialAction":[{"@type":"CommentAction","name":"Comment","target":["https:\/\/www.yachtingnews.com\/pt-br\/piero-formenti-presidente-da-confindustria-nautica\/#respond"]}]},{"@type":"WebPage","@id":"https:\/\/www.yachtingnews.com\/pt-br\/piero-formenti-presidente-da-confindustria-nautica\/","url":"https:\/\/www.yachtingnews.com\/pt-br\/piero-formenti-presidente-da-confindustria-nautica\/","name":"Piero Formenti \u00e9 nomeado presidente da Confindustria Nautica - Yachting News","isPartOf":{"@id":"https:\/\/www.yachtingnews.com\/pt-br\/#website"},"primaryImageOfPage":{"@id":"https:\/\/www.yachtingnews.com\/pt-br\/piero-formenti-presidente-da-confindustria-nautica\/#primaryimage"},"image":{"@id":"https:\/\/www.yachtingnews.com\/pt-br\/piero-formenti-presidente-da-confindustria-nautica\/#primaryimage"},"thumbnailUrl":"https:\/\/www.yachtingnews.com\/wp-content\/uploads\/2024\/05\/Piero-Formenti-Presidente-Confindustria-Nautica.webp","datePublished":"2024-05-11T14:40:39+00:00","dateModified":"2024-05-11T14:42:47+00:00","description":"Piero Formenti \u00e9 o novo presidente da Confindustria Nautica. A decis\u00e3o foi tomada ap\u00f3s o Conselho Geral da Associa\u00e7\u00e3o...","breadcrumb":{"@id":"https:\/\/www.yachtingnews.com\/pt-br\/piero-formenti-presidente-da-confindustria-nautica\/#breadcrumb"},"inLanguage":"pt-BR","potentialAction":[{"@type":"ReadAction","target":["https:\/\/www.yachtingnews.com\/pt-br\/piero-formenti-presidente-da-confindustria-nautica\/"]}]},{"@type":"ImageObject","inLanguage":"pt-BR","@id":"https:\/\/www.yachtingnews.com\/pt-br\/piero-formenti-presidente-da-confindustria-nautica\/#primaryimage","url":"https:\/\/www.yachtingnews.com\/wp-content\/uploads\/2024\/05\/Piero-Formenti-Presidente-Confindustria-Nautica.webp","contentUrl":"https:\/\/www.yachtingnews.com\/wp-content\/uploads\/2024\/05\/Piero-Formenti-Presidente-Confindustria-Nautica.webp","width":1600,"height":900,"caption":"Piero-Formenti-Presidente-Confindustria-Nautica"},{"@type":"BreadcrumbList","@id":"https:\/\/www.yachtingnews.com\/pt-br\/piero-formenti-presidente-da-confindustria-nautica\/#breadcrumb","itemListElement":[{"@type":"ListItem","position":1,"name":"Home","item":"https:\/\/www.yachtingnews.com\/pt-br\/yachting-news-2\/"},{"@type":"ListItem","position":2,"name":"Piero Formenti \u00e9 nomeado presidente da Confindustria Nautica, uma mudan\u00e7a na lideran\u00e7a da associa\u00e7\u00e3o"}]},{"@type":"WebSite","@id":"https:\/\/www.yachtingnews.com\/pt-br\/#website","url":"https:\/\/www.yachtingnews.com\/pt-br\/","name":"Yachting News","description":"The International Yachting Media","publisher":{"@id":"https:\/\/www.yachtingnews.com\/pt-br\/#organization"},"potentialAction":[{"@type":"SearchAction","target":{"@type":"EntryPoint","urlTemplate":"https:\/\/www.yachtingnews.com\/pt-br\/?s={search_term_string}"},"query-input":{"@type":"PropertyValueSpecification","valueRequired":true,"valueName":"search_term_string"}}],"inLanguage":"pt-BR"},{"@type":"Organization","@id":"https:\/\/www.yachtingnews.com\/pt-br\/#organization","name":"Yachting News","url":"https:\/\/www.yachtingnews.com\/pt-br\/","logo":{"@type":"ImageObject","inLanguage":"pt-BR","@id":"https:\/\/www.yachtingnews.com\/pt-br\/#\/schema\/logo\/image\/","url":"https:\/\/www.yachtingnews.com\/wp-content\/uploads\/2023\/02\/LOGO-Yachting-NEWS-blu-800.png","contentUrl":"https:\/\/www.yachtingnews.com\/wp-content\/uploads\/2023\/02\/LOGO-Yachting-NEWS-blu-800.png","width":790,"height":99,"caption":"Yachting News"},"image":{"@id":"https:\/\/www.yachtingnews.com\/pt-br\/#\/schema\/logo\/image\/"},"sameAs":["https:\/\/www.facebook.com\/TheInternationalYachtingMedia","https:\/\/x.com\/YachtingMedia","https:\/\/www.instagram.com\/yachting.news\/","https:\/\/www.linkedin.com\/company\/the-international-yachting-media","https:\/\/www.youtube.com\/c\/TheInternationalYachtingMedia"]},{"@type":"Person","@id":"https:\/\/www.yachtingnews.com\/pt-br\/#\/schema\/person\/f82bb28662e582bd09ecf64c2723e34e","name":"Luca D'Ambrosio","image":{"@type":"ImageObject","inLanguage":"pt-BR","@id":"https:\/\/www.yachtingnews.com\/wp-content\/litespeed\/avatar\/bba22fc791b72395e4e185526136613b.jpg?ver=1787585046","url":"https:\/\/www.yachtingnews.com\/wp-content\/litespeed\/avatar\/bba22fc791b72395e4e185526136613b.jpg?ver=1787585046","contentUrl":"https:\/\/www.yachtingnews.com\/wp-content\/litespeed\/avatar\/bba22fc791b72395e4e185526136613b.jpg?ver=1787585046","caption":"Luca D'Ambrosio"},"description":"Editor-in-chief, boat tester and journalist. Luca began sailing at an early age with his father then as an adult discovered sailing regattas and offshore racing. He has been working in publishing for more than 30 years and continues to sail incessantly, especially aboard the editorial staff's boat, an old lady of the seas that he has completely rebuilt and which serves excellently as a \"mobile laboratory\" for The International Yachting Media.","url":"https:\/\/www.yachtingnews.com\/pt-br\/author\/luca-dambrosio\/"}]}},"_links":{"self":[{"href":"https:\/\/www.yachtingnews.com\/pt-br\/wp-json\/wp\/v2\/posts\/109979","targetHints":{"allow":["GET"]}}],"collection":[{"href":"https:\/\/www.yachtingnews.com\/pt-br\/wp-json\/wp\/v2\/posts"}],"about":[{"href":"https:\/\/www.yachtingnews.com\/pt-br\/wp-json\/wp\/v2\/types\/post"}],"author":[{"embeddable":true,"href":"https:\/\/www.yachtingnews.com\/pt-br\/wp-json\/wp\/v2\/users\/10"}],"replies":[{"embeddable":true,"href":"https:\/\/www.yachtingnews.com\/pt-br\/wp-json\/wp\/v2\/comments?post=109979"}],"version-history":[{"count":0,"href":"https:\/\/www.yachtingnews.com\/pt-br\/wp-json\/wp\/v2\/posts\/109979\/revisions"}],"wp:featuredmedia":[{"embeddable":true,"href":"https:\/\/www.yachtingnews.com\/pt-br\/wp-json\/wp\/v2\/media\/109964"}],"wp:attachment":[{"href":"https:\/\/www.yachtingnews.com\/pt-br\/wp-json\/wp\/v2\/media?parent=109979"}],"wp:term":[{"taxonomy":"category","embeddable":true,"href":"https:\/\/www.yachtingnews.com\/pt-br\/wp-json\/wp\/v2\/categories?post=109979"},{"taxonomy":"post_tag","embeddable":true,"href":"https:\/\/www.yachtingnews.com\/pt-br\/wp-json\/wp\/v2\/tags?post=109979"}],"curies":[{"name":"wp","href":"https:\/\/api.w.org\/{rel}","templated":true}]}}