{"id":132107,"date":"2024-06-11T06:47:23","date_gmt":"2024-06-11T05:47:23","guid":{"rendered":"https:\/\/yachtingnews.com\/cannes-yachting-festival-2024\/"},"modified":"2024-06-13T13:02:19","modified_gmt":"2024-06-13T12:02:19","slug":"cannes-yachting-festival-2024","status":"publish","type":"post","link":"https:\/\/www.yachtingnews.com\/pt-br\/cannes-yachting-festival-2024\/","title":{"rendered":"Cannes Yachting Festival, de 10 a 15 de setembro, no cora\u00e7\u00e3o da Riviera Francesa"},"content":{"rendered":"\t\t<div data-elementor-type=\"wp-post\" data-elementor-id=\"132107\" class=\"elementor elementor-132107 elementor-131810\" data-elementor-post-type=\"post\">\n\t\t\t\t\t\t<section class=\"elementor-section elementor-top-section elementor-element elementor-element-22429df4 elementor-section-boxed elementor-section-height-default elementor-section-height-default\" data-id=\"22429df4\" data-element_type=\"section\" data-e-type=\"section\">\n\t\t\t\t\t\t<div class=\"elementor-container elementor-column-gap-default\">\n\t\t\t\t\t<div class=\"elementor-column elementor-col-100 elementor-top-column elementor-element elementor-element-1181ac05\" data-id=\"1181ac05\" data-element_type=\"column\" data-e-type=\"column\">\n\t\t\t<div class=\"elementor-widget-wrap elementor-element-populated\">\n\t\t\t\t\t\t<div class=\"elementor-element elementor-element-7d75c28 elementor-widget elementor-widget-text-editor\" data-id=\"7d75c28\" data-element_type=\"widget\" data-e-type=\"widget\" data-widget_type=\"text-editor.default\">\n\t\t\t\t<div class=\"elementor-widget-container\">\n\t\t\t\t\t\t\t\t\t<p><strong><span lang=\"en-US\">O evento de abertura da temporada n\u00e1utica, o Cannes Yachting Festival, ser\u00e1 realizado de 10 a 15 de setembro ao longo da Croisette, no cora\u00e7\u00e3o da Riviera Francesa. The International Yachting Media e o Cannes Yachting Festival est\u00e3o renovando sua parceria este ano.  <\/span><\/strong><\/p>\n<p><span lang=\"en-US\">Com suas seis publica\u00e7\u00f5es digitais, The International Yachting Media divulga informa\u00e7\u00f5es sobre iatismo em todo o mundo em <\/span><span lang=\"en-US\">sete idiomas<\/span><span lang=\"en-US\"> e cobrir\u00e1 o Cannes Yachting Festival 2024 para destacar as \u00faltimas not\u00edcias, estreias mundiais, testes de mar e muito mais, garantindo a m\u00e1xima exposi\u00e7\u00e3o na m\u00eddia para os estaleiros. <\/span> <\/p>\n<p><img decoding=\"async\" class=\"aligncenter wp-image-131833 size-full\" title=\"Aplicativo de not\u00edcias sobre barcos\" src=\"https:\/\/yachtingnews.com\/wp-content\/uploads\/2024\/06\/Boating-News-App-1-768x417-1.jpg\" alt=\"Aplicativo de not\u00edcias sobre barcos\" width=\"768\" height=\"417\" srcset=\"https:\/\/www.yachtingnews.com\/wp-content\/uploads\/2024\/06\/Boating-News-App-1-768x417-1.jpg 768w, https:\/\/www.yachtingnews.com\/wp-content\/uploads\/2024\/06\/Boating-News-App-1-768x417-1-300x163.jpg 300w\" sizes=\"(max-width: 768px) 100vw, 768px\" \/><\/p>\n<p><span lang=\"en-US\">Do Vieux Port ao Port Canto, 600 expositores de todo o mundo exibir\u00e3o cerca de 700 barcos de 5 a 50 metros, incluindo veleiros, lanchas, monocascos, multicascos, barcos r\u00edgidos e semirr\u00edgidos, novos e usados, al\u00e9m de centenas de equipamentos de \u00faltima gera\u00e7\u00e3o.  <\/span><\/p>\n<p><span lang=\"en-US\">Para atenuar o impacto de obras significativas de moderniza\u00e7\u00e3o e transforma\u00e7\u00e3o no<\/span><a href=\"https:\/\/yachtingnews.com\/pt-br\/vieux-port-cannes-yachting-festival\/\"> Vieux Port<\/a><span lang=\"en-US\">que come\u00e7aram este ano e continuar\u00e3o at\u00e9 2026, os organizadores do festival planejaram v\u00e1rios novos recursos, incluindo a cria\u00e7\u00e3o de uma nova marina dedicada a novos barcos a motor a partir de 8 metros. <\/span> <\/p>\n<p><span lang=\"en-US\">A nova marina \u00e9 um projeto ambicioso, com um espa\u00e7o vasto e rico em conte\u00fado: ela se estende por mais de 1.700 m\u00b2 e oferece mais de 300 metros de cais linear, o que permite receber 170 barcos, incluindo 150 na \u00e1gua e cerca de 20 em terra, com cascos r\u00edgidos ou semirr\u00edgidos. Al\u00e9m dos barcos, uma sele\u00e7\u00e3o de motores de popa ser\u00e1 exibida em terra ao lado da entrada dessa \u00e1rea.  <\/span><\/p>\n<p><span lang=\"en-US\">Este ano, pela primeira vez, os visitantes poder\u00e3o fazer um passeio completo pelo Porto Canto (um circuito de aproximadamente 2,5 km) para descobrir cerca de 340 barcos (120 barcos novos com mais de 10 metros, 170 barcos a motor a partir de 8 metros e cerca de 50 grandes iates usados a partir de 24 metros) e v\u00e1rios fornecedores e empresas de servi\u00e7os.  <\/span><\/p>\n\t\t\t\t\t\t\t\t<\/div>\n\t\t\t\t<\/div>\n\t\t\t\t\t<\/div>\n\t\t<\/div>\n\t\t\t\t\t<\/div>\n\t\t<\/section>\n\t\t\t\t<section class=\"elementor-section elementor-top-section elementor-element elementor-element-0766c43 elementor-section-boxed elementor-section-height-default elementor-section-height-default\" data-id=\"0766c43\" data-element_type=\"section\" data-e-type=\"section\">\n\t\t\t\t\t\t<div class=\"elementor-container elementor-column-gap-default\">\n\t\t\t\t\t<div class=\"elementor-column elementor-col-100 elementor-top-column elementor-element elementor-element-ea8c838\" data-id=\"ea8c838\" data-element_type=\"column\" data-e-type=\"column\">\n\t\t\t<div class=\"elementor-widget-wrap elementor-element-populated\">\n\t\t\t\t\t\t<div class=\"elementor-element elementor-element-0c0f6aa elementor-widget elementor-widget-video\" data-id=\"0c0f6aa\" data-element_type=\"widget\" data-e-type=\"widget\" data-settings=\"{&quot;youtube_url&quot;:&quot;https:\\\/\\\/youtu.be\\\/RhUkvX22rBE&quot;,&quot;video_type&quot;:&quot;youtube&quot;,&quot;controls&quot;:&quot;yes&quot;}\" data-widget_type=\"video.default\">\n\t\t\t\t<div class=\"elementor-widget-container\">\n\t\t\t\t\t\t\t<div class=\"elementor-wrapper elementor-open-inline\">\n\t\t\t<div class=\"elementor-video\"><\/div>\t\t<\/div>\n\t\t\t\t\t\t<\/div>\n\t\t\t\t<\/div>\n\t\t\t\t\t<\/div>\n\t\t<\/div>\n\t\t\t\t\t<\/div>\n\t\t<\/section>\n\t\t\t\t<section class=\"elementor-section elementor-top-section elementor-element elementor-element-d9f6933 elementor-section-boxed elementor-section-height-default elementor-section-height-default\" data-id=\"d9f6933\" data-element_type=\"section\" data-e-type=\"section\">\n\t\t\t\t\t\t<div class=\"elementor-container elementor-column-gap-default\">\n\t\t\t\t\t<div class=\"elementor-column elementor-col-100 elementor-top-column elementor-element elementor-element-563f197\" data-id=\"563f197\" data-element_type=\"column\" data-e-type=\"column\">\n\t\t\t<div class=\"elementor-widget-wrap elementor-element-populated\">\n\t\t\t\t\t\t<div class=\"elementor-element elementor-element-70932d5 elementor-widget elementor-widget-text-editor\" data-id=\"70932d5\" data-element_type=\"widget\" data-e-type=\"widget\" data-widget_type=\"text-editor.default\">\n\t\t\t\t<div class=\"elementor-widget-container\">\n\t\t\t\t\t\t\t\t\t<p><span lang=\"en-US\">O Cannes Yachting Festival \u00e9 realizado todo m\u00eas de setembro desde 1977 na cintilante ba\u00eda de Cannes, em um ambiente luxuoso e elegante. Como o primeiro  <\/span><a href=\"https:\/\/www.cannesyachtingfestival.com\/en-gb.html\">feira n\u00e1utica <\/a><span lang=\"en-US\">No in\u00edcio da temporada n\u00e1utica, o Cannes Yachting Festival \u00e9 o evento aqu\u00e1tico mais importante da Europa. Ela re\u00fane os principais participantes do setor n\u00e1utico, que apresentam seus in\u00fameros produtos novos em pr\u00e9-estreia.  <\/span><\/p>\n\t\t\t\t\t\t\t\t<\/div>\n\t\t\t\t<\/div>\n\t\t\t\t\t<\/div>\n\t\t<\/div>\n\t\t\t\t\t<\/div>\n\t\t<\/section>\n\t\t\t\t<section class=\"elementor-section elementor-top-section elementor-element elementor-element-7f49381 elementor-section-boxed elementor-section-height-default elementor-section-height-default\" data-id=\"7f49381\" data-element_type=\"section\" data-e-type=\"section\">\n\t\t\t\t\t\t<div class=\"elementor-container elementor-column-gap-default\">\n\t\t\t\t\t<div class=\"elementor-column elementor-col-100 elementor-top-column elementor-element elementor-element-d5ea815\" data-id=\"d5ea815\" data-element_type=\"column\" data-e-type=\"column\">\n\t\t\t<div class=\"elementor-widget-wrap elementor-element-populated\">\n\t\t\t\t\t\t<div class=\"elementor-element elementor-element-8b0b7d2 uael-img-carousel-arrow-inside uael-ins-normal elementor-widget elementor-widget-uael-image-gallery\" data-id=\"8b0b7d2\" data-element_type=\"widget\" data-e-type=\"widget\" data-settings=\"{&quot;slides_to_show&quot;:1,&quot;slides_to_show_tablet&quot;:1,&quot;slides_to_scroll&quot;:1,&quot;slides_to_scroll_tablet&quot;:1,&quot;slides_to_scroll_mobile&quot;:1,&quot;column_gap&quot;:{&quot;unit&quot;:&quot;px&quot;,&quot;size&quot;:20,&quot;sizes&quot;:[]},&quot;column_gap_tablet&quot;:{&quot;unit&quot;:&quot;px&quot;,&quot;size&quot;:&quot;&quot;,&quot;sizes&quot;:[]},&quot;column_gap_mobile&quot;:{&quot;unit&quot;:&quot;px&quot;,&quot;size&quot;:&quot;&quot;,&quot;sizes&quot;:[]}}\" data-widget_type=\"uael-image-gallery.default\">\n\t\t\t\t<div class=\"elementor-widget-container\">\n\t\t\t\t\t<div class=\"uael-gallery-parent uael-caption- uael-gallery-unjustified\"><div data-image_carousel=\"{&quot;slidesToShow&quot;:1,&quot;slidesToScroll&quot;:1,&quot;autoplaySpeed&quot;:5000,&quot;autoplay&quot;:false,&quot;infinite&quot;:true,&quot;pauseOnHover&quot;:true,&quot;speed&quot;:500,&quot;arrows&quot;:true,&quot;dots&quot;:false,&quot;rtl&quot;:false,&quot;responsive&quot;:[{&quot;breakpoint&quot;:1024,&quot;settings&quot;:{&quot;slidesToShow&quot;:1,&quot;slidesToScroll&quot;:1}}]}\" class=\"uael-img-gallery-wrap uael-img-carousel-wrap uael-nav-arrows\" data-filter-default=\"Todos\"><div class=\"uael-grid-item  uael-img-gallery-item-1\"><div class=\"uael-grid-item-content\"><figure class=\"uael-grid-img uael-grid-gallery-img uael-ins-hover elementor-clickable\"><div class=\"uael-grid-img-thumbnail uael-ins-target\"><img decoding=\"async\" width=\"1600\" height=\"900\" src=\"https:\/\/www.yachtingnews.com\/wp-content\/uploads\/2024\/06\/CANNES-ARTICOLO-IMMAGINE-1.jpg\" class=\"attachment-full size-full wp-image-131828\" alt=\"Cannes Yachting Festival yachts on display\" srcset=\"https:\/\/www.yachtingnews.com\/wp-content\/uploads\/2024\/06\/CANNES-ARTICOLO-IMMAGINE-1.jpg 1600w, https:\/\/www.yachtingnews.com\/wp-content\/uploads\/2024\/06\/CANNES-ARTICOLO-IMMAGINE-1-300x169.jpg 300w, https:\/\/www.yachtingnews.com\/wp-content\/uploads\/2024\/06\/CANNES-ARTICOLO-IMMAGINE-1-768x432.jpg 768w, https:\/\/www.yachtingnews.com\/wp-content\/uploads\/2024\/06\/CANNES-ARTICOLO-IMMAGINE-1-1536x864.jpg 1536w\" sizes=\"(max-width: 1600px) 100vw, 1600px\" \/><\/div><div class=\"uael-grid-img-overlay\"><\/div><\/figure><\/div><\/div><div class=\"uael-grid-item  uael-img-gallery-item-2\"><div class=\"uael-grid-item-content\"><figure class=\"uael-grid-img uael-grid-gallery-img uael-ins-hover elementor-clickable\"><div class=\"uael-grid-img-thumbnail uael-ins-target\"><img decoding=\"async\" width=\"1600\" height=\"900\" src=\"https:\/\/www.yachtingnews.com\/wp-content\/uploads\/2024\/06\/CANNES-ARTICOLO-IMMAGINE-2.jpg\" class=\"attachment-full size-full wp-image-131824\" alt=\"Croisette\" srcset=\"https:\/\/www.yachtingnews.com\/wp-content\/uploads\/2024\/06\/CANNES-ARTICOLO-IMMAGINE-2.jpg 1600w, https:\/\/www.yachtingnews.com\/wp-content\/uploads\/2024\/06\/CANNES-ARTICOLO-IMMAGINE-2-300x169.jpg 300w, https:\/\/www.yachtingnews.com\/wp-content\/uploads\/2024\/06\/CANNES-ARTICOLO-IMMAGINE-2-768x432.jpg 768w, https:\/\/www.yachtingnews.com\/wp-content\/uploads\/2024\/06\/CANNES-ARTICOLO-IMMAGINE-2-1536x864.jpg 1536w\" sizes=\"(max-width: 1600px) 100vw, 1600px\" \/><\/div><div class=\"uael-grid-img-overlay\"><\/div><\/figure><\/div><\/div><div class=\"uael-grid-item  uael-img-gallery-item-3\"><div class=\"uael-grid-item-content\"><figure class=\"uael-grid-img uael-grid-gallery-img uael-ins-hover elementor-clickable\"><div class=\"uael-grid-img-thumbnail uael-ins-target\"><img decoding=\"async\" width=\"1600\" height=\"900\" src=\"https:\/\/www.yachtingnews.com\/wp-content\/uploads\/2024\/06\/CANNES-ARTICOLO-IMMAGINE-4.1.jpg\" class=\"attachment-full size-full wp-image-131820\" alt=\"Cannes Yachting Festival yachts\" srcset=\"https:\/\/www.yachtingnews.com\/wp-content\/uploads\/2024\/06\/CANNES-ARTICOLO-IMMAGINE-4.1.jpg 1600w, https:\/\/www.yachtingnews.com\/wp-content\/uploads\/2024\/06\/CANNES-ARTICOLO-IMMAGINE-4.1-300x169.jpg 300w, https:\/\/www.yachtingnews.com\/wp-content\/uploads\/2024\/06\/CANNES-ARTICOLO-IMMAGINE-4.1-768x432.jpg 768w, https:\/\/www.yachtingnews.com\/wp-content\/uploads\/2024\/06\/CANNES-ARTICOLO-IMMAGINE-4.1-1536x864.jpg 1536w\" sizes=\"(max-width: 1600px) 100vw, 1600px\" \/><\/div><div class=\"uael-grid-img-overlay\"><\/div><\/figure><\/div><\/div><\/div><\/div>\t\t\t\t<\/div>\n\t\t\t\t<\/div>\n\t\t\t\t\t<\/div>\n\t\t<\/div>\n\t\t\t\t\t<\/div>\n\t\t<\/section>\n\t\t\t\t<\/div>\n\t\t","protected":false},"excerpt":{"rendered":"<p>O evento de abertura da temporada n\u00e1utica, o Cannes Yachting Festival, ser\u00e1 realizado de 10 a 15 de setembro ao longo da Croisette, no cora\u00e7\u00e3o da Riviera Francesa. The International Yachting Media e o Cannes Yachting Festival est\u00e3o renovando sua parceria este ano. Com suas seis publica\u00e7\u00f5es digitais, The International Yachting Media divulga informa\u00e7\u00f5es sobre [&hellip;]<\/p>\n","protected":false},"author":49,"featured_media":131817,"comment_status":"open","ping_status":"open","sticky":false,"template":"","format":"standard","meta":{"_mo_disable_npp":"","footnotes":""},"categories":[1653],"tags":[],"class_list":["post-132107","post","type-post","status-publish","format-standard","has-post-thumbnail","hentry","category-news-pt-br"],"yoast_head":"<!-- This site is optimized with the Yoast SEO plugin v28.3 - https:\/\/yoast.com\/product\/yoast-seo-wordpress\/ -->\n<title>Cannes Yachting Festival ser\u00e1 realizado de 10 a 15 de setembro - Yachting News<\/title>\n<meta name=\"description\" content=\"O evento de abertura da temporada n\u00e1utica, o Cannes Yachting Festival, ser\u00e1 realizado de 10 a 15 de setembro ao longo da Croisette...\" \/>\n<meta name=\"robots\" content=\"index, follow, max-snippet:-1, max-image-preview:large, max-video-preview:-1\" \/>\n<link rel=\"canonical\" href=\"https:\/\/www.yachtingnews.com\/pt-br\/cannes-yachting-festival-2024\/\" \/>\n<meta property=\"og:locale\" content=\"pt_BR\" \/>\n<meta property=\"og:type\" content=\"article\" \/>\n<meta property=\"og:title\" content=\"Cannes Yachting Festival ser\u00e1 realizado de 10 a 15 de setembro - Yachting News\" \/>\n<meta property=\"og:description\" content=\"O evento de abertura da temporada n\u00e1utica, o Cannes Yachting Festival, ser\u00e1 realizado de 10 a 15 de setembro ao longo da Croisette...\" \/>\n<meta property=\"og:url\" content=\"https:\/\/www.yachtingnews.com\/pt-br\/cannes-yachting-festival-2024\/\" \/>\n<meta property=\"og:site_name\" content=\"Yachting News\" \/>\n<meta property=\"article:publisher\" content=\"https:\/\/www.facebook.com\/TheInternationalYachtingMedia\" \/>\n<meta property=\"article:published_time\" content=\"2024-06-11T05:47:23+00:00\" \/>\n<meta property=\"article:modified_time\" content=\"2024-06-13T12:02:19+00:00\" \/>\n<meta property=\"og:image\" content=\"https:\/\/www.yachtingnews.com\/wp-content\/uploads\/2024\/06\/CANNES-ARTICOLO-IMMAGINE-3.jpg\" \/>\n\t<meta property=\"og:image:width\" content=\"1600\" \/>\n\t<meta property=\"og:image:height\" content=\"900\" \/>\n\t<meta property=\"og:image:type\" content=\"image\/jpeg\" \/>\n<meta name=\"author\" content=\"G B\" \/>\n<meta name=\"twitter:card\" content=\"summary_large_image\" \/>\n<meta name=\"twitter:creator\" content=\"@YachtingMedia\" \/>\n<meta name=\"twitter:site\" content=\"@YachtingMedia\" \/>\n<meta name=\"twitter:label1\" content=\"Escrito por\" \/>\n\t<meta name=\"twitter:data1\" content=\"G B\" \/>\n\t<meta name=\"twitter:label2\" content=\"Est. tempo de leitura\" \/>\n\t<meta name=\"twitter:data2\" content=\"2 minutos\" \/>\n<script type=\"application\/ld+json\" class=\"yoast-schema-graph\">{\"@context\":\"https:\\\/\\\/schema.org\",\"@graph\":[{\"@type\":\"Article\",\"@id\":\"https:\\\/\\\/www.yachtingnews.com\\\/pt-br\\\/cannes-yachting-festival-2024\\\/#article\",\"isPartOf\":{\"@id\":\"https:\\\/\\\/www.yachtingnews.com\\\/pt-br\\\/cannes-yachting-festival-2024\\\/\"},\"author\":{\"name\":\"G B\",\"@id\":\"https:\\\/\\\/www.yachtingnews.com\\\/pt-br\\\/#\\\/schema\\\/person\\\/01266b358dce23e5625e854e3f4994ed\"},\"headline\":\"Cannes Yachting Festival, de 10 a 15 de setembro, no cora\u00e7\u00e3o da Riviera Francesa\",\"datePublished\":\"2024-06-11T05:47:23+00:00\",\"dateModified\":\"2024-06-13T12:02:19+00:00\",\"mainEntityOfPage\":{\"@id\":\"https:\\\/\\\/www.yachtingnews.com\\\/pt-br\\\/cannes-yachting-festival-2024\\\/\"},\"wordCount\":407,\"commentCount\":0,\"publisher\":{\"@id\":\"https:\\\/\\\/www.yachtingnews.com\\\/pt-br\\\/#organization\"},\"image\":{\"@id\":\"https:\\\/\\\/www.yachtingnews.com\\\/pt-br\\\/cannes-yachting-festival-2024\\\/#primaryimage\"},\"thumbnailUrl\":\"https:\\\/\\\/www.yachtingnews.com\\\/wp-content\\\/uploads\\\/2024\\\/06\\\/CANNES-ARTICOLO-IMMAGINE-3.jpg\",\"articleSection\":[\"Not\u00edcias\"],\"inLanguage\":\"pt-BR\",\"potentialAction\":[{\"@type\":\"CommentAction\",\"name\":\"Comment\",\"target\":[\"https:\\\/\\\/www.yachtingnews.com\\\/pt-br\\\/cannes-yachting-festival-2024\\\/#respond\"]}]},{\"@type\":\"WebPage\",\"@id\":\"https:\\\/\\\/www.yachtingnews.com\\\/pt-br\\\/cannes-yachting-festival-2024\\\/\",\"url\":\"https:\\\/\\\/www.yachtingnews.com\\\/pt-br\\\/cannes-yachting-festival-2024\\\/\",\"name\":\"Cannes Yachting Festival ser\u00e1 realizado de 10 a 15 de setembro - Yachting News\",\"isPartOf\":{\"@id\":\"https:\\\/\\\/www.yachtingnews.com\\\/pt-br\\\/#website\"},\"primaryImageOfPage\":{\"@id\":\"https:\\\/\\\/www.yachtingnews.com\\\/pt-br\\\/cannes-yachting-festival-2024\\\/#primaryimage\"},\"image\":{\"@id\":\"https:\\\/\\\/www.yachtingnews.com\\\/pt-br\\\/cannes-yachting-festival-2024\\\/#primaryimage\"},\"thumbnailUrl\":\"https:\\\/\\\/www.yachtingnews.com\\\/wp-content\\\/uploads\\\/2024\\\/06\\\/CANNES-ARTICOLO-IMMAGINE-3.jpg\",\"datePublished\":\"2024-06-11T05:47:23+00:00\",\"dateModified\":\"2024-06-13T12:02:19+00:00\",\"description\":\"O evento de abertura da temporada n\u00e1utica, o Cannes Yachting Festival, ser\u00e1 realizado de 10 a 15 de setembro ao longo da Croisette...\",\"breadcrumb\":{\"@id\":\"https:\\\/\\\/www.yachtingnews.com\\\/pt-br\\\/cannes-yachting-festival-2024\\\/#breadcrumb\"},\"inLanguage\":\"pt-BR\",\"potentialAction\":[{\"@type\":\"ReadAction\",\"target\":[\"https:\\\/\\\/www.yachtingnews.com\\\/pt-br\\\/cannes-yachting-festival-2024\\\/\"]}]},{\"@type\":\"ImageObject\",\"inLanguage\":\"pt-BR\",\"@id\":\"https:\\\/\\\/www.yachtingnews.com\\\/pt-br\\\/cannes-yachting-festival-2024\\\/#primaryimage\",\"url\":\"https:\\\/\\\/www.yachtingnews.com\\\/wp-content\\\/uploads\\\/2024\\\/06\\\/CANNES-ARTICOLO-IMMAGINE-3.jpg\",\"contentUrl\":\"https:\\\/\\\/www.yachtingnews.com\\\/wp-content\\\/uploads\\\/2024\\\/06\\\/CANNES-ARTICOLO-IMMAGINE-3.jpg\",\"width\":1600,\"height\":900,\"caption\":\"CANNES YACHTING FESTIVAL 2024\"},{\"@type\":\"BreadcrumbList\",\"@id\":\"https:\\\/\\\/www.yachtingnews.com\\\/pt-br\\\/cannes-yachting-festival-2024\\\/#breadcrumb\",\"itemListElement\":[{\"@type\":\"ListItem\",\"position\":1,\"name\":\"Home\",\"item\":\"https:\\\/\\\/www.yachtingnews.com\\\/pt-br\\\/yachting-news-2\\\/\"},{\"@type\":\"ListItem\",\"position\":2,\"name\":\"Cannes Yachting Festival, de 10 a 15 de setembro, no cora\u00e7\u00e3o da Riviera Francesa\"}]},{\"@type\":\"WebSite\",\"@id\":\"https:\\\/\\\/www.yachtingnews.com\\\/pt-br\\\/#website\",\"url\":\"https:\\\/\\\/www.yachtingnews.com\\\/pt-br\\\/\",\"name\":\"Yachting News\",\"description\":\"The International Yachting Media\",\"publisher\":{\"@id\":\"https:\\\/\\\/www.yachtingnews.com\\\/pt-br\\\/#organization\"},\"potentialAction\":[{\"@type\":\"SearchAction\",\"target\":{\"@type\":\"EntryPoint\",\"urlTemplate\":\"https:\\\/\\\/www.yachtingnews.com\\\/pt-br\\\/?s={search_term_string}\"},\"query-input\":{\"@type\":\"PropertyValueSpecification\",\"valueRequired\":true,\"valueName\":\"search_term_string\"}}],\"inLanguage\":\"pt-BR\"},{\"@type\":\"Organization\",\"@id\":\"https:\\\/\\\/www.yachtingnews.com\\\/pt-br\\\/#organization\",\"name\":\"Yachting News\",\"url\":\"https:\\\/\\\/www.yachtingnews.com\\\/pt-br\\\/\",\"logo\":{\"@type\":\"ImageObject\",\"inLanguage\":\"pt-BR\",\"@id\":\"https:\\\/\\\/www.yachtingnews.com\\\/pt-br\\\/#\\\/schema\\\/logo\\\/image\\\/\",\"url\":\"https:\\\/\\\/www.yachtingnews.com\\\/wp-content\\\/uploads\\\/2023\\\/02\\\/LOGO-Yachting-NEWS-blu-800.png\",\"contentUrl\":\"https:\\\/\\\/www.yachtingnews.com\\\/wp-content\\\/uploads\\\/2023\\\/02\\\/LOGO-Yachting-NEWS-blu-800.png\",\"width\":790,\"height\":99,\"caption\":\"Yachting News\"},\"image\":{\"@id\":\"https:\\\/\\\/www.yachtingnews.com\\\/pt-br\\\/#\\\/schema\\\/logo\\\/image\\\/\"},\"sameAs\":[\"https:\\\/\\\/www.facebook.com\\\/TheInternationalYachtingMedia\",\"https:\\\/\\\/x.com\\\/YachtingMedia\",\"https:\\\/\\\/www.instagram.com\\\/yachting.news\\\/\",\"https:\\\/\\\/www.linkedin.com\\\/company\\\/the-international-yachting-media\",\"https:\\\/\\\/www.youtube.com\\\/c\\\/TheInternationalYachtingMedia\"]},{\"@type\":\"Person\",\"@id\":\"https:\\\/\\\/www.yachtingnews.com\\\/pt-br\\\/#\\\/schema\\\/person\\\/01266b358dce23e5625e854e3f4994ed\",\"name\":\"G B\",\"image\":{\"@type\":\"ImageObject\",\"inLanguage\":\"pt-BR\",\"@id\":\"https:\\\/\\\/www.yachtingnews.com\\\/wp-content\\\/litespeed\\\/avatar\\\/bfc70277f95af142dc3f7ee50cb55448.jpg?ver=1787595771\",\"url\":\"https:\\\/\\\/www.yachtingnews.com\\\/wp-content\\\/litespeed\\\/avatar\\\/bfc70277f95af142dc3f7ee50cb55448.jpg?ver=1787595771\",\"contentUrl\":\"https:\\\/\\\/www.yachtingnews.com\\\/wp-content\\\/litespeed\\\/avatar\\\/bfc70277f95af142dc3f7ee50cb55448.jpg?ver=1787595771\",\"caption\":\"G B\"},\"url\":\"https:\\\/\\\/www.yachtingnews.com\\\/pt-br\\\/author\\\/giorgio\\\/\"}]}<\/script>\n<!-- \/ Yoast SEO plugin. -->","yoast_head_json":{"title":"Cannes Yachting Festival ser\u00e1 realizado de 10 a 15 de setembro - Yachting News","description":"O evento de abertura da temporada n\u00e1utica, o Cannes Yachting Festival, ser\u00e1 realizado de 10 a 15 de setembro ao longo da Croisette...","robots":{"index":"index","follow":"follow","max-snippet":"max-snippet:-1","max-image-preview":"max-image-preview:large","max-video-preview":"max-video-preview:-1"},"canonical":"https:\/\/www.yachtingnews.com\/pt-br\/cannes-yachting-festival-2024\/","og_locale":"pt_BR","og_type":"article","og_title":"Cannes Yachting Festival ser\u00e1 realizado de 10 a 15 de setembro - Yachting News","og_description":"O evento de abertura da temporada n\u00e1utica, o Cannes Yachting Festival, ser\u00e1 realizado de 10 a 15 de setembro ao longo da Croisette...","og_url":"https:\/\/www.yachtingnews.com\/pt-br\/cannes-yachting-festival-2024\/","og_site_name":"Yachting News","article_publisher":"https:\/\/www.facebook.com\/TheInternationalYachtingMedia","article_published_time":"2024-06-11T05:47:23+00:00","article_modified_time":"2024-06-13T12:02:19+00:00","og_image":[{"width":1600,"height":900,"url":"https:\/\/www.yachtingnews.com\/wp-content\/uploads\/2024\/06\/CANNES-ARTICOLO-IMMAGINE-3.jpg","type":"image\/jpeg"}],"author":"G B","twitter_card":"summary_large_image","twitter_creator":"@YachtingMedia","twitter_site":"@YachtingMedia","twitter_misc":{"Escrito por":"G B","Est. tempo de leitura":"2 minutos"},"schema":{"@context":"https:\/\/schema.org","@graph":[{"@type":"Article","@id":"https:\/\/www.yachtingnews.com\/pt-br\/cannes-yachting-festival-2024\/#article","isPartOf":{"@id":"https:\/\/www.yachtingnews.com\/pt-br\/cannes-yachting-festival-2024\/"},"author":{"name":"G B","@id":"https:\/\/www.yachtingnews.com\/pt-br\/#\/schema\/person\/01266b358dce23e5625e854e3f4994ed"},"headline":"Cannes Yachting Festival, de 10 a 15 de setembro, no cora\u00e7\u00e3o da Riviera Francesa","datePublished":"2024-06-11T05:47:23+00:00","dateModified":"2024-06-13T12:02:19+00:00","mainEntityOfPage":{"@id":"https:\/\/www.yachtingnews.com\/pt-br\/cannes-yachting-festival-2024\/"},"wordCount":407,"commentCount":0,"publisher":{"@id":"https:\/\/www.yachtingnews.com\/pt-br\/#organization"},"image":{"@id":"https:\/\/www.yachtingnews.com\/pt-br\/cannes-yachting-festival-2024\/#primaryimage"},"thumbnailUrl":"https:\/\/www.yachtingnews.com\/wp-content\/uploads\/2024\/06\/CANNES-ARTICOLO-IMMAGINE-3.jpg","articleSection":["Not\u00edcias"],"inLanguage":"pt-BR","potentialAction":[{"@type":"CommentAction","name":"Comment","target":["https:\/\/www.yachtingnews.com\/pt-br\/cannes-yachting-festival-2024\/#respond"]}]},{"@type":"WebPage","@id":"https:\/\/www.yachtingnews.com\/pt-br\/cannes-yachting-festival-2024\/","url":"https:\/\/www.yachtingnews.com\/pt-br\/cannes-yachting-festival-2024\/","name":"Cannes Yachting Festival ser\u00e1 realizado de 10 a 15 de setembro - Yachting News","isPartOf":{"@id":"https:\/\/www.yachtingnews.com\/pt-br\/#website"},"primaryImageOfPage":{"@id":"https:\/\/www.yachtingnews.com\/pt-br\/cannes-yachting-festival-2024\/#primaryimage"},"image":{"@id":"https:\/\/www.yachtingnews.com\/pt-br\/cannes-yachting-festival-2024\/#primaryimage"},"thumbnailUrl":"https:\/\/www.yachtingnews.com\/wp-content\/uploads\/2024\/06\/CANNES-ARTICOLO-IMMAGINE-3.jpg","datePublished":"2024-06-11T05:47:23+00:00","dateModified":"2024-06-13T12:02:19+00:00","description":"O evento de abertura da temporada n\u00e1utica, o Cannes Yachting Festival, ser\u00e1 realizado de 10 a 15 de setembro ao longo da Croisette...","breadcrumb":{"@id":"https:\/\/www.yachtingnews.com\/pt-br\/cannes-yachting-festival-2024\/#breadcrumb"},"inLanguage":"pt-BR","potentialAction":[{"@type":"ReadAction","target":["https:\/\/www.yachtingnews.com\/pt-br\/cannes-yachting-festival-2024\/"]}]},{"@type":"ImageObject","inLanguage":"pt-BR","@id":"https:\/\/www.yachtingnews.com\/pt-br\/cannes-yachting-festival-2024\/#primaryimage","url":"https:\/\/www.yachtingnews.com\/wp-content\/uploads\/2024\/06\/CANNES-ARTICOLO-IMMAGINE-3.jpg","contentUrl":"https:\/\/www.yachtingnews.com\/wp-content\/uploads\/2024\/06\/CANNES-ARTICOLO-IMMAGINE-3.jpg","width":1600,"height":900,"caption":"CANNES YACHTING FESTIVAL 2024"},{"@type":"BreadcrumbList","@id":"https:\/\/www.yachtingnews.com\/pt-br\/cannes-yachting-festival-2024\/#breadcrumb","itemListElement":[{"@type":"ListItem","position":1,"name":"Home","item":"https:\/\/www.yachtingnews.com\/pt-br\/yachting-news-2\/"},{"@type":"ListItem","position":2,"name":"Cannes Yachting Festival, de 10 a 15 de setembro, no cora\u00e7\u00e3o da Riviera Francesa"}]},{"@type":"WebSite","@id":"https:\/\/www.yachtingnews.com\/pt-br\/#website","url":"https:\/\/www.yachtingnews.com\/pt-br\/","name":"Yachting News","description":"The International Yachting Media","publisher":{"@id":"https:\/\/www.yachtingnews.com\/pt-br\/#organization"},"potentialAction":[{"@type":"SearchAction","target":{"@type":"EntryPoint","urlTemplate":"https:\/\/www.yachtingnews.com\/pt-br\/?s={search_term_string}"},"query-input":{"@type":"PropertyValueSpecification","valueRequired":true,"valueName":"search_term_string"}}],"inLanguage":"pt-BR"},{"@type":"Organization","@id":"https:\/\/www.yachtingnews.com\/pt-br\/#organization","name":"Yachting News","url":"https:\/\/www.yachtingnews.com\/pt-br\/","logo":{"@type":"ImageObject","inLanguage":"pt-BR","@id":"https:\/\/www.yachtingnews.com\/pt-br\/#\/schema\/logo\/image\/","url":"https:\/\/www.yachtingnews.com\/wp-content\/uploads\/2023\/02\/LOGO-Yachting-NEWS-blu-800.png","contentUrl":"https:\/\/www.yachtingnews.com\/wp-content\/uploads\/2023\/02\/LOGO-Yachting-NEWS-blu-800.png","width":790,"height":99,"caption":"Yachting News"},"image":{"@id":"https:\/\/www.yachtingnews.com\/pt-br\/#\/schema\/logo\/image\/"},"sameAs":["https:\/\/www.facebook.com\/TheInternationalYachtingMedia","https:\/\/x.com\/YachtingMedia","https:\/\/www.instagram.com\/yachting.news\/","https:\/\/www.linkedin.com\/company\/the-international-yachting-media","https:\/\/www.youtube.com\/c\/TheInternationalYachtingMedia"]},{"@type":"Person","@id":"https:\/\/www.yachtingnews.com\/pt-br\/#\/schema\/person\/01266b358dce23e5625e854e3f4994ed","name":"G B","image":{"@type":"ImageObject","inLanguage":"pt-BR","@id":"https:\/\/www.yachtingnews.com\/wp-content\/litespeed\/avatar\/bfc70277f95af142dc3f7ee50cb55448.jpg?ver=1787595771","url":"https:\/\/www.yachtingnews.com\/wp-content\/litespeed\/avatar\/bfc70277f95af142dc3f7ee50cb55448.jpg?ver=1787595771","contentUrl":"https:\/\/www.yachtingnews.com\/wp-content\/litespeed\/avatar\/bfc70277f95af142dc3f7ee50cb55448.jpg?ver=1787595771","caption":"G B"},"url":"https:\/\/www.yachtingnews.com\/pt-br\/author\/giorgio\/"}]}},"_links":{"self":[{"href":"https:\/\/www.yachtingnews.com\/pt-br\/wp-json\/wp\/v2\/posts\/132107","targetHints":{"allow":["GET"]}}],"collection":[{"href":"https:\/\/www.yachtingnews.com\/pt-br\/wp-json\/wp\/v2\/posts"}],"about":[{"href":"https:\/\/www.yachtingnews.com\/pt-br\/wp-json\/wp\/v2\/types\/post"}],"author":[{"embeddable":true,"href":"https:\/\/www.yachtingnews.com\/pt-br\/wp-json\/wp\/v2\/users\/49"}],"replies":[{"embeddable":true,"href":"https:\/\/www.yachtingnews.com\/pt-br\/wp-json\/wp\/v2\/comments?post=132107"}],"version-history":[{"count":0,"href":"https:\/\/www.yachtingnews.com\/pt-br\/wp-json\/wp\/v2\/posts\/132107\/revisions"}],"wp:featuredmedia":[{"embeddable":true,"href":"https:\/\/www.yachtingnews.com\/pt-br\/wp-json\/wp\/v2\/media\/131817"}],"wp:attachment":[{"href":"https:\/\/www.yachtingnews.com\/pt-br\/wp-json\/wp\/v2\/media?parent=132107"}],"wp:term":[{"taxonomy":"category","embeddable":true,"href":"https:\/\/www.yachtingnews.com\/pt-br\/wp-json\/wp\/v2\/categories?post=132107"},{"taxonomy":"post_tag","embeddable":true,"href":"https:\/\/www.yachtingnews.com\/pt-br\/wp-json\/wp\/v2\/tags?post=132107"}],"curies":[{"name":"wp","href":"https:\/\/api.w.org\/{rel}","templated":true}]}}