{"id":132711,"date":"2024-06-29T02:56:00","date_gmt":"2024-06-29T01:56:00","guid":{"rendered":"https:\/\/yachtingnews.com\/?p=132711"},"modified":"2024-06-27T11:25:10","modified_gmt":"2024-06-27T10:25:10","slug":"les-voiles-de-lespoir-uma-regata-para-criancas-menos-afortunadas","status":"publish","type":"post","link":"https:\/\/www.yachtingnews.com\/pt-br\/les-voiles-de-lespoir-uma-regata-para-criancas-menos-afortunadas\/","title":{"rendered":"Les Voiles de l&#8217;Espoir, uma regata para crian\u00e7as menos afortunadas"},"content":{"rendered":"\t\t<div data-elementor-type=\"wp-post\" data-elementor-id=\"132711\" class=\"elementor elementor-132711 elementor-132527\" data-elementor-post-type=\"post\">\n\t\t\t\t\t\t<section class=\"elementor-section elementor-top-section elementor-element elementor-element-564b2a17 elementor-section-boxed elementor-section-height-default elementor-section-height-default\" data-id=\"564b2a17\" data-element_type=\"section\" data-e-type=\"section\">\n\t\t\t\t\t\t<div class=\"elementor-container elementor-column-gap-default\">\n\t\t\t\t\t<div class=\"elementor-column elementor-col-100 elementor-top-column elementor-element elementor-element-7fb18c75\" data-id=\"7fb18c75\" data-element_type=\"column\" data-e-type=\"column\">\n\t\t\t<div class=\"elementor-widget-wrap elementor-element-populated\">\n\t\t\t\t\t\t<div class=\"elementor-element elementor-element-541ce3cb elementor-widget elementor-widget-text-editor\" data-id=\"541ce3cb\" data-element_type=\"widget\" data-e-type=\"widget\" data-widget_type=\"text-editor.default\">\n\t\t\t\t<div class=\"elementor-widget-container\">\n\t\t\t\t\t\t\t\t\t<p><span lang=\"en-US\"><br \/>\n  <b>Les Voiles de l&#8217;Espoir<\/b><br \/>\n<\/span><span lang=\"en-US\">o maior evento n\u00e1utico do mundo para crian\u00e7as em remiss\u00e3o de c\u00e2ncer e leucemia, retorna para sua 12<\/span><sup><br \/>\n  <span lang=\"en-US\">12\u00aa<\/span><br \/>\n<\/sup><span lang=\"en-US\"> edi\u00e7\u00e3o, de 15 a 22 de junho de 2024, e far\u00e1 escala em M\u00f4naco na quarta-feira, dia 19<\/span><sup><br \/>\n  <span lang=\"en-US\">quarta-feira<\/span><br \/>\n<\/sup><span lang=\"en-US\">  Junho. Organizado a cada dois anos desde 2001, esse evento 100% volunt\u00e1rio \u00e9 orquestrado pelo fundo patrimonial &#8216;Les Voiles de l&#8217;Espoir&#8217;. Espera-se que 50 veleiros de cruzeiro se alinhem no in\u00edcio dessa maravilhosa aventura para as crian\u00e7as, que exige pelo menos dois anos de prepara\u00e7\u00e3o do ponto de vista t\u00e9cnico, financeiro e, acima de tudo, humano.<\/span><\/p>\n<p lang=\"en-US\">O objetivo \u00e9 <b>passar uma semana velejando <\/b>com crian\u00e7as de 8 a 14 anos de todo o mundo que est\u00e3o em remiss\u00e3o de c\u00e2ncer ou leucemia. Este ano, crian\u00e7as da Fran\u00e7a, Marrocos, Israel, Luxemburgo, B\u00e9lgica e Su\u00ed\u00e7a participar\u00e3o da iniciativa.<\/p>\n<p lang=\"en-US\"><img decoding=\"async\" class=\"aligncenter wp-image-132533 size-full\" title=\"As vozes do desejo 2022\" src=\"https:\/\/yachtingnews.com\/wp-content\/uploads\/2024\/06\/Les-Voiles-2022-648@Les-Voiles-de-lEspoir-1536x1024-1.webp\" alt=\"As vozes do desejo 2022\" width=\"1536\" height=\"1024\" srcset=\"https:\/\/www.yachtingnews.com\/wp-content\/uploads\/2024\/06\/Les-Voiles-2022-648@Les-Voiles-de-lEspoir-1536x1024-1.webp 1536w, https:\/\/www.yachtingnews.com\/wp-content\/uploads\/2024\/06\/Les-Voiles-2022-648@Les-Voiles-de-lEspoir-1536x1024-1-300x200.webp 300w, https:\/\/www.yachtingnews.com\/wp-content\/uploads\/2024\/06\/Les-Voiles-2022-648@Les-Voiles-de-lEspoir-1536x1024-1-768x512.webp 768w\" sizes=\"(max-width: 1536px) 100vw, 1536px\" \/><\/p>\n<p><span lang=\"en-US\">Voc\u00ea j\u00e1 <\/span><span lang=\"en-US\"><br \/>\n  <b>mais de 1.000 jovens<\/b><br \/>\n<\/span><span lang=\"en-US\">  Voc\u00ea j\u00e1 se beneficiou dessa iniciativa em edi\u00e7\u00f5es anteriores. Essas crian\u00e7as s\u00f3 conhecem a doen\u00e7a, o isolamento, as interna\u00e7\u00f5es hospitalares e a quimioterapia intensiva desde a mais tenra idade. Gra\u00e7as ao Les Voiles de l&#8217;Espoir, eles s\u00e3o retirados de sua situa\u00e7\u00e3o m\u00e9dica e familiar para vivenciar uma aventura inesquec\u00edvel com outras pessoas. Durante a semana, eles redescobrem as alegrias de aprender, trabalhar duro e conviver com outras pessoas. \u00c9 um programa de transforma\u00e7\u00e3o que ajuda cada crian\u00e7a a olhar para frente, para a vida adulta, \u00e0 medida que recupera sua autoconfian\u00e7a, muitas vezes prejudicada pela doen\u00e7a.<\/span><\/p>\n<p lang=\"en-US\">A cada dois anos, &#8220;Les Voiles de l&#8217;Espoir&#8221; segue para um destino diferente. Depois de explorar Languedoc-Roussillon, Normandia, Poitou-Charentes, Bretanha e Champagne-Ardenne, mais recentemente eles optaram por navegar perto das costas do Mediterr\u00e2neo, na <b>C\u00f3rsega<\/b> e na <b>C\u00f4te d&#8217;Azur.<\/b><\/p>\n<p lang=\"en-US\"><img decoding=\"async\" class=\"aligncenter wp-image-132537 size-full\" title=\"Yacht Club de Monaco\" src=\"https:\/\/yachtingnews.com\/wp-content\/uploads\/2024\/06\/Les-Voiles-2022-601-%C2%A9lesvoilesdelespoir-1536x1024-1.webp\" alt=\"Yacht Club de Monaco\" width=\"1536\" height=\"1024\"><\/p>\n<p><span lang=\"en-US\">A edi\u00e7\u00e3o deste ano do Les Voiles de l&#8217;Espoir promete muitos outros momentos inesquec\u00edveis. As seis cidades-sede do programa s\u00e3o Saint-Rapha\u00ebl, Saint-Tropez, Cannes, Villefranche-sur-Mer, M\u00f4naco e Golfe-Juan. Depois de ancorar no  <\/span><a href=\"https:\/\/yachtingnews.com\/?s=yacht+club+de+monaco&amp;lang=en\">Yacht Club de Monaco<\/a><span lang=\"en-US\">  Na Marina, esses corajosos jovens marinheiros assistir\u00e3o \u00e0 troca da guarda na Place du Palais, seguida de um passeio pelo Pal\u00e1cio, antes de tomarem seus lugares em carros pertencentes a membros do comit\u00ea hist\u00f3rico do Automobile Club de Monaco para uma volta no lend\u00e1rio circuito de F1. Por fim, eles ser\u00e3o hospedados por  <\/span><a href=\"https:\/\/yacht-club-monaco.mc\/en\/home\/\">Yacht Club de Monaco<\/a><span lang=\"en-US\"> no final do dia para participar de oficinas de psico-divers\u00e3o antes de uma festa tem\u00e1tica de Pr\u00edncipes e Princesas.<\/span><\/p>\n\t\t\t\t\t\t\t\t<\/div>\n\t\t\t\t<\/div>\n\t\t\t\t\t<\/div>\n\t\t<\/div>\n\t\t\t\t\t<\/div>\n\t\t<\/section>\n\t\t\t\t<\/div>\n\t\t","protected":false},"excerpt":{"rendered":"<p>Les Voiles de l&#8217;Espoir o maior evento n\u00e1utico do mundo para crian\u00e7as em remiss\u00e3o de c\u00e2ncer e leucemia, retorna para sua 12 12\u00aa edi\u00e7\u00e3o, de 15 a 22 de junho de 2024, e far\u00e1 escala em M\u00f4naco na quarta-feira, dia 19 quarta-feira Junho. Organizado a cada dois anos desde 2001, esse evento 100% volunt\u00e1rio \u00e9 [&hellip;]<\/p>\n","protected":false},"author":45,"featured_media":132530,"comment_status":"open","ping_status":"open","sticky":false,"template":"","format":"standard","meta":{"_mo_disable_npp":"","footnotes":""},"categories":[1653],"tags":[1986],"class_list":["post-132711","post","type-post","status-publish","format-standard","has-post-thumbnail","hentry","category-news-pt-br","tag-yacht-club-de-monaco-pt-br"],"yoast_head":"<!-- This site is optimized with the Yoast SEO plugin v28.3 - https:\/\/yoast.com\/product\/yoast-seo-wordpress\/ -->\n<title>Les Voiles de l&#039;Espoir, uma regata para crian\u00e7as menos afortunadas - Yachting News<\/title>\n<meta name=\"description\" content=\"Les Voiles de l&#039;Espoir, o maior evento n\u00e1utico do mundo para crian\u00e7as em remiss\u00e3o de c\u00e2ncer e leucemia, retorna para sua 12\u00aa edi\u00e7\u00e3o\" \/>\n<meta name=\"robots\" content=\"index, follow, max-snippet:-1, max-image-preview:large, max-video-preview:-1\" \/>\n<link rel=\"canonical\" href=\"https:\/\/www.yachtingnews.com\/pt-br\/les-voiles-de-lespoir-uma-regata-para-criancas-menos-afortunadas\/\" \/>\n<meta property=\"og:locale\" content=\"pt_BR\" \/>\n<meta property=\"og:type\" content=\"article\" \/>\n<meta property=\"og:title\" content=\"Les Voiles de l&#039;Espoir, uma regata para crian\u00e7as menos afortunadas - Yachting News\" \/>\n<meta property=\"og:description\" content=\"Les Voiles de l&#039;Espoir, o maior evento n\u00e1utico do mundo para crian\u00e7as em remiss\u00e3o de c\u00e2ncer e leucemia, retorna para sua 12\u00aa edi\u00e7\u00e3o\" \/>\n<meta property=\"og:url\" content=\"https:\/\/www.yachtingnews.com\/pt-br\/les-voiles-de-lespoir-uma-regata-para-criancas-menos-afortunadas\/\" \/>\n<meta property=\"og:site_name\" content=\"Yachting News\" \/>\n<meta property=\"article:publisher\" content=\"https:\/\/www.facebook.com\/TheInternationalYachtingMedia\" \/>\n<meta property=\"article:published_time\" content=\"2024-06-29T01:56:00+00:00\" \/>\n<meta property=\"og:image\" content=\"https:\/\/www.yachtingnews.com\/wp-content\/uploads\/2024\/06\/Les-Voiles-de-lEspoir.webp\" \/>\n\t<meta property=\"og:image:width\" content=\"1600\" \/>\n\t<meta property=\"og:image:height\" content=\"900\" \/>\n\t<meta property=\"og:image:type\" content=\"image\/webp\" \/>\n<meta name=\"author\" content=\"Alessandro Giuzio\" \/>\n<meta name=\"twitter:card\" content=\"summary_large_image\" \/>\n<meta name=\"twitter:creator\" content=\"@YachtingMedia\" \/>\n<meta name=\"twitter:site\" content=\"@YachtingMedia\" \/>\n<meta name=\"twitter:label1\" content=\"Escrito por\" \/>\n\t<meta name=\"twitter:data1\" content=\"Alessandro Giuzio\" \/>\n\t<meta name=\"twitter:label2\" content=\"Est. tempo de leitura\" \/>\n\t<meta name=\"twitter:data2\" content=\"2 minutos\" \/>\n<script type=\"application\/ld+json\" class=\"yoast-schema-graph\">{\"@context\":\"https:\\\/\\\/schema.org\",\"@graph\":[{\"@type\":\"Article\",\"@id\":\"https:\\\/\\\/www.yachtingnews.com\\\/pt-br\\\/les-voiles-de-lespoir-uma-regata-para-criancas-menos-afortunadas\\\/#article\",\"isPartOf\":{\"@id\":\"https:\\\/\\\/www.yachtingnews.com\\\/pt-br\\\/les-voiles-de-lespoir-uma-regata-para-criancas-menos-afortunadas\\\/\"},\"author\":{\"name\":\"Alessandro Giuzio\",\"@id\":\"https:\\\/\\\/www.yachtingnews.com\\\/pt-br\\\/#\\\/schema\\\/person\\\/d2e99eb1c7ce9e28a78d15e3d5d68eb3\"},\"headline\":\"Les Voiles de l&#8217;Espoir, uma regata para crian\u00e7as menos afortunadas\",\"datePublished\":\"2024-06-29T01:56:00+00:00\",\"mainEntityOfPage\":{\"@id\":\"https:\\\/\\\/www.yachtingnews.com\\\/pt-br\\\/les-voiles-de-lespoir-uma-regata-para-criancas-menos-afortunadas\\\/\"},\"wordCount\":440,\"commentCount\":0,\"publisher\":{\"@id\":\"https:\\\/\\\/www.yachtingnews.com\\\/pt-br\\\/#organization\"},\"image\":{\"@id\":\"https:\\\/\\\/www.yachtingnews.com\\\/pt-br\\\/les-voiles-de-lespoir-uma-regata-para-criancas-menos-afortunadas\\\/#primaryimage\"},\"thumbnailUrl\":\"https:\\\/\\\/www.yachtingnews.com\\\/wp-content\\\/uploads\\\/2024\\\/06\\\/Les-Voiles-de-lEspoir.webp\",\"keywords\":[\"Yacht Club de Monaco\"],\"articleSection\":[\"Not\u00edcias\"],\"inLanguage\":\"pt-BR\",\"potentialAction\":[{\"@type\":\"CommentAction\",\"name\":\"Comment\",\"target\":[\"https:\\\/\\\/www.yachtingnews.com\\\/pt-br\\\/les-voiles-de-lespoir-uma-regata-para-criancas-menos-afortunadas\\\/#respond\"]}]},{\"@type\":\"WebPage\",\"@id\":\"https:\\\/\\\/www.yachtingnews.com\\\/pt-br\\\/les-voiles-de-lespoir-uma-regata-para-criancas-menos-afortunadas\\\/\",\"url\":\"https:\\\/\\\/www.yachtingnews.com\\\/pt-br\\\/les-voiles-de-lespoir-uma-regata-para-criancas-menos-afortunadas\\\/\",\"name\":\"Les Voiles de l'Espoir, uma regata para crian\u00e7as menos afortunadas - Yachting News\",\"isPartOf\":{\"@id\":\"https:\\\/\\\/www.yachtingnews.com\\\/pt-br\\\/#website\"},\"primaryImageOfPage\":{\"@id\":\"https:\\\/\\\/www.yachtingnews.com\\\/pt-br\\\/les-voiles-de-lespoir-uma-regata-para-criancas-menos-afortunadas\\\/#primaryimage\"},\"image\":{\"@id\":\"https:\\\/\\\/www.yachtingnews.com\\\/pt-br\\\/les-voiles-de-lespoir-uma-regata-para-criancas-menos-afortunadas\\\/#primaryimage\"},\"thumbnailUrl\":\"https:\\\/\\\/www.yachtingnews.com\\\/wp-content\\\/uploads\\\/2024\\\/06\\\/Les-Voiles-de-lEspoir.webp\",\"datePublished\":\"2024-06-29T01:56:00+00:00\",\"description\":\"Les Voiles de l'Espoir, o maior evento n\u00e1utico do mundo para crian\u00e7as em remiss\u00e3o de c\u00e2ncer e leucemia, retorna para sua 12\u00aa edi\u00e7\u00e3o\",\"breadcrumb\":{\"@id\":\"https:\\\/\\\/www.yachtingnews.com\\\/pt-br\\\/les-voiles-de-lespoir-uma-regata-para-criancas-menos-afortunadas\\\/#breadcrumb\"},\"inLanguage\":\"pt-BR\",\"potentialAction\":[{\"@type\":\"ReadAction\",\"target\":[\"https:\\\/\\\/www.yachtingnews.com\\\/pt-br\\\/les-voiles-de-lespoir-uma-regata-para-criancas-menos-afortunadas\\\/\"]}]},{\"@type\":\"ImageObject\",\"inLanguage\":\"pt-BR\",\"@id\":\"https:\\\/\\\/www.yachtingnews.com\\\/pt-br\\\/les-voiles-de-lespoir-uma-regata-para-criancas-menos-afortunadas\\\/#primaryimage\",\"url\":\"https:\\\/\\\/www.yachtingnews.com\\\/wp-content\\\/uploads\\\/2024\\\/06\\\/Les-Voiles-de-lEspoir.webp\",\"contentUrl\":\"https:\\\/\\\/www.yachtingnews.com\\\/wp-content\\\/uploads\\\/2024\\\/06\\\/Les-Voiles-de-lEspoir.webp\",\"width\":1600,\"height\":900,\"caption\":\"Les-Voiles-de-Espoir\"},{\"@type\":\"BreadcrumbList\",\"@id\":\"https:\\\/\\\/www.yachtingnews.com\\\/pt-br\\\/les-voiles-de-lespoir-uma-regata-para-criancas-menos-afortunadas\\\/#breadcrumb\",\"itemListElement\":[{\"@type\":\"ListItem\",\"position\":1,\"name\":\"Home\",\"item\":\"https:\\\/\\\/www.yachtingnews.com\\\/pt-br\\\/yachting-news-2\\\/\"},{\"@type\":\"ListItem\",\"position\":2,\"name\":\"Les Voiles de l&#8217;Espoir, uma regata para crian\u00e7as menos afortunadas\"}]},{\"@type\":\"WebSite\",\"@id\":\"https:\\\/\\\/www.yachtingnews.com\\\/pt-br\\\/#website\",\"url\":\"https:\\\/\\\/www.yachtingnews.com\\\/pt-br\\\/\",\"name\":\"Yachting News\",\"description\":\"The International Yachting Media\",\"publisher\":{\"@id\":\"https:\\\/\\\/www.yachtingnews.com\\\/pt-br\\\/#organization\"},\"potentialAction\":[{\"@type\":\"SearchAction\",\"target\":{\"@type\":\"EntryPoint\",\"urlTemplate\":\"https:\\\/\\\/www.yachtingnews.com\\\/pt-br\\\/?s={search_term_string}\"},\"query-input\":{\"@type\":\"PropertyValueSpecification\",\"valueRequired\":true,\"valueName\":\"search_term_string\"}}],\"inLanguage\":\"pt-BR\"},{\"@type\":\"Organization\",\"@id\":\"https:\\\/\\\/www.yachtingnews.com\\\/pt-br\\\/#organization\",\"name\":\"Yachting News\",\"url\":\"https:\\\/\\\/www.yachtingnews.com\\\/pt-br\\\/\",\"logo\":{\"@type\":\"ImageObject\",\"inLanguage\":\"pt-BR\",\"@id\":\"https:\\\/\\\/www.yachtingnews.com\\\/pt-br\\\/#\\\/schema\\\/logo\\\/image\\\/\",\"url\":\"https:\\\/\\\/www.yachtingnews.com\\\/wp-content\\\/uploads\\\/2023\\\/02\\\/LOGO-Yachting-NEWS-blu-800.png\",\"contentUrl\":\"https:\\\/\\\/www.yachtingnews.com\\\/wp-content\\\/uploads\\\/2023\\\/02\\\/LOGO-Yachting-NEWS-blu-800.png\",\"width\":790,\"height\":99,\"caption\":\"Yachting News\"},\"image\":{\"@id\":\"https:\\\/\\\/www.yachtingnews.com\\\/pt-br\\\/#\\\/schema\\\/logo\\\/image\\\/\"},\"sameAs\":[\"https:\\\/\\\/www.facebook.com\\\/TheInternationalYachtingMedia\",\"https:\\\/\\\/x.com\\\/YachtingMedia\",\"https:\\\/\\\/www.instagram.com\\\/yachting.news\\\/\",\"https:\\\/\\\/www.linkedin.com\\\/company\\\/the-international-yachting-media\",\"https:\\\/\\\/www.youtube.com\\\/c\\\/TheInternationalYachtingMedia\"]},{\"@type\":\"Person\",\"@id\":\"https:\\\/\\\/www.yachtingnews.com\\\/pt-br\\\/#\\\/schema\\\/person\\\/d2e99eb1c7ce9e28a78d15e3d5d68eb3\",\"name\":\"Alessandro Giuzio\",\"image\":{\"@type\":\"ImageObject\",\"inLanguage\":\"pt-BR\",\"@id\":\"https:\\\/\\\/www.yachtingnews.com\\\/wp-content\\\/litespeed\\\/avatar\\\/a99e5f8da4fc551fb53eb9f1fec61fb4.jpg?ver=1787585046\",\"url\":\"https:\\\/\\\/www.yachtingnews.com\\\/wp-content\\\/litespeed\\\/avatar\\\/a99e5f8da4fc551fb53eb9f1fec61fb4.jpg?ver=1787585046\",\"contentUrl\":\"https:\\\/\\\/www.yachtingnews.com\\\/wp-content\\\/litespeed\\\/avatar\\\/a99e5f8da4fc551fb53eb9f1fec61fb4.jpg?ver=1787585046\",\"caption\":\"Alessandro Giuzio\"},\"description\":\"Alessandro is a professional journalist and contributes to The International Yachting Media since 2022. He is an expert on the sea and of course on boats.\",\"url\":\"https:\\\/\\\/www.yachtingnews.com\\\/pt-br\\\/author\\\/alexgiuzio\\\/\"}]}<\/script>\n<!-- \/ Yoast SEO plugin. -->","yoast_head_json":{"title":"Les Voiles de l'Espoir, uma regata para crian\u00e7as menos afortunadas - Yachting News","description":"Les Voiles de l'Espoir, o maior evento n\u00e1utico do mundo para crian\u00e7as em remiss\u00e3o de c\u00e2ncer e leucemia, retorna para sua 12\u00aa edi\u00e7\u00e3o","robots":{"index":"index","follow":"follow","max-snippet":"max-snippet:-1","max-image-preview":"max-image-preview:large","max-video-preview":"max-video-preview:-1"},"canonical":"https:\/\/www.yachtingnews.com\/pt-br\/les-voiles-de-lespoir-uma-regata-para-criancas-menos-afortunadas\/","og_locale":"pt_BR","og_type":"article","og_title":"Les Voiles de l'Espoir, uma regata para crian\u00e7as menos afortunadas - Yachting News","og_description":"Les Voiles de l'Espoir, o maior evento n\u00e1utico do mundo para crian\u00e7as em remiss\u00e3o de c\u00e2ncer e leucemia, retorna para sua 12\u00aa edi\u00e7\u00e3o","og_url":"https:\/\/www.yachtingnews.com\/pt-br\/les-voiles-de-lespoir-uma-regata-para-criancas-menos-afortunadas\/","og_site_name":"Yachting News","article_publisher":"https:\/\/www.facebook.com\/TheInternationalYachtingMedia","article_published_time":"2024-06-29T01:56:00+00:00","og_image":[{"width":1600,"height":900,"url":"https:\/\/www.yachtingnews.com\/wp-content\/uploads\/2024\/06\/Les-Voiles-de-lEspoir.webp","type":"image\/webp"}],"author":"Alessandro Giuzio","twitter_card":"summary_large_image","twitter_creator":"@YachtingMedia","twitter_site":"@YachtingMedia","twitter_misc":{"Escrito por":"Alessandro Giuzio","Est. tempo de leitura":"2 minutos"},"schema":{"@context":"https:\/\/schema.org","@graph":[{"@type":"Article","@id":"https:\/\/www.yachtingnews.com\/pt-br\/les-voiles-de-lespoir-uma-regata-para-criancas-menos-afortunadas\/#article","isPartOf":{"@id":"https:\/\/www.yachtingnews.com\/pt-br\/les-voiles-de-lespoir-uma-regata-para-criancas-menos-afortunadas\/"},"author":{"name":"Alessandro Giuzio","@id":"https:\/\/www.yachtingnews.com\/pt-br\/#\/schema\/person\/d2e99eb1c7ce9e28a78d15e3d5d68eb3"},"headline":"Les Voiles de l&#8217;Espoir, uma regata para crian\u00e7as menos afortunadas","datePublished":"2024-06-29T01:56:00+00:00","mainEntityOfPage":{"@id":"https:\/\/www.yachtingnews.com\/pt-br\/les-voiles-de-lespoir-uma-regata-para-criancas-menos-afortunadas\/"},"wordCount":440,"commentCount":0,"publisher":{"@id":"https:\/\/www.yachtingnews.com\/pt-br\/#organization"},"image":{"@id":"https:\/\/www.yachtingnews.com\/pt-br\/les-voiles-de-lespoir-uma-regata-para-criancas-menos-afortunadas\/#primaryimage"},"thumbnailUrl":"https:\/\/www.yachtingnews.com\/wp-content\/uploads\/2024\/06\/Les-Voiles-de-lEspoir.webp","keywords":["Yacht Club de Monaco"],"articleSection":["Not\u00edcias"],"inLanguage":"pt-BR","potentialAction":[{"@type":"CommentAction","name":"Comment","target":["https:\/\/www.yachtingnews.com\/pt-br\/les-voiles-de-lespoir-uma-regata-para-criancas-menos-afortunadas\/#respond"]}]},{"@type":"WebPage","@id":"https:\/\/www.yachtingnews.com\/pt-br\/les-voiles-de-lespoir-uma-regata-para-criancas-menos-afortunadas\/","url":"https:\/\/www.yachtingnews.com\/pt-br\/les-voiles-de-lespoir-uma-regata-para-criancas-menos-afortunadas\/","name":"Les Voiles de l'Espoir, uma regata para crian\u00e7as menos afortunadas - Yachting News","isPartOf":{"@id":"https:\/\/www.yachtingnews.com\/pt-br\/#website"},"primaryImageOfPage":{"@id":"https:\/\/www.yachtingnews.com\/pt-br\/les-voiles-de-lespoir-uma-regata-para-criancas-menos-afortunadas\/#primaryimage"},"image":{"@id":"https:\/\/www.yachtingnews.com\/pt-br\/les-voiles-de-lespoir-uma-regata-para-criancas-menos-afortunadas\/#primaryimage"},"thumbnailUrl":"https:\/\/www.yachtingnews.com\/wp-content\/uploads\/2024\/06\/Les-Voiles-de-lEspoir.webp","datePublished":"2024-06-29T01:56:00+00:00","description":"Les Voiles de l'Espoir, o maior evento n\u00e1utico do mundo para crian\u00e7as em remiss\u00e3o de c\u00e2ncer e leucemia, retorna para sua 12\u00aa edi\u00e7\u00e3o","breadcrumb":{"@id":"https:\/\/www.yachtingnews.com\/pt-br\/les-voiles-de-lespoir-uma-regata-para-criancas-menos-afortunadas\/#breadcrumb"},"inLanguage":"pt-BR","potentialAction":[{"@type":"ReadAction","target":["https:\/\/www.yachtingnews.com\/pt-br\/les-voiles-de-lespoir-uma-regata-para-criancas-menos-afortunadas\/"]}]},{"@type":"ImageObject","inLanguage":"pt-BR","@id":"https:\/\/www.yachtingnews.com\/pt-br\/les-voiles-de-lespoir-uma-regata-para-criancas-menos-afortunadas\/#primaryimage","url":"https:\/\/www.yachtingnews.com\/wp-content\/uploads\/2024\/06\/Les-Voiles-de-lEspoir.webp","contentUrl":"https:\/\/www.yachtingnews.com\/wp-content\/uploads\/2024\/06\/Les-Voiles-de-lEspoir.webp","width":1600,"height":900,"caption":"Les-Voiles-de-Espoir"},{"@type":"BreadcrumbList","@id":"https:\/\/www.yachtingnews.com\/pt-br\/les-voiles-de-lespoir-uma-regata-para-criancas-menos-afortunadas\/#breadcrumb","itemListElement":[{"@type":"ListItem","position":1,"name":"Home","item":"https:\/\/www.yachtingnews.com\/pt-br\/yachting-news-2\/"},{"@type":"ListItem","position":2,"name":"Les Voiles de l&#8217;Espoir, uma regata para crian\u00e7as menos afortunadas"}]},{"@type":"WebSite","@id":"https:\/\/www.yachtingnews.com\/pt-br\/#website","url":"https:\/\/www.yachtingnews.com\/pt-br\/","name":"Yachting News","description":"The International Yachting Media","publisher":{"@id":"https:\/\/www.yachtingnews.com\/pt-br\/#organization"},"potentialAction":[{"@type":"SearchAction","target":{"@type":"EntryPoint","urlTemplate":"https:\/\/www.yachtingnews.com\/pt-br\/?s={search_term_string}"},"query-input":{"@type":"PropertyValueSpecification","valueRequired":true,"valueName":"search_term_string"}}],"inLanguage":"pt-BR"},{"@type":"Organization","@id":"https:\/\/www.yachtingnews.com\/pt-br\/#organization","name":"Yachting News","url":"https:\/\/www.yachtingnews.com\/pt-br\/","logo":{"@type":"ImageObject","inLanguage":"pt-BR","@id":"https:\/\/www.yachtingnews.com\/pt-br\/#\/schema\/logo\/image\/","url":"https:\/\/www.yachtingnews.com\/wp-content\/uploads\/2023\/02\/LOGO-Yachting-NEWS-blu-800.png","contentUrl":"https:\/\/www.yachtingnews.com\/wp-content\/uploads\/2023\/02\/LOGO-Yachting-NEWS-blu-800.png","width":790,"height":99,"caption":"Yachting News"},"image":{"@id":"https:\/\/www.yachtingnews.com\/pt-br\/#\/schema\/logo\/image\/"},"sameAs":["https:\/\/www.facebook.com\/TheInternationalYachtingMedia","https:\/\/x.com\/YachtingMedia","https:\/\/www.instagram.com\/yachting.news\/","https:\/\/www.linkedin.com\/company\/the-international-yachting-media","https:\/\/www.youtube.com\/c\/TheInternationalYachtingMedia"]},{"@type":"Person","@id":"https:\/\/www.yachtingnews.com\/pt-br\/#\/schema\/person\/d2e99eb1c7ce9e28a78d15e3d5d68eb3","name":"Alessandro Giuzio","image":{"@type":"ImageObject","inLanguage":"pt-BR","@id":"https:\/\/www.yachtingnews.com\/wp-content\/litespeed\/avatar\/a99e5f8da4fc551fb53eb9f1fec61fb4.jpg?ver=1787585046","url":"https:\/\/www.yachtingnews.com\/wp-content\/litespeed\/avatar\/a99e5f8da4fc551fb53eb9f1fec61fb4.jpg?ver=1787585046","contentUrl":"https:\/\/www.yachtingnews.com\/wp-content\/litespeed\/avatar\/a99e5f8da4fc551fb53eb9f1fec61fb4.jpg?ver=1787585046","caption":"Alessandro Giuzio"},"description":"Alessandro is a professional journalist and contributes to The International Yachting Media since 2022. He is an expert on the sea and of course on boats.","url":"https:\/\/www.yachtingnews.com\/pt-br\/author\/alexgiuzio\/"}]}},"_links":{"self":[{"href":"https:\/\/www.yachtingnews.com\/pt-br\/wp-json\/wp\/v2\/posts\/132711","targetHints":{"allow":["GET"]}}],"collection":[{"href":"https:\/\/www.yachtingnews.com\/pt-br\/wp-json\/wp\/v2\/posts"}],"about":[{"href":"https:\/\/www.yachtingnews.com\/pt-br\/wp-json\/wp\/v2\/types\/post"}],"author":[{"embeddable":true,"href":"https:\/\/www.yachtingnews.com\/pt-br\/wp-json\/wp\/v2\/users\/45"}],"replies":[{"embeddable":true,"href":"https:\/\/www.yachtingnews.com\/pt-br\/wp-json\/wp\/v2\/comments?post=132711"}],"version-history":[{"count":0,"href":"https:\/\/www.yachtingnews.com\/pt-br\/wp-json\/wp\/v2\/posts\/132711\/revisions"}],"wp:featuredmedia":[{"embeddable":true,"href":"https:\/\/www.yachtingnews.com\/pt-br\/wp-json\/wp\/v2\/media\/132530"}],"wp:attachment":[{"href":"https:\/\/www.yachtingnews.com\/pt-br\/wp-json\/wp\/v2\/media?parent=132711"}],"wp:term":[{"taxonomy":"category","embeddable":true,"href":"https:\/\/www.yachtingnews.com\/pt-br\/wp-json\/wp\/v2\/categories?post=132711"},{"taxonomy":"post_tag","embeddable":true,"href":"https:\/\/www.yachtingnews.com\/pt-br\/wp-json\/wp\/v2\/tags?post=132711"}],"curies":[{"name":"wp","href":"https:\/\/api.w.org\/{rel}","templated":true}]}}