{"id":145292,"date":"2025-04-07T01:35:00","date_gmt":"2025-04-07T00:35:00","guid":{"rendered":"https:\/\/yachtingnews.com\/pardo-open-days\/"},"modified":"2025-04-10T12:11:18","modified_gmt":"2025-04-10T11:11:18","slug":"pardo-open-days","status":"publish","type":"post","link":"https:\/\/www.yachtingnews.com\/pt-br\/pardo-open-days\/","title":{"rendered":"Pardo Open Days: o evento exclusivo em M\u00f4naco de 10 a 13 de abril"},"content":{"rendered":"\t\t<div data-elementor-type=\"wp-post\" data-elementor-id=\"145292\" class=\"elementor elementor-145292 elementor-144943\" data-elementor-post-type=\"post\">\n\t\t\t\t\t\t<section class=\"elementor-section elementor-top-section elementor-element elementor-element-64d23ceb elementor-section-boxed elementor-section-height-default elementor-section-height-default\" data-id=\"64d23ceb\" data-element_type=\"section\" data-e-type=\"section\">\n\t\t\t\t\t\t<div class=\"elementor-container elementor-column-gap-default\">\n\t\t\t\t\t<div class=\"elementor-column elementor-col-100 elementor-top-column elementor-element elementor-element-7a5bac70\" data-id=\"7a5bac70\" data-element_type=\"column\" data-e-type=\"column\">\n\t\t\t<div class=\"elementor-widget-wrap elementor-element-populated\">\n\t\t\t\t\t\t<div class=\"elementor-element elementor-element-2b09c4b3 elementor-widget elementor-widget-text-editor\" data-id=\"2b09c4b3\" data-element_type=\"widget\" data-e-type=\"widget\" data-widget_type=\"text-editor.default\">\n\t\t\t\t<div class=\"elementor-widget-container\">\n\t\t\t\t\t\t\t\t\t<p>Mais do que apenas uma vitrine de iates, o<b> Pardo Open Days <\/b>promete uma experi\u00eancia exclusiva para todos os f\u00e3s de Pardo Yachts. Programado para ocorrer de 10 a 13 de abril de 2025, esse evento refinado \u00e9 organizado pela <b>Oceanis Yachts<\/b>, o revendedor oficial da Lig\u00faria e do Principado de M\u00f4naco. Pardo Yachts oficial da Lig\u00faria e do Principado de M\u00f4naco. O prestigioso <b>Yacht Club de Monaco <\/b>O prestigioso evento Oceanis Yachts proporcionar\u00e1 o cen\u00e1rio perfeito para voc\u00ea admirar o design arrojado da marca, a inova\u00e7\u00e3o de ponta e o luxo intransigente.  <\/p><p>Al\u00e9m do apelo do evento, o calend\u00e1rio coincide com o prestigioso <b>Rolex Monte-Carlo Masters &#8211; um<\/b>dos mais importantes torneios internacionais de t\u00eanis masculino do mundo. Isso significa que os propriet\u00e1rios de iates, corretores e entusiastas ter\u00e3o a chance de mergulhar totalmente no mundo do t\u00eanis. Pardo Yachts, a marca da <a href=\"https:\/\/yachtingnews.com\/?s=cantiere+del+pardo&amp;lang=en\">Cantiere del Pardo<\/a> que incorpora o equil\u00edbrio perfeito entre eleg\u00e2ncia, desempenho e habilidade italiana &#8211; e, se desejarem, tamb\u00e9m poder\u00e3o desfrutar da emo\u00e7\u00e3o do t\u00eanis de alto n\u00edvel em quadra de saibro. <\/p><p><img decoding=\"async\" class=\"aligncenter wp-image-144954 size-full\" title=\"Pardo-Open-Days-2025\" src=\"https:\/\/yachtingnews.com\/wp-content\/uploads\/2025\/04\/Pardo-Open-Days-2025.jpg\" alt=\"Pardo-Open-Days-2025\" width=\"1080\" height=\"1350\" srcset=\"https:\/\/www.yachtingnews.com\/wp-content\/uploads\/2025\/04\/Pardo-Open-Days-2025.jpg 1080w, https:\/\/www.yachtingnews.com\/wp-content\/uploads\/2025\/04\/Pardo-Open-Days-2025-240x300.jpg 240w, https:\/\/www.yachtingnews.com\/wp-content\/uploads\/2025\/04\/Pardo-Open-Days-2025-960x1200.jpg 960w, https:\/\/www.yachtingnews.com\/wp-content\/uploads\/2025\/04\/Pardo-Open-Days-2025-768x960.jpg 768w\" sizes=\"(max-width: 1080px) 100vw, 1080px\" \/><\/p><h3 class=\"western\">A programa\u00e7\u00e3o do Pardo Open Days<\/h3><p>Os Open Days do Pardo apresentar\u00e3o a linha completa Pardo Yachts oferecendo uma vis\u00e3o mais pr\u00f3xima dos modelos mais ic\u00f4nicos da marca. Cinco iates estar\u00e3o em exibi\u00e7\u00e3o: <b>Pardo 38, Pardo 43, Pardo 50, Pardo GT52 e Pardo GT75.<\/b> Al\u00e9m disso, a marca anunciou uma surpresa especial que ser\u00e1 revelada exclusivamente aos participantes do evento. <\/p><p>Cada modelo em exposi\u00e7\u00e3o ser\u00e1 apresentado em visitas guiadas personalizadas, oferecendo uma vis\u00e3o aprofundada dos detalhes t\u00e9cnicos e est\u00e9ticos &#8211; com a experi\u00eancia e a orienta\u00e7\u00e3o exclusiva da equipe da Oceanis Yachts.<\/p><p><img decoding=\"async\" class=\"aligncenter wp-image-144944 size-full\" title=\"Pardo GT75\" src=\"https:\/\/yachtingnews.com\/wp-content\/uploads\/2025\/04\/Pardo-GT75.jpg\" alt=\"Pardo GT75\" width=\"1400\" height=\"766\" srcset=\"https:\/\/www.yachtingnews.com\/wp-content\/uploads\/2025\/04\/Pardo-GT75.jpg 1400w, https:\/\/www.yachtingnews.com\/wp-content\/uploads\/2025\/04\/Pardo-GT75-300x164.jpg 300w, https:\/\/www.yachtingnews.com\/wp-content\/uploads\/2025\/04\/Pardo-GT75-768x420.jpg 768w\" sizes=\"(max-width: 1400px) 100vw, 1400px\" \/><\/p><h3 class=\"western\">Encontre-se com o luxo, a tecnologia e o design<\/h3><p>Este \u00e9 um evento realmente imperd\u00edvel &#8211; n\u00e3o apenas porque apresenta um dos construtores de iates mais ic\u00f4nicos do mundo, mas tamb\u00e9m porque ocorre no ambiente n\u00e1utico mais exclusivo da Europa. Luxo, tecnologia e design se unir\u00e3o no Pardo Open Days, que est\u00e1 se preparando para se tornar o novo ponto de refer\u00eancia para aqueles que querem conhecer o mar sem fazer concess\u00f5es. <\/p><p>&#8220;<i>Pardo O Open Days \u00e9 uma experi\u00eancia exclusiva criada para aqueles que buscam o que h\u00e1 de melhor no mundo dos iates<\/i> &#8211; diz <b>Lorenza Di Feo<\/b>, Diretora da Oceanis Yachts &#8211; <i>Em um local realmente excepcional como o Principado de M\u00f4naco, cercado por um p\u00fablico internacional seleto, temos orgulho de apresentar a excel\u00eancia do Pardo Yachts por meio de um formato que permite que os convidados experimentem inova\u00e7\u00e3o, design e artesanato no mais alto n\u00edvel&#8221;.<\/i><\/p><p>Portanto, guarde a data e n\u00e3o perca o evento &#8211; de 10 a 13 de abril no site Yacht Club de Monaco.<\/p>\t\t\t\t\t\t\t\t<\/div>\n\t\t\t\t<\/div>\n\t\t\t\t\t<\/div>\n\t\t<\/div>\n\t\t\t\t\t<\/div>\n\t\t<\/section>\n\t\t\t\t<\/div>\n\t\t","protected":false},"excerpt":{"rendered":"<p>Mais do que apenas uma vitrine de iates, o Pardo Open Days promete uma experi\u00eancia exclusiva para todos os f\u00e3s de Pardo Yachts. Programado para ocorrer de 10 a 13 de abril de 2025, esse evento refinado \u00e9 organizado pela Oceanis Yachts, o revendedor oficial da Lig\u00faria e do Principado de M\u00f4naco. Pardo Yachts oficial [&hellip;]<\/p>\n","protected":false},"author":45,"featured_media":144952,"comment_status":"open","ping_status":"open","sticky":false,"template":"","format":"standard","meta":{"_mo_disable_npp":"","footnotes":""},"categories":[1653],"tags":[1701,1804],"class_list":["post-145292","post","type-post","status-publish","format-standard","has-post-thumbnail","hentry","category-news-pt-br","tag-cantiere-del-pardo-pt-br","tag-pardo-yachts-pt-br"],"yoast_head":"<!-- This site is optimized with the Yoast SEO plugin v28.3 - https:\/\/yoast.com\/product\/yoast-seo-wordpress\/ -->\n<title>Pardo Open Days: o evento exclusivo em M\u00f4naco- Yachting News<\/title>\n<meta name=\"description\" content=\"Mais do que apenas uma vitrine de iates, o Pardo Open Days promete uma experi\u00eancia exclusiva para todos os f\u00e3s de Pardo Yachts. Programado para acontecer...\" \/>\n<meta name=\"robots\" content=\"index, follow, max-snippet:-1, max-image-preview:large, max-video-preview:-1\" \/>\n<link rel=\"canonical\" href=\"https:\/\/www.yachtingnews.com\/pt-br\/pardo-open-days\/\" \/>\n<meta property=\"og:locale\" content=\"pt_BR\" \/>\n<meta property=\"og:type\" content=\"article\" \/>\n<meta property=\"og:title\" content=\"Pardo Open Days: o evento exclusivo em M\u00f4naco- Yachting News\" \/>\n<meta property=\"og:description\" content=\"Mais do que apenas uma vitrine de iates, o Pardo Open Days promete uma experi\u00eancia exclusiva para todos os f\u00e3s de Pardo Yachts. Programado para acontecer...\" \/>\n<meta property=\"og:url\" content=\"https:\/\/www.yachtingnews.com\/pt-br\/pardo-open-days\/\" \/>\n<meta property=\"og:site_name\" content=\"Yachting News\" \/>\n<meta property=\"article:publisher\" content=\"https:\/\/www.facebook.com\/TheInternationalYachtingMedia\" \/>\n<meta property=\"article:published_time\" content=\"2025-04-07T00:35:00+00:00\" \/>\n<meta property=\"article:modified_time\" content=\"2025-04-10T11:11:18+00:00\" \/>\n<meta property=\"og:image\" content=\"https:\/\/www.yachtingnews.com\/wp-content\/uploads\/2025\/04\/pardo-open-days-foto.jpg\" \/>\n\t<meta property=\"og:image:width\" content=\"1400\" \/>\n\t<meta property=\"og:image:height\" content=\"787\" \/>\n\t<meta property=\"og:image:type\" content=\"image\/jpeg\" \/>\n<meta name=\"author\" content=\"Alessandro Giuzio\" \/>\n<meta name=\"twitter:card\" content=\"summary_large_image\" \/>\n<meta name=\"twitter:creator\" content=\"@YachtingMedia\" \/>\n<meta name=\"twitter:site\" content=\"@YachtingMedia\" \/>\n<meta name=\"twitter:label1\" content=\"Escrito por\" \/>\n\t<meta name=\"twitter:data1\" content=\"Alessandro Giuzio\" \/>\n\t<meta name=\"twitter:label2\" content=\"Est. tempo de leitura\" \/>\n\t<meta name=\"twitter:data2\" content=\"2 minutos\" \/>\n<script type=\"application\/ld+json\" class=\"yoast-schema-graph\">{\"@context\":\"https:\\\/\\\/schema.org\",\"@graph\":[{\"@type\":\"Article\",\"@id\":\"https:\\\/\\\/www.yachtingnews.com\\\/pt-br\\\/pardo-open-days\\\/#article\",\"isPartOf\":{\"@id\":\"https:\\\/\\\/www.yachtingnews.com\\\/pt-br\\\/pardo-open-days\\\/\"},\"author\":{\"name\":\"Alessandro Giuzio\",\"@id\":\"https:\\\/\\\/www.yachtingnews.com\\\/pt-br\\\/#\\\/schema\\\/person\\\/d2e99eb1c7ce9e28a78d15e3d5d68eb3\"},\"headline\":\"Pardo Open Days: o evento exclusivo em M\u00f4naco de 10 a 13 de abril\",\"datePublished\":\"2025-04-07T00:35:00+00:00\",\"dateModified\":\"2025-04-10T11:11:18+00:00\",\"mainEntityOfPage\":{\"@id\":\"https:\\\/\\\/www.yachtingnews.com\\\/pt-br\\\/pardo-open-days\\\/\"},\"wordCount\":489,\"commentCount\":0,\"publisher\":{\"@id\":\"https:\\\/\\\/www.yachtingnews.com\\\/pt-br\\\/#organization\"},\"image\":{\"@id\":\"https:\\\/\\\/www.yachtingnews.com\\\/pt-br\\\/pardo-open-days\\\/#primaryimage\"},\"thumbnailUrl\":\"https:\\\/\\\/www.yachtingnews.com\\\/wp-content\\\/uploads\\\/2025\\\/04\\\/pardo-open-days-foto.jpg\",\"keywords\":[\"Cantiere del Pardo\",\"Pardo Yachts\"],\"articleSection\":[\"Not\u00edcias\"],\"inLanguage\":\"pt-BR\",\"potentialAction\":[{\"@type\":\"CommentAction\",\"name\":\"Comment\",\"target\":[\"https:\\\/\\\/www.yachtingnews.com\\\/pt-br\\\/pardo-open-days\\\/#respond\"]}]},{\"@type\":\"WebPage\",\"@id\":\"https:\\\/\\\/www.yachtingnews.com\\\/pt-br\\\/pardo-open-days\\\/\",\"url\":\"https:\\\/\\\/www.yachtingnews.com\\\/pt-br\\\/pardo-open-days\\\/\",\"name\":\"Pardo Open Days: o evento exclusivo em M\u00f4naco- Yachting News\",\"isPartOf\":{\"@id\":\"https:\\\/\\\/www.yachtingnews.com\\\/pt-br\\\/#website\"},\"primaryImageOfPage\":{\"@id\":\"https:\\\/\\\/www.yachtingnews.com\\\/pt-br\\\/pardo-open-days\\\/#primaryimage\"},\"image\":{\"@id\":\"https:\\\/\\\/www.yachtingnews.com\\\/pt-br\\\/pardo-open-days\\\/#primaryimage\"},\"thumbnailUrl\":\"https:\\\/\\\/www.yachtingnews.com\\\/wp-content\\\/uploads\\\/2025\\\/04\\\/pardo-open-days-foto.jpg\",\"datePublished\":\"2025-04-07T00:35:00+00:00\",\"dateModified\":\"2025-04-10T11:11:18+00:00\",\"description\":\"Mais do que apenas uma vitrine de iates, o Pardo Open Days promete uma experi\u00eancia exclusiva para todos os f\u00e3s de Pardo Yachts. Programado para acontecer...\",\"breadcrumb\":{\"@id\":\"https:\\\/\\\/www.yachtingnews.com\\\/pt-br\\\/pardo-open-days\\\/#breadcrumb\"},\"inLanguage\":\"pt-BR\",\"potentialAction\":[{\"@type\":\"ReadAction\",\"target\":[\"https:\\\/\\\/www.yachtingnews.com\\\/pt-br\\\/pardo-open-days\\\/\"]}]},{\"@type\":\"ImageObject\",\"inLanguage\":\"pt-BR\",\"@id\":\"https:\\\/\\\/www.yachtingnews.com\\\/pt-br\\\/pardo-open-days\\\/#primaryimage\",\"url\":\"https:\\\/\\\/www.yachtingnews.com\\\/wp-content\\\/uploads\\\/2025\\\/04\\\/pardo-open-days-foto.jpg\",\"contentUrl\":\"https:\\\/\\\/www.yachtingnews.com\\\/wp-content\\\/uploads\\\/2025\\\/04\\\/pardo-open-days-foto.jpg\",\"width\":1400,\"height\":787,\"caption\":\"pardo-open-days-photo\"},{\"@type\":\"BreadcrumbList\",\"@id\":\"https:\\\/\\\/www.yachtingnews.com\\\/pt-br\\\/pardo-open-days\\\/#breadcrumb\",\"itemListElement\":[{\"@type\":\"ListItem\",\"position\":1,\"name\":\"Home\",\"item\":\"https:\\\/\\\/www.yachtingnews.com\\\/pt-br\\\/yachting-news-2\\\/\"},{\"@type\":\"ListItem\",\"position\":2,\"name\":\"Pardo Open Days: o evento exclusivo em M\u00f4naco de 10 a 13 de abril\"}]},{\"@type\":\"WebSite\",\"@id\":\"https:\\\/\\\/www.yachtingnews.com\\\/pt-br\\\/#website\",\"url\":\"https:\\\/\\\/www.yachtingnews.com\\\/pt-br\\\/\",\"name\":\"Yachting News\",\"description\":\"The International Yachting Media\",\"publisher\":{\"@id\":\"https:\\\/\\\/www.yachtingnews.com\\\/pt-br\\\/#organization\"},\"potentialAction\":[{\"@type\":\"SearchAction\",\"target\":{\"@type\":\"EntryPoint\",\"urlTemplate\":\"https:\\\/\\\/www.yachtingnews.com\\\/pt-br\\\/?s={search_term_string}\"},\"query-input\":{\"@type\":\"PropertyValueSpecification\",\"valueRequired\":true,\"valueName\":\"search_term_string\"}}],\"inLanguage\":\"pt-BR\"},{\"@type\":\"Organization\",\"@id\":\"https:\\\/\\\/www.yachtingnews.com\\\/pt-br\\\/#organization\",\"name\":\"Yachting News\",\"url\":\"https:\\\/\\\/www.yachtingnews.com\\\/pt-br\\\/\",\"logo\":{\"@type\":\"ImageObject\",\"inLanguage\":\"pt-BR\",\"@id\":\"https:\\\/\\\/www.yachtingnews.com\\\/pt-br\\\/#\\\/schema\\\/logo\\\/image\\\/\",\"url\":\"https:\\\/\\\/www.yachtingnews.com\\\/wp-content\\\/uploads\\\/2023\\\/02\\\/LOGO-Yachting-NEWS-blu-800.png\",\"contentUrl\":\"https:\\\/\\\/www.yachtingnews.com\\\/wp-content\\\/uploads\\\/2023\\\/02\\\/LOGO-Yachting-NEWS-blu-800.png\",\"width\":790,\"height\":99,\"caption\":\"Yachting News\"},\"image\":{\"@id\":\"https:\\\/\\\/www.yachtingnews.com\\\/pt-br\\\/#\\\/schema\\\/logo\\\/image\\\/\"},\"sameAs\":[\"https:\\\/\\\/www.facebook.com\\\/TheInternationalYachtingMedia\",\"https:\\\/\\\/x.com\\\/YachtingMedia\",\"https:\\\/\\\/www.instagram.com\\\/yachting.news\\\/\",\"https:\\\/\\\/www.linkedin.com\\\/company\\\/the-international-yachting-media\",\"https:\\\/\\\/www.youtube.com\\\/c\\\/TheInternationalYachtingMedia\"]},{\"@type\":\"Person\",\"@id\":\"https:\\\/\\\/www.yachtingnews.com\\\/pt-br\\\/#\\\/schema\\\/person\\\/d2e99eb1c7ce9e28a78d15e3d5d68eb3\",\"name\":\"Alessandro Giuzio\",\"image\":{\"@type\":\"ImageObject\",\"inLanguage\":\"pt-BR\",\"@id\":\"https:\\\/\\\/www.yachtingnews.com\\\/wp-content\\\/litespeed\\\/avatar\\\/a99e5f8da4fc551fb53eb9f1fec61fb4.jpg?ver=1787585046\",\"url\":\"https:\\\/\\\/www.yachtingnews.com\\\/wp-content\\\/litespeed\\\/avatar\\\/a99e5f8da4fc551fb53eb9f1fec61fb4.jpg?ver=1787585046\",\"contentUrl\":\"https:\\\/\\\/www.yachtingnews.com\\\/wp-content\\\/litespeed\\\/avatar\\\/a99e5f8da4fc551fb53eb9f1fec61fb4.jpg?ver=1787585046\",\"caption\":\"Alessandro Giuzio\"},\"description\":\"Alessandro is a professional journalist and contributes to The International Yachting Media since 2022. He is an expert on the sea and of course on boats.\",\"url\":\"https:\\\/\\\/www.yachtingnews.com\\\/pt-br\\\/author\\\/alexgiuzio\\\/\"}]}<\/script>\n<!-- \/ Yoast SEO plugin. -->","yoast_head_json":{"title":"Pardo Open Days: o evento exclusivo em M\u00f4naco- Yachting News","description":"Mais do que apenas uma vitrine de iates, o Pardo Open Days promete uma experi\u00eancia exclusiva para todos os f\u00e3s de Pardo Yachts. Programado para acontecer...","robots":{"index":"index","follow":"follow","max-snippet":"max-snippet:-1","max-image-preview":"max-image-preview:large","max-video-preview":"max-video-preview:-1"},"canonical":"https:\/\/www.yachtingnews.com\/pt-br\/pardo-open-days\/","og_locale":"pt_BR","og_type":"article","og_title":"Pardo Open Days: o evento exclusivo em M\u00f4naco- Yachting News","og_description":"Mais do que apenas uma vitrine de iates, o Pardo Open Days promete uma experi\u00eancia exclusiva para todos os f\u00e3s de Pardo Yachts. Programado para acontecer...","og_url":"https:\/\/www.yachtingnews.com\/pt-br\/pardo-open-days\/","og_site_name":"Yachting News","article_publisher":"https:\/\/www.facebook.com\/TheInternationalYachtingMedia","article_published_time":"2025-04-07T00:35:00+00:00","article_modified_time":"2025-04-10T11:11:18+00:00","og_image":[{"width":1400,"height":787,"url":"https:\/\/www.yachtingnews.com\/wp-content\/uploads\/2025\/04\/pardo-open-days-foto.jpg","type":"image\/jpeg"}],"author":"Alessandro Giuzio","twitter_card":"summary_large_image","twitter_creator":"@YachtingMedia","twitter_site":"@YachtingMedia","twitter_misc":{"Escrito por":"Alessandro Giuzio","Est. tempo de leitura":"2 minutos"},"schema":{"@context":"https:\/\/schema.org","@graph":[{"@type":"Article","@id":"https:\/\/www.yachtingnews.com\/pt-br\/pardo-open-days\/#article","isPartOf":{"@id":"https:\/\/www.yachtingnews.com\/pt-br\/pardo-open-days\/"},"author":{"name":"Alessandro Giuzio","@id":"https:\/\/www.yachtingnews.com\/pt-br\/#\/schema\/person\/d2e99eb1c7ce9e28a78d15e3d5d68eb3"},"headline":"Pardo Open Days: o evento exclusivo em M\u00f4naco de 10 a 13 de abril","datePublished":"2025-04-07T00:35:00+00:00","dateModified":"2025-04-10T11:11:18+00:00","mainEntityOfPage":{"@id":"https:\/\/www.yachtingnews.com\/pt-br\/pardo-open-days\/"},"wordCount":489,"commentCount":0,"publisher":{"@id":"https:\/\/www.yachtingnews.com\/pt-br\/#organization"},"image":{"@id":"https:\/\/www.yachtingnews.com\/pt-br\/pardo-open-days\/#primaryimage"},"thumbnailUrl":"https:\/\/www.yachtingnews.com\/wp-content\/uploads\/2025\/04\/pardo-open-days-foto.jpg","keywords":["Cantiere del Pardo","Pardo Yachts"],"articleSection":["Not\u00edcias"],"inLanguage":"pt-BR","potentialAction":[{"@type":"CommentAction","name":"Comment","target":["https:\/\/www.yachtingnews.com\/pt-br\/pardo-open-days\/#respond"]}]},{"@type":"WebPage","@id":"https:\/\/www.yachtingnews.com\/pt-br\/pardo-open-days\/","url":"https:\/\/www.yachtingnews.com\/pt-br\/pardo-open-days\/","name":"Pardo Open Days: o evento exclusivo em M\u00f4naco- Yachting News","isPartOf":{"@id":"https:\/\/www.yachtingnews.com\/pt-br\/#website"},"primaryImageOfPage":{"@id":"https:\/\/www.yachtingnews.com\/pt-br\/pardo-open-days\/#primaryimage"},"image":{"@id":"https:\/\/www.yachtingnews.com\/pt-br\/pardo-open-days\/#primaryimage"},"thumbnailUrl":"https:\/\/www.yachtingnews.com\/wp-content\/uploads\/2025\/04\/pardo-open-days-foto.jpg","datePublished":"2025-04-07T00:35:00+00:00","dateModified":"2025-04-10T11:11:18+00:00","description":"Mais do que apenas uma vitrine de iates, o Pardo Open Days promete uma experi\u00eancia exclusiva para todos os f\u00e3s de Pardo Yachts. Programado para acontecer...","breadcrumb":{"@id":"https:\/\/www.yachtingnews.com\/pt-br\/pardo-open-days\/#breadcrumb"},"inLanguage":"pt-BR","potentialAction":[{"@type":"ReadAction","target":["https:\/\/www.yachtingnews.com\/pt-br\/pardo-open-days\/"]}]},{"@type":"ImageObject","inLanguage":"pt-BR","@id":"https:\/\/www.yachtingnews.com\/pt-br\/pardo-open-days\/#primaryimage","url":"https:\/\/www.yachtingnews.com\/wp-content\/uploads\/2025\/04\/pardo-open-days-foto.jpg","contentUrl":"https:\/\/www.yachtingnews.com\/wp-content\/uploads\/2025\/04\/pardo-open-days-foto.jpg","width":1400,"height":787,"caption":"pardo-open-days-photo"},{"@type":"BreadcrumbList","@id":"https:\/\/www.yachtingnews.com\/pt-br\/pardo-open-days\/#breadcrumb","itemListElement":[{"@type":"ListItem","position":1,"name":"Home","item":"https:\/\/www.yachtingnews.com\/pt-br\/yachting-news-2\/"},{"@type":"ListItem","position":2,"name":"Pardo Open Days: o evento exclusivo em M\u00f4naco de 10 a 13 de abril"}]},{"@type":"WebSite","@id":"https:\/\/www.yachtingnews.com\/pt-br\/#website","url":"https:\/\/www.yachtingnews.com\/pt-br\/","name":"Yachting News","description":"The International Yachting Media","publisher":{"@id":"https:\/\/www.yachtingnews.com\/pt-br\/#organization"},"potentialAction":[{"@type":"SearchAction","target":{"@type":"EntryPoint","urlTemplate":"https:\/\/www.yachtingnews.com\/pt-br\/?s={search_term_string}"},"query-input":{"@type":"PropertyValueSpecification","valueRequired":true,"valueName":"search_term_string"}}],"inLanguage":"pt-BR"},{"@type":"Organization","@id":"https:\/\/www.yachtingnews.com\/pt-br\/#organization","name":"Yachting News","url":"https:\/\/www.yachtingnews.com\/pt-br\/","logo":{"@type":"ImageObject","inLanguage":"pt-BR","@id":"https:\/\/www.yachtingnews.com\/pt-br\/#\/schema\/logo\/image\/","url":"https:\/\/www.yachtingnews.com\/wp-content\/uploads\/2023\/02\/LOGO-Yachting-NEWS-blu-800.png","contentUrl":"https:\/\/www.yachtingnews.com\/wp-content\/uploads\/2023\/02\/LOGO-Yachting-NEWS-blu-800.png","width":790,"height":99,"caption":"Yachting News"},"image":{"@id":"https:\/\/www.yachtingnews.com\/pt-br\/#\/schema\/logo\/image\/"},"sameAs":["https:\/\/www.facebook.com\/TheInternationalYachtingMedia","https:\/\/x.com\/YachtingMedia","https:\/\/www.instagram.com\/yachting.news\/","https:\/\/www.linkedin.com\/company\/the-international-yachting-media","https:\/\/www.youtube.com\/c\/TheInternationalYachtingMedia"]},{"@type":"Person","@id":"https:\/\/www.yachtingnews.com\/pt-br\/#\/schema\/person\/d2e99eb1c7ce9e28a78d15e3d5d68eb3","name":"Alessandro Giuzio","image":{"@type":"ImageObject","inLanguage":"pt-BR","@id":"https:\/\/www.yachtingnews.com\/wp-content\/litespeed\/avatar\/a99e5f8da4fc551fb53eb9f1fec61fb4.jpg?ver=1787585046","url":"https:\/\/www.yachtingnews.com\/wp-content\/litespeed\/avatar\/a99e5f8da4fc551fb53eb9f1fec61fb4.jpg?ver=1787585046","contentUrl":"https:\/\/www.yachtingnews.com\/wp-content\/litespeed\/avatar\/a99e5f8da4fc551fb53eb9f1fec61fb4.jpg?ver=1787585046","caption":"Alessandro Giuzio"},"description":"Alessandro is a professional journalist and contributes to The International Yachting Media since 2022. He is an expert on the sea and of course on boats.","url":"https:\/\/www.yachtingnews.com\/pt-br\/author\/alexgiuzio\/"}]}},"_links":{"self":[{"href":"https:\/\/www.yachtingnews.com\/pt-br\/wp-json\/wp\/v2\/posts\/145292","targetHints":{"allow":["GET"]}}],"collection":[{"href":"https:\/\/www.yachtingnews.com\/pt-br\/wp-json\/wp\/v2\/posts"}],"about":[{"href":"https:\/\/www.yachtingnews.com\/pt-br\/wp-json\/wp\/v2\/types\/post"}],"author":[{"embeddable":true,"href":"https:\/\/www.yachtingnews.com\/pt-br\/wp-json\/wp\/v2\/users\/45"}],"replies":[{"embeddable":true,"href":"https:\/\/www.yachtingnews.com\/pt-br\/wp-json\/wp\/v2\/comments?post=145292"}],"version-history":[{"count":0,"href":"https:\/\/www.yachtingnews.com\/pt-br\/wp-json\/wp\/v2\/posts\/145292\/revisions"}],"wp:featuredmedia":[{"embeddable":true,"href":"https:\/\/www.yachtingnews.com\/pt-br\/wp-json\/wp\/v2\/media\/144952"}],"wp:attachment":[{"href":"https:\/\/www.yachtingnews.com\/pt-br\/wp-json\/wp\/v2\/media?parent=145292"}],"wp:term":[{"taxonomy":"category","embeddable":true,"href":"https:\/\/www.yachtingnews.com\/pt-br\/wp-json\/wp\/v2\/categories?post=145292"},{"taxonomy":"post_tag","embeddable":true,"href":"https:\/\/www.yachtingnews.com\/pt-br\/wp-json\/wp\/v2\/tags?post=145292"}],"curies":[{"name":"wp","href":"https:\/\/api.w.org\/{rel}","templated":true}]}}