{"id":145315,"date":"2025-04-09T02:20:00","date_gmt":"2025-04-09T01:20:00","guid":{"rendered":"https:\/\/yachtingnews.com\/invictus-st550\/"},"modified":"2025-04-10T12:19:34","modified_gmt":"2025-04-10T11:19:34","slug":"invictus-st550","status":"publish","type":"post","link":"https:\/\/www.yachtingnews.com\/pt-br\/invictus-st550\/","title":{"rendered":"Invictus ST550, primeiras fotos do novo carro-chefe"},"content":{"rendered":"\t\t<div data-elementor-type=\"wp-post\" data-elementor-id=\"145315\" class=\"elementor elementor-145315 elementor-145008\" data-elementor-post-type=\"post\">\n\t\t\t\t\t\t<section class=\"elementor-section elementor-top-section elementor-element elementor-element-76d3f38f elementor-section-boxed elementor-section-height-default elementor-section-height-default\" data-id=\"76d3f38f\" data-element_type=\"section\" data-e-type=\"section\">\n\t\t\t\t\t\t<div class=\"elementor-container elementor-column-gap-default\">\n\t\t\t\t\t<div class=\"elementor-column elementor-col-100 elementor-top-column elementor-element elementor-element-24bd7176\" data-id=\"24bd7176\" data-element_type=\"column\" data-e-type=\"column\">\n\t\t\t<div class=\"elementor-widget-wrap elementor-element-populated\">\n\t\t\t\t\t\t<div class=\"elementor-element elementor-element-65c19405 elementor-widget elementor-widget-text-editor\" data-id=\"65c19405\" data-element_type=\"widget\" data-e-type=\"widget\" data-widget_type=\"text-editor.default\">\n\t\t\t\t<div class=\"elementor-widget-container\">\n\t\t\t\t\t\t\t\t\t<p>Entre a eleg\u00e2ncia cl\u00e1ssica e a inova\u00e7\u00e3o contempor\u00e2nea, o <b>Invictus ST550<\/b> apresenta um design inconfund\u00edvel, e as primeiras imagens n\u00e3o deixam margem para d\u00favidas. O novo carro-chefe do estaleiro sediado em Borgia estreia com um perfil totalmente redesenhado, nascido da criatividade e da engenhosidade de<b> Christian Grande<\/b>, que se concentrou em maximizar o conforto e a funcionalidade a bordo &#8211; desde a \u00e1rea da proa at\u00e9 o cockpit. Um ponto forte da nova embarca\u00e7\u00e3o \u00e9 a espa\u00e7osa \u00e1rea de estar na proa, que redefine os padr\u00f5es de layouts externos nesse segmento de mercado.  <\/p><p><img decoding=\"async\" class=\"aligncenter wp-image-145075 size-full\" title=\"cruzeiro\" src=\"https:\/\/yachtingnews.com\/wp-content\/uploads\/2025\/04\/invictus-ST550_7.jpg\" alt=\"cruzeiro\" width=\"1200\" height=\"900\" srcset=\"https:\/\/www.yachtingnews.com\/wp-content\/uploads\/2025\/04\/invictus-ST550_7.jpg 1200w, https:\/\/www.yachtingnews.com\/wp-content\/uploads\/2025\/04\/invictus-ST550_7-300x225.jpg 300w, https:\/\/www.yachtingnews.com\/wp-content\/uploads\/2025\/04\/invictus-ST550_7-768x576.jpg 768w\" sizes=\"(max-width: 1200px) 100vw, 1200px\" \/><\/p><p>De fato, no nome Invictus ST550, o &#8220;S&#8221; significa <b>&#8220;Espa\u00e7o<\/b>&#8220;. O carro-chefe do estaleiro calabr\u00eas alcan\u00e7a uma nova fronteira na distribui\u00e7\u00e3o de espa\u00e7o, com um comprimento de 16,87 metros e uma boca de 5,04 metros &#8211; dimens\u00f5es que exigiram extensa pesquisa e planejamento para otimizar cada cent\u00edmetro. O resultado \u00e9 um sucesso total: ao mesmo tempo em que mant\u00e9m as caracter\u00edsticas distintas que definem a marca Invictus em todo o mundo &#8211; incluindo a ic\u00f4nica proa semi-revertida &#8211; o ST550 vai al\u00e9m, como mostra claramente a primeira sess\u00e3o de fotos que estamos publicando em <em>Yacht Digest<\/em>. Agora, aguardamos a chance de conhecer o barco pessoalmente na edi\u00e7\u00e3o de 2025 do site Cannes Yachting Festival em setembro pr\u00f3ximo, onde ele far\u00e1 sua estreia mundial.   <\/p><p><img decoding=\"async\" class=\"aligncenter wp-image-145030 size-full\" title=\"Vista lateral da Invictus ST550\" src=\"https:\/\/yachtingnews.com\/wp-content\/uploads\/2025\/04\/ST550_11.jpg\" alt=\"Vista lateral da Invictus ST550\" width=\"1200\" height=\"800\" srcset=\"https:\/\/www.yachtingnews.com\/wp-content\/uploads\/2025\/04\/ST550_11.jpg 1200w, https:\/\/www.yachtingnews.com\/wp-content\/uploads\/2025\/04\/ST550_11-300x200.jpg 300w, https:\/\/www.yachtingnews.com\/wp-content\/uploads\/2025\/04\/ST550_11-768x512.jpg 768w\" sizes=\"(max-width: 1200px) 100vw, 1200px\" \/><\/p><h2 class=\"western\">O Invictus ST550 em detalhes<\/h2><p>O Invictus ST550 \u00e9 resultado de um projeto que se inspira no passado enquanto olha para o futuro, criando uma mistura cativante de tradi\u00e7\u00e3o e modernidade. Inspirado no fasc\u00ednio atemporal das traineiras cl\u00e1ssicas, o barco adota <b>formas mais suaves e arredondadas<\/b>, dando origem a uma silhueta moderna que, embora mantenha uma forte conex\u00e3o com a tradi\u00e7\u00e3o, abra\u00e7a totalmente a inova\u00e7\u00e3o. <\/p><p><img decoding=\"async\" class=\"aligncenter wp-image-145055 size-full\" title=\"em andamento\" src=\"https:\/\/yachtingnews.com\/wp-content\/uploads\/2025\/04\/invictus-ST550_2.jpg\" alt=\"em andamento\" width=\"1200\" height=\"900\" srcset=\"https:\/\/www.yachtingnews.com\/wp-content\/uploads\/2025\/04\/invictus-ST550_2.jpg 1200w, https:\/\/www.yachtingnews.com\/wp-content\/uploads\/2025\/04\/invictus-ST550_2-300x225.jpg 300w, https:\/\/www.yachtingnews.com\/wp-content\/uploads\/2025\/04\/invictus-ST550_2-768x576.jpg 768w\" sizes=\"(max-width: 1200px) 100vw, 1200px\" \/><\/p><p>Em homenagem \u00e0s traineiras cl\u00e1ssicas, ele integra elementos estil\u00edsticos atemporais, como a carca\u00e7a da antena &#8211; aprimorada com um detalhe em fibra de carbono que evoca a est\u00e9tica de um funil &#8211; e oferece a op\u00e7\u00e3o de escolher um acabamento <b>em mogno brilhante<\/b> em vez de teca, combinando eleg\u00e2ncia com modernidade. As linhas externas puras e aerodin\u00e2micas proporcionam vistas transparentes do mar, mesmo da proa. Seus altos baluartes oferecem prote\u00e7\u00e3o sem comprometer o perfil elegante. O logotipo iluminado na proa lembra a eleg\u00e2ncia dos autom\u00f3veis de luxo.   <\/p><p><img decoding=\"async\" class=\"aligncenter wp-image-145020 size-full\" title=\"ST550\" src=\"https:\/\/yachtingnews.com\/wp-content\/uploads\/2025\/04\/ST550_4.jpg\" alt=\"ST550\" width=\"1200\" height=\"900\" srcset=\"https:\/\/www.yachtingnews.com\/wp-content\/uploads\/2025\/04\/ST550_4.jpg 1200w, https:\/\/www.yachtingnews.com\/wp-content\/uploads\/2025\/04\/ST550_4-300x225.jpg 300w, https:\/\/www.yachtingnews.com\/wp-content\/uploads\/2025\/04\/ST550_4-768x576.jpg 768w\" sizes=\"(max-width: 1200px) 100vw, 1200px\" \/><\/p><p>O Invictus ST550 \u00e9 um iate projetado para oferecer um alto n\u00edvel de conforto durante viagens longas, combinado com uma sensa\u00e7\u00e3o de seguran\u00e7a proporcionada pelos <b>baluartes de prote\u00e7\u00e3o ao longo de todo o conv\u00e9s lateral<\/b>. Seu design expressa uma complexidade significativa de materiais, obtida por meio da intera\u00e7\u00e3o e repeti\u00e7\u00e3o de a\u00e7o, mogno, teca e carroceria. Essa combina\u00e7\u00e3o, t\u00edpica de um estilo cl\u00e1ssico, d\u00e1 ao iate uma percep\u00e7\u00e3o de valor duradouro e atemporal.  <\/p><p>&#8220;O conceito da traineira cl\u00e1ssica foi reinterpretado &#8211; explica <b>Rosario Alcaro,<\/b> gerente geral da Invictus Yacht &#8211; Projetamos um espa\u00e7o que permite que alguns poucos desfrutem de um cruzeiro exclusivo, com foco no conforto e na divers\u00e3o dos h\u00f3spedes&#8221;.<\/p><p><img decoding=\"async\" class=\"aligncenter wp-image-145065 size-full\" title=\"vista do drone\" src=\"https:\/\/yachtingnews.com\/wp-content\/uploads\/2025\/04\/invictus-ST550_8.jpg\" alt=\"vista do drone\" width=\"1200\" height=\"900\" srcset=\"https:\/\/www.yachtingnews.com\/wp-content\/uploads\/2025\/04\/invictus-ST550_8.jpg 1200w, https:\/\/www.yachtingnews.com\/wp-content\/uploads\/2025\/04\/invictus-ST550_8-300x225.jpg 300w, https:\/\/www.yachtingnews.com\/wp-content\/uploads\/2025\/04\/invictus-ST550_8-768x576.jpg 768w\" sizes=\"(max-width: 1200px) 100vw, 1200px\" \/><\/p><h2 class=\"western\">Inova\u00e7\u00e3o e conforto a bordo<\/h2><p>Como mencionado anteriormente, uma das inova\u00e7\u00f5es mais significativas do Invictus ST550 \u00e9 a <b>ampla \u00e1rea de estar na proa,<\/b> um recurso revolucion\u00e1rio para esse segmento de mercado. Essa \u00e1rea, composta por um grande sof\u00e1 em forma de U e uma espa\u00e7osa \u00e1rea para banho de sol, torna-se um lounge exclusivo que pode ser desfrutado confortavelmente mesmo durante a navega\u00e7\u00e3o. A combina\u00e7\u00e3o de baluartes altos e vidros de prote\u00e7\u00e3o permite o contato visual com o mar, oferecendo uma vis\u00e3o da navega\u00e7\u00e3o e, ao mesmo tempo, garantindo privacidade, principalmente quando atracado.  <\/p><p><img decoding=\"async\" class=\"aligncenter wp-image-145060 size-full\" title=\"Vista superior do ST550\" src=\"https:\/\/yachtingnews.com\/wp-content\/uploads\/2025\/04\/ST550_1.jpg\" alt=\"Vista superior do ST550\" width=\"1200\" height=\"675\" srcset=\"https:\/\/www.yachtingnews.com\/wp-content\/uploads\/2025\/04\/ST550_1.jpg 1200w, https:\/\/www.yachtingnews.com\/wp-content\/uploads\/2025\/04\/ST550_1-300x169.jpg 300w, https:\/\/www.yachtingnews.com\/wp-content\/uploads\/2025\/04\/ST550_1-768x432.jpg 768w\" sizes=\"(max-width: 1200px) 100vw, 1200px\" \/><\/p><p>&#8220;<i>Em oposi\u00e7\u00e3o \u00e0s abordagens mais comuns, que tendem a sacrificar o espa\u00e7o no conv\u00e9s principal e na proa para priorizar a popa <\/i>&#8211; continua Alcaro -, <i> voc\u00ea <\/i> pode <i> usar o espa\u00e7o para o transporte de passageiros. <\/i> <i>Dividimos os espa\u00e7os para aprimorar as tr\u00eas \u00e1reas sem sacrificar nenhuma delas em favor das outras. O resultado \u00e9 que, mantendo um espa\u00e7o generoso em cada \u00e1rea, conseguimos garantir o conforto em todo o iate: conv\u00e9s principal, popa e proa. Em especial, aprimoramos o layout da proa, tornando-a quase a \u00e1rea mais importante de um iate projetado para cruzeiros em contato direto com o mar, oferecendo uma experi\u00eancia quase particular, em vez de vivenci\u00e1-la nos espa\u00e7os internos ou na popa tradicionalmente mais ativa&#8221;.  <\/i><\/p><p><img decoding=\"async\" class=\"aligncenter wp-image-145035 size-full\" title=\"vista da proa\" src=\"https:\/\/yachtingnews.com\/wp-content\/uploads\/2025\/04\/ST550_12.jpg\" alt=\"vista da proa\" width=\"1200\" height=\"900\" srcset=\"https:\/\/www.yachtingnews.com\/wp-content\/uploads\/2025\/04\/ST550_12.jpg 1200w, https:\/\/www.yachtingnews.com\/wp-content\/uploads\/2025\/04\/ST550_12-300x225.jpg 300w, https:\/\/www.yachtingnews.com\/wp-content\/uploads\/2025\/04\/ST550_12-768x576.jpg 768w\" sizes=\"(max-width: 1200px) 100vw, 1200px\" \/><\/p><p>O cockpit apresenta uma generosa \u00e1rea de estar, que pode ser equipada com todos os confortos necess\u00e1rios (geladeira, pia, churrasqueira), bem como uma \u00e1rea de jantar que pode ser convertida em uma espregui\u00e7adeira com mais de dois metros de comprimento e profundidade. O grande sof\u00e1, independente de outros elementos do cockpit, <b>cria a sensa\u00e7\u00e3o de flutuar acima da \u00e1gua<\/b>, atuando como uma pe\u00e7a independente que amplia ainda mais a percep\u00e7\u00e3o do espa\u00e7o. <\/p><p><img decoding=\"async\" class=\"aligncenter wp-image-145080 size-full\" title=\"vista da popa\" src=\"https:\/\/yachtingnews.com\/wp-content\/uploads\/2025\/04\/invictus-ST550_10.jpg\" alt=\"vista da popa\" width=\"1200\" height=\"800\" srcset=\"https:\/\/www.yachtingnews.com\/wp-content\/uploads\/2025\/04\/invictus-ST550_10.jpg 1200w, https:\/\/www.yachtingnews.com\/wp-content\/uploads\/2025\/04\/invictus-ST550_10-300x200.jpg 300w, https:\/\/www.yachtingnews.com\/wp-content\/uploads\/2025\/04\/invictus-ST550_10-768x512.jpg 768w\" sizes=\"(max-width: 1200px) 100vw, 1200px\" \/><\/p><p><b>Os baluartes dobr\u00e1veis <\/b>expandem significativamente a \u00e1rea transit\u00e1vel, eliminando barreiras visuais e melhorando a sensa\u00e7\u00e3o de conex\u00e3o com o mar. Na popa, o passadi\u00e7o embutido facilita o embarque e a grande plataforma de nata\u00e7\u00e3o pode ser abaixada abaixo da linha d&#8217;\u00e1gua para facilitar o lan\u00e7amento de barcos. O Invictus ST550 tamb\u00e9m possui <b>uma garagem para um jet tender de 2,8 metros,<\/b> uma raridade nesse segmento. Essa garagem possui uma abertura em dois n\u00edveis: uma abertura total para o lan\u00e7amento do barco e uma abertura parcial que permite o acesso sem atrapalhar a \u00e1rea de banho de sol. Um toldo retr\u00e1til, oculto na superestrutura, oferece sombra durante as horas mais quentes, enquanto um segundo toldo de fibra de carbono na proa oferece prote\u00e7\u00e3o adicional.    <\/p><p><img decoding=\"async\" class=\"aligncenter wp-image-145025 size-full\" title=\"vista superior\" src=\"https:\/\/yachtingnews.com\/wp-content\/uploads\/2025\/04\/ST550_5.jpg\" alt=\"vista superior\" width=\"1200\" height=\"900\" srcset=\"https:\/\/www.yachtingnews.com\/wp-content\/uploads\/2025\/04\/ST550_5.jpg 1200w, https:\/\/www.yachtingnews.com\/wp-content\/uploads\/2025\/04\/ST550_5-300x225.jpg 300w, https:\/\/www.yachtingnews.com\/wp-content\/uploads\/2025\/04\/ST550_5-768x576.jpg 768w\" sizes=\"(max-width: 1200px) 100vw, 1200px\" \/><\/p><h2 class=\"western\">Invictus ST550: design interior e funcionalidade<\/h2><p>O volume fechado redefine as expectativas no conv\u00e9s principal, com um sal\u00e3o, uma cozinha personaliz\u00e1vel e um posto de comando. <b>Grandes janelas laterais com acionamento el\u00e9trico <\/b>e uma porta de vidro na popa oferecem vistas quase ininterruptas dos arredores, proporcionando uma conex\u00e3o perfeita com o cockpit. A porta lateral do lado direito aumenta ainda mais a funcionalidade, oferecendo f\u00e1cil acesso ao passadi\u00e7o durante as manobras sem a necessidade de passar pelo cockpit. <\/p><p><img decoding=\"async\" class=\"alignnone size-full wp-image-145070\" src=\"https:\/\/yachtingnews.com\/wp-content\/uploads\/2025\/04\/invictus-ST550_19.jpg\" alt=\"Esta\u00e7\u00e3o de leme invictus ST550\" width=\"1200\" height=\"800\" srcset=\"https:\/\/www.yachtingnews.com\/wp-content\/uploads\/2025\/04\/invictus-ST550_19.jpg 1200w, https:\/\/www.yachtingnews.com\/wp-content\/uploads\/2025\/04\/invictus-ST550_19-300x200.jpg 300w, https:\/\/www.yachtingnews.com\/wp-content\/uploads\/2025\/04\/invictus-ST550_19-768x512.jpg 768w\" sizes=\"(max-width: 1200px) 100vw, 1200px\" \/><\/p><p><b>A ventila\u00e7\u00e3o natural <\/b>\u00e9 integrada por meio de uma aba frontal que capta o ar durante o cruzeiro. Al\u00e9m disso, o ST550 \u00e9 equipado com um<b> potente sistema de ar-condicionado<\/b> para proporcionar o m\u00e1ximo de conforto. <\/p><p><img decoding=\"async\" class=\"aligncenter wp-image-145010 size-full\" title=\"interior\" src=\"https:\/\/yachtingnews.com\/wp-content\/uploads\/2025\/04\/ST550_16.jpg\" alt=\"interior\" width=\"1200\" height=\"800\" srcset=\"https:\/\/www.yachtingnews.com\/wp-content\/uploads\/2025\/04\/ST550_16.jpg 1200w, https:\/\/www.yachtingnews.com\/wp-content\/uploads\/2025\/04\/ST550_16-300x200.jpg 300w, https:\/\/www.yachtingnews.com\/wp-content\/uploads\/2025\/04\/ST550_16-768x512.jpg 768w\" sizes=\"(max-width: 1200px) 100vw, 1200px\" \/><\/p><p>Abaixo do conv\u00e9s, Christian Grande projetou <b>duas cabines luxuosas, a Master e a VIP, cada uma<\/b>com seu banheiro. O banheiro da Master \u00e9 completo na proa, enquanto o segundo serve como banheiro diurno e su\u00edte para a segunda cabine. No meio do navio, uma espa\u00e7osa \u00e1rea de estar pode ser convertida em uma terceira cabine e cozinha, com a cozinha do conv\u00e9s principal &#8220;desaparecendo&#8221; para abrir ainda mais o sal\u00e3o.  <\/p><p><img decoding=\"async\" class=\"aligncenter wp-image-145015 size-full\" title=\"interior da invictus ST550\" src=\"https:\/\/yachtingnews.com\/wp-content\/uploads\/2025\/04\/ST550_20.jpg\" alt=\"interior da invictus ST550\" width=\"1200\" height=\"800\" srcset=\"https:\/\/www.yachtingnews.com\/wp-content\/uploads\/2025\/04\/ST550_20.jpg 1200w, https:\/\/www.yachtingnews.com\/wp-content\/uploads\/2025\/04\/ST550_20-300x200.jpg 300w, https:\/\/www.yachtingnews.com\/wp-content\/uploads\/2025\/04\/ST550_20-768x512.jpg 768w\" sizes=\"(max-width: 1200px) 100vw, 1200px\" \/><\/p><p>Cada modelo Invictus \u00e9 caracterizado por um alto n\u00edvel de habilidade e aten\u00e7\u00e3o aos detalhes, gra\u00e7as ao <b>Invictus Atelier,<\/b> que oferece uma ampla gama de op\u00e7\u00f5es de personaliza\u00e7\u00e3o em cores, materiais e configura\u00e7\u00f5es. Isso permite uma significativa liberdade de escolha, possibilitando que o cliente configure o barco de acordo com seus gostos e necessidades. Al\u00e9m disso, o Invictus Atelier fornece acesso a uma rede de artes\u00e3os especializados e fornecedores altamente qualificados, garantindo uma experi\u00eancia exclusiva. Os clientes recebem suporte desde os est\u00e1gios iniciais da compra e s\u00e3o conduzidos por uma verdadeira oficina virtual, onde podem projetar o barco com materiais personalizados e recursos dedicados. Assim, o barco padr\u00e3o se torna uma cria\u00e7\u00e3o sob medida que expressa a personalidade, o estilo e as prefer\u00eancias do propriet\u00e1rio.    <\/p><p><img decoding=\"async\" class=\"aligncenter wp-image-145045 size-full\" title=\"Sal\u00e3o externo da Invictus ST550\" src=\"https:\/\/yachtingnews.com\/wp-content\/uploads\/2025\/04\/invictus-ST550_14.jpg\" alt=\"Sal\u00e3o externo da Invictus ST550\" width=\"1200\" height=\"800\" srcset=\"https:\/\/www.yachtingnews.com\/wp-content\/uploads\/2025\/04\/invictus-ST550_14.jpg 1200w, https:\/\/www.yachtingnews.com\/wp-content\/uploads\/2025\/04\/invictus-ST550_14-300x200.jpg 300w, https:\/\/www.yachtingnews.com\/wp-content\/uploads\/2025\/04\/invictus-ST550_14-768x512.jpg 768w\" sizes=\"(max-width: 1200px) 100vw, 1200px\" \/><\/p><p>&#8220;<i>Os propriet\u00e1rios podem escolher entre toda a paleta de cores do Invictus, com a adi\u00e7\u00e3o de duas novas op\u00e7\u00f5es: o especial &#8216;Stone White&#8217; e o &#8216;Deep Groove&#8217;, um gradiente de azul met\u00e1lico inspirado no mar e no c\u00e9u, criando uma altern\u00e2ncia r\u00edtmica de azul e azul-celeste<\/i> &#8211; explica <b>Christian Grande<\/b> -.  <i>Tamb\u00e9m nos concentramos em redesenhar o estofamento externo, deixando de lado os materiais comuns encontrados nesse segmento, como o vinil, e optando por tecidos respir\u00e1veis de alta qualidade, normalmente usados em grandes iates, acentuados com acabamentos em couro sint\u00e9tico, como \u00e9 t\u00edpico da Invictus. E se o propriet\u00e1rio desejar algo ainda mais exclusivo, ele poder\u00e1 aproveitar o programa Invictus Atelier&#8221;. <\/i><\/p><p><img decoding=\"async\" class=\"aligncenter wp-image-145040 size-full\" title=\"Exterior da Invictus ST550\" src=\"https:\/\/yachtingnews.com\/wp-content\/uploads\/2025\/04\/ST550_15.jpg\" alt=\"Exterior da Invictus ST550\" width=\"1200\" height=\"800\" srcset=\"https:\/\/www.yachtingnews.com\/wp-content\/uploads\/2025\/04\/ST550_15.jpg 1200w, https:\/\/www.yachtingnews.com\/wp-content\/uploads\/2025\/04\/ST550_15-300x200.jpg 300w, https:\/\/www.yachtingnews.com\/wp-content\/uploads\/2025\/04\/ST550_15-768x512.jpg 768w\" sizes=\"(max-width: 1200px) 100vw, 1200px\" \/><\/p><p>O novo carro-chefe da Invictus Yacht ser\u00e1 equipado com dois motores IPS800 ou IPS950. Ele far\u00e1 sua estreia oficial no site Cannes Yachting Festival 2025, juntamente com o <a href=\"https:\/\/yachtingnews.com\/pt-br\/invictus-tt550\/\">Invictus TT550<\/a>. <\/p>\t\t\t\t\t\t\t\t<\/div>\n\t\t\t\t<\/div>\n\t\t\t\t\t<\/div>\n\t\t<\/div>\n\t\t\t\t\t<\/div>\n\t\t<\/section>\n\t\t\t\t<\/div>\n\t\t","protected":false},"excerpt":{"rendered":"<p>Entre a eleg\u00e2ncia cl\u00e1ssica e a inova\u00e7\u00e3o contempor\u00e2nea, o Invictus ST550 apresenta um design inconfund\u00edvel, e as primeiras imagens n\u00e3o deixam margem para d\u00favidas. O novo carro-chefe do estaleiro sediado em Borgia estreia com um perfil totalmente redesenhado, nascido da criatividade e da engenhosidade de Christian Grande, que se concentrou em maximizar o conforto e [&hellip;]<\/p>\n","protected":false},"author":45,"featured_media":145091,"comment_status":"open","ping_status":"open","sticky":false,"template":"","format":"standard","meta":{"_mo_disable_npp":"","footnotes":""},"categories":[1687,1653],"tags":[3985],"class_list":["post-145315","post","type-post","status-publish","format-standard","has-post-thumbnail","hentry","category-barcos-a-motor","category-news-pt-br","tag-invictus-yachts-pt-br"],"yoast_head":"<!-- This site is optimized with the Yoast SEO plugin v28.3 - https:\/\/yoast.com\/product\/yoast-seo-wordpress\/ -->\n<title>Invictus ST550, primeiras fotos do novo carro-chefe - Yachting News<\/title>\n<meta name=\"description\" content=\"Entre a eleg\u00e2ncia cl\u00e1ssica e a inova\u00e7\u00e3o contempor\u00e2nea, o Invictus ST550 apresenta um design inconfund\u00edvel e o primeiro...\" \/>\n<meta name=\"robots\" content=\"index, follow, max-snippet:-1, max-image-preview:large, max-video-preview:-1\" \/>\n<link rel=\"canonical\" href=\"https:\/\/www.yachtingnews.com\/pt-br\/invictus-st550\/\" \/>\n<meta property=\"og:locale\" content=\"pt_BR\" \/>\n<meta property=\"og:type\" content=\"article\" \/>\n<meta property=\"og:title\" content=\"Invictus ST550, primeiras fotos do novo carro-chefe - Yachting News\" \/>\n<meta property=\"og:description\" content=\"Entre a eleg\u00e2ncia cl\u00e1ssica e a inova\u00e7\u00e3o contempor\u00e2nea, o Invictus ST550 apresenta um design inconfund\u00edvel e o primeiro...\" \/>\n<meta property=\"og:url\" content=\"https:\/\/www.yachtingnews.com\/pt-br\/invictus-st550\/\" \/>\n<meta property=\"og:site_name\" content=\"Yachting News\" \/>\n<meta property=\"article:publisher\" content=\"https:\/\/www.facebook.com\/TheInternationalYachtingMedia\" \/>\n<meta property=\"article:published_time\" content=\"2025-04-09T01:20:00+00:00\" \/>\n<meta property=\"article:modified_time\" content=\"2025-04-10T11:19:34+00:00\" \/>\n<meta property=\"og:image\" content=\"https:\/\/www.yachtingnews.com\/wp-content\/uploads\/2025\/04\/invictus-st550-foto-1.jpg\" \/>\n\t<meta property=\"og:image:width\" content=\"1400\" \/>\n\t<meta property=\"og:image:height\" content=\"787\" \/>\n\t<meta property=\"og:image:type\" content=\"image\/jpeg\" \/>\n<meta name=\"author\" content=\"Alessandro Giuzio\" \/>\n<meta name=\"twitter:card\" content=\"summary_large_image\" \/>\n<meta name=\"twitter:creator\" content=\"@YachtingMedia\" \/>\n<meta name=\"twitter:site\" content=\"@YachtingMedia\" \/>\n<meta name=\"twitter:label1\" content=\"Escrito por\" \/>\n\t<meta name=\"twitter:data1\" content=\"Alessandro Giuzio\" \/>\n\t<meta name=\"twitter:label2\" content=\"Est. tempo de leitura\" \/>\n\t<meta name=\"twitter:data2\" content=\"7 minutos\" \/>\n<script type=\"application\/ld+json\" class=\"yoast-schema-graph\">{\"@context\":\"https:\\\/\\\/schema.org\",\"@graph\":[{\"@type\":\"Article\",\"@id\":\"https:\\\/\\\/www.yachtingnews.com\\\/pt-br\\\/invictus-st550\\\/#article\",\"isPartOf\":{\"@id\":\"https:\\\/\\\/www.yachtingnews.com\\\/pt-br\\\/invictus-st550\\\/\"},\"author\":{\"name\":\"Alessandro Giuzio\",\"@id\":\"https:\\\/\\\/www.yachtingnews.com\\\/pt-br\\\/#\\\/schema\\\/person\\\/d2e99eb1c7ce9e28a78d15e3d5d68eb3\"},\"headline\":\"Invictus ST550, primeiras fotos do novo carro-chefe\",\"datePublished\":\"2025-04-09T01:20:00+00:00\",\"dateModified\":\"2025-04-10T11:19:34+00:00\",\"mainEntityOfPage\":{\"@id\":\"https:\\\/\\\/www.yachtingnews.com\\\/pt-br\\\/invictus-st550\\\/\"},\"wordCount\":1467,\"commentCount\":0,\"publisher\":{\"@id\":\"https:\\\/\\\/www.yachtingnews.com\\\/pt-br\\\/#organization\"},\"image\":{\"@id\":\"https:\\\/\\\/www.yachtingnews.com\\\/pt-br\\\/invictus-st550\\\/#primaryimage\"},\"thumbnailUrl\":\"https:\\\/\\\/www.yachtingnews.com\\\/wp-content\\\/uploads\\\/2025\\\/04\\\/invictus-st550-foto-1.jpg\",\"keywords\":[\"invictus yachts\"],\"articleSection\":[\"BARCOS A MOTOR\",\"Not\u00edcias\"],\"inLanguage\":\"pt-BR\",\"potentialAction\":[{\"@type\":\"CommentAction\",\"name\":\"Comment\",\"target\":[\"https:\\\/\\\/www.yachtingnews.com\\\/pt-br\\\/invictus-st550\\\/#respond\"]}]},{\"@type\":\"WebPage\",\"@id\":\"https:\\\/\\\/www.yachtingnews.com\\\/pt-br\\\/invictus-st550\\\/\",\"url\":\"https:\\\/\\\/www.yachtingnews.com\\\/pt-br\\\/invictus-st550\\\/\",\"name\":\"Invictus ST550, primeiras fotos do novo carro-chefe - Yachting News\",\"isPartOf\":{\"@id\":\"https:\\\/\\\/www.yachtingnews.com\\\/pt-br\\\/#website\"},\"primaryImageOfPage\":{\"@id\":\"https:\\\/\\\/www.yachtingnews.com\\\/pt-br\\\/invictus-st550\\\/#primaryimage\"},\"image\":{\"@id\":\"https:\\\/\\\/www.yachtingnews.com\\\/pt-br\\\/invictus-st550\\\/#primaryimage\"},\"thumbnailUrl\":\"https:\\\/\\\/www.yachtingnews.com\\\/wp-content\\\/uploads\\\/2025\\\/04\\\/invictus-st550-foto-1.jpg\",\"datePublished\":\"2025-04-09T01:20:00+00:00\",\"dateModified\":\"2025-04-10T11:19:34+00:00\",\"description\":\"Entre a eleg\u00e2ncia cl\u00e1ssica e a inova\u00e7\u00e3o contempor\u00e2nea, o Invictus ST550 apresenta um design inconfund\u00edvel e o primeiro...\",\"breadcrumb\":{\"@id\":\"https:\\\/\\\/www.yachtingnews.com\\\/pt-br\\\/invictus-st550\\\/#breadcrumb\"},\"inLanguage\":\"pt-BR\",\"potentialAction\":[{\"@type\":\"ReadAction\",\"target\":[\"https:\\\/\\\/www.yachtingnews.com\\\/pt-br\\\/invictus-st550\\\/\"]}]},{\"@type\":\"ImageObject\",\"inLanguage\":\"pt-BR\",\"@id\":\"https:\\\/\\\/www.yachtingnews.com\\\/pt-br\\\/invictus-st550\\\/#primaryimage\",\"url\":\"https:\\\/\\\/www.yachtingnews.com\\\/wp-content\\\/uploads\\\/2025\\\/04\\\/invictus-st550-foto-1.jpg\",\"contentUrl\":\"https:\\\/\\\/www.yachtingnews.com\\\/wp-content\\\/uploads\\\/2025\\\/04\\\/invictus-st550-foto-1.jpg\",\"width\":1400,\"height\":787,\"caption\":\"invictus-st550-photo\"},{\"@type\":\"BreadcrumbList\",\"@id\":\"https:\\\/\\\/www.yachtingnews.com\\\/pt-br\\\/invictus-st550\\\/#breadcrumb\",\"itemListElement\":[{\"@type\":\"ListItem\",\"position\":1,\"name\":\"Home\",\"item\":\"https:\\\/\\\/www.yachtingnews.com\\\/pt-br\\\/yachting-news-2\\\/\"},{\"@type\":\"ListItem\",\"position\":2,\"name\":\"Invictus ST550, primeiras fotos do novo carro-chefe\"}]},{\"@type\":\"WebSite\",\"@id\":\"https:\\\/\\\/www.yachtingnews.com\\\/pt-br\\\/#website\",\"url\":\"https:\\\/\\\/www.yachtingnews.com\\\/pt-br\\\/\",\"name\":\"Yachting News\",\"description\":\"The International Yachting Media\",\"publisher\":{\"@id\":\"https:\\\/\\\/www.yachtingnews.com\\\/pt-br\\\/#organization\"},\"potentialAction\":[{\"@type\":\"SearchAction\",\"target\":{\"@type\":\"EntryPoint\",\"urlTemplate\":\"https:\\\/\\\/www.yachtingnews.com\\\/pt-br\\\/?s={search_term_string}\"},\"query-input\":{\"@type\":\"PropertyValueSpecification\",\"valueRequired\":true,\"valueName\":\"search_term_string\"}}],\"inLanguage\":\"pt-BR\"},{\"@type\":\"Organization\",\"@id\":\"https:\\\/\\\/www.yachtingnews.com\\\/pt-br\\\/#organization\",\"name\":\"Yachting News\",\"url\":\"https:\\\/\\\/www.yachtingnews.com\\\/pt-br\\\/\",\"logo\":{\"@type\":\"ImageObject\",\"inLanguage\":\"pt-BR\",\"@id\":\"https:\\\/\\\/www.yachtingnews.com\\\/pt-br\\\/#\\\/schema\\\/logo\\\/image\\\/\",\"url\":\"https:\\\/\\\/www.yachtingnews.com\\\/wp-content\\\/uploads\\\/2023\\\/02\\\/LOGO-Yachting-NEWS-blu-800.png\",\"contentUrl\":\"https:\\\/\\\/www.yachtingnews.com\\\/wp-content\\\/uploads\\\/2023\\\/02\\\/LOGO-Yachting-NEWS-blu-800.png\",\"width\":790,\"height\":99,\"caption\":\"Yachting News\"},\"image\":{\"@id\":\"https:\\\/\\\/www.yachtingnews.com\\\/pt-br\\\/#\\\/schema\\\/logo\\\/image\\\/\"},\"sameAs\":[\"https:\\\/\\\/www.facebook.com\\\/TheInternationalYachtingMedia\",\"https:\\\/\\\/x.com\\\/YachtingMedia\",\"https:\\\/\\\/www.instagram.com\\\/yachting.news\\\/\",\"https:\\\/\\\/www.linkedin.com\\\/company\\\/the-international-yachting-media\",\"https:\\\/\\\/www.youtube.com\\\/c\\\/TheInternationalYachtingMedia\"]},{\"@type\":\"Person\",\"@id\":\"https:\\\/\\\/www.yachtingnews.com\\\/pt-br\\\/#\\\/schema\\\/person\\\/d2e99eb1c7ce9e28a78d15e3d5d68eb3\",\"name\":\"Alessandro Giuzio\",\"image\":{\"@type\":\"ImageObject\",\"inLanguage\":\"pt-BR\",\"@id\":\"https:\\\/\\\/www.yachtingnews.com\\\/wp-content\\\/litespeed\\\/avatar\\\/a99e5f8da4fc551fb53eb9f1fec61fb4.jpg?ver=1787585046\",\"url\":\"https:\\\/\\\/www.yachtingnews.com\\\/wp-content\\\/litespeed\\\/avatar\\\/a99e5f8da4fc551fb53eb9f1fec61fb4.jpg?ver=1787585046\",\"contentUrl\":\"https:\\\/\\\/www.yachtingnews.com\\\/wp-content\\\/litespeed\\\/avatar\\\/a99e5f8da4fc551fb53eb9f1fec61fb4.jpg?ver=1787585046\",\"caption\":\"Alessandro Giuzio\"},\"description\":\"Alessandro is a professional journalist and contributes to The International Yachting Media since 2022. He is an expert on the sea and of course on boats.\",\"url\":\"https:\\\/\\\/www.yachtingnews.com\\\/pt-br\\\/author\\\/alexgiuzio\\\/\"}]}<\/script>\n<!-- \/ Yoast SEO plugin. -->","yoast_head_json":{"title":"Invictus ST550, primeiras fotos do novo carro-chefe - Yachting News","description":"Entre a eleg\u00e2ncia cl\u00e1ssica e a inova\u00e7\u00e3o contempor\u00e2nea, o Invictus ST550 apresenta um design inconfund\u00edvel e o primeiro...","robots":{"index":"index","follow":"follow","max-snippet":"max-snippet:-1","max-image-preview":"max-image-preview:large","max-video-preview":"max-video-preview:-1"},"canonical":"https:\/\/www.yachtingnews.com\/pt-br\/invictus-st550\/","og_locale":"pt_BR","og_type":"article","og_title":"Invictus ST550, primeiras fotos do novo carro-chefe - Yachting News","og_description":"Entre a eleg\u00e2ncia cl\u00e1ssica e a inova\u00e7\u00e3o contempor\u00e2nea, o Invictus ST550 apresenta um design inconfund\u00edvel e o primeiro...","og_url":"https:\/\/www.yachtingnews.com\/pt-br\/invictus-st550\/","og_site_name":"Yachting News","article_publisher":"https:\/\/www.facebook.com\/TheInternationalYachtingMedia","article_published_time":"2025-04-09T01:20:00+00:00","article_modified_time":"2025-04-10T11:19:34+00:00","og_image":[{"width":1400,"height":787,"url":"https:\/\/www.yachtingnews.com\/wp-content\/uploads\/2025\/04\/invictus-st550-foto-1.jpg","type":"image\/jpeg"}],"author":"Alessandro Giuzio","twitter_card":"summary_large_image","twitter_creator":"@YachtingMedia","twitter_site":"@YachtingMedia","twitter_misc":{"Escrito por":"Alessandro Giuzio","Est. tempo de leitura":"7 minutos"},"schema":{"@context":"https:\/\/schema.org","@graph":[{"@type":"Article","@id":"https:\/\/www.yachtingnews.com\/pt-br\/invictus-st550\/#article","isPartOf":{"@id":"https:\/\/www.yachtingnews.com\/pt-br\/invictus-st550\/"},"author":{"name":"Alessandro Giuzio","@id":"https:\/\/www.yachtingnews.com\/pt-br\/#\/schema\/person\/d2e99eb1c7ce9e28a78d15e3d5d68eb3"},"headline":"Invictus ST550, primeiras fotos do novo carro-chefe","datePublished":"2025-04-09T01:20:00+00:00","dateModified":"2025-04-10T11:19:34+00:00","mainEntityOfPage":{"@id":"https:\/\/www.yachtingnews.com\/pt-br\/invictus-st550\/"},"wordCount":1467,"commentCount":0,"publisher":{"@id":"https:\/\/www.yachtingnews.com\/pt-br\/#organization"},"image":{"@id":"https:\/\/www.yachtingnews.com\/pt-br\/invictus-st550\/#primaryimage"},"thumbnailUrl":"https:\/\/www.yachtingnews.com\/wp-content\/uploads\/2025\/04\/invictus-st550-foto-1.jpg","keywords":["invictus yachts"],"articleSection":["BARCOS A MOTOR","Not\u00edcias"],"inLanguage":"pt-BR","potentialAction":[{"@type":"CommentAction","name":"Comment","target":["https:\/\/www.yachtingnews.com\/pt-br\/invictus-st550\/#respond"]}]},{"@type":"WebPage","@id":"https:\/\/www.yachtingnews.com\/pt-br\/invictus-st550\/","url":"https:\/\/www.yachtingnews.com\/pt-br\/invictus-st550\/","name":"Invictus ST550, primeiras fotos do novo carro-chefe - Yachting News","isPartOf":{"@id":"https:\/\/www.yachtingnews.com\/pt-br\/#website"},"primaryImageOfPage":{"@id":"https:\/\/www.yachtingnews.com\/pt-br\/invictus-st550\/#primaryimage"},"image":{"@id":"https:\/\/www.yachtingnews.com\/pt-br\/invictus-st550\/#primaryimage"},"thumbnailUrl":"https:\/\/www.yachtingnews.com\/wp-content\/uploads\/2025\/04\/invictus-st550-foto-1.jpg","datePublished":"2025-04-09T01:20:00+00:00","dateModified":"2025-04-10T11:19:34+00:00","description":"Entre a eleg\u00e2ncia cl\u00e1ssica e a inova\u00e7\u00e3o contempor\u00e2nea, o Invictus ST550 apresenta um design inconfund\u00edvel e o primeiro...","breadcrumb":{"@id":"https:\/\/www.yachtingnews.com\/pt-br\/invictus-st550\/#breadcrumb"},"inLanguage":"pt-BR","potentialAction":[{"@type":"ReadAction","target":["https:\/\/www.yachtingnews.com\/pt-br\/invictus-st550\/"]}]},{"@type":"ImageObject","inLanguage":"pt-BR","@id":"https:\/\/www.yachtingnews.com\/pt-br\/invictus-st550\/#primaryimage","url":"https:\/\/www.yachtingnews.com\/wp-content\/uploads\/2025\/04\/invictus-st550-foto-1.jpg","contentUrl":"https:\/\/www.yachtingnews.com\/wp-content\/uploads\/2025\/04\/invictus-st550-foto-1.jpg","width":1400,"height":787,"caption":"invictus-st550-photo"},{"@type":"BreadcrumbList","@id":"https:\/\/www.yachtingnews.com\/pt-br\/invictus-st550\/#breadcrumb","itemListElement":[{"@type":"ListItem","position":1,"name":"Home","item":"https:\/\/www.yachtingnews.com\/pt-br\/yachting-news-2\/"},{"@type":"ListItem","position":2,"name":"Invictus ST550, primeiras fotos do novo carro-chefe"}]},{"@type":"WebSite","@id":"https:\/\/www.yachtingnews.com\/pt-br\/#website","url":"https:\/\/www.yachtingnews.com\/pt-br\/","name":"Yachting News","description":"The International Yachting Media","publisher":{"@id":"https:\/\/www.yachtingnews.com\/pt-br\/#organization"},"potentialAction":[{"@type":"SearchAction","target":{"@type":"EntryPoint","urlTemplate":"https:\/\/www.yachtingnews.com\/pt-br\/?s={search_term_string}"},"query-input":{"@type":"PropertyValueSpecification","valueRequired":true,"valueName":"search_term_string"}}],"inLanguage":"pt-BR"},{"@type":"Organization","@id":"https:\/\/www.yachtingnews.com\/pt-br\/#organization","name":"Yachting News","url":"https:\/\/www.yachtingnews.com\/pt-br\/","logo":{"@type":"ImageObject","inLanguage":"pt-BR","@id":"https:\/\/www.yachtingnews.com\/pt-br\/#\/schema\/logo\/image\/","url":"https:\/\/www.yachtingnews.com\/wp-content\/uploads\/2023\/02\/LOGO-Yachting-NEWS-blu-800.png","contentUrl":"https:\/\/www.yachtingnews.com\/wp-content\/uploads\/2023\/02\/LOGO-Yachting-NEWS-blu-800.png","width":790,"height":99,"caption":"Yachting News"},"image":{"@id":"https:\/\/www.yachtingnews.com\/pt-br\/#\/schema\/logo\/image\/"},"sameAs":["https:\/\/www.facebook.com\/TheInternationalYachtingMedia","https:\/\/x.com\/YachtingMedia","https:\/\/www.instagram.com\/yachting.news\/","https:\/\/www.linkedin.com\/company\/the-international-yachting-media","https:\/\/www.youtube.com\/c\/TheInternationalYachtingMedia"]},{"@type":"Person","@id":"https:\/\/www.yachtingnews.com\/pt-br\/#\/schema\/person\/d2e99eb1c7ce9e28a78d15e3d5d68eb3","name":"Alessandro Giuzio","image":{"@type":"ImageObject","inLanguage":"pt-BR","@id":"https:\/\/www.yachtingnews.com\/wp-content\/litespeed\/avatar\/a99e5f8da4fc551fb53eb9f1fec61fb4.jpg?ver=1787585046","url":"https:\/\/www.yachtingnews.com\/wp-content\/litespeed\/avatar\/a99e5f8da4fc551fb53eb9f1fec61fb4.jpg?ver=1787585046","contentUrl":"https:\/\/www.yachtingnews.com\/wp-content\/litespeed\/avatar\/a99e5f8da4fc551fb53eb9f1fec61fb4.jpg?ver=1787585046","caption":"Alessandro Giuzio"},"description":"Alessandro is a professional journalist and contributes to The International Yachting Media since 2022. He is an expert on the sea and of course on boats.","url":"https:\/\/www.yachtingnews.com\/pt-br\/author\/alexgiuzio\/"}]}},"_links":{"self":[{"href":"https:\/\/www.yachtingnews.com\/pt-br\/wp-json\/wp\/v2\/posts\/145315","targetHints":{"allow":["GET"]}}],"collection":[{"href":"https:\/\/www.yachtingnews.com\/pt-br\/wp-json\/wp\/v2\/posts"}],"about":[{"href":"https:\/\/www.yachtingnews.com\/pt-br\/wp-json\/wp\/v2\/types\/post"}],"author":[{"embeddable":true,"href":"https:\/\/www.yachtingnews.com\/pt-br\/wp-json\/wp\/v2\/users\/45"}],"replies":[{"embeddable":true,"href":"https:\/\/www.yachtingnews.com\/pt-br\/wp-json\/wp\/v2\/comments?post=145315"}],"version-history":[{"count":0,"href":"https:\/\/www.yachtingnews.com\/pt-br\/wp-json\/wp\/v2\/posts\/145315\/revisions"}],"wp:featuredmedia":[{"embeddable":true,"href":"https:\/\/www.yachtingnews.com\/pt-br\/wp-json\/wp\/v2\/media\/145091"}],"wp:attachment":[{"href":"https:\/\/www.yachtingnews.com\/pt-br\/wp-json\/wp\/v2\/media?parent=145315"}],"wp:term":[{"taxonomy":"category","embeddable":true,"href":"https:\/\/www.yachtingnews.com\/pt-br\/wp-json\/wp\/v2\/categories?post=145315"},{"taxonomy":"post_tag","embeddable":true,"href":"https:\/\/www.yachtingnews.com\/pt-br\/wp-json\/wp\/v2\/tags?post=145315"}],"curies":[{"name":"wp","href":"https:\/\/api.w.org\/{rel}","templated":true}]}}