{"id":145854,"date":"2025-04-21T16:17:23","date_gmt":"2025-04-21T15:17:23","guid":{"rendered":"https:\/\/yachtingnews.com\/besenzoni-voce-e-o-centro-das-atencoes-no-fuorisalone-com-reflections-on-the-sea\/"},"modified":"2025-04-29T17:42:05","modified_gmt":"2025-04-29T16:42:05","slug":"besenzoni-voce-e-o-centro-das-atencoes-no-fuorisalone-com-reflections-on-the-sea","status":"publish","type":"post","link":"https:\/\/www.yachtingnews.com\/pt-br\/besenzoni-voce-e-o-centro-das-atencoes-no-fuorisalone-com-reflections-on-the-sea\/","title":{"rendered":"Besenzoni voc\u00ea \u00e9 o centro das aten\u00e7\u00f5es no FuoriSalone com &#8216;Reflections on the Sea&#8217;"},"content":{"rendered":"\t\t<div data-elementor-type=\"wp-post\" data-elementor-id=\"145854\" class=\"elementor elementor-145854 elementor-145585\" data-elementor-post-type=\"post\">\n\t\t\t\t\t\t<section class=\"elementor-section elementor-top-section elementor-element elementor-element-49604dc5 elementor-section-boxed elementor-section-height-default elementor-section-height-default\" data-id=\"49604dc5\" data-element_type=\"section\" data-e-type=\"section\">\n\t\t\t\t\t\t<div class=\"elementor-container elementor-column-gap-default\">\n\t\t\t\t\t<div class=\"elementor-column elementor-col-100 elementor-top-column elementor-element elementor-element-4d20fbb\" data-id=\"4d20fbb\" data-element_type=\"column\" data-e-type=\"column\">\n\t\t\t<div class=\"elementor-widget-wrap elementor-element-populated\">\n\t\t\t\t\t\t<div class=\"elementor-element elementor-element-463c8a02 elementor-widget elementor-widget-text-editor\" data-id=\"463c8a02\" data-element_type=\"widget\" data-e-type=\"widget\" data-widget_type=\"text-editor.default\">\n\t\t\t\t<div class=\"elementor-widget-container\">\n\t\t\t\t\t\t\t\t\t<p><strong>Besenzoni<\/strong> reafirma seu papel de lideran\u00e7a no design n\u00e1utico. Pelo segundo ano consecutivo, a empresa sediada em Sarnico, especializada em componentes para iates, participou do<b> FuoriSalone de Mil\u00e3o,<\/b> fortalecendo ainda mais sua presen\u00e7a em um dos eventos de maior prest\u00edgio no cen\u00e1rio internacional do design. Para esta edi\u00e7\u00e3o, a Besenzoni apresentou a impressionante instala\u00e7\u00e3o art\u00edstica  <b> <\/b><em><b>Reflex\u00f5es sobre o mar<\/b><\/em>criada em colabora\u00e7\u00e3o com o est\u00fadio de arquitetura e design de iates Christian Grande &#8211; parceiros de longa data da empresa. A pe\u00e7a, exibida no P\u00e1tio de Honra da Universidade de Mil\u00e3o de 7 a 13 de abril, explora o v\u00ednculo entre os seres humanos e o mar por meio de jogos de luz, superf\u00edcies espelhadas e um design inovador que combina est\u00e9tica e funcionalidade. BesenzoniA presen\u00e7a da L&#8217;Oreal no FuoriSalone fez parte da exposi\u00e7\u00e3o-evento Interni Cre-Action.  <\/p><p><i><b>Reflex\u00f5es sobre o mar: A Journey into the Essence of Besenzoni <\/b><\/i>\u00e9 uma obra de arte que transforma os principais valores da empresa em uma forma art\u00edstica: excel\u00eancia, inova\u00e7\u00e3o e harmonia com o ambiente marinho. A instala\u00e7\u00e3o consiste em uma s\u00e9rie de plataformas espelhadas que emergem de um mar simb\u00f3lico, evocando a ideia de uma sequ\u00eancia de ondas e criando uma intera\u00e7\u00e3o fascinante de reflexos e perspectivas. Cada elemento representa um \u00edcone do mundo Besenzoni: o passadi\u00e7o, que simboliza a conex\u00e3o entre a terra e o mar, e a<a href=\"https:\/\/yachtingnews.com\/pt-br\/besenzoni-boot-25\/\"> cadeira do piloto, <\/a>que personifica o v\u00ednculo entre navega\u00e7\u00e3o e conforto. As superf\u00edcies espelhadas desmaterializam os objetos, sugerindo a perfeita integra\u00e7\u00e3o entre os produtos Besenzoni e os iates em que s\u00e3o instalados. O movimento das ondas e o horizonte marinho ganham vida por meio da luz e dos reflexos, oferecendo aos visitantes uma experi\u00eancia visual e sensorial imersiva. O <b>Christian Grande<\/b> Studio &#8211; assim como em v\u00e1rios outros produtos e projetos desenvolvidos para o Besenzoni &#8211; interpretou com sucesso a ess\u00eancia da marca por meio de uma linguagem art\u00edstica que mescla funcionalidade e beleza.    <\/p><p><img decoding=\"async\" class=\"aligncenter wp-image-145586 size-full\" title=\"Fuorisalone\" src=\"https:\/\/yachtingnews.com\/wp-content\/uploads\/2025\/04\/UTF-8besenzoni-Fotoinserimento-specchio.jpg\" alt=\"Fuorisalone\" width=\"1400\" height=\"788\" srcset=\"https:\/\/www.yachtingnews.com\/wp-content\/uploads\/2025\/04\/UTF-8besenzoni-Fotoinserimento-specchio.jpg 1400w, https:\/\/www.yachtingnews.com\/wp-content\/uploads\/2025\/04\/UTF-8besenzoni-Fotoinserimento-specchio-300x169.jpg 300w, https:\/\/www.yachtingnews.com\/wp-content\/uploads\/2025\/04\/UTF-8besenzoni-Fotoinserimento-specchio-768x432.jpg 768w\" sizes=\"(max-width: 1400px) 100vw, 1400px\" \/><\/p><p>&#8220;Reflections on the Sea&#8221; n\u00e3o \u00e9 apenas uma instala\u00e7\u00e3o art\u00edstica, mas uma jornada experimental que envolve o espectador, tornando-o parte da pr\u00f3pria obra de arte. O uso de espelhos cria um di\u00e1logo entre o ambiente, a luz e o visitante, convidando-o a refletir sobre a rela\u00e7\u00e3o entre o homem e o mar. A instala\u00e7\u00e3o representa uma s\u00edntese perfeita de est\u00e9tica e tecnologia, incorporando a filosofia do Besenzoni: inova\u00e7\u00e3o respeitando o patrim\u00f4nio marinho.  <\/p><p>Mais especificamente, a instala\u00e7\u00e3o consiste em <b>quatro elementos met\u00e1licos esculturais com revestimento espelhado<\/b> e uma estrutura interna feita de perfis met\u00e1licos com se\u00e7\u00e3o em caixa. Cada elemento \u00e9 equipado com um contrapeso interno para garantir a estabilidade e evitar tombamento. As esculturas atingem uma altura m\u00e1xima de 280 cm e uma profundidade de 150 cm, com propor\u00e7\u00f5es harmoniosas e equilibradas. Para completar a obra de arte, h\u00e1 pain\u00e9is de vidro com diferentes acabamentos de superf\u00edcie e tonalidades, que evocam o c\u00e9u e a \u00e1gua. Gra\u00e7as \u00e0 varia\u00e7\u00e3o dos n\u00edveis de transpar\u00eancia e \u00e0 refra\u00e7\u00e3o da luz, esses pain\u00e9is criam um efeito visual din\u00e2mico e iridescente, enfatizando a intera\u00e7\u00e3o entre luz, mat\u00e9ria e espa\u00e7o.    <\/p><p><img decoding=\"async\" class=\"aligncenter wp-image-145591 size-full\" title=\"besenzoni-fuorisalone-2025\" src=\"https:\/\/yachtingnews.com\/wp-content\/uploads\/2025\/04\/UTF-8besenzoni-fuorisalone-foto.jpg\" alt=\"besenzoni-fuorisalone-2025\" width=\"1400\" height=\"787\" srcset=\"https:\/\/www.yachtingnews.com\/wp-content\/uploads\/2025\/04\/UTF-8besenzoni-fuorisalone-foto.jpg 1400w, https:\/\/www.yachtingnews.com\/wp-content\/uploads\/2025\/04\/UTF-8besenzoni-fuorisalone-foto-300x169.jpg 300w, https:\/\/www.yachtingnews.com\/wp-content\/uploads\/2025\/04\/UTF-8besenzoni-fuorisalone-foto-768x432.jpg 768w\" sizes=\"(max-width: 1400px) 100vw, 1400px\" \/><\/p><p><b>Giorgio Besenzoni<\/b>, CEO da empresa, afirma: <i>&#8220;Estamos muito satisfeitos por ter a oportunidade de participar do FuoriSalone mais uma vez. O design \u00e9 um universo que nos fascina e est\u00e1 intrinsecamente ligado ao nosso setor: os iates s\u00e3o uma express\u00e3o de design e excel\u00eancia estil\u00edstica, e acreditamos que o di\u00e1logo entre o mundo n\u00e1utico e o design pode abrir novas perspectivas. Nossa presen\u00e7a aqui n\u00e3o \u00e9 apenas uma vitrine, mas uma oportunidade de compartilhar nossa abordagem de design em um contexto mais amplo&#8221;.<\/i><\/p><p>Com essa instala\u00e7\u00e3o, a Besenzoni reafirma seu compromisso de promover a evolu\u00e7\u00e3o do design para iates e <a href=\"https:\/\/www.superyachts.news\/\">superiates<\/a>, n\u00e3o apenas aprimorando a funcionalidade de seus produtos, mas tamb\u00e9m atuando como porta-voz de uma est\u00e9tica capaz de evocar emo\u00e7\u00f5es e conex\u00f5es profundas com o ambiente marinho. A empresa continua a explorar novas formas expressivas, traduzindo sua vis\u00e3o em experi\u00eancias imersivas que aproximam o p\u00fablico da beleza e da harmonia do mar. <\/p>\t\t\t\t\t\t\t\t<\/div>\n\t\t\t\t<\/div>\n\t\t\t\t\t<\/div>\n\t\t<\/div>\n\t\t\t\t\t<\/div>\n\t\t<\/section>\n\t\t\t\t<\/div>\n\t\t","protected":false},"excerpt":{"rendered":"<p>Besenzoni reafirma seu papel de lideran\u00e7a no design n\u00e1utico. Pelo segundo ano consecutivo, a empresa sediada em Sarnico, especializada em componentes para iates, participou do FuoriSalone de Mil\u00e3o, fortalecendo ainda mais sua presen\u00e7a em um dos eventos de maior prest\u00edgio no cen\u00e1rio internacional do design. Para esta edi\u00e7\u00e3o, a Besenzoni apresentou a impressionante instala\u00e7\u00e3o art\u00edstica [&hellip;]<\/p>\n","protected":false},"author":45,"featured_media":145594,"comment_status":"open","ping_status":"open","sticky":false,"template":"","format":"standard","meta":{"_mo_disable_npp":"","footnotes":""},"categories":[1756,1653],"tags":[2803],"class_list":["post-145854","post","type-post","status-publish","format-standard","has-post-thumbnail","hentry","category-fornecimento-de-barcos","category-news-pt-br","tag-besenzoni-pt-br"],"yoast_head":"<!-- This site is optimized with the Yoast SEO plugin v28.3 - https:\/\/yoast.com\/product\/yoast-seo-wordpress\/ -->\n<title>Besenzoni Voc\u00ea \u00e9 o centro das aten\u00e7\u00f5es no FuoriSalone- Yachting News<\/title>\n<meta name=\"description\" content=\"Besenzoni reafirma seu papel de lideran\u00e7a no design n\u00e1utico. Pelo segundo ano consecutivo, a empresa sediada em Sarnico, especializada em iates, foi a ...\" \/>\n<meta name=\"robots\" content=\"index, follow, max-snippet:-1, max-image-preview:large, max-video-preview:-1\" \/>\n<link rel=\"canonical\" href=\"https:\/\/www.yachtingnews.com\/pt-br\/besenzoni-voce-e-o-centro-das-atencoes-no-fuorisalone-com-reflections-on-the-sea\/\" \/>\n<meta property=\"og:locale\" content=\"pt_BR\" \/>\n<meta property=\"og:type\" content=\"article\" \/>\n<meta property=\"og:title\" content=\"Besenzoni Voc\u00ea \u00e9 o centro das aten\u00e7\u00f5es no FuoriSalone- Yachting News\" \/>\n<meta property=\"og:description\" content=\"Besenzoni reafirma seu papel de lideran\u00e7a no design n\u00e1utico. Pelo segundo ano consecutivo, a empresa sediada em Sarnico, especializada em iates, foi a ...\" \/>\n<meta property=\"og:url\" content=\"https:\/\/www.yachtingnews.com\/pt-br\/besenzoni-voce-e-o-centro-das-atencoes-no-fuorisalone-com-reflections-on-the-sea\/\" \/>\n<meta property=\"og:site_name\" content=\"Yachting News\" \/>\n<meta property=\"article:publisher\" content=\"https:\/\/www.facebook.com\/TheInternationalYachtingMedia\" \/>\n<meta property=\"article:published_time\" content=\"2025-04-21T15:17:23+00:00\" \/>\n<meta property=\"article:modified_time\" content=\"2025-04-29T16:42:05+00:00\" \/>\n<meta property=\"og:image\" content=\"https:\/\/www.yachtingnews.com\/wp-content\/uploads\/2025\/04\/UTF-8besenzoni-fuorisalone-foto.jpg\" \/>\n\t<meta property=\"og:image:width\" content=\"1400\" \/>\n\t<meta property=\"og:image:height\" content=\"787\" \/>\n\t<meta property=\"og:image:type\" content=\"image\/jpeg\" \/>\n<meta name=\"author\" content=\"Alessandro Giuzio\" \/>\n<meta name=\"twitter:card\" content=\"summary_large_image\" \/>\n<meta name=\"twitter:creator\" content=\"@YachtingMedia\" \/>\n<meta name=\"twitter:site\" content=\"@YachtingMedia\" \/>\n<meta name=\"twitter:label1\" content=\"Escrito por\" \/>\n\t<meta name=\"twitter:data1\" content=\"Alessandro Giuzio\" \/>\n\t<meta name=\"twitter:label2\" content=\"Est. tempo de leitura\" \/>\n\t<meta name=\"twitter:data2\" content=\"4 minutos\" \/>\n<script type=\"application\/ld+json\" class=\"yoast-schema-graph\">{\"@context\":\"https:\\\/\\\/schema.org\",\"@graph\":[{\"@type\":\"Article\",\"@id\":\"https:\\\/\\\/www.yachtingnews.com\\\/pt-br\\\/besenzoni-voce-e-o-centro-das-atencoes-no-fuorisalone-com-reflections-on-the-sea\\\/#article\",\"isPartOf\":{\"@id\":\"https:\\\/\\\/www.yachtingnews.com\\\/pt-br\\\/besenzoni-voce-e-o-centro-das-atencoes-no-fuorisalone-com-reflections-on-the-sea\\\/\"},\"author\":{\"name\":\"Alessandro Giuzio\",\"@id\":\"https:\\\/\\\/www.yachtingnews.com\\\/pt-br\\\/#\\\/schema\\\/person\\\/d2e99eb1c7ce9e28a78d15e3d5d68eb3\"},\"headline\":\"Besenzoni voc\u00ea \u00e9 o centro das aten\u00e7\u00f5es no FuoriSalone com &#8216;Reflections on the Sea&#8217;\",\"datePublished\":\"2025-04-21T15:17:23+00:00\",\"dateModified\":\"2025-04-29T16:42:05+00:00\",\"mainEntityOfPage\":{\"@id\":\"https:\\\/\\\/www.yachtingnews.com\\\/pt-br\\\/besenzoni-voce-e-o-centro-das-atencoes-no-fuorisalone-com-reflections-on-the-sea\\\/\"},\"wordCount\":749,\"commentCount\":0,\"publisher\":{\"@id\":\"https:\\\/\\\/www.yachtingnews.com\\\/pt-br\\\/#organization\"},\"image\":{\"@id\":\"https:\\\/\\\/www.yachtingnews.com\\\/pt-br\\\/besenzoni-voce-e-o-centro-das-atencoes-no-fuorisalone-com-reflections-on-the-sea\\\/#primaryimage\"},\"thumbnailUrl\":\"https:\\\/\\\/www.yachtingnews.com\\\/wp-content\\\/uploads\\\/2025\\\/04\\\/UTF-8besenzoni-fuorisalone-foto.jpg\",\"keywords\":[\"Besenzoni\"],\"articleSection\":[\"Fornecimento de barcos\",\"Not\u00edcias\"],\"inLanguage\":\"pt-BR\",\"potentialAction\":[{\"@type\":\"CommentAction\",\"name\":\"Comment\",\"target\":[\"https:\\\/\\\/www.yachtingnews.com\\\/pt-br\\\/besenzoni-voce-e-o-centro-das-atencoes-no-fuorisalone-com-reflections-on-the-sea\\\/#respond\"]}]},{\"@type\":\"WebPage\",\"@id\":\"https:\\\/\\\/www.yachtingnews.com\\\/pt-br\\\/besenzoni-voce-e-o-centro-das-atencoes-no-fuorisalone-com-reflections-on-the-sea\\\/\",\"url\":\"https:\\\/\\\/www.yachtingnews.com\\\/pt-br\\\/besenzoni-voce-e-o-centro-das-atencoes-no-fuorisalone-com-reflections-on-the-sea\\\/\",\"name\":\"Besenzoni Voc\u00ea \u00e9 o centro das aten\u00e7\u00f5es no FuoriSalone- Yachting News\",\"isPartOf\":{\"@id\":\"https:\\\/\\\/www.yachtingnews.com\\\/pt-br\\\/#website\"},\"primaryImageOfPage\":{\"@id\":\"https:\\\/\\\/www.yachtingnews.com\\\/pt-br\\\/besenzoni-voce-e-o-centro-das-atencoes-no-fuorisalone-com-reflections-on-the-sea\\\/#primaryimage\"},\"image\":{\"@id\":\"https:\\\/\\\/www.yachtingnews.com\\\/pt-br\\\/besenzoni-voce-e-o-centro-das-atencoes-no-fuorisalone-com-reflections-on-the-sea\\\/#primaryimage\"},\"thumbnailUrl\":\"https:\\\/\\\/www.yachtingnews.com\\\/wp-content\\\/uploads\\\/2025\\\/04\\\/UTF-8besenzoni-fuorisalone-foto.jpg\",\"datePublished\":\"2025-04-21T15:17:23+00:00\",\"dateModified\":\"2025-04-29T16:42:05+00:00\",\"description\":\"Besenzoni reafirma seu papel de lideran\u00e7a no design n\u00e1utico. Pelo segundo ano consecutivo, a empresa sediada em Sarnico, especializada em iates, foi a ...\",\"breadcrumb\":{\"@id\":\"https:\\\/\\\/www.yachtingnews.com\\\/pt-br\\\/besenzoni-voce-e-o-centro-das-atencoes-no-fuorisalone-com-reflections-on-the-sea\\\/#breadcrumb\"},\"inLanguage\":\"pt-BR\",\"potentialAction\":[{\"@type\":\"ReadAction\",\"target\":[\"https:\\\/\\\/www.yachtingnews.com\\\/pt-br\\\/besenzoni-voce-e-o-centro-das-atencoes-no-fuorisalone-com-reflections-on-the-sea\\\/\"]}]},{\"@type\":\"ImageObject\",\"inLanguage\":\"pt-BR\",\"@id\":\"https:\\\/\\\/www.yachtingnews.com\\\/pt-br\\\/besenzoni-voce-e-o-centro-das-atencoes-no-fuorisalone-com-reflections-on-the-sea\\\/#primaryimage\",\"url\":\"https:\\\/\\\/www.yachtingnews.com\\\/wp-content\\\/uploads\\\/2025\\\/04\\\/UTF-8besenzoni-fuorisalone-foto.jpg\",\"contentUrl\":\"https:\\\/\\\/www.yachtingnews.com\\\/wp-content\\\/uploads\\\/2025\\\/04\\\/UTF-8besenzoni-fuorisalone-foto.jpg\",\"width\":1400,\"height\":787,\"caption\":\"besenzoni-fuorisalone-2025\"},{\"@type\":\"BreadcrumbList\",\"@id\":\"https:\\\/\\\/www.yachtingnews.com\\\/pt-br\\\/besenzoni-voce-e-o-centro-das-atencoes-no-fuorisalone-com-reflections-on-the-sea\\\/#breadcrumb\",\"itemListElement\":[{\"@type\":\"ListItem\",\"position\":1,\"name\":\"Home\",\"item\":\"https:\\\/\\\/www.yachtingnews.com\\\/pt-br\\\/yachting-news-2\\\/\"},{\"@type\":\"ListItem\",\"position\":2,\"name\":\"Besenzoni voc\u00ea \u00e9 o centro das aten\u00e7\u00f5es no FuoriSalone com &#8216;Reflections on the Sea&#8217;\"}]},{\"@type\":\"WebSite\",\"@id\":\"https:\\\/\\\/www.yachtingnews.com\\\/pt-br\\\/#website\",\"url\":\"https:\\\/\\\/www.yachtingnews.com\\\/pt-br\\\/\",\"name\":\"Yachting News\",\"description\":\"The International Yachting Media\",\"publisher\":{\"@id\":\"https:\\\/\\\/www.yachtingnews.com\\\/pt-br\\\/#organization\"},\"potentialAction\":[{\"@type\":\"SearchAction\",\"target\":{\"@type\":\"EntryPoint\",\"urlTemplate\":\"https:\\\/\\\/www.yachtingnews.com\\\/pt-br\\\/?s={search_term_string}\"},\"query-input\":{\"@type\":\"PropertyValueSpecification\",\"valueRequired\":true,\"valueName\":\"search_term_string\"}}],\"inLanguage\":\"pt-BR\"},{\"@type\":\"Organization\",\"@id\":\"https:\\\/\\\/www.yachtingnews.com\\\/pt-br\\\/#organization\",\"name\":\"Yachting News\",\"url\":\"https:\\\/\\\/www.yachtingnews.com\\\/pt-br\\\/\",\"logo\":{\"@type\":\"ImageObject\",\"inLanguage\":\"pt-BR\",\"@id\":\"https:\\\/\\\/www.yachtingnews.com\\\/pt-br\\\/#\\\/schema\\\/logo\\\/image\\\/\",\"url\":\"https:\\\/\\\/www.yachtingnews.com\\\/wp-content\\\/uploads\\\/2023\\\/02\\\/LOGO-Yachting-NEWS-blu-800.png\",\"contentUrl\":\"https:\\\/\\\/www.yachtingnews.com\\\/wp-content\\\/uploads\\\/2023\\\/02\\\/LOGO-Yachting-NEWS-blu-800.png\",\"width\":790,\"height\":99,\"caption\":\"Yachting News\"},\"image\":{\"@id\":\"https:\\\/\\\/www.yachtingnews.com\\\/pt-br\\\/#\\\/schema\\\/logo\\\/image\\\/\"},\"sameAs\":[\"https:\\\/\\\/www.facebook.com\\\/TheInternationalYachtingMedia\",\"https:\\\/\\\/x.com\\\/YachtingMedia\",\"https:\\\/\\\/www.instagram.com\\\/yachting.news\\\/\",\"https:\\\/\\\/www.linkedin.com\\\/company\\\/the-international-yachting-media\",\"https:\\\/\\\/www.youtube.com\\\/c\\\/TheInternationalYachtingMedia\"]},{\"@type\":\"Person\",\"@id\":\"https:\\\/\\\/www.yachtingnews.com\\\/pt-br\\\/#\\\/schema\\\/person\\\/d2e99eb1c7ce9e28a78d15e3d5d68eb3\",\"name\":\"Alessandro Giuzio\",\"image\":{\"@type\":\"ImageObject\",\"inLanguage\":\"pt-BR\",\"@id\":\"https:\\\/\\\/www.yachtingnews.com\\\/wp-content\\\/litespeed\\\/avatar\\\/a99e5f8da4fc551fb53eb9f1fec61fb4.jpg?ver=1787585046\",\"url\":\"https:\\\/\\\/www.yachtingnews.com\\\/wp-content\\\/litespeed\\\/avatar\\\/a99e5f8da4fc551fb53eb9f1fec61fb4.jpg?ver=1787585046\",\"contentUrl\":\"https:\\\/\\\/www.yachtingnews.com\\\/wp-content\\\/litespeed\\\/avatar\\\/a99e5f8da4fc551fb53eb9f1fec61fb4.jpg?ver=1787585046\",\"caption\":\"Alessandro Giuzio\"},\"description\":\"Alessandro is a professional journalist and contributes to The International Yachting Media since 2022. He is an expert on the sea and of course on boats.\",\"url\":\"https:\\\/\\\/www.yachtingnews.com\\\/pt-br\\\/author\\\/alexgiuzio\\\/\"}]}<\/script>\n<!-- \/ Yoast SEO plugin. -->","yoast_head_json":{"title":"Besenzoni Voc\u00ea \u00e9 o centro das aten\u00e7\u00f5es no FuoriSalone- Yachting News","description":"Besenzoni reafirma seu papel de lideran\u00e7a no design n\u00e1utico. Pelo segundo ano consecutivo, a empresa sediada em Sarnico, especializada em iates, foi a ...","robots":{"index":"index","follow":"follow","max-snippet":"max-snippet:-1","max-image-preview":"max-image-preview:large","max-video-preview":"max-video-preview:-1"},"canonical":"https:\/\/www.yachtingnews.com\/pt-br\/besenzoni-voce-e-o-centro-das-atencoes-no-fuorisalone-com-reflections-on-the-sea\/","og_locale":"pt_BR","og_type":"article","og_title":"Besenzoni Voc\u00ea \u00e9 o centro das aten\u00e7\u00f5es no FuoriSalone- Yachting News","og_description":"Besenzoni reafirma seu papel de lideran\u00e7a no design n\u00e1utico. Pelo segundo ano consecutivo, a empresa sediada em Sarnico, especializada em iates, foi a ...","og_url":"https:\/\/www.yachtingnews.com\/pt-br\/besenzoni-voce-e-o-centro-das-atencoes-no-fuorisalone-com-reflections-on-the-sea\/","og_site_name":"Yachting News","article_publisher":"https:\/\/www.facebook.com\/TheInternationalYachtingMedia","article_published_time":"2025-04-21T15:17:23+00:00","article_modified_time":"2025-04-29T16:42:05+00:00","og_image":[{"width":1400,"height":787,"url":"https:\/\/www.yachtingnews.com\/wp-content\/uploads\/2025\/04\/UTF-8besenzoni-fuorisalone-foto.jpg","type":"image\/jpeg"}],"author":"Alessandro Giuzio","twitter_card":"summary_large_image","twitter_creator":"@YachtingMedia","twitter_site":"@YachtingMedia","twitter_misc":{"Escrito por":"Alessandro Giuzio","Est. tempo de leitura":"4 minutos"},"schema":{"@context":"https:\/\/schema.org","@graph":[{"@type":"Article","@id":"https:\/\/www.yachtingnews.com\/pt-br\/besenzoni-voce-e-o-centro-das-atencoes-no-fuorisalone-com-reflections-on-the-sea\/#article","isPartOf":{"@id":"https:\/\/www.yachtingnews.com\/pt-br\/besenzoni-voce-e-o-centro-das-atencoes-no-fuorisalone-com-reflections-on-the-sea\/"},"author":{"name":"Alessandro Giuzio","@id":"https:\/\/www.yachtingnews.com\/pt-br\/#\/schema\/person\/d2e99eb1c7ce9e28a78d15e3d5d68eb3"},"headline":"Besenzoni voc\u00ea \u00e9 o centro das aten\u00e7\u00f5es no FuoriSalone com &#8216;Reflections on the Sea&#8217;","datePublished":"2025-04-21T15:17:23+00:00","dateModified":"2025-04-29T16:42:05+00:00","mainEntityOfPage":{"@id":"https:\/\/www.yachtingnews.com\/pt-br\/besenzoni-voce-e-o-centro-das-atencoes-no-fuorisalone-com-reflections-on-the-sea\/"},"wordCount":749,"commentCount":0,"publisher":{"@id":"https:\/\/www.yachtingnews.com\/pt-br\/#organization"},"image":{"@id":"https:\/\/www.yachtingnews.com\/pt-br\/besenzoni-voce-e-o-centro-das-atencoes-no-fuorisalone-com-reflections-on-the-sea\/#primaryimage"},"thumbnailUrl":"https:\/\/www.yachtingnews.com\/wp-content\/uploads\/2025\/04\/UTF-8besenzoni-fuorisalone-foto.jpg","keywords":["Besenzoni"],"articleSection":["Fornecimento de barcos","Not\u00edcias"],"inLanguage":"pt-BR","potentialAction":[{"@type":"CommentAction","name":"Comment","target":["https:\/\/www.yachtingnews.com\/pt-br\/besenzoni-voce-e-o-centro-das-atencoes-no-fuorisalone-com-reflections-on-the-sea\/#respond"]}]},{"@type":"WebPage","@id":"https:\/\/www.yachtingnews.com\/pt-br\/besenzoni-voce-e-o-centro-das-atencoes-no-fuorisalone-com-reflections-on-the-sea\/","url":"https:\/\/www.yachtingnews.com\/pt-br\/besenzoni-voce-e-o-centro-das-atencoes-no-fuorisalone-com-reflections-on-the-sea\/","name":"Besenzoni Voc\u00ea \u00e9 o centro das aten\u00e7\u00f5es no FuoriSalone- Yachting News","isPartOf":{"@id":"https:\/\/www.yachtingnews.com\/pt-br\/#website"},"primaryImageOfPage":{"@id":"https:\/\/www.yachtingnews.com\/pt-br\/besenzoni-voce-e-o-centro-das-atencoes-no-fuorisalone-com-reflections-on-the-sea\/#primaryimage"},"image":{"@id":"https:\/\/www.yachtingnews.com\/pt-br\/besenzoni-voce-e-o-centro-das-atencoes-no-fuorisalone-com-reflections-on-the-sea\/#primaryimage"},"thumbnailUrl":"https:\/\/www.yachtingnews.com\/wp-content\/uploads\/2025\/04\/UTF-8besenzoni-fuorisalone-foto.jpg","datePublished":"2025-04-21T15:17:23+00:00","dateModified":"2025-04-29T16:42:05+00:00","description":"Besenzoni reafirma seu papel de lideran\u00e7a no design n\u00e1utico. Pelo segundo ano consecutivo, a empresa sediada em Sarnico, especializada em iates, foi a ...","breadcrumb":{"@id":"https:\/\/www.yachtingnews.com\/pt-br\/besenzoni-voce-e-o-centro-das-atencoes-no-fuorisalone-com-reflections-on-the-sea\/#breadcrumb"},"inLanguage":"pt-BR","potentialAction":[{"@type":"ReadAction","target":["https:\/\/www.yachtingnews.com\/pt-br\/besenzoni-voce-e-o-centro-das-atencoes-no-fuorisalone-com-reflections-on-the-sea\/"]}]},{"@type":"ImageObject","inLanguage":"pt-BR","@id":"https:\/\/www.yachtingnews.com\/pt-br\/besenzoni-voce-e-o-centro-das-atencoes-no-fuorisalone-com-reflections-on-the-sea\/#primaryimage","url":"https:\/\/www.yachtingnews.com\/wp-content\/uploads\/2025\/04\/UTF-8besenzoni-fuorisalone-foto.jpg","contentUrl":"https:\/\/www.yachtingnews.com\/wp-content\/uploads\/2025\/04\/UTF-8besenzoni-fuorisalone-foto.jpg","width":1400,"height":787,"caption":"besenzoni-fuorisalone-2025"},{"@type":"BreadcrumbList","@id":"https:\/\/www.yachtingnews.com\/pt-br\/besenzoni-voce-e-o-centro-das-atencoes-no-fuorisalone-com-reflections-on-the-sea\/#breadcrumb","itemListElement":[{"@type":"ListItem","position":1,"name":"Home","item":"https:\/\/www.yachtingnews.com\/pt-br\/yachting-news-2\/"},{"@type":"ListItem","position":2,"name":"Besenzoni voc\u00ea \u00e9 o centro das aten\u00e7\u00f5es no FuoriSalone com &#8216;Reflections on the Sea&#8217;"}]},{"@type":"WebSite","@id":"https:\/\/www.yachtingnews.com\/pt-br\/#website","url":"https:\/\/www.yachtingnews.com\/pt-br\/","name":"Yachting News","description":"The International Yachting Media","publisher":{"@id":"https:\/\/www.yachtingnews.com\/pt-br\/#organization"},"potentialAction":[{"@type":"SearchAction","target":{"@type":"EntryPoint","urlTemplate":"https:\/\/www.yachtingnews.com\/pt-br\/?s={search_term_string}"},"query-input":{"@type":"PropertyValueSpecification","valueRequired":true,"valueName":"search_term_string"}}],"inLanguage":"pt-BR"},{"@type":"Organization","@id":"https:\/\/www.yachtingnews.com\/pt-br\/#organization","name":"Yachting News","url":"https:\/\/www.yachtingnews.com\/pt-br\/","logo":{"@type":"ImageObject","inLanguage":"pt-BR","@id":"https:\/\/www.yachtingnews.com\/pt-br\/#\/schema\/logo\/image\/","url":"https:\/\/www.yachtingnews.com\/wp-content\/uploads\/2023\/02\/LOGO-Yachting-NEWS-blu-800.png","contentUrl":"https:\/\/www.yachtingnews.com\/wp-content\/uploads\/2023\/02\/LOGO-Yachting-NEWS-blu-800.png","width":790,"height":99,"caption":"Yachting News"},"image":{"@id":"https:\/\/www.yachtingnews.com\/pt-br\/#\/schema\/logo\/image\/"},"sameAs":["https:\/\/www.facebook.com\/TheInternationalYachtingMedia","https:\/\/x.com\/YachtingMedia","https:\/\/www.instagram.com\/yachting.news\/","https:\/\/www.linkedin.com\/company\/the-international-yachting-media","https:\/\/www.youtube.com\/c\/TheInternationalYachtingMedia"]},{"@type":"Person","@id":"https:\/\/www.yachtingnews.com\/pt-br\/#\/schema\/person\/d2e99eb1c7ce9e28a78d15e3d5d68eb3","name":"Alessandro Giuzio","image":{"@type":"ImageObject","inLanguage":"pt-BR","@id":"https:\/\/www.yachtingnews.com\/wp-content\/litespeed\/avatar\/a99e5f8da4fc551fb53eb9f1fec61fb4.jpg?ver=1787585046","url":"https:\/\/www.yachtingnews.com\/wp-content\/litespeed\/avatar\/a99e5f8da4fc551fb53eb9f1fec61fb4.jpg?ver=1787585046","contentUrl":"https:\/\/www.yachtingnews.com\/wp-content\/litespeed\/avatar\/a99e5f8da4fc551fb53eb9f1fec61fb4.jpg?ver=1787585046","caption":"Alessandro Giuzio"},"description":"Alessandro is a professional journalist and contributes to The International Yachting Media since 2022. He is an expert on the sea and of course on boats.","url":"https:\/\/www.yachtingnews.com\/pt-br\/author\/alexgiuzio\/"}]}},"_links":{"self":[{"href":"https:\/\/www.yachtingnews.com\/pt-br\/wp-json\/wp\/v2\/posts\/145854","targetHints":{"allow":["GET"]}}],"collection":[{"href":"https:\/\/www.yachtingnews.com\/pt-br\/wp-json\/wp\/v2\/posts"}],"about":[{"href":"https:\/\/www.yachtingnews.com\/pt-br\/wp-json\/wp\/v2\/types\/post"}],"author":[{"embeddable":true,"href":"https:\/\/www.yachtingnews.com\/pt-br\/wp-json\/wp\/v2\/users\/45"}],"replies":[{"embeddable":true,"href":"https:\/\/www.yachtingnews.com\/pt-br\/wp-json\/wp\/v2\/comments?post=145854"}],"version-history":[{"count":0,"href":"https:\/\/www.yachtingnews.com\/pt-br\/wp-json\/wp\/v2\/posts\/145854\/revisions"}],"wp:featuredmedia":[{"embeddable":true,"href":"https:\/\/www.yachtingnews.com\/pt-br\/wp-json\/wp\/v2\/media\/145594"}],"wp:attachment":[{"href":"https:\/\/www.yachtingnews.com\/pt-br\/wp-json\/wp\/v2\/media?parent=145854"}],"wp:term":[{"taxonomy":"category","embeddable":true,"href":"https:\/\/www.yachtingnews.com\/pt-br\/wp-json\/wp\/v2\/categories?post=145854"},{"taxonomy":"post_tag","embeddable":true,"href":"https:\/\/www.yachtingnews.com\/pt-br\/wp-json\/wp\/v2\/tags?post=145854"}],"curies":[{"name":"wp","href":"https:\/\/api.w.org\/{rel}","templated":true}]}}