{"id":145975,"date":"2024-12-20T07:44:00","date_gmt":"2024-12-20T06:44:00","guid":{"rendered":"https:\/\/yachtingnews.com\/arianna-milesi-foi-nomeada-como-nova-gerente-de-comunicacao-da-rio-yachts\/"},"modified":"2025-04-29T17:48:47","modified_gmt":"2025-04-29T16:48:47","slug":"arianna-milesi-foi-nomeada-como-nova-gerente-de-comunicacao-da-rio-yachts","status":"publish","type":"post","link":"https:\/\/www.yachtingnews.com\/pt-br\/arianna-milesi-foi-nomeada-como-nova-gerente-de-comunicacao-da-rio-yachts\/","title":{"rendered":"Arianna Milesi foi nomeada como nova gerente de comunica\u00e7\u00e3o da Rio Yachts"},"content":{"rendered":"\t\t<div data-elementor-type=\"wp-post\" data-elementor-id=\"145975\" class=\"elementor elementor-145975 elementor-141440\" data-elementor-post-type=\"post\">\n\t\t\t\t\t\t<section class=\"elementor-section elementor-top-section elementor-element elementor-element-398a92cc elementor-section-boxed elementor-section-height-default elementor-section-height-default\" data-id=\"398a92cc\" data-element_type=\"section\" data-e-type=\"section\">\n\t\t\t\t\t\t<div class=\"elementor-container elementor-column-gap-default\">\n\t\t\t\t\t<div class=\"elementor-column elementor-col-100 elementor-top-column elementor-element elementor-element-60bafb74\" data-id=\"60bafb74\" data-element_type=\"column\" data-e-type=\"column\">\n\t\t\t<div class=\"elementor-widget-wrap elementor-element-populated\">\n\t\t\t\t\t\t<div class=\"elementor-element elementor-element-71e9d9fa elementor-widget elementor-widget-text-editor\" data-id=\"71e9d9fa\" data-element_type=\"widget\" data-e-type=\"widget\" data-widget_type=\"text-editor.default\">\n\t\t\t\t<div class=\"elementor-widget-container\">\n\t\t\t\t\t\t\t\t\t<p>O departamento de marketing da Rio Yachts recebe uma nova integrante: <b>Arianna Milesi<\/b>, que assumir\u00e1 o comando das comunica\u00e7\u00f5es da renomada marca. Milesi, com um hist\u00f3rico impressionante no setor n\u00e1utico, sucede Paola Barcella, que trabalhou com sucesso na Rio Yachts por 16 anos. O estaleiro sediado em Bergamo expressou sua gratid\u00e3o a Barcella, declarando: <i>&#8220;Agradecemos sinceramente pelos 16 anos de colabora\u00e7\u00e3o frut\u00edfera e desejamos muito sucesso em seus futuros empreendimentos profissionais&#8221;.<\/i>  <\/p><p><img decoding=\"async\" class=\"alignright wp-image-141446\" title=\"Foto de Arianna Milesi\" src=\"https:\/\/yachtingnews.com\/wp-content\/uploads\/2024\/12\/Foto-Arianna-Milesi-225x300.jpg\" alt=\"Foto de Arianna Milesi\" width=\"300\" height=\"400\" srcset=\"https:\/\/www.yachtingnews.com\/wp-content\/uploads\/2024\/12\/Foto-Arianna-Milesi-225x300.jpg 225w, https:\/\/www.yachtingnews.com\/wp-content\/uploads\/2024\/12\/Foto-Arianna-Milesi-900x1200.jpg 900w, https:\/\/www.yachtingnews.com\/wp-content\/uploads\/2024\/12\/Foto-Arianna-Milesi-768x1024.jpg 768w, https:\/\/www.yachtingnews.com\/wp-content\/uploads\/2024\/12\/Foto-Arianna-Milesi.jpg 1000w\" sizes=\"(max-width: 300px) 100vw, 300px\" \/>Em uma entrevista ao <em>YachtingNews<\/em>, Arianna Milesi compartilhou seus pensamentos iniciais sobre a entrada no <b>Rio Yachts:<\/b> <i>&#8220;Estou entusiasmado por come\u00e7ar a trabalhar em uma empresa italiana<a href=\"https:\/\/yachtingnews.com\/pt-br\/\"> de iatismo <\/a>hist\u00f3rica e familiar. Rio Yachts A marca Yachting Inc. manteve um perfil forte ao longo de seus mais de 60 anos de exist\u00eancia; sua propriedade nunca mudou e sempre se adaptou ao cen\u00e1rio de iates em evolu\u00e7\u00e3o. \u00c9 uma marca de prest\u00edgio que fez hist\u00f3ria no setor, e tenho orgulho de me juntar \u00e0 equipe&#8221;.    <\/i><\/p><p>Milesi continuou: <i>&#8220;O siteRio Yachts sempre foi pioneiro, especialmente em sua abordagem de comunica\u00e7\u00e3o e marketing no setor n\u00e1utico. N\u00e3o tive a honra de trabalhar com meu antecessor, mas assumir essa fun\u00e7\u00e3o \u00e9 um importante motivador e um reconhecimento para mim, que promover\u00e1 meu crescimento profissional&#8221;.<\/i><\/p><p>No <a href=\"https:\/\/yachtingnews.com\/pt-br\/italian-elegance-rio-yachts\/\">siteRio Yachts<\/a>, Arianna Milesi supervisionar\u00e1 o <b>marketing, as comunica\u00e7\u00f5es, as rela\u00e7\u00f5es com a imprensa e o gerenciamento de feiras e eventos.<\/b> Ela tamb\u00e9m dar\u00e1 suporte ao departamento de vendas em aspectos relacionados \u00e0 comunica\u00e7\u00e3o, tanto antes quanto depois da venda.<\/p><p><img decoding=\"async\" class=\"aligncenter wp-image-141441 size-full\" title=\"Rio-Yachts_LE-MANS-50\" src=\"https:\/\/yachtingnews.com\/wp-content\/uploads\/2024\/12\/Rio-Yachts_LE-MANS-50-2.webp\" alt=\"Rio-Yachts_LE-MANS-50\" width=\"1024\" height=\"767\" srcset=\"https:\/\/www.yachtingnews.com\/wp-content\/uploads\/2024\/12\/Rio-Yachts_LE-MANS-50-2.webp 1024w, https:\/\/www.yachtingnews.com\/wp-content\/uploads\/2024\/12\/Rio-Yachts_LE-MANS-50-2-300x225.webp 300w, https:\/\/www.yachtingnews.com\/wp-content\/uploads\/2024\/12\/Rio-Yachts_LE-MANS-50-2-768x575.webp 768w\" sizes=\"(max-width: 1024px) 100vw, 1024px\" \/><\/p><p>Nascida em 1991, Arianna Milesi formou-se em comunica\u00e7\u00e3o e, ap\u00f3s uma breve experi\u00eancia profissional em uma ag\u00eancia de comunica\u00e7\u00e3o, entrou imediatamente no setor n\u00e1utico com a <b>Sessa Marine<\/b>, onde trabalhou por seis anos. Em seguida, foi para a <b>Solemar<\/b>, onde desempenhou um papel fundamental no relan\u00e7amento da marca no mercado. Depois de um ano e meio no estaleiro sediado em Bergamo, ela entrou para a Rio Yachts.  <\/p><p>&#8220;<i>Sempre trabalhei com marketing e comunica\u00e7\u00e3o no mundo dos iates, e \u00e9 aqui que quero ficar <\/i>&#8211; enfatiza Milesi -.  <i>Afinal de contas,<a href=\"https:\/\/www.superyachts.news\/\"> os barcos<\/a> s\u00e3o uma grande paix\u00e3o para mim. Tenho licen\u00e7a para navegar, adoro fazer travessias e participo regularmente de shows, feiras e eventos do setor &#8211; n\u00e3o apenas a trabalho&#8221;. <\/i><\/p>\t\t\t\t\t\t\t\t<\/div>\n\t\t\t\t<\/div>\n\t\t\t\t\t<\/div>\n\t\t<\/div>\n\t\t\t\t\t<\/div>\n\t\t<\/section>\n\t\t\t\t<\/div>\n\t\t","protected":false},"excerpt":{"rendered":"<p>O departamento de marketing da Rio Yachts recebe uma nova integrante: Arianna Milesi, que assumir\u00e1 o comando das comunica\u00e7\u00f5es da renomada marca. Milesi, com um hist\u00f3rico impressionante no setor n\u00e1utico, sucede Paola Barcella, que trabalhou com sucesso na Rio Yachts por 16 anos. O estaleiro sediado em Bergamo expressou sua gratid\u00e3o a Barcella, declarando: &#8220;Agradecemos [&hellip;]<\/p>\n","protected":false},"author":45,"featured_media":141454,"comment_status":"open","ping_status":"open","sticky":false,"template":"","format":"standard","meta":{"_mo_disable_npp":"","footnotes":""},"categories":[1653],"tags":[1690],"class_list":["post-145975","post","type-post","status-publish","format-standard","has-post-thumbnail","hentry","category-news-pt-br","tag-rio-yachts-pt-br"],"yoast_head":"<!-- This site is optimized with the Yoast SEO plugin v28.3 - https:\/\/yoast.com\/product\/yoast-seo-wordpress\/ -->\n<title>Arianna Milesi \u00e9 a nova gerente de comunica\u00e7\u00e3o da Rio Yachts - Yachting News<\/title>\n<meta name=\"description\" content=\"O departamento de marketing da Rio Yachts recebe uma nova integrante: Arianna Milesi, que assumir\u00e1 o comando da equipe de marketing da renomada marca...\" \/>\n<meta name=\"robots\" content=\"index, follow, max-snippet:-1, max-image-preview:large, max-video-preview:-1\" \/>\n<link rel=\"canonical\" href=\"https:\/\/www.yachtingnews.com\/pt-br\/arianna-milesi-foi-nomeada-como-nova-gerente-de-comunicacao-da-rio-yachts\/\" \/>\n<meta property=\"og:locale\" content=\"pt_BR\" \/>\n<meta property=\"og:type\" content=\"article\" \/>\n<meta property=\"og:title\" content=\"Arianna Milesi \u00e9 a nova gerente de comunica\u00e7\u00e3o da Rio Yachts - Yachting News\" \/>\n<meta property=\"og:description\" content=\"O departamento de marketing da Rio Yachts recebe uma nova integrante: Arianna Milesi, que assumir\u00e1 o comando da equipe de marketing da renomada marca...\" \/>\n<meta property=\"og:url\" content=\"https:\/\/www.yachtingnews.com\/pt-br\/arianna-milesi-foi-nomeada-como-nova-gerente-de-comunicacao-da-rio-yachts\/\" \/>\n<meta property=\"og:site_name\" content=\"Yachting News\" \/>\n<meta property=\"article:publisher\" content=\"https:\/\/www.facebook.com\/TheInternationalYachtingMedia\" \/>\n<meta property=\"article:published_time\" content=\"2024-12-20T06:44:00+00:00\" \/>\n<meta property=\"article:modified_time\" content=\"2025-04-29T16:48:47+00:00\" \/>\n<meta property=\"og:image\" content=\"https:\/\/www.yachtingnews.com\/wp-content\/uploads\/2024\/12\/arianna-milesi-rio.jpg\" \/>\n\t<meta property=\"og:image:width\" content=\"1400\" \/>\n\t<meta property=\"og:image:height\" content=\"787\" \/>\n\t<meta property=\"og:image:type\" content=\"image\/jpeg\" \/>\n<meta name=\"author\" content=\"Alessandro Giuzio\" \/>\n<meta name=\"twitter:card\" content=\"summary_large_image\" \/>\n<meta name=\"twitter:creator\" content=\"@YachtingMedia\" \/>\n<meta name=\"twitter:site\" content=\"@YachtingMedia\" \/>\n<meta name=\"twitter:label1\" content=\"Escrito por\" \/>\n\t<meta name=\"twitter:data1\" content=\"Alessandro Giuzio\" \/>\n\t<meta name=\"twitter:label2\" content=\"Est. tempo de leitura\" \/>\n\t<meta name=\"twitter:data2\" content=\"2 minutos\" \/>\n<script type=\"application\/ld+json\" class=\"yoast-schema-graph\">{\"@context\":\"https:\\\/\\\/schema.org\",\"@graph\":[{\"@type\":\"Article\",\"@id\":\"https:\\\/\\\/www.yachtingnews.com\\\/pt-br\\\/arianna-milesi-foi-nomeada-como-nova-gerente-de-comunicacao-da-rio-yachts\\\/#article\",\"isPartOf\":{\"@id\":\"https:\\\/\\\/www.yachtingnews.com\\\/pt-br\\\/arianna-milesi-foi-nomeada-como-nova-gerente-de-comunicacao-da-rio-yachts\\\/\"},\"author\":{\"name\":\"Alessandro Giuzio\",\"@id\":\"https:\\\/\\\/www.yachtingnews.com\\\/pt-br\\\/#\\\/schema\\\/person\\\/d2e99eb1c7ce9e28a78d15e3d5d68eb3\"},\"headline\":\"Arianna Milesi foi nomeada como nova gerente de comunica\u00e7\u00e3o da Rio Yachts\",\"datePublished\":\"2024-12-20T06:44:00+00:00\",\"dateModified\":\"2025-04-29T16:48:47+00:00\",\"mainEntityOfPage\":{\"@id\":\"https:\\\/\\\/www.yachtingnews.com\\\/pt-br\\\/arianna-milesi-foi-nomeada-como-nova-gerente-de-comunicacao-da-rio-yachts\\\/\"},\"wordCount\":399,\"commentCount\":0,\"publisher\":{\"@id\":\"https:\\\/\\\/www.yachtingnews.com\\\/pt-br\\\/#organization\"},\"image\":{\"@id\":\"https:\\\/\\\/www.yachtingnews.com\\\/pt-br\\\/arianna-milesi-foi-nomeada-como-nova-gerente-de-comunicacao-da-rio-yachts\\\/#primaryimage\"},\"thumbnailUrl\":\"https:\\\/\\\/www.yachtingnews.com\\\/wp-content\\\/uploads\\\/2024\\\/12\\\/arianna-milesi-rio.jpg\",\"keywords\":[\"Rio Yachts\"],\"articleSection\":[\"Not\u00edcias\"],\"inLanguage\":\"pt-BR\",\"potentialAction\":[{\"@type\":\"CommentAction\",\"name\":\"Comment\",\"target\":[\"https:\\\/\\\/www.yachtingnews.com\\\/pt-br\\\/arianna-milesi-foi-nomeada-como-nova-gerente-de-comunicacao-da-rio-yachts\\\/#respond\"]}]},{\"@type\":\"WebPage\",\"@id\":\"https:\\\/\\\/www.yachtingnews.com\\\/pt-br\\\/arianna-milesi-foi-nomeada-como-nova-gerente-de-comunicacao-da-rio-yachts\\\/\",\"url\":\"https:\\\/\\\/www.yachtingnews.com\\\/pt-br\\\/arianna-milesi-foi-nomeada-como-nova-gerente-de-comunicacao-da-rio-yachts\\\/\",\"name\":\"Arianna Milesi \u00e9 a nova gerente de comunica\u00e7\u00e3o da Rio Yachts - Yachting News\",\"isPartOf\":{\"@id\":\"https:\\\/\\\/www.yachtingnews.com\\\/pt-br\\\/#website\"},\"primaryImageOfPage\":{\"@id\":\"https:\\\/\\\/www.yachtingnews.com\\\/pt-br\\\/arianna-milesi-foi-nomeada-como-nova-gerente-de-comunicacao-da-rio-yachts\\\/#primaryimage\"},\"image\":{\"@id\":\"https:\\\/\\\/www.yachtingnews.com\\\/pt-br\\\/arianna-milesi-foi-nomeada-como-nova-gerente-de-comunicacao-da-rio-yachts\\\/#primaryimage\"},\"thumbnailUrl\":\"https:\\\/\\\/www.yachtingnews.com\\\/wp-content\\\/uploads\\\/2024\\\/12\\\/arianna-milesi-rio.jpg\",\"datePublished\":\"2024-12-20T06:44:00+00:00\",\"dateModified\":\"2025-04-29T16:48:47+00:00\",\"description\":\"O departamento de marketing da Rio Yachts recebe uma nova integrante: Arianna Milesi, que assumir\u00e1 o comando da equipe de marketing da renomada marca...\",\"breadcrumb\":{\"@id\":\"https:\\\/\\\/www.yachtingnews.com\\\/pt-br\\\/arianna-milesi-foi-nomeada-como-nova-gerente-de-comunicacao-da-rio-yachts\\\/#breadcrumb\"},\"inLanguage\":\"pt-BR\",\"potentialAction\":[{\"@type\":\"ReadAction\",\"target\":[\"https:\\\/\\\/www.yachtingnews.com\\\/pt-br\\\/arianna-milesi-foi-nomeada-como-nova-gerente-de-comunicacao-da-rio-yachts\\\/\"]}]},{\"@type\":\"ImageObject\",\"inLanguage\":\"pt-BR\",\"@id\":\"https:\\\/\\\/www.yachtingnews.com\\\/pt-br\\\/arianna-milesi-foi-nomeada-como-nova-gerente-de-comunicacao-da-rio-yachts\\\/#primaryimage\",\"url\":\"https:\\\/\\\/www.yachtingnews.com\\\/wp-content\\\/uploads\\\/2024\\\/12\\\/arianna-milesi-rio.jpg\",\"contentUrl\":\"https:\\\/\\\/www.yachtingnews.com\\\/wp-content\\\/uploads\\\/2024\\\/12\\\/arianna-milesi-rio.jpg\",\"width\":1400,\"height\":787,\"caption\":\"arianna-milesi-rio\"},{\"@type\":\"BreadcrumbList\",\"@id\":\"https:\\\/\\\/www.yachtingnews.com\\\/pt-br\\\/arianna-milesi-foi-nomeada-como-nova-gerente-de-comunicacao-da-rio-yachts\\\/#breadcrumb\",\"itemListElement\":[{\"@type\":\"ListItem\",\"position\":1,\"name\":\"Home\",\"item\":\"https:\\\/\\\/www.yachtingnews.com\\\/pt-br\\\/yachting-news-2\\\/\"},{\"@type\":\"ListItem\",\"position\":2,\"name\":\"Arianna Milesi foi nomeada como nova gerente de comunica\u00e7\u00e3o da Rio Yachts\"}]},{\"@type\":\"WebSite\",\"@id\":\"https:\\\/\\\/www.yachtingnews.com\\\/pt-br\\\/#website\",\"url\":\"https:\\\/\\\/www.yachtingnews.com\\\/pt-br\\\/\",\"name\":\"Yachting News\",\"description\":\"The International Yachting Media\",\"publisher\":{\"@id\":\"https:\\\/\\\/www.yachtingnews.com\\\/pt-br\\\/#organization\"},\"potentialAction\":[{\"@type\":\"SearchAction\",\"target\":{\"@type\":\"EntryPoint\",\"urlTemplate\":\"https:\\\/\\\/www.yachtingnews.com\\\/pt-br\\\/?s={search_term_string}\"},\"query-input\":{\"@type\":\"PropertyValueSpecification\",\"valueRequired\":true,\"valueName\":\"search_term_string\"}}],\"inLanguage\":\"pt-BR\"},{\"@type\":\"Organization\",\"@id\":\"https:\\\/\\\/www.yachtingnews.com\\\/pt-br\\\/#organization\",\"name\":\"Yachting News\",\"url\":\"https:\\\/\\\/www.yachtingnews.com\\\/pt-br\\\/\",\"logo\":{\"@type\":\"ImageObject\",\"inLanguage\":\"pt-BR\",\"@id\":\"https:\\\/\\\/www.yachtingnews.com\\\/pt-br\\\/#\\\/schema\\\/logo\\\/image\\\/\",\"url\":\"https:\\\/\\\/www.yachtingnews.com\\\/wp-content\\\/uploads\\\/2023\\\/02\\\/LOGO-Yachting-NEWS-blu-800.png\",\"contentUrl\":\"https:\\\/\\\/www.yachtingnews.com\\\/wp-content\\\/uploads\\\/2023\\\/02\\\/LOGO-Yachting-NEWS-blu-800.png\",\"width\":790,\"height\":99,\"caption\":\"Yachting News\"},\"image\":{\"@id\":\"https:\\\/\\\/www.yachtingnews.com\\\/pt-br\\\/#\\\/schema\\\/logo\\\/image\\\/\"},\"sameAs\":[\"https:\\\/\\\/www.facebook.com\\\/TheInternationalYachtingMedia\",\"https:\\\/\\\/x.com\\\/YachtingMedia\",\"https:\\\/\\\/www.instagram.com\\\/yachting.news\\\/\",\"https:\\\/\\\/www.linkedin.com\\\/company\\\/the-international-yachting-media\",\"https:\\\/\\\/www.youtube.com\\\/c\\\/TheInternationalYachtingMedia\"]},{\"@type\":\"Person\",\"@id\":\"https:\\\/\\\/www.yachtingnews.com\\\/pt-br\\\/#\\\/schema\\\/person\\\/d2e99eb1c7ce9e28a78d15e3d5d68eb3\",\"name\":\"Alessandro Giuzio\",\"image\":{\"@type\":\"ImageObject\",\"inLanguage\":\"pt-BR\",\"@id\":\"https:\\\/\\\/www.yachtingnews.com\\\/wp-content\\\/litespeed\\\/avatar\\\/a99e5f8da4fc551fb53eb9f1fec61fb4.jpg?ver=1787585046\",\"url\":\"https:\\\/\\\/www.yachtingnews.com\\\/wp-content\\\/litespeed\\\/avatar\\\/a99e5f8da4fc551fb53eb9f1fec61fb4.jpg?ver=1787585046\",\"contentUrl\":\"https:\\\/\\\/www.yachtingnews.com\\\/wp-content\\\/litespeed\\\/avatar\\\/a99e5f8da4fc551fb53eb9f1fec61fb4.jpg?ver=1787585046\",\"caption\":\"Alessandro Giuzio\"},\"description\":\"Alessandro is a professional journalist and contributes to The International Yachting Media since 2022. He is an expert on the sea and of course on boats.\",\"url\":\"https:\\\/\\\/www.yachtingnews.com\\\/pt-br\\\/author\\\/alexgiuzio\\\/\"}]}<\/script>\n<!-- \/ Yoast SEO plugin. -->","yoast_head_json":{"title":"Arianna Milesi \u00e9 a nova gerente de comunica\u00e7\u00e3o da Rio Yachts - Yachting News","description":"O departamento de marketing da Rio Yachts recebe uma nova integrante: Arianna Milesi, que assumir\u00e1 o comando da equipe de marketing da renomada marca...","robots":{"index":"index","follow":"follow","max-snippet":"max-snippet:-1","max-image-preview":"max-image-preview:large","max-video-preview":"max-video-preview:-1"},"canonical":"https:\/\/www.yachtingnews.com\/pt-br\/arianna-milesi-foi-nomeada-como-nova-gerente-de-comunicacao-da-rio-yachts\/","og_locale":"pt_BR","og_type":"article","og_title":"Arianna Milesi \u00e9 a nova gerente de comunica\u00e7\u00e3o da Rio Yachts - Yachting News","og_description":"O departamento de marketing da Rio Yachts recebe uma nova integrante: Arianna Milesi, que assumir\u00e1 o comando da equipe de marketing da renomada marca...","og_url":"https:\/\/www.yachtingnews.com\/pt-br\/arianna-milesi-foi-nomeada-como-nova-gerente-de-comunicacao-da-rio-yachts\/","og_site_name":"Yachting News","article_publisher":"https:\/\/www.facebook.com\/TheInternationalYachtingMedia","article_published_time":"2024-12-20T06:44:00+00:00","article_modified_time":"2025-04-29T16:48:47+00:00","og_image":[{"width":1400,"height":787,"url":"https:\/\/www.yachtingnews.com\/wp-content\/uploads\/2024\/12\/arianna-milesi-rio.jpg","type":"image\/jpeg"}],"author":"Alessandro Giuzio","twitter_card":"summary_large_image","twitter_creator":"@YachtingMedia","twitter_site":"@YachtingMedia","twitter_misc":{"Escrito por":"Alessandro Giuzio","Est. tempo de leitura":"2 minutos"},"schema":{"@context":"https:\/\/schema.org","@graph":[{"@type":"Article","@id":"https:\/\/www.yachtingnews.com\/pt-br\/arianna-milesi-foi-nomeada-como-nova-gerente-de-comunicacao-da-rio-yachts\/#article","isPartOf":{"@id":"https:\/\/www.yachtingnews.com\/pt-br\/arianna-milesi-foi-nomeada-como-nova-gerente-de-comunicacao-da-rio-yachts\/"},"author":{"name":"Alessandro Giuzio","@id":"https:\/\/www.yachtingnews.com\/pt-br\/#\/schema\/person\/d2e99eb1c7ce9e28a78d15e3d5d68eb3"},"headline":"Arianna Milesi foi nomeada como nova gerente de comunica\u00e7\u00e3o da Rio Yachts","datePublished":"2024-12-20T06:44:00+00:00","dateModified":"2025-04-29T16:48:47+00:00","mainEntityOfPage":{"@id":"https:\/\/www.yachtingnews.com\/pt-br\/arianna-milesi-foi-nomeada-como-nova-gerente-de-comunicacao-da-rio-yachts\/"},"wordCount":399,"commentCount":0,"publisher":{"@id":"https:\/\/www.yachtingnews.com\/pt-br\/#organization"},"image":{"@id":"https:\/\/www.yachtingnews.com\/pt-br\/arianna-milesi-foi-nomeada-como-nova-gerente-de-comunicacao-da-rio-yachts\/#primaryimage"},"thumbnailUrl":"https:\/\/www.yachtingnews.com\/wp-content\/uploads\/2024\/12\/arianna-milesi-rio.jpg","keywords":["Rio Yachts"],"articleSection":["Not\u00edcias"],"inLanguage":"pt-BR","potentialAction":[{"@type":"CommentAction","name":"Comment","target":["https:\/\/www.yachtingnews.com\/pt-br\/arianna-milesi-foi-nomeada-como-nova-gerente-de-comunicacao-da-rio-yachts\/#respond"]}]},{"@type":"WebPage","@id":"https:\/\/www.yachtingnews.com\/pt-br\/arianna-milesi-foi-nomeada-como-nova-gerente-de-comunicacao-da-rio-yachts\/","url":"https:\/\/www.yachtingnews.com\/pt-br\/arianna-milesi-foi-nomeada-como-nova-gerente-de-comunicacao-da-rio-yachts\/","name":"Arianna Milesi \u00e9 a nova gerente de comunica\u00e7\u00e3o da Rio Yachts - Yachting News","isPartOf":{"@id":"https:\/\/www.yachtingnews.com\/pt-br\/#website"},"primaryImageOfPage":{"@id":"https:\/\/www.yachtingnews.com\/pt-br\/arianna-milesi-foi-nomeada-como-nova-gerente-de-comunicacao-da-rio-yachts\/#primaryimage"},"image":{"@id":"https:\/\/www.yachtingnews.com\/pt-br\/arianna-milesi-foi-nomeada-como-nova-gerente-de-comunicacao-da-rio-yachts\/#primaryimage"},"thumbnailUrl":"https:\/\/www.yachtingnews.com\/wp-content\/uploads\/2024\/12\/arianna-milesi-rio.jpg","datePublished":"2024-12-20T06:44:00+00:00","dateModified":"2025-04-29T16:48:47+00:00","description":"O departamento de marketing da Rio Yachts recebe uma nova integrante: Arianna Milesi, que assumir\u00e1 o comando da equipe de marketing da renomada marca...","breadcrumb":{"@id":"https:\/\/www.yachtingnews.com\/pt-br\/arianna-milesi-foi-nomeada-como-nova-gerente-de-comunicacao-da-rio-yachts\/#breadcrumb"},"inLanguage":"pt-BR","potentialAction":[{"@type":"ReadAction","target":["https:\/\/www.yachtingnews.com\/pt-br\/arianna-milesi-foi-nomeada-como-nova-gerente-de-comunicacao-da-rio-yachts\/"]}]},{"@type":"ImageObject","inLanguage":"pt-BR","@id":"https:\/\/www.yachtingnews.com\/pt-br\/arianna-milesi-foi-nomeada-como-nova-gerente-de-comunicacao-da-rio-yachts\/#primaryimage","url":"https:\/\/www.yachtingnews.com\/wp-content\/uploads\/2024\/12\/arianna-milesi-rio.jpg","contentUrl":"https:\/\/www.yachtingnews.com\/wp-content\/uploads\/2024\/12\/arianna-milesi-rio.jpg","width":1400,"height":787,"caption":"arianna-milesi-rio"},{"@type":"BreadcrumbList","@id":"https:\/\/www.yachtingnews.com\/pt-br\/arianna-milesi-foi-nomeada-como-nova-gerente-de-comunicacao-da-rio-yachts\/#breadcrumb","itemListElement":[{"@type":"ListItem","position":1,"name":"Home","item":"https:\/\/www.yachtingnews.com\/pt-br\/yachting-news-2\/"},{"@type":"ListItem","position":2,"name":"Arianna Milesi foi nomeada como nova gerente de comunica\u00e7\u00e3o da Rio Yachts"}]},{"@type":"WebSite","@id":"https:\/\/www.yachtingnews.com\/pt-br\/#website","url":"https:\/\/www.yachtingnews.com\/pt-br\/","name":"Yachting News","description":"The International Yachting Media","publisher":{"@id":"https:\/\/www.yachtingnews.com\/pt-br\/#organization"},"potentialAction":[{"@type":"SearchAction","target":{"@type":"EntryPoint","urlTemplate":"https:\/\/www.yachtingnews.com\/pt-br\/?s={search_term_string}"},"query-input":{"@type":"PropertyValueSpecification","valueRequired":true,"valueName":"search_term_string"}}],"inLanguage":"pt-BR"},{"@type":"Organization","@id":"https:\/\/www.yachtingnews.com\/pt-br\/#organization","name":"Yachting News","url":"https:\/\/www.yachtingnews.com\/pt-br\/","logo":{"@type":"ImageObject","inLanguage":"pt-BR","@id":"https:\/\/www.yachtingnews.com\/pt-br\/#\/schema\/logo\/image\/","url":"https:\/\/www.yachtingnews.com\/wp-content\/uploads\/2023\/02\/LOGO-Yachting-NEWS-blu-800.png","contentUrl":"https:\/\/www.yachtingnews.com\/wp-content\/uploads\/2023\/02\/LOGO-Yachting-NEWS-blu-800.png","width":790,"height":99,"caption":"Yachting News"},"image":{"@id":"https:\/\/www.yachtingnews.com\/pt-br\/#\/schema\/logo\/image\/"},"sameAs":["https:\/\/www.facebook.com\/TheInternationalYachtingMedia","https:\/\/x.com\/YachtingMedia","https:\/\/www.instagram.com\/yachting.news\/","https:\/\/www.linkedin.com\/company\/the-international-yachting-media","https:\/\/www.youtube.com\/c\/TheInternationalYachtingMedia"]},{"@type":"Person","@id":"https:\/\/www.yachtingnews.com\/pt-br\/#\/schema\/person\/d2e99eb1c7ce9e28a78d15e3d5d68eb3","name":"Alessandro Giuzio","image":{"@type":"ImageObject","inLanguage":"pt-BR","@id":"https:\/\/www.yachtingnews.com\/wp-content\/litespeed\/avatar\/a99e5f8da4fc551fb53eb9f1fec61fb4.jpg?ver=1787585046","url":"https:\/\/www.yachtingnews.com\/wp-content\/litespeed\/avatar\/a99e5f8da4fc551fb53eb9f1fec61fb4.jpg?ver=1787585046","contentUrl":"https:\/\/www.yachtingnews.com\/wp-content\/litespeed\/avatar\/a99e5f8da4fc551fb53eb9f1fec61fb4.jpg?ver=1787585046","caption":"Alessandro Giuzio"},"description":"Alessandro is a professional journalist and contributes to The International Yachting Media since 2022. He is an expert on the sea and of course on boats.","url":"https:\/\/www.yachtingnews.com\/pt-br\/author\/alexgiuzio\/"}]}},"_links":{"self":[{"href":"https:\/\/www.yachtingnews.com\/pt-br\/wp-json\/wp\/v2\/posts\/145975","targetHints":{"allow":["GET"]}}],"collection":[{"href":"https:\/\/www.yachtingnews.com\/pt-br\/wp-json\/wp\/v2\/posts"}],"about":[{"href":"https:\/\/www.yachtingnews.com\/pt-br\/wp-json\/wp\/v2\/types\/post"}],"author":[{"embeddable":true,"href":"https:\/\/www.yachtingnews.com\/pt-br\/wp-json\/wp\/v2\/users\/45"}],"replies":[{"embeddable":true,"href":"https:\/\/www.yachtingnews.com\/pt-br\/wp-json\/wp\/v2\/comments?post=145975"}],"version-history":[{"count":0,"href":"https:\/\/www.yachtingnews.com\/pt-br\/wp-json\/wp\/v2\/posts\/145975\/revisions"}],"wp:featuredmedia":[{"embeddable":true,"href":"https:\/\/www.yachtingnews.com\/pt-br\/wp-json\/wp\/v2\/media\/141454"}],"wp:attachment":[{"href":"https:\/\/www.yachtingnews.com\/pt-br\/wp-json\/wp\/v2\/media?parent=145975"}],"wp:term":[{"taxonomy":"category","embeddable":true,"href":"https:\/\/www.yachtingnews.com\/pt-br\/wp-json\/wp\/v2\/categories?post=145975"},{"taxonomy":"post_tag","embeddable":true,"href":"https:\/\/www.yachtingnews.com\/pt-br\/wp-json\/wp\/v2\/tags?post=145975"}],"curies":[{"name":"wp","href":"https:\/\/api.w.org\/{rel}","templated":true}]}}