{"id":150694,"date":"2025-07-23T02:58:00","date_gmt":"2025-07-23T01:58:00","guid":{"rendered":"https:\/\/yachtingnews.com\/vandutch-75-o-novo-icone-que-sera-lancado-no-cannes-yachting-festival\/"},"modified":"2025-07-24T21:30:14","modified_gmt":"2025-07-24T20:30:14","slug":"vandutch-75-o-novo-icone-que-sera-lancado-no-cannes-yachting-festival","status":"publish","type":"post","link":"https:\/\/www.yachtingnews.com\/pt-br\/vandutch-75-o-novo-icone-que-sera-lancado-no-cannes-yachting-festival\/","title":{"rendered":"VanDutch 75: o novo \u00edcone que ser\u00e1 lan\u00e7ado no Cannes Yachting Festival"},"content":{"rendered":"\t\t<div data-elementor-type=\"wp-post\" data-elementor-id=\"150694\" class=\"elementor elementor-150694 elementor-150606\" data-elementor-post-type=\"post\">\n\t\t\t\t\t\t<section class=\"elementor-section elementor-top-section elementor-element elementor-element-4bbe196d elementor-section-boxed elementor-section-height-default elementor-section-height-default\" data-id=\"4bbe196d\" data-element_type=\"section\" data-e-type=\"section\">\n\t\t\t\t\t\t<div class=\"elementor-container elementor-column-gap-default\">\n\t\t\t\t\t<div class=\"elementor-column elementor-col-100 elementor-top-column elementor-element elementor-element-52ffeb09\" data-id=\"52ffeb09\" data-element_type=\"column\" data-e-type=\"column\">\n\t\t\t<div class=\"elementor-widget-wrap elementor-element-populated\">\n\t\t\t\t\t\t<div class=\"elementor-element elementor-element-cd6c2be elementor-widget elementor-widget-text-editor\" data-id=\"cd6c2be\" data-element_type=\"widget\" data-e-type=\"widget\" data-widget_type=\"text-editor.default\">\n\t\t\t\t<div class=\"elementor-widget-container\">\n\t\t\t\t\t\t\t\t\t<p>Um novo cap\u00edtulo est\u00e1 se abrindo na hist\u00f3ria do Cantiere del Pardo. A lend\u00e1ria marca apresentar\u00e1 o novo <b>VanDutch 75 <\/b>na pr\u00f3xima edi\u00e7\u00e3o de 2025 do Cannes Yachting Festival &#8211; uma evolu\u00e7\u00e3o ousada que reinterpreta a linguagem de design do VanDutch em um tom contempor\u00e2neo, com o objetivo claro de refinar sua identidade inconfund\u00edvel em dire\u00e7\u00e3o a uma nova e sofisticada vis\u00e3o do Mediterr\u00e2neo. Sem jamais trair seu esp\u00edrito original, esse novo \u00edcone est\u00e1 pronto para redefinir a dire\u00e7\u00e3o futura da linha.  <\/p><p>A VanDutch 75 mant\u00e9m o estilo exterior ic\u00f4nico que fez da VanDutch Yachts uma refer\u00eancia global no segmento <b>aberto de luxo<\/b>: perfil baixo, geometria limpa e propor\u00e7\u00f5es elegantemente equilibradas, agora enriquecidas com detalhes t\u00e9cnicos refinados que funcionam como recursos de design integrados. Uma est\u00e9tica atemporal, revisitada com atualiza\u00e7\u00f5es propositais que aprimoram tanto a fun\u00e7\u00e3o quanto a forma. <\/p><p><img decoding=\"async\" class=\"aligncenter wp-image-150648 size-full\" title=\"design exterior\" src=\"https:\/\/yachtingnews.com\/wp-content\/uploads\/2025\/07\/vandutch-75-fr.jpg\" alt=\"design exterior\" width=\"1400\" height=\"787\" srcset=\"https:\/\/www.yachtingnews.com\/wp-content\/uploads\/2025\/07\/vandutch-75-fr.jpg 1400w, https:\/\/www.yachtingnews.com\/wp-content\/uploads\/2025\/07\/vandutch-75-fr-300x169.jpg 300w, https:\/\/www.yachtingnews.com\/wp-content\/uploads\/2025\/07\/vandutch-75-fr-768x432.jpg 768w\" sizes=\"(max-width: 1400px) 100vw, 1400px\" \/><\/p><h3 class=\"western\">VanDutch 75 &#8211; Design exterior: equil\u00edbrio entre patrim\u00f4nio e inova\u00e7\u00e3o<\/h3><p>O novo VanDutch 75 \u00e9 o resultado de uma evolu\u00e7\u00e3o meticulosa, envolvendo cada detalhe, come\u00e7ando pelas \u00e1reas externas, que foram completamente redesenhadas para oferecer novos n\u00edveis de conforto e praticidade. O cockpit, com <b>45 metros quadrados,<\/b> oferece um espa\u00e7o excepcional para socializa\u00e7\u00e3o e vida ao ar livre. Ele apresenta dois grandes sof\u00e1s opostos e um par de mesas convers\u00edveis dispostas simetricamente, acomodando at\u00e9 dez convidados. Os novos assentos personalizados, com estofamento com nervuras inspirado em carros esportivos antigos, ecoam o estilo interior e refor\u00e7am a conex\u00e3o entre os espa\u00e7os internos e externos, destacando uma vis\u00e3o de design unificada e coerente. Para completar o equipamento externo, h\u00e1 uma bancada de cozinha Fenix, totalmente integrada e equipada com churrasqueira, dois queimadores, geladeira e m\u00e1quina de gelo, projetada para garantir a m\u00e1xima facilidade de uso durante estadias prolongadas a bordo.    <\/p><p>Entre os novos recursos dignos de nota est\u00e1 o <b>Hard-Top de fibra de carbono<\/b>, projetado para proteger a \u00e1rea do lounge e, ao mesmo tempo, preservar a harmonia das linhas do iate. Sua integra\u00e7\u00e3o perfeita ao perfil do barco evita o volume vertical excessivo e ajuda a manter a est\u00e9tica minimalista e din\u00e2mica que define a identidade da VanDutch. <\/p><p><img decoding=\"async\" class=\"aligncenter wp-image-150643 size-full\" title=\"vandutch-75-linhas exteriores\" src=\"https:\/\/yachtingnews.com\/wp-content\/uploads\/2025\/07\/vandutch-75-it.jpg\" alt=\"vandutch-75-linhas exteriores\" width=\"1400\" height=\"787\" srcset=\"https:\/\/www.yachtingnews.com\/wp-content\/uploads\/2025\/07\/vandutch-75-it.jpg 1400w, https:\/\/www.yachtingnews.com\/wp-content\/uploads\/2025\/07\/vandutch-75-it-300x169.jpg 300w, https:\/\/www.yachtingnews.com\/wp-content\/uploads\/2025\/07\/vandutch-75-it-768x432.jpg 768w\" sizes=\"(max-width: 1400px) 100vw, 1400px\" \/><\/p><p>Do ponto de vista t\u00e9cnico e funcional, o VanDutch 75 apresenta v\u00e1rias solu\u00e7\u00f5es inovadoras: desde a porta integrada no para-brisa, que permite acesso direto e f\u00e1cil do cockpit \u00e0 proa, at\u00e9 a <b> \u00e2ncora &#8220;invis\u00edvel&#8221;<\/b>, que emerge elegantemente do casco, eliminando a desordem e preservando o design limpo. Todos os componentes s\u00e3o novos e feitos inteiramente de a\u00e7o inoxid\u00e1vel de alta qualidade, uma escolha que reflete a filosofia de design do estaleiro, sem concess\u00f5es, nem mesmo nos m\u00ednimos detalhes. Outro elemento distintivo \u00e9 o <b>conv\u00e9s de teca natural, <\/b>oferecido pela primeira vez com calafetagem branca, para uma est\u00e9tica refinada e contempor\u00e2nea que se alinha perfeitamente com o esp\u00edrito da marca. <\/p><p>Embora seja classificado como um iate aberto, o VanDutch 75 incorpora recursos normalmente encontrados em <b>iates de cruzeiro,<\/b> aprimorando sua exclusividade e versatilidade: desde a plataforma de nata\u00e7\u00e3o para cima e para baixo at\u00e9 a garagem<a href=\"https:\/\/www.superyachts.news\/chase-boat-tender\/\"> para barcos <\/a>com um sistema integrado de lan\u00e7amento e recupera\u00e7\u00e3o, tudo apoiado por uma capacidade de combust\u00edvel de 4.000 litros ideal para navega\u00e7\u00e3o de longo alcance. Tudo isso \u00e9 complementado pela otimiza\u00e7\u00e3o inteligente do espa\u00e7o e por uma ampla gama de op\u00e7\u00f5es de personaliza\u00e7\u00e3o, garantindo conforto e habitabilidade no mais alto n\u00edvel. <\/p><h2 class=\"western\"><img decoding=\"async\" class=\"aligncenter wp-image-150653 size-full\" title=\"vista da popa\" src=\"https:\/\/yachtingnews.com\/wp-content\/uploads\/2025\/07\/vandutch-75-de.jpg\" alt=\"vista da popa\" width=\"1400\" height=\"787\" srcset=\"https:\/\/www.yachtingnews.com\/wp-content\/uploads\/2025\/07\/vandutch-75-de.jpg 1400w, https:\/\/www.yachtingnews.com\/wp-content\/uploads\/2025\/07\/vandutch-75-de-300x169.jpg 300w, https:\/\/www.yachtingnews.com\/wp-content\/uploads\/2025\/07\/vandutch-75-de-768x432.jpg 768w\" sizes=\"(max-width: 1400px) 100vw, 1400px\" \/><\/h2><h3 class=\"western\">Design de interiores de BurdissoCapponi Yachts&amp;Design<\/h3><p>Os interiores rec\u00e9m-atualizados do VanDutch75 s\u00e3o obra da <b>BurdissoCapponi Yachts&amp;Design,<\/b> que traz uma nova abordagem marcada por materiais refinados, contrastes ousados e texturas sofisticadas. Seu design introduz uma linguagem visual mais suave, preservando as linhas limpas que definem a est\u00e9tica da VanDutch. <\/p><p>Em Cannes, o VanDutch 75 far\u00e1 sua estreia mundial na configura\u00e7\u00e3o <b>&#8220;Cool&#8221; <\/b>: uma vers\u00e3o brilhante e contempor\u00e2nea com l\u00e2minas de burl p\u00e9rola, detalhes em madeira Slate Black fosca, estofamento em camur\u00e7a bege e piso Econyl em tons de lua. Uma segunda variante, chamada <b>&#8220;Smooth&#8221;,<\/b> tamb\u00e9m estar\u00e1 dispon\u00edvel, caracterizada por tons mais quentes e envolventes e centrada no mogno &#8220;Fulvo&#8221;, que acrescenta riqueza e um ambiente acolhedor. <\/p><p>O VanDutch 75 em exposi\u00e7\u00e3o no sal\u00e3o n\u00e1utico franc\u00eas apresentar\u00e1 o layout padr\u00e3o, atingindo um equil\u00edbrio perfeito entre eleg\u00e2ncia e funcionalidade com uma<b> configura\u00e7\u00e3o de tr\u00eas cabines<\/b> projetada para o m\u00e1ximo conforto em um ambiente de luxo discreto. A \u00e1rea noturna est\u00e1 localizada principalmente na popa, com a su\u00edte do propriet\u00e1rio a estibordo e uma cabine dupla de h\u00f3spedes a bombordo, ambas com banheiro privativo com acabamentos premium e volumes generosos para maior privacidade e conforto. \u00c0 frente, completamente separada dos quartos de h\u00f3spedes, est\u00e1 a cabine VIP, iluminada e espa\u00e7osa, com um banheiro de acesso duplo que tamb\u00e9m serve como cabine diurna para a \u00e1rea de estar principal.  <\/p><p>No centro da vida a bordo est\u00e1 uma <b>generosa \u00e1rea de jantar em espa\u00e7o aberto<\/b> com cozinha em estilo americano, ampla \u00e1rea de lounge e mesa convers\u00edvel, perfeita para entretenimento e relaxamento. Completando a configura\u00e7\u00e3o, h\u00e1 uma cabine de tripula\u00e7\u00e3o totalmente independente na popa, com acesso separado, instala\u00e7\u00f5es privativas e uma zona t\u00e9cnica bem equipada que garante um gerenciamento perfeito sem interferir nos espa\u00e7os dos h\u00f3spedes. <\/p>\t\t\t\t\t\t\t\t<\/div>\n\t\t\t\t<\/div>\n\t\t\t\t\t<\/div>\n\t\t<\/div>\n\t\t\t\t\t<\/div>\n\t\t<\/section>\n\t\t\t\t<section class=\"elementor-section elementor-top-section elementor-element elementor-element-ae49fc2 elementor-section-boxed elementor-section-height-default elementor-section-height-default\" data-id=\"ae49fc2\" data-element_type=\"section\" data-e-type=\"section\">\n\t\t\t\t\t\t<div class=\"elementor-container elementor-column-gap-default\">\n\t\t\t\t\t<div class=\"elementor-column elementor-col-100 elementor-top-column elementor-element elementor-element-3e2d9fb\" data-id=\"3e2d9fb\" data-element_type=\"column\" data-e-type=\"column\">\n\t\t\t<div class=\"elementor-widget-wrap elementor-element-populated\">\n\t\t\t\t\t\t<div class=\"elementor-element elementor-element-a8d333e uael-img-carousel-arrow-inside uael-ins-normal elementor-widget elementor-widget-uael-image-gallery\" data-id=\"a8d333e\" data-element_type=\"widget\" data-e-type=\"widget\" data-settings=\"{&quot;slides_to_show&quot;:1,&quot;slides_to_show_tablet&quot;:1,&quot;slides_to_show_mobile&quot;:1,&quot;slides_to_scroll&quot;:1,&quot;slides_to_scroll_tablet&quot;:1,&quot;slides_to_scroll_mobile&quot;:1,&quot;column_gap&quot;:{&quot;unit&quot;:&quot;px&quot;,&quot;size&quot;:20,&quot;sizes&quot;:[]},&quot;column_gap_tablet&quot;:{&quot;unit&quot;:&quot;px&quot;,&quot;size&quot;:&quot;&quot;,&quot;sizes&quot;:[]},&quot;column_gap_mobile&quot;:{&quot;unit&quot;:&quot;px&quot;,&quot;size&quot;:&quot;&quot;,&quot;sizes&quot;:[]}}\" data-widget_type=\"uael-image-gallery.default\">\n\t\t\t\t<div class=\"elementor-widget-container\">\n\t\t\t\t\t<div class=\"uael-gallery-parent uael-caption- uael-gallery-unjustified\"><div data-image_carousel=\"{&quot;slidesToShow&quot;:1,&quot;slidesToScroll&quot;:1,&quot;autoplaySpeed&quot;:3000,&quot;autoplay&quot;:true,&quot;infinite&quot;:true,&quot;pauseOnHover&quot;:true,&quot;speed&quot;:500,&quot;arrows&quot;:true,&quot;dots&quot;:false,&quot;rtl&quot;:false,&quot;responsive&quot;:[{&quot;breakpoint&quot;:1024,&quot;settings&quot;:{&quot;slidesToShow&quot;:1,&quot;slidesToScroll&quot;:1}},{&quot;breakpoint&quot;:767,&quot;settings&quot;:{&quot;slidesToShow&quot;:1,&quot;slidesToScroll&quot;:1}}]}\" class=\"uael-img-gallery-wrap uael-img-carousel-wrap uael-nav-arrows uael-image-lightbox-wrap\" data-filter-default=\"Todos\" data-lightbox_actions=\"[&quot;close&quot;]\" data-lightbox-gallery-loop=\"\"><div class=\"uael-grid-item  uael-img-gallery-item-1\"><div class=\"uael-grid-item-content\"><a class=\"uael-grid-img uael-grid-gallery-img uael-ins-hover elementor-clickable\" data-fancybox=\"uael-gallery\" href=\"https:\/\/www.yachtingnews.com\/wp-content\/uploads\/2025\/07\/VanDutch-75-STD-Armatoriale-002-CV1.jpg\" data-elementor-open-lightbox=\"no\"><div class=\"uael-grid-img-thumbnail uael-ins-target\"><img decoding=\"async\" width=\"1200\" height=\"600\" src=\"https:\/\/www.yachtingnews.com\/wp-content\/uploads\/2025\/07\/VanDutch-75-STD-Armatoriale-002-CV1.jpg\" class=\"attachment-full size-full wp-image-150633\" alt=\"master cabin\" srcset=\"https:\/\/www.yachtingnews.com\/wp-content\/uploads\/2025\/07\/VanDutch-75-STD-Armatoriale-002-CV1.jpg 1200w, https:\/\/www.yachtingnews.com\/wp-content\/uploads\/2025\/07\/VanDutch-75-STD-Armatoriale-002-CV1-300x150.jpg 300w, https:\/\/www.yachtingnews.com\/wp-content\/uploads\/2025\/07\/VanDutch-75-STD-Armatoriale-002-CV1-768x384.jpg 768w\" sizes=\"(max-width: 1200px) 100vw, 1200px\" \/><\/div><div class=\"uael-grid-img-overlay\"><\/div><\/a><\/div><\/div><div class=\"uael-grid-item  uael-img-gallery-item-2\"><div class=\"uael-grid-item-content\"><a class=\"uael-grid-img uael-grid-gallery-img uael-ins-hover elementor-clickable\" data-fancybox=\"uael-gallery\" href=\"https:\/\/www.yachtingnews.com\/wp-content\/uploads\/2025\/07\/VanDutch-75-STD-Armatoriale-003-CV.jpg\" data-elementor-open-lightbox=\"no\"><div class=\"uael-grid-img-thumbnail uael-ins-target\"><img decoding=\"async\" width=\"1200\" height=\"600\" src=\"https:\/\/www.yachtingnews.com\/wp-content\/uploads\/2025\/07\/VanDutch-75-STD-Armatoriale-003-CV.jpg\" class=\"attachment-full size-full wp-image-150628\" alt=\"VanDutch 75 master cabin\" srcset=\"https:\/\/www.yachtingnews.com\/wp-content\/uploads\/2025\/07\/VanDutch-75-STD-Armatoriale-003-CV.jpg 1200w, https:\/\/www.yachtingnews.com\/wp-content\/uploads\/2025\/07\/VanDutch-75-STD-Armatoriale-003-CV-300x150.jpg 300w, https:\/\/www.yachtingnews.com\/wp-content\/uploads\/2025\/07\/VanDutch-75-STD-Armatoriale-003-CV-768x384.jpg 768w\" sizes=\"(max-width: 1200px) 100vw, 1200px\" \/><\/div><div class=\"uael-grid-img-overlay\"><\/div><\/a><\/div><\/div><div class=\"uael-grid-item  uael-img-gallery-item-3\"><div class=\"uael-grid-item-content\"><a class=\"uael-grid-img uael-grid-gallery-img uael-ins-hover elementor-clickable\" data-fancybox=\"uael-gallery\" href=\"https:\/\/www.yachtingnews.com\/wp-content\/uploads\/2025\/07\/VanDutch-75-STD-Armatoriale-004-CV.jpg\" data-elementor-open-lightbox=\"no\"><div class=\"uael-grid-img-thumbnail uael-ins-target\"><img decoding=\"async\" width=\"1200\" height=\"600\" src=\"https:\/\/www.yachtingnews.com\/wp-content\/uploads\/2025\/07\/VanDutch-75-STD-Armatoriale-004-CV.jpg\" class=\"attachment-full size-full wp-image-150638\" alt=\"cabin\" srcset=\"https:\/\/www.yachtingnews.com\/wp-content\/uploads\/2025\/07\/VanDutch-75-STD-Armatoriale-004-CV.jpg 1200w, https:\/\/www.yachtingnews.com\/wp-content\/uploads\/2025\/07\/VanDutch-75-STD-Armatoriale-004-CV-300x150.jpg 300w, https:\/\/www.yachtingnews.com\/wp-content\/uploads\/2025\/07\/VanDutch-75-STD-Armatoriale-004-CV-768x384.jpg 768w\" sizes=\"(max-width: 1200px) 100vw, 1200px\" \/><\/div><div class=\"uael-grid-img-overlay\"><\/div><\/a><\/div><\/div><div class=\"uael-grid-item  uael-img-gallery-item-4\"><div class=\"uael-grid-item-content\"><a class=\"uael-grid-img uael-grid-gallery-img uael-ins-hover elementor-clickable\" data-fancybox=\"uael-gallery\" href=\"https:\/\/www.yachtingnews.com\/wp-content\/uploads\/2025\/07\/VanDutch-75-STD-Salone-002-CV1.jpg\" data-elementor-open-lightbox=\"no\"><div class=\"uael-grid-img-thumbnail uael-ins-target\"><img decoding=\"async\" width=\"1200\" height=\"600\" src=\"https:\/\/www.yachtingnews.com\/wp-content\/uploads\/2025\/07\/VanDutch-75-STD-Salone-002-CV1.jpg\" class=\"attachment-full size-full wp-image-150623\" alt=\"VanDutch 75 main salon\" srcset=\"https:\/\/www.yachtingnews.com\/wp-content\/uploads\/2025\/07\/VanDutch-75-STD-Salone-002-CV1.jpg 1200w, https:\/\/www.yachtingnews.com\/wp-content\/uploads\/2025\/07\/VanDutch-75-STD-Salone-002-CV1-300x150.jpg 300w, https:\/\/www.yachtingnews.com\/wp-content\/uploads\/2025\/07\/VanDutch-75-STD-Salone-002-CV1-768x384.jpg 768w\" sizes=\"(max-width: 1200px) 100vw, 1200px\" \/><\/div><div class=\"uael-grid-img-overlay\"><\/div><\/a><\/div><\/div><div class=\"uael-grid-item  uael-img-gallery-item-5\"><div class=\"uael-grid-item-content\"><a class=\"uael-grid-img uael-grid-gallery-img uael-ins-hover elementor-clickable\" data-fancybox=\"uael-gallery\" href=\"https:\/\/www.yachtingnews.com\/wp-content\/uploads\/2025\/07\/VanDutch-75-STD-Salone-004-CV1.jpg\" data-elementor-open-lightbox=\"no\"><div class=\"uael-grid-img-thumbnail uael-ins-target\"><img decoding=\"async\" width=\"1200\" height=\"600\" src=\"https:\/\/www.yachtingnews.com\/wp-content\/uploads\/2025\/07\/VanDutch-75-STD-Salone-004-CV1.jpg\" class=\"attachment-full size-full wp-image-150618\" alt=\"salon\" srcset=\"https:\/\/www.yachtingnews.com\/wp-content\/uploads\/2025\/07\/VanDutch-75-STD-Salone-004-CV1.jpg 1200w, https:\/\/www.yachtingnews.com\/wp-content\/uploads\/2025\/07\/VanDutch-75-STD-Salone-004-CV1-300x150.jpg 300w, https:\/\/www.yachtingnews.com\/wp-content\/uploads\/2025\/07\/VanDutch-75-STD-Salone-004-CV1-768x384.jpg 768w\" sizes=\"(max-width: 1200px) 100vw, 1200px\" \/><\/div><div class=\"uael-grid-img-overlay\"><\/div><\/a><\/div><\/div><div class=\"uael-grid-item  uael-img-gallery-item-6\"><div class=\"uael-grid-item-content\"><a class=\"uael-grid-img uael-grid-gallery-img uael-ins-hover elementor-clickable\" data-fancybox=\"uael-gallery\" href=\"https:\/\/www.yachtingnews.com\/wp-content\/uploads\/2025\/07\/VanDutch-75-STD-Salone-005-CV.jpg\" data-elementor-open-lightbox=\"no\"><div class=\"uael-grid-img-thumbnail uael-ins-target\"><img decoding=\"async\" width=\"1200\" height=\"600\" src=\"https:\/\/www.yachtingnews.com\/wp-content\/uploads\/2025\/07\/VanDutch-75-STD-Salone-005-CV.jpg\" class=\"attachment-full size-full wp-image-150613\" alt=\"\" srcset=\"https:\/\/www.yachtingnews.com\/wp-content\/uploads\/2025\/07\/VanDutch-75-STD-Salone-005-CV.jpg 1200w, https:\/\/www.yachtingnews.com\/wp-content\/uploads\/2025\/07\/VanDutch-75-STD-Salone-005-CV-300x150.jpg 300w, https:\/\/www.yachtingnews.com\/wp-content\/uploads\/2025\/07\/VanDutch-75-STD-Salone-005-CV-768x384.jpg 768w\" sizes=\"(max-width: 1200px) 100vw, 1200px\" \/><\/div><div class=\"uael-grid-img-overlay\"><\/div><\/a><\/div><\/div><\/div><\/div>\t\t\t\t<\/div>\n\t\t\t\t<\/div>\n\t\t\t\t\t<\/div>\n\t\t<\/div>\n\t\t\t\t\t<\/div>\n\t\t<\/section>\n\t\t\t\t<section class=\"elementor-section elementor-top-section elementor-element elementor-element-6bcedf9 elementor-section-boxed elementor-section-height-default elementor-section-height-default\" data-id=\"6bcedf9\" data-element_type=\"section\" data-e-type=\"section\">\n\t\t\t\t\t\t<div class=\"elementor-container elementor-column-gap-default\">\n\t\t\t\t\t<div class=\"elementor-column elementor-col-100 elementor-top-column elementor-element elementor-element-2146520\" data-id=\"2146520\" data-element_type=\"column\" data-e-type=\"column\">\n\t\t\t<div class=\"elementor-widget-wrap elementor-element-populated\">\n\t\t\t\t\t\t<div class=\"elementor-element elementor-element-5a73e5b elementor-widget elementor-widget-text-editor\" data-id=\"5a73e5b\" data-element_type=\"widget\" data-e-type=\"widget\" data-widget_type=\"text-editor.default\">\n\t\t\t\t<div class=\"elementor-widget-container\">\n\t\t\t\t\t\t\t\t\t<p>Em conclus\u00e3o, o VanDutch 75 d\u00e1 o tom para uma nova era estil\u00edstica da marca <a href=\"https:\/\/yachtingnews.com\/?s=cantiere+del+pardo&amp;lang=en\">Cantiere del Pardo<\/a>. V\u00e1rios elementos introduzidos nesse modelo moldar\u00e3o a futura &#8220;identidade da fam\u00edlia&#8221; VanDutch. Entre eles: a janela exclusiva do lado do casco que aprimora o perfil com um toque decorativo refinado; os pain\u00e9is de teto de ripas horizontais laqueadas que ocultam elegantemente o sistema de ar-condicionado; e a ilumina\u00e7\u00e3o de trilhos com design personalizado, desenvolvida especificamente para uso mar\u00edtimo.  <\/p><p>Os materiais de alta qualidade s\u00e3o tratados com uma est\u00e9tica moderna e coesa que define um novo vocabul\u00e1rio estil\u00edstico a ser levado adiante em toda a linha VanDutch. Refor\u00e7ando a natureza personaliz\u00e1vel do projeto, v\u00e1rias op\u00e7\u00f5es de acabamento e paleta estar\u00e3o dispon\u00edveis para criar uma atmosfera a bordo exclusivamente pessoal, adaptada ao estilo de vida e \u00e0s prefer\u00eancias do propriet\u00e1rio. <\/p><p>Com rela\u00e7\u00e3o \u00e0 propuls\u00e3o, o VanDutch 75 ser\u00e1 equipado com <b>tr\u00eas <\/b> motores <strong><b> <\/b><\/strong>motores <strong>Volvo Penta IPS<\/strong> capazes de impulsionar o iate a at\u00e9 40 n\u00f3s.<\/p><p><br><br><\/p><h3 class=\"western\">Especifica\u00e7\u00f5es t\u00e9cnicas do VanDutch 75<\/h3><table border=\"0\" width=\"582\" cellspacing=\"0\" cellpadding=\"2\"><tbody><tr><td width=\"356\"><p>LOA<\/p><\/td><td width=\"218\"><p>22,18 m \/ 72,79 p\u00e9s<\/p><\/td><\/tr><tr><td width=\"356\"><p>LH<\/p><\/td><td width=\"218\"><p>21,06 m \/ 69,09 p\u00e9s<\/p><\/td><\/tr><tr><td width=\"356\"><p>LWL (carga total)<\/p><\/td><td width=\"218\"><p>20,21 m \/ 66,29 p\u00e9s<\/p><\/td><\/tr><tr><td width=\"356\"><p>Feixe m\u00e1ximo<\/p><\/td><td width=\"218\"><p>5,80 m \/ 19,03 p\u00e9s<\/p><\/td><\/tr><tr><td width=\"356\"><p>Esbo\u00e7o m\u00e1ximo<\/p><\/td><td width=\"218\"><p>1,77 m \/ 5,81 p\u00e9s<\/p><\/td><\/tr><tr><td width=\"356\"><p>Desloca\u00e7\u00e3o da luz<\/p><\/td><td width=\"218\"><p>45,2 t \/ 99.616 lbs<\/p><\/td><\/tr><tr><td width=\"356\"><p>Desloca\u00e7\u00e3o em carga<\/p><\/td><td width=\"218\"><p>52,3 t \/ 115.312 lbs<\/p><\/td><\/tr><tr><td width=\"356\"><p>Capacidade m\u00e1xima de passageiros<\/p><\/td><td width=\"218\"><p>16<\/p><\/td><\/tr><tr><td width=\"356\"><p>Capacidade de combust\u00edvel<\/p><\/td><td width=\"218\"><p>3.820 l \/ 1.008 gal\u00f5es americanos<\/p><\/td><\/tr><tr><td width=\"356\"><p>Capacidade de \u00e1gua doce<\/p><\/td><td width=\"218\"><p>1.000 l \/ 264 gal\u00f5es americanos<\/p><\/td><\/tr><tr><td width=\"356\"><p>Categoria (CE 2003\/44)<\/p><\/td><td width=\"218\"><p>B, C<\/p><\/td><\/tr><tr><td width=\"356\"><p>Certifica\u00e7\u00e3o<\/p><\/td><td width=\"218\"><p>B<\/p><\/td><\/tr><tr><td width=\"356\"><p>Motores padr\u00e3o<\/p><\/td><td width=\"218\"><p>3 x Volvo D13 IPS1050<\/p><\/td><\/tr><tr><td width=\"356\"><p>Motores opcionais<\/p><\/td><td width=\"218\"><p>3 x Volvo D13 IPS1350<\/p><\/td><\/tr><tr><td width=\"356\"><p>Construtor<\/p><\/td><td width=\"218\"><p>Cantiere del Pardo<\/p><\/td><\/tr><tr><td width=\"356\"><p>Arquitetura Naval<\/p><\/td><td width=\"218\"><p>Mulder Design<\/p><\/td><\/tr><tr><td width=\"356\"><p>Design de interiores e exteriores<\/p><\/td><td width=\"218\"><p>BurdissoCapponi Yachts&amp;Design<\/p><\/td><\/tr><\/tbody><\/table>\t\t\t\t\t\t\t\t<\/div>\n\t\t\t\t<\/div>\n\t\t\t\t\t<\/div>\n\t\t<\/div>\n\t\t\t\t\t<\/div>\n\t\t<\/section>\n\t\t\t\t<\/div>\n\t\t","protected":false},"excerpt":{"rendered":"<p>Um novo cap\u00edtulo est\u00e1 se abrindo na hist\u00f3ria do Cantiere del Pardo. A lend\u00e1ria marca apresentar\u00e1 o novo VanDutch 75 na pr\u00f3xima edi\u00e7\u00e3o de 2025 do Cannes Yachting Festival &#8211; uma evolu\u00e7\u00e3o ousada que reinterpreta a linguagem de design do VanDutch em um tom contempor\u00e2neo, com o objetivo claro de refinar sua identidade inconfund\u00edvel em [&hellip;]<\/p>\n","protected":false},"author":45,"featured_media":150610,"comment_status":"open","ping_status":"closed","sticky":false,"template":"","format":"standard","meta":{"_mo_disable_npp":"","footnotes":""},"categories":[1687,1672,1653],"tags":[1701,1702],"class_list":["post-150694","post","type-post","status-publish","format-standard","has-post-thumbnail","hentry","category-barcos-a-motor","category-cannes-yachting-festival-pt-br","category-news-pt-br","tag-cantiere-del-pardo-pt-br","tag-vandutch-pt-br"],"yoast_head":"<!-- This site is optimized with the Yoast SEO plugin v28.3 - https:\/\/yoast.com\/product\/yoast-seo-wordpress\/ -->\n<title>VanDutch 75: o novo \u00edcone que ser\u00e1 lan\u00e7ado no Cannes Yachting Festival - Yachting News<\/title>\n<meta name=\"description\" content=\"A VanDutch 75 mant\u00e9m o estilo exterior ic\u00f4nico que fez da VanDutch Yachts uma refer\u00eancia global no segmento aberto de luxo: perfil baixo...\" \/>\n<meta name=\"robots\" content=\"index, follow, max-snippet:-1, max-image-preview:large, max-video-preview:-1\" \/>\n<link rel=\"canonical\" href=\"https:\/\/www.yachtingnews.com\/pt-br\/vandutch-75-o-novo-icone-que-sera-lancado-no-cannes-yachting-festival\/\" \/>\n<meta property=\"og:locale\" content=\"pt_BR\" \/>\n<meta property=\"og:type\" content=\"article\" \/>\n<meta property=\"og:title\" content=\"VanDutch 75: o novo \u00edcone que ser\u00e1 lan\u00e7ado no Cannes Yachting Festival - Yachting News\" \/>\n<meta property=\"og:description\" content=\"A VanDutch 75 mant\u00e9m o estilo exterior ic\u00f4nico que fez da VanDutch Yachts uma refer\u00eancia global no segmento aberto de luxo: perfil baixo...\" \/>\n<meta property=\"og:url\" content=\"https:\/\/www.yachtingnews.com\/pt-br\/vandutch-75-o-novo-icone-que-sera-lancado-no-cannes-yachting-festival\/\" \/>\n<meta property=\"og:site_name\" content=\"Yachting News\" \/>\n<meta property=\"article:publisher\" content=\"https:\/\/www.facebook.com\/TheInternationalYachtingMedia\" \/>\n<meta property=\"article:published_time\" content=\"2025-07-23T01:58:00+00:00\" \/>\n<meta property=\"article:modified_time\" content=\"2025-07-24T20:30:14+00:00\" \/>\n<meta property=\"og:image\" content=\"https:\/\/www.yachtingnews.com\/wp-content\/uploads\/2025\/07\/vandutch-75-en.jpg\" \/>\n\t<meta property=\"og:image:width\" content=\"1400\" \/>\n\t<meta property=\"og:image:height\" content=\"787\" \/>\n\t<meta property=\"og:image:type\" content=\"image\/jpeg\" \/>\n<meta name=\"author\" content=\"Alessandro Giuzio\" \/>\n<meta name=\"twitter:card\" content=\"summary_large_image\" \/>\n<meta name=\"twitter:creator\" content=\"@YachtingMedia\" \/>\n<meta name=\"twitter:site\" content=\"@YachtingMedia\" \/>\n<meta name=\"twitter:label1\" content=\"Escrito por\" \/>\n\t<meta name=\"twitter:data1\" content=\"Alessandro Giuzio\" \/>\n\t<meta name=\"twitter:label2\" content=\"Est. tempo de leitura\" \/>\n\t<meta name=\"twitter:data2\" content=\"6 minutos\" \/>\n<script type=\"application\/ld+json\" class=\"yoast-schema-graph\">{\"@context\":\"https:\\\/\\\/schema.org\",\"@graph\":[{\"@type\":\"Article\",\"@id\":\"https:\\\/\\\/www.yachtingnews.com\\\/pt-br\\\/vandutch-75-o-novo-icone-que-sera-lancado-no-cannes-yachting-festival\\\/#article\",\"isPartOf\":{\"@id\":\"https:\\\/\\\/www.yachtingnews.com\\\/pt-br\\\/vandutch-75-o-novo-icone-que-sera-lancado-no-cannes-yachting-festival\\\/\"},\"author\":{\"name\":\"Alessandro Giuzio\",\"@id\":\"https:\\\/\\\/www.yachtingnews.com\\\/pt-br\\\/#\\\/schema\\\/person\\\/d2e99eb1c7ce9e28a78d15e3d5d68eb3\"},\"headline\":\"VanDutch 75: o novo \u00edcone que ser\u00e1 lan\u00e7ado no Cannes Yachting Festival\",\"datePublished\":\"2025-07-23T01:58:00+00:00\",\"dateModified\":\"2025-07-24T20:30:14+00:00\",\"mainEntityOfPage\":{\"@id\":\"https:\\\/\\\/www.yachtingnews.com\\\/pt-br\\\/vandutch-75-o-novo-icone-que-sera-lancado-no-cannes-yachting-festival\\\/\"},\"wordCount\":1214,\"commentCount\":0,\"publisher\":{\"@id\":\"https:\\\/\\\/www.yachtingnews.com\\\/pt-br\\\/#organization\"},\"image\":{\"@id\":\"https:\\\/\\\/www.yachtingnews.com\\\/pt-br\\\/vandutch-75-o-novo-icone-que-sera-lancado-no-cannes-yachting-festival\\\/#primaryimage\"},\"thumbnailUrl\":\"https:\\\/\\\/www.yachtingnews.com\\\/wp-content\\\/uploads\\\/2025\\\/07\\\/vandutch-75-en.jpg\",\"keywords\":[\"Cantiere del Pardo\",\"Vandutch\"],\"articleSection\":[\"BARCOS A MOTOR\",\"Cannes Yachting Festival\",\"Not\u00edcias\"],\"inLanguage\":\"pt-BR\",\"potentialAction\":[{\"@type\":\"CommentAction\",\"name\":\"Comment\",\"target\":[\"https:\\\/\\\/www.yachtingnews.com\\\/pt-br\\\/vandutch-75-o-novo-icone-que-sera-lancado-no-cannes-yachting-festival\\\/#respond\"]}]},{\"@type\":\"WebPage\",\"@id\":\"https:\\\/\\\/www.yachtingnews.com\\\/pt-br\\\/vandutch-75-o-novo-icone-que-sera-lancado-no-cannes-yachting-festival\\\/\",\"url\":\"https:\\\/\\\/www.yachtingnews.com\\\/pt-br\\\/vandutch-75-o-novo-icone-que-sera-lancado-no-cannes-yachting-festival\\\/\",\"name\":\"VanDutch 75: o novo \u00edcone que ser\u00e1 lan\u00e7ado no Cannes Yachting Festival - Yachting News\",\"isPartOf\":{\"@id\":\"https:\\\/\\\/www.yachtingnews.com\\\/pt-br\\\/#website\"},\"primaryImageOfPage\":{\"@id\":\"https:\\\/\\\/www.yachtingnews.com\\\/pt-br\\\/vandutch-75-o-novo-icone-que-sera-lancado-no-cannes-yachting-festival\\\/#primaryimage\"},\"image\":{\"@id\":\"https:\\\/\\\/www.yachtingnews.com\\\/pt-br\\\/vandutch-75-o-novo-icone-que-sera-lancado-no-cannes-yachting-festival\\\/#primaryimage\"},\"thumbnailUrl\":\"https:\\\/\\\/www.yachtingnews.com\\\/wp-content\\\/uploads\\\/2025\\\/07\\\/vandutch-75-en.jpg\",\"datePublished\":\"2025-07-23T01:58:00+00:00\",\"dateModified\":\"2025-07-24T20:30:14+00:00\",\"description\":\"A VanDutch 75 mant\u00e9m o estilo exterior ic\u00f4nico que fez da VanDutch Yachts uma refer\u00eancia global no segmento aberto de luxo: perfil baixo...\",\"breadcrumb\":{\"@id\":\"https:\\\/\\\/www.yachtingnews.com\\\/pt-br\\\/vandutch-75-o-novo-icone-que-sera-lancado-no-cannes-yachting-festival\\\/#breadcrumb\"},\"inLanguage\":\"pt-BR\",\"potentialAction\":[{\"@type\":\"ReadAction\",\"target\":[\"https:\\\/\\\/www.yachtingnews.com\\\/pt-br\\\/vandutch-75-o-novo-icone-que-sera-lancado-no-cannes-yachting-festival\\\/\"]}]},{\"@type\":\"ImageObject\",\"inLanguage\":\"pt-BR\",\"@id\":\"https:\\\/\\\/www.yachtingnews.com\\\/pt-br\\\/vandutch-75-o-novo-icone-que-sera-lancado-no-cannes-yachting-festival\\\/#primaryimage\",\"url\":\"https:\\\/\\\/www.yachtingnews.com\\\/wp-content\\\/uploads\\\/2025\\\/07\\\/vandutch-75-en.jpg\",\"contentUrl\":\"https:\\\/\\\/www.yachtingnews.com\\\/wp-content\\\/uploads\\\/2025\\\/07\\\/vandutch-75-en.jpg\",\"width\":1400,\"height\":787,\"caption\":\"vandutch-75-photo\"},{\"@type\":\"BreadcrumbList\",\"@id\":\"https:\\\/\\\/www.yachtingnews.com\\\/pt-br\\\/vandutch-75-o-novo-icone-que-sera-lancado-no-cannes-yachting-festival\\\/#breadcrumb\",\"itemListElement\":[{\"@type\":\"ListItem\",\"position\":1,\"name\":\"Home\",\"item\":\"https:\\\/\\\/www.yachtingnews.com\\\/pt-br\\\/yachting-news-2\\\/\"},{\"@type\":\"ListItem\",\"position\":2,\"name\":\"VanDutch 75: o novo \u00edcone que ser\u00e1 lan\u00e7ado no Cannes Yachting Festival\"}]},{\"@type\":\"WebSite\",\"@id\":\"https:\\\/\\\/www.yachtingnews.com\\\/pt-br\\\/#website\",\"url\":\"https:\\\/\\\/www.yachtingnews.com\\\/pt-br\\\/\",\"name\":\"Yachting News\",\"description\":\"The International Yachting Media\",\"publisher\":{\"@id\":\"https:\\\/\\\/www.yachtingnews.com\\\/pt-br\\\/#organization\"},\"potentialAction\":[{\"@type\":\"SearchAction\",\"target\":{\"@type\":\"EntryPoint\",\"urlTemplate\":\"https:\\\/\\\/www.yachtingnews.com\\\/pt-br\\\/?s={search_term_string}\"},\"query-input\":{\"@type\":\"PropertyValueSpecification\",\"valueRequired\":true,\"valueName\":\"search_term_string\"}}],\"inLanguage\":\"pt-BR\"},{\"@type\":\"Organization\",\"@id\":\"https:\\\/\\\/www.yachtingnews.com\\\/pt-br\\\/#organization\",\"name\":\"Yachting News\",\"url\":\"https:\\\/\\\/www.yachtingnews.com\\\/pt-br\\\/\",\"logo\":{\"@type\":\"ImageObject\",\"inLanguage\":\"pt-BR\",\"@id\":\"https:\\\/\\\/www.yachtingnews.com\\\/pt-br\\\/#\\\/schema\\\/logo\\\/image\\\/\",\"url\":\"https:\\\/\\\/www.yachtingnews.com\\\/wp-content\\\/uploads\\\/2023\\\/02\\\/LOGO-Yachting-NEWS-blu-800.png\",\"contentUrl\":\"https:\\\/\\\/www.yachtingnews.com\\\/wp-content\\\/uploads\\\/2023\\\/02\\\/LOGO-Yachting-NEWS-blu-800.png\",\"width\":790,\"height\":99,\"caption\":\"Yachting News\"},\"image\":{\"@id\":\"https:\\\/\\\/www.yachtingnews.com\\\/pt-br\\\/#\\\/schema\\\/logo\\\/image\\\/\"},\"sameAs\":[\"https:\\\/\\\/www.facebook.com\\\/TheInternationalYachtingMedia\",\"https:\\\/\\\/x.com\\\/YachtingMedia\",\"https:\\\/\\\/www.instagram.com\\\/yachting.news\\\/\",\"https:\\\/\\\/www.linkedin.com\\\/company\\\/the-international-yachting-media\",\"https:\\\/\\\/www.youtube.com\\\/c\\\/TheInternationalYachtingMedia\"]},{\"@type\":\"Person\",\"@id\":\"https:\\\/\\\/www.yachtingnews.com\\\/pt-br\\\/#\\\/schema\\\/person\\\/d2e99eb1c7ce9e28a78d15e3d5d68eb3\",\"name\":\"Alessandro Giuzio\",\"image\":{\"@type\":\"ImageObject\",\"inLanguage\":\"pt-BR\",\"@id\":\"https:\\\/\\\/www.yachtingnews.com\\\/wp-content\\\/litespeed\\\/avatar\\\/a99e5f8da4fc551fb53eb9f1fec61fb4.jpg?ver=1788189881\",\"url\":\"https:\\\/\\\/www.yachtingnews.com\\\/wp-content\\\/litespeed\\\/avatar\\\/a99e5f8da4fc551fb53eb9f1fec61fb4.jpg?ver=1788189881\",\"contentUrl\":\"https:\\\/\\\/www.yachtingnews.com\\\/wp-content\\\/litespeed\\\/avatar\\\/a99e5f8da4fc551fb53eb9f1fec61fb4.jpg?ver=1788189881\",\"caption\":\"Alessandro Giuzio\"},\"description\":\"Alessandro is a professional journalist and contributes to The International Yachting Media since 2022. He is an expert on the sea and of course on boats.\",\"url\":\"https:\\\/\\\/www.yachtingnews.com\\\/pt-br\\\/author\\\/alexgiuzio\\\/\"}]}<\/script>\n<!-- \/ Yoast SEO plugin. -->","yoast_head_json":{"title":"VanDutch 75: o novo \u00edcone que ser\u00e1 lan\u00e7ado no Cannes Yachting Festival - Yachting News","description":"A VanDutch 75 mant\u00e9m o estilo exterior ic\u00f4nico que fez da VanDutch Yachts uma refer\u00eancia global no segmento aberto de luxo: perfil baixo...","robots":{"index":"index","follow":"follow","max-snippet":"max-snippet:-1","max-image-preview":"max-image-preview:large","max-video-preview":"max-video-preview:-1"},"canonical":"https:\/\/www.yachtingnews.com\/pt-br\/vandutch-75-o-novo-icone-que-sera-lancado-no-cannes-yachting-festival\/","og_locale":"pt_BR","og_type":"article","og_title":"VanDutch 75: o novo \u00edcone que ser\u00e1 lan\u00e7ado no Cannes Yachting Festival - Yachting News","og_description":"A VanDutch 75 mant\u00e9m o estilo exterior ic\u00f4nico que fez da VanDutch Yachts uma refer\u00eancia global no segmento aberto de luxo: perfil baixo...","og_url":"https:\/\/www.yachtingnews.com\/pt-br\/vandutch-75-o-novo-icone-que-sera-lancado-no-cannes-yachting-festival\/","og_site_name":"Yachting News","article_publisher":"https:\/\/www.facebook.com\/TheInternationalYachtingMedia","article_published_time":"2025-07-23T01:58:00+00:00","article_modified_time":"2025-07-24T20:30:14+00:00","og_image":[{"width":1400,"height":787,"url":"https:\/\/www.yachtingnews.com\/wp-content\/uploads\/2025\/07\/vandutch-75-en.jpg","type":"image\/jpeg"}],"author":"Alessandro Giuzio","twitter_card":"summary_large_image","twitter_creator":"@YachtingMedia","twitter_site":"@YachtingMedia","twitter_misc":{"Escrito por":"Alessandro Giuzio","Est. tempo de leitura":"6 minutos"},"schema":{"@context":"https:\/\/schema.org","@graph":[{"@type":"Article","@id":"https:\/\/www.yachtingnews.com\/pt-br\/vandutch-75-o-novo-icone-que-sera-lancado-no-cannes-yachting-festival\/#article","isPartOf":{"@id":"https:\/\/www.yachtingnews.com\/pt-br\/vandutch-75-o-novo-icone-que-sera-lancado-no-cannes-yachting-festival\/"},"author":{"name":"Alessandro Giuzio","@id":"https:\/\/www.yachtingnews.com\/pt-br\/#\/schema\/person\/d2e99eb1c7ce9e28a78d15e3d5d68eb3"},"headline":"VanDutch 75: o novo \u00edcone que ser\u00e1 lan\u00e7ado no Cannes Yachting Festival","datePublished":"2025-07-23T01:58:00+00:00","dateModified":"2025-07-24T20:30:14+00:00","mainEntityOfPage":{"@id":"https:\/\/www.yachtingnews.com\/pt-br\/vandutch-75-o-novo-icone-que-sera-lancado-no-cannes-yachting-festival\/"},"wordCount":1214,"commentCount":0,"publisher":{"@id":"https:\/\/www.yachtingnews.com\/pt-br\/#organization"},"image":{"@id":"https:\/\/www.yachtingnews.com\/pt-br\/vandutch-75-o-novo-icone-que-sera-lancado-no-cannes-yachting-festival\/#primaryimage"},"thumbnailUrl":"https:\/\/www.yachtingnews.com\/wp-content\/uploads\/2025\/07\/vandutch-75-en.jpg","keywords":["Cantiere del Pardo","Vandutch"],"articleSection":["BARCOS A MOTOR","Cannes Yachting Festival","Not\u00edcias"],"inLanguage":"pt-BR","potentialAction":[{"@type":"CommentAction","name":"Comment","target":["https:\/\/www.yachtingnews.com\/pt-br\/vandutch-75-o-novo-icone-que-sera-lancado-no-cannes-yachting-festival\/#respond"]}]},{"@type":"WebPage","@id":"https:\/\/www.yachtingnews.com\/pt-br\/vandutch-75-o-novo-icone-que-sera-lancado-no-cannes-yachting-festival\/","url":"https:\/\/www.yachtingnews.com\/pt-br\/vandutch-75-o-novo-icone-que-sera-lancado-no-cannes-yachting-festival\/","name":"VanDutch 75: o novo \u00edcone que ser\u00e1 lan\u00e7ado no Cannes Yachting Festival - Yachting News","isPartOf":{"@id":"https:\/\/www.yachtingnews.com\/pt-br\/#website"},"primaryImageOfPage":{"@id":"https:\/\/www.yachtingnews.com\/pt-br\/vandutch-75-o-novo-icone-que-sera-lancado-no-cannes-yachting-festival\/#primaryimage"},"image":{"@id":"https:\/\/www.yachtingnews.com\/pt-br\/vandutch-75-o-novo-icone-que-sera-lancado-no-cannes-yachting-festival\/#primaryimage"},"thumbnailUrl":"https:\/\/www.yachtingnews.com\/wp-content\/uploads\/2025\/07\/vandutch-75-en.jpg","datePublished":"2025-07-23T01:58:00+00:00","dateModified":"2025-07-24T20:30:14+00:00","description":"A VanDutch 75 mant\u00e9m o estilo exterior ic\u00f4nico que fez da VanDutch Yachts uma refer\u00eancia global no segmento aberto de luxo: perfil baixo...","breadcrumb":{"@id":"https:\/\/www.yachtingnews.com\/pt-br\/vandutch-75-o-novo-icone-que-sera-lancado-no-cannes-yachting-festival\/#breadcrumb"},"inLanguage":"pt-BR","potentialAction":[{"@type":"ReadAction","target":["https:\/\/www.yachtingnews.com\/pt-br\/vandutch-75-o-novo-icone-que-sera-lancado-no-cannes-yachting-festival\/"]}]},{"@type":"ImageObject","inLanguage":"pt-BR","@id":"https:\/\/www.yachtingnews.com\/pt-br\/vandutch-75-o-novo-icone-que-sera-lancado-no-cannes-yachting-festival\/#primaryimage","url":"https:\/\/www.yachtingnews.com\/wp-content\/uploads\/2025\/07\/vandutch-75-en.jpg","contentUrl":"https:\/\/www.yachtingnews.com\/wp-content\/uploads\/2025\/07\/vandutch-75-en.jpg","width":1400,"height":787,"caption":"vandutch-75-photo"},{"@type":"BreadcrumbList","@id":"https:\/\/www.yachtingnews.com\/pt-br\/vandutch-75-o-novo-icone-que-sera-lancado-no-cannes-yachting-festival\/#breadcrumb","itemListElement":[{"@type":"ListItem","position":1,"name":"Home","item":"https:\/\/www.yachtingnews.com\/pt-br\/yachting-news-2\/"},{"@type":"ListItem","position":2,"name":"VanDutch 75: o novo \u00edcone que ser\u00e1 lan\u00e7ado no Cannes Yachting Festival"}]},{"@type":"WebSite","@id":"https:\/\/www.yachtingnews.com\/pt-br\/#website","url":"https:\/\/www.yachtingnews.com\/pt-br\/","name":"Yachting News","description":"The International Yachting Media","publisher":{"@id":"https:\/\/www.yachtingnews.com\/pt-br\/#organization"},"potentialAction":[{"@type":"SearchAction","target":{"@type":"EntryPoint","urlTemplate":"https:\/\/www.yachtingnews.com\/pt-br\/?s={search_term_string}"},"query-input":{"@type":"PropertyValueSpecification","valueRequired":true,"valueName":"search_term_string"}}],"inLanguage":"pt-BR"},{"@type":"Organization","@id":"https:\/\/www.yachtingnews.com\/pt-br\/#organization","name":"Yachting News","url":"https:\/\/www.yachtingnews.com\/pt-br\/","logo":{"@type":"ImageObject","inLanguage":"pt-BR","@id":"https:\/\/www.yachtingnews.com\/pt-br\/#\/schema\/logo\/image\/","url":"https:\/\/www.yachtingnews.com\/wp-content\/uploads\/2023\/02\/LOGO-Yachting-NEWS-blu-800.png","contentUrl":"https:\/\/www.yachtingnews.com\/wp-content\/uploads\/2023\/02\/LOGO-Yachting-NEWS-blu-800.png","width":790,"height":99,"caption":"Yachting News"},"image":{"@id":"https:\/\/www.yachtingnews.com\/pt-br\/#\/schema\/logo\/image\/"},"sameAs":["https:\/\/www.facebook.com\/TheInternationalYachtingMedia","https:\/\/x.com\/YachtingMedia","https:\/\/www.instagram.com\/yachting.news\/","https:\/\/www.linkedin.com\/company\/the-international-yachting-media","https:\/\/www.youtube.com\/c\/TheInternationalYachtingMedia"]},{"@type":"Person","@id":"https:\/\/www.yachtingnews.com\/pt-br\/#\/schema\/person\/d2e99eb1c7ce9e28a78d15e3d5d68eb3","name":"Alessandro Giuzio","image":{"@type":"ImageObject","inLanguage":"pt-BR","@id":"https:\/\/www.yachtingnews.com\/wp-content\/litespeed\/avatar\/a99e5f8da4fc551fb53eb9f1fec61fb4.jpg?ver=1788189881","url":"https:\/\/www.yachtingnews.com\/wp-content\/litespeed\/avatar\/a99e5f8da4fc551fb53eb9f1fec61fb4.jpg?ver=1788189881","contentUrl":"https:\/\/www.yachtingnews.com\/wp-content\/litespeed\/avatar\/a99e5f8da4fc551fb53eb9f1fec61fb4.jpg?ver=1788189881","caption":"Alessandro Giuzio"},"description":"Alessandro is a professional journalist and contributes to The International Yachting Media since 2022. He is an expert on the sea and of course on boats.","url":"https:\/\/www.yachtingnews.com\/pt-br\/author\/alexgiuzio\/"}]}},"_links":{"self":[{"href":"https:\/\/www.yachtingnews.com\/pt-br\/wp-json\/wp\/v2\/posts\/150694","targetHints":{"allow":["GET"]}}],"collection":[{"href":"https:\/\/www.yachtingnews.com\/pt-br\/wp-json\/wp\/v2\/posts"}],"about":[{"href":"https:\/\/www.yachtingnews.com\/pt-br\/wp-json\/wp\/v2\/types\/post"}],"author":[{"embeddable":true,"href":"https:\/\/www.yachtingnews.com\/pt-br\/wp-json\/wp\/v2\/users\/45"}],"replies":[{"embeddable":true,"href":"https:\/\/www.yachtingnews.com\/pt-br\/wp-json\/wp\/v2\/comments?post=150694"}],"version-history":[{"count":0,"href":"https:\/\/www.yachtingnews.com\/pt-br\/wp-json\/wp\/v2\/posts\/150694\/revisions"}],"wp:featuredmedia":[{"embeddable":true,"href":"https:\/\/www.yachtingnews.com\/pt-br\/wp-json\/wp\/v2\/media\/150610"}],"wp:attachment":[{"href":"https:\/\/www.yachtingnews.com\/pt-br\/wp-json\/wp\/v2\/media?parent=150694"}],"wp:term":[{"taxonomy":"category","embeddable":true,"href":"https:\/\/www.yachtingnews.com\/pt-br\/wp-json\/wp\/v2\/categories?post=150694"},{"taxonomy":"post_tag","embeddable":true,"href":"https:\/\/www.yachtingnews.com\/pt-br\/wp-json\/wp\/v2\/tags?post=150694"}],"curies":[{"name":"wp","href":"https:\/\/api.w.org\/{rel}","templated":true}]}}