{"id":150776,"date":"2025-07-28T02:11:00","date_gmt":"2025-07-28T01:11:00","guid":{"rendered":"https:\/\/yachtingnews.com\/invictus-yacht-fara-tres-estreias-mundiais-em-cannes\/"},"modified":"2025-07-28T13:48:27","modified_gmt":"2025-07-28T12:48:27","slug":"invictus-yacht-fara-tres-estreias-mundiais-em-cannes","status":"publish","type":"post","link":"https:\/\/www.yachtingnews.com\/pt-br\/invictus-yacht-fara-tres-estreias-mundiais-em-cannes\/","title":{"rendered":"Invictus Yacht far\u00e1 tr\u00eas estreias mundiais em Cannes"},"content":{"rendered":"\t\t<div data-elementor-type=\"wp-post\" data-elementor-id=\"150776\" class=\"elementor elementor-150776 elementor-150728\" data-elementor-post-type=\"post\">\n\t\t\t\t\t\t<section class=\"elementor-section elementor-top-section elementor-element elementor-element-1bb0b75c elementor-section-boxed elementor-section-height-default elementor-section-height-default\" data-id=\"1bb0b75c\" data-element_type=\"section\" data-e-type=\"section\">\n\t\t\t\t\t\t<div class=\"elementor-container elementor-column-gap-default\">\n\t\t\t\t\t<div class=\"elementor-column elementor-col-100 elementor-top-column elementor-element elementor-element-7f7f7fe9\" data-id=\"7f7f7fe9\" data-element_type=\"column\" data-e-type=\"column\">\n\t\t\t<div class=\"elementor-widget-wrap elementor-element-populated\">\n\t\t\t\t\t\t<div class=\"elementor-element elementor-element-5410ce17 elementor-widget elementor-widget-text-editor\" data-id=\"5410ce17\" data-element_type=\"widget\" data-e-type=\"widget\" data-widget_type=\"text-editor.default\">\n\t\t\t\t<div class=\"elementor-widget-container\">\n\t\t\t\t\t\t\t\t\t<p>Dois iates de 16,87 metros que incorporam o melhor do design italiano, atingindo um equil\u00edbrio perfeito entre a tradi\u00e7\u00e3o do iatismo e a inova\u00e7\u00e3o tecnol\u00f3gica. Esses s\u00e3o os novos modelos que <b>a Invictus Yacht <\/b>apresentar\u00e1 em sua estreia mundial no <a href=\"https:\/\/yachtingnews.com\/?s=cannes+yachting+festival&amp;lang=en\">Cannes Yachting Festival<\/a>: o <b>ST550 <\/b>e o <b>TT550, <\/b>os novos carros-chefe do estaleiro sediado em Borgia. O primeiro \u00e9 um trawler contempor\u00e2neo que redefine o conceito de espa\u00e7o, apresentando ambientes elegantes e refinados projetados para voc\u00ea aproveitar o mar com absoluto estilo e conforto. O segundo \u00e9 uma evolu\u00e7\u00e3o maxi da linha TT, com um hardtop de carbono e uma filosofia &#8220;totalmente aberta&#8221; que celebra o verdadeiro esp\u00edrito mediterr\u00e2neo. Junto com os dois carros-chefe est\u00e1 a nova vers\u00e3o do <b>TT460<\/b>, que tamb\u00e9m far\u00e1 sua estreia mundial no sal\u00e3o n\u00e1utico franc\u00eas, com linhas atualizadas, materiais sustent\u00e1veis e solu\u00e7\u00f5es de ponta para cruzeiros cada vez mais conscientes.    <\/p><p>Assim, a Invictus Yacht est\u00e1 pronta para iniciar um novo e ousado cap\u00edtulo em sua hist\u00f3ria. Distintos em car\u00e1ter e conceito, o ST550 e o TT550 apresentam o design inconfund\u00edvel de <b>Christian Grande<\/b> e o renomado trabalho artesanal de <b>Cantieri Aschenez. <\/b>Enquanto isso, o TT460 servir\u00e1 como uma vitrine para as solu\u00e7\u00f5es desenvolvidas nos \u00faltimos meses pelo departamento Atelier, em colabora\u00e7\u00e3o com o renomado arquiteto <b>Fabio Rotella.<\/b> Obras-primas que mal podemos esperar para admirar de 9 a 14 de setembro em Cannes. <\/p><p><img decoding=\"async\" class=\"aligncenter wp-image-150759 size-full\" title=\"invictus-yacht-cannes-preview\" src=\"https:\/\/yachtingnews.com\/wp-content\/uploads\/2025\/07\/invictus-yacht-cannes-de.jpg\" alt=\"invictus-yacht-cannes-preview\" width=\"1400\" height=\"787\" srcset=\"https:\/\/www.yachtingnews.com\/wp-content\/uploads\/2025\/07\/invictus-yacht-cannes-de.jpg 1400w, https:\/\/www.yachtingnews.com\/wp-content\/uploads\/2025\/07\/invictus-yacht-cannes-de-300x169.jpg 300w, https:\/\/www.yachtingnews.com\/wp-content\/uploads\/2025\/07\/invictus-yacht-cannes-de-768x432.jpg 768w\" sizes=\"(max-width: 1400px) 100vw, 1400px\" \/><\/p><h3 class=\"western\">ST550: o novo conceito de espa\u00e7o de acordo com a Invictus Yacht<\/h3><p>Com o ST550, a Invictus apresenta sua nova linha &#8220;ST&#8221;, onde &#8220;S&#8221; significa<b>&#8220;Space<\/b>&#8220;<b>(espa\u00e7o).<\/b> Esse modelo reinventa a habitabilidade a bordo, combinando o charme atemporal de um iate estilo shuttle com eleg\u00e2ncia e conforto contempor\u00e2neos, atingindo um equil\u00edbrio refinado entre tradi\u00e7\u00e3o e inova\u00e7\u00e3o. Linhas suaves, volumes generosos e superf\u00edcies fluidas definem uma silhueta sofisticada e atemporal, projetada para proporcionar uma experi\u00eancia de cruzeiro exclusiva, em que o conforto e o estilo convergem em um ambiente moderno e com curadoria. O uso de materiais nobres, incluindo teca, mogno, a\u00e7o inoxid\u00e1vel e acabamentos t\u00e9cnicos de \u00faltima gera\u00e7\u00e3o, confere ao ST550 uma riqueza e profundidade distintas. A pot\u00eancia \u00e9 fornecida por dois motores Volvo Penta IPS800 ou, opcionalmente, IPS950.   <\/p><p><img decoding=\"async\" class=\"aligncenter wp-image-150749 size-full\" title=\"invictus-yacht-world-premieres\" src=\"https:\/\/yachtingnews.com\/wp-content\/uploads\/2025\/07\/invictus-yacht-cannes-it.jpg\" alt=\"invictus-yacht-world-premieres\" width=\"1400\" height=\"787\" srcset=\"https:\/\/www.yachtingnews.com\/wp-content\/uploads\/2025\/07\/invictus-yacht-cannes-it.jpg 1400w, https:\/\/www.yachtingnews.com\/wp-content\/uploads\/2025\/07\/invictus-yacht-cannes-it-300x169.jpg 300w, https:\/\/www.yachtingnews.com\/wp-content\/uploads\/2025\/07\/invictus-yacht-cannes-it-768x432.jpg 768w\" sizes=\"(max-width: 1400px) 100vw, 1400px\" \/><\/p><p>&#8220;<i>O ST550 incorpora eleg\u00e2ncia e conforto, oferecendo um cruzeiro sereno e relaxante com total privacidade &#8211; um retiro no mar onde cada elemento \u00e9 projetado para proporcionar uma experi\u00eancia refinada e perfeita<\/i>&#8220;, diz <b>Valentina Procopio<\/b>, gerente de marketing da Invictus Yacht. <\/p><p><img decoding=\"async\" class=\"aligncenter wp-image-150739 size-full\" title=\"interior\" src=\"https:\/\/yachtingnews.com\/wp-content\/uploads\/2025\/07\/ST550_161.jpg\" alt=\"interior\" width=\"1200\" height=\"800\" srcset=\"https:\/\/www.yachtingnews.com\/wp-content\/uploads\/2025\/07\/ST550_161.jpg 1200w, https:\/\/www.yachtingnews.com\/wp-content\/uploads\/2025\/07\/ST550_161-300x200.jpg 300w, https:\/\/www.yachtingnews.com\/wp-content\/uploads\/2025\/07\/ST550_161-768x512.jpg 768w\" sizes=\"(max-width: 1200px) 100vw, 1200px\" \/><\/p><h3 class=\"western\">TT550: a express\u00e3o m\u00e1xima dos cruzeiros diurnos pelo Mediterr\u00e2neo<\/h3><p>Enquanto o ST550 homenageia a tradi\u00e7\u00e3o, o TT550 marca uma evolu\u00e7\u00e3o significativa da renomada linha TT, um verdadeiro \u00edcone do estaleiro. Projetado para a vida <b>ao ar livre<\/b>, esse carro-chefe aprimora a rela\u00e7\u00e3o com o mar por meio de um layout inovador e expansivo, com solu\u00e7\u00f5es de design novas que maximizam o espa\u00e7o e aprimoram o uso de materiais. A proa semi-revertida caracter\u00edstica \u00e9 combinada com terra\u00e7os laterais dobr\u00e1veis que estendem o cockpit em uma plataforma suspensa sobre a \u00e1gua. Os interiores s\u00e3o cuidadosamente projetados, mas intencionalmente desempenham um papel secund\u00e1rio em rela\u00e7\u00e3o \u00e0s amplas \u00e1reas de conviv\u00eancia externas. As combina\u00e7\u00f5es de cores frescas real\u00e7am ainda mais a personalidade vibrante do iate. A pot\u00eancia vem de dois motores Volvo Penta IPS, dispon\u00edveis at\u00e9 a vers\u00e3o IPS950.     <\/p><p><img decoding=\"async\" class=\"aligncenter wp-image-150734 size-full\" title=\"invictus-yacht\" src=\"https:\/\/yachtingnews.com\/wp-content\/uploads\/2025\/07\/invictus-yacht-9.jpg\" alt=\"invictus-yacht\" width=\"1200\" height=\"675\" srcset=\"https:\/\/www.yachtingnews.com\/wp-content\/uploads\/2025\/07\/invictus-yacht-9.jpg 1200w, https:\/\/www.yachtingnews.com\/wp-content\/uploads\/2025\/07\/invictus-yacht-9-300x169.jpg 300w, https:\/\/www.yachtingnews.com\/wp-content\/uploads\/2025\/07\/invictus-yacht-9-768x432.jpg 768w\" sizes=\"(max-width: 1200px) 100vw, 1200px\" \/><\/p><p>&#8220;<i>O TT550 \u00e9 imediatamente reconhec\u00edvel; ele cativa com a harmonia e a for\u00e7a de suas linhas e a riqueza de sua paleta de cores. Um iate esportivo elegante, meticulosamente detalhado e criado para aqueles que vivem o mar com estilo e personalidade&#8221; <\/i>, diz Valentina Procopio.<\/p><p><img decoding=\"async\" class=\"aligncenter wp-image-150729 size-full\" title=\"vista lateral\" src=\"https:\/\/yachtingnews.com\/wp-content\/uploads\/2025\/07\/101.jpg\" alt=\"vista lateral\" width=\"1200\" height=\"675\" srcset=\"https:\/\/www.yachtingnews.com\/wp-content\/uploads\/2025\/07\/101.jpg 1200w, https:\/\/www.yachtingnews.com\/wp-content\/uploads\/2025\/07\/101-300x169.jpg 300w, https:\/\/www.yachtingnews.com\/wp-content\/uploads\/2025\/07\/101-768x432.jpg 768w\" sizes=\"(max-width: 1200px) 100vw, 1200px\" \/><\/p><h3 class=\"western\">Duas vis\u00f5es complementares, um DNA Invictus<\/h3><p>Embora unidos pelo tamanho e pela qualidade de constru\u00e7\u00e3o, o ST550 e o TT550 atendem a necessidades diferentes. O primeiro prioriza interiores espa\u00e7osos e protegidos para o conforto durante todo o ano; o segundo favorece a abertura e a conex\u00e3o com o ambiente marinho. Essa abordagem dupla promove a complementaridade em vez da concorr\u00eancia. <i>&#8220;A cria\u00e7\u00e3o desses dois modelos &#8211; <\/i>explica <b>Rosario Alcaro,<\/b> gerente geral da Invictus Yacht &#8211; \u00e9 uma oportunidade para que voc\u00ea possa se sentir mais \u00e0 vontade.    <i>tem sido um desafio significativo dez anos ap\u00f3s a abertura da Cantieri Aschenez. Nossa empresa cresceu em capacidade de produ\u00e7\u00e3o, experi\u00eancia e conhecimento. A ST550 e a TT550 incorporam a s\u00edntese evolu\u00edda dessa jornada&#8221;.  <\/i><\/p><p><img decoding=\"async\" class=\"aligncenter wp-image-150764 size-full\" title=\"vista do drone\" src=\"https:\/\/yachtingnews.com\/wp-content\/uploads\/2025\/07\/invictus-yacht-cannes-fr.jpg\" alt=\"vista do drone\" width=\"1400\" height=\"787\" srcset=\"https:\/\/www.yachtingnews.com\/wp-content\/uploads\/2025\/07\/invictus-yacht-cannes-fr.jpg 1400w, https:\/\/www.yachtingnews.com\/wp-content\/uploads\/2025\/07\/invictus-yacht-cannes-fr-300x169.jpg 300w, https:\/\/www.yachtingnews.com\/wp-content\/uploads\/2025\/07\/invictus-yacht-cannes-fr-768x432.jpg 768w\" sizes=\"(max-width: 1400px) 100vw, 1400px\" \/><\/p><h3 class=\"western\">Luxo sob medida com o Atelier Invictus<\/h3><p>Ambos os modelos s\u00e3o totalmente personaliz\u00e1veis por meio do Atelier Invictus, a oficina criativa interna da marca que permite que os clientes personalizem cada detalhe, desde materiais e cores at\u00e9 acess\u00f3rios exclusivos. \u00c9 uma jornada sob medida conduzida por artes\u00e3os altamente qualificados e fornecedores confi\u00e1veis. Em Cannes, o TT550 estrear\u00e1 em um novo e impressionante casco &#8220;<b>Stone White&#8221;<\/b> com estofamento &#8220;Cloudy Cognac&#8221;, enquanto o ST550 ser\u00e1 apresentado no ic\u00f4nico &#8220;<b>Spectrum Blue<\/b>&#8221; acentuado com inser\u00e7\u00f5es &#8220;Cloudy Titanium&#8221;. Essas novas op\u00e7\u00f5es de estofamento foram desenvolvidas por meio de pesquisas entre setores, combinando luxo e durabilidade para o ambiente mar\u00edtimo.   <\/p><p><img decoding=\"async\" class=\"aligncenter wp-image-150744 size-full\" title=\"decks laterais do iate invictus\" src=\"https:\/\/yachtingnews.com\/wp-content\/uploads\/2025\/07\/31.jpg\" alt=\"decks laterais do iate invictus\" width=\"1200\" height=\"800\" srcset=\"https:\/\/www.yachtingnews.com\/wp-content\/uploads\/2025\/07\/31.jpg 1200w, https:\/\/www.yachtingnews.com\/wp-content\/uploads\/2025\/07\/31-300x200.jpg 300w, https:\/\/www.yachtingnews.com\/wp-content\/uploads\/2025\/07\/31-768x512.jpg 768w\" sizes=\"(max-width: 1200px) 100vw, 1200px\" \/><\/p><p>&#8220;<i>N\u00f3s adquirimos materiais de outros setores al\u00e9m do iatismo para criar novas experi\u00eancias t\u00e1teis e visuais<\/i> &#8211; diz <b>Paolo Avellone<\/b>, diretor do Atelier Invictus &#8211; <i>O resultado \u00e9 um espa\u00e7o que relaxa, envolve e reflete verdadeiramente a personalidade do propriet\u00e1rio&#8221;.<\/i><\/p><h3 class=\"western\">A estreia do novo TT460<\/h3><p>Juntamente com os dois novos carros-chefe, a Invictus Yacht apresentar\u00e1 um TT460 totalmente renovado. Esse modelo apresentar\u00e1 solu\u00e7\u00f5es desenvolvidas nos \u00faltimos meses pelo departamento Atelier, em colabora\u00e7\u00e3o com o renomado arquiteto Fabio Rotella. Um recurso de destaque \u00e9 o primeiro uso em iates de pain\u00e9is de favo de mel leves e recicl\u00e1veis para as paredes do conv\u00e9s inferior, substituindo a madeira tradicional. Esses materiais reduzem significativamente o deslocamento geral, melhorando o desempenho e reduzindo o consumo de combust\u00edvel.   <\/p><p>Esse projeto foi realizado por meio da colabora\u00e7\u00e3o com parceiros t\u00e9cnicos, como Rimani para ilumina\u00e7\u00e3o, Zaac para novos materiais, Gessi e Artelinea para banheiros, La Boutique para tecidos e Liuni para pisos.<\/p><p>Al\u00e9m dos dois novos carros-chefe e do renovado TT460, a Cantieri Aschenez tamb\u00e9m apresentar\u00e1 o TT420 e o GT370 no estande da Invictus (PAN 360 &#8211; PAN 014).<\/p>\t\t\t\t\t\t\t\t<\/div>\n\t\t\t\t<\/div>\n\t\t\t\t\t<\/div>\n\t\t<\/div>\n\t\t\t\t\t<\/div>\n\t\t<\/section>\n\t\t\t\t<\/div>\n\t\t","protected":false},"excerpt":{"rendered":"<p>Dois iates de 16,87 metros que incorporam o melhor do design italiano, atingindo um equil\u00edbrio perfeito entre a tradi\u00e7\u00e3o do iatismo e a inova\u00e7\u00e3o tecnol\u00f3gica. Esses s\u00e3o os novos modelos que a Invictus Yacht apresentar\u00e1 em sua estreia mundial no Cannes Yachting Festival: o ST550 e o TT550, os novos carros-chefe do estaleiro sediado em [&hellip;]<\/p>\n","protected":false},"author":45,"featured_media":150757,"comment_status":"open","ping_status":"closed","sticky":false,"template":"","format":"standard","meta":{"_mo_disable_npp":"","footnotes":""},"categories":[1687,1653],"tags":[4263],"class_list":["post-150776","post","type-post","status-publish","format-standard","has-post-thumbnail","hentry","category-barcos-a-motor","category-news-pt-br","tag-iate-invictus"],"yoast_head":"<!-- This site is optimized with the Yoast SEO plugin v28.3 - https:\/\/yoast.com\/product\/yoast-seo-wordpress\/ -->\n<title>Invictus Yacht far\u00e1 tr\u00eas estreias mundiais em Cannes - Yachting News<\/title>\n<meta name=\"description\" content=\"Os novos modelos que a Invictus Yacht apresentar\u00e1 no pr\u00f3ximo Cannes Yachting Festival s\u00e3o todos de tirar o f\u00f4lego. Especificamente...\" \/>\n<meta name=\"robots\" content=\"index, follow, max-snippet:-1, max-image-preview:large, max-video-preview:-1\" \/>\n<link rel=\"canonical\" href=\"https:\/\/www.yachtingnews.com\/pt-br\/invictus-yacht-fara-tres-estreias-mundiais-em-cannes\/\" \/>\n<meta property=\"og:locale\" content=\"pt_BR\" \/>\n<meta property=\"og:type\" content=\"article\" \/>\n<meta property=\"og:title\" content=\"Invictus Yacht far\u00e1 tr\u00eas estreias mundiais em Cannes - Yachting News\" \/>\n<meta property=\"og:description\" content=\"Os novos modelos que a Invictus Yacht apresentar\u00e1 no pr\u00f3ximo Cannes Yachting Festival s\u00e3o todos de tirar o f\u00f4lego. Especificamente...\" \/>\n<meta property=\"og:url\" content=\"https:\/\/www.yachtingnews.com\/pt-br\/invictus-yacht-fara-tres-estreias-mundiais-em-cannes\/\" \/>\n<meta property=\"og:site_name\" content=\"Yachting News\" \/>\n<meta property=\"article:publisher\" content=\"https:\/\/www.facebook.com\/TheInternationalYachtingMedia\" \/>\n<meta property=\"article:published_time\" content=\"2025-07-28T01:11:00+00:00\" \/>\n<meta property=\"article:modified_time\" content=\"2025-07-28T12:48:27+00:00\" \/>\n<meta property=\"og:image\" content=\"https:\/\/www.yachtingnews.com\/wp-content\/uploads\/2025\/07\/invictus-yacht-cannes-en.jpg\" \/>\n\t<meta property=\"og:image:width\" content=\"1400\" \/>\n\t<meta property=\"og:image:height\" content=\"787\" \/>\n\t<meta property=\"og:image:type\" content=\"image\/jpeg\" \/>\n<meta name=\"author\" content=\"Alessandro Giuzio\" \/>\n<meta name=\"twitter:card\" content=\"summary_large_image\" \/>\n<meta name=\"twitter:creator\" content=\"@YachtingMedia\" \/>\n<meta name=\"twitter:site\" content=\"@YachtingMedia\" \/>\n<meta name=\"twitter:label1\" content=\"Escrito por\" \/>\n\t<meta name=\"twitter:data1\" content=\"Alessandro Giuzio\" \/>\n\t<meta name=\"twitter:label2\" content=\"Est. tempo de leitura\" \/>\n\t<meta name=\"twitter:data2\" content=\"5 minutos\" \/>\n<script type=\"application\/ld+json\" class=\"yoast-schema-graph\">{\"@context\":\"https:\\\/\\\/schema.org\",\"@graph\":[{\"@type\":\"Article\",\"@id\":\"https:\\\/\\\/www.yachtingnews.com\\\/pt-br\\\/invictus-yacht-fara-tres-estreias-mundiais-em-cannes\\\/#article\",\"isPartOf\":{\"@id\":\"https:\\\/\\\/www.yachtingnews.com\\\/pt-br\\\/invictus-yacht-fara-tres-estreias-mundiais-em-cannes\\\/\"},\"author\":{\"name\":\"Alessandro Giuzio\",\"@id\":\"https:\\\/\\\/www.yachtingnews.com\\\/pt-br\\\/#\\\/schema\\\/person\\\/d2e99eb1c7ce9e28a78d15e3d5d68eb3\"},\"headline\":\"Invictus Yacht far\u00e1 tr\u00eas estreias mundiais em Cannes\",\"datePublished\":\"2025-07-28T01:11:00+00:00\",\"dateModified\":\"2025-07-28T12:48:27+00:00\",\"mainEntityOfPage\":{\"@id\":\"https:\\\/\\\/www.yachtingnews.com\\\/pt-br\\\/invictus-yacht-fara-tres-estreias-mundiais-em-cannes\\\/\"},\"wordCount\":1076,\"commentCount\":0,\"publisher\":{\"@id\":\"https:\\\/\\\/www.yachtingnews.com\\\/pt-br\\\/#organization\"},\"image\":{\"@id\":\"https:\\\/\\\/www.yachtingnews.com\\\/pt-br\\\/invictus-yacht-fara-tres-estreias-mundiais-em-cannes\\\/#primaryimage\"},\"thumbnailUrl\":\"https:\\\/\\\/www.yachtingnews.com\\\/wp-content\\\/uploads\\\/2025\\\/07\\\/invictus-yacht-cannes-en.jpg\",\"keywords\":[\"Iate Invictus\"],\"articleSection\":[\"BARCOS A MOTOR\",\"Not\u00edcias\"],\"inLanguage\":\"pt-BR\",\"potentialAction\":[{\"@type\":\"CommentAction\",\"name\":\"Comment\",\"target\":[\"https:\\\/\\\/www.yachtingnews.com\\\/pt-br\\\/invictus-yacht-fara-tres-estreias-mundiais-em-cannes\\\/#respond\"]}]},{\"@type\":\"WebPage\",\"@id\":\"https:\\\/\\\/www.yachtingnews.com\\\/pt-br\\\/invictus-yacht-fara-tres-estreias-mundiais-em-cannes\\\/\",\"url\":\"https:\\\/\\\/www.yachtingnews.com\\\/pt-br\\\/invictus-yacht-fara-tres-estreias-mundiais-em-cannes\\\/\",\"name\":\"Invictus Yacht far\u00e1 tr\u00eas estreias mundiais em Cannes - Yachting News\",\"isPartOf\":{\"@id\":\"https:\\\/\\\/www.yachtingnews.com\\\/pt-br\\\/#website\"},\"primaryImageOfPage\":{\"@id\":\"https:\\\/\\\/www.yachtingnews.com\\\/pt-br\\\/invictus-yacht-fara-tres-estreias-mundiais-em-cannes\\\/#primaryimage\"},\"image\":{\"@id\":\"https:\\\/\\\/www.yachtingnews.com\\\/pt-br\\\/invictus-yacht-fara-tres-estreias-mundiais-em-cannes\\\/#primaryimage\"},\"thumbnailUrl\":\"https:\\\/\\\/www.yachtingnews.com\\\/wp-content\\\/uploads\\\/2025\\\/07\\\/invictus-yacht-cannes-en.jpg\",\"datePublished\":\"2025-07-28T01:11:00+00:00\",\"dateModified\":\"2025-07-28T12:48:27+00:00\",\"description\":\"Os novos modelos que a Invictus Yacht apresentar\u00e1 no pr\u00f3ximo Cannes Yachting Festival s\u00e3o todos de tirar o f\u00f4lego. Especificamente...\",\"breadcrumb\":{\"@id\":\"https:\\\/\\\/www.yachtingnews.com\\\/pt-br\\\/invictus-yacht-fara-tres-estreias-mundiais-em-cannes\\\/#breadcrumb\"},\"inLanguage\":\"pt-BR\",\"potentialAction\":[{\"@type\":\"ReadAction\",\"target\":[\"https:\\\/\\\/www.yachtingnews.com\\\/pt-br\\\/invictus-yacht-fara-tres-estreias-mundiais-em-cannes\\\/\"]}]},{\"@type\":\"ImageObject\",\"inLanguage\":\"pt-BR\",\"@id\":\"https:\\\/\\\/www.yachtingnews.com\\\/pt-br\\\/invictus-yacht-fara-tres-estreias-mundiais-em-cannes\\\/#primaryimage\",\"url\":\"https:\\\/\\\/www.yachtingnews.com\\\/wp-content\\\/uploads\\\/2025\\\/07\\\/invictus-yacht-cannes-en.jpg\",\"contentUrl\":\"https:\\\/\\\/www.yachtingnews.com\\\/wp-content\\\/uploads\\\/2025\\\/07\\\/invictus-yacht-cannes-en.jpg\",\"width\":1400,\"height\":787,\"caption\":\"invictus-yacht-cannes-en\"},{\"@type\":\"BreadcrumbList\",\"@id\":\"https:\\\/\\\/www.yachtingnews.com\\\/pt-br\\\/invictus-yacht-fara-tres-estreias-mundiais-em-cannes\\\/#breadcrumb\",\"itemListElement\":[{\"@type\":\"ListItem\",\"position\":1,\"name\":\"Home\",\"item\":\"https:\\\/\\\/www.yachtingnews.com\\\/pt-br\\\/yachting-news-2\\\/\"},{\"@type\":\"ListItem\",\"position\":2,\"name\":\"Invictus Yacht far\u00e1 tr\u00eas estreias mundiais em Cannes\"}]},{\"@type\":\"WebSite\",\"@id\":\"https:\\\/\\\/www.yachtingnews.com\\\/pt-br\\\/#website\",\"url\":\"https:\\\/\\\/www.yachtingnews.com\\\/pt-br\\\/\",\"name\":\"Yachting News\",\"description\":\"The International Yachting Media\",\"publisher\":{\"@id\":\"https:\\\/\\\/www.yachtingnews.com\\\/pt-br\\\/#organization\"},\"potentialAction\":[{\"@type\":\"SearchAction\",\"target\":{\"@type\":\"EntryPoint\",\"urlTemplate\":\"https:\\\/\\\/www.yachtingnews.com\\\/pt-br\\\/?s={search_term_string}\"},\"query-input\":{\"@type\":\"PropertyValueSpecification\",\"valueRequired\":true,\"valueName\":\"search_term_string\"}}],\"inLanguage\":\"pt-BR\"},{\"@type\":\"Organization\",\"@id\":\"https:\\\/\\\/www.yachtingnews.com\\\/pt-br\\\/#organization\",\"name\":\"Yachting News\",\"url\":\"https:\\\/\\\/www.yachtingnews.com\\\/pt-br\\\/\",\"logo\":{\"@type\":\"ImageObject\",\"inLanguage\":\"pt-BR\",\"@id\":\"https:\\\/\\\/www.yachtingnews.com\\\/pt-br\\\/#\\\/schema\\\/logo\\\/image\\\/\",\"url\":\"https:\\\/\\\/www.yachtingnews.com\\\/wp-content\\\/uploads\\\/2023\\\/02\\\/LOGO-Yachting-NEWS-blu-800.png\",\"contentUrl\":\"https:\\\/\\\/www.yachtingnews.com\\\/wp-content\\\/uploads\\\/2023\\\/02\\\/LOGO-Yachting-NEWS-blu-800.png\",\"width\":790,\"height\":99,\"caption\":\"Yachting News\"},\"image\":{\"@id\":\"https:\\\/\\\/www.yachtingnews.com\\\/pt-br\\\/#\\\/schema\\\/logo\\\/image\\\/\"},\"sameAs\":[\"https:\\\/\\\/www.facebook.com\\\/TheInternationalYachtingMedia\",\"https:\\\/\\\/x.com\\\/YachtingMedia\",\"https:\\\/\\\/www.instagram.com\\\/yachting.news\\\/\",\"https:\\\/\\\/www.linkedin.com\\\/company\\\/the-international-yachting-media\",\"https:\\\/\\\/www.youtube.com\\\/c\\\/TheInternationalYachtingMedia\"]},{\"@type\":\"Person\",\"@id\":\"https:\\\/\\\/www.yachtingnews.com\\\/pt-br\\\/#\\\/schema\\\/person\\\/d2e99eb1c7ce9e28a78d15e3d5d68eb3\",\"name\":\"Alessandro Giuzio\",\"image\":{\"@type\":\"ImageObject\",\"inLanguage\":\"pt-BR\",\"@id\":\"https:\\\/\\\/www.yachtingnews.com\\\/wp-content\\\/litespeed\\\/avatar\\\/a99e5f8da4fc551fb53eb9f1fec61fb4.jpg?ver=1787585046\",\"url\":\"https:\\\/\\\/www.yachtingnews.com\\\/wp-content\\\/litespeed\\\/avatar\\\/a99e5f8da4fc551fb53eb9f1fec61fb4.jpg?ver=1787585046\",\"contentUrl\":\"https:\\\/\\\/www.yachtingnews.com\\\/wp-content\\\/litespeed\\\/avatar\\\/a99e5f8da4fc551fb53eb9f1fec61fb4.jpg?ver=1787585046\",\"caption\":\"Alessandro Giuzio\"},\"description\":\"Alessandro is a professional journalist and contributes to The International Yachting Media since 2022. He is an expert on the sea and of course on boats.\",\"url\":\"https:\\\/\\\/www.yachtingnews.com\\\/pt-br\\\/author\\\/alexgiuzio\\\/\"}]}<\/script>\n<!-- \/ Yoast SEO plugin. -->","yoast_head_json":{"title":"Invictus Yacht far\u00e1 tr\u00eas estreias mundiais em Cannes - Yachting News","description":"Os novos modelos que a Invictus Yacht apresentar\u00e1 no pr\u00f3ximo Cannes Yachting Festival s\u00e3o todos de tirar o f\u00f4lego. Especificamente...","robots":{"index":"index","follow":"follow","max-snippet":"max-snippet:-1","max-image-preview":"max-image-preview:large","max-video-preview":"max-video-preview:-1"},"canonical":"https:\/\/www.yachtingnews.com\/pt-br\/invictus-yacht-fara-tres-estreias-mundiais-em-cannes\/","og_locale":"pt_BR","og_type":"article","og_title":"Invictus Yacht far\u00e1 tr\u00eas estreias mundiais em Cannes - Yachting News","og_description":"Os novos modelos que a Invictus Yacht apresentar\u00e1 no pr\u00f3ximo Cannes Yachting Festival s\u00e3o todos de tirar o f\u00f4lego. Especificamente...","og_url":"https:\/\/www.yachtingnews.com\/pt-br\/invictus-yacht-fara-tres-estreias-mundiais-em-cannes\/","og_site_name":"Yachting News","article_publisher":"https:\/\/www.facebook.com\/TheInternationalYachtingMedia","article_published_time":"2025-07-28T01:11:00+00:00","article_modified_time":"2025-07-28T12:48:27+00:00","og_image":[{"width":1400,"height":787,"url":"https:\/\/www.yachtingnews.com\/wp-content\/uploads\/2025\/07\/invictus-yacht-cannes-en.jpg","type":"image\/jpeg"}],"author":"Alessandro Giuzio","twitter_card":"summary_large_image","twitter_creator":"@YachtingMedia","twitter_site":"@YachtingMedia","twitter_misc":{"Escrito por":"Alessandro Giuzio","Est. tempo de leitura":"5 minutos"},"schema":{"@context":"https:\/\/schema.org","@graph":[{"@type":"Article","@id":"https:\/\/www.yachtingnews.com\/pt-br\/invictus-yacht-fara-tres-estreias-mundiais-em-cannes\/#article","isPartOf":{"@id":"https:\/\/www.yachtingnews.com\/pt-br\/invictus-yacht-fara-tres-estreias-mundiais-em-cannes\/"},"author":{"name":"Alessandro Giuzio","@id":"https:\/\/www.yachtingnews.com\/pt-br\/#\/schema\/person\/d2e99eb1c7ce9e28a78d15e3d5d68eb3"},"headline":"Invictus Yacht far\u00e1 tr\u00eas estreias mundiais em Cannes","datePublished":"2025-07-28T01:11:00+00:00","dateModified":"2025-07-28T12:48:27+00:00","mainEntityOfPage":{"@id":"https:\/\/www.yachtingnews.com\/pt-br\/invictus-yacht-fara-tres-estreias-mundiais-em-cannes\/"},"wordCount":1076,"commentCount":0,"publisher":{"@id":"https:\/\/www.yachtingnews.com\/pt-br\/#organization"},"image":{"@id":"https:\/\/www.yachtingnews.com\/pt-br\/invictus-yacht-fara-tres-estreias-mundiais-em-cannes\/#primaryimage"},"thumbnailUrl":"https:\/\/www.yachtingnews.com\/wp-content\/uploads\/2025\/07\/invictus-yacht-cannes-en.jpg","keywords":["Iate Invictus"],"articleSection":["BARCOS A MOTOR","Not\u00edcias"],"inLanguage":"pt-BR","potentialAction":[{"@type":"CommentAction","name":"Comment","target":["https:\/\/www.yachtingnews.com\/pt-br\/invictus-yacht-fara-tres-estreias-mundiais-em-cannes\/#respond"]}]},{"@type":"WebPage","@id":"https:\/\/www.yachtingnews.com\/pt-br\/invictus-yacht-fara-tres-estreias-mundiais-em-cannes\/","url":"https:\/\/www.yachtingnews.com\/pt-br\/invictus-yacht-fara-tres-estreias-mundiais-em-cannes\/","name":"Invictus Yacht far\u00e1 tr\u00eas estreias mundiais em Cannes - Yachting News","isPartOf":{"@id":"https:\/\/www.yachtingnews.com\/pt-br\/#website"},"primaryImageOfPage":{"@id":"https:\/\/www.yachtingnews.com\/pt-br\/invictus-yacht-fara-tres-estreias-mundiais-em-cannes\/#primaryimage"},"image":{"@id":"https:\/\/www.yachtingnews.com\/pt-br\/invictus-yacht-fara-tres-estreias-mundiais-em-cannes\/#primaryimage"},"thumbnailUrl":"https:\/\/www.yachtingnews.com\/wp-content\/uploads\/2025\/07\/invictus-yacht-cannes-en.jpg","datePublished":"2025-07-28T01:11:00+00:00","dateModified":"2025-07-28T12:48:27+00:00","description":"Os novos modelos que a Invictus Yacht apresentar\u00e1 no pr\u00f3ximo Cannes Yachting Festival s\u00e3o todos de tirar o f\u00f4lego. Especificamente...","breadcrumb":{"@id":"https:\/\/www.yachtingnews.com\/pt-br\/invictus-yacht-fara-tres-estreias-mundiais-em-cannes\/#breadcrumb"},"inLanguage":"pt-BR","potentialAction":[{"@type":"ReadAction","target":["https:\/\/www.yachtingnews.com\/pt-br\/invictus-yacht-fara-tres-estreias-mundiais-em-cannes\/"]}]},{"@type":"ImageObject","inLanguage":"pt-BR","@id":"https:\/\/www.yachtingnews.com\/pt-br\/invictus-yacht-fara-tres-estreias-mundiais-em-cannes\/#primaryimage","url":"https:\/\/www.yachtingnews.com\/wp-content\/uploads\/2025\/07\/invictus-yacht-cannes-en.jpg","contentUrl":"https:\/\/www.yachtingnews.com\/wp-content\/uploads\/2025\/07\/invictus-yacht-cannes-en.jpg","width":1400,"height":787,"caption":"invictus-yacht-cannes-en"},{"@type":"BreadcrumbList","@id":"https:\/\/www.yachtingnews.com\/pt-br\/invictus-yacht-fara-tres-estreias-mundiais-em-cannes\/#breadcrumb","itemListElement":[{"@type":"ListItem","position":1,"name":"Home","item":"https:\/\/www.yachtingnews.com\/pt-br\/yachting-news-2\/"},{"@type":"ListItem","position":2,"name":"Invictus Yacht far\u00e1 tr\u00eas estreias mundiais em Cannes"}]},{"@type":"WebSite","@id":"https:\/\/www.yachtingnews.com\/pt-br\/#website","url":"https:\/\/www.yachtingnews.com\/pt-br\/","name":"Yachting News","description":"The International Yachting Media","publisher":{"@id":"https:\/\/www.yachtingnews.com\/pt-br\/#organization"},"potentialAction":[{"@type":"SearchAction","target":{"@type":"EntryPoint","urlTemplate":"https:\/\/www.yachtingnews.com\/pt-br\/?s={search_term_string}"},"query-input":{"@type":"PropertyValueSpecification","valueRequired":true,"valueName":"search_term_string"}}],"inLanguage":"pt-BR"},{"@type":"Organization","@id":"https:\/\/www.yachtingnews.com\/pt-br\/#organization","name":"Yachting News","url":"https:\/\/www.yachtingnews.com\/pt-br\/","logo":{"@type":"ImageObject","inLanguage":"pt-BR","@id":"https:\/\/www.yachtingnews.com\/pt-br\/#\/schema\/logo\/image\/","url":"https:\/\/www.yachtingnews.com\/wp-content\/uploads\/2023\/02\/LOGO-Yachting-NEWS-blu-800.png","contentUrl":"https:\/\/www.yachtingnews.com\/wp-content\/uploads\/2023\/02\/LOGO-Yachting-NEWS-blu-800.png","width":790,"height":99,"caption":"Yachting News"},"image":{"@id":"https:\/\/www.yachtingnews.com\/pt-br\/#\/schema\/logo\/image\/"},"sameAs":["https:\/\/www.facebook.com\/TheInternationalYachtingMedia","https:\/\/x.com\/YachtingMedia","https:\/\/www.instagram.com\/yachting.news\/","https:\/\/www.linkedin.com\/company\/the-international-yachting-media","https:\/\/www.youtube.com\/c\/TheInternationalYachtingMedia"]},{"@type":"Person","@id":"https:\/\/www.yachtingnews.com\/pt-br\/#\/schema\/person\/d2e99eb1c7ce9e28a78d15e3d5d68eb3","name":"Alessandro Giuzio","image":{"@type":"ImageObject","inLanguage":"pt-BR","@id":"https:\/\/www.yachtingnews.com\/wp-content\/litespeed\/avatar\/a99e5f8da4fc551fb53eb9f1fec61fb4.jpg?ver=1787585046","url":"https:\/\/www.yachtingnews.com\/wp-content\/litespeed\/avatar\/a99e5f8da4fc551fb53eb9f1fec61fb4.jpg?ver=1787585046","contentUrl":"https:\/\/www.yachtingnews.com\/wp-content\/litespeed\/avatar\/a99e5f8da4fc551fb53eb9f1fec61fb4.jpg?ver=1787585046","caption":"Alessandro Giuzio"},"description":"Alessandro is a professional journalist and contributes to The International Yachting Media since 2022. He is an expert on the sea and of course on boats.","url":"https:\/\/www.yachtingnews.com\/pt-br\/author\/alexgiuzio\/"}]}},"_links":{"self":[{"href":"https:\/\/www.yachtingnews.com\/pt-br\/wp-json\/wp\/v2\/posts\/150776","targetHints":{"allow":["GET"]}}],"collection":[{"href":"https:\/\/www.yachtingnews.com\/pt-br\/wp-json\/wp\/v2\/posts"}],"about":[{"href":"https:\/\/www.yachtingnews.com\/pt-br\/wp-json\/wp\/v2\/types\/post"}],"author":[{"embeddable":true,"href":"https:\/\/www.yachtingnews.com\/pt-br\/wp-json\/wp\/v2\/users\/45"}],"replies":[{"embeddable":true,"href":"https:\/\/www.yachtingnews.com\/pt-br\/wp-json\/wp\/v2\/comments?post=150776"}],"version-history":[{"count":0,"href":"https:\/\/www.yachtingnews.com\/pt-br\/wp-json\/wp\/v2\/posts\/150776\/revisions"}],"wp:featuredmedia":[{"embeddable":true,"href":"https:\/\/www.yachtingnews.com\/pt-br\/wp-json\/wp\/v2\/media\/150757"}],"wp:attachment":[{"href":"https:\/\/www.yachtingnews.com\/pt-br\/wp-json\/wp\/v2\/media?parent=150776"}],"wp:term":[{"taxonomy":"category","embeddable":true,"href":"https:\/\/www.yachtingnews.com\/pt-br\/wp-json\/wp\/v2\/categories?post=150776"},{"taxonomy":"post_tag","embeddable":true,"href":"https:\/\/www.yachtingnews.com\/pt-br\/wp-json\/wp\/v2\/tags?post=150776"}],"curies":[{"name":"wp","href":"https:\/\/api.w.org\/{rel}","templated":true}]}}