{"id":155469,"date":"2025-08-31T01:00:00","date_gmt":"2025-08-31T00:00:00","guid":{"rendered":"https:\/\/yachtingnews.com\/halma-rib-ilumina-a-temporada-de-outono-em-cannes-e-genova\/"},"modified":"2025-08-31T01:01:14","modified_gmt":"2025-08-31T00:01:14","slug":"halma-rib-ilumina-a-temporada-de-outono-em-cannes-e-genova","status":"publish","type":"post","link":"https:\/\/www.yachtingnews.com\/pt-br\/halma-rib-ilumina-a-temporada-de-outono-em-cannes-e-genova\/","title":{"rendered":"Halma Rib ilumina a temporada de outono em Cannes e G\u00eanova"},"content":{"rendered":"\t\t<div data-elementor-type=\"wp-post\" data-elementor-id=\"155469\" class=\"elementor elementor-155469 elementor-155425\" data-elementor-post-type=\"post\">\n\t\t\t\t\t\t<section class=\"elementor-section elementor-top-section elementor-element elementor-element-68936baa elementor-section-boxed elementor-section-height-default elementor-section-height-default\" data-id=\"68936baa\" data-element_type=\"section\" data-e-type=\"section\">\n\t\t\t\t\t\t<div class=\"elementor-container elementor-column-gap-default\">\n\t\t\t\t\t<div class=\"elementor-column elementor-col-100 elementor-top-column elementor-element elementor-element-3c802b4c\" data-id=\"3c802b4c\" data-element_type=\"column\" data-e-type=\"column\">\n\t\t\t<div class=\"elementor-widget-wrap elementor-element-populated\">\n\t\t\t\t\t\t<div class=\"elementor-element elementor-element-5cbf961c elementor-widget elementor-widget-text-editor\" data-id=\"5cbf961c\" data-element_type=\"widget\" data-e-type=\"widget\" data-widget_type=\"text-editor.default\">\n\t\t\t\t<div class=\"elementor-widget-container\">\n\t\t\t\t\t\t\t\t\t<p>Reconhecida e apreciada por sua dedica\u00e7\u00e3o \u00e0 qualidade e eleg\u00e2ncia, <b>a Halma Rib<\/b> est\u00e1 se preparando para uma apresenta\u00e7\u00e3o dupla em dois dos mais prestigiados sal\u00f5es n\u00e1uticos da Europa, o Cannes Yachting Festival 2025 (9 a 14 de setembro) e o Genoa International Boat Show (18 a 23 de setembro). O estaleiro participar\u00e1 de ambos os eventos com uma presen\u00e7a cuidadosamente selecionada, apresentando dois de seus principais modelos: o <b>HR25<\/b> e o <b>HR30,<\/b> ambos na vers\u00e3o com motor de popa. <\/p><p>A Halma Rib n\u00e3o se limita a participar, ela escolhe cuidadosamente o visual e a sensa\u00e7\u00e3o de seu palco, selecionando locais que refletem sua identidade baseada em eleg\u00e2ncia, experi\u00eancia e vis\u00e3o. &#8221; <i>Estamos entusiasmados por encontrar propriet\u00e1rios e entusiastas em Cannes e G\u00eanova &#8211;<\/i> diz o gerente <b>Filippo Amoroso<\/b><i>  &#8211; Esses dois sal\u00f5es n\u00e1uticos s\u00e3o uma oportunidade \u00fanica para compartilharmos nossa filosofia de design e mostrarmos nossa linha. Convidamos todos os visitantes a visitarem nossos estandes, conhecerem de perto os barcos Halma Rib e compartilharem nossa paix\u00e3o pelo mar&#8221;. <\/i><\/p><p>Em Cannes, o Halma Rib estar\u00e1 em exposi\u00e7\u00e3o no Port Canto, na \u00e1rea POWER 221; em G\u00eanova, o estande do estaleiro estar\u00e1 localizado na A411\/A409.<\/p><p><img decoding=\"async\" class=\"aligncenter wp-image-155428 size-full\" title=\"Halma-Rib-HR25\" src=\"https:\/\/yachtingnews.com\/wp-content\/uploads\/2025\/08\/Halma-Rib-HR25-fr.webp\" alt=\"Halma-Rib-HR25\" width=\"1600\" height=\"900\" srcset=\"https:\/\/www.yachtingnews.com\/wp-content\/uploads\/2025\/08\/Halma-Rib-HR25-fr.webp 1600w, https:\/\/www.yachtingnews.com\/wp-content\/uploads\/2025\/08\/Halma-Rib-HR25-fr-300x169.webp 300w, https:\/\/www.yachtingnews.com\/wp-content\/uploads\/2025\/08\/Halma-Rib-HR25-fr-768x432.webp 768w, https:\/\/www.yachtingnews.com\/wp-content\/uploads\/2025\/08\/Halma-Rib-HR25-fr-1536x864.webp 1536w\" sizes=\"(max-width: 1600px) 100vw, 1600px\" \/><\/p><h3 class=\"western\">Os modelos Halma Rib em exposi\u00e7\u00e3o em Cannes e G\u00eanova<\/h3><p>Vale a pena dar uma olhada mais de perto nos belos barcos que a Halma Rib exibir\u00e1 nos sal\u00f5es n\u00e1uticos de Cannes e G\u00eanova. Sem d\u00favida, o <b>HR30<\/b> n\u00e3o passa despercebido: com sua pintura elegante, estofamento branco e detalhes em teca exposta, ele chama a aten\u00e7\u00e3o \u00e0 primeira vista. Resultado de dois anos de projeto, \u00e9 o primeiro modelo da nova linha HR, com um visual que se destaca claramente no segmento maxi-RIB. Nessa nova vers\u00e3o de motor de popa, ele aparece ainda mais esportivo e agressivo.   <\/p><p>O HR30 impressiona pelo uso inteligente do espa\u00e7o: apesar de seu comprimento de cerca de 9 metros, ele se beneficia de uma viga m\u00e1xima de 3,35 metros, que amplia o conv\u00e9s tanto visual quanto praticamente. A proa quadrada, uma caracter\u00edstica distintiva, aumenta essa sensa\u00e7\u00e3o de espa\u00e7o, apresentando uma grande espregui\u00e7adeira XXL que domina a \u00e1rea, enquanto o sof\u00e1 voltado para a frente acomoda confortavelmente tr\u00eas pessoas. Para obter mais detalhes, sugerimos que voc\u00ea confira nosso<a href=\"https:\/\/yachtingnews.com\/pt-br\/halma-rib-hr30-test\/\"> teste de mar do HR30 <\/a>na vers\u00e3o com motor de popa.  <\/p><p><img decoding=\"async\" class=\"aligncenter wp-image-155431 size-full\" title=\"halma-rib-hr30\" src=\"https:\/\/yachtingnews.com\/wp-content\/uploads\/2025\/08\/halma-rib-hr30-de.jpg\" alt=\"halma-rib-hr30\" width=\"1400\" height=\"787\" srcset=\"https:\/\/www.yachtingnews.com\/wp-content\/uploads\/2025\/08\/halma-rib-hr30-de.jpg 1400w, https:\/\/www.yachtingnews.com\/wp-content\/uploads\/2025\/08\/halma-rib-hr30-de-300x169.jpg 300w, https:\/\/www.yachtingnews.com\/wp-content\/uploads\/2025\/08\/halma-rib-hr30-de-768x432.jpg 768w\" sizes=\"(max-width: 1400px) 100vw, 1400px\" \/><\/p><p>Quanto ao <b>HR25<\/b>, que testamos recentemente em um <a href=\"https:\/\/yachtingnews.com\/pt-br\/halma-rib-hr25-o-teste-em-video-de-um-rib-luxuoso-e-elegante\/\">v\u00eddeo de teste no mar,<\/a> esse \u00e9 o novo modelo b\u00e1sico da linha. Projetado para combinar conforto, seguran\u00e7a e alto desempenho, o Halma Rib HR25 \u00e9 um barco vers\u00e1til, igualmente adequado para cruzeiros recreativos e uso profissional. Ele \u00e9 o modelo mais compacto da linha HR, medindo 8,10 metros, mas incorpora as mesmas solu\u00e7\u00f5es de conforto e habitabilidade do HR30, ao mesmo tempo em que mant\u00e9m seu design contempor\u00e2neo e elegante.  <\/p><p>Suas inova\u00e7\u00f5es s\u00e3o evidentes mesmo em terra: com uma viga m\u00e1xima de 3 metros, o HR25 pode ser facilmente rebocado depois que os tubos s\u00e3o esvaziados. Esse recurso n\u00e3o apenas simplifica o armazenamento em casa, mas tamb\u00e9m permite que os propriet\u00e1rios se movimentem livremente e explorem novas rotas e destinos com facilidade. <\/p><p><img decoding=\"async\" class=\"aligncenter wp-image-155430 size-full\" title=\"HR30\" src=\"https:\/\/yachtingnews.com\/wp-content\/uploads\/2025\/08\/halma-rib-hr30-it-1.jpg\" alt=\"HR30\" width=\"1400\" height=\"787\" srcset=\"https:\/\/www.yachtingnews.com\/wp-content\/uploads\/2025\/08\/halma-rib-hr30-it-1.jpg 1400w, https:\/\/www.yachtingnews.com\/wp-content\/uploads\/2025\/08\/halma-rib-hr30-it-1-300x169.jpg 300w, https:\/\/www.yachtingnews.com\/wp-content\/uploads\/2025\/08\/halma-rib-hr30-it-1-768x432.jpg 768w\" sizes=\"(max-width: 1400px) 100vw, 1400px\" \/><\/p>\t\t\t\t\t\t\t\t<\/div>\n\t\t\t\t<\/div>\n\t\t\t\t\t<\/div>\n\t\t<\/div>\n\t\t\t\t\t<\/div>\n\t\t<\/section>\n\t\t\t\t<\/div>\n\t\t","protected":false},"excerpt":{"rendered":"<p>Reconhecida e apreciada por sua dedica\u00e7\u00e3o \u00e0 qualidade e eleg\u00e2ncia, a Halma Rib est\u00e1 se preparando para uma apresenta\u00e7\u00e3o dupla em dois dos mais prestigiados sal\u00f5es n\u00e1uticos da Europa, o Cannes Yachting Festival 2025 (9 a 14 de setembro) e o Genoa International Boat Show (18 a 23 de setembro). O estaleiro participar\u00e1 de ambos [&hellip;]<\/p>\n","protected":false},"author":45,"featured_media":155477,"comment_status":"open","ping_status":"closed","sticky":false,"template":"","format":"standard","meta":{"_mo_disable_npp":"","footnotes":""},"categories":[1653],"tags":[],"class_list":["post-155469","post","type-post","status-publish","format-standard","has-post-thumbnail","hentry","category-news-pt-br"],"yoast_head":"<!-- This site is optimized with the Yoast SEO plugin v28.3 - https:\/\/yoast.com\/product\/yoast-seo-wordpress\/ -->\n<title>Halma Rib ilumina a temporada de outono em Cannes e G\u00eanova - Yachting News<\/title>\n<meta name=\"description\" content=\"Reconhecida e apreciada por sua dedica\u00e7\u00e3o \u00e0 qualidade e eleg\u00e2ncia, a Halma Rib est\u00e1 se preparando para uma apresenta\u00e7\u00e3o dupla em dois dos...\" \/>\n<meta name=\"robots\" content=\"index, follow, max-snippet:-1, max-image-preview:large, max-video-preview:-1\" \/>\n<link rel=\"canonical\" href=\"https:\/\/www.yachtingnews.com\/pt-br\/halma-rib-ilumina-a-temporada-de-outono-em-cannes-e-genova\/\" \/>\n<meta property=\"og:locale\" content=\"pt_BR\" \/>\n<meta property=\"og:type\" content=\"article\" \/>\n<meta property=\"og:title\" content=\"Halma Rib ilumina a temporada de outono em Cannes e G\u00eanova - Yachting News\" \/>\n<meta property=\"og:description\" content=\"Reconhecida e apreciada por sua dedica\u00e7\u00e3o \u00e0 qualidade e eleg\u00e2ncia, a Halma Rib est\u00e1 se preparando para uma apresenta\u00e7\u00e3o dupla em dois dos...\" \/>\n<meta property=\"og:url\" content=\"https:\/\/www.yachtingnews.com\/pt-br\/halma-rib-ilumina-a-temporada-de-outono-em-cannes-e-genova\/\" \/>\n<meta property=\"og:site_name\" content=\"Yachting News\" \/>\n<meta property=\"article:publisher\" content=\"https:\/\/www.facebook.com\/TheInternationalYachtingMedia\" \/>\n<meta property=\"article:published_time\" content=\"2025-08-31T00:00:00+00:00\" \/>\n<meta property=\"article:modified_time\" content=\"2025-08-31T00:01:14+00:00\" \/>\n<meta property=\"og:image\" content=\"https:\/\/www.yachtingnews.com\/wp-content\/uploads\/2025\/08\/halma-rib-hr25-en-1.webp\" \/>\n\t<meta property=\"og:image:width\" content=\"1400\" \/>\n\t<meta property=\"og:image:height\" content=\"787\" \/>\n\t<meta property=\"og:image:type\" content=\"image\/webp\" \/>\n<meta name=\"author\" content=\"Alessandro Giuzio\" \/>\n<meta name=\"twitter:card\" content=\"summary_large_image\" \/>\n<meta name=\"twitter:creator\" content=\"@YachtingMedia\" \/>\n<meta name=\"twitter:site\" content=\"@YachtingMedia\" \/>\n<meta name=\"twitter:label1\" content=\"Escrito por\" \/>\n\t<meta name=\"twitter:data1\" content=\"Alessandro Giuzio\" \/>\n\t<meta name=\"twitter:label2\" content=\"Est. tempo de leitura\" \/>\n\t<meta name=\"twitter:data2\" content=\"3 minutos\" \/>\n<script type=\"application\/ld+json\" class=\"yoast-schema-graph\">{\"@context\":\"https:\\\/\\\/schema.org\",\"@graph\":[{\"@type\":\"Article\",\"@id\":\"https:\\\/\\\/www.yachtingnews.com\\\/pt-br\\\/halma-rib-ilumina-a-temporada-de-outono-em-cannes-e-genova\\\/#article\",\"isPartOf\":{\"@id\":\"https:\\\/\\\/www.yachtingnews.com\\\/pt-br\\\/halma-rib-ilumina-a-temporada-de-outono-em-cannes-e-genova\\\/\"},\"author\":{\"name\":\"Alessandro Giuzio\",\"@id\":\"https:\\\/\\\/www.yachtingnews.com\\\/pt-br\\\/#\\\/schema\\\/person\\\/d2e99eb1c7ce9e28a78d15e3d5d68eb3\"},\"headline\":\"Halma Rib ilumina a temporada de outono em Cannes e G\u00eanova\",\"datePublished\":\"2025-08-31T00:00:00+00:00\",\"dateModified\":\"2025-08-31T00:01:14+00:00\",\"mainEntityOfPage\":{\"@id\":\"https:\\\/\\\/www.yachtingnews.com\\\/pt-br\\\/halma-rib-ilumina-a-temporada-de-outono-em-cannes-e-genova\\\/\"},\"wordCount\":556,\"commentCount\":0,\"publisher\":{\"@id\":\"https:\\\/\\\/www.yachtingnews.com\\\/pt-br\\\/#organization\"},\"image\":{\"@id\":\"https:\\\/\\\/www.yachtingnews.com\\\/pt-br\\\/halma-rib-ilumina-a-temporada-de-outono-em-cannes-e-genova\\\/#primaryimage\"},\"thumbnailUrl\":\"https:\\\/\\\/www.yachtingnews.com\\\/wp-content\\\/uploads\\\/2025\\\/08\\\/halma-rib-hr25-en-1.webp\",\"articleSection\":[\"Not\u00edcias\"],\"inLanguage\":\"pt-BR\",\"potentialAction\":[{\"@type\":\"CommentAction\",\"name\":\"Comment\",\"target\":[\"https:\\\/\\\/www.yachtingnews.com\\\/pt-br\\\/halma-rib-ilumina-a-temporada-de-outono-em-cannes-e-genova\\\/#respond\"]}]},{\"@type\":\"WebPage\",\"@id\":\"https:\\\/\\\/www.yachtingnews.com\\\/pt-br\\\/halma-rib-ilumina-a-temporada-de-outono-em-cannes-e-genova\\\/\",\"url\":\"https:\\\/\\\/www.yachtingnews.com\\\/pt-br\\\/halma-rib-ilumina-a-temporada-de-outono-em-cannes-e-genova\\\/\",\"name\":\"Halma Rib ilumina a temporada de outono em Cannes e G\u00eanova - Yachting News\",\"isPartOf\":{\"@id\":\"https:\\\/\\\/www.yachtingnews.com\\\/pt-br\\\/#website\"},\"primaryImageOfPage\":{\"@id\":\"https:\\\/\\\/www.yachtingnews.com\\\/pt-br\\\/halma-rib-ilumina-a-temporada-de-outono-em-cannes-e-genova\\\/#primaryimage\"},\"image\":{\"@id\":\"https:\\\/\\\/www.yachtingnews.com\\\/pt-br\\\/halma-rib-ilumina-a-temporada-de-outono-em-cannes-e-genova\\\/#primaryimage\"},\"thumbnailUrl\":\"https:\\\/\\\/www.yachtingnews.com\\\/wp-content\\\/uploads\\\/2025\\\/08\\\/halma-rib-hr25-en-1.webp\",\"datePublished\":\"2025-08-31T00:00:00+00:00\",\"dateModified\":\"2025-08-31T00:01:14+00:00\",\"description\":\"Reconhecida e apreciada por sua dedica\u00e7\u00e3o \u00e0 qualidade e eleg\u00e2ncia, a Halma Rib est\u00e1 se preparando para uma apresenta\u00e7\u00e3o dupla em dois dos...\",\"breadcrumb\":{\"@id\":\"https:\\\/\\\/www.yachtingnews.com\\\/pt-br\\\/halma-rib-ilumina-a-temporada-de-outono-em-cannes-e-genova\\\/#breadcrumb\"},\"inLanguage\":\"pt-BR\",\"potentialAction\":[{\"@type\":\"ReadAction\",\"target\":[\"https:\\\/\\\/www.yachtingnews.com\\\/pt-br\\\/halma-rib-ilumina-a-temporada-de-outono-em-cannes-e-genova\\\/\"]}]},{\"@type\":\"ImageObject\",\"inLanguage\":\"pt-BR\",\"@id\":\"https:\\\/\\\/www.yachtingnews.com\\\/pt-br\\\/halma-rib-ilumina-a-temporada-de-outono-em-cannes-e-genova\\\/#primaryimage\",\"url\":\"https:\\\/\\\/www.yachtingnews.com\\\/wp-content\\\/uploads\\\/2025\\\/08\\\/halma-rib-hr25-en-1.webp\",\"contentUrl\":\"https:\\\/\\\/www.yachtingnews.com\\\/wp-content\\\/uploads\\\/2025\\\/08\\\/halma-rib-hr25-en-1.webp\",\"width\":1400,\"height\":787,\"caption\":\"halma-rib-hr25-pt\"},{\"@type\":\"BreadcrumbList\",\"@id\":\"https:\\\/\\\/www.yachtingnews.com\\\/pt-br\\\/halma-rib-ilumina-a-temporada-de-outono-em-cannes-e-genova\\\/#breadcrumb\",\"itemListElement\":[{\"@type\":\"ListItem\",\"position\":1,\"name\":\"Home\",\"item\":\"https:\\\/\\\/www.yachtingnews.com\\\/pt-br\\\/yachting-news-2\\\/\"},{\"@type\":\"ListItem\",\"position\":2,\"name\":\"Halma Rib ilumina a temporada de outono em Cannes e G\u00eanova\"}]},{\"@type\":\"WebSite\",\"@id\":\"https:\\\/\\\/www.yachtingnews.com\\\/pt-br\\\/#website\",\"url\":\"https:\\\/\\\/www.yachtingnews.com\\\/pt-br\\\/\",\"name\":\"Yachting News\",\"description\":\"The International Yachting Media\",\"publisher\":{\"@id\":\"https:\\\/\\\/www.yachtingnews.com\\\/pt-br\\\/#organization\"},\"potentialAction\":[{\"@type\":\"SearchAction\",\"target\":{\"@type\":\"EntryPoint\",\"urlTemplate\":\"https:\\\/\\\/www.yachtingnews.com\\\/pt-br\\\/?s={search_term_string}\"},\"query-input\":{\"@type\":\"PropertyValueSpecification\",\"valueRequired\":true,\"valueName\":\"search_term_string\"}}],\"inLanguage\":\"pt-BR\"},{\"@type\":\"Organization\",\"@id\":\"https:\\\/\\\/www.yachtingnews.com\\\/pt-br\\\/#organization\",\"name\":\"Yachting News\",\"url\":\"https:\\\/\\\/www.yachtingnews.com\\\/pt-br\\\/\",\"logo\":{\"@type\":\"ImageObject\",\"inLanguage\":\"pt-BR\",\"@id\":\"https:\\\/\\\/www.yachtingnews.com\\\/pt-br\\\/#\\\/schema\\\/logo\\\/image\\\/\",\"url\":\"https:\\\/\\\/www.yachtingnews.com\\\/wp-content\\\/uploads\\\/2023\\\/02\\\/LOGO-Yachting-NEWS-blu-800.png\",\"contentUrl\":\"https:\\\/\\\/www.yachtingnews.com\\\/wp-content\\\/uploads\\\/2023\\\/02\\\/LOGO-Yachting-NEWS-blu-800.png\",\"width\":790,\"height\":99,\"caption\":\"Yachting News\"},\"image\":{\"@id\":\"https:\\\/\\\/www.yachtingnews.com\\\/pt-br\\\/#\\\/schema\\\/logo\\\/image\\\/\"},\"sameAs\":[\"https:\\\/\\\/www.facebook.com\\\/TheInternationalYachtingMedia\",\"https:\\\/\\\/x.com\\\/YachtingMedia\",\"https:\\\/\\\/www.instagram.com\\\/yachting.news\\\/\",\"https:\\\/\\\/www.linkedin.com\\\/company\\\/the-international-yachting-media\",\"https:\\\/\\\/www.youtube.com\\\/c\\\/TheInternationalYachtingMedia\"]},{\"@type\":\"Person\",\"@id\":\"https:\\\/\\\/www.yachtingnews.com\\\/pt-br\\\/#\\\/schema\\\/person\\\/d2e99eb1c7ce9e28a78d15e3d5d68eb3\",\"name\":\"Alessandro Giuzio\",\"image\":{\"@type\":\"ImageObject\",\"inLanguage\":\"pt-BR\",\"@id\":\"https:\\\/\\\/www.yachtingnews.com\\\/wp-content\\\/litespeed\\\/avatar\\\/a99e5f8da4fc551fb53eb9f1fec61fb4.jpg?ver=1788189881\",\"url\":\"https:\\\/\\\/www.yachtingnews.com\\\/wp-content\\\/litespeed\\\/avatar\\\/a99e5f8da4fc551fb53eb9f1fec61fb4.jpg?ver=1788189881\",\"contentUrl\":\"https:\\\/\\\/www.yachtingnews.com\\\/wp-content\\\/litespeed\\\/avatar\\\/a99e5f8da4fc551fb53eb9f1fec61fb4.jpg?ver=1788189881\",\"caption\":\"Alessandro Giuzio\"},\"description\":\"Alessandro is a professional journalist and contributes to The International Yachting Media since 2022. He is an expert on the sea and of course on boats.\",\"url\":\"https:\\\/\\\/www.yachtingnews.com\\\/pt-br\\\/author\\\/alexgiuzio\\\/\"}]}<\/script>\n<!-- \/ Yoast SEO plugin. -->","yoast_head_json":{"title":"Halma Rib ilumina a temporada de outono em Cannes e G\u00eanova - Yachting News","description":"Reconhecida e apreciada por sua dedica\u00e7\u00e3o \u00e0 qualidade e eleg\u00e2ncia, a Halma Rib est\u00e1 se preparando para uma apresenta\u00e7\u00e3o dupla em dois dos...","robots":{"index":"index","follow":"follow","max-snippet":"max-snippet:-1","max-image-preview":"max-image-preview:large","max-video-preview":"max-video-preview:-1"},"canonical":"https:\/\/www.yachtingnews.com\/pt-br\/halma-rib-ilumina-a-temporada-de-outono-em-cannes-e-genova\/","og_locale":"pt_BR","og_type":"article","og_title":"Halma Rib ilumina a temporada de outono em Cannes e G\u00eanova - Yachting News","og_description":"Reconhecida e apreciada por sua dedica\u00e7\u00e3o \u00e0 qualidade e eleg\u00e2ncia, a Halma Rib est\u00e1 se preparando para uma apresenta\u00e7\u00e3o dupla em dois dos...","og_url":"https:\/\/www.yachtingnews.com\/pt-br\/halma-rib-ilumina-a-temporada-de-outono-em-cannes-e-genova\/","og_site_name":"Yachting News","article_publisher":"https:\/\/www.facebook.com\/TheInternationalYachtingMedia","article_published_time":"2025-08-31T00:00:00+00:00","article_modified_time":"2025-08-31T00:01:14+00:00","og_image":[{"width":1400,"height":787,"url":"https:\/\/www.yachtingnews.com\/wp-content\/uploads\/2025\/08\/halma-rib-hr25-en-1.webp","type":"image\/webp"}],"author":"Alessandro Giuzio","twitter_card":"summary_large_image","twitter_creator":"@YachtingMedia","twitter_site":"@YachtingMedia","twitter_misc":{"Escrito por":"Alessandro Giuzio","Est. tempo de leitura":"3 minutos"},"schema":{"@context":"https:\/\/schema.org","@graph":[{"@type":"Article","@id":"https:\/\/www.yachtingnews.com\/pt-br\/halma-rib-ilumina-a-temporada-de-outono-em-cannes-e-genova\/#article","isPartOf":{"@id":"https:\/\/www.yachtingnews.com\/pt-br\/halma-rib-ilumina-a-temporada-de-outono-em-cannes-e-genova\/"},"author":{"name":"Alessandro Giuzio","@id":"https:\/\/www.yachtingnews.com\/pt-br\/#\/schema\/person\/d2e99eb1c7ce9e28a78d15e3d5d68eb3"},"headline":"Halma Rib ilumina a temporada de outono em Cannes e G\u00eanova","datePublished":"2025-08-31T00:00:00+00:00","dateModified":"2025-08-31T00:01:14+00:00","mainEntityOfPage":{"@id":"https:\/\/www.yachtingnews.com\/pt-br\/halma-rib-ilumina-a-temporada-de-outono-em-cannes-e-genova\/"},"wordCount":556,"commentCount":0,"publisher":{"@id":"https:\/\/www.yachtingnews.com\/pt-br\/#organization"},"image":{"@id":"https:\/\/www.yachtingnews.com\/pt-br\/halma-rib-ilumina-a-temporada-de-outono-em-cannes-e-genova\/#primaryimage"},"thumbnailUrl":"https:\/\/www.yachtingnews.com\/wp-content\/uploads\/2025\/08\/halma-rib-hr25-en-1.webp","articleSection":["Not\u00edcias"],"inLanguage":"pt-BR","potentialAction":[{"@type":"CommentAction","name":"Comment","target":["https:\/\/www.yachtingnews.com\/pt-br\/halma-rib-ilumina-a-temporada-de-outono-em-cannes-e-genova\/#respond"]}]},{"@type":"WebPage","@id":"https:\/\/www.yachtingnews.com\/pt-br\/halma-rib-ilumina-a-temporada-de-outono-em-cannes-e-genova\/","url":"https:\/\/www.yachtingnews.com\/pt-br\/halma-rib-ilumina-a-temporada-de-outono-em-cannes-e-genova\/","name":"Halma Rib ilumina a temporada de outono em Cannes e G\u00eanova - Yachting News","isPartOf":{"@id":"https:\/\/www.yachtingnews.com\/pt-br\/#website"},"primaryImageOfPage":{"@id":"https:\/\/www.yachtingnews.com\/pt-br\/halma-rib-ilumina-a-temporada-de-outono-em-cannes-e-genova\/#primaryimage"},"image":{"@id":"https:\/\/www.yachtingnews.com\/pt-br\/halma-rib-ilumina-a-temporada-de-outono-em-cannes-e-genova\/#primaryimage"},"thumbnailUrl":"https:\/\/www.yachtingnews.com\/wp-content\/uploads\/2025\/08\/halma-rib-hr25-en-1.webp","datePublished":"2025-08-31T00:00:00+00:00","dateModified":"2025-08-31T00:01:14+00:00","description":"Reconhecida e apreciada por sua dedica\u00e7\u00e3o \u00e0 qualidade e eleg\u00e2ncia, a Halma Rib est\u00e1 se preparando para uma apresenta\u00e7\u00e3o dupla em dois dos...","breadcrumb":{"@id":"https:\/\/www.yachtingnews.com\/pt-br\/halma-rib-ilumina-a-temporada-de-outono-em-cannes-e-genova\/#breadcrumb"},"inLanguage":"pt-BR","potentialAction":[{"@type":"ReadAction","target":["https:\/\/www.yachtingnews.com\/pt-br\/halma-rib-ilumina-a-temporada-de-outono-em-cannes-e-genova\/"]}]},{"@type":"ImageObject","inLanguage":"pt-BR","@id":"https:\/\/www.yachtingnews.com\/pt-br\/halma-rib-ilumina-a-temporada-de-outono-em-cannes-e-genova\/#primaryimage","url":"https:\/\/www.yachtingnews.com\/wp-content\/uploads\/2025\/08\/halma-rib-hr25-en-1.webp","contentUrl":"https:\/\/www.yachtingnews.com\/wp-content\/uploads\/2025\/08\/halma-rib-hr25-en-1.webp","width":1400,"height":787,"caption":"halma-rib-hr25-pt"},{"@type":"BreadcrumbList","@id":"https:\/\/www.yachtingnews.com\/pt-br\/halma-rib-ilumina-a-temporada-de-outono-em-cannes-e-genova\/#breadcrumb","itemListElement":[{"@type":"ListItem","position":1,"name":"Home","item":"https:\/\/www.yachtingnews.com\/pt-br\/yachting-news-2\/"},{"@type":"ListItem","position":2,"name":"Halma Rib ilumina a temporada de outono em Cannes e G\u00eanova"}]},{"@type":"WebSite","@id":"https:\/\/www.yachtingnews.com\/pt-br\/#website","url":"https:\/\/www.yachtingnews.com\/pt-br\/","name":"Yachting News","description":"The International Yachting Media","publisher":{"@id":"https:\/\/www.yachtingnews.com\/pt-br\/#organization"},"potentialAction":[{"@type":"SearchAction","target":{"@type":"EntryPoint","urlTemplate":"https:\/\/www.yachtingnews.com\/pt-br\/?s={search_term_string}"},"query-input":{"@type":"PropertyValueSpecification","valueRequired":true,"valueName":"search_term_string"}}],"inLanguage":"pt-BR"},{"@type":"Organization","@id":"https:\/\/www.yachtingnews.com\/pt-br\/#organization","name":"Yachting News","url":"https:\/\/www.yachtingnews.com\/pt-br\/","logo":{"@type":"ImageObject","inLanguage":"pt-BR","@id":"https:\/\/www.yachtingnews.com\/pt-br\/#\/schema\/logo\/image\/","url":"https:\/\/www.yachtingnews.com\/wp-content\/uploads\/2023\/02\/LOGO-Yachting-NEWS-blu-800.png","contentUrl":"https:\/\/www.yachtingnews.com\/wp-content\/uploads\/2023\/02\/LOGO-Yachting-NEWS-blu-800.png","width":790,"height":99,"caption":"Yachting News"},"image":{"@id":"https:\/\/www.yachtingnews.com\/pt-br\/#\/schema\/logo\/image\/"},"sameAs":["https:\/\/www.facebook.com\/TheInternationalYachtingMedia","https:\/\/x.com\/YachtingMedia","https:\/\/www.instagram.com\/yachting.news\/","https:\/\/www.linkedin.com\/company\/the-international-yachting-media","https:\/\/www.youtube.com\/c\/TheInternationalYachtingMedia"]},{"@type":"Person","@id":"https:\/\/www.yachtingnews.com\/pt-br\/#\/schema\/person\/d2e99eb1c7ce9e28a78d15e3d5d68eb3","name":"Alessandro Giuzio","image":{"@type":"ImageObject","inLanguage":"pt-BR","@id":"https:\/\/www.yachtingnews.com\/wp-content\/litespeed\/avatar\/a99e5f8da4fc551fb53eb9f1fec61fb4.jpg?ver=1788189881","url":"https:\/\/www.yachtingnews.com\/wp-content\/litespeed\/avatar\/a99e5f8da4fc551fb53eb9f1fec61fb4.jpg?ver=1788189881","contentUrl":"https:\/\/www.yachtingnews.com\/wp-content\/litespeed\/avatar\/a99e5f8da4fc551fb53eb9f1fec61fb4.jpg?ver=1788189881","caption":"Alessandro Giuzio"},"description":"Alessandro is a professional journalist and contributes to The International Yachting Media since 2022. He is an expert on the sea and of course on boats.","url":"https:\/\/www.yachtingnews.com\/pt-br\/author\/alexgiuzio\/"}]}},"_links":{"self":[{"href":"https:\/\/www.yachtingnews.com\/pt-br\/wp-json\/wp\/v2\/posts\/155469","targetHints":{"allow":["GET"]}}],"collection":[{"href":"https:\/\/www.yachtingnews.com\/pt-br\/wp-json\/wp\/v2\/posts"}],"about":[{"href":"https:\/\/www.yachtingnews.com\/pt-br\/wp-json\/wp\/v2\/types\/post"}],"author":[{"embeddable":true,"href":"https:\/\/www.yachtingnews.com\/pt-br\/wp-json\/wp\/v2\/users\/45"}],"replies":[{"embeddable":true,"href":"https:\/\/www.yachtingnews.com\/pt-br\/wp-json\/wp\/v2\/comments?post=155469"}],"version-history":[{"count":0,"href":"https:\/\/www.yachtingnews.com\/pt-br\/wp-json\/wp\/v2\/posts\/155469\/revisions"}],"wp:featuredmedia":[{"embeddable":true,"href":"https:\/\/www.yachtingnews.com\/pt-br\/wp-json\/wp\/v2\/media\/155477"}],"wp:attachment":[{"href":"https:\/\/www.yachtingnews.com\/pt-br\/wp-json\/wp\/v2\/media?parent=155469"}],"wp:term":[{"taxonomy":"category","embeddable":true,"href":"https:\/\/www.yachtingnews.com\/pt-br\/wp-json\/wp\/v2\/categories?post=155469"},{"taxonomy":"post_tag","embeddable":true,"href":"https:\/\/www.yachtingnews.com\/pt-br\/wp-json\/wp\/v2\/tags?post=155469"}],"curies":[{"name":"wp","href":"https:\/\/api.w.org\/{rel}","templated":true}]}}