{"id":155618,"date":"2025-09-03T01:00:00","date_gmt":"2025-09-03T00:00:00","guid":{"rendered":"https:\/\/yachtingnews.com\/wellcraft-se-expande-e-apresenta-o-novo-wellcraft-28-em-cannes\/"},"modified":"2025-09-03T07:50:34","modified_gmt":"2025-09-03T06:50:34","slug":"wellcraft-se-expande-e-apresenta-o-novo-wellcraft-28-em-cannes","status":"publish","type":"post","link":"https:\/\/www.yachtingnews.com\/pt-br\/wellcraft-se-expande-e-apresenta-o-novo-wellcraft-28-em-cannes\/","title":{"rendered":"Wellcraft se expande e apresenta o novo Wellcraft 28 em Cannes"},"content":{"rendered":"\t\t<div data-elementor-type=\"wp-post\" data-elementor-id=\"155618\" class=\"elementor elementor-155618 elementor-155567\" data-elementor-post-type=\"post\">\n\t\t\t\t\t\t<section class=\"elementor-section elementor-top-section elementor-element elementor-element-46c9ee2d elementor-section-boxed elementor-section-height-default elementor-section-height-default\" data-id=\"46c9ee2d\" data-element_type=\"section\" data-e-type=\"section\">\n\t\t\t\t\t\t<div class=\"elementor-container elementor-column-gap-default\">\n\t\t\t\t\t<div class=\"elementor-column elementor-col-100 elementor-top-column elementor-element elementor-element-f94f1c9\" data-id=\"f94f1c9\" data-element_type=\"column\" data-e-type=\"column\">\n\t\t\t<div class=\"elementor-widget-wrap elementor-element-populated\">\n\t\t\t\t\t\t<div class=\"elementor-element elementor-element-6abe175d elementor-widget elementor-widget-text-editor\" data-id=\"6abe175d\" data-element_type=\"widget\" data-e-type=\"widget\" data-widget_type=\"text-editor.default\">\n\t\t\t\t<div class=\"elementor-widget-container\">\n\t\t\t\t\t\t\t\t\t<p><a href=\"https:\/\/yachtingnews.com\/?s=wellcraft&amp;lang=en\"><b>Wellcraft <\/b><\/a>continua sua expans\u00e3o estrat\u00e9gica com o novo <b>Wellcraft 28,<\/b> entrando de forma decisiva no segmento de dayboating ativo. Um barco que combina <b>desempenho excepcional, versatilidade e acessibilidade<\/b>, adequado tanto para velejadores ocasionais quanto para exploradores apaixonados. <\/p><p>A apresenta\u00e7\u00e3o oficial do novo Wellcraft 28 est\u00e1 programada para o <a href=\"https:\/\/www.superyachts.news\/?s=cannes+yachting+festival&amp;lang=en\"><b>Cannes Yachting Festival <\/b><\/a>em setembro de 2025. Em seguida, haver\u00e1 a estreia mundial no <b>Boot D\u00fcsseldorf 2026<\/b>, antes de sua estreia nos Estados Unidos no <b>Miami International Boat Show<\/b>, em fevereiro de 2026. <\/p><h3 class=\"western\">Wellcraft 28, projetado para compartilhar<\/h3><p>O novo modelo foi projetado para que voc\u00ea passe dias na \u00e1gua em boa companhia. Com 8,56 metros de comprimento, ele oferece a <b>maior capacidade de assentos em sua categoria<\/b>. O cockpit de popa \u00e9 totalmente modular: adapta-se facilmente a momentos de relaxamento, pesca ou esportes aqu\u00e1ticos. O foco no conv\u00edvio se traduz em solu\u00e7\u00f5es inteligentes que <b>facilitam o acesso \u00e0 \u00e1gua,<\/b> oferecendo tamb\u00e9m a possibilidade de <b>pernoitar <\/b>a bordo.   <\/p><p><img decoding=\"async\" class=\"aligncenter wp-image-155568 size-full\" title=\"Wellcraft\" src=\"https:\/\/yachtingnews.com\/wp-content\/uploads\/2025\/09\/Wellcraft1.jpg\" alt=\"Wellcraft\" width=\"1600\" height=\"900\" srcset=\"https:\/\/www.yachtingnews.com\/wp-content\/uploads\/2025\/09\/Wellcraft1.jpg 1600w, https:\/\/www.yachtingnews.com\/wp-content\/uploads\/2025\/09\/Wellcraft1-300x169.jpg 300w, https:\/\/www.yachtingnews.com\/wp-content\/uploads\/2025\/09\/Wellcraft1-768x432.jpg 768w, https:\/\/www.yachtingnews.com\/wp-content\/uploads\/2025\/09\/Wellcraft1-1536x864.jpg 1536w\" sizes=\"(max-width: 1600px) 100vw, 1600px\" \/><\/p><h3 class=\"western\">Desempenho da Wellcraft<\/h3><p>Fiel \u00e0 sua identidade, a Wellcraft oferece um <b>passeio emocionante e \u00e1gil.<\/b> Em seu n\u00facleo est\u00e1 o <b>W.I.S.E.<\/b> (Wellcraft Infujection Structure Engineering), um processo de constru\u00e7\u00e3o inovador que combina inje\u00e7\u00e3o e infus\u00e3o para criar cascos mais leves, mais r\u00edgidos e mais r\u00e1pidos. O resultado \u00e9 uma rela\u00e7\u00e3o peso\/pot\u00eancia otimizada que melhora o desempenho, reduz o ru\u00eddo a bordo e garante excelente estabilidade, mesmo em condi\u00e7\u00f5es desafiadoras. Gra\u00e7as ao <b>casco com dois degraus<\/b>, o barco planeja mais rapidamente, melhora a efici\u00eancia geral e consome menos combust\u00edvel. Seu manuseio \u00e9 \u00e1gil, potente e suave: acelera\u00e7\u00e3o instant\u00e2nea e agilidade que tornam cada passeio emocionante.   <\/p><h3 class=\"western\">Wellcraft 28, projetado para proteger<\/h3><p>Como todo Wellcraft, este barco de 28 p\u00e9s transmite <b>seguran\u00e7a e confian\u00e7a.<\/b> Os altos balancins mant\u00eam o conv\u00e9s seco mesmo em mares agitados, enquanto os corrim\u00e3os de grandes dimens\u00f5es proporcionam uma ader\u00eancia segura em todas as etapas da navega\u00e7\u00e3o. O modelo se adapta facilmente \u00e0s mudan\u00e7as nas condi\u00e7\u00f5es clim\u00e1ticas, gra\u00e7as \u00e0s <b>diferentes configura\u00e7\u00f5es de para-brisa e hardtop <\/b>que oferecem prote\u00e7\u00e3o sob medida. Seu estilo arrojado \u00e9 completado pela distinta linha em forma de Z, a assinatura est\u00e9tica da Wellcraft.  <\/p>\t\t\t\t\t\t\t\t<\/div>\n\t\t\t\t<\/div>\n\t\t\t\t\t<\/div>\n\t\t<\/div>\n\t\t\t\t\t<\/div>\n\t\t<\/section>\n\t\t\t\t<\/div>\n\t\t","protected":false},"excerpt":{"rendered":"<p>Wellcraft continua sua expans\u00e3o estrat\u00e9gica com o novo Wellcraft 28, entrando de forma decisiva no segmento de dayboating ativo. Um barco que combina desempenho excepcional, versatilidade e acessibilidade, adequado tanto para velejadores ocasionais quanto para exploradores apaixonados. A apresenta\u00e7\u00e3o oficial do novo Wellcraft 28 est\u00e1 programada para o Cannes Yachting Festival em setembro de 2025. [&hellip;]<\/p>\n","protected":false},"author":79,"featured_media":155619,"comment_status":"open","ping_status":"closed","sticky":false,"template":"","format":"standard","meta":{"_mo_disable_npp":"","footnotes":""},"categories":[1687,1671,1653],"tags":[4670,2058,4671],"class_list":["post-155618","post","type-post","status-publish","format-standard","has-post-thumbnail","hentry","category-barcos-a-motor","category-boat-shows-pt-br","category-news-pt-br","tag-cannes-yachting-festival-2025","tag-wellcraft-pt-br","tag-wellcraft-28"],"yoast_head":"<!-- This site is optimized with the Yoast SEO plugin v28.4 - https:\/\/yoast.com\/product\/yoast-seo-wordpress\/ -->\n<title>Wellcraft 28, o novo barco de 28 p\u00e9s ser\u00e1 apresentado em Cannes - Yachting News<\/title>\n<meta name=\"description\" content=\"A Wellcraft continua sua expans\u00e3o estrat\u00e9gica com o novo Wellcraft 28, entrando de forma decisiva no segmento de dayboating ativo...\" \/>\n<meta name=\"robots\" content=\"index, follow, max-snippet:-1, max-image-preview:large, max-video-preview:-1\" \/>\n<link rel=\"canonical\" href=\"https:\/\/www.yachtingnews.com\/pt-br\/wellcraft-se-expande-e-apresenta-o-novo-wellcraft-28-em-cannes\/\" \/>\n<meta property=\"og:locale\" content=\"pt_BR\" \/>\n<meta property=\"og:type\" content=\"article\" \/>\n<meta property=\"og:title\" content=\"Wellcraft 28, o novo barco de 28 p\u00e9s ser\u00e1 apresentado em Cannes - Yachting News\" \/>\n<meta property=\"og:description\" content=\"A Wellcraft continua sua expans\u00e3o estrat\u00e9gica com o novo Wellcraft 28, entrando de forma decisiva no segmento de dayboating ativo...\" \/>\n<meta property=\"og:url\" content=\"https:\/\/www.yachtingnews.com\/pt-br\/wellcraft-se-expande-e-apresenta-o-novo-wellcraft-28-em-cannes\/\" \/>\n<meta property=\"og:site_name\" content=\"Yachting News\" \/>\n<meta property=\"article:publisher\" content=\"https:\/\/www.facebook.com\/TheInternationalYachtingMedia\" \/>\n<meta property=\"article:published_time\" content=\"2025-09-03T00:00:00+00:00\" \/>\n<meta property=\"article:modified_time\" content=\"2025-09-03T06:50:34+00:00\" \/>\n<meta property=\"og:image\" content=\"https:\/\/www.yachtingnews.com\/wp-content\/uploads\/2025\/09\/WELLCRAFT-28-copertina-EN-FR.jpg\" \/>\n\t<meta property=\"og:image:width\" content=\"1600\" \/>\n\t<meta property=\"og:image:height\" content=\"900\" \/>\n\t<meta property=\"og:image:type\" content=\"image\/jpeg\" \/>\n<meta name=\"author\" content=\"Mattia Camera\" \/>\n<meta name=\"twitter:card\" content=\"summary_large_image\" \/>\n<meta name=\"twitter:creator\" content=\"@YachtingMedia\" \/>\n<meta name=\"twitter:site\" content=\"@YachtingMedia\" \/>\n<meta name=\"twitter:label1\" content=\"Escrito por\" \/>\n\t<meta name=\"twitter:data1\" content=\"Mattia Camera\" \/>\n\t<meta name=\"twitter:label2\" content=\"Est. tempo de leitura\" \/>\n\t<meta name=\"twitter:data2\" content=\"2 minutos\" \/>\n<script type=\"application\/ld+json\" class=\"yoast-schema-graph\">{\"@context\":\"https:\\\/\\\/schema.org\",\"@graph\":[{\"@type\":\"Article\",\"@id\":\"https:\\\/\\\/www.yachtingnews.com\\\/pt-br\\\/wellcraft-se-expande-e-apresenta-o-novo-wellcraft-28-em-cannes\\\/#article\",\"isPartOf\":{\"@id\":\"https:\\\/\\\/www.yachtingnews.com\\\/pt-br\\\/wellcraft-se-expande-e-apresenta-o-novo-wellcraft-28-em-cannes\\\/\"},\"author\":{\"name\":\"Mattia Camera\",\"@id\":\"https:\\\/\\\/www.yachtingnews.com\\\/pt-br\\\/#\\\/schema\\\/person\\\/1fa0428d1df3c202dda10fd27071fdac\"},\"headline\":\"Wellcraft se expande e apresenta o novo Wellcraft 28 em Cannes\",\"datePublished\":\"2025-09-03T00:00:00+00:00\",\"dateModified\":\"2025-09-03T06:50:34+00:00\",\"mainEntityOfPage\":{\"@id\":\"https:\\\/\\\/www.yachtingnews.com\\\/pt-br\\\/wellcraft-se-expande-e-apresenta-o-novo-wellcraft-28-em-cannes\\\/\"},\"wordCount\":382,\"commentCount\":0,\"publisher\":{\"@id\":\"https:\\\/\\\/www.yachtingnews.com\\\/pt-br\\\/#organization\"},\"image\":{\"@id\":\"https:\\\/\\\/www.yachtingnews.com\\\/pt-br\\\/wellcraft-se-expande-e-apresenta-o-novo-wellcraft-28-em-cannes\\\/#primaryimage\"},\"thumbnailUrl\":\"https:\\\/\\\/www.yachtingnews.com\\\/wp-content\\\/uploads\\\/2025\\\/09\\\/WELLCRAFT-28-copertina-EN-FR.jpg\",\"keywords\":[\"Cannes Yachting Festival 2025\",\"Wellcraft\",\"wellcraft 28\"],\"articleSection\":[\"BARCOS A MOTOR\",\"ESPECT\u00c1CULOS DE BARCOS\",\"Not\u00edcias\"],\"inLanguage\":\"pt-BR\",\"potentialAction\":[{\"@type\":\"CommentAction\",\"name\":\"Comment\",\"target\":[\"https:\\\/\\\/www.yachtingnews.com\\\/pt-br\\\/wellcraft-se-expande-e-apresenta-o-novo-wellcraft-28-em-cannes\\\/#respond\"]}]},{\"@type\":\"WebPage\",\"@id\":\"https:\\\/\\\/www.yachtingnews.com\\\/pt-br\\\/wellcraft-se-expande-e-apresenta-o-novo-wellcraft-28-em-cannes\\\/\",\"url\":\"https:\\\/\\\/www.yachtingnews.com\\\/pt-br\\\/wellcraft-se-expande-e-apresenta-o-novo-wellcraft-28-em-cannes\\\/\",\"name\":\"Wellcraft 28, o novo barco de 28 p\u00e9s ser\u00e1 apresentado em Cannes - Yachting News\",\"isPartOf\":{\"@id\":\"https:\\\/\\\/www.yachtingnews.com\\\/pt-br\\\/#website\"},\"primaryImageOfPage\":{\"@id\":\"https:\\\/\\\/www.yachtingnews.com\\\/pt-br\\\/wellcraft-se-expande-e-apresenta-o-novo-wellcraft-28-em-cannes\\\/#primaryimage\"},\"image\":{\"@id\":\"https:\\\/\\\/www.yachtingnews.com\\\/pt-br\\\/wellcraft-se-expande-e-apresenta-o-novo-wellcraft-28-em-cannes\\\/#primaryimage\"},\"thumbnailUrl\":\"https:\\\/\\\/www.yachtingnews.com\\\/wp-content\\\/uploads\\\/2025\\\/09\\\/WELLCRAFT-28-copertina-EN-FR.jpg\",\"datePublished\":\"2025-09-03T00:00:00+00:00\",\"dateModified\":\"2025-09-03T06:50:34+00:00\",\"description\":\"A Wellcraft continua sua expans\u00e3o estrat\u00e9gica com o novo Wellcraft 28, entrando de forma decisiva no segmento de dayboating ativo...\",\"breadcrumb\":{\"@id\":\"https:\\\/\\\/www.yachtingnews.com\\\/pt-br\\\/wellcraft-se-expande-e-apresenta-o-novo-wellcraft-28-em-cannes\\\/#breadcrumb\"},\"inLanguage\":\"pt-BR\",\"potentialAction\":[{\"@type\":\"ReadAction\",\"target\":[\"https:\\\/\\\/www.yachtingnews.com\\\/pt-br\\\/wellcraft-se-expande-e-apresenta-o-novo-wellcraft-28-em-cannes\\\/\"]}]},{\"@type\":\"ImageObject\",\"inLanguage\":\"pt-BR\",\"@id\":\"https:\\\/\\\/www.yachtingnews.com\\\/pt-br\\\/wellcraft-se-expande-e-apresenta-o-novo-wellcraft-28-em-cannes\\\/#primaryimage\",\"url\":\"https:\\\/\\\/www.yachtingnews.com\\\/wp-content\\\/uploads\\\/2025\\\/09\\\/WELLCRAFT-28-copertina-EN-FR.jpg\",\"contentUrl\":\"https:\\\/\\\/www.yachtingnews.com\\\/wp-content\\\/uploads\\\/2025\\\/09\\\/WELLCRAFT-28-copertina-EN-FR.jpg\",\"width\":1600,\"height\":900,\"caption\":\"WELLCRAFT 28\"},{\"@type\":\"BreadcrumbList\",\"@id\":\"https:\\\/\\\/www.yachtingnews.com\\\/pt-br\\\/wellcraft-se-expande-e-apresenta-o-novo-wellcraft-28-em-cannes\\\/#breadcrumb\",\"itemListElement\":[{\"@type\":\"ListItem\",\"position\":1,\"name\":\"Home\",\"item\":\"https:\\\/\\\/www.yachtingnews.com\\\/pt-br\\\/yachting-news-2\\\/\"},{\"@type\":\"ListItem\",\"position\":2,\"name\":\"Wellcraft se expande e apresenta o novo Wellcraft 28 em Cannes\"}]},{\"@type\":\"WebSite\",\"@id\":\"https:\\\/\\\/www.yachtingnews.com\\\/pt-br\\\/#website\",\"url\":\"https:\\\/\\\/www.yachtingnews.com\\\/pt-br\\\/\",\"name\":\"Yachting News\",\"description\":\"The International Yachting Media\",\"publisher\":{\"@id\":\"https:\\\/\\\/www.yachtingnews.com\\\/pt-br\\\/#organization\"},\"potentialAction\":[{\"@type\":\"SearchAction\",\"target\":{\"@type\":\"EntryPoint\",\"urlTemplate\":\"https:\\\/\\\/www.yachtingnews.com\\\/pt-br\\\/?s={search_term_string}\"},\"query-input\":{\"@type\":\"PropertyValueSpecification\",\"valueRequired\":true,\"valueName\":\"search_term_string\"}}],\"inLanguage\":\"pt-BR\"},{\"@type\":\"Organization\",\"@id\":\"https:\\\/\\\/www.yachtingnews.com\\\/pt-br\\\/#organization\",\"name\":\"Yachting News\",\"url\":\"https:\\\/\\\/www.yachtingnews.com\\\/pt-br\\\/\",\"logo\":{\"@type\":\"ImageObject\",\"inLanguage\":\"pt-BR\",\"@id\":\"https:\\\/\\\/www.yachtingnews.com\\\/pt-br\\\/#\\\/schema\\\/logo\\\/image\\\/\",\"url\":\"https:\\\/\\\/www.yachtingnews.com\\\/wp-content\\\/uploads\\\/2023\\\/02\\\/LOGO-Yachting-NEWS-blu-800.png\",\"contentUrl\":\"https:\\\/\\\/www.yachtingnews.com\\\/wp-content\\\/uploads\\\/2023\\\/02\\\/LOGO-Yachting-NEWS-blu-800.png\",\"width\":790,\"height\":99,\"caption\":\"Yachting News\"},\"image\":{\"@id\":\"https:\\\/\\\/www.yachtingnews.com\\\/pt-br\\\/#\\\/schema\\\/logo\\\/image\\\/\"},\"sameAs\":[\"https:\\\/\\\/www.facebook.com\\\/TheInternationalYachtingMedia\",\"https:\\\/\\\/x.com\\\/YachtingMedia\",\"https:\\\/\\\/www.instagram.com\\\/yachting.news\\\/\",\"https:\\\/\\\/www.linkedin.com\\\/company\\\/the-international-yachting-media\",\"https:\\\/\\\/www.youtube.com\\\/c\\\/TheInternationalYachtingMedia\"]},{\"@type\":\"Person\",\"@id\":\"https:\\\/\\\/www.yachtingnews.com\\\/pt-br\\\/#\\\/schema\\\/person\\\/1fa0428d1df3c202dda10fd27071fdac\",\"name\":\"Mattia Camera\",\"image\":{\"@type\":\"ImageObject\",\"inLanguage\":\"pt-BR\",\"@id\":\"https:\\\/\\\/www.yachtingnews.com\\\/wp-content\\\/litespeed\\\/avatar\\\/05af165278430c99d0107d61d0465add.jpg?ver=1788200817\",\"url\":\"https:\\\/\\\/www.yachtingnews.com\\\/wp-content\\\/litespeed\\\/avatar\\\/05af165278430c99d0107d61d0465add.jpg?ver=1788200817\",\"contentUrl\":\"https:\\\/\\\/www.yachtingnews.com\\\/wp-content\\\/litespeed\\\/avatar\\\/05af165278430c99d0107d61d0465add.jpg?ver=1788200817\",\"caption\":\"Mattia Camera\"},\"description\":\"I was born in Liguria, a stone's throw from the sea, with which I have a special and unbreakable relationship. Since middle school I had clear ideas: I wanted to be a journalist. I like to inform myself, understand what is going on around me and build my own opinion. After a few years in Milan, between study and work, during which I gained work and life experiences, the call of the sea became too strong and I moved back to my home.\",\"url\":\"https:\\\/\\\/www.yachtingnews.com\\\/pt-br\\\/author\\\/mattia-camera\\\/\"}]}<\/script>\n<!-- \/ Yoast SEO plugin. -->","yoast_head_json":{"title":"Wellcraft 28, o novo barco de 28 p\u00e9s ser\u00e1 apresentado em Cannes - Yachting News","description":"A Wellcraft continua sua expans\u00e3o estrat\u00e9gica com o novo Wellcraft 28, entrando de forma decisiva no segmento de dayboating ativo...","robots":{"index":"index","follow":"follow","max-snippet":"max-snippet:-1","max-image-preview":"max-image-preview:large","max-video-preview":"max-video-preview:-1"},"canonical":"https:\/\/www.yachtingnews.com\/pt-br\/wellcraft-se-expande-e-apresenta-o-novo-wellcraft-28-em-cannes\/","og_locale":"pt_BR","og_type":"article","og_title":"Wellcraft 28, o novo barco de 28 p\u00e9s ser\u00e1 apresentado em Cannes - Yachting News","og_description":"A Wellcraft continua sua expans\u00e3o estrat\u00e9gica com o novo Wellcraft 28, entrando de forma decisiva no segmento de dayboating ativo...","og_url":"https:\/\/www.yachtingnews.com\/pt-br\/wellcraft-se-expande-e-apresenta-o-novo-wellcraft-28-em-cannes\/","og_site_name":"Yachting News","article_publisher":"https:\/\/www.facebook.com\/TheInternationalYachtingMedia","article_published_time":"2025-09-03T00:00:00+00:00","article_modified_time":"2025-09-03T06:50:34+00:00","og_image":[{"width":1600,"height":900,"url":"https:\/\/www.yachtingnews.com\/wp-content\/uploads\/2025\/09\/WELLCRAFT-28-copertina-EN-FR.jpg","type":"image\/jpeg"}],"author":"Mattia Camera","twitter_card":"summary_large_image","twitter_creator":"@YachtingMedia","twitter_site":"@YachtingMedia","twitter_misc":{"Escrito por":"Mattia Camera","Est. tempo de leitura":"2 minutos"},"schema":{"@context":"https:\/\/schema.org","@graph":[{"@type":"Article","@id":"https:\/\/www.yachtingnews.com\/pt-br\/wellcraft-se-expande-e-apresenta-o-novo-wellcraft-28-em-cannes\/#article","isPartOf":{"@id":"https:\/\/www.yachtingnews.com\/pt-br\/wellcraft-se-expande-e-apresenta-o-novo-wellcraft-28-em-cannes\/"},"author":{"name":"Mattia Camera","@id":"https:\/\/www.yachtingnews.com\/pt-br\/#\/schema\/person\/1fa0428d1df3c202dda10fd27071fdac"},"headline":"Wellcraft se expande e apresenta o novo Wellcraft 28 em Cannes","datePublished":"2025-09-03T00:00:00+00:00","dateModified":"2025-09-03T06:50:34+00:00","mainEntityOfPage":{"@id":"https:\/\/www.yachtingnews.com\/pt-br\/wellcraft-se-expande-e-apresenta-o-novo-wellcraft-28-em-cannes\/"},"wordCount":382,"commentCount":0,"publisher":{"@id":"https:\/\/www.yachtingnews.com\/pt-br\/#organization"},"image":{"@id":"https:\/\/www.yachtingnews.com\/pt-br\/wellcraft-se-expande-e-apresenta-o-novo-wellcraft-28-em-cannes\/#primaryimage"},"thumbnailUrl":"https:\/\/www.yachtingnews.com\/wp-content\/uploads\/2025\/09\/WELLCRAFT-28-copertina-EN-FR.jpg","keywords":["Cannes Yachting Festival 2025","Wellcraft","wellcraft 28"],"articleSection":["BARCOS A MOTOR","ESPECT\u00c1CULOS DE BARCOS","Not\u00edcias"],"inLanguage":"pt-BR","potentialAction":[{"@type":"CommentAction","name":"Comment","target":["https:\/\/www.yachtingnews.com\/pt-br\/wellcraft-se-expande-e-apresenta-o-novo-wellcraft-28-em-cannes\/#respond"]}]},{"@type":"WebPage","@id":"https:\/\/www.yachtingnews.com\/pt-br\/wellcraft-se-expande-e-apresenta-o-novo-wellcraft-28-em-cannes\/","url":"https:\/\/www.yachtingnews.com\/pt-br\/wellcraft-se-expande-e-apresenta-o-novo-wellcraft-28-em-cannes\/","name":"Wellcraft 28, o novo barco de 28 p\u00e9s ser\u00e1 apresentado em Cannes - Yachting News","isPartOf":{"@id":"https:\/\/www.yachtingnews.com\/pt-br\/#website"},"primaryImageOfPage":{"@id":"https:\/\/www.yachtingnews.com\/pt-br\/wellcraft-se-expande-e-apresenta-o-novo-wellcraft-28-em-cannes\/#primaryimage"},"image":{"@id":"https:\/\/www.yachtingnews.com\/pt-br\/wellcraft-se-expande-e-apresenta-o-novo-wellcraft-28-em-cannes\/#primaryimage"},"thumbnailUrl":"https:\/\/www.yachtingnews.com\/wp-content\/uploads\/2025\/09\/WELLCRAFT-28-copertina-EN-FR.jpg","datePublished":"2025-09-03T00:00:00+00:00","dateModified":"2025-09-03T06:50:34+00:00","description":"A Wellcraft continua sua expans\u00e3o estrat\u00e9gica com o novo Wellcraft 28, entrando de forma decisiva no segmento de dayboating ativo...","breadcrumb":{"@id":"https:\/\/www.yachtingnews.com\/pt-br\/wellcraft-se-expande-e-apresenta-o-novo-wellcraft-28-em-cannes\/#breadcrumb"},"inLanguage":"pt-BR","potentialAction":[{"@type":"ReadAction","target":["https:\/\/www.yachtingnews.com\/pt-br\/wellcraft-se-expande-e-apresenta-o-novo-wellcraft-28-em-cannes\/"]}]},{"@type":"ImageObject","inLanguage":"pt-BR","@id":"https:\/\/www.yachtingnews.com\/pt-br\/wellcraft-se-expande-e-apresenta-o-novo-wellcraft-28-em-cannes\/#primaryimage","url":"https:\/\/www.yachtingnews.com\/wp-content\/uploads\/2025\/09\/WELLCRAFT-28-copertina-EN-FR.jpg","contentUrl":"https:\/\/www.yachtingnews.com\/wp-content\/uploads\/2025\/09\/WELLCRAFT-28-copertina-EN-FR.jpg","width":1600,"height":900,"caption":"WELLCRAFT 28"},{"@type":"BreadcrumbList","@id":"https:\/\/www.yachtingnews.com\/pt-br\/wellcraft-se-expande-e-apresenta-o-novo-wellcraft-28-em-cannes\/#breadcrumb","itemListElement":[{"@type":"ListItem","position":1,"name":"Home","item":"https:\/\/www.yachtingnews.com\/pt-br\/yachting-news-2\/"},{"@type":"ListItem","position":2,"name":"Wellcraft se expande e apresenta o novo Wellcraft 28 em Cannes"}]},{"@type":"WebSite","@id":"https:\/\/www.yachtingnews.com\/pt-br\/#website","url":"https:\/\/www.yachtingnews.com\/pt-br\/","name":"Yachting News","description":"The International Yachting Media","publisher":{"@id":"https:\/\/www.yachtingnews.com\/pt-br\/#organization"},"potentialAction":[{"@type":"SearchAction","target":{"@type":"EntryPoint","urlTemplate":"https:\/\/www.yachtingnews.com\/pt-br\/?s={search_term_string}"},"query-input":{"@type":"PropertyValueSpecification","valueRequired":true,"valueName":"search_term_string"}}],"inLanguage":"pt-BR"},{"@type":"Organization","@id":"https:\/\/www.yachtingnews.com\/pt-br\/#organization","name":"Yachting News","url":"https:\/\/www.yachtingnews.com\/pt-br\/","logo":{"@type":"ImageObject","inLanguage":"pt-BR","@id":"https:\/\/www.yachtingnews.com\/pt-br\/#\/schema\/logo\/image\/","url":"https:\/\/www.yachtingnews.com\/wp-content\/uploads\/2023\/02\/LOGO-Yachting-NEWS-blu-800.png","contentUrl":"https:\/\/www.yachtingnews.com\/wp-content\/uploads\/2023\/02\/LOGO-Yachting-NEWS-blu-800.png","width":790,"height":99,"caption":"Yachting News"},"image":{"@id":"https:\/\/www.yachtingnews.com\/pt-br\/#\/schema\/logo\/image\/"},"sameAs":["https:\/\/www.facebook.com\/TheInternationalYachtingMedia","https:\/\/x.com\/YachtingMedia","https:\/\/www.instagram.com\/yachting.news\/","https:\/\/www.linkedin.com\/company\/the-international-yachting-media","https:\/\/www.youtube.com\/c\/TheInternationalYachtingMedia"]},{"@type":"Person","@id":"https:\/\/www.yachtingnews.com\/pt-br\/#\/schema\/person\/1fa0428d1df3c202dda10fd27071fdac","name":"Mattia Camera","image":{"@type":"ImageObject","inLanguage":"pt-BR","@id":"https:\/\/www.yachtingnews.com\/wp-content\/litespeed\/avatar\/05af165278430c99d0107d61d0465add.jpg?ver=1788200817","url":"https:\/\/www.yachtingnews.com\/wp-content\/litespeed\/avatar\/05af165278430c99d0107d61d0465add.jpg?ver=1788200817","contentUrl":"https:\/\/www.yachtingnews.com\/wp-content\/litespeed\/avatar\/05af165278430c99d0107d61d0465add.jpg?ver=1788200817","caption":"Mattia Camera"},"description":"I was born in Liguria, a stone's throw from the sea, with which I have a special and unbreakable relationship. Since middle school I had clear ideas: I wanted to be a journalist. I like to inform myself, understand what is going on around me and build my own opinion. After a few years in Milan, between study and work, during which I gained work and life experiences, the call of the sea became too strong and I moved back to my home.","url":"https:\/\/www.yachtingnews.com\/pt-br\/author\/mattia-camera\/"}]}},"_links":{"self":[{"href":"https:\/\/www.yachtingnews.com\/pt-br\/wp-json\/wp\/v2\/posts\/155618","targetHints":{"allow":["GET"]}}],"collection":[{"href":"https:\/\/www.yachtingnews.com\/pt-br\/wp-json\/wp\/v2\/posts"}],"about":[{"href":"https:\/\/www.yachtingnews.com\/pt-br\/wp-json\/wp\/v2\/types\/post"}],"author":[{"embeddable":true,"href":"https:\/\/www.yachtingnews.com\/pt-br\/wp-json\/wp\/v2\/users\/79"}],"replies":[{"embeddable":true,"href":"https:\/\/www.yachtingnews.com\/pt-br\/wp-json\/wp\/v2\/comments?post=155618"}],"version-history":[{"count":0,"href":"https:\/\/www.yachtingnews.com\/pt-br\/wp-json\/wp\/v2\/posts\/155618\/revisions"}],"wp:featuredmedia":[{"embeddable":true,"href":"https:\/\/www.yachtingnews.com\/pt-br\/wp-json\/wp\/v2\/media\/155619"}],"wp:attachment":[{"href":"https:\/\/www.yachtingnews.com\/pt-br\/wp-json\/wp\/v2\/media?parent=155618"}],"wp:term":[{"taxonomy":"category","embeddable":true,"href":"https:\/\/www.yachtingnews.com\/pt-br\/wp-json\/wp\/v2\/categories?post=155618"},{"taxonomy":"post_tag","embeddable":true,"href":"https:\/\/www.yachtingnews.com\/pt-br\/wp-json\/wp\/v2\/tags?post=155618"}],"curies":[{"name":"wp","href":"https:\/\/api.w.org\/{rel}","templated":true}]}}