{"id":165325,"date":"2026-01-08T01:00:00","date_gmt":"2026-01-08T00:00:00","guid":{"rendered":"https:\/\/www.yachtingnews.com\/silvercat-vai-para-o-caribe\/"},"modified":"2026-01-08T01:01:37","modified_gmt":"2026-01-08T00:01:37","slug":"silvercat-vai-para-o-caribe","status":"publish","type":"post","link":"https:\/\/www.yachtingnews.com\/pt-br\/silvercat-vai-para-o-caribe\/","title":{"rendered":"SilverCat vai para o Caribe"},"content":{"rendered":"\t\t<div data-elementor-type=\"wp-post\" data-elementor-id=\"165325\" class=\"elementor elementor-165325 elementor-165083\" data-elementor-post-type=\"post\">\n\t\t\t\t\t\t<section class=\"elementor-section elementor-top-section elementor-element elementor-element-383619b3 elementor-section-boxed elementor-section-height-default elementor-section-height-default\" data-id=\"383619b3\" data-element_type=\"section\" data-e-type=\"section\">\n\t\t\t\t\t\t<div class=\"elementor-container elementor-column-gap-default\">\n\t\t\t\t\t<div class=\"elementor-column elementor-col-100 elementor-top-column elementor-element elementor-element-65c97935\" data-id=\"65c97935\" data-element_type=\"column\" data-e-type=\"column\">\n\t\t\t<div class=\"elementor-widget-wrap elementor-element-populated\">\n\t\t\t\t\t\t<div class=\"elementor-element elementor-element-56d3e3c2 elementor-widget elementor-widget-text-editor\" data-id=\"56d3e3c2\" data-element_type=\"widget\" data-e-type=\"widget\" data-widget_type=\"text-editor.default\">\n\t\t\t\t<div class=\"elementor-widget-container\">\n\t\t\t\t\t\t\t\t\t<p>Conhecida mundialmente por seus catamar\u00e3s a motor com design inovador e conforto surpreendente, <b>a SilverCat <\/b>desembarca no Caribe com tr\u00eas novos modelos personalizados de 34 p\u00e9s. Um grande passo \u00e0 frente para a marca <a href=\"https:\/\/www.yachtingnews.com\/pt-br\/gulf-craft-erwin-bamps-o-futuro-do-iatismo-e-o-conforto-a-inovacao-e-o-pensamento-global\/\">do Gulf Craft Group<\/a>, que nos \u00faltimos anos conquistou um lugar cada vez mais importante no cen\u00e1rio internacional de iates com uma linha projetada para aqueles que realmente vivem o mar. <\/p><p>Projetados para garantir o m\u00e1ximo de conforto em todas as condi\u00e7\u00f5es meteorol\u00f3gicas e mar\u00edtimas, os catamar\u00e3s SilverCat oferecem estabilidade excepcional em navega\u00e7\u00e3o, consumo reduzido de combust\u00edvel, espa\u00e7os generosos no conv\u00e9s e uma conex\u00e3o \u00fanica com o mar. Eles provam ser aliados excepcionais em todas as situa\u00e7\u00f5es: de viagens de pesca a dias na \u00e1gua com amigos ou familiares, at\u00e9 usos mais tradicionalmente comerciais. <\/p><p><img decoding=\"async\" class=\"aligncenter wp-image-165102 size-full\" title=\"Conv\u00e9s SilverCat\" src=\"https:\/\/www.yachtingnews.com\/wp-content\/uploads\/2025\/12\/SilverCat-deck.jpg\" alt=\"Conv\u00e9s SilverCat\" width=\"1600\" height=\"900\" srcset=\"https:\/\/www.yachtingnews.com\/wp-content\/uploads\/2025\/12\/SilverCat-deck.jpg 1600w, https:\/\/www.yachtingnews.com\/wp-content\/uploads\/2025\/12\/SilverCat-deck-300x169.jpg 300w, https:\/\/www.yachtingnews.com\/wp-content\/uploads\/2025\/12\/SilverCat-deck-768x432.jpg 768w, https:\/\/www.yachtingnews.com\/wp-content\/uploads\/2025\/12\/SilverCat-deck-1536x864.jpg 1536w\" sizes=\"(max-width: 1600px) 100vw, 1600px\" \/><\/p><p>No centro da filosofia da SilverCat est\u00e1 o profundo respeito pelo mar e por aqueles que o experimentam todos os dias. Essa abordagem \u00e9 fortemente defendida por <b>Mohammed Hussein Alshaali<\/b>, presidente da Gulf Craft e um pescador apaixonado, cuja experi\u00eancia em primeira m\u00e3o se traduz em barcos robustos, f\u00e1ceis de usar e, acima de tudo, com alto desempenho. <\/p><p>Como j\u00e1 mencionado, os novos modelos foram projetados especificamente para o Caribe, onde navegar significa manobrar em \u00e1guas rasas, canais abertos e ancoradouros remotos. \u00c1geis, confort\u00e1veis e com baixo consumo de combust\u00edvel, esses modelos resultam da experi\u00eancia do estaleiro em mercados semelhantes, como<b> Maldivas, Seychelles e Indon\u00e9sia<\/b>, e s\u00e3o constru\u00eddos para enfrentar os desafios di\u00e1rios da vida na ilha sem abrir m\u00e3o do prazer de pescar, explorar ou simplesmente aproveitar o mar. <\/p><p><img decoding=\"async\" class=\"aligncenter wp-image-165096 size-full\" title=\"posto de comando\" src=\"https:\/\/www.yachtingnews.com\/wp-content\/uploads\/2025\/12\/Silvercat-Wheel.jpg\" alt=\"posto de comando\" width=\"1600\" height=\"900\" srcset=\"https:\/\/www.yachtingnews.com\/wp-content\/uploads\/2025\/12\/Silvercat-Wheel.jpg 1600w, https:\/\/www.yachtingnews.com\/wp-content\/uploads\/2025\/12\/Silvercat-Wheel-300x169.jpg 300w, https:\/\/www.yachtingnews.com\/wp-content\/uploads\/2025\/12\/Silvercat-Wheel-768x432.jpg 768w, https:\/\/www.yachtingnews.com\/wp-content\/uploads\/2025\/12\/Silvercat-Wheel-1536x864.jpg 1536w\" sizes=\"(max-width: 1600px) 100vw, 1600px\" \/><\/p><h3 class=\"western\">SilverCat: os modelos entregues no Caribe<\/h3><p>Mais especificamente, o <b>SilverCat 34CC <\/b>entregue nas Bahamas \u00e9 uma verdadeira m\u00e1quina de pesca, projetada por pescadores para pescadores, capaz de combinar perfeitamente praticidade, desempenho de alto n\u00edvel e alcance impressionante. O layout \u00e9 o de um puro pescador, com uma grande capota r\u00edgida para m\u00e1xima prote\u00e7\u00e3o solar, espa\u00e7os generosos dedicados ao equipamento de pesca e dois motores de popa de 300 cavalos de pot\u00eancia capazes de impulsionar o barco a at\u00e9 50 n\u00f3s. Ideal tanto para navega\u00e7\u00e3o em alto-mar quanto para \u00e1guas rasas, esse catamar\u00e3 garante excelente estabilidade e alto desempenho, mesmo nas condi\u00e7\u00f5es mais exigentes.  <\/p><p>Nas Ilhas Virgens Brit\u00e2nicas, em vez disso, os holofotes est\u00e3o voltados para o <b>SilverCAT 34HT,<\/b> destinado ao mercado de fretamento de luxo. O posto de comando fechado, a cozinha e o compartimento do banheiro o tornam perfeito para aproveitar o mar com total conforto, desde explora\u00e7\u00f5es subaqu\u00e1ticas at\u00e9 cruzeiros por ilhas, sempre garantindo uma navega\u00e7\u00e3o est\u00e1vel e bem protegida. <\/p><p><img decoding=\"async\" class=\"aligncenter wp-image-165090 size-full\" title=\"Assentos Silvercat\" src=\"https:\/\/www.yachtingnews.com\/wp-content\/uploads\/2025\/12\/Silvercat.jpg\" alt=\"Assentos Silvercat\" width=\"1600\" height=\"900\" srcset=\"https:\/\/www.yachtingnews.com\/wp-content\/uploads\/2025\/12\/Silvercat.jpg 1600w, https:\/\/www.yachtingnews.com\/wp-content\/uploads\/2025\/12\/Silvercat-300x169.jpg 300w, https:\/\/www.yachtingnews.com\/wp-content\/uploads\/2025\/12\/Silvercat-768x432.jpg 768w, https:\/\/www.yachtingnews.com\/wp-content\/uploads\/2025\/12\/Silvercat-1536x864.jpg 1536w\" sizes=\"(max-width: 1600px) 100vw, 1600px\" \/><\/p><p>Por \u00faltimo, mas n\u00e3o menos importante, o <b>SilverCAT 34CC<\/b> entregue em St. Barth mostra toda a sua robustez. Projetado para enfrentar mares agitados e ventos fortes de at\u00e9 For\u00e7a 8, ele \u00e9 adequado para uso vers\u00e1til, desde cruzeiros costeiros de alto desempenho at\u00e9 esportes aqu\u00e1ticos e suporte a mergulho, provando ser a escolha perfeita tanto para propriet\u00e1rios particulares quanto para resorts de luxo. <\/p><p>O mercado do Caribe, um dos mais din\u00e2micos e competitivos do mundo, representa uma oportunidade altamente estrat\u00e9gica para a SilverCat. Esses \u00faltimos lan\u00e7amentos marcam um passo importante na expans\u00e3o global <a href=\"https:\/\/www.superyachts.news\/gulf-craft-group\/\">da marca<\/a>e confirmam a crescente confian\u00e7a dos propriet\u00e1rios particulares e dos profissionais do turismo n\u00e1utico em barcos capazes de combinar conforto, versatilidade, alcance significativo e excelente rela\u00e7\u00e3o custo-benef\u00edcio. <\/p>\t\t\t\t\t\t\t\t<\/div>\n\t\t\t\t<\/div>\n\t\t\t\t\t<\/div>\n\t\t<\/div>\n\t\t\t\t\t<\/div>\n\t\t<\/section>\n\t\t\t\t<\/div>\n\t\t<div class=\"gsp_post_data\" data-post_type=\"post\" data-cat=\"news-pt-br\" data-modified=\"120\" data-title=\"SilverCat vai para o Caribe\" data-home=\"https:\/\/www.yachtingnews.com\/pt-br\/\"><\/div>","protected":false},"excerpt":{"rendered":"<p>Conhecida mundialmente por seus catamar\u00e3s a motor com design inovador e conforto surpreendente, a SilverCat desembarca no Caribe com tr\u00eas novos modelos personalizados de 34 p\u00e9s. Um grande passo \u00e0 frente para a marca do Gulf Craft Group, que nos \u00faltimos anos conquistou um lugar cada vez mais importante no cen\u00e1rio internacional de iates com [&hellip;]<\/p>\n","protected":false},"author":7,"featured_media":165088,"comment_status":"open","ping_status":"closed","sticky":false,"template":"","format":"standard","meta":{"_mo_disable_npp":"","footnotes":""},"categories":[1653],"tags":[4915,5270],"class_list":["post-165325","post","type-post","status-publish","format-standard","has-post-thumbnail","hentry","category-news-pt-br","tag-embarcacao-do-golfo","tag-silvercat"],"yoast_head":"<!-- This site is optimized with the Yoast SEO plugin v27.3 - https:\/\/yoast.com\/product\/yoast-seo-wordpress\/ -->\n<title>SilverCat vai para o Caribe | Yachting News<\/title>\n<meta name=\"description\" content=\"Conhecida mundialmente por seus catamar\u00e3s a motor com design inovador e conforto surpreendente, a SilverCat desembarca no Caribe com tr\u00eas...\" \/>\n<meta name=\"robots\" content=\"index, follow, max-snippet:-1, max-image-preview:large, max-video-preview:-1\" \/>\n<link rel=\"canonical\" href=\"https:\/\/www.yachtingnews.com\/pt-br\/silvercat-vai-para-o-caribe\/\" \/>\n<meta property=\"og:locale\" content=\"pt_BR\" \/>\n<meta property=\"og:type\" content=\"article\" \/>\n<meta property=\"og:title\" content=\"SilverCat vai para o Caribe | Yachting News\" \/>\n<meta property=\"og:description\" content=\"Conhecida mundialmente por seus catamar\u00e3s a motor com design inovador e conforto surpreendente, a SilverCat desembarca no Caribe com tr\u00eas...\" \/>\n<meta property=\"og:url\" content=\"https:\/\/www.yachtingnews.com\/pt-br\/silvercat-vai-para-o-caribe\/\" \/>\n<meta property=\"og:site_name\" content=\"Yachting News\" \/>\n<meta property=\"article:publisher\" content=\"https:\/\/www.facebook.com\/TheInternationalYachtingMedia\" \/>\n<meta property=\"article:published_time\" content=\"2026-01-08T00:00:00+00:00\" \/>\n<meta property=\"article:modified_time\" content=\"2026-01-08T00:01:37+00:00\" \/>\n<meta property=\"og:image\" content=\"https:\/\/www.yachtingnews.com\/wp-content\/uploads\/2025\/12\/silvercat-copertina.png\" \/>\n\t<meta property=\"og:image:width\" content=\"1600\" \/>\n\t<meta property=\"og:image:height\" content=\"900\" \/>\n\t<meta property=\"og:image:type\" content=\"image\/png\" \/>\n<meta name=\"author\" content=\"Silvia Antona\" \/>\n<meta name=\"twitter:card\" content=\"summary_large_image\" \/>\n<meta name=\"twitter:creator\" content=\"@YachtingMedia\" \/>\n<meta name=\"twitter:site\" content=\"@YachtingMedia\" \/>\n<meta name=\"twitter:label1\" content=\"Escrito por\" \/>\n\t<meta name=\"twitter:data1\" content=\"Silvia Antona\" \/>\n\t<meta name=\"twitter:label2\" content=\"Est. tempo de leitura\" \/>\n\t<meta name=\"twitter:data2\" content=\"3 minutos\" \/>\n<script type=\"application\/ld+json\" class=\"yoast-schema-graph\">{\"@context\":\"https:\\\/\\\/schema.org\",\"@graph\":[{\"@type\":\"NewsArticle\",\"@id\":\"https:\\\/\\\/www.yachtingnews.com\\\/pt-br\\\/silvercat-vai-para-o-caribe\\\/#article\",\"isPartOf\":{\"@id\":\"https:\\\/\\\/www.yachtingnews.com\\\/pt-br\\\/silvercat-vai-para-o-caribe\\\/\"},\"author\":{\"name\":\"Silvia Antona\",\"@id\":\"https:\\\/\\\/www.yachtingnews.com\\\/pt-br\\\/#\\\/schema\\\/person\\\/388e2ee094eca4ba73f459a3b5941149\"},\"headline\":\"SilverCat vai para o Caribe\",\"datePublished\":\"2026-01-08T00:00:00+00:00\",\"dateModified\":\"2026-01-08T00:01:37+00:00\",\"mainEntityOfPage\":{\"@id\":\"https:\\\/\\\/www.yachtingnews.com\\\/pt-br\\\/silvercat-vai-para-o-caribe\\\/\"},\"wordCount\":593,\"commentCount\":0,\"publisher\":{\"@id\":\"https:\\\/\\\/www.yachtingnews.com\\\/pt-br\\\/#organization\"},\"image\":{\"@id\":\"https:\\\/\\\/www.yachtingnews.com\\\/pt-br\\\/silvercat-vai-para-o-caribe\\\/#primaryimage\"},\"thumbnailUrl\":\"https:\\\/\\\/www.yachtingnews.com\\\/wp-content\\\/uploads\\\/2025\\\/12\\\/silvercat-copertina.png\",\"keywords\":[\"Embarca\u00e7\u00e3o do Golfo\",\"SilverCat\"],\"articleSection\":[\"Not\u00edcias\"],\"inLanguage\":\"pt-BR\",\"potentialAction\":[{\"@type\":\"CommentAction\",\"name\":\"Comment\",\"target\":[\"https:\\\/\\\/www.yachtingnews.com\\\/pt-br\\\/silvercat-vai-para-o-caribe\\\/#respond\"]}]},{\"@type\":\"WebPage\",\"@id\":\"https:\\\/\\\/www.yachtingnews.com\\\/pt-br\\\/silvercat-vai-para-o-caribe\\\/\",\"url\":\"https:\\\/\\\/www.yachtingnews.com\\\/pt-br\\\/silvercat-vai-para-o-caribe\\\/\",\"name\":\"SilverCat vai para o Caribe | Yachting News\",\"isPartOf\":{\"@id\":\"https:\\\/\\\/www.yachtingnews.com\\\/pt-br\\\/#website\"},\"primaryImageOfPage\":{\"@id\":\"https:\\\/\\\/www.yachtingnews.com\\\/pt-br\\\/silvercat-vai-para-o-caribe\\\/#primaryimage\"},\"image\":{\"@id\":\"https:\\\/\\\/www.yachtingnews.com\\\/pt-br\\\/silvercat-vai-para-o-caribe\\\/#primaryimage\"},\"thumbnailUrl\":\"https:\\\/\\\/www.yachtingnews.com\\\/wp-content\\\/uploads\\\/2025\\\/12\\\/silvercat-copertina.png\",\"datePublished\":\"2026-01-08T00:00:00+00:00\",\"dateModified\":\"2026-01-08T00:01:37+00:00\",\"description\":\"Conhecida mundialmente por seus catamar\u00e3s a motor com design inovador e conforto surpreendente, a SilverCat desembarca no Caribe com tr\u00eas...\",\"breadcrumb\":{\"@id\":\"https:\\\/\\\/www.yachtingnews.com\\\/pt-br\\\/silvercat-vai-para-o-caribe\\\/#breadcrumb\"},\"inLanguage\":\"pt-BR\",\"potentialAction\":[{\"@type\":\"ReadAction\",\"target\":[\"https:\\\/\\\/www.yachtingnews.com\\\/pt-br\\\/silvercat-vai-para-o-caribe\\\/\"]}]},{\"@type\":\"ImageObject\",\"inLanguage\":\"pt-BR\",\"@id\":\"https:\\\/\\\/www.yachtingnews.com\\\/pt-br\\\/silvercat-vai-para-o-caribe\\\/#primaryimage\",\"url\":\"https:\\\/\\\/www.yachtingnews.com\\\/wp-content\\\/uploads\\\/2025\\\/12\\\/silvercat-copertina.png\",\"contentUrl\":\"https:\\\/\\\/www.yachtingnews.com\\\/wp-content\\\/uploads\\\/2025\\\/12\\\/silvercat-copertina.png\",\"width\":1600,\"height\":900,\"caption\":\"foto do silvercat\"},{\"@type\":\"BreadcrumbList\",\"@id\":\"https:\\\/\\\/www.yachtingnews.com\\\/pt-br\\\/silvercat-vai-para-o-caribe\\\/#breadcrumb\",\"itemListElement\":[{\"@type\":\"ListItem\",\"position\":1,\"name\":\"HOME\",\"item\":\"https:\\\/\\\/www.yachtingnews.com\\\/pt-br\\\/yachting-news-2\\\/\"},{\"@type\":\"ListItem\",\"position\":2,\"name\":\"SilverCat vai para o Caribe\"}]},{\"@type\":\"WebSite\",\"@id\":\"https:\\\/\\\/www.yachtingnews.com\\\/pt-br\\\/#website\",\"url\":\"https:\\\/\\\/www.yachtingnews.com\\\/pt-br\\\/\",\"name\":\"Yachting News\",\"description\":\"The International Yachting Media\",\"publisher\":{\"@id\":\"https:\\\/\\\/www.yachtingnews.com\\\/pt-br\\\/#organization\"},\"potentialAction\":[{\"@type\":\"SearchAction\",\"target\":{\"@type\":\"EntryPoint\",\"urlTemplate\":\"https:\\\/\\\/www.yachtingnews.com\\\/pt-br\\\/?s={search_term_string}\"},\"query-input\":{\"@type\":\"PropertyValueSpecification\",\"valueRequired\":true,\"valueName\":\"search_term_string\"}}],\"inLanguage\":\"pt-BR\"},{\"@type\":\"Organization\",\"@id\":\"https:\\\/\\\/www.yachtingnews.com\\\/pt-br\\\/#organization\",\"name\":\"Yachting News\",\"alternateName\":\"YachtingNews\",\"url\":\"https:\\\/\\\/www.yachtingnews.com\\\/pt-br\\\/\",\"logo\":{\"@type\":\"ImageObject\",\"inLanguage\":\"pt-BR\",\"@id\":\"https:\\\/\\\/www.yachtingnews.com\\\/pt-br\\\/#\\\/schema\\\/logo\\\/image\\\/\",\"url\":\"https:\\\/\\\/www.yachtingnews.com\\\/wp-content\\\/uploads\\\/2021\\\/05\\\/LOGO-YACHTING-NEWS.png\",\"contentUrl\":\"https:\\\/\\\/www.yachtingnews.com\\\/wp-content\\\/uploads\\\/2021\\\/05\\\/LOGO-YACHTING-NEWS.png\",\"width\":1200,\"height\":188,\"caption\":\"Yachting News\"},\"image\":{\"@id\":\"https:\\\/\\\/www.yachtingnews.com\\\/pt-br\\\/#\\\/schema\\\/logo\\\/image\\\/\"},\"sameAs\":[\"https:\\\/\\\/www.facebook.com\\\/TheInternationalYachtingMedia\",\"https:\\\/\\\/x.com\\\/YachtingMedia\",\"https:\\\/\\\/www.instagram.com\\\/yachting.news\\\/\",\"https:\\\/\\\/www.linkedin.com\\\/company\\\/the-international-yachting-media\",\"https:\\\/\\\/www.youtube.com\\\/c\\\/TheInternationalYachtingMedia\"]},{\"@type\":\"Person\",\"@id\":\"https:\\\/\\\/www.yachtingnews.com\\\/pt-br\\\/#\\\/schema\\\/person\\\/388e2ee094eca4ba73f459a3b5941149\",\"name\":\"Silvia Antona\",\"image\":{\"@type\":\"ImageObject\",\"inLanguage\":\"pt-BR\",\"@id\":\"https:\\\/\\\/secure.gravatar.com\\\/avatar\\\/8ccaac90fb51f1ed85b753d47c685c918546c3bfc369bbd1c767dbea0fc6c334?s=96&d=mm&r=g\",\"url\":\"https:\\\/\\\/secure.gravatar.com\\\/avatar\\\/8ccaac90fb51f1ed85b753d47c685c918546c3bfc369bbd1c767dbea0fc6c334?s=96&d=mm&r=g\",\"contentUrl\":\"https:\\\/\\\/secure.gravatar.com\\\/avatar\\\/8ccaac90fb51f1ed85b753d47c685c918546c3bfc369bbd1c767dbea0fc6c334?s=96&d=mm&r=g\",\"caption\":\"Silvia Antona\"},\"url\":\"https:\\\/\\\/www.yachtingnews.com\\\/pt-br\\\/author\\\/silvia\\\/\"}]}<\/script>\n<!-- \/ Yoast SEO plugin. -->","yoast_head_json":{"title":"SilverCat vai para o Caribe | Yachting News","description":"Conhecida mundialmente por seus catamar\u00e3s a motor com design inovador e conforto surpreendente, a SilverCat desembarca no Caribe com tr\u00eas...","robots":{"index":"index","follow":"follow","max-snippet":"max-snippet:-1","max-image-preview":"max-image-preview:large","max-video-preview":"max-video-preview:-1"},"canonical":"https:\/\/www.yachtingnews.com\/pt-br\/silvercat-vai-para-o-caribe\/","og_locale":"pt_BR","og_type":"article","og_title":"SilverCat vai para o Caribe | Yachting News","og_description":"Conhecida mundialmente por seus catamar\u00e3s a motor com design inovador e conforto surpreendente, a SilverCat desembarca no Caribe com tr\u00eas...","og_url":"https:\/\/www.yachtingnews.com\/pt-br\/silvercat-vai-para-o-caribe\/","og_site_name":"Yachting News","article_publisher":"https:\/\/www.facebook.com\/TheInternationalYachtingMedia","article_published_time":"2026-01-08T00:00:00+00:00","article_modified_time":"2026-01-08T00:01:37+00:00","og_image":[{"width":1600,"height":900,"url":"https:\/\/www.yachtingnews.com\/wp-content\/uploads\/2025\/12\/silvercat-copertina.png","type":"image\/png"}],"author":"Silvia Antona","twitter_card":"summary_large_image","twitter_creator":"@YachtingMedia","twitter_site":"@YachtingMedia","twitter_misc":{"Escrito por":"Silvia Antona","Est. tempo de leitura":"3 minutos"},"schema":{"@context":"https:\/\/schema.org","@graph":[{"@type":"NewsArticle","@id":"https:\/\/www.yachtingnews.com\/pt-br\/silvercat-vai-para-o-caribe\/#article","isPartOf":{"@id":"https:\/\/www.yachtingnews.com\/pt-br\/silvercat-vai-para-o-caribe\/"},"author":{"name":"Silvia Antona","@id":"https:\/\/www.yachtingnews.com\/pt-br\/#\/schema\/person\/388e2ee094eca4ba73f459a3b5941149"},"headline":"SilverCat vai para o Caribe","datePublished":"2026-01-08T00:00:00+00:00","dateModified":"2026-01-08T00:01:37+00:00","mainEntityOfPage":{"@id":"https:\/\/www.yachtingnews.com\/pt-br\/silvercat-vai-para-o-caribe\/"},"wordCount":593,"commentCount":0,"publisher":{"@id":"https:\/\/www.yachtingnews.com\/pt-br\/#organization"},"image":{"@id":"https:\/\/www.yachtingnews.com\/pt-br\/silvercat-vai-para-o-caribe\/#primaryimage"},"thumbnailUrl":"https:\/\/www.yachtingnews.com\/wp-content\/uploads\/2025\/12\/silvercat-copertina.png","keywords":["Embarca\u00e7\u00e3o do Golfo","SilverCat"],"articleSection":["Not\u00edcias"],"inLanguage":"pt-BR","potentialAction":[{"@type":"CommentAction","name":"Comment","target":["https:\/\/www.yachtingnews.com\/pt-br\/silvercat-vai-para-o-caribe\/#respond"]}]},{"@type":"WebPage","@id":"https:\/\/www.yachtingnews.com\/pt-br\/silvercat-vai-para-o-caribe\/","url":"https:\/\/www.yachtingnews.com\/pt-br\/silvercat-vai-para-o-caribe\/","name":"SilverCat vai para o Caribe | Yachting News","isPartOf":{"@id":"https:\/\/www.yachtingnews.com\/pt-br\/#website"},"primaryImageOfPage":{"@id":"https:\/\/www.yachtingnews.com\/pt-br\/silvercat-vai-para-o-caribe\/#primaryimage"},"image":{"@id":"https:\/\/www.yachtingnews.com\/pt-br\/silvercat-vai-para-o-caribe\/#primaryimage"},"thumbnailUrl":"https:\/\/www.yachtingnews.com\/wp-content\/uploads\/2025\/12\/silvercat-copertina.png","datePublished":"2026-01-08T00:00:00+00:00","dateModified":"2026-01-08T00:01:37+00:00","description":"Conhecida mundialmente por seus catamar\u00e3s a motor com design inovador e conforto surpreendente, a SilverCat desembarca no Caribe com tr\u00eas...","breadcrumb":{"@id":"https:\/\/www.yachtingnews.com\/pt-br\/silvercat-vai-para-o-caribe\/#breadcrumb"},"inLanguage":"pt-BR","potentialAction":[{"@type":"ReadAction","target":["https:\/\/www.yachtingnews.com\/pt-br\/silvercat-vai-para-o-caribe\/"]}]},{"@type":"ImageObject","inLanguage":"pt-BR","@id":"https:\/\/www.yachtingnews.com\/pt-br\/silvercat-vai-para-o-caribe\/#primaryimage","url":"https:\/\/www.yachtingnews.com\/wp-content\/uploads\/2025\/12\/silvercat-copertina.png","contentUrl":"https:\/\/www.yachtingnews.com\/wp-content\/uploads\/2025\/12\/silvercat-copertina.png","width":1600,"height":900,"caption":"foto do silvercat"},{"@type":"BreadcrumbList","@id":"https:\/\/www.yachtingnews.com\/pt-br\/silvercat-vai-para-o-caribe\/#breadcrumb","itemListElement":[{"@type":"ListItem","position":1,"name":"HOME","item":"https:\/\/www.yachtingnews.com\/pt-br\/yachting-news-2\/"},{"@type":"ListItem","position":2,"name":"SilverCat vai para o Caribe"}]},{"@type":"WebSite","@id":"https:\/\/www.yachtingnews.com\/pt-br\/#website","url":"https:\/\/www.yachtingnews.com\/pt-br\/","name":"Yachting News","description":"The International Yachting Media","publisher":{"@id":"https:\/\/www.yachtingnews.com\/pt-br\/#organization"},"potentialAction":[{"@type":"SearchAction","target":{"@type":"EntryPoint","urlTemplate":"https:\/\/www.yachtingnews.com\/pt-br\/?s={search_term_string}"},"query-input":{"@type":"PropertyValueSpecification","valueRequired":true,"valueName":"search_term_string"}}],"inLanguage":"pt-BR"},{"@type":"Organization","@id":"https:\/\/www.yachtingnews.com\/pt-br\/#organization","name":"Yachting News","alternateName":"YachtingNews","url":"https:\/\/www.yachtingnews.com\/pt-br\/","logo":{"@type":"ImageObject","inLanguage":"pt-BR","@id":"https:\/\/www.yachtingnews.com\/pt-br\/#\/schema\/logo\/image\/","url":"https:\/\/www.yachtingnews.com\/wp-content\/uploads\/2021\/05\/LOGO-YACHTING-NEWS.png","contentUrl":"https:\/\/www.yachtingnews.com\/wp-content\/uploads\/2021\/05\/LOGO-YACHTING-NEWS.png","width":1200,"height":188,"caption":"Yachting News"},"image":{"@id":"https:\/\/www.yachtingnews.com\/pt-br\/#\/schema\/logo\/image\/"},"sameAs":["https:\/\/www.facebook.com\/TheInternationalYachtingMedia","https:\/\/x.com\/YachtingMedia","https:\/\/www.instagram.com\/yachting.news\/","https:\/\/www.linkedin.com\/company\/the-international-yachting-media","https:\/\/www.youtube.com\/c\/TheInternationalYachtingMedia"]},{"@type":"Person","@id":"https:\/\/www.yachtingnews.com\/pt-br\/#\/schema\/person\/388e2ee094eca4ba73f459a3b5941149","name":"Silvia Antona","image":{"@type":"ImageObject","inLanguage":"pt-BR","@id":"https:\/\/secure.gravatar.com\/avatar\/8ccaac90fb51f1ed85b753d47c685c918546c3bfc369bbd1c767dbea0fc6c334?s=96&d=mm&r=g","url":"https:\/\/secure.gravatar.com\/avatar\/8ccaac90fb51f1ed85b753d47c685c918546c3bfc369bbd1c767dbea0fc6c334?s=96&d=mm&r=g","contentUrl":"https:\/\/secure.gravatar.com\/avatar\/8ccaac90fb51f1ed85b753d47c685c918546c3bfc369bbd1c767dbea0fc6c334?s=96&d=mm&r=g","caption":"Silvia Antona"},"url":"https:\/\/www.yachtingnews.com\/pt-br\/author\/silvia\/"}]}},"_links":{"self":[{"href":"https:\/\/www.yachtingnews.com\/pt-br\/wp-json\/wp\/v2\/posts\/165325","targetHints":{"allow":["GET"]}}],"collection":[{"href":"https:\/\/www.yachtingnews.com\/pt-br\/wp-json\/wp\/v2\/posts"}],"about":[{"href":"https:\/\/www.yachtingnews.com\/pt-br\/wp-json\/wp\/v2\/types\/post"}],"author":[{"embeddable":true,"href":"https:\/\/www.yachtingnews.com\/pt-br\/wp-json\/wp\/v2\/users\/7"}],"replies":[{"embeddable":true,"href":"https:\/\/www.yachtingnews.com\/pt-br\/wp-json\/wp\/v2\/comments?post=165325"}],"version-history":[{"count":1,"href":"https:\/\/www.yachtingnews.com\/pt-br\/wp-json\/wp\/v2\/posts\/165325\/revisions"}],"predecessor-version":[{"id":165327,"href":"https:\/\/www.yachtingnews.com\/pt-br\/wp-json\/wp\/v2\/posts\/165325\/revisions\/165327"}],"wp:featuredmedia":[{"embeddable":true,"href":"https:\/\/www.yachtingnews.com\/pt-br\/wp-json\/wp\/v2\/media\/165088"}],"wp:attachment":[{"href":"https:\/\/www.yachtingnews.com\/pt-br\/wp-json\/wp\/v2\/media?parent=165325"}],"wp:term":[{"taxonomy":"category","embeddable":true,"href":"https:\/\/www.yachtingnews.com\/pt-br\/wp-json\/wp\/v2\/categories?post=165325"},{"taxonomy":"post_tag","embeddable":true,"href":"https:\/\/www.yachtingnews.com\/pt-br\/wp-json\/wp\/v2\/tags?post=165325"}],"curies":[{"name":"wp","href":"https:\/\/api.w.org\/{rel}","templated":true}]}}