{"id":168436,"date":"2026-04-28T02:00:00","date_gmt":"2026-04-28T01:00:00","guid":{"rendered":"https:\/\/yachtingnews.com\/sasga-yachts-palma\/"},"modified":"2026-04-28T02:00:51","modified_gmt":"2026-04-28T01:00:51","slug":"sasga-yachts-palma","status":"publish","type":"post","link":"https:\/\/www.yachtingnews.com\/pt-br\/sasga-yachts-palma\/","title":{"rendered":"SASGA Yachts \u00e9 o centro das aten\u00e7\u00f5es no Palma International Boat Show 2026 com a linha Menorqu\u00edn e a estreia do Club Menorqu\u00edn Lounge"},"content":{"rendered":"\t\t<div data-elementor-type=\"wp-post\" data-elementor-id=\"168436\" class=\"elementor elementor-168436 elementor-168402\" data-elementor-post-type=\"post\">\n\t\t\t\t\t\t<section class=\"elementor-section elementor-top-section elementor-element elementor-element-482d1fc elementor-section-boxed elementor-section-height-default elementor-section-height-default\" data-id=\"482d1fc\" data-element_type=\"section\" data-e-type=\"section\">\n\t\t\t\t\t\t<div class=\"elementor-container elementor-column-gap-default\">\n\t\t\t\t\t<div class=\"elementor-column elementor-col-100 elementor-top-column elementor-element elementor-element-712f076\" data-id=\"712f076\" data-element_type=\"column\" data-e-type=\"column\">\n\t\t\t<div class=\"elementor-widget-wrap elementor-element-populated\">\n\t\t\t\t\t\t<div class=\"elementor-element elementor-element-dea6e43 elementor-widget elementor-widget-text-editor\" data-id=\"dea6e43\" data-element_type=\"widget\" data-e-type=\"widget\" data-widget_type=\"text-editor.default\">\n\t\t\t\t<div class=\"elementor-widget-container\">\n\t\t\t\t\t\t\t\t\t<p data-path-to-node=\"0\"><strong>A SASGA Yachts<\/strong> est\u00e1 entre as atra\u00e7\u00f5es principais do Palma International Boat Show 2026, um dos eventos mais esperados da temporada europeia de iates, que acontece de 29 de abril a 2 de maio. Esse \u00e9 um evento estrat\u00e9gico para o estaleiro de Menorca, que retorna ao cora\u00e7\u00e3o do Mediterr\u00e2neo com uma linha que combina perfeitamente tradi\u00e7\u00e3o, inova\u00e7\u00e3o e habilidade superior. <\/p><p data-path-to-node=\"0\">A presen\u00e7a da SASGA Yachts abranger\u00e1 duas \u00e1reas: o espa\u00e7o de exposi\u00e7\u00e3o (estandes M21 e M22) e os ber\u00e7os 400, 401 e 402, oferecendo aos visitantes e profissionais do setor a oportunidade de ter uma experi\u00eancia a bordo em primeira m\u00e3o. Isso permite que eles avaliem pessoalmente o conforto, a navegabilidade e as solu\u00e7\u00f5es de design das embarca\u00e7\u00f5es. <\/p><h2 data-path-to-node=\"0\">A linha Menorqu\u00edn da SASGA Yachts ganha destaque<\/h2><p data-path-to-node=\"0\">Durante a feira, a SASGA Yachts apresentar\u00e1 tr\u00eas modelos que representam sua filosofia de constru\u00e7\u00e3o, todos da linha <a href=\"https:\/\/yachtingnews.com\/menorquin-sasga-yachts\/\">Menorqu\u00edn<\/a>: o <b>Menorqu\u00edn 35 HT<\/b>, o <b>Menorqu\u00edn 42 FB<\/b> e o novo <b>Menorqu\u00edn 48 FB, <\/b>a mais recente evolu\u00e7\u00e3o do estaleiro. Esses modelos incorporam uma identidade de design profundamente enraizada na tradi\u00e7\u00e3o n\u00e1utica mediterr\u00e2nea, reimaginada por meio de tecnologia moderna e padr\u00f5es de alta qualidade. Linhas cl\u00e1ssicas, robustez estrutural e generosos espa\u00e7os de conviv\u00eancia s\u00e3o as marcas registradas de uma linha projetada para cruzeiros familiares e navega\u00e7\u00e3o costeira com total seguran\u00e7a.  <\/p><p data-path-to-node=\"0\"><img decoding=\"async\" class=\"alignnone wp-image-168403 size-full\" src=\"https:\/\/yachtingnews.com\/wp-content\/uploads\/2026\/04\/SASGA-Yachts-palma-it.jpg\" alt=\"SASGA Yachts\" width=\"1400\" height=\"787\" srcset=\"https:\/\/www.yachtingnews.com\/wp-content\/uploads\/2026\/04\/SASGA-Yachts-palma-it.jpg 1400w, https:\/\/www.yachtingnews.com\/wp-content\/uploads\/2026\/04\/SASGA-Yachts-palma-it-300x169.jpg 300w, https:\/\/www.yachtingnews.com\/wp-content\/uploads\/2026\/04\/SASGA-Yachts-palma-it-768x432.jpg 768w\" sizes=\"(max-width: 1400px) 100vw, 1400px\" \/><\/p><h2 data-path-to-node=\"0\">Menorqu\u00edn 48 FB: O reconhecimento europeu marca uma nova fase<\/h2><p data-path-to-node=\"0\">Uma das estrelas absolutas do estande \u00e9 o Menorqu\u00edn 48 FB, recentemente homenageado com o t\u00edtulo de<b>&#8220;Barco do Ano<\/b>&#8221; no European Powerboat Awards 2026. Esse reconhecimento \u00e9 um testemunho da evolu\u00e7\u00e3o da marca em dire\u00e7\u00e3o a embarca\u00e7\u00f5es maiores, definidas por um equil\u00edbrio entre conforto, efici\u00eancia e um design consistente com a est\u00e9tica mediterr\u00e2nea. Esse modelo representa um marco significativo no crescimento do estaleiro, que expandiu suas ofertas nos \u00faltimos anos, mantendo-se fiel aos seus valores fundamentais: confiabilidade, alcance de cruzeiro e habilidade superior.  <\/p><h2 data-path-to-node=\"0\">O Club Menorqu\u00edn Lounge: Um novo espa\u00e7o dedicado aos propriet\u00e1rios<\/h2><p data-path-to-node=\"0\">Dentro do estande, a SASGA Yachts tamb\u00e9m apresentar\u00e1 o CLUB <b>MENORQU\u00cdN LOUNGE<\/b>, um ambiente exclusivo reservado para os membros do Club Menorqu\u00edn. Esse espa\u00e7o foi projetado para promover a conex\u00e3o entre propriet\u00e1rios, clientes e entusiastas, criando uma atmosfera mais informal e envolvente do que a \u00e1rea de exposi\u00e7\u00e3o tradicional. A iniciativa reflete uma tend\u00eancia crescente no setor n\u00e1utico: transformar o relacionamento com o cliente em uma verdadeira experi\u00eancia de marca baseada em valores, paix\u00f5es e estilo de vida compartilhados  <\/p><p><img decoding=\"async\" class=\"alignnone wp-image-168404 size-full\" src=\"https:\/\/yachtingnews.com\/wp-content\/uploads\/2026\/04\/SASGA-Yachts-palma-fr.jpg\" alt=\"SASGA Yachts\" width=\"1400\" height=\"787\" srcset=\"https:\/\/www.yachtingnews.com\/wp-content\/uploads\/2026\/04\/SASGA-Yachts-palma-fr.jpg 1400w, https:\/\/www.yachtingnews.com\/wp-content\/uploads\/2026\/04\/SASGA-Yachts-palma-fr-300x169.jpg 300w, https:\/\/www.yachtingnews.com\/wp-content\/uploads\/2026\/04\/SASGA-Yachts-palma-fr-768x432.jpg 768w\" sizes=\"(max-width: 1400px) 100vw, 1400px\" \/><\/p><h2 data-path-to-node=\"0\">Uma vitrine estrat\u00e9gica para o mercado europeu<\/h2><p data-path-to-node=\"0\">Para a SASGA Yachts, a participa\u00e7\u00e3o no Palma International Boat Show representa muito mais do que uma simples presen\u00e7a comercial. Ao longo dos anos, o evento &#8211; sediado no Porto de Palma de Mallorca &#8211; tornou-se um dos principais centros de iatismo do Mediterr\u00e2neo, atraindo operadores, propriet\u00e1rios e profissionais de toda a Europa. <\/p><p class=\"first-token\" data-path-to-node=\"0\">Para o estaleiro de Menorca, a feira \u00e9 uma oportunidade de solidificar seu posicionamento no segmento de embarca\u00e7\u00f5es de inspira\u00e7\u00e3o mediterr\u00e2nea &#8211; um mercado em que a experi\u00eancia de cruzeiro, a qualidade dos espa\u00e7os de conviv\u00eancia e a identidade estil\u00edstica desempenham um papel central no processo de sele\u00e7\u00e3o.<\/p><h2 data-path-to-node=\"0\">Conclus\u00f5es<\/h2><p data-path-to-node=\"0\">A presen\u00e7a da SASGA Yachts no Palma International Boat Show 2026 confirma o compromisso do estaleiro em fortalecer sua visibilidade internacional e solidificar seu v\u00ednculo com o p\u00fablico mediterr\u00e2neo. A apresenta\u00e7\u00e3o da linha Menorqu\u00edn, juntamente com o lan\u00e7amento do Club Menorqu\u00edn Lounge, destaca uma estrat\u00e9gia focada n\u00e3o apenas no produto em si, mas tamb\u00e9m na constru\u00e7\u00e3o de uma comunidade de propriet\u00e1rios e entusiastas. <\/p><p data-path-to-node=\"1\">Em um cen\u00e1rio de iatismo cada vez mais competitivo, a capacidade de combinar tradi\u00e7\u00e3o com inova\u00e7\u00e3o continua a ser um fator determinante para os estaleiros que desejam crescer e, ao mesmo tempo, manter uma identidade forte.<\/p><p data-path-to-node=\"1\"><img decoding=\"async\" class=\"alignnone wp-image-168405 size-full\" src=\"https:\/\/yachtingnews.com\/wp-content\/uploads\/2026\/04\/SASGA-Yachts-palma-de-en.jpg\" alt=\"SASGA Yachts\" width=\"1400\" height=\"787\" srcset=\"https:\/\/www.yachtingnews.com\/wp-content\/uploads\/2026\/04\/SASGA-Yachts-palma-de-en.jpg 1400w, https:\/\/www.yachtingnews.com\/wp-content\/uploads\/2026\/04\/SASGA-Yachts-palma-de-en-300x169.jpg 300w, https:\/\/www.yachtingnews.com\/wp-content\/uploads\/2026\/04\/SASGA-Yachts-palma-de-en-768x432.jpg 768w\" sizes=\"(max-width: 1400px) 100vw, 1400px\" \/><\/p><h2 data-section-id=\"k5pxnv\" data-start=\"4335\" data-end=\"4361\">SASGA Yachts &#8211; Perguntas frequentes<\/h2><p> <\/p>\t\t\t\t\t\t\t\t<\/div>\n\t\t\t\t<\/div>\n\t\t\t\t<div class=\"elementor-element elementor-element-c05d29d elementor-grid-1 elementor-grid-tablet-2 elementor-grid-mobile-1 elementor-widget elementor-widget-uael-faq\" data-id=\"c05d29d\" data-element_type=\"widget\" data-e-type=\"widget\" data-widget_type=\"uael-faq.default\">\n\t\t\t\t<div class=\"elementor-widget-container\">\n\t\t\t\t\t\n\t\t\t<div id='uael-faq-wrapper-201' class=\"uael-faq-wrapper\">\n\t\t\t\t<div class=\"uael-faq-container uael-faq-layout-grid elementor-grid\" >\n\t\t\t\t\t\t\t\t\t\t\t\t<div id=\"uael-accordion-4bc6a2a\" class=\"uael-faq-accordion elementor-grid-item\" role=\"tablist\">\n\t\t\t\t\t\t\t\t<div class= \"uael-accordion-title\" aria-expanded=\"false\" role=\"tab\">\n\t\t\t\t\t\t\t\t\t<span class=\"uael-accordion-icon uael-accordion-icon-\">\n\t\t\t\t\t\t\t\t\t\t<span class=\"uael-accordion-icon-closed\"><\/span>\n\t\t\t\t\t\t\t\t\t\t<span class=\"uael-accordion-icon-opened\"><\/span>\n\t\t\t\t\t\t\t\t\t<\/span>\n\t\t\t\t\t\t\t\t\t<h4 class=\"uael-question-4bc6a2a uael-question-span\" tabindex=\"0\" id=\"uael-faq-1-6a96ddd34de4c\">Quando ser\u00e1 realizado o Palma International Boat Show 2026?<\/h4>\n\t\t\t\t\t\t\t\t<\/div>\n\t\t\t\t\t\t\t\t<div class=\"uael-accordion-content\" role=\"tabpanel\">\n\t\t\t\t\t\t\t\t\t<span>\n\t\t\t\t\t\t\t\t\t<span><p data-path-to-node=\"0\">O evento est\u00e1 programado para o per\u00edodo de 29 de abril a 2 de maio de 2026 e \u00e9 uma das principais datas de iatismo da temporada europeia.<\/p><\/span>\t\t\t\t\t\t\t\t\t<\/span>\n\t\t\t\t\t\t\t\t<\/div>\n\t\t\t\t\t\t\t<\/div>\n\t\t\t\t\t\t\t\t\t\t\t\t\t\t<div id=\"uael-accordion-b2be508\" class=\"uael-faq-accordion elementor-grid-item\" role=\"tablist\">\n\t\t\t\t\t\t\t\t<div class= \"uael-accordion-title\" aria-expanded=\"false\" role=\"tab\">\n\t\t\t\t\t\t\t\t\t<span class=\"uael-accordion-icon uael-accordion-icon-\">\n\t\t\t\t\t\t\t\t\t\t<span class=\"uael-accordion-icon-closed\"><\/span>\n\t\t\t\t\t\t\t\t\t\t<span class=\"uael-accordion-icon-opened\"><\/span>\n\t\t\t\t\t\t\t\t\t<\/span>\n\t\t\t\t\t\t\t\t\t<h4 class=\"uael-question-b2be508 uael-question-span\" tabindex=\"0\" id=\"uael-faq-2-6a96ddd34de64\">Quais modelos a SASGA Yachts apresentar\u00e1 na feira de Palma?<\/h4>\n\t\t\t\t\t\t\t\t<\/div>\n\t\t\t\t\t\t\t\t<div class=\"uael-accordion-content\" role=\"tabpanel\">\n\t\t\t\t\t\t\t\t\t<span>\n\t\t\t\t\t\t\t\t\t<span><p data-path-to-node=\"0\">O estaleiro exibir\u00e1 tr\u00eas embarca\u00e7\u00f5es da linha Menorqu\u00edn: o 35 HT, o 42 FB e o novo 48 FB.<\/p><\/span>\t\t\t\t\t\t\t\t\t<\/span>\n\t\t\t\t\t\t\t\t<\/div>\n\t\t\t\t\t\t\t<\/div>\n\t\t\t\t\t\t\t\t\t\t\t\t\t\t<div id=\"uael-accordion-076933c\" class=\"uael-faq-accordion elementor-grid-item\" role=\"tablist\">\n\t\t\t\t\t\t\t\t<div class= \"uael-accordion-title\" aria-expanded=\"false\" role=\"tab\">\n\t\t\t\t\t\t\t\t\t<span class=\"uael-accordion-icon uael-accordion-icon-\">\n\t\t\t\t\t\t\t\t\t\t<span class=\"uael-accordion-icon-closed\"><\/span>\n\t\t\t\t\t\t\t\t\t\t<span class=\"uael-accordion-icon-opened\"><\/span>\n\t\t\t\t\t\t\t\t\t<\/span>\n\t\t\t\t\t\t\t\t\t<h4 class=\"uael-question-076933c uael-question-span\" tabindex=\"0\" id=\"uael-faq-3-6a96ddd34de76\">Qual foi o reconhecimento que o Menorqu\u00edn 48 FB recebeu?<\/h4>\n\t\t\t\t\t\t\t\t<\/div>\n\t\t\t\t\t\t\t\t<div class=\"uael-accordion-content\" role=\"tabpanel\">\n\t\t\t\t\t\t\t\t\t<span>\n\t\t\t\t\t\t\t\t\t<span><p class=\"first-token\" data-path-to-node=\"0\">O modelo ganhou o pr\u00eamio \"Boat of the Year\" (Barco do Ano) no 2026 European Powerboat Awards, confirmando a qualidade do design e sua import\u00e2ncia no mercado europeu.<\/p><\/span>\t\t\t\t\t\t\t\t\t<\/span>\n\t\t\t\t\t\t\t\t<\/div>\n\t\t\t\t\t\t\t<\/div>\n\t\t\t\t\t\t\t\t\t\t\t\t\t\t<div id=\"uael-accordion-7e082ea\" class=\"uael-faq-accordion elementor-grid-item\" role=\"tablist\">\n\t\t\t\t\t\t\t\t<div class= \"uael-accordion-title\" aria-expanded=\"false\" role=\"tab\">\n\t\t\t\t\t\t\t\t\t<span class=\"uael-accordion-icon uael-accordion-icon-\">\n\t\t\t\t\t\t\t\t\t\t<span class=\"uael-accordion-icon-closed\"><\/span>\n\t\t\t\t\t\t\t\t\t\t<span class=\"uael-accordion-icon-opened\"><\/span>\n\t\t\t\t\t\t\t\t\t<\/span>\n\t\t\t\t\t\t\t\t\t<h4 class=\"uael-question-7e082ea uael-question-span\" tabindex=\"0\" id=\"uael-faq-4-6a96ddd34de83\">O que \u00e9 o Club Menorqu\u00edn Lounge?<\/h4>\n\t\t\t\t\t\t\t\t<\/div>\n\t\t\t\t\t\t\t\t<div class=\"uael-accordion-content\" role=\"tabpanel\">\n\t\t\t\t\t\t\t\t\t<span>\n\t\t\t\t\t\t\t\t\t<span><p class=\"first-token\" data-path-to-node=\"0\">\u00c9 um espa\u00e7o exclusivo dedicado aos propriet\u00e1rios e membros do clube, projetado para promover relacionamentos, networking e o compartilhamento de experi\u00eancias de marca.<\/p><\/span>\t\t\t\t\t\t\t\t\t<\/span>\n\t\t\t\t\t\t\t\t<\/div>\n\t\t\t\t\t\t\t<\/div>\n\t\t\t\t\t\t\t\t\t\t\t\t\t\t<div id=\"uael-accordion-533d26d\" class=\"uael-faq-accordion elementor-grid-item\" role=\"tablist\">\n\t\t\t\t\t\t\t\t<div class= \"uael-accordion-title\" aria-expanded=\"false\" role=\"tab\">\n\t\t\t\t\t\t\t\t\t<span class=\"uael-accordion-icon uael-accordion-icon-\">\n\t\t\t\t\t\t\t\t\t\t<span class=\"uael-accordion-icon-closed\"><\/span>\n\t\t\t\t\t\t\t\t\t\t<span class=\"uael-accordion-icon-opened\"><\/span>\n\t\t\t\t\t\t\t\t\t<\/span>\n\t\t\t\t\t\t\t\t\t<h4 class=\"uael-question-533d26d uael-question-span\" tabindex=\"0\" id=\"uael-faq-5-6a96ddd34de90\">Onde est\u00e3o localizados os estandes e ber\u00e7os da SASGA Yachts na feira?<\/h4>\n\t\t\t\t\t\t\t\t<\/div>\n\t\t\t\t\t\t\t\t<div class=\"uael-accordion-content\" role=\"tabpanel\">\n\t\t\t\t\t\t\t\t\t<span>\n\t\t\t\t\t\t\t\t\t<span><p class=\"first-token\" data-path-to-node=\"0\">O estaleiro estar\u00e1 localizado nos estandes M21 e M22 e nos ber\u00e7os 400, 401 e 402, onde as embarca\u00e7\u00f5es poder\u00e3o ser visitadas diretamente na \u00e1gua.<\/p><\/span>\t\t\t\t\t\t\t\t\t<\/span>\n\t\t\t\t\t\t\t\t<\/div>\n\t\t\t\t\t\t\t<\/div>\n\t\t\t\t\t\t\t\t\t\t\t<\/div>\n\t\t\t<\/div>\n\t\t\t\t\t\t\t<\/div>\n\t\t\t\t<\/div>\n\t\t\t\t\t<\/div>\n\t\t<\/div>\n\t\t\t\t\t<\/div>\n\t\t<\/section>\n\t\t\t\t<\/div>\n\t\t","protected":false},"excerpt":{"rendered":"<p>A SASGA Yachts est\u00e1 entre as atra\u00e7\u00f5es principais do Palma International Boat Show 2026, um dos eventos mais esperados da temporada europeia de iates, que acontece de 29 de abril a 2 de maio. Esse \u00e9 um evento estrat\u00e9gico para o estaleiro de Menorca, que retorna ao cora\u00e7\u00e3o do Mediterr\u00e2neo com uma linha que combina [&hellip;]<\/p>\n","protected":false},"author":45,"featured_media":168438,"comment_status":"open","ping_status":"closed","sticky":false,"template":"","format":"standard","meta":{"_mo_disable_npp":"","footnotes":""},"categories":[1687,1653],"tags":[5451],"class_list":["post-168436","post","type-post","status-publish","format-standard","has-post-thumbnail","hentry","category-barcos-a-motor","category-news-pt-br","tag-sasga-yachts"],"yoast_head":"<!-- This site is optimized with the Yoast SEO plugin v28.3 - https:\/\/yoast.com\/product\/yoast-seo-wordpress\/ -->\n<title>SASGA Yachts no Palma International Boat Show 2026 - Yachting News<\/title>\n<meta name=\"description\" content=\"De 29 de abril a 2 de maio, a SASGA Yachts confirma sua presen\u00e7a no 2026 Palma International Boat Show com a linha Menorqu\u00edn.\" \/>\n<meta name=\"robots\" content=\"index, follow, max-snippet:-1, max-image-preview:large, max-video-preview:-1\" \/>\n<link rel=\"canonical\" href=\"https:\/\/www.yachtingnews.com\/pt-br\/sasga-yachts-palma\/\" \/>\n<meta property=\"og:locale\" content=\"pt_BR\" \/>\n<meta property=\"og:type\" content=\"article\" \/>\n<meta property=\"og:title\" content=\"SASGA Yachts no Palma International Boat Show 2026 - Yachting News\" \/>\n<meta property=\"og:description\" content=\"De 29 de abril a 2 de maio, a SASGA Yachts confirma sua presen\u00e7a no 2026 Palma International Boat Show com a linha Menorqu\u00edn.\" \/>\n<meta property=\"og:url\" content=\"https:\/\/www.yachtingnews.com\/pt-br\/sasga-yachts-palma\/\" \/>\n<meta property=\"og:site_name\" content=\"Yachting News\" \/>\n<meta property=\"article:publisher\" content=\"https:\/\/www.facebook.com\/TheInternationalYachtingMedia\" \/>\n<meta property=\"article:published_time\" content=\"2026-04-28T01:00:00+00:00\" \/>\n<meta property=\"article:modified_time\" content=\"2026-04-28T01:00:51+00:00\" \/>\n<meta property=\"og:image\" content=\"https:\/\/www.yachtingnews.com\/wp-content\/uploads\/2026\/04\/SASGA-Yachts-palma-de-en.jpg\" \/>\n\t<meta property=\"og:image:width\" content=\"1400\" \/>\n\t<meta property=\"og:image:height\" content=\"787\" \/>\n\t<meta property=\"og:image:type\" content=\"image\/jpeg\" \/>\n<meta name=\"author\" content=\"Alessandro Giuzio\" \/>\n<meta name=\"twitter:card\" content=\"summary_large_image\" \/>\n<meta name=\"twitter:creator\" content=\"@YachtingMedia\" \/>\n<meta name=\"twitter:site\" content=\"@YachtingMedia\" \/>\n<meta name=\"twitter:label1\" content=\"Escrito por\" \/>\n\t<meta name=\"twitter:data1\" content=\"Alessandro Giuzio\" \/>\n\t<meta name=\"twitter:label2\" content=\"Est. tempo de leitura\" \/>\n\t<meta name=\"twitter:data2\" content=\"4 minutos\" \/>\n<script type=\"application\/ld+json\" class=\"yoast-schema-graph\">{\"@context\":\"https:\\\/\\\/schema.org\",\"@graph\":[{\"@type\":\"Article\",\"@id\":\"https:\\\/\\\/www.yachtingnews.com\\\/pt-br\\\/sasga-yachts-palma\\\/#article\",\"isPartOf\":{\"@id\":\"https:\\\/\\\/www.yachtingnews.com\\\/pt-br\\\/sasga-yachts-palma\\\/\"},\"author\":{\"name\":\"Alessandro Giuzio\",\"@id\":\"https:\\\/\\\/www.yachtingnews.com\\\/pt-br\\\/#\\\/schema\\\/person\\\/d2e99eb1c7ce9e28a78d15e3d5d68eb3\"},\"headline\":\"SASGA Yachts \u00e9 o centro das aten\u00e7\u00f5es no Palma International Boat Show 2026 com a linha Menorqu\u00edn e a estreia do Club Menorqu\u00edn Lounge\",\"datePublished\":\"2026-04-28T01:00:00+00:00\",\"dateModified\":\"2026-04-28T01:00:51+00:00\",\"mainEntityOfPage\":{\"@id\":\"https:\\\/\\\/www.yachtingnews.com\\\/pt-br\\\/sasga-yachts-palma\\\/\"},\"wordCount\":878,\"commentCount\":0,\"publisher\":{\"@id\":\"https:\\\/\\\/www.yachtingnews.com\\\/pt-br\\\/#organization\"},\"image\":{\"@id\":\"https:\\\/\\\/www.yachtingnews.com\\\/pt-br\\\/sasga-yachts-palma\\\/#primaryimage\"},\"thumbnailUrl\":\"https:\\\/\\\/www.yachtingnews.com\\\/wp-content\\\/uploads\\\/2026\\\/04\\\/SASGA-Yachts-palma-de-en.jpg\",\"keywords\":[\"Sasga Yachts\"],\"articleSection\":[\"BARCOS A MOTOR\",\"Not\u00edcias\"],\"inLanguage\":\"pt-BR\",\"potentialAction\":[{\"@type\":\"CommentAction\",\"name\":\"Comment\",\"target\":[\"https:\\\/\\\/www.yachtingnews.com\\\/pt-br\\\/sasga-yachts-palma\\\/#respond\"]}]},{\"@type\":\"WebPage\",\"@id\":\"https:\\\/\\\/www.yachtingnews.com\\\/pt-br\\\/sasga-yachts-palma\\\/\",\"url\":\"https:\\\/\\\/www.yachtingnews.com\\\/pt-br\\\/sasga-yachts-palma\\\/\",\"name\":\"SASGA Yachts no Palma International Boat Show 2026 - Yachting News\",\"isPartOf\":{\"@id\":\"https:\\\/\\\/www.yachtingnews.com\\\/pt-br\\\/#website\"},\"primaryImageOfPage\":{\"@id\":\"https:\\\/\\\/www.yachtingnews.com\\\/pt-br\\\/sasga-yachts-palma\\\/#primaryimage\"},\"image\":{\"@id\":\"https:\\\/\\\/www.yachtingnews.com\\\/pt-br\\\/sasga-yachts-palma\\\/#primaryimage\"},\"thumbnailUrl\":\"https:\\\/\\\/www.yachtingnews.com\\\/wp-content\\\/uploads\\\/2026\\\/04\\\/SASGA-Yachts-palma-de-en.jpg\",\"datePublished\":\"2026-04-28T01:00:00+00:00\",\"dateModified\":\"2026-04-28T01:00:51+00:00\",\"description\":\"De 29 de abril a 2 de maio, a SASGA Yachts confirma sua presen\u00e7a no 2026 Palma International Boat Show com a linha Menorqu\u00edn.\",\"breadcrumb\":{\"@id\":\"https:\\\/\\\/www.yachtingnews.com\\\/pt-br\\\/sasga-yachts-palma\\\/#breadcrumb\"},\"inLanguage\":\"pt-BR\",\"potentialAction\":[{\"@type\":\"ReadAction\",\"target\":[\"https:\\\/\\\/www.yachtingnews.com\\\/pt-br\\\/sasga-yachts-palma\\\/\"]}]},{\"@type\":\"ImageObject\",\"inLanguage\":\"pt-BR\",\"@id\":\"https:\\\/\\\/www.yachtingnews.com\\\/pt-br\\\/sasga-yachts-palma\\\/#primaryimage\",\"url\":\"https:\\\/\\\/www.yachtingnews.com\\\/wp-content\\\/uploads\\\/2026\\\/04\\\/SASGA-Yachts-palma-de-en.jpg\",\"contentUrl\":\"https:\\\/\\\/www.yachtingnews.com\\\/wp-content\\\/uploads\\\/2026\\\/04\\\/SASGA-Yachts-palma-de-en.jpg\",\"width\":1400,\"height\":787,\"caption\":\"SASGA Yachts\"},{\"@type\":\"BreadcrumbList\",\"@id\":\"https:\\\/\\\/www.yachtingnews.com\\\/pt-br\\\/sasga-yachts-palma\\\/#breadcrumb\",\"itemListElement\":[{\"@type\":\"ListItem\",\"position\":1,\"name\":\"Home\",\"item\":\"https:\\\/\\\/www.yachtingnews.com\\\/pt-br\\\/yachting-news-2\\\/\"},{\"@type\":\"ListItem\",\"position\":2,\"name\":\"SASGA Yachts \u00e9 o centro das aten\u00e7\u00f5es no Palma International Boat Show 2026 com a linha Menorqu\u00edn e a estreia do Club Menorqu\u00edn Lounge\"}]},{\"@type\":\"WebSite\",\"@id\":\"https:\\\/\\\/www.yachtingnews.com\\\/pt-br\\\/#website\",\"url\":\"https:\\\/\\\/www.yachtingnews.com\\\/pt-br\\\/\",\"name\":\"Yachting News\",\"description\":\"The International Yachting Media\",\"publisher\":{\"@id\":\"https:\\\/\\\/www.yachtingnews.com\\\/pt-br\\\/#organization\"},\"potentialAction\":[{\"@type\":\"SearchAction\",\"target\":{\"@type\":\"EntryPoint\",\"urlTemplate\":\"https:\\\/\\\/www.yachtingnews.com\\\/pt-br\\\/?s={search_term_string}\"},\"query-input\":{\"@type\":\"PropertyValueSpecification\",\"valueRequired\":true,\"valueName\":\"search_term_string\"}}],\"inLanguage\":\"pt-BR\"},{\"@type\":\"Organization\",\"@id\":\"https:\\\/\\\/www.yachtingnews.com\\\/pt-br\\\/#organization\",\"name\":\"Yachting News\",\"url\":\"https:\\\/\\\/www.yachtingnews.com\\\/pt-br\\\/\",\"logo\":{\"@type\":\"ImageObject\",\"inLanguage\":\"pt-BR\",\"@id\":\"https:\\\/\\\/www.yachtingnews.com\\\/pt-br\\\/#\\\/schema\\\/logo\\\/image\\\/\",\"url\":\"https:\\\/\\\/www.yachtingnews.com\\\/wp-content\\\/uploads\\\/2023\\\/02\\\/LOGO-Yachting-NEWS-blu-800.png\",\"contentUrl\":\"https:\\\/\\\/www.yachtingnews.com\\\/wp-content\\\/uploads\\\/2023\\\/02\\\/LOGO-Yachting-NEWS-blu-800.png\",\"width\":790,\"height\":99,\"caption\":\"Yachting News\"},\"image\":{\"@id\":\"https:\\\/\\\/www.yachtingnews.com\\\/pt-br\\\/#\\\/schema\\\/logo\\\/image\\\/\"},\"sameAs\":[\"https:\\\/\\\/www.facebook.com\\\/TheInternationalYachtingMedia\",\"https:\\\/\\\/x.com\\\/YachtingMedia\",\"https:\\\/\\\/www.instagram.com\\\/yachting.news\\\/\",\"https:\\\/\\\/www.linkedin.com\\\/company\\\/the-international-yachting-media\",\"https:\\\/\\\/www.youtube.com\\\/c\\\/TheInternationalYachtingMedia\"]},{\"@type\":\"Person\",\"@id\":\"https:\\\/\\\/www.yachtingnews.com\\\/pt-br\\\/#\\\/schema\\\/person\\\/d2e99eb1c7ce9e28a78d15e3d5d68eb3\",\"name\":\"Alessandro Giuzio\",\"image\":{\"@type\":\"ImageObject\",\"inLanguage\":\"pt-BR\",\"@id\":\"https:\\\/\\\/www.yachtingnews.com\\\/wp-content\\\/litespeed\\\/avatar\\\/a99e5f8da4fc551fb53eb9f1fec61fb4.jpg?ver=1788189881\",\"url\":\"https:\\\/\\\/www.yachtingnews.com\\\/wp-content\\\/litespeed\\\/avatar\\\/a99e5f8da4fc551fb53eb9f1fec61fb4.jpg?ver=1788189881\",\"contentUrl\":\"https:\\\/\\\/www.yachtingnews.com\\\/wp-content\\\/litespeed\\\/avatar\\\/a99e5f8da4fc551fb53eb9f1fec61fb4.jpg?ver=1788189881\",\"caption\":\"Alessandro Giuzio\"},\"description\":\"Alessandro is a professional journalist and contributes to The International Yachting Media since 2022. He is an expert on the sea and of course on boats.\",\"url\":\"https:\\\/\\\/www.yachtingnews.com\\\/pt-br\\\/author\\\/alexgiuzio\\\/\"}]}<\/script>\n<!-- \/ Yoast SEO plugin. -->","yoast_head_json":{"title":"SASGA Yachts no Palma International Boat Show 2026 - Yachting News","description":"De 29 de abril a 2 de maio, a SASGA Yachts confirma sua presen\u00e7a no 2026 Palma International Boat Show com a linha Menorqu\u00edn.","robots":{"index":"index","follow":"follow","max-snippet":"max-snippet:-1","max-image-preview":"max-image-preview:large","max-video-preview":"max-video-preview:-1"},"canonical":"https:\/\/www.yachtingnews.com\/pt-br\/sasga-yachts-palma\/","og_locale":"pt_BR","og_type":"article","og_title":"SASGA Yachts no Palma International Boat Show 2026 - Yachting News","og_description":"De 29 de abril a 2 de maio, a SASGA Yachts confirma sua presen\u00e7a no 2026 Palma International Boat Show com a linha Menorqu\u00edn.","og_url":"https:\/\/www.yachtingnews.com\/pt-br\/sasga-yachts-palma\/","og_site_name":"Yachting News","article_publisher":"https:\/\/www.facebook.com\/TheInternationalYachtingMedia","article_published_time":"2026-04-28T01:00:00+00:00","article_modified_time":"2026-04-28T01:00:51+00:00","og_image":[{"width":1400,"height":787,"url":"https:\/\/www.yachtingnews.com\/wp-content\/uploads\/2026\/04\/SASGA-Yachts-palma-de-en.jpg","type":"image\/jpeg"}],"author":"Alessandro Giuzio","twitter_card":"summary_large_image","twitter_creator":"@YachtingMedia","twitter_site":"@YachtingMedia","twitter_misc":{"Escrito por":"Alessandro Giuzio","Est. tempo de leitura":"4 minutos"},"schema":{"@context":"https:\/\/schema.org","@graph":[{"@type":"Article","@id":"https:\/\/www.yachtingnews.com\/pt-br\/sasga-yachts-palma\/#article","isPartOf":{"@id":"https:\/\/www.yachtingnews.com\/pt-br\/sasga-yachts-palma\/"},"author":{"name":"Alessandro Giuzio","@id":"https:\/\/www.yachtingnews.com\/pt-br\/#\/schema\/person\/d2e99eb1c7ce9e28a78d15e3d5d68eb3"},"headline":"SASGA Yachts \u00e9 o centro das aten\u00e7\u00f5es no Palma International Boat Show 2026 com a linha Menorqu\u00edn e a estreia do Club Menorqu\u00edn Lounge","datePublished":"2026-04-28T01:00:00+00:00","dateModified":"2026-04-28T01:00:51+00:00","mainEntityOfPage":{"@id":"https:\/\/www.yachtingnews.com\/pt-br\/sasga-yachts-palma\/"},"wordCount":878,"commentCount":0,"publisher":{"@id":"https:\/\/www.yachtingnews.com\/pt-br\/#organization"},"image":{"@id":"https:\/\/www.yachtingnews.com\/pt-br\/sasga-yachts-palma\/#primaryimage"},"thumbnailUrl":"https:\/\/www.yachtingnews.com\/wp-content\/uploads\/2026\/04\/SASGA-Yachts-palma-de-en.jpg","keywords":["Sasga Yachts"],"articleSection":["BARCOS A MOTOR","Not\u00edcias"],"inLanguage":"pt-BR","potentialAction":[{"@type":"CommentAction","name":"Comment","target":["https:\/\/www.yachtingnews.com\/pt-br\/sasga-yachts-palma\/#respond"]}]},{"@type":"WebPage","@id":"https:\/\/www.yachtingnews.com\/pt-br\/sasga-yachts-palma\/","url":"https:\/\/www.yachtingnews.com\/pt-br\/sasga-yachts-palma\/","name":"SASGA Yachts no Palma International Boat Show 2026 - Yachting News","isPartOf":{"@id":"https:\/\/www.yachtingnews.com\/pt-br\/#website"},"primaryImageOfPage":{"@id":"https:\/\/www.yachtingnews.com\/pt-br\/sasga-yachts-palma\/#primaryimage"},"image":{"@id":"https:\/\/www.yachtingnews.com\/pt-br\/sasga-yachts-palma\/#primaryimage"},"thumbnailUrl":"https:\/\/www.yachtingnews.com\/wp-content\/uploads\/2026\/04\/SASGA-Yachts-palma-de-en.jpg","datePublished":"2026-04-28T01:00:00+00:00","dateModified":"2026-04-28T01:00:51+00:00","description":"De 29 de abril a 2 de maio, a SASGA Yachts confirma sua presen\u00e7a no 2026 Palma International Boat Show com a linha Menorqu\u00edn.","breadcrumb":{"@id":"https:\/\/www.yachtingnews.com\/pt-br\/sasga-yachts-palma\/#breadcrumb"},"inLanguage":"pt-BR","potentialAction":[{"@type":"ReadAction","target":["https:\/\/www.yachtingnews.com\/pt-br\/sasga-yachts-palma\/"]}]},{"@type":"ImageObject","inLanguage":"pt-BR","@id":"https:\/\/www.yachtingnews.com\/pt-br\/sasga-yachts-palma\/#primaryimage","url":"https:\/\/www.yachtingnews.com\/wp-content\/uploads\/2026\/04\/SASGA-Yachts-palma-de-en.jpg","contentUrl":"https:\/\/www.yachtingnews.com\/wp-content\/uploads\/2026\/04\/SASGA-Yachts-palma-de-en.jpg","width":1400,"height":787,"caption":"SASGA Yachts"},{"@type":"BreadcrumbList","@id":"https:\/\/www.yachtingnews.com\/pt-br\/sasga-yachts-palma\/#breadcrumb","itemListElement":[{"@type":"ListItem","position":1,"name":"Home","item":"https:\/\/www.yachtingnews.com\/pt-br\/yachting-news-2\/"},{"@type":"ListItem","position":2,"name":"SASGA Yachts \u00e9 o centro das aten\u00e7\u00f5es no Palma International Boat Show 2026 com a linha Menorqu\u00edn e a estreia do Club Menorqu\u00edn Lounge"}]},{"@type":"WebSite","@id":"https:\/\/www.yachtingnews.com\/pt-br\/#website","url":"https:\/\/www.yachtingnews.com\/pt-br\/","name":"Yachting News","description":"The International Yachting Media","publisher":{"@id":"https:\/\/www.yachtingnews.com\/pt-br\/#organization"},"potentialAction":[{"@type":"SearchAction","target":{"@type":"EntryPoint","urlTemplate":"https:\/\/www.yachtingnews.com\/pt-br\/?s={search_term_string}"},"query-input":{"@type":"PropertyValueSpecification","valueRequired":true,"valueName":"search_term_string"}}],"inLanguage":"pt-BR"},{"@type":"Organization","@id":"https:\/\/www.yachtingnews.com\/pt-br\/#organization","name":"Yachting News","url":"https:\/\/www.yachtingnews.com\/pt-br\/","logo":{"@type":"ImageObject","inLanguage":"pt-BR","@id":"https:\/\/www.yachtingnews.com\/pt-br\/#\/schema\/logo\/image\/","url":"https:\/\/www.yachtingnews.com\/wp-content\/uploads\/2023\/02\/LOGO-Yachting-NEWS-blu-800.png","contentUrl":"https:\/\/www.yachtingnews.com\/wp-content\/uploads\/2023\/02\/LOGO-Yachting-NEWS-blu-800.png","width":790,"height":99,"caption":"Yachting News"},"image":{"@id":"https:\/\/www.yachtingnews.com\/pt-br\/#\/schema\/logo\/image\/"},"sameAs":["https:\/\/www.facebook.com\/TheInternationalYachtingMedia","https:\/\/x.com\/YachtingMedia","https:\/\/www.instagram.com\/yachting.news\/","https:\/\/www.linkedin.com\/company\/the-international-yachting-media","https:\/\/www.youtube.com\/c\/TheInternationalYachtingMedia"]},{"@type":"Person","@id":"https:\/\/www.yachtingnews.com\/pt-br\/#\/schema\/person\/d2e99eb1c7ce9e28a78d15e3d5d68eb3","name":"Alessandro Giuzio","image":{"@type":"ImageObject","inLanguage":"pt-BR","@id":"https:\/\/www.yachtingnews.com\/wp-content\/litespeed\/avatar\/a99e5f8da4fc551fb53eb9f1fec61fb4.jpg?ver=1788189881","url":"https:\/\/www.yachtingnews.com\/wp-content\/litespeed\/avatar\/a99e5f8da4fc551fb53eb9f1fec61fb4.jpg?ver=1788189881","contentUrl":"https:\/\/www.yachtingnews.com\/wp-content\/litespeed\/avatar\/a99e5f8da4fc551fb53eb9f1fec61fb4.jpg?ver=1788189881","caption":"Alessandro Giuzio"},"description":"Alessandro is a professional journalist and contributes to The International Yachting Media since 2022. He is an expert on the sea and of course on boats.","url":"https:\/\/www.yachtingnews.com\/pt-br\/author\/alexgiuzio\/"}]}},"_links":{"self":[{"href":"https:\/\/www.yachtingnews.com\/pt-br\/wp-json\/wp\/v2\/posts\/168436","targetHints":{"allow":["GET"]}}],"collection":[{"href":"https:\/\/www.yachtingnews.com\/pt-br\/wp-json\/wp\/v2\/posts"}],"about":[{"href":"https:\/\/www.yachtingnews.com\/pt-br\/wp-json\/wp\/v2\/types\/post"}],"author":[{"embeddable":true,"href":"https:\/\/www.yachtingnews.com\/pt-br\/wp-json\/wp\/v2\/users\/45"}],"replies":[{"embeddable":true,"href":"https:\/\/www.yachtingnews.com\/pt-br\/wp-json\/wp\/v2\/comments?post=168436"}],"version-history":[{"count":0,"href":"https:\/\/www.yachtingnews.com\/pt-br\/wp-json\/wp\/v2\/posts\/168436\/revisions"}],"wp:featuredmedia":[{"embeddable":true,"href":"https:\/\/www.yachtingnews.com\/pt-br\/wp-json\/wp\/v2\/media\/168438"}],"wp:attachment":[{"href":"https:\/\/www.yachtingnews.com\/pt-br\/wp-json\/wp\/v2\/media?parent=168436"}],"wp:term":[{"taxonomy":"category","embeddable":true,"href":"https:\/\/www.yachtingnews.com\/pt-br\/wp-json\/wp\/v2\/categories?post=168436"},{"taxonomy":"post_tag","embeddable":true,"href":"https:\/\/www.yachtingnews.com\/pt-br\/wp-json\/wp\/v2\/tags?post=168436"}],"curies":[{"name":"wp","href":"https:\/\/api.w.org\/{rel}","templated":true}]}}