{"id":170769,"date":"2026-07-19T19:38:34","date_gmt":"2026-07-19T18:38:34","guid":{"rendered":"https:\/\/yachtingnews.com\/piero-formenti-industria-maritima-emissoes\/"},"modified":"2026-07-19T19:39:11","modified_gmt":"2026-07-19T18:39:11","slug":"piero-formenti-industria-maritima-emissoes","status":"publish","type":"post","link":"https:\/\/www.yachtingnews.com\/pt-br\/piero-formenti-industria-maritima-emissoes\/","title":{"rendered":"Piero Formenti: o setor naval \u00e9 respons\u00e1vel por apenas 0,01% das emiss\u00f5es e gera n\u00fameros recordes de empregos e valor"},"content":{"rendered":"\t\t<div data-elementor-type=\"wp-post\" data-elementor-id=\"170769\" class=\"elementor elementor-170769 elementor-170754\" data-elementor-post-type=\"post\">\n\t\t\t\t\t\t<section class=\"elementor-section elementor-top-section elementor-element elementor-element-38fdf15 elementor-section-boxed elementor-section-height-default elementor-section-height-default\" data-id=\"38fdf15\" data-element_type=\"section\" data-e-type=\"section\">\n\t\t\t\t\t\t<div class=\"elementor-container elementor-column-gap-default\">\n\t\t\t\t\t<div class=\"elementor-column elementor-col-100 elementor-top-column elementor-element elementor-element-901b2ac\" data-id=\"901b2ac\" data-element_type=\"column\" data-e-type=\"column\">\n\t\t\t<div class=\"elementor-widget-wrap elementor-element-populated\">\n\t\t\t\t\t\t<div class=\"elementor-element elementor-element-ccee21b elementor-widget elementor-widget-text-editor\" data-id=\"ccee21b\" data-element_type=\"widget\" data-e-type=\"widget\" data-widget_type=\"text-editor.default\">\n\t\t\t\t<div class=\"elementor-widget-container\">\n\t\t\t\t\t\t\t\t\t<p style=\"text-align: center;\"><strong>Piero Formenti, presidente da Confindustria Nautica, no Primocanale: Das emiss\u00f5es globais REAIS (0,01%) a n\u00fameros recordes de emprego e exporta\u00e7\u00f5es.<\/strong><\/p><p style=\"text-align: center;\"><strong>\u201cA transi\u00e7\u00e3o ecol\u00f3gica precisa ser pragm\u00e1tica; focar s\u00f3 nos ve\u00edculos el\u00e9tricos \u00e9 um erro.\u201d<\/strong><\/p><p>A ind\u00fastria n\u00e1utica italiana costuma ser v\u00edtima de narrativas distorcidas, vistas mais pela lente da ideologia do que pela objetividade cient\u00edfica e econ\u00f4mica. Quem entrou na conversa para esclarecer as coisas foi <b>o Piero Formenti, presidente da Confindustria Nautica<\/b>, durante uma entrevista ao Primocanale. O Formenti apresentou um panorama baseado em dados ineg\u00e1veis, desmentindo mitos falsos sobre a polui\u00e7\u00e3o causada pelo setor e destacando a import\u00e2ncia da navega\u00e7\u00e3o para a economia, o emprego e as exporta\u00e7\u00f5es do \u201cMade in Italy\u201d.  <\/p><h2>Piero Formenti, a ind\u00fastria naval e a sustentabilidade: dados reais x preconceitos \u2014 o impacto ambiental \u00e9 de apenas 0,01%<\/h2><p>O ponto de partida da an\u00e1lise de Piero Formenti \u00e9 o impacto real do setor sobre o meio ambiente. De acordo com dados da IMO (Organiza\u00e7\u00e3o Mar\u00edtima Internacional), as emiss\u00f5es globais geradas pela ind\u00fastria da navega\u00e7\u00e3o de lazer representam apenas <b>0,01%<\/b> do total. <\/p><p>Apesar desse impacto quase impercept\u00edvel, o setor \u00e9 frequentemente alvo de cr\u00edticas e regulamenta\u00e7\u00f5es rigorosas, como o <b>ETS<\/b> europeu <b>(Sistema de Com\u00e9rcio de Emiss\u00f5es)<\/b>. Esse sistema est\u00e1 afetando negativamente a ind\u00fastria, for\u00e7ando a <b>EBI (Ind\u00fastria N\u00e1utica Europeia)<\/b> a se envolver ativamente com a Comiss\u00e3o Europeia e o Parlamento Europeu. A tend\u00eancia de querer \u201ctributar os ricos\u201d ao visar os donos de superiates corre o risco de penalizar toda uma cadeia de produ\u00e7\u00e3o, acabando por afetar as classes trabalhadoras mais vulner\u00e1veis, que dependem desse setor para seu sustento.  <\/p><h2>Lideran\u00e7a econ\u00f4mica e o boom das exporta\u00e7\u00f5es<\/h2><p>Os n\u00fameros da ind\u00fastria naval italiana mostram um setor em forte e constante crescimento. Em 2022, o setor gerou um faturamento de <b>8,6 bilh\u00f5es de euros<\/b>, produzindo um valor agregado impressionante de 13 bilh\u00f5es de euros. <\/p><p>A It\u00e1lia confirma seu status de superpot\u00eancia mar\u00edtima global gra\u00e7as a um forte impulso em dire\u00e7\u00e3o \u00e0 internacionaliza\u00e7\u00e3o:<\/p><ul><li aria-level=\"1\">Cerca de <b>90% da <\/b>produ\u00e7\u00e3o nacional \u00e9 destinada aos mercados externos.<\/li><\/ul><ul><li aria-level=\"1\">O principal mercado-alvo das exporta\u00e7\u00f5es italianas s\u00e3o os Estados Unidos.<\/li><\/ul><ul><li aria-level=\"1\">A It\u00e1lia det\u00e9m a lideran\u00e7a mundial absoluta na <b>constru\u00e7\u00e3o de superiates <\/b>, com 568 unidades em constru\u00e7\u00e3o, das 1.093 encomendadas em todo o mundo.<\/li><\/ul><ul><li aria-level=\"1\">Nosso pa\u00eds tamb\u00e9m \u00e9 l\u00edder mundial na produ\u00e7\u00e3o de <a href=\"https:\/\/yachtingnews.com\/pt-br\/maxi-ribs-e-cruzeiros-abertos-de-luxo\/\">barcos infl\u00e1veis r\u00edgidos ( <\/a>RIBs) e serve de refer\u00eancia internacional para componentes e acess\u00f3rios.<\/li><\/ul><h2>Piero Formenti: Recorde de empregos, o verdadeiro motor social da navega\u00e7\u00e3o de recreio<\/h2><p>A import\u00e2ncia da ind\u00fastria naval italiana n\u00e3o se mede s\u00f3 pelo faturamento, mas, acima de tudo, pela sua incr\u00edvel capacidade de gerar empregos. Atualmente, o setor emprega <b>168 mil pessoas<\/b>. <\/p><p>O n\u00famero mais surpreendente, no entanto, \u00e9 o <b>multiplicador de empregos de 7,2<\/b>. Isso significa que, para cada pessoa contratada diretamente na ind\u00fastria naval italiana, s\u00e3o gerados 7,2 empregos na cadeia de suprimentos direta e indireta. Esse \u00e9, de longe, o maior multiplicador da It\u00e1lia, tr\u00eas vezes maior do que o de qualquer outro setor de produ\u00e7\u00e3o do pa\u00eds.  <\/p><p>Diante desses n\u00fameros, Formenti fez um forte alerta \u00e0s institui\u00e7\u00f5es: atacar empresas lucrativas significa destruir valor e empregos. O presidente lembrou o erro cometido no passado pelo governo Monti, cujas pol\u00edticas tribut\u00e1rias punitivas para o setor (\u201cque n\u00e3o acertaram o alvo\u201d) causaram a perda de <b>40 mil empregos<\/b>, acabando por prejudicar os trabalhadores em vez do grande capital. <\/p>\t\t\t\t\t\t\t\t<\/div>\n\t\t\t\t<\/div>\n\t\t\t\t<div class=\"elementor-element elementor-element-592bed5 elementor-widget elementor-widget-video\" data-id=\"592bed5\" data-element_type=\"widget\" data-e-type=\"widget\" data-settings=\"{&quot;youtube_url&quot;:&quot;https:\\\/\\\/youtu.be\\\/Q_El4hfPUPA?si=lcqBOSGTjMaIGAbu&quot;,&quot;video_type&quot;:&quot;youtube&quot;,&quot;controls&quot;:&quot;yes&quot;}\" data-widget_type=\"video.default\">\n\t\t\t\t<div class=\"elementor-widget-container\">\n\t\t\t\t\t\t\t<div class=\"elementor-wrapper elementor-open-inline\">\n\t\t\t<div class=\"elementor-video\"><\/div>\t\t<\/div>\n\t\t\t\t\t\t<\/div>\n\t\t\t\t<\/div>\n\t\t\t\t<div class=\"elementor-element elementor-element-50cd386 elementor-widget elementor-widget-text-editor\" data-id=\"50cd386\" data-element_type=\"widget\" data-e-type=\"widget\" data-widget_type=\"text-editor.default\">\n\t\t\t\t<div class=\"elementor-widget-container\">\n\t\t\t\t\t\t\t\t\t<h2>Sustentabilidade pragm\u00e1tica: indo al\u00e9m da ilus\u00e3o do \u201csomente el\u00e9trico\u201d<\/h2><p>A ind\u00fastria naval n\u00e3o usa o n\u00famero de 0,01% como desculpa; pelo contr\u00e1rio, h\u00e1 anos vem se empenhando em desenvolver solu\u00e7\u00f5es sustent\u00e1veis. As empresas est\u00e3o se concentrando em: <\/p><ul><li aria-level=\"1\"><strong>Novos processos de produ\u00e7\u00e3o<\/strong>: A ado\u00e7\u00e3o de processos como a infus\u00e3o e\/ou o RTM leve (um processo de moldagem por transfer\u00eancia de resina assistido a v\u00e1cuo que reduz a quantidade de resina utilizada) permite diminuir as emiss\u00f5es atmosf\u00e9ricas durante a fabrica\u00e7\u00e3o.<\/li><\/ul><ul><li aria-level=\"1\"><strong>Efici\u00eancia e redu\u00e7\u00e3o de peso<\/strong>: a constru\u00e7\u00e3o de cascos mais leves permite reduzir o consumo de combust\u00edvel em 20 a 30%.<\/li><\/ul><ul><li aria-level=\"1\"><strong>Motores de \u00faltima gera\u00e7\u00e3o e uma combina\u00e7\u00e3o de fontes de energia<\/strong>: est\u00e3o sendo feitos grandes investimentos em ve\u00edculos h\u00edbridos e a hidrog\u00eanio, e as c\u00e9lulas de combust\u00edvel est\u00e3o ficando bem mais seguras.<\/li><\/ul><p>Piero Formenti criticou duramente a abordagem europeia que visa<b> exclusivamente a energia el\u00e9trica<\/b>, chamando-a de um grave erro que j\u00e1 prejudicou a ind\u00fastria automotiva europeia em benef\u00edcio da China. Al\u00e9m disso, surge uma quest\u00e3o fundamental de seguran\u00e7a na navega\u00e7\u00e3o: se um carro el\u00e9trico parar por causa de uma bateria descarregada, d\u00e1 pra encostar; se um barco parar em mar aberto, ele fica \u00e0 deriva, e a avaria se torna um grande <b>risco \u00e0 seguran\u00e7a<\/b>. Por isso, a transi\u00e7\u00e3o precisa ser tecnologicamente neutra e abranger todas as fontes renov\u00e1veis.  <\/p><h2>Piero Formenti: Os desafios da log\u00edstica<\/h2><p>Por fim, Formenti destacou a vulnerabilidade do setor \u00e0s din\u00e2micas geopol\u00edticas e log\u00edsticas. Crises internacionais (como a do Estreito de Ormuz) geram aumentos imediatos nos custos das mat\u00e9rias-primas. Essas mat\u00e9rias-primas chegam principalmente por caminh\u00e3o ou por mar, em navios porta-cont\u00eaineres (que, ali\u00e1s, s\u00e3o a solu\u00e7\u00e3o mais econ\u00f4mica e com menor impacto ambiental). Os aumentos nos custos log\u00edsticos, incluindo aqueles gerados pela diretiva ETS sobre navios de carga, acabam inevitavelmente sendo repassados para o usu\u00e1rio final; uma queda nas vendas, por sua vez, traria s\u00e9rios riscos para os trabalhadores do setor.   <\/p><h2>FAQ \u2013 Perguntas frequentes sobre o setor n\u00e1utico e a sustentabilidade<\/h2>\t\t\t\t\t\t\t\t<\/div>\n\t\t\t\t<\/div>\n\t\t\t\t<div class=\"elementor-element elementor-element-33f7691 elementor-grid-1 elementor-grid-tablet-2 elementor-grid-mobile-1 elementor-widget elementor-widget-uael-faq\" data-id=\"33f7691\" data-element_type=\"widget\" data-e-type=\"widget\" data-widget_type=\"uael-faq.default\">\n\t\t\t\t<div class=\"elementor-widget-container\">\n\t\t\t\t\t\n\t\t\t<div id='uael-faq-wrapper-544' class=\"uael-faq-wrapper\">\n\t\t\t\t<div class=\"uael-faq-container uael-faq-layout-grid elementor-grid\" >\n\t\t\t\t\t\t\t\t\t\t\t\t<div id=\"uael-accordion-a1cdd8e\" class=\"uael-faq-accordion elementor-grid-item\" role=\"tablist\">\n\t\t\t\t\t\t\t\t<div class= \"uael-accordion-title\" aria-expanded=\"false\" role=\"tab\">\n\t\t\t\t\t\t\t\t\t<span class=\"uael-accordion-icon uael-accordion-icon-\">\n\t\t\t\t\t\t\t\t\t\t<span class=\"uael-accordion-icon-closed\"><\/span>\n\t\t\t\t\t\t\t\t\t\t<span class=\"uael-accordion-icon-opened\"><\/span>\n\t\t\t\t\t\t\t\t\t<\/span>\n\t\t\t\t\t\t\t\t\t<h3 class=\"uael-question-a1cdd8e uael-question-span\" tabindex=\"0\" id=\"uael-faq-1-6a9b0603be956\">Quanto a ind\u00fastria naval mundial polui?<\/h3>\n\t\t\t\t\t\t\t\t<\/div>\n\t\t\t\t\t\t\t\t<div class=\"uael-accordion-content\" role=\"tabpanel\">\n\t\t\t\t\t\t\t\t\t<span>\n\t\t\t\t\t\t\t\t\t<span><p>De acordo com dados da IMO citados pela Confindustria Nautica, todo o setor global de navega\u00e7\u00e3o de lazer \u00e9 respons\u00e1vel por apenas 0,01% das emiss\u00f5es globais de gases de efeito estufa.<\/p><\/span>\t\t\t\t\t\t\t\t\t<\/span>\n\t\t\t\t\t\t\t\t<\/div>\n\t\t\t\t\t\t\t<\/div>\n\t\t\t\t\t\t\t\t\t\t\t\t\t\t<div id=\"uael-accordion-dc01bef\" class=\"uael-faq-accordion elementor-grid-item\" role=\"tablist\">\n\t\t\t\t\t\t\t\t<div class= \"uael-accordion-title\" aria-expanded=\"false\" role=\"tab\">\n\t\t\t\t\t\t\t\t\t<span class=\"uael-accordion-icon uael-accordion-icon-\">\n\t\t\t\t\t\t\t\t\t\t<span class=\"uael-accordion-icon-closed\"><\/span>\n\t\t\t\t\t\t\t\t\t\t<span class=\"uael-accordion-icon-opened\"><\/span>\n\t\t\t\t\t\t\t\t\t<\/span>\n\t\t\t\t\t\t\t\t\t<h3 class=\"uael-question-dc01bef uael-question-span\" tabindex=\"0\" id=\"uael-faq-2-6a9b0603be96f\">Qual \u00e9 o impacto da navega\u00e7\u00e3o no emprego na It\u00e1lia?<\/h3>\n\t\t\t\t\t\t\t\t<\/div>\n\t\t\t\t\t\t\t\t<div class=\"uael-accordion-content\" role=\"tabpanel\">\n\t\t\t\t\t\t\t\t\t<span>\n\t\t\t\t\t\t\t\t\t<span><p>O setor emprega 168 mil pessoas e apresenta um multiplicador de empregos de 7,2: cada nova contrata\u00e7\u00e3o gera mais de 7 empregos na cadeia de suprimentos, o maior \u00edndice da It\u00e1lia.<\/p><\/span>\t\t\t\t\t\t\t\t\t<\/span>\n\t\t\t\t\t\t\t\t<\/div>\n\t\t\t\t\t\t\t<\/div>\n\t\t\t\t\t\t\t\t\t\t\t\t\t\t<div id=\"uael-accordion-8685cf6\" class=\"uael-faq-accordion elementor-grid-item\" role=\"tablist\">\n\t\t\t\t\t\t\t\t<div class= \"uael-accordion-title\" aria-expanded=\"false\" role=\"tab\">\n\t\t\t\t\t\t\t\t\t<span class=\"uael-accordion-icon uael-accordion-icon-\">\n\t\t\t\t\t\t\t\t\t\t<span class=\"uael-accordion-icon-closed\"><\/span>\n\t\t\t\t\t\t\t\t\t\t<span class=\"uael-accordion-icon-opened\"><\/span>\n\t\t\t\t\t\t\t\t\t<\/span>\n\t\t\t\t\t\t\t\t\t<h3 class=\"uael-question-8685cf6 uael-question-span\" tabindex=\"0\" id=\"uael-faq-3-6a9b0603be97e\">Quais s\u00e3o os n\u00fameros da ind\u00fastria naval italiana no mundo todo?<\/h3>\n\t\t\t\t\t\t\t\t<\/div>\n\t\t\t\t\t\t\t\t<div class=\"uael-accordion-content\" role=\"tabpanel\">\n\t\t\t\t\t\t\t\t\t<span>\n\t\t\t\t\t\t\t\t\t<span><p>Em 2022, a It\u00e1lia faturou 8,8 bilh\u00f5es de euros e exportou 90% da sua produ\u00e7\u00e3o (4,4 bilh\u00f5es de euros em exporta\u00e7\u00f5es em 2022). O pa\u00eds tamb\u00e9m \u00e9 o l\u00edder mundial absoluto no setor de superiates, construindo 568 unidades das 1.093 encomendas globais. <\/p><\/span>\t\t\t\t\t\t\t\t\t<\/span>\n\t\t\t\t\t\t\t\t<\/div>\n\t\t\t\t\t\t\t<\/div>\n\t\t\t\t\t\t\t\t\t\t\t\t\t\t<div id=\"uael-accordion-4ebbad7\" class=\"uael-faq-accordion elementor-grid-item\" role=\"tablist\">\n\t\t\t\t\t\t\t\t<div class= \"uael-accordion-title\" aria-expanded=\"false\" role=\"tab\">\n\t\t\t\t\t\t\t\t\t<span class=\"uael-accordion-icon uael-accordion-icon-\">\n\t\t\t\t\t\t\t\t\t\t<span class=\"uael-accordion-icon-closed\"><\/span>\n\t\t\t\t\t\t\t\t\t\t<span class=\"uael-accordion-icon-opened\"><\/span>\n\t\t\t\t\t\t\t\t\t<\/span>\n\t\t\t\t\t\t\t\t\t<h3 class=\"uael-question-4ebbad7 uael-question-span\" tabindex=\"0\" id=\"uael-faq-4-6a9b0603be98b\">Quem \u00e9 o Piero Formenti?<\/h3>\n\t\t\t\t\t\t\t\t<\/div>\n\t\t\t\t\t\t\t\t<div class=\"uael-accordion-content\" role=\"tabpanel\">\n\t\t\t\t\t\t\t\t\t<span>\n\t\t\t\t\t\t\t\t\t<span><p>Piero Formenti \u00e9 o presidente da Confindustria Nautica, a associa\u00e7\u00e3o sem fins lucrativos que, desde 1967, representa as ind\u00fastrias e empresas do setor n\u00e1utico de lazer, trabalhando pelo desenvolvimento do setor mar\u00edtimo, promovendo a cultura mar\u00edtima e incentivando o crescimento do turismo n\u00e1utico na It\u00e1lia.<\/p><\/span>\t\t\t\t\t\t\t\t\t<\/span>\n\t\t\t\t\t\t\t\t<\/div>\n\t\t\t\t\t\t\t<\/div>\n\t\t\t\t\t\t\t\t\t\t\t<\/div>\n\t\t\t<\/div>\n\t\t\t\t\t\t\t<\/div>\n\t\t\t\t<\/div>\n\t\t\t\t<div class=\"elementor-element elementor-element-23c7416 elementor-widget elementor-widget-text-editor\" data-id=\"23c7416\" data-element_type=\"widget\" data-e-type=\"widget\" data-widget_type=\"text-editor.default\">\n\t\t\t\t<div class=\"elementor-widget-container\">\n\t\t\t\t\t\t\t\t\t<h3>Fontes e recursos<\/h3><table dir=\"ltr\" border=\"1\" cellspacing=\"0\" cellpadding=\"0\" data-sheets-root=\"1\" data-sheets-baot=\"1\"><colgroup><col width=\"100\"><col width=\"100\"><\/colgroup><tbody><tr><td><strong>Fonte<\/strong><\/td><td><strong>Descri\u00e7\u00e3o<\/strong><\/td><\/tr><tr><td><a href=\"https:\/\/confindustrianautica.net\/presidenza\/\">Piero Formenti, presidente da Confindustria Nautica Italiana<\/a><\/td><td><div><div>Declara\u00e7\u00f5es feitas durante sua participa\u00e7\u00e3o<\/div><\/div><\/td><\/tr><tr><td><a href=\"https:\/\/www.primocanale.it\/\">Primocanale<\/a><\/td><td><div><div>Ve\u00edculo de not\u00edcias da Lig\u00faria<\/div><\/div><\/td><\/tr><tr><td><a href=\"http:\/\/youtube.com\/watch?si=Mxris5vtpRrrF23V&#038;v=Q_El4hfPUPA&#038;feature=youtu.be\">Canal do Primocanale no YouTube<\/a><\/td><td><div><div>Declara\u00e7\u00f5es de Piero Formenti<\/div><\/div><\/td><\/tr><tr><td><a href=\"http:\/\/lucadambrosio.it\/journalist\/\">Luca D&#8217;Ambrosio<\/a><\/td><td><div><div>Jornalista e editor deste artigo<\/div><\/div><\/td><\/tr><\/tbody><\/table>\t\t\t\t\t\t\t\t<\/div>\n\t\t\t\t<\/div>\n\t\t\t\t\t<\/div>\n\t\t<\/div>\n\t\t\t\t\t<\/div>\n\t\t<\/section>\n\t\t\t\t<\/div>\n\t\t","protected":false},"excerpt":{"rendered":"<p>Piero Formenti, presidente da Confindustria Nautica, no Primocanale: Das emiss\u00f5es globais REAIS (0,01%) a n\u00fameros recordes de emprego e exporta\u00e7\u00f5es. \u201cA transi\u00e7\u00e3o ecol\u00f3gica precisa ser pragm\u00e1tica; focar s\u00f3 nos ve\u00edculos el\u00e9tricos \u00e9 um erro.\u201d A ind\u00fastria n\u00e1utica italiana costuma ser v\u00edtima de narrativas distorcidas, vistas mais pela lente da ideologia do que pela objetividade cient\u00edfica [&hellip;]<\/p>\n","protected":false},"author":10,"featured_media":170770,"comment_status":"open","ping_status":"closed","sticky":false,"template":"","format":"standard","meta":{"_mo_disable_npp":"","footnotes":""},"categories":[1818,1653],"tags":[3278],"class_list":["post-170769","post","type-post","status-publish","format-standard","has-post-thumbnail","hentry","category-editorial-pt-br","category-news-pt-br","tag-piero-formenti-pt-br"],"yoast_head":"<!-- This site is optimized with the Yoast SEO plugin v28.4 - https:\/\/yoast.com\/product\/yoast-seo-wordpress\/ -->\n<title>Piero Formenti: A navega\u00e7\u00e3o representa apenas 0,01% das emiss\u00f5es- Yachting News<\/title>\n<meta name=\"description\" content=\"Piero Formenti, presidente da Associa\u00e7\u00e3o Italiana da Ind\u00fastria Naval: das emiss\u00f5es globais reais (0,01%) a n\u00fameros recordes de emprego e exporta\u00e7\u00f5es.\" \/>\n<meta name=\"robots\" content=\"index, follow, max-snippet:-1, max-image-preview:large, max-video-preview:-1\" \/>\n<link rel=\"canonical\" href=\"https:\/\/www.yachtingnews.com\/pt-br\/piero-formenti-industria-maritima-emissoes\/\" \/>\n<meta property=\"og:locale\" content=\"pt_BR\" \/>\n<meta property=\"og:type\" content=\"article\" \/>\n<meta property=\"og:title\" content=\"Piero Formenti: A navega\u00e7\u00e3o representa apenas 0,01% das emiss\u00f5es- Yachting News\" \/>\n<meta property=\"og:description\" content=\"Piero Formenti, presidente da Associa\u00e7\u00e3o Italiana da Ind\u00fastria Naval: das emiss\u00f5es globais reais (0,01%) a n\u00fameros recordes de emprego e exporta\u00e7\u00f5es.\" \/>\n<meta property=\"og:url\" content=\"https:\/\/www.yachtingnews.com\/pt-br\/piero-formenti-industria-maritima-emissoes\/\" \/>\n<meta property=\"og:site_name\" content=\"Yachting News\" \/>\n<meta property=\"article:publisher\" content=\"https:\/\/www.facebook.com\/TheInternationalYachtingMedia\" \/>\n<meta property=\"article:published_time\" content=\"2026-07-19T18:38:34+00:00\" \/>\n<meta property=\"article:modified_time\" content=\"2026-07-19T18:39:11+00:00\" \/>\n<meta property=\"og:image\" content=\"https:\/\/www.yachtingnews.com\/wp-content\/uploads\/2026\/07\/Piero-Formenti-Presidente-di-Confindustria-Nautica-Italiana-a-Primocanale.jpeg\" \/>\n\t<meta property=\"og:image:width\" content=\"1600\" \/>\n\t<meta property=\"og:image:height\" content=\"900\" \/>\n\t<meta property=\"og:image:type\" content=\"image\/jpeg\" \/>\n<meta name=\"author\" content=\"Luca D&#039;Ambrosio\" \/>\n<meta name=\"twitter:card\" content=\"summary_large_image\" \/>\n<meta name=\"twitter:creator\" content=\"@YachtingMedia\" \/>\n<meta name=\"twitter:site\" content=\"@YachtingMedia\" \/>\n<meta name=\"twitter:label1\" content=\"Escrito por\" \/>\n\t<meta name=\"twitter:data1\" content=\"Luca D&#039;Ambrosio\" \/>\n\t<meta name=\"twitter:label2\" content=\"Est. tempo de leitura\" \/>\n\t<meta name=\"twitter:data2\" content=\"6 minutos\" \/>\n<script type=\"application\/ld+json\" class=\"yoast-schema-graph\">{\"@context\":\"https:\\\/\\\/schema.org\",\"@graph\":[{\"@type\":\"Article\",\"@id\":\"https:\\\/\\\/www.yachtingnews.com\\\/pt-br\\\/piero-formenti-industria-maritima-emissoes\\\/#article\",\"isPartOf\":{\"@id\":\"https:\\\/\\\/www.yachtingnews.com\\\/pt-br\\\/piero-formenti-industria-maritima-emissoes\\\/\"},\"author\":{\"name\":\"Luca D'Ambrosio\",\"@id\":\"https:\\\/\\\/www.yachtingnews.com\\\/pt-br\\\/#\\\/schema\\\/person\\\/f82bb28662e582bd09ecf64c2723e34e\"},\"headline\":\"Piero Formenti: o setor naval \u00e9 respons\u00e1vel por apenas 0,01% das emiss\u00f5es e gera n\u00fameros recordes de empregos e valor\",\"datePublished\":\"2026-07-19T18:38:34+00:00\",\"dateModified\":\"2026-07-19T18:39:11+00:00\",\"mainEntityOfPage\":{\"@id\":\"https:\\\/\\\/www.yachtingnews.com\\\/pt-br\\\/piero-formenti-industria-maritima-emissoes\\\/\"},\"wordCount\":1257,\"commentCount\":0,\"publisher\":{\"@id\":\"https:\\\/\\\/www.yachtingnews.com\\\/pt-br\\\/#organization\"},\"image\":{\"@id\":\"https:\\\/\\\/www.yachtingnews.com\\\/pt-br\\\/piero-formenti-industria-maritima-emissoes\\\/#primaryimage\"},\"thumbnailUrl\":\"https:\\\/\\\/www.yachtingnews.com\\\/wp-content\\\/uploads\\\/2026\\\/07\\\/Piero-Formenti-Presidente-di-Confindustria-Nautica-Italiana-a-Primocanale.jpeg\",\"keywords\":[\"Piero Formenti\"],\"articleSection\":[\"Editorial\",\"Not\u00edcias\"],\"inLanguage\":\"pt-BR\",\"potentialAction\":[{\"@type\":\"CommentAction\",\"name\":\"Comment\",\"target\":[\"https:\\\/\\\/www.yachtingnews.com\\\/pt-br\\\/piero-formenti-industria-maritima-emissoes\\\/#respond\"]}]},{\"@type\":\"WebPage\",\"@id\":\"https:\\\/\\\/www.yachtingnews.com\\\/pt-br\\\/piero-formenti-industria-maritima-emissoes\\\/\",\"url\":\"https:\\\/\\\/www.yachtingnews.com\\\/pt-br\\\/piero-formenti-industria-maritima-emissoes\\\/\",\"name\":\"Piero Formenti: A navega\u00e7\u00e3o representa apenas 0,01% das emiss\u00f5es- Yachting News\",\"isPartOf\":{\"@id\":\"https:\\\/\\\/www.yachtingnews.com\\\/pt-br\\\/#website\"},\"primaryImageOfPage\":{\"@id\":\"https:\\\/\\\/www.yachtingnews.com\\\/pt-br\\\/piero-formenti-industria-maritima-emissoes\\\/#primaryimage\"},\"image\":{\"@id\":\"https:\\\/\\\/www.yachtingnews.com\\\/pt-br\\\/piero-formenti-industria-maritima-emissoes\\\/#primaryimage\"},\"thumbnailUrl\":\"https:\\\/\\\/www.yachtingnews.com\\\/wp-content\\\/uploads\\\/2026\\\/07\\\/Piero-Formenti-Presidente-di-Confindustria-Nautica-Italiana-a-Primocanale.jpeg\",\"datePublished\":\"2026-07-19T18:38:34+00:00\",\"dateModified\":\"2026-07-19T18:39:11+00:00\",\"description\":\"Piero Formenti, presidente da Associa\u00e7\u00e3o Italiana da Ind\u00fastria Naval: das emiss\u00f5es globais reais (0,01%) a n\u00fameros recordes de emprego e exporta\u00e7\u00f5es.\",\"breadcrumb\":{\"@id\":\"https:\\\/\\\/www.yachtingnews.com\\\/pt-br\\\/piero-formenti-industria-maritima-emissoes\\\/#breadcrumb\"},\"inLanguage\":\"pt-BR\",\"potentialAction\":[{\"@type\":\"ReadAction\",\"target\":[\"https:\\\/\\\/www.yachtingnews.com\\\/pt-br\\\/piero-formenti-industria-maritima-emissoes\\\/\"]}]},{\"@type\":\"ImageObject\",\"inLanguage\":\"pt-BR\",\"@id\":\"https:\\\/\\\/www.yachtingnews.com\\\/pt-br\\\/piero-formenti-industria-maritima-emissoes\\\/#primaryimage\",\"url\":\"https:\\\/\\\/www.yachtingnews.com\\\/wp-content\\\/uploads\\\/2026\\\/07\\\/Piero-Formenti-Presidente-di-Confindustria-Nautica-Italiana-a-Primocanale.jpeg\",\"contentUrl\":\"https:\\\/\\\/www.yachtingnews.com\\\/wp-content\\\/uploads\\\/2026\\\/07\\\/Piero-Formenti-Presidente-di-Confindustria-Nautica-Italiana-a-Primocanale.jpeg\",\"width\":1600,\"height\":900,\"caption\":\"Piero Formenti, presidente da Confindustria Nautica Italiana, em entrevista ao Primocanale\"},{\"@type\":\"BreadcrumbList\",\"@id\":\"https:\\\/\\\/www.yachtingnews.com\\\/pt-br\\\/piero-formenti-industria-maritima-emissoes\\\/#breadcrumb\",\"itemListElement\":[{\"@type\":\"ListItem\",\"position\":1,\"name\":\"Home\",\"item\":\"https:\\\/\\\/www.yachtingnews.com\\\/pt-br\\\/yachting-news-2\\\/\"},{\"@type\":\"ListItem\",\"position\":2,\"name\":\"Piero Formenti: o setor naval \u00e9 respons\u00e1vel por apenas 0,01% das emiss\u00f5es e gera n\u00fameros recordes de empregos e valor\"}]},{\"@type\":\"WebSite\",\"@id\":\"https:\\\/\\\/www.yachtingnews.com\\\/pt-br\\\/#website\",\"url\":\"https:\\\/\\\/www.yachtingnews.com\\\/pt-br\\\/\",\"name\":\"Yachting News\",\"description\":\"The International Yachting Media\",\"publisher\":{\"@id\":\"https:\\\/\\\/www.yachtingnews.com\\\/pt-br\\\/#organization\"},\"potentialAction\":[{\"@type\":\"SearchAction\",\"target\":{\"@type\":\"EntryPoint\",\"urlTemplate\":\"https:\\\/\\\/www.yachtingnews.com\\\/pt-br\\\/?s={search_term_string}\"},\"query-input\":{\"@type\":\"PropertyValueSpecification\",\"valueRequired\":true,\"valueName\":\"search_term_string\"}}],\"inLanguage\":\"pt-BR\"},{\"@type\":\"Organization\",\"@id\":\"https:\\\/\\\/www.yachtingnews.com\\\/pt-br\\\/#organization\",\"name\":\"Yachting News\",\"url\":\"https:\\\/\\\/www.yachtingnews.com\\\/pt-br\\\/\",\"logo\":{\"@type\":\"ImageObject\",\"inLanguage\":\"pt-BR\",\"@id\":\"https:\\\/\\\/www.yachtingnews.com\\\/pt-br\\\/#\\\/schema\\\/logo\\\/image\\\/\",\"url\":\"https:\\\/\\\/www.yachtingnews.com\\\/wp-content\\\/uploads\\\/2023\\\/02\\\/LOGO-Yachting-NEWS-blu-800.png\",\"contentUrl\":\"https:\\\/\\\/www.yachtingnews.com\\\/wp-content\\\/uploads\\\/2023\\\/02\\\/LOGO-Yachting-NEWS-blu-800.png\",\"width\":790,\"height\":99,\"caption\":\"Yachting News\"},\"image\":{\"@id\":\"https:\\\/\\\/www.yachtingnews.com\\\/pt-br\\\/#\\\/schema\\\/logo\\\/image\\\/\"},\"sameAs\":[\"https:\\\/\\\/www.facebook.com\\\/TheInternationalYachtingMedia\",\"https:\\\/\\\/x.com\\\/YachtingMedia\",\"https:\\\/\\\/www.instagram.com\\\/yachting.news\\\/\",\"https:\\\/\\\/www.linkedin.com\\\/company\\\/the-international-yachting-media\",\"https:\\\/\\\/www.youtube.com\\\/c\\\/TheInternationalYachtingMedia\"]},{\"@type\":\"Person\",\"@id\":\"https:\\\/\\\/www.yachtingnews.com\\\/pt-br\\\/#\\\/schema\\\/person\\\/f82bb28662e582bd09ecf64c2723e34e\",\"name\":\"Luca D'Ambrosio\",\"image\":{\"@type\":\"ImageObject\",\"inLanguage\":\"pt-BR\",\"@id\":\"https:\\\/\\\/www.yachtingnews.com\\\/wp-content\\\/litespeed\\\/avatar\\\/bba22fc791b72395e4e185526136613b.jpg?ver=1788189994\",\"url\":\"https:\\\/\\\/www.yachtingnews.com\\\/wp-content\\\/litespeed\\\/avatar\\\/bba22fc791b72395e4e185526136613b.jpg?ver=1788189994\",\"contentUrl\":\"https:\\\/\\\/www.yachtingnews.com\\\/wp-content\\\/litespeed\\\/avatar\\\/bba22fc791b72395e4e185526136613b.jpg?ver=1788189994\",\"caption\":\"Luca D'Ambrosio\"},\"description\":\"Editor-in-chief, boat tester and journalist. Luca began sailing at an early age with his father then as an adult discovered sailing regattas and offshore racing. He has been working in publishing for more than 30 years and continues to sail incessantly, especially aboard the editorial staff's boat, an old lady of the seas that he has completely rebuilt and which serves excellently as a \\\"mobile laboratory\\\" for The International Yachting Media.\",\"url\":\"https:\\\/\\\/www.yachtingnews.com\\\/pt-br\\\/author\\\/luca-dambrosio\\\/\"}]}<\/script>\n<!-- \/ Yoast SEO plugin. -->","yoast_head_json":{"title":"Piero Formenti: A navega\u00e7\u00e3o representa apenas 0,01% das emiss\u00f5es- Yachting News","description":"Piero Formenti, presidente da Associa\u00e7\u00e3o Italiana da Ind\u00fastria Naval: das emiss\u00f5es globais reais (0,01%) a n\u00fameros recordes de emprego e exporta\u00e7\u00f5es.","robots":{"index":"index","follow":"follow","max-snippet":"max-snippet:-1","max-image-preview":"max-image-preview:large","max-video-preview":"max-video-preview:-1"},"canonical":"https:\/\/www.yachtingnews.com\/pt-br\/piero-formenti-industria-maritima-emissoes\/","og_locale":"pt_BR","og_type":"article","og_title":"Piero Formenti: A navega\u00e7\u00e3o representa apenas 0,01% das emiss\u00f5es- Yachting News","og_description":"Piero Formenti, presidente da Associa\u00e7\u00e3o Italiana da Ind\u00fastria Naval: das emiss\u00f5es globais reais (0,01%) a n\u00fameros recordes de emprego e exporta\u00e7\u00f5es.","og_url":"https:\/\/www.yachtingnews.com\/pt-br\/piero-formenti-industria-maritima-emissoes\/","og_site_name":"Yachting News","article_publisher":"https:\/\/www.facebook.com\/TheInternationalYachtingMedia","article_published_time":"2026-07-19T18:38:34+00:00","article_modified_time":"2026-07-19T18:39:11+00:00","og_image":[{"width":1600,"height":900,"url":"https:\/\/www.yachtingnews.com\/wp-content\/uploads\/2026\/07\/Piero-Formenti-Presidente-di-Confindustria-Nautica-Italiana-a-Primocanale.jpeg","type":"image\/jpeg"}],"author":"Luca D'Ambrosio","twitter_card":"summary_large_image","twitter_creator":"@YachtingMedia","twitter_site":"@YachtingMedia","twitter_misc":{"Escrito por":"Luca D'Ambrosio","Est. tempo de leitura":"6 minutos"},"schema":{"@context":"https:\/\/schema.org","@graph":[{"@type":"Article","@id":"https:\/\/www.yachtingnews.com\/pt-br\/piero-formenti-industria-maritima-emissoes\/#article","isPartOf":{"@id":"https:\/\/www.yachtingnews.com\/pt-br\/piero-formenti-industria-maritima-emissoes\/"},"author":{"name":"Luca D'Ambrosio","@id":"https:\/\/www.yachtingnews.com\/pt-br\/#\/schema\/person\/f82bb28662e582bd09ecf64c2723e34e"},"headline":"Piero Formenti: o setor naval \u00e9 respons\u00e1vel por apenas 0,01% das emiss\u00f5es e gera n\u00fameros recordes de empregos e valor","datePublished":"2026-07-19T18:38:34+00:00","dateModified":"2026-07-19T18:39:11+00:00","mainEntityOfPage":{"@id":"https:\/\/www.yachtingnews.com\/pt-br\/piero-formenti-industria-maritima-emissoes\/"},"wordCount":1257,"commentCount":0,"publisher":{"@id":"https:\/\/www.yachtingnews.com\/pt-br\/#organization"},"image":{"@id":"https:\/\/www.yachtingnews.com\/pt-br\/piero-formenti-industria-maritima-emissoes\/#primaryimage"},"thumbnailUrl":"https:\/\/www.yachtingnews.com\/wp-content\/uploads\/2026\/07\/Piero-Formenti-Presidente-di-Confindustria-Nautica-Italiana-a-Primocanale.jpeg","keywords":["Piero Formenti"],"articleSection":["Editorial","Not\u00edcias"],"inLanguage":"pt-BR","potentialAction":[{"@type":"CommentAction","name":"Comment","target":["https:\/\/www.yachtingnews.com\/pt-br\/piero-formenti-industria-maritima-emissoes\/#respond"]}]},{"@type":"WebPage","@id":"https:\/\/www.yachtingnews.com\/pt-br\/piero-formenti-industria-maritima-emissoes\/","url":"https:\/\/www.yachtingnews.com\/pt-br\/piero-formenti-industria-maritima-emissoes\/","name":"Piero Formenti: A navega\u00e7\u00e3o representa apenas 0,01% das emiss\u00f5es- Yachting News","isPartOf":{"@id":"https:\/\/www.yachtingnews.com\/pt-br\/#website"},"primaryImageOfPage":{"@id":"https:\/\/www.yachtingnews.com\/pt-br\/piero-formenti-industria-maritima-emissoes\/#primaryimage"},"image":{"@id":"https:\/\/www.yachtingnews.com\/pt-br\/piero-formenti-industria-maritima-emissoes\/#primaryimage"},"thumbnailUrl":"https:\/\/www.yachtingnews.com\/wp-content\/uploads\/2026\/07\/Piero-Formenti-Presidente-di-Confindustria-Nautica-Italiana-a-Primocanale.jpeg","datePublished":"2026-07-19T18:38:34+00:00","dateModified":"2026-07-19T18:39:11+00:00","description":"Piero Formenti, presidente da Associa\u00e7\u00e3o Italiana da Ind\u00fastria Naval: das emiss\u00f5es globais reais (0,01%) a n\u00fameros recordes de emprego e exporta\u00e7\u00f5es.","breadcrumb":{"@id":"https:\/\/www.yachtingnews.com\/pt-br\/piero-formenti-industria-maritima-emissoes\/#breadcrumb"},"inLanguage":"pt-BR","potentialAction":[{"@type":"ReadAction","target":["https:\/\/www.yachtingnews.com\/pt-br\/piero-formenti-industria-maritima-emissoes\/"]}]},{"@type":"ImageObject","inLanguage":"pt-BR","@id":"https:\/\/www.yachtingnews.com\/pt-br\/piero-formenti-industria-maritima-emissoes\/#primaryimage","url":"https:\/\/www.yachtingnews.com\/wp-content\/uploads\/2026\/07\/Piero-Formenti-Presidente-di-Confindustria-Nautica-Italiana-a-Primocanale.jpeg","contentUrl":"https:\/\/www.yachtingnews.com\/wp-content\/uploads\/2026\/07\/Piero-Formenti-Presidente-di-Confindustria-Nautica-Italiana-a-Primocanale.jpeg","width":1600,"height":900,"caption":"Piero Formenti, presidente da Confindustria Nautica Italiana, em entrevista ao Primocanale"},{"@type":"BreadcrumbList","@id":"https:\/\/www.yachtingnews.com\/pt-br\/piero-formenti-industria-maritima-emissoes\/#breadcrumb","itemListElement":[{"@type":"ListItem","position":1,"name":"Home","item":"https:\/\/www.yachtingnews.com\/pt-br\/yachting-news-2\/"},{"@type":"ListItem","position":2,"name":"Piero Formenti: o setor naval \u00e9 respons\u00e1vel por apenas 0,01% das emiss\u00f5es e gera n\u00fameros recordes de empregos e valor"}]},{"@type":"WebSite","@id":"https:\/\/www.yachtingnews.com\/pt-br\/#website","url":"https:\/\/www.yachtingnews.com\/pt-br\/","name":"Yachting News","description":"The International Yachting Media","publisher":{"@id":"https:\/\/www.yachtingnews.com\/pt-br\/#organization"},"potentialAction":[{"@type":"SearchAction","target":{"@type":"EntryPoint","urlTemplate":"https:\/\/www.yachtingnews.com\/pt-br\/?s={search_term_string}"},"query-input":{"@type":"PropertyValueSpecification","valueRequired":true,"valueName":"search_term_string"}}],"inLanguage":"pt-BR"},{"@type":"Organization","@id":"https:\/\/www.yachtingnews.com\/pt-br\/#organization","name":"Yachting News","url":"https:\/\/www.yachtingnews.com\/pt-br\/","logo":{"@type":"ImageObject","inLanguage":"pt-BR","@id":"https:\/\/www.yachtingnews.com\/pt-br\/#\/schema\/logo\/image\/","url":"https:\/\/www.yachtingnews.com\/wp-content\/uploads\/2023\/02\/LOGO-Yachting-NEWS-blu-800.png","contentUrl":"https:\/\/www.yachtingnews.com\/wp-content\/uploads\/2023\/02\/LOGO-Yachting-NEWS-blu-800.png","width":790,"height":99,"caption":"Yachting News"},"image":{"@id":"https:\/\/www.yachtingnews.com\/pt-br\/#\/schema\/logo\/image\/"},"sameAs":["https:\/\/www.facebook.com\/TheInternationalYachtingMedia","https:\/\/x.com\/YachtingMedia","https:\/\/www.instagram.com\/yachting.news\/","https:\/\/www.linkedin.com\/company\/the-international-yachting-media","https:\/\/www.youtube.com\/c\/TheInternationalYachtingMedia"]},{"@type":"Person","@id":"https:\/\/www.yachtingnews.com\/pt-br\/#\/schema\/person\/f82bb28662e582bd09ecf64c2723e34e","name":"Luca D'Ambrosio","image":{"@type":"ImageObject","inLanguage":"pt-BR","@id":"https:\/\/www.yachtingnews.com\/wp-content\/litespeed\/avatar\/bba22fc791b72395e4e185526136613b.jpg?ver=1788189994","url":"https:\/\/www.yachtingnews.com\/wp-content\/litespeed\/avatar\/bba22fc791b72395e4e185526136613b.jpg?ver=1788189994","contentUrl":"https:\/\/www.yachtingnews.com\/wp-content\/litespeed\/avatar\/bba22fc791b72395e4e185526136613b.jpg?ver=1788189994","caption":"Luca D'Ambrosio"},"description":"Editor-in-chief, boat tester and journalist. Luca began sailing at an early age with his father then as an adult discovered sailing regattas and offshore racing. He has been working in publishing for more than 30 years and continues to sail incessantly, especially aboard the editorial staff's boat, an old lady of the seas that he has completely rebuilt and which serves excellently as a \"mobile laboratory\" for The International Yachting Media.","url":"https:\/\/www.yachtingnews.com\/pt-br\/author\/luca-dambrosio\/"}]}},"_links":{"self":[{"href":"https:\/\/www.yachtingnews.com\/pt-br\/wp-json\/wp\/v2\/posts\/170769","targetHints":{"allow":["GET"]}}],"collection":[{"href":"https:\/\/www.yachtingnews.com\/pt-br\/wp-json\/wp\/v2\/posts"}],"about":[{"href":"https:\/\/www.yachtingnews.com\/pt-br\/wp-json\/wp\/v2\/types\/post"}],"author":[{"embeddable":true,"href":"https:\/\/www.yachtingnews.com\/pt-br\/wp-json\/wp\/v2\/users\/10"}],"replies":[{"embeddable":true,"href":"https:\/\/www.yachtingnews.com\/pt-br\/wp-json\/wp\/v2\/comments?post=170769"}],"version-history":[{"count":0,"href":"https:\/\/www.yachtingnews.com\/pt-br\/wp-json\/wp\/v2\/posts\/170769\/revisions"}],"wp:featuredmedia":[{"embeddable":true,"href":"https:\/\/www.yachtingnews.com\/pt-br\/wp-json\/wp\/v2\/media\/170770"}],"wp:attachment":[{"href":"https:\/\/www.yachtingnews.com\/pt-br\/wp-json\/wp\/v2\/media?parent=170769"}],"wp:term":[{"taxonomy":"category","embeddable":true,"href":"https:\/\/www.yachtingnews.com\/pt-br\/wp-json\/wp\/v2\/categories?post=170769"},{"taxonomy":"post_tag","embeddable":true,"href":"https:\/\/www.yachtingnews.com\/pt-br\/wp-json\/wp\/v2\/tags?post=170769"}],"curies":[{"name":"wp","href":"https:\/\/api.w.org\/{rel}","templated":true}]}}