{"id":172219,"date":"2026-08-30T18:30:05","date_gmt":"2026-08-30T17:30:05","guid":{"rendered":"https:\/\/www.yachtingnews.com\/prestige-cannes-2026-informacao\/"},"modified":"2026-08-31T18:31:53","modified_gmt":"2026-08-31T17:31:53","slug":"prestige-cannes-2026-informacao","status":"publish","type":"post","link":"https:\/\/www.yachtingnews.com\/pt-br\/prestige-cannes-2026-informacao\/","title":{"rendered":"Prestige em Cannes 2026: tr\u00eas estreias mundiais em um \u00fanico evento"},"content":{"rendered":"\t\t<div data-elementor-type=\"wp-post\" data-elementor-id=\"172219\" class=\"elementor elementor-172219 elementor-172193\" data-elementor-post-type=\"post\">\n\t\t\t\t\t\t<section class=\"elementor-section elementor-top-section elementor-element elementor-element-ac37bb6 elementor-section-boxed elementor-section-height-default elementor-section-height-default\" data-id=\"ac37bb6\" data-element_type=\"section\" data-e-type=\"section\">\n\t\t\t\t\t\t<div class=\"elementor-container elementor-column-gap-default\">\n\t\t\t\t\t<div class=\"elementor-column elementor-col-100 elementor-top-column elementor-element elementor-element-190cb41\" data-id=\"190cb41\" data-element_type=\"column\" data-e-type=\"column\">\n\t\t\t<div class=\"elementor-widget-wrap elementor-element-populated\">\n\t\t\t\t\t\t<div class=\"elementor-element elementor-element-4ad5bb6 elementor-widget elementor-widget-text-editor\" data-id=\"4ad5bb6\" data-element_type=\"widget\" data-e-type=\"widget\" data-widget_type=\"text-editor.default\">\n\t\t\t\t<div class=\"elementor-widget-container\">\n\t\t\t\t\t\t\t\t\t<p><span style=\"font-weight: 400;\">O ano <\/span><b>2026<\/b><span style=\"font-weight: 400;\"> marca um marco especialmente importante na hist\u00f3ria da <\/span><b>Prestige<\/b><span style=\"font-weight: 400;\">. No <\/span><b>Festival de Iates de Cannes<\/b><span style=\"font-weight: 400;\">, marcado para <\/span><b>8 a 13 de setembro<\/b><span style=\"font-weight: 400;\">, o estaleiro franc\u00eas vai apresentar nada menos que <\/span><b>tr\u00eas<\/b><span style=\"font-weight: 400;\"> novos modelos em estreia mundial: <\/span><b>F6.7<\/b><span style=\"font-weight: 400;\">, <\/span><b>M6<\/b><span style=\"font-weight: 400;\">e <\/span> <b>M8 EVO<\/b><span style=\"font-weight: 400;\">. Uma estreia coletiva em um \u00fanico evento que mostra claramente o rumo da marca, equilibrando a evolu\u00e7\u00e3o do design, a aten\u00e7\u00e3o \u00e0 vida a bordo e novas interpreta\u00e7\u00f5es do iate como um lar no mar. S\u00e3o <\/span><b>tr\u00eas<\/b><span style=\"font-weight: 400;\"> iates que diferem em arquitetura e filosofia de design, mas que est\u00e3o unidos por uma busca que coloca o conforto, a luminosidade, a flexibilidade do espa\u00e7o e a rela\u00e7\u00e3o com o mar no centro de tudo.<\/span><\/p><h2><b>Prestige F6.7: O novo carro-chefe da linha F<\/b><\/h2><p><b>Prestige F6.7<\/b><span style=\"font-weight: 400;\"> representa o auge da nova gera\u00e7\u00e3o da <\/span><b>linha F<\/b><span style=\"font-weight: 400;\">. Ap\u00f3s a renova\u00e7\u00e3o da linha com o <\/span><b>F4.3<\/b><span style=\"font-weight: 400;\">, <\/span><b>F4.9<\/b><span style=\"font-weight: 400;\">e <\/span><b>F5.7<\/b><span style=\"font-weight: 400;\">, <\/span><b>A Prestige Yachts<\/b><span style=\"font-weight: 400;\"> leva sua linguagem de design a dimens\u00f5es e n\u00edveis de requinte superiores, oferecendo um iate feito pra quem v\u00ea a vida a bordo como uma extens\u00e3o do pr\u00f3prio estilo de vida.<\/span><\/p><p><img decoding=\"async\" class=\"aligncenter size-full wp-image-172196\" src=\"https:\/\/www.yachtingnews.com\/wp-content\/uploads\/2026\/08\/prestige-f67.jpg\" alt=\"prestige f6.7\" width=\"928\" height=\"561\" srcset=\"https:\/\/www.yachtingnews.com\/wp-content\/uploads\/2026\/08\/prestige-f67.jpg 928w, https:\/\/www.yachtingnews.com\/wp-content\/uploads\/2026\/08\/prestige-f67-300x181.jpg 300w, https:\/\/www.yachtingnews.com\/wp-content\/uploads\/2026\/08\/prestige-f67-768x464.jpg 768w\" sizes=\"(max-width: 928px) 100vw, 928px\" \/><\/p><p><span style=\"font-weight: 400;\">\u00abNos \u00faltimos anos, <\/span><b>a Prestige<\/b><span style=\"font-weight: 400;\"> lan\u00e7ou o <\/span><b>F4.3<\/b><span style=\"font-weight: 400;\">, <\/span><b>F4.9<\/b><span style=\"font-weight: 400;\">e <\/span><b>F5.7<\/b><span style=\"font-weight: 400;\"> . Com o lan\u00e7amento do <\/span><b>F6.7<\/b><span style=\"font-weight: 400;\">, o estaleiro completa a nova gera\u00e7\u00e3o da <\/span><b>F-Line<\/b><span style=\"font-weight: 400;\">, oferecendo hoje uma linha de flybridge totalmente renovada e coesa\u00bb, explica <\/span><b>Jean-Fran\u00e7ois Lair<\/b><span style=\"font-weight: 400;\">, diretor de marca da <\/span> <b>Prest\u00edgio<\/b><span style=\"font-weight: 400;\">. \u00ab<\/span><b>F6.7<\/b><span style=\"font-weight: 400;\"> tamb\u00e9m atende \u00e0s expectativas em constante evolu\u00e7\u00e3o dos propriet\u00e1rios de hoje, que buscam mais do que apenas desempenho ou espa\u00e7o: eles querem um iate que reflita seu estilo de vida, oferecendo conforto, flexibilidade e um verdadeiro lar no mar.\u00bb<\/span><\/p><p><span style=\"font-weight: 400;\">Com <\/span><b>170 m\u00b2<\/b><span style=\"font-weight: 400;\"> de \u00e1rea \u00fatil, o <\/span><b>F6.7<\/b><span style=\"font-weight: 400;\"> desenvolve o conceito de espa\u00e7o por meio de uma continuidade quase total entre o interior e o exterior. As novas janelas ampliadas do casco real\u00e7am a luminosidade e a conex\u00e3o visual com o mar, enquanto as linhas externas, inspiradas no movimento da \u00e1gua, conferem ao iate um perfil elegante e contempor\u00e2neo.<\/span><\/p><p><img decoding=\"async\" class=\"aligncenter size-full wp-image-172197\" src=\"https:\/\/www.yachtingnews.com\/wp-content\/uploads\/2026\/08\/prestige-f67-1.jpg\" alt=\"prest\u00edgio\" width=\"973\" height=\"547\" srcset=\"https:\/\/www.yachtingnews.com\/wp-content\/uploads\/2026\/08\/prestige-f67-1.jpg 973w, https:\/\/www.yachtingnews.com\/wp-content\/uploads\/2026\/08\/prestige-f67-1-300x169.jpg 300w, https:\/\/www.yachtingnews.com\/wp-content\/uploads\/2026\/08\/prestige-f67-1-768x432.jpg 768w\" sizes=\"(max-width: 973px) 100vw, 973px\" \/><\/p><p><span style=\"font-weight: 400;\">\u00ab<\/span><b>F6.7<\/b><span style=\"font-weight: 400;\"> expressa a excel\u00eancia da marca na cria\u00e7\u00e3o de iates intuitivos e refinados, resultado de anos de experi\u00eancia e conhecimento da <\/span><b>Prestige<\/b><span style=\"font-weight: 400;\">\u00bb, destaca <\/span><b>Cl\u00e9mence Cessou<\/b><span style=\"font-weight: 400;\">, gerente de marketing do estaleiro. \u00abSeus <\/span><b>170 metros quadrados<\/b><span style=\"font-weight: 400;\"> de \u00e1rea \u00fatil oferecem layouts modulares, circula\u00e7\u00e3o fluida e uma conex\u00e3o cont\u00ednua com o mar, criando uma experi\u00eancia de vida a bordo realmente intuitiva. As \u00e1reas externas foram projetadas para oferecer versatilidade e permitir que os convidados aproveitem o mar a qualquer hora do dia. No interior, o propriet\u00e1rio encontra um ambiente refinado e o conforto excepcional de um verdadeiro lar na \u00e1gua.\u00bb<\/span><\/p><h3><b>Um flybridge como terra\u00e7o panor\u00e2mico<\/b><\/h3><p><span style=\"font-weight: 400;\">O <\/span><b>flybridge de 26 m\u00b2<\/b><span style=\"font-weight: 400;\"> flybridge foi concebido como um verdadeiro terra\u00e7o panor\u00e2mico. A configura\u00e7\u00e3o modular permite alternar entre momentos de conv\u00edvio e relaxamento, gra\u00e7as a uma ampla \u00e1rea de estar, uma mesa de jantar, uma cozinha ao ar livre e v\u00e1rias possibilidades de configura\u00e7\u00e3o na parte de popa.<\/span><\/p><p><img decoding=\"async\" class=\"aligncenter size-full wp-image-172198\" src=\"https:\/\/www.yachtingnews.com\/wp-content\/uploads\/2026\/08\/prestige-f67-flybridge.jpg\" alt=\"prestige-f67 flybridge\" width=\"972\" height=\"648\" srcset=\"https:\/\/www.yachtingnews.com\/wp-content\/uploads\/2026\/08\/prestige-f67-flybridge.jpg 972w, https:\/\/www.yachtingnews.com\/wp-content\/uploads\/2026\/08\/prestige-f67-flybridge-300x200.jpg 300w, https:\/\/www.yachtingnews.com\/wp-content\/uploads\/2026\/08\/prestige-f67-flybridge-768x512.jpg 768w\" sizes=\"(max-width: 972px) 100vw, 972px\" \/><\/p><p><span style=\"font-weight: 400;\">A \u00e1rea do conv\u00e9s da proa tamb\u00e9m assume um papel central. Aqui, <\/span><b>a Prestige<\/b><span style=\"font-weight: 400;\"> criou um lounge dedicado \u00e0 contempla\u00e7\u00e3o, com uma grande espregui\u00e7adeira, toldo e assentos voltados uns para os outros. Um ambiente projetado para te acompanhar em cada momento do dia, do caf\u00e9 da manh\u00e3 ao passeio, at\u00e9 o p\u00f4r do sol.<\/span><\/p><p><span style=\"font-weight: 400;\">Na popa, o cockpit se estende por <\/span><b>dois<\/b><span style=\"font-weight: 400;\"> n\u00edveis e se transforma em um verdadeiro terra\u00e7o no mar. A grande espregui\u00e7adeira ao n\u00edvel da \u00e1gua esconde amplos compartimentos para guardar brinquedos aqu\u00e1ticos, enquanto o terra\u00e7o superior abriga uma \u00e1rea de jantar protegida. Como alternativa, a \u00e1rea pode ser configurada como um verdadeiro clube de praia.<\/span><\/p> <h3><b>A cozinha, no cora\u00e7\u00e3o da vida a bordo<\/b><\/h3><p><span style=\"font-weight: 400;\">No conv\u00e9s principal, que oferece <\/span><b>83 m\u00b2<\/b><span style=\"font-weight: 400;\">, a cozinha assume um papel inovador. A ilha central, o cora\u00e7\u00e3o da conviv\u00eancia, \u00e9 cercada por grandes aberturas de vidro que conectam o sal\u00e3o, a \u00e1rea de jantar e a cabine de comando. Tamb\u00e9m est\u00e1 dispon\u00edvel uma configura\u00e7\u00e3o alternativa com um banco a bombordo e uma mesa dobr\u00e1vel para adaptar os espa\u00e7os \u00e0s necessidades do propriet\u00e1rio.<\/span><\/p><p><img decoding=\"async\" class=\"aligncenter size-full wp-image-172199\" src=\"https:\/\/www.yachtingnews.com\/wp-content\/uploads\/2026\/08\/5aa91c29-5cfb-4dad-bff0-4c6ff39410f3.jpg\" alt=\"\" width=\"970\" height=\"560\" srcset=\"https:\/\/www.yachtingnews.com\/wp-content\/uploads\/2026\/08\/5aa91c29-5cfb-4dad-bff0-4c6ff39410f3.jpg 970w, https:\/\/www.yachtingnews.com\/wp-content\/uploads\/2026\/08\/5aa91c29-5cfb-4dad-bff0-4c6ff39410f3-300x173.jpg 300w, https:\/\/www.yachtingnews.com\/wp-content\/uploads\/2026\/08\/5aa91c29-5cfb-4dad-bff0-4c6ff39410f3-768x443.jpg 768w\" sizes=\"(max-width: 970px) 100vw, 970px\" \/><\/p><p><span style=\"font-weight: 400;\">O conv\u00e9s inferior \u00e9 dedicado \u00e0 privacidade. O layout padr\u00e3o oferece <\/span><b>tr\u00eas<\/b><span style=\"font-weight: 400;\"> cabines, com a op\u00e7\u00e3o de uma <\/span><b>quarta<\/b><span style=\"font-weight: 400;\">, acomodando at\u00e9 <\/span><b>oito<\/b><span style=\"font-weight: 400;\"> h\u00f3spedes. O <\/span><b>su\u00edte do propriet\u00e1rio, com 20 m\u00b2<\/b><span style=\"font-weight: 400;\"> su\u00edte do propriet\u00e1rio ocupa a parte da proa e conta com acesso privativo sem degraus, grandes janelas panor\u00e2micas e banheiro privativo. A cabine da tripula\u00e7\u00e3o para <\/span><b>duas<\/b><span style=\"font-weight: 400;\"> pessoas tem acesso externo independente e conex\u00e3o direta com a sala de m\u00e1quinas. Materiais naturais, tons suaves, rattan, veludo e acabamentos refinados ajudam a criar uma atmosfera de luxo discreto, quase sussurrado.<\/span><\/p><p><img decoding=\"async\" class=\"aligncenter size-full wp-image-172200\" src=\"https:\/\/www.yachtingnews.com\/wp-content\/uploads\/2026\/08\/prestige-f67-2.jpg\" alt=\"\" width=\"972\" height=\"456\" srcset=\"https:\/\/www.yachtingnews.com\/wp-content\/uploads\/2026\/08\/prestige-f67-2.jpg 972w, https:\/\/www.yachtingnews.com\/wp-content\/uploads\/2026\/08\/prestige-f67-2-300x141.jpg 300w, https:\/\/www.yachtingnews.com\/wp-content\/uploads\/2026\/08\/prestige-f67-2-768x360.jpg 768w\" sizes=\"(max-width: 972px) 100vw, 972px\" \/><\/p><p><span style=\"font-weight: 400;\">No que diz respeito \u00e0 tecnologia, o iate pode ser equipado com <\/span><b>Modo Silencioso<\/b><span style=\"font-weight: 400;\">, enquanto o <\/span><b>o sistema SEANAPPS<\/b><span style=\"font-weight: 400;\"> permite o monitoramento e o gerenciamento remotos dos sistemas de bordo. O <\/span><b>Garmin<\/b><span style=\"font-weight: 400;\"> integra navega\u00e7\u00e3o, monitoramento e manobras em uma interface intuitiva.<\/span><\/p><h2><b>Prestige M6: A sua casa no mar em formato de multicasco<\/b><\/h2><p><span style=\"font-weight: 400;\">O <\/span><b>segunda<\/b><span style=\"font-weight: 400;\"> estreia mundial de <\/span><b>Prestige<\/b><span style=\"font-weight: 400;\"> em <\/span><b>Cannes<\/b><span style=\"font-weight: 400;\"> \u00e9 o <\/span><b>M6<\/b><span style=\"font-weight: 400;\"> , uma evolu\u00e7\u00e3o natural do <\/span><b>M48<\/b><span style=\"font-weight: 400;\"> que, em <\/span><b>2022<\/b><span style=\"font-weight: 400;\"> marcou a entrada do estaleiro no segmento de multicascos a motor. O novo modelo surge diretamente da experi\u00eancia adquirida com o <\/span><b>propriet\u00e1rios do M48<\/b><span style=\"font-weight: 400;\"> , reunindo os coment\u00e1rios e sugest\u00f5es deles ap\u00f3s longos per\u00edodos a bordo.<\/span><\/p><p><img decoding=\"async\" class=\"aligncenter size-full wp-image-172202\" src=\"https:\/\/www.yachtingnews.com\/wp-content\/uploads\/2026\/08\/prestige-m6.jpg\" alt=\"prestige cannes m6 eu\" width=\"782\" height=\"537\" srcset=\"https:\/\/www.yachtingnews.com\/wp-content\/uploads\/2026\/08\/prestige-m6.jpg 782w, https:\/\/www.yachtingnews.com\/wp-content\/uploads\/2026\/08\/prestige-m6-300x206.jpg 300w, https:\/\/www.yachtingnews.com\/wp-content\/uploads\/2026\/08\/prestige-m6-768x527.jpg 768w\" sizes=\"(max-width: 782px) 100vw, 782px\" \/><\/p><p><span style=\"font-weight: 400;\">A <\/span><b>48 p\u00e9s<\/b><span style=\"font-weight: 400;\">, o <\/span><b>M6<\/b><span style=\"font-weight: 400;\"> oferece <\/span><b>110 m\u00b2<\/b><span style=\"font-weight: 400;\"> de \u00e1rea \u00fatil, com uma sensa\u00e7\u00e3o de espa\u00e7o compar\u00e1vel \u00e0 de um iate de cerca de <\/span><b>60 p\u00e9s<\/b><span style=\"font-weight: 400;\">. Mas as dimens\u00f5es n\u00e3o s\u00e3o o ponto central do projeto. <\/span><b>O M6<\/b><span style=\"font-weight: 400;\"> foi concebido para estadias prolongadas a bordo, com aten\u00e7\u00e3o especial \u00e0 conviv\u00eancia em fam\u00edlia, ao espa\u00e7o de armazenamento e \u00e0 facilidade de locomo\u00e7\u00e3o.<\/span><\/p><p><span style=\"font-weight: 400;\">A cozinha, muito elogiada no <\/span><b>M48<\/b><span style=\"font-weight: 400;\">, continua sendo o centro da vida a bordo. Espa\u00e7os de armazenamento foram integrados praticamente em todos os lugares, inclusive embaixo dos assentos, aumentando a funcionalidade sem mexer na est\u00e9tica dos ambientes.<\/span><\/p><p><img decoding=\"async\" class=\"aligncenter size-full wp-image-172203\" src=\"https:\/\/www.yachtingnews.com\/wp-content\/uploads\/2026\/08\/cf5ce538-55e2-4095-875c-75c0abe2323f.jpg\" alt=\"\" width=\"880\" height=\"540\" srcset=\"https:\/\/www.yachtingnews.com\/wp-content\/uploads\/2026\/08\/cf5ce538-55e2-4095-875c-75c0abe2323f.jpg 880w, https:\/\/www.yachtingnews.com\/wp-content\/uploads\/2026\/08\/cf5ce538-55e2-4095-875c-75c0abe2323f-300x184.jpg 300w, https:\/\/www.yachtingnews.com\/wp-content\/uploads\/2026\/08\/cf5ce538-55e2-4095-875c-75c0abe2323f-768x471.jpg 768w\" sizes=\"(max-width: 880px) 100vw, 880px\" \/><\/p><p><b>M6<\/b><span style=\"font-weight: 400;\"> mant\u00e9m o casco comprovado do <\/span><b>M48<\/b><span style=\"font-weight: 400;\">, mas com um visual totalmente renovado. Novas linhas externas, um para-brisa integrado, asas redesenhadas e uma nova linha do teto criam um perfil mais clean e contempor\u00e2neo. A placa de identifica\u00e7\u00e3o de a\u00e7o com o <\/span><b>M6<\/b><span style=\"font-weight: 400;\"> torna-se um elemento marcante, enquanto o flybridge, os pulpitos e os corrim\u00e3os foram redesenhados de acordo com o <\/span><b>Prestige<\/b><span style=\"font-weight: 400;\">.<\/span><\/p><p><span style=\"font-weight: 400;\">Os <\/span><b>flybridge de 18 m\u00b2<\/b><span style=\"font-weight: 400;\"> \u00e9 um terra\u00e7o panor\u00e2mico dedicado ao relaxamento. As espregui\u00e7adeiras t\u00eam compartimentos de armazenamento integrados, enquanto os m\u00f3veis modulares independentes d\u00e3o uma sensa\u00e7\u00e3o de leveza ao espa\u00e7o. Formas arredondadas e tons suaves contribuem para uma atmosfera aconchegante, ideal para longas estadias ancorados e momentos de conv\u00edvio \u00e0 noite.<\/span><\/p><p><img decoding=\"async\" class=\"aligncenter size-full wp-image-172204\" src=\"https:\/\/www.yachtingnews.com\/wp-content\/uploads\/2026\/08\/prestige-cannes-m6-flybridge.jpg\" alt=\"prestige cannes\" width=\"882\" height=\"535\" srcset=\"https:\/\/www.yachtingnews.com\/wp-content\/uploads\/2026\/08\/prestige-cannes-m6-flybridge.jpg 882w, https:\/\/www.yachtingnews.com\/wp-content\/uploads\/2026\/08\/prestige-cannes-m6-flybridge-300x182.jpg 300w, https:\/\/www.yachtingnews.com\/wp-content\/uploads\/2026\/08\/prestige-cannes-m6-flybridge-768x466.jpg 768w\" sizes=\"(max-width: 882px) 100vw, 882px\" \/><\/p><h3><b>Interiores luminosos projetados para longas viagens<\/b><\/h3><p><span style=\"font-weight: 400;\">No conv\u00e9s principal, a luz natural entra pelas grandes janelas do casco, que facilitam a ventila\u00e7\u00e3o e refor\u00e7am a conex\u00e3o com o mar. A cozinha totalmente equipada continua sendo o centro da vida cotidiana, enquanto novos sof\u00e1s e uma paleta de cores mais suaves destacam a eleg\u00e2ncia discreta do interior.<\/span><\/p><p><span style=\"font-weight: 400;\">A cabine do propriet\u00e1rio foi totalmente redesenhada, com mais arm\u00e1rios e solu\u00e7\u00f5es de m\u00f3veis integrados. Um sof\u00e1 e uma mesa completam o espa\u00e7o, enquanto o banheiro privativo oferece um layout mais funcional e um box separado.<\/span><\/p><p><img decoding=\"async\" class=\"aligncenter size-full wp-image-172205\" src=\"https:\/\/www.yachtingnews.com\/wp-content\/uploads\/2026\/08\/cf5ce538-55e2-4095-875c-75c0abe2323f-1.jpg\" alt=\"\" width=\"882\" height=\"535\" srcset=\"https:\/\/www.yachtingnews.com\/wp-content\/uploads\/2026\/08\/cf5ce538-55e2-4095-875c-75c0abe2323f-1.jpg 882w, https:\/\/www.yachtingnews.com\/wp-content\/uploads\/2026\/08\/cf5ce538-55e2-4095-875c-75c0abe2323f-1-300x182.jpg 300w, https:\/\/www.yachtingnews.com\/wp-content\/uploads\/2026\/08\/cf5ce538-55e2-4095-875c-75c0abe2323f-1-768x466.jpg 768w\" sizes=\"(max-width: 882px) 100vw, 882px\" \/><\/p><p><b>M6<\/b><span style=\"font-weight: 400;\"> est\u00e1 dispon\u00edvel com <\/span><b>tr\u00eas<\/b><span style=\"font-weight: 400;\"> ou <\/span><b>quatro<\/b><span style=\"font-weight: 400;\"> cabines e pode acomodar at\u00e9 <\/span><b>oito<\/b><span style=\"font-weight: 400;\"> h\u00f3spedes. O <\/span><b>layout de tr\u00eas cabines<\/b><span style=\"font-weight: 400;\"> \u00e9 especialmente recomendado para cruzeiros mais longos, gra\u00e7as \u00e0 distribui\u00e7\u00e3o otimizada do espa\u00e7o.<\/span><\/p><p><span style=\"font-weight: 400;\">O iate \u00e9 movido por <\/span><b>dois motores Volvo D6 de 380 HP<\/b><span style=\"font-weight: 400;\"> com <\/span><b>transmiss\u00e3o V-Drive<\/b><span style=\"font-weight: 400;\"> . A nova configura\u00e7\u00e3o oferece um bom desempenho em rota\u00e7\u00f5es mais baixas, trazendo vantagens em termos de autonomia, vibra\u00e7\u00e3o e n\u00edveis de ru\u00eddo. O resultado \u00e9 um iate focado na facilidade de uso: cada elemento, desde o layout dos espa\u00e7os at\u00e9 as \u00e1reas de armazenamento, foi projetado para tornar a vida no mar mais natural.<\/span><\/p><h2><b>Prestige M8 EVO: o carro-chefe dos multicascos evolui<\/b><\/h2><p><span style=\"font-weight: 400;\">Por fim, com a nova <\/span><b>M8 EVO<\/b><span style=\"font-weight: 400;\">, <\/span><b>a Prestige<\/b><span style=\"font-weight: 400;\"> atualiza seu carro-chefe da <\/span><b>linha M<\/b><span style=\"font-weight: 400;\"> e leva adiante a vis\u00e3o inaugurada pelo <\/span><b>M48<\/b><span style=\"font-weight: 400;\"> e posteriormente desenvolvida com o <\/span><b>M7<\/b><span style=\"font-weight: 400;\"> e <\/span><b>M8<\/b><span style=\"font-weight: 400;\">. A arquitetura de casco duplo proporciona largura, estabilidade e volumes significativos, normalmente associados a iates maiores.<\/span><\/p><p><img decoding=\"async\" class=\"aligncenter size-full wp-image-172206\" src=\"https:\/\/www.yachtingnews.com\/wp-content\/uploads\/2026\/08\/prestige-m8-evo.jpg\" alt=\"prestige m8 eu\" width=\"779\" height=\"401\" srcset=\"https:\/\/www.yachtingnews.com\/wp-content\/uploads\/2026\/08\/prestige-m8-evo.jpg 779w, https:\/\/www.yachtingnews.com\/wp-content\/uploads\/2026\/08\/prestige-m8-evo-300x154.jpg 300w, https:\/\/www.yachtingnews.com\/wp-content\/uploads\/2026\/08\/prestige-m8-evo-768x395.jpg 768w\" sizes=\"(max-width: 779px) 100vw, 779px\" \/><\/p><p><span style=\"font-weight: 400;\">O perfil foi atualizado por meio de <\/span><b>tr\u00eas<\/b><span style=\"font-weight: 400;\"> elementos principais: novas janelas no casco, uma placa de estilo preta aprimorada e um teto r\u00edgido totalmente redesenhado. O resultado \u00e9 uma silhueta mais harmoniosa e aerodin\u00e2mica, que combina a eleg\u00e2ncia de um iate a motor tradicional com as vantagens de uma plataforma multicasco.<\/span><\/p><p><span style=\"font-weight: 400;\">A arquitetura de casco duplo foi desenvolvida especificamente para um iate a motor. A maior estabilidade, tanto em navega\u00e7\u00e3o quanto ancorado, reduz o balan\u00e7o lateral e aumenta o conforto em diversas condi\u00e7\u00f5es do mar. A otimiza\u00e7\u00e3o do casco tamb\u00e9m ajuda a conter o consumo de combust\u00edvel e <\/span><b>as emiss\u00f5es de CO\u2082<\/b><span style=\"font-weight: 400;\"> em compara\u00e7\u00e3o com um monocasco de volume equivalente. Al\u00e9m disso, s\u00e3o usados materiais de baixo impacto ambiental, incluindo madeiras de origem respons\u00e1vel, couro curtido vegetalmente e acabamentos sustent\u00e1veis.<\/span><\/p><p><img decoding=\"async\" class=\"aligncenter size-full wp-image-172207\" src=\"https:\/\/www.yachtingnews.com\/wp-content\/uploads\/2026\/08\/4988c893-648f-429e-90de-c0cd9dc2931c.jpg\" alt=\"prestige cannes\" width=\"882\" height=\"449\" srcset=\"https:\/\/www.yachtingnews.com\/wp-content\/uploads\/2026\/08\/4988c893-648f-429e-90de-c0cd9dc2931c.jpg 882w, https:\/\/www.yachtingnews.com\/wp-content\/uploads\/2026\/08\/4988c893-648f-429e-90de-c0cd9dc2931c-300x153.jpg 300w, https:\/\/www.yachtingnews.com\/wp-content\/uploads\/2026\/08\/4988c893-648f-429e-90de-c0cd9dc2931c-768x391.jpg 768w\" sizes=\"(max-width: 882px) 100vw, 882px\" \/><\/p><p><span style=\"font-weight: 400;\">O opcional <\/span><b>Pacote Modo Silencioso<\/b><span style=\"font-weight: 400;\"> , junto com o gerenciamento otimizado de energia e os pain\u00e9is solares, permite estadias prolongadas \u00e0 \u00e2ncora, ao mesmo tempo em que reduz o ru\u00eddo, a vibra\u00e7\u00e3o e as emiss\u00f5es diretas.<\/span><\/p><h3><b>Uma nova maneira de curtir o flybridge<\/b><\/h3><p><span style=\"font-weight: 400;\">O flybridge do<\/span><a href=\"https:\/\/www.yachtingnews.com\/pt-br\/prestige-m8-evo-teste-no-mar\/\"> M8 EVO<\/a><span style=\"font-weight: 400;\"> foi totalmente repensado e agora ocupa toda a largura do iate. A remo\u00e7\u00e3o da escada interna e a reformula\u00e7\u00e3o dos suportes do teto r\u00edgido ampliam a sensa\u00e7\u00e3o de espa\u00e7o e tornam a circula\u00e7\u00e3o entre os ambientes mais fluida. O resultado \u00e9 um verdadeiro espa\u00e7o ao ar livre, banhado por luz natural e com uma vista panor\u00e2mica ininterrupta. A \u00e1rea de popa, mais aberta, pode ser configurada de acordo com as necessidades do propriet\u00e1rio. O cockpit continua sendo uma das \u00e1reas mais espetaculares do iate: um grande terra\u00e7o sobre o mar que cria uma rela\u00e7\u00e3o direta com a \u00e1gua.<\/span><\/p><p><img decoding=\"async\" class=\"aligncenter size-full wp-image-172208\" src=\"https:\/\/www.yachtingnews.com\/wp-content\/uploads\/2026\/08\/prestige-m8-evo-flybridge.jpg\" alt=\"\" width=\"828\" height=\"489\" srcset=\"https:\/\/www.yachtingnews.com\/wp-content\/uploads\/2026\/08\/prestige-m8-evo-flybridge.jpg 828w, https:\/\/www.yachtingnews.com\/wp-content\/uploads\/2026\/08\/prestige-m8-evo-flybridge-300x177.jpg 300w, https:\/\/www.yachtingnews.com\/wp-content\/uploads\/2026\/08\/prestige-m8-evo-flybridge-768x454.jpg 768w\" sizes=\"(max-width: 828px) 100vw, 828px\" \/><\/p><h3><b>O conv\u00e9s principal e a su\u00edte do propriet\u00e1rio<\/b><\/h3><p><span style=\"font-weight: 400;\">O interior tamb\u00e9m foi redesenhado para combinar conv\u00edvio e privacidade. A nova cozinha, localizada ao lado do posto de comando, inclui uma \u00e1rea de jantar com bar, ampliada e deslocada para estibordo. Tudo se integra naturalmente \u00e0 sala de estar, incentivando a conviv\u00eancia e, ao mesmo tempo, permitindo um atendimento discreto. Grandes janelas panor\u00e2micas iluminam o interior durante todo o dia, enquanto pisos nivelados e passarelas cont\u00ednuas aumentam a sensa\u00e7\u00e3o de amplitude.<\/span><\/p><p><span style=\"font-weight: 400;\">A su\u00edte do propriet\u00e1rio, que ocupa toda a largura do barco, \u00e9 um dos destaques mais marcantes do <\/span><b>M8 EVO<\/b><span style=\"font-weight: 400;\">. O novo closet est\u00e1 organizado em <\/span><b>duas<\/b><span style=\"font-weight: 400;\"> \u00e1reas pessoais, enquanto um escrit\u00f3rio e uma zona de relaxamento criam uma transi\u00e7\u00e3o natural entre o quarto e o banheiro. Um ambiente que <\/span><b>a Prestige<\/b><span style=\"font-weight: 400;\"> interpreta como uma \u201ccobertura \u00e0 beira-mar\u201d.<\/span><\/p><p><img decoding=\"async\" class=\"aligncenter size-full wp-image-172209\" src=\"https:\/\/www.yachtingnews.com\/wp-content\/uploads\/2026\/08\/4988c893-648f-429e-90de-c0cd9dc2931c-1.jpg\" alt=\"prestige m8 evo eu  \" width=\"882\" height=\"523\" srcset=\"https:\/\/www.yachtingnews.com\/wp-content\/uploads\/2026\/08\/4988c893-648f-429e-90de-c0cd9dc2931c-1.jpg 882w, https:\/\/www.yachtingnews.com\/wp-content\/uploads\/2026\/08\/4988c893-648f-429e-90de-c0cd9dc2931c-1-300x178.jpg 300w, https:\/\/www.yachtingnews.com\/wp-content\/uploads\/2026\/08\/4988c893-648f-429e-90de-c0cd9dc2931c-1-768x455.jpg 768w\" sizes=\"(max-width: 882px) 100vw, 882px\" \/><\/p><p><span style=\"font-weight: 400;\">A personaliza\u00e7\u00e3o \u00e9 outra caracter\u00edstica marcante. Configura\u00e7\u00f5es, layouts e acabamentos podem ser combinados para criar um iate que se adapte ao estilo de vida de cada propriet\u00e1rio.<\/span><\/p><p><span style=\"font-weight: 400;\">O design de interiores faz refer\u00eancia \u00e0 arquitetura modernista, reinterpretando-a com uma sensibilidade contempor\u00e2nea. Tons naturais, azuis intensos, formas puras e materiais cuidadosamente selecionados criam um ambiente elegante e acolhedor. \u00abCom o <\/span><b>M8 EVO<\/b><span style=\"font-weight: 400;\">, a gente quis criar uma atmosfera mais \u00edntima e aconchegante, onde a inspira\u00e7\u00e3o modernista se une a uma reinterpreta\u00e7\u00e3o contempor\u00e2nea do <\/span><b>Art D\u00e9co<\/b><span style=\"font-weight: 400;\"> \u00bb, explica a designer de interiores <\/span><b>Valentina Motta<\/b><span style=\"font-weight: 400;\">. \u00abA pureza das formas, combinada com materiais naturais aconchegantes e tons intensos, d\u00e1 aos propriet\u00e1rios espa\u00e7o para deixarem seu iate realmente personalizado.\u00bb<\/span><\/p><h2><b>Conclus\u00f5es<\/b><\/h2><p><span style=\"font-weight: 400;\">A presen\u00e7a de <\/span><b>Prestige<\/b><span style=\"font-weight: 400;\"> no <\/span><b>Festival de Iates de Cannes 2026<\/b><span style=\"font-weight: 400;\"> tem um significado que vai al\u00e9m da simples apresenta\u00e7\u00e3o de <\/span><b>tr\u00eas<\/b><span style=\"font-weight: 400;\"> novos modelos. <\/span><b>F6.7<\/b><span style=\"font-weight: 400;\">, <\/span><b>M6<\/b><span style=\"font-weight: 400;\">e <\/span><b>M8 EVO<\/b><span style=\"font-weight: 400;\"> representam <\/span><b>tr\u00eas<\/b><span style=\"font-weight: 400;\"> interpreta\u00e7\u00f5es complementares do mesmo conceito de iate: curtir o mar com mais liberdade, conforto e naturalidade.<\/span><\/p><ul><li><b>F6.7<\/b><span style=\"font-weight: 400;\"> eleva a <\/span><b>F-Line<\/b><span style=\"font-weight: 400;\"> ao seu \u00e1pice, transformando o iate com flybridge em uma verdadeira casa contempor\u00e2nea no mar.<\/span><\/li><li><b>O M6<\/b><span style=\"font-weight: 400;\"> consolida a vis\u00e3o de multicascos da <\/span><b>Prestige<\/b><span style=\"font-weight: 400;\"> por meio de uma plataforma compacta, mas surpreendentemente espa\u00e7osa, projetada para longos cruzeiros.<\/span><\/li><li><b>O M8 EVO<\/b><span style=\"font-weight: 400;\"> \u00e9 a evolu\u00e7\u00e3o do carro-chefe da <\/span><b>linha M<\/b><span style=\"font-weight: 400;\"> com mais amplitude, personaliza\u00e7\u00e3o e requinte.<\/span><\/li><\/ul><p><b>Tr\u00eas<\/b><span style=\"font-weight: 400;\"> estreias mundiais no mesmo evento s\u00e3o um marco importante. Acima de tudo, s\u00e3o a demonstra\u00e7\u00e3o de uma estrat\u00e9gia: <\/span><b>A Prestige<\/b><span style=\"font-weight: 400;\"> pretende continuar redefinindo o conceito de vida a bordo, colocando no centro n\u00e3o s\u00f3 o iate, mas a experi\u00eancia de viv\u00ea-lo.<\/span><\/p><h2><b>Prestige em Cannes 2026 \u2013 Perguntas frequentes<\/b><\/h2>\t\t\t\t\t\t\t\t<\/div>\n\t\t\t\t<\/div>\n\t\t\t\t<div class=\"elementor-element elementor-element-df909d8 elementor-grid-1 elementor-grid-tablet-2 elementor-grid-mobile-1 elementor-widget elementor-widget-uael-faq\" data-id=\"df909d8\" data-element_type=\"widget\" data-e-type=\"widget\" data-widget_type=\"uael-faq.default\">\n\t\t\t\t<div class=\"elementor-widget-container\">\n\t\t\t\t\t\n\t\t\t<div id='uael-faq-wrapper-234' class=\"uael-faq-wrapper\">\n\t\t\t\t<div class=\"uael-faq-container uael-faq-layout-grid elementor-grid\" >\n\t\t\t\t\t\t\t\t\t\t\t\t<div id=\"uael-accordion-f2f9106\" class=\"uael-faq-accordion elementor-grid-item\" role=\"tablist\">\n\t\t\t\t\t\t\t\t<div class= \"uael-accordion-title\" aria-expanded=\"false\" role=\"tab\">\n\t\t\t\t\t\t\t\t\t<span class=\"uael-accordion-icon uael-accordion-icon-\">\n\t\t\t\t\t\t\t\t\t\t<span class=\"uael-accordion-icon-closed\"><\/span>\n\t\t\t\t\t\t\t\t\t\t<span class=\"uael-accordion-icon-opened\"><\/span>\n\t\t\t\t\t\t\t\t\t<\/span>\n\t\t\t\t\t\t\t\t\t<h3 class=\"uael-question-f2f9106 uael-question-span\" tabindex=\"0\" id=\"uael-faq-1-6a973d4633809\">Quais s\u00e3o os tr\u00eas novos modelos da Prestige apresentados no Festival de Iates de Cannes de 2026?<\/h3>\n\t\t\t\t\t\t\t\t<\/div>\n\t\t\t\t\t\t\t\t<div class=\"uael-accordion-content\" role=\"tabpanel\">\n\t\t\t\t\t\t\t\t\t<span>\n\t\t\t\t\t\t\t\t\t<span><p>A Prestige apresenta a estreia mundial do F6.7, do M6 e do M8 EVO, tr\u00eas modelos que representam a evolu\u00e7\u00e3o das linhas F-Line e M-Line.<\/p><\/span>\t\t\t\t\t\t\t\t\t<\/span>\n\t\t\t\t\t\t\t\t<\/div>\n\t\t\t\t\t\t\t<\/div>\n\t\t\t\t\t\t\t\t\t\t\t\t\t\t<div id=\"uael-accordion-5b10133\" class=\"uael-faq-accordion elementor-grid-item\" role=\"tablist\">\n\t\t\t\t\t\t\t\t<div class= \"uael-accordion-title\" aria-expanded=\"false\" role=\"tab\">\n\t\t\t\t\t\t\t\t\t<span class=\"uael-accordion-icon uael-accordion-icon-\">\n\t\t\t\t\t\t\t\t\t\t<span class=\"uael-accordion-icon-closed\"><\/span>\n\t\t\t\t\t\t\t\t\t\t<span class=\"uael-accordion-icon-opened\"><\/span>\n\t\t\t\t\t\t\t\t\t<\/span>\n\t\t\t\t\t\t\t\t\t<h3 class=\"uael-question-5b10133 uael-question-span\" tabindex=\"0\" id=\"uael-faq-2-6a973d463382a\">Quais s\u00e3o as principais caracter\u00edsticas do Prestige F6.7?<\/h3>\n\t\t\t\t\t\t\t\t<\/div>\n\t\t\t\t\t\t\t\t<div class=\"uael-accordion-content\" role=\"tabpanel\">\n\t\t\t\t\t\t\t\t\t<span>\n\t\t\t\t\t\t\t\t\t<span><p>O F6.7 \u00e9 o novo carro-chefe da linha F e oferece 170 m\u00b2 de \u00e1rea \u00fatil, um flybridge de 26 m\u00b2, espa\u00e7os externos amplos e uma configura\u00e7\u00e3o interna com at\u00e9 quatro cabines e capacidade para oito convidados.<\/p><\/span>\t\t\t\t\t\t\t\t\t<\/span>\n\t\t\t\t\t\t\t\t<\/div>\n\t\t\t\t\t\t\t<\/div>\n\t\t\t\t\t\t\t\t\t\t\t\t\t\t<div id=\"uael-accordion-2dc1bf1\" class=\"uael-faq-accordion elementor-grid-item\" role=\"tablist\">\n\t\t\t\t\t\t\t\t<div class= \"uael-accordion-title\" aria-expanded=\"false\" role=\"tab\">\n\t\t\t\t\t\t\t\t\t<span class=\"uael-accordion-icon uael-accordion-icon-\">\n\t\t\t\t\t\t\t\t\t\t<span class=\"uael-accordion-icon-closed\"><\/span>\n\t\t\t\t\t\t\t\t\t\t<span class=\"uael-accordion-icon-opened\"><\/span>\n\t\t\t\t\t\t\t\t\t<\/span>\n\t\t\t\t\t\t\t\t\t<h3 class=\"uael-question-2dc1bf1 uael-question-span\" tabindex=\"0\" id=\"uael-faq-3-6a973d463383a\">Quantas pessoas o Prestige M6 pode acomodar?<\/h3>\n\t\t\t\t\t\t\t\t<\/div>\n\t\t\t\t\t\t\t\t<div class=\"uael-accordion-content\" role=\"tabpanel\">\n\t\t\t\t\t\t\t\t\t<span>\n\t\t\t\t\t\t\t\t\t<span><p>O M6 pode acomodar at\u00e9 oito pessoas e est\u00e1 dispon\u00edvel com tr\u00eas ou quatro cabines. A configura\u00e7\u00e3o com tr\u00eas cabines \u00e9 especialmente recomendada para cruzeiros mais longos.<\/p><\/span>\t\t\t\t\t\t\t\t\t<\/span>\n\t\t\t\t\t\t\t\t<\/div>\n\t\t\t\t\t\t\t<\/div>\n\t\t\t\t\t\t\t\t\t\t\t\t\t\t<div id=\"uael-accordion-4c6ac3d\" class=\"uael-faq-accordion elementor-grid-item\" role=\"tablist\">\n\t\t\t\t\t\t\t\t<div class= \"uael-accordion-title\" aria-expanded=\"false\" role=\"tab\">\n\t\t\t\t\t\t\t\t\t<span class=\"uael-accordion-icon uael-accordion-icon-\">\n\t\t\t\t\t\t\t\t\t\t<span class=\"uael-accordion-icon-closed\"><\/span>\n\t\t\t\t\t\t\t\t\t\t<span class=\"uael-accordion-icon-opened\"><\/span>\n\t\t\t\t\t\t\t\t\t<\/span>\n\t\t\t\t\t\t\t\t\t<h3 class=\"uael-question-4c6ac3d uael-question-span\" tabindex=\"0\" id=\"uael-faq-4-6a973d463384c\">Quais s\u00e3o as principais novidades do Prestige M8 EVO?<\/h3>\n\t\t\t\t\t\t\t\t<\/div>\n\t\t\t\t\t\t\t\t<div class=\"uael-accordion-content\" role=\"tabpanel\">\n\t\t\t\t\t\t\t\t\t<span>\n\t\t\t\t\t\t\t\t\t<span><p>O M8 EVO traz um flybridge que ocupa toda a largura do iate, novas janelas no casco, um teto r\u00edgido redesenhado e uma su\u00edte do propriet\u00e1rio que ocupa toda a largura. O projeto tamb\u00e9m d\u00e1 destaque \u00e0 personaliza\u00e7\u00e3o, \u00e0 luminosidade e \u00e0 continuidade espacial.<\/p><\/span>\t\t\t\t\t\t\t\t\t<\/span>\n\t\t\t\t\t\t\t\t<\/div>\n\t\t\t\t\t\t\t<\/div>\n\t\t\t\t\t\t\t\t\t\t\t<\/div>\n\t\t\t<\/div>\n\t\t\t\t\t\t\t<\/div>\n\t\t\t\t<\/div>\n\t\t\t\t<div class=\"elementor-element elementor-element-1d4d14c elementor-widget elementor-widget-text-editor\" data-id=\"1d4d14c\" data-element_type=\"widget\" data-e-type=\"widget\" data-widget_type=\"text-editor.default\">\n\t\t\t\t<div class=\"elementor-widget-container\">\n\t\t\t\t\t\t\t\t\t<h2><b>Fontes e refer\u00eancias<\/b><\/h2><table><thead><tr><th>Fonte<\/th><th>Descri\u00e7\u00e3o e conte\u00fado fornecido<\/th><\/tr><\/thead><tbody><tr><td><a href=\"https:\/\/www.prestige-yachts.com\/\" target=\"_blank\" rel=\"noopener\">PRESTIGE YACHTS<\/a><\/td><td>Dados oficiais sobre os modelos F6.7, M6 e M8 EVO, caracter\u00edsticas de design, configura\u00e7\u00f5es, \u00e1reas de superf\u00edcie, op\u00e7\u00f5es de motor e tecnologias a bordo.<\/td><\/tr><tr><td><a href=\"https:\/\/www.cannesyachtingfestival.com\/\" target=\"_blank\" rel=\"noopener\">FESTIVAL DE IATOS DE CANNES<\/a><\/td><td>Informa\u00e7\u00f5es sobre a edi\u00e7\u00e3o de 2026 do evento e a apresenta\u00e7\u00e3o em estreia mundial dos tr\u00eas novos modelos da Prestige.<\/td><\/tr><\/tbody><\/table>\t\t\t\t\t\t\t\t<\/div>\n\t\t\t\t<\/div>\n\t\t\t\t\t<\/div>\n\t\t<\/div>\n\t\t\t\t\t<\/div>\n\t\t<\/section>\n\t\t\t\t<\/div>\n\t\t","protected":false},"excerpt":{"rendered":"<p>O ano 2026 marca um marco especialmente importante na hist\u00f3ria da Prestige. No Festival de Iates de Cannes, marcado para 8 a 13 de setembro, o estaleiro franc\u00eas vai apresentar nada menos que tr\u00eas novos modelos em estreia mundial: F6.7, M6e M8 EVO. Uma estreia coletiva em um \u00fanico evento que mostra claramente o rumo [&hellip;]<\/p>\n","protected":false},"author":45,"featured_media":172220,"comment_status":"open","ping_status":"closed","sticky":false,"template":"","format":"standard","meta":{"_mo_disable_npp":"","footnotes":""},"categories":[1672,1770,1671,1653],"tags":[1998],"class_list":["post-172219","post","type-post","status-publish","format-standard","has-post-thumbnail","hentry","category-cannes-yachting-festival-pt-br","category-catamarans-and-multihulls","category-boat-shows-pt-br","category-news-pt-br","tag-iates-de-prestigio"],"yoast_head":"<!-- This site is optimized with the Yoast SEO plugin v28.3 - https:\/\/yoast.com\/product\/yoast-seo-wordpress\/ -->\n<title>Prestige em Cannes 2026: Tr\u00eas estreias mundiais em um \u00fanico evento - Yachting News<\/title>\n<meta name=\"description\" content=\"A Prestige apresenta a estreia mundial do F6.7, do M6 e do M8 EVO, tr\u00eas modelos que representam a evolu\u00e7\u00e3o das linhas F-Line e M-Line.\" \/>\n<meta name=\"robots\" content=\"index, follow, max-snippet:-1, max-image-preview:large, max-video-preview:-1\" \/>\n<link rel=\"canonical\" href=\"https:\/\/www.yachtingnews.com\/pt-br\/prestige-cannes-2026-informacao\/\" \/>\n<meta property=\"og:locale\" content=\"pt_BR\" \/>\n<meta property=\"og:type\" content=\"article\" \/>\n<meta property=\"og:title\" content=\"Prestige em Cannes 2026: Tr\u00eas estreias mundiais em um \u00fanico evento - Yachting News\" \/>\n<meta property=\"og:description\" content=\"A Prestige apresenta a estreia mundial do F6.7, do M6 e do M8 EVO, tr\u00eas modelos que representam a evolu\u00e7\u00e3o das linhas F-Line e M-Line.\" \/>\n<meta property=\"og:url\" content=\"https:\/\/www.yachtingnews.com\/pt-br\/prestige-cannes-2026-informacao\/\" \/>\n<meta property=\"og:site_name\" content=\"Yachting News\" \/>\n<meta property=\"article:publisher\" content=\"https:\/\/www.facebook.com\/TheInternationalYachtingMedia\" \/>\n<meta property=\"article:published_time\" content=\"2026-08-30T17:30:05+00:00\" \/>\n<meta property=\"article:modified_time\" content=\"2026-08-31T17:31:53+00:00\" \/>\n<meta property=\"og:image\" content=\"https:\/\/www.yachtingnews.com\/wp-content\/uploads\/2026\/08\/prestige-cannes26.jpg\" \/>\n\t<meta property=\"og:image:width\" content=\"1400\" \/>\n\t<meta property=\"og:image:height\" content=\"787\" \/>\n\t<meta property=\"og:image:type\" content=\"image\/jpeg\" \/>\n<meta name=\"author\" content=\"Alessandro Giuzio\" \/>\n<meta name=\"twitter:card\" content=\"summary_large_image\" \/>\n<meta name=\"twitter:creator\" content=\"@YachtingMedia\" \/>\n<meta name=\"twitter:site\" content=\"@YachtingMedia\" \/>\n<meta name=\"twitter:label1\" content=\"Escrito por\" \/>\n\t<meta name=\"twitter:data1\" content=\"Alessandro Giuzio\" \/>\n\t<meta name=\"twitter:label2\" content=\"Est. tempo de leitura\" \/>\n\t<meta name=\"twitter:data2\" content=\"12 minutos\" \/>\n<script type=\"application\/ld+json\" class=\"yoast-schema-graph\">{\"@context\":\"https:\\\/\\\/schema.org\",\"@graph\":[{\"@type\":\"Article\",\"@id\":\"https:\\\/\\\/www.yachtingnews.com\\\/pt-br\\\/prestige-cannes-2026-informacao\\\/#article\",\"isPartOf\":{\"@id\":\"https:\\\/\\\/www.yachtingnews.com\\\/pt-br\\\/prestige-cannes-2026-informacao\\\/\"},\"author\":{\"name\":\"Alessandro Giuzio\",\"@id\":\"https:\\\/\\\/www.yachtingnews.com\\\/pt-br\\\/#\\\/schema\\\/person\\\/d2e99eb1c7ce9e28a78d15e3d5d68eb3\"},\"headline\":\"Prestige em Cannes 2026: tr\u00eas estreias mundiais em um \u00fanico evento\",\"datePublished\":\"2026-08-30T17:30:05+00:00\",\"dateModified\":\"2026-08-31T17:31:53+00:00\",\"mainEntityOfPage\":{\"@id\":\"https:\\\/\\\/www.yachtingnews.com\\\/pt-br\\\/prestige-cannes-2026-informacao\\\/\"},\"wordCount\":2435,\"commentCount\":0,\"publisher\":{\"@id\":\"https:\\\/\\\/www.yachtingnews.com\\\/pt-br\\\/#organization\"},\"image\":{\"@id\":\"https:\\\/\\\/www.yachtingnews.com\\\/pt-br\\\/prestige-cannes-2026-informacao\\\/#primaryimage\"},\"thumbnailUrl\":\"https:\\\/\\\/www.yachtingnews.com\\\/wp-content\\\/uploads\\\/2026\\\/08\\\/prestige-cannes26.jpg\",\"keywords\":[\"Iates de prest\u00edgio\"],\"articleSection\":[\"Cannes Yachting Festival\",\"Catamar\u00e3s e multicascos\",\"ESPECT\u00c1CULOS DE BARCOS\",\"Not\u00edcias\"],\"inLanguage\":\"pt-BR\",\"potentialAction\":[{\"@type\":\"CommentAction\",\"name\":\"Comment\",\"target\":[\"https:\\\/\\\/www.yachtingnews.com\\\/pt-br\\\/prestige-cannes-2026-informacao\\\/#respond\"]}]},{\"@type\":\"WebPage\",\"@id\":\"https:\\\/\\\/www.yachtingnews.com\\\/pt-br\\\/prestige-cannes-2026-informacao\\\/\",\"url\":\"https:\\\/\\\/www.yachtingnews.com\\\/pt-br\\\/prestige-cannes-2026-informacao\\\/\",\"name\":\"Prestige em Cannes 2026: Tr\u00eas estreias mundiais em um \u00fanico evento - Yachting News\",\"isPartOf\":{\"@id\":\"https:\\\/\\\/www.yachtingnews.com\\\/pt-br\\\/#website\"},\"primaryImageOfPage\":{\"@id\":\"https:\\\/\\\/www.yachtingnews.com\\\/pt-br\\\/prestige-cannes-2026-informacao\\\/#primaryimage\"},\"image\":{\"@id\":\"https:\\\/\\\/www.yachtingnews.com\\\/pt-br\\\/prestige-cannes-2026-informacao\\\/#primaryimage\"},\"thumbnailUrl\":\"https:\\\/\\\/www.yachtingnews.com\\\/wp-content\\\/uploads\\\/2026\\\/08\\\/prestige-cannes26.jpg\",\"datePublished\":\"2026-08-30T17:30:05+00:00\",\"dateModified\":\"2026-08-31T17:31:53+00:00\",\"description\":\"A Prestige apresenta a estreia mundial do F6.7, do M6 e do M8 EVO, tr\u00eas modelos que representam a evolu\u00e7\u00e3o das linhas F-Line e M-Line.\",\"breadcrumb\":{\"@id\":\"https:\\\/\\\/www.yachtingnews.com\\\/pt-br\\\/prestige-cannes-2026-informacao\\\/#breadcrumb\"},\"inLanguage\":\"pt-BR\",\"potentialAction\":[{\"@type\":\"ReadAction\",\"target\":[\"https:\\\/\\\/www.yachtingnews.com\\\/pt-br\\\/prestige-cannes-2026-informacao\\\/\"]}]},{\"@type\":\"ImageObject\",\"inLanguage\":\"pt-BR\",\"@id\":\"https:\\\/\\\/www.yachtingnews.com\\\/pt-br\\\/prestige-cannes-2026-informacao\\\/#primaryimage\",\"url\":\"https:\\\/\\\/www.yachtingnews.com\\\/wp-content\\\/uploads\\\/2026\\\/08\\\/prestige-cannes26.jpg\",\"contentUrl\":\"https:\\\/\\\/www.yachtingnews.com\\\/wp-content\\\/uploads\\\/2026\\\/08\\\/prestige-cannes26.jpg\",\"width\":1400,\"height\":787,\"caption\":\"prestige cannes 2026 informa\u00e7\u00e3o\"},{\"@type\":\"BreadcrumbList\",\"@id\":\"https:\\\/\\\/www.yachtingnews.com\\\/pt-br\\\/prestige-cannes-2026-informacao\\\/#breadcrumb\",\"itemListElement\":[{\"@type\":\"ListItem\",\"position\":1,\"name\":\"Home\",\"item\":\"https:\\\/\\\/www.yachtingnews.com\\\/pt-br\\\/yachting-news-2\\\/\"},{\"@type\":\"ListItem\",\"position\":2,\"name\":\"Prestige em Cannes 2026: tr\u00eas estreias mundiais em um \u00fanico evento\"}]},{\"@type\":\"WebSite\",\"@id\":\"https:\\\/\\\/www.yachtingnews.com\\\/pt-br\\\/#website\",\"url\":\"https:\\\/\\\/www.yachtingnews.com\\\/pt-br\\\/\",\"name\":\"Yachting News\",\"description\":\"The International Yachting Media\",\"publisher\":{\"@id\":\"https:\\\/\\\/www.yachtingnews.com\\\/pt-br\\\/#organization\"},\"potentialAction\":[{\"@type\":\"SearchAction\",\"target\":{\"@type\":\"EntryPoint\",\"urlTemplate\":\"https:\\\/\\\/www.yachtingnews.com\\\/pt-br\\\/?s={search_term_string}\"},\"query-input\":{\"@type\":\"PropertyValueSpecification\",\"valueRequired\":true,\"valueName\":\"search_term_string\"}}],\"inLanguage\":\"pt-BR\"},{\"@type\":\"Organization\",\"@id\":\"https:\\\/\\\/www.yachtingnews.com\\\/pt-br\\\/#organization\",\"name\":\"Yachting News\",\"url\":\"https:\\\/\\\/www.yachtingnews.com\\\/pt-br\\\/\",\"logo\":{\"@type\":\"ImageObject\",\"inLanguage\":\"pt-BR\",\"@id\":\"https:\\\/\\\/www.yachtingnews.com\\\/pt-br\\\/#\\\/schema\\\/logo\\\/image\\\/\",\"url\":\"https:\\\/\\\/www.yachtingnews.com\\\/wp-content\\\/uploads\\\/2023\\\/02\\\/LOGO-Yachting-NEWS-blu-800.png\",\"contentUrl\":\"https:\\\/\\\/www.yachtingnews.com\\\/wp-content\\\/uploads\\\/2023\\\/02\\\/LOGO-Yachting-NEWS-blu-800.png\",\"width\":790,\"height\":99,\"caption\":\"Yachting News\"},\"image\":{\"@id\":\"https:\\\/\\\/www.yachtingnews.com\\\/pt-br\\\/#\\\/schema\\\/logo\\\/image\\\/\"},\"sameAs\":[\"https:\\\/\\\/www.facebook.com\\\/TheInternationalYachtingMedia\",\"https:\\\/\\\/x.com\\\/YachtingMedia\",\"https:\\\/\\\/www.instagram.com\\\/yachting.news\\\/\",\"https:\\\/\\\/www.linkedin.com\\\/company\\\/the-international-yachting-media\",\"https:\\\/\\\/www.youtube.com\\\/c\\\/TheInternationalYachtingMedia\"]},{\"@type\":\"Person\",\"@id\":\"https:\\\/\\\/www.yachtingnews.com\\\/pt-br\\\/#\\\/schema\\\/person\\\/d2e99eb1c7ce9e28a78d15e3d5d68eb3\",\"name\":\"Alessandro Giuzio\",\"image\":{\"@type\":\"ImageObject\",\"inLanguage\":\"pt-BR\",\"@id\":\"https:\\\/\\\/www.yachtingnews.com\\\/wp-content\\\/litespeed\\\/avatar\\\/a99e5f8da4fc551fb53eb9f1fec61fb4.jpg?ver=1788189881\",\"url\":\"https:\\\/\\\/www.yachtingnews.com\\\/wp-content\\\/litespeed\\\/avatar\\\/a99e5f8da4fc551fb53eb9f1fec61fb4.jpg?ver=1788189881\",\"contentUrl\":\"https:\\\/\\\/www.yachtingnews.com\\\/wp-content\\\/litespeed\\\/avatar\\\/a99e5f8da4fc551fb53eb9f1fec61fb4.jpg?ver=1788189881\",\"caption\":\"Alessandro Giuzio\"},\"description\":\"Alessandro is a professional journalist and contributes to The International Yachting Media since 2022. He is an expert on the sea and of course on boats.\",\"url\":\"https:\\\/\\\/www.yachtingnews.com\\\/pt-br\\\/author\\\/alexgiuzio\\\/\"}]}<\/script>\n<!-- \/ Yoast SEO plugin. -->","yoast_head_json":{"title":"Prestige em Cannes 2026: Tr\u00eas estreias mundiais em um \u00fanico evento - Yachting News","description":"A Prestige apresenta a estreia mundial do F6.7, do M6 e do M8 EVO, tr\u00eas modelos que representam a evolu\u00e7\u00e3o das linhas F-Line e M-Line.","robots":{"index":"index","follow":"follow","max-snippet":"max-snippet:-1","max-image-preview":"max-image-preview:large","max-video-preview":"max-video-preview:-1"},"canonical":"https:\/\/www.yachtingnews.com\/pt-br\/prestige-cannes-2026-informacao\/","og_locale":"pt_BR","og_type":"article","og_title":"Prestige em Cannes 2026: Tr\u00eas estreias mundiais em um \u00fanico evento - Yachting News","og_description":"A Prestige apresenta a estreia mundial do F6.7, do M6 e do M8 EVO, tr\u00eas modelos que representam a evolu\u00e7\u00e3o das linhas F-Line e M-Line.","og_url":"https:\/\/www.yachtingnews.com\/pt-br\/prestige-cannes-2026-informacao\/","og_site_name":"Yachting News","article_publisher":"https:\/\/www.facebook.com\/TheInternationalYachtingMedia","article_published_time":"2026-08-30T17:30:05+00:00","article_modified_time":"2026-08-31T17:31:53+00:00","og_image":[{"width":1400,"height":787,"url":"https:\/\/www.yachtingnews.com\/wp-content\/uploads\/2026\/08\/prestige-cannes26.jpg","type":"image\/jpeg"}],"author":"Alessandro Giuzio","twitter_card":"summary_large_image","twitter_creator":"@YachtingMedia","twitter_site":"@YachtingMedia","twitter_misc":{"Escrito por":"Alessandro Giuzio","Est. tempo de leitura":"12 minutos"},"schema":{"@context":"https:\/\/schema.org","@graph":[{"@type":"Article","@id":"https:\/\/www.yachtingnews.com\/pt-br\/prestige-cannes-2026-informacao\/#article","isPartOf":{"@id":"https:\/\/www.yachtingnews.com\/pt-br\/prestige-cannes-2026-informacao\/"},"author":{"name":"Alessandro Giuzio","@id":"https:\/\/www.yachtingnews.com\/pt-br\/#\/schema\/person\/d2e99eb1c7ce9e28a78d15e3d5d68eb3"},"headline":"Prestige em Cannes 2026: tr\u00eas estreias mundiais em um \u00fanico evento","datePublished":"2026-08-30T17:30:05+00:00","dateModified":"2026-08-31T17:31:53+00:00","mainEntityOfPage":{"@id":"https:\/\/www.yachtingnews.com\/pt-br\/prestige-cannes-2026-informacao\/"},"wordCount":2435,"commentCount":0,"publisher":{"@id":"https:\/\/www.yachtingnews.com\/pt-br\/#organization"},"image":{"@id":"https:\/\/www.yachtingnews.com\/pt-br\/prestige-cannes-2026-informacao\/#primaryimage"},"thumbnailUrl":"https:\/\/www.yachtingnews.com\/wp-content\/uploads\/2026\/08\/prestige-cannes26.jpg","keywords":["Iates de prest\u00edgio"],"articleSection":["Cannes Yachting Festival","Catamar\u00e3s e multicascos","ESPECT\u00c1CULOS DE BARCOS","Not\u00edcias"],"inLanguage":"pt-BR","potentialAction":[{"@type":"CommentAction","name":"Comment","target":["https:\/\/www.yachtingnews.com\/pt-br\/prestige-cannes-2026-informacao\/#respond"]}]},{"@type":"WebPage","@id":"https:\/\/www.yachtingnews.com\/pt-br\/prestige-cannes-2026-informacao\/","url":"https:\/\/www.yachtingnews.com\/pt-br\/prestige-cannes-2026-informacao\/","name":"Prestige em Cannes 2026: Tr\u00eas estreias mundiais em um \u00fanico evento - Yachting News","isPartOf":{"@id":"https:\/\/www.yachtingnews.com\/pt-br\/#website"},"primaryImageOfPage":{"@id":"https:\/\/www.yachtingnews.com\/pt-br\/prestige-cannes-2026-informacao\/#primaryimage"},"image":{"@id":"https:\/\/www.yachtingnews.com\/pt-br\/prestige-cannes-2026-informacao\/#primaryimage"},"thumbnailUrl":"https:\/\/www.yachtingnews.com\/wp-content\/uploads\/2026\/08\/prestige-cannes26.jpg","datePublished":"2026-08-30T17:30:05+00:00","dateModified":"2026-08-31T17:31:53+00:00","description":"A Prestige apresenta a estreia mundial do F6.7, do M6 e do M8 EVO, tr\u00eas modelos que representam a evolu\u00e7\u00e3o das linhas F-Line e M-Line.","breadcrumb":{"@id":"https:\/\/www.yachtingnews.com\/pt-br\/prestige-cannes-2026-informacao\/#breadcrumb"},"inLanguage":"pt-BR","potentialAction":[{"@type":"ReadAction","target":["https:\/\/www.yachtingnews.com\/pt-br\/prestige-cannes-2026-informacao\/"]}]},{"@type":"ImageObject","inLanguage":"pt-BR","@id":"https:\/\/www.yachtingnews.com\/pt-br\/prestige-cannes-2026-informacao\/#primaryimage","url":"https:\/\/www.yachtingnews.com\/wp-content\/uploads\/2026\/08\/prestige-cannes26.jpg","contentUrl":"https:\/\/www.yachtingnews.com\/wp-content\/uploads\/2026\/08\/prestige-cannes26.jpg","width":1400,"height":787,"caption":"prestige cannes 2026 informa\u00e7\u00e3o"},{"@type":"BreadcrumbList","@id":"https:\/\/www.yachtingnews.com\/pt-br\/prestige-cannes-2026-informacao\/#breadcrumb","itemListElement":[{"@type":"ListItem","position":1,"name":"Home","item":"https:\/\/www.yachtingnews.com\/pt-br\/yachting-news-2\/"},{"@type":"ListItem","position":2,"name":"Prestige em Cannes 2026: tr\u00eas estreias mundiais em um \u00fanico evento"}]},{"@type":"WebSite","@id":"https:\/\/www.yachtingnews.com\/pt-br\/#website","url":"https:\/\/www.yachtingnews.com\/pt-br\/","name":"Yachting News","description":"The International Yachting Media","publisher":{"@id":"https:\/\/www.yachtingnews.com\/pt-br\/#organization"},"potentialAction":[{"@type":"SearchAction","target":{"@type":"EntryPoint","urlTemplate":"https:\/\/www.yachtingnews.com\/pt-br\/?s={search_term_string}"},"query-input":{"@type":"PropertyValueSpecification","valueRequired":true,"valueName":"search_term_string"}}],"inLanguage":"pt-BR"},{"@type":"Organization","@id":"https:\/\/www.yachtingnews.com\/pt-br\/#organization","name":"Yachting News","url":"https:\/\/www.yachtingnews.com\/pt-br\/","logo":{"@type":"ImageObject","inLanguage":"pt-BR","@id":"https:\/\/www.yachtingnews.com\/pt-br\/#\/schema\/logo\/image\/","url":"https:\/\/www.yachtingnews.com\/wp-content\/uploads\/2023\/02\/LOGO-Yachting-NEWS-blu-800.png","contentUrl":"https:\/\/www.yachtingnews.com\/wp-content\/uploads\/2023\/02\/LOGO-Yachting-NEWS-blu-800.png","width":790,"height":99,"caption":"Yachting News"},"image":{"@id":"https:\/\/www.yachtingnews.com\/pt-br\/#\/schema\/logo\/image\/"},"sameAs":["https:\/\/www.facebook.com\/TheInternationalYachtingMedia","https:\/\/x.com\/YachtingMedia","https:\/\/www.instagram.com\/yachting.news\/","https:\/\/www.linkedin.com\/company\/the-international-yachting-media","https:\/\/www.youtube.com\/c\/TheInternationalYachtingMedia"]},{"@type":"Person","@id":"https:\/\/www.yachtingnews.com\/pt-br\/#\/schema\/person\/d2e99eb1c7ce9e28a78d15e3d5d68eb3","name":"Alessandro Giuzio","image":{"@type":"ImageObject","inLanguage":"pt-BR","@id":"https:\/\/www.yachtingnews.com\/wp-content\/litespeed\/avatar\/a99e5f8da4fc551fb53eb9f1fec61fb4.jpg?ver=1788189881","url":"https:\/\/www.yachtingnews.com\/wp-content\/litespeed\/avatar\/a99e5f8da4fc551fb53eb9f1fec61fb4.jpg?ver=1788189881","contentUrl":"https:\/\/www.yachtingnews.com\/wp-content\/litespeed\/avatar\/a99e5f8da4fc551fb53eb9f1fec61fb4.jpg?ver=1788189881","caption":"Alessandro Giuzio"},"description":"Alessandro is a professional journalist and contributes to The International Yachting Media since 2022. He is an expert on the sea and of course on boats.","url":"https:\/\/www.yachtingnews.com\/pt-br\/author\/alexgiuzio\/"}]}},"_links":{"self":[{"href":"https:\/\/www.yachtingnews.com\/pt-br\/wp-json\/wp\/v2\/posts\/172219","targetHints":{"allow":["GET"]}}],"collection":[{"href":"https:\/\/www.yachtingnews.com\/pt-br\/wp-json\/wp\/v2\/posts"}],"about":[{"href":"https:\/\/www.yachtingnews.com\/pt-br\/wp-json\/wp\/v2\/types\/post"}],"author":[{"embeddable":true,"href":"https:\/\/www.yachtingnews.com\/pt-br\/wp-json\/wp\/v2\/users\/45"}],"replies":[{"embeddable":true,"href":"https:\/\/www.yachtingnews.com\/pt-br\/wp-json\/wp\/v2\/comments?post=172219"}],"version-history":[{"count":1,"href":"https:\/\/www.yachtingnews.com\/pt-br\/wp-json\/wp\/v2\/posts\/172219\/revisions"}],"predecessor-version":[{"id":172221,"href":"https:\/\/www.yachtingnews.com\/pt-br\/wp-json\/wp\/v2\/posts\/172219\/revisions\/172221"}],"wp:featuredmedia":[{"embeddable":true,"href":"https:\/\/www.yachtingnews.com\/pt-br\/wp-json\/wp\/v2\/media\/172220"}],"wp:attachment":[{"href":"https:\/\/www.yachtingnews.com\/pt-br\/wp-json\/wp\/v2\/media?parent=172219"}],"wp:term":[{"taxonomy":"category","embeddable":true,"href":"https:\/\/www.yachtingnews.com\/pt-br\/wp-json\/wp\/v2\/categories?post=172219"},{"taxonomy":"post_tag","embeddable":true,"href":"https:\/\/www.yachtingnews.com\/pt-br\/wp-json\/wp\/v2\/tags?post=172219"}],"curies":[{"name":"wp","href":"https:\/\/api.w.org\/{rel}","templated":true}]}}