{"id":172345,"date":"2026-09-04T02:00:00","date_gmt":"2026-09-04T01:00:00","guid":{"rendered":"https:\/\/www.yachtingnews.com\/absolute-cannes-26\/"},"modified":"2026-09-04T10:39:46","modified_gmt":"2026-09-04T09:39:46","slug":"absolute-cannes-26","status":"publish","type":"post","link":"https:\/\/www.yachtingnews.com\/pt-br\/absolute-cannes-26\/","title":{"rendered":"A Absolute no Festival de Iates de Cannes 2026 com tr\u00eas estreias mundiais"},"content":{"rendered":"\t\t<div data-elementor-type=\"wp-post\" data-elementor-id=\"172345\" class=\"elementor elementor-172345 elementor-172327\" data-elementor-post-type=\"post\">\n\t\t\t\t\t\t<section class=\"elementor-section elementor-top-section elementor-element elementor-element-ba187e4 elementor-section-boxed elementor-section-height-default elementor-section-height-default\" data-id=\"ba187e4\" data-element_type=\"section\" data-e-type=\"section\">\n\t\t\t\t\t\t<div class=\"elementor-container elementor-column-gap-default\">\n\t\t\t\t\t<div class=\"elementor-column elementor-col-100 elementor-top-column elementor-element elementor-element-0023328\" data-id=\"0023328\" data-element_type=\"column\" data-e-type=\"column\">\n\t\t\t<div class=\"elementor-widget-wrap elementor-element-populated\">\n\t\t\t\t\t\t<div class=\"elementor-element elementor-element-a58e7eb elementor-widget elementor-widget-text-editor\" data-id=\"a58e7eb\" data-element_type=\"widget\" data-e-type=\"widget\" data-widget_type=\"text-editor.default\">\n\t\t\t\t<div class=\"elementor-widget-container\">\n\t\t\t\t\t\t\t\t\t<p>A Absolute volta ao <a href=\"https:\/\/www.yachtingnews.com\/pt-br\/cannes-yachting-festival-2026-date\/\">Festival de Iates de Cannes 2026<\/a>, que vai rolar de 8 a 13 de setembro, com uma frota de onze iates e tr\u00eas estreias mundiais. A participa\u00e7\u00e3o na feira francesa \u00e9 uma oportunidade para o estaleiro mostrar a evolu\u00e7\u00e3o de sua linha e uma filosofia de design focada na rela\u00e7\u00e3o entre espa\u00e7o, luz natural, tecnologia e conforto para um p\u00fablico internacional.<\/p><p><span style=\"font-weight: 400;\">A frota da Absolute vai estar em exposi\u00e7\u00e3o na \u00e1rea de Pantiero, onde os visitantes v\u00e3o poder ver de perto tr\u00eas novos modelos de 2026: <\/span><b>Navetta 50<\/b><span style=\"font-weight: 400;\">, <\/span><b>Navetta 58\u2033<\/b><span style=\"font-weight: 400;\">e <\/span><b>Navetta 66<\/b><span style=\"font-weight: 400;\">. Esses tr\u00eas iates diferem em tamanho e layout, mas t\u00eam em comum uma s\u00e9rie de caracter\u00edsticas que marcam a produ\u00e7\u00e3o mais recente da Absolute: continuidade entre os espa\u00e7os internos e externos, grandes superf\u00edcies envidra\u00e7adas, materiais refinados e aten\u00e7\u00e3o especial \u00e0 funcionalidade dos ambientes.<\/span><\/p><h2>Navetta 66: O Absolute Aurora<\/h2><p><b>Navetta 66<\/b><span style=\"font-weight: 400;\"> \u00e9 uma das principais atra\u00e7\u00f5es do sal\u00e3o franc\u00eas. Batizada de <\/span><b>\u201cThe Absolute Aurora\u201d<\/b><span style=\"font-weight: 400;\">, esse iate foi projetado para valorizar, acima de tudo, a luminosidade e os espa\u00e7os abertos. As grandes janelas ajudam a criar uma conex\u00e3o direta entre os espa\u00e7os internos e a paisagem ao redor, enquanto as \u00e1reas de conviv\u00eancia s\u00e3o organizadas para oferecer uma sensa\u00e7\u00e3o de continuidade e amplitude.<\/span><\/p><p><img decoding=\"async\" class=\"aligncenter size-full wp-image-172328\" src=\"https:\/\/www.yachtingnews.com\/wp-content\/uploads\/2026\/09\/Absolute_Navetta_66-31-1.jpg\" alt=\"absoluto\" width=\"1200\" height=\"800\" srcset=\"https:\/\/www.yachtingnews.com\/wp-content\/uploads\/2026\/09\/Absolute_Navetta_66-31-1.jpg 1200w, https:\/\/www.yachtingnews.com\/wp-content\/uploads\/2026\/09\/Absolute_Navetta_66-31-1-300x200.jpg 300w, https:\/\/www.yachtingnews.com\/wp-content\/uploads\/2026\/09\/Absolute_Navetta_66-31-1-768x512.jpg 768w\" sizes=\"(max-width: 1200px) 100vw, 1200px\" \/><\/p><p><span style=\"font-weight: 400;\">Para o interior, tem duas op\u00e7\u00f5es diferentes de decora\u00e7\u00e3o dispon\u00edveis, <\/span><b>Sunrise<\/b><span style=\"font-weight: 400;\"> e <\/span><b>Sunset<\/b><span style=\"font-weight: 400;\">, criadas de acordo com os gostos pessoais e a maneira como cada um curte seu iate. Essa possibilidade incr\u00edvel de personaliza\u00e7\u00e3o se encaixa num design em que a qualidade dos ambientes e a rela\u00e7\u00e3o deles com a luz natural t\u00eam um papel central.<\/span><\/p><h2>Navetta 58\u201d: O Absoluto Andromeda<\/h2><p><span style=\"font-weight: 400;\">A segunda estreia mundial \u00e9 a <\/span><b>\u201cNavetta 58\u201d<\/b><span style=\"font-weight: 400;\">, <\/span><b>A Absolute Andromeda<\/b><span style=\"font-weight: 400;\">. Nesse modelo, a identidade estil\u00edstica do estaleiro vem acompanhada de uma s\u00e9rie de solu\u00e7\u00f5es voltadas para a funcionalidade e o conforto. Entre os elementos mais marcantes est\u00e3o o terra\u00e7o da cabine de comando e o perfil externo, que se destaca por um corrim\u00e3o cont\u00ednuo. Tamb\u00e9m foi dada aten\u00e7\u00e3o especial \u00e0s janelas da proa, que se destacam pelo formato \u201csquircle\u201d \u2014 uma combina\u00e7\u00e3o de geometrias quadradas e arredondadas.<\/span><\/p><p><img decoding=\"async\" class=\"aligncenter size-full wp-image-172329\" src=\"https:\/\/www.yachtingnews.com\/wp-content\/uploads\/2026\/09\/Absolute-Navetta58-Andromeda-06-1200x800-1.jpg\" alt=\"Absolute Navetta 58\" width=\"1200\" height=\"800\" srcset=\"https:\/\/www.yachtingnews.com\/wp-content\/uploads\/2026\/09\/Absolute-Navetta58-Andromeda-06-1200x800-1.jpg 1200w, https:\/\/www.yachtingnews.com\/wp-content\/uploads\/2026\/09\/Absolute-Navetta58-Andromeda-06-1200x800-1-300x200.jpg 300w, https:\/\/www.yachtingnews.com\/wp-content\/uploads\/2026\/09\/Absolute-Navetta58-Andromeda-06-1200x800-1-768x512.jpg 768w\" sizes=\"(max-width: 1200px) 100vw, 1200px\" \/><\/p><p><span style=\"font-weight: 400;\">O projeto combina essas caracter\u00edsticas est\u00e9ticas com solu\u00e7\u00f5es inteligentes para melhorar a privacidade e a aproveitabilidade do espa\u00e7o. O objetivo \u00e9 tornar a vida a bordo mais pr\u00e1tica em qualquer condi\u00e7\u00e3o do mar.<\/span><\/p><h2>Navetta 50: O Calypso Absoluto<\/h2><p><span style=\"font-weight: 400;\">Para completar o trio de estreias, temos o <\/span><b>Navetta 50<\/b><span style=\"font-weight: 400;\"> \u2013 <\/span><b>O Absolute Calypso<\/b><span style=\"font-weight: 400;\">, que traz os princ\u00edpios da nova gera\u00e7\u00e3o Absolute para dimens\u00f5es mais compactas. O modelo \u00e9 o novo iate b\u00e1sico da Absolute, voltado para donos que buscam maior facilidade de manobra sem abrir m\u00e3o do espa\u00e7o e do conforto t\u00edpicos do estaleiro. As \u00e1reas externas s\u00e3o espa\u00e7osas, e as janelas panor\u00e2micas ajudam a manter uma forte conex\u00e3o visual com o mar.<\/span><\/p><p><img decoding=\"async\" class=\"size-full wp-image-172330\" src=\"https:\/\/www.yachtingnews.com\/wp-content\/uploads\/2026\/09\/Absolute_Navetta_50-6.jpg\" alt=\"\" width=\"1200\" height=\"676\" srcset=\"https:\/\/www.yachtingnews.com\/wp-content\/uploads\/2026\/09\/Absolute_Navetta_50-6.jpg 1200w, https:\/\/www.yachtingnews.com\/wp-content\/uploads\/2026\/09\/Absolute_Navetta_50-6-300x169.jpg 300w, https:\/\/www.yachtingnews.com\/wp-content\/uploads\/2026\/09\/Absolute_Navetta_50-6-768x433.jpg 768w\" sizes=\"(max-width: 1200px) 100vw, 1200px\" \/><\/p><p><span style=\"font-weight: 400;\">Entre as solu\u00e7\u00f5es funcionais, destaca-se a porta lateral a estibordo, projetada para facilitar as opera\u00e7\u00f5es de atraca\u00e7\u00e3o: um elemento que ressalta a aten\u00e7\u00e3o do estaleiro aos aspectos pr\u00e1ticos da gest\u00e3o di\u00e1ria do iate.<\/span><\/p><h2>Onze iates em exposi\u00e7\u00e3o em Cannes<\/h2><p><span style=\"font-weight: 400;\">Al\u00e9m das tr\u00eas estreias mundiais, a Absolute vai levar alguns dos modelos mais representativos da sua linha para o Cannes Yachting Festival. A frota presente em Pantiero vai incluir estes outros oito iates: <\/span><b>Navetta 75<\/b><span style=\"font-weight: 400;\">, <\/span><b>Navetta 62<\/b><span style=\"font-weight: 400;\">, <\/span><b>Navetta 70<\/b><span style=\"font-weight: 400;\">, <\/span><b>Navetta 53<\/b><span style=\"font-weight: 400;\">, <\/span><b>52 Fly<\/b><span style=\"font-weight: 400;\">, <\/span><b>56 Fly<\/b><span style=\"font-weight: 400;\">, <\/span><b>60 Fly<\/b><span style=\"font-weight: 400;\">, <\/span> <b>70 Fly<\/b><span style=\"font-weight: 400;\">. A sele\u00e7\u00e3o vai permitir que o p\u00fablico de Cannes acompanhe a evolu\u00e7\u00e3o da linha por meio de modelos que variam em tamanho e caracter\u00edsticas, mas que t\u00eam em comum uma abordagem de design consistente.<\/span><\/p><p><span style=\"font-weight: 400;\">Um dos elementos recorrentes na produ\u00e7\u00e3o da Absolute \u00e9 a busca por uma maior integra\u00e7\u00e3o entre os ambientes internos e externos. As arquiteturas dos ve\u00edculos s\u00e3o projetadas para potencializar a luz natural por meio de grandes superf\u00edcies de vidro e um layout voltado para a continuidade visual. Essa caracter\u00edstica fez toda a diferen\u00e7a na consolida\u00e7\u00e3o da Absolute no mercado global.<\/span><\/p><p><span style=\"font-weight: 400;\">A mesma aten\u00e7\u00e3o se v\u00ea na escolha dos materiais. Teca, madeiras nobres, a\u00e7o inoxid\u00e1vel, cer\u00e2mica e couro s\u00e3o usados para definir espa\u00e7os onde a qualidade do trabalho artesanal se combina com a funcionalidade. Complementando esse aspecto, h\u00e1 as solu\u00e7\u00f5es de engenharia desenvolvidas para aumentar o conforto e facilitar o dia a dia a bordo.<\/span><\/p><h2>Tecnologia e foco na sustentabilidade<\/h2> <p><span style=\"font-weight: 400;\">A filosofia de design da Absolute tamb\u00e9m inclui elementos relacionados \u00e0 efici\u00eancia e \u00e0 sustentabilidade. Sistemas de ventila\u00e7\u00e3o natural e pain\u00e9is solares integrados est\u00e3o dispon\u00edveis em alguns modelos da linha: essas solu\u00e7\u00f5es fazem parte de uma abordagem que visa reduzir o consumo e melhorar a efici\u00eancia dos sistemas a bordo. A tecnologia \u00e9 integrada ao design sem perder de vista o objetivo principal: oferecer uma experi\u00eancia de navega\u00e7\u00e3o confort\u00e1vel e um uso simples e funcional dos espa\u00e7os.<\/span><\/p><h2>Conclus\u00f5es<\/h2> <p><span style=\"font-weight: 400;\">O Cannes Yachting Festival 2026 representa um novo marco para a Absolute no desenvolvimento de sua linha. As tr\u00eas estreias mundiais da gera\u00e7\u00e3o 2026 mostram uma evolu\u00e7\u00e3o que abrange, ao mesmo tempo, o design, a organiza\u00e7\u00e3o espacial e as solu\u00e7\u00f5es t\u00e9cnicas. <\/span><b>Navetta 50<\/b><span style=\"font-weight: 400;\">, <\/span><b>Navetta 58\u201d<\/b><span style=\"font-weight: 400;\">e <\/span><b>Navetta 66<\/b><span style=\"font-weight: 400;\"> interpretam essa jornada por meio de tr\u00eas projetos diferentes, mantendo um foco comum na luminosidade, na continuidade dos espa\u00e7os e no conforto. Os onze iates em exposi\u00e7\u00e3o na Pantiero v\u00e3o, assim, oferecer uma vis\u00e3o completa da dire\u00e7\u00e3o tomada pelo estaleiro, combinando inova\u00e7\u00e3o em design, habilidade artesanal e novas formas de vivenciar o mar.<\/span><\/p><h2>Fontes e refer\u00eancias<\/h2><table dir=\"ltr\" border=\"1\" cellspacing=\"0\" cellpadding=\"0\" data-sheets-root=\"1\" data-sheets-baot=\"1\"><colgroup> <col width=\"100\"> <col width=\"100\"><\/colgroup><tbody><tr><td><strong>Fonte<\/strong><\/td><td><strong>Conte\u00fado<\/strong><\/td><\/tr><tr><td><a href=\"https:\/\/www.absolute-yachts.com\/\">Absolute Yachts<\/a><\/td><td><div><div>Informa\u00e7\u00f5es sobre o estaleiro, a linha de produtos e os modelos da Absolute<\/div><\/div><\/td><\/tr><tr><td><a href=\"https:\/\/www.cannesyachtingfestival.com\/\">Festival de Iates de Cannes<\/a><\/td><td><div><div>Informa\u00e7\u00f5es oficiais sobre o sal\u00e3o n\u00e1utico e a edi\u00e7\u00e3o de 2026<\/div><\/div><\/td><\/tr><\/tbody><\/table><h2>Absolute em Cannes 2026 \u2013 Perguntas frequentes<\/h2>\t\t\t\t\t\t\t\t<\/div>\n\t\t\t\t<\/div>\n\t\t\t\t<div class=\"elementor-element elementor-element-b0298df elementor-grid-1 elementor-grid-tablet-2 elementor-grid-mobile-1 elementor-widget elementor-widget-uael-faq\" data-id=\"b0298df\" data-element_type=\"widget\" data-e-type=\"widget\" data-widget_type=\"uael-faq.default\">\n\t\t\t\t<div class=\"elementor-widget-container\">\n\t\t\t\t\t\n\t\t\t<div id='uael-faq-wrapper-184' class=\"uael-faq-wrapper\">\n\t\t\t\t<div class=\"uael-faq-container uael-faq-layout-grid elementor-grid\" >\n\t\t\t\t\t\t\t\t\t\t\t\t<div id=\"uael-accordion-455070e\" class=\"uael-faq-accordion elementor-grid-item\" role=\"tablist\">\n\t\t\t\t\t\t\t\t<div class= \"uael-accordion-title\" aria-expanded=\"false\" role=\"tab\">\n\t\t\t\t\t\t\t\t\t<span class=\"uael-accordion-icon uael-accordion-icon-\">\n\t\t\t\t\t\t\t\t\t\t<span class=\"uael-accordion-icon-closed\"><\/span>\n\t\t\t\t\t\t\t\t\t\t<span class=\"uael-accordion-icon-opened\"><\/span>\n\t\t\t\t\t\t\t\t\t<\/span>\n\t\t\t\t\t\t\t\t\t<h3 class=\"uael-question-455070e uael-question-span\" tabindex=\"0\" id=\"uael-faq-1-6a9adb16019a6\">Quantos iates a Absolute vai apresentar no Festival de Iates de Cannes de 2026?<\/h3>\n\t\t\t\t\t\t\t\t<\/div>\n\t\t\t\t\t\t\t\t<div class=\"uael-accordion-content\" role=\"tabpanel\">\n\t\t\t\t\t\t\t\t\t<span>\n\t\t\t\t\t\t\t\t\t<span><p>A Absolute vai levar uma frota total de onze iates para Cannes, que v\u00e3o ficar expostos na \u00e1rea da Pantiero. A sele\u00e7\u00e3o inclui modelos das linhas Navetta e Fly.<\/p><\/span>\t\t\t\t\t\t\t\t\t<\/span>\n\t\t\t\t\t\t\t\t<\/div>\n\t\t\t\t\t\t\t<\/div>\n\t\t\t\t\t\t\t\t\t\t\t\t\t\t<div id=\"uael-accordion-57539ec\" class=\"uael-faq-accordion elementor-grid-item\" role=\"tablist\">\n\t\t\t\t\t\t\t\t<div class= \"uael-accordion-title\" aria-expanded=\"false\" role=\"tab\">\n\t\t\t\t\t\t\t\t\t<span class=\"uael-accordion-icon uael-accordion-icon-\">\n\t\t\t\t\t\t\t\t\t\t<span class=\"uael-accordion-icon-closed\"><\/span>\n\t\t\t\t\t\t\t\t\t\t<span class=\"uael-accordion-icon-opened\"><\/span>\n\t\t\t\t\t\t\t\t\t<\/span>\n\t\t\t\t\t\t\t\t\t<h3 class=\"uael-question-57539ec uael-question-span\" tabindex=\"0\" id=\"uael-faq-2-6a9adb16019bf\">Quais s\u00e3o as tr\u00eas estreias mundiais do Absolute?<\/h3>\n\t\t\t\t\t\t\t\t<\/div>\n\t\t\t\t\t\t\t\t<div class=\"uael-accordion-content\" role=\"tabpanel\">\n\t\t\t\t\t\t\t\t\t<span>\n\t\t\t\t\t\t\t\t\t<span><p>Os tr\u00eas novos modelos da Gera\u00e7\u00e3o 2026 s\u00e3o o Navetta 50 \u2013 The Absolute Calypso, o Navetta 58\u201d \u2013 The Absolute Andromeda e o Navetta 66 \u2013 The Absolute Aurora.<\/p><\/span>\t\t\t\t\t\t\t\t\t<\/span>\n\t\t\t\t\t\t\t\t<\/div>\n\t\t\t\t\t\t\t<\/div>\n\t\t\t\t\t\t\t\t\t\t\t\t\t\t<div id=\"uael-accordion-9fdaa14\" class=\"uael-faq-accordion elementor-grid-item\" role=\"tablist\">\n\t\t\t\t\t\t\t\t<div class= \"uael-accordion-title\" aria-expanded=\"false\" role=\"tab\">\n\t\t\t\t\t\t\t\t\t<span class=\"uael-accordion-icon uael-accordion-icon-\">\n\t\t\t\t\t\t\t\t\t\t<span class=\"uael-accordion-icon-closed\"><\/span>\n\t\t\t\t\t\t\t\t\t\t<span class=\"uael-accordion-icon-opened\"><\/span>\n\t\t\t\t\t\t\t\t\t<\/span>\n\t\t\t\t\t\t\t\t\t<h3 class=\"uael-question-9fdaa14 uael-question-span\" tabindex=\"0\" id=\"uael-faq-3-6a9adb16019ce\">Onde os iates da Absolute v\u00e3o estar em exposi\u00e7\u00e3o em Cannes?<\/h3>\n\t\t\t\t\t\t\t\t<\/div>\n\t\t\t\t\t\t\t\t<div class=\"uael-accordion-content\" role=\"tabpanel\">\n\t\t\t\t\t\t\t\t\t<span>\n\t\t\t\t\t\t\t\t\t<span><p>Os onze iates v\u00e3o ficar expostos no estande PAN214-008, na \u00e1rea de Pantiero do Festival de Iates de Cannes 2026, que vai rolar de 8 a 13 de setembro.<\/p><\/span>\t\t\t\t\t\t\t\t\t<\/span>\n\t\t\t\t\t\t\t\t<\/div>\n\t\t\t\t\t\t\t<\/div>\n\t\t\t\t\t\t\t\t\t\t\t<\/div>\n\t\t\t<\/div>\n\t\t\t\t\t\t\t<\/div>\n\t\t\t\t<\/div>\n\t\t\t\t\t<\/div>\n\t\t<\/div>\n\t\t\t\t\t<\/div>\n\t\t<\/section>\n\t\t\t\t<\/div>\n\t\t","protected":false},"excerpt":{"rendered":"<p>A Absolute volta ao Festival de Iates de Cannes 2026, que vai rolar de 8 a 13 de setembro, com uma frota de onze iates e tr\u00eas estreias mundiais. A participa\u00e7\u00e3o na feira francesa \u00e9 uma oportunidade para o estaleiro mostrar a evolu\u00e7\u00e3o de sua linha e uma filosofia de design focada na rela\u00e7\u00e3o entre [&hellip;]<\/p>\n","protected":false},"author":45,"featured_media":172347,"comment_status":"open","ping_status":"closed","sticky":false,"template":"","format":"standard","meta":{"_mo_disable_npp":"","footnotes":""},"categories":[1653],"tags":[],"class_list":["post-172345","post","type-post","status-publish","format-standard","has-post-thumbnail","hentry","category-news-pt-br"],"yoast_head":"<!-- This site is optimized with the Yoast SEO plugin v28.4 - https:\/\/yoast.com\/product\/yoast-seo-wordpress\/ -->\n<title>A Absolute em Cannes 2026 com 3 estreias - Yachting News<\/title>\n<meta name=\"description\" content=\"Os 11 iates da Absolute em exposi\u00e7\u00e3o mostram a nova gera\u00e7\u00e3o do estaleiro italiano, com destaque para o Navetta 50, o Navetta 58 e o Navetta 66.\" \/>\n<meta name=\"robots\" content=\"index, follow, max-snippet:-1, max-image-preview:large, max-video-preview:-1\" \/>\n<link rel=\"canonical\" href=\"https:\/\/www.yachtingnews.com\/pt-br\/absolute-cannes-26\/\" \/>\n<meta property=\"og:locale\" content=\"pt_BR\" \/>\n<meta property=\"og:type\" content=\"article\" \/>\n<meta property=\"og:title\" content=\"A Absolute em Cannes 2026 com 3 estreias - Yachting News\" \/>\n<meta property=\"og:description\" content=\"Os 11 iates da Absolute em exposi\u00e7\u00e3o mostram a nova gera\u00e7\u00e3o do estaleiro italiano, com destaque para o Navetta 50, o Navetta 58 e o Navetta 66.\" \/>\n<meta property=\"og:url\" content=\"https:\/\/www.yachtingnews.com\/pt-br\/absolute-cannes-26\/\" \/>\n<meta property=\"og:site_name\" content=\"Yachting News\" \/>\n<meta property=\"article:publisher\" content=\"https:\/\/www.facebook.com\/TheInternationalYachtingMedia\" \/>\n<meta property=\"article:published_time\" content=\"2026-09-04T01:00:00+00:00\" \/>\n<meta property=\"article:modified_time\" content=\"2026-09-04T09:39:46+00:00\" \/>\n<meta property=\"og:image\" content=\"https:\/\/www.yachtingnews.com\/wp-content\/uploads\/2026\/09\/absolute-cannes-2026.jpg\" \/>\n\t<meta property=\"og:image:width\" content=\"1400\" \/>\n\t<meta property=\"og:image:height\" content=\"787\" \/>\n\t<meta property=\"og:image:type\" content=\"image\/jpeg\" \/>\n<meta name=\"author\" content=\"Alessandro Giuzio\" \/>\n<meta name=\"twitter:card\" content=\"summary_large_image\" \/>\n<meta name=\"twitter:creator\" content=\"@YachtingMedia\" \/>\n<meta name=\"twitter:site\" content=\"@YachtingMedia\" \/>\n<meta name=\"twitter:label1\" content=\"Escrito por\" \/>\n\t<meta name=\"twitter:data1\" content=\"Alessandro Giuzio\" \/>\n\t<meta name=\"twitter:label2\" content=\"Est. tempo de leitura\" \/>\n\t<meta name=\"twitter:data2\" content=\"6 minutos\" \/>\n<script type=\"application\/ld+json\" class=\"yoast-schema-graph\">{\"@context\":\"https:\\\/\\\/schema.org\",\"@graph\":[{\"@type\":\"Article\",\"@id\":\"https:\\\/\\\/www.yachtingnews.com\\\/pt-br\\\/absolute-cannes-26\\\/#article\",\"isPartOf\":{\"@id\":\"https:\\\/\\\/www.yachtingnews.com\\\/pt-br\\\/absolute-cannes-26\\\/\"},\"author\":{\"name\":\"Alessandro Giuzio\",\"@id\":\"https:\\\/\\\/www.yachtingnews.com\\\/pt-br\\\/#\\\/schema\\\/person\\\/d2e99eb1c7ce9e28a78d15e3d5d68eb3\"},\"headline\":\"A Absolute no Festival de Iates de Cannes 2026 com tr\u00eas estreias mundiais\",\"datePublished\":\"2026-09-04T01:00:00+00:00\",\"dateModified\":\"2026-09-04T09:39:46+00:00\",\"mainEntityOfPage\":{\"@id\":\"https:\\\/\\\/www.yachtingnews.com\\\/pt-br\\\/absolute-cannes-26\\\/\"},\"wordCount\":1139,\"commentCount\":0,\"publisher\":{\"@id\":\"https:\\\/\\\/www.yachtingnews.com\\\/pt-br\\\/#organization\"},\"image\":{\"@id\":\"https:\\\/\\\/www.yachtingnews.com\\\/pt-br\\\/absolute-cannes-26\\\/#primaryimage\"},\"thumbnailUrl\":\"https:\\\/\\\/www.yachtingnews.com\\\/wp-content\\\/uploads\\\/2026\\\/09\\\/absolute-cannes-2026.jpg\",\"articleSection\":[\"Not\u00edcias\"],\"inLanguage\":\"pt-BR\",\"potentialAction\":[{\"@type\":\"CommentAction\",\"name\":\"Comment\",\"target\":[\"https:\\\/\\\/www.yachtingnews.com\\\/pt-br\\\/absolute-cannes-26\\\/#respond\"]}]},{\"@type\":\"WebPage\",\"@id\":\"https:\\\/\\\/www.yachtingnews.com\\\/pt-br\\\/absolute-cannes-26\\\/\",\"url\":\"https:\\\/\\\/www.yachtingnews.com\\\/pt-br\\\/absolute-cannes-26\\\/\",\"name\":\"A Absolute em Cannes 2026 com 3 estreias - Yachting News\",\"isPartOf\":{\"@id\":\"https:\\\/\\\/www.yachtingnews.com\\\/pt-br\\\/#website\"},\"primaryImageOfPage\":{\"@id\":\"https:\\\/\\\/www.yachtingnews.com\\\/pt-br\\\/absolute-cannes-26\\\/#primaryimage\"},\"image\":{\"@id\":\"https:\\\/\\\/www.yachtingnews.com\\\/pt-br\\\/absolute-cannes-26\\\/#primaryimage\"},\"thumbnailUrl\":\"https:\\\/\\\/www.yachtingnews.com\\\/wp-content\\\/uploads\\\/2026\\\/09\\\/absolute-cannes-2026.jpg\",\"datePublished\":\"2026-09-04T01:00:00+00:00\",\"dateModified\":\"2026-09-04T09:39:46+00:00\",\"description\":\"Os 11 iates da Absolute em exposi\u00e7\u00e3o mostram a nova gera\u00e7\u00e3o do estaleiro italiano, com destaque para o Navetta 50, o Navetta 58 e o Navetta 66.\",\"breadcrumb\":{\"@id\":\"https:\\\/\\\/www.yachtingnews.com\\\/pt-br\\\/absolute-cannes-26\\\/#breadcrumb\"},\"inLanguage\":\"pt-BR\",\"potentialAction\":[{\"@type\":\"ReadAction\",\"target\":[\"https:\\\/\\\/www.yachtingnews.com\\\/pt-br\\\/absolute-cannes-26\\\/\"]}]},{\"@type\":\"ImageObject\",\"inLanguage\":\"pt-BR\",\"@id\":\"https:\\\/\\\/www.yachtingnews.com\\\/pt-br\\\/absolute-cannes-26\\\/#primaryimage\",\"url\":\"https:\\\/\\\/www.yachtingnews.com\\\/wp-content\\\/uploads\\\/2026\\\/09\\\/absolute-cannes-2026.jpg\",\"contentUrl\":\"https:\\\/\\\/www.yachtingnews.com\\\/wp-content\\\/uploads\\\/2026\\\/09\\\/absolute-cannes-2026.jpg\",\"width\":1400,\"height\":787},{\"@type\":\"BreadcrumbList\",\"@id\":\"https:\\\/\\\/www.yachtingnews.com\\\/pt-br\\\/absolute-cannes-26\\\/#breadcrumb\",\"itemListElement\":[{\"@type\":\"ListItem\",\"position\":1,\"name\":\"Home\",\"item\":\"https:\\\/\\\/www.yachtingnews.com\\\/pt-br\\\/yachting-news-2\\\/\"},{\"@type\":\"ListItem\",\"position\":2,\"name\":\"A Absolute no Festival de Iates de Cannes 2026 com tr\u00eas estreias mundiais\"}]},{\"@type\":\"WebSite\",\"@id\":\"https:\\\/\\\/www.yachtingnews.com\\\/pt-br\\\/#website\",\"url\":\"https:\\\/\\\/www.yachtingnews.com\\\/pt-br\\\/\",\"name\":\"Yachting News\",\"description\":\"The International Yachting Media\",\"publisher\":{\"@id\":\"https:\\\/\\\/www.yachtingnews.com\\\/pt-br\\\/#organization\"},\"potentialAction\":[{\"@type\":\"SearchAction\",\"target\":{\"@type\":\"EntryPoint\",\"urlTemplate\":\"https:\\\/\\\/www.yachtingnews.com\\\/pt-br\\\/?s={search_term_string}\"},\"query-input\":{\"@type\":\"PropertyValueSpecification\",\"valueRequired\":true,\"valueName\":\"search_term_string\"}}],\"inLanguage\":\"pt-BR\"},{\"@type\":\"Organization\",\"@id\":\"https:\\\/\\\/www.yachtingnews.com\\\/pt-br\\\/#organization\",\"name\":\"Yachting News\",\"url\":\"https:\\\/\\\/www.yachtingnews.com\\\/pt-br\\\/\",\"logo\":{\"@type\":\"ImageObject\",\"inLanguage\":\"pt-BR\",\"@id\":\"https:\\\/\\\/www.yachtingnews.com\\\/pt-br\\\/#\\\/schema\\\/logo\\\/image\\\/\",\"url\":\"https:\\\/\\\/www.yachtingnews.com\\\/wp-content\\\/uploads\\\/2023\\\/02\\\/LOGO-Yachting-NEWS-blu-800.png\",\"contentUrl\":\"https:\\\/\\\/www.yachtingnews.com\\\/wp-content\\\/uploads\\\/2023\\\/02\\\/LOGO-Yachting-NEWS-blu-800.png\",\"width\":790,\"height\":99,\"caption\":\"Yachting News\"},\"image\":{\"@id\":\"https:\\\/\\\/www.yachtingnews.com\\\/pt-br\\\/#\\\/schema\\\/logo\\\/image\\\/\"},\"sameAs\":[\"https:\\\/\\\/www.facebook.com\\\/TheInternationalYachtingMedia\",\"https:\\\/\\\/x.com\\\/YachtingMedia\",\"https:\\\/\\\/www.instagram.com\\\/yachting.news\\\/\",\"https:\\\/\\\/www.linkedin.com\\\/company\\\/the-international-yachting-media\",\"https:\\\/\\\/www.youtube.com\\\/c\\\/TheInternationalYachtingMedia\"]},{\"@type\":\"Person\",\"@id\":\"https:\\\/\\\/www.yachtingnews.com\\\/pt-br\\\/#\\\/schema\\\/person\\\/d2e99eb1c7ce9e28a78d15e3d5d68eb3\",\"name\":\"Alessandro Giuzio\",\"image\":{\"@type\":\"ImageObject\",\"inLanguage\":\"pt-BR\",\"@id\":\"https:\\\/\\\/www.yachtingnews.com\\\/wp-content\\\/litespeed\\\/avatar\\\/a99e5f8da4fc551fb53eb9f1fec61fb4.jpg?ver=1788189881\",\"url\":\"https:\\\/\\\/www.yachtingnews.com\\\/wp-content\\\/litespeed\\\/avatar\\\/a99e5f8da4fc551fb53eb9f1fec61fb4.jpg?ver=1788189881\",\"contentUrl\":\"https:\\\/\\\/www.yachtingnews.com\\\/wp-content\\\/litespeed\\\/avatar\\\/a99e5f8da4fc551fb53eb9f1fec61fb4.jpg?ver=1788189881\",\"caption\":\"Alessandro Giuzio\"},\"description\":\"Alessandro is a professional journalist and contributes to The International Yachting Media since 2022. He is an expert on the sea and of course on boats.\",\"url\":\"https:\\\/\\\/www.yachtingnews.com\\\/pt-br\\\/author\\\/alexgiuzio\\\/\"}]}<\/script>\n<!-- \/ Yoast SEO plugin. -->","yoast_head_json":{"title":"A Absolute em Cannes 2026 com 3 estreias - Yachting News","description":"Os 11 iates da Absolute em exposi\u00e7\u00e3o mostram a nova gera\u00e7\u00e3o do estaleiro italiano, com destaque para o Navetta 50, o Navetta 58 e o Navetta 66.","robots":{"index":"index","follow":"follow","max-snippet":"max-snippet:-1","max-image-preview":"max-image-preview:large","max-video-preview":"max-video-preview:-1"},"canonical":"https:\/\/www.yachtingnews.com\/pt-br\/absolute-cannes-26\/","og_locale":"pt_BR","og_type":"article","og_title":"A Absolute em Cannes 2026 com 3 estreias - Yachting News","og_description":"Os 11 iates da Absolute em exposi\u00e7\u00e3o mostram a nova gera\u00e7\u00e3o do estaleiro italiano, com destaque para o Navetta 50, o Navetta 58 e o Navetta 66.","og_url":"https:\/\/www.yachtingnews.com\/pt-br\/absolute-cannes-26\/","og_site_name":"Yachting News","article_publisher":"https:\/\/www.facebook.com\/TheInternationalYachtingMedia","article_published_time":"2026-09-04T01:00:00+00:00","article_modified_time":"2026-09-04T09:39:46+00:00","og_image":[{"width":1400,"height":787,"url":"https:\/\/www.yachtingnews.com\/wp-content\/uploads\/2026\/09\/absolute-cannes-2026.jpg","type":"image\/jpeg"}],"author":"Alessandro Giuzio","twitter_card":"summary_large_image","twitter_creator":"@YachtingMedia","twitter_site":"@YachtingMedia","twitter_misc":{"Escrito por":"Alessandro Giuzio","Est. tempo de leitura":"6 minutos"},"schema":{"@context":"https:\/\/schema.org","@graph":[{"@type":"Article","@id":"https:\/\/www.yachtingnews.com\/pt-br\/absolute-cannes-26\/#article","isPartOf":{"@id":"https:\/\/www.yachtingnews.com\/pt-br\/absolute-cannes-26\/"},"author":{"name":"Alessandro Giuzio","@id":"https:\/\/www.yachtingnews.com\/pt-br\/#\/schema\/person\/d2e99eb1c7ce9e28a78d15e3d5d68eb3"},"headline":"A Absolute no Festival de Iates de Cannes 2026 com tr\u00eas estreias mundiais","datePublished":"2026-09-04T01:00:00+00:00","dateModified":"2026-09-04T09:39:46+00:00","mainEntityOfPage":{"@id":"https:\/\/www.yachtingnews.com\/pt-br\/absolute-cannes-26\/"},"wordCount":1139,"commentCount":0,"publisher":{"@id":"https:\/\/www.yachtingnews.com\/pt-br\/#organization"},"image":{"@id":"https:\/\/www.yachtingnews.com\/pt-br\/absolute-cannes-26\/#primaryimage"},"thumbnailUrl":"https:\/\/www.yachtingnews.com\/wp-content\/uploads\/2026\/09\/absolute-cannes-2026.jpg","articleSection":["Not\u00edcias"],"inLanguage":"pt-BR","potentialAction":[{"@type":"CommentAction","name":"Comment","target":["https:\/\/www.yachtingnews.com\/pt-br\/absolute-cannes-26\/#respond"]}]},{"@type":"WebPage","@id":"https:\/\/www.yachtingnews.com\/pt-br\/absolute-cannes-26\/","url":"https:\/\/www.yachtingnews.com\/pt-br\/absolute-cannes-26\/","name":"A Absolute em Cannes 2026 com 3 estreias - Yachting News","isPartOf":{"@id":"https:\/\/www.yachtingnews.com\/pt-br\/#website"},"primaryImageOfPage":{"@id":"https:\/\/www.yachtingnews.com\/pt-br\/absolute-cannes-26\/#primaryimage"},"image":{"@id":"https:\/\/www.yachtingnews.com\/pt-br\/absolute-cannes-26\/#primaryimage"},"thumbnailUrl":"https:\/\/www.yachtingnews.com\/wp-content\/uploads\/2026\/09\/absolute-cannes-2026.jpg","datePublished":"2026-09-04T01:00:00+00:00","dateModified":"2026-09-04T09:39:46+00:00","description":"Os 11 iates da Absolute em exposi\u00e7\u00e3o mostram a nova gera\u00e7\u00e3o do estaleiro italiano, com destaque para o Navetta 50, o Navetta 58 e o Navetta 66.","breadcrumb":{"@id":"https:\/\/www.yachtingnews.com\/pt-br\/absolute-cannes-26\/#breadcrumb"},"inLanguage":"pt-BR","potentialAction":[{"@type":"ReadAction","target":["https:\/\/www.yachtingnews.com\/pt-br\/absolute-cannes-26\/"]}]},{"@type":"ImageObject","inLanguage":"pt-BR","@id":"https:\/\/www.yachtingnews.com\/pt-br\/absolute-cannes-26\/#primaryimage","url":"https:\/\/www.yachtingnews.com\/wp-content\/uploads\/2026\/09\/absolute-cannes-2026.jpg","contentUrl":"https:\/\/www.yachtingnews.com\/wp-content\/uploads\/2026\/09\/absolute-cannes-2026.jpg","width":1400,"height":787},{"@type":"BreadcrumbList","@id":"https:\/\/www.yachtingnews.com\/pt-br\/absolute-cannes-26\/#breadcrumb","itemListElement":[{"@type":"ListItem","position":1,"name":"Home","item":"https:\/\/www.yachtingnews.com\/pt-br\/yachting-news-2\/"},{"@type":"ListItem","position":2,"name":"A Absolute no Festival de Iates de Cannes 2026 com tr\u00eas estreias mundiais"}]},{"@type":"WebSite","@id":"https:\/\/www.yachtingnews.com\/pt-br\/#website","url":"https:\/\/www.yachtingnews.com\/pt-br\/","name":"Yachting News","description":"The International Yachting Media","publisher":{"@id":"https:\/\/www.yachtingnews.com\/pt-br\/#organization"},"potentialAction":[{"@type":"SearchAction","target":{"@type":"EntryPoint","urlTemplate":"https:\/\/www.yachtingnews.com\/pt-br\/?s={search_term_string}"},"query-input":{"@type":"PropertyValueSpecification","valueRequired":true,"valueName":"search_term_string"}}],"inLanguage":"pt-BR"},{"@type":"Organization","@id":"https:\/\/www.yachtingnews.com\/pt-br\/#organization","name":"Yachting News","url":"https:\/\/www.yachtingnews.com\/pt-br\/","logo":{"@type":"ImageObject","inLanguage":"pt-BR","@id":"https:\/\/www.yachtingnews.com\/pt-br\/#\/schema\/logo\/image\/","url":"https:\/\/www.yachtingnews.com\/wp-content\/uploads\/2023\/02\/LOGO-Yachting-NEWS-blu-800.png","contentUrl":"https:\/\/www.yachtingnews.com\/wp-content\/uploads\/2023\/02\/LOGO-Yachting-NEWS-blu-800.png","width":790,"height":99,"caption":"Yachting News"},"image":{"@id":"https:\/\/www.yachtingnews.com\/pt-br\/#\/schema\/logo\/image\/"},"sameAs":["https:\/\/www.facebook.com\/TheInternationalYachtingMedia","https:\/\/x.com\/YachtingMedia","https:\/\/www.instagram.com\/yachting.news\/","https:\/\/www.linkedin.com\/company\/the-international-yachting-media","https:\/\/www.youtube.com\/c\/TheInternationalYachtingMedia"]},{"@type":"Person","@id":"https:\/\/www.yachtingnews.com\/pt-br\/#\/schema\/person\/d2e99eb1c7ce9e28a78d15e3d5d68eb3","name":"Alessandro Giuzio","image":{"@type":"ImageObject","inLanguage":"pt-BR","@id":"https:\/\/www.yachtingnews.com\/wp-content\/litespeed\/avatar\/a99e5f8da4fc551fb53eb9f1fec61fb4.jpg?ver=1788189881","url":"https:\/\/www.yachtingnews.com\/wp-content\/litespeed\/avatar\/a99e5f8da4fc551fb53eb9f1fec61fb4.jpg?ver=1788189881","contentUrl":"https:\/\/www.yachtingnews.com\/wp-content\/litespeed\/avatar\/a99e5f8da4fc551fb53eb9f1fec61fb4.jpg?ver=1788189881","caption":"Alessandro Giuzio"},"description":"Alessandro is a professional journalist and contributes to The International Yachting Media since 2022. He is an expert on the sea and of course on boats.","url":"https:\/\/www.yachtingnews.com\/pt-br\/author\/alexgiuzio\/"}]}},"_links":{"self":[{"href":"https:\/\/www.yachtingnews.com\/pt-br\/wp-json\/wp\/v2\/posts\/172345","targetHints":{"allow":["GET"]}}],"collection":[{"href":"https:\/\/www.yachtingnews.com\/pt-br\/wp-json\/wp\/v2\/posts"}],"about":[{"href":"https:\/\/www.yachtingnews.com\/pt-br\/wp-json\/wp\/v2\/types\/post"}],"author":[{"embeddable":true,"href":"https:\/\/www.yachtingnews.com\/pt-br\/wp-json\/wp\/v2\/users\/45"}],"replies":[{"embeddable":true,"href":"https:\/\/www.yachtingnews.com\/pt-br\/wp-json\/wp\/v2\/comments?post=172345"}],"version-history":[{"count":2,"href":"https:\/\/www.yachtingnews.com\/pt-br\/wp-json\/wp\/v2\/posts\/172345\/revisions"}],"predecessor-version":[{"id":172358,"href":"https:\/\/www.yachtingnews.com\/pt-br\/wp-json\/wp\/v2\/posts\/172345\/revisions\/172358"}],"wp:featuredmedia":[{"embeddable":true,"href":"https:\/\/www.yachtingnews.com\/pt-br\/wp-json\/wp\/v2\/media\/172347"}],"wp:attachment":[{"href":"https:\/\/www.yachtingnews.com\/pt-br\/wp-json\/wp\/v2\/media?parent=172345"}],"wp:term":[{"taxonomy":"category","embeddable":true,"href":"https:\/\/www.yachtingnews.com\/pt-br\/wp-json\/wp\/v2\/categories?post=172345"},{"taxonomy":"post_tag","embeddable":true,"href":"https:\/\/www.yachtingnews.com\/pt-br\/wp-json\/wp\/v2\/tags?post=172345"}],"curies":[{"name":"wp","href":"https:\/\/api.w.org\/{rel}","templated":true}]}}